{"id":42876,"date":"2019-07-10T19:40:55","date_gmt":"2019-07-10T17:40:55","guid":{"rendered":"http:\/\/dicodusport.fr\/blog\/?p=42876"},"modified":"2019-07-10T23:04:31","modified_gmt":"2019-07-10T21:04:31","slug":"tour-de-france-2019-la-5eme-etape-vue-par-twitter","status":"publish","type":"post","link":"https:\/\/dicodusport.fr\/blog\/tour-de-france-2019-la-5eme-etape-vue-par-twitter\/","title":{"rendered":"Tour de France 2019 : la 5\u00e8me \u00e9tape vue par Twitter"},"content":{"rendered":"<p style=\"text-align: justify;\"><strong><em>Tour de France &#8211; <a href=\"https:\/\/dicodusport.fr\/blog\/tour-de-france-2019-peter-sagan-s-impose-en-costaud-sur-la-5eme-etape\/\" target=\"_blank\" rel=\"noopener\">La 5\u00e8me \u00e9tape a vu la victoire de Peter Sagan dans les rues de Colmar<\/a>. Mais qu&rsquo;a pens\u00e9 Twitter de cette premi\u00e8re \u00e9tape vosgienne ?<br \/>\n<\/em><\/strong><\/p>\n<p style=\"text-align: justify;\">Sur le papier, cette 5\u00e8me \u00e9tape \u00e9tait attrayante. Sur le papier seulement. Une \u00e9chapp\u00e9e de quatre coureurs, tous repris \u00e0 20km de l&rsquo;arriv\u00e9e, sans aucune attaque dans la derni\u00e8re difficult\u00e9. Bref, vivement demain.<\/p>\n<blockquote class=\"twitter-tweet\" data-lang=\"fr\">\n<p dir=\"ltr\" lang=\"fr\">Aucune nouvelle attaque, ils pr\u00e9f\u00e8rent tous la jouer au sprint. Ok. <a href=\"https:\/\/twitter.com\/hashtag\/TDF2019?src=hash&amp;ref_src=twsrc%5Etfw\">#TDF2019<\/a><\/p>\n<p>\u2014 Chris Vroome (@VroomeChris) <a href=\"https:\/\/twitter.com\/VroomeChris\/status\/1148971855639961602?ref_src=twsrc%5Etfw\">10 juillet 2019<\/a><\/p><\/blockquote>\n<p><script async src=\"https:\/\/platform.twitter.com\/widgets.js\" charset=\"utf-8\"><\/script><\/p>\n<blockquote class=\"twitter-tweet\" data-lang=\"fr\">\n<p dir=\"ltr\" lang=\"fr\">Calmejane, comme cette \u00e9tape. D\u00e9cevant. <a href=\"https:\/\/twitter.com\/hashtag\/TDF2019?src=hash&amp;ref_src=twsrc%5Etfw\">#TDF2019<\/a><\/p>\n<p>\u2014 Le \u00dfeau V\u00e9lo (@Le_Beau_Velo) <a href=\"https:\/\/twitter.com\/Le_Beau_Velo\/status\/1148969384850972672?ref_src=twsrc%5Etfw\">10 juillet 2019<\/a><\/p><\/blockquote>\n<p><script async src=\"https:\/\/platform.twitter.com\/widgets.js\" charset=\"utf-8\"><\/script><\/p>\n<p>&nbsp;<\/p>\n<p style=\"text-align: justify;\">Victime d&rsquo;une chute ce mardi, <strong>Tony Gallopin<\/strong> (AG2R La Mondiale) a cette fois \u00e9t\u00e9 attaqu\u00e9 par un&#8230; parasol ! D\u00e9cid\u00e9ment, le Francilien conna\u00eet un d\u00e9but de Grande Boucle bien d\u00e9licat.<\/p>\n<blockquote class=\"twitter-tweet\" data-lang=\"fr\">\n<p dir=\"ltr\" lang=\"fr\"><a href=\"https:\/\/twitter.com\/hashtag\/TDF2019?src=hash&amp;ref_src=twsrc%5Etfw\">#TDF2019<\/a> &#x1f1eb;&#x1f1f7; \/ Apr\u00e8s de nombreuses chutes, voil\u00e0 que &#x1f1eb;&#x1f1f7; Tony Gallopin (A2R) se prend un parasol&#8230; pas possible cette poisse !<\/p>\n<p>\u2014 Renaud Breban (@RenaudB31) <a href=\"https:\/\/twitter.com\/RenaudB31\/status\/1148959337244745729?ref_src=twsrc%5Etfw\">10 juillet 2019<\/a><\/p><\/blockquote>\n<p><script async src=\"https:\/\/platform.twitter.com\/widgets.js\" charset=\"utf-8\"><\/script><\/p>\n<blockquote class=\"twitter-tweet\" data-lang=\"fr\">\n<p dir=\"ltr\" lang=\"fr\">Attaque \u00e0 l&rsquo;arri\u00e8re ! Un parasol s&rsquo;est invit\u00e9 dans le peloton&#8230; et c&rsquo;est Tony Gallopin qui a trinqu\u00e9 !<\/p>\n<p>&#x25b6; Suivez le direct du Tour de France en direct vid\u00e9o : <a href=\"https:\/\/t.co\/EyKrbPhwKx\">https:\/\/t.co\/EyKrbPhwKx<\/a> <a href=\"https:\/\/t.co\/LM902BMvRv\">pic.twitter.com\/LM902BMvRv<\/a><\/p>\n<p>\u2014 France tv sport (@francetvsport) <a href=\"https:\/\/twitter.com\/francetvsport\/status\/1148959847343448065?ref_src=twsrc%5Etfw\">10 juillet 2019<\/a><\/p><\/blockquote>\n<p><script async src=\"https:\/\/platform.twitter.com\/widgets.js\" charset=\"utf-8\"><\/script><\/p>\n<blockquote class=\"twitter-tweet\" data-lang=\"fr\">\n<p dir=\"ltr\" lang=\"en\">ATTENTION TONY, LE PARASOOOOOOL<\/p>\n<p>\u2014 Dans la Musette (@DansLaMusette) <a href=\"https:\/\/twitter.com\/DansLaMusette\/status\/1148957006318964737?ref_src=twsrc%5Etfw\">10 juillet 2019<\/a><\/p><\/blockquote>\n<p><script async src=\"https:\/\/platform.twitter.com\/widgets.js\" charset=\"utf-8\"><\/script><\/p>\n<p>&nbsp;<\/p>\n<p style=\"text-align: justify;\"><strong>Dans La Musette<\/strong> \u00e9tait tr\u00e8s inspir\u00e9 lors de cette 5\u00e8me \u00e9tape. Petit floril\u00e8ge&#8230;<\/p>\n<blockquote class=\"twitter-tweet\" data-lang=\"fr\">\n<p dir=\"ltr\" lang=\"fr\">Pinot entour\u00e9 de pinots. <a href=\"https:\/\/twitter.com\/hashtag\/TDF2019?src=hash&amp;ref_src=twsrc%5Etfw\">#TDF2019<\/a> <a href=\"https:\/\/t.co\/75NULmaZ1p\">pic.twitter.com\/75NULmaZ1p<\/a><\/p>\n<p>\u2014 Dans la Musette (@DansLaMusette) <a href=\"https:\/\/twitter.com\/DansLaMusette\/status\/1148960649092960256?ref_src=twsrc%5Etfw\">10 juillet 2019<\/a><\/p><\/blockquote>\n<p><script async src=\"https:\/\/platform.twitter.com\/widgets.js\" charset=\"utf-8\"><\/script><\/p>\n<blockquote class=\"twitter-tweet\" data-lang=\"fr\">\n<p dir=\"ltr\" lang=\"fr\">Quand tu fais une petite pause \u00e0 l&rsquo;ombre sur la route des vins, avec les copains. <a href=\"https:\/\/twitter.com\/hashtag\/TDF2019?src=hash&amp;ref_src=twsrc%5Etfw\">#TDF2019<\/a> <a href=\"https:\/\/t.co\/R4KuPXYZQT\">pic.twitter.com\/R4KuPXYZQT<\/a><\/p>\n<p>\u2014 Dans la Musette (@DansLaMusette) <a href=\"https:\/\/twitter.com\/DansLaMusette\/status\/1148960010145337347?ref_src=twsrc%5Etfw\">10 juillet 2019<\/a><\/p><\/blockquote>\n<p><script async src=\"https:\/\/platform.twitter.com\/widgets.js\" charset=\"utf-8\"><\/script><\/p>\n<blockquote class=\"twitter-tweet\" data-lang=\"fr\">\n<p dir=\"ltr\" lang=\"fr\">Le peloton a bouff\u00e9 du Comme j&rsquo;aime et a bien maigri. Et \u00e7a va encore s&rsquo;\u00e9cr\u00e9mer dans la prochaine bosse. <a href=\"https:\/\/twitter.com\/hashtag\/TDF2019?src=hash&amp;ref_src=twsrc%5Etfw\">#TDF2019<\/a> <a href=\"https:\/\/t.co\/1qgWNqZQhu\">pic.twitter.com\/1qgWNqZQhu<\/a><\/p>\n<p>\u2014 Dans la Musette (@DansLaMusette) <a href=\"https:\/\/twitter.com\/DansLaMusette\/status\/1148968636373262338?ref_src=twsrc%5Etfw\">10 juillet 2019<\/a><\/p><\/blockquote>\n<p><script async src=\"https:\/\/platform.twitter.com\/widgets.js\" charset=\"utf-8\"><\/script><\/p>\n<p>&nbsp;<\/p>\n<p style=\"text-align: justify;\">Au bout du compte, c&rsquo;est donc <strong>Peter Sagan<\/strong>, alias Hulk, qui s&rsquo;est impos\u00e9. Sa 12\u00e8me victoire sur la Grande Boucle. Dire qu&rsquo;il a d\u00e9croch\u00e9 sa premi\u00e8re en 2012&#8230;<\/p>\n<blockquote class=\"twitter-tweet\" data-lang=\"fr\">\n<p dir=\"ltr\" lang=\"fr\">Sagan, le retour du roi &#x1f49a; <a href=\"https:\/\/t.co\/JluTTUCHTM\">pic.twitter.com\/JluTTUCHTM<\/a><\/p>\n<p>\u2014 Bertrand Guyot (@bguyot1982) <a href=\"https:\/\/twitter.com\/bguyot1982\/status\/1148978465808539648?ref_src=twsrc%5Etfw\">10 juillet 2019<\/a><\/p><\/blockquote>\n<p><script async src=\"https:\/\/platform.twitter.com\/widgets.js\" charset=\"utf-8\"><\/script><\/p>\n<blockquote class=\"twitter-tweet\" data-lang=\"fr\">\n<p dir=\"ltr\" lang=\"fr\">&#x1f1f8;&#x1f1f0;PETER SAGAN EN 2019<br \/>\n&#x1f947;Santos Tour Down Under (1 etapa)<br \/>\n&#x1f947;Tour de Suiza (1 etapa)<br \/>\n&#x1f947;Tour de California (1 etapa)<br \/>\n&#x1f947;TOUR DE FRANCIA (1 etapa)<a href=\"https:\/\/twitter.com\/hashtag\/TourdeFrancia?src=hash&amp;ref_src=twsrc%5Etfw\">#TourdeFrancia<\/a> <a href=\"https:\/\/twitter.com\/hashtag\/PeterSagan?src=hash&amp;ref_src=twsrc%5Etfw\">#PeterSagan<\/a> <a href=\"https:\/\/t.co\/i0bMLbakG7\">pic.twitter.com\/i0bMLbakG7<\/a><\/p>\n<p>\u2014 Sergio Piedrahita (@sergiopiedrahit) <a href=\"https:\/\/twitter.com\/sergiopiedrahit\/status\/1148982796100280322?ref_src=twsrc%5Etfw\">10 juillet 2019<\/a><\/p><\/blockquote>\n<p><script async src=\"https:\/\/platform.twitter.com\/widgets.js\" charset=\"utf-8\"><\/script><\/p>\n<blockquote class=\"twitter-tweet\" data-lang=\"fr\">\n<p dir=\"ltr\" lang=\"fr\">Victoire de Peter Sagan ! Le patron est d\u00e9finitivement de retour.<a href=\"https:\/\/twitter.com\/hashtag\/TDF2019?src=hash&amp;ref_src=twsrc%5Etfw\">#TDF2019<\/a> <a href=\"https:\/\/t.co\/4nzrlp9VPM\">pic.twitter.com\/4nzrlp9VPM<\/a><\/p>\n<p>\u2014 David Gu\u00e9nel (@davidguenel) <a href=\"https:\/\/twitter.com\/davidguenel\/status\/1148977414359396352?ref_src=twsrc%5Etfw\">10 juillet 2019<\/a><\/p><\/blockquote>\n<p><script async src=\"https:\/\/platform.twitter.com\/widgets.js\" charset=\"utf-8\"><\/script><\/p>\n<blockquote class=\"twitter-tweet\" data-lang=\"fr\">\n<p dir=\"ltr\" lang=\"fr\">Two champions coming together: <a href=\"https:\/\/twitter.com\/albertocontador?ref_src=twsrc%5Etfw\">@albertocontador<\/a> congratulates <a href=\"https:\/\/twitter.com\/petosagan?ref_src=twsrc%5Etfw\">@petosagan<\/a> on his win. &#x1f44f;<br \/>\nLa rencontre de deux champions : Peter Sagan f\u00e9licit\u00e9 par Alberto Contador. &#x1f44f;<a href=\"https:\/\/twitter.com\/hashtag\/TDF2019?src=hash&amp;ref_src=twsrc%5Etfw\">#TDF2019<\/a> <a href=\"https:\/\/t.co\/FN1A1zTY7t\">pic.twitter.com\/FN1A1zTY7t<\/a><\/p>\n<p>\u2014 Tour de France&#x2122; (@LeTour) <a href=\"https:\/\/twitter.com\/LeTour\/status\/1148988346242347008?ref_src=twsrc%5Etfw\">10 juillet 2019<\/a><\/p><\/blockquote>\n<p><script async src=\"https:\/\/platform.twitter.com\/widgets.js\" charset=\"utf-8\"><\/script><\/p>\n<blockquote class=\"twitter-tweet\" data-lang=\"fr\">\n<p dir=\"ltr\" lang=\"fr\">On le disait lass\u00e9. On l\u2019annon\u00e7ait cuit. On l\u2019a retrouv\u00e9 tel qu\u2019il a toujours \u00e9t\u00e9 : conqu\u00e9rant, talentueux et insouciant. Peter Sagan est un monstre du cyclisme. <a href=\"https:\/\/twitter.com\/hashtag\/TDF2019?src=hash&amp;ref_src=twsrc%5Etfw\">#TDF2019<\/a> <a href=\"https:\/\/t.co\/JNNXDEuUlp\">pic.twitter.com\/JNNXDEuUlp<\/a><\/p>\n<p>\u2014 Dans la Musette (@DansLaMusette) <a href=\"https:\/\/twitter.com\/DansLaMusette\/status\/1149005174515601408?ref_src=twsrc%5Etfw\">10 juillet 2019<\/a><\/p><\/blockquote>\n<p><script async src=\"https:\/\/platform.twitter.com\/widgets.js\" charset=\"utf-8\"><\/script><\/p>\n<p style=\"text-align: justify;\">On retiendra \u00e9galement la 7\u00e8me place de <strong>Michael Matthews<\/strong> (Sunweb), alors que son \u00e9quipe a roul\u00e9 une grande partie de l&rsquo;\u00e9tape, notamment dans les deux derni\u00e8res difficult\u00e9s du jour. Dur.<\/p>\n<blockquote class=\"twitter-tweet\" data-lang=\"fr\">\n<p dir=\"ltr\" lang=\"fr\">Bon travail de la Sunweb qui apr\u00e8s avoir incit\u00e9 son coureur \u00e0 ne pas travailler les sprints cette saison, roulent aujourd&rsquo;hui pour une place de 7.<br \/>\nDu bel ouvrage <a href=\"https:\/\/twitter.com\/hashtag\/TDF2019?src=hash&amp;ref_src=twsrc%5Etfw\">#TDF2019<\/a><\/p>\n<p>\u2014 Bertrand Guyot (@bguyot1982) <a href=\"https:\/\/twitter.com\/bguyot1982\/status\/1148977892828811264?ref_src=twsrc%5Etfw\">10 juillet 2019<\/a><\/p><\/blockquote>\n<p><script async src=\"https:\/\/platform.twitter.com\/widgets.js\" charset=\"utf-8\"><\/script><\/p>\n<blockquote class=\"twitter-tweet\" data-lang=\"fr\">\n<p dir=\"ltr\" lang=\"fr\">Le top 10 de cette \u00e9tape l\u00e9g\u00e8rement d\u00e9cevante. Alors qu&rsquo;on s&rsquo;attendait \u00e0 un match de baroudeurs, on a pu assister \u00e0 un sprint semi-massif. Van Aert a d\u00e9pass\u00e9 Trentin sur le fil, et Matthews est d\u00e9cevant apr\u00e8s le gros travail de la Sunweb. <a href=\"https:\/\/twitter.com\/hashtag\/TDF2019?src=hash&amp;ref_src=twsrc%5Etfw\">#TDF2019<\/a> <a href=\"https:\/\/t.co\/DqJzMaFVLg\">pic.twitter.com\/DqJzMaFVLg<\/a><\/p>\n<p>\u2014 Le Gruppetto (@LeGruppetto) <a href=\"https:\/\/twitter.com\/LeGruppetto\/status\/1148980677947338754?ref_src=twsrc%5Etfw\">10 juillet 2019<\/a><\/p><\/blockquote>\n<p><script async src=\"https:\/\/platform.twitter.com\/widgets.js\" charset=\"utf-8\"><\/script><\/p>\n<p>&nbsp;<\/p>\n<p style=\"text-align: justify;\">Allez, \u00e0 demain !<\/p>\n<blockquote class=\"twitter-tweet\" data-lang=\"fr\">\n<p dir=\"ltr\" lang=\"fr\">&#x1f31f; Podiums after Stage 5<br \/>\n&#x1f31f; Podiums \u00c9tape 5<\/p>\n<p>&#x1f49b; &#x1f1eb;&#x1f1f7; <a href=\"https:\/\/twitter.com\/alafpolak1?ref_src=twsrc%5Etfw\">@alafpolak1<\/a><br \/>\n&#x1f49a; &#x1f1f8;&#x1f1f0; <a href=\"https:\/\/twitter.com\/petosagan?ref_src=twsrc%5Etfw\">@petosagan<\/a><br \/>\n&#x1f534; &#x1f1e7;&#x1f1ea; <a href=\"https:\/\/twitter.com\/Tim_Wellens?ref_src=twsrc%5Etfw\">@Tim_Wellens<\/a><br \/>\n&#x26aa;&#xfe0f; &#x1f1e7;&#x1f1ea; <a href=\"https:\/\/twitter.com\/WoutvanAert?ref_src=twsrc%5Etfw\">@WoutvanAert<\/a><a href=\"https:\/\/twitter.com\/hashtag\/TDF2019?src=hash&amp;ref_src=twsrc%5Etfw\">#TDF2019<\/a> <a href=\"https:\/\/t.co\/PIgVfbhNjG\">pic.twitter.com\/PIgVfbhNjG<\/a><\/p>\n<p>\u2014 Tour de France&#x2122; (@LeTour) <a href=\"https:\/\/twitter.com\/LeTour\/status\/1148990265207734273?ref_src=twsrc%5Etfw\">10 juillet 2019<\/a><\/p><\/blockquote>\n<p><script async src=\"https:\/\/platform.twitter.com\/widgets.js\" charset=\"utf-8\"><\/script><\/p>\n<p><strong><em>Dicodusport<br \/>\n<a href=\"https:\/\/www.facebook.com\/dicodusport\/\" target=\"_blank\" rel=\"noopener\"><img loading=\"lazy\" decoding=\"async\" class=\"alignnone wp-image-2909\" src=\"http:\/\/dicodusport.fr\/blog\/wp-content\/uploads\/2017\/07\/logo-facebook-150x150.png\" alt=\"\" width=\"40\" height=\"40\" \/><\/a><a href=\"https:\/\/twitter.com\/dicodusport\" target=\"_blank\" rel=\"noopener\"><img loading=\"lazy\" decoding=\"async\" class=\"alignnone wp-image-2908\" src=\"http:\/\/dicodusport.fr\/blog\/wp-content\/uploads\/2017\/07\/logo-twitter-150x150.png\" alt=\"\" width=\"39\" height=\"39\" \/><\/a><\/em><\/strong><\/p>\n","protected":false},"excerpt":{"rendered":"<p>Tour de France &#8211; La 5\u00e8me \u00e9tape a vu la victoire de Peter Sagan dans les rues de Colmar. Mais qu&rsquo;a pens\u00e9 Twitter de cette premi\u00e8re \u00e9tape vosgienne ?<\/p>\n","protected":false},"author":4,"featured_media":42878,"comment_status":"open","ping_status":"closed","sticky":false,"template":"","format":"standard","meta":{"_acf_changed":false,"_daextam_enable_autolinks":"","footnotes":""},"categories":[2,2307],"tags":[1262,6455],"class_list":["post-42876","post","type-post","status-publish","format-standard","has-post-thumbnail","hentry","category-actualites","category-cyclisme","tag-tour-de-france","tag-twitter"],"acf":[],"yoast_head":"<!-- This site is optimized with the Yoast SEO Premium plugin v26.7 (Yoast SEO v26.7) - https:\/\/yoast.com\/wordpress\/plugins\/seo\/ -->\n<title>Tour de France 2019 : la 5\u00e8me \u00e9tape vue par Twitter<\/title>\n<meta name=\"description\" content=\"Tour de France - La 5\u00e8me \u00e9tape a vu la victoire de Peter Sagan dans les rues de Colmar. Mais qu&#039;a pens\u00e9 Twitter de cette premi\u00e8re \u00e9tape vosgienne ?\" \/>\n<meta name=\"robots\" content=\"index, follow, max-snippet:-1, max-image-preview:large, max-video-preview:-1\" \/>\n<link rel=\"canonical\" href=\"https:\/\/dicodusport.fr\/blog\/tour-de-france-2019-la-5eme-etape-vue-par-twitter\/\" \/>\n<meta property=\"og:locale\" content=\"fr_FR\" \/>\n<meta property=\"og:type\" content=\"article\" \/>\n<meta property=\"og:title\" content=\"Tour de France 2019 : la 5\u00e8me \u00e9tape vue par Twitter\" \/>\n<meta property=\"og:description\" content=\"Tour de France - La 5\u00e8me \u00e9tape a vu la victoire de Peter Sagan dans les rues de Colmar. Mais qu&#039;a pens\u00e9 Twitter de cette premi\u00e8re \u00e9tape vosgienne ?\" \/>\n<meta property=\"og:url\" content=\"https:\/\/dicodusport.fr\/blog\/tour-de-france-2019-la-5eme-etape-vue-par-twitter\/\" \/>\n<meta property=\"og:site_name\" content=\"Dicodusport\" \/>\n<meta property=\"article:publisher\" content=\"https:\/\/www.facebook.com\/dicodusport\" \/>\n<meta property=\"article:author\" content=\"https:\/\/www.facebook.com\/florent.ostermann\" \/>\n<meta property=\"article:published_time\" content=\"2019-07-10T17:40:55+00:00\" \/>\n<meta property=\"article:modified_time\" content=\"2019-07-10T21:04:31+00:00\" \/>\n<meta property=\"og:image\" content=\"https:\/\/dicodusport.fr\/blog\/wp-content\/uploads\/2019\/07\/Twitter-5\u00e8me-\u00e9tape-Tour-de-France-2019.png\" \/>\n\t<meta property=\"og:image:width\" content=\"800\" \/>\n\t<meta property=\"og:image:height\" content=\"445\" \/>\n\t<meta property=\"og:image:type\" content=\"image\/png\" \/>\n<meta name=\"author\" content=\"Flo Ostermann\" \/>\n<meta name=\"twitter:card\" content=\"summary_large_image\" \/>\n<meta name=\"twitter:title\" content=\"Tour de France 2019 : la 5\u00e8me \u00e9tape vue par Twitter\" \/>\n<meta name=\"twitter:creator\" content=\"@https:\/\/twitter.com\/FlOstermann\" \/>\n<meta name=\"twitter:site\" content=\"@dicodusport\" \/>\n<script type=\"application\/ld+json\" class=\"yoast-schema-graph\">{\"@context\":\"https:\/\/schema.org\",\"@graph\":[{\"@type\":\"NewsArticle\",\"@id\":\"https:\/\/dicodusport.fr\/blog\/tour-de-france-2019-la-5eme-etape-vue-par-twitter\/#article\",\"isPartOf\":{\"@id\":\"https:\/\/dicodusport.fr\/blog\/tour-de-france-2019-la-5eme-etape-vue-par-twitter\/\"},\"author\":{\"name\":\"Flo Ostermann\",\"@id\":\"https:\/\/dicodusport.fr\/blog\/#\/schema\/person\/cb02af4c173ce4a653b55e9baf388d4a\"},\"headline\":\"Tour de France 2019 : la 5\u00e8me \u00e9tape vue par Twitter\",\"datePublished\":\"2019-07-10T17:40:55+00:00\",\"dateModified\":\"2019-07-10T21:04:31+00:00\",\"mainEntityOfPage\":{\"@id\":\"https:\/\/dicodusport.fr\/blog\/tour-de-france-2019-la-5eme-etape-vue-par-twitter\/\"},\"wordCount\":718,\"commentCount\":0,\"publisher\":{\"@id\":\"https:\/\/dicodusport.fr\/blog\/#organization\"},\"image\":{\"@id\":\"https:\/\/dicodusport.fr\/blog\/tour-de-france-2019-la-5eme-etape-vue-par-twitter\/#primaryimage\"},\"thumbnailUrl\":\"https:\/\/dicodusport.fr\/blog\/wp-content\/uploads\/2019\/07\/Twitter-5\u00e8me-\u00e9tape-Tour-de-France-2019.png\",\"keywords\":[\"Tour de France\",\"Twitter\"],\"articleSection\":[\"Actualit\u00e9s\",\"Cyclisme\"],\"inLanguage\":\"fr-FR\",\"potentialAction\":[{\"@type\":\"CommentAction\",\"name\":\"Comment\",\"target\":[\"https:\/\/dicodusport.fr\/blog\/tour-de-france-2019-la-5eme-etape-vue-par-twitter\/#respond\"]}],\"copyrightYear\":\"2019\",\"copyrightHolder\":{\"@id\":\"https:\/\/dicodusport.fr\/blog\/#organization\"}},{\"@type\":\"WebPage\",\"@id\":\"https:\/\/dicodusport.fr\/blog\/tour-de-france-2019-la-5eme-etape-vue-par-twitter\/\",\"url\":\"https:\/\/dicodusport.fr\/blog\/tour-de-france-2019-la-5eme-etape-vue-par-twitter\/\",\"name\":\"Tour de France 2019 : la 5\u00e8me \u00e9tape vue par Twitter\",\"isPartOf\":{\"@id\":\"https:\/\/dicodusport.fr\/blog\/#website\"},\"primaryImageOfPage\":{\"@id\":\"https:\/\/dicodusport.fr\/blog\/tour-de-france-2019-la-5eme-etape-vue-par-twitter\/#primaryimage\"},\"image\":{\"@id\":\"https:\/\/dicodusport.fr\/blog\/tour-de-france-2019-la-5eme-etape-vue-par-twitter\/#primaryimage\"},\"thumbnailUrl\":\"https:\/\/dicodusport.fr\/blog\/wp-content\/uploads\/2019\/07\/Twitter-5\u00e8me-\u00e9tape-Tour-de-France-2019.png\",\"datePublished\":\"2019-07-10T17:40:55+00:00\",\"dateModified\":\"2019-07-10T21:04:31+00:00\",\"description\":\"Tour de France - La 5\u00e8me \u00e9tape a vu la victoire de Peter Sagan dans les rues de Colmar. Mais qu'a pens\u00e9 Twitter de cette premi\u00e8re \u00e9tape vosgienne ?\",\"breadcrumb\":{\"@id\":\"https:\/\/dicodusport.fr\/blog\/tour-de-france-2019-la-5eme-etape-vue-par-twitter\/#breadcrumb\"},\"inLanguage\":\"fr-FR\",\"potentialAction\":[{\"@type\":\"ReadAction\",\"target\":[\"https:\/\/dicodusport.fr\/blog\/tour-de-france-2019-la-5eme-etape-vue-par-twitter\/\"]}]},{\"@type\":\"ImageObject\",\"inLanguage\":\"fr-FR\",\"@id\":\"https:\/\/dicodusport.fr\/blog\/tour-de-france-2019-la-5eme-etape-vue-par-twitter\/#primaryimage\",\"url\":\"https:\/\/dicodusport.fr\/blog\/wp-content\/uploads\/2019\/07\/Twitter-5\u00e8me-\u00e9tape-Tour-de-France-2019.png\",\"contentUrl\":\"https:\/\/dicodusport.fr\/blog\/wp-content\/uploads\/2019\/07\/Twitter-5\u00e8me-\u00e9tape-Tour-de-France-2019.png\",\"width\":800,\"height\":445},{\"@type\":\"BreadcrumbList\",\"@id\":\"https:\/\/dicodusport.fr\/blog\/tour-de-france-2019-la-5eme-etape-vue-par-twitter\/#breadcrumb\",\"itemListElement\":[{\"@type\":\"ListItem\",\"position\":1,\"name\":\"Accueil\",\"item\":\"https:\/\/dicodusport.fr\/blog\/\"},{\"@type\":\"ListItem\",\"position\":2,\"name\":\"Tour de France 2019 : la 5\u00e8me \u00e9tape vue par Twitter\"}]},{\"@type\":\"WebSite\",\"@id\":\"https:\/\/dicodusport.fr\/blog\/#website\",\"url\":\"https:\/\/dicodusport.fr\/blog\/\",\"name\":\"Dicodusport\",\"description\":\"L&#039;encyclop\u00e9die de l&#039;actualit\u00e9 sportive\",\"publisher\":{\"@id\":\"https:\/\/dicodusport.fr\/blog\/#organization\"},\"potentialAction\":[{\"@type\":\"SearchAction\",\"target\":{\"@type\":\"EntryPoint\",\"urlTemplate\":\"https:\/\/dicodusport.fr\/blog\/?s={search_term_string}\"},\"query-input\":{\"@type\":\"PropertyValueSpecification\",\"valueRequired\":true,\"valueName\":\"search_term_string\"}}],\"inLanguage\":\"fr-FR\"},{\"@type\":\"NewsMediaOrganization\",\"@id\":\"https:\/\/dicodusport.fr\/blog\/#organization\",\"name\":\"Dicodusport\",\"url\":\"https:\/\/dicodusport.fr\/blog\/\",\"logo\":{\"@type\":\"ImageObject\",\"inLanguage\":\"fr-FR\",\"@id\":\"https:\/\/dicodusport.fr\/blog\/#\/schema\/logo\/image\/\",\"url\":\"https:\/\/dicodusport.fr\/blog\/wp-content\/uploads\/2020\/06\/cropped-LOGO-DICODUSPORT-2020-SANS-FOND-SANS-TEXTE.png\",\"contentUrl\":\"https:\/\/dicodusport.fr\/blog\/wp-content\/uploads\/2020\/06\/cropped-LOGO-DICODUSPORT-2020-SANS-FOND-SANS-TEXTE.png\",\"width\":512,\"height\":512,\"caption\":\"Dicodusport\"},\"image\":{\"@id\":\"https:\/\/dicodusport.fr\/blog\/#\/schema\/logo\/image\/\"},\"sameAs\":[\"https:\/\/www.facebook.com\/dicodusport\",\"https:\/\/x.com\/dicodusport\",\"https:\/\/www.instagram.com\/dicodusport\/\",\"https:\/\/www.youtube.com\/channel\/UC7V2KZ5sd3htJivAbA4ZG3w\"],\"description\":\"Dicodusport est l'encyclop\u00e9die de l'actualit\u00e9 sportive.\",\"email\":\"bonjour@dicodusport.fr\",\"legalName\":\"DICODUSPORT\",\"foundingDate\":\"2018-01-14\",\"vatID\":\"FR71834470973\",\"taxID\":\"83447097300043\",\"numberOfEmployees\":{\"@type\":\"QuantitativeValue\",\"minValue\":\"1\",\"maxValue\":\"10\"}},{\"@type\":\"Person\",\"@id\":\"https:\/\/dicodusport.fr\/blog\/#\/schema\/person\/cb02af4c173ce4a653b55e9baf388d4a\",\"name\":\"Flo Ostermann\",\"image\":{\"@type\":\"ImageObject\",\"inLanguage\":\"fr-FR\",\"@id\":\"https:\/\/dicodusport.fr\/blog\/#\/schema\/person\/image\/\",\"url\":\"https:\/\/dicodusport.fr\/blog\/wp-content\/uploads\/2021\/05\/Flo-Ostermann-150x150.jpg\",\"contentUrl\":\"https:\/\/dicodusport.fr\/blog\/wp-content\/uploads\/2021\/05\/Flo-Ostermann-150x150.jpg\",\"caption\":\"Flo Ostermann\"},\"description\":\"Journaliste\/R\u00e9dacteur depuis septembre 2015 - Mes premiers souvenirs dans le sport ? Les envol\u00e9es du Stade Toulousain et les duels Villeneuve-Schumacher et H\u00e4kkinen-Schumacher \u00e0 la fin des ann\u00e9es 90, la Coupe du monde de football en 1998, l\u2019exploit du XV de France face aux All Blacks en 1999, mais aussi Richard C\u0153ur de Lion qui vole sur les montagnes du Tour de France. Bien parti pour devenir professeur d\u2019EPS, les \u00e9v\u00e9nements de la vie (et la flemme d\u2019animer des s\u00e9ances de 3x500 m\u00e8tres toute ma vie) m\u2019ont conduit \u00e0 revoir mes plans. Me voil\u00e0 depuis fin 2017 sur Dicodusport, m\u00e9dia gr\u00e2ce (et pour) lequel je partage ma passion : le sport dans tous ses \u00e9tats. Le tout accompagn\u00e9 par les fous furieux et folles furieuses cit\u00e9s sur cette page !\",\"sameAs\":[\"https:\/\/www.facebook.com\/florent.ostermann\",\"https:\/\/x.com\/https:\/\/twitter.com\/FlOstermann\",\"admin\"],\"url\":\"https:\/\/dicodusport.fr\/blog\/author\/flo\/\"}]}<\/script>\n<!-- \/ Yoast SEO Premium plugin. -->","yoast_head_json":{"title":"Tour de France 2019 : la 5\u00e8me \u00e9tape vue par Twitter","description":"Tour de France - La 5\u00e8me \u00e9tape a vu la victoire de Peter Sagan dans les rues de Colmar. Mais qu'a pens\u00e9 Twitter de cette premi\u00e8re \u00e9tape vosgienne ?","robots":{"index":"index","follow":"follow","max-snippet":"max-snippet:-1","max-image-preview":"max-image-preview:large","max-video-preview":"max-video-preview:-1"},"canonical":"https:\/\/dicodusport.fr\/blog\/tour-de-france-2019-la-5eme-etape-vue-par-twitter\/","og_locale":"fr_FR","og_type":"article","og_title":"Tour de France 2019 : la 5\u00e8me \u00e9tape vue par Twitter","og_description":"Tour de France - La 5\u00e8me \u00e9tape a vu la victoire de Peter Sagan dans les rues de Colmar. Mais qu'a pens\u00e9 Twitter de cette premi\u00e8re \u00e9tape vosgienne ?","og_url":"https:\/\/dicodusport.fr\/blog\/tour-de-france-2019-la-5eme-etape-vue-par-twitter\/","og_site_name":"Dicodusport","article_publisher":"https:\/\/www.facebook.com\/dicodusport","article_author":"https:\/\/www.facebook.com\/florent.ostermann","article_published_time":"2019-07-10T17:40:55+00:00","article_modified_time":"2019-07-10T21:04:31+00:00","og_image":[{"width":800,"height":445,"url":"https:\/\/dicodusport.fr\/blog\/wp-content\/uploads\/2019\/07\/Twitter-5\u00e8me-\u00e9tape-Tour-de-France-2019.png","type":"image\/png"}],"author":"Flo Ostermann","twitter_card":"summary_large_image","twitter_title":"Tour de France 2019 : la 5\u00e8me \u00e9tape vue par Twitter","twitter_creator":"@https:\/\/twitter.com\/FlOstermann","twitter_site":"@dicodusport","schema":{"@context":"https:\/\/schema.org","@graph":[{"@type":"NewsArticle","@id":"https:\/\/dicodusport.fr\/blog\/tour-de-france-2019-la-5eme-etape-vue-par-twitter\/#article","isPartOf":{"@id":"https:\/\/dicodusport.fr\/blog\/tour-de-france-2019-la-5eme-etape-vue-par-twitter\/"},"author":{"name":"Flo Ostermann","@id":"https:\/\/dicodusport.fr\/blog\/#\/schema\/person\/cb02af4c173ce4a653b55e9baf388d4a"},"headline":"Tour de France 2019 : la 5\u00e8me \u00e9tape vue par Twitter","datePublished":"2019-07-10T17:40:55+00:00","dateModified":"2019-07-10T21:04:31+00:00","mainEntityOfPage":{"@id":"https:\/\/dicodusport.fr\/blog\/tour-de-france-2019-la-5eme-etape-vue-par-twitter\/"},"wordCount":718,"commentCount":0,"publisher":{"@id":"https:\/\/dicodusport.fr\/blog\/#organization"},"image":{"@id":"https:\/\/dicodusport.fr\/blog\/tour-de-france-2019-la-5eme-etape-vue-par-twitter\/#primaryimage"},"thumbnailUrl":"https:\/\/dicodusport.fr\/blog\/wp-content\/uploads\/2019\/07\/Twitter-5\u00e8me-\u00e9tape-Tour-de-France-2019.png","keywords":["Tour de France","Twitter"],"articleSection":["Actualit\u00e9s","Cyclisme"],"inLanguage":"fr-FR","potentialAction":[{"@type":"CommentAction","name":"Comment","target":["https:\/\/dicodusport.fr\/blog\/tour-de-france-2019-la-5eme-etape-vue-par-twitter\/#respond"]}],"copyrightYear":"2019","copyrightHolder":{"@id":"https:\/\/dicodusport.fr\/blog\/#organization"}},{"@type":"WebPage","@id":"https:\/\/dicodusport.fr\/blog\/tour-de-france-2019-la-5eme-etape-vue-par-twitter\/","url":"https:\/\/dicodusport.fr\/blog\/tour-de-france-2019-la-5eme-etape-vue-par-twitter\/","name":"Tour de France 2019 : la 5\u00e8me \u00e9tape vue par Twitter","isPartOf":{"@id":"https:\/\/dicodusport.fr\/blog\/#website"},"primaryImageOfPage":{"@id":"https:\/\/dicodusport.fr\/blog\/tour-de-france-2019-la-5eme-etape-vue-par-twitter\/#primaryimage"},"image":{"@id":"https:\/\/dicodusport.fr\/blog\/tour-de-france-2019-la-5eme-etape-vue-par-twitter\/#primaryimage"},"thumbnailUrl":"https:\/\/dicodusport.fr\/blog\/wp-content\/uploads\/2019\/07\/Twitter-5\u00e8me-\u00e9tape-Tour-de-France-2019.png","datePublished":"2019-07-10T17:40:55+00:00","dateModified":"2019-07-10T21:04:31+00:00","description":"Tour de France - La 5\u00e8me \u00e9tape a vu la victoire de Peter Sagan dans les rues de Colmar. Mais qu'a pens\u00e9 Twitter de cette premi\u00e8re \u00e9tape vosgienne ?","breadcrumb":{"@id":"https:\/\/dicodusport.fr\/blog\/tour-de-france-2019-la-5eme-etape-vue-par-twitter\/#breadcrumb"},"inLanguage":"fr-FR","potentialAction":[{"@type":"ReadAction","target":["https:\/\/dicodusport.fr\/blog\/tour-de-france-2019-la-5eme-etape-vue-par-twitter\/"]}]},{"@type":"ImageObject","inLanguage":"fr-FR","@id":"https:\/\/dicodusport.fr\/blog\/tour-de-france-2019-la-5eme-etape-vue-par-twitter\/#primaryimage","url":"https:\/\/dicodusport.fr\/blog\/wp-content\/uploads\/2019\/07\/Twitter-5\u00e8me-\u00e9tape-Tour-de-France-2019.png","contentUrl":"https:\/\/dicodusport.fr\/blog\/wp-content\/uploads\/2019\/07\/Twitter-5\u00e8me-\u00e9tape-Tour-de-France-2019.png","width":800,"height":445},{"@type":"BreadcrumbList","@id":"https:\/\/dicodusport.fr\/blog\/tour-de-france-2019-la-5eme-etape-vue-par-twitter\/#breadcrumb","itemListElement":[{"@type":"ListItem","position":1,"name":"Accueil","item":"https:\/\/dicodusport.fr\/blog\/"},{"@type":"ListItem","position":2,"name":"Tour de France 2019 : la 5\u00e8me \u00e9tape vue par Twitter"}]},{"@type":"WebSite","@id":"https:\/\/dicodusport.fr\/blog\/#website","url":"https:\/\/dicodusport.fr\/blog\/","name":"Dicodusport","description":"L&#039;encyclop\u00e9die de l&#039;actualit\u00e9 sportive","publisher":{"@id":"https:\/\/dicodusport.fr\/blog\/#organization"},"potentialAction":[{"@type":"SearchAction","target":{"@type":"EntryPoint","urlTemplate":"https:\/\/dicodusport.fr\/blog\/?s={search_term_string}"},"query-input":{"@type":"PropertyValueSpecification","valueRequired":true,"valueName":"search_term_string"}}],"inLanguage":"fr-FR"},{"@type":"NewsMediaOrganization","@id":"https:\/\/dicodusport.fr\/blog\/#organization","name":"Dicodusport","url":"https:\/\/dicodusport.fr\/blog\/","logo":{"@type":"ImageObject","inLanguage":"fr-FR","@id":"https:\/\/dicodusport.fr\/blog\/#\/schema\/logo\/image\/","url":"https:\/\/dicodusport.fr\/blog\/wp-content\/uploads\/2020\/06\/cropped-LOGO-DICODUSPORT-2020-SANS-FOND-SANS-TEXTE.png","contentUrl":"https:\/\/dicodusport.fr\/blog\/wp-content\/uploads\/2020\/06\/cropped-LOGO-DICODUSPORT-2020-SANS-FOND-SANS-TEXTE.png","width":512,"height":512,"caption":"Dicodusport"},"image":{"@id":"https:\/\/dicodusport.fr\/blog\/#\/schema\/logo\/image\/"},"sameAs":["https:\/\/www.facebook.com\/dicodusport","https:\/\/x.com\/dicodusport","https:\/\/www.instagram.com\/dicodusport\/","https:\/\/www.youtube.com\/channel\/UC7V2KZ5sd3htJivAbA4ZG3w"],"description":"Dicodusport est l'encyclop\u00e9die de l'actualit\u00e9 sportive.","email":"bonjour@dicodusport.fr","legalName":"DICODUSPORT","foundingDate":"2018-01-14","vatID":"FR71834470973","taxID":"83447097300043","numberOfEmployees":{"@type":"QuantitativeValue","minValue":"1","maxValue":"10"}},{"@type":"Person","@id":"https:\/\/dicodusport.fr\/blog\/#\/schema\/person\/cb02af4c173ce4a653b55e9baf388d4a","name":"Flo Ostermann","image":{"@type":"ImageObject","inLanguage":"fr-FR","@id":"https:\/\/dicodusport.fr\/blog\/#\/schema\/person\/image\/","url":"https:\/\/dicodusport.fr\/blog\/wp-content\/uploads\/2021\/05\/Flo-Ostermann-150x150.jpg","contentUrl":"https:\/\/dicodusport.fr\/blog\/wp-content\/uploads\/2021\/05\/Flo-Ostermann-150x150.jpg","caption":"Flo Ostermann"},"description":"Journaliste\/R\u00e9dacteur depuis septembre 2015 - Mes premiers souvenirs dans le sport ? Les envol\u00e9es du Stade Toulousain et les duels Villeneuve-Schumacher et H\u00e4kkinen-Schumacher \u00e0 la fin des ann\u00e9es 90, la Coupe du monde de football en 1998, l\u2019exploit du XV de France face aux All Blacks en 1999, mais aussi Richard C\u0153ur de Lion qui vole sur les montagnes du Tour de France. Bien parti pour devenir professeur d\u2019EPS, les \u00e9v\u00e9nements de la vie (et la flemme d\u2019animer des s\u00e9ances de 3x500 m\u00e8tres toute ma vie) m\u2019ont conduit \u00e0 revoir mes plans. Me voil\u00e0 depuis fin 2017 sur Dicodusport, m\u00e9dia gr\u00e2ce (et pour) lequel je partage ma passion : le sport dans tous ses \u00e9tats. Le tout accompagn\u00e9 par les fous furieux et folles furieuses cit\u00e9s sur cette page !","sameAs":["https:\/\/www.facebook.com\/florent.ostermann","https:\/\/x.com\/https:\/\/twitter.com\/FlOstermann","admin"],"url":"https:\/\/dicodusport.fr\/blog\/author\/flo\/"}]}},"_links":{"self":[{"href":"https:\/\/dicodusport.fr\/blog\/wp-json\/wp\/v2\/posts\/42876","targetHints":{"allow":["GET"]}}],"collection":[{"href":"https:\/\/dicodusport.fr\/blog\/wp-json\/wp\/v2\/posts"}],"about":[{"href":"https:\/\/dicodusport.fr\/blog\/wp-json\/wp\/v2\/types\/post"}],"author":[{"embeddable":true,"href":"https:\/\/dicodusport.fr\/blog\/wp-json\/wp\/v2\/users\/4"}],"replies":[{"embeddable":true,"href":"https:\/\/dicodusport.fr\/blog\/wp-json\/wp\/v2\/comments?post=42876"}],"version-history":[{"count":0,"href":"https:\/\/dicodusport.fr\/blog\/wp-json\/wp\/v2\/posts\/42876\/revisions"}],"wp:featuredmedia":[{"embeddable":true,"href":"https:\/\/dicodusport.fr\/blog\/wp-json\/wp\/v2\/media\/42878"}],"wp:attachment":[{"href":"https:\/\/dicodusport.fr\/blog\/wp-json\/wp\/v2\/media?parent=42876"}],"wp:term":[{"taxonomy":"category","embeddable":true,"href":"https:\/\/dicodusport.fr\/blog\/wp-json\/wp\/v2\/categories?post=42876"},{"taxonomy":"post_tag","embeddable":true,"href":"https:\/\/dicodusport.fr\/blog\/wp-json\/wp\/v2\/tags?post=42876"}],"curies":[{"name":"wp","href":"https:\/\/api.w.org\/{rel}","templated":true}]}}