{"id":428769,"date":"2023-10-12T21:46:11","date_gmt":"2023-10-12T19:46:11","guid":{"rendered":"https:\/\/dicodusport.fr\/blog\/?p=428769&#038;preview=true&#038;preview_id=428769"},"modified":"2023-10-13T22:56:51","modified_gmt":"2023-10-13T20:56:51","slug":"euroligue-j2-lasvel-se-fait-demolir-par-le-partizan-belgrade-a-lastroballe","status":"publish","type":"post","link":"https:\/\/dicodusport.fr\/blog\/euroligue-j2-lasvel-se-fait-demolir-par-le-partizan-belgrade-a-lastroballe\/","title":{"rendered":"EuroLigue (J2) : L&rsquo;ASVEL se fait d\u00e9molir par le Partizan Belgrade \u00e0 l&rsquo;Astroballe"},"content":{"rendered":"<p align=\"justify\"><em><b><a href=\"https:\/\/dicodusport.fr\/blog\/?s=euroligue\">EUROLIGUE 2023-2024<\/a> &#8211; Ce jeudi, l&rsquo;ASVEL s&rsquo;est lourdement inclin\u00e9e face au Partizan Belgrade \u00e0 l&rsquo;Astroballe, 62-88. Sans inspiration ni r\u00e9action, les hommes de TJ Parker se sont fait rouler dessus par les Serbes, et comptaient d\u00e9j\u00e0 30 points de retard dans le troisi\u00e8me quart. Il s&rsquo;agit l\u00e0 de la 15\u1d49 d\u00e9faite cons\u00e9cutive du club lyonnais sur la sc\u00e8ne europ\u00e9enne.<\/b><\/em><\/p>\n<p style=\"text-align: justify;\" align=\"justify\">Une semaine apr\u00e8s avoir pris le bouillon \u00e0 <strong>Belgrade<\/strong> face \u00e0 l&rsquo;\u00c9toile Rouge, l&rsquo;<strong>ASVEL<\/strong> lan\u00e7ait sa campagne europ\u00e9enne \u00e0 l&rsquo;<strong>Astroballe<\/strong> face \u00e0 l&rsquo;autre mastodonte de la capitale serbe, le <strong>Partizan<\/strong>. En manque de r\u00e9sultats et de certitudes, le club lyonnais avait besoin de frapper un grand coup pour se relancer.<\/p>\n<h2 style=\"text-align: justify;\" align=\"justify\">Le Partizan prend le match en main<\/h2>\n<p align=\"justify\">Les Lyonnais r\u00e9alisent une entame peu convaincante avec des attaques sans mouvement et doivent attendre deux minutes pour qu&rsquo;une p\u00e9n\u00e9tration de <strong>Frank Jackson<\/strong> ne d\u00e9bloque le compteur. <strong>Mike Scott<\/strong> prend ensuite le relais pour mener le scoring lyonnais. Les six premi\u00e8res minutes passent \u00e0 une vitesse folle, le jeu \u00e9tant tr\u00e8s rarement coup\u00e9 par des ballons sortis ou des fautes. Les deux \u00e9quipes se r\u00e9pondent par \u00e0-coups jusqu&rsquo;\u00e0 ce qu&rsquo;un premier temps mort ne permette aux dix joueurs de souffler. Le Partizan commence ensuite \u00e0 tisser sa toile en s&rsquo;appuyant sur la domination de la raquette<strong> Zach LeDay<\/strong> &#8211; <strong>Frank Kaminsky <\/strong>tout en d\u00e9ployant une intensit\u00e9 hors norme. Malgr\u00e9 l&rsquo;entr\u00e9e de la doublette De Colo &#8211; Lauvergne, l&rsquo;ASVEL subit en fin de premier quart (13-17).<\/p>\n<p align=\"justify\">Lamin\u00e9e au rebond et d\u00e9pass\u00e9e sur les transitions rapides, elle flanche s\u00e9rieusement en conc\u00e9dant un premier \u00e9clat (13-22). \u00c0 l&rsquo;instar d&rsquo;un <strong>Nando De Colo<\/strong> m\u00e9connaissable, le jeu lyonnais est st\u00e9r\u00e9otyp\u00e9, avec un exc\u00e9dent de shoots ext\u00e9rieurs pour une r\u00e9ussite infime (1\/11 \u00e0 la pause). Sans rythme et sans solution, les troupes de TJ Parker prennent lentement l&rsquo;eau. Tout en contr\u00f4le, le Partizan d\u00e9roule son jeu et trouve de plus en plus de shoots ouverts en d\u00e9stabilisant une d\u00e9fense aux abois. Seul derri\u00e8re l&rsquo;arc, Kaminsky jette un froid dans l&rsquo;Astroballe (16-29). Les Lyonnais survivent gr\u00e2ce \u00e0 du d\u00e9chet dans les shoots serbes, mais quitte la premi\u00e8re p\u00e9riode en tr\u00e8s mauvaise posture (29-43). D&rsquo;autant plus que les cadres sont en faillite, <strong>De Colo et Lauvergne cumulant 0 points et quatre pertes de balle<\/strong> \u00e0 eux deux.<\/p>\n<blockquote class=\"twitter-tweet\">\n<p dir=\"ltr\" lang=\"en\">LE BLOCK DE ZACH LEDAY ! \ud83d\ude24<a href=\"https:\/\/twitter.com\/PartizanBC?ref_src=twsrc%5Etfw\">@PartizanBC<\/a> x <a href=\"https:\/\/twitter.com\/EuroLeague?ref_src=twsrc%5Etfw\">@EuroLeague<\/a><a href=\"https:\/\/twitter.com\/hashtag\/SKWEEKLive?src=hash&amp;ref_src=twsrc%5Etfw\">#SKWEEKLive<\/a> <a href=\"https:\/\/twitter.com\/hashtag\/EveryGameMatters?src=hash&amp;ref_src=twsrc%5Etfw\">#EveryGameMatters<\/a> <a href=\"https:\/\/t.co\/bFe1uy3Dan\">pic.twitter.com\/bFe1uy3Dan<\/a><\/p>\n<p>\u2014 SKWEEK (@skweektv) <a href=\"https:\/\/twitter.com\/skweektv\/status\/1712530934275146048?ref_src=twsrc%5Etfw\">October 12, 2023<\/a><\/p><\/blockquote>\n<p><script async src=\"https:\/\/platform.twitter.com\/widgets.js\" charset=\"utf-8\"><\/script><\/p>\n<h2 style=\"text-align: justify;\">L&rsquo;ASVEL prend une fess\u00e9e terrible dans le troisi\u00e8me quart<\/h2>\n<p style=\"text-align: justify;\">Au retour des vestiaires, rien ne laisse envisager un retournement de situation. Malgr\u00e9 les efforts de Lauvergne au rebond offensif, les Lyonnais p\u00eachent terriblement en termes d\u2019efficacit\u00e9 \u00e0 l&rsquo;image de lay-ups rat\u00e9s. A contrario, le Partizan continue son massacre sur jeu rapide et pousse l&rsquo;ASVEL \u00e0 la faute. <strong>Kevin Punter<\/strong> et <strong>Alen Smailagic<\/strong> claquent deux actions \u00e0 trois points, et l&rsquo;\u00e9cart atteint rapidement les 20 unit\u00e9s (29-49). Seul <strong>Frank Jackson<\/strong> sort la t\u00eate de l&rsquo;eau dans ce naufrage. Apr\u00e8s 25 minutes de jeu, il totalise m\u00eame 50% du faible total de points des siens (16 sur 32). Mais comme un symbole, ce m\u00eame Jackson va \u00eatre exclu peu de temps apr\u00e8s.<\/p>\n<p style=\"text-align: justify;\">De toute fa\u00e7on, l&rsquo;ASVEL a d\u00e9j\u00e0 accept\u00e9 son funeste sort, sans combattre, et se d\u00e9sagr\u00e8ge totalement. Le Partizan n&rsquo;en demande pas tant, et poursuit son carnage pour se mettre \u00e0 l&rsquo;abri avant m\u00eame la fin du dernier quart (38-68). La suite de la partie restera anecdotique, le suspense s&rsquo;\u00e9tant d\u00e9j\u00e0 \u00e9vapor\u00e9. Les deux \u00e9quipes s&rsquo;efforcent alors de jouer pour du beurre avec une intensit\u00e9 drastiquement en baisse. Finalement, le <strong>Partizan Belgrade<\/strong> rafle la victoire en toute d\u00e9contraction, 62-88.<\/p>\n<p style=\"text-align: justify;\">Depuis sa victoire face au Fenerbah\u00e7e <strong>le 26 janvier dernier<\/strong>, l&rsquo;ASVEL n&rsquo;a plus remport\u00e9 la moindre rencontre d&rsquo;<strong>EuroLigue<\/strong>, soit une s\u00e9rie catastrophique de <strong>15 d\u00e9faites cons\u00e9cutives<\/strong>. Au vu de la production rendue lors des deux premi\u00e8res journ\u00e9es, cette s\u00e9rie peut encore durer un certain temps&#8230;<\/p>\n<blockquote class=\"twitter-tweet\">\n<p dir=\"ltr\" lang=\"ro\">LDLC ASVEL s\u2019incline ce soir face au Partizan Belgrade. <a href=\"https:\/\/twitter.com\/hashtag\/LDLCASVEL?src=hash&amp;ref_src=twsrc%5Etfw\">#LDLCASVEL<\/a> <a href=\"https:\/\/t.co\/ZxXf8NdkVk\">pic.twitter.com\/ZxXf8NdkVk<\/a><\/p>\n<p>\u2014 LDLC ASVEL (@LDLCASVEL) <a href=\"https:\/\/twitter.com\/LDLCASVEL\/status\/1712556204084605240?ref_src=twsrc%5Etfw\">October 12, 2023<\/a><\/p><\/blockquote>\n<p><script async src=\"https:\/\/platform.twitter.com\/widgets.js\" charset=\"utf-8\"><\/script><\/p>\n","protected":false},"excerpt":{"rendered":"<p>EUROLIGUE 2023-2024 &#8211; Ce jeudi, l&rsquo;ASVEL s&rsquo;est lourdement inclin\u00e9 face au Partizan Belgrade \u00e0 l&rsquo;Astroballe, 88-62. Sans inspiration ni r\u00e9action, les hommes de TJ Parker se sont fait rouler dessus par les Serbes, et comptaient 30 points de retard dans le troisi\u00e8me quart. Il s&rsquo;agit l\u00e0 de la 15e d\u00e9faite cons\u00e9cutive du club lyonnais sur la sc\u00e8ne europ\u00e9enne.<\/p>\n","protected":false},"author":55,"featured_media":428807,"comment_status":"open","ping_status":"closed","sticky":false,"template":"","format":"standard","meta":{"_acf_changed":false,"_daextam_enable_autolinks":"1","footnotes":""},"categories":[47001],"tags":[7864,16878,30407,19571,17622,24],"class_list":["post-428769","post","type-post","status-publish","format-standard","has-post-thumbnail","hentry","category-euroligue","tag-asvel","tag-breve","tag-euroligue-club-francais","tag-lyon-villeurbanne","tag-partizan-belgrade","tag-sport"],"acf":[],"yoast_head":"<!-- This site is optimized with the Yoast SEO Premium plugin v26.7 (Yoast SEO v26.7) - https:\/\/yoast.com\/wordpress\/plugins\/seo\/ -->\n<title>EuroLigue (J2) : L&#039;ASVEL se fait d\u00e9molir par le Partizan Belgrade \u00e0 l&#039;Astroballe<\/title>\n<meta name=\"description\" content=\"EUROLIGUE 2023-2024 - L&#039;ASVEL s&#039;est faite \u00e9triller \u00e0 domicile par le Partizan, 88-62, et conc\u00e8de son 15e revers de rang dans la comp\u00e9tition.\" \/>\n<meta name=\"robots\" content=\"index, follow, max-snippet:-1, max-image-preview:large, max-video-preview:-1\" \/>\n<link rel=\"canonical\" href=\"https:\/\/dicodusport.fr\/blog\/euroligue-j2-lasvel-se-fait-demolir-par-le-partizan-belgrade-a-lastroballe\/\" \/>\n<meta property=\"og:locale\" content=\"fr_FR\" \/>\n<meta property=\"og:type\" content=\"article\" \/>\n<meta property=\"og:title\" content=\"EuroLigue (J2) : L&#039;ASVEL se fait d\u00e9molir par le Partizan Belgrade \u00e0 l&#039;Astroballe\" \/>\n<meta property=\"og:description\" content=\"EUROLIGUE 2023-2024 - L&#039;ASVEL s&#039;est faite \u00e9triller \u00e0 domicile par le Partizan, 88-62, et conc\u00e8de son 15e revers de rang dans la comp\u00e9tition.\" \/>\n<meta property=\"og:url\" content=\"https:\/\/dicodusport.fr\/blog\/euroligue-j2-lasvel-se-fait-demolir-par-le-partizan-belgrade-a-lastroballe\/\" \/>\n<meta property=\"og:site_name\" content=\"Dicodusport\" \/>\n<meta property=\"article:publisher\" content=\"https:\/\/www.facebook.com\/dicodusport\" \/>\n<meta property=\"article:published_time\" content=\"2023-10-12T19:46:11+00:00\" \/>\n<meta property=\"article:modified_time\" content=\"2023-10-13T20:56:51+00:00\" \/>\n<meta property=\"og:image\" content=\"https:\/\/dicodusport.fr\/blog\/wp-content\/uploads\/2023\/10\/EuroLigue-J2-LASVEL-se-fait-demolir-par-le-Partizan-Belgrade-a-lAstroballe.png\" \/>\n\t<meta property=\"og:image:width\" content=\"800\" \/>\n\t<meta property=\"og:image:height\" content=\"445\" \/>\n\t<meta property=\"og:image:type\" content=\"image\/png\" \/>\n<meta name=\"author\" content=\"Maxime Cazenave\" \/>\n<meta name=\"twitter:card\" content=\"summary_large_image\" \/>\n<meta name=\"twitter:title\" content=\"EuroLigue (J2) : L&#039;ASVEL se fait d\u00e9molir par le Partizan Belgrade \u00e0 l&#039;Astroballe\" \/>\n<meta name=\"twitter:creator\" content=\"@https:\/\/twitter.com\/Maxime_Caze\" \/>\n<meta name=\"twitter:site\" content=\"@dicodusport\" \/>\n<script type=\"application\/ld+json\" class=\"yoast-schema-graph\">{\"@context\":\"https:\/\/schema.org\",\"@graph\":[{\"@type\":\"NewsArticle\",\"@id\":\"https:\/\/dicodusport.fr\/blog\/euroligue-j2-lasvel-se-fait-demolir-par-le-partizan-belgrade-a-lastroballe\/#article\",\"isPartOf\":{\"@id\":\"https:\/\/dicodusport.fr\/blog\/euroligue-j2-lasvel-se-fait-demolir-par-le-partizan-belgrade-a-lastroballe\/\"},\"author\":{\"name\":\"Maxime Cazenave\",\"@id\":\"https:\/\/dicodusport.fr\/blog\/#\/schema\/person\/37def232098a7a5cbab3974a3690abb0\"},\"headline\":\"EuroLigue (J2) : L&rsquo;ASVEL se fait d\u00e9molir par le Partizan Belgrade \u00e0 l&rsquo;Astroballe\",\"datePublished\":\"2023-10-12T19:46:11+00:00\",\"dateModified\":\"2023-10-13T20:56:51+00:00\",\"mainEntityOfPage\":{\"@id\":\"https:\/\/dicodusport.fr\/blog\/euroligue-j2-lasvel-se-fait-demolir-par-le-partizan-belgrade-a-lastroballe\/\"},\"wordCount\":744,\"commentCount\":0,\"publisher\":{\"@id\":\"https:\/\/dicodusport.fr\/blog\/#organization\"},\"image\":{\"@id\":\"https:\/\/dicodusport.fr\/blog\/euroligue-j2-lasvel-se-fait-demolir-par-le-partizan-belgrade-a-lastroballe\/#primaryimage\"},\"thumbnailUrl\":\"https:\/\/dicodusport.fr\/blog\/wp-content\/uploads\/2023\/10\/EuroLigue-J2-LASVEL-se-fait-demolir-par-le-Partizan-Belgrade-a-lAstroballe.png\",\"keywords\":[\"ASVEL\",\"br\u00e8ve\",\"Euroligue club fran\u00e7ais\",\"Lyon-Villeurbanne\",\"Partizan Belgrade\",\"sport\"],\"articleSection\":[\"EuroLigue\"],\"inLanguage\":\"fr-FR\",\"potentialAction\":[{\"@type\":\"CommentAction\",\"name\":\"Comment\",\"target\":[\"https:\/\/dicodusport.fr\/blog\/euroligue-j2-lasvel-se-fait-demolir-par-le-partizan-belgrade-a-lastroballe\/#respond\"]}],\"copyrightYear\":\"2023\",\"copyrightHolder\":{\"@id\":\"https:\/\/dicodusport.fr\/blog\/#organization\"}},{\"@type\":\"WebPage\",\"@id\":\"https:\/\/dicodusport.fr\/blog\/euroligue-j2-lasvel-se-fait-demolir-par-le-partizan-belgrade-a-lastroballe\/\",\"url\":\"https:\/\/dicodusport.fr\/blog\/euroligue-j2-lasvel-se-fait-demolir-par-le-partizan-belgrade-a-lastroballe\/\",\"name\":\"EuroLigue (J2) : L'ASVEL se fait d\u00e9molir par le Partizan Belgrade \u00e0 l'Astroballe\",\"isPartOf\":{\"@id\":\"https:\/\/dicodusport.fr\/blog\/#website\"},\"primaryImageOfPage\":{\"@id\":\"https:\/\/dicodusport.fr\/blog\/euroligue-j2-lasvel-se-fait-demolir-par-le-partizan-belgrade-a-lastroballe\/#primaryimage\"},\"image\":{\"@id\":\"https:\/\/dicodusport.fr\/blog\/euroligue-j2-lasvel-se-fait-demolir-par-le-partizan-belgrade-a-lastroballe\/#primaryimage\"},\"thumbnailUrl\":\"https:\/\/dicodusport.fr\/blog\/wp-content\/uploads\/2023\/10\/EuroLigue-J2-LASVEL-se-fait-demolir-par-le-Partizan-Belgrade-a-lAstroballe.png\",\"datePublished\":\"2023-10-12T19:46:11+00:00\",\"dateModified\":\"2023-10-13T20:56:51+00:00\",\"description\":\"EUROLIGUE 2023-2024 - L'ASVEL s'est faite \u00e9triller \u00e0 domicile par le Partizan, 88-62, et conc\u00e8de son 15e revers de rang dans la comp\u00e9tition.\",\"breadcrumb\":{\"@id\":\"https:\/\/dicodusport.fr\/blog\/euroligue-j2-lasvel-se-fait-demolir-par-le-partizan-belgrade-a-lastroballe\/#breadcrumb\"},\"inLanguage\":\"fr-FR\",\"potentialAction\":[{\"@type\":\"ReadAction\",\"target\":[\"https:\/\/dicodusport.fr\/blog\/euroligue-j2-lasvel-se-fait-demolir-par-le-partizan-belgrade-a-lastroballe\/\"]}]},{\"@type\":\"ImageObject\",\"inLanguage\":\"fr-FR\",\"@id\":\"https:\/\/dicodusport.fr\/blog\/euroligue-j2-lasvel-se-fait-demolir-par-le-partizan-belgrade-a-lastroballe\/#primaryimage\",\"url\":\"https:\/\/dicodusport.fr\/blog\/wp-content\/uploads\/2023\/10\/EuroLigue-J2-LASVEL-se-fait-demolir-par-le-Partizan-Belgrade-a-lAstroballe.png\",\"contentUrl\":\"https:\/\/dicodusport.fr\/blog\/wp-content\/uploads\/2023\/10\/EuroLigue-J2-LASVEL-se-fait-demolir-par-le-Partizan-Belgrade-a-lAstroballe.png\",\"width\":800,\"height\":445,\"caption\":\"EuroLigue (J2) : L'ASVEL se fait d\u00e9molir par le Partizan Belgrade \u00e0 l'Astroballe\"},{\"@type\":\"BreadcrumbList\",\"@id\":\"https:\/\/dicodusport.fr\/blog\/euroligue-j2-lasvel-se-fait-demolir-par-le-partizan-belgrade-a-lastroballe\/#breadcrumb\",\"itemListElement\":[{\"@type\":\"ListItem\",\"position\":1,\"name\":\"Accueil\",\"item\":\"https:\/\/dicodusport.fr\/blog\/\"},{\"@type\":\"ListItem\",\"position\":2,\"name\":\"EuroLigue (J2) : L&rsquo;ASVEL se fait d\u00e9molir par le Partizan Belgrade \u00e0 l&rsquo;Astroballe\"}]},{\"@type\":\"WebSite\",\"@id\":\"https:\/\/dicodusport.fr\/blog\/#website\",\"url\":\"https:\/\/dicodusport.fr\/blog\/\",\"name\":\"Dicodusport\",\"description\":\"L&#039;encyclop\u00e9die de l&#039;actualit\u00e9 sportive\",\"publisher\":{\"@id\":\"https:\/\/dicodusport.fr\/blog\/#organization\"},\"potentialAction\":[{\"@type\":\"SearchAction\",\"target\":{\"@type\":\"EntryPoint\",\"urlTemplate\":\"https:\/\/dicodusport.fr\/blog\/?s={search_term_string}\"},\"query-input\":{\"@type\":\"PropertyValueSpecification\",\"valueRequired\":true,\"valueName\":\"search_term_string\"}}],\"inLanguage\":\"fr-FR\"},{\"@type\":\"NewsMediaOrganization\",\"@id\":\"https:\/\/dicodusport.fr\/blog\/#organization\",\"name\":\"Dicodusport\",\"url\":\"https:\/\/dicodusport.fr\/blog\/\",\"logo\":{\"@type\":\"ImageObject\",\"inLanguage\":\"fr-FR\",\"@id\":\"https:\/\/dicodusport.fr\/blog\/#\/schema\/logo\/image\/\",\"url\":\"https:\/\/dicodusport.fr\/blog\/wp-content\/uploads\/2020\/06\/cropped-LOGO-DICODUSPORT-2020-SANS-FOND-SANS-TEXTE.png\",\"contentUrl\":\"https:\/\/dicodusport.fr\/blog\/wp-content\/uploads\/2020\/06\/cropped-LOGO-DICODUSPORT-2020-SANS-FOND-SANS-TEXTE.png\",\"width\":512,\"height\":512,\"caption\":\"Dicodusport\"},\"image\":{\"@id\":\"https:\/\/dicodusport.fr\/blog\/#\/schema\/logo\/image\/\"},\"sameAs\":[\"https:\/\/www.facebook.com\/dicodusport\",\"https:\/\/x.com\/dicodusport\",\"https:\/\/www.instagram.com\/dicodusport\/\",\"https:\/\/www.youtube.com\/channel\/UC7V2KZ5sd3htJivAbA4ZG3w\"],\"description\":\"Dicodusport est l'encyclop\u00e9die de l'actualit\u00e9 sportive.\",\"email\":\"bonjour@dicodusport.fr\",\"legalName\":\"DICODUSPORT\",\"foundingDate\":\"2018-01-14\",\"vatID\":\"FR71834470973\",\"taxID\":\"83447097300043\",\"numberOfEmployees\":{\"@type\":\"QuantitativeValue\",\"minValue\":\"1\",\"maxValue\":\"10\"}},{\"@type\":\"Person\",\"@id\":\"https:\/\/dicodusport.fr\/blog\/#\/schema\/person\/37def232098a7a5cbab3974a3690abb0\",\"name\":\"Maxime Cazenave\",\"image\":{\"@type\":\"ImageObject\",\"inLanguage\":\"fr-FR\",\"@id\":\"https:\/\/dicodusport.fr\/blog\/#\/schema\/person\/image\/\",\"url\":\"https:\/\/dicodusport.fr\/blog\/wp-content\/uploads\/2021\/05\/Maxime-Cazenave-150x150.jpg\",\"contentUrl\":\"https:\/\/dicodusport.fr\/blog\/wp-content\/uploads\/2021\/05\/Maxime-Cazenave-150x150.jpg\",\"caption\":\"Maxime Cazenave\"},\"description\":\"Journaliste\/R\u00e9dacteur depuis 2012 - Berc\u00e9 par l\u2019amour des Girondins de Bordeaux, les \u00e9checs de Christophe Moreau sur le Tour de France sous l'\u00e8re Lance Armstrong et le fade-away l\u00e9tal de Dirk Nowitzki, ma passion d\u00e9vorante pour le sport a toujours \u00e9t\u00e9 un pan incontournable de ma vie. Transmettre ma passion \u00e0 l\u2019\u00e9crit a \u00e9t\u00e9 une transition naturelle. Suiveur assidu de basket et de hockey sur glace, je garde toujours un peu de place pour suivre le cyclisme, le football et le maximum de performances fran\u00e7aises.\",\"sameAs\":[\"https:\/\/x.com\/https:\/\/twitter.com\/Maxime_Caze\"],\"url\":\"https:\/\/dicodusport.fr\/blog\/author\/maximec\/\"}]}<\/script>\n<!-- \/ Yoast SEO Premium plugin. -->","yoast_head_json":{"title":"EuroLigue (J2) : L'ASVEL se fait d\u00e9molir par le Partizan Belgrade \u00e0 l'Astroballe","description":"EUROLIGUE 2023-2024 - L'ASVEL s'est faite \u00e9triller \u00e0 domicile par le Partizan, 88-62, et conc\u00e8de son 15e revers de rang dans la comp\u00e9tition.","robots":{"index":"index","follow":"follow","max-snippet":"max-snippet:-1","max-image-preview":"max-image-preview:large","max-video-preview":"max-video-preview:-1"},"canonical":"https:\/\/dicodusport.fr\/blog\/euroligue-j2-lasvel-se-fait-demolir-par-le-partizan-belgrade-a-lastroballe\/","og_locale":"fr_FR","og_type":"article","og_title":"EuroLigue (J2) : L'ASVEL se fait d\u00e9molir par le Partizan Belgrade \u00e0 l'Astroballe","og_description":"EUROLIGUE 2023-2024 - L'ASVEL s'est faite \u00e9triller \u00e0 domicile par le Partizan, 88-62, et conc\u00e8de son 15e revers de rang dans la comp\u00e9tition.","og_url":"https:\/\/dicodusport.fr\/blog\/euroligue-j2-lasvel-se-fait-demolir-par-le-partizan-belgrade-a-lastroballe\/","og_site_name":"Dicodusport","article_publisher":"https:\/\/www.facebook.com\/dicodusport","article_published_time":"2023-10-12T19:46:11+00:00","article_modified_time":"2023-10-13T20:56:51+00:00","og_image":[{"width":800,"height":445,"url":"https:\/\/dicodusport.fr\/blog\/wp-content\/uploads\/2023\/10\/EuroLigue-J2-LASVEL-se-fait-demolir-par-le-Partizan-Belgrade-a-lAstroballe.png","type":"image\/png"}],"author":"Maxime Cazenave","twitter_card":"summary_large_image","twitter_title":"EuroLigue (J2) : L'ASVEL se fait d\u00e9molir par le Partizan Belgrade \u00e0 l'Astroballe","twitter_creator":"@https:\/\/twitter.com\/Maxime_Caze","twitter_site":"@dicodusport","schema":{"@context":"https:\/\/schema.org","@graph":[{"@type":"NewsArticle","@id":"https:\/\/dicodusport.fr\/blog\/euroligue-j2-lasvel-se-fait-demolir-par-le-partizan-belgrade-a-lastroballe\/#article","isPartOf":{"@id":"https:\/\/dicodusport.fr\/blog\/euroligue-j2-lasvel-se-fait-demolir-par-le-partizan-belgrade-a-lastroballe\/"},"author":{"name":"Maxime Cazenave","@id":"https:\/\/dicodusport.fr\/blog\/#\/schema\/person\/37def232098a7a5cbab3974a3690abb0"},"headline":"EuroLigue (J2) : L&rsquo;ASVEL se fait d\u00e9molir par le Partizan Belgrade \u00e0 l&rsquo;Astroballe","datePublished":"2023-10-12T19:46:11+00:00","dateModified":"2023-10-13T20:56:51+00:00","mainEntityOfPage":{"@id":"https:\/\/dicodusport.fr\/blog\/euroligue-j2-lasvel-se-fait-demolir-par-le-partizan-belgrade-a-lastroballe\/"},"wordCount":744,"commentCount":0,"publisher":{"@id":"https:\/\/dicodusport.fr\/blog\/#organization"},"image":{"@id":"https:\/\/dicodusport.fr\/blog\/euroligue-j2-lasvel-se-fait-demolir-par-le-partizan-belgrade-a-lastroballe\/#primaryimage"},"thumbnailUrl":"https:\/\/dicodusport.fr\/blog\/wp-content\/uploads\/2023\/10\/EuroLigue-J2-LASVEL-se-fait-demolir-par-le-Partizan-Belgrade-a-lAstroballe.png","keywords":["ASVEL","br\u00e8ve","Euroligue club fran\u00e7ais","Lyon-Villeurbanne","Partizan Belgrade","sport"],"articleSection":["EuroLigue"],"inLanguage":"fr-FR","potentialAction":[{"@type":"CommentAction","name":"Comment","target":["https:\/\/dicodusport.fr\/blog\/euroligue-j2-lasvel-se-fait-demolir-par-le-partizan-belgrade-a-lastroballe\/#respond"]}],"copyrightYear":"2023","copyrightHolder":{"@id":"https:\/\/dicodusport.fr\/blog\/#organization"}},{"@type":"WebPage","@id":"https:\/\/dicodusport.fr\/blog\/euroligue-j2-lasvel-se-fait-demolir-par-le-partizan-belgrade-a-lastroballe\/","url":"https:\/\/dicodusport.fr\/blog\/euroligue-j2-lasvel-se-fait-demolir-par-le-partizan-belgrade-a-lastroballe\/","name":"EuroLigue (J2) : L'ASVEL se fait d\u00e9molir par le Partizan Belgrade \u00e0 l'Astroballe","isPartOf":{"@id":"https:\/\/dicodusport.fr\/blog\/#website"},"primaryImageOfPage":{"@id":"https:\/\/dicodusport.fr\/blog\/euroligue-j2-lasvel-se-fait-demolir-par-le-partizan-belgrade-a-lastroballe\/#primaryimage"},"image":{"@id":"https:\/\/dicodusport.fr\/blog\/euroligue-j2-lasvel-se-fait-demolir-par-le-partizan-belgrade-a-lastroballe\/#primaryimage"},"thumbnailUrl":"https:\/\/dicodusport.fr\/blog\/wp-content\/uploads\/2023\/10\/EuroLigue-J2-LASVEL-se-fait-demolir-par-le-Partizan-Belgrade-a-lAstroballe.png","datePublished":"2023-10-12T19:46:11+00:00","dateModified":"2023-10-13T20:56:51+00:00","description":"EUROLIGUE 2023-2024 - L'ASVEL s'est faite \u00e9triller \u00e0 domicile par le Partizan, 88-62, et conc\u00e8de son 15e revers de rang dans la comp\u00e9tition.","breadcrumb":{"@id":"https:\/\/dicodusport.fr\/blog\/euroligue-j2-lasvel-se-fait-demolir-par-le-partizan-belgrade-a-lastroballe\/#breadcrumb"},"inLanguage":"fr-FR","potentialAction":[{"@type":"ReadAction","target":["https:\/\/dicodusport.fr\/blog\/euroligue-j2-lasvel-se-fait-demolir-par-le-partizan-belgrade-a-lastroballe\/"]}]},{"@type":"ImageObject","inLanguage":"fr-FR","@id":"https:\/\/dicodusport.fr\/blog\/euroligue-j2-lasvel-se-fait-demolir-par-le-partizan-belgrade-a-lastroballe\/#primaryimage","url":"https:\/\/dicodusport.fr\/blog\/wp-content\/uploads\/2023\/10\/EuroLigue-J2-LASVEL-se-fait-demolir-par-le-Partizan-Belgrade-a-lAstroballe.png","contentUrl":"https:\/\/dicodusport.fr\/blog\/wp-content\/uploads\/2023\/10\/EuroLigue-J2-LASVEL-se-fait-demolir-par-le-Partizan-Belgrade-a-lAstroballe.png","width":800,"height":445,"caption":"EuroLigue (J2) : L'ASVEL se fait d\u00e9molir par le Partizan Belgrade \u00e0 l'Astroballe"},{"@type":"BreadcrumbList","@id":"https:\/\/dicodusport.fr\/blog\/euroligue-j2-lasvel-se-fait-demolir-par-le-partizan-belgrade-a-lastroballe\/#breadcrumb","itemListElement":[{"@type":"ListItem","position":1,"name":"Accueil","item":"https:\/\/dicodusport.fr\/blog\/"},{"@type":"ListItem","position":2,"name":"EuroLigue (J2) : L&rsquo;ASVEL se fait d\u00e9molir par le Partizan Belgrade \u00e0 l&rsquo;Astroballe"}]},{"@type":"WebSite","@id":"https:\/\/dicodusport.fr\/blog\/#website","url":"https:\/\/dicodusport.fr\/blog\/","name":"Dicodusport","description":"L&#039;encyclop\u00e9die de l&#039;actualit\u00e9 sportive","publisher":{"@id":"https:\/\/dicodusport.fr\/blog\/#organization"},"potentialAction":[{"@type":"SearchAction","target":{"@type":"EntryPoint","urlTemplate":"https:\/\/dicodusport.fr\/blog\/?s={search_term_string}"},"query-input":{"@type":"PropertyValueSpecification","valueRequired":true,"valueName":"search_term_string"}}],"inLanguage":"fr-FR"},{"@type":"NewsMediaOrganization","@id":"https:\/\/dicodusport.fr\/blog\/#organization","name":"Dicodusport","url":"https:\/\/dicodusport.fr\/blog\/","logo":{"@type":"ImageObject","inLanguage":"fr-FR","@id":"https:\/\/dicodusport.fr\/blog\/#\/schema\/logo\/image\/","url":"https:\/\/dicodusport.fr\/blog\/wp-content\/uploads\/2020\/06\/cropped-LOGO-DICODUSPORT-2020-SANS-FOND-SANS-TEXTE.png","contentUrl":"https:\/\/dicodusport.fr\/blog\/wp-content\/uploads\/2020\/06\/cropped-LOGO-DICODUSPORT-2020-SANS-FOND-SANS-TEXTE.png","width":512,"height":512,"caption":"Dicodusport"},"image":{"@id":"https:\/\/dicodusport.fr\/blog\/#\/schema\/logo\/image\/"},"sameAs":["https:\/\/www.facebook.com\/dicodusport","https:\/\/x.com\/dicodusport","https:\/\/www.instagram.com\/dicodusport\/","https:\/\/www.youtube.com\/channel\/UC7V2KZ5sd3htJivAbA4ZG3w"],"description":"Dicodusport est l'encyclop\u00e9die de l'actualit\u00e9 sportive.","email":"bonjour@dicodusport.fr","legalName":"DICODUSPORT","foundingDate":"2018-01-14","vatID":"FR71834470973","taxID":"83447097300043","numberOfEmployees":{"@type":"QuantitativeValue","minValue":"1","maxValue":"10"}},{"@type":"Person","@id":"https:\/\/dicodusport.fr\/blog\/#\/schema\/person\/37def232098a7a5cbab3974a3690abb0","name":"Maxime Cazenave","image":{"@type":"ImageObject","inLanguage":"fr-FR","@id":"https:\/\/dicodusport.fr\/blog\/#\/schema\/person\/image\/","url":"https:\/\/dicodusport.fr\/blog\/wp-content\/uploads\/2021\/05\/Maxime-Cazenave-150x150.jpg","contentUrl":"https:\/\/dicodusport.fr\/blog\/wp-content\/uploads\/2021\/05\/Maxime-Cazenave-150x150.jpg","caption":"Maxime Cazenave"},"description":"Journaliste\/R\u00e9dacteur depuis 2012 - Berc\u00e9 par l\u2019amour des Girondins de Bordeaux, les \u00e9checs de Christophe Moreau sur le Tour de France sous l'\u00e8re Lance Armstrong et le fade-away l\u00e9tal de Dirk Nowitzki, ma passion d\u00e9vorante pour le sport a toujours \u00e9t\u00e9 un pan incontournable de ma vie. Transmettre ma passion \u00e0 l\u2019\u00e9crit a \u00e9t\u00e9 une transition naturelle. Suiveur assidu de basket et de hockey sur glace, je garde toujours un peu de place pour suivre le cyclisme, le football et le maximum de performances fran\u00e7aises.","sameAs":["https:\/\/x.com\/https:\/\/twitter.com\/Maxime_Caze"],"url":"https:\/\/dicodusport.fr\/blog\/author\/maximec\/"}]}},"_links":{"self":[{"href":"https:\/\/dicodusport.fr\/blog\/wp-json\/wp\/v2\/posts\/428769","targetHints":{"allow":["GET"]}}],"collection":[{"href":"https:\/\/dicodusport.fr\/blog\/wp-json\/wp\/v2\/posts"}],"about":[{"href":"https:\/\/dicodusport.fr\/blog\/wp-json\/wp\/v2\/types\/post"}],"author":[{"embeddable":true,"href":"https:\/\/dicodusport.fr\/blog\/wp-json\/wp\/v2\/users\/55"}],"replies":[{"embeddable":true,"href":"https:\/\/dicodusport.fr\/blog\/wp-json\/wp\/v2\/comments?post=428769"}],"version-history":[{"count":0,"href":"https:\/\/dicodusport.fr\/blog\/wp-json\/wp\/v2\/posts\/428769\/revisions"}],"wp:featuredmedia":[{"embeddable":true,"href":"https:\/\/dicodusport.fr\/blog\/wp-json\/wp\/v2\/media\/428807"}],"wp:attachment":[{"href":"https:\/\/dicodusport.fr\/blog\/wp-json\/wp\/v2\/media?parent=428769"}],"wp:term":[{"taxonomy":"category","embeddable":true,"href":"https:\/\/dicodusport.fr\/blog\/wp-json\/wp\/v2\/categories?post=428769"},{"taxonomy":"post_tag","embeddable":true,"href":"https:\/\/dicodusport.fr\/blog\/wp-json\/wp\/v2\/tags?post=428769"}],"curies":[{"name":"wp","href":"https:\/\/api.w.org\/{rel}","templated":true}]}}