{"id":428840,"date":"2023-10-13T08:32:07","date_gmt":"2023-10-13T06:32:07","guid":{"rendered":"https:\/\/dicodusport.fr\/blog\/?p=428840&#038;preview=true&#038;preview_id=428840"},"modified":"2023-11-30T14:02:24","modified_gmt":"2023-11-30T13:02:24","slug":"tour-de-france-2025-le-grand-depart-devrait-etre-donne-dans-les-hauts-de-france","status":"publish","type":"post","link":"https:\/\/dicodusport.fr\/blog\/tour-de-france-2025-le-grand-depart-devrait-etre-donne-dans-les-hauts-de-france\/","title":{"rendered":"Tour de France 2025 : Le Grand D\u00e9part devrait \u00eatre donn\u00e9 dans les Hauts-de-France"},"content":{"rendered":"<p style=\"text-align: justify;\"><strong><em>TOUR DE FRANCE 2025 &#8211; Selon France Bleu, les Hauts-de-France devraient accueillir le Grand D\u00e9part du Tour de France 2025. Lille est notamment pressenti pour le lancement de la 112\u00e8me \u00e9dition de la Grande Boucle.\u00a0<\/em><\/strong><\/p>\n<ul>\n<li style=\"text-align: justify;\"><strong>\u00c0 lire aussi &#8211; <a href=\"https:\/\/dicodusport.fr\/blog\/tour-de-france-2024-rumeurs-et-certitudes-sur-le-parcours\/\">Tour de France 2024 : Rumeurs et certitudes sur le parcours<\/a><\/strong><\/li>\n<\/ul>\n<p style=\"text-align: justify;\">Apr\u00e8s <strong>Brest<\/strong> en 2021, <strong>Lille<\/strong> devrait \u00eatre la prochaine grande ville fran\u00e7aise \u00e0 recevoir le d\u00e9part du <strong>Tour de France<\/strong>. <a href=\"https:\/\/www.francebleu.fr\/sports\/cyclisme\/le-grand-depart-du-tour-de-france-2025-dans-les-hauts-de-france-1418576?\"><em>France Bleu<\/em><\/a> indique en effet que la r\u00e9gion des <strong>Hauts-de-France<\/strong> va organiser le Grand D\u00e9part de la 112\u00e8me \u00e9dition de la Grande Boucle. Avec le soutien de la R\u00e9gion et du Conseil D\u00e9partemental du Nord, la m\u00e9tropole de Lille devrait ainsi \u00eatre l&rsquo;h\u00f4te de l&rsquo;\u00e9v\u00e9nement. Comme le rappellent nos confr\u00e8res, organiser le Grand D\u00e9part du Tour de France co\u00fbte cher, environ 4 millions d&rsquo;euros. Seule l&rsquo;agglom\u00e9ration lilloise semble donc capable d&rsquo;accueillir la caravane du <strong>Tour 2025<\/strong> pour son Grand D\u00e9part.<\/p>\n<ul>\n<li style=\"text-align: justify;\"><strong>\u00c0 ce sujet &#8211; <a href=\"https:\/\/dicodusport.fr\/blog\/tour-de-france-2025-le-parcours-des-trois-premieres-etapes-devoile\/\">Tour de France 2025 : Le parcours des trois premi\u00e8res \u00e9tapes d\u00e9voil\u00e9<\/a><\/strong><\/li>\n<\/ul>\n<p style=\"text-align: justify;\">Pour rappel, la capitale des Flandres a d\u00e9j\u00e0 accueilli le Grand D\u00e9part de l&rsquo;\u00e9preuve. C&rsquo;\u00e9tait en <strong>1994<\/strong>, avec un prologue dans les rues lilloises. En 2025, apr\u00e8s le lancement \u00e0<strong> Lille<\/strong>, le peloton pourrait parcourir l&rsquo;ancienne r\u00e9gion <strong>Nord-Pas-de-Calais<\/strong>, avant de se diriger vers la <strong>Picardie<\/strong>, la <strong>Normandie<\/strong>, puis possiblement la Bretagne. Affaire \u00e0 suivre dans les prochaines semaines.<\/p>\n<blockquote class=\"twitter-tweet\">\n<p dir=\"ltr\" lang=\"fr\">Le Tour de France 2025 devrait s&rsquo;\u00e9lancer de la r\u00e9gion Hauts-de-France, avec quatre \u00e9tapes au programme. Lille pourrait accueillir le Grand D\u00e9part, apr\u00e8s trois \u00e9ditions qui sont parties de l&rsquo;\u00e9tranger. <a href=\"https:\/\/twitter.com\/hashtag\/TDF2025?src=hash&amp;ref_src=twsrc%5Etfw\">#TDF2025<\/a><a href=\"https:\/\/t.co\/BqZCJIu10a\">https:\/\/t.co\/BqZCJIu10a<\/a><\/p>\n<p>\u2014 Le Gruppetto (@LeGruppetto) <a href=\"https:\/\/twitter.com\/LeGruppetto\/status\/1712703415115985176?ref_src=twsrc%5Etfw\">October 13, 2023<\/a><\/p><\/blockquote>\n<p><script async src=\"https:\/\/platform.twitter.com\/widgets.js\" charset=\"utf-8\"><\/script><\/p>\n","protected":false},"excerpt":{"rendered":"<p>TOUR DE FRANCE 2025 &#8211; Selon France Bleu, les Hauts-de-France devraient accueillir le Grand D\u00e9part du Tour de France 2025. Lille est notamment pressenti pour le lancement de la 112\u00e8me \u00e9dition de la Grande Boucle.<\/p>\n","protected":false},"author":4,"featured_media":428849,"comment_status":"open","ping_status":"closed","sticky":false,"template":"","format":"standard","meta":{"_acf_changed":false,"_daextam_enable_autolinks":"1","footnotes":""},"categories":[46995],"tags":[16878,1262],"class_list":["post-428840","post","type-post","status-publish","format-standard","has-post-thumbnail","hentry","category-tour-de-france","tag-breve","tag-tour-de-france"],"acf":[],"yoast_head":"<!-- This site is optimized with the Yoast SEO Premium plugin v26.7 (Yoast SEO v26.7) - https:\/\/yoast.com\/wordpress\/plugins\/seo\/ -->\n<title>Tour de France 2025 : Le Grand D\u00e9part devrait \u00eatre donn\u00e9 dans les Hauts-de-France<\/title>\n<meta name=\"description\" content=\"TOUR DE FRANCE 2025 - Selon France Bleu, les Hauts-de-France devraient accueillir le Grand D\u00e9part du Tour de France 2025.\" \/>\n<meta name=\"robots\" content=\"index, follow, max-snippet:-1, max-image-preview:large, max-video-preview:-1\" \/>\n<link rel=\"canonical\" href=\"https:\/\/dicodusport.fr\/blog\/tour-de-france-2025-le-grand-depart-devrait-etre-donne-dans-les-hauts-de-france\/\" \/>\n<meta property=\"og:locale\" content=\"fr_FR\" \/>\n<meta property=\"og:type\" content=\"article\" \/>\n<meta property=\"og:title\" content=\"Tour de France 2025 : Le Grand D\u00e9part devrait \u00eatre donn\u00e9 dans les Hauts-de-France\" \/>\n<meta property=\"og:description\" content=\"TOUR DE FRANCE 2025 - Selon France Bleu, les Hauts-de-France devraient accueillir le Grand D\u00e9part du Tour de France 2025.\" \/>\n<meta property=\"og:url\" content=\"https:\/\/dicodusport.fr\/blog\/tour-de-france-2025-le-grand-depart-devrait-etre-donne-dans-les-hauts-de-france\/\" \/>\n<meta property=\"og:site_name\" content=\"Dicodusport\" \/>\n<meta property=\"article:publisher\" content=\"https:\/\/www.facebook.com\/dicodusport\" \/>\n<meta property=\"article:author\" content=\"https:\/\/www.facebook.com\/florent.ostermann\" \/>\n<meta property=\"article:published_time\" content=\"2023-10-13T06:32:07+00:00\" \/>\n<meta property=\"article:modified_time\" content=\"2023-11-30T13:02:24+00:00\" \/>\n<meta property=\"og:image\" content=\"https:\/\/dicodusport.fr\/blog\/wp-content\/uploads\/2023\/10\/Tour-de-France-2025-Le-Grand-Depart-devrait-etre-donne-dans-les-Hauts-de-France.png\" \/>\n\t<meta property=\"og:image:width\" content=\"800\" \/>\n\t<meta property=\"og:image:height\" content=\"445\" \/>\n\t<meta property=\"og:image:type\" content=\"image\/png\" \/>\n<meta name=\"author\" content=\"Flo Ostermann\" \/>\n<meta name=\"twitter:card\" content=\"summary_large_image\" \/>\n<meta name=\"twitter:title\" content=\"Tour de France 2025 : Le Grand D\u00e9part devrait \u00eatre donn\u00e9 dans les Hauts-de-France\" \/>\n<meta name=\"twitter:creator\" content=\"@https:\/\/twitter.com\/FlOstermann\" \/>\n<meta name=\"twitter:site\" content=\"@dicodusport\" \/>\n<script type=\"application\/ld+json\" class=\"yoast-schema-graph\">{\"@context\":\"https:\/\/schema.org\",\"@graph\":[{\"@type\":\"NewsArticle\",\"@id\":\"https:\/\/dicodusport.fr\/blog\/tour-de-france-2025-le-grand-depart-devrait-etre-donne-dans-les-hauts-de-france\/#article\",\"isPartOf\":{\"@id\":\"https:\/\/dicodusport.fr\/blog\/tour-de-france-2025-le-grand-depart-devrait-etre-donne-dans-les-hauts-de-france\/\"},\"author\":{\"name\":\"Flo Ostermann\",\"@id\":\"https:\/\/dicodusport.fr\/blog\/#\/schema\/person\/cb02af4c173ce4a653b55e9baf388d4a\"},\"headline\":\"Tour de France 2025 : Le Grand D\u00e9part devrait \u00eatre donn\u00e9 dans les Hauts-de-France\",\"datePublished\":\"2023-10-13T06:32:07+00:00\",\"dateModified\":\"2023-11-30T13:02:24+00:00\",\"mainEntityOfPage\":{\"@id\":\"https:\/\/dicodusport.fr\/blog\/tour-de-france-2025-le-grand-depart-devrait-etre-donne-dans-les-hauts-de-france\/\"},\"wordCount\":295,\"commentCount\":0,\"publisher\":{\"@id\":\"https:\/\/dicodusport.fr\/blog\/#organization\"},\"image\":{\"@id\":\"https:\/\/dicodusport.fr\/blog\/tour-de-france-2025-le-grand-depart-devrait-etre-donne-dans-les-hauts-de-france\/#primaryimage\"},\"thumbnailUrl\":\"https:\/\/dicodusport.fr\/blog\/wp-content\/uploads\/2023\/10\/Tour-de-France-2025-Le-Grand-Depart-devrait-etre-donne-dans-les-Hauts-de-France.png\",\"keywords\":[\"br\u00e8ve\",\"Tour de France\"],\"articleSection\":[\"Tour de France\"],\"inLanguage\":\"fr-FR\",\"potentialAction\":[{\"@type\":\"CommentAction\",\"name\":\"Comment\",\"target\":[\"https:\/\/dicodusport.fr\/blog\/tour-de-france-2025-le-grand-depart-devrait-etre-donne-dans-les-hauts-de-france\/#respond\"]}],\"copyrightYear\":\"2023\",\"copyrightHolder\":{\"@id\":\"https:\/\/dicodusport.fr\/blog\/#organization\"}},{\"@type\":\"WebPage\",\"@id\":\"https:\/\/dicodusport.fr\/blog\/tour-de-france-2025-le-grand-depart-devrait-etre-donne-dans-les-hauts-de-france\/\",\"url\":\"https:\/\/dicodusport.fr\/blog\/tour-de-france-2025-le-grand-depart-devrait-etre-donne-dans-les-hauts-de-france\/\",\"name\":\"Tour de France 2025 : Le Grand D\u00e9part devrait \u00eatre donn\u00e9 dans les Hauts-de-France\",\"isPartOf\":{\"@id\":\"https:\/\/dicodusport.fr\/blog\/#website\"},\"primaryImageOfPage\":{\"@id\":\"https:\/\/dicodusport.fr\/blog\/tour-de-france-2025-le-grand-depart-devrait-etre-donne-dans-les-hauts-de-france\/#primaryimage\"},\"image\":{\"@id\":\"https:\/\/dicodusport.fr\/blog\/tour-de-france-2025-le-grand-depart-devrait-etre-donne-dans-les-hauts-de-france\/#primaryimage\"},\"thumbnailUrl\":\"https:\/\/dicodusport.fr\/blog\/wp-content\/uploads\/2023\/10\/Tour-de-France-2025-Le-Grand-Depart-devrait-etre-donne-dans-les-Hauts-de-France.png\",\"datePublished\":\"2023-10-13T06:32:07+00:00\",\"dateModified\":\"2023-11-30T13:02:24+00:00\",\"description\":\"TOUR DE FRANCE 2025 - Selon France Bleu, les Hauts-de-France devraient accueillir le Grand D\u00e9part du Tour de France 2025.\",\"breadcrumb\":{\"@id\":\"https:\/\/dicodusport.fr\/blog\/tour-de-france-2025-le-grand-depart-devrait-etre-donne-dans-les-hauts-de-france\/#breadcrumb\"},\"inLanguage\":\"fr-FR\",\"potentialAction\":[{\"@type\":\"ReadAction\",\"target\":[\"https:\/\/dicodusport.fr\/blog\/tour-de-france-2025-le-grand-depart-devrait-etre-donne-dans-les-hauts-de-france\/\"]}]},{\"@type\":\"ImageObject\",\"inLanguage\":\"fr-FR\",\"@id\":\"https:\/\/dicodusport.fr\/blog\/tour-de-france-2025-le-grand-depart-devrait-etre-donne-dans-les-hauts-de-france\/#primaryimage\",\"url\":\"https:\/\/dicodusport.fr\/blog\/wp-content\/uploads\/2023\/10\/Tour-de-France-2025-Le-Grand-Depart-devrait-etre-donne-dans-les-Hauts-de-France.png\",\"contentUrl\":\"https:\/\/dicodusport.fr\/blog\/wp-content\/uploads\/2023\/10\/Tour-de-France-2025-Le-Grand-Depart-devrait-etre-donne-dans-les-Hauts-de-France.png\",\"width\":800,\"height\":445,\"caption\":\"Tour de France 2025 Le Grand D\u00e9part devrait \u00eatre donn\u00e9 dans les Hauts-de-France\"},{\"@type\":\"BreadcrumbList\",\"@id\":\"https:\/\/dicodusport.fr\/blog\/tour-de-france-2025-le-grand-depart-devrait-etre-donne-dans-les-hauts-de-france\/#breadcrumb\",\"itemListElement\":[{\"@type\":\"ListItem\",\"position\":1,\"name\":\"Accueil\",\"item\":\"https:\/\/dicodusport.fr\/blog\/\"},{\"@type\":\"ListItem\",\"position\":2,\"name\":\"Tour de France 2025 : Le Grand D\u00e9part devrait \u00eatre donn\u00e9 dans les Hauts-de-France\"}]},{\"@type\":\"WebSite\",\"@id\":\"https:\/\/dicodusport.fr\/blog\/#website\",\"url\":\"https:\/\/dicodusport.fr\/blog\/\",\"name\":\"Dicodusport\",\"description\":\"L&#039;encyclop\u00e9die de l&#039;actualit\u00e9 sportive\",\"publisher\":{\"@id\":\"https:\/\/dicodusport.fr\/blog\/#organization\"},\"potentialAction\":[{\"@type\":\"SearchAction\",\"target\":{\"@type\":\"EntryPoint\",\"urlTemplate\":\"https:\/\/dicodusport.fr\/blog\/?s={search_term_string}\"},\"query-input\":{\"@type\":\"PropertyValueSpecification\",\"valueRequired\":true,\"valueName\":\"search_term_string\"}}],\"inLanguage\":\"fr-FR\"},{\"@type\":\"NewsMediaOrganization\",\"@id\":\"https:\/\/dicodusport.fr\/blog\/#organization\",\"name\":\"Dicodusport\",\"url\":\"https:\/\/dicodusport.fr\/blog\/\",\"logo\":{\"@type\":\"ImageObject\",\"inLanguage\":\"fr-FR\",\"@id\":\"https:\/\/dicodusport.fr\/blog\/#\/schema\/logo\/image\/\",\"url\":\"https:\/\/dicodusport.fr\/blog\/wp-content\/uploads\/2020\/06\/cropped-LOGO-DICODUSPORT-2020-SANS-FOND-SANS-TEXTE.png\",\"contentUrl\":\"https:\/\/dicodusport.fr\/blog\/wp-content\/uploads\/2020\/06\/cropped-LOGO-DICODUSPORT-2020-SANS-FOND-SANS-TEXTE.png\",\"width\":512,\"height\":512,\"caption\":\"Dicodusport\"},\"image\":{\"@id\":\"https:\/\/dicodusport.fr\/blog\/#\/schema\/logo\/image\/\"},\"sameAs\":[\"https:\/\/www.facebook.com\/dicodusport\",\"https:\/\/x.com\/dicodusport\",\"https:\/\/www.instagram.com\/dicodusport\/\",\"https:\/\/www.youtube.com\/channel\/UC7V2KZ5sd3htJivAbA4ZG3w\"],\"description\":\"Dicodusport est l'encyclop\u00e9die de l'actualit\u00e9 sportive.\",\"email\":\"bonjour@dicodusport.fr\",\"legalName\":\"DICODUSPORT\",\"foundingDate\":\"2018-01-14\",\"vatID\":\"FR71834470973\",\"taxID\":\"83447097300043\",\"numberOfEmployees\":{\"@type\":\"QuantitativeValue\",\"minValue\":\"1\",\"maxValue\":\"10\"}},{\"@type\":\"Person\",\"@id\":\"https:\/\/dicodusport.fr\/blog\/#\/schema\/person\/cb02af4c173ce4a653b55e9baf388d4a\",\"name\":\"Flo Ostermann\",\"image\":{\"@type\":\"ImageObject\",\"inLanguage\":\"fr-FR\",\"@id\":\"https:\/\/dicodusport.fr\/blog\/#\/schema\/person\/image\/\",\"url\":\"https:\/\/dicodusport.fr\/blog\/wp-content\/uploads\/2021\/05\/Flo-Ostermann-150x150.jpg\",\"contentUrl\":\"https:\/\/dicodusport.fr\/blog\/wp-content\/uploads\/2021\/05\/Flo-Ostermann-150x150.jpg\",\"caption\":\"Flo Ostermann\"},\"description\":\"Journaliste\/R\u00e9dacteur depuis septembre 2015 - Mes premiers souvenirs dans le sport ? Les envol\u00e9es du Stade Toulousain et les duels Villeneuve-Schumacher et H\u00e4kkinen-Schumacher \u00e0 la fin des ann\u00e9es 90, la Coupe du monde de football en 1998, l\u2019exploit du XV de France face aux All Blacks en 1999, mais aussi Richard C\u0153ur de Lion qui vole sur les montagnes du Tour de France. Bien parti pour devenir professeur d\u2019EPS, les \u00e9v\u00e9nements de la vie (et la flemme d\u2019animer des s\u00e9ances de 3x500 m\u00e8tres toute ma vie) m\u2019ont conduit \u00e0 revoir mes plans. Me voil\u00e0 depuis fin 2017 sur Dicodusport, m\u00e9dia gr\u00e2ce (et pour) lequel je partage ma passion : le sport dans tous ses \u00e9tats. Le tout accompagn\u00e9 par les fous furieux et folles furieuses cit\u00e9s sur cette page !\",\"sameAs\":[\"https:\/\/www.facebook.com\/florent.ostermann\",\"https:\/\/x.com\/https:\/\/twitter.com\/FlOstermann\",\"admin\"],\"url\":\"https:\/\/dicodusport.fr\/blog\/author\/flo\/\"}]}<\/script>\n<!-- \/ Yoast SEO Premium plugin. -->","yoast_head_json":{"title":"Tour de France 2025 : Le Grand D\u00e9part devrait \u00eatre donn\u00e9 dans les Hauts-de-France","description":"TOUR DE FRANCE 2025 - Selon France Bleu, les Hauts-de-France devraient accueillir le Grand D\u00e9part du Tour de France 2025.","robots":{"index":"index","follow":"follow","max-snippet":"max-snippet:-1","max-image-preview":"max-image-preview:large","max-video-preview":"max-video-preview:-1"},"canonical":"https:\/\/dicodusport.fr\/blog\/tour-de-france-2025-le-grand-depart-devrait-etre-donne-dans-les-hauts-de-france\/","og_locale":"fr_FR","og_type":"article","og_title":"Tour de France 2025 : Le Grand D\u00e9part devrait \u00eatre donn\u00e9 dans les Hauts-de-France","og_description":"TOUR DE FRANCE 2025 - Selon France Bleu, les Hauts-de-France devraient accueillir le Grand D\u00e9part du Tour de France 2025.","og_url":"https:\/\/dicodusport.fr\/blog\/tour-de-france-2025-le-grand-depart-devrait-etre-donne-dans-les-hauts-de-france\/","og_site_name":"Dicodusport","article_publisher":"https:\/\/www.facebook.com\/dicodusport","article_author":"https:\/\/www.facebook.com\/florent.ostermann","article_published_time":"2023-10-13T06:32:07+00:00","article_modified_time":"2023-11-30T13:02:24+00:00","og_image":[{"width":800,"height":445,"url":"https:\/\/dicodusport.fr\/blog\/wp-content\/uploads\/2023\/10\/Tour-de-France-2025-Le-Grand-Depart-devrait-etre-donne-dans-les-Hauts-de-France.png","type":"image\/png"}],"author":"Flo Ostermann","twitter_card":"summary_large_image","twitter_title":"Tour de France 2025 : Le Grand D\u00e9part devrait \u00eatre donn\u00e9 dans les Hauts-de-France","twitter_creator":"@https:\/\/twitter.com\/FlOstermann","twitter_site":"@dicodusport","schema":{"@context":"https:\/\/schema.org","@graph":[{"@type":"NewsArticle","@id":"https:\/\/dicodusport.fr\/blog\/tour-de-france-2025-le-grand-depart-devrait-etre-donne-dans-les-hauts-de-france\/#article","isPartOf":{"@id":"https:\/\/dicodusport.fr\/blog\/tour-de-france-2025-le-grand-depart-devrait-etre-donne-dans-les-hauts-de-france\/"},"author":{"name":"Flo Ostermann","@id":"https:\/\/dicodusport.fr\/blog\/#\/schema\/person\/cb02af4c173ce4a653b55e9baf388d4a"},"headline":"Tour de France 2025 : Le Grand D\u00e9part devrait \u00eatre donn\u00e9 dans les Hauts-de-France","datePublished":"2023-10-13T06:32:07+00:00","dateModified":"2023-11-30T13:02:24+00:00","mainEntityOfPage":{"@id":"https:\/\/dicodusport.fr\/blog\/tour-de-france-2025-le-grand-depart-devrait-etre-donne-dans-les-hauts-de-france\/"},"wordCount":295,"commentCount":0,"publisher":{"@id":"https:\/\/dicodusport.fr\/blog\/#organization"},"image":{"@id":"https:\/\/dicodusport.fr\/blog\/tour-de-france-2025-le-grand-depart-devrait-etre-donne-dans-les-hauts-de-france\/#primaryimage"},"thumbnailUrl":"https:\/\/dicodusport.fr\/blog\/wp-content\/uploads\/2023\/10\/Tour-de-France-2025-Le-Grand-Depart-devrait-etre-donne-dans-les-Hauts-de-France.png","keywords":["br\u00e8ve","Tour de France"],"articleSection":["Tour de France"],"inLanguage":"fr-FR","potentialAction":[{"@type":"CommentAction","name":"Comment","target":["https:\/\/dicodusport.fr\/blog\/tour-de-france-2025-le-grand-depart-devrait-etre-donne-dans-les-hauts-de-france\/#respond"]}],"copyrightYear":"2023","copyrightHolder":{"@id":"https:\/\/dicodusport.fr\/blog\/#organization"}},{"@type":"WebPage","@id":"https:\/\/dicodusport.fr\/blog\/tour-de-france-2025-le-grand-depart-devrait-etre-donne-dans-les-hauts-de-france\/","url":"https:\/\/dicodusport.fr\/blog\/tour-de-france-2025-le-grand-depart-devrait-etre-donne-dans-les-hauts-de-france\/","name":"Tour de France 2025 : Le Grand D\u00e9part devrait \u00eatre donn\u00e9 dans les Hauts-de-France","isPartOf":{"@id":"https:\/\/dicodusport.fr\/blog\/#website"},"primaryImageOfPage":{"@id":"https:\/\/dicodusport.fr\/blog\/tour-de-france-2025-le-grand-depart-devrait-etre-donne-dans-les-hauts-de-france\/#primaryimage"},"image":{"@id":"https:\/\/dicodusport.fr\/blog\/tour-de-france-2025-le-grand-depart-devrait-etre-donne-dans-les-hauts-de-france\/#primaryimage"},"thumbnailUrl":"https:\/\/dicodusport.fr\/blog\/wp-content\/uploads\/2023\/10\/Tour-de-France-2025-Le-Grand-Depart-devrait-etre-donne-dans-les-Hauts-de-France.png","datePublished":"2023-10-13T06:32:07+00:00","dateModified":"2023-11-30T13:02:24+00:00","description":"TOUR DE FRANCE 2025 - Selon France Bleu, les Hauts-de-France devraient accueillir le Grand D\u00e9part du Tour de France 2025.","breadcrumb":{"@id":"https:\/\/dicodusport.fr\/blog\/tour-de-france-2025-le-grand-depart-devrait-etre-donne-dans-les-hauts-de-france\/#breadcrumb"},"inLanguage":"fr-FR","potentialAction":[{"@type":"ReadAction","target":["https:\/\/dicodusport.fr\/blog\/tour-de-france-2025-le-grand-depart-devrait-etre-donne-dans-les-hauts-de-france\/"]}]},{"@type":"ImageObject","inLanguage":"fr-FR","@id":"https:\/\/dicodusport.fr\/blog\/tour-de-france-2025-le-grand-depart-devrait-etre-donne-dans-les-hauts-de-france\/#primaryimage","url":"https:\/\/dicodusport.fr\/blog\/wp-content\/uploads\/2023\/10\/Tour-de-France-2025-Le-Grand-Depart-devrait-etre-donne-dans-les-Hauts-de-France.png","contentUrl":"https:\/\/dicodusport.fr\/blog\/wp-content\/uploads\/2023\/10\/Tour-de-France-2025-Le-Grand-Depart-devrait-etre-donne-dans-les-Hauts-de-France.png","width":800,"height":445,"caption":"Tour de France 2025 Le Grand D\u00e9part devrait \u00eatre donn\u00e9 dans les Hauts-de-France"},{"@type":"BreadcrumbList","@id":"https:\/\/dicodusport.fr\/blog\/tour-de-france-2025-le-grand-depart-devrait-etre-donne-dans-les-hauts-de-france\/#breadcrumb","itemListElement":[{"@type":"ListItem","position":1,"name":"Accueil","item":"https:\/\/dicodusport.fr\/blog\/"},{"@type":"ListItem","position":2,"name":"Tour de France 2025 : Le Grand D\u00e9part devrait \u00eatre donn\u00e9 dans les Hauts-de-France"}]},{"@type":"WebSite","@id":"https:\/\/dicodusport.fr\/blog\/#website","url":"https:\/\/dicodusport.fr\/blog\/","name":"Dicodusport","description":"L&#039;encyclop\u00e9die de l&#039;actualit\u00e9 sportive","publisher":{"@id":"https:\/\/dicodusport.fr\/blog\/#organization"},"potentialAction":[{"@type":"SearchAction","target":{"@type":"EntryPoint","urlTemplate":"https:\/\/dicodusport.fr\/blog\/?s={search_term_string}"},"query-input":{"@type":"PropertyValueSpecification","valueRequired":true,"valueName":"search_term_string"}}],"inLanguage":"fr-FR"},{"@type":"NewsMediaOrganization","@id":"https:\/\/dicodusport.fr\/blog\/#organization","name":"Dicodusport","url":"https:\/\/dicodusport.fr\/blog\/","logo":{"@type":"ImageObject","inLanguage":"fr-FR","@id":"https:\/\/dicodusport.fr\/blog\/#\/schema\/logo\/image\/","url":"https:\/\/dicodusport.fr\/blog\/wp-content\/uploads\/2020\/06\/cropped-LOGO-DICODUSPORT-2020-SANS-FOND-SANS-TEXTE.png","contentUrl":"https:\/\/dicodusport.fr\/blog\/wp-content\/uploads\/2020\/06\/cropped-LOGO-DICODUSPORT-2020-SANS-FOND-SANS-TEXTE.png","width":512,"height":512,"caption":"Dicodusport"},"image":{"@id":"https:\/\/dicodusport.fr\/blog\/#\/schema\/logo\/image\/"},"sameAs":["https:\/\/www.facebook.com\/dicodusport","https:\/\/x.com\/dicodusport","https:\/\/www.instagram.com\/dicodusport\/","https:\/\/www.youtube.com\/channel\/UC7V2KZ5sd3htJivAbA4ZG3w"],"description":"Dicodusport est l'encyclop\u00e9die de l'actualit\u00e9 sportive.","email":"bonjour@dicodusport.fr","legalName":"DICODUSPORT","foundingDate":"2018-01-14","vatID":"FR71834470973","taxID":"83447097300043","numberOfEmployees":{"@type":"QuantitativeValue","minValue":"1","maxValue":"10"}},{"@type":"Person","@id":"https:\/\/dicodusport.fr\/blog\/#\/schema\/person\/cb02af4c173ce4a653b55e9baf388d4a","name":"Flo Ostermann","image":{"@type":"ImageObject","inLanguage":"fr-FR","@id":"https:\/\/dicodusport.fr\/blog\/#\/schema\/person\/image\/","url":"https:\/\/dicodusport.fr\/blog\/wp-content\/uploads\/2021\/05\/Flo-Ostermann-150x150.jpg","contentUrl":"https:\/\/dicodusport.fr\/blog\/wp-content\/uploads\/2021\/05\/Flo-Ostermann-150x150.jpg","caption":"Flo Ostermann"},"description":"Journaliste\/R\u00e9dacteur depuis septembre 2015 - Mes premiers souvenirs dans le sport ? Les envol\u00e9es du Stade Toulousain et les duels Villeneuve-Schumacher et H\u00e4kkinen-Schumacher \u00e0 la fin des ann\u00e9es 90, la Coupe du monde de football en 1998, l\u2019exploit du XV de France face aux All Blacks en 1999, mais aussi Richard C\u0153ur de Lion qui vole sur les montagnes du Tour de France. Bien parti pour devenir professeur d\u2019EPS, les \u00e9v\u00e9nements de la vie (et la flemme d\u2019animer des s\u00e9ances de 3x500 m\u00e8tres toute ma vie) m\u2019ont conduit \u00e0 revoir mes plans. Me voil\u00e0 depuis fin 2017 sur Dicodusport, m\u00e9dia gr\u00e2ce (et pour) lequel je partage ma passion : le sport dans tous ses \u00e9tats. Le tout accompagn\u00e9 par les fous furieux et folles furieuses cit\u00e9s sur cette page !","sameAs":["https:\/\/www.facebook.com\/florent.ostermann","https:\/\/x.com\/https:\/\/twitter.com\/FlOstermann","admin"],"url":"https:\/\/dicodusport.fr\/blog\/author\/flo\/"}]}},"_links":{"self":[{"href":"https:\/\/dicodusport.fr\/blog\/wp-json\/wp\/v2\/posts\/428840","targetHints":{"allow":["GET"]}}],"collection":[{"href":"https:\/\/dicodusport.fr\/blog\/wp-json\/wp\/v2\/posts"}],"about":[{"href":"https:\/\/dicodusport.fr\/blog\/wp-json\/wp\/v2\/types\/post"}],"author":[{"embeddable":true,"href":"https:\/\/dicodusport.fr\/blog\/wp-json\/wp\/v2\/users\/4"}],"replies":[{"embeddable":true,"href":"https:\/\/dicodusport.fr\/blog\/wp-json\/wp\/v2\/comments?post=428840"}],"version-history":[{"count":1,"href":"https:\/\/dicodusport.fr\/blog\/wp-json\/wp\/v2\/posts\/428840\/revisions"}],"predecessor-version":[{"id":441351,"href":"https:\/\/dicodusport.fr\/blog\/wp-json\/wp\/v2\/posts\/428840\/revisions\/441351"}],"wp:featuredmedia":[{"embeddable":true,"href":"https:\/\/dicodusport.fr\/blog\/wp-json\/wp\/v2\/media\/428849"}],"wp:attachment":[{"href":"https:\/\/dicodusport.fr\/blog\/wp-json\/wp\/v2\/media?parent=428840"}],"wp:term":[{"taxonomy":"category","embeddable":true,"href":"https:\/\/dicodusport.fr\/blog\/wp-json\/wp\/v2\/categories?post=428840"},{"taxonomy":"post_tag","embeddable":true,"href":"https:\/\/dicodusport.fr\/blog\/wp-json\/wp\/v2\/tags?post=428840"}],"curies":[{"name":"wp","href":"https:\/\/api.w.org\/{rel}","templated":true}]}}