{"id":428896,"date":"2023-11-20T16:46:40","date_gmt":"2023-11-20T15:46:40","guid":{"rendered":"https:\/\/dicodusport.fr\/blog\/?p=428896&#038;preview=true&#038;preview_id=428896"},"modified":"2023-11-29T08:28:23","modified_gmt":"2023-11-29T07:28:23","slug":"tom-reux-en-quete-de-jo-au-lancer-de-disque","status":"publish","type":"post","link":"https:\/\/dicodusport.fr\/blog\/tom-reux-en-quete-de-jo-au-lancer-de-disque\/","title":{"rendered":"Tom Reux en qu\u00eate de JO au lancer du disque"},"content":{"rendered":"<p style=\"text-align: justify;\"><strong><em>ATHL\u00c9TISME &#8211; Portrait de Tom Reux, double champion de France du lancer du disque et qui va essayer de se qualifier aux JO de Paris, en 2024.<\/em><\/strong><\/p>\n<h2 style=\"text-align: justify;\">Record port\u00e9 \u00e0 61.18 m pour Tom Reux<\/h2>\n<p style=\"text-align: justify;\">Il fait partie des espoirs de sa discipline. \u00c0 24 ans, <strong>Tom Reux<\/strong> n&rsquo;est pas le plus connu des athl\u00e8tes. Mais le sp\u00e9cialiste du lancer du disque poss\u00e8de d\u00e9j\u00e0 un joli palmar\u00e8s. Double champion de France de sa discipline, en 2021 \u00e0 Angers et <a href=\"https:\/\/dicodusport.fr\/blog\/calendrier-et-resultats-championnats-de-france-elite-dathletisme-2023\/\">l&rsquo;\u00e9t\u00e9 dernier \u00e0 Albi lors des championnats de France 2023<\/a>, il a port\u00e9 son record personnel \u00e0 61,18 m. Un record effectu\u00e9 d\u00e8s le mois de f\u00e9vrier, qui lui a ouvert les portes de l&rsquo;\u00e9quipe de France, lors de la <a href=\"https:\/\/dicodusport.fr\/blog\/athletisme-programme-et-resultats-coupe-deurope-des-lancers-2023\/\">Coupe d&rsquo;Europe des lancers<\/a>.<\/p>\n<p style=\"text-align: justify;\">C&rsquo;\u00e9tait le 11 mars. Malheureusement, malgr\u00e9 deux autres concours \u00e0 plus de 60 m\u00e8tres (Saint-Brieuc et Angoul\u00eame), le natif de Seine-Saint-Denis n&rsquo;a pu aller chercher une meilleure performance. <em>\u00ab<\/em> <em>Je reste satisfait de ma saison, m\u00eame si l&rsquo;\u00e9t\u00e9 est en demi-teinte \u00bb<\/em>, reconna\u00eet le licenci\u00e9 de l&rsquo;Athletic Club Bretillien. <em>\u00ab J&rsquo;ai \u00e9t\u00e9 r\u00e9gulier entre 59 et 60 m\u00e8tres. Mais j&rsquo;aurais aim\u00e9 m&rsquo;approcher des 64 ou 65 m\u00e8tres. Je sens que j&rsquo;avais cette performance dans les bras. J&rsquo;ai fait preuve de r\u00e9gularit\u00e9, mais il n&rsquo;y a pas eu cette performance de pointe \u00bb<\/em>, analyse <strong>Tom Reux<\/strong>.<\/p>\n<p style=\"text-align: justify;\"><em>\u00ab Il m&rsquo;a manqu\u00e9 une comp\u00e9tition o\u00f9 j&rsquo;\u00e9tais en pleine forme. Peut-\u00eatre aussi des d\u00e9tails techniques suppl\u00e9mentaires. On va analyser cela pour l&rsquo;ann\u00e9e prochaine \u00bb<\/em>. Car les Jeux Olympiques se profilent \u00e0 l&rsquo;horizon. Avec des minima tr\u00e8s exigeants fix\u00e9s \u00e0 67.20 m. Qui correspondraient \u00e0 la 2e performance de l&rsquo;histoire en France. Une montagne \u00e0 gravir pour voir Paris, mais <strong>Tom Reux<\/strong> met tout en place pour r\u00e9ussir : <em>\u00ab<\/em> <em>Je m&rsquo;entra\u00eene en bi-quotidien avec mon coach<\/em> (<strong>NDLR : R\u00e9gis Querard<\/strong>). <em>On a de bonnes infrastructures \u00e0 Dinart. J&rsquo;ai envie de continuer sur ma lanc\u00e9e. Je compte m&rsquo;entourer d&rsquo;un bon staff m\u00e9dical pour performer la saison prochaine \u00bb<\/em>.<\/p>\n<div class=\"vlp-link-container vlp-layout-article\"><a href=\"https:\/\/dicodusport.fr\/blog\/athletisme-les-minima-pour-les-jeux-olympiques-de-paris-2024\/\" class=\"vlp-link\" title=\"Athl\u00e9tisme : Les minima pour les Jeux Olympiques de Paris 2024\"><\/a><div class=\"vlp-layout-zone-side\"><div class=\"vlp-block-4 vlp-link-image\"><img loading=\"lazy\" decoding=\"async\" style=\"max-width: 800px;\" width=\"800\" height=\"445\" src=\"https:\/\/dicodusport.fr\/blog\/wp-content\/uploads\/2023\/08\/Athletisme-Les-minima-pour-les-Jeux-Olympiques-de-Paris-2024.png\" class=\"attachment-800x445 size-800x445\" alt=\"Athl\u00e9tisme : Les minima pour les Jeux Olympiques de Paris 2024\" srcset=\"https:\/\/dicodusport.fr\/blog\/wp-content\/uploads\/2023\/08\/Athletisme-Les-minima-pour-les-Jeux-Olympiques-de-Paris-2024.png 800w, https:\/\/dicodusport.fr\/blog\/wp-content\/uploads\/2023\/08\/Athletisme-Les-minima-pour-les-Jeux-Olympiques-de-Paris-2024-300x167.png 300w, https:\/\/dicodusport.fr\/blog\/wp-content\/uploads\/2023\/08\/Athletisme-Les-minima-pour-les-Jeux-Olympiques-de-Paris-2024-768x427.png 768w\" sizes=\"auto, (max-width: 800px) 100vw, 800px\" \/><\/div><\/div><div class=\"vlp-layout-zone-main\"><div class=\"vlp-block-0 vlp-link-title\">Athl\u00e9tisme : Les minima pour les Jeux Olympiques de Paris 2024<\/div><div class=\"vlp-block-1 vlp-link-summary\">ATHL\u00c9TISME JO DE PARIS 2024 - D\u00e9couvrez les minima World Athletics pour les prochains Jeux Olympiques de Paris 2024.<\/div><div class=\"vlp-block-2 vlp-link-button\">Lire l'article<\/div><div class=\"vlp-block-3 vlp-link-url\">dicodusport.fr<\/div><\/div><\/div>\n<h2 style=\"text-align: justify;\">Le ranking comme solution pour se qualifier aux JO<\/h2>\n<p style=\"text-align: justify;\">Mais, si les minima ne sont pas faits, il y a encore une possibilit\u00e9 de se qualifier au ranking. Chaque comp\u00e9tition, en fonction de son rang, rapporte des points, en fonction de la place \u00e0 laquelle termine un athl\u00e8te. <em>\u00ab<\/em> <em>Il faudra aller sur les meetings internationaux, pour aller chercher les points. Surtout, il faudra performer sur place, mais aussi performer aux championnats de France. Il y aura des moments pr\u00e9cis, o\u00f9 il faudra \u00eatre en forme \u00bb<\/em>. Et, bien g\u00e9rer les param\u00e8tres techniques : <em>\u00ab<\/em> <em>Le disque, tu peux \u00eatre fort physiquement, si la technique ne suit pas, le jet n&rsquo;ira pas loin. On peut arriver en forme et bloquer et faire de mauvaises performances. La technique, c&rsquo;est la base du lancer \u00bb<\/em>.<\/p>\n<p style=\"text-align: justify;\">Les Jeux Olympiques sont forc\u00e9ment un r\u00eave pour celui qui a commenc\u00e9 l&rsquo;athl\u00e9tisme alors qu&rsquo;il \u00e9tait au coll\u00e8ge, et qui se souvient d&rsquo;un concours de <strong>Robert Harting<\/strong>, champion du monde au dernier essai, chez lui \u00e0 Berlin en 2009. <em>\u00ab<\/em> <em>Les lancers, c&rsquo;est vraiment mon m\u00e9tier et une passion. Je suis \u00e0 fond dans ma discipline \u00bb<\/em>. Une discipline, comme la plupart des lancers, qui n&rsquo;est pas tr\u00e8s reconnue en France. M\u00eame si, chez les femmes,<strong> M\u00e9lina Robert-Michon<\/strong> a mis la France sur la carte internationale, avec des m\u00e9dailles internationales : <em>\u00ab <\/em><em>Elle montre \u00e9norm\u00e9ment la discipline sur le plan m\u00e9diatique \u00bb<\/em>, se r\u00e9jouit <strong>Tom Reux<\/strong>. Qui pousse pour que les lanceurs communiquent sur les r\u00e9seaux : <em>\u00ab <\/em><em>On doit faire le travail pour se mettre en avant \u00bb<\/em>.<\/p>\n<p style=\"text-align: justify;\"><strong>Tom Reux<\/strong> vit d\u00e9sormais de son sport : <em>\u00ab C&rsquo;est une lib\u00e9ration, car j&rsquo;ai tout le temps pour me pr\u00e9parer pour les JO. Je suis focus sur ma discipline et sans \u00eatre pr\u00e9occup\u00e9 du reste \u00bb<\/em>. Rendez-vous en 2024 pour la bataille de la qualification olympique. En esp\u00e9rant que cela soit favorable au sp\u00e9cialiste du lancer du disque.<\/p>\n","protected":false},"excerpt":{"rendered":"<p>ATHL\u00c9TISME &#8211; Portrait de Tom Reux, double champion de France du lancer du disque et qui va essayer de se qualifier aux JO de Paris, en 2024.<\/p>\n","protected":false},"author":83,"featured_media":438725,"comment_status":"open","ping_status":"closed","sticky":false,"template":"","format":"standard","meta":{"_acf_changed":false,"_daextam_enable_autolinks":"1","footnotes":""},"categories":[2308],"tags":[143,16878,5716],"class_list":["post-428896","post","type-post","status-publish","format-standard","has-post-thumbnail","hentry","category-athletisme","tag-athletisme","tag-breve","tag-lancer-du-disque"],"acf":[],"yoast_head":"<!-- This site is optimized with the Yoast SEO Premium plugin v26.7 (Yoast SEO v26.7) - https:\/\/yoast.com\/wordpress\/plugins\/seo\/ -->\n<title>Tom Reux en qu\u00eate de JO au lancer du disque<\/title>\n<meta name=\"description\" content=\"ATHL\u00c9TISME - Portrait de Tom Reux, double champion de France du lancer du disque et qui va essayer de se qualifier aux JO de Paris, en 2024.\" \/>\n<meta name=\"robots\" content=\"index, follow, max-snippet:-1, max-image-preview:large, max-video-preview:-1\" \/>\n<link rel=\"canonical\" href=\"https:\/\/dicodusport.fr\/blog\/tom-reux-en-quete-de-jo-au-lancer-de-disque\/\" \/>\n<meta property=\"og:locale\" content=\"fr_FR\" \/>\n<meta property=\"og:type\" content=\"article\" \/>\n<meta property=\"og:title\" content=\"Tom Reux en qu\u00eate de JO au lancer du disque\" \/>\n<meta property=\"og:description\" content=\"ATHL\u00c9TISME - Portrait de Tom Reux, double champion de France du lancer du disque et qui va essayer de se qualifier aux JO de Paris, en 2024.\" \/>\n<meta property=\"og:url\" content=\"https:\/\/dicodusport.fr\/blog\/tom-reux-en-quete-de-jo-au-lancer-de-disque\/\" \/>\n<meta property=\"og:site_name\" content=\"Dicodusport\" \/>\n<meta property=\"article:publisher\" content=\"https:\/\/www.facebook.com\/dicodusport\" \/>\n<meta property=\"article:published_time\" content=\"2023-11-20T15:46:40+00:00\" \/>\n<meta property=\"article:modified_time\" content=\"2023-11-29T07:28:23+00:00\" \/>\n<meta property=\"og:image\" content=\"https:\/\/dicodusport.fr\/blog\/wp-content\/uploads\/2023\/10\/Tom-Reux-en-quete-de-JO-au-lancer-de-disque.png\" \/>\n\t<meta property=\"og:image:width\" content=\"800\" \/>\n\t<meta property=\"og:image:height\" content=\"445\" \/>\n\t<meta property=\"og:image:type\" content=\"image\/png\" \/>\n<meta name=\"author\" content=\"Etienne Goursaud\" \/>\n<meta name=\"twitter:card\" content=\"summary_large_image\" \/>\n<meta name=\"twitter:title\" content=\"Tom Reux en qu\u00eate de JO au lancer du disque\" \/>\n<meta name=\"twitter:creator\" content=\"@dicodusport\" \/>\n<meta name=\"twitter:site\" content=\"@dicodusport\" \/>\n<script type=\"application\/ld+json\" class=\"yoast-schema-graph\">{\"@context\":\"https:\/\/schema.org\",\"@graph\":[{\"@type\":\"NewsArticle\",\"@id\":\"https:\/\/dicodusport.fr\/blog\/tom-reux-en-quete-de-jo-au-lancer-de-disque\/#article\",\"isPartOf\":{\"@id\":\"https:\/\/dicodusport.fr\/blog\/tom-reux-en-quete-de-jo-au-lancer-de-disque\/\"},\"author\":{\"name\":\"Etienne Goursaud\",\"@id\":\"https:\/\/dicodusport.fr\/blog\/#\/schema\/person\/d603dd7da31fb2b46c82b9835a77ec13\"},\"headline\":\"Tom Reux en qu\u00eate de JO au lancer du disque\",\"datePublished\":\"2023-11-20T15:46:40+00:00\",\"dateModified\":\"2023-11-29T07:28:23+00:00\",\"mainEntityOfPage\":{\"@id\":\"https:\/\/dicodusport.fr\/blog\/tom-reux-en-quete-de-jo-au-lancer-de-disque\/\"},\"wordCount\":756,\"commentCount\":0,\"publisher\":{\"@id\":\"https:\/\/dicodusport.fr\/blog\/#organization\"},\"image\":{\"@id\":\"https:\/\/dicodusport.fr\/blog\/tom-reux-en-quete-de-jo-au-lancer-de-disque\/#primaryimage\"},\"thumbnailUrl\":\"https:\/\/dicodusport.fr\/blog\/wp-content\/uploads\/2023\/10\/Tom-Reux-en-quete-de-JO-au-lancer-de-disque.png\",\"keywords\":[\"Athl\u00e9tisme\",\"br\u00e8ve\",\"lancer du disque\"],\"articleSection\":[\"Athl\u00e9tisme\"],\"inLanguage\":\"fr-FR\",\"potentialAction\":[{\"@type\":\"CommentAction\",\"name\":\"Comment\",\"target\":[\"https:\/\/dicodusport.fr\/blog\/tom-reux-en-quete-de-jo-au-lancer-de-disque\/#respond\"]}],\"copyrightYear\":\"2023\",\"copyrightHolder\":{\"@id\":\"https:\/\/dicodusport.fr\/blog\/#organization\"}},{\"@type\":\"WebPage\",\"@id\":\"https:\/\/dicodusport.fr\/blog\/tom-reux-en-quete-de-jo-au-lancer-de-disque\/\",\"url\":\"https:\/\/dicodusport.fr\/blog\/tom-reux-en-quete-de-jo-au-lancer-de-disque\/\",\"name\":\"Tom Reux en qu\u00eate de JO au lancer du disque\",\"isPartOf\":{\"@id\":\"https:\/\/dicodusport.fr\/blog\/#website\"},\"primaryImageOfPage\":{\"@id\":\"https:\/\/dicodusport.fr\/blog\/tom-reux-en-quete-de-jo-au-lancer-de-disque\/#primaryimage\"},\"image\":{\"@id\":\"https:\/\/dicodusport.fr\/blog\/tom-reux-en-quete-de-jo-au-lancer-de-disque\/#primaryimage\"},\"thumbnailUrl\":\"https:\/\/dicodusport.fr\/blog\/wp-content\/uploads\/2023\/10\/Tom-Reux-en-quete-de-JO-au-lancer-de-disque.png\",\"datePublished\":\"2023-11-20T15:46:40+00:00\",\"dateModified\":\"2023-11-29T07:28:23+00:00\",\"description\":\"ATHL\u00c9TISME - Portrait de Tom Reux, double champion de France du lancer du disque et qui va essayer de se qualifier aux JO de Paris, en 2024.\",\"breadcrumb\":{\"@id\":\"https:\/\/dicodusport.fr\/blog\/tom-reux-en-quete-de-jo-au-lancer-de-disque\/#breadcrumb\"},\"inLanguage\":\"fr-FR\",\"potentialAction\":[{\"@type\":\"ReadAction\",\"target\":[\"https:\/\/dicodusport.fr\/blog\/tom-reux-en-quete-de-jo-au-lancer-de-disque\/\"]}]},{\"@type\":\"ImageObject\",\"inLanguage\":\"fr-FR\",\"@id\":\"https:\/\/dicodusport.fr\/blog\/tom-reux-en-quete-de-jo-au-lancer-de-disque\/#primaryimage\",\"url\":\"https:\/\/dicodusport.fr\/blog\/wp-content\/uploads\/2023\/10\/Tom-Reux-en-quete-de-JO-au-lancer-de-disque.png\",\"contentUrl\":\"https:\/\/dicodusport.fr\/blog\/wp-content\/uploads\/2023\/10\/Tom-Reux-en-quete-de-JO-au-lancer-de-disque.png\",\"width\":800,\"height\":445,\"caption\":\"Tom Reux en qu\u00eate de JO au lancer de disque\"},{\"@type\":\"BreadcrumbList\",\"@id\":\"https:\/\/dicodusport.fr\/blog\/tom-reux-en-quete-de-jo-au-lancer-de-disque\/#breadcrumb\",\"itemListElement\":[{\"@type\":\"ListItem\",\"position\":1,\"name\":\"Accueil\",\"item\":\"https:\/\/dicodusport.fr\/blog\/\"},{\"@type\":\"ListItem\",\"position\":2,\"name\":\"Tom Reux en qu\u00eate de JO au lancer du disque\"}]},{\"@type\":\"WebSite\",\"@id\":\"https:\/\/dicodusport.fr\/blog\/#website\",\"url\":\"https:\/\/dicodusport.fr\/blog\/\",\"name\":\"Dicodusport\",\"description\":\"L&#039;encyclop\u00e9die de l&#039;actualit\u00e9 sportive\",\"publisher\":{\"@id\":\"https:\/\/dicodusport.fr\/blog\/#organization\"},\"potentialAction\":[{\"@type\":\"SearchAction\",\"target\":{\"@type\":\"EntryPoint\",\"urlTemplate\":\"https:\/\/dicodusport.fr\/blog\/?s={search_term_string}\"},\"query-input\":{\"@type\":\"PropertyValueSpecification\",\"valueRequired\":true,\"valueName\":\"search_term_string\"}}],\"inLanguage\":\"fr-FR\"},{\"@type\":\"NewsMediaOrganization\",\"@id\":\"https:\/\/dicodusport.fr\/blog\/#organization\",\"name\":\"Dicodusport\",\"url\":\"https:\/\/dicodusport.fr\/blog\/\",\"logo\":{\"@type\":\"ImageObject\",\"inLanguage\":\"fr-FR\",\"@id\":\"https:\/\/dicodusport.fr\/blog\/#\/schema\/logo\/image\/\",\"url\":\"https:\/\/dicodusport.fr\/blog\/wp-content\/uploads\/2020\/06\/cropped-LOGO-DICODUSPORT-2020-SANS-FOND-SANS-TEXTE.png\",\"contentUrl\":\"https:\/\/dicodusport.fr\/blog\/wp-content\/uploads\/2020\/06\/cropped-LOGO-DICODUSPORT-2020-SANS-FOND-SANS-TEXTE.png\",\"width\":512,\"height\":512,\"caption\":\"Dicodusport\"},\"image\":{\"@id\":\"https:\/\/dicodusport.fr\/blog\/#\/schema\/logo\/image\/\"},\"sameAs\":[\"https:\/\/www.facebook.com\/dicodusport\",\"https:\/\/x.com\/dicodusport\",\"https:\/\/www.instagram.com\/dicodusport\/\",\"https:\/\/www.youtube.com\/channel\/UC7V2KZ5sd3htJivAbA4ZG3w\"],\"description\":\"Dicodusport est l'encyclop\u00e9die de l'actualit\u00e9 sportive.\",\"email\":\"bonjour@dicodusport.fr\",\"legalName\":\"DICODUSPORT\",\"foundingDate\":\"2018-01-14\",\"vatID\":\"FR71834470973\",\"taxID\":\"83447097300043\",\"numberOfEmployees\":{\"@type\":\"QuantitativeValue\",\"minValue\":\"1\",\"maxValue\":\"10\"}},{\"@type\":\"Person\",\"@id\":\"https:\/\/dicodusport.fr\/blog\/#\/schema\/person\/d603dd7da31fb2b46c82b9835a77ec13\",\"name\":\"Etienne Goursaud\",\"image\":{\"@type\":\"ImageObject\",\"inLanguage\":\"fr-FR\",\"@id\":\"https:\/\/dicodusport.fr\/blog\/#\/schema\/person\/image\/\",\"url\":\"https:\/\/dicodusport.fr\/blog\/wp-content\/uploads\/2023\/12\/410122264_10231602061736049_5565839791558026645_n-150x150.jpg\",\"contentUrl\":\"https:\/\/dicodusport.fr\/blog\/wp-content\/uploads\/2023\/12\/410122264_10231602061736049_5565839791558026645_n-150x150.jpg\",\"caption\":\"Etienne Goursaud\"},\"description\":\"Journaliste et amoureux de sport. Ancien footballeur reconverti athl\u00e8te quand ses muscles le laissent tranquille. \u00c9lev\u00e9 \u00e0 la sauce des exploits de Thomas Voeckler en 2004, du dernier essai de l\u00e9gende de Eunice Barber \u00e0 la longueur lors des championnats du monde d'athl\u00e9tisme de 2003 mais aussi Zidane, Omeyer et Titou Lamaison.\",\"url\":\"https:\/\/dicodusport.fr\/blog\/author\/etienne-goursaud\/\"}]}<\/script>\n<!-- \/ Yoast SEO Premium plugin. -->","yoast_head_json":{"title":"Tom Reux en qu\u00eate de JO au lancer du disque","description":"ATHL\u00c9TISME - Portrait de Tom Reux, double champion de France du lancer du disque et qui va essayer de se qualifier aux JO de Paris, en 2024.","robots":{"index":"index","follow":"follow","max-snippet":"max-snippet:-1","max-image-preview":"max-image-preview:large","max-video-preview":"max-video-preview:-1"},"canonical":"https:\/\/dicodusport.fr\/blog\/tom-reux-en-quete-de-jo-au-lancer-de-disque\/","og_locale":"fr_FR","og_type":"article","og_title":"Tom Reux en qu\u00eate de JO au lancer du disque","og_description":"ATHL\u00c9TISME - Portrait de Tom Reux, double champion de France du lancer du disque et qui va essayer de se qualifier aux JO de Paris, en 2024.","og_url":"https:\/\/dicodusport.fr\/blog\/tom-reux-en-quete-de-jo-au-lancer-de-disque\/","og_site_name":"Dicodusport","article_publisher":"https:\/\/www.facebook.com\/dicodusport","article_published_time":"2023-11-20T15:46:40+00:00","article_modified_time":"2023-11-29T07:28:23+00:00","og_image":[{"width":800,"height":445,"url":"https:\/\/dicodusport.fr\/blog\/wp-content\/uploads\/2023\/10\/Tom-Reux-en-quete-de-JO-au-lancer-de-disque.png","type":"image\/png"}],"author":"Etienne Goursaud","twitter_card":"summary_large_image","twitter_title":"Tom Reux en qu\u00eate de JO au lancer du disque","twitter_creator":"@dicodusport","twitter_site":"@dicodusport","schema":{"@context":"https:\/\/schema.org","@graph":[{"@type":"NewsArticle","@id":"https:\/\/dicodusport.fr\/blog\/tom-reux-en-quete-de-jo-au-lancer-de-disque\/#article","isPartOf":{"@id":"https:\/\/dicodusport.fr\/blog\/tom-reux-en-quete-de-jo-au-lancer-de-disque\/"},"author":{"name":"Etienne Goursaud","@id":"https:\/\/dicodusport.fr\/blog\/#\/schema\/person\/d603dd7da31fb2b46c82b9835a77ec13"},"headline":"Tom Reux en qu\u00eate de JO au lancer du disque","datePublished":"2023-11-20T15:46:40+00:00","dateModified":"2023-11-29T07:28:23+00:00","mainEntityOfPage":{"@id":"https:\/\/dicodusport.fr\/blog\/tom-reux-en-quete-de-jo-au-lancer-de-disque\/"},"wordCount":756,"commentCount":0,"publisher":{"@id":"https:\/\/dicodusport.fr\/blog\/#organization"},"image":{"@id":"https:\/\/dicodusport.fr\/blog\/tom-reux-en-quete-de-jo-au-lancer-de-disque\/#primaryimage"},"thumbnailUrl":"https:\/\/dicodusport.fr\/blog\/wp-content\/uploads\/2023\/10\/Tom-Reux-en-quete-de-JO-au-lancer-de-disque.png","keywords":["Athl\u00e9tisme","br\u00e8ve","lancer du disque"],"articleSection":["Athl\u00e9tisme"],"inLanguage":"fr-FR","potentialAction":[{"@type":"CommentAction","name":"Comment","target":["https:\/\/dicodusport.fr\/blog\/tom-reux-en-quete-de-jo-au-lancer-de-disque\/#respond"]}],"copyrightYear":"2023","copyrightHolder":{"@id":"https:\/\/dicodusport.fr\/blog\/#organization"}},{"@type":"WebPage","@id":"https:\/\/dicodusport.fr\/blog\/tom-reux-en-quete-de-jo-au-lancer-de-disque\/","url":"https:\/\/dicodusport.fr\/blog\/tom-reux-en-quete-de-jo-au-lancer-de-disque\/","name":"Tom Reux en qu\u00eate de JO au lancer du disque","isPartOf":{"@id":"https:\/\/dicodusport.fr\/blog\/#website"},"primaryImageOfPage":{"@id":"https:\/\/dicodusport.fr\/blog\/tom-reux-en-quete-de-jo-au-lancer-de-disque\/#primaryimage"},"image":{"@id":"https:\/\/dicodusport.fr\/blog\/tom-reux-en-quete-de-jo-au-lancer-de-disque\/#primaryimage"},"thumbnailUrl":"https:\/\/dicodusport.fr\/blog\/wp-content\/uploads\/2023\/10\/Tom-Reux-en-quete-de-JO-au-lancer-de-disque.png","datePublished":"2023-11-20T15:46:40+00:00","dateModified":"2023-11-29T07:28:23+00:00","description":"ATHL\u00c9TISME - Portrait de Tom Reux, double champion de France du lancer du disque et qui va essayer de se qualifier aux JO de Paris, en 2024.","breadcrumb":{"@id":"https:\/\/dicodusport.fr\/blog\/tom-reux-en-quete-de-jo-au-lancer-de-disque\/#breadcrumb"},"inLanguage":"fr-FR","potentialAction":[{"@type":"ReadAction","target":["https:\/\/dicodusport.fr\/blog\/tom-reux-en-quete-de-jo-au-lancer-de-disque\/"]}]},{"@type":"ImageObject","inLanguage":"fr-FR","@id":"https:\/\/dicodusport.fr\/blog\/tom-reux-en-quete-de-jo-au-lancer-de-disque\/#primaryimage","url":"https:\/\/dicodusport.fr\/blog\/wp-content\/uploads\/2023\/10\/Tom-Reux-en-quete-de-JO-au-lancer-de-disque.png","contentUrl":"https:\/\/dicodusport.fr\/blog\/wp-content\/uploads\/2023\/10\/Tom-Reux-en-quete-de-JO-au-lancer-de-disque.png","width":800,"height":445,"caption":"Tom Reux en qu\u00eate de JO au lancer de disque"},{"@type":"BreadcrumbList","@id":"https:\/\/dicodusport.fr\/blog\/tom-reux-en-quete-de-jo-au-lancer-de-disque\/#breadcrumb","itemListElement":[{"@type":"ListItem","position":1,"name":"Accueil","item":"https:\/\/dicodusport.fr\/blog\/"},{"@type":"ListItem","position":2,"name":"Tom Reux en qu\u00eate de JO au lancer du disque"}]},{"@type":"WebSite","@id":"https:\/\/dicodusport.fr\/blog\/#website","url":"https:\/\/dicodusport.fr\/blog\/","name":"Dicodusport","description":"L&#039;encyclop\u00e9die de l&#039;actualit\u00e9 sportive","publisher":{"@id":"https:\/\/dicodusport.fr\/blog\/#organization"},"potentialAction":[{"@type":"SearchAction","target":{"@type":"EntryPoint","urlTemplate":"https:\/\/dicodusport.fr\/blog\/?s={search_term_string}"},"query-input":{"@type":"PropertyValueSpecification","valueRequired":true,"valueName":"search_term_string"}}],"inLanguage":"fr-FR"},{"@type":"NewsMediaOrganization","@id":"https:\/\/dicodusport.fr\/blog\/#organization","name":"Dicodusport","url":"https:\/\/dicodusport.fr\/blog\/","logo":{"@type":"ImageObject","inLanguage":"fr-FR","@id":"https:\/\/dicodusport.fr\/blog\/#\/schema\/logo\/image\/","url":"https:\/\/dicodusport.fr\/blog\/wp-content\/uploads\/2020\/06\/cropped-LOGO-DICODUSPORT-2020-SANS-FOND-SANS-TEXTE.png","contentUrl":"https:\/\/dicodusport.fr\/blog\/wp-content\/uploads\/2020\/06\/cropped-LOGO-DICODUSPORT-2020-SANS-FOND-SANS-TEXTE.png","width":512,"height":512,"caption":"Dicodusport"},"image":{"@id":"https:\/\/dicodusport.fr\/blog\/#\/schema\/logo\/image\/"},"sameAs":["https:\/\/www.facebook.com\/dicodusport","https:\/\/x.com\/dicodusport","https:\/\/www.instagram.com\/dicodusport\/","https:\/\/www.youtube.com\/channel\/UC7V2KZ5sd3htJivAbA4ZG3w"],"description":"Dicodusport est l'encyclop\u00e9die de l'actualit\u00e9 sportive.","email":"bonjour@dicodusport.fr","legalName":"DICODUSPORT","foundingDate":"2018-01-14","vatID":"FR71834470973","taxID":"83447097300043","numberOfEmployees":{"@type":"QuantitativeValue","minValue":"1","maxValue":"10"}},{"@type":"Person","@id":"https:\/\/dicodusport.fr\/blog\/#\/schema\/person\/d603dd7da31fb2b46c82b9835a77ec13","name":"Etienne Goursaud","image":{"@type":"ImageObject","inLanguage":"fr-FR","@id":"https:\/\/dicodusport.fr\/blog\/#\/schema\/person\/image\/","url":"https:\/\/dicodusport.fr\/blog\/wp-content\/uploads\/2023\/12\/410122264_10231602061736049_5565839791558026645_n-150x150.jpg","contentUrl":"https:\/\/dicodusport.fr\/blog\/wp-content\/uploads\/2023\/12\/410122264_10231602061736049_5565839791558026645_n-150x150.jpg","caption":"Etienne Goursaud"},"description":"Journaliste et amoureux de sport. Ancien footballeur reconverti athl\u00e8te quand ses muscles le laissent tranquille. \u00c9lev\u00e9 \u00e0 la sauce des exploits de Thomas Voeckler en 2004, du dernier essai de l\u00e9gende de Eunice Barber \u00e0 la longueur lors des championnats du monde d'athl\u00e9tisme de 2003 mais aussi Zidane, Omeyer et Titou Lamaison.","url":"https:\/\/dicodusport.fr\/blog\/author\/etienne-goursaud\/"}]}},"_links":{"self":[{"href":"https:\/\/dicodusport.fr\/blog\/wp-json\/wp\/v2\/posts\/428896","targetHints":{"allow":["GET"]}}],"collection":[{"href":"https:\/\/dicodusport.fr\/blog\/wp-json\/wp\/v2\/posts"}],"about":[{"href":"https:\/\/dicodusport.fr\/blog\/wp-json\/wp\/v2\/types\/post"}],"author":[{"embeddable":true,"href":"https:\/\/dicodusport.fr\/blog\/wp-json\/wp\/v2\/users\/83"}],"replies":[{"embeddable":true,"href":"https:\/\/dicodusport.fr\/blog\/wp-json\/wp\/v2\/comments?post=428896"}],"version-history":[{"count":5,"href":"https:\/\/dicodusport.fr\/blog\/wp-json\/wp\/v2\/posts\/428896\/revisions"}],"predecessor-version":[{"id":440991,"href":"https:\/\/dicodusport.fr\/blog\/wp-json\/wp\/v2\/posts\/428896\/revisions\/440991"}],"wp:featuredmedia":[{"embeddable":true,"href":"https:\/\/dicodusport.fr\/blog\/wp-json\/wp\/v2\/media\/438725"}],"wp:attachment":[{"href":"https:\/\/dicodusport.fr\/blog\/wp-json\/wp\/v2\/media?parent=428896"}],"wp:term":[{"taxonomy":"category","embeddable":true,"href":"https:\/\/dicodusport.fr\/blog\/wp-json\/wp\/v2\/categories?post=428896"},{"taxonomy":"post_tag","embeddable":true,"href":"https:\/\/dicodusport.fr\/blog\/wp-json\/wp\/v2\/tags?post=428896"}],"curies":[{"name":"wp","href":"https:\/\/api.w.org\/{rel}","templated":true}]}}