{"id":428971,"date":"2023-10-13T17:27:26","date_gmt":"2023-10-13T15:27:26","guid":{"rendered":"https:\/\/dicodusport.fr\/blog\/?p=428971&#038;preview=true&#038;preview_id=428971"},"modified":"2023-10-14T13:26:58","modified_gmt":"2023-10-14T11:26:58","slug":"chrono-des-nations-2023-les-engages","status":"publish","type":"post","link":"https:\/\/dicodusport.fr\/blog\/chrono-des-nations-2023-les-engages\/","title":{"rendered":"Chrono des Nations 2023 : Les engag\u00e9s"},"content":{"rendered":"<p style=\"text-align: justify;\"><strong><em><a href=\"https:\/\/dicodusport.fr\/blog\/actualites\/cyclisme\/cyclisme-sur-route-2023\/\">CYCLISME SUR ROUTE 2023<\/a> \u2013 D\u00e9couvrez la liste des engag\u00e9s du Chrono des Nations 2023, la 42\u00e8me \u00e9dition de la course qui se d\u00e9roule ce dimanche 15 octobre 2023.<\/em><\/strong><\/p>\n<ul style=\"text-align: justify;\">\n<li style=\"text-align: justify;\"><strong>\u00c0 lire aussi &#8211; <a href=\"https:\/\/dicodusport.fr\/blog\/profil-du-chrono-des-nations-2023\/\" target=\"_blank\" rel=\"noopener\">Profil du Chrono des Nations 2023<\/a><\/strong><\/li>\n<\/ul>\n<p style=\"text-align: justify;\">Qui pour succ\u00e9der \u00e0 <strong>Stefan<\/strong> <strong>K\u00fcng<\/strong> (Groupama &#8211; FDJ), vainqueur des deux derni\u00e8res \u00e9ditions du Chrono des Nations ? Le Suisse n&rsquo;est pas pr\u00e9sent cette ann\u00e9e, mais son \u00e9quipe envoie malgr\u00e9 tout deux coureurs. <strong>Enzo<\/strong> <strong>Paleni<\/strong> et <strong>Cl\u00e9ment<\/strong> <strong>Davy<\/strong> (Groupama &#8211; FDJ) seront bien au d\u00e9part dimanche.<\/p>\n<p style=\"text-align: justify;\">Les deux grands favoris de cette \u00e9dition sont le champion du monde <strong>Remco<\/strong> <strong>Evenepoel<\/strong> (Soudal &#8211; Quick-Step) et la p\u00e9pite <strong>Joshua<\/strong> <strong>Tarling<\/strong> (INEOS Grenadiers). Les deux hommes ont brill\u00e9 dans l&rsquo;effort solitaire cette saison. Ce sera la derni\u00e8re sortie de la saison pour <strong>Remco Evenepoe<\/strong>l, qui a r\u00e9cemment confirm\u00e9 qu&rsquo;il restait dans l&rsquo;\u00e9quipe belge.<\/p>\n<p style=\"text-align: justify;\">Ce duel sera arbitr\u00e9 par plusieurs outsiders comme <strong>Mikkel<\/strong> <strong>Bjerg<\/strong> (UAE Team Emirates), <strong>R\u00e9mi<\/strong> <strong>Cavagna<\/strong> (Soudal &#8211; Quick-Step), <strong>Stefan<\/strong> <strong>Bissegger<\/strong> (EF Education &#8211; EasyPost) ou encore le jeune <strong>Alec<\/strong> <strong>Segaert<\/strong> (Lotto Dstny).<\/p>\n<h2 style=\"text-align: justify;\">Les engag\u00e9s du Chrono des Nations 2023<\/h2>\n<p style=\"text-align: justify;\"><a href=\"https:\/\/dicodusport.fr\/blog\/wp-content\/uploads\/2023\/10\/Engages-provisoires-Chrono-des-Nations-2023.pdf\" class=\"pdfemb-viewer\" style=\"\" data-width=\"max\" data-height=\"max\"  data-toolbar=\"both\" data-toolbar-fixed=\"on\">Engage\u0301s provisoires Chrono des Nations 2023<br\/><\/a>\n","protected":false},"excerpt":{"rendered":"<p>CYCLISME SUR ROUTE 2023 \u2013 D\u00e9couvrez la liste des engag\u00e9s du Chrono des Nations 2023, la 42\u00e8me \u00e9dition de la course qui se d\u00e9roule ce dimanche 15 octobre 2023.<\/p>\n","protected":false},"author":1,"featured_media":428974,"comment_status":"open","ping_status":"closed","sticky":false,"template":"","format":"standard","meta":{"_acf_changed":false,"_daextam_enable_autolinks":"1","footnotes":""},"categories":[46994],"tags":[16878,19899,574,8178],"class_list":["post-428971","post","type-post","status-publish","format-standard","has-post-thumbnail","hentry","category-cyclisme-sur-route","tag-breve","tag-chrono-des-nations","tag-cyclisme","tag-engages"],"acf":[],"yoast_head":"<!-- This site is optimized with the Yoast SEO Premium plugin v26.7 (Yoast SEO v26.7) - https:\/\/yoast.com\/wordpress\/plugins\/seo\/ -->\n<title>Chrono des Nations 2023 : Les engag\u00e9s<\/title>\n<meta name=\"description\" content=\"CYCLISME SUR ROUTE 2023 \u2013 D\u00e9couvrez la liste des engag\u00e9s du Chrono des Nations 2023, la 42\u00e8me \u00e9dition de la course.\" \/>\n<meta name=\"robots\" content=\"index, follow, max-snippet:-1, max-image-preview:large, max-video-preview:-1\" \/>\n<link rel=\"canonical\" href=\"https:\/\/dicodusport.fr\/blog\/chrono-des-nations-2023-les-engages\/\" \/>\n<meta property=\"og:locale\" content=\"fr_FR\" \/>\n<meta property=\"og:type\" content=\"article\" \/>\n<meta property=\"og:title\" content=\"Chrono des Nations 2023 : Les engag\u00e9s\" \/>\n<meta property=\"og:description\" content=\"CYCLISME SUR ROUTE 2023 \u2013 D\u00e9couvrez la liste des engag\u00e9s du Chrono des Nations 2023, la 42\u00e8me \u00e9dition de la course.\" \/>\n<meta property=\"og:url\" content=\"https:\/\/dicodusport.fr\/blog\/chrono-des-nations-2023-les-engages\/\" \/>\n<meta property=\"og:site_name\" content=\"Dicodusport\" \/>\n<meta property=\"article:publisher\" content=\"https:\/\/www.facebook.com\/dicodusport\" \/>\n<meta property=\"article:author\" content=\"https:\/\/www.facebook.com\/dicodusport\" \/>\n<meta property=\"article:published_time\" content=\"2023-10-13T15:27:26+00:00\" \/>\n<meta property=\"article:modified_time\" content=\"2023-10-14T11:26:58+00:00\" \/>\n<meta property=\"og:image\" content=\"https:\/\/dicodusport.fr\/blog\/wp-content\/uploads\/2023\/10\/Chrono-des-Nations-2023-Les-engages.png\" \/>\n\t<meta property=\"og:image:width\" content=\"800\" \/>\n\t<meta property=\"og:image:height\" content=\"445\" \/>\n\t<meta property=\"og:image:type\" content=\"image\/png\" \/>\n<meta name=\"author\" content=\"Nicolas Jacquemard\" \/>\n<meta name=\"twitter:card\" content=\"summary_large_image\" \/>\n<meta name=\"twitter:title\" content=\"Chrono des Nations 2023 : Les engag\u00e9s\" \/>\n<meta name=\"twitter:creator\" content=\"@https:\/\/twitter.com\/Nico_Jacquemard\" \/>\n<meta name=\"twitter:site\" content=\"@dicodusport\" \/>\n<script type=\"application\/ld+json\" class=\"yoast-schema-graph\">{\"@context\":\"https:\/\/schema.org\",\"@graph\":[{\"@type\":\"NewsArticle\",\"@id\":\"https:\/\/dicodusport.fr\/blog\/chrono-des-nations-2023-les-engages\/#article\",\"isPartOf\":{\"@id\":\"https:\/\/dicodusport.fr\/blog\/chrono-des-nations-2023-les-engages\/\"},\"author\":{\"name\":\"Nicolas Jacquemard\",\"@id\":\"https:\/\/dicodusport.fr\/blog\/#\/schema\/person\/55dcb50ad410894e431ed812bbb70191\"},\"headline\":\"Chrono des Nations 2023 : Les engag\u00e9s\",\"datePublished\":\"2023-10-13T15:27:26+00:00\",\"dateModified\":\"2023-10-14T11:26:58+00:00\",\"mainEntityOfPage\":{\"@id\":\"https:\/\/dicodusport.fr\/blog\/chrono-des-nations-2023-les-engages\/\"},\"wordCount\":211,\"commentCount\":0,\"publisher\":{\"@id\":\"https:\/\/dicodusport.fr\/blog\/#organization\"},\"image\":{\"@id\":\"https:\/\/dicodusport.fr\/blog\/chrono-des-nations-2023-les-engages\/#primaryimage\"},\"thumbnailUrl\":\"https:\/\/dicodusport.fr\/blog\/wp-content\/uploads\/2023\/10\/Chrono-des-Nations-2023-Les-engages.png\",\"keywords\":[\"br\u00e8ve\",\"Chrono des Nations\",\"Cyclisme\",\"Engag\u00e9s\"],\"articleSection\":[\"Cyclisme sur route\"],\"inLanguage\":\"fr-FR\",\"potentialAction\":[{\"@type\":\"CommentAction\",\"name\":\"Comment\",\"target\":[\"https:\/\/dicodusport.fr\/blog\/chrono-des-nations-2023-les-engages\/#respond\"]}],\"copyrightYear\":\"2023\",\"copyrightHolder\":{\"@id\":\"https:\/\/dicodusport.fr\/blog\/#organization\"}},{\"@type\":\"WebPage\",\"@id\":\"https:\/\/dicodusport.fr\/blog\/chrono-des-nations-2023-les-engages\/\",\"url\":\"https:\/\/dicodusport.fr\/blog\/chrono-des-nations-2023-les-engages\/\",\"name\":\"Chrono des Nations 2023 : Les engag\u00e9s\",\"isPartOf\":{\"@id\":\"https:\/\/dicodusport.fr\/blog\/#website\"},\"primaryImageOfPage\":{\"@id\":\"https:\/\/dicodusport.fr\/blog\/chrono-des-nations-2023-les-engages\/#primaryimage\"},\"image\":{\"@id\":\"https:\/\/dicodusport.fr\/blog\/chrono-des-nations-2023-les-engages\/#primaryimage\"},\"thumbnailUrl\":\"https:\/\/dicodusport.fr\/blog\/wp-content\/uploads\/2023\/10\/Chrono-des-Nations-2023-Les-engages.png\",\"datePublished\":\"2023-10-13T15:27:26+00:00\",\"dateModified\":\"2023-10-14T11:26:58+00:00\",\"description\":\"CYCLISME SUR ROUTE 2023 \u2013 D\u00e9couvrez la liste des engag\u00e9s du Chrono des Nations 2023, la 42\u00e8me \u00e9dition de la course.\",\"breadcrumb\":{\"@id\":\"https:\/\/dicodusport.fr\/blog\/chrono-des-nations-2023-les-engages\/#breadcrumb\"},\"inLanguage\":\"fr-FR\",\"potentialAction\":[{\"@type\":\"ReadAction\",\"target\":[\"https:\/\/dicodusport.fr\/blog\/chrono-des-nations-2023-les-engages\/\"]}]},{\"@type\":\"ImageObject\",\"inLanguage\":\"fr-FR\",\"@id\":\"https:\/\/dicodusport.fr\/blog\/chrono-des-nations-2023-les-engages\/#primaryimage\",\"url\":\"https:\/\/dicodusport.fr\/blog\/wp-content\/uploads\/2023\/10\/Chrono-des-Nations-2023-Les-engages.png\",\"contentUrl\":\"https:\/\/dicodusport.fr\/blog\/wp-content\/uploads\/2023\/10\/Chrono-des-Nations-2023-Les-engages.png\",\"width\":800,\"height\":445},{\"@type\":\"BreadcrumbList\",\"@id\":\"https:\/\/dicodusport.fr\/blog\/chrono-des-nations-2023-les-engages\/#breadcrumb\",\"itemListElement\":[{\"@type\":\"ListItem\",\"position\":1,\"name\":\"Accueil\",\"item\":\"https:\/\/dicodusport.fr\/blog\/\"},{\"@type\":\"ListItem\",\"position\":2,\"name\":\"Chrono des Nations 2023 : Les engag\u00e9s\"}]},{\"@type\":\"WebSite\",\"@id\":\"https:\/\/dicodusport.fr\/blog\/#website\",\"url\":\"https:\/\/dicodusport.fr\/blog\/\",\"name\":\"Dicodusport\",\"description\":\"L&#039;encyclop\u00e9die de l&#039;actualit\u00e9 sportive\",\"publisher\":{\"@id\":\"https:\/\/dicodusport.fr\/blog\/#organization\"},\"potentialAction\":[{\"@type\":\"SearchAction\",\"target\":{\"@type\":\"EntryPoint\",\"urlTemplate\":\"https:\/\/dicodusport.fr\/blog\/?s={search_term_string}\"},\"query-input\":{\"@type\":\"PropertyValueSpecification\",\"valueRequired\":true,\"valueName\":\"search_term_string\"}}],\"inLanguage\":\"fr-FR\"},{\"@type\":\"NewsMediaOrganization\",\"@id\":\"https:\/\/dicodusport.fr\/blog\/#organization\",\"name\":\"Dicodusport\",\"url\":\"https:\/\/dicodusport.fr\/blog\/\",\"logo\":{\"@type\":\"ImageObject\",\"inLanguage\":\"fr-FR\",\"@id\":\"https:\/\/dicodusport.fr\/blog\/#\/schema\/logo\/image\/\",\"url\":\"https:\/\/dicodusport.fr\/blog\/wp-content\/uploads\/2020\/06\/cropped-LOGO-DICODUSPORT-2020-SANS-FOND-SANS-TEXTE.png\",\"contentUrl\":\"https:\/\/dicodusport.fr\/blog\/wp-content\/uploads\/2020\/06\/cropped-LOGO-DICODUSPORT-2020-SANS-FOND-SANS-TEXTE.png\",\"width\":512,\"height\":512,\"caption\":\"Dicodusport\"},\"image\":{\"@id\":\"https:\/\/dicodusport.fr\/blog\/#\/schema\/logo\/image\/\"},\"sameAs\":[\"https:\/\/www.facebook.com\/dicodusport\",\"https:\/\/x.com\/dicodusport\",\"https:\/\/www.instagram.com\/dicodusport\/\",\"https:\/\/www.youtube.com\/channel\/UC7V2KZ5sd3htJivAbA4ZG3w\"],\"description\":\"Dicodusport est l'encyclop\u00e9die de l'actualit\u00e9 sportive.\",\"email\":\"bonjour@dicodusport.fr\",\"legalName\":\"DICODUSPORT\",\"foundingDate\":\"2018-01-14\",\"vatID\":\"FR71834470973\",\"taxID\":\"83447097300043\",\"numberOfEmployees\":{\"@type\":\"QuantitativeValue\",\"minValue\":\"1\",\"maxValue\":\"10\"}},{\"@type\":\"Person\",\"@id\":\"https:\/\/dicodusport.fr\/blog\/#\/schema\/person\/55dcb50ad410894e431ed812bbb70191\",\"name\":\"Nicolas Jacquemard\",\"image\":{\"@type\":\"ImageObject\",\"inLanguage\":\"fr-FR\",\"@id\":\"https:\/\/dicodusport.fr\/blog\/#\/schema\/person\/image\/\",\"url\":\"https:\/\/dicodusport.fr\/blog\/wp-content\/uploads\/2021\/05\/Nicolas-Jacquemard-150x150.jpeg\",\"contentUrl\":\"https:\/\/dicodusport.fr\/blog\/wp-content\/uploads\/2021\/05\/Nicolas-Jacquemard-150x150.jpeg\",\"caption\":\"Nicolas Jacquemard\"},\"description\":\"Passionn\u00e9 de sport et entrepreneur depuis mes 18 ans, la cr\u00e9ation de Dicodusport m'a sembl\u00e9 \u00e9vidente pour participer \u00e0 la m\u00e9diatisation d'un plus grand nombre de sports. Le chemin est long mais avec une \u00e9quipe des plus motiv\u00e9es et les Jeux Olympiques de Paris 2024 en point de mire, nous y arriverons ! Journaliste dans le monde du sport depuis plus de 5 ans, je traite aussi bien de football, de rugby, de biathlon que de cyclisme.\",\"sameAs\":[\"https:\/\/www.facebook.com\/dicodusport\",\"https:\/\/x.com\/https:\/\/twitter.com\/Nico_Jacquemard\"],\"url\":\"https:\/\/dicodusport.fr\/blog\/author\/dicodusport\/\"}]}<\/script>\n<!-- \/ Yoast SEO Premium plugin. -->","yoast_head_json":{"title":"Chrono des Nations 2023 : Les engag\u00e9s","description":"CYCLISME SUR ROUTE 2023 \u2013 D\u00e9couvrez la liste des engag\u00e9s du Chrono des Nations 2023, la 42\u00e8me \u00e9dition de la course.","robots":{"index":"index","follow":"follow","max-snippet":"max-snippet:-1","max-image-preview":"max-image-preview:large","max-video-preview":"max-video-preview:-1"},"canonical":"https:\/\/dicodusport.fr\/blog\/chrono-des-nations-2023-les-engages\/","og_locale":"fr_FR","og_type":"article","og_title":"Chrono des Nations 2023 : Les engag\u00e9s","og_description":"CYCLISME SUR ROUTE 2023 \u2013 D\u00e9couvrez la liste des engag\u00e9s du Chrono des Nations 2023, la 42\u00e8me \u00e9dition de la course.","og_url":"https:\/\/dicodusport.fr\/blog\/chrono-des-nations-2023-les-engages\/","og_site_name":"Dicodusport","article_publisher":"https:\/\/www.facebook.com\/dicodusport","article_author":"https:\/\/www.facebook.com\/dicodusport","article_published_time":"2023-10-13T15:27:26+00:00","article_modified_time":"2023-10-14T11:26:58+00:00","og_image":[{"width":800,"height":445,"url":"https:\/\/dicodusport.fr\/blog\/wp-content\/uploads\/2023\/10\/Chrono-des-Nations-2023-Les-engages.png","type":"image\/png"}],"author":"Nicolas Jacquemard","twitter_card":"summary_large_image","twitter_title":"Chrono des Nations 2023 : Les engag\u00e9s","twitter_creator":"@https:\/\/twitter.com\/Nico_Jacquemard","twitter_site":"@dicodusport","schema":{"@context":"https:\/\/schema.org","@graph":[{"@type":"NewsArticle","@id":"https:\/\/dicodusport.fr\/blog\/chrono-des-nations-2023-les-engages\/#article","isPartOf":{"@id":"https:\/\/dicodusport.fr\/blog\/chrono-des-nations-2023-les-engages\/"},"author":{"name":"Nicolas Jacquemard","@id":"https:\/\/dicodusport.fr\/blog\/#\/schema\/person\/55dcb50ad410894e431ed812bbb70191"},"headline":"Chrono des Nations 2023 : Les engag\u00e9s","datePublished":"2023-10-13T15:27:26+00:00","dateModified":"2023-10-14T11:26:58+00:00","mainEntityOfPage":{"@id":"https:\/\/dicodusport.fr\/blog\/chrono-des-nations-2023-les-engages\/"},"wordCount":211,"commentCount":0,"publisher":{"@id":"https:\/\/dicodusport.fr\/blog\/#organization"},"image":{"@id":"https:\/\/dicodusport.fr\/blog\/chrono-des-nations-2023-les-engages\/#primaryimage"},"thumbnailUrl":"https:\/\/dicodusport.fr\/blog\/wp-content\/uploads\/2023\/10\/Chrono-des-Nations-2023-Les-engages.png","keywords":["br\u00e8ve","Chrono des Nations","Cyclisme","Engag\u00e9s"],"articleSection":["Cyclisme sur route"],"inLanguage":"fr-FR","potentialAction":[{"@type":"CommentAction","name":"Comment","target":["https:\/\/dicodusport.fr\/blog\/chrono-des-nations-2023-les-engages\/#respond"]}],"copyrightYear":"2023","copyrightHolder":{"@id":"https:\/\/dicodusport.fr\/blog\/#organization"}},{"@type":"WebPage","@id":"https:\/\/dicodusport.fr\/blog\/chrono-des-nations-2023-les-engages\/","url":"https:\/\/dicodusport.fr\/blog\/chrono-des-nations-2023-les-engages\/","name":"Chrono des Nations 2023 : Les engag\u00e9s","isPartOf":{"@id":"https:\/\/dicodusport.fr\/blog\/#website"},"primaryImageOfPage":{"@id":"https:\/\/dicodusport.fr\/blog\/chrono-des-nations-2023-les-engages\/#primaryimage"},"image":{"@id":"https:\/\/dicodusport.fr\/blog\/chrono-des-nations-2023-les-engages\/#primaryimage"},"thumbnailUrl":"https:\/\/dicodusport.fr\/blog\/wp-content\/uploads\/2023\/10\/Chrono-des-Nations-2023-Les-engages.png","datePublished":"2023-10-13T15:27:26+00:00","dateModified":"2023-10-14T11:26:58+00:00","description":"CYCLISME SUR ROUTE 2023 \u2013 D\u00e9couvrez la liste des engag\u00e9s du Chrono des Nations 2023, la 42\u00e8me \u00e9dition de la course.","breadcrumb":{"@id":"https:\/\/dicodusport.fr\/blog\/chrono-des-nations-2023-les-engages\/#breadcrumb"},"inLanguage":"fr-FR","potentialAction":[{"@type":"ReadAction","target":["https:\/\/dicodusport.fr\/blog\/chrono-des-nations-2023-les-engages\/"]}]},{"@type":"ImageObject","inLanguage":"fr-FR","@id":"https:\/\/dicodusport.fr\/blog\/chrono-des-nations-2023-les-engages\/#primaryimage","url":"https:\/\/dicodusport.fr\/blog\/wp-content\/uploads\/2023\/10\/Chrono-des-Nations-2023-Les-engages.png","contentUrl":"https:\/\/dicodusport.fr\/blog\/wp-content\/uploads\/2023\/10\/Chrono-des-Nations-2023-Les-engages.png","width":800,"height":445},{"@type":"BreadcrumbList","@id":"https:\/\/dicodusport.fr\/blog\/chrono-des-nations-2023-les-engages\/#breadcrumb","itemListElement":[{"@type":"ListItem","position":1,"name":"Accueil","item":"https:\/\/dicodusport.fr\/blog\/"},{"@type":"ListItem","position":2,"name":"Chrono des Nations 2023 : Les engag\u00e9s"}]},{"@type":"WebSite","@id":"https:\/\/dicodusport.fr\/blog\/#website","url":"https:\/\/dicodusport.fr\/blog\/","name":"Dicodusport","description":"L&#039;encyclop\u00e9die de l&#039;actualit\u00e9 sportive","publisher":{"@id":"https:\/\/dicodusport.fr\/blog\/#organization"},"potentialAction":[{"@type":"SearchAction","target":{"@type":"EntryPoint","urlTemplate":"https:\/\/dicodusport.fr\/blog\/?s={search_term_string}"},"query-input":{"@type":"PropertyValueSpecification","valueRequired":true,"valueName":"search_term_string"}}],"inLanguage":"fr-FR"},{"@type":"NewsMediaOrganization","@id":"https:\/\/dicodusport.fr\/blog\/#organization","name":"Dicodusport","url":"https:\/\/dicodusport.fr\/blog\/","logo":{"@type":"ImageObject","inLanguage":"fr-FR","@id":"https:\/\/dicodusport.fr\/blog\/#\/schema\/logo\/image\/","url":"https:\/\/dicodusport.fr\/blog\/wp-content\/uploads\/2020\/06\/cropped-LOGO-DICODUSPORT-2020-SANS-FOND-SANS-TEXTE.png","contentUrl":"https:\/\/dicodusport.fr\/blog\/wp-content\/uploads\/2020\/06\/cropped-LOGO-DICODUSPORT-2020-SANS-FOND-SANS-TEXTE.png","width":512,"height":512,"caption":"Dicodusport"},"image":{"@id":"https:\/\/dicodusport.fr\/blog\/#\/schema\/logo\/image\/"},"sameAs":["https:\/\/www.facebook.com\/dicodusport","https:\/\/x.com\/dicodusport","https:\/\/www.instagram.com\/dicodusport\/","https:\/\/www.youtube.com\/channel\/UC7V2KZ5sd3htJivAbA4ZG3w"],"description":"Dicodusport est l'encyclop\u00e9die de l'actualit\u00e9 sportive.","email":"bonjour@dicodusport.fr","legalName":"DICODUSPORT","foundingDate":"2018-01-14","vatID":"FR71834470973","taxID":"83447097300043","numberOfEmployees":{"@type":"QuantitativeValue","minValue":"1","maxValue":"10"}},{"@type":"Person","@id":"https:\/\/dicodusport.fr\/blog\/#\/schema\/person\/55dcb50ad410894e431ed812bbb70191","name":"Nicolas Jacquemard","image":{"@type":"ImageObject","inLanguage":"fr-FR","@id":"https:\/\/dicodusport.fr\/blog\/#\/schema\/person\/image\/","url":"https:\/\/dicodusport.fr\/blog\/wp-content\/uploads\/2021\/05\/Nicolas-Jacquemard-150x150.jpeg","contentUrl":"https:\/\/dicodusport.fr\/blog\/wp-content\/uploads\/2021\/05\/Nicolas-Jacquemard-150x150.jpeg","caption":"Nicolas Jacquemard"},"description":"Passionn\u00e9 de sport et entrepreneur depuis mes 18 ans, la cr\u00e9ation de Dicodusport m'a sembl\u00e9 \u00e9vidente pour participer \u00e0 la m\u00e9diatisation d'un plus grand nombre de sports. Le chemin est long mais avec une \u00e9quipe des plus motiv\u00e9es et les Jeux Olympiques de Paris 2024 en point de mire, nous y arriverons ! Journaliste dans le monde du sport depuis plus de 5 ans, je traite aussi bien de football, de rugby, de biathlon que de cyclisme.","sameAs":["https:\/\/www.facebook.com\/dicodusport","https:\/\/x.com\/https:\/\/twitter.com\/Nico_Jacquemard"],"url":"https:\/\/dicodusport.fr\/blog\/author\/dicodusport\/"}]}},"_links":{"self":[{"href":"https:\/\/dicodusport.fr\/blog\/wp-json\/wp\/v2\/posts\/428971","targetHints":{"allow":["GET"]}}],"collection":[{"href":"https:\/\/dicodusport.fr\/blog\/wp-json\/wp\/v2\/posts"}],"about":[{"href":"https:\/\/dicodusport.fr\/blog\/wp-json\/wp\/v2\/types\/post"}],"author":[{"embeddable":true,"href":"https:\/\/dicodusport.fr\/blog\/wp-json\/wp\/v2\/users\/1"}],"replies":[{"embeddable":true,"href":"https:\/\/dicodusport.fr\/blog\/wp-json\/wp\/v2\/comments?post=428971"}],"version-history":[{"count":0,"href":"https:\/\/dicodusport.fr\/blog\/wp-json\/wp\/v2\/posts\/428971\/revisions"}],"wp:featuredmedia":[{"embeddable":true,"href":"https:\/\/dicodusport.fr\/blog\/wp-json\/wp\/v2\/media\/428974"}],"wp:attachment":[{"href":"https:\/\/dicodusport.fr\/blog\/wp-json\/wp\/v2\/media?parent=428971"}],"wp:term":[{"taxonomy":"category","embeddable":true,"href":"https:\/\/dicodusport.fr\/blog\/wp-json\/wp\/v2\/categories?post=428971"},{"taxonomy":"post_tag","embeddable":true,"href":"https:\/\/dicodusport.fr\/blog\/wp-json\/wp\/v2\/tags?post=428971"}],"curies":[{"name":"wp","href":"https:\/\/api.w.org\/{rel}","templated":true}]}}