{"id":42912,"date":"2019-07-11T15:57:54","date_gmt":"2019-07-11T13:57:54","guid":{"rendered":"http:\/\/dicodusport.fr\/blog\/?p=42912"},"modified":"2019-07-11T16:49:09","modified_gmt":"2019-07-11T14:49:09","slug":"can-2019-madagascar-vit-un-reve-eveille","status":"publish","type":"post","link":"https:\/\/dicodusport.fr\/blog\/can-2019-madagascar-vit-un-reve-eveille\/","title":{"rendered":"CAN 2019\u00a0: Madagascar vit un \u00ab\u00a0r\u00eave \u00e9veill\u00e9\u00a0\u00bb"},"content":{"rendered":"<p style=\"text-align: justify;\"><em><strong><a href=\"https:\/\/dicodusport.fr\/blog\/can-2019-calendrier-et-resultats\/\" target=\"_blank\" rel=\"noopener\">CAN 2019<\/a> &#8211; Apr\u00e8s les qualifications hier du S\u00e9n\u00e9gal et du Nig\u00e9ria, Madagascar se verrait bien suivre le m\u00eame chemin ce soir face \u00e0 la Tunisie (Stade International du Caire, 21h). Un exploit pour les Bareas (les Z\u00e9bus) qui connaissent leur premi\u00e8re participation \u00e0 la Coupe d\u2019Afrique des Nations.<\/strong><\/em><\/p>\n<h1 style=\"text-align: justify;\">Premi\u00e8re participation \u00e0 une comp\u00e9tition internationale et d\u00e9j\u00e0 en quarts de finale<\/h1>\n<p style=\"text-align: justify;\">Des sc\u00e8nes de liesse apr\u00e8s la victoire face \u00e0 la RDC dans les rues d\u2019Antananarivo en huiti\u00e8mes de finale de la CAN 2019, et c\u2019est tout un pays qui d\u00e9couvre litt\u00e9ralement le football. Une \u00e9quipe nationale, surnomm\u00e9e <strong>les Z\u00e9bus<\/strong>, qui embrase la Coupe d\u2019Afrique pour sa premi\u00e8re participation \u00e0 une comp\u00e9tition internationale. Une v\u00e9ritable surprise pour tous les connaisseurs mais aussi pour les Malgaches eux-m\u00eames, qui ne s\u2019attendaient pas \u00e0 ce niveau de performance. Dans un pays gangr\u00e9n\u00e9 par le banditisme, le football appara\u00eet salvateur en plein c\u0153ur de l\u2019hiver \u00e0 Madagascar. Le petit poucet malgache donne du baume au c\u0153ur \u00e0 tout un pays qui en avait bien besoin. L\u2019art du football et du sport en g\u00e9n\u00e9ral, d\u2019\u00e9veiller des \u00e9motions inestimables.<\/p>\n<p><a href=\"https:\/\/twitter.com\/H24footsports\/status\/1149218993120505857\">https:\/\/twitter.com\/H24footsports\/status\/1149218993120505857<\/a><\/p>\n<h1><\/h1>\n<h1 style=\"text-align: justify;\">Le \u00ab\u00a0sorcier blanc\u00a0\u00bb a trouv\u00e9 la formule<\/h1>\n<p style=\"text-align: justify;\"><strong>Nicolas Dupuis<\/strong>, coach du FC Fleury 91 (N2), n\u2019a pas pu reprendre avec son club et pour une bonne raison\u00a0: \u00a0il \u00e9crit actuellement une belle histoire en tant que s\u00e9lectionneur de Madagascar. Pas une mince affaire au d\u00e9but, avec <strong>la 107<sup>\u00e8me <\/sup>nation mondiale au classement FIFA<\/strong>. Une pr\u00e9sence en \u00bc de finale in\u00e9dite qui redonne le sourire \u00e0 tout un pays en difficult\u00e9. Une \u00e9quipe bas\u00e9e sur des joueurs des championnats europ\u00e9ens, parfois en double-nationalit\u00e9, qui ne venaient pas auparavant en s\u00e9lection. <strong>Mombris<\/strong> (Grenoble), <strong>Fontaine<\/strong> (Reims), <strong>M\u00e9tanire<\/strong> (Reims), <strong>Morel<\/strong> (Lyon) \u2026 Plusieurs joueurs connus en Ligue 1 et Ligue 2 et qui font les beaux jours de la s\u00e9lection malgache.<\/p>\n<p style=\"text-align: justify;\">Sur le terrain, Madagascar n\u2019est pas aussi athl\u00e9tique que toutes les \u00e9quipes africaines pr\u00e9sentes \u00e0 la CAN. Mais la qualit\u00e9 technique est belle et bien pr\u00e9sente, ainsi qu\u2019une force mentale qui a permis aux Z\u00e9bus de finir premiers du groupe B, devant le Nig\u00e9ria (battu 2-0) et ensuite triompher de la R\u00e9publique D\u00e9mocratique du Congo aux penaltys en huiti\u00e8mes.<\/p>\n<div id=\"attachment_42914\" style=\"width: 970px\" class=\"wp-caption aligncenter\"><img loading=\"lazy\" decoding=\"async\" aria-describedby=\"caption-attachment-42914\" class=\"size-full wp-image-42914\" src=\"http:\/\/dicodusport.fr\/blog\/wp-content\/uploads\/2019\/07\/Coach-Madagascar.jpg\" alt=\"\" width=\"960\" height=\"639\" srcset=\"https:\/\/dicodusport.fr\/blog\/wp-content\/uploads\/2019\/07\/Coach-Madagascar.jpg 960w, https:\/\/dicodusport.fr\/blog\/wp-content\/uploads\/2019\/07\/Coach-Madagascar-300x200.jpg 300w, https:\/\/dicodusport.fr\/blog\/wp-content\/uploads\/2019\/07\/Coach-Madagascar-768x511.jpg 768w\" sizes=\"auto, (max-width: 960px) 100vw, 960px\" \/><p id=\"caption-attachment-42914\" class=\"wp-caption-text\">Nicolas Dupuis et deux de ses joueurs apr\u00e8s la victoire face au Burundi &#8211; AFP<\/p><\/div>\n<h1 style=\"text-align: justify;\">Objectif dernier carr\u00e9<\/h1>\n<p style=\"text-align: justify;\">Face \u00e0 un pays habitu\u00e9 de la CAN et des comp\u00e9titions internationales comme la Tunisie, Madagascar va \u00e9voluer sans pression, comme \u00e0 son habitude. D\u00e9j\u00e0 miracul\u00e9s, les Malgaches nourrissent de l\u2019ambition \u00e0 ce niveau de comp\u00e9tition. <em>\u00ab\u00a0Et je peux vous assurer qu\u2019on n&rsquo;a pas de limites\u00a0!\u00a0\u00bb<\/em> disait le capitaine <strong>Faneva Andriatsima<\/strong>, attaquant de Clermont Foot. Aux Malgaches, fiert\u00e9 de leur pays, de faire vivre encore toute une nation \u00e0 travers la CAN et leurs exploits.<\/p>\n<p><em><strong>Romain Delanis<br \/>\n<\/strong><\/em><em><strong><a href=\"https:\/\/twitter.com\/RDelanis\" target=\"_blank\" rel=\"noopener noreferrer\"><img loading=\"lazy\" decoding=\"async\" class=\"alignnone wp-image-2908\" src=\"http:\/\/dicodusport.fr\/blog\/wp-content\/uploads\/2017\/07\/logo-twitter-150x150.png\" alt=\"\" width=\"39\" height=\"39\" \/><\/a><\/strong><\/em><\/p>\n","protected":false},"excerpt":{"rendered":"<p>Apr\u00e8s les qualifications hier du S\u00e9n\u00e9gal et du Nig\u00e9ria, Madagascar se verrait bien suivre le m\u00eame chemin ce soir face \u00e0 la Tunisie (Stade International du Caire, 21h).<\/p>\n","protected":false},"author":14,"featured_media":42918,"comment_status":"open","ping_status":"closed","sticky":false,"template":"","format":"standard","meta":{"_acf_changed":false,"_daextam_enable_autolinks":"","footnotes":""},"categories":[2,2301],"tags":[5671,6708,75,3356,5140],"class_list":["post-42912","post","type-post","status-publish","format-standard","has-post-thumbnail","hentry","category-actualites","category-football","tag-can","tag-coupe-dafrique-des-nations","tag-football","tag-nigeria","tag-tunisie"],"acf":[],"yoast_head":"<!-- This site is optimized with the Yoast SEO Premium plugin v26.7 (Yoast SEO v26.7) - https:\/\/yoast.com\/wordpress\/plugins\/seo\/ -->\n<title>CAN 2019\u00a0: Madagascar vit un \u00ab\u00a0r\u00eave \u00e9veill\u00e9\u00a0\u00bb<\/title>\n<meta name=\"description\" content=\"Apr\u00e8s les qualifications hier du S\u00e9n\u00e9gal et du Nig\u00e9ria, Madagascar se verrait bien suivre le m\u00eame chemin ce soir face \u00e0 la Tunisie.\" \/>\n<meta name=\"robots\" content=\"index, follow, max-snippet:-1, max-image-preview:large, max-video-preview:-1\" \/>\n<link rel=\"canonical\" href=\"https:\/\/dicodusport.fr\/blog\/can-2019-madagascar-vit-un-reve-eveille\/\" \/>\n<meta property=\"og:locale\" content=\"fr_FR\" \/>\n<meta property=\"og:type\" content=\"article\" \/>\n<meta property=\"og:title\" content=\"CAN 2019 : Madagascar vit un \u00ab r\u00eave \u00e9veill\u00e9 \u00bb\" \/>\n<meta property=\"og:description\" content=\"Apr\u00e8s les qualifications hier du S\u00e9n\u00e9gal et du Nig\u00e9ria, Madagascar se verrait bien suivre le m\u00eame chemin ce soir face \u00e0 la Tunisie.\" \/>\n<meta property=\"og:url\" content=\"https:\/\/dicodusport.fr\/blog\/can-2019-madagascar-vit-un-reve-eveille\/\" \/>\n<meta property=\"og:site_name\" content=\"Dicodusport\" \/>\n<meta property=\"article:publisher\" content=\"https:\/\/www.facebook.com\/dicodusport\" \/>\n<meta property=\"article:published_time\" content=\"2019-07-11T13:57:54+00:00\" \/>\n<meta property=\"article:modified_time\" content=\"2019-07-11T14:49:09+00:00\" \/>\n<meta property=\"og:image\" content=\"https:\/\/dicodusport.fr\/blog\/wp-content\/uploads\/2019\/07\/Madagascar-CAN-2019.png\" \/>\n\t<meta property=\"og:image:width\" content=\"800\" \/>\n\t<meta property=\"og:image:height\" content=\"445\" \/>\n\t<meta property=\"og:image:type\" content=\"image\/png\" \/>\n<meta name=\"author\" content=\"Romain Delanis\" \/>\n<meta name=\"twitter:card\" content=\"summary_large_image\" \/>\n<meta name=\"twitter:title\" content=\"CAN 2019 : Madagascar vit un \u00ab r\u00eave \u00e9veill\u00e9 \u00bb\" \/>\n<meta name=\"twitter:creator\" content=\"@https:\/\/twitter.com\/RDelanis\" \/>\n<meta name=\"twitter:site\" content=\"@dicodusport\" \/>\n<script type=\"application\/ld+json\" class=\"yoast-schema-graph\">{\"@context\":\"https:\/\/schema.org\",\"@graph\":[{\"@type\":\"NewsArticle\",\"@id\":\"https:\/\/dicodusport.fr\/blog\/can-2019-madagascar-vit-un-reve-eveille\/#article\",\"isPartOf\":{\"@id\":\"https:\/\/dicodusport.fr\/blog\/can-2019-madagascar-vit-un-reve-eveille\/\"},\"author\":{\"name\":\"Romain Delanis\",\"@id\":\"https:\/\/dicodusport.fr\/blog\/#\/schema\/person\/8c78730a59f8a1e617f7a19026ebc14a\"},\"headline\":\"CAN 2019\u00a0: Madagascar vit un \u00ab\u00a0r\u00eave \u00e9veill\u00e9\u00a0\u00bb\",\"datePublished\":\"2019-07-11T13:57:54+00:00\",\"dateModified\":\"2019-07-11T14:49:09+00:00\",\"mainEntityOfPage\":{\"@id\":\"https:\/\/dicodusport.fr\/blog\/can-2019-madagascar-vit-un-reve-eveille\/\"},\"wordCount\":518,\"commentCount\":0,\"publisher\":{\"@id\":\"https:\/\/dicodusport.fr\/blog\/#organization\"},\"image\":{\"@id\":\"https:\/\/dicodusport.fr\/blog\/can-2019-madagascar-vit-un-reve-eveille\/#primaryimage\"},\"thumbnailUrl\":\"https:\/\/dicodusport.fr\/blog\/wp-content\/uploads\/2019\/07\/Madagascar-CAN-2019.png\",\"keywords\":[\"CAN\",\"Coupe d'Afrique des Nations\",\"Football\",\"Nigeria\",\"Tunisie\"],\"articleSection\":[\"Actualit\u00e9s\",\"Football\"],\"inLanguage\":\"fr-FR\",\"potentialAction\":[{\"@type\":\"CommentAction\",\"name\":\"Comment\",\"target\":[\"https:\/\/dicodusport.fr\/blog\/can-2019-madagascar-vit-un-reve-eveille\/#respond\"]}],\"copyrightYear\":\"2019\",\"copyrightHolder\":{\"@id\":\"https:\/\/dicodusport.fr\/blog\/#organization\"}},{\"@type\":\"WebPage\",\"@id\":\"https:\/\/dicodusport.fr\/blog\/can-2019-madagascar-vit-un-reve-eveille\/\",\"url\":\"https:\/\/dicodusport.fr\/blog\/can-2019-madagascar-vit-un-reve-eveille\/\",\"name\":\"CAN 2019\u00a0: Madagascar vit un \u00ab\u00a0r\u00eave \u00e9veill\u00e9\u00a0\u00bb\",\"isPartOf\":{\"@id\":\"https:\/\/dicodusport.fr\/blog\/#website\"},\"primaryImageOfPage\":{\"@id\":\"https:\/\/dicodusport.fr\/blog\/can-2019-madagascar-vit-un-reve-eveille\/#primaryimage\"},\"image\":{\"@id\":\"https:\/\/dicodusport.fr\/blog\/can-2019-madagascar-vit-un-reve-eveille\/#primaryimage\"},\"thumbnailUrl\":\"https:\/\/dicodusport.fr\/blog\/wp-content\/uploads\/2019\/07\/Madagascar-CAN-2019.png\",\"datePublished\":\"2019-07-11T13:57:54+00:00\",\"dateModified\":\"2019-07-11T14:49:09+00:00\",\"description\":\"Apr\u00e8s les qualifications hier du S\u00e9n\u00e9gal et du Nig\u00e9ria, Madagascar se verrait bien suivre le m\u00eame chemin ce soir face \u00e0 la Tunisie.\",\"breadcrumb\":{\"@id\":\"https:\/\/dicodusport.fr\/blog\/can-2019-madagascar-vit-un-reve-eveille\/#breadcrumb\"},\"inLanguage\":\"fr-FR\",\"potentialAction\":[{\"@type\":\"ReadAction\",\"target\":[\"https:\/\/dicodusport.fr\/blog\/can-2019-madagascar-vit-un-reve-eveille\/\"]}]},{\"@type\":\"ImageObject\",\"inLanguage\":\"fr-FR\",\"@id\":\"https:\/\/dicodusport.fr\/blog\/can-2019-madagascar-vit-un-reve-eveille\/#primaryimage\",\"url\":\"https:\/\/dicodusport.fr\/blog\/wp-content\/uploads\/2019\/07\/Madagascar-CAN-2019.png\",\"contentUrl\":\"https:\/\/dicodusport.fr\/blog\/wp-content\/uploads\/2019\/07\/Madagascar-CAN-2019.png\",\"width\":800,\"height\":445},{\"@type\":\"BreadcrumbList\",\"@id\":\"https:\/\/dicodusport.fr\/blog\/can-2019-madagascar-vit-un-reve-eveille\/#breadcrumb\",\"itemListElement\":[{\"@type\":\"ListItem\",\"position\":1,\"name\":\"Accueil\",\"item\":\"https:\/\/dicodusport.fr\/blog\/\"},{\"@type\":\"ListItem\",\"position\":2,\"name\":\"CAN 2019\u00a0: Madagascar vit un \u00ab\u00a0r\u00eave \u00e9veill\u00e9\u00a0\u00bb\"}]},{\"@type\":\"WebSite\",\"@id\":\"https:\/\/dicodusport.fr\/blog\/#website\",\"url\":\"https:\/\/dicodusport.fr\/blog\/\",\"name\":\"Dicodusport\",\"description\":\"L&#039;encyclop\u00e9die de l&#039;actualit\u00e9 sportive\",\"publisher\":{\"@id\":\"https:\/\/dicodusport.fr\/blog\/#organization\"},\"potentialAction\":[{\"@type\":\"SearchAction\",\"target\":{\"@type\":\"EntryPoint\",\"urlTemplate\":\"https:\/\/dicodusport.fr\/blog\/?s={search_term_string}\"},\"query-input\":{\"@type\":\"PropertyValueSpecification\",\"valueRequired\":true,\"valueName\":\"search_term_string\"}}],\"inLanguage\":\"fr-FR\"},{\"@type\":\"NewsMediaOrganization\",\"@id\":\"https:\/\/dicodusport.fr\/blog\/#organization\",\"name\":\"Dicodusport\",\"url\":\"https:\/\/dicodusport.fr\/blog\/\",\"logo\":{\"@type\":\"ImageObject\",\"inLanguage\":\"fr-FR\",\"@id\":\"https:\/\/dicodusport.fr\/blog\/#\/schema\/logo\/image\/\",\"url\":\"https:\/\/dicodusport.fr\/blog\/wp-content\/uploads\/2020\/06\/cropped-LOGO-DICODUSPORT-2020-SANS-FOND-SANS-TEXTE.png\",\"contentUrl\":\"https:\/\/dicodusport.fr\/blog\/wp-content\/uploads\/2020\/06\/cropped-LOGO-DICODUSPORT-2020-SANS-FOND-SANS-TEXTE.png\",\"width\":512,\"height\":512,\"caption\":\"Dicodusport\"},\"image\":{\"@id\":\"https:\/\/dicodusport.fr\/blog\/#\/schema\/logo\/image\/\"},\"sameAs\":[\"https:\/\/www.facebook.com\/dicodusport\",\"https:\/\/x.com\/dicodusport\",\"https:\/\/www.instagram.com\/dicodusport\/\",\"https:\/\/www.youtube.com\/channel\/UC7V2KZ5sd3htJivAbA4ZG3w\"],\"description\":\"Dicodusport est l'encyclop\u00e9die de l'actualit\u00e9 sportive.\",\"email\":\"bonjour@dicodusport.fr\",\"legalName\":\"DICODUSPORT\",\"foundingDate\":\"2018-01-14\",\"vatID\":\"FR71834470973\",\"taxID\":\"83447097300043\",\"numberOfEmployees\":{\"@type\":\"QuantitativeValue\",\"minValue\":\"1\",\"maxValue\":\"10\"}},{\"@type\":\"Person\",\"@id\":\"https:\/\/dicodusport.fr\/blog\/#\/schema\/person\/8c78730a59f8a1e617f7a19026ebc14a\",\"name\":\"Romain Delanis\",\"image\":{\"@type\":\"ImageObject\",\"inLanguage\":\"fr-FR\",\"@id\":\"https:\/\/dicodusport.fr\/blog\/#\/schema\/person\/image\/\",\"url\":\"https:\/\/dicodusport.fr\/blog\/wp-content\/uploads\/2021\/05\/Romain-Delanis-150x150.jpg\",\"contentUrl\":\"https:\/\/dicodusport.fr\/blog\/wp-content\/uploads\/2021\/05\/Romain-Delanis-150x150.jpg\",\"caption\":\"Romain Delanis\"},\"description\":\"Journaliste\/R\u00e9dacteur depuis novembre 2015 - Capable de passer un samedi apr\u00e8s-midi devant la Ligue 2 puis le biathlon sans oublier la finale de l\u2019ATP Rotterdam, j\u2019aime aussi mettre mon r\u00e9veil pour me faire un Pistons\/Bulls qui rappelle de bons souvenirs. Tout cela, j\u2019ai choisi il y a maintenant quelques temps de vous le raconter avec Dicodusport, pour vous faire vivre ma passion parfois inconsid\u00e9r\u00e9e pour le sport en g\u00e9n\u00e9ral (mais surtout le foot faut se l\u2019avouer).\",\"sameAs\":[\"https:\/\/x.com\/https:\/\/twitter.com\/RDelanis\"],\"url\":\"https:\/\/dicodusport.fr\/blog\/author\/romain\/\"}]}<\/script>\n<!-- \/ Yoast SEO Premium plugin. -->","yoast_head_json":{"title":"CAN 2019\u00a0: Madagascar vit un \u00ab\u00a0r\u00eave \u00e9veill\u00e9\u00a0\u00bb","description":"Apr\u00e8s les qualifications hier du S\u00e9n\u00e9gal et du Nig\u00e9ria, Madagascar se verrait bien suivre le m\u00eame chemin ce soir face \u00e0 la Tunisie.","robots":{"index":"index","follow":"follow","max-snippet":"max-snippet:-1","max-image-preview":"max-image-preview:large","max-video-preview":"max-video-preview:-1"},"canonical":"https:\/\/dicodusport.fr\/blog\/can-2019-madagascar-vit-un-reve-eveille\/","og_locale":"fr_FR","og_type":"article","og_title":"CAN 2019 : Madagascar vit un \u00ab r\u00eave \u00e9veill\u00e9 \u00bb","og_description":"Apr\u00e8s les qualifications hier du S\u00e9n\u00e9gal et du Nig\u00e9ria, Madagascar se verrait bien suivre le m\u00eame chemin ce soir face \u00e0 la Tunisie.","og_url":"https:\/\/dicodusport.fr\/blog\/can-2019-madagascar-vit-un-reve-eveille\/","og_site_name":"Dicodusport","article_publisher":"https:\/\/www.facebook.com\/dicodusport","article_published_time":"2019-07-11T13:57:54+00:00","article_modified_time":"2019-07-11T14:49:09+00:00","og_image":[{"width":800,"height":445,"url":"https:\/\/dicodusport.fr\/blog\/wp-content\/uploads\/2019\/07\/Madagascar-CAN-2019.png","type":"image\/png"}],"author":"Romain Delanis","twitter_card":"summary_large_image","twitter_title":"CAN 2019 : Madagascar vit un \u00ab r\u00eave \u00e9veill\u00e9 \u00bb","twitter_creator":"@https:\/\/twitter.com\/RDelanis","twitter_site":"@dicodusport","schema":{"@context":"https:\/\/schema.org","@graph":[{"@type":"NewsArticle","@id":"https:\/\/dicodusport.fr\/blog\/can-2019-madagascar-vit-un-reve-eveille\/#article","isPartOf":{"@id":"https:\/\/dicodusport.fr\/blog\/can-2019-madagascar-vit-un-reve-eveille\/"},"author":{"name":"Romain Delanis","@id":"https:\/\/dicodusport.fr\/blog\/#\/schema\/person\/8c78730a59f8a1e617f7a19026ebc14a"},"headline":"CAN 2019\u00a0: Madagascar vit un \u00ab\u00a0r\u00eave \u00e9veill\u00e9\u00a0\u00bb","datePublished":"2019-07-11T13:57:54+00:00","dateModified":"2019-07-11T14:49:09+00:00","mainEntityOfPage":{"@id":"https:\/\/dicodusport.fr\/blog\/can-2019-madagascar-vit-un-reve-eveille\/"},"wordCount":518,"commentCount":0,"publisher":{"@id":"https:\/\/dicodusport.fr\/blog\/#organization"},"image":{"@id":"https:\/\/dicodusport.fr\/blog\/can-2019-madagascar-vit-un-reve-eveille\/#primaryimage"},"thumbnailUrl":"https:\/\/dicodusport.fr\/blog\/wp-content\/uploads\/2019\/07\/Madagascar-CAN-2019.png","keywords":["CAN","Coupe d'Afrique des Nations","Football","Nigeria","Tunisie"],"articleSection":["Actualit\u00e9s","Football"],"inLanguage":"fr-FR","potentialAction":[{"@type":"CommentAction","name":"Comment","target":["https:\/\/dicodusport.fr\/blog\/can-2019-madagascar-vit-un-reve-eveille\/#respond"]}],"copyrightYear":"2019","copyrightHolder":{"@id":"https:\/\/dicodusport.fr\/blog\/#organization"}},{"@type":"WebPage","@id":"https:\/\/dicodusport.fr\/blog\/can-2019-madagascar-vit-un-reve-eveille\/","url":"https:\/\/dicodusport.fr\/blog\/can-2019-madagascar-vit-un-reve-eveille\/","name":"CAN 2019\u00a0: Madagascar vit un \u00ab\u00a0r\u00eave \u00e9veill\u00e9\u00a0\u00bb","isPartOf":{"@id":"https:\/\/dicodusport.fr\/blog\/#website"},"primaryImageOfPage":{"@id":"https:\/\/dicodusport.fr\/blog\/can-2019-madagascar-vit-un-reve-eveille\/#primaryimage"},"image":{"@id":"https:\/\/dicodusport.fr\/blog\/can-2019-madagascar-vit-un-reve-eveille\/#primaryimage"},"thumbnailUrl":"https:\/\/dicodusport.fr\/blog\/wp-content\/uploads\/2019\/07\/Madagascar-CAN-2019.png","datePublished":"2019-07-11T13:57:54+00:00","dateModified":"2019-07-11T14:49:09+00:00","description":"Apr\u00e8s les qualifications hier du S\u00e9n\u00e9gal et du Nig\u00e9ria, Madagascar se verrait bien suivre le m\u00eame chemin ce soir face \u00e0 la Tunisie.","breadcrumb":{"@id":"https:\/\/dicodusport.fr\/blog\/can-2019-madagascar-vit-un-reve-eveille\/#breadcrumb"},"inLanguage":"fr-FR","potentialAction":[{"@type":"ReadAction","target":["https:\/\/dicodusport.fr\/blog\/can-2019-madagascar-vit-un-reve-eveille\/"]}]},{"@type":"ImageObject","inLanguage":"fr-FR","@id":"https:\/\/dicodusport.fr\/blog\/can-2019-madagascar-vit-un-reve-eveille\/#primaryimage","url":"https:\/\/dicodusport.fr\/blog\/wp-content\/uploads\/2019\/07\/Madagascar-CAN-2019.png","contentUrl":"https:\/\/dicodusport.fr\/blog\/wp-content\/uploads\/2019\/07\/Madagascar-CAN-2019.png","width":800,"height":445},{"@type":"BreadcrumbList","@id":"https:\/\/dicodusport.fr\/blog\/can-2019-madagascar-vit-un-reve-eveille\/#breadcrumb","itemListElement":[{"@type":"ListItem","position":1,"name":"Accueil","item":"https:\/\/dicodusport.fr\/blog\/"},{"@type":"ListItem","position":2,"name":"CAN 2019\u00a0: Madagascar vit un \u00ab\u00a0r\u00eave \u00e9veill\u00e9\u00a0\u00bb"}]},{"@type":"WebSite","@id":"https:\/\/dicodusport.fr\/blog\/#website","url":"https:\/\/dicodusport.fr\/blog\/","name":"Dicodusport","description":"L&#039;encyclop\u00e9die de l&#039;actualit\u00e9 sportive","publisher":{"@id":"https:\/\/dicodusport.fr\/blog\/#organization"},"potentialAction":[{"@type":"SearchAction","target":{"@type":"EntryPoint","urlTemplate":"https:\/\/dicodusport.fr\/blog\/?s={search_term_string}"},"query-input":{"@type":"PropertyValueSpecification","valueRequired":true,"valueName":"search_term_string"}}],"inLanguage":"fr-FR"},{"@type":"NewsMediaOrganization","@id":"https:\/\/dicodusport.fr\/blog\/#organization","name":"Dicodusport","url":"https:\/\/dicodusport.fr\/blog\/","logo":{"@type":"ImageObject","inLanguage":"fr-FR","@id":"https:\/\/dicodusport.fr\/blog\/#\/schema\/logo\/image\/","url":"https:\/\/dicodusport.fr\/blog\/wp-content\/uploads\/2020\/06\/cropped-LOGO-DICODUSPORT-2020-SANS-FOND-SANS-TEXTE.png","contentUrl":"https:\/\/dicodusport.fr\/blog\/wp-content\/uploads\/2020\/06\/cropped-LOGO-DICODUSPORT-2020-SANS-FOND-SANS-TEXTE.png","width":512,"height":512,"caption":"Dicodusport"},"image":{"@id":"https:\/\/dicodusport.fr\/blog\/#\/schema\/logo\/image\/"},"sameAs":["https:\/\/www.facebook.com\/dicodusport","https:\/\/x.com\/dicodusport","https:\/\/www.instagram.com\/dicodusport\/","https:\/\/www.youtube.com\/channel\/UC7V2KZ5sd3htJivAbA4ZG3w"],"description":"Dicodusport est l'encyclop\u00e9die de l'actualit\u00e9 sportive.","email":"bonjour@dicodusport.fr","legalName":"DICODUSPORT","foundingDate":"2018-01-14","vatID":"FR71834470973","taxID":"83447097300043","numberOfEmployees":{"@type":"QuantitativeValue","minValue":"1","maxValue":"10"}},{"@type":"Person","@id":"https:\/\/dicodusport.fr\/blog\/#\/schema\/person\/8c78730a59f8a1e617f7a19026ebc14a","name":"Romain Delanis","image":{"@type":"ImageObject","inLanguage":"fr-FR","@id":"https:\/\/dicodusport.fr\/blog\/#\/schema\/person\/image\/","url":"https:\/\/dicodusport.fr\/blog\/wp-content\/uploads\/2021\/05\/Romain-Delanis-150x150.jpg","contentUrl":"https:\/\/dicodusport.fr\/blog\/wp-content\/uploads\/2021\/05\/Romain-Delanis-150x150.jpg","caption":"Romain Delanis"},"description":"Journaliste\/R\u00e9dacteur depuis novembre 2015 - Capable de passer un samedi apr\u00e8s-midi devant la Ligue 2 puis le biathlon sans oublier la finale de l\u2019ATP Rotterdam, j\u2019aime aussi mettre mon r\u00e9veil pour me faire un Pistons\/Bulls qui rappelle de bons souvenirs. Tout cela, j\u2019ai choisi il y a maintenant quelques temps de vous le raconter avec Dicodusport, pour vous faire vivre ma passion parfois inconsid\u00e9r\u00e9e pour le sport en g\u00e9n\u00e9ral (mais surtout le foot faut se l\u2019avouer).","sameAs":["https:\/\/x.com\/https:\/\/twitter.com\/RDelanis"],"url":"https:\/\/dicodusport.fr\/blog\/author\/romain\/"}]}},"_links":{"self":[{"href":"https:\/\/dicodusport.fr\/blog\/wp-json\/wp\/v2\/posts\/42912","targetHints":{"allow":["GET"]}}],"collection":[{"href":"https:\/\/dicodusport.fr\/blog\/wp-json\/wp\/v2\/posts"}],"about":[{"href":"https:\/\/dicodusport.fr\/blog\/wp-json\/wp\/v2\/types\/post"}],"author":[{"embeddable":true,"href":"https:\/\/dicodusport.fr\/blog\/wp-json\/wp\/v2\/users\/14"}],"replies":[{"embeddable":true,"href":"https:\/\/dicodusport.fr\/blog\/wp-json\/wp\/v2\/comments?post=42912"}],"version-history":[{"count":0,"href":"https:\/\/dicodusport.fr\/blog\/wp-json\/wp\/v2\/posts\/42912\/revisions"}],"wp:featuredmedia":[{"embeddable":true,"href":"https:\/\/dicodusport.fr\/blog\/wp-json\/wp\/v2\/media\/42918"}],"wp:attachment":[{"href":"https:\/\/dicodusport.fr\/blog\/wp-json\/wp\/v2\/media?parent=42912"}],"wp:term":[{"taxonomy":"category","embeddable":true,"href":"https:\/\/dicodusport.fr\/blog\/wp-json\/wp\/v2\/categories?post=42912"},{"taxonomy":"post_tag","embeddable":true,"href":"https:\/\/dicodusport.fr\/blog\/wp-json\/wp\/v2\/tags?post=42912"}],"curies":[{"name":"wp","href":"https:\/\/api.w.org\/{rel}","templated":true}]}}