{"id":43011,"date":"2019-07-21T21:54:02","date_gmt":"2019-07-21T19:54:02","guid":{"rendered":"http:\/\/dicodusport.fr\/blog\/?p=43011"},"modified":"2019-07-24T22:01:58","modified_gmt":"2019-07-24T20:01:58","slug":"football-euro-u19-2019-calendrier-et-resultats","status":"publish","type":"post","link":"https:\/\/dicodusport.fr\/blog\/football-euro-u19-2019-calendrier-et-resultats\/","title":{"rendered":"Football &#8211; Euro U19 2019 : calendrier et r\u00e9sultats"},"content":{"rendered":"<p style=\"text-align: justify;\"><em><strong>Le 68\u00e8me <a href=\"https:\/\/fr.uefa.com\/under19\/\" target=\"_blank\" rel=\"noopener\">Euro U19 masculin<\/a> d\u00e9butera ce dimanche 14 juillet, et s&rsquo;ach\u00e8vera le 21 juillet prochain. Le calendrier et les r\u00e9sultats de la comp\u00e9tition.<br \/>\n<\/strong><\/em><\/p>\n<h1 style=\"text-align: justify;\">Groupe A<\/h1>\n<h2 style=\"text-align: justify;\">Dimanche 14 juillet<\/h2>\n<p style=\"text-align: justify;\"><strong>16h45 :<\/strong> Arm\u00e9nie 1 &#8211; <strong>4 Espagne<\/strong><br \/>\n<strong>19h, en direct sur La Cha\u00eene l\u2019\u00c9quipe : <\/strong>Italie 0 &#8211; <strong>3 Portugal<\/strong><\/p>\n<h2 style=\"text-align: justify;\">Mercredi 17 juillet<\/h2>\n<p style=\"text-align: justify;\"><strong>16h45 :<\/strong> Arm\u00e9nie 0 &#8211; <strong>4<\/strong> <strong>Italie<\/strong><br \/>\n<strong>19h : <\/strong>Portugal 1 -1\u00a0 Espagne<\/p>\n<h2 style=\"text-align: justify;\">Samedi 20 juillet<\/h2>\n<p style=\"text-align: justify;\"><strong>15h : Espagne 2<\/strong> &#8211; 1 Italie<br \/>\n<strong>15h :<\/strong> <strong>Portugal 4<\/strong> &#8211; 0 Arm\u00e9nie<\/p>\n<h1 style=\"text-align: justify;\">Classement<\/h1>\n<div class=\"su-table su-table-alternate\">\n<table class=\"table-style-2\" style=\"width: 100%\">\n<tbody>\n<tr style=\"height: 22px\">\n<td style=\"height: 22px;width: 6%;text-align: center\"><strong>#<\/strong><\/td>\n<td style=\"height: 22px;width: 30%\"><strong>\u00c9quipe<\/strong><\/td>\n<td style=\"height: 22px;text-align: center;width: 8%\"><strong><abbr title=\"Points\">Pts<\/abbr><\/strong><\/td>\n<td style=\"height: 22px;text-align: center;width: 8%\"><strong><abbr title=\"Jou\u00e9s\">J<\/abbr><\/strong><\/td>\n<td style=\"height: 22px;text-align: center;width: 8%\"><strong><abbr title=\"Gagn\u00e9s\">G<\/abbr><\/strong><\/td>\n<td style=\"height: 22px;text-align: center;width: 8%\"><strong><abbr title=\"Nuls\">N<\/abbr><\/strong><\/td>\n<td style=\"height: 22px;text-align: center;width: 8%\"><strong><abbr title=\"Perdus\">P<\/abbr><\/strong><\/td>\n<td style=\"height: 22px;text-align: center;width: 8%\"><strong><abbr title=\"Pour\">p.<\/abbr><\/strong><\/td>\n<td style=\"height: 22px;text-align: center;width: 8%\"><strong><abbr title=\"Contre\">c.<\/abbr><\/strong><\/td>\n<td style=\"height: 22px;text-align: center;width: 8%\"><strong><abbr title=\"Diff\u00e9rence\">diff<\/abbr><\/strong><\/td>\n<\/tr>\n<tr class=\"promu1\" style=\"height: 22px\">\n<td class=\"tdcol-5\" style=\"height: 22px;text-align: center;width: 6%\"><strong>1<\/strong><\/td>\n<td class=\"tdcol-30\" style=\"height: 22px;width: 30%\"><strong>Portugal<\/strong><\/td>\n<td class=\"tdcol-10\" style=\"height: 22px;text-align: center;width: 8%\"><strong>7<\/strong><\/td>\n<td class=\"tdcol-5\" style=\"height: 22px;text-align: center;width: 8%\"><strong>3<\/strong><\/td>\n<td class=\"tdcol-5\" style=\"height: 22px;text-align: center;width: 8%\"><strong>2<\/strong><\/td>\n<td class=\"tdcol-5\" style=\"height: 22px;text-align: center;width: 8%\"><strong>1<\/strong><\/td>\n<td class=\"tdcol-5\" style=\"height: 22px;text-align: center;width: 8%\"><strong>0<\/strong><\/td>\n<td class=\"tdcol-5\" style=\"height: 22px;text-align: center;width: 8%\"><strong>8<\/strong><\/td>\n<td class=\"tdcol-5\" style=\"height: 22px;text-align: center;width: 8%\"><strong>1<\/strong><\/td>\n<td class=\"tdcol-10\" style=\"height: 22px;text-align: center;width: 8%\"><strong>+7<\/strong><\/td>\n<\/tr>\n<tr class=\"promu2\" style=\"height: 22px\">\n<td class=\"tdcol-5\" style=\"height: 22px;text-align: center;width: 6%\"><strong>2<\/strong><\/td>\n<td class=\"tdcol-30\" style=\"height: 22px;width: 30%\"><strong>Espagne<\/strong><\/td>\n<td class=\"tdcol-10\" style=\"height: 22px;text-align: center;width: 8%\"><strong>7<\/strong><\/td>\n<td class=\"tdcol-5\" style=\"height: 22px;text-align: center;width: 8%\"><strong>3<\/strong><\/td>\n<td class=\"tdcol-5\" style=\"height: 22px;text-align: center;width: 8%\"><strong>2<\/strong><\/td>\n<td class=\"tdcol-5\" style=\"height: 22px;text-align: center;width: 8%\"><strong>1<\/strong><\/td>\n<td class=\"tdcol-5\" style=\"height: 22px;text-align: center;width: 8%\"><strong>0<\/strong><\/td>\n<td class=\"tdcol-5\" style=\"height: 22px;text-align: center;width: 8%\"><strong>7<\/strong><\/td>\n<td class=\"tdcol-5\" style=\"height: 22px;text-align: center;width: 8%\"><strong>3<\/strong><\/td>\n<td class=\"tdcol-10\" style=\"height: 22px;text-align: center;width: 8%\"><strong>+4<\/strong><\/td>\n<\/tr>\n<tr class=\"promu2\" style=\"height: 22px\">\n<td class=\"tdcol-5\" style=\"height: 22px;text-align: center;width: 6%\">3<\/td>\n<td class=\"tdcol-30\" style=\"height: 22px;width: 30%\">Italie<\/td>\n<td class=\"tdcol-10\" style=\"height: 22px;text-align: center;width: 8%\">3<\/td>\n<td class=\"tdcol-5\" style=\"height: 22px;text-align: center;width: 8%\">3<\/td>\n<td class=\"tdcol-5\" style=\"height: 22px;text-align: center;width: 8%\">1<\/td>\n<td class=\"tdcol-5\" style=\"height: 22px;text-align: center;width: 8%\">0<\/td>\n<td class=\"tdcol-5\" style=\"height: 22px;text-align: center;width: 8%\">2<\/td>\n<td class=\"tdcol-5\" style=\"height: 22px;text-align: center;width: 8%\">5<\/td>\n<td class=\"tdcol-5\" style=\"height: 22px;text-align: center;width: 8%\">5<\/td>\n<td class=\"tdcol-10\" style=\"height: 22px;text-align: center;width: 8%\">0<\/td>\n<\/tr>\n<tr style=\"height: 22px\">\n<td class=\"tdcol-5\" style=\"height: 10px;text-align: center;width: 6%\">4<\/td>\n<td class=\"tdcol-30\" style=\"height: 10px;width: 30%\">Arm\u00e9nie<\/td>\n<td class=\"tdcol-10\" style=\"height: 10px;text-align: center;width: 8%\">0<\/td>\n<td class=\"tdcol-5\" style=\"height: 10px;text-align: center;width: 8%\">3<\/td>\n<td class=\"tdcol-5\" style=\"height: 10px;text-align: center;width: 8%\">0<\/td>\n<td class=\"tdcol-5\" style=\"height: 10px;text-align: center;width: 8%\">0<\/td>\n<td class=\"tdcol-5\" style=\"height: 10px;text-align: center;width: 8%\">3<\/td>\n<td class=\"tdcol-5\" style=\"height: 10px;text-align: center;width: 8%\">1<\/td>\n<td class=\"tdcol-5\" style=\"height: 10px;text-align: center;width: 8%\">12<\/td>\n<td class=\"tdcol-10\" style=\"height: 10px;text-align: center;width: 8%\">-11<\/td>\n<\/tr>\n<\/tbody>\n<\/table>\n<\/div>\n<p style=\"text-align: center;\"><a href=\"http:\/\/dicodusport.fr\/blog\/football-euro-u19-2019-calendrier-et-resultats\/2\/#groupeb\" class=\"su-button su-button-style-flat\" style=\"color:#FFFFFF;background-color:#005f9b;border-color:#004c7c;border-radius:4px\" target=\"_self\"><span style=\"color:#FFFFFF;padding:0px 20px;font-size:16px;line-height:32px;border-color:#4d8fb9;border-radius:4px;text-shadow:none\"> Groupe B<\/span><\/a><!--nextpage--><\/p>\n<h1 style=\"text-align: justify;\"><a id=\"groupeb\"><\/a>Groupe B<\/h1>\n<h2 style=\"text-align: justify;\">Lundi 15 juillet<\/h2>\n<p style=\"text-align: justify;\"><strong>16h45 :<\/strong> Norv\u00e8ge 1 &#8211; 1 Irlande<br \/>\n<strong>19h,\u00a0en direct sur La Cha\u00eene l\u2019\u00c9quipe :<\/strong> R\u00e9publique Tch\u00e8que 0 &#8211; <strong>3 France<\/strong><\/p>\n<h2 style=\"text-align: justify;\">Jeudi 18 juillet<\/h2>\n<p style=\"text-align: justify;\"><strong>16h45 :<\/strong> R\u00e9publique Tch\u00e8que 0 &#8211; 0 Norv\u00e8ge<br \/>\n<strong>19h,\u00a0en direct sur La Cha\u00eene l\u2019\u00c9quipe :<\/strong> Irlande 0 &#8211; <strong>1 France<\/strong><\/p>\n<h2 style=\"text-align: justify;\">Dimanche 21 juillet<\/h2>\n<p style=\"text-align: justify;\"><strong>19h,\u00a0en direct sur La Cha\u00eene l\u2019\u00c9quipe :<\/strong> <strong>France 1<\/strong> &#8211; 0 Norv\u00e8ge<br \/>\n<strong>19h :<\/strong> <strong>Irlande 2<\/strong> &#8211; 1 R\u00e9publique Tch\u00e8que<\/p>\n<h1 style=\"text-align: justify;\">Classement<\/h1>\n<div class=\"su-table su-table-alternate\">\n<table class=\"table-style-2\" style=\"width: 100%\">\n<tbody>\n<tr style=\"height: 22px\">\n<td style=\"height: 22px;width: 6%;text-align: center\"><strong>#<\/strong><\/td>\n<td style=\"height: 22px;width: 30%\"><strong>\u00c9quipe<\/strong><\/td>\n<td style=\"height: 22px;text-align: center;width: 8%\"><strong><abbr title=\"Points\">Pts<\/abbr><\/strong><\/td>\n<td style=\"height: 22px;text-align: center;width: 8%\"><strong><abbr title=\"Jou\u00e9s\">J<\/abbr><\/strong><\/td>\n<td style=\"height: 22px;text-align: center;width: 8%\"><strong><abbr title=\"Gagn\u00e9s\">G<\/abbr><\/strong><\/td>\n<td style=\"height: 22px;text-align: center;width: 8%\"><strong><abbr title=\"Nuls\">N<\/abbr><\/strong><\/td>\n<td style=\"height: 22px;text-align: center;width: 8%\"><strong><abbr title=\"Perdus\">P<\/abbr><\/strong><\/td>\n<td style=\"height: 22px;text-align: center;width: 8%\"><strong><abbr title=\"Pour\">p.<\/abbr><\/strong><\/td>\n<td style=\"height: 22px;text-align: center;width: 8%\"><strong><abbr title=\"Contre\">c.<\/abbr><\/strong><\/td>\n<td style=\"height: 22px;text-align: center;width: 8%\"><strong><abbr title=\"Diff\u00e9rence\">diff<\/abbr><\/strong><\/td>\n<\/tr>\n<tr class=\"promu1\" style=\"height: 22px\">\n<td class=\"tdcol-5\" style=\"height: 22px;text-align: center;width: 6%\"><strong>1<\/strong><\/td>\n<td class=\"tdcol-30\" style=\"height: 22px;width: 30%\"><strong>France<\/strong><\/td>\n<td class=\"tdcol-10\" style=\"height: 22px;text-align: center;width: 8%\"><strong>9<\/strong><\/td>\n<td class=\"tdcol-5\" style=\"height: 22px;text-align: center;width: 8%\"><strong>3<\/strong><\/td>\n<td class=\"tdcol-5\" style=\"height: 22px;text-align: center;width: 8%\"><strong>3<\/strong><\/td>\n<td class=\"tdcol-5\" style=\"height: 22px;text-align: center;width: 8%\"><strong>0<\/strong><\/td>\n<td class=\"tdcol-5\" style=\"height: 22px;text-align: center;width: 8%\"><strong>0<\/strong><\/td>\n<td class=\"tdcol-5\" style=\"height: 22px;text-align: center;width: 8%\"><strong>5<\/strong><\/td>\n<td class=\"tdcol-5\" style=\"height: 22px;text-align: center;width: 8%\"><strong>0<\/strong><\/td>\n<td class=\"tdcol-10\" style=\"height: 22px;text-align: center;width: 8%\"><strong>+5<\/strong><\/td>\n<\/tr>\n<tr class=\"promu2\" style=\"height: 22px\">\n<td class=\"tdcol-5\" style=\"height: 22px;text-align: center;width: 6%\"><strong>2<\/strong><\/td>\n<td class=\"tdcol-30\" style=\"height: 22px;width: 30%\"><strong>Irlande<\/strong><\/td>\n<td class=\"tdcol-10\" style=\"height: 22px;text-align: center;width: 8%\"><strong>4<\/strong><\/td>\n<td class=\"tdcol-5\" style=\"height: 22px;text-align: center;width: 8%\"><strong>3<\/strong><\/td>\n<td class=\"tdcol-5\" style=\"height: 22px;text-align: center;width: 8%\"><strong>1<\/strong><\/td>\n<td class=\"tdcol-5\" style=\"height: 22px;text-align: center;width: 8%\"><strong>1<\/strong><\/td>\n<td class=\"tdcol-5\" style=\"height: 22px;text-align: center;width: 8%\"><strong>1<\/strong><\/td>\n<td class=\"tdcol-5\" style=\"height: 22px;text-align: center;width: 8%\"><strong>3<\/strong><\/td>\n<td class=\"tdcol-5\" style=\"height: 22px;text-align: center;width: 8%\"><strong>3<\/strong><\/td>\n<td class=\"tdcol-10\" style=\"height: 22px;text-align: center;width: 8%\"><strong>0<\/strong><\/td>\n<\/tr>\n<tr class=\"promu2\" style=\"height: 22px\">\n<td class=\"tdcol-5\" style=\"height: 22px;text-align: center;width: 6%\">3<\/td>\n<td class=\"tdcol-30\" style=\"height: 22px;width: 30%\">Norv\u00e8ge<\/td>\n<td class=\"tdcol-10\" style=\"height: 22px;text-align: center;width: 8%\">2<\/td>\n<td class=\"tdcol-5\" style=\"height: 22px;text-align: center;width: 8%\">3<\/td>\n<td class=\"tdcol-5\" style=\"height: 22px;text-align: center;width: 8%\">0<\/td>\n<td class=\"tdcol-5\" style=\"height: 22px;text-align: center;width: 8%\">2<\/td>\n<td class=\"tdcol-5\" style=\"height: 22px;text-align: center;width: 8%\">1<\/td>\n<td class=\"tdcol-5\" style=\"height: 22px;text-align: center;width: 8%\">1<\/td>\n<td class=\"tdcol-5\" style=\"height: 22px;text-align: center;width: 8%\">2<\/td>\n<td class=\"tdcol-10\" style=\"height: 22px;text-align: center;width: 8%\">-1<\/td>\n<\/tr>\n<tr style=\"height: 22px\">\n<td class=\"tdcol-5\" style=\"height: 10px;text-align: center;width: 6%\">4<\/td>\n<td class=\"tdcol-30\" style=\"height: 10px;width: 30%\">R\u00e9publique Tch\u00e8que<\/td>\n<td class=\"tdcol-10\" style=\"height: 10px;text-align: center;width: 8%\">1<\/td>\n<td class=\"tdcol-5\" style=\"height: 10px;text-align: center;width: 8%\">3<\/td>\n<td class=\"tdcol-5\" style=\"height: 10px;text-align: center;width: 8%\">0<\/td>\n<td class=\"tdcol-5\" style=\"height: 10px;text-align: center;width: 8%\">1<\/td>\n<td class=\"tdcol-5\" style=\"height: 10px;text-align: center;width: 8%\">2<\/td>\n<td class=\"tdcol-5\" style=\"height: 10px;text-align: center;width: 8%\">1<\/td>\n<td class=\"tdcol-5\" style=\"height: 10px;text-align: center;width: 8%\">5<\/td>\n<td class=\"tdcol-10\" style=\"height: 10px;text-align: center;width: 8%\">-4<\/td>\n<\/tr>\n<\/tbody>\n<\/table>\n<\/div>\n<p style=\"text-align: center;\"><a href=\"http:\/\/dicodusport.fr\/blog\/football-euro-u19-2019-calendrier-et-resultats\/3\/#phasesfinales\" class=\"su-button su-button-style-flat\" style=\"color:#FFFFFF;background-color:#005f9b;border-color:#004c7c;border-radius:4px\" target=\"_self\"><span style=\"color:#FFFFFF;padding:0px 20px;font-size:16px;line-height:32px;border-color:#4d8fb9;border-radius:4px;text-shadow:none\"> Phases finales<\/span><\/a>\n<p><!--nextpage--><\/p>\n<h1><a id=\"phasesfinales\"><\/a>Programme des phases finales<\/h1>\n<h2>Demi-finale<\/h2>\n<p><strong>Mercredi 24 juillet, 16h :<\/strong> <strong>Portugal 4<\/strong> &#8211; 0 Irlande<br \/>\n<strong>Mercredi 24 juillet; 19h (La Cha\u00eene l\u2019\u00c9quipe) : <\/strong>France 0 &#8211; <strong>0 Espagne (3-4 aux tirs au but)<\/strong><\/p>\n<h2 style=\"text-align: justify;\">Finale<\/h2>\n<p style=\"text-align: justify;\"><strong>Samedi 27 juillet :<\/strong> Portugal &#8211; Espagne<\/p>\n<p style=\"text-align: center;\"><a href=\"http:\/\/dicodusport.fr\/blog\/football-euro-u19-2019-calendrier-et-resultats\/\" class=\"su-button su-button-style-flat\" style=\"color:#FFFFFF;background-color:#005f9b;border-color:#004c7c;border-radius:4px\" target=\"_self\"><span style=\"color:#FFFFFF;padding:0px 20px;font-size:16px;line-height:32px;border-color:#4d8fb9;border-radius:4px;text-shadow:none\"> Revenir au d\u00e9but<\/span><\/a>\n<p><strong><em>Dicodusport<br \/>\n<a href=\"https:\/\/www.facebook.com\/dicodusport\/\" target=\"_blank\" rel=\"noopener\"><img loading=\"lazy\" decoding=\"async\" class=\"alignnone wp-image-2909\" src=\"http:\/\/dicodusport.fr\/blog\/wp-content\/uploads\/2017\/07\/logo-facebook-150x150.png\" sizes=\"auto, (max-width: 40px) 100vw, 40px\" srcset=\"https:\/\/dicodusport.fr\/blog\/wp-content\/uploads\/2017\/07\/logo-facebook-150x150.png 150w, https:\/\/dicodusport.fr\/blog\/wp-content\/uploads\/2017\/07\/logo-facebook-300x300.png 300w, https:\/\/dicodusport.fr\/blog\/wp-content\/uploads\/2017\/07\/logo-facebook.png 400w\" alt=\"\" width=\"40\" height=\"40\" \/><\/a><a href=\"https:\/\/twitter.com\/dicodusport\" target=\"_blank\" rel=\"noopener\"><img loading=\"lazy\" decoding=\"async\" class=\"alignnone wp-image-2908\" src=\"http:\/\/dicodusport.fr\/blog\/wp-content\/uploads\/2017\/07\/logo-twitter-150x150.png\" alt=\"\" width=\"39\" height=\"39\" \/><\/a><\/em><\/strong><\/p>\n","protected":false},"excerpt":{"rendered":"<p>Le 68\u00e8me Euro U19 masculin d\u00e9butera ce dimanche 14 juillet, et s&rsquo;ach\u00e8vera le 21 juillet prochain. Le calendrier et les r\u00e9sultats de la comp\u00e9tition.<\/p>\n","protected":false},"author":4,"featured_media":43019,"comment_status":"open","ping_status":"closed","sticky":false,"template":"","format":"standard","meta":{"_acf_changed":false,"_daextam_enable_autolinks":"","footnotes":""},"categories":[2301],"tags":[193,5590,75],"class_list":["post-43011","post","type-post","status-publish","format-standard","has-post-thumbnail","hentry","category-football","tag-euro","tag-euro-u19","tag-football"],"acf":[],"yoast_head":"<!-- This site is optimized with the Yoast SEO Premium plugin v26.7 (Yoast SEO v26.7) - https:\/\/yoast.com\/wordpress\/plugins\/seo\/ -->\n<title>Football - Euro U19 2019 : calendrier et r\u00e9sultats<\/title>\n<meta name=\"description\" content=\"Le 68\u00e8me Euro U19 masculin d\u00e9butera ce dimanche 14 juillet, et s&#039;ach\u00e8vera le 21 juillet prochain. Le calendrier et les r\u00e9sultats de la comp\u00e9tition.\" \/>\n<meta name=\"robots\" content=\"index, follow, max-snippet:-1, max-image-preview:large, max-video-preview:-1\" \/>\n<link rel=\"canonical\" href=\"https:\/\/dicodusport.fr\/blog\/football-euro-u19-2019-calendrier-et-resultats\/\" \/>\n<link rel=\"next\" href=\"https:\/\/dicodusport.fr\/blog\/football-euro-u19-2019-calendrier-et-resultats\/2\/\" \/>\n<meta property=\"og:locale\" content=\"fr_FR\" \/>\n<meta property=\"og:type\" content=\"article\" \/>\n<meta property=\"og:title\" content=\"Football - Euro U19 masculin 2019 : les Bleuets re\u00e7us 3\/3 avant la demi-finale\" \/>\n<meta property=\"og:description\" content=\"Le 68\u00e8me Euro U19 masculin d\u00e9butera ce dimanche 14 juillet, et s&#039;ach\u00e8vera le 21 juillet prochain. Le calendrier et les r\u00e9sultats de la comp\u00e9tition.\" \/>\n<meta property=\"og:url\" content=\"https:\/\/dicodusport.fr\/blog\/football-euro-u19-2019-calendrier-et-resultats\/\" \/>\n<meta property=\"og:site_name\" content=\"Dicodusport\" \/>\n<meta property=\"article:publisher\" content=\"https:\/\/www.facebook.com\/dicodusport\" \/>\n<meta property=\"article:author\" content=\"https:\/\/www.facebook.com\/florent.ostermann\" \/>\n<meta property=\"article:published_time\" content=\"2019-07-21T19:54:02+00:00\" \/>\n<meta property=\"article:modified_time\" content=\"2019-07-24T20:01:58+00:00\" \/>\n<meta property=\"og:image\" content=\"https:\/\/dicodusport.fr\/blog\/wp-content\/uploads\/2019\/07\/Calendrier-et-r\u00e9sultats-Euro-U19-2019.png\" \/>\n\t<meta property=\"og:image:width\" content=\"800\" \/>\n\t<meta property=\"og:image:height\" content=\"445\" \/>\n\t<meta property=\"og:image:type\" content=\"image\/png\" \/>\n<meta name=\"author\" content=\"Flo Ostermann\" \/>\n<meta name=\"twitter:card\" content=\"summary_large_image\" \/>\n<meta name=\"twitter:title\" content=\"Football - Euro U19 masculin 2019 : les Bleuets re\u00e7us 3\/3 avant la demi-finale\" \/>\n<meta name=\"twitter:creator\" content=\"@https:\/\/twitter.com\/FlOstermann\" \/>\n<meta name=\"twitter:site\" content=\"@dicodusport\" \/>\n<script type=\"application\/ld+json\" class=\"yoast-schema-graph\">{\"@context\":\"https:\/\/schema.org\",\"@graph\":[{\"@type\":\"NewsArticle\",\"@id\":\"https:\/\/dicodusport.fr\/blog\/football-euro-u19-2019-calendrier-et-resultats\/#article\",\"isPartOf\":{\"@id\":\"https:\/\/dicodusport.fr\/blog\/football-euro-u19-2019-calendrier-et-resultats\/\"},\"author\":{\"name\":\"Flo Ostermann\",\"@id\":\"https:\/\/dicodusport.fr\/blog\/#\/schema\/person\/cb02af4c173ce4a653b55e9baf388d4a\"},\"headline\":\"Football &#8211; Euro U19 2019 : calendrier et r\u00e9sultats\",\"datePublished\":\"2019-07-21T19:54:02+00:00\",\"dateModified\":\"2019-07-24T20:01:58+00:00\",\"mainEntityOfPage\":{\"@id\":\"https:\/\/dicodusport.fr\/blog\/football-euro-u19-2019-calendrier-et-resultats\/\"},\"wordCount\":291,\"commentCount\":0,\"publisher\":{\"@id\":\"https:\/\/dicodusport.fr\/blog\/#organization\"},\"image\":{\"@id\":\"https:\/\/dicodusport.fr\/blog\/football-euro-u19-2019-calendrier-et-resultats\/#primaryimage\"},\"thumbnailUrl\":\"https:\/\/dicodusport.fr\/blog\/wp-content\/uploads\/2019\/07\/Calendrier-et-r\u00e9sultats-Euro-U19-2019.png\",\"keywords\":[\"Euro\",\"Euro U19\",\"Football\"],\"articleSection\":[\"Football\"],\"inLanguage\":\"fr-FR\",\"potentialAction\":[{\"@type\":\"CommentAction\",\"name\":\"Comment\",\"target\":[\"https:\/\/dicodusport.fr\/blog\/football-euro-u19-2019-calendrier-et-resultats\/#respond\"]}],\"copyrightYear\":\"2019\",\"copyrightHolder\":{\"@id\":\"https:\/\/dicodusport.fr\/blog\/#organization\"}},{\"@type\":\"WebPage\",\"@id\":\"https:\/\/dicodusport.fr\/blog\/football-euro-u19-2019-calendrier-et-resultats\/\",\"url\":\"https:\/\/dicodusport.fr\/blog\/football-euro-u19-2019-calendrier-et-resultats\/\",\"name\":\"Football - Euro U19 2019 : calendrier et r\u00e9sultats\",\"isPartOf\":{\"@id\":\"https:\/\/dicodusport.fr\/blog\/#website\"},\"primaryImageOfPage\":{\"@id\":\"https:\/\/dicodusport.fr\/blog\/football-euro-u19-2019-calendrier-et-resultats\/#primaryimage\"},\"image\":{\"@id\":\"https:\/\/dicodusport.fr\/blog\/football-euro-u19-2019-calendrier-et-resultats\/#primaryimage\"},\"thumbnailUrl\":\"https:\/\/dicodusport.fr\/blog\/wp-content\/uploads\/2019\/07\/Calendrier-et-r\u00e9sultats-Euro-U19-2019.png\",\"datePublished\":\"2019-07-21T19:54:02+00:00\",\"dateModified\":\"2019-07-24T20:01:58+00:00\",\"description\":\"Le 68\u00e8me Euro U19 masculin d\u00e9butera ce dimanche 14 juillet, et s'ach\u00e8vera le 21 juillet prochain. Le calendrier et les r\u00e9sultats de la comp\u00e9tition.\",\"inLanguage\":\"fr-FR\",\"potentialAction\":[{\"@type\":\"ReadAction\",\"target\":[\"https:\/\/dicodusport.fr\/blog\/football-euro-u19-2019-calendrier-et-resultats\/\"]}]},{\"@type\":\"ImageObject\",\"inLanguage\":\"fr-FR\",\"@id\":\"https:\/\/dicodusport.fr\/blog\/football-euro-u19-2019-calendrier-et-resultats\/#primaryimage\",\"url\":\"https:\/\/dicodusport.fr\/blog\/wp-content\/uploads\/2019\/07\/Calendrier-et-r\u00e9sultats-Euro-U19-2019.png\",\"contentUrl\":\"https:\/\/dicodusport.fr\/blog\/wp-content\/uploads\/2019\/07\/Calendrier-et-r\u00e9sultats-Euro-U19-2019.png\",\"width\":800,\"height\":445},{\"@type\":\"WebSite\",\"@id\":\"https:\/\/dicodusport.fr\/blog\/#website\",\"url\":\"https:\/\/dicodusport.fr\/blog\/\",\"name\":\"Dicodusport\",\"description\":\"L&#039;encyclop\u00e9die de l&#039;actualit\u00e9 sportive\",\"publisher\":{\"@id\":\"https:\/\/dicodusport.fr\/blog\/#organization\"},\"potentialAction\":[{\"@type\":\"SearchAction\",\"target\":{\"@type\":\"EntryPoint\",\"urlTemplate\":\"https:\/\/dicodusport.fr\/blog\/?s={search_term_string}\"},\"query-input\":{\"@type\":\"PropertyValueSpecification\",\"valueRequired\":true,\"valueName\":\"search_term_string\"}}],\"inLanguage\":\"fr-FR\"},{\"@type\":\"NewsMediaOrganization\",\"@id\":\"https:\/\/dicodusport.fr\/blog\/#organization\",\"name\":\"Dicodusport\",\"url\":\"https:\/\/dicodusport.fr\/blog\/\",\"logo\":{\"@type\":\"ImageObject\",\"inLanguage\":\"fr-FR\",\"@id\":\"https:\/\/dicodusport.fr\/blog\/#\/schema\/logo\/image\/\",\"url\":\"https:\/\/dicodusport.fr\/blog\/wp-content\/uploads\/2020\/06\/cropped-LOGO-DICODUSPORT-2020-SANS-FOND-SANS-TEXTE.png\",\"contentUrl\":\"https:\/\/dicodusport.fr\/blog\/wp-content\/uploads\/2020\/06\/cropped-LOGO-DICODUSPORT-2020-SANS-FOND-SANS-TEXTE.png\",\"width\":512,\"height\":512,\"caption\":\"Dicodusport\"},\"image\":{\"@id\":\"https:\/\/dicodusport.fr\/blog\/#\/schema\/logo\/image\/\"},\"sameAs\":[\"https:\/\/www.facebook.com\/dicodusport\",\"https:\/\/x.com\/dicodusport\",\"https:\/\/www.instagram.com\/dicodusport\/\",\"https:\/\/www.youtube.com\/channel\/UC7V2KZ5sd3htJivAbA4ZG3w\"],\"description\":\"Dicodusport est l'encyclop\u00e9die de l'actualit\u00e9 sportive.\",\"email\":\"bonjour@dicodusport.fr\",\"legalName\":\"DICODUSPORT\",\"foundingDate\":\"2018-01-14\",\"vatID\":\"FR71834470973\",\"taxID\":\"83447097300043\",\"numberOfEmployees\":{\"@type\":\"QuantitativeValue\",\"minValue\":\"1\",\"maxValue\":\"10\"}},{\"@type\":\"Person\",\"@id\":\"https:\/\/dicodusport.fr\/blog\/#\/schema\/person\/cb02af4c173ce4a653b55e9baf388d4a\",\"name\":\"Flo Ostermann\",\"image\":{\"@type\":\"ImageObject\",\"inLanguage\":\"fr-FR\",\"@id\":\"https:\/\/dicodusport.fr\/blog\/#\/schema\/person\/image\/\",\"url\":\"https:\/\/dicodusport.fr\/blog\/wp-content\/uploads\/2021\/05\/Flo-Ostermann-150x150.jpg\",\"contentUrl\":\"https:\/\/dicodusport.fr\/blog\/wp-content\/uploads\/2021\/05\/Flo-Ostermann-150x150.jpg\",\"caption\":\"Flo Ostermann\"},\"description\":\"Journaliste\/R\u00e9dacteur depuis septembre 2015 - Mes premiers souvenirs dans le sport ? Les envol\u00e9es du Stade Toulousain et les duels Villeneuve-Schumacher et H\u00e4kkinen-Schumacher \u00e0 la fin des ann\u00e9es 90, la Coupe du monde de football en 1998, l\u2019exploit du XV de France face aux All Blacks en 1999, mais aussi Richard C\u0153ur de Lion qui vole sur les montagnes du Tour de France. Bien parti pour devenir professeur d\u2019EPS, les \u00e9v\u00e9nements de la vie (et la flemme d\u2019animer des s\u00e9ances de 3x500 m\u00e8tres toute ma vie) m\u2019ont conduit \u00e0 revoir mes plans. Me voil\u00e0 depuis fin 2017 sur Dicodusport, m\u00e9dia gr\u00e2ce (et pour) lequel je partage ma passion : le sport dans tous ses \u00e9tats. Le tout accompagn\u00e9 par les fous furieux et folles furieuses cit\u00e9s sur cette page !\",\"sameAs\":[\"https:\/\/www.facebook.com\/florent.ostermann\",\"https:\/\/x.com\/https:\/\/twitter.com\/FlOstermann\",\"admin\"],\"url\":\"https:\/\/dicodusport.fr\/blog\/author\/flo\/\"}]}<\/script>\n<!-- \/ Yoast SEO Premium plugin. -->","yoast_head_json":{"title":"Football - Euro U19 2019 : calendrier et r\u00e9sultats","description":"Le 68\u00e8me Euro U19 masculin d\u00e9butera ce dimanche 14 juillet, et s'ach\u00e8vera le 21 juillet prochain. Le calendrier et les r\u00e9sultats de la comp\u00e9tition.","robots":{"index":"index","follow":"follow","max-snippet":"max-snippet:-1","max-image-preview":"max-image-preview:large","max-video-preview":"max-video-preview:-1"},"canonical":"https:\/\/dicodusport.fr\/blog\/football-euro-u19-2019-calendrier-et-resultats\/","next":"https:\/\/dicodusport.fr\/blog\/football-euro-u19-2019-calendrier-et-resultats\/2\/","og_locale":"fr_FR","og_type":"article","og_title":"Football - Euro U19 masculin 2019 : les Bleuets re\u00e7us 3\/3 avant la demi-finale","og_description":"Le 68\u00e8me Euro U19 masculin d\u00e9butera ce dimanche 14 juillet, et s'ach\u00e8vera le 21 juillet prochain. Le calendrier et les r\u00e9sultats de la comp\u00e9tition.","og_url":"https:\/\/dicodusport.fr\/blog\/football-euro-u19-2019-calendrier-et-resultats\/","og_site_name":"Dicodusport","article_publisher":"https:\/\/www.facebook.com\/dicodusport","article_author":"https:\/\/www.facebook.com\/florent.ostermann","article_published_time":"2019-07-21T19:54:02+00:00","article_modified_time":"2019-07-24T20:01:58+00:00","og_image":[{"width":800,"height":445,"url":"https:\/\/dicodusport.fr\/blog\/wp-content\/uploads\/2019\/07\/Calendrier-et-r\u00e9sultats-Euro-U19-2019.png","type":"image\/png"}],"author":"Flo Ostermann","twitter_card":"summary_large_image","twitter_title":"Football - Euro U19 masculin 2019 : les Bleuets re\u00e7us 3\/3 avant la demi-finale","twitter_creator":"@https:\/\/twitter.com\/FlOstermann","twitter_site":"@dicodusport","schema":{"@context":"https:\/\/schema.org","@graph":[{"@type":"NewsArticle","@id":"https:\/\/dicodusport.fr\/blog\/football-euro-u19-2019-calendrier-et-resultats\/#article","isPartOf":{"@id":"https:\/\/dicodusport.fr\/blog\/football-euro-u19-2019-calendrier-et-resultats\/"},"author":{"name":"Flo Ostermann","@id":"https:\/\/dicodusport.fr\/blog\/#\/schema\/person\/cb02af4c173ce4a653b55e9baf388d4a"},"headline":"Football &#8211; Euro U19 2019 : calendrier et r\u00e9sultats","datePublished":"2019-07-21T19:54:02+00:00","dateModified":"2019-07-24T20:01:58+00:00","mainEntityOfPage":{"@id":"https:\/\/dicodusport.fr\/blog\/football-euro-u19-2019-calendrier-et-resultats\/"},"wordCount":291,"commentCount":0,"publisher":{"@id":"https:\/\/dicodusport.fr\/blog\/#organization"},"image":{"@id":"https:\/\/dicodusport.fr\/blog\/football-euro-u19-2019-calendrier-et-resultats\/#primaryimage"},"thumbnailUrl":"https:\/\/dicodusport.fr\/blog\/wp-content\/uploads\/2019\/07\/Calendrier-et-r\u00e9sultats-Euro-U19-2019.png","keywords":["Euro","Euro U19","Football"],"articleSection":["Football"],"inLanguage":"fr-FR","potentialAction":[{"@type":"CommentAction","name":"Comment","target":["https:\/\/dicodusport.fr\/blog\/football-euro-u19-2019-calendrier-et-resultats\/#respond"]}],"copyrightYear":"2019","copyrightHolder":{"@id":"https:\/\/dicodusport.fr\/blog\/#organization"}},{"@type":"WebPage","@id":"https:\/\/dicodusport.fr\/blog\/football-euro-u19-2019-calendrier-et-resultats\/","url":"https:\/\/dicodusport.fr\/blog\/football-euro-u19-2019-calendrier-et-resultats\/","name":"Football - Euro U19 2019 : calendrier et r\u00e9sultats","isPartOf":{"@id":"https:\/\/dicodusport.fr\/blog\/#website"},"primaryImageOfPage":{"@id":"https:\/\/dicodusport.fr\/blog\/football-euro-u19-2019-calendrier-et-resultats\/#primaryimage"},"image":{"@id":"https:\/\/dicodusport.fr\/blog\/football-euro-u19-2019-calendrier-et-resultats\/#primaryimage"},"thumbnailUrl":"https:\/\/dicodusport.fr\/blog\/wp-content\/uploads\/2019\/07\/Calendrier-et-r\u00e9sultats-Euro-U19-2019.png","datePublished":"2019-07-21T19:54:02+00:00","dateModified":"2019-07-24T20:01:58+00:00","description":"Le 68\u00e8me Euro U19 masculin d\u00e9butera ce dimanche 14 juillet, et s'ach\u00e8vera le 21 juillet prochain. Le calendrier et les r\u00e9sultats de la comp\u00e9tition.","inLanguage":"fr-FR","potentialAction":[{"@type":"ReadAction","target":["https:\/\/dicodusport.fr\/blog\/football-euro-u19-2019-calendrier-et-resultats\/"]}]},{"@type":"ImageObject","inLanguage":"fr-FR","@id":"https:\/\/dicodusport.fr\/blog\/football-euro-u19-2019-calendrier-et-resultats\/#primaryimage","url":"https:\/\/dicodusport.fr\/blog\/wp-content\/uploads\/2019\/07\/Calendrier-et-r\u00e9sultats-Euro-U19-2019.png","contentUrl":"https:\/\/dicodusport.fr\/blog\/wp-content\/uploads\/2019\/07\/Calendrier-et-r\u00e9sultats-Euro-U19-2019.png","width":800,"height":445},{"@type":"WebSite","@id":"https:\/\/dicodusport.fr\/blog\/#website","url":"https:\/\/dicodusport.fr\/blog\/","name":"Dicodusport","description":"L&#039;encyclop\u00e9die de l&#039;actualit\u00e9 sportive","publisher":{"@id":"https:\/\/dicodusport.fr\/blog\/#organization"},"potentialAction":[{"@type":"SearchAction","target":{"@type":"EntryPoint","urlTemplate":"https:\/\/dicodusport.fr\/blog\/?s={search_term_string}"},"query-input":{"@type":"PropertyValueSpecification","valueRequired":true,"valueName":"search_term_string"}}],"inLanguage":"fr-FR"},{"@type":"NewsMediaOrganization","@id":"https:\/\/dicodusport.fr\/blog\/#organization","name":"Dicodusport","url":"https:\/\/dicodusport.fr\/blog\/","logo":{"@type":"ImageObject","inLanguage":"fr-FR","@id":"https:\/\/dicodusport.fr\/blog\/#\/schema\/logo\/image\/","url":"https:\/\/dicodusport.fr\/blog\/wp-content\/uploads\/2020\/06\/cropped-LOGO-DICODUSPORT-2020-SANS-FOND-SANS-TEXTE.png","contentUrl":"https:\/\/dicodusport.fr\/blog\/wp-content\/uploads\/2020\/06\/cropped-LOGO-DICODUSPORT-2020-SANS-FOND-SANS-TEXTE.png","width":512,"height":512,"caption":"Dicodusport"},"image":{"@id":"https:\/\/dicodusport.fr\/blog\/#\/schema\/logo\/image\/"},"sameAs":["https:\/\/www.facebook.com\/dicodusport","https:\/\/x.com\/dicodusport","https:\/\/www.instagram.com\/dicodusport\/","https:\/\/www.youtube.com\/channel\/UC7V2KZ5sd3htJivAbA4ZG3w"],"description":"Dicodusport est l'encyclop\u00e9die de l'actualit\u00e9 sportive.","email":"bonjour@dicodusport.fr","legalName":"DICODUSPORT","foundingDate":"2018-01-14","vatID":"FR71834470973","taxID":"83447097300043","numberOfEmployees":{"@type":"QuantitativeValue","minValue":"1","maxValue":"10"}},{"@type":"Person","@id":"https:\/\/dicodusport.fr\/blog\/#\/schema\/person\/cb02af4c173ce4a653b55e9baf388d4a","name":"Flo Ostermann","image":{"@type":"ImageObject","inLanguage":"fr-FR","@id":"https:\/\/dicodusport.fr\/blog\/#\/schema\/person\/image\/","url":"https:\/\/dicodusport.fr\/blog\/wp-content\/uploads\/2021\/05\/Flo-Ostermann-150x150.jpg","contentUrl":"https:\/\/dicodusport.fr\/blog\/wp-content\/uploads\/2021\/05\/Flo-Ostermann-150x150.jpg","caption":"Flo Ostermann"},"description":"Journaliste\/R\u00e9dacteur depuis septembre 2015 - Mes premiers souvenirs dans le sport ? Les envol\u00e9es du Stade Toulousain et les duels Villeneuve-Schumacher et H\u00e4kkinen-Schumacher \u00e0 la fin des ann\u00e9es 90, la Coupe du monde de football en 1998, l\u2019exploit du XV de France face aux All Blacks en 1999, mais aussi Richard C\u0153ur de Lion qui vole sur les montagnes du Tour de France. Bien parti pour devenir professeur d\u2019EPS, les \u00e9v\u00e9nements de la vie (et la flemme d\u2019animer des s\u00e9ances de 3x500 m\u00e8tres toute ma vie) m\u2019ont conduit \u00e0 revoir mes plans. Me voil\u00e0 depuis fin 2017 sur Dicodusport, m\u00e9dia gr\u00e2ce (et pour) lequel je partage ma passion : le sport dans tous ses \u00e9tats. Le tout accompagn\u00e9 par les fous furieux et folles furieuses cit\u00e9s sur cette page !","sameAs":["https:\/\/www.facebook.com\/florent.ostermann","https:\/\/x.com\/https:\/\/twitter.com\/FlOstermann","admin"],"url":"https:\/\/dicodusport.fr\/blog\/author\/flo\/"}]}},"_links":{"self":[{"href":"https:\/\/dicodusport.fr\/blog\/wp-json\/wp\/v2\/posts\/43011","targetHints":{"allow":["GET"]}}],"collection":[{"href":"https:\/\/dicodusport.fr\/blog\/wp-json\/wp\/v2\/posts"}],"about":[{"href":"https:\/\/dicodusport.fr\/blog\/wp-json\/wp\/v2\/types\/post"}],"author":[{"embeddable":true,"href":"https:\/\/dicodusport.fr\/blog\/wp-json\/wp\/v2\/users\/4"}],"replies":[{"embeddable":true,"href":"https:\/\/dicodusport.fr\/blog\/wp-json\/wp\/v2\/comments?post=43011"}],"version-history":[{"count":0,"href":"https:\/\/dicodusport.fr\/blog\/wp-json\/wp\/v2\/posts\/43011\/revisions"}],"wp:featuredmedia":[{"embeddable":true,"href":"https:\/\/dicodusport.fr\/blog\/wp-json\/wp\/v2\/media\/43019"}],"wp:attachment":[{"href":"https:\/\/dicodusport.fr\/blog\/wp-json\/wp\/v2\/media?parent=43011"}],"wp:term":[{"taxonomy":"category","embeddable":true,"href":"https:\/\/dicodusport.fr\/blog\/wp-json\/wp\/v2\/categories?post=43011"},{"taxonomy":"post_tag","embeddable":true,"href":"https:\/\/dicodusport.fr\/blog\/wp-json\/wp\/v2\/tags?post=43011"}],"curies":[{"name":"wp","href":"https:\/\/api.w.org\/{rel}","templated":true}]}}