{"id":430122,"date":"2023-10-19T15:33:27","date_gmt":"2023-10-19T13:33:27","guid":{"rendered":"https:\/\/dicodusport.fr\/blog\/?p=430122&#038;preview=true&#038;preview_id=430122"},"modified":"2023-10-19T15:33:28","modified_gmt":"2023-10-19T13:33:28","slug":"diagonale-des-fous-2023-programme-heure-et-chaine-tv","status":"publish","type":"post","link":"https:\/\/dicodusport.fr\/blog\/diagonale-des-fous-2023-programme-heure-et-chaine-tv\/","title":{"rendered":"Diagonale des Fous 2023 : Programme, heure et cha\u00eene TV"},"content":{"rendered":"<p style=\"text-align: justify;\"><strong><em>DIAGONALE DES FOUS 2023 &#8211; La Diagonale des Fous 2023 d\u00e9marre ce jeudi 18 octobre avec au programme, 165 kilom\u00e8tres. D\u00e9couvrez le programme TV de la course r\u00e9unionnaise.\u00a0<\/em><\/strong><\/p>\n<ul style=\"text-align: justify;\">\n<li style=\"text-align: justify;\"><strong>\u00c0 lire aussi &#8211; <a href=\"https:\/\/dicodusport.fr\/blog\/diagonale-des-fous-2023-presentation-et-favoris\/\" target=\"_blank\" rel=\"noopener\">Diagonale des Fous 2023 : Pr\u00e9sentation et favoris<\/a><\/strong><\/li>\n<\/ul>\n<p style=\"text-align: justify;\">La mythique <strong>Diagonale des Fous<\/strong> se d\u00e9roule ce week-end \u00e0 La R\u00e9union, et avec un des meilleurs traileurs de l&rsquo;histoire, <strong>Fran\u00e7ois D&rsquo;Haene<\/strong>. Alors qu&rsquo;il n&rsquo;\u00e9tait pas pr\u00e9vu au d\u00e9part, le Tricolore a annonc\u00e9 il y a quelques jours sa pr\u00e9sence sur les 165 kilom\u00e8tres de course d&rsquo;une \u00e9preuve qu&rsquo;il a remport\u00e9e \u00e0 quatre reprises, en 2013, 2014, 2016 et 2018. On ne sait pas si sa condition lui permettra de jouer les premiers r\u00f4les.<\/p>\n<p style=\"text-align: justify;\"><strong>Fran\u00e7ois D&rsquo;Haene<\/strong> sera un des deux seuls anciens vainqueurs au d\u00e9part de la Diagonale des Fous, puisque <strong>Be\u00f1at<\/strong> <strong>Marmissolle<\/strong>, vainqueur en 2022, ne sera pas au d\u00e9part. En plus de Fran\u00e7ois D&rsquo;Haene, <strong>Ludovic<\/strong> <strong>Pommeret<\/strong> est l&rsquo;autre ancien vainqueur au d\u00e9part. Le traileur exp\u00e9riment\u00e9 a remport\u00e9 la course en 2021. <strong>Mathieu<\/strong> <strong>Blanchard<\/strong> a lui d\u00e9clar\u00e9 forfait apr\u00e8s un <a href=\"https:\/\/dicodusport.fr\/blog\/classement-utmb-mont-blanc-2023\/\">UTMB<\/a> un peu compliqu\u00e9.<\/p>\n<p style=\"text-align: justify;\">Chez les femmes, <strong>Courtney<\/strong> <strong>Dauwalter<\/strong> ne sera pas au d\u00e9part, alors qu&rsquo;elle est la tenante du titre. L&rsquo;Am\u00e9ricaine a r\u00e9alis\u00e9 une ann\u00e9e 2023 exceptionnelle avec un tripl\u00e9 historique en remportant les <strong>Western<\/strong> <strong>States<\/strong> 100, l&rsquo;<strong>Hardrock<\/strong> 100 et l&rsquo;UTMB. La grande favorite de la <strong>Diagonale des Fous 2023<\/strong> sera <strong>Katie<\/strong> <strong>Schide.<\/strong><\/p>\n<ul>\n<li style=\"text-align: justify;\"><strong>\u00c0 lire aussi &#8211; <a href=\"https:\/\/dicodusport.fr\/blog\/classement-en-direct-diagonale-des-fous-2023\/\">Classement de la Diagonale des Fous 2023<\/a>\u00a0<\/strong><\/li>\n<\/ul>\n<h2 style=\"text-align: justify;\">Le programme des 4 courses (heure fran\u00e7aise)<\/h2>\n<p style=\"text-align: justify;\"><strong>Relais Zembrocal<\/strong> (147 km, 7980 m\u00e8tres de d\u00e9nivel\u00e9 positif) : D\u00e9part jeudi 19 octobre \u00e0 15 heures<\/p>\n<p style=\"text-align: justify;\"><strong>Diagonale des Fous<\/strong> (165 km, 10217 m\u00e8tres de d\u00e9nivel\u00e9 positif) : D\u00e9part jeudi 19 octobre \u00e0 19 heures<\/p>\n<p style=\"text-align: justify;\"><strong>Mascareignes<\/strong> (71 km, 4010 m\u00e8tres de d\u00e9nivel\u00e9 positif) : D\u00e9part jeudi 19 octobre \u00e0 23 heures<\/p>\n<p style=\"text-align: justify;\"><strong>Trail de Bourbon<\/strong> (109 km, 6230 m\u00e8tres de d\u00e9nivel\u00e9 positif) : D\u00e9part vendredi 20 octobre \u00e0 18 heures<\/p>\n<h2 style=\"text-align: justify;\">Le Programme TV de la Diagonale des Fous 2023<\/h2>\n<h3 style=\"text-align: justify;\">Canal+ Sport 360<\/h3>\n<p style=\"text-align: justify;\">Jeudi 19 octobre \u00e0 18h00 : Le D\u00e9part de la Diagonale des Fous<br \/>\nVendredi 20 octobre \u00e0 7h14 : La course<br \/>\nVendredi 20 octobre \u00e0 11h30 : La course<br \/>\nVendredi 20 octobre \u00e0 14h30 : La course et l&rsquo;arriv\u00e9e des premiers<\/p>\n<h3 style=\"text-align: justify;\"><a href=\"https:\/\/la1ere.francetvinfo.fr\/reunion\/direct-tv.html\" target=\"_blank\" rel=\"noopener\">R\u00e9union la 1\u00e8re<\/a> &amp; <a href=\"https:\/\/www.canalplus-reunion.com\/evenement\/canalgrandraid\/dispositif.html\" target=\"_blank\" rel=\"noopener\">Canal Grand Raid<\/a><\/h3>\n<p style=\"text-align: justify;\">La Diagonale des Fous en int\u00e9gralit\u00e9 \u00e0 partir du Jeudi 19 octobre \u00e0 19h00<\/p>\n","protected":false},"excerpt":{"rendered":"<p>DIAGONALE DES FOUS 2023 &#8211; La Diagonale des Fous 2023 d\u00e9marre ce jeudi 18 octobre avec au programme, 165 kilom\u00e8tres. D\u00e9couvrez le programme TV de la course r\u00e9unionnaise.\u00a0<\/p>\n","protected":false},"author":1,"featured_media":430132,"comment_status":"open","ping_status":"closed","sticky":false,"template":"","format":"standard","meta":{"_acf_changed":false,"_daextam_enable_autolinks":"1","footnotes":""},"categories":[8673],"tags":[16878,6172],"class_list":["post-430122","post","type-post","status-publish","format-standard","has-post-thumbnail","hentry","category-trail","tag-breve","tag-diagonale-des-fous"],"acf":[],"yoast_head":"<!-- This site is optimized with the Yoast SEO Premium plugin v26.7 (Yoast SEO v26.7) - https:\/\/yoast.com\/wordpress\/plugins\/seo\/ -->\n<title>Diagonale des Fous 2023 : Programme, heure et cha\u00eene TV<\/title>\n<meta name=\"description\" content=\"DIAGONALE DES FOUS 2023 - La Diagonale des Fous 2023 d\u00e9marre ce jeudi 18 octobre. D\u00e9couvrez le programme TV de la course r\u00e9unionnaise.\u00a0\" \/>\n<meta name=\"robots\" content=\"index, follow, max-snippet:-1, max-image-preview:large, max-video-preview:-1\" \/>\n<link rel=\"canonical\" href=\"https:\/\/dicodusport.fr\/blog\/diagonale-des-fous-2023-programme-heure-et-chaine-tv\/\" \/>\n<meta property=\"og:locale\" content=\"fr_FR\" \/>\n<meta property=\"og:type\" content=\"article\" \/>\n<meta property=\"og:title\" content=\"Diagonale des Fous 2023 : Programme, heure et cha\u00eene TV\" \/>\n<meta property=\"og:description\" content=\"DIAGONALE DES FOUS 2023 - La Diagonale des Fous 2023 d\u00e9marre ce jeudi 18 octobre. D\u00e9couvrez le programme TV de la course r\u00e9unionnaise.\u00a0\" \/>\n<meta property=\"og:url\" content=\"https:\/\/dicodusport.fr\/blog\/diagonale-des-fous-2023-programme-heure-et-chaine-tv\/\" \/>\n<meta property=\"og:site_name\" content=\"Dicodusport\" \/>\n<meta property=\"article:publisher\" content=\"https:\/\/www.facebook.com\/dicodusport\" \/>\n<meta property=\"article:author\" content=\"https:\/\/www.facebook.com\/dicodusport\" \/>\n<meta property=\"article:published_time\" content=\"2023-10-19T13:33:27+00:00\" \/>\n<meta property=\"article:modified_time\" content=\"2023-10-19T13:33:28+00:00\" \/>\n<meta property=\"og:image\" content=\"https:\/\/dicodusport.fr\/blog\/wp-content\/uploads\/2023\/10\/Diagonale-des-Fous-2023-Programme-heure-et-chaine-TV.png\" \/>\n\t<meta property=\"og:image:width\" content=\"800\" \/>\n\t<meta property=\"og:image:height\" content=\"445\" \/>\n\t<meta property=\"og:image:type\" content=\"image\/png\" \/>\n<meta name=\"author\" content=\"Nicolas Jacquemard\" \/>\n<meta name=\"twitter:card\" content=\"summary_large_image\" \/>\n<meta name=\"twitter:title\" content=\"Diagonale des Fous 2023 : Programme, heure et cha\u00eene TV\" \/>\n<meta name=\"twitter:creator\" content=\"@https:\/\/twitter.com\/Nico_Jacquemard\" \/>\n<meta name=\"twitter:site\" content=\"@dicodusport\" \/>\n<script type=\"application\/ld+json\" class=\"yoast-schema-graph\">{\"@context\":\"https:\/\/schema.org\",\"@graph\":[{\"@type\":\"NewsArticle\",\"@id\":\"https:\/\/dicodusport.fr\/blog\/diagonale-des-fous-2023-programme-heure-et-chaine-tv\/#article\",\"isPartOf\":{\"@id\":\"https:\/\/dicodusport.fr\/blog\/diagonale-des-fous-2023-programme-heure-et-chaine-tv\/\"},\"author\":{\"name\":\"Nicolas Jacquemard\",\"@id\":\"https:\/\/dicodusport.fr\/blog\/#\/schema\/person\/55dcb50ad410894e431ed812bbb70191\"},\"headline\":\"Diagonale des Fous 2023 : Programme, heure et cha\u00eene TV\",\"datePublished\":\"2023-10-19T13:33:27+00:00\",\"dateModified\":\"2023-10-19T13:33:28+00:00\",\"mainEntityOfPage\":{\"@id\":\"https:\/\/dicodusport.fr\/blog\/diagonale-des-fous-2023-programme-heure-et-chaine-tv\/\"},\"wordCount\":389,\"commentCount\":0,\"publisher\":{\"@id\":\"https:\/\/dicodusport.fr\/blog\/#organization\"},\"image\":{\"@id\":\"https:\/\/dicodusport.fr\/blog\/diagonale-des-fous-2023-programme-heure-et-chaine-tv\/#primaryimage\"},\"thumbnailUrl\":\"https:\/\/dicodusport.fr\/blog\/wp-content\/uploads\/2023\/10\/Diagonale-des-Fous-2023-Programme-heure-et-chaine-TV.png\",\"keywords\":[\"br\u00e8ve\",\"Diagonale des Fous\"],\"articleSection\":[\"Trail\"],\"inLanguage\":\"fr-FR\",\"potentialAction\":[{\"@type\":\"CommentAction\",\"name\":\"Comment\",\"target\":[\"https:\/\/dicodusport.fr\/blog\/diagonale-des-fous-2023-programme-heure-et-chaine-tv\/#respond\"]}],\"copyrightYear\":\"2023\",\"copyrightHolder\":{\"@id\":\"https:\/\/dicodusport.fr\/blog\/#organization\"}},{\"@type\":\"WebPage\",\"@id\":\"https:\/\/dicodusport.fr\/blog\/diagonale-des-fous-2023-programme-heure-et-chaine-tv\/\",\"url\":\"https:\/\/dicodusport.fr\/blog\/diagonale-des-fous-2023-programme-heure-et-chaine-tv\/\",\"name\":\"Diagonale des Fous 2023 : Programme, heure et cha\u00eene TV\",\"isPartOf\":{\"@id\":\"https:\/\/dicodusport.fr\/blog\/#website\"},\"primaryImageOfPage\":{\"@id\":\"https:\/\/dicodusport.fr\/blog\/diagonale-des-fous-2023-programme-heure-et-chaine-tv\/#primaryimage\"},\"image\":{\"@id\":\"https:\/\/dicodusport.fr\/blog\/diagonale-des-fous-2023-programme-heure-et-chaine-tv\/#primaryimage\"},\"thumbnailUrl\":\"https:\/\/dicodusport.fr\/blog\/wp-content\/uploads\/2023\/10\/Diagonale-des-Fous-2023-Programme-heure-et-chaine-TV.png\",\"datePublished\":\"2023-10-19T13:33:27+00:00\",\"dateModified\":\"2023-10-19T13:33:28+00:00\",\"description\":\"DIAGONALE DES FOUS 2023 - La Diagonale des Fous 2023 d\u00e9marre ce jeudi 18 octobre. D\u00e9couvrez le programme TV de la course r\u00e9unionnaise.\u00a0\",\"breadcrumb\":{\"@id\":\"https:\/\/dicodusport.fr\/blog\/diagonale-des-fous-2023-programme-heure-et-chaine-tv\/#breadcrumb\"},\"inLanguage\":\"fr-FR\",\"potentialAction\":[{\"@type\":\"ReadAction\",\"target\":[\"https:\/\/dicodusport.fr\/blog\/diagonale-des-fous-2023-programme-heure-et-chaine-tv\/\"]}]},{\"@type\":\"ImageObject\",\"inLanguage\":\"fr-FR\",\"@id\":\"https:\/\/dicodusport.fr\/blog\/diagonale-des-fous-2023-programme-heure-et-chaine-tv\/#primaryimage\",\"url\":\"https:\/\/dicodusport.fr\/blog\/wp-content\/uploads\/2023\/10\/Diagonale-des-Fous-2023-Programme-heure-et-chaine-TV.png\",\"contentUrl\":\"https:\/\/dicodusport.fr\/blog\/wp-content\/uploads\/2023\/10\/Diagonale-des-Fous-2023-Programme-heure-et-chaine-TV.png\",\"width\":800,\"height\":445},{\"@type\":\"BreadcrumbList\",\"@id\":\"https:\/\/dicodusport.fr\/blog\/diagonale-des-fous-2023-programme-heure-et-chaine-tv\/#breadcrumb\",\"itemListElement\":[{\"@type\":\"ListItem\",\"position\":1,\"name\":\"Accueil\",\"item\":\"https:\/\/dicodusport.fr\/blog\/\"},{\"@type\":\"ListItem\",\"position\":2,\"name\":\"Diagonale des Fous 2023 : Programme, heure et cha\u00eene TV\"}]},{\"@type\":\"WebSite\",\"@id\":\"https:\/\/dicodusport.fr\/blog\/#website\",\"url\":\"https:\/\/dicodusport.fr\/blog\/\",\"name\":\"Dicodusport\",\"description\":\"L&#039;encyclop\u00e9die de l&#039;actualit\u00e9 sportive\",\"publisher\":{\"@id\":\"https:\/\/dicodusport.fr\/blog\/#organization\"},\"potentialAction\":[{\"@type\":\"SearchAction\",\"target\":{\"@type\":\"EntryPoint\",\"urlTemplate\":\"https:\/\/dicodusport.fr\/blog\/?s={search_term_string}\"},\"query-input\":{\"@type\":\"PropertyValueSpecification\",\"valueRequired\":true,\"valueName\":\"search_term_string\"}}],\"inLanguage\":\"fr-FR\"},{\"@type\":\"NewsMediaOrganization\",\"@id\":\"https:\/\/dicodusport.fr\/blog\/#organization\",\"name\":\"Dicodusport\",\"url\":\"https:\/\/dicodusport.fr\/blog\/\",\"logo\":{\"@type\":\"ImageObject\",\"inLanguage\":\"fr-FR\",\"@id\":\"https:\/\/dicodusport.fr\/blog\/#\/schema\/logo\/image\/\",\"url\":\"https:\/\/dicodusport.fr\/blog\/wp-content\/uploads\/2020\/06\/cropped-LOGO-DICODUSPORT-2020-SANS-FOND-SANS-TEXTE.png\",\"contentUrl\":\"https:\/\/dicodusport.fr\/blog\/wp-content\/uploads\/2020\/06\/cropped-LOGO-DICODUSPORT-2020-SANS-FOND-SANS-TEXTE.png\",\"width\":512,\"height\":512,\"caption\":\"Dicodusport\"},\"image\":{\"@id\":\"https:\/\/dicodusport.fr\/blog\/#\/schema\/logo\/image\/\"},\"sameAs\":[\"https:\/\/www.facebook.com\/dicodusport\",\"https:\/\/x.com\/dicodusport\",\"https:\/\/www.instagram.com\/dicodusport\/\",\"https:\/\/www.youtube.com\/channel\/UC7V2KZ5sd3htJivAbA4ZG3w\"],\"description\":\"Dicodusport est l'encyclop\u00e9die de l'actualit\u00e9 sportive.\",\"email\":\"bonjour@dicodusport.fr\",\"legalName\":\"DICODUSPORT\",\"foundingDate\":\"2018-01-14\",\"vatID\":\"FR71834470973\",\"taxID\":\"83447097300043\",\"numberOfEmployees\":{\"@type\":\"QuantitativeValue\",\"minValue\":\"1\",\"maxValue\":\"10\"}},{\"@type\":\"Person\",\"@id\":\"https:\/\/dicodusport.fr\/blog\/#\/schema\/person\/55dcb50ad410894e431ed812bbb70191\",\"name\":\"Nicolas Jacquemard\",\"image\":{\"@type\":\"ImageObject\",\"inLanguage\":\"fr-FR\",\"@id\":\"https:\/\/dicodusport.fr\/blog\/#\/schema\/person\/image\/\",\"url\":\"https:\/\/dicodusport.fr\/blog\/wp-content\/uploads\/2021\/05\/Nicolas-Jacquemard-150x150.jpeg\",\"contentUrl\":\"https:\/\/dicodusport.fr\/blog\/wp-content\/uploads\/2021\/05\/Nicolas-Jacquemard-150x150.jpeg\",\"caption\":\"Nicolas Jacquemard\"},\"description\":\"Passionn\u00e9 de sport et entrepreneur depuis mes 18 ans, la cr\u00e9ation de Dicodusport m'a sembl\u00e9 \u00e9vidente pour participer \u00e0 la m\u00e9diatisation d'un plus grand nombre de sports. Le chemin est long mais avec une \u00e9quipe des plus motiv\u00e9es et les Jeux Olympiques de Paris 2024 en point de mire, nous y arriverons ! Journaliste dans le monde du sport depuis plus de 5 ans, je traite aussi bien de football, de rugby, de biathlon que de cyclisme.\",\"sameAs\":[\"https:\/\/www.facebook.com\/dicodusport\",\"https:\/\/x.com\/https:\/\/twitter.com\/Nico_Jacquemard\"],\"url\":\"https:\/\/dicodusport.fr\/blog\/author\/dicodusport\/\"}]}<\/script>\n<!-- \/ Yoast SEO Premium plugin. -->","yoast_head_json":{"title":"Diagonale des Fous 2023 : Programme, heure et cha\u00eene TV","description":"DIAGONALE DES FOUS 2023 - La Diagonale des Fous 2023 d\u00e9marre ce jeudi 18 octobre. D\u00e9couvrez le programme TV de la course r\u00e9unionnaise.\u00a0","robots":{"index":"index","follow":"follow","max-snippet":"max-snippet:-1","max-image-preview":"max-image-preview:large","max-video-preview":"max-video-preview:-1"},"canonical":"https:\/\/dicodusport.fr\/blog\/diagonale-des-fous-2023-programme-heure-et-chaine-tv\/","og_locale":"fr_FR","og_type":"article","og_title":"Diagonale des Fous 2023 : Programme, heure et cha\u00eene TV","og_description":"DIAGONALE DES FOUS 2023 - La Diagonale des Fous 2023 d\u00e9marre ce jeudi 18 octobre. D\u00e9couvrez le programme TV de la course r\u00e9unionnaise.\u00a0","og_url":"https:\/\/dicodusport.fr\/blog\/diagonale-des-fous-2023-programme-heure-et-chaine-tv\/","og_site_name":"Dicodusport","article_publisher":"https:\/\/www.facebook.com\/dicodusport","article_author":"https:\/\/www.facebook.com\/dicodusport","article_published_time":"2023-10-19T13:33:27+00:00","article_modified_time":"2023-10-19T13:33:28+00:00","og_image":[{"width":800,"height":445,"url":"https:\/\/dicodusport.fr\/blog\/wp-content\/uploads\/2023\/10\/Diagonale-des-Fous-2023-Programme-heure-et-chaine-TV.png","type":"image\/png"}],"author":"Nicolas Jacquemard","twitter_card":"summary_large_image","twitter_title":"Diagonale des Fous 2023 : Programme, heure et cha\u00eene TV","twitter_creator":"@https:\/\/twitter.com\/Nico_Jacquemard","twitter_site":"@dicodusport","schema":{"@context":"https:\/\/schema.org","@graph":[{"@type":"NewsArticle","@id":"https:\/\/dicodusport.fr\/blog\/diagonale-des-fous-2023-programme-heure-et-chaine-tv\/#article","isPartOf":{"@id":"https:\/\/dicodusport.fr\/blog\/diagonale-des-fous-2023-programme-heure-et-chaine-tv\/"},"author":{"name":"Nicolas Jacquemard","@id":"https:\/\/dicodusport.fr\/blog\/#\/schema\/person\/55dcb50ad410894e431ed812bbb70191"},"headline":"Diagonale des Fous 2023 : Programme, heure et cha\u00eene TV","datePublished":"2023-10-19T13:33:27+00:00","dateModified":"2023-10-19T13:33:28+00:00","mainEntityOfPage":{"@id":"https:\/\/dicodusport.fr\/blog\/diagonale-des-fous-2023-programme-heure-et-chaine-tv\/"},"wordCount":389,"commentCount":0,"publisher":{"@id":"https:\/\/dicodusport.fr\/blog\/#organization"},"image":{"@id":"https:\/\/dicodusport.fr\/blog\/diagonale-des-fous-2023-programme-heure-et-chaine-tv\/#primaryimage"},"thumbnailUrl":"https:\/\/dicodusport.fr\/blog\/wp-content\/uploads\/2023\/10\/Diagonale-des-Fous-2023-Programme-heure-et-chaine-TV.png","keywords":["br\u00e8ve","Diagonale des Fous"],"articleSection":["Trail"],"inLanguage":"fr-FR","potentialAction":[{"@type":"CommentAction","name":"Comment","target":["https:\/\/dicodusport.fr\/blog\/diagonale-des-fous-2023-programme-heure-et-chaine-tv\/#respond"]}],"copyrightYear":"2023","copyrightHolder":{"@id":"https:\/\/dicodusport.fr\/blog\/#organization"}},{"@type":"WebPage","@id":"https:\/\/dicodusport.fr\/blog\/diagonale-des-fous-2023-programme-heure-et-chaine-tv\/","url":"https:\/\/dicodusport.fr\/blog\/diagonale-des-fous-2023-programme-heure-et-chaine-tv\/","name":"Diagonale des Fous 2023 : Programme, heure et cha\u00eene TV","isPartOf":{"@id":"https:\/\/dicodusport.fr\/blog\/#website"},"primaryImageOfPage":{"@id":"https:\/\/dicodusport.fr\/blog\/diagonale-des-fous-2023-programme-heure-et-chaine-tv\/#primaryimage"},"image":{"@id":"https:\/\/dicodusport.fr\/blog\/diagonale-des-fous-2023-programme-heure-et-chaine-tv\/#primaryimage"},"thumbnailUrl":"https:\/\/dicodusport.fr\/blog\/wp-content\/uploads\/2023\/10\/Diagonale-des-Fous-2023-Programme-heure-et-chaine-TV.png","datePublished":"2023-10-19T13:33:27+00:00","dateModified":"2023-10-19T13:33:28+00:00","description":"DIAGONALE DES FOUS 2023 - La Diagonale des Fous 2023 d\u00e9marre ce jeudi 18 octobre. D\u00e9couvrez le programme TV de la course r\u00e9unionnaise.\u00a0","breadcrumb":{"@id":"https:\/\/dicodusport.fr\/blog\/diagonale-des-fous-2023-programme-heure-et-chaine-tv\/#breadcrumb"},"inLanguage":"fr-FR","potentialAction":[{"@type":"ReadAction","target":["https:\/\/dicodusport.fr\/blog\/diagonale-des-fous-2023-programme-heure-et-chaine-tv\/"]}]},{"@type":"ImageObject","inLanguage":"fr-FR","@id":"https:\/\/dicodusport.fr\/blog\/diagonale-des-fous-2023-programme-heure-et-chaine-tv\/#primaryimage","url":"https:\/\/dicodusport.fr\/blog\/wp-content\/uploads\/2023\/10\/Diagonale-des-Fous-2023-Programme-heure-et-chaine-TV.png","contentUrl":"https:\/\/dicodusport.fr\/blog\/wp-content\/uploads\/2023\/10\/Diagonale-des-Fous-2023-Programme-heure-et-chaine-TV.png","width":800,"height":445},{"@type":"BreadcrumbList","@id":"https:\/\/dicodusport.fr\/blog\/diagonale-des-fous-2023-programme-heure-et-chaine-tv\/#breadcrumb","itemListElement":[{"@type":"ListItem","position":1,"name":"Accueil","item":"https:\/\/dicodusport.fr\/blog\/"},{"@type":"ListItem","position":2,"name":"Diagonale des Fous 2023 : Programme, heure et cha\u00eene TV"}]},{"@type":"WebSite","@id":"https:\/\/dicodusport.fr\/blog\/#website","url":"https:\/\/dicodusport.fr\/blog\/","name":"Dicodusport","description":"L&#039;encyclop\u00e9die de l&#039;actualit\u00e9 sportive","publisher":{"@id":"https:\/\/dicodusport.fr\/blog\/#organization"},"potentialAction":[{"@type":"SearchAction","target":{"@type":"EntryPoint","urlTemplate":"https:\/\/dicodusport.fr\/blog\/?s={search_term_string}"},"query-input":{"@type":"PropertyValueSpecification","valueRequired":true,"valueName":"search_term_string"}}],"inLanguage":"fr-FR"},{"@type":"NewsMediaOrganization","@id":"https:\/\/dicodusport.fr\/blog\/#organization","name":"Dicodusport","url":"https:\/\/dicodusport.fr\/blog\/","logo":{"@type":"ImageObject","inLanguage":"fr-FR","@id":"https:\/\/dicodusport.fr\/blog\/#\/schema\/logo\/image\/","url":"https:\/\/dicodusport.fr\/blog\/wp-content\/uploads\/2020\/06\/cropped-LOGO-DICODUSPORT-2020-SANS-FOND-SANS-TEXTE.png","contentUrl":"https:\/\/dicodusport.fr\/blog\/wp-content\/uploads\/2020\/06\/cropped-LOGO-DICODUSPORT-2020-SANS-FOND-SANS-TEXTE.png","width":512,"height":512,"caption":"Dicodusport"},"image":{"@id":"https:\/\/dicodusport.fr\/blog\/#\/schema\/logo\/image\/"},"sameAs":["https:\/\/www.facebook.com\/dicodusport","https:\/\/x.com\/dicodusport","https:\/\/www.instagram.com\/dicodusport\/","https:\/\/www.youtube.com\/channel\/UC7V2KZ5sd3htJivAbA4ZG3w"],"description":"Dicodusport est l'encyclop\u00e9die de l'actualit\u00e9 sportive.","email":"bonjour@dicodusport.fr","legalName":"DICODUSPORT","foundingDate":"2018-01-14","vatID":"FR71834470973","taxID":"83447097300043","numberOfEmployees":{"@type":"QuantitativeValue","minValue":"1","maxValue":"10"}},{"@type":"Person","@id":"https:\/\/dicodusport.fr\/blog\/#\/schema\/person\/55dcb50ad410894e431ed812bbb70191","name":"Nicolas Jacquemard","image":{"@type":"ImageObject","inLanguage":"fr-FR","@id":"https:\/\/dicodusport.fr\/blog\/#\/schema\/person\/image\/","url":"https:\/\/dicodusport.fr\/blog\/wp-content\/uploads\/2021\/05\/Nicolas-Jacquemard-150x150.jpeg","contentUrl":"https:\/\/dicodusport.fr\/blog\/wp-content\/uploads\/2021\/05\/Nicolas-Jacquemard-150x150.jpeg","caption":"Nicolas Jacquemard"},"description":"Passionn\u00e9 de sport et entrepreneur depuis mes 18 ans, la cr\u00e9ation de Dicodusport m'a sembl\u00e9 \u00e9vidente pour participer \u00e0 la m\u00e9diatisation d'un plus grand nombre de sports. Le chemin est long mais avec une \u00e9quipe des plus motiv\u00e9es et les Jeux Olympiques de Paris 2024 en point de mire, nous y arriverons ! Journaliste dans le monde du sport depuis plus de 5 ans, je traite aussi bien de football, de rugby, de biathlon que de cyclisme.","sameAs":["https:\/\/www.facebook.com\/dicodusport","https:\/\/x.com\/https:\/\/twitter.com\/Nico_Jacquemard"],"url":"https:\/\/dicodusport.fr\/blog\/author\/dicodusport\/"}]}},"_links":{"self":[{"href":"https:\/\/dicodusport.fr\/blog\/wp-json\/wp\/v2\/posts\/430122","targetHints":{"allow":["GET"]}}],"collection":[{"href":"https:\/\/dicodusport.fr\/blog\/wp-json\/wp\/v2\/posts"}],"about":[{"href":"https:\/\/dicodusport.fr\/blog\/wp-json\/wp\/v2\/types\/post"}],"author":[{"embeddable":true,"href":"https:\/\/dicodusport.fr\/blog\/wp-json\/wp\/v2\/users\/1"}],"replies":[{"embeddable":true,"href":"https:\/\/dicodusport.fr\/blog\/wp-json\/wp\/v2\/comments?post=430122"}],"version-history":[{"count":0,"href":"https:\/\/dicodusport.fr\/blog\/wp-json\/wp\/v2\/posts\/430122\/revisions"}],"wp:featuredmedia":[{"embeddable":true,"href":"https:\/\/dicodusport.fr\/blog\/wp-json\/wp\/v2\/media\/430132"}],"wp:attachment":[{"href":"https:\/\/dicodusport.fr\/blog\/wp-json\/wp\/v2\/media?parent=430122"}],"wp:term":[{"taxonomy":"category","embeddable":true,"href":"https:\/\/dicodusport.fr\/blog\/wp-json\/wp\/v2\/categories?post=430122"},{"taxonomy":"post_tag","embeddable":true,"href":"https:\/\/dicodusport.fr\/blog\/wp-json\/wp\/v2\/tags?post=430122"}],"curies":[{"name":"wp","href":"https:\/\/api.w.org\/{rel}","templated":true}]}}