{"id":430167,"date":"2023-10-18T18:01:21","date_gmt":"2023-10-18T16:01:21","guid":{"rendered":"https:\/\/dicodusport.fr\/blog\/?p=430167&#038;preview=true&#038;preview_id=430167"},"modified":"2023-10-18T18:13:05","modified_gmt":"2023-10-18T16:13:05","slug":"mercato-cyclisme-rui-costa-rejoint-la-formation-ef-education-easypost","status":"publish","type":"post","link":"https:\/\/dicodusport.fr\/blog\/mercato-cyclisme-rui-costa-rejoint-la-formation-ef-education-easypost\/","title":{"rendered":"Mercato Cyclisme : Rui Costa rejoint la formation EF Education-EasyPost"},"content":{"rendered":"<p style=\"text-align: justify;\"><em><b>CYCLISME SUR ROUTE 2024 &#8211; Recrue de choix pour la formation am\u00e9ricaine EF Education-EasyPost. Auteur d&rsquo;une saison 2023 aboutie avec Intermarch\u00e9-Circus-Wanty, l&rsquo;ancien champion du monde Rui Costa va apporter sa science de la course et son exp\u00e9rience dans la bande \u00e0 Jonathan Vaughters.<\/b><\/em><\/p>\n<ul style=\"text-align: justify;\">\n<li style=\"text-align: justify;\"><strong>\u00c0 lire aussi &#8211; <a href=\"https:\/\/dicodusport.fr\/blog\/mercato-cyclisme-2023-2024-tableau-des-transferts\/\">Mercato Cyclisme 2023-2024 \u2013 Tableau des transferts<\/a>\u00a0<\/strong><\/li>\n<\/ul>\n<p style=\"text-align: justify;\">Jusqu&rsquo;\u00e0 pr\u00e9sent, <strong>EF Education-EasyPost<\/strong> s&rsquo;\u00e9tait montr\u00e9 actif sur le march\u00e9 des transferts, sans pour autant qu&rsquo;un gros nom ne sorte. Au milieu d&rsquo;une multitude de jeunes coureurs, seul <strong>Harry Sweeny<\/strong> d\u00e9barquait avec une r\u00e9elle exp\u00e9rience du plus haut niveau du haut de ses 25 ans. Ce mercredi, la formation am\u00e9ricaine a donc rem\u00e9di\u00e9 \u00e0 cela en annon\u00e7ant la signature de l&rsquo;inusable <strong>Rui Costa<\/strong>.<\/p>\n<h2 style=\"text-align: justify;\">Cinq victoires en 2023<\/h2>\n<p style=\"text-align: justify;\">Champion du monde il y a exactement dix ans (2013), le Portugais est l&rsquo;un des coureurs les plus exp\u00e9riment\u00e9s du peloton. Malgr\u00e9 ses 37 ans, ce dernier a prouv\u00e9 qu&rsquo;il en avait encore sous la semelle en rejoignant <strong>Intermarch\u00e9-Circus-Wanty <\/strong>cette ann\u00e9e. Alors qu&rsquo;il restait sur deux ans sans succ\u00e8s au sein de la surpuissante UAE Team Emirates, il s&rsquo;est refait la cerise dans une \u00e9quipe o\u00f9 il b\u00e9n\u00e9ficiait naturellement d&rsquo;une latitude plus grande. Comme toujours, il en a profit\u00e9 pour faire parler son coffre et son intelligence pour d\u00e9crocher <strong>cinq victoires au cours de l&rsquo;ann\u00e9e 2023<\/strong>.<\/p>\n<p style=\"text-align: justify;\">En janvier et f\u00e9vrier, il avait rafl\u00e9 en Espagne le<strong> Trofeo Calva<\/strong>, puis une \u00e9tape et le classement g\u00e9n\u00e9ral du <strong>Tour de Valence<\/strong>. Ensuite, il a attendu le mois de septembre pour d\u00e9crocher <strong><a href=\"https:\/\/dicodusport.fr\/blog\/tour-despagne-2023-rui-costa-remporte-la-15eme-etape\/\">une magnifique victoire d&rsquo;\u00e9tape sur la Vuelta<\/a><\/strong>, avant de boucler par un succ\u00e8s sur la <a href=\"https:\/\/dicodusport.fr\/blog\/classement-japan-cup-2023\/\"><strong>Japan Cup<\/strong><\/a>. Une ann\u00e9e bien remplie pour celui qui compte une trentaine de succ\u00e8s dans sa besace.\u00a0Dans sa nouvelle formation, il aura sans doute encore l&rsquo;occasion d&rsquo;aller briller \u00e0 l&rsquo;avant de la course.<\/p>\n<blockquote class=\"twitter-tweet\">\n<p dir=\"ltr\" lang=\"en\">Welcome Rui Costa!<\/p>\n<p>The Portuguese powerhouse will be wearing pink next year! With more than 30 wins to his name, Rui brings lots of experience and will be a strong asset to this team.<\/p>\n<p>\u201cThe goals are to keep adding, to keep winning. To start this season by winning, to finish\u2026 <a href=\"https:\/\/t.co\/HgCNUqNmHk\">pic.twitter.com\/HgCNUqNmHk<\/a><\/p>\n<p>\u2014 EF Pro Cycling (@EFprocycling) <a href=\"https:\/\/twitter.com\/EFprocycling\/status\/1714659127115362634?ref_src=twsrc%5Etfw\">October 18, 2023<\/a><\/p><\/blockquote>\n<p><script async src=\"https:\/\/platform.twitter.com\/widgets.js\" charset=\"utf-8\"><\/script><\/p>\n","protected":false},"excerpt":{"rendered":"<p>CYCLISME SUR ROUTE 2024 &#8211; Recrue de choix pour la formation am\u00e9ricaine EF Education-Easy-Post. Auteur d&rsquo;une saison 2023 aboutie avec Intermarch\u00e9-Circus-Wanty, l&rsquo;ancien champion du monde Rui Costa va apporter sa science de la course et son exp\u00e9rience dans la bande \u00e0 Jonathan Vaughters.<\/p>\n","protected":false},"author":55,"featured_media":430173,"comment_status":"open","ping_status":"closed","sticky":false,"template":"","format":"standard","meta":{"_acf_changed":false,"_daextam_enable_autolinks":"1","footnotes":""},"categories":[46994],"tags":[16878,1186,25958,8386],"class_list":["post-430167","post","type-post","status-publish","format-standard","has-post-thumbnail","hentry","category-cyclisme-sur-route","tag-breve","tag-cofidis","tag-ef-education-easypost","tag-mercato-cyclisme"],"acf":[],"yoast_head":"<!-- This site is optimized with the Yoast SEO Premium plugin v26.7 (Yoast SEO v26.7) - https:\/\/yoast.com\/wordpress\/plugins\/seo\/ -->\n<title>Mercato Cyclisme : Rui Costa rejoint la formation EF Education-EasyPost<\/title>\n<meta name=\"description\" content=\"CYCLISME SUR ROUTE 2024 - L&#039;ancien champion du monde Rui Costa s&#039;est engag\u00e9 avec EF Education-EasyPost en 2024.\" \/>\n<meta name=\"robots\" content=\"index, follow, max-snippet:-1, max-image-preview:large, max-video-preview:-1\" \/>\n<link rel=\"canonical\" href=\"https:\/\/dicodusport.fr\/blog\/mercato-cyclisme-rui-costa-rejoint-la-formation-ef-education-easypost\/\" \/>\n<meta property=\"og:locale\" content=\"fr_FR\" \/>\n<meta property=\"og:type\" content=\"article\" \/>\n<meta property=\"og:title\" content=\"Mercato Cyclisme : Rui Costa rejoint la formation EF Education-EasyPost\" \/>\n<meta property=\"og:description\" content=\"CYCLISME SUR ROUTE 2024 - L&#039;ancien champion du monde Rui Costa s&#039;est engag\u00e9 avec EF Education-EasyPost en 2024.\" \/>\n<meta property=\"og:url\" content=\"https:\/\/dicodusport.fr\/blog\/mercato-cyclisme-rui-costa-rejoint-la-formation-ef-education-easypost\/\" \/>\n<meta property=\"og:site_name\" content=\"Dicodusport\" \/>\n<meta property=\"article:publisher\" content=\"https:\/\/www.facebook.com\/dicodusport\" \/>\n<meta property=\"article:published_time\" content=\"2023-10-18T16:01:21+00:00\" \/>\n<meta property=\"article:modified_time\" content=\"2023-10-18T16:13:05+00:00\" \/>\n<meta property=\"og:image\" content=\"https:\/\/dicodusport.fr\/blog\/wp-content\/uploads\/2023\/10\/Mercato-Cyclisme-Rui-Costa-rejoint-la-formation-EF-Education-EasyPost.png\" \/>\n\t<meta property=\"og:image:width\" content=\"800\" \/>\n\t<meta property=\"og:image:height\" content=\"445\" \/>\n\t<meta property=\"og:image:type\" content=\"image\/png\" \/>\n<meta name=\"author\" content=\"Maxime Cazenave\" \/>\n<meta name=\"twitter:card\" content=\"summary_large_image\" \/>\n<meta name=\"twitter:title\" content=\"Mercato Cyclisme : Rui Costa rejoint la formation EF Education-EasyPost\" \/>\n<meta name=\"twitter:creator\" content=\"@https:\/\/twitter.com\/Maxime_Caze\" \/>\n<meta name=\"twitter:site\" content=\"@dicodusport\" \/>\n<script type=\"application\/ld+json\" class=\"yoast-schema-graph\">{\"@context\":\"https:\/\/schema.org\",\"@graph\":[{\"@type\":\"NewsArticle\",\"@id\":\"https:\/\/dicodusport.fr\/blog\/mercato-cyclisme-rui-costa-rejoint-la-formation-ef-education-easypost\/#article\",\"isPartOf\":{\"@id\":\"https:\/\/dicodusport.fr\/blog\/mercato-cyclisme-rui-costa-rejoint-la-formation-ef-education-easypost\/\"},\"author\":{\"name\":\"Maxime Cazenave\",\"@id\":\"https:\/\/dicodusport.fr\/blog\/#\/schema\/person\/37def232098a7a5cbab3974a3690abb0\"},\"headline\":\"Mercato Cyclisme : Rui Costa rejoint la formation EF Education-EasyPost\",\"datePublished\":\"2023-10-18T16:01:21+00:00\",\"dateModified\":\"2023-10-18T16:13:05+00:00\",\"mainEntityOfPage\":{\"@id\":\"https:\/\/dicodusport.fr\/blog\/mercato-cyclisme-rui-costa-rejoint-la-formation-ef-education-easypost\/\"},\"wordCount\":397,\"commentCount\":0,\"publisher\":{\"@id\":\"https:\/\/dicodusport.fr\/blog\/#organization\"},\"image\":{\"@id\":\"https:\/\/dicodusport.fr\/blog\/mercato-cyclisme-rui-costa-rejoint-la-formation-ef-education-easypost\/#primaryimage\"},\"thumbnailUrl\":\"https:\/\/dicodusport.fr\/blog\/wp-content\/uploads\/2023\/10\/Mercato-Cyclisme-Rui-Costa-rejoint-la-formation-EF-Education-EasyPost.png\",\"keywords\":[\"br\u00e8ve\",\"cofidis\",\"EF Education-EasyPost\",\"Mercato Cyclisme\"],\"articleSection\":[\"Cyclisme sur route\"],\"inLanguage\":\"fr-FR\",\"potentialAction\":[{\"@type\":\"CommentAction\",\"name\":\"Comment\",\"target\":[\"https:\/\/dicodusport.fr\/blog\/mercato-cyclisme-rui-costa-rejoint-la-formation-ef-education-easypost\/#respond\"]}],\"copyrightYear\":\"2023\",\"copyrightHolder\":{\"@id\":\"https:\/\/dicodusport.fr\/blog\/#organization\"}},{\"@type\":\"WebPage\",\"@id\":\"https:\/\/dicodusport.fr\/blog\/mercato-cyclisme-rui-costa-rejoint-la-formation-ef-education-easypost\/\",\"url\":\"https:\/\/dicodusport.fr\/blog\/mercato-cyclisme-rui-costa-rejoint-la-formation-ef-education-easypost\/\",\"name\":\"Mercato Cyclisme : Rui Costa rejoint la formation EF Education-EasyPost\",\"isPartOf\":{\"@id\":\"https:\/\/dicodusport.fr\/blog\/#website\"},\"primaryImageOfPage\":{\"@id\":\"https:\/\/dicodusport.fr\/blog\/mercato-cyclisme-rui-costa-rejoint-la-formation-ef-education-easypost\/#primaryimage\"},\"image\":{\"@id\":\"https:\/\/dicodusport.fr\/blog\/mercato-cyclisme-rui-costa-rejoint-la-formation-ef-education-easypost\/#primaryimage\"},\"thumbnailUrl\":\"https:\/\/dicodusport.fr\/blog\/wp-content\/uploads\/2023\/10\/Mercato-Cyclisme-Rui-Costa-rejoint-la-formation-EF-Education-EasyPost.png\",\"datePublished\":\"2023-10-18T16:01:21+00:00\",\"dateModified\":\"2023-10-18T16:13:05+00:00\",\"description\":\"CYCLISME SUR ROUTE 2024 - L'ancien champion du monde Rui Costa s'est engag\u00e9 avec EF Education-EasyPost en 2024.\",\"breadcrumb\":{\"@id\":\"https:\/\/dicodusport.fr\/blog\/mercato-cyclisme-rui-costa-rejoint-la-formation-ef-education-easypost\/#breadcrumb\"},\"inLanguage\":\"fr-FR\",\"potentialAction\":[{\"@type\":\"ReadAction\",\"target\":[\"https:\/\/dicodusport.fr\/blog\/mercato-cyclisme-rui-costa-rejoint-la-formation-ef-education-easypost\/\"]}]},{\"@type\":\"ImageObject\",\"inLanguage\":\"fr-FR\",\"@id\":\"https:\/\/dicodusport.fr\/blog\/mercato-cyclisme-rui-costa-rejoint-la-formation-ef-education-easypost\/#primaryimage\",\"url\":\"https:\/\/dicodusport.fr\/blog\/wp-content\/uploads\/2023\/10\/Mercato-Cyclisme-Rui-Costa-rejoint-la-formation-EF-Education-EasyPost.png\",\"contentUrl\":\"https:\/\/dicodusport.fr\/blog\/wp-content\/uploads\/2023\/10\/Mercato-Cyclisme-Rui-Costa-rejoint-la-formation-EF-Education-EasyPost.png\",\"width\":800,\"height\":445,\"caption\":\"Mercato Cyclisme : Rui Costa rejoint la formation EF Education-EasyPost\"},{\"@type\":\"BreadcrumbList\",\"@id\":\"https:\/\/dicodusport.fr\/blog\/mercato-cyclisme-rui-costa-rejoint-la-formation-ef-education-easypost\/#breadcrumb\",\"itemListElement\":[{\"@type\":\"ListItem\",\"position\":1,\"name\":\"Accueil\",\"item\":\"https:\/\/dicodusport.fr\/blog\/\"},{\"@type\":\"ListItem\",\"position\":2,\"name\":\"Mercato Cyclisme : Rui Costa rejoint la formation EF Education-EasyPost\"}]},{\"@type\":\"WebSite\",\"@id\":\"https:\/\/dicodusport.fr\/blog\/#website\",\"url\":\"https:\/\/dicodusport.fr\/blog\/\",\"name\":\"Dicodusport\",\"description\":\"L&#039;encyclop\u00e9die de l&#039;actualit\u00e9 sportive\",\"publisher\":{\"@id\":\"https:\/\/dicodusport.fr\/blog\/#organization\"},\"potentialAction\":[{\"@type\":\"SearchAction\",\"target\":{\"@type\":\"EntryPoint\",\"urlTemplate\":\"https:\/\/dicodusport.fr\/blog\/?s={search_term_string}\"},\"query-input\":{\"@type\":\"PropertyValueSpecification\",\"valueRequired\":true,\"valueName\":\"search_term_string\"}}],\"inLanguage\":\"fr-FR\"},{\"@type\":\"NewsMediaOrganization\",\"@id\":\"https:\/\/dicodusport.fr\/blog\/#organization\",\"name\":\"Dicodusport\",\"url\":\"https:\/\/dicodusport.fr\/blog\/\",\"logo\":{\"@type\":\"ImageObject\",\"inLanguage\":\"fr-FR\",\"@id\":\"https:\/\/dicodusport.fr\/blog\/#\/schema\/logo\/image\/\",\"url\":\"https:\/\/dicodusport.fr\/blog\/wp-content\/uploads\/2020\/06\/cropped-LOGO-DICODUSPORT-2020-SANS-FOND-SANS-TEXTE.png\",\"contentUrl\":\"https:\/\/dicodusport.fr\/blog\/wp-content\/uploads\/2020\/06\/cropped-LOGO-DICODUSPORT-2020-SANS-FOND-SANS-TEXTE.png\",\"width\":512,\"height\":512,\"caption\":\"Dicodusport\"},\"image\":{\"@id\":\"https:\/\/dicodusport.fr\/blog\/#\/schema\/logo\/image\/\"},\"sameAs\":[\"https:\/\/www.facebook.com\/dicodusport\",\"https:\/\/x.com\/dicodusport\",\"https:\/\/www.instagram.com\/dicodusport\/\",\"https:\/\/www.youtube.com\/channel\/UC7V2KZ5sd3htJivAbA4ZG3w\"],\"description\":\"Dicodusport est l'encyclop\u00e9die de l'actualit\u00e9 sportive.\",\"email\":\"bonjour@dicodusport.fr\",\"legalName\":\"DICODUSPORT\",\"foundingDate\":\"2018-01-14\",\"vatID\":\"FR71834470973\",\"taxID\":\"83447097300043\",\"numberOfEmployees\":{\"@type\":\"QuantitativeValue\",\"minValue\":\"1\",\"maxValue\":\"10\"}},{\"@type\":\"Person\",\"@id\":\"https:\/\/dicodusport.fr\/blog\/#\/schema\/person\/37def232098a7a5cbab3974a3690abb0\",\"name\":\"Maxime Cazenave\",\"image\":{\"@type\":\"ImageObject\",\"inLanguage\":\"fr-FR\",\"@id\":\"https:\/\/dicodusport.fr\/blog\/#\/schema\/person\/image\/\",\"url\":\"https:\/\/dicodusport.fr\/blog\/wp-content\/uploads\/2021\/05\/Maxime-Cazenave-150x150.jpg\",\"contentUrl\":\"https:\/\/dicodusport.fr\/blog\/wp-content\/uploads\/2021\/05\/Maxime-Cazenave-150x150.jpg\",\"caption\":\"Maxime Cazenave\"},\"description\":\"Journaliste\/R\u00e9dacteur depuis 2012 - Berc\u00e9 par l\u2019amour des Girondins de Bordeaux, les \u00e9checs de Christophe Moreau sur le Tour de France sous l'\u00e8re Lance Armstrong et le fade-away l\u00e9tal de Dirk Nowitzki, ma passion d\u00e9vorante pour le sport a toujours \u00e9t\u00e9 un pan incontournable de ma vie. Transmettre ma passion \u00e0 l\u2019\u00e9crit a \u00e9t\u00e9 une transition naturelle. Suiveur assidu de basket et de hockey sur glace, je garde toujours un peu de place pour suivre le cyclisme, le football et le maximum de performances fran\u00e7aises.\",\"sameAs\":[\"https:\/\/x.com\/https:\/\/twitter.com\/Maxime_Caze\"],\"url\":\"https:\/\/dicodusport.fr\/blog\/author\/maximec\/\"}]}<\/script>\n<!-- \/ Yoast SEO Premium plugin. -->","yoast_head_json":{"title":"Mercato Cyclisme : Rui Costa rejoint la formation EF Education-EasyPost","description":"CYCLISME SUR ROUTE 2024 - L'ancien champion du monde Rui Costa s'est engag\u00e9 avec EF Education-EasyPost en 2024.","robots":{"index":"index","follow":"follow","max-snippet":"max-snippet:-1","max-image-preview":"max-image-preview:large","max-video-preview":"max-video-preview:-1"},"canonical":"https:\/\/dicodusport.fr\/blog\/mercato-cyclisme-rui-costa-rejoint-la-formation-ef-education-easypost\/","og_locale":"fr_FR","og_type":"article","og_title":"Mercato Cyclisme : Rui Costa rejoint la formation EF Education-EasyPost","og_description":"CYCLISME SUR ROUTE 2024 - L'ancien champion du monde Rui Costa s'est engag\u00e9 avec EF Education-EasyPost en 2024.","og_url":"https:\/\/dicodusport.fr\/blog\/mercato-cyclisme-rui-costa-rejoint-la-formation-ef-education-easypost\/","og_site_name":"Dicodusport","article_publisher":"https:\/\/www.facebook.com\/dicodusport","article_published_time":"2023-10-18T16:01:21+00:00","article_modified_time":"2023-10-18T16:13:05+00:00","og_image":[{"width":800,"height":445,"url":"https:\/\/dicodusport.fr\/blog\/wp-content\/uploads\/2023\/10\/Mercato-Cyclisme-Rui-Costa-rejoint-la-formation-EF-Education-EasyPost.png","type":"image\/png"}],"author":"Maxime Cazenave","twitter_card":"summary_large_image","twitter_title":"Mercato Cyclisme : Rui Costa rejoint la formation EF Education-EasyPost","twitter_creator":"@https:\/\/twitter.com\/Maxime_Caze","twitter_site":"@dicodusport","schema":{"@context":"https:\/\/schema.org","@graph":[{"@type":"NewsArticle","@id":"https:\/\/dicodusport.fr\/blog\/mercato-cyclisme-rui-costa-rejoint-la-formation-ef-education-easypost\/#article","isPartOf":{"@id":"https:\/\/dicodusport.fr\/blog\/mercato-cyclisme-rui-costa-rejoint-la-formation-ef-education-easypost\/"},"author":{"name":"Maxime Cazenave","@id":"https:\/\/dicodusport.fr\/blog\/#\/schema\/person\/37def232098a7a5cbab3974a3690abb0"},"headline":"Mercato Cyclisme : Rui Costa rejoint la formation EF Education-EasyPost","datePublished":"2023-10-18T16:01:21+00:00","dateModified":"2023-10-18T16:13:05+00:00","mainEntityOfPage":{"@id":"https:\/\/dicodusport.fr\/blog\/mercato-cyclisme-rui-costa-rejoint-la-formation-ef-education-easypost\/"},"wordCount":397,"commentCount":0,"publisher":{"@id":"https:\/\/dicodusport.fr\/blog\/#organization"},"image":{"@id":"https:\/\/dicodusport.fr\/blog\/mercato-cyclisme-rui-costa-rejoint-la-formation-ef-education-easypost\/#primaryimage"},"thumbnailUrl":"https:\/\/dicodusport.fr\/blog\/wp-content\/uploads\/2023\/10\/Mercato-Cyclisme-Rui-Costa-rejoint-la-formation-EF-Education-EasyPost.png","keywords":["br\u00e8ve","cofidis","EF Education-EasyPost","Mercato Cyclisme"],"articleSection":["Cyclisme sur route"],"inLanguage":"fr-FR","potentialAction":[{"@type":"CommentAction","name":"Comment","target":["https:\/\/dicodusport.fr\/blog\/mercato-cyclisme-rui-costa-rejoint-la-formation-ef-education-easypost\/#respond"]}],"copyrightYear":"2023","copyrightHolder":{"@id":"https:\/\/dicodusport.fr\/blog\/#organization"}},{"@type":"WebPage","@id":"https:\/\/dicodusport.fr\/blog\/mercato-cyclisme-rui-costa-rejoint-la-formation-ef-education-easypost\/","url":"https:\/\/dicodusport.fr\/blog\/mercato-cyclisme-rui-costa-rejoint-la-formation-ef-education-easypost\/","name":"Mercato Cyclisme : Rui Costa rejoint la formation EF Education-EasyPost","isPartOf":{"@id":"https:\/\/dicodusport.fr\/blog\/#website"},"primaryImageOfPage":{"@id":"https:\/\/dicodusport.fr\/blog\/mercato-cyclisme-rui-costa-rejoint-la-formation-ef-education-easypost\/#primaryimage"},"image":{"@id":"https:\/\/dicodusport.fr\/blog\/mercato-cyclisme-rui-costa-rejoint-la-formation-ef-education-easypost\/#primaryimage"},"thumbnailUrl":"https:\/\/dicodusport.fr\/blog\/wp-content\/uploads\/2023\/10\/Mercato-Cyclisme-Rui-Costa-rejoint-la-formation-EF-Education-EasyPost.png","datePublished":"2023-10-18T16:01:21+00:00","dateModified":"2023-10-18T16:13:05+00:00","description":"CYCLISME SUR ROUTE 2024 - L'ancien champion du monde Rui Costa s'est engag\u00e9 avec EF Education-EasyPost en 2024.","breadcrumb":{"@id":"https:\/\/dicodusport.fr\/blog\/mercato-cyclisme-rui-costa-rejoint-la-formation-ef-education-easypost\/#breadcrumb"},"inLanguage":"fr-FR","potentialAction":[{"@type":"ReadAction","target":["https:\/\/dicodusport.fr\/blog\/mercato-cyclisme-rui-costa-rejoint-la-formation-ef-education-easypost\/"]}]},{"@type":"ImageObject","inLanguage":"fr-FR","@id":"https:\/\/dicodusport.fr\/blog\/mercato-cyclisme-rui-costa-rejoint-la-formation-ef-education-easypost\/#primaryimage","url":"https:\/\/dicodusport.fr\/blog\/wp-content\/uploads\/2023\/10\/Mercato-Cyclisme-Rui-Costa-rejoint-la-formation-EF-Education-EasyPost.png","contentUrl":"https:\/\/dicodusport.fr\/blog\/wp-content\/uploads\/2023\/10\/Mercato-Cyclisme-Rui-Costa-rejoint-la-formation-EF-Education-EasyPost.png","width":800,"height":445,"caption":"Mercato Cyclisme : Rui Costa rejoint la formation EF Education-EasyPost"},{"@type":"BreadcrumbList","@id":"https:\/\/dicodusport.fr\/blog\/mercato-cyclisme-rui-costa-rejoint-la-formation-ef-education-easypost\/#breadcrumb","itemListElement":[{"@type":"ListItem","position":1,"name":"Accueil","item":"https:\/\/dicodusport.fr\/blog\/"},{"@type":"ListItem","position":2,"name":"Mercato Cyclisme : Rui Costa rejoint la formation EF Education-EasyPost"}]},{"@type":"WebSite","@id":"https:\/\/dicodusport.fr\/blog\/#website","url":"https:\/\/dicodusport.fr\/blog\/","name":"Dicodusport","description":"L&#039;encyclop\u00e9die de l&#039;actualit\u00e9 sportive","publisher":{"@id":"https:\/\/dicodusport.fr\/blog\/#organization"},"potentialAction":[{"@type":"SearchAction","target":{"@type":"EntryPoint","urlTemplate":"https:\/\/dicodusport.fr\/blog\/?s={search_term_string}"},"query-input":{"@type":"PropertyValueSpecification","valueRequired":true,"valueName":"search_term_string"}}],"inLanguage":"fr-FR"},{"@type":"NewsMediaOrganization","@id":"https:\/\/dicodusport.fr\/blog\/#organization","name":"Dicodusport","url":"https:\/\/dicodusport.fr\/blog\/","logo":{"@type":"ImageObject","inLanguage":"fr-FR","@id":"https:\/\/dicodusport.fr\/blog\/#\/schema\/logo\/image\/","url":"https:\/\/dicodusport.fr\/blog\/wp-content\/uploads\/2020\/06\/cropped-LOGO-DICODUSPORT-2020-SANS-FOND-SANS-TEXTE.png","contentUrl":"https:\/\/dicodusport.fr\/blog\/wp-content\/uploads\/2020\/06\/cropped-LOGO-DICODUSPORT-2020-SANS-FOND-SANS-TEXTE.png","width":512,"height":512,"caption":"Dicodusport"},"image":{"@id":"https:\/\/dicodusport.fr\/blog\/#\/schema\/logo\/image\/"},"sameAs":["https:\/\/www.facebook.com\/dicodusport","https:\/\/x.com\/dicodusport","https:\/\/www.instagram.com\/dicodusport\/","https:\/\/www.youtube.com\/channel\/UC7V2KZ5sd3htJivAbA4ZG3w"],"description":"Dicodusport est l'encyclop\u00e9die de l'actualit\u00e9 sportive.","email":"bonjour@dicodusport.fr","legalName":"DICODUSPORT","foundingDate":"2018-01-14","vatID":"FR71834470973","taxID":"83447097300043","numberOfEmployees":{"@type":"QuantitativeValue","minValue":"1","maxValue":"10"}},{"@type":"Person","@id":"https:\/\/dicodusport.fr\/blog\/#\/schema\/person\/37def232098a7a5cbab3974a3690abb0","name":"Maxime Cazenave","image":{"@type":"ImageObject","inLanguage":"fr-FR","@id":"https:\/\/dicodusport.fr\/blog\/#\/schema\/person\/image\/","url":"https:\/\/dicodusport.fr\/blog\/wp-content\/uploads\/2021\/05\/Maxime-Cazenave-150x150.jpg","contentUrl":"https:\/\/dicodusport.fr\/blog\/wp-content\/uploads\/2021\/05\/Maxime-Cazenave-150x150.jpg","caption":"Maxime Cazenave"},"description":"Journaliste\/R\u00e9dacteur depuis 2012 - Berc\u00e9 par l\u2019amour des Girondins de Bordeaux, les \u00e9checs de Christophe Moreau sur le Tour de France sous l'\u00e8re Lance Armstrong et le fade-away l\u00e9tal de Dirk Nowitzki, ma passion d\u00e9vorante pour le sport a toujours \u00e9t\u00e9 un pan incontournable de ma vie. Transmettre ma passion \u00e0 l\u2019\u00e9crit a \u00e9t\u00e9 une transition naturelle. Suiveur assidu de basket et de hockey sur glace, je garde toujours un peu de place pour suivre le cyclisme, le football et le maximum de performances fran\u00e7aises.","sameAs":["https:\/\/x.com\/https:\/\/twitter.com\/Maxime_Caze"],"url":"https:\/\/dicodusport.fr\/blog\/author\/maximec\/"}]}},"_links":{"self":[{"href":"https:\/\/dicodusport.fr\/blog\/wp-json\/wp\/v2\/posts\/430167","targetHints":{"allow":["GET"]}}],"collection":[{"href":"https:\/\/dicodusport.fr\/blog\/wp-json\/wp\/v2\/posts"}],"about":[{"href":"https:\/\/dicodusport.fr\/blog\/wp-json\/wp\/v2\/types\/post"}],"author":[{"embeddable":true,"href":"https:\/\/dicodusport.fr\/blog\/wp-json\/wp\/v2\/users\/55"}],"replies":[{"embeddable":true,"href":"https:\/\/dicodusport.fr\/blog\/wp-json\/wp\/v2\/comments?post=430167"}],"version-history":[{"count":0,"href":"https:\/\/dicodusport.fr\/blog\/wp-json\/wp\/v2\/posts\/430167\/revisions"}],"wp:featuredmedia":[{"embeddable":true,"href":"https:\/\/dicodusport.fr\/blog\/wp-json\/wp\/v2\/media\/430173"}],"wp:attachment":[{"href":"https:\/\/dicodusport.fr\/blog\/wp-json\/wp\/v2\/media?parent=430167"}],"wp:term":[{"taxonomy":"category","embeddable":true,"href":"https:\/\/dicodusport.fr\/blog\/wp-json\/wp\/v2\/categories?post=430167"},{"taxonomy":"post_tag","embeddable":true,"href":"https:\/\/dicodusport.fr\/blog\/wp-json\/wp\/v2\/tags?post=430167"}],"curies":[{"name":"wp","href":"https:\/\/api.w.org\/{rel}","templated":true}]}}