{"id":430181,"date":"2023-10-18T19:18:57","date_gmt":"2023-10-18T17:18:57","guid":{"rendered":"https:\/\/dicodusport.fr\/blog\/?p=430181&#038;preview=true&#038;preview_id=430181"},"modified":"2023-10-19T16:53:42","modified_gmt":"2023-10-19T14:53:42","slug":"transferts-aviron-bayonnais-les-joueurs-en-fin-de-contrat-a-lissue-de-la-saison-2023-2024","status":"publish","type":"post","link":"https:\/\/dicodusport.fr\/blog\/transferts-aviron-bayonnais-les-joueurs-en-fin-de-contrat-a-lissue-de-la-saison-2023-2024\/","title":{"rendered":"Transferts Aviron Bayonnais : Les joueurs en fin de contrat \u00e0 l&rsquo;issue de la saison 2023-2024"},"content":{"rendered":"<p style=\"text-align: justify;\"><strong><em>TRANSFERTS TOP 14 &#8211; On fait le point sur les joueurs en fin de contrat \u00e0 l&rsquo;Aviron Bayonnais, \u00e0 l&rsquo;issue de la saison 2023-2024.<\/em><\/strong><\/p>\n<ul>\n<li style=\"text-align: justify;\"><strong>\u00c0 lire aussi &#8211; <a href=\"https:\/\/dicodusport.fr\/blog\/classement-top-14-2023-2024\/\">Le classement du Top 14<\/a><\/strong><\/li>\n<\/ul>\n<p style=\"text-align: justify;\"><strong>Bayonne<\/strong>, grande et belle surprise de la saison 2022-2023 de <strong>Top 14<\/strong>, poursuit sa m\u00e9tamorphose. Dans le sens des arriv\u00e9es, mais aussi, certainement, au rang des d\u00e9parts. De nombreux joueurs de l&rsquo;<strong>Aviron Bayonnais<\/strong> sont en effet en fin de contrat \u00e0 l&rsquo;issue de cette saison. Parmi ceux-ci, on retrouve le deuxi\u00e8me ligne uruguayen <strong>Manuel Leindekar<\/strong>, tr\u00e8s en vue lors de la Coupe du monde. Sera-t-il reconduit ? Rien n&rsquo;est moins s\u00fbr.<\/p>\n<p style=\"text-align: justify;\">Derri\u00e8re, les exp\u00e9riment\u00e9s <strong>Maxime Machenaud<\/strong> et <strong>Camille Lopez<\/strong> sont aussi en fin de bail. Ils disposent n\u00e9anmoins tous les deux d&rsquo;une ann\u00e9e en option dans leur contrat actuel. <strong>Lopez<\/strong> prolongera-t-il le plaisir, alors que <strong>Joris Segonds<\/strong> va d\u00e9barquer l&rsquo;\u00e9t\u00e9 prochain ? Affaire \u00e0 suivre. \u00c9galement en fin de contrat \u00e0 Bayonne, <a href=\"https:\/\/dicodusport.fr\/blog\/transferts-bayonne-remy-baget-va-rejoindre-un-nouveau-club-la-saison-prochaine\/\"><strong>R\u00e9my Baget<\/strong> s&rsquo;est lui engag\u00e9 avec le Castres Olympique<\/a>.<\/p>\n<h2 style=\"text-align: justify;\">Les joueurs de l&rsquo;Aviron Bayonnais en fin de contrat \u00e0 l&rsquo;issue de la saison<\/h2>\n<h3>Avants<\/h3>\n<p style=\"text-align: justify;\"><strong>Swan Cormenier<\/strong> (pilier, 27 ans)<br \/>\n<strong>Thomas Acquier<\/strong> (talonneur, 33 ans)<br \/>\n<strong>Konstantine Mikautadze<\/strong> (2\u00e8me ligne, 32 ans, + une ann\u00e9e en option)<br \/>\n<strong>Manuel Leindekar<\/strong> (2\u00e8me ligne, 26 ans)<br \/>\n<strong>Thomas Ceyte<\/strong> (2\u00e8me ligne, 32 ans)<br \/>\n<strong>Pierre Huguet<\/strong> (3\u00e8me ligne, 27 ans)<br \/>\n<strong>Uzair Cassiem<\/strong> (3\u00e8me ligne, 33 ans)<\/p>\n<h3 style=\"text-align: justify;\">Charni\u00e8re\/Arri\u00e8res<\/h3>\n<p style=\"text-align: justify;\"><strong>Guillaume Rouet<\/strong> (demi de m\u00eal\u00e9e, 35 ans)<br \/>\n<strong>Maxime Machenaud<\/strong> (demi de m\u00eal\u00e9e, 34 ans, + une ann\u00e9e en option)<br \/>\n<strong>Camille Lopez<\/strong> (demi d&rsquo;ouverture, 34 ans, + une ann\u00e9e en option)<br \/>\n<strong>Peyo Muscarditz<\/strong> (centre, 27 ans, + une ann\u00e9e en option)<br \/>\n<strong>Riko Buliruarua<\/strong> (centre, 26 ans)<br \/>\n<strong>Yan Lestrade<\/strong> (centre, 26 ans)<br \/>\n<strong>Bastien Pourailly<\/strong> (ailier, 29 ans)<br \/>\n<strong>Luke Morahan<\/strong> (ailier, 33 ans)<br \/>\n<strong>Nadir Megdoud<\/strong> (ailier, 26 ans)<br \/>\n<strong>R\u00e9my Baget<\/strong> (ailier, 26 ans, \u00e0 Castres la saison prochaine)<br \/>\n<strong>Tom Spring<\/strong> (arri\u00e8re, 21 ans)<\/p>\n<h2 style=\"text-align: justify;\">\u00c0 lire aussi<\/h2>\n<div class=\"vlp-link-container vlp-layout-article\"><a href=\"https:\/\/dicodusport.fr\/blog\/dupont-russell-biggar-les-salaires-des-6-joueurs-de-rugby-les-mieux-payes\/\" class=\"vlp-link\" title=\"Dupont, Russell, Biggar : Les salaires des 6 joueurs de rugby les mieux pay\u00e9s\"><\/a><div class=\"vlp-layout-zone-side\"><div class=\"vlp-block-4 vlp-link-image\"><img loading=\"lazy\" decoding=\"async\" style=\"max-width: 800px;\" width=\"800\" height=\"445\" src=\"https:\/\/dicodusport.fr\/blog\/wp-content\/uploads\/2023\/08\/Dupont-Russell-Biggar-Les-salaires-des-6-joueurs-de-rugby-les-mieux-payes.png\" class=\"attachment-800x445 size-800x445\" alt=\"Dupont, Russell, Biggar Les salaires des 6 joueurs de rugby les mieux pay\u00e9s\" srcset=\"https:\/\/dicodusport.fr\/blog\/wp-content\/uploads\/2023\/08\/Dupont-Russell-Biggar-Les-salaires-des-6-joueurs-de-rugby-les-mieux-payes.png 800w, https:\/\/dicodusport.fr\/blog\/wp-content\/uploads\/2023\/08\/Dupont-Russell-Biggar-Les-salaires-des-6-joueurs-de-rugby-les-mieux-payes-300x167.png 300w, https:\/\/dicodusport.fr\/blog\/wp-content\/uploads\/2023\/08\/Dupont-Russell-Biggar-Les-salaires-des-6-joueurs-de-rugby-les-mieux-payes-768x427.png 768w\" sizes=\"auto, (max-width: 800px) 100vw, 800px\" \/><\/div><\/div><div class=\"vlp-layout-zone-main\"><div class=\"vlp-block-0 vlp-link-title\">Dupont, Russell, Biggar : Les salaires des 6 joueurs de rugby les mieux pay\u00e9s<\/div><div class=\"vlp-block-1 vlp-link-summary\">RUGBY \u00c0 XV - R\u00e9cemment, le m\u00e9dia britannique Ruck a d\u00e9voil\u00e9 les salaires des 6 joueurs les mieux pay\u00e9s au monde. Parmi eux, on retrouve le capitaine du XV de France, Antoine Dupont.<\/div><div class=\"vlp-block-2 vlp-link-button\">Lire l'article<\/div><div class=\"vlp-block-3 vlp-link-url\">dicodusport.fr<\/div><\/div><\/div>\n","protected":false},"excerpt":{"rendered":"<p>TRANSFERTS TOP 14 &#8211; On fait le point sur les joueurs en fin de contrat \u00e0 l&rsquo;Aviron Bayonnais, \u00e0 l&rsquo;issue de la saison 2023-2024.<\/p>\n","protected":false},"author":4,"featured_media":430193,"comment_status":"open","ping_status":"closed","sticky":false,"template":"","format":"standard","meta":{"_acf_changed":false,"_daextam_enable_autolinks":"1","footnotes":""},"categories":[9129,47050],"tags":[8158,9403,16878],"class_list":["post-430181","post","type-post","status-publish","format-standard","has-post-thumbnail","hentry","category-rugby-a-xv","category-top-14","tag-aviron-bayonnais","tag-bayonne","tag-breve"],"acf":[],"yoast_head":"<!-- This site is optimized with the Yoast SEO Premium plugin v26.7 (Yoast SEO v26.7) - https:\/\/yoast.com\/wordpress\/plugins\/seo\/ -->\n<title>Transferts Aviron Bayonnais : Les joueurs en fin de contrat \u00e0 l&#039;issue de la saison 2023-2024<\/title>\n<meta name=\"description\" content=\"TRANSFERTS TOP 14 - On fait le point sur les joueurs en fin de contrat \u00e0 l&#039;Aviron Bayonnais, \u00e0 l&#039;issue de la saison 2023-2024.\" \/>\n<meta name=\"robots\" content=\"index, follow, max-snippet:-1, max-image-preview:large, max-video-preview:-1\" \/>\n<link rel=\"canonical\" href=\"https:\/\/dicodusport.fr\/blog\/transferts-aviron-bayonnais-les-joueurs-en-fin-de-contrat-a-lissue-de-la-saison-2023-2024\/\" \/>\n<meta property=\"og:locale\" content=\"fr_FR\" \/>\n<meta property=\"og:type\" content=\"article\" \/>\n<meta property=\"og:title\" content=\"Transferts Aviron Bayonnais : Les joueurs en fin de contrat \u00e0 l&#039;issue de la saison 2023-2024\" \/>\n<meta property=\"og:description\" content=\"TRANSFERTS TOP 14 - On fait le point sur les joueurs en fin de contrat \u00e0 l&#039;Aviron Bayonnais, \u00e0 l&#039;issue de la saison 2023-2024.\" \/>\n<meta property=\"og:url\" content=\"https:\/\/dicodusport.fr\/blog\/transferts-aviron-bayonnais-les-joueurs-en-fin-de-contrat-a-lissue-de-la-saison-2023-2024\/\" \/>\n<meta property=\"og:site_name\" content=\"Dicodusport\" \/>\n<meta property=\"article:publisher\" content=\"https:\/\/www.facebook.com\/dicodusport\" \/>\n<meta property=\"article:author\" content=\"https:\/\/www.facebook.com\/florent.ostermann\" \/>\n<meta property=\"article:published_time\" content=\"2023-10-18T17:18:57+00:00\" \/>\n<meta property=\"article:modified_time\" content=\"2023-10-19T14:53:42+00:00\" \/>\n<meta property=\"og:image\" content=\"https:\/\/dicodusport.fr\/blog\/wp-content\/uploads\/2023\/10\/Transferts-Aviron-Bayonnais-Les-joueurs-en-fin-de-contrat-a-lissue-de-la-saison-2023-2024.png\" \/>\n\t<meta property=\"og:image:width\" content=\"800\" \/>\n\t<meta property=\"og:image:height\" content=\"445\" \/>\n\t<meta property=\"og:image:type\" content=\"image\/png\" \/>\n<meta name=\"author\" content=\"Flo Ostermann\" \/>\n<meta name=\"twitter:card\" content=\"summary_large_image\" \/>\n<meta name=\"twitter:title\" content=\"Transferts Aviron Bayonnais : Les joueurs en fin de contrat \u00e0 l&#039;issue de la saison 2023-2024\" \/>\n<meta name=\"twitter:creator\" content=\"@https:\/\/twitter.com\/FlOstermann\" \/>\n<meta name=\"twitter:site\" content=\"@dicodusport\" \/>\n<script type=\"application\/ld+json\" class=\"yoast-schema-graph\">{\"@context\":\"https:\/\/schema.org\",\"@graph\":[{\"@type\":\"NewsArticle\",\"@id\":\"https:\/\/dicodusport.fr\/blog\/transferts-aviron-bayonnais-les-joueurs-en-fin-de-contrat-a-lissue-de-la-saison-2023-2024\/#article\",\"isPartOf\":{\"@id\":\"https:\/\/dicodusport.fr\/blog\/transferts-aviron-bayonnais-les-joueurs-en-fin-de-contrat-a-lissue-de-la-saison-2023-2024\/\"},\"author\":{\"name\":\"Flo Ostermann\",\"@id\":\"https:\/\/dicodusport.fr\/blog\/#\/schema\/person\/cb02af4c173ce4a653b55e9baf388d4a\"},\"headline\":\"Transferts Aviron Bayonnais : Les joueurs en fin de contrat \u00e0 l&rsquo;issue de la saison 2023-2024\",\"datePublished\":\"2023-10-18T17:18:57+00:00\",\"dateModified\":\"2023-10-19T14:53:42+00:00\",\"mainEntityOfPage\":{\"@id\":\"https:\/\/dicodusport.fr\/blog\/transferts-aviron-bayonnais-les-joueurs-en-fin-de-contrat-a-lissue-de-la-saison-2023-2024\/\"},\"wordCount\":409,\"commentCount\":1,\"publisher\":{\"@id\":\"https:\/\/dicodusport.fr\/blog\/#organization\"},\"image\":{\"@id\":\"https:\/\/dicodusport.fr\/blog\/transferts-aviron-bayonnais-les-joueurs-en-fin-de-contrat-a-lissue-de-la-saison-2023-2024\/#primaryimage\"},\"thumbnailUrl\":\"https:\/\/dicodusport.fr\/blog\/wp-content\/uploads\/2023\/10\/Transferts-Aviron-Bayonnais-Les-joueurs-en-fin-de-contrat-a-lissue-de-la-saison-2023-2024.png\",\"keywords\":[\"Aviron Bayonnais\",\"Bayonne\",\"br\u00e8ve\"],\"articleSection\":[\"Rugby \u00e0 XV\",\"Top 14\"],\"inLanguage\":\"fr-FR\",\"potentialAction\":[{\"@type\":\"CommentAction\",\"name\":\"Comment\",\"target\":[\"https:\/\/dicodusport.fr\/blog\/transferts-aviron-bayonnais-les-joueurs-en-fin-de-contrat-a-lissue-de-la-saison-2023-2024\/#respond\"]}],\"copyrightYear\":\"2023\",\"copyrightHolder\":{\"@id\":\"https:\/\/dicodusport.fr\/blog\/#organization\"}},{\"@type\":\"WebPage\",\"@id\":\"https:\/\/dicodusport.fr\/blog\/transferts-aviron-bayonnais-les-joueurs-en-fin-de-contrat-a-lissue-de-la-saison-2023-2024\/\",\"url\":\"https:\/\/dicodusport.fr\/blog\/transferts-aviron-bayonnais-les-joueurs-en-fin-de-contrat-a-lissue-de-la-saison-2023-2024\/\",\"name\":\"Transferts Aviron Bayonnais : Les joueurs en fin de contrat \u00e0 l'issue de la saison 2023-2024\",\"isPartOf\":{\"@id\":\"https:\/\/dicodusport.fr\/blog\/#website\"},\"primaryImageOfPage\":{\"@id\":\"https:\/\/dicodusport.fr\/blog\/transferts-aviron-bayonnais-les-joueurs-en-fin-de-contrat-a-lissue-de-la-saison-2023-2024\/#primaryimage\"},\"image\":{\"@id\":\"https:\/\/dicodusport.fr\/blog\/transferts-aviron-bayonnais-les-joueurs-en-fin-de-contrat-a-lissue-de-la-saison-2023-2024\/#primaryimage\"},\"thumbnailUrl\":\"https:\/\/dicodusport.fr\/blog\/wp-content\/uploads\/2023\/10\/Transferts-Aviron-Bayonnais-Les-joueurs-en-fin-de-contrat-a-lissue-de-la-saison-2023-2024.png\",\"datePublished\":\"2023-10-18T17:18:57+00:00\",\"dateModified\":\"2023-10-19T14:53:42+00:00\",\"description\":\"TRANSFERTS TOP 14 - On fait le point sur les joueurs en fin de contrat \u00e0 l'Aviron Bayonnais, \u00e0 l'issue de la saison 2023-2024.\",\"breadcrumb\":{\"@id\":\"https:\/\/dicodusport.fr\/blog\/transferts-aviron-bayonnais-les-joueurs-en-fin-de-contrat-a-lissue-de-la-saison-2023-2024\/#breadcrumb\"},\"inLanguage\":\"fr-FR\",\"potentialAction\":[{\"@type\":\"ReadAction\",\"target\":[\"https:\/\/dicodusport.fr\/blog\/transferts-aviron-bayonnais-les-joueurs-en-fin-de-contrat-a-lissue-de-la-saison-2023-2024\/\"]}]},{\"@type\":\"ImageObject\",\"inLanguage\":\"fr-FR\",\"@id\":\"https:\/\/dicodusport.fr\/blog\/transferts-aviron-bayonnais-les-joueurs-en-fin-de-contrat-a-lissue-de-la-saison-2023-2024\/#primaryimage\",\"url\":\"https:\/\/dicodusport.fr\/blog\/wp-content\/uploads\/2023\/10\/Transferts-Aviron-Bayonnais-Les-joueurs-en-fin-de-contrat-a-lissue-de-la-saison-2023-2024.png\",\"contentUrl\":\"https:\/\/dicodusport.fr\/blog\/wp-content\/uploads\/2023\/10\/Transferts-Aviron-Bayonnais-Les-joueurs-en-fin-de-contrat-a-lissue-de-la-saison-2023-2024.png\",\"width\":800,\"height\":445,\"caption\":\"Transferts Aviron Bayonnais Les joueurs en fin de contrat \u00e0 l'issue de la saison 2023-2024\"},{\"@type\":\"BreadcrumbList\",\"@id\":\"https:\/\/dicodusport.fr\/blog\/transferts-aviron-bayonnais-les-joueurs-en-fin-de-contrat-a-lissue-de-la-saison-2023-2024\/#breadcrumb\",\"itemListElement\":[{\"@type\":\"ListItem\",\"position\":1,\"name\":\"Accueil\",\"item\":\"https:\/\/dicodusport.fr\/blog\/\"},{\"@type\":\"ListItem\",\"position\":2,\"name\":\"Transferts Aviron Bayonnais : Les joueurs en fin de contrat \u00e0 l&rsquo;issue de la saison 2023-2024\"}]},{\"@type\":\"WebSite\",\"@id\":\"https:\/\/dicodusport.fr\/blog\/#website\",\"url\":\"https:\/\/dicodusport.fr\/blog\/\",\"name\":\"Dicodusport\",\"description\":\"L&#039;encyclop\u00e9die de l&#039;actualit\u00e9 sportive\",\"publisher\":{\"@id\":\"https:\/\/dicodusport.fr\/blog\/#organization\"},\"potentialAction\":[{\"@type\":\"SearchAction\",\"target\":{\"@type\":\"EntryPoint\",\"urlTemplate\":\"https:\/\/dicodusport.fr\/blog\/?s={search_term_string}\"},\"query-input\":{\"@type\":\"PropertyValueSpecification\",\"valueRequired\":true,\"valueName\":\"search_term_string\"}}],\"inLanguage\":\"fr-FR\"},{\"@type\":\"NewsMediaOrganization\",\"@id\":\"https:\/\/dicodusport.fr\/blog\/#organization\",\"name\":\"Dicodusport\",\"url\":\"https:\/\/dicodusport.fr\/blog\/\",\"logo\":{\"@type\":\"ImageObject\",\"inLanguage\":\"fr-FR\",\"@id\":\"https:\/\/dicodusport.fr\/blog\/#\/schema\/logo\/image\/\",\"url\":\"https:\/\/dicodusport.fr\/blog\/wp-content\/uploads\/2020\/06\/cropped-LOGO-DICODUSPORT-2020-SANS-FOND-SANS-TEXTE.png\",\"contentUrl\":\"https:\/\/dicodusport.fr\/blog\/wp-content\/uploads\/2020\/06\/cropped-LOGO-DICODUSPORT-2020-SANS-FOND-SANS-TEXTE.png\",\"width\":512,\"height\":512,\"caption\":\"Dicodusport\"},\"image\":{\"@id\":\"https:\/\/dicodusport.fr\/blog\/#\/schema\/logo\/image\/\"},\"sameAs\":[\"https:\/\/www.facebook.com\/dicodusport\",\"https:\/\/x.com\/dicodusport\",\"https:\/\/www.instagram.com\/dicodusport\/\",\"https:\/\/www.youtube.com\/channel\/UC7V2KZ5sd3htJivAbA4ZG3w\"],\"description\":\"Dicodusport est l'encyclop\u00e9die de l'actualit\u00e9 sportive.\",\"email\":\"bonjour@dicodusport.fr\",\"legalName\":\"DICODUSPORT\",\"foundingDate\":\"2018-01-14\",\"vatID\":\"FR71834470973\",\"taxID\":\"83447097300043\",\"numberOfEmployees\":{\"@type\":\"QuantitativeValue\",\"minValue\":\"1\",\"maxValue\":\"10\"}},{\"@type\":\"Person\",\"@id\":\"https:\/\/dicodusport.fr\/blog\/#\/schema\/person\/cb02af4c173ce4a653b55e9baf388d4a\",\"name\":\"Flo Ostermann\",\"image\":{\"@type\":\"ImageObject\",\"inLanguage\":\"fr-FR\",\"@id\":\"https:\/\/dicodusport.fr\/blog\/#\/schema\/person\/image\/\",\"url\":\"https:\/\/dicodusport.fr\/blog\/wp-content\/uploads\/2021\/05\/Flo-Ostermann-150x150.jpg\",\"contentUrl\":\"https:\/\/dicodusport.fr\/blog\/wp-content\/uploads\/2021\/05\/Flo-Ostermann-150x150.jpg\",\"caption\":\"Flo Ostermann\"},\"description\":\"Journaliste\/R\u00e9dacteur depuis septembre 2015 - Mes premiers souvenirs dans le sport ? Les envol\u00e9es du Stade Toulousain et les duels Villeneuve-Schumacher et H\u00e4kkinen-Schumacher \u00e0 la fin des ann\u00e9es 90, la Coupe du monde de football en 1998, l\u2019exploit du XV de France face aux All Blacks en 1999, mais aussi Richard C\u0153ur de Lion qui vole sur les montagnes du Tour de France. Bien parti pour devenir professeur d\u2019EPS, les \u00e9v\u00e9nements de la vie (et la flemme d\u2019animer des s\u00e9ances de 3x500 m\u00e8tres toute ma vie) m\u2019ont conduit \u00e0 revoir mes plans. Me voil\u00e0 depuis fin 2017 sur Dicodusport, m\u00e9dia gr\u00e2ce (et pour) lequel je partage ma passion : le sport dans tous ses \u00e9tats. Le tout accompagn\u00e9 par les fous furieux et folles furieuses cit\u00e9s sur cette page !\",\"sameAs\":[\"https:\/\/www.facebook.com\/florent.ostermann\",\"https:\/\/x.com\/https:\/\/twitter.com\/FlOstermann\",\"admin\"],\"url\":\"https:\/\/dicodusport.fr\/blog\/author\/flo\/\"}]}<\/script>\n<!-- \/ Yoast SEO Premium plugin. -->","yoast_head_json":{"title":"Transferts Aviron Bayonnais : Les joueurs en fin de contrat \u00e0 l'issue de la saison 2023-2024","description":"TRANSFERTS TOP 14 - On fait le point sur les joueurs en fin de contrat \u00e0 l'Aviron Bayonnais, \u00e0 l'issue de la saison 2023-2024.","robots":{"index":"index","follow":"follow","max-snippet":"max-snippet:-1","max-image-preview":"max-image-preview:large","max-video-preview":"max-video-preview:-1"},"canonical":"https:\/\/dicodusport.fr\/blog\/transferts-aviron-bayonnais-les-joueurs-en-fin-de-contrat-a-lissue-de-la-saison-2023-2024\/","og_locale":"fr_FR","og_type":"article","og_title":"Transferts Aviron Bayonnais : Les joueurs en fin de contrat \u00e0 l'issue de la saison 2023-2024","og_description":"TRANSFERTS TOP 14 - On fait le point sur les joueurs en fin de contrat \u00e0 l'Aviron Bayonnais, \u00e0 l'issue de la saison 2023-2024.","og_url":"https:\/\/dicodusport.fr\/blog\/transferts-aviron-bayonnais-les-joueurs-en-fin-de-contrat-a-lissue-de-la-saison-2023-2024\/","og_site_name":"Dicodusport","article_publisher":"https:\/\/www.facebook.com\/dicodusport","article_author":"https:\/\/www.facebook.com\/florent.ostermann","article_published_time":"2023-10-18T17:18:57+00:00","article_modified_time":"2023-10-19T14:53:42+00:00","og_image":[{"width":800,"height":445,"url":"https:\/\/dicodusport.fr\/blog\/wp-content\/uploads\/2023\/10\/Transferts-Aviron-Bayonnais-Les-joueurs-en-fin-de-contrat-a-lissue-de-la-saison-2023-2024.png","type":"image\/png"}],"author":"Flo Ostermann","twitter_card":"summary_large_image","twitter_title":"Transferts Aviron Bayonnais : Les joueurs en fin de contrat \u00e0 l'issue de la saison 2023-2024","twitter_creator":"@https:\/\/twitter.com\/FlOstermann","twitter_site":"@dicodusport","schema":{"@context":"https:\/\/schema.org","@graph":[{"@type":"NewsArticle","@id":"https:\/\/dicodusport.fr\/blog\/transferts-aviron-bayonnais-les-joueurs-en-fin-de-contrat-a-lissue-de-la-saison-2023-2024\/#article","isPartOf":{"@id":"https:\/\/dicodusport.fr\/blog\/transferts-aviron-bayonnais-les-joueurs-en-fin-de-contrat-a-lissue-de-la-saison-2023-2024\/"},"author":{"name":"Flo Ostermann","@id":"https:\/\/dicodusport.fr\/blog\/#\/schema\/person\/cb02af4c173ce4a653b55e9baf388d4a"},"headline":"Transferts Aviron Bayonnais : Les joueurs en fin de contrat \u00e0 l&rsquo;issue de la saison 2023-2024","datePublished":"2023-10-18T17:18:57+00:00","dateModified":"2023-10-19T14:53:42+00:00","mainEntityOfPage":{"@id":"https:\/\/dicodusport.fr\/blog\/transferts-aviron-bayonnais-les-joueurs-en-fin-de-contrat-a-lissue-de-la-saison-2023-2024\/"},"wordCount":409,"commentCount":1,"publisher":{"@id":"https:\/\/dicodusport.fr\/blog\/#organization"},"image":{"@id":"https:\/\/dicodusport.fr\/blog\/transferts-aviron-bayonnais-les-joueurs-en-fin-de-contrat-a-lissue-de-la-saison-2023-2024\/#primaryimage"},"thumbnailUrl":"https:\/\/dicodusport.fr\/blog\/wp-content\/uploads\/2023\/10\/Transferts-Aviron-Bayonnais-Les-joueurs-en-fin-de-contrat-a-lissue-de-la-saison-2023-2024.png","keywords":["Aviron Bayonnais","Bayonne","br\u00e8ve"],"articleSection":["Rugby \u00e0 XV","Top 14"],"inLanguage":"fr-FR","potentialAction":[{"@type":"CommentAction","name":"Comment","target":["https:\/\/dicodusport.fr\/blog\/transferts-aviron-bayonnais-les-joueurs-en-fin-de-contrat-a-lissue-de-la-saison-2023-2024\/#respond"]}],"copyrightYear":"2023","copyrightHolder":{"@id":"https:\/\/dicodusport.fr\/blog\/#organization"}},{"@type":"WebPage","@id":"https:\/\/dicodusport.fr\/blog\/transferts-aviron-bayonnais-les-joueurs-en-fin-de-contrat-a-lissue-de-la-saison-2023-2024\/","url":"https:\/\/dicodusport.fr\/blog\/transferts-aviron-bayonnais-les-joueurs-en-fin-de-contrat-a-lissue-de-la-saison-2023-2024\/","name":"Transferts Aviron Bayonnais : Les joueurs en fin de contrat \u00e0 l'issue de la saison 2023-2024","isPartOf":{"@id":"https:\/\/dicodusport.fr\/blog\/#website"},"primaryImageOfPage":{"@id":"https:\/\/dicodusport.fr\/blog\/transferts-aviron-bayonnais-les-joueurs-en-fin-de-contrat-a-lissue-de-la-saison-2023-2024\/#primaryimage"},"image":{"@id":"https:\/\/dicodusport.fr\/blog\/transferts-aviron-bayonnais-les-joueurs-en-fin-de-contrat-a-lissue-de-la-saison-2023-2024\/#primaryimage"},"thumbnailUrl":"https:\/\/dicodusport.fr\/blog\/wp-content\/uploads\/2023\/10\/Transferts-Aviron-Bayonnais-Les-joueurs-en-fin-de-contrat-a-lissue-de-la-saison-2023-2024.png","datePublished":"2023-10-18T17:18:57+00:00","dateModified":"2023-10-19T14:53:42+00:00","description":"TRANSFERTS TOP 14 - On fait le point sur les joueurs en fin de contrat \u00e0 l'Aviron Bayonnais, \u00e0 l'issue de la saison 2023-2024.","breadcrumb":{"@id":"https:\/\/dicodusport.fr\/blog\/transferts-aviron-bayonnais-les-joueurs-en-fin-de-contrat-a-lissue-de-la-saison-2023-2024\/#breadcrumb"},"inLanguage":"fr-FR","potentialAction":[{"@type":"ReadAction","target":["https:\/\/dicodusport.fr\/blog\/transferts-aviron-bayonnais-les-joueurs-en-fin-de-contrat-a-lissue-de-la-saison-2023-2024\/"]}]},{"@type":"ImageObject","inLanguage":"fr-FR","@id":"https:\/\/dicodusport.fr\/blog\/transferts-aviron-bayonnais-les-joueurs-en-fin-de-contrat-a-lissue-de-la-saison-2023-2024\/#primaryimage","url":"https:\/\/dicodusport.fr\/blog\/wp-content\/uploads\/2023\/10\/Transferts-Aviron-Bayonnais-Les-joueurs-en-fin-de-contrat-a-lissue-de-la-saison-2023-2024.png","contentUrl":"https:\/\/dicodusport.fr\/blog\/wp-content\/uploads\/2023\/10\/Transferts-Aviron-Bayonnais-Les-joueurs-en-fin-de-contrat-a-lissue-de-la-saison-2023-2024.png","width":800,"height":445,"caption":"Transferts Aviron Bayonnais Les joueurs en fin de contrat \u00e0 l'issue de la saison 2023-2024"},{"@type":"BreadcrumbList","@id":"https:\/\/dicodusport.fr\/blog\/transferts-aviron-bayonnais-les-joueurs-en-fin-de-contrat-a-lissue-de-la-saison-2023-2024\/#breadcrumb","itemListElement":[{"@type":"ListItem","position":1,"name":"Accueil","item":"https:\/\/dicodusport.fr\/blog\/"},{"@type":"ListItem","position":2,"name":"Transferts Aviron Bayonnais : Les joueurs en fin de contrat \u00e0 l&rsquo;issue de la saison 2023-2024"}]},{"@type":"WebSite","@id":"https:\/\/dicodusport.fr\/blog\/#website","url":"https:\/\/dicodusport.fr\/blog\/","name":"Dicodusport","description":"L&#039;encyclop\u00e9die de l&#039;actualit\u00e9 sportive","publisher":{"@id":"https:\/\/dicodusport.fr\/blog\/#organization"},"potentialAction":[{"@type":"SearchAction","target":{"@type":"EntryPoint","urlTemplate":"https:\/\/dicodusport.fr\/blog\/?s={search_term_string}"},"query-input":{"@type":"PropertyValueSpecification","valueRequired":true,"valueName":"search_term_string"}}],"inLanguage":"fr-FR"},{"@type":"NewsMediaOrganization","@id":"https:\/\/dicodusport.fr\/blog\/#organization","name":"Dicodusport","url":"https:\/\/dicodusport.fr\/blog\/","logo":{"@type":"ImageObject","inLanguage":"fr-FR","@id":"https:\/\/dicodusport.fr\/blog\/#\/schema\/logo\/image\/","url":"https:\/\/dicodusport.fr\/blog\/wp-content\/uploads\/2020\/06\/cropped-LOGO-DICODUSPORT-2020-SANS-FOND-SANS-TEXTE.png","contentUrl":"https:\/\/dicodusport.fr\/blog\/wp-content\/uploads\/2020\/06\/cropped-LOGO-DICODUSPORT-2020-SANS-FOND-SANS-TEXTE.png","width":512,"height":512,"caption":"Dicodusport"},"image":{"@id":"https:\/\/dicodusport.fr\/blog\/#\/schema\/logo\/image\/"},"sameAs":["https:\/\/www.facebook.com\/dicodusport","https:\/\/x.com\/dicodusport","https:\/\/www.instagram.com\/dicodusport\/","https:\/\/www.youtube.com\/channel\/UC7V2KZ5sd3htJivAbA4ZG3w"],"description":"Dicodusport est l'encyclop\u00e9die de l'actualit\u00e9 sportive.","email":"bonjour@dicodusport.fr","legalName":"DICODUSPORT","foundingDate":"2018-01-14","vatID":"FR71834470973","taxID":"83447097300043","numberOfEmployees":{"@type":"QuantitativeValue","minValue":"1","maxValue":"10"}},{"@type":"Person","@id":"https:\/\/dicodusport.fr\/blog\/#\/schema\/person\/cb02af4c173ce4a653b55e9baf388d4a","name":"Flo Ostermann","image":{"@type":"ImageObject","inLanguage":"fr-FR","@id":"https:\/\/dicodusport.fr\/blog\/#\/schema\/person\/image\/","url":"https:\/\/dicodusport.fr\/blog\/wp-content\/uploads\/2021\/05\/Flo-Ostermann-150x150.jpg","contentUrl":"https:\/\/dicodusport.fr\/blog\/wp-content\/uploads\/2021\/05\/Flo-Ostermann-150x150.jpg","caption":"Flo Ostermann"},"description":"Journaliste\/R\u00e9dacteur depuis septembre 2015 - Mes premiers souvenirs dans le sport ? Les envol\u00e9es du Stade Toulousain et les duels Villeneuve-Schumacher et H\u00e4kkinen-Schumacher \u00e0 la fin des ann\u00e9es 90, la Coupe du monde de football en 1998, l\u2019exploit du XV de France face aux All Blacks en 1999, mais aussi Richard C\u0153ur de Lion qui vole sur les montagnes du Tour de France. Bien parti pour devenir professeur d\u2019EPS, les \u00e9v\u00e9nements de la vie (et la flemme d\u2019animer des s\u00e9ances de 3x500 m\u00e8tres toute ma vie) m\u2019ont conduit \u00e0 revoir mes plans. Me voil\u00e0 depuis fin 2017 sur Dicodusport, m\u00e9dia gr\u00e2ce (et pour) lequel je partage ma passion : le sport dans tous ses \u00e9tats. Le tout accompagn\u00e9 par les fous furieux et folles furieuses cit\u00e9s sur cette page !","sameAs":["https:\/\/www.facebook.com\/florent.ostermann","https:\/\/x.com\/https:\/\/twitter.com\/FlOstermann","admin"],"url":"https:\/\/dicodusport.fr\/blog\/author\/flo\/"}]}},"_links":{"self":[{"href":"https:\/\/dicodusport.fr\/blog\/wp-json\/wp\/v2\/posts\/430181","targetHints":{"allow":["GET"]}}],"collection":[{"href":"https:\/\/dicodusport.fr\/blog\/wp-json\/wp\/v2\/posts"}],"about":[{"href":"https:\/\/dicodusport.fr\/blog\/wp-json\/wp\/v2\/types\/post"}],"author":[{"embeddable":true,"href":"https:\/\/dicodusport.fr\/blog\/wp-json\/wp\/v2\/users\/4"}],"replies":[{"embeddable":true,"href":"https:\/\/dicodusport.fr\/blog\/wp-json\/wp\/v2\/comments?post=430181"}],"version-history":[{"count":0,"href":"https:\/\/dicodusport.fr\/blog\/wp-json\/wp\/v2\/posts\/430181\/revisions"}],"wp:featuredmedia":[{"embeddable":true,"href":"https:\/\/dicodusport.fr\/blog\/wp-json\/wp\/v2\/media\/430193"}],"wp:attachment":[{"href":"https:\/\/dicodusport.fr\/blog\/wp-json\/wp\/v2\/media?parent=430181"}],"wp:term":[{"taxonomy":"category","embeddable":true,"href":"https:\/\/dicodusport.fr\/blog\/wp-json\/wp\/v2\/categories?post=430181"},{"taxonomy":"post_tag","embeddable":true,"href":"https:\/\/dicodusport.fr\/blog\/wp-json\/wp\/v2\/tags?post=430181"}],"curies":[{"name":"wp","href":"https:\/\/api.w.org\/{rel}","templated":true}]}}