{"id":430429,"date":"2023-10-19T17:23:40","date_gmt":"2023-10-19T15:23:40","guid":{"rendered":"https:\/\/dicodusport.fr\/blog\/?p=430429&#038;preview=true&#038;preview_id=430429"},"modified":"2023-10-19T23:05:42","modified_gmt":"2023-10-19T21:05:42","slug":"mercato-cyclisme-remi-cavagna-signe-chez-movistar","status":"publish","type":"post","link":"https:\/\/dicodusport.fr\/blog\/mercato-cyclisme-remi-cavagna-signe-chez-movistar\/","title":{"rendered":"Mercato Cyclisme : R\u00e9mi Cavagna signe chez Movistar"},"content":{"rendered":"<p style=\"text-align: justify;\"><strong><em>MERCATO CYCLISME &#8211; Le coureur auvergnat R\u00e9mi Cavagna s&rsquo;est engag\u00e9 pour trois saisons au sein de la formation espagnole Movistar, apr\u00e8s sept saisons au sein de la structure Quick-Step.\u00a0<\/em><\/strong><\/p>\n<ul>\n<li style=\"text-align: justify;\"><strong>\u00c0 lire aussi &#8211; <a href=\"https:\/\/dicodusport.fr\/blog\/mercato-cyclisme-2023-2024-tableau-des-transferts\/\">Mercato Cyclisme 2023-2024 \u2013 Tableau des transferts<\/a>\u00a0<\/strong><\/li>\n<\/ul>\n<p style=\"text-align: justify;\">Changement d&rsquo;air et changement d&rsquo;\u00e9quipe pour <strong>R\u00e9mi Cavagna<\/strong>. Le TGV de Clermont-Ferrand quitte <strong>Soudal-Quick Step<\/strong>, structure \u00e0 laquelle il \u00e9tait fid\u00e8le depuis ses d\u00e9buts pros en 2017. L&rsquo;Auvergnat s&rsquo;engage au sein de la formation espagnole <strong>Movistar<\/strong>. Et ce, pour trois saisons. <strong>R\u00e9mi Cavagna <\/strong>(28 ans), champion de France en titre du contre-la-montre, va donc d\u00e9couvrir une autre formation World Tour. Avec laquelle il devrait \u00eatre co\u00e9quipier de luxe et avoir sa carte dans les \u00e9preuves chronom\u00e9tr\u00e9es.<\/p>\n<blockquote class=\"twitter-tweet\">\n<p dir=\"ltr\" lang=\"fr\">R\u00e9mi Cavagna s&rsquo;engage jusqu&rsquo;en 2026 avec Movistar ! Le Fran\u00e7ais (28 ans) \u00e9tait rest\u00e9 fid\u00e8le \u00e0 Quick-Step depuis son passage chez les pros en 2017. Le \u00ab\u00a0TGV de<br \/>\nClermont-Ferrand\u00a0\u00bb souhaite notamment d\u00e9couvrir les classiques flandriennes avec sa nouvelle formation. <a href=\"https:\/\/twitter.com\/hashtag\/Mercato?src=hash&amp;ref_src=twsrc%5Etfw\">#Mercato<\/a> <a href=\"https:\/\/t.co\/tjqV8yiJCb\">pic.twitter.com\/tjqV8yiJCb<\/a><\/p>\n<p>\u2014 Le Gruppetto (@LeGruppetto) <a href=\"https:\/\/twitter.com\/LeGruppetto\/status\/1715005428851958010?ref_src=twsrc%5Etfw\">October 19, 2023<\/a><\/p><\/blockquote>\n<p><script async src=\"https:\/\/platform.twitter.com\/widgets.js\" charset=\"utf-8\"><\/script><\/p>\n","protected":false},"excerpt":{"rendered":"<p>MERCATO CYCLISME &#8211; Le coureur auvergnat R\u00e9mi Cavagna s&rsquo;est engag\u00e9 pour trois saisons au sein de la formation espagnole Movistar, apr\u00e8s sept saisons au sein de la structure Quick-Step.\u00a0<\/p>\n","protected":false},"author":83,"featured_media":430430,"comment_status":"open","ping_status":"closed","sticky":false,"template":"","format":"standard","meta":{"_acf_changed":false,"_daextam_enable_autolinks":"1","footnotes":""},"categories":[46994],"tags":[16878,574,8386,5354,16386],"class_list":["post-430429","post","type-post","status-publish","format-standard","has-post-thumbnail","hentry","category-cyclisme-sur-route","tag-breve","tag-cyclisme","tag-mercato-cyclisme","tag-movistar","tag-remi-cavagna"],"acf":[],"yoast_head":"<!-- This site is optimized with the Yoast SEO Premium plugin v26.7 (Yoast SEO v26.7) - https:\/\/yoast.com\/wordpress\/plugins\/seo\/ -->\n<title>Mercato Cyclisme : R\u00e9mi Cavagna signe chez Movistar<\/title>\n<meta name=\"description\" content=\"MERCATO CYCLISME - R\u00e9mi Cavagna s&#039;est engag\u00e9 trois ans au sein de la formation Movistar, apr\u00e8s sept saisons au sein de Quick-Step.\u00a0\" \/>\n<meta name=\"robots\" content=\"index, follow, max-snippet:-1, max-image-preview:large, max-video-preview:-1\" \/>\n<link rel=\"canonical\" href=\"https:\/\/dicodusport.fr\/blog\/mercato-cyclisme-remi-cavagna-signe-chez-movistar\/\" \/>\n<meta property=\"og:locale\" content=\"fr_FR\" \/>\n<meta property=\"og:type\" content=\"article\" \/>\n<meta property=\"og:title\" content=\"Mercato Cyclisme : R\u00e9mi Cavagna a sign\u00e9 trois ans dans une autre World Team\" \/>\n<meta property=\"og:description\" content=\"MERCATO CYCLISME - R\u00e9mi Cavagna s&#039;est engag\u00e9 trois ans au sein de la formation Movistar, apr\u00e8s sept saisons au sein de Quick-Step.\u00a0\" \/>\n<meta property=\"og:url\" content=\"https:\/\/dicodusport.fr\/blog\/mercato-cyclisme-remi-cavagna-signe-chez-movistar\/\" \/>\n<meta property=\"og:site_name\" content=\"Dicodusport\" \/>\n<meta property=\"article:publisher\" content=\"https:\/\/www.facebook.com\/dicodusport\" \/>\n<meta property=\"article:published_time\" content=\"2023-10-19T15:23:40+00:00\" \/>\n<meta property=\"article:modified_time\" content=\"2023-10-19T21:05:42+00:00\" \/>\n<meta property=\"og:image\" content=\"https:\/\/dicodusport.fr\/blog\/wp-content\/uploads\/2023\/10\/Mercato-Cyclisme-Remi-Cavagna-a-signe-trois-ans-dans-une-autre-World-Team.png\" \/>\n\t<meta property=\"og:image:width\" content=\"800\" \/>\n\t<meta property=\"og:image:height\" content=\"445\" \/>\n\t<meta property=\"og:image:type\" content=\"image\/png\" \/>\n<meta name=\"author\" content=\"Etienne Goursaud\" \/>\n<meta name=\"twitter:card\" content=\"summary_large_image\" \/>\n<meta name=\"twitter:title\" content=\"Mercato Cyclisme : R\u00e9mi Cavagna a sign\u00e9 trois ans dans une autre World Team\" \/>\n<meta name=\"twitter:creator\" content=\"@dicodusport\" \/>\n<meta name=\"twitter:site\" content=\"@dicodusport\" \/>\n<script type=\"application\/ld+json\" class=\"yoast-schema-graph\">{\"@context\":\"https:\/\/schema.org\",\"@graph\":[{\"@type\":\"NewsArticle\",\"@id\":\"https:\/\/dicodusport.fr\/blog\/mercato-cyclisme-remi-cavagna-signe-chez-movistar\/#article\",\"isPartOf\":{\"@id\":\"https:\/\/dicodusport.fr\/blog\/mercato-cyclisme-remi-cavagna-signe-chez-movistar\/\"},\"author\":{\"name\":\"Etienne Goursaud\",\"@id\":\"https:\/\/dicodusport.fr\/blog\/#\/schema\/person\/d603dd7da31fb2b46c82b9835a77ec13\"},\"headline\":\"Mercato Cyclisme : R\u00e9mi Cavagna signe chez Movistar\",\"datePublished\":\"2023-10-19T15:23:40+00:00\",\"dateModified\":\"2023-10-19T21:05:42+00:00\",\"mainEntityOfPage\":{\"@id\":\"https:\/\/dicodusport.fr\/blog\/mercato-cyclisme-remi-cavagna-signe-chez-movistar\/\"},\"wordCount\":184,\"commentCount\":0,\"publisher\":{\"@id\":\"https:\/\/dicodusport.fr\/blog\/#organization\"},\"image\":{\"@id\":\"https:\/\/dicodusport.fr\/blog\/mercato-cyclisme-remi-cavagna-signe-chez-movistar\/#primaryimage\"},\"thumbnailUrl\":\"https:\/\/dicodusport.fr\/blog\/wp-content\/uploads\/2023\/10\/Mercato-Cyclisme-Remi-Cavagna-a-signe-trois-ans-dans-une-autre-World-Team.png\",\"keywords\":[\"br\u00e8ve\",\"Cyclisme\",\"Mercato Cyclisme\",\"Movistar\",\"R\u00e9mi Cavagna\"],\"articleSection\":[\"Cyclisme sur route\"],\"inLanguage\":\"fr-FR\",\"potentialAction\":[{\"@type\":\"CommentAction\",\"name\":\"Comment\",\"target\":[\"https:\/\/dicodusport.fr\/blog\/mercato-cyclisme-remi-cavagna-signe-chez-movistar\/#respond\"]}],\"copyrightYear\":\"2023\",\"copyrightHolder\":{\"@id\":\"https:\/\/dicodusport.fr\/blog\/#organization\"}},{\"@type\":\"WebPage\",\"@id\":\"https:\/\/dicodusport.fr\/blog\/mercato-cyclisme-remi-cavagna-signe-chez-movistar\/\",\"url\":\"https:\/\/dicodusport.fr\/blog\/mercato-cyclisme-remi-cavagna-signe-chez-movistar\/\",\"name\":\"Mercato Cyclisme : R\u00e9mi Cavagna signe chez Movistar\",\"isPartOf\":{\"@id\":\"https:\/\/dicodusport.fr\/blog\/#website\"},\"primaryImageOfPage\":{\"@id\":\"https:\/\/dicodusport.fr\/blog\/mercato-cyclisme-remi-cavagna-signe-chez-movistar\/#primaryimage\"},\"image\":{\"@id\":\"https:\/\/dicodusport.fr\/blog\/mercato-cyclisme-remi-cavagna-signe-chez-movistar\/#primaryimage\"},\"thumbnailUrl\":\"https:\/\/dicodusport.fr\/blog\/wp-content\/uploads\/2023\/10\/Mercato-Cyclisme-Remi-Cavagna-a-signe-trois-ans-dans-une-autre-World-Team.png\",\"datePublished\":\"2023-10-19T15:23:40+00:00\",\"dateModified\":\"2023-10-19T21:05:42+00:00\",\"description\":\"MERCATO CYCLISME - R\u00e9mi Cavagna s'est engag\u00e9 trois ans au sein de la formation Movistar, apr\u00e8s sept saisons au sein de Quick-Step.\u00a0\",\"breadcrumb\":{\"@id\":\"https:\/\/dicodusport.fr\/blog\/mercato-cyclisme-remi-cavagna-signe-chez-movistar\/#breadcrumb\"},\"inLanguage\":\"fr-FR\",\"potentialAction\":[{\"@type\":\"ReadAction\",\"target\":[\"https:\/\/dicodusport.fr\/blog\/mercato-cyclisme-remi-cavagna-signe-chez-movistar\/\"]}]},{\"@type\":\"ImageObject\",\"inLanguage\":\"fr-FR\",\"@id\":\"https:\/\/dicodusport.fr\/blog\/mercato-cyclisme-remi-cavagna-signe-chez-movistar\/#primaryimage\",\"url\":\"https:\/\/dicodusport.fr\/blog\/wp-content\/uploads\/2023\/10\/Mercato-Cyclisme-Remi-Cavagna-a-signe-trois-ans-dans-une-autre-World-Team.png\",\"contentUrl\":\"https:\/\/dicodusport.fr\/blog\/wp-content\/uploads\/2023\/10\/Mercato-Cyclisme-Remi-Cavagna-a-signe-trois-ans-dans-une-autre-World-Team.png\",\"width\":800,\"height\":445,\"caption\":\"Mercato Cyclisme : R\u00e9mi Cavagna a sign\u00e9 trois ans dans une autre World Team\"},{\"@type\":\"BreadcrumbList\",\"@id\":\"https:\/\/dicodusport.fr\/blog\/mercato-cyclisme-remi-cavagna-signe-chez-movistar\/#breadcrumb\",\"itemListElement\":[{\"@type\":\"ListItem\",\"position\":1,\"name\":\"Accueil\",\"item\":\"https:\/\/dicodusport.fr\/blog\/\"},{\"@type\":\"ListItem\",\"position\":2,\"name\":\"Mercato Cyclisme : R\u00e9mi Cavagna signe chez Movistar\"}]},{\"@type\":\"WebSite\",\"@id\":\"https:\/\/dicodusport.fr\/blog\/#website\",\"url\":\"https:\/\/dicodusport.fr\/blog\/\",\"name\":\"Dicodusport\",\"description\":\"L&#039;encyclop\u00e9die de l&#039;actualit\u00e9 sportive\",\"publisher\":{\"@id\":\"https:\/\/dicodusport.fr\/blog\/#organization\"},\"potentialAction\":[{\"@type\":\"SearchAction\",\"target\":{\"@type\":\"EntryPoint\",\"urlTemplate\":\"https:\/\/dicodusport.fr\/blog\/?s={search_term_string}\"},\"query-input\":{\"@type\":\"PropertyValueSpecification\",\"valueRequired\":true,\"valueName\":\"search_term_string\"}}],\"inLanguage\":\"fr-FR\"},{\"@type\":\"NewsMediaOrganization\",\"@id\":\"https:\/\/dicodusport.fr\/blog\/#organization\",\"name\":\"Dicodusport\",\"url\":\"https:\/\/dicodusport.fr\/blog\/\",\"logo\":{\"@type\":\"ImageObject\",\"inLanguage\":\"fr-FR\",\"@id\":\"https:\/\/dicodusport.fr\/blog\/#\/schema\/logo\/image\/\",\"url\":\"https:\/\/dicodusport.fr\/blog\/wp-content\/uploads\/2020\/06\/cropped-LOGO-DICODUSPORT-2020-SANS-FOND-SANS-TEXTE.png\",\"contentUrl\":\"https:\/\/dicodusport.fr\/blog\/wp-content\/uploads\/2020\/06\/cropped-LOGO-DICODUSPORT-2020-SANS-FOND-SANS-TEXTE.png\",\"width\":512,\"height\":512,\"caption\":\"Dicodusport\"},\"image\":{\"@id\":\"https:\/\/dicodusport.fr\/blog\/#\/schema\/logo\/image\/\"},\"sameAs\":[\"https:\/\/www.facebook.com\/dicodusport\",\"https:\/\/x.com\/dicodusport\",\"https:\/\/www.instagram.com\/dicodusport\/\",\"https:\/\/www.youtube.com\/channel\/UC7V2KZ5sd3htJivAbA4ZG3w\"],\"description\":\"Dicodusport est l'encyclop\u00e9die de l'actualit\u00e9 sportive.\",\"email\":\"bonjour@dicodusport.fr\",\"legalName\":\"DICODUSPORT\",\"foundingDate\":\"2018-01-14\",\"vatID\":\"FR71834470973\",\"taxID\":\"83447097300043\",\"numberOfEmployees\":{\"@type\":\"QuantitativeValue\",\"minValue\":\"1\",\"maxValue\":\"10\"}},{\"@type\":\"Person\",\"@id\":\"https:\/\/dicodusport.fr\/blog\/#\/schema\/person\/d603dd7da31fb2b46c82b9835a77ec13\",\"name\":\"Etienne Goursaud\",\"image\":{\"@type\":\"ImageObject\",\"inLanguage\":\"fr-FR\",\"@id\":\"https:\/\/dicodusport.fr\/blog\/#\/schema\/person\/image\/\",\"url\":\"https:\/\/dicodusport.fr\/blog\/wp-content\/uploads\/2023\/12\/410122264_10231602061736049_5565839791558026645_n-150x150.jpg\",\"contentUrl\":\"https:\/\/dicodusport.fr\/blog\/wp-content\/uploads\/2023\/12\/410122264_10231602061736049_5565839791558026645_n-150x150.jpg\",\"caption\":\"Etienne Goursaud\"},\"description\":\"Journaliste et amoureux de sport. Ancien footballeur reconverti athl\u00e8te quand ses muscles le laissent tranquille. \u00c9lev\u00e9 \u00e0 la sauce des exploits de Thomas Voeckler en 2004, du dernier essai de l\u00e9gende de Eunice Barber \u00e0 la longueur lors des championnats du monde d'athl\u00e9tisme de 2003 mais aussi Zidane, Omeyer et Titou Lamaison.\",\"url\":\"https:\/\/dicodusport.fr\/blog\/author\/etienne-goursaud\/\"}]}<\/script>\n<!-- \/ Yoast SEO Premium plugin. -->","yoast_head_json":{"title":"Mercato Cyclisme : R\u00e9mi Cavagna signe chez Movistar","description":"MERCATO CYCLISME - R\u00e9mi Cavagna s'est engag\u00e9 trois ans au sein de la formation Movistar, apr\u00e8s sept saisons au sein de Quick-Step.\u00a0","robots":{"index":"index","follow":"follow","max-snippet":"max-snippet:-1","max-image-preview":"max-image-preview:large","max-video-preview":"max-video-preview:-1"},"canonical":"https:\/\/dicodusport.fr\/blog\/mercato-cyclisme-remi-cavagna-signe-chez-movistar\/","og_locale":"fr_FR","og_type":"article","og_title":"Mercato Cyclisme : R\u00e9mi Cavagna a sign\u00e9 trois ans dans une autre World Team","og_description":"MERCATO CYCLISME - R\u00e9mi Cavagna s'est engag\u00e9 trois ans au sein de la formation Movistar, apr\u00e8s sept saisons au sein de Quick-Step.\u00a0","og_url":"https:\/\/dicodusport.fr\/blog\/mercato-cyclisme-remi-cavagna-signe-chez-movistar\/","og_site_name":"Dicodusport","article_publisher":"https:\/\/www.facebook.com\/dicodusport","article_published_time":"2023-10-19T15:23:40+00:00","article_modified_time":"2023-10-19T21:05:42+00:00","og_image":[{"width":800,"height":445,"url":"https:\/\/dicodusport.fr\/blog\/wp-content\/uploads\/2023\/10\/Mercato-Cyclisme-Remi-Cavagna-a-signe-trois-ans-dans-une-autre-World-Team.png","type":"image\/png"}],"author":"Etienne Goursaud","twitter_card":"summary_large_image","twitter_title":"Mercato Cyclisme : R\u00e9mi Cavagna a sign\u00e9 trois ans dans une autre World Team","twitter_creator":"@dicodusport","twitter_site":"@dicodusport","schema":{"@context":"https:\/\/schema.org","@graph":[{"@type":"NewsArticle","@id":"https:\/\/dicodusport.fr\/blog\/mercato-cyclisme-remi-cavagna-signe-chez-movistar\/#article","isPartOf":{"@id":"https:\/\/dicodusport.fr\/blog\/mercato-cyclisme-remi-cavagna-signe-chez-movistar\/"},"author":{"name":"Etienne Goursaud","@id":"https:\/\/dicodusport.fr\/blog\/#\/schema\/person\/d603dd7da31fb2b46c82b9835a77ec13"},"headline":"Mercato Cyclisme : R\u00e9mi Cavagna signe chez Movistar","datePublished":"2023-10-19T15:23:40+00:00","dateModified":"2023-10-19T21:05:42+00:00","mainEntityOfPage":{"@id":"https:\/\/dicodusport.fr\/blog\/mercato-cyclisme-remi-cavagna-signe-chez-movistar\/"},"wordCount":184,"commentCount":0,"publisher":{"@id":"https:\/\/dicodusport.fr\/blog\/#organization"},"image":{"@id":"https:\/\/dicodusport.fr\/blog\/mercato-cyclisme-remi-cavagna-signe-chez-movistar\/#primaryimage"},"thumbnailUrl":"https:\/\/dicodusport.fr\/blog\/wp-content\/uploads\/2023\/10\/Mercato-Cyclisme-Remi-Cavagna-a-signe-trois-ans-dans-une-autre-World-Team.png","keywords":["br\u00e8ve","Cyclisme","Mercato Cyclisme","Movistar","R\u00e9mi Cavagna"],"articleSection":["Cyclisme sur route"],"inLanguage":"fr-FR","potentialAction":[{"@type":"CommentAction","name":"Comment","target":["https:\/\/dicodusport.fr\/blog\/mercato-cyclisme-remi-cavagna-signe-chez-movistar\/#respond"]}],"copyrightYear":"2023","copyrightHolder":{"@id":"https:\/\/dicodusport.fr\/blog\/#organization"}},{"@type":"WebPage","@id":"https:\/\/dicodusport.fr\/blog\/mercato-cyclisme-remi-cavagna-signe-chez-movistar\/","url":"https:\/\/dicodusport.fr\/blog\/mercato-cyclisme-remi-cavagna-signe-chez-movistar\/","name":"Mercato Cyclisme : R\u00e9mi Cavagna signe chez Movistar","isPartOf":{"@id":"https:\/\/dicodusport.fr\/blog\/#website"},"primaryImageOfPage":{"@id":"https:\/\/dicodusport.fr\/blog\/mercato-cyclisme-remi-cavagna-signe-chez-movistar\/#primaryimage"},"image":{"@id":"https:\/\/dicodusport.fr\/blog\/mercato-cyclisme-remi-cavagna-signe-chez-movistar\/#primaryimage"},"thumbnailUrl":"https:\/\/dicodusport.fr\/blog\/wp-content\/uploads\/2023\/10\/Mercato-Cyclisme-Remi-Cavagna-a-signe-trois-ans-dans-une-autre-World-Team.png","datePublished":"2023-10-19T15:23:40+00:00","dateModified":"2023-10-19T21:05:42+00:00","description":"MERCATO CYCLISME - R\u00e9mi Cavagna s'est engag\u00e9 trois ans au sein de la formation Movistar, apr\u00e8s sept saisons au sein de Quick-Step.\u00a0","breadcrumb":{"@id":"https:\/\/dicodusport.fr\/blog\/mercato-cyclisme-remi-cavagna-signe-chez-movistar\/#breadcrumb"},"inLanguage":"fr-FR","potentialAction":[{"@type":"ReadAction","target":["https:\/\/dicodusport.fr\/blog\/mercato-cyclisme-remi-cavagna-signe-chez-movistar\/"]}]},{"@type":"ImageObject","inLanguage":"fr-FR","@id":"https:\/\/dicodusport.fr\/blog\/mercato-cyclisme-remi-cavagna-signe-chez-movistar\/#primaryimage","url":"https:\/\/dicodusport.fr\/blog\/wp-content\/uploads\/2023\/10\/Mercato-Cyclisme-Remi-Cavagna-a-signe-trois-ans-dans-une-autre-World-Team.png","contentUrl":"https:\/\/dicodusport.fr\/blog\/wp-content\/uploads\/2023\/10\/Mercato-Cyclisme-Remi-Cavagna-a-signe-trois-ans-dans-une-autre-World-Team.png","width":800,"height":445,"caption":"Mercato Cyclisme : R\u00e9mi Cavagna a sign\u00e9 trois ans dans une autre World Team"},{"@type":"BreadcrumbList","@id":"https:\/\/dicodusport.fr\/blog\/mercato-cyclisme-remi-cavagna-signe-chez-movistar\/#breadcrumb","itemListElement":[{"@type":"ListItem","position":1,"name":"Accueil","item":"https:\/\/dicodusport.fr\/blog\/"},{"@type":"ListItem","position":2,"name":"Mercato Cyclisme : R\u00e9mi Cavagna signe chez Movistar"}]},{"@type":"WebSite","@id":"https:\/\/dicodusport.fr\/blog\/#website","url":"https:\/\/dicodusport.fr\/blog\/","name":"Dicodusport","description":"L&#039;encyclop\u00e9die de l&#039;actualit\u00e9 sportive","publisher":{"@id":"https:\/\/dicodusport.fr\/blog\/#organization"},"potentialAction":[{"@type":"SearchAction","target":{"@type":"EntryPoint","urlTemplate":"https:\/\/dicodusport.fr\/blog\/?s={search_term_string}"},"query-input":{"@type":"PropertyValueSpecification","valueRequired":true,"valueName":"search_term_string"}}],"inLanguage":"fr-FR"},{"@type":"NewsMediaOrganization","@id":"https:\/\/dicodusport.fr\/blog\/#organization","name":"Dicodusport","url":"https:\/\/dicodusport.fr\/blog\/","logo":{"@type":"ImageObject","inLanguage":"fr-FR","@id":"https:\/\/dicodusport.fr\/blog\/#\/schema\/logo\/image\/","url":"https:\/\/dicodusport.fr\/blog\/wp-content\/uploads\/2020\/06\/cropped-LOGO-DICODUSPORT-2020-SANS-FOND-SANS-TEXTE.png","contentUrl":"https:\/\/dicodusport.fr\/blog\/wp-content\/uploads\/2020\/06\/cropped-LOGO-DICODUSPORT-2020-SANS-FOND-SANS-TEXTE.png","width":512,"height":512,"caption":"Dicodusport"},"image":{"@id":"https:\/\/dicodusport.fr\/blog\/#\/schema\/logo\/image\/"},"sameAs":["https:\/\/www.facebook.com\/dicodusport","https:\/\/x.com\/dicodusport","https:\/\/www.instagram.com\/dicodusport\/","https:\/\/www.youtube.com\/channel\/UC7V2KZ5sd3htJivAbA4ZG3w"],"description":"Dicodusport est l'encyclop\u00e9die de l'actualit\u00e9 sportive.","email":"bonjour@dicodusport.fr","legalName":"DICODUSPORT","foundingDate":"2018-01-14","vatID":"FR71834470973","taxID":"83447097300043","numberOfEmployees":{"@type":"QuantitativeValue","minValue":"1","maxValue":"10"}},{"@type":"Person","@id":"https:\/\/dicodusport.fr\/blog\/#\/schema\/person\/d603dd7da31fb2b46c82b9835a77ec13","name":"Etienne Goursaud","image":{"@type":"ImageObject","inLanguage":"fr-FR","@id":"https:\/\/dicodusport.fr\/blog\/#\/schema\/person\/image\/","url":"https:\/\/dicodusport.fr\/blog\/wp-content\/uploads\/2023\/12\/410122264_10231602061736049_5565839791558026645_n-150x150.jpg","contentUrl":"https:\/\/dicodusport.fr\/blog\/wp-content\/uploads\/2023\/12\/410122264_10231602061736049_5565839791558026645_n-150x150.jpg","caption":"Etienne Goursaud"},"description":"Journaliste et amoureux de sport. Ancien footballeur reconverti athl\u00e8te quand ses muscles le laissent tranquille. \u00c9lev\u00e9 \u00e0 la sauce des exploits de Thomas Voeckler en 2004, du dernier essai de l\u00e9gende de Eunice Barber \u00e0 la longueur lors des championnats du monde d'athl\u00e9tisme de 2003 mais aussi Zidane, Omeyer et Titou Lamaison.","url":"https:\/\/dicodusport.fr\/blog\/author\/etienne-goursaud\/"}]}},"_links":{"self":[{"href":"https:\/\/dicodusport.fr\/blog\/wp-json\/wp\/v2\/posts\/430429","targetHints":{"allow":["GET"]}}],"collection":[{"href":"https:\/\/dicodusport.fr\/blog\/wp-json\/wp\/v2\/posts"}],"about":[{"href":"https:\/\/dicodusport.fr\/blog\/wp-json\/wp\/v2\/types\/post"}],"author":[{"embeddable":true,"href":"https:\/\/dicodusport.fr\/blog\/wp-json\/wp\/v2\/users\/83"}],"replies":[{"embeddable":true,"href":"https:\/\/dicodusport.fr\/blog\/wp-json\/wp\/v2\/comments?post=430429"}],"version-history":[{"count":0,"href":"https:\/\/dicodusport.fr\/blog\/wp-json\/wp\/v2\/posts\/430429\/revisions"}],"wp:featuredmedia":[{"embeddable":true,"href":"https:\/\/dicodusport.fr\/blog\/wp-json\/wp\/v2\/media\/430430"}],"wp:attachment":[{"href":"https:\/\/dicodusport.fr\/blog\/wp-json\/wp\/v2\/media?parent=430429"}],"wp:term":[{"taxonomy":"category","embeddable":true,"href":"https:\/\/dicodusport.fr\/blog\/wp-json\/wp\/v2\/categories?post=430429"},{"taxonomy":"post_tag","embeddable":true,"href":"https:\/\/dicodusport.fr\/blog\/wp-json\/wp\/v2\/tags?post=430429"}],"curies":[{"name":"wp","href":"https:\/\/api.w.org\/{rel}","templated":true}]}}