{"id":430749,"date":"2023-10-20T18:32:04","date_gmt":"2023-10-20T16:32:04","guid":{"rendered":"https:\/\/dicodusport.fr\/blog\/?p=430749&#038;preview=true&#038;preview_id=430749"},"modified":"2023-10-21T05:20:25","modified_gmt":"2023-10-21T03:20:25","slug":"diagonale-des-fous-2023-victoire-daurelien-dunand-pallaz","status":"publish","type":"post","link":"https:\/\/dicodusport.fr\/blog\/diagonale-des-fous-2023-victoire-daurelien-dunand-pallaz\/","title":{"rendered":"Diagonale des Fous 2023 : Victoire d&rsquo;Aur\u00e9lien Dunand-Pallaz"},"content":{"rendered":"<p style=\"text-align: justify;\"><strong><em>DIAGONALE DES FOUS 2023 &#8211; Apr\u00e8s avoir men\u00e9 la course de bout en bout, Aur\u00e9lien Dunand-Pallaz, favori de l&rsquo;\u00e9preuve, remporte la Diagonale des Fous, 165 km et 10000 D+, en 23h21:23.\u00a0 Il signe ainsi sa deuxi\u00e8me victoire dans un majeur cette saison, apr\u00e8s la Hardrock 100 en juillet.<\/em><\/strong><\/p>\n<ul>\n<li style=\"text-align: justify;\"><strong>\u00c0 lire aussi &#8211; <a href=\"https:\/\/dicodusport.fr\/blog\/classement-en-direct-diagonale-des-fous-2023\/\">Le classement de la Diagonale des Fous 2023<\/a><\/strong><\/li>\n<\/ul>\n<p style=\"text-align: justify;\">Il \u00e9tait favori et il n&rsquo;aura pas flanch\u00e9. Le Savoyard <strong>Aur\u00e9lien Dunand-Pallaz<\/strong> s&rsquo;est adjug\u00e9 la mythique Diagonale des Fous ce vendredi.<\/p>\n<h2 style=\"text-align: justify;\">Dunand-Pallaz en patron<\/h2>\n<p style=\"text-align: justify;\">Parti seul d\u00e8s les premiers kilom\u00e8tres, il a \u00e9t\u00e9 pris en chasse par un petit groupe form\u00e9 au 30\u00e8me kilom\u00e8tre dans lequel on trouvait <strong>Fran\u00e7ois d&rsquo;Haene<\/strong>, <strong>Lambert Santelli<\/strong> ou encore <strong>Germain Grangier<\/strong>.<\/p>\n<p style=\"text-align: justify;\">Mais <strong>Dunand-Pallaz<\/strong> \u00e9tait bien un cran au-dessus. Il a creus\u00e9 l&rsquo;\u00e9cart jusqu&rsquo;\u00e0 compter 45 minutes d&rsquo;avance, puis a parfaitement g\u00e9r\u00e9 son avance.<\/p>\n<blockquote class=\"twitter-tweet\">\n<p dir=\"ltr\" lang=\"fr\">\ud83c\udfc6 Aur\u00e9lien Dunand Pallaz \ud83e\udd47 gagne la Diagonale des Fous !<br \/>\nUne superbe performance en 23h21&rsquo;23\u00a0\u00bb, menant du d\u00e9but \u00e0 la fin, apr\u00e8s avoir gagn\u00e9 la HardRock100 en juillet.<a href=\"https:\/\/twitter.com\/hashtag\/GrandRaid2023?src=hash&amp;ref_src=twsrc%5Etfw\">#GrandRaid2023<\/a> <a href=\"https:\/\/twitter.com\/hashtag\/TrailRunning?src=hash&amp;ref_src=twsrc%5Etfw\">#TrailRunning<\/a>. <a href=\"https:\/\/t.co\/ccrGKzez7B\">https:\/\/t.co\/ccrGKzez7B<\/a> <a href=\"https:\/\/t.co\/DkhBeUyNHC\">pic.twitter.com\/DkhBeUyNHC<\/a><\/p>\n<p>\u2014 Vincent Gaudin (@vincentgaudin) <a href=\"https:\/\/twitter.com\/vincentgaudin\/status\/1715404570334044470?ref_src=twsrc%5Etfw\">October 20, 2023<\/a><\/p><\/blockquote>\n<p><script async src=\"https:\/\/platform.twitter.com\/widgets.js\" charset=\"utf-8\"><\/script><\/p>\n<p style=\"text-align: justify;\">La seconde place revient \u00e0 <strong>Germain Grangier<\/strong>, d\u00e9j\u00e0 troisi\u00e8me de l&rsquo;UTMB fin ao\u00fbt et vainqueur du Marathon du Mont-Blanc cette ann\u00e9e. Il est arriv\u00e9 40 minutes apr\u00e8s le vainqueur.<\/p>\n<p style=\"text-align: justify;\"><strong>Jean-Philippe Tschumi<\/strong> prend quant \u00e0 lui une belle troisi\u00e8me place. Le Suisse, en habitu\u00e9 de l&rsquo;\u00e9preuve, confirme sa belle deuxi\u00e8me place de l&rsquo;an pass\u00e9 et prend sa revanche apr\u00e8s son abandon sur l&rsquo;UTMB.<\/p>\n<h2 style=\"text-align: justify;\">Deux majeurs dans la m\u00eame ann\u00e9e !<\/h2>\n<p style=\"text-align: justify;\">Le natif d&rsquo;Albertville signe sa seconde grande victoire de la saison apr\u00e8s la terrible <strong>Hardrock 100<\/strong> en juillet. Deuxi\u00e8me de l&rsquo;UTMB en 2021, <strong>Aur\u00e9lien Dunand-Pallaz<\/strong> aura v\u00e9cu une ann\u00e9e 2022 cauchemardesque, la faute \u00e0 une fracture du bassin, dont il aura pein\u00e9 \u00e0 se remettre.<\/p>\n<p style=\"text-align: justify;\">Son retour fracassant en 2023 vient confirmer les grands espoirs entrevus chez le traileur. Qui devrait encore faire parler de lui par la suite, \u00e0 seulement 30 ans.<\/p>\n<h2>Katie Schide au-dessus du lot<\/h2>\n<p>Chez les f\u00e9minines, l&rsquo;Am\u00e9ricaine <strong>Katie Schide<\/strong> a survol\u00e9 les d\u00e9bats. Favorite de l&rsquo;\u00e9preuve, elle a longtemps figur\u00e9 dans le top 10 au scratch avant de c\u00e9der l\u00e9g\u00e8rement sur la fin pour terminer \u00e0 une superbe 13\u00e8me place.<\/p>\n<p>Elle rel\u00e8gue sa principale concurrente, la Fran\u00e7aise <strong>Camille Bruyas<\/strong> \u00e0 1h25. La locale <strong>Emilie Maroteaux<\/strong>, gagnante en 2021, compl\u00e8te le podium.<\/p>\n","protected":false},"excerpt":{"rendered":"<p>DIAGONALE DES FOUS 2023 &#8211; Apr\u00e8s avoir men\u00e9 la course de bout en bout, Aur\u00e9lien Dunand-Pallaz, favori de l&rsquo;\u00e9preuve, remporte la Diagonale des Fous, 165 km et 10000 D+, en 23h22. Il signe ainsi sa deuxi\u00e8me victoire dans un majeur cette saison, apr\u00e8s la Hardrock 100 en juillet.<\/p>\n","protected":false},"author":92,"featured_media":430784,"comment_status":"open","ping_status":"closed","sticky":false,"template":"","format":"standard","meta":{"_acf_changed":false,"_daextam_enable_autolinks":"1","footnotes":""},"categories":[8673],"tags":[16878,6172,862],"class_list":["post-430749","post","type-post","status-publish","format-standard","has-post-thumbnail","hentry","category-trail","tag-breve","tag-diagonale-des-fous","tag-trail"],"acf":[],"yoast_head":"<!-- This site is optimized with the Yoast SEO Premium plugin v26.7 (Yoast SEO v26.7) - https:\/\/yoast.com\/wordpress\/plugins\/seo\/ -->\n<title>Diagonale des Fous 2023 : Victoire d&#039;Aur\u00e9lien Dunand-Pallaz<\/title>\n<meta name=\"description\" content=\"DIAGONALE DES FOUS 2023 - Apr\u00e8s avoir men\u00e9 la course de bout en bout, Aur\u00e9lien Dunand-Pallaz, favori de l&#039;\u00e9preuve.\" \/>\n<meta name=\"robots\" content=\"index, follow, max-snippet:-1, max-image-preview:large, max-video-preview:-1\" \/>\n<link rel=\"canonical\" href=\"https:\/\/dicodusport.fr\/blog\/diagonale-des-fous-2023-victoire-daurelien-dunand-pallaz\/\" \/>\n<meta property=\"og:locale\" content=\"fr_FR\" \/>\n<meta property=\"og:type\" content=\"article\" \/>\n<meta property=\"og:title\" content=\"Diagonale des Fous 2023 : Victoire d&#039;Aur\u00e9lien Dunand-Pallaz\" \/>\n<meta property=\"og:description\" content=\"DIAGONALE DES FOUS 2023 - Apr\u00e8s avoir men\u00e9 la course de bout en bout, Aur\u00e9lien Dunand-Pallaz, favori de l&#039;\u00e9preuve.\" \/>\n<meta property=\"og:url\" content=\"https:\/\/dicodusport.fr\/blog\/diagonale-des-fous-2023-victoire-daurelien-dunand-pallaz\/\" \/>\n<meta property=\"og:site_name\" content=\"Dicodusport\" \/>\n<meta property=\"article:publisher\" content=\"https:\/\/www.facebook.com\/dicodusport\" \/>\n<meta property=\"article:published_time\" content=\"2023-10-20T16:32:04+00:00\" \/>\n<meta property=\"article:modified_time\" content=\"2023-10-21T03:20:25+00:00\" \/>\n<meta property=\"og:image\" content=\"https:\/\/dicodusport.fr\/blog\/wp-content\/uploads\/2023\/10\/Diagonale-des-Fous-2023-Victoire-dAurelien-Dunand-Pallaz.png\" \/>\n\t<meta property=\"og:image:width\" content=\"800\" \/>\n\t<meta property=\"og:image:height\" content=\"445\" \/>\n\t<meta property=\"og:image:type\" content=\"image\/png\" \/>\n<meta name=\"author\" content=\"Olivier Dobiezynski\" \/>\n<meta name=\"twitter:card\" content=\"summary_large_image\" \/>\n<meta name=\"twitter:title\" content=\"Diagonale des Fous 2023 : Victoire d&#039;Aur\u00e9lien Dunand-Pallaz\" \/>\n<meta name=\"twitter:creator\" content=\"@https:\/\/x.com\/Olivier_Matros\" \/>\n<meta name=\"twitter:site\" content=\"@dicodusport\" \/>\n<script type=\"application\/ld+json\" class=\"yoast-schema-graph\">{\"@context\":\"https:\/\/schema.org\",\"@graph\":[{\"@type\":\"NewsArticle\",\"@id\":\"https:\/\/dicodusport.fr\/blog\/diagonale-des-fous-2023-victoire-daurelien-dunand-pallaz\/#article\",\"isPartOf\":{\"@id\":\"https:\/\/dicodusport.fr\/blog\/diagonale-des-fous-2023-victoire-daurelien-dunand-pallaz\/\"},\"author\":{\"name\":\"Olivier Dobiezynski\",\"@id\":\"https:\/\/dicodusport.fr\/blog\/#\/schema\/person\/fe500246414ca17ddf0c0312d7a792cc\"},\"headline\":\"Diagonale des Fous 2023 : Victoire d&rsquo;Aur\u00e9lien Dunand-Pallaz\",\"datePublished\":\"2023-10-20T16:32:04+00:00\",\"dateModified\":\"2023-10-21T03:20:25+00:00\",\"mainEntityOfPage\":{\"@id\":\"https:\/\/dicodusport.fr\/blog\/diagonale-des-fous-2023-victoire-daurelien-dunand-pallaz\/\"},\"wordCount\":419,\"commentCount\":0,\"publisher\":{\"@id\":\"https:\/\/dicodusport.fr\/blog\/#organization\"},\"image\":{\"@id\":\"https:\/\/dicodusport.fr\/blog\/diagonale-des-fous-2023-victoire-daurelien-dunand-pallaz\/#primaryimage\"},\"thumbnailUrl\":\"https:\/\/dicodusport.fr\/blog\/wp-content\/uploads\/2023\/10\/Diagonale-des-Fous-2023-Victoire-dAurelien-Dunand-Pallaz.png\",\"keywords\":[\"br\u00e8ve\",\"Diagonale des Fous\",\"trail\"],\"articleSection\":[\"Trail\"],\"inLanguage\":\"fr-FR\",\"potentialAction\":[{\"@type\":\"CommentAction\",\"name\":\"Comment\",\"target\":[\"https:\/\/dicodusport.fr\/blog\/diagonale-des-fous-2023-victoire-daurelien-dunand-pallaz\/#respond\"]}],\"copyrightYear\":\"2023\",\"copyrightHolder\":{\"@id\":\"https:\/\/dicodusport.fr\/blog\/#organization\"}},{\"@type\":\"WebPage\",\"@id\":\"https:\/\/dicodusport.fr\/blog\/diagonale-des-fous-2023-victoire-daurelien-dunand-pallaz\/\",\"url\":\"https:\/\/dicodusport.fr\/blog\/diagonale-des-fous-2023-victoire-daurelien-dunand-pallaz\/\",\"name\":\"Diagonale des Fous 2023 : Victoire d'Aur\u00e9lien Dunand-Pallaz\",\"isPartOf\":{\"@id\":\"https:\/\/dicodusport.fr\/blog\/#website\"},\"primaryImageOfPage\":{\"@id\":\"https:\/\/dicodusport.fr\/blog\/diagonale-des-fous-2023-victoire-daurelien-dunand-pallaz\/#primaryimage\"},\"image\":{\"@id\":\"https:\/\/dicodusport.fr\/blog\/diagonale-des-fous-2023-victoire-daurelien-dunand-pallaz\/#primaryimage\"},\"thumbnailUrl\":\"https:\/\/dicodusport.fr\/blog\/wp-content\/uploads\/2023\/10\/Diagonale-des-Fous-2023-Victoire-dAurelien-Dunand-Pallaz.png\",\"datePublished\":\"2023-10-20T16:32:04+00:00\",\"dateModified\":\"2023-10-21T03:20:25+00:00\",\"description\":\"DIAGONALE DES FOUS 2023 - Apr\u00e8s avoir men\u00e9 la course de bout en bout, Aur\u00e9lien Dunand-Pallaz, favori de l'\u00e9preuve.\",\"breadcrumb\":{\"@id\":\"https:\/\/dicodusport.fr\/blog\/diagonale-des-fous-2023-victoire-daurelien-dunand-pallaz\/#breadcrumb\"},\"inLanguage\":\"fr-FR\",\"potentialAction\":[{\"@type\":\"ReadAction\",\"target\":[\"https:\/\/dicodusport.fr\/blog\/diagonale-des-fous-2023-victoire-daurelien-dunand-pallaz\/\"]}]},{\"@type\":\"ImageObject\",\"inLanguage\":\"fr-FR\",\"@id\":\"https:\/\/dicodusport.fr\/blog\/diagonale-des-fous-2023-victoire-daurelien-dunand-pallaz\/#primaryimage\",\"url\":\"https:\/\/dicodusport.fr\/blog\/wp-content\/uploads\/2023\/10\/Diagonale-des-Fous-2023-Victoire-dAurelien-Dunand-Pallaz.png\",\"contentUrl\":\"https:\/\/dicodusport.fr\/blog\/wp-content\/uploads\/2023\/10\/Diagonale-des-Fous-2023-Victoire-dAurelien-Dunand-Pallaz.png\",\"width\":800,\"height\":445,\"caption\":\"Diagonale des Fous 2023 Victoire d'Aur\u00e9lien Dunand-Pallaz\"},{\"@type\":\"BreadcrumbList\",\"@id\":\"https:\/\/dicodusport.fr\/blog\/diagonale-des-fous-2023-victoire-daurelien-dunand-pallaz\/#breadcrumb\",\"itemListElement\":[{\"@type\":\"ListItem\",\"position\":1,\"name\":\"Accueil\",\"item\":\"https:\/\/dicodusport.fr\/blog\/\"},{\"@type\":\"ListItem\",\"position\":2,\"name\":\"Diagonale des Fous 2023 : Victoire d&rsquo;Aur\u00e9lien Dunand-Pallaz\"}]},{\"@type\":\"WebSite\",\"@id\":\"https:\/\/dicodusport.fr\/blog\/#website\",\"url\":\"https:\/\/dicodusport.fr\/blog\/\",\"name\":\"Dicodusport\",\"description\":\"L&#039;encyclop\u00e9die de l&#039;actualit\u00e9 sportive\",\"publisher\":{\"@id\":\"https:\/\/dicodusport.fr\/blog\/#organization\"},\"potentialAction\":[{\"@type\":\"SearchAction\",\"target\":{\"@type\":\"EntryPoint\",\"urlTemplate\":\"https:\/\/dicodusport.fr\/blog\/?s={search_term_string}\"},\"query-input\":{\"@type\":\"PropertyValueSpecification\",\"valueRequired\":true,\"valueName\":\"search_term_string\"}}],\"inLanguage\":\"fr-FR\"},{\"@type\":\"NewsMediaOrganization\",\"@id\":\"https:\/\/dicodusport.fr\/blog\/#organization\",\"name\":\"Dicodusport\",\"url\":\"https:\/\/dicodusport.fr\/blog\/\",\"logo\":{\"@type\":\"ImageObject\",\"inLanguage\":\"fr-FR\",\"@id\":\"https:\/\/dicodusport.fr\/blog\/#\/schema\/logo\/image\/\",\"url\":\"https:\/\/dicodusport.fr\/blog\/wp-content\/uploads\/2020\/06\/cropped-LOGO-DICODUSPORT-2020-SANS-FOND-SANS-TEXTE.png\",\"contentUrl\":\"https:\/\/dicodusport.fr\/blog\/wp-content\/uploads\/2020\/06\/cropped-LOGO-DICODUSPORT-2020-SANS-FOND-SANS-TEXTE.png\",\"width\":512,\"height\":512,\"caption\":\"Dicodusport\"},\"image\":{\"@id\":\"https:\/\/dicodusport.fr\/blog\/#\/schema\/logo\/image\/\"},\"sameAs\":[\"https:\/\/www.facebook.com\/dicodusport\",\"https:\/\/x.com\/dicodusport\",\"https:\/\/www.instagram.com\/dicodusport\/\",\"https:\/\/www.youtube.com\/channel\/UC7V2KZ5sd3htJivAbA4ZG3w\"],\"description\":\"Dicodusport est l'encyclop\u00e9die de l'actualit\u00e9 sportive.\",\"email\":\"bonjour@dicodusport.fr\",\"legalName\":\"DICODUSPORT\",\"foundingDate\":\"2018-01-14\",\"vatID\":\"FR71834470973\",\"taxID\":\"83447097300043\",\"numberOfEmployees\":{\"@type\":\"QuantitativeValue\",\"minValue\":\"1\",\"maxValue\":\"10\"}},{\"@type\":\"Person\",\"@id\":\"https:\/\/dicodusport.fr\/blog\/#\/schema\/person\/fe500246414ca17ddf0c0312d7a792cc\",\"name\":\"Olivier Dobiezynski\",\"image\":{\"@type\":\"ImageObject\",\"inLanguage\":\"fr-FR\",\"@id\":\"https:\/\/dicodusport.fr\/blog\/#\/schema\/person\/image\/\",\"url\":\"https:\/\/dicodusport.fr\/blog\/wp-content\/uploads\/2024\/09\/5be8fe8d-9962-4f1e-ad06-d6f9dee30e6d-150x150.jpg\",\"contentUrl\":\"https:\/\/dicodusport.fr\/blog\/wp-content\/uploads\/2024\/09\/5be8fe8d-9962-4f1e-ad06-d6f9dee30e6d-150x150.jpg\",\"caption\":\"Olivier Dobiezynski\"},\"description\":\"Depuis le milieu des ann\u00e9es 90, la passion du cyclisme m'anime. Mes h\u00e9ros s'appellent Luc Leblanc, Piotr Ugrumov, Paolo Savoldelli, Peter Sagan et bien \u00e9videmment Romain Bardet. R\u00e9dacteur depuis 2023, je suis ici pour partager cet amour de la Petite Reine. Vous pourrez me lire \u00e9galement sur du trail, du ski de fond et tout autre sujet susceptible d'\u00e9veiller ma curiosit\u00e9 sportive.\",\"sameAs\":[\"https:\/\/x.com\/https:\/\/x.com\/Olivier_Matros\"],\"url\":\"https:\/\/dicodusport.fr\/blog\/author\/olivier-gh\/\"}]}<\/script>\n<!-- \/ Yoast SEO Premium plugin. -->","yoast_head_json":{"title":"Diagonale des Fous 2023 : Victoire d'Aur\u00e9lien Dunand-Pallaz","description":"DIAGONALE DES FOUS 2023 - Apr\u00e8s avoir men\u00e9 la course de bout en bout, Aur\u00e9lien Dunand-Pallaz, favori de l'\u00e9preuve.","robots":{"index":"index","follow":"follow","max-snippet":"max-snippet:-1","max-image-preview":"max-image-preview:large","max-video-preview":"max-video-preview:-1"},"canonical":"https:\/\/dicodusport.fr\/blog\/diagonale-des-fous-2023-victoire-daurelien-dunand-pallaz\/","og_locale":"fr_FR","og_type":"article","og_title":"Diagonale des Fous 2023 : Victoire d'Aur\u00e9lien Dunand-Pallaz","og_description":"DIAGONALE DES FOUS 2023 - Apr\u00e8s avoir men\u00e9 la course de bout en bout, Aur\u00e9lien Dunand-Pallaz, favori de l'\u00e9preuve.","og_url":"https:\/\/dicodusport.fr\/blog\/diagonale-des-fous-2023-victoire-daurelien-dunand-pallaz\/","og_site_name":"Dicodusport","article_publisher":"https:\/\/www.facebook.com\/dicodusport","article_published_time":"2023-10-20T16:32:04+00:00","article_modified_time":"2023-10-21T03:20:25+00:00","og_image":[{"width":800,"height":445,"url":"https:\/\/dicodusport.fr\/blog\/wp-content\/uploads\/2023\/10\/Diagonale-des-Fous-2023-Victoire-dAurelien-Dunand-Pallaz.png","type":"image\/png"}],"author":"Olivier Dobiezynski","twitter_card":"summary_large_image","twitter_title":"Diagonale des Fous 2023 : Victoire d'Aur\u00e9lien Dunand-Pallaz","twitter_creator":"@https:\/\/x.com\/Olivier_Matros","twitter_site":"@dicodusport","schema":{"@context":"https:\/\/schema.org","@graph":[{"@type":"NewsArticle","@id":"https:\/\/dicodusport.fr\/blog\/diagonale-des-fous-2023-victoire-daurelien-dunand-pallaz\/#article","isPartOf":{"@id":"https:\/\/dicodusport.fr\/blog\/diagonale-des-fous-2023-victoire-daurelien-dunand-pallaz\/"},"author":{"name":"Olivier Dobiezynski","@id":"https:\/\/dicodusport.fr\/blog\/#\/schema\/person\/fe500246414ca17ddf0c0312d7a792cc"},"headline":"Diagonale des Fous 2023 : Victoire d&rsquo;Aur\u00e9lien Dunand-Pallaz","datePublished":"2023-10-20T16:32:04+00:00","dateModified":"2023-10-21T03:20:25+00:00","mainEntityOfPage":{"@id":"https:\/\/dicodusport.fr\/blog\/diagonale-des-fous-2023-victoire-daurelien-dunand-pallaz\/"},"wordCount":419,"commentCount":0,"publisher":{"@id":"https:\/\/dicodusport.fr\/blog\/#organization"},"image":{"@id":"https:\/\/dicodusport.fr\/blog\/diagonale-des-fous-2023-victoire-daurelien-dunand-pallaz\/#primaryimage"},"thumbnailUrl":"https:\/\/dicodusport.fr\/blog\/wp-content\/uploads\/2023\/10\/Diagonale-des-Fous-2023-Victoire-dAurelien-Dunand-Pallaz.png","keywords":["br\u00e8ve","Diagonale des Fous","trail"],"articleSection":["Trail"],"inLanguage":"fr-FR","potentialAction":[{"@type":"CommentAction","name":"Comment","target":["https:\/\/dicodusport.fr\/blog\/diagonale-des-fous-2023-victoire-daurelien-dunand-pallaz\/#respond"]}],"copyrightYear":"2023","copyrightHolder":{"@id":"https:\/\/dicodusport.fr\/blog\/#organization"}},{"@type":"WebPage","@id":"https:\/\/dicodusport.fr\/blog\/diagonale-des-fous-2023-victoire-daurelien-dunand-pallaz\/","url":"https:\/\/dicodusport.fr\/blog\/diagonale-des-fous-2023-victoire-daurelien-dunand-pallaz\/","name":"Diagonale des Fous 2023 : Victoire d'Aur\u00e9lien Dunand-Pallaz","isPartOf":{"@id":"https:\/\/dicodusport.fr\/blog\/#website"},"primaryImageOfPage":{"@id":"https:\/\/dicodusport.fr\/blog\/diagonale-des-fous-2023-victoire-daurelien-dunand-pallaz\/#primaryimage"},"image":{"@id":"https:\/\/dicodusport.fr\/blog\/diagonale-des-fous-2023-victoire-daurelien-dunand-pallaz\/#primaryimage"},"thumbnailUrl":"https:\/\/dicodusport.fr\/blog\/wp-content\/uploads\/2023\/10\/Diagonale-des-Fous-2023-Victoire-dAurelien-Dunand-Pallaz.png","datePublished":"2023-10-20T16:32:04+00:00","dateModified":"2023-10-21T03:20:25+00:00","description":"DIAGONALE DES FOUS 2023 - Apr\u00e8s avoir men\u00e9 la course de bout en bout, Aur\u00e9lien Dunand-Pallaz, favori de l'\u00e9preuve.","breadcrumb":{"@id":"https:\/\/dicodusport.fr\/blog\/diagonale-des-fous-2023-victoire-daurelien-dunand-pallaz\/#breadcrumb"},"inLanguage":"fr-FR","potentialAction":[{"@type":"ReadAction","target":["https:\/\/dicodusport.fr\/blog\/diagonale-des-fous-2023-victoire-daurelien-dunand-pallaz\/"]}]},{"@type":"ImageObject","inLanguage":"fr-FR","@id":"https:\/\/dicodusport.fr\/blog\/diagonale-des-fous-2023-victoire-daurelien-dunand-pallaz\/#primaryimage","url":"https:\/\/dicodusport.fr\/blog\/wp-content\/uploads\/2023\/10\/Diagonale-des-Fous-2023-Victoire-dAurelien-Dunand-Pallaz.png","contentUrl":"https:\/\/dicodusport.fr\/blog\/wp-content\/uploads\/2023\/10\/Diagonale-des-Fous-2023-Victoire-dAurelien-Dunand-Pallaz.png","width":800,"height":445,"caption":"Diagonale des Fous 2023 Victoire d'Aur\u00e9lien Dunand-Pallaz"},{"@type":"BreadcrumbList","@id":"https:\/\/dicodusport.fr\/blog\/diagonale-des-fous-2023-victoire-daurelien-dunand-pallaz\/#breadcrumb","itemListElement":[{"@type":"ListItem","position":1,"name":"Accueil","item":"https:\/\/dicodusport.fr\/blog\/"},{"@type":"ListItem","position":2,"name":"Diagonale des Fous 2023 : Victoire d&rsquo;Aur\u00e9lien Dunand-Pallaz"}]},{"@type":"WebSite","@id":"https:\/\/dicodusport.fr\/blog\/#website","url":"https:\/\/dicodusport.fr\/blog\/","name":"Dicodusport","description":"L&#039;encyclop\u00e9die de l&#039;actualit\u00e9 sportive","publisher":{"@id":"https:\/\/dicodusport.fr\/blog\/#organization"},"potentialAction":[{"@type":"SearchAction","target":{"@type":"EntryPoint","urlTemplate":"https:\/\/dicodusport.fr\/blog\/?s={search_term_string}"},"query-input":{"@type":"PropertyValueSpecification","valueRequired":true,"valueName":"search_term_string"}}],"inLanguage":"fr-FR"},{"@type":"NewsMediaOrganization","@id":"https:\/\/dicodusport.fr\/blog\/#organization","name":"Dicodusport","url":"https:\/\/dicodusport.fr\/blog\/","logo":{"@type":"ImageObject","inLanguage":"fr-FR","@id":"https:\/\/dicodusport.fr\/blog\/#\/schema\/logo\/image\/","url":"https:\/\/dicodusport.fr\/blog\/wp-content\/uploads\/2020\/06\/cropped-LOGO-DICODUSPORT-2020-SANS-FOND-SANS-TEXTE.png","contentUrl":"https:\/\/dicodusport.fr\/blog\/wp-content\/uploads\/2020\/06\/cropped-LOGO-DICODUSPORT-2020-SANS-FOND-SANS-TEXTE.png","width":512,"height":512,"caption":"Dicodusport"},"image":{"@id":"https:\/\/dicodusport.fr\/blog\/#\/schema\/logo\/image\/"},"sameAs":["https:\/\/www.facebook.com\/dicodusport","https:\/\/x.com\/dicodusport","https:\/\/www.instagram.com\/dicodusport\/","https:\/\/www.youtube.com\/channel\/UC7V2KZ5sd3htJivAbA4ZG3w"],"description":"Dicodusport est l'encyclop\u00e9die de l'actualit\u00e9 sportive.","email":"bonjour@dicodusport.fr","legalName":"DICODUSPORT","foundingDate":"2018-01-14","vatID":"FR71834470973","taxID":"83447097300043","numberOfEmployees":{"@type":"QuantitativeValue","minValue":"1","maxValue":"10"}},{"@type":"Person","@id":"https:\/\/dicodusport.fr\/blog\/#\/schema\/person\/fe500246414ca17ddf0c0312d7a792cc","name":"Olivier Dobiezynski","image":{"@type":"ImageObject","inLanguage":"fr-FR","@id":"https:\/\/dicodusport.fr\/blog\/#\/schema\/person\/image\/","url":"https:\/\/dicodusport.fr\/blog\/wp-content\/uploads\/2024\/09\/5be8fe8d-9962-4f1e-ad06-d6f9dee30e6d-150x150.jpg","contentUrl":"https:\/\/dicodusport.fr\/blog\/wp-content\/uploads\/2024\/09\/5be8fe8d-9962-4f1e-ad06-d6f9dee30e6d-150x150.jpg","caption":"Olivier Dobiezynski"},"description":"Depuis le milieu des ann\u00e9es 90, la passion du cyclisme m'anime. Mes h\u00e9ros s'appellent Luc Leblanc, Piotr Ugrumov, Paolo Savoldelli, Peter Sagan et bien \u00e9videmment Romain Bardet. R\u00e9dacteur depuis 2023, je suis ici pour partager cet amour de la Petite Reine. Vous pourrez me lire \u00e9galement sur du trail, du ski de fond et tout autre sujet susceptible d'\u00e9veiller ma curiosit\u00e9 sportive.","sameAs":["https:\/\/x.com\/https:\/\/x.com\/Olivier_Matros"],"url":"https:\/\/dicodusport.fr\/blog\/author\/olivier-gh\/"}]}},"_links":{"self":[{"href":"https:\/\/dicodusport.fr\/blog\/wp-json\/wp\/v2\/posts\/430749","targetHints":{"allow":["GET"]}}],"collection":[{"href":"https:\/\/dicodusport.fr\/blog\/wp-json\/wp\/v2\/posts"}],"about":[{"href":"https:\/\/dicodusport.fr\/blog\/wp-json\/wp\/v2\/types\/post"}],"author":[{"embeddable":true,"href":"https:\/\/dicodusport.fr\/blog\/wp-json\/wp\/v2\/users\/92"}],"replies":[{"embeddable":true,"href":"https:\/\/dicodusport.fr\/blog\/wp-json\/wp\/v2\/comments?post=430749"}],"version-history":[{"count":0,"href":"https:\/\/dicodusport.fr\/blog\/wp-json\/wp\/v2\/posts\/430749\/revisions"}],"wp:featuredmedia":[{"embeddable":true,"href":"https:\/\/dicodusport.fr\/blog\/wp-json\/wp\/v2\/media\/430784"}],"wp:attachment":[{"href":"https:\/\/dicodusport.fr\/blog\/wp-json\/wp\/v2\/media?parent=430749"}],"wp:term":[{"taxonomy":"category","embeddable":true,"href":"https:\/\/dicodusport.fr\/blog\/wp-json\/wp\/v2\/categories?post=430749"},{"taxonomy":"post_tag","embeddable":true,"href":"https:\/\/dicodusport.fr\/blog\/wp-json\/wp\/v2\/tags?post=430749"}],"curies":[{"name":"wp","href":"https:\/\/api.w.org\/{rel}","templated":true}]}}