{"id":430778,"date":"2023-10-20T18:49:36","date_gmt":"2023-10-20T16:49:36","guid":{"rendered":"https:\/\/dicodusport.fr\/blog\/?p=430778&#038;preview=true&#038;preview_id=430778"},"modified":"2023-10-20T19:44:55","modified_gmt":"2023-10-20T17:44:55","slug":"le-portugal-et-lespagne-voudraient-organiser-la-coupe-du-monde-de-rugby-2035","status":"publish","type":"post","link":"https:\/\/dicodusport.fr\/blog\/le-portugal-et-lespagne-voudraient-organiser-la-coupe-du-monde-de-rugby-2035\/","title":{"rendered":"Le Portugal et l&rsquo;Espagne voudraient organiser la Coupe du monde de rugby 2035"},"content":{"rendered":"<p style=\"text-align: justify;\"><strong><em>RUGBY \u00c0 XV &#8211; Selon Record, le Portugal et l&rsquo;Espagne envisagent de faire acte de candidature pour organiser la Coupe du monde 2035.\u00a0<\/em><\/strong><\/p>\n<ul style=\"text-align: justify;\">\n<li style=\"text-align: justify;\"><strong>\u00c0 lire aussi &#8211; <a href=\"https:\/\/dicodusport.fr\/blog\/rugby-portugal-un-francais-remplace-patrice-lagisquet-a-la-tete-de-la-selection\/\" target=\"_blank\" rel=\"noopener\">Rugby Portugal : Un Fran\u00e7ais remplace Patrice Lagisquet \u00e0 la t\u00eate de la s\u00e9lection<\/a><\/strong><\/li>\n<\/ul>\n<p style=\"text-align: justify;\">Le <strong>Portugal<\/strong> ne s&rsquo;est pas qualifi\u00e9 pour les quarts de finale de la <strong>Coupe du monde<\/strong>, mais\u00a0aura \u00e9t\u00e9 l&rsquo;\u00e9quipe sensation de la comp\u00e9tition. Les <strong>Portugais<\/strong> ont enthousiasm\u00e9 les fans avec un jeu all\u00e9chant, symbolis\u00e9 par un match nul face \u00e0 la <strong>G\u00e9orgie<\/strong> et surtout la premi\u00e8re victoire de leur histoire en phase finale de <strong>Coupe<\/strong> <strong>du<\/strong> <strong>monde<\/strong>, face aux <strong>Fidji<\/strong>.<\/p>\n<div class=\"vlp-link-container vlp-layout-article\"><a href=\"https:\/\/dicodusport.fr\/blog\/coupe-du-monde-de-rugby-le-beau-parcours-du-portugal-en-chiffres\/\" class=\"vlp-link\" title=\"Coupe du monde de rugby : Le beau parcours du Portugal en chiffres\"><\/a><div class=\"vlp-layout-zone-side\"><div class=\"vlp-block-4 vlp-link-image\"><img loading=\"lazy\" decoding=\"async\" style=\"max-width: 800px;\" width=\"800\" height=\"445\" src=\"https:\/\/dicodusport.fr\/blog\/wp-content\/uploads\/2023\/10\/Coupe-du-monde-de-rugby-Le-beau-parcours-du-Portugal-en-chiffres.png\" class=\"attachment-800x445 size-800x445\" alt=\"Coupe du monde de rugby Le beau parcours du Portugal en chiffres\" srcset=\"https:\/\/dicodusport.fr\/blog\/wp-content\/uploads\/2023\/10\/Coupe-du-monde-de-rugby-Le-beau-parcours-du-Portugal-en-chiffres.png 800w, https:\/\/dicodusport.fr\/blog\/wp-content\/uploads\/2023\/10\/Coupe-du-monde-de-rugby-Le-beau-parcours-du-Portugal-en-chiffres-300x167.png 300w, https:\/\/dicodusport.fr\/blog\/wp-content\/uploads\/2023\/10\/Coupe-du-monde-de-rugby-Le-beau-parcours-du-Portugal-en-chiffres-768x427.png 768w\" sizes=\"auto, (max-width: 800px) 100vw, 800px\" \/><\/div><\/div><div class=\"vlp-layout-zone-main\"><div class=\"vlp-block-0 vlp-link-title\">Coupe du monde de rugby : Le beau parcours du Portugal en chiffres<\/div><div class=\"vlp-block-1 vlp-link-summary\">COUPE DU MONDE DE RUGBY 2023\u00a0- Retour en chiffres sur le parcours du Portugal, \u00e9quipe r\u00e9v\u00e9lation de ce Mondial.<\/div><div class=\"vlp-block-2 vlp-link-button\">Lire l'article<\/div><div class=\"vlp-block-3 vlp-link-url\">dicodusport.fr<\/div><\/div><\/div>\n<h2 style=\"text-align: justify;\">De tr\u00e8s beaux stades en Espagne et au Portugal<\/h2>\n<p style=\"text-align: justify;\"><a href=\"https:\/\/dicodusport.fr\/blog\/video-lincroyable-accueil-reserve-a-la-selection-du-portugal-a-laeroport-de-lisbonne\/\" target=\"_blank\" rel=\"noopener\">F\u00eat\u00e9s en h\u00e9ros lors de leur retour au pays<\/a>, les <strong>Portugais<\/strong> semblent avoir franchi un cap qu&rsquo;ils devront confirmer dans les mois \u00e0 venir. Mais l&rsquo;id\u00e9e d&rsquo;organiser une <strong>Coupe du monde<\/strong>, en 2035 remonterait au mois de juillet dernier, bien avant le <strong>Mondial<\/strong> en <strong>France<\/strong> donc. Alors que la Coupe du monde va se d\u00e9rouler en <strong>Australie<\/strong> en 2027 et aux <strong>\u00c9tats-Unis<\/strong> en 2031, l&rsquo;\u00e9dition suivante n&rsquo;a pas \u00e9t\u00e9 encore attribu\u00e9e.<\/p>\n<p style=\"text-align: justify;\">Le <strong>Portugal <\/strong>donc, et l&rsquo;<strong>Espagne<\/strong>, qui a \u00e9t\u00e9 disqualifi\u00e9e de la Coupe du monde 2023 \u00e0 cause d&rsquo;un joueur non s\u00e9lectionnable, ont commenc\u00e9 \u00e0 discuter d&rsquo;une possible candidature commune pour 2035. L&rsquo;id\u00e9e serait pour le moment au stade embryonnaire selon nos confr\u00e8res, mais il existe une vraie volont\u00e9 commune d&rsquo;avancer sur ce dossier. S&rsquo;il reste donc du chemin \u00e0 parcourir, la plus grande des comp\u00e9titions de rugby pourrait s&rsquo;arr\u00eater deux fois de suite dans des pays non-majeurs, puisque l&rsquo;<strong>Espagne<\/strong> et le <strong>Portugal<\/strong>\u00a0pourraient succ\u00e9der aux <strong>USA<\/strong>.<\/p>\n<blockquote class=\"twitter-tweet\">\n<p dir=\"ltr\" lang=\"en\">Full page in one of the biggest Portuguese sports newspapers about a possible Rugby World Cup to be hosted by Portugal in Spain in 2035 (the two countries are already jointly hosting the football World Cup in 2030).<br \/>\nHigh-level talks between the two rugby unions already happened <a href=\"https:\/\/t.co\/5qq9wMt8FV\">pic.twitter.com\/5qq9wMt8FV<\/a><\/p>\n<p>\u2014 Nuno Madeira do O (@NunoMadeiradoO) <a href=\"https:\/\/twitter.com\/NunoMadeiradoO\/status\/1715343084131647898?ref_src=twsrc%5Etfw\">October 20, 2023<\/a><\/p><\/blockquote>\n<p style=\"text-align: justify;\"><script async src=\"https:\/\/platform.twitter.com\/widgets.js\" charset=\"utf-8\"><\/script><\/p>\n","protected":false},"excerpt":{"rendered":"<p>RUGBY \u00c0 XV &#8211; Selon Record, le Portugal et l&rsquo;Espagne envisagent de faire candidature pour organiser la Coupe du monde 2035.\u00a0<\/p>\n","protected":false},"author":1,"featured_media":430787,"comment_status":"open","ping_status":"closed","sticky":false,"template":"","format":"standard","meta":{"_acf_changed":false,"_daextam_enable_autolinks":"1","footnotes":""},"categories":[9129],"tags":[16878,1529,359,89,13],"class_list":["post-430778","post","type-post","status-publish","format-standard","has-post-thumbnail","hentry","category-rugby-a-xv","tag-breve","tag-coupe-du-monde-de-rugby","tag-espagne","tag-portugal","tag-rugby"],"acf":[],"yoast_head":"<!-- This site is optimized with the Yoast SEO Premium plugin v26.7 (Yoast SEO v26.7) - https:\/\/yoast.com\/wordpress\/plugins\/seo\/ -->\n<title>Le Portugal et l&#039;Espagne voudraient organiser la Coupe du monde de rugby 2035<\/title>\n<meta name=\"description\" content=\"RUGBY \u00c0 XV - Selon Record, le Portugal et l&#039;Espagne envisagent de faire candidature pour organiser la Coupe du monde 2035.\u00a0\" \/>\n<meta name=\"robots\" content=\"index, follow, max-snippet:-1, max-image-preview:large, max-video-preview:-1\" \/>\n<link rel=\"canonical\" href=\"https:\/\/dicodusport.fr\/blog\/le-portugal-et-lespagne-voudraient-organiser-la-coupe-du-monde-de-rugby-2035\/\" \/>\n<meta property=\"og:locale\" content=\"fr_FR\" \/>\n<meta property=\"og:type\" content=\"article\" \/>\n<meta property=\"og:title\" content=\"Le Portugal et l&#039;Espagne voudraient organiser la Coupe du monde de rugby 2035\" \/>\n<meta property=\"og:description\" content=\"RUGBY \u00c0 XV - Selon Record, le Portugal et l&#039;Espagne envisagent de faire candidature pour organiser la Coupe du monde 2035.\u00a0\" \/>\n<meta property=\"og:url\" content=\"https:\/\/dicodusport.fr\/blog\/le-portugal-et-lespagne-voudraient-organiser-la-coupe-du-monde-de-rugby-2035\/\" \/>\n<meta property=\"og:site_name\" content=\"Dicodusport\" \/>\n<meta property=\"article:publisher\" content=\"https:\/\/www.facebook.com\/dicodusport\" \/>\n<meta property=\"article:author\" content=\"https:\/\/www.facebook.com\/dicodusport\" \/>\n<meta property=\"article:published_time\" content=\"2023-10-20T16:49:36+00:00\" \/>\n<meta property=\"article:modified_time\" content=\"2023-10-20T17:44:55+00:00\" \/>\n<meta property=\"og:image\" content=\"https:\/\/dicodusport.fr\/blog\/wp-content\/uploads\/2023\/10\/Le-Portugal-et-lEspagne-voudraient-organiser-la-Coupe-du-monde-de-rugby-2035.png\" \/>\n\t<meta property=\"og:image:width\" content=\"800\" \/>\n\t<meta property=\"og:image:height\" content=\"445\" \/>\n\t<meta property=\"og:image:type\" content=\"image\/png\" \/>\n<meta name=\"author\" content=\"Nicolas Jacquemard\" \/>\n<meta name=\"twitter:card\" content=\"summary_large_image\" \/>\n<meta name=\"twitter:title\" content=\"Le Portugal et l&#039;Espagne voudraient organiser la Coupe du monde de rugby 2035\" \/>\n<meta name=\"twitter:creator\" content=\"@https:\/\/twitter.com\/Nico_Jacquemard\" \/>\n<meta name=\"twitter:site\" content=\"@dicodusport\" \/>\n<script type=\"application\/ld+json\" class=\"yoast-schema-graph\">{\"@context\":\"https:\/\/schema.org\",\"@graph\":[{\"@type\":\"NewsArticle\",\"@id\":\"https:\/\/dicodusport.fr\/blog\/le-portugal-et-lespagne-voudraient-organiser-la-coupe-du-monde-de-rugby-2035\/#article\",\"isPartOf\":{\"@id\":\"https:\/\/dicodusport.fr\/blog\/le-portugal-et-lespagne-voudraient-organiser-la-coupe-du-monde-de-rugby-2035\/\"},\"author\":{\"name\":\"Nicolas Jacquemard\",\"@id\":\"https:\/\/dicodusport.fr\/blog\/#\/schema\/person\/55dcb50ad410894e431ed812bbb70191\"},\"headline\":\"Le Portugal et l&rsquo;Espagne voudraient organiser la Coupe du monde de rugby 2035\",\"datePublished\":\"2023-10-20T16:49:36+00:00\",\"dateModified\":\"2023-10-20T17:44:55+00:00\",\"mainEntityOfPage\":{\"@id\":\"https:\/\/dicodusport.fr\/blog\/le-portugal-et-lespagne-voudraient-organiser-la-coupe-du-monde-de-rugby-2035\/\"},\"wordCount\":444,\"commentCount\":0,\"publisher\":{\"@id\":\"https:\/\/dicodusport.fr\/blog\/#organization\"},\"image\":{\"@id\":\"https:\/\/dicodusport.fr\/blog\/le-portugal-et-lespagne-voudraient-organiser-la-coupe-du-monde-de-rugby-2035\/#primaryimage\"},\"thumbnailUrl\":\"https:\/\/dicodusport.fr\/blog\/wp-content\/uploads\/2023\/10\/Le-Portugal-et-lEspagne-voudraient-organiser-la-Coupe-du-monde-de-rugby-2035.png\",\"keywords\":[\"br\u00e8ve\",\"Coupe du monde de rugby\",\"Espagne\",\"Portugal\",\"Rugby\"],\"articleSection\":[\"Rugby \u00e0 XV\"],\"inLanguage\":\"fr-FR\",\"potentialAction\":[{\"@type\":\"CommentAction\",\"name\":\"Comment\",\"target\":[\"https:\/\/dicodusport.fr\/blog\/le-portugal-et-lespagne-voudraient-organiser-la-coupe-du-monde-de-rugby-2035\/#respond\"]}],\"copyrightYear\":\"2023\",\"copyrightHolder\":{\"@id\":\"https:\/\/dicodusport.fr\/blog\/#organization\"}},{\"@type\":\"WebPage\",\"@id\":\"https:\/\/dicodusport.fr\/blog\/le-portugal-et-lespagne-voudraient-organiser-la-coupe-du-monde-de-rugby-2035\/\",\"url\":\"https:\/\/dicodusport.fr\/blog\/le-portugal-et-lespagne-voudraient-organiser-la-coupe-du-monde-de-rugby-2035\/\",\"name\":\"Le Portugal et l'Espagne voudraient organiser la Coupe du monde de rugby 2035\",\"isPartOf\":{\"@id\":\"https:\/\/dicodusport.fr\/blog\/#website\"},\"primaryImageOfPage\":{\"@id\":\"https:\/\/dicodusport.fr\/blog\/le-portugal-et-lespagne-voudraient-organiser-la-coupe-du-monde-de-rugby-2035\/#primaryimage\"},\"image\":{\"@id\":\"https:\/\/dicodusport.fr\/blog\/le-portugal-et-lespagne-voudraient-organiser-la-coupe-du-monde-de-rugby-2035\/#primaryimage\"},\"thumbnailUrl\":\"https:\/\/dicodusport.fr\/blog\/wp-content\/uploads\/2023\/10\/Le-Portugal-et-lEspagne-voudraient-organiser-la-Coupe-du-monde-de-rugby-2035.png\",\"datePublished\":\"2023-10-20T16:49:36+00:00\",\"dateModified\":\"2023-10-20T17:44:55+00:00\",\"description\":\"RUGBY \u00c0 XV - Selon Record, le Portugal et l'Espagne envisagent de faire candidature pour organiser la Coupe du monde 2035.\u00a0\",\"breadcrumb\":{\"@id\":\"https:\/\/dicodusport.fr\/blog\/le-portugal-et-lespagne-voudraient-organiser-la-coupe-du-monde-de-rugby-2035\/#breadcrumb\"},\"inLanguage\":\"fr-FR\",\"potentialAction\":[{\"@type\":\"ReadAction\",\"target\":[\"https:\/\/dicodusport.fr\/blog\/le-portugal-et-lespagne-voudraient-organiser-la-coupe-du-monde-de-rugby-2035\/\"]}]},{\"@type\":\"ImageObject\",\"inLanguage\":\"fr-FR\",\"@id\":\"https:\/\/dicodusport.fr\/blog\/le-portugal-et-lespagne-voudraient-organiser-la-coupe-du-monde-de-rugby-2035\/#primaryimage\",\"url\":\"https:\/\/dicodusport.fr\/blog\/wp-content\/uploads\/2023\/10\/Le-Portugal-et-lEspagne-voudraient-organiser-la-Coupe-du-monde-de-rugby-2035.png\",\"contentUrl\":\"https:\/\/dicodusport.fr\/blog\/wp-content\/uploads\/2023\/10\/Le-Portugal-et-lEspagne-voudraient-organiser-la-Coupe-du-monde-de-rugby-2035.png\",\"width\":800,\"height\":445},{\"@type\":\"BreadcrumbList\",\"@id\":\"https:\/\/dicodusport.fr\/blog\/le-portugal-et-lespagne-voudraient-organiser-la-coupe-du-monde-de-rugby-2035\/#breadcrumb\",\"itemListElement\":[{\"@type\":\"ListItem\",\"position\":1,\"name\":\"Accueil\",\"item\":\"https:\/\/dicodusport.fr\/blog\/\"},{\"@type\":\"ListItem\",\"position\":2,\"name\":\"Le Portugal et l&rsquo;Espagne voudraient organiser la Coupe du monde de rugby 2035\"}]},{\"@type\":\"WebSite\",\"@id\":\"https:\/\/dicodusport.fr\/blog\/#website\",\"url\":\"https:\/\/dicodusport.fr\/blog\/\",\"name\":\"Dicodusport\",\"description\":\"L&#039;encyclop\u00e9die de l&#039;actualit\u00e9 sportive\",\"publisher\":{\"@id\":\"https:\/\/dicodusport.fr\/blog\/#organization\"},\"potentialAction\":[{\"@type\":\"SearchAction\",\"target\":{\"@type\":\"EntryPoint\",\"urlTemplate\":\"https:\/\/dicodusport.fr\/blog\/?s={search_term_string}\"},\"query-input\":{\"@type\":\"PropertyValueSpecification\",\"valueRequired\":true,\"valueName\":\"search_term_string\"}}],\"inLanguage\":\"fr-FR\"},{\"@type\":\"NewsMediaOrganization\",\"@id\":\"https:\/\/dicodusport.fr\/blog\/#organization\",\"name\":\"Dicodusport\",\"url\":\"https:\/\/dicodusport.fr\/blog\/\",\"logo\":{\"@type\":\"ImageObject\",\"inLanguage\":\"fr-FR\",\"@id\":\"https:\/\/dicodusport.fr\/blog\/#\/schema\/logo\/image\/\",\"url\":\"https:\/\/dicodusport.fr\/blog\/wp-content\/uploads\/2020\/06\/cropped-LOGO-DICODUSPORT-2020-SANS-FOND-SANS-TEXTE.png\",\"contentUrl\":\"https:\/\/dicodusport.fr\/blog\/wp-content\/uploads\/2020\/06\/cropped-LOGO-DICODUSPORT-2020-SANS-FOND-SANS-TEXTE.png\",\"width\":512,\"height\":512,\"caption\":\"Dicodusport\"},\"image\":{\"@id\":\"https:\/\/dicodusport.fr\/blog\/#\/schema\/logo\/image\/\"},\"sameAs\":[\"https:\/\/www.facebook.com\/dicodusport\",\"https:\/\/x.com\/dicodusport\",\"https:\/\/www.instagram.com\/dicodusport\/\",\"https:\/\/www.youtube.com\/channel\/UC7V2KZ5sd3htJivAbA4ZG3w\"],\"description\":\"Dicodusport est l'encyclop\u00e9die de l'actualit\u00e9 sportive.\",\"email\":\"bonjour@dicodusport.fr\",\"legalName\":\"DICODUSPORT\",\"foundingDate\":\"2018-01-14\",\"vatID\":\"FR71834470973\",\"taxID\":\"83447097300043\",\"numberOfEmployees\":{\"@type\":\"QuantitativeValue\",\"minValue\":\"1\",\"maxValue\":\"10\"}},{\"@type\":\"Person\",\"@id\":\"https:\/\/dicodusport.fr\/blog\/#\/schema\/person\/55dcb50ad410894e431ed812bbb70191\",\"name\":\"Nicolas Jacquemard\",\"image\":{\"@type\":\"ImageObject\",\"inLanguage\":\"fr-FR\",\"@id\":\"https:\/\/dicodusport.fr\/blog\/#\/schema\/person\/image\/\",\"url\":\"https:\/\/dicodusport.fr\/blog\/wp-content\/uploads\/2021\/05\/Nicolas-Jacquemard-150x150.jpeg\",\"contentUrl\":\"https:\/\/dicodusport.fr\/blog\/wp-content\/uploads\/2021\/05\/Nicolas-Jacquemard-150x150.jpeg\",\"caption\":\"Nicolas Jacquemard\"},\"description\":\"Passionn\u00e9 de sport et entrepreneur depuis mes 18 ans, la cr\u00e9ation de Dicodusport m'a sembl\u00e9 \u00e9vidente pour participer \u00e0 la m\u00e9diatisation d'un plus grand nombre de sports. Le chemin est long mais avec une \u00e9quipe des plus motiv\u00e9es et les Jeux Olympiques de Paris 2024 en point de mire, nous y arriverons ! Journaliste dans le monde du sport depuis plus de 5 ans, je traite aussi bien de football, de rugby, de biathlon que de cyclisme.\",\"sameAs\":[\"https:\/\/www.facebook.com\/dicodusport\",\"https:\/\/x.com\/https:\/\/twitter.com\/Nico_Jacquemard\"],\"url\":\"https:\/\/dicodusport.fr\/blog\/author\/dicodusport\/\"}]}<\/script>\n<!-- \/ Yoast SEO Premium plugin. -->","yoast_head_json":{"title":"Le Portugal et l'Espagne voudraient organiser la Coupe du monde de rugby 2035","description":"RUGBY \u00c0 XV - Selon Record, le Portugal et l'Espagne envisagent de faire candidature pour organiser la Coupe du monde 2035.\u00a0","robots":{"index":"index","follow":"follow","max-snippet":"max-snippet:-1","max-image-preview":"max-image-preview:large","max-video-preview":"max-video-preview:-1"},"canonical":"https:\/\/dicodusport.fr\/blog\/le-portugal-et-lespagne-voudraient-organiser-la-coupe-du-monde-de-rugby-2035\/","og_locale":"fr_FR","og_type":"article","og_title":"Le Portugal et l'Espagne voudraient organiser la Coupe du monde de rugby 2035","og_description":"RUGBY \u00c0 XV - Selon Record, le Portugal et l'Espagne envisagent de faire candidature pour organiser la Coupe du monde 2035.\u00a0","og_url":"https:\/\/dicodusport.fr\/blog\/le-portugal-et-lespagne-voudraient-organiser-la-coupe-du-monde-de-rugby-2035\/","og_site_name":"Dicodusport","article_publisher":"https:\/\/www.facebook.com\/dicodusport","article_author":"https:\/\/www.facebook.com\/dicodusport","article_published_time":"2023-10-20T16:49:36+00:00","article_modified_time":"2023-10-20T17:44:55+00:00","og_image":[{"width":800,"height":445,"url":"https:\/\/dicodusport.fr\/blog\/wp-content\/uploads\/2023\/10\/Le-Portugal-et-lEspagne-voudraient-organiser-la-Coupe-du-monde-de-rugby-2035.png","type":"image\/png"}],"author":"Nicolas Jacquemard","twitter_card":"summary_large_image","twitter_title":"Le Portugal et l'Espagne voudraient organiser la Coupe du monde de rugby 2035","twitter_creator":"@https:\/\/twitter.com\/Nico_Jacquemard","twitter_site":"@dicodusport","schema":{"@context":"https:\/\/schema.org","@graph":[{"@type":"NewsArticle","@id":"https:\/\/dicodusport.fr\/blog\/le-portugal-et-lespagne-voudraient-organiser-la-coupe-du-monde-de-rugby-2035\/#article","isPartOf":{"@id":"https:\/\/dicodusport.fr\/blog\/le-portugal-et-lespagne-voudraient-organiser-la-coupe-du-monde-de-rugby-2035\/"},"author":{"name":"Nicolas Jacquemard","@id":"https:\/\/dicodusport.fr\/blog\/#\/schema\/person\/55dcb50ad410894e431ed812bbb70191"},"headline":"Le Portugal et l&rsquo;Espagne voudraient organiser la Coupe du monde de rugby 2035","datePublished":"2023-10-20T16:49:36+00:00","dateModified":"2023-10-20T17:44:55+00:00","mainEntityOfPage":{"@id":"https:\/\/dicodusport.fr\/blog\/le-portugal-et-lespagne-voudraient-organiser-la-coupe-du-monde-de-rugby-2035\/"},"wordCount":444,"commentCount":0,"publisher":{"@id":"https:\/\/dicodusport.fr\/blog\/#organization"},"image":{"@id":"https:\/\/dicodusport.fr\/blog\/le-portugal-et-lespagne-voudraient-organiser-la-coupe-du-monde-de-rugby-2035\/#primaryimage"},"thumbnailUrl":"https:\/\/dicodusport.fr\/blog\/wp-content\/uploads\/2023\/10\/Le-Portugal-et-lEspagne-voudraient-organiser-la-Coupe-du-monde-de-rugby-2035.png","keywords":["br\u00e8ve","Coupe du monde de rugby","Espagne","Portugal","Rugby"],"articleSection":["Rugby \u00e0 XV"],"inLanguage":"fr-FR","potentialAction":[{"@type":"CommentAction","name":"Comment","target":["https:\/\/dicodusport.fr\/blog\/le-portugal-et-lespagne-voudraient-organiser-la-coupe-du-monde-de-rugby-2035\/#respond"]}],"copyrightYear":"2023","copyrightHolder":{"@id":"https:\/\/dicodusport.fr\/blog\/#organization"}},{"@type":"WebPage","@id":"https:\/\/dicodusport.fr\/blog\/le-portugal-et-lespagne-voudraient-organiser-la-coupe-du-monde-de-rugby-2035\/","url":"https:\/\/dicodusport.fr\/blog\/le-portugal-et-lespagne-voudraient-organiser-la-coupe-du-monde-de-rugby-2035\/","name":"Le Portugal et l'Espagne voudraient organiser la Coupe du monde de rugby 2035","isPartOf":{"@id":"https:\/\/dicodusport.fr\/blog\/#website"},"primaryImageOfPage":{"@id":"https:\/\/dicodusport.fr\/blog\/le-portugal-et-lespagne-voudraient-organiser-la-coupe-du-monde-de-rugby-2035\/#primaryimage"},"image":{"@id":"https:\/\/dicodusport.fr\/blog\/le-portugal-et-lespagne-voudraient-organiser-la-coupe-du-monde-de-rugby-2035\/#primaryimage"},"thumbnailUrl":"https:\/\/dicodusport.fr\/blog\/wp-content\/uploads\/2023\/10\/Le-Portugal-et-lEspagne-voudraient-organiser-la-Coupe-du-monde-de-rugby-2035.png","datePublished":"2023-10-20T16:49:36+00:00","dateModified":"2023-10-20T17:44:55+00:00","description":"RUGBY \u00c0 XV - Selon Record, le Portugal et l'Espagne envisagent de faire candidature pour organiser la Coupe du monde 2035.\u00a0","breadcrumb":{"@id":"https:\/\/dicodusport.fr\/blog\/le-portugal-et-lespagne-voudraient-organiser-la-coupe-du-monde-de-rugby-2035\/#breadcrumb"},"inLanguage":"fr-FR","potentialAction":[{"@type":"ReadAction","target":["https:\/\/dicodusport.fr\/blog\/le-portugal-et-lespagne-voudraient-organiser-la-coupe-du-monde-de-rugby-2035\/"]}]},{"@type":"ImageObject","inLanguage":"fr-FR","@id":"https:\/\/dicodusport.fr\/blog\/le-portugal-et-lespagne-voudraient-organiser-la-coupe-du-monde-de-rugby-2035\/#primaryimage","url":"https:\/\/dicodusport.fr\/blog\/wp-content\/uploads\/2023\/10\/Le-Portugal-et-lEspagne-voudraient-organiser-la-Coupe-du-monde-de-rugby-2035.png","contentUrl":"https:\/\/dicodusport.fr\/blog\/wp-content\/uploads\/2023\/10\/Le-Portugal-et-lEspagne-voudraient-organiser-la-Coupe-du-monde-de-rugby-2035.png","width":800,"height":445},{"@type":"BreadcrumbList","@id":"https:\/\/dicodusport.fr\/blog\/le-portugal-et-lespagne-voudraient-organiser-la-coupe-du-monde-de-rugby-2035\/#breadcrumb","itemListElement":[{"@type":"ListItem","position":1,"name":"Accueil","item":"https:\/\/dicodusport.fr\/blog\/"},{"@type":"ListItem","position":2,"name":"Le Portugal et l&rsquo;Espagne voudraient organiser la Coupe du monde de rugby 2035"}]},{"@type":"WebSite","@id":"https:\/\/dicodusport.fr\/blog\/#website","url":"https:\/\/dicodusport.fr\/blog\/","name":"Dicodusport","description":"L&#039;encyclop\u00e9die de l&#039;actualit\u00e9 sportive","publisher":{"@id":"https:\/\/dicodusport.fr\/blog\/#organization"},"potentialAction":[{"@type":"SearchAction","target":{"@type":"EntryPoint","urlTemplate":"https:\/\/dicodusport.fr\/blog\/?s={search_term_string}"},"query-input":{"@type":"PropertyValueSpecification","valueRequired":true,"valueName":"search_term_string"}}],"inLanguage":"fr-FR"},{"@type":"NewsMediaOrganization","@id":"https:\/\/dicodusport.fr\/blog\/#organization","name":"Dicodusport","url":"https:\/\/dicodusport.fr\/blog\/","logo":{"@type":"ImageObject","inLanguage":"fr-FR","@id":"https:\/\/dicodusport.fr\/blog\/#\/schema\/logo\/image\/","url":"https:\/\/dicodusport.fr\/blog\/wp-content\/uploads\/2020\/06\/cropped-LOGO-DICODUSPORT-2020-SANS-FOND-SANS-TEXTE.png","contentUrl":"https:\/\/dicodusport.fr\/blog\/wp-content\/uploads\/2020\/06\/cropped-LOGO-DICODUSPORT-2020-SANS-FOND-SANS-TEXTE.png","width":512,"height":512,"caption":"Dicodusport"},"image":{"@id":"https:\/\/dicodusport.fr\/blog\/#\/schema\/logo\/image\/"},"sameAs":["https:\/\/www.facebook.com\/dicodusport","https:\/\/x.com\/dicodusport","https:\/\/www.instagram.com\/dicodusport\/","https:\/\/www.youtube.com\/channel\/UC7V2KZ5sd3htJivAbA4ZG3w"],"description":"Dicodusport est l'encyclop\u00e9die de l'actualit\u00e9 sportive.","email":"bonjour@dicodusport.fr","legalName":"DICODUSPORT","foundingDate":"2018-01-14","vatID":"FR71834470973","taxID":"83447097300043","numberOfEmployees":{"@type":"QuantitativeValue","minValue":"1","maxValue":"10"}},{"@type":"Person","@id":"https:\/\/dicodusport.fr\/blog\/#\/schema\/person\/55dcb50ad410894e431ed812bbb70191","name":"Nicolas Jacquemard","image":{"@type":"ImageObject","inLanguage":"fr-FR","@id":"https:\/\/dicodusport.fr\/blog\/#\/schema\/person\/image\/","url":"https:\/\/dicodusport.fr\/blog\/wp-content\/uploads\/2021\/05\/Nicolas-Jacquemard-150x150.jpeg","contentUrl":"https:\/\/dicodusport.fr\/blog\/wp-content\/uploads\/2021\/05\/Nicolas-Jacquemard-150x150.jpeg","caption":"Nicolas Jacquemard"},"description":"Passionn\u00e9 de sport et entrepreneur depuis mes 18 ans, la cr\u00e9ation de Dicodusport m'a sembl\u00e9 \u00e9vidente pour participer \u00e0 la m\u00e9diatisation d'un plus grand nombre de sports. Le chemin est long mais avec une \u00e9quipe des plus motiv\u00e9es et les Jeux Olympiques de Paris 2024 en point de mire, nous y arriverons ! Journaliste dans le monde du sport depuis plus de 5 ans, je traite aussi bien de football, de rugby, de biathlon que de cyclisme.","sameAs":["https:\/\/www.facebook.com\/dicodusport","https:\/\/x.com\/https:\/\/twitter.com\/Nico_Jacquemard"],"url":"https:\/\/dicodusport.fr\/blog\/author\/dicodusport\/"}]}},"_links":{"self":[{"href":"https:\/\/dicodusport.fr\/blog\/wp-json\/wp\/v2\/posts\/430778","targetHints":{"allow":["GET"]}}],"collection":[{"href":"https:\/\/dicodusport.fr\/blog\/wp-json\/wp\/v2\/posts"}],"about":[{"href":"https:\/\/dicodusport.fr\/blog\/wp-json\/wp\/v2\/types\/post"}],"author":[{"embeddable":true,"href":"https:\/\/dicodusport.fr\/blog\/wp-json\/wp\/v2\/users\/1"}],"replies":[{"embeddable":true,"href":"https:\/\/dicodusport.fr\/blog\/wp-json\/wp\/v2\/comments?post=430778"}],"version-history":[{"count":0,"href":"https:\/\/dicodusport.fr\/blog\/wp-json\/wp\/v2\/posts\/430778\/revisions"}],"wp:featuredmedia":[{"embeddable":true,"href":"https:\/\/dicodusport.fr\/blog\/wp-json\/wp\/v2\/media\/430787"}],"wp:attachment":[{"href":"https:\/\/dicodusport.fr\/blog\/wp-json\/wp\/v2\/media?parent=430778"}],"wp:term":[{"taxonomy":"category","embeddable":true,"href":"https:\/\/dicodusport.fr\/blog\/wp-json\/wp\/v2\/categories?post=430778"},{"taxonomy":"post_tag","embeddable":true,"href":"https:\/\/dicodusport.fr\/blog\/wp-json\/wp\/v2\/tags?post=430778"}],"curies":[{"name":"wp","href":"https:\/\/api.w.org\/{rel}","templated":true}]}}