{"id":430828,"date":"2023-10-20T20:32:22","date_gmt":"2023-10-20T18:32:22","guid":{"rendered":"https:\/\/dicodusport.fr\/blog\/?p=430828&#038;preview=true&#038;preview_id=430828"},"modified":"2023-10-20T20:52:12","modified_gmt":"2023-10-20T18:52:12","slug":"wta-monastir-clara-burel-passe-aisement-en-demi-finales","status":"publish","type":"post","link":"https:\/\/dicodusport.fr\/blog\/wta-monastir-clara-burel-passe-aisement-en-demi-finales\/","title":{"rendered":"WTA Monastir : Clara Burel passe ais\u00e9ment en demi-finales"},"content":{"rendered":"<p style=\"text-align: justify;\"><strong><em><a href=\"https:\/\/dicodusport.fr\/blog\/wta-250-le-tableau-du-tournoi-de-monastir-2023\/\">TOURNOI WTA 250 DE MONASTIR<\/a> &#8211; Favorite de son quart de finale, Clara Burel n&rsquo;a pas r\u00e9ellement trembl\u00e9 contre Lucrezia Stefanini, et rallie le dernier carr\u00e9.<\/em><\/strong><\/p>\n<p style=\"text-align: justify;\">T\u00eate de s\u00e9rie n\u00b08 du Jasmin Open de Monastir, <strong>Clara Burel<\/strong> avait un coup \u00e0 jouer cette semaine, \u00e0 condition de jouer avec s\u00e9rieux. Un point soulign\u00e9 par son match de la veille contre <strong>Erika Andreeva<\/strong>, que la Tricolore avait domin\u00e9 de la t\u00eate et des \u00e9paules, mais dans lequel elle avait d\u00fb attendre le tie-break final pour arracher le morceau \u00e0 sa 11e balle de match ! Aujourd&rsquo;hui, en quarts de finale, elle \u00e9tait tout de m\u00eame la favorite contre <strong>Lucrezia Stefanini.<\/strong><\/p>\n<p style=\"text-align: justify;\">Un match qui a commenc\u00e9 par pas moins de cinq breaks d&rsquo;affil\u00e9e avant que la Fran\u00e7aise ne soit la premi\u00e8re \u00e0 cr\u00e9er l&rsquo;\u00e9cart. \u00c0 partir de ce moment-l\u00e0, elle va dominer largement l&rsquo;Italienne, r\u00e9ussissant \u00e0 exprimer sa puissance sup\u00e9rieure. La deuxi\u00e8me manche est outrageusement domin\u00e9e par <strong>Clara Burel<\/strong>, qui s&rsquo;impose finalement <strong>6-3, 6-1<\/strong>. Une nouvelle demi-finale au c\u0153ur d&rsquo;une saison encourageante, mais demain, elle sera tout sauf favorite contre la tenante du titre, l&rsquo;exp\u00e9riment\u00e9e Belge <strong>Elise Mertens<\/strong>.<\/p>\n<blockquote class=\"twitter-tweet\">\n<p dir=\"ltr\" lang=\"ca\">Monastir \ud83c\uddf9\ud83c\uddf3 Results &#8211; Quarterfinals<\/p>\n<p>\ud83c\uddee\ud83c\uddf9 Paolini d Bronzetti \ud83c\uddee\ud83c\uddf9 7-5, 7-6(3)<br \/>\n\ud83c\uddfa\ud83c\udde6 Tsurenko d P\u00e1rrizas D\u00edaz \ud83c\uddea\ud83c\uddf8 6-3, 6-2<br \/>\n\ud83c\udde7\ud83c\uddea Mertens d Hontama \ud83c\uddef\ud83c\uddf5 6-3, 6-2<br \/>\n\ud83c\uddeb\ud83c\uddf7 Burel d Stefanini \ud83c\uddee\ud83c\uddf9 6-3, 6-1<a href=\"https:\/\/twitter.com\/hashtag\/JasminOpen?src=hash&amp;ref_src=twsrc%5Etfw\">#JasminOpen<\/a> <a href=\"https:\/\/twitter.com\/hashtag\/WTA250?src=hash&amp;ref_src=twsrc%5Etfw\">#WTA250<\/a> <a href=\"https:\/\/t.co\/c9OV61U71k\">pic.twitter.com\/c9OV61U71k<\/a><\/p>\n<p>\u2014 First Serve Tennis (@FirstServeTnnis) <a href=\"https:\/\/twitter.com\/FirstServeTnnis\/status\/1715435080074543396?ref_src=twsrc%5Etfw\">October 20, 2023<\/a><\/p><\/blockquote>\n<p><script async src=\"https:\/\/platform.twitter.com\/widgets.js\" charset=\"utf-8\"><\/script><\/p>\n","protected":false},"excerpt":{"rendered":"<p>TOURNOI WTA 250 DE MONASTIR &#8211; Favorite de son quart de finale, Clara Burel n&rsquo;a pas r\u00e9ellement trembl\u00e9 contre Lucrezia Stefanini, et rallie le dernier carr\u00e9.<\/p>\n","protected":false},"author":59,"featured_media":430845,"comment_status":"open","ping_status":"closed","sticky":false,"template":"","format":"standard","meta":{"_acf_changed":false,"_daextam_enable_autolinks":"1","footnotes":""},"categories":[2302],"tags":[16878,3540,26998],"class_list":["post-430828","post","type-post","status-publish","format-standard","has-post-thumbnail","hentry","category-tennis","tag-breve","tag-clara-burel","tag-wta-250-monastir"],"acf":[],"yoast_head":"<!-- This site is optimized with the Yoast SEO Premium plugin v26.7 (Yoast SEO v26.7) - https:\/\/yoast.com\/wordpress\/plugins\/seo\/ -->\n<title>WTA Monastir : Clara Burel passe ais\u00e9ment en demi-finales<\/title>\n<meta name=\"description\" content=\"TOURNOI WTA 250 DE MONASTIR - Favorite de son quart de finale, Clara Burel n&#039;a pas r\u00e9ellement trembl\u00e9 contre Lucrezia Stefanini, et rallie le dernier carr\u00e9.\" \/>\n<meta name=\"robots\" content=\"index, follow, max-snippet:-1, max-image-preview:large, max-video-preview:-1\" \/>\n<link rel=\"canonical\" href=\"https:\/\/dicodusport.fr\/blog\/wta-monastir-clara-burel-passe-aisement-en-demi-finales\/\" \/>\n<meta property=\"og:locale\" content=\"fr_FR\" \/>\n<meta property=\"og:type\" content=\"article\" \/>\n<meta property=\"og:title\" content=\"WTA Monastir : Clara Burel passe ais\u00e9ment en demi-finales\" \/>\n<meta property=\"og:description\" content=\"TOURNOI WTA 250 DE MONASTIR - Favorite de son quart de finale, Clara Burel n&#039;a pas r\u00e9ellement trembl\u00e9 contre Lucrezia Stefanini, et rallie le dernier carr\u00e9.\" \/>\n<meta property=\"og:url\" content=\"https:\/\/dicodusport.fr\/blog\/wta-monastir-clara-burel-passe-aisement-en-demi-finales\/\" \/>\n<meta property=\"og:site_name\" content=\"Dicodusport\" \/>\n<meta property=\"article:publisher\" content=\"https:\/\/www.facebook.com\/dicodusport\" \/>\n<meta property=\"article:author\" content=\"https:\/\/www.facebook.com\/sebastien.gente\/\" \/>\n<meta property=\"article:published_time\" content=\"2023-10-20T18:32:22+00:00\" \/>\n<meta property=\"article:modified_time\" content=\"2023-10-20T18:52:12+00:00\" \/>\n<meta property=\"og:image\" content=\"https:\/\/dicodusport.fr\/blog\/wp-content\/uploads\/2023\/10\/WTA-Monastir-Clara-Burel-passe-aisement-en-demi-finales.png\" \/>\n\t<meta property=\"og:image:width\" content=\"800\" \/>\n\t<meta property=\"og:image:height\" content=\"445\" \/>\n\t<meta property=\"og:image:type\" content=\"image\/png\" \/>\n<meta name=\"author\" content=\"S\u00e9bastien Gente\" \/>\n<meta name=\"twitter:card\" content=\"summary_large_image\" \/>\n<meta name=\"twitter:title\" content=\"WTA Monastir : Clara Burel passe ais\u00e9ment en demi-finales\" \/>\n<meta name=\"twitter:creator\" content=\"@https:\/\/twitter.com\/globulo24\" \/>\n<meta name=\"twitter:site\" content=\"@dicodusport\" \/>\n<script type=\"application\/ld+json\" class=\"yoast-schema-graph\">{\"@context\":\"https:\/\/schema.org\",\"@graph\":[{\"@type\":\"NewsArticle\",\"@id\":\"https:\/\/dicodusport.fr\/blog\/wta-monastir-clara-burel-passe-aisement-en-demi-finales\/#article\",\"isPartOf\":{\"@id\":\"https:\/\/dicodusport.fr\/blog\/wta-monastir-clara-burel-passe-aisement-en-demi-finales\/\"},\"author\":{\"name\":\"S\u00e9bastien Gente\",\"@id\":\"https:\/\/dicodusport.fr\/blog\/#\/schema\/person\/627966a6cde45dbd8c5e36ac85d783da\"},\"headline\":\"WTA Monastir : Clara Burel passe ais\u00e9ment en demi-finales\",\"datePublished\":\"2023-10-20T18:32:22+00:00\",\"dateModified\":\"2023-10-20T18:52:12+00:00\",\"mainEntityOfPage\":{\"@id\":\"https:\/\/dicodusport.fr\/blog\/wta-monastir-clara-burel-passe-aisement-en-demi-finales\/\"},\"wordCount\":253,\"commentCount\":0,\"publisher\":{\"@id\":\"https:\/\/dicodusport.fr\/blog\/#organization\"},\"image\":{\"@id\":\"https:\/\/dicodusport.fr\/blog\/wta-monastir-clara-burel-passe-aisement-en-demi-finales\/#primaryimage\"},\"thumbnailUrl\":\"https:\/\/dicodusport.fr\/blog\/wp-content\/uploads\/2023\/10\/WTA-Monastir-Clara-Burel-passe-aisement-en-demi-finales.png\",\"keywords\":[\"br\u00e8ve\",\"Clara Burel\",\"WTA 250 Monastir\"],\"articleSection\":[\"Tennis\"],\"inLanguage\":\"fr-FR\",\"potentialAction\":[{\"@type\":\"CommentAction\",\"name\":\"Comment\",\"target\":[\"https:\/\/dicodusport.fr\/blog\/wta-monastir-clara-burel-passe-aisement-en-demi-finales\/#respond\"]}],\"copyrightYear\":\"2023\",\"copyrightHolder\":{\"@id\":\"https:\/\/dicodusport.fr\/blog\/#organization\"}},{\"@type\":\"WebPage\",\"@id\":\"https:\/\/dicodusport.fr\/blog\/wta-monastir-clara-burel-passe-aisement-en-demi-finales\/\",\"url\":\"https:\/\/dicodusport.fr\/blog\/wta-monastir-clara-burel-passe-aisement-en-demi-finales\/\",\"name\":\"WTA Monastir : Clara Burel passe ais\u00e9ment en demi-finales\",\"isPartOf\":{\"@id\":\"https:\/\/dicodusport.fr\/blog\/#website\"},\"primaryImageOfPage\":{\"@id\":\"https:\/\/dicodusport.fr\/blog\/wta-monastir-clara-burel-passe-aisement-en-demi-finales\/#primaryimage\"},\"image\":{\"@id\":\"https:\/\/dicodusport.fr\/blog\/wta-monastir-clara-burel-passe-aisement-en-demi-finales\/#primaryimage\"},\"thumbnailUrl\":\"https:\/\/dicodusport.fr\/blog\/wp-content\/uploads\/2023\/10\/WTA-Monastir-Clara-Burel-passe-aisement-en-demi-finales.png\",\"datePublished\":\"2023-10-20T18:32:22+00:00\",\"dateModified\":\"2023-10-20T18:52:12+00:00\",\"description\":\"TOURNOI WTA 250 DE MONASTIR - Favorite de son quart de finale, Clara Burel n'a pas r\u00e9ellement trembl\u00e9 contre Lucrezia Stefanini, et rallie le dernier carr\u00e9.\",\"breadcrumb\":{\"@id\":\"https:\/\/dicodusport.fr\/blog\/wta-monastir-clara-burel-passe-aisement-en-demi-finales\/#breadcrumb\"},\"inLanguage\":\"fr-FR\",\"potentialAction\":[{\"@type\":\"ReadAction\",\"target\":[\"https:\/\/dicodusport.fr\/blog\/wta-monastir-clara-burel-passe-aisement-en-demi-finales\/\"]}]},{\"@type\":\"ImageObject\",\"inLanguage\":\"fr-FR\",\"@id\":\"https:\/\/dicodusport.fr\/blog\/wta-monastir-clara-burel-passe-aisement-en-demi-finales\/#primaryimage\",\"url\":\"https:\/\/dicodusport.fr\/blog\/wp-content\/uploads\/2023\/10\/WTA-Monastir-Clara-Burel-passe-aisement-en-demi-finales.png\",\"contentUrl\":\"https:\/\/dicodusport.fr\/blog\/wp-content\/uploads\/2023\/10\/WTA-Monastir-Clara-Burel-passe-aisement-en-demi-finales.png\",\"width\":800,\"height\":445,\"caption\":\"WTA Monastir Clara Burel passe ais\u00e9ment en demi-finales\"},{\"@type\":\"BreadcrumbList\",\"@id\":\"https:\/\/dicodusport.fr\/blog\/wta-monastir-clara-burel-passe-aisement-en-demi-finales\/#breadcrumb\",\"itemListElement\":[{\"@type\":\"ListItem\",\"position\":1,\"name\":\"Accueil\",\"item\":\"https:\/\/dicodusport.fr\/blog\/\"},{\"@type\":\"ListItem\",\"position\":2,\"name\":\"WTA Monastir : Clara Burel passe ais\u00e9ment en demi-finales\"}]},{\"@type\":\"WebSite\",\"@id\":\"https:\/\/dicodusport.fr\/blog\/#website\",\"url\":\"https:\/\/dicodusport.fr\/blog\/\",\"name\":\"Dicodusport\",\"description\":\"L&#039;encyclop\u00e9die de l&#039;actualit\u00e9 sportive\",\"publisher\":{\"@id\":\"https:\/\/dicodusport.fr\/blog\/#organization\"},\"potentialAction\":[{\"@type\":\"SearchAction\",\"target\":{\"@type\":\"EntryPoint\",\"urlTemplate\":\"https:\/\/dicodusport.fr\/blog\/?s={search_term_string}\"},\"query-input\":{\"@type\":\"PropertyValueSpecification\",\"valueRequired\":true,\"valueName\":\"search_term_string\"}}],\"inLanguage\":\"fr-FR\"},{\"@type\":\"NewsMediaOrganization\",\"@id\":\"https:\/\/dicodusport.fr\/blog\/#organization\",\"name\":\"Dicodusport\",\"url\":\"https:\/\/dicodusport.fr\/blog\/\",\"logo\":{\"@type\":\"ImageObject\",\"inLanguage\":\"fr-FR\",\"@id\":\"https:\/\/dicodusport.fr\/blog\/#\/schema\/logo\/image\/\",\"url\":\"https:\/\/dicodusport.fr\/blog\/wp-content\/uploads\/2020\/06\/cropped-LOGO-DICODUSPORT-2020-SANS-FOND-SANS-TEXTE.png\",\"contentUrl\":\"https:\/\/dicodusport.fr\/blog\/wp-content\/uploads\/2020\/06\/cropped-LOGO-DICODUSPORT-2020-SANS-FOND-SANS-TEXTE.png\",\"width\":512,\"height\":512,\"caption\":\"Dicodusport\"},\"image\":{\"@id\":\"https:\/\/dicodusport.fr\/blog\/#\/schema\/logo\/image\/\"},\"sameAs\":[\"https:\/\/www.facebook.com\/dicodusport\",\"https:\/\/x.com\/dicodusport\",\"https:\/\/www.instagram.com\/dicodusport\/\",\"https:\/\/www.youtube.com\/channel\/UC7V2KZ5sd3htJivAbA4ZG3w\"],\"description\":\"Dicodusport est l'encyclop\u00e9die de l'actualit\u00e9 sportive.\",\"email\":\"bonjour@dicodusport.fr\",\"legalName\":\"DICODUSPORT\",\"foundingDate\":\"2018-01-14\",\"vatID\":\"FR71834470973\",\"taxID\":\"83447097300043\",\"numberOfEmployees\":{\"@type\":\"QuantitativeValue\",\"minValue\":\"1\",\"maxValue\":\"10\"}},{\"@type\":\"Person\",\"@id\":\"https:\/\/dicodusport.fr\/blog\/#\/schema\/person\/627966a6cde45dbd8c5e36ac85d783da\",\"name\":\"S\u00e9bastien Gente\",\"image\":{\"@type\":\"ImageObject\",\"inLanguage\":\"fr-FR\",\"@id\":\"https:\/\/dicodusport.fr\/blog\/#\/schema\/person\/image\/\",\"url\":\"https:\/\/dicodusport.fr\/blog\/wp-content\/uploads\/2021\/09\/1510990_10205810251400683_4124423575079401707_n-150x150.jpg\",\"contentUrl\":\"https:\/\/dicodusport.fr\/blog\/wp-content\/uploads\/2021\/09\/1510990_10205810251400683_4124423575079401707_n-150x150.jpg\",\"caption\":\"S\u00e9bastien Gente\"},\"description\":\"John Stockton, Gianni Bugno, Zinedine Zidane, Steffi Graf, Frode Andresen, St\u00e9phane Stoecklin, Davis Kamoga, Primoz Peterka, Werner Schlager et Aur\u00e9lien Rougerie. Point commun entre ces sportifs? Ils m'ont fait r\u00eaver et ont berc\u00e9 mon adolescence. Je suis un fondu de sports et j'essaie de retranscrire ma passion \u00e0 travers mes articles. Originaire du P\u00e9rigord, ma passion pour les Girondins, les Jaunards et les Jazzmen transpire dans mes \u00e9crits. \u00c0 Dicodusport depuis 2021, je d\u00e9niche les sports m\u00e9connus dans lesquels la France brille, et il y en a !\",\"sameAs\":[\"https:\/\/www.facebook.com\/sebastien.gente\/\",\"https:\/\/www.instagram.com\/sebgente\/\",\"https:\/\/www.linkedin.com\/in\/sbastien-gente-a29583169\/\",\"https:\/\/x.com\/https:\/\/twitter.com\/globulo24\",\"SebastienGente\"],\"worksFor\":\"S\u00e9bastien GENTE\",\"url\":\"https:\/\/dicodusport.fr\/blog\/author\/sebastiengente\/\"}]}<\/script>\n<!-- \/ Yoast SEO Premium plugin. -->","yoast_head_json":{"title":"WTA Monastir : Clara Burel passe ais\u00e9ment en demi-finales","description":"TOURNOI WTA 250 DE MONASTIR - Favorite de son quart de finale, Clara Burel n'a pas r\u00e9ellement trembl\u00e9 contre Lucrezia Stefanini, et rallie le dernier carr\u00e9.","robots":{"index":"index","follow":"follow","max-snippet":"max-snippet:-1","max-image-preview":"max-image-preview:large","max-video-preview":"max-video-preview:-1"},"canonical":"https:\/\/dicodusport.fr\/blog\/wta-monastir-clara-burel-passe-aisement-en-demi-finales\/","og_locale":"fr_FR","og_type":"article","og_title":"WTA Monastir : Clara Burel passe ais\u00e9ment en demi-finales","og_description":"TOURNOI WTA 250 DE MONASTIR - Favorite de son quart de finale, Clara Burel n'a pas r\u00e9ellement trembl\u00e9 contre Lucrezia Stefanini, et rallie le dernier carr\u00e9.","og_url":"https:\/\/dicodusport.fr\/blog\/wta-monastir-clara-burel-passe-aisement-en-demi-finales\/","og_site_name":"Dicodusport","article_publisher":"https:\/\/www.facebook.com\/dicodusport","article_author":"https:\/\/www.facebook.com\/sebastien.gente\/","article_published_time":"2023-10-20T18:32:22+00:00","article_modified_time":"2023-10-20T18:52:12+00:00","og_image":[{"width":800,"height":445,"url":"https:\/\/dicodusport.fr\/blog\/wp-content\/uploads\/2023\/10\/WTA-Monastir-Clara-Burel-passe-aisement-en-demi-finales.png","type":"image\/png"}],"author":"S\u00e9bastien Gente","twitter_card":"summary_large_image","twitter_title":"WTA Monastir : Clara Burel passe ais\u00e9ment en demi-finales","twitter_creator":"@https:\/\/twitter.com\/globulo24","twitter_site":"@dicodusport","schema":{"@context":"https:\/\/schema.org","@graph":[{"@type":"NewsArticle","@id":"https:\/\/dicodusport.fr\/blog\/wta-monastir-clara-burel-passe-aisement-en-demi-finales\/#article","isPartOf":{"@id":"https:\/\/dicodusport.fr\/blog\/wta-monastir-clara-burel-passe-aisement-en-demi-finales\/"},"author":{"name":"S\u00e9bastien Gente","@id":"https:\/\/dicodusport.fr\/blog\/#\/schema\/person\/627966a6cde45dbd8c5e36ac85d783da"},"headline":"WTA Monastir : Clara Burel passe ais\u00e9ment en demi-finales","datePublished":"2023-10-20T18:32:22+00:00","dateModified":"2023-10-20T18:52:12+00:00","mainEntityOfPage":{"@id":"https:\/\/dicodusport.fr\/blog\/wta-monastir-clara-burel-passe-aisement-en-demi-finales\/"},"wordCount":253,"commentCount":0,"publisher":{"@id":"https:\/\/dicodusport.fr\/blog\/#organization"},"image":{"@id":"https:\/\/dicodusport.fr\/blog\/wta-monastir-clara-burel-passe-aisement-en-demi-finales\/#primaryimage"},"thumbnailUrl":"https:\/\/dicodusport.fr\/blog\/wp-content\/uploads\/2023\/10\/WTA-Monastir-Clara-Burel-passe-aisement-en-demi-finales.png","keywords":["br\u00e8ve","Clara Burel","WTA 250 Monastir"],"articleSection":["Tennis"],"inLanguage":"fr-FR","potentialAction":[{"@type":"CommentAction","name":"Comment","target":["https:\/\/dicodusport.fr\/blog\/wta-monastir-clara-burel-passe-aisement-en-demi-finales\/#respond"]}],"copyrightYear":"2023","copyrightHolder":{"@id":"https:\/\/dicodusport.fr\/blog\/#organization"}},{"@type":"WebPage","@id":"https:\/\/dicodusport.fr\/blog\/wta-monastir-clara-burel-passe-aisement-en-demi-finales\/","url":"https:\/\/dicodusport.fr\/blog\/wta-monastir-clara-burel-passe-aisement-en-demi-finales\/","name":"WTA Monastir : Clara Burel passe ais\u00e9ment en demi-finales","isPartOf":{"@id":"https:\/\/dicodusport.fr\/blog\/#website"},"primaryImageOfPage":{"@id":"https:\/\/dicodusport.fr\/blog\/wta-monastir-clara-burel-passe-aisement-en-demi-finales\/#primaryimage"},"image":{"@id":"https:\/\/dicodusport.fr\/blog\/wta-monastir-clara-burel-passe-aisement-en-demi-finales\/#primaryimage"},"thumbnailUrl":"https:\/\/dicodusport.fr\/blog\/wp-content\/uploads\/2023\/10\/WTA-Monastir-Clara-Burel-passe-aisement-en-demi-finales.png","datePublished":"2023-10-20T18:32:22+00:00","dateModified":"2023-10-20T18:52:12+00:00","description":"TOURNOI WTA 250 DE MONASTIR - Favorite de son quart de finale, Clara Burel n'a pas r\u00e9ellement trembl\u00e9 contre Lucrezia Stefanini, et rallie le dernier carr\u00e9.","breadcrumb":{"@id":"https:\/\/dicodusport.fr\/blog\/wta-monastir-clara-burel-passe-aisement-en-demi-finales\/#breadcrumb"},"inLanguage":"fr-FR","potentialAction":[{"@type":"ReadAction","target":["https:\/\/dicodusport.fr\/blog\/wta-monastir-clara-burel-passe-aisement-en-demi-finales\/"]}]},{"@type":"ImageObject","inLanguage":"fr-FR","@id":"https:\/\/dicodusport.fr\/blog\/wta-monastir-clara-burel-passe-aisement-en-demi-finales\/#primaryimage","url":"https:\/\/dicodusport.fr\/blog\/wp-content\/uploads\/2023\/10\/WTA-Monastir-Clara-Burel-passe-aisement-en-demi-finales.png","contentUrl":"https:\/\/dicodusport.fr\/blog\/wp-content\/uploads\/2023\/10\/WTA-Monastir-Clara-Burel-passe-aisement-en-demi-finales.png","width":800,"height":445,"caption":"WTA Monastir Clara Burel passe ais\u00e9ment en demi-finales"},{"@type":"BreadcrumbList","@id":"https:\/\/dicodusport.fr\/blog\/wta-monastir-clara-burel-passe-aisement-en-demi-finales\/#breadcrumb","itemListElement":[{"@type":"ListItem","position":1,"name":"Accueil","item":"https:\/\/dicodusport.fr\/blog\/"},{"@type":"ListItem","position":2,"name":"WTA Monastir : Clara Burel passe ais\u00e9ment en demi-finales"}]},{"@type":"WebSite","@id":"https:\/\/dicodusport.fr\/blog\/#website","url":"https:\/\/dicodusport.fr\/blog\/","name":"Dicodusport","description":"L&#039;encyclop\u00e9die de l&#039;actualit\u00e9 sportive","publisher":{"@id":"https:\/\/dicodusport.fr\/blog\/#organization"},"potentialAction":[{"@type":"SearchAction","target":{"@type":"EntryPoint","urlTemplate":"https:\/\/dicodusport.fr\/blog\/?s={search_term_string}"},"query-input":{"@type":"PropertyValueSpecification","valueRequired":true,"valueName":"search_term_string"}}],"inLanguage":"fr-FR"},{"@type":"NewsMediaOrganization","@id":"https:\/\/dicodusport.fr\/blog\/#organization","name":"Dicodusport","url":"https:\/\/dicodusport.fr\/blog\/","logo":{"@type":"ImageObject","inLanguage":"fr-FR","@id":"https:\/\/dicodusport.fr\/blog\/#\/schema\/logo\/image\/","url":"https:\/\/dicodusport.fr\/blog\/wp-content\/uploads\/2020\/06\/cropped-LOGO-DICODUSPORT-2020-SANS-FOND-SANS-TEXTE.png","contentUrl":"https:\/\/dicodusport.fr\/blog\/wp-content\/uploads\/2020\/06\/cropped-LOGO-DICODUSPORT-2020-SANS-FOND-SANS-TEXTE.png","width":512,"height":512,"caption":"Dicodusport"},"image":{"@id":"https:\/\/dicodusport.fr\/blog\/#\/schema\/logo\/image\/"},"sameAs":["https:\/\/www.facebook.com\/dicodusport","https:\/\/x.com\/dicodusport","https:\/\/www.instagram.com\/dicodusport\/","https:\/\/www.youtube.com\/channel\/UC7V2KZ5sd3htJivAbA4ZG3w"],"description":"Dicodusport est l'encyclop\u00e9die de l'actualit\u00e9 sportive.","email":"bonjour@dicodusport.fr","legalName":"DICODUSPORT","foundingDate":"2018-01-14","vatID":"FR71834470973","taxID":"83447097300043","numberOfEmployees":{"@type":"QuantitativeValue","minValue":"1","maxValue":"10"}},{"@type":"Person","@id":"https:\/\/dicodusport.fr\/blog\/#\/schema\/person\/627966a6cde45dbd8c5e36ac85d783da","name":"S\u00e9bastien Gente","image":{"@type":"ImageObject","inLanguage":"fr-FR","@id":"https:\/\/dicodusport.fr\/blog\/#\/schema\/person\/image\/","url":"https:\/\/dicodusport.fr\/blog\/wp-content\/uploads\/2021\/09\/1510990_10205810251400683_4124423575079401707_n-150x150.jpg","contentUrl":"https:\/\/dicodusport.fr\/blog\/wp-content\/uploads\/2021\/09\/1510990_10205810251400683_4124423575079401707_n-150x150.jpg","caption":"S\u00e9bastien Gente"},"description":"John Stockton, Gianni Bugno, Zinedine Zidane, Steffi Graf, Frode Andresen, St\u00e9phane Stoecklin, Davis Kamoga, Primoz Peterka, Werner Schlager et Aur\u00e9lien Rougerie. Point commun entre ces sportifs? Ils m'ont fait r\u00eaver et ont berc\u00e9 mon adolescence. Je suis un fondu de sports et j'essaie de retranscrire ma passion \u00e0 travers mes articles. Originaire du P\u00e9rigord, ma passion pour les Girondins, les Jaunards et les Jazzmen transpire dans mes \u00e9crits. \u00c0 Dicodusport depuis 2021, je d\u00e9niche les sports m\u00e9connus dans lesquels la France brille, et il y en a !","sameAs":["https:\/\/www.facebook.com\/sebastien.gente\/","https:\/\/www.instagram.com\/sebgente\/","https:\/\/www.linkedin.com\/in\/sbastien-gente-a29583169\/","https:\/\/x.com\/https:\/\/twitter.com\/globulo24","SebastienGente"],"worksFor":"S\u00e9bastien GENTE","url":"https:\/\/dicodusport.fr\/blog\/author\/sebastiengente\/"}]}},"_links":{"self":[{"href":"https:\/\/dicodusport.fr\/blog\/wp-json\/wp\/v2\/posts\/430828","targetHints":{"allow":["GET"]}}],"collection":[{"href":"https:\/\/dicodusport.fr\/blog\/wp-json\/wp\/v2\/posts"}],"about":[{"href":"https:\/\/dicodusport.fr\/blog\/wp-json\/wp\/v2\/types\/post"}],"author":[{"embeddable":true,"href":"https:\/\/dicodusport.fr\/blog\/wp-json\/wp\/v2\/users\/59"}],"replies":[{"embeddable":true,"href":"https:\/\/dicodusport.fr\/blog\/wp-json\/wp\/v2\/comments?post=430828"}],"version-history":[{"count":0,"href":"https:\/\/dicodusport.fr\/blog\/wp-json\/wp\/v2\/posts\/430828\/revisions"}],"wp:featuredmedia":[{"embeddable":true,"href":"https:\/\/dicodusport.fr\/blog\/wp-json\/wp\/v2\/media\/430845"}],"wp:attachment":[{"href":"https:\/\/dicodusport.fr\/blog\/wp-json\/wp\/v2\/media?parent=430828"}],"wp:term":[{"taxonomy":"category","embeddable":true,"href":"https:\/\/dicodusport.fr\/blog\/wp-json\/wp\/v2\/categories?post=430828"},{"taxonomy":"post_tag","embeddable":true,"href":"https:\/\/dicodusport.fr\/blog\/wp-json\/wp\/v2\/tags?post=430828"}],"curies":[{"name":"wp","href":"https:\/\/api.w.org\/{rel}","templated":true}]}}