{"id":431110,"date":"2023-10-21T19:14:34","date_gmt":"2023-10-21T17:14:34","guid":{"rendered":"https:\/\/dicodusport.fr\/blog\/?p=431110&#038;preview=true&#038;preview_id=431110"},"modified":"2023-10-21T19:23:27","modified_gmt":"2023-10-21T17:23:27","slug":"wta-monastir-clara-burel-stoppee-en-demi-finales-par-elise-mertens","status":"publish","type":"post","link":"https:\/\/dicodusport.fr\/blog\/wta-monastir-clara-burel-stoppee-en-demi-finales-par-elise-mertens\/","title":{"rendered":"WTA Monastir : Clara Burel stopp\u00e9e en demi-finales par Elise Mertens"},"content":{"rendered":"<p style=\"text-align: justify;\"><strong><em><a href=\"https:\/\/dicodusport.fr\/blog\/wta-250-le-tableau-du-tournoi-de-monastir-2023\/\">TOURNOI WTA 250 DE MONASTIR<\/a> &#8211; Pas de miracle pour Clara Burel, qui a logiquement rendu les armes contre Elise Mertens en demi-finales.\u00a0<\/em><\/strong><\/p>\n<p style=\"text-align: justify;\">Apr\u00e8s <a href=\"https:\/\/dicodusport.fr\/blog\/wta-monastir-clara-burel-passe-aisement-en-demi-finales\/\">une belle semaine en Tunisie<\/a>, <strong>Clara Burel<\/strong> s&rsquo;appr\u00eatait \u00e0 disputer sa quatri\u00e8me demi-finale sur le circuit WTA, nantie d&rsquo;un bilan pr\u00e9alable positif (2-1). Toutefois, la partie s&rsquo;annon\u00e7ait compliqu\u00e9e aujourd&rsquo;hui, puisqu&rsquo;elle affrontait une joueuse exp\u00e9riment\u00e9e, <strong>Elise Mertens<\/strong>. La Belge est une ancienne n\u00b012 mondiale \u00e0 son meilleur, et de plus, la tenante du titre de ce tournoi.<\/p>\n<p style=\"text-align: justify;\">Une exp\u00e9rience qu&rsquo;elle met \u00e0 profit en d\u00e9but de partie, sauvant trois balles de break dans le premier jeu avant de breaker dans la foul\u00e9e, au m\u00e9tier. La Belge d\u00e9roule, et prend le contr\u00f4le de la partie rapidement, pour ne jamais le l\u00e2cher. <strong>Clara Burel<\/strong> n&rsquo;est pas ridicule, livre quelques belles acc\u00e9l\u00e9rations, mais manque clairement de constance pour remporter un match de ce type. Au final, une d\u00e9faite logique <strong>6-2, 6-1<\/strong> mais des motifs d&rsquo;espoir pour la Tricolore, qui doit encore gagner en r\u00e9gularit\u00e9 toutefois.<\/p>\n<blockquote class=\"twitter-tweet\">\n<p dir=\"ltr\" lang=\"en\">Monastir Mertens \ud83c\udfbe<\/p>\n<p>9\ufe0f\u20e3 straight wins in Monastir for defending champion <a href=\"https:\/\/twitter.com\/elise_mertens?ref_src=twsrc%5Etfw\">@elise_mertens<\/a> as she powers past Burel 6-2, 6-1 to reach the final.<a href=\"https:\/\/twitter.com\/hashtag\/JasminOpen?src=hash&amp;ref_src=twsrc%5Etfw\">#JasminOpen<\/a> <a href=\"https:\/\/t.co\/2zNPoyOJDK\">pic.twitter.com\/2zNPoyOJDK<\/a><\/p>\n<p>\u2014 wta (@WTA) <a href=\"https:\/\/twitter.com\/WTA\/status\/1715779430809845798?ref_src=twsrc%5Etfw\">October 21, 2023<\/a><\/p><\/blockquote>\n<p><script async src=\"https:\/\/platform.twitter.com\/widgets.js\" charset=\"utf-8\"><\/script><\/p>\n","protected":false},"excerpt":{"rendered":"<p>TOURNOI WTA 250 DE MONASTIR &#8211; Pas de miracle pour Clara Burel, qui a logiquement rendu les armes contre Elise Mertens en demi-finales.\u00a0<\/p>\n","protected":false},"author":59,"featured_media":431139,"comment_status":"open","ping_status":"closed","sticky":false,"template":"","format":"standard","meta":{"_acf_changed":false,"_daextam_enable_autolinks":"1","footnotes":""},"categories":[2302],"tags":[16878,3540,26998],"class_list":["post-431110","post","type-post","status-publish","format-standard","has-post-thumbnail","hentry","category-tennis","tag-breve","tag-clara-burel","tag-wta-250-monastir"],"acf":[],"yoast_head":"<!-- This site is optimized with the Yoast SEO Premium plugin v26.7 (Yoast SEO v26.7) - https:\/\/yoast.com\/wordpress\/plugins\/seo\/ -->\n<title>WTA Monastir : Clara Burel stopp\u00e9e en demi-finales par Elise Mertens<\/title>\n<meta name=\"description\" content=\"TOURNOI WTA 250 DE MONASTIR - Pas de miracle pour Clara Burel, qui a logiquement rendu les armes contre Elise Mertens en demi-finales.\u00a0\" \/>\n<meta name=\"robots\" content=\"index, follow, max-snippet:-1, max-image-preview:large, max-video-preview:-1\" \/>\n<link rel=\"canonical\" href=\"https:\/\/dicodusport.fr\/blog\/wta-monastir-clara-burel-stoppee-en-demi-finales-par-elise-mertens\/\" \/>\n<meta property=\"og:locale\" content=\"fr_FR\" \/>\n<meta property=\"og:type\" content=\"article\" \/>\n<meta property=\"og:title\" content=\"WTA Monastir : Clara Burel stopp\u00e9e en demi-finales par Elise Mertens\" \/>\n<meta property=\"og:description\" content=\"TOURNOI WTA 250 DE MONASTIR - Pas de miracle pour Clara Burel, qui a logiquement rendu les armes contre Elise Mertens en demi-finales.\u00a0\" \/>\n<meta property=\"og:url\" content=\"https:\/\/dicodusport.fr\/blog\/wta-monastir-clara-burel-stoppee-en-demi-finales-par-elise-mertens\/\" \/>\n<meta property=\"og:site_name\" content=\"Dicodusport\" \/>\n<meta property=\"article:publisher\" content=\"https:\/\/www.facebook.com\/dicodusport\" \/>\n<meta property=\"article:author\" content=\"https:\/\/www.facebook.com\/sebastien.gente\/\" \/>\n<meta property=\"article:published_time\" content=\"2023-10-21T17:14:34+00:00\" \/>\n<meta property=\"article:modified_time\" content=\"2023-10-21T17:23:27+00:00\" \/>\n<meta property=\"og:image\" content=\"https:\/\/dicodusport.fr\/blog\/wp-content\/uploads\/2023\/10\/WTA-Monastir-Clara-Burel-stoppee-en-demi-finales-par-Elise-Mertens.png\" \/>\n\t<meta property=\"og:image:width\" content=\"800\" \/>\n\t<meta property=\"og:image:height\" content=\"445\" \/>\n\t<meta property=\"og:image:type\" content=\"image\/png\" \/>\n<meta name=\"author\" content=\"S\u00e9bastien Gente\" \/>\n<meta name=\"twitter:card\" content=\"summary_large_image\" \/>\n<meta name=\"twitter:title\" content=\"WTA Monastir : Clara Burel stopp\u00e9e en demi-finales par Elise Mertens\" \/>\n<meta name=\"twitter:creator\" content=\"@https:\/\/twitter.com\/globulo24\" \/>\n<meta name=\"twitter:site\" content=\"@dicodusport\" \/>\n<script type=\"application\/ld+json\" class=\"yoast-schema-graph\">{\"@context\":\"https:\/\/schema.org\",\"@graph\":[{\"@type\":\"NewsArticle\",\"@id\":\"https:\/\/dicodusport.fr\/blog\/wta-monastir-clara-burel-stoppee-en-demi-finales-par-elise-mertens\/#article\",\"isPartOf\":{\"@id\":\"https:\/\/dicodusport.fr\/blog\/wta-monastir-clara-burel-stoppee-en-demi-finales-par-elise-mertens\/\"},\"author\":{\"name\":\"S\u00e9bastien Gente\",\"@id\":\"https:\/\/dicodusport.fr\/blog\/#\/schema\/person\/627966a6cde45dbd8c5e36ac85d783da\"},\"headline\":\"WTA Monastir : Clara Burel stopp\u00e9e en demi-finales par Elise Mertens\",\"datePublished\":\"2023-10-21T17:14:34+00:00\",\"dateModified\":\"2023-10-21T17:23:27+00:00\",\"mainEntityOfPage\":{\"@id\":\"https:\/\/dicodusport.fr\/blog\/wta-monastir-clara-burel-stoppee-en-demi-finales-par-elise-mertens\/\"},\"wordCount\":229,\"commentCount\":0,\"publisher\":{\"@id\":\"https:\/\/dicodusport.fr\/blog\/#organization\"},\"image\":{\"@id\":\"https:\/\/dicodusport.fr\/blog\/wta-monastir-clara-burel-stoppee-en-demi-finales-par-elise-mertens\/#primaryimage\"},\"thumbnailUrl\":\"https:\/\/dicodusport.fr\/blog\/wp-content\/uploads\/2023\/10\/WTA-Monastir-Clara-Burel-stoppee-en-demi-finales-par-Elise-Mertens.png\",\"keywords\":[\"br\u00e8ve\",\"Clara Burel\",\"WTA 250 Monastir\"],\"articleSection\":[\"Tennis\"],\"inLanguage\":\"fr-FR\",\"potentialAction\":[{\"@type\":\"CommentAction\",\"name\":\"Comment\",\"target\":[\"https:\/\/dicodusport.fr\/blog\/wta-monastir-clara-burel-stoppee-en-demi-finales-par-elise-mertens\/#respond\"]}],\"copyrightYear\":\"2023\",\"copyrightHolder\":{\"@id\":\"https:\/\/dicodusport.fr\/blog\/#organization\"}},{\"@type\":\"WebPage\",\"@id\":\"https:\/\/dicodusport.fr\/blog\/wta-monastir-clara-burel-stoppee-en-demi-finales-par-elise-mertens\/\",\"url\":\"https:\/\/dicodusport.fr\/blog\/wta-monastir-clara-burel-stoppee-en-demi-finales-par-elise-mertens\/\",\"name\":\"WTA Monastir : Clara Burel stopp\u00e9e en demi-finales par Elise Mertens\",\"isPartOf\":{\"@id\":\"https:\/\/dicodusport.fr\/blog\/#website\"},\"primaryImageOfPage\":{\"@id\":\"https:\/\/dicodusport.fr\/blog\/wta-monastir-clara-burel-stoppee-en-demi-finales-par-elise-mertens\/#primaryimage\"},\"image\":{\"@id\":\"https:\/\/dicodusport.fr\/blog\/wta-monastir-clara-burel-stoppee-en-demi-finales-par-elise-mertens\/#primaryimage\"},\"thumbnailUrl\":\"https:\/\/dicodusport.fr\/blog\/wp-content\/uploads\/2023\/10\/WTA-Monastir-Clara-Burel-stoppee-en-demi-finales-par-Elise-Mertens.png\",\"datePublished\":\"2023-10-21T17:14:34+00:00\",\"dateModified\":\"2023-10-21T17:23:27+00:00\",\"description\":\"TOURNOI WTA 250 DE MONASTIR - Pas de miracle pour Clara Burel, qui a logiquement rendu les armes contre Elise Mertens en demi-finales.\u00a0\",\"breadcrumb\":{\"@id\":\"https:\/\/dicodusport.fr\/blog\/wta-monastir-clara-burel-stoppee-en-demi-finales-par-elise-mertens\/#breadcrumb\"},\"inLanguage\":\"fr-FR\",\"potentialAction\":[{\"@type\":\"ReadAction\",\"target\":[\"https:\/\/dicodusport.fr\/blog\/wta-monastir-clara-burel-stoppee-en-demi-finales-par-elise-mertens\/\"]}]},{\"@type\":\"ImageObject\",\"inLanguage\":\"fr-FR\",\"@id\":\"https:\/\/dicodusport.fr\/blog\/wta-monastir-clara-burel-stoppee-en-demi-finales-par-elise-mertens\/#primaryimage\",\"url\":\"https:\/\/dicodusport.fr\/blog\/wp-content\/uploads\/2023\/10\/WTA-Monastir-Clara-Burel-stoppee-en-demi-finales-par-Elise-Mertens.png\",\"contentUrl\":\"https:\/\/dicodusport.fr\/blog\/wp-content\/uploads\/2023\/10\/WTA-Monastir-Clara-Burel-stoppee-en-demi-finales-par-Elise-Mertens.png\",\"width\":800,\"height\":445,\"caption\":\"WTA Monastir Clara Burel stopp\u00e9e en demi-finales par Elise Mertens\"},{\"@type\":\"BreadcrumbList\",\"@id\":\"https:\/\/dicodusport.fr\/blog\/wta-monastir-clara-burel-stoppee-en-demi-finales-par-elise-mertens\/#breadcrumb\",\"itemListElement\":[{\"@type\":\"ListItem\",\"position\":1,\"name\":\"Accueil\",\"item\":\"https:\/\/dicodusport.fr\/blog\/\"},{\"@type\":\"ListItem\",\"position\":2,\"name\":\"WTA Monastir : Clara Burel stopp\u00e9e en demi-finales par Elise Mertens\"}]},{\"@type\":\"WebSite\",\"@id\":\"https:\/\/dicodusport.fr\/blog\/#website\",\"url\":\"https:\/\/dicodusport.fr\/blog\/\",\"name\":\"Dicodusport\",\"description\":\"L&#039;encyclop\u00e9die de l&#039;actualit\u00e9 sportive\",\"publisher\":{\"@id\":\"https:\/\/dicodusport.fr\/blog\/#organization\"},\"potentialAction\":[{\"@type\":\"SearchAction\",\"target\":{\"@type\":\"EntryPoint\",\"urlTemplate\":\"https:\/\/dicodusport.fr\/blog\/?s={search_term_string}\"},\"query-input\":{\"@type\":\"PropertyValueSpecification\",\"valueRequired\":true,\"valueName\":\"search_term_string\"}}],\"inLanguage\":\"fr-FR\"},{\"@type\":\"NewsMediaOrganization\",\"@id\":\"https:\/\/dicodusport.fr\/blog\/#organization\",\"name\":\"Dicodusport\",\"url\":\"https:\/\/dicodusport.fr\/blog\/\",\"logo\":{\"@type\":\"ImageObject\",\"inLanguage\":\"fr-FR\",\"@id\":\"https:\/\/dicodusport.fr\/blog\/#\/schema\/logo\/image\/\",\"url\":\"https:\/\/dicodusport.fr\/blog\/wp-content\/uploads\/2020\/06\/cropped-LOGO-DICODUSPORT-2020-SANS-FOND-SANS-TEXTE.png\",\"contentUrl\":\"https:\/\/dicodusport.fr\/blog\/wp-content\/uploads\/2020\/06\/cropped-LOGO-DICODUSPORT-2020-SANS-FOND-SANS-TEXTE.png\",\"width\":512,\"height\":512,\"caption\":\"Dicodusport\"},\"image\":{\"@id\":\"https:\/\/dicodusport.fr\/blog\/#\/schema\/logo\/image\/\"},\"sameAs\":[\"https:\/\/www.facebook.com\/dicodusport\",\"https:\/\/x.com\/dicodusport\",\"https:\/\/www.instagram.com\/dicodusport\/\",\"https:\/\/www.youtube.com\/channel\/UC7V2KZ5sd3htJivAbA4ZG3w\"],\"description\":\"Dicodusport est l'encyclop\u00e9die de l'actualit\u00e9 sportive.\",\"email\":\"bonjour@dicodusport.fr\",\"legalName\":\"DICODUSPORT\",\"foundingDate\":\"2018-01-14\",\"vatID\":\"FR71834470973\",\"taxID\":\"83447097300043\",\"numberOfEmployees\":{\"@type\":\"QuantitativeValue\",\"minValue\":\"1\",\"maxValue\":\"10\"}},{\"@type\":\"Person\",\"@id\":\"https:\/\/dicodusport.fr\/blog\/#\/schema\/person\/627966a6cde45dbd8c5e36ac85d783da\",\"name\":\"S\u00e9bastien Gente\",\"image\":{\"@type\":\"ImageObject\",\"inLanguage\":\"fr-FR\",\"@id\":\"https:\/\/dicodusport.fr\/blog\/#\/schema\/person\/image\/\",\"url\":\"https:\/\/dicodusport.fr\/blog\/wp-content\/uploads\/2021\/09\/1510990_10205810251400683_4124423575079401707_n-150x150.jpg\",\"contentUrl\":\"https:\/\/dicodusport.fr\/blog\/wp-content\/uploads\/2021\/09\/1510990_10205810251400683_4124423575079401707_n-150x150.jpg\",\"caption\":\"S\u00e9bastien Gente\"},\"description\":\"John Stockton, Gianni Bugno, Zinedine Zidane, Steffi Graf, Frode Andresen, St\u00e9phane Stoecklin, Davis Kamoga, Primoz Peterka, Werner Schlager et Aur\u00e9lien Rougerie. Point commun entre ces sportifs? Ils m'ont fait r\u00eaver et ont berc\u00e9 mon adolescence. Je suis un fondu de sports et j'essaie de retranscrire ma passion \u00e0 travers mes articles. Originaire du P\u00e9rigord, ma passion pour les Girondins, les Jaunards et les Jazzmen transpire dans mes \u00e9crits. \u00c0 Dicodusport depuis 2021, je d\u00e9niche les sports m\u00e9connus dans lesquels la France brille, et il y en a !\",\"sameAs\":[\"https:\/\/www.facebook.com\/sebastien.gente\/\",\"https:\/\/www.instagram.com\/sebgente\/\",\"https:\/\/www.linkedin.com\/in\/sbastien-gente-a29583169\/\",\"https:\/\/x.com\/https:\/\/twitter.com\/globulo24\",\"SebastienGente\"],\"worksFor\":\"S\u00e9bastien GENTE\",\"url\":\"https:\/\/dicodusport.fr\/blog\/author\/sebastiengente\/\"}]}<\/script>\n<!-- \/ Yoast SEO Premium plugin. -->","yoast_head_json":{"title":"WTA Monastir : Clara Burel stopp\u00e9e en demi-finales par Elise Mertens","description":"TOURNOI WTA 250 DE MONASTIR - Pas de miracle pour Clara Burel, qui a logiquement rendu les armes contre Elise Mertens en demi-finales.\u00a0","robots":{"index":"index","follow":"follow","max-snippet":"max-snippet:-1","max-image-preview":"max-image-preview:large","max-video-preview":"max-video-preview:-1"},"canonical":"https:\/\/dicodusport.fr\/blog\/wta-monastir-clara-burel-stoppee-en-demi-finales-par-elise-mertens\/","og_locale":"fr_FR","og_type":"article","og_title":"WTA Monastir : Clara Burel stopp\u00e9e en demi-finales par Elise Mertens","og_description":"TOURNOI WTA 250 DE MONASTIR - Pas de miracle pour Clara Burel, qui a logiquement rendu les armes contre Elise Mertens en demi-finales.\u00a0","og_url":"https:\/\/dicodusport.fr\/blog\/wta-monastir-clara-burel-stoppee-en-demi-finales-par-elise-mertens\/","og_site_name":"Dicodusport","article_publisher":"https:\/\/www.facebook.com\/dicodusport","article_author":"https:\/\/www.facebook.com\/sebastien.gente\/","article_published_time":"2023-10-21T17:14:34+00:00","article_modified_time":"2023-10-21T17:23:27+00:00","og_image":[{"width":800,"height":445,"url":"https:\/\/dicodusport.fr\/blog\/wp-content\/uploads\/2023\/10\/WTA-Monastir-Clara-Burel-stoppee-en-demi-finales-par-Elise-Mertens.png","type":"image\/png"}],"author":"S\u00e9bastien Gente","twitter_card":"summary_large_image","twitter_title":"WTA Monastir : Clara Burel stopp\u00e9e en demi-finales par Elise Mertens","twitter_creator":"@https:\/\/twitter.com\/globulo24","twitter_site":"@dicodusport","schema":{"@context":"https:\/\/schema.org","@graph":[{"@type":"NewsArticle","@id":"https:\/\/dicodusport.fr\/blog\/wta-monastir-clara-burel-stoppee-en-demi-finales-par-elise-mertens\/#article","isPartOf":{"@id":"https:\/\/dicodusport.fr\/blog\/wta-monastir-clara-burel-stoppee-en-demi-finales-par-elise-mertens\/"},"author":{"name":"S\u00e9bastien Gente","@id":"https:\/\/dicodusport.fr\/blog\/#\/schema\/person\/627966a6cde45dbd8c5e36ac85d783da"},"headline":"WTA Monastir : Clara Burel stopp\u00e9e en demi-finales par Elise Mertens","datePublished":"2023-10-21T17:14:34+00:00","dateModified":"2023-10-21T17:23:27+00:00","mainEntityOfPage":{"@id":"https:\/\/dicodusport.fr\/blog\/wta-monastir-clara-burel-stoppee-en-demi-finales-par-elise-mertens\/"},"wordCount":229,"commentCount":0,"publisher":{"@id":"https:\/\/dicodusport.fr\/blog\/#organization"},"image":{"@id":"https:\/\/dicodusport.fr\/blog\/wta-monastir-clara-burel-stoppee-en-demi-finales-par-elise-mertens\/#primaryimage"},"thumbnailUrl":"https:\/\/dicodusport.fr\/blog\/wp-content\/uploads\/2023\/10\/WTA-Monastir-Clara-Burel-stoppee-en-demi-finales-par-Elise-Mertens.png","keywords":["br\u00e8ve","Clara Burel","WTA 250 Monastir"],"articleSection":["Tennis"],"inLanguage":"fr-FR","potentialAction":[{"@type":"CommentAction","name":"Comment","target":["https:\/\/dicodusport.fr\/blog\/wta-monastir-clara-burel-stoppee-en-demi-finales-par-elise-mertens\/#respond"]}],"copyrightYear":"2023","copyrightHolder":{"@id":"https:\/\/dicodusport.fr\/blog\/#organization"}},{"@type":"WebPage","@id":"https:\/\/dicodusport.fr\/blog\/wta-monastir-clara-burel-stoppee-en-demi-finales-par-elise-mertens\/","url":"https:\/\/dicodusport.fr\/blog\/wta-monastir-clara-burel-stoppee-en-demi-finales-par-elise-mertens\/","name":"WTA Monastir : Clara Burel stopp\u00e9e en demi-finales par Elise Mertens","isPartOf":{"@id":"https:\/\/dicodusport.fr\/blog\/#website"},"primaryImageOfPage":{"@id":"https:\/\/dicodusport.fr\/blog\/wta-monastir-clara-burel-stoppee-en-demi-finales-par-elise-mertens\/#primaryimage"},"image":{"@id":"https:\/\/dicodusport.fr\/blog\/wta-monastir-clara-burel-stoppee-en-demi-finales-par-elise-mertens\/#primaryimage"},"thumbnailUrl":"https:\/\/dicodusport.fr\/blog\/wp-content\/uploads\/2023\/10\/WTA-Monastir-Clara-Burel-stoppee-en-demi-finales-par-Elise-Mertens.png","datePublished":"2023-10-21T17:14:34+00:00","dateModified":"2023-10-21T17:23:27+00:00","description":"TOURNOI WTA 250 DE MONASTIR - Pas de miracle pour Clara Burel, qui a logiquement rendu les armes contre Elise Mertens en demi-finales.\u00a0","breadcrumb":{"@id":"https:\/\/dicodusport.fr\/blog\/wta-monastir-clara-burel-stoppee-en-demi-finales-par-elise-mertens\/#breadcrumb"},"inLanguage":"fr-FR","potentialAction":[{"@type":"ReadAction","target":["https:\/\/dicodusport.fr\/blog\/wta-monastir-clara-burel-stoppee-en-demi-finales-par-elise-mertens\/"]}]},{"@type":"ImageObject","inLanguage":"fr-FR","@id":"https:\/\/dicodusport.fr\/blog\/wta-monastir-clara-burel-stoppee-en-demi-finales-par-elise-mertens\/#primaryimage","url":"https:\/\/dicodusport.fr\/blog\/wp-content\/uploads\/2023\/10\/WTA-Monastir-Clara-Burel-stoppee-en-demi-finales-par-Elise-Mertens.png","contentUrl":"https:\/\/dicodusport.fr\/blog\/wp-content\/uploads\/2023\/10\/WTA-Monastir-Clara-Burel-stoppee-en-demi-finales-par-Elise-Mertens.png","width":800,"height":445,"caption":"WTA Monastir Clara Burel stopp\u00e9e en demi-finales par Elise Mertens"},{"@type":"BreadcrumbList","@id":"https:\/\/dicodusport.fr\/blog\/wta-monastir-clara-burel-stoppee-en-demi-finales-par-elise-mertens\/#breadcrumb","itemListElement":[{"@type":"ListItem","position":1,"name":"Accueil","item":"https:\/\/dicodusport.fr\/blog\/"},{"@type":"ListItem","position":2,"name":"WTA Monastir : Clara Burel stopp\u00e9e en demi-finales par Elise Mertens"}]},{"@type":"WebSite","@id":"https:\/\/dicodusport.fr\/blog\/#website","url":"https:\/\/dicodusport.fr\/blog\/","name":"Dicodusport","description":"L&#039;encyclop\u00e9die de l&#039;actualit\u00e9 sportive","publisher":{"@id":"https:\/\/dicodusport.fr\/blog\/#organization"},"potentialAction":[{"@type":"SearchAction","target":{"@type":"EntryPoint","urlTemplate":"https:\/\/dicodusport.fr\/blog\/?s={search_term_string}"},"query-input":{"@type":"PropertyValueSpecification","valueRequired":true,"valueName":"search_term_string"}}],"inLanguage":"fr-FR"},{"@type":"NewsMediaOrganization","@id":"https:\/\/dicodusport.fr\/blog\/#organization","name":"Dicodusport","url":"https:\/\/dicodusport.fr\/blog\/","logo":{"@type":"ImageObject","inLanguage":"fr-FR","@id":"https:\/\/dicodusport.fr\/blog\/#\/schema\/logo\/image\/","url":"https:\/\/dicodusport.fr\/blog\/wp-content\/uploads\/2020\/06\/cropped-LOGO-DICODUSPORT-2020-SANS-FOND-SANS-TEXTE.png","contentUrl":"https:\/\/dicodusport.fr\/blog\/wp-content\/uploads\/2020\/06\/cropped-LOGO-DICODUSPORT-2020-SANS-FOND-SANS-TEXTE.png","width":512,"height":512,"caption":"Dicodusport"},"image":{"@id":"https:\/\/dicodusport.fr\/blog\/#\/schema\/logo\/image\/"},"sameAs":["https:\/\/www.facebook.com\/dicodusport","https:\/\/x.com\/dicodusport","https:\/\/www.instagram.com\/dicodusport\/","https:\/\/www.youtube.com\/channel\/UC7V2KZ5sd3htJivAbA4ZG3w"],"description":"Dicodusport est l'encyclop\u00e9die de l'actualit\u00e9 sportive.","email":"bonjour@dicodusport.fr","legalName":"DICODUSPORT","foundingDate":"2018-01-14","vatID":"FR71834470973","taxID":"83447097300043","numberOfEmployees":{"@type":"QuantitativeValue","minValue":"1","maxValue":"10"}},{"@type":"Person","@id":"https:\/\/dicodusport.fr\/blog\/#\/schema\/person\/627966a6cde45dbd8c5e36ac85d783da","name":"S\u00e9bastien Gente","image":{"@type":"ImageObject","inLanguage":"fr-FR","@id":"https:\/\/dicodusport.fr\/blog\/#\/schema\/person\/image\/","url":"https:\/\/dicodusport.fr\/blog\/wp-content\/uploads\/2021\/09\/1510990_10205810251400683_4124423575079401707_n-150x150.jpg","contentUrl":"https:\/\/dicodusport.fr\/blog\/wp-content\/uploads\/2021\/09\/1510990_10205810251400683_4124423575079401707_n-150x150.jpg","caption":"S\u00e9bastien Gente"},"description":"John Stockton, Gianni Bugno, Zinedine Zidane, Steffi Graf, Frode Andresen, St\u00e9phane Stoecklin, Davis Kamoga, Primoz Peterka, Werner Schlager et Aur\u00e9lien Rougerie. Point commun entre ces sportifs? Ils m'ont fait r\u00eaver et ont berc\u00e9 mon adolescence. Je suis un fondu de sports et j'essaie de retranscrire ma passion \u00e0 travers mes articles. Originaire du P\u00e9rigord, ma passion pour les Girondins, les Jaunards et les Jazzmen transpire dans mes \u00e9crits. \u00c0 Dicodusport depuis 2021, je d\u00e9niche les sports m\u00e9connus dans lesquels la France brille, et il y en a !","sameAs":["https:\/\/www.facebook.com\/sebastien.gente\/","https:\/\/www.instagram.com\/sebgente\/","https:\/\/www.linkedin.com\/in\/sbastien-gente-a29583169\/","https:\/\/x.com\/https:\/\/twitter.com\/globulo24","SebastienGente"],"worksFor":"S\u00e9bastien GENTE","url":"https:\/\/dicodusport.fr\/blog\/author\/sebastiengente\/"}]}},"_links":{"self":[{"href":"https:\/\/dicodusport.fr\/blog\/wp-json\/wp\/v2\/posts\/431110","targetHints":{"allow":["GET"]}}],"collection":[{"href":"https:\/\/dicodusport.fr\/blog\/wp-json\/wp\/v2\/posts"}],"about":[{"href":"https:\/\/dicodusport.fr\/blog\/wp-json\/wp\/v2\/types\/post"}],"author":[{"embeddable":true,"href":"https:\/\/dicodusport.fr\/blog\/wp-json\/wp\/v2\/users\/59"}],"replies":[{"embeddable":true,"href":"https:\/\/dicodusport.fr\/blog\/wp-json\/wp\/v2\/comments?post=431110"}],"version-history":[{"count":0,"href":"https:\/\/dicodusport.fr\/blog\/wp-json\/wp\/v2\/posts\/431110\/revisions"}],"wp:featuredmedia":[{"embeddable":true,"href":"https:\/\/dicodusport.fr\/blog\/wp-json\/wp\/v2\/media\/431139"}],"wp:attachment":[{"href":"https:\/\/dicodusport.fr\/blog\/wp-json\/wp\/v2\/media?parent=431110"}],"wp:term":[{"taxonomy":"category","embeddable":true,"href":"https:\/\/dicodusport.fr\/blog\/wp-json\/wp\/v2\/categories?post=431110"},{"taxonomy":"post_tag","embeddable":true,"href":"https:\/\/dicodusport.fr\/blog\/wp-json\/wp\/v2\/tags?post=431110"}],"curies":[{"name":"wp","href":"https:\/\/api.w.org\/{rel}","templated":true}]}}