{"id":431579,"date":"2024-03-23T12:38:25","date_gmt":"2024-03-23T11:38:25","guid":{"rendered":"https:\/\/dicodusport.fr\/blog\/?p=431579&#038;preview=true&#038;preview_id=431579"},"modified":"2024-03-23T12:38:39","modified_gmt":"2024-03-23T11:38:39","slug":"calendrier-et-resultats-ski-alpin-coupe-du-monde-femmes-2023-2024","status":"publish","type":"post","link":"https:\/\/dicodusport.fr\/blog\/calendrier-et-resultats-ski-alpin-coupe-du-monde-femmes-2023-2024\/","title":{"rendered":"Palmar\u00e8s et r\u00e9sultats Ski alpin Coupe du monde (F) 2023-2024"},"content":{"rendered":"<p style=\"text-align: justify;\"><strong><em>COUPE DU MONDE DE <a href=\"https:\/\/dicodusport.fr\/sports-en-s\/ski-alpin\/\">SKI ALPIN<\/a> FEMMES 2023-2024 &#8211; Descente, g\u00e9ant, slalom, Super-G : d\u00e9couvrez le calendrier complet et les r\u00e9sultats de la Coupe du monde de ski alpin f\u00e9minine.<\/em><\/strong><\/p>\n<ul>\n<li style=\"text-align: justify;\"><strong>\u00c0 lire aussi &#8211; <a href=\"https:\/\/dicodusport.fr\/blog\/coupe-du-monde-de-ski-alpin-classement-general-femmes\/\">Classement g\u00e9n\u00e9ral de la Coupe du monde femmes<\/a><\/strong><\/li>\n<\/ul>\n<p style=\"text-align: justify;\">Qui pour succ\u00e9der \u00e0 <strong>Mikaela Shiffrin<\/strong> ? L&rsquo;Am\u00e9ricaine, quintuple laur\u00e9ate du gros globe de cristal (2017,\u00a02018,\u00a02019,\u00a02022 et donc 2023), sera une nouvelle fois grande favorite \u00e0 sa propre succession. Apr\u00e8s avoir survol\u00e9 la <a href=\"https:\/\/dicodusport.fr\/blog\/calendrier-et-resultats-coupe-du-monde-ski-alpin-femmes-2022-2023\/\">Coupe du monde 2022-2023 de ski alpin<\/a>, la septuple championne du monde devra faire face \u00e0 la Suissesse <strong>Lara Gut-Behrami<\/strong> et la Slovaque <strong>Petra Vlhova<\/strong> pour le g\u00e9n\u00e9ral de la Coupe du monde. Les Italiennes <strong>Sofia Goggia<\/strong> et <strong>Federica Brignone<\/strong> joueront les trouble-f\u00eates.<\/p>\n<p style=\"text-align: justify;\">C\u00f4t\u00e9 tricolore, apr\u00e8s la retraite de <strong>Tessa Worley<\/strong>, les principaux espoirs reposeront sur <strong>Laura Gauch\u00e9<\/strong> et <strong>Romane Miradoli<\/strong> en vitesse ainsi que <strong>Clara Direz<\/strong> et <strong>Marie Lamure<\/strong> sur les \u00e9preuves techniques.<\/p>\n<ul>\n<li style=\"text-align: justify;\"><strong>\u00c0 lire aussi &#8211; <a href=\"https:\/\/dicodusport.fr\/blog\/ski-alpin-coupe-du-monde-2023-2024-calendrier-et-resultats-hommes\/\">Calendrier et r\u00e9sultats de la Coupe du monde hommes<\/a><\/strong><\/li>\n<\/ul>\n<h2 style=\"text-align: justify;\">Calendrier et r\u00e9sultats de la Coupe du monde de ski alpin f\u00e9minine 2023-2024<\/h2>\n<table style=\"width: 800px; border-collapse: collapse;\">\n<tbody>\n<tr>\n<td style=\"width: 800px; background-color: #099acf; text-align: center; vertical-align: middle;\" colspan=\"5\"><span style=\"color: #ffffff;\"><strong>DESCENTE<\/strong><\/span><\/td>\n<\/tr>\n<tr>\n<td style=\"background-color: #003850; text-align: center; vertical-align: middle; width: 160px;\"><span style=\"color: #ffffff; font-size: 0.9em;\"><strong>Date<\/strong><\/span><\/td>\n<td style=\"background-color: #003850; text-align: center; vertical-align: middle; width: 160px;\"><span style=\"color: #ffffff; font-size: 0.9em;\"><strong>Lieu<\/strong><\/span><\/td>\n<td style=\"background-color: #003850; text-align: center; vertical-align: middle; width: 160px;\"><span style=\"color: #ffffff; font-size: 0.9em;\"><strong>Vainqueur<\/strong><\/span><\/td>\n<td style=\"background-color: #003850; text-align: center; vertical-align: middle; width: 160px;\"><span style=\"color: #ffffff; font-size: 0.9em;\"><strong>Deuxi\u00e8me<\/strong><\/span><\/td>\n<td style=\"background-color: #003850; text-align: center; vertical-align: middle; width: 160px;\"><span style=\"color: #ffffff; font-size: 0.9em;\"><strong>Troisi\u00e8me<\/strong><\/span><\/td>\n<\/tr>\n<tr>\n<td style=\"text-align: center; vertical-align: middle; width: 160px;\"><span style=\"font-size: 0.9em;\"><b>Sam. 18 novembre<\/b><\/span><\/td>\n<td style=\"text-align: center; vertical-align: middle; width: 160px;\"><span style=\"font-size: 0.9em;\">\ud83c\udde8\ud83c\udded Zermatt \/ Cervinia<\/span><\/td>\n<td style=\"text-align: center; vertical-align: middle; width: 160px;\" colspan=\"3\"><strong><span style=\"font-size: 0.9em;\">ANNUL\u00c9E<\/span><\/strong><\/td>\n<\/tr>\n<tr>\n<td style=\"text-align: center; vertical-align: middle; width: 160px;\"><span style=\"font-size: 0.9em;\"><b>Dim. 19 novembre<\/b><\/span><\/td>\n<td style=\"text-align: center; vertical-align: middle; width: 160px;\"><span style=\"font-size: 0.9em;\">\ud83c\udde8\ud83c\udded Zermatt \/ Cervinia<\/span><\/td>\n<td style=\"text-align: center; vertical-align: middle; width: 160px;\" colspan=\"3\"><strong><span style=\"font-size: 0.9em;\">ANNUL\u00c9E<\/span><\/strong><\/td>\n<\/tr>\n<tr>\n<td style=\"text-align: center; vertical-align: middle; width: 160px;\"><span style=\"font-size: 0.9em;\"><b>Sam. 9 d\u00e9cembre<\/b><\/span><\/td>\n<td style=\"text-align: center; vertical-align: middle; width: 160px;\"><span style=\"font-size: 0.9em;\">\ud83c\udde8\ud83c\udded Saint-Moritz<br \/>\n<strong><em><span style=\"font-size: 0.8em;\"><a href=\"https:\/\/dicodusport.fr\/blog\/descente-saint-moritz-mikaela-shiffrin-remporte-la-premiere-descente-de-la-saison\/\">R\u00e9sum\u00e9<\/a> &#8211; <a href=\"https:\/\/dicodusport.fr\/blog\/classement-descente-femmes-saint-moritz-2023\/\">Classement<\/a><\/span><\/em><\/strong><br \/>\n<\/span><\/td>\n<td style=\"text-align: center; vertical-align: middle; width: 160px;\"><strong><span style=\"font-size: 0.9em;\">\ud83c\uddfa\ud83c\uddf8 MIKAELA SHIFFRIN<\/span><\/strong><\/td>\n<td style=\"text-align: center; vertical-align: middle; width: 160px;\"><span style=\"font-size: 0.9em;\">\ud83c\uddee\ud83c\uddf9 SOFIA GOGGIA<\/span><\/td>\n<td style=\"text-align: center; vertical-align: middle; width: 160px;\"><span style=\"font-size: 0.9em;\">\ud83c\uddee\ud83c\uddf9 FEDERICA BRIGNONE<\/span><\/td>\n<\/tr>\n<tr>\n<td style=\"text-align: center; vertical-align: middle; width: 160px;\"><span style=\"font-size: 0.9em;\"><b>Sam. 16 d\u00e9cembre<\/b><\/span><\/td>\n<td style=\"text-align: center; vertical-align: middle; width: 160px;\"><span style=\"font-size: 0.9em;\">\ud83c\uddeb\ud83c\uddf7 Val d&rsquo;Is\u00e8re<br \/>\n<strong><em><span style=\"font-size: 0.8em;\"><a href=\"https:\/\/dicodusport.fr\/blog\/descente-femmes-val-disere-jasmine-flury-dame-le-pion-aux-favorites\/\">R\u00e9sum\u00e9<\/a> &#8211; <a href=\"https:\/\/dicodusport.fr\/blog\/classement-descente-femmes-val-disere-2023\/\">Classement<\/a><\/span><\/em><\/strong><br \/>\n<\/span><\/td>\n<td style=\"text-align: center; vertical-align: middle; width: 160px;\"><strong><span style=\"font-size: 0.9em;\">\ud83c\udde8\ud83c\udded JASMINE FLURY<\/span><\/strong><\/td>\n<td style=\"text-align: center; vertical-align: middle; width: 160px;\"><span style=\"font-size: 0.9em;\">\ud83c\udde8\ud83c\udded JOANA HAEHLEN<\/span><\/td>\n<td style=\"text-align: center; vertical-align: middle; width: 160px;\"><span style=\"font-size: 0.9em;\">\ud83c\udde6\ud83c\uddf9 CORNELIA HUETTER<\/span><\/td>\n<\/tr>\n<tr>\n<td style=\"text-align: center; vertical-align: middle; width: 160px;\"><span style=\"font-size: 0.9em;\"><b>Sam. 13 janvier<\/b><\/span><\/td>\n<td style=\"text-align: center; vertical-align: middle; width: 160px;\"><span style=\"font-size: 0.9em;\">\ud83c\udde6\ud83c\uddf9 Zauchensee<br \/>\n<strong><em><span style=\"font-size: 0.8em;\"><a href=\"https:\/\/dicodusport.fr\/blog\/descente-de-altenmarkt-zauchensee-sofia-goggia-domine-les-debats\/\">R\u00e9sum\u00e9<\/a> &#8211; <a href=\"https:\/\/dicodusport.fr\/blog\/classement-descente-femmes-altenmarkt-zauchensee-2024\/\">Classement<\/a><\/span><\/em><\/strong><br \/>\n<\/span><\/td>\n<td style=\"text-align: center; vertical-align: middle; width: 160px;\"><strong><span style=\"font-size: 0.9em;\">\ud83c\uddee\ud83c\uddf9 SOFIA GOGGIA<\/span><\/strong><\/td>\n<td style=\"text-align: center; vertical-align: middle; width: 160px;\"><span style=\"font-size: 0.9em;\">\ud83c\udde6\ud83c\uddf9 ST\u00c9PHANIE VENIER<\/span><\/td>\n<td style=\"text-align: center; vertical-align: middle; width: 160px;\"><span style=\"font-size: 0.9em;\">\ud83c\udde6\ud83c\uddf9 MIRJAM PUCHNER<br \/>\n\ud83c\uddee\ud83c\uddf9 NICOL DELAGO<br \/>\n<\/span><\/td>\n<\/tr>\n<tr>\n<td style=\"text-align: center; vertical-align: middle; width: 160px;\"><span style=\"font-size: 0.9em;\"><b>Ven. 26 janvier<\/b><\/span><\/td>\n<td style=\"text-align: center; vertical-align: middle; width: 160px;\"><span style=\"font-size: 0.9em;\">\ud83c\uddee\ud83c\uddf9 Cortina d&rsquo;Ampezzo<br \/>\n<strong><em><span style=\"font-size: 0.8em;\"><a href=\"https:\/\/dicodusport.fr\/blog\/descente-femmes-de-cortina-stephanie-venier-simpose-mikaela-shiffrin-blessee\/\">R\u00e9sum\u00e9<\/a> &#8211; <a href=\"https:\/\/dicodusport.fr\/blog\/classement-descente-femmes-cortina-dampezzo-2024\/\">Classement<\/a><\/span><\/em><\/strong><br \/>\n<\/span><\/td>\n<td style=\"text-align: center; vertical-align: middle; width: 160px;\"><strong><span style=\"font-size: 0.9em;\">\ud83c\udde6\ud83c\uddf9 ST\u00c9PHANIE VENIER<\/span><\/strong><\/td>\n<td style=\"text-align: center; vertical-align: middle; width: 160px;\"><span style=\"font-size: 0.9em;\">\ud83c\udde8\ud83c\udded LARA GUT-BEHRAMI<\/span><\/td>\n<td style=\"text-align: center; vertical-align: middle; width: 160px;\"><span style=\"font-size: 0.9em;\">\ud83c\udde8\ud83c\udde6 VAL\u00c9RIE GRENIER<br \/>\n\ud83c\udde6\ud83c\uddf9 CHRISTINA AGER<br \/>\n\ud83c\uddee\ud83c\uddf9 SOFIA GOGGIA<\/span><strong><span style=\"font-size: 0.9em;\"><br \/>\n<\/span><\/strong><\/td>\n<\/tr>\n<tr>\n<td style=\"text-align: center; vertical-align: middle; width: 160px;\"><span style=\"font-size: 0.9em;\"><b>Sam. 27 janvier<\/b><\/span><\/td>\n<td style=\"vertical-align: middle; width: 160px; text-align: center;\"><span style=\"font-size: 0.9em;\">\ud83c\uddee\ud83c\uddf9 Cortina d&rsquo;Ampezzo<br \/>\n<strong><em><span style=\"font-size: 0.8em;\"><a href=\"https:\/\/dicodusport.fr\/blog\/descente-ii-femmes-de-cortina-ragnhild-mowinckel-remporte-sa-premiere-victoire-en-descente\/\">R\u00e9sum\u00e9<\/a> &#8211; <a href=\"https:\/\/dicodusport.fr\/blog\/classement-descente-femmes-cortina-dampezzo-2-2024\/\">Classement<\/a><\/span><\/em><\/strong><br \/>\n<\/span><\/td>\n<td style=\"text-align: center; vertical-align: middle; width: 160px;\"><strong><span style=\"font-size: 0.9em;\">\ud83c\uddf3\ud83c\uddf4 RAGNHILD MOWINCKEL<\/span><\/strong><\/td>\n<td style=\"text-align: center; vertical-align: middle; width: 160px;\"><span style=\"font-size: 0.9em;\">\ud83c\uddfa\ud83c\uddf8 JACQUELINE WILES<\/span><\/td>\n<td style=\"text-align: center; vertical-align: middle; width: 160px;\"><span style=\"font-size: 0.9em;\">\ud83c\uddee\ud83c\uddf9 SOFIA GOGGIA<\/span><\/td>\n<\/tr>\n<tr>\n<td style=\"text-align: center; vertical-align: middle; width: 160px;\"><span style=\"font-size: 0.9em;\"><b>Sam. 3 f\u00e9vrier<\/b><\/span><\/td>\n<td style=\"text-align: center; vertical-align: middle; width: 160px;\"><span style=\"font-size: 0.9em;\">\ud83c\udde9\ud83c\uddea Garmisch-Partenkirchen<\/span><\/td>\n<td style=\"text-align: center; vertical-align: middle; width: 160px;\" colspan=\"3\"><strong><span style=\"font-size: 0.9em;\">ANNUL\u00c9E<\/span><\/strong><\/td>\n<\/tr>\n<tr>\n<td style=\"text-align: center; vertical-align: middle; width: 160px;\"><span style=\"font-size: 0.9em;\"><b>Ven. 16 f\u00e9vrier<\/b><\/span><\/td>\n<td style=\"text-align: center; vertical-align: middle; width: 160px;\"><span style=\"font-size: 0.9em;\">\ud83c\udde8\ud83c\udded Crans-Montana<br \/>\n<strong><em><span style=\"font-size: 0.8em;\"><a href=\"https:\/\/dicodusport.fr\/blog\/descente-femmes-crans-montana-2024-lara-gut-behrami-frappe-un-grand-coup-a-domicile\/\">R\u00e9sum\u00e9<\/a> &#8211; <a href=\"https:\/\/dicodusport.fr\/blog\/classement-descente-femmes-crans-montana-2024\/\">Classement<\/a><\/span><\/em><\/strong><br \/>\n<\/span><\/td>\n<td style=\"text-align: center; vertical-align: middle; width: 160px;\"><strong><span style=\"font-size: 0.9em;\">\ud83c\udde8\ud83c\udded LARA GUT-BEHRAMI<\/span><\/strong><\/td>\n<td style=\"text-align: center; vertical-align: middle; width: 160px;\"><span style=\"font-size: 0.9em;\">\ud83c\udde8\ud83c\udded JASMINE FLURY<br \/>\n\ud83c\udde6\ud83c\uddf9 CORNELIA HUETTER<\/span><strong><span style=\"font-size: 0.9em;\"><br \/>\n<\/span><\/strong><\/td>\n<td style=\"text-align: center; font-size: 0.8em; vertical-align: middle; width: 160px;\">&#8211;<\/td>\n<\/tr>\n<tr>\n<td style=\"text-align: center; vertical-align: middle; width: 160px;\"><span style=\"font-size: 0.9em;\"><b>Sam. 17 f\u00e9vrier<\/b><\/span><\/td>\n<td style=\"text-align: center; vertical-align: middle; width: 160px;\"><span style=\"font-size: 0.9em;\">\ud83c\udde8\ud83c\udded Crans-Montana<br \/>\n<strong><em><span style=\"font-size: 0.8em;\"><a href=\"https:\/\/dicodusport.fr\/blog\/descente-femmes-crans-montana-2-2024-marta-bassino-foudroie-la-concurrence\/\">R\u00e9sum\u00e9<\/a> &#8211; <a href=\"https:\/\/dicodusport.fr\/blog\/classement-descente-femmes-crans-montana-2-2024\/\">Classement<\/a><\/span><\/em><\/strong><br \/>\n<\/span><\/td>\n<td style=\"text-align: center; vertical-align: middle; width: 160px;\"><strong><span style=\"font-size: 0.9em;\">\ud83c\uddee\ud83c\uddf9 MARTA BASSINO<\/span><\/strong><\/td>\n<td style=\"text-align: center; vertical-align: middle; width: 160px;\"><span style=\"font-size: 0.9em;\">\ud83c\uddee\ud83c\uddf9 FEDERICA BRIGNONE<\/span><\/td>\n<td style=\"text-align: center; vertical-align: middle; width: 160px;\"><span style=\"font-size: 0.9em;\">\ud83c\udde8\ud83c\udded LARA GUT-BEHRAMI<\/span><\/td>\n<\/tr>\n<tr>\n<td style=\"text-align: center; vertical-align: middle; width: 160px;\"><span style=\"font-size: 0.9em;\"><b>Sam. 23 mars<\/b><\/span><\/td>\n<td style=\"text-align: center; vertical-align: middle; width: 160px;\"><span style=\"font-size: 0.9em;\">\ud83c\udde6\ud83c\uddf9 Saalbach (Finales)<br \/>\n<b><strong><em><span style=\"font-size: 0.8em;\"><a href=\"https:\/\/dicodusport.fr\/blog\/finales-ski-alpin-saalbach-cornelia-huetter-sadjuge-la-derniere-descente-et-le-globe-de-la-discipline\/\">R\u00e9sum\u00e9<\/a> &#8211; <a href=\"https:\/\/dicodusport.fr\/blog\/finales-ski-alpin-saalbach-classement-descente-femmes\/\">Classement<\/a><\/span><\/em><\/strong><\/b><br \/>\n<\/span><\/td>\n<td style=\"text-align: center; vertical-align: middle; width: 160px;\"><strong><span style=\"font-size: 0.9em;\">\ud83c\udde6\ud83c\uddf9 CORNELIA HUETTER<\/span><\/strong><\/td>\n<td style=\"text-align: center; vertical-align: middle; width: 160px;\"><span style=\"font-size: 0.9em;\">\ud83c\uddf8\ud83c\uddee ILKA STUHEC<\/span><\/td>\n<td style=\"text-align: center; vertical-align: middle; width: 160px;\"><span style=\"font-size: 0.9em;\">\ud83c\uddee\ud83c\uddf9 NICOL DELAGO<\/span><\/td>\n<\/tr>\n<tr>\n<td style=\"text-align: center; vertical-align: middle; width: 800px;\" colspan=\"5\"><span style=\"font-size: 0.9em;\"><strong>PETIT GLOBE : \ud83c\udde6\ud83c\uddf9 CORNELIA HUETTER<\/strong><\/span><\/td>\n<\/tr>\n<tr>\n<td style=\"width: 800px; background-color: #099acf; text-align: center; vertical-align: middle;\" colspan=\"5\"><span style=\"color: #ffffff;\"><strong>SUPER-G<\/strong><\/span><\/td>\n<\/tr>\n<tr>\n<td style=\"width: 160px; background-color: #003850; text-align: center; vertical-align: middle;\"><span style=\"color: #ffffff; font-size: 0.9em;\"><strong>Date<\/strong><\/span><\/td>\n<td style=\"width: 160px; background-color: #003850; text-align: center; vertical-align: middle;\"><span style=\"color: #ffffff; font-size: 0.9em;\"><strong>Lieu<\/strong><\/span><\/td>\n<td style=\"width: 160px; background-color: #003850; text-align: center; vertical-align: middle;\"><span style=\"color: #ffffff; font-size: 0.9em;\"><strong>Vainqueur<\/strong><\/span><\/td>\n<td style=\"width: 160px; background-color: #003850; text-align: center; vertical-align: middle;\"><span style=\"color: #ffffff; font-size: 0.9em;\"><strong>Deuxi\u00e8me<\/strong><\/span><\/td>\n<td style=\"width: 160px; background-color: #003850; text-align: center; vertical-align: middle;\"><span style=\"color: #ffffff; font-size: 0.9em;\"><strong>Troisi\u00e8me<\/strong><\/span><\/td>\n<\/tr>\n<tr>\n<td style=\"text-align: center; vertical-align: middle; width: 160px;\"><span style=\"font-size: 0.9em;\"><b>Ven. 8 d\u00e9cembre<\/b><\/span><\/td>\n<td style=\"text-align: center; vertical-align: middle; width: 160px;\"><span style=\"font-size: 0.9em;\">\ud83c\udde8\ud83c\udded Saint-Moritz<br \/>\n<strong><em><span style=\"font-size: 0.8em;\"><a href=\"https:\/\/dicodusport.fr\/blog\/super-g-de-saint-moritz-sofia-goggia-simpose-avec-autorite\/\">R\u00e9sum\u00e9<\/a> &#8211; <a href=\"https:\/\/dicodusport.fr\/blog\/classement-super-g-femmes-saint-moritz-2023\/\">Classement<\/a><\/span><\/em><\/strong><br \/>\n<\/span><\/td>\n<td style=\"text-align: center; font-size: 0.9em; vertical-align: middle; width: 160px;\"><strong>\ud83c\uddee\ud83c\uddf9 SOFIA GOGGIA<\/strong><\/td>\n<td style=\"text-align: center; font-size: 0.9em; vertical-align: middle; width: 160px;\">\ud83c\udde6\ud83c\uddf9 KATHARINA LIENSBERGER<\/td>\n<td style=\"text-align: center; vertical-align: middle; width: 160px;\"><span style=\"font-size: 0.9em;\">\ud83c\udde8\ud83c\udded LARA GUT-BEHRAMI<\/span><\/td>\n<\/tr>\n<tr>\n<td style=\"text-align: center; vertical-align: middle; width: 160px;\"><span style=\"font-size: 0.9em;\"><b>Dim. 10 d\u00e9cembre<\/b><\/span><\/td>\n<td style=\"text-align: center; vertical-align: middle; width: 160px;\"><span style=\"font-size: 0.9em;\">\ud83c\udde8\ud83c\udded Saint-Moritz<\/span><\/td>\n<td style=\"text-align: center; vertical-align: middle; width: 160px;\" colspan=\"3\"><strong><span style=\"font-size: 0.9em;\">ANNUL\u00c9<\/span><\/strong><\/td>\n<\/tr>\n<tr>\n<td style=\"text-align: center; vertical-align: middle; width: 160px;\"><span style=\"font-size: 0.9em;\"><b>Dim. 17 d\u00e9cembre<\/b><\/span><\/td>\n<td style=\"text-align: center; vertical-align: middle; width: 160px;\"><span style=\"font-size: 0.9em;\">\ud83c\uddeb\ud83c\uddf7 Val d&rsquo;Is\u00e8re<br \/>\n<strong><em><span style=\"font-size: 0.8em;\"><a title=\"Super-G femmes Val d\u2019Is\u00e8re 2023 : Federica Brignone survole la course\" href=\"https:\/\/dicodusport.fr\/blog\/super-g-femmes-val-disere-2023-federica-brignone-survole-la-course\/\" rel=\"\">R\u00e9sum\u00e9<\/a> &#8211; <a title=\"Classement Super-G femmes Val d\u2019Is\u00e8re 2023\" href=\"https:\/\/dicodusport.fr\/blog\/classement-super-g-femmes-val-disere-2023\/\" rel=\"\">Classement<\/a><\/span><\/em><\/strong><br \/>\n<\/span><\/td>\n<td style=\"text-align: center; vertical-align: middle; width: 160px;\"><span style=\"font-size: 0.9em;\"><b>\ud83c\uddee\ud83c\uddf9 FEDERICA BRIGNONE<\/b><\/span><\/td>\n<td style=\"text-align: center; vertical-align: middle; width: 160px;\"><span style=\"font-size: 0.9em;\">\ud83c\uddf3\ud83c\uddf4 KAJSA VICKHOFF LIE<\/span><\/td>\n<td style=\"text-align: center; vertical-align: middle; width: 160px;\"><span style=\"font-size: 0.9em;\">\ud83c\uddee\ud83c\uddf9 SOFIA GOGGIA<\/span><\/td>\n<\/tr>\n<tr>\n<td style=\"text-align: center; vertical-align: middle; width: 160px;\"><span style=\"font-size: 0.9em;\"><b>Ven. 12 janvier<\/b><\/span><\/td>\n<td style=\"text-align: center; vertical-align: middle; width: 160px;\"><span style=\"font-size: 0.9em;\">\ud83c\udde6\ud83c\uddf9 Zauchensee<br \/>\n<strong><em><span style=\"font-size: 0.8em;\"><a href=\"https:\/\/dicodusport.fr\/blog\/super-g-de-altenmarkt-zauchensee-cornelia-huetter-simpose-avec-brio\/\">R\u00e9sum\u00e9<\/a> &#8211; <a href=\"https:\/\/dicodusport.fr\/blog\/classement-super-g-femmes-altenmarkt-zauchensee-2024\/\">Classement<\/a><\/span><\/em><\/strong><br \/>\n<\/span><\/td>\n<td style=\"text-align: center; vertical-align: middle; width: 160px;\"><strong><span style=\"font-size: 0.9em;\">\ud83c\udde6\ud83c\uddf9 CORNELIA HUETTER<\/span><\/strong><\/td>\n<td style=\"text-align: center; vertical-align: middle; width: 160px;\"><span style=\"font-size: 0.9em;\">\ud83c\uddf3\ud83c\uddf4 KAJSA VICKHOFF LIE<\/span><\/td>\n<td style=\"text-align: center; vertical-align: middle; width: 160px;\"><span style=\"font-size: 0.9em;\">\ud83c\udde8\ud83c\udded LARA GUT-BEHRAMI<\/span><\/td>\n<\/tr>\n<tr>\n<td style=\"text-align: center; vertical-align: middle; width: 160px;\"><span style=\"font-size: 0.9em;\"><b>Dim. 14 janvier<\/b><\/span><\/td>\n<td style=\"text-align: center; vertical-align: middle; width: 160px;\"><span style=\"font-size: 0.9em;\">\ud83c\udde6\ud83c\uddf9 Zauchensee<br \/>\n<strong><em><span style=\"font-size: 0.8em;\"><a href=\"https:\/\/dicodusport.fr\/blog\/super-g-de-altenmarkt-zauchensee-40-eme-victoire-pour-lara-gut-behrami\/\">R\u00e9sum\u00e9<\/a> &#8211; <a href=\"https:\/\/dicodusport.fr\/blog\/classement-super-g-femmes-2-altenmarkt-zauchensee-2024\/\">Classement<\/a><\/span><\/em><\/strong><br \/>\n<\/span><\/td>\n<td style=\"text-align: center; vertical-align: middle; width: 160px;\"><strong><span style=\"font-size: 0.9em;\">\ud83c\udde8\ud83c\udded LARA GUT-BEHRAMI<\/span><\/strong><\/td>\n<td style=\"text-align: center; vertical-align: middle; width: 160px;\"><span style=\"font-size: 0.9em;\">\ud83c\udde6\ud83c\uddf9 CORNELIA HUETTER<\/span><\/td>\n<td style=\"text-align: center; vertical-align: middle; width: 160px;\"><span style=\"font-size: 0.9em;\">\ud83c\udde6\ud83c\uddf9 MIRJAM PUCHNER<\/span><\/td>\n<\/tr>\n<tr>\n<td style=\"text-align: center; vertical-align: middle; width: 160px;\"><span style=\"font-size: 0.9em;\"><b>Dim. 28 janvier<\/b><\/span><\/td>\n<td style=\"text-align: center; vertical-align: middle; width: 160px;\"><span style=\"font-size: 0.9em;\">\ud83c\uddee\ud83c\uddf9 Cortina d&rsquo;Ampezzo<br \/>\n<strong><em><span style=\"font-size: 0.8em;\"><a href=\"https:\/\/dicodusport.fr\/blog\/super-g-femmes-de-cortina-romane-miradoli-troisieme-lara-gut-behrami-simpose\/\">R\u00e9sum\u00e9<\/a> &#8211; <a href=\"https:\/\/dicodusport.fr\/blog\/classement-super-g-femmes-cortina-dampezzo-2024\/\">Classement<\/a><\/span><\/em><\/strong><br \/>\n<\/span><\/td>\n<td style=\"text-align: center; vertical-align: middle; width: 160px;\"><strong><span style=\"font-size: 0.9em;\">\ud83c\udde8\ud83c\udded LARA GUT-BEHRAMI<\/span><\/strong><\/td>\n<td style=\"text-align: center; vertical-align: middle; width: 160px;\"><span style=\"font-size: 0.9em;\">\ud83c\udde6\ud83c\uddf9 ST\u00c9PHANIE VENIER<\/span><\/td>\n<td style=\"text-align: center; vertical-align: middle; width: 160px;\"><span style=\"font-size: 0.9em;\">\ud83c\uddeb\ud83c\uddf7 ROMANE MIRADOLI<\/span><\/td>\n<\/tr>\n<tr>\n<td style=\"text-align: center; vertical-align: middle; width: 160px;\"><span style=\"font-size: 0.9em;\"><b>Dim. 4 f\u00e9vrier<\/b><\/span><\/td>\n<td style=\"text-align: center; vertical-align: middle; width: 160px;\"><span style=\"font-size: 0.9em;\">\ud83c\udde6\ud83c\uddf9 Garmisch-Partenkirchen<\/span><\/td>\n<td style=\"text-align: center; vertical-align: middle; width: 160px;\" colspan=\"3\"><strong><span style=\"font-size: 0.9em;\">ANNUL\u00c9<\/span><\/strong><\/td>\n<\/tr>\n<tr>\n<td style=\"text-align: center; vertical-align: middle; width: 160px;\"><span style=\"font-size: 0.9em;\"><b>Dim. 18 f\u00e9vrier<\/b><\/span><\/td>\n<td style=\"text-align: center; vertical-align: middle; width: 160px;\"><span style=\"font-size: 0.9em;\">\ud83c\udde8\ud83c\udded Crans-Montana<br \/>\n<strong><em><span style=\"font-size: 0.8em;\"><a href=\"https:\/\/dicodusport.fr\/blog\/super-g-femmes-crans-montana-2024-stephanie-venier-coiffe-federica-brignone-romane-miradoli-au-pied-du-podium\/\">R\u00e9sum\u00e9<\/a> &#8211; <a href=\"https:\/\/dicodusport.fr\/blog\/classement-super-g-femmes-crans-montana-2024\/\">Classement<\/a><\/span><\/em><\/strong><br \/>\n<\/span><\/td>\n<td style=\"text-align: center; vertical-align: middle; width: 160px;\"><strong><span style=\"font-size: 0.9em;\">\ud83c\udde6\ud83c\uddf9 ST\u00c9PHANIE VENIER<\/span><\/strong><\/td>\n<td style=\"text-align: center; vertical-align: middle; width: 160px;\"><span style=\"font-size: 0.9em;\">\ud83c\uddee\ud83c\uddf9 FEDERICA BRIGNONE<\/span><\/td>\n<td style=\"text-align: center; vertical-align: middle; width: 160px;\"><span style=\"font-size: 0.9em;\">\ud83c\uddee\ud83c\uddf9 MARTA BASSINO<\/span><\/td>\n<\/tr>\n<tr>\n<td style=\"text-align: center; vertical-align: middle; width: 160px;\"><span style=\"font-size: 0.9em;\"><b>Sam. 24 f\u00e9vrier<\/b><\/span><\/td>\n<td style=\"text-align: center; vertical-align: middle; width: 160px;\"><span style=\"font-size: 0.9em;\">\ud83c\uddee\ud83c\uddf9 Val di Fassa<\/span><\/td>\n<td style=\"text-align: center; vertical-align: middle; width: 160px;\" colspan=\"3\"><strong><span style=\"font-size: 0.9em;\">ANNUL\u00c9<\/span><\/strong><\/td>\n<\/tr>\n<tr>\n<td style=\"text-align: center; vertical-align: middle; width: 160px;\"><span style=\"font-size: 0.9em;\"><b>Dim. 25 f\u00e9vrier<\/b><\/span><\/td>\n<td style=\"text-align: center; vertical-align: middle; width: 160px;\"><span style=\"font-size: 0.9em;\">\ud83c\uddee\ud83c\uddf9 Val di Fassa<\/span><\/td>\n<td style=\"text-align: center; vertical-align: middle; width: 160px;\" colspan=\"3\"><strong><span style=\"font-size: 0.9em;\">ANNUL\u00c9<\/span><\/strong><\/td>\n<\/tr>\n<tr>\n<td style=\"text-align: center; vertical-align: middle; width: 160px;\"><span style=\"font-size: 0.9em;\"><b>Sam. 2 mars<\/b><\/span><\/td>\n<td style=\"text-align: center; vertical-align: middle; width: 160px;\"><span style=\"font-size: 0.9em;\">\ud83c\uddf3\ud83c\uddf4 Kvitfjell<br \/>\n<strong><em><span style=\"font-size: 0.8em;\"><a title=\"Super-G femmes Kvitfjell 2024 : Lara Gut-Behrami reprend sa marche en avant\" href=\"https:\/\/dicodusport.fr\/blog\/super-g-femmes-kvitfjell-2024-lara-gut-behrami-reprend-sa-marche-en-avant\/\" rel=\"\">R\u00e9sum\u00e9<\/a> &#8211; <a title=\"Classement Super-G femmes Kvitfjell 2024\" href=\"https:\/\/dicodusport.fr\/blog\/classement-descente-femmes-kvitfjell-2024\/\" rel=\"\">Classement<\/a><\/span><\/em><\/strong><br \/>\n<\/span><\/td>\n<td style=\"text-align: center; vertical-align: middle; width: 160px;\"><strong><span style=\"font-size: 0.9em;\">\ud83c\udde8\ud83c\udded LARA GUT-BEHRAMI<\/span><\/strong><\/td>\n<td style=\"text-align: center; vertical-align: middle; width: 160px;\"><span style=\"font-size: 0.9em;\">\ud83c\udde6\ud83c\uddf9 CORNELIA HUETTER<\/span><\/td>\n<td style=\"text-align: center; vertical-align: middle; width: 160px;\"><span style=\"font-size: 0.9em;\">\ud83c\udde6\ud83c\uddf9 MIRJAM PUCHNER<\/span><\/td>\n<\/tr>\n<tr>\n<td style=\"text-align: center; vertical-align: middle; width: 160px;\"><span style=\"font-size: 0.9em;\"><b>Dim. 3 mars<\/b><\/span><\/td>\n<td style=\"text-align: center; vertical-align: middle; width: 160px;\"><span style=\"font-size: 0.9em;\">\ud83c\uddf3\ud83c\uddf4 Kvitfjell<br \/>\n<strong><em><span style=\"font-size: 0.8em;\"><a title=\"Super-G femmes Kvitfjell 2 2024 : Federica Brignone remporte une course chaotique\" href=\"https:\/\/dicodusport.fr\/blog\/super-g-femmes-kvitfjell-2-2024-federica-brignone-remporte-une-course-chaotique\/\" rel=\"\">R\u00e9sum\u00e9<\/a> &#8211; <a title=\"Classement Super-G femmes Kvitfjell 2 2024\" href=\"https:\/\/dicodusport.fr\/blog\/classement-super-g-femmes-kvitfjell-2-2024\/\" rel=\"\">Classement<\/a><\/span><\/em><\/strong><br \/>\n<\/span><\/td>\n<td style=\"text-align: center; vertical-align: middle; width: 160px;\"><span style=\"font-size: 0.9em;\"><b>\ud83c\uddee\ud83c\uddf9 FEDERICA BRIGNONE<\/b><\/span><\/td>\n<td style=\"text-align: center; vertical-align: middle; width: 160px;\"><span style=\"font-size: 0.9em;\">\ud83c\udde8\ud83c\udded LARA GUT-BEHRAMI<\/span><\/td>\n<td style=\"text-align: center; vertical-align: middle; width: 160px;\"><span style=\"font-size: 0.9em;\">\ud83c\udde8\ud83c\uddff ESTER LEDECKA<\/span><\/td>\n<\/tr>\n<tr>\n<td style=\"text-align: center; vertical-align: middle; width: 160px;\"><span style=\"font-size: 0.9em;\"><b>Ven. 22 mars<\/b><\/span><\/td>\n<td style=\"text-align: center; vertical-align: middle; width: 160px;\"><span style=\"font-size: 0.9em;\">\ud83c\udde6\ud83c\uddf9 Saalbach (Finales)<br \/>\n<b><strong><em><span style=\"font-size: 0.8em;\"><a href=\"https:\/\/dicodusport.fr\/blog\/finales-ski-alpin-saalbach-ester-ledecka-rafle-le-dernier-super-g-un-nouveau-globe-pour-lara-gut-behrami\/\">R\u00e9sum\u00e9<\/a> &#8211; <a href=\"https:\/\/dicodusport.fr\/blog\/finales-ski-alpin-saalbach-classement-super-g-femmes\/\">Classement<\/a><\/span><\/em><\/strong><\/b><br \/>\n<\/span><\/td>\n<td style=\"text-align: center; vertical-align: middle; width: 160px;\"><span style=\"font-size: 0.9em;\"><b>\ud83c\udde8\ud83c\uddff ESTER LEDECKA<\/b><\/span><\/td>\n<td style=\"text-align: center; vertical-align: middle; width: 160px;\"><span style=\"font-size: 0.9em;\">\ud83c\uddee\ud83c\uddf9 FEDERICA BRIGNONE<\/span><\/td>\n<td style=\"text-align: center; vertical-align: middle; width: 160px;\"><span style=\"font-size: 0.9em;\">\ud83c\uddf3\ud83c\uddf4 KAJSA VICKHOFF LIE<\/span><\/td>\n<\/tr>\n<tr>\n<td style=\"text-align: center; vertical-align: middle; width: 800px;\" colspan=\"5\"><span style=\"font-size: 0.9em;\"><strong>PETIT GLOBE : \ud83c\udde8\ud83c\udded LARA GUT-BEHRAMI<\/strong><\/span><\/td>\n<\/tr>\n<tr>\n<td style=\"width: 800px; background-color: #099acf; text-align: center; vertical-align: middle;\" colspan=\"5\"><span style=\"color: #ffffff;\"><strong>G\u00c9ANT<\/strong><\/span><\/td>\n<\/tr>\n<tr>\n<td style=\"width: 160px; background-color: #003850; text-align: center; vertical-align: middle;\"><span style=\"color: #ffffff; font-size: 0.9em;\"><strong>Date<\/strong><\/span><\/td>\n<td style=\"width: 160px; background-color: #003850; text-align: center; vertical-align: middle;\"><span style=\"color: #ffffff; font-size: 0.9em;\"><strong>Lieu<\/strong><\/span><\/td>\n<td style=\"width: 160px; background-color: #003850; text-align: center; vertical-align: middle;\"><span style=\"color: #ffffff; font-size: 0.9em;\"><strong>Vainqueur<\/strong><\/span><\/td>\n<td style=\"width: 160px; background-color: #003850; text-align: center; vertical-align: middle;\"><span style=\"color: #ffffff; font-size: 0.9em;\"><strong>Deuxi\u00e8me<\/strong><\/span><\/td>\n<td style=\"width: 160px; background-color: #003850; text-align: center; vertical-align: middle;\"><span style=\"color: #ffffff; font-size: 0.9em;\"><strong>Troisi\u00e8me<\/strong><\/span><\/td>\n<\/tr>\n<tr>\n<td style=\"text-align: center; vertical-align: middle; width: 160px;\"><span style=\"font-size: 0.9em;\"><b>Sam. 28 octobre<\/b><\/span><\/td>\n<td style=\"text-align: center; vertical-align: middle; width: 160px;\"><span style=\"font-size: 0.9em;\">\ud83c\udde6\ud83c\uddf9 S\u00f6lden<br \/>\n<strong><em><span style=\"font-size: 0.8em;\"><a href=\"https:\/\/dicodusport.fr\/blog\/geant-solden-femmes-2023-lara-gut-behrami-coiffe-federica-brignone-et-rafle-la-mise\/\">R\u00e9sum\u00e9<\/a> &#8211; <a href=\"https:\/\/dicodusport.fr\/blog\/classement-geant-solden-femmes-2023\/\">Classement<\/a><\/span><\/em><\/strong><br \/>\n<\/span><\/td>\n<td style=\"text-align: center; font-size: 0.9em; vertical-align: middle; width: 160px;\"><strong>\ud83c\udde8\ud83c\udded LARA GUT-BEHRAMI<\/strong><\/td>\n<td style=\"text-align: center; font-size: 0.9em; vertical-align: middle; width: 160px;\">\ud83c\uddee\ud83c\uddf9 MARTINA BERTA<\/td>\n<td style=\"text-align: center; font-size: 0.9em; vertical-align: middle; width: 160px;\">\ud83c\uddf8\ud83c\uddf0 PETRA VLHOVA<\/td>\n<\/tr>\n<tr>\n<td style=\"text-align: center; vertical-align: middle; width: 160px;\"><span style=\"font-size: 0.9em;\"><b>Sam. 25 novembre<\/b><\/span><\/td>\n<td style=\"text-align: center; vertical-align: middle; width: 160px;\"><span style=\"font-size: 0.9em;\">\ud83c\uddfa\ud83c\uddf8 Killington<br \/>\n<strong><em><span style=\"font-size: 0.8em;\"><a href=\"https:\/\/dicodusport.fr\/blog\/geant-de-killington-lara-gut-behrami-remet-ca\/\">R\u00e9sum\u00e9<\/a> &#8211; <a href=\"https:\/\/dicodusport.fr\/blog\/classement-geant-femmes-killington-2023\/\">Classement<\/a><\/span><\/em><\/strong><br \/>\n<\/span><\/td>\n<td style=\"text-align: center; font-size: 0.9em; vertical-align: middle; width: 160px;\"><strong>\ud83c\udde8\ud83c\udded LARA GUT-BEHRAMI<\/strong><\/td>\n<td style=\"text-align: center; font-size: 0.9em; vertical-align: middle; width: 160px;\">\ud83c\uddf3\ud83c\uddff ALICE ROBINSON<\/td>\n<td style=\"text-align: center; font-size: 0.9em; vertical-align: middle; width: 160px;\">\ud83c\uddfa\ud83c\uddf8 MIKAELA SHIFFRIN<\/td>\n<\/tr>\n<tr>\n<td style=\"text-align: center; vertical-align: middle; width: 160px;\"><span style=\"font-size: 0.9em;\"><b>Sam. 2 d\u00e9cembre<\/b><\/span><\/td>\n<td style=\"text-align: center; vertical-align: middle; width: 160px;\"><span style=\"font-size: 0.9em;\">\ud83c\udde8\ud83c\udde6 Tremblant<br \/>\n<strong><em><span style=\"font-size: 0.8em;\"><a href=\"https:\/\/dicodusport.fr\/blog\/geant-de-mont-tremblant-federica-brignone-simpose-en-championne\/\">R\u00e9sum\u00e9<\/a> &#8211; <a href=\"https:\/\/dicodusport.fr\/blog\/classement-geant-femmes-mont-tremblant-2023\/\">Classement<\/a><\/span><\/em><\/strong><br \/>\n<\/span><\/td>\n<td style=\"text-align: center; vertical-align: middle; width: 160px;\"><strong><span style=\"font-size: 0.9em;\">\ud83c\uddee\ud83c\uddf9 MARTINA BERTA<\/span><\/strong><\/td>\n<td style=\"text-align: center; vertical-align: middle; width: 160px;\"><span style=\"font-size: 0.9em;\">\ud83c\uddf8\ud83c\uddf0 PETRA VLHOVA<\/span><\/td>\n<td style=\"text-align: center; vertical-align: middle; width: 160px;\"><span style=\"font-size: 0.9em;\">\ud83c\uddfa\ud83c\uddf8 MIKAELA SHIFFRIN<\/span><\/td>\n<\/tr>\n<tr>\n<td style=\"text-align: center; vertical-align: middle; width: 160px;\"><span style=\"font-size: 0.9em;\"><b>Dim. 3 d\u00e9cembre<\/b><\/span><\/td>\n<td style=\"text-align: center; vertical-align: middle; width: 160px;\"><span style=\"font-size: 0.9em;\">\ud83c\udde8\ud83c\udde6 Tremblant<br \/>\n<strong><em><span style=\"font-size: 0.8em;\"><a title=\"G\u00e9ant de Mont-Tremblant : Le doubl\u00e9 pour Federica Brignone, Clara Direz au pied du podium\" href=\"https:\/\/dicodusport.fr\/blog\/geant-de-mont-tremblant-le-double-pour-federica-brignone-clara-direz-au-pied-du-podium\/\" rel=\"\">R\u00e9sum\u00e9<\/a> &#8211; <a href=\"https:\/\/dicodusport.fr\/blog\/classement-geant-femmes-2-mont-tremblant-2023\/\">Classement<\/a><\/span><\/em><\/strong><br \/>\n<\/span><\/td>\n<td style=\"text-align: center; vertical-align: middle; width: 160px;\"><span style=\"font-size: 0.9em;\"><b>\ud83c\uddee\ud83c\uddf9 FEDERICA BRIGNONE<\/b><\/span><\/td>\n<td style=\"text-align: center; vertical-align: middle; width: 160px;\"><span style=\"font-size: 0.9em;\">\ud83c\udde8\ud83c\udded LARA GUT-BEHRAMI<\/span><\/td>\n<td style=\"text-align: center; vertical-align: middle; width: 160px;\"><span style=\"font-size: 0.9em;\">\ud83c\uddfa\ud83c\uddf8 MIKAELA SHIFFRIN<\/span><\/td>\n<\/tr>\n<tr>\n<td style=\"text-align: center; vertical-align: middle; width: 160px;\"><span style=\"font-size: 0.9em;\"><b>Jeu. 28 d\u00e9cembre<\/b><\/span><\/td>\n<td style=\"text-align: center; vertical-align: middle; width: 160px;\"><span style=\"font-size: 0.9em;\">\ud83c\udde6\ud83c\uddf9 Lienz<br \/>\n<strong><em><span style=\"font-size: 0.8em;\"><a href=\"https:\/\/dicodusport.fr\/blog\/geant-de-lienz-mikaela-shiffrin-simpose-tout-en-controle\/\">R\u00e9sum\u00e9<\/a> &#8211; <a href=\"https:\/\/dicodusport.fr\/blog\/classement-geant-femmes-lienz-2023\/\">Classement<\/a><\/span><\/em><\/strong><br \/>\n<\/span><\/td>\n<td style=\"text-align: center; vertical-align: middle; width: 160px;\"><strong><span style=\"font-size: 0.9em;\">\ud83c\uddfa\ud83c\uddf8 MIKAELA SHIFFRIN<\/span><\/strong><\/td>\n<td style=\"text-align: center; vertical-align: middle; width: 160px;\"><span style=\"font-size: 0.9em;\">\ud83c\uddee\ud83c\uddf9 FEDERICA BRIGNONE<\/span><\/td>\n<td style=\"text-align: center; vertical-align: middle; width: 160px;\"><span style=\"font-size: 0.9em;\">\ud83c\uddf8\ud83c\uddea SARA HECTOR<\/span><\/td>\n<\/tr>\n<tr>\n<td style=\"text-align: center; vertical-align: middle; width: 160px;\"><span style=\"font-size: 0.9em;\"><b>Sam. 6 janvier<\/b><\/span><\/td>\n<td style=\"text-align: center; vertical-align: middle; width: 160px;\"><span style=\"font-size: 0.9em;\">\ud83c\uddf8\ud83c\uddee Kranjska Gora<br \/>\n<strong><em><span style=\"font-size: 0.8em;\"><a href=\"https:\/\/dicodusport.fr\/blog\/geant-femmes-kranjska-gora-2024-etincelante-valerie-grenier-remet-ca-en-slovenie\/\">R\u00e9sum\u00e9<\/a> &#8211; <a href=\"https:\/\/dicodusport.fr\/blog\/classement-geant-femmes-kranjska-gora-2024\/\">Classement<\/a><\/span><\/em><\/strong><br \/>\n<\/span><\/td>\n<td style=\"text-align: center; vertical-align: middle; width: 160px;\"><strong><span style=\"font-size: 0.9em;\">\ud83c\udde8\ud83c\udde6 VAL\u00c9RIE GRENIER<\/span><\/strong><\/td>\n<td style=\"text-align: center; vertical-align: middle; width: 160px;\"><span style=\"font-size: 0.9em;\">\ud83c\udde8\ud83c\udded LARA GUT-BEHRAMI<\/span><\/td>\n<td style=\"text-align: center; vertical-align: middle; width: 160px;\"><span style=\"font-size: 0.9em;\">\ud83c\uddee\ud83c\uddf9 FEDERICA BRIGNONE<\/span><\/td>\n<\/tr>\n<tr>\n<td style=\"text-align: center; vertical-align: middle; width: 160px;\"><span style=\"font-size: 0.9em;\"><b>Sam. 20 janvier<\/b><\/span><\/td>\n<td style=\"text-align: center; vertical-align: middle; width: 160px;\"><span style=\"font-size: 0.9em;\">\ud83c\uddf8\ud83c\uddf0 Jasna<br \/>\n<strong><em><span style=\"font-size: 0.8em;\"><a href=\"https:\/\/dicodusport.fr\/blog\/geant-femmes-de-jasna-sara-hector-domine-la-concurrence\/\">R\u00e9sum\u00e9<\/a> &#8211; <a href=\"https:\/\/dicodusport.fr\/blog\/classement-geant-femmes-jasna-2024\/\">Classement<\/a><\/span><\/em><\/strong><br \/>\n<\/span><\/td>\n<td style=\"text-align: center; vertical-align: middle; width: 160px;\"><strong><span style=\"font-size: 0.9em;\">\ud83c\uddf8\ud83c\uddea SARA HECTOR<\/span><\/strong><\/td>\n<td style=\"text-align: center; vertical-align: middle; width: 160px;\"><span style=\"font-size: 0.9em;\">\ud83c\uddfa\ud83c\uddf8 MIKAELA SHIFFRIN<\/span><\/td>\n<td style=\"text-align: center; vertical-align: middle; width: 160px;\"><span style=\"font-size: 0.9em;\">\ud83c\uddf3\ud83c\uddff ALICE ROBINS<\/span><span style=\"font-size: 0.9em;\">ON<\/span><\/td>\n<\/tr>\n<tr>\n<td style=\"text-align: center; vertical-align: middle; width: 160px;\"><span style=\"font-size: 0.9em;\"><b>Mar. 30 janvier<\/b><\/span><\/td>\n<td style=\"text-align: center; vertical-align: middle; width: 160px;\"><span style=\"font-size: 0.9em;\">\ud83c\udde6\ud83c\uddf9 Kronplatz<br \/>\n<strong><em><span style=\"font-size: 0.8em;\"><a href=\"https:\/\/dicodusport.fr\/blog\/geant-femmes-kronplatz-imperiale-lara-gut-behrami\/\">R\u00e9sum\u00e9<\/a> &#8211; <a href=\"https:\/\/dicodusport.fr\/blog\/classement-geant-femmes-kronplatz-2024\/\">Classement<\/a><\/span><\/em><\/strong><br \/>\n<\/span><\/td>\n<td style=\"text-align: center; vertical-align: middle; width: 160px;\"><strong><span style=\"font-size: 0.9em;\">\ud83c\udde8\ud83c\udded LARA GUT-BEHRAMI<\/span><\/strong><\/td>\n<td style=\"text-align: center; vertical-align: middle; width: 160px;\"><span style=\"font-size: 0.9em;\">\ud83c\uddf3\ud83c\uddff ALICE ROBINSON<br \/>\n\ud83c\uddf8\ud83c\uddea SARA HECTOR<br \/>\n<\/span><\/td>\n<td style=\"text-align: center; font-size: 0.8em; vertical-align: middle; width: 160px;\">&#8211;<\/td>\n<\/tr>\n<tr>\n<td style=\"text-align: center; vertical-align: middle; width: 160px;\"><span style=\"font-size: 0.9em;\"><b>Sam. 10 f\u00e9vrier<\/b><\/span><\/td>\n<td style=\"text-align: center; vertical-align: middle; width: 160px;\"><span style=\"font-size: 0.9em;\">\ud83c\udde6\ud83c\udde9 Soldeu<br \/>\n<strong><em><span style=\"font-size: 0.8em;\"><a href=\"https:\/\/dicodusport.fr\/blog\/geant-femmes-de-soldeu-lara-gut-behrami-fait-carton-plein\/\">R\u00e9sum\u00e9<\/a> &#8211; <a href=\"https:\/\/dicodusport.fr\/blog\/classement-geant-femmes-soldeu-2024\/\">Classement<\/a><\/span><\/em><\/strong><br \/>\n<\/span><\/td>\n<td style=\"text-align: center; vertical-align: middle; width: 160px;\"><strong><span style=\"font-size: 0.9em;\">\ud83c\udde8\ud83c\udded LARA GUT-BEHRAMI<\/span><\/strong><\/td>\n<td style=\"text-align: center; vertical-align: middle; width: 160px;\"><span style=\"font-size: 0.9em;\">\ud83c\uddf3\ud83c\uddff ALICE ROBINS<\/span><span style=\"font-size: 0.9em;\">ON<\/span><\/td>\n<td style=\"text-align: center; vertical-align: middle; width: 160px;\"><span style=\"font-size: 0.9em;\">\ud83c\uddfa\ud83c\uddf8 AJ HURT<\/span><\/td>\n<\/tr>\n<tr>\n<td style=\"text-align: center; vertical-align: middle; width: 160px;\"><span style=\"font-size: 0.9em;\"><b>Sam. 9 mars<\/b><\/span><\/td>\n<td style=\"text-align: center; vertical-align: middle; width: 160px;\"><span style=\"font-size: 0.9em;\">\ud83c\uddf8\ud83c\uddea Are<br \/>\n<strong><em><span style=\"font-size: 0.8em;\"><a href=\"https:\/\/dicodusport.fr\/blog\/geant-femmes-dare-federica-brignone-simpose-lara-gut-behrami-se-rapproche-du-gros-globe\/\">R\u00e9sum\u00e9<\/a> &#8211; <a href=\"https:\/\/dicodusport.fr\/blog\/classement-geant-femmes-are-2024\/\">Classement<\/a><\/span><\/em><\/strong><br \/>\n<\/span><\/td>\n<td style=\"text-align: center; vertical-align: middle; width: 160px;\"><strong><span style=\"font-size: 0.9em;\">\ud83c\uddee\ud83c\uddf9 FEDERICA BRIGNONE<\/span><\/strong><\/td>\n<td style=\"text-align: center; vertical-align: middle; width: 160px;\"><span style=\"font-size: 0.9em;\">\ud83c\uddf8\ud83c\uddea SARA HECTOR<\/span><\/td>\n<td style=\"text-align: center; vertical-align: middle; width: 160px;\"><span style=\"font-size: 0.9em;\">\ud83c\udde8\ud83c\udded LARA GUT-BEHRAMI<\/span><\/td>\n<\/tr>\n<tr>\n<td style=\"text-align: center; vertical-align: middle; width: 160px;\"><span style=\"font-size: 0.9em;\"><b>Dim. 17 mars<\/b><\/span><\/td>\n<td style=\"text-align: center; vertical-align: middle; width: 160px;\"><span style=\"font-size: 0.9em;\">\ud83c\udde6\ud83c\uddf9 Saalbach (Finales)<br \/>\n<b><strong><em><span style=\"font-size: 0.8em;\"><a href=\"https:\/\/dicodusport.fr\/blog\/finales-ski-alpin-saalbach-le-dernier-geant-pour-brignone-les-globes-pour-gut-behrami\/\">R\u00e9sum\u00e9<\/a> &#8211; <a href=\"https:\/\/dicodusport.fr\/blog\/finales-ski-alpin-saalbach-classement-geant-femmes\/\">Classement<\/a><\/span><\/em><\/strong><\/b><br \/>\n<\/span><\/td>\n<td style=\"text-align: center; vertical-align: middle; width: 160px;\"><strong><span style=\"font-size: 0.9em;\">\ud83c\uddee\ud83c\uddf9 FEDERICA BRIGNONE<\/span><\/strong><\/td>\n<td style=\"text-align: center; vertical-align: middle; width: 160px;\"><span style=\"font-size: 0.9em;\">\ud83c\uddf3\ud83c\uddff ALICE ROBINSON<\/span><\/td>\n<td style=\"text-align: center; vertical-align: middle; width: 160px;\"><span style=\"font-size: 0.9em;\">\ud83c\uddf3\ud83c\uddf4 THEA LOUISE STJERNESUND<\/span><\/td>\n<\/tr>\n<tr>\n<td style=\"text-align: center; vertical-align: middle; width: 800px;\" colspan=\"5\"><span style=\"font-size: 0.9em;\"><strong>PETIT GLOBE : \ud83c\uddee\ud83c\uddf9 FEDERICA BRIGNONE<\/strong><\/span><\/td>\n<\/tr>\n<tr>\n<td style=\"width: 800px; background-color: #099acf; text-align: center; vertical-align: middle;\" colspan=\"5\"><span style=\"color: #ffffff;\"><strong>SLALOM<\/strong><\/span><\/td>\n<\/tr>\n<tr>\n<td style=\"width: 160px; background-color: #003850; text-align: center; vertical-align: middle;\"><span style=\"color: #ffffff; font-size: 0.9em;\"><strong>Date<\/strong><\/span><\/td>\n<td style=\"width: 160px; background-color: #003850; text-align: center; vertical-align: middle;\"><span style=\"color: #ffffff; font-size: 0.9em;\"><strong>Lieu<\/strong><\/span><\/td>\n<td style=\"width: 160px; background-color: #003850; text-align: center; vertical-align: middle;\"><span style=\"color: #ffffff; font-size: 0.9em;\"><strong>Vainqueur<\/strong><\/span><\/td>\n<td style=\"width: 160px; background-color: #003850; text-align: center; vertical-align: middle;\"><span style=\"color: #ffffff; font-size: 0.9em;\"><strong>Deuxi\u00e8me<\/strong><\/span><\/td>\n<td style=\"width: 160px; background-color: #003850; text-align: center; vertical-align: middle;\"><span style=\"color: #ffffff; font-size: 0.9em;\"><strong>Troisi\u00e8me<\/strong><\/span><\/td>\n<\/tr>\n<tr>\n<td style=\"text-align: center; vertical-align: middle; width: 160px;\"><span style=\"font-size: 0.9em;\"><b>Sam. 11 novembre<\/b><\/span><\/td>\n<td style=\"text-align: center; vertical-align: middle; width: 160px;\"><span style=\"font-size: 0.9em;\">\ud83c\uddeb\ud83c\uddee Levi<br \/>\n<strong><em><span style=\"font-size: 0.8em;\"><a href=\"https:\/\/dicodusport.fr\/blog\/slalom-levi-femmes-2023-et-de-six-pour-petra-vlhova-en-finlande\/\">R\u00e9sum\u00e9<\/a> &#8211; <a href=\"https:\/\/dicodusport.fr\/blog\/classement-slalom-levi-femmes-2023\/\">Classement<\/a><\/span><\/em><\/strong><br \/>\n<\/span><\/td>\n<td style=\"text-align: center; font-size: 0.9em; vertical-align: middle; width: 160px;\"><strong>\ud83c\uddf8\ud83c\uddf0 PETRA VLHOVA<\/strong><\/td>\n<td style=\"text-align: center; font-size: 0.9em; vertical-align: middle; width: 160px;\">\ud83c\udde9\ud83c\uddea LENA DUERR<\/td>\n<td style=\"text-align: center; font-size: 0.9em; vertical-align: middle; width: 160px;\">\ud83c\udde6\ud83c\uddf9 KATHARINA LIENSBERGER<\/td>\n<\/tr>\n<tr>\n<td style=\"text-align: center; vertical-align: middle; width: 160px;\"><span style=\"font-size: 0.9em;\"><b>Dim. 12 novembre<\/b><\/span><\/td>\n<td style=\"text-align: center; vertical-align: middle; width: 160px;\"><span style=\"font-size: 0.9em;\">\ud83c\uddeb\ud83c\uddee Levi<br \/>\n<strong><em><span style=\"font-size: 0.8em;\"><a href=\"https:\/\/dicodusport.fr\/blog\/slalom-de-levi-89eme-victoire-en-coupe-du-monde-pour-mikaela-shiffrin\/\">R\u00e9sum\u00e9<\/a> &#8211; <a href=\"https:\/\/dicodusport.fr\/blog\/classement-du-deuxieme-slalom-de-levi-femmes-2023\/\">Classement<\/a><\/span><\/em><\/strong><br \/>\n<\/span><\/td>\n<td style=\"text-align: center; font-size: 0.9em; vertical-align: middle; width: 160px;\"><strong>\ud83c\uddfa\ud83c\uddf8 MIKAELA SHIFFRIN<\/strong><\/td>\n<td style=\"text-align: center; font-size: 0.9em; vertical-align: middle; width: 160px;\">\ud83c\udded\ud83c\uddf7 LEONA POPOVIC<\/td>\n<td style=\"text-align: center; font-size: 0.9em; vertical-align: middle; width: 160px;\">\ud83c\udde9\ud83c\uddea LENA DUERR<\/td>\n<\/tr>\n<tr>\n<td style=\"text-align: center; vertical-align: middle; width: 160px;\"><span style=\"font-size: 0.9em;\"><b>Dim. 26 novembre<\/b><\/span><\/td>\n<td style=\"text-align: center; vertical-align: middle; width: 160px;\"><span style=\"font-size: 0.9em;\">\ud83c\uddfa\ud83c\uddf8 Killington<br \/>\n<strong><em><span style=\"font-size: 0.8em;\"><a href=\"https:\/\/dicodusport.fr\/blog\/slalom-de-killington-mikaela-shiffrin-simpose-en-patronne\/\">R\u00e9sum\u00e9<\/a> &#8211; <a href=\"https:\/\/dicodusport.fr\/blog\/classement-slalom-femmes-killington-2023\/\">Classement<\/a><\/span><\/em><\/strong><br \/>\n<\/span><\/td>\n<td style=\"text-align: center; font-size: 0.9em; vertical-align: middle; width: 160px;\"><strong><span style=\"font-size: 0.9em;\">\ud83c\uddfa\ud83c\uddf8<\/span> MIKAELA SHIFFRIN<\/strong><\/td>\n<td style=\"text-align: center; font-size: 0.9em; vertical-align: middle; width: 160px;\">\ud83c\uddf8\ud83c\uddf0 PETRA VLHOVA<\/td>\n<td style=\"text-align: center; font-size: 0.9em; vertical-align: middle; width: 160px;\"><span style=\"font-size: 0.9em;\">\ud83c\udde8\ud83c\udded<\/span> WENDY HOLDENER<\/td>\n<\/tr>\n<tr>\n<td style=\"text-align: center; vertical-align: middle; width: 160px;\"><span style=\"font-size: 0.9em;\"><b>Jeu. 21 d\u00e9cembre<\/b><\/span><\/td>\n<td style=\"text-align: center; vertical-align: middle; width: 160px;\"><span style=\"font-size: 0.9em;\">\ud83c\uddeb\ud83c\uddf7 Courchevel<br \/>\n<strong><em><span style=\"font-size: 0.8em;\"><a href=\"https:\/\/dicodusport.fr\/blog\/slalom-femmes-courchevel-deuxieme-victoire-de-la-saison-pour-petra-vlhova\/\">R\u00e9sum\u00e9<\/a> &#8211; <a href=\"https:\/\/dicodusport.fr\/blog\/classement-slalom-femmes-courchevel-2023\/\">Classement<\/a><\/span><\/em><\/strong><br \/>\n<\/span><\/td>\n<td style=\"text-align: center; font-size: 0.9em; vertical-align: middle; width: 160px;\"><strong>\ud83c\uddf8\ud83c\uddf0 PETRA VLHOVA<\/strong><\/td>\n<td style=\"text-align: center; font-size: 0.9em; vertical-align: middle; width: 160px;\"><span style=\"font-size: 0.9em;\">\ud83c\uddfa\ud83c\uddf8<\/span> MIKAELA SHIFFRIN<\/td>\n<td style=\"text-align: center; font-size: 0.9em; vertical-align: middle; width: 160px;\">\ud83c\udde6\ud83c\uddf9 KATHARINA TRUPPE<\/td>\n<\/tr>\n<tr>\n<td style=\"text-align: center; vertical-align: middle; width: 160px;\"><span style=\"font-size: 0.9em;\"><b>Ven. 29 d\u00e9cembre<\/b><\/span><\/td>\n<td style=\"text-align: center; vertical-align: middle; width: 160px;\"><span style=\"font-size: 0.9em;\">\ud83c\udde6\ud83c\uddf9 Lienz<br \/>\n<strong><em><span style=\"font-size: 0.8em;\"><a href=\"https:\/\/dicodusport.fr\/blog\/slalom-femmes-lienz-2023-encore-un-succes-pour-lintouchable-mikaela-shiffrin\/\">R\u00e9sum\u00e9<\/a> &#8211; <a href=\"https:\/\/dicodusport.fr\/blog\/classement-slalom-femmes-lienz-2023\/\">Classement<\/a><\/span><\/em><\/strong><br \/>\n<\/span><\/td>\n<td style=\"text-align: center; font-size: 0.9em; vertical-align: middle; width: 160px;\"><strong><span style=\"font-size: 0.9em;\">\ud83c\uddfa\ud83c\uddf8<\/span> MIKAELA SHIFFRIN<\/strong><\/td>\n<td style=\"text-align: center; font-size: 0.9em; vertical-align: middle; width: 160px;\">\ud83c\udde9\ud83c\uddea LENA DUERR<\/td>\n<td style=\"text-align: center; font-size: 0.9em; vertical-align: middle; width: 160px;\"><span style=\"font-size: 0.9em;\">\ud83c\udde8\ud83c\udded MICHELLE GISIN<\/span><\/td>\n<\/tr>\n<tr>\n<td style=\"text-align: center; vertical-align: middle; width: 160px;\"><span style=\"font-size: 0.9em;\"><b>Dim. 7 janvier<\/b><\/span><\/td>\n<td style=\"text-align: center; vertical-align: middle; width: 160px;\"><span style=\"font-size: 0.9em;\">\ud83c\uddf8\ud83c\uddee Kranjska Gora<br \/>\n<strong><em><span style=\"font-size: 0.8em;\"><a href=\"https:\/\/dicodusport.fr\/blog\/slalom-femmes-de-kranjska-gora-petra-vlhova-simpose-sans-rivale-mikaela-shiffrin-out\/\">R\u00e9sum\u00e9<\/a> &#8211; <a href=\"https:\/\/dicodusport.fr\/blog\/slalom-femmes-de-kranjska-gora-petra-vlhova-simpose-sans-rivale-mikaela-shiffrin-out\/\">Classement<\/a><\/span><\/em><\/strong><br \/>\n<\/span><\/td>\n<td style=\"text-align: center; font-size: 0.9em; vertical-align: middle; width: 160px;\"><strong>\ud83c\uddf8\ud83c\uddf0 PETRA VLHOVA<\/strong><\/td>\n<td style=\"text-align: center; font-size: 0.9em; vertical-align: middle; width: 160px;\">\ud83c\udde9\ud83c\uddea LENA DUERR<\/td>\n<td style=\"text-align: center; font-size: 0.9em; vertical-align: middle; width: 160px;\">\ud83c\uddfa\ud83c\uddf8 AJ HURT<\/td>\n<\/tr>\n<tr>\n<td style=\"text-align: center; vertical-align: middle; width: 160px;\"><span style=\"font-size: 0.9em;\"><b>Mar. 16 janvier<\/b><\/span><\/td>\n<td style=\"text-align: center; vertical-align: middle; width: 160px;\"><span style=\"font-size: 0.9em;\">\ud83c\udde6\ud83c\uddf9 Flachau<br \/>\n<strong><em><span style=\"font-size: 0.8em;\"><a href=\"https:\/\/dicodusport.fr\/blog\/slalom-femmes-de-flachau-mikaela-shiffrin-domine-petra-vlhova\/\">R\u00e9sum\u00e9<\/a> &#8211; <a href=\"https:\/\/dicodusport.fr\/blog\/classement-slalom-femmes-flachau-2024\/\">Classement<\/a><\/span><\/em><\/strong><br \/>\n<\/span><\/td>\n<td style=\"text-align: center; font-size: 0.9em; vertical-align: middle; width: 160px;\"><strong> <span style=\"font-size: 0.9em;\">\ud83c\uddfa\ud83c\uddf8<\/span> MIKAELA SHIFFRIN<\/strong><\/td>\n<td style=\"text-align: center; font-size: 0.9em; vertical-align: middle; width: 160px;\">\ud83c\uddf8\ud83c\uddf0 PETRA VLHOVA<\/td>\n<td style=\"text-align: center; font-size: 0.9em; vertical-align: middle; width: 160px;\">\ud83c\uddf8\ud83c\uddea SARA HECTOR<\/td>\n<\/tr>\n<tr>\n<td style=\"text-align: center; vertical-align: middle; width: 160px;\"><span style=\"font-size: 0.9em;\"><b>Dim. 21 janvier<\/b><\/span><\/td>\n<td style=\"text-align: center; vertical-align: middle; width: 160px;\"><span style=\"font-size: 0.9em;\">\ud83c\uddf8\ud83c\uddf0 Jasna<br \/>\n<strong><em><span style=\"font-size: 0.8em;\"><a href=\"https:\/\/dicodusport.fr\/blog\/slalom-femmes-de-jasna-95eme-victoire-pour-mikaela-shiffrin\/\">R\u00e9sum\u00e9<\/a> &#8211; <a href=\"https:\/\/dicodusport.fr\/blog\/classement-slalom-femmes-jasna-2024\/\">Classement<\/a><\/span><\/em><\/strong><br \/>\n<\/span><\/td>\n<td style=\"text-align: center; font-size: 0.9em; vertical-align: middle; width: 160px;\"><strong> <span style=\"font-size: 0.9em;\">\ud83c\uddfa\ud83c\uddf8<\/span> MIKAELA SHIFFRIN<\/strong><\/td>\n<td style=\"text-align: center; font-size: 0.9em; vertical-align: middle; width: 160px;\">\ud83c\udded\ud83c\uddf7 ZRINKA LJUTIC<\/td>\n<td style=\"text-align: center; font-size: 0.9em; vertical-align: middle; width: 160px;\">\ud83c\uddf8\ud83c\uddea ANNA SWENN LARSSON<\/td>\n<\/tr>\n<tr>\n<td style=\"text-align: center; vertical-align: middle; width: 160px;\"><span style=\"font-size: 0.9em;\"><b>Dim. 11 f\u00e9vrier<\/b><\/span><\/td>\n<td style=\"text-align: center; vertical-align: middle; width: 160px;\"><span style=\"font-size: 0.9em;\">\ud83c\udde6\ud83c\udde9 Soldeu<br \/>\n<strong><em><span style=\"font-size: 0.8em;\"><a href=\"https:\/\/dicodusport.fr\/blog\/slalom-femmes-de-soldeu-anna-swenn-larsson-simpose\/\">R\u00e9sum\u00e9<\/a> &#8211; <a href=\"https:\/\/dicodusport.fr\/blog\/classement-slalom-femmes-soldeu-2024\/\">Classement<\/a><\/span><\/em><\/strong><br \/>\n<\/span><\/td>\n<td style=\"text-align: center; font-size: 0.9em; vertical-align: middle; width: 160px;\"><strong>\ud83c\uddf8\ud83c\uddea ANNA SWENN LARSSON<\/strong><\/td>\n<td style=\"text-align: center; font-size: 0.9em; vertical-align: middle; width: 160px;\">\ud83c\udded\ud83c\uddf7 ZRINKA LJUTIC<\/td>\n<td style=\"text-align: center; font-size: 0.9em; vertical-align: middle; width: 160px;\">\ud83c\uddfa\ud83c\uddf8 PAULA MOLTZAN<\/td>\n<\/tr>\n<tr>\n<td style=\"text-align: center; vertical-align: middle; width: 160px;\"><span style=\"font-size: 0.9em;\"><b>Dim. 10 mars<\/b><\/span><\/td>\n<td style=\"text-align: center; vertical-align: middle; width: 160px;\"><span style=\"font-size: 0.9em;\">\ud83c\uddf8\ud83c\uddea Are<br \/>\n<strong><em><span style=\"font-size: 0.8em;\"><a href=\"https:\/\/dicodusport.fr\/blog\/slalom-femmes-are-2024-mikaela-shiffrin-rafle-la-victoire-et-le-petit-globe-pour-son-retour\/\">R\u00e9sum\u00e9<\/a> &#8211; <a href=\"https:\/\/dicodusport.fr\/blog\/classement-slalom-femmes-are-2024\/\">Classement<\/a><\/span><\/em><\/strong><br \/>\n<\/span><\/td>\n<td style=\"text-align: center; font-size: 0.9em; vertical-align: middle; width: 160px;\"><strong> \ud83c\uddfa\ud83c\uddf8 MIKAELA SHIFFRIN<\/strong><\/td>\n<td style=\"text-align: center; font-size: 0.9em; vertical-align: middle; width: 160px;\">\ud83c\udded\ud83c\uddf7 ZRINKA LJUTIC<\/td>\n<td style=\"text-align: center; font-size: 0.9em; vertical-align: middle; width: 160px;\">\ud83c\udde8\ud83c\udded MICHELLE GISIN<\/td>\n<\/tr>\n<tr>\n<td style=\"text-align: center; vertical-align: middle; width: 160px;\"><span style=\"font-size: 0.9em;\"><b>Sam. 16 mars<\/b><\/span><\/td>\n<td style=\"text-align: center; vertical-align: middle; width: 160px;\"><span style=\"font-size: 0.9em;\">\ud83c\udde6\ud83c\uddf9 Saalbach (Finales)<br \/>\n<strong><em><span style=\"font-size: 0.8em;\"><a href=\"https:\/\/dicodusport.fr\/blog\/finales-ski-alpin-saalbach-classement-slalom-femmes\/\">R\u00e9sum\u00e9<\/a> &#8211; <a href=\"https:\/\/dicodusport.fr\/blog\/finales-ski-alpin-saalbach-la-reine-mikaela-shiffrin-remporte-le-slalom\/\">Classement<\/a><\/span><\/em><\/strong><br \/>\n<\/span><\/td>\n<td style=\"text-align: center; font-size: 0.9em; vertical-align: middle; width: 160px;\"><strong>\ud83c\uddfa\ud83c\uddf8 MIKAELA SHIFFRIN<\/strong><\/td>\n<td style=\"text-align: center; font-size: 0.9em; vertical-align: middle; width: 160px;\">\ud83c\uddf3\ud83c\uddf4 MINA FUERST HOLTMANN<\/td>\n<td style=\"text-align: center; font-size: 0.9em; vertical-align: middle; width: 160px;\">\ud83c\uddf8\ud83c\uddea ANNA SWENN LARSSON<\/td>\n<\/tr>\n<tr>\n<td style=\"text-align: center; vertical-align: middle; width: 800px;\" colspan=\"5\"><span style=\"font-size: 0.9em;\"><strong>PETIT GLOBE : \ud83c\uddfa\ud83c\uddf8 MIKAELA SHIFFRIN<\/strong><\/span><\/td>\n<\/tr>\n<\/tbody>\n<\/table>\n","protected":false},"excerpt":{"rendered":"<p>COUPE DU MONDE DE SKI ALPIN FEMMES 2023-2024 &#8211; Descente, g\u00e9ant, slalom, Super-G : d\u00e9couvrez le calendrier complet et les r\u00e9sultats de la Coupe du monde de ski alpin f\u00e9minine.<\/p>\n","protected":false},"author":4,"featured_media":474144,"comment_status":"open","ping_status":"closed","sticky":false,"template":"","format":"standard","meta":{"_acf_changed":false,"_daextam_enable_autolinks":"1","footnotes":""},"categories":[47084],"tags":[16878,12586,2233],"class_list":["post-431579","post","type-post","status-publish","format-standard","has-post-thumbnail","hentry","category-coupe-du-monde-ski-alpin","tag-breve","tag-coupe-du-monde-de-ski-alpin","tag-ski-alpin"],"acf":[],"yoast_head":"<!-- This site is optimized with the Yoast SEO Premium plugin v26.7 (Yoast SEO v26.7) - https:\/\/yoast.com\/wordpress\/plugins\/seo\/ -->\n<title>Palmar\u00e8s et r\u00e9sultats Ski alpin Coupe du monde (F) 2023-2024<\/title>\n<meta name=\"description\" content=\"COUPE DU MONDE DE SKI ALPIN FEMMES 2023-2024 - Descente, g\u00e9ant, slalom, Super-G : calendrier complet et les r\u00e9sultats de la Coupe du monde f\u00e9minine.\" \/>\n<meta name=\"robots\" content=\"index, follow, max-snippet:-1, max-image-preview:large, max-video-preview:-1\" \/>\n<link rel=\"canonical\" href=\"https:\/\/dicodusport.fr\/blog\/calendrier-et-resultats-ski-alpin-coupe-du-monde-femmes-2023-2024\/\" \/>\n<meta property=\"og:locale\" content=\"fr_FR\" \/>\n<meta property=\"og:type\" content=\"article\" \/>\n<meta property=\"og:title\" content=\"Palmar\u00e8s et r\u00e9sultats Ski alpin Coupe du monde (F) 2023-2024\" \/>\n<meta property=\"og:description\" content=\"COUPE DU MONDE DE SKI ALPIN FEMMES 2023-2024 - Descente, g\u00e9ant, slalom, Super-G : calendrier complet et les r\u00e9sultats de la Coupe du monde f\u00e9minine.\" \/>\n<meta property=\"og:url\" content=\"https:\/\/dicodusport.fr\/blog\/calendrier-et-resultats-ski-alpin-coupe-du-monde-femmes-2023-2024\/\" \/>\n<meta property=\"og:site_name\" content=\"Dicodusport\" \/>\n<meta property=\"article:publisher\" content=\"https:\/\/www.facebook.com\/dicodusport\" \/>\n<meta property=\"article:author\" content=\"https:\/\/www.facebook.com\/florent.ostermann\" \/>\n<meta property=\"article:published_time\" content=\"2024-03-23T11:38:25+00:00\" \/>\n<meta property=\"article:modified_time\" content=\"2024-03-23T11:38:39+00:00\" \/>\n<meta property=\"og:image\" content=\"https:\/\/dicodusport.fr\/blog\/wp-content\/uploads\/2024\/03\/Palmares-et-resultats-Ski-alpin-Coupe-du-monde-F-2023-2024.png\" \/>\n\t<meta property=\"og:image:width\" content=\"1200\" \/>\n\t<meta property=\"og:image:height\" content=\"674\" \/>\n\t<meta property=\"og:image:type\" content=\"image\/png\" \/>\n<meta name=\"author\" content=\"Flo Ostermann\" \/>\n<meta name=\"twitter:card\" content=\"summary_large_image\" \/>\n<meta name=\"twitter:title\" content=\"Palmar\u00e8s et r\u00e9sultats Ski alpin Coupe du monde (F) 2023-2024\" \/>\n<meta name=\"twitter:creator\" content=\"@https:\/\/twitter.com\/FlOstermann\" \/>\n<meta name=\"twitter:site\" content=\"@dicodusport\" \/>\n<script type=\"application\/ld+json\" class=\"yoast-schema-graph\">{\"@context\":\"https:\/\/schema.org\",\"@graph\":[{\"@type\":\"NewsArticle\",\"@id\":\"https:\/\/dicodusport.fr\/blog\/calendrier-et-resultats-ski-alpin-coupe-du-monde-femmes-2023-2024\/#article\",\"isPartOf\":{\"@id\":\"https:\/\/dicodusport.fr\/blog\/calendrier-et-resultats-ski-alpin-coupe-du-monde-femmes-2023-2024\/\"},\"author\":{\"name\":\"Flo Ostermann\",\"@id\":\"https:\/\/dicodusport.fr\/blog\/#\/schema\/person\/cb02af4c173ce4a653b55e9baf388d4a\"},\"headline\":\"Palmar\u00e8s et r\u00e9sultats Ski alpin Coupe du monde (F) 2023-2024\",\"datePublished\":\"2024-03-23T11:38:25+00:00\",\"dateModified\":\"2024-03-23T11:38:39+00:00\",\"mainEntityOfPage\":{\"@id\":\"https:\/\/dicodusport.fr\/blog\/calendrier-et-resultats-ski-alpin-coupe-du-monde-femmes-2023-2024\/\"},\"wordCount\":852,\"commentCount\":0,\"publisher\":{\"@id\":\"https:\/\/dicodusport.fr\/blog\/#organization\"},\"image\":{\"@id\":\"https:\/\/dicodusport.fr\/blog\/calendrier-et-resultats-ski-alpin-coupe-du-monde-femmes-2023-2024\/#primaryimage\"},\"thumbnailUrl\":\"https:\/\/dicodusport.fr\/blog\/wp-content\/uploads\/2024\/03\/Palmares-et-resultats-Ski-alpin-Coupe-du-monde-F-2023-2024.png\",\"keywords\":[\"br\u00e8ve\",\"Coupe du monde de ski alpin\",\"Ski alpin\"],\"articleSection\":[\"Coupe du monde de ski alpin\"],\"inLanguage\":\"fr-FR\",\"potentialAction\":[{\"@type\":\"CommentAction\",\"name\":\"Comment\",\"target\":[\"https:\/\/dicodusport.fr\/blog\/calendrier-et-resultats-ski-alpin-coupe-du-monde-femmes-2023-2024\/#respond\"]}],\"copyrightYear\":\"2024\",\"copyrightHolder\":{\"@id\":\"https:\/\/dicodusport.fr\/blog\/#organization\"}},{\"@type\":\"WebPage\",\"@id\":\"https:\/\/dicodusport.fr\/blog\/calendrier-et-resultats-ski-alpin-coupe-du-monde-femmes-2023-2024\/\",\"url\":\"https:\/\/dicodusport.fr\/blog\/calendrier-et-resultats-ski-alpin-coupe-du-monde-femmes-2023-2024\/\",\"name\":\"Palmar\u00e8s et r\u00e9sultats Ski alpin Coupe du monde (F) 2023-2024\",\"isPartOf\":{\"@id\":\"https:\/\/dicodusport.fr\/blog\/#website\"},\"primaryImageOfPage\":{\"@id\":\"https:\/\/dicodusport.fr\/blog\/calendrier-et-resultats-ski-alpin-coupe-du-monde-femmes-2023-2024\/#primaryimage\"},\"image\":{\"@id\":\"https:\/\/dicodusport.fr\/blog\/calendrier-et-resultats-ski-alpin-coupe-du-monde-femmes-2023-2024\/#primaryimage\"},\"thumbnailUrl\":\"https:\/\/dicodusport.fr\/blog\/wp-content\/uploads\/2024\/03\/Palmares-et-resultats-Ski-alpin-Coupe-du-monde-F-2023-2024.png\",\"datePublished\":\"2024-03-23T11:38:25+00:00\",\"dateModified\":\"2024-03-23T11:38:39+00:00\",\"description\":\"COUPE DU MONDE DE SKI ALPIN FEMMES 2023-2024 - Descente, g\u00e9ant, slalom, Super-G : calendrier complet et les r\u00e9sultats de la Coupe du monde f\u00e9minine.\",\"breadcrumb\":{\"@id\":\"https:\/\/dicodusport.fr\/blog\/calendrier-et-resultats-ski-alpin-coupe-du-monde-femmes-2023-2024\/#breadcrumb\"},\"inLanguage\":\"fr-FR\",\"potentialAction\":[{\"@type\":\"ReadAction\",\"target\":[\"https:\/\/dicodusport.fr\/blog\/calendrier-et-resultats-ski-alpin-coupe-du-monde-femmes-2023-2024\/\"]}]},{\"@type\":\"ImageObject\",\"inLanguage\":\"fr-FR\",\"@id\":\"https:\/\/dicodusport.fr\/blog\/calendrier-et-resultats-ski-alpin-coupe-du-monde-femmes-2023-2024\/#primaryimage\",\"url\":\"https:\/\/dicodusport.fr\/blog\/wp-content\/uploads\/2024\/03\/Palmares-et-resultats-Ski-alpin-Coupe-du-monde-F-2023-2024.png\",\"contentUrl\":\"https:\/\/dicodusport.fr\/blog\/wp-content\/uploads\/2024\/03\/Palmares-et-resultats-Ski-alpin-Coupe-du-monde-F-2023-2024.png\",\"width\":1200,\"height\":674,\"caption\":\"Palmar\u00e8s et r\u00e9sultats Ski alpin Coupe du monde (F) 2023-2024\"},{\"@type\":\"BreadcrumbList\",\"@id\":\"https:\/\/dicodusport.fr\/blog\/calendrier-et-resultats-ski-alpin-coupe-du-monde-femmes-2023-2024\/#breadcrumb\",\"itemListElement\":[{\"@type\":\"ListItem\",\"position\":1,\"name\":\"Accueil\",\"item\":\"https:\/\/dicodusport.fr\/blog\/\"},{\"@type\":\"ListItem\",\"position\":2,\"name\":\"Palmar\u00e8s et r\u00e9sultats Ski alpin Coupe du monde (F) 2023-2024\"}]},{\"@type\":\"WebSite\",\"@id\":\"https:\/\/dicodusport.fr\/blog\/#website\",\"url\":\"https:\/\/dicodusport.fr\/blog\/\",\"name\":\"Dicodusport\",\"description\":\"L&#039;encyclop\u00e9die de l&#039;actualit\u00e9 sportive\",\"publisher\":{\"@id\":\"https:\/\/dicodusport.fr\/blog\/#organization\"},\"potentialAction\":[{\"@type\":\"SearchAction\",\"target\":{\"@type\":\"EntryPoint\",\"urlTemplate\":\"https:\/\/dicodusport.fr\/blog\/?s={search_term_string}\"},\"query-input\":{\"@type\":\"PropertyValueSpecification\",\"valueRequired\":true,\"valueName\":\"search_term_string\"}}],\"inLanguage\":\"fr-FR\"},{\"@type\":\"NewsMediaOrganization\",\"@id\":\"https:\/\/dicodusport.fr\/blog\/#organization\",\"name\":\"Dicodusport\",\"url\":\"https:\/\/dicodusport.fr\/blog\/\",\"logo\":{\"@type\":\"ImageObject\",\"inLanguage\":\"fr-FR\",\"@id\":\"https:\/\/dicodusport.fr\/blog\/#\/schema\/logo\/image\/\",\"url\":\"https:\/\/dicodusport.fr\/blog\/wp-content\/uploads\/2020\/06\/cropped-LOGO-DICODUSPORT-2020-SANS-FOND-SANS-TEXTE.png\",\"contentUrl\":\"https:\/\/dicodusport.fr\/blog\/wp-content\/uploads\/2020\/06\/cropped-LOGO-DICODUSPORT-2020-SANS-FOND-SANS-TEXTE.png\",\"width\":512,\"height\":512,\"caption\":\"Dicodusport\"},\"image\":{\"@id\":\"https:\/\/dicodusport.fr\/blog\/#\/schema\/logo\/image\/\"},\"sameAs\":[\"https:\/\/www.facebook.com\/dicodusport\",\"https:\/\/x.com\/dicodusport\",\"https:\/\/www.instagram.com\/dicodusport\/\",\"https:\/\/www.youtube.com\/channel\/UC7V2KZ5sd3htJivAbA4ZG3w\"],\"description\":\"Dicodusport est l'encyclop\u00e9die de l'actualit\u00e9 sportive.\",\"email\":\"bonjour@dicodusport.fr\",\"legalName\":\"DICODUSPORT\",\"foundingDate\":\"2018-01-14\",\"vatID\":\"FR71834470973\",\"taxID\":\"83447097300043\",\"numberOfEmployees\":{\"@type\":\"QuantitativeValue\",\"minValue\":\"1\",\"maxValue\":\"10\"}},{\"@type\":\"Person\",\"@id\":\"https:\/\/dicodusport.fr\/blog\/#\/schema\/person\/cb02af4c173ce4a653b55e9baf388d4a\",\"name\":\"Flo Ostermann\",\"image\":{\"@type\":\"ImageObject\",\"inLanguage\":\"fr-FR\",\"@id\":\"https:\/\/dicodusport.fr\/blog\/#\/schema\/person\/image\/\",\"url\":\"https:\/\/dicodusport.fr\/blog\/wp-content\/uploads\/2021\/05\/Flo-Ostermann-150x150.jpg\",\"contentUrl\":\"https:\/\/dicodusport.fr\/blog\/wp-content\/uploads\/2021\/05\/Flo-Ostermann-150x150.jpg\",\"caption\":\"Flo Ostermann\"},\"description\":\"Journaliste\/R\u00e9dacteur depuis septembre 2015 - Mes premiers souvenirs dans le sport ? Les envol\u00e9es du Stade Toulousain et les duels Villeneuve-Schumacher et H\u00e4kkinen-Schumacher \u00e0 la fin des ann\u00e9es 90, la Coupe du monde de football en 1998, l\u2019exploit du XV de France face aux All Blacks en 1999, mais aussi Richard C\u0153ur de Lion qui vole sur les montagnes du Tour de France. Bien parti pour devenir professeur d\u2019EPS, les \u00e9v\u00e9nements de la vie (et la flemme d\u2019animer des s\u00e9ances de 3x500 m\u00e8tres toute ma vie) m\u2019ont conduit \u00e0 revoir mes plans. Me voil\u00e0 depuis fin 2017 sur Dicodusport, m\u00e9dia gr\u00e2ce (et pour) lequel je partage ma passion : le sport dans tous ses \u00e9tats. Le tout accompagn\u00e9 par les fous furieux et folles furieuses cit\u00e9s sur cette page !\",\"sameAs\":[\"https:\/\/www.facebook.com\/florent.ostermann\",\"https:\/\/x.com\/https:\/\/twitter.com\/FlOstermann\",\"admin\"],\"url\":\"https:\/\/dicodusport.fr\/blog\/author\/flo\/\"}]}<\/script>\n<!-- \/ Yoast SEO Premium plugin. -->","yoast_head_json":{"title":"Palmar\u00e8s et r\u00e9sultats Ski alpin Coupe du monde (F) 2023-2024","description":"COUPE DU MONDE DE SKI ALPIN FEMMES 2023-2024 - Descente, g\u00e9ant, slalom, Super-G : calendrier complet et les r\u00e9sultats de la Coupe du monde f\u00e9minine.","robots":{"index":"index","follow":"follow","max-snippet":"max-snippet:-1","max-image-preview":"max-image-preview:large","max-video-preview":"max-video-preview:-1"},"canonical":"https:\/\/dicodusport.fr\/blog\/calendrier-et-resultats-ski-alpin-coupe-du-monde-femmes-2023-2024\/","og_locale":"fr_FR","og_type":"article","og_title":"Palmar\u00e8s et r\u00e9sultats Ski alpin Coupe du monde (F) 2023-2024","og_description":"COUPE DU MONDE DE SKI ALPIN FEMMES 2023-2024 - Descente, g\u00e9ant, slalom, Super-G : calendrier complet et les r\u00e9sultats de la Coupe du monde f\u00e9minine.","og_url":"https:\/\/dicodusport.fr\/blog\/calendrier-et-resultats-ski-alpin-coupe-du-monde-femmes-2023-2024\/","og_site_name":"Dicodusport","article_publisher":"https:\/\/www.facebook.com\/dicodusport","article_author":"https:\/\/www.facebook.com\/florent.ostermann","article_published_time":"2024-03-23T11:38:25+00:00","article_modified_time":"2024-03-23T11:38:39+00:00","og_image":[{"width":1200,"height":674,"url":"https:\/\/dicodusport.fr\/blog\/wp-content\/uploads\/2024\/03\/Palmares-et-resultats-Ski-alpin-Coupe-du-monde-F-2023-2024.png","type":"image\/png"}],"author":"Flo Ostermann","twitter_card":"summary_large_image","twitter_title":"Palmar\u00e8s et r\u00e9sultats Ski alpin Coupe du monde (F) 2023-2024","twitter_creator":"@https:\/\/twitter.com\/FlOstermann","twitter_site":"@dicodusport","schema":{"@context":"https:\/\/schema.org","@graph":[{"@type":"NewsArticle","@id":"https:\/\/dicodusport.fr\/blog\/calendrier-et-resultats-ski-alpin-coupe-du-monde-femmes-2023-2024\/#article","isPartOf":{"@id":"https:\/\/dicodusport.fr\/blog\/calendrier-et-resultats-ski-alpin-coupe-du-monde-femmes-2023-2024\/"},"author":{"name":"Flo Ostermann","@id":"https:\/\/dicodusport.fr\/blog\/#\/schema\/person\/cb02af4c173ce4a653b55e9baf388d4a"},"headline":"Palmar\u00e8s et r\u00e9sultats Ski alpin Coupe du monde (F) 2023-2024","datePublished":"2024-03-23T11:38:25+00:00","dateModified":"2024-03-23T11:38:39+00:00","mainEntityOfPage":{"@id":"https:\/\/dicodusport.fr\/blog\/calendrier-et-resultats-ski-alpin-coupe-du-monde-femmes-2023-2024\/"},"wordCount":852,"commentCount":0,"publisher":{"@id":"https:\/\/dicodusport.fr\/blog\/#organization"},"image":{"@id":"https:\/\/dicodusport.fr\/blog\/calendrier-et-resultats-ski-alpin-coupe-du-monde-femmes-2023-2024\/#primaryimage"},"thumbnailUrl":"https:\/\/dicodusport.fr\/blog\/wp-content\/uploads\/2024\/03\/Palmares-et-resultats-Ski-alpin-Coupe-du-monde-F-2023-2024.png","keywords":["br\u00e8ve","Coupe du monde de ski alpin","Ski alpin"],"articleSection":["Coupe du monde de ski alpin"],"inLanguage":"fr-FR","potentialAction":[{"@type":"CommentAction","name":"Comment","target":["https:\/\/dicodusport.fr\/blog\/calendrier-et-resultats-ski-alpin-coupe-du-monde-femmes-2023-2024\/#respond"]}],"copyrightYear":"2024","copyrightHolder":{"@id":"https:\/\/dicodusport.fr\/blog\/#organization"}},{"@type":"WebPage","@id":"https:\/\/dicodusport.fr\/blog\/calendrier-et-resultats-ski-alpin-coupe-du-monde-femmes-2023-2024\/","url":"https:\/\/dicodusport.fr\/blog\/calendrier-et-resultats-ski-alpin-coupe-du-monde-femmes-2023-2024\/","name":"Palmar\u00e8s et r\u00e9sultats Ski alpin Coupe du monde (F) 2023-2024","isPartOf":{"@id":"https:\/\/dicodusport.fr\/blog\/#website"},"primaryImageOfPage":{"@id":"https:\/\/dicodusport.fr\/blog\/calendrier-et-resultats-ski-alpin-coupe-du-monde-femmes-2023-2024\/#primaryimage"},"image":{"@id":"https:\/\/dicodusport.fr\/blog\/calendrier-et-resultats-ski-alpin-coupe-du-monde-femmes-2023-2024\/#primaryimage"},"thumbnailUrl":"https:\/\/dicodusport.fr\/blog\/wp-content\/uploads\/2024\/03\/Palmares-et-resultats-Ski-alpin-Coupe-du-monde-F-2023-2024.png","datePublished":"2024-03-23T11:38:25+00:00","dateModified":"2024-03-23T11:38:39+00:00","description":"COUPE DU MONDE DE SKI ALPIN FEMMES 2023-2024 - Descente, g\u00e9ant, slalom, Super-G : calendrier complet et les r\u00e9sultats de la Coupe du monde f\u00e9minine.","breadcrumb":{"@id":"https:\/\/dicodusport.fr\/blog\/calendrier-et-resultats-ski-alpin-coupe-du-monde-femmes-2023-2024\/#breadcrumb"},"inLanguage":"fr-FR","potentialAction":[{"@type":"ReadAction","target":["https:\/\/dicodusport.fr\/blog\/calendrier-et-resultats-ski-alpin-coupe-du-monde-femmes-2023-2024\/"]}]},{"@type":"ImageObject","inLanguage":"fr-FR","@id":"https:\/\/dicodusport.fr\/blog\/calendrier-et-resultats-ski-alpin-coupe-du-monde-femmes-2023-2024\/#primaryimage","url":"https:\/\/dicodusport.fr\/blog\/wp-content\/uploads\/2024\/03\/Palmares-et-resultats-Ski-alpin-Coupe-du-monde-F-2023-2024.png","contentUrl":"https:\/\/dicodusport.fr\/blog\/wp-content\/uploads\/2024\/03\/Palmares-et-resultats-Ski-alpin-Coupe-du-monde-F-2023-2024.png","width":1200,"height":674,"caption":"Palmar\u00e8s et r\u00e9sultats Ski alpin Coupe du monde (F) 2023-2024"},{"@type":"BreadcrumbList","@id":"https:\/\/dicodusport.fr\/blog\/calendrier-et-resultats-ski-alpin-coupe-du-monde-femmes-2023-2024\/#breadcrumb","itemListElement":[{"@type":"ListItem","position":1,"name":"Accueil","item":"https:\/\/dicodusport.fr\/blog\/"},{"@type":"ListItem","position":2,"name":"Palmar\u00e8s et r\u00e9sultats Ski alpin Coupe du monde (F) 2023-2024"}]},{"@type":"WebSite","@id":"https:\/\/dicodusport.fr\/blog\/#website","url":"https:\/\/dicodusport.fr\/blog\/","name":"Dicodusport","description":"L&#039;encyclop\u00e9die de l&#039;actualit\u00e9 sportive","publisher":{"@id":"https:\/\/dicodusport.fr\/blog\/#organization"},"potentialAction":[{"@type":"SearchAction","target":{"@type":"EntryPoint","urlTemplate":"https:\/\/dicodusport.fr\/blog\/?s={search_term_string}"},"query-input":{"@type":"PropertyValueSpecification","valueRequired":true,"valueName":"search_term_string"}}],"inLanguage":"fr-FR"},{"@type":"NewsMediaOrganization","@id":"https:\/\/dicodusport.fr\/blog\/#organization","name":"Dicodusport","url":"https:\/\/dicodusport.fr\/blog\/","logo":{"@type":"ImageObject","inLanguage":"fr-FR","@id":"https:\/\/dicodusport.fr\/blog\/#\/schema\/logo\/image\/","url":"https:\/\/dicodusport.fr\/blog\/wp-content\/uploads\/2020\/06\/cropped-LOGO-DICODUSPORT-2020-SANS-FOND-SANS-TEXTE.png","contentUrl":"https:\/\/dicodusport.fr\/blog\/wp-content\/uploads\/2020\/06\/cropped-LOGO-DICODUSPORT-2020-SANS-FOND-SANS-TEXTE.png","width":512,"height":512,"caption":"Dicodusport"},"image":{"@id":"https:\/\/dicodusport.fr\/blog\/#\/schema\/logo\/image\/"},"sameAs":["https:\/\/www.facebook.com\/dicodusport","https:\/\/x.com\/dicodusport","https:\/\/www.instagram.com\/dicodusport\/","https:\/\/www.youtube.com\/channel\/UC7V2KZ5sd3htJivAbA4ZG3w"],"description":"Dicodusport est l'encyclop\u00e9die de l'actualit\u00e9 sportive.","email":"bonjour@dicodusport.fr","legalName":"DICODUSPORT","foundingDate":"2018-01-14","vatID":"FR71834470973","taxID":"83447097300043","numberOfEmployees":{"@type":"QuantitativeValue","minValue":"1","maxValue":"10"}},{"@type":"Person","@id":"https:\/\/dicodusport.fr\/blog\/#\/schema\/person\/cb02af4c173ce4a653b55e9baf388d4a","name":"Flo Ostermann","image":{"@type":"ImageObject","inLanguage":"fr-FR","@id":"https:\/\/dicodusport.fr\/blog\/#\/schema\/person\/image\/","url":"https:\/\/dicodusport.fr\/blog\/wp-content\/uploads\/2021\/05\/Flo-Ostermann-150x150.jpg","contentUrl":"https:\/\/dicodusport.fr\/blog\/wp-content\/uploads\/2021\/05\/Flo-Ostermann-150x150.jpg","caption":"Flo Ostermann"},"description":"Journaliste\/R\u00e9dacteur depuis septembre 2015 - Mes premiers souvenirs dans le sport ? Les envol\u00e9es du Stade Toulousain et les duels Villeneuve-Schumacher et H\u00e4kkinen-Schumacher \u00e0 la fin des ann\u00e9es 90, la Coupe du monde de football en 1998, l\u2019exploit du XV de France face aux All Blacks en 1999, mais aussi Richard C\u0153ur de Lion qui vole sur les montagnes du Tour de France. Bien parti pour devenir professeur d\u2019EPS, les \u00e9v\u00e9nements de la vie (et la flemme d\u2019animer des s\u00e9ances de 3x500 m\u00e8tres toute ma vie) m\u2019ont conduit \u00e0 revoir mes plans. Me voil\u00e0 depuis fin 2017 sur Dicodusport, m\u00e9dia gr\u00e2ce (et pour) lequel je partage ma passion : le sport dans tous ses \u00e9tats. Le tout accompagn\u00e9 par les fous furieux et folles furieuses cit\u00e9s sur cette page !","sameAs":["https:\/\/www.facebook.com\/florent.ostermann","https:\/\/x.com\/https:\/\/twitter.com\/FlOstermann","admin"],"url":"https:\/\/dicodusport.fr\/blog\/author\/flo\/"}]}},"_links":{"self":[{"href":"https:\/\/dicodusport.fr\/blog\/wp-json\/wp\/v2\/posts\/431579","targetHints":{"allow":["GET"]}}],"collection":[{"href":"https:\/\/dicodusport.fr\/blog\/wp-json\/wp\/v2\/posts"}],"about":[{"href":"https:\/\/dicodusport.fr\/blog\/wp-json\/wp\/v2\/types\/post"}],"author":[{"embeddable":true,"href":"https:\/\/dicodusport.fr\/blog\/wp-json\/wp\/v2\/users\/4"}],"replies":[{"embeddable":true,"href":"https:\/\/dicodusport.fr\/blog\/wp-json\/wp\/v2\/comments?post=431579"}],"version-history":[{"count":7,"href":"https:\/\/dicodusport.fr\/blog\/wp-json\/wp\/v2\/posts\/431579\/revisions"}],"predecessor-version":[{"id":474145,"href":"https:\/\/dicodusport.fr\/blog\/wp-json\/wp\/v2\/posts\/431579\/revisions\/474145"}],"wp:featuredmedia":[{"embeddable":true,"href":"https:\/\/dicodusport.fr\/blog\/wp-json\/wp\/v2\/media\/474144"}],"wp:attachment":[{"href":"https:\/\/dicodusport.fr\/blog\/wp-json\/wp\/v2\/media?parent=431579"}],"wp:term":[{"taxonomy":"category","embeddable":true,"href":"https:\/\/dicodusport.fr\/blog\/wp-json\/wp\/v2\/categories?post=431579"},{"taxonomy":"post_tag","embeddable":true,"href":"https:\/\/dicodusport.fr\/blog\/wp-json\/wp\/v2\/tags?post=431579"}],"curies":[{"name":"wp","href":"https:\/\/api.w.org\/{rel}","templated":true}]}}