{"id":431589,"date":"2023-10-23T13:35:42","date_gmt":"2023-10-23T11:35:42","guid":{"rendered":"https:\/\/dicodusport.fr\/blog\/?p=431589&#038;preview=true&#038;preview_id=431589"},"modified":"2023-10-23T13:40:07","modified_gmt":"2023-10-23T11:40:07","slug":"mercato-cyclisme-geraint-thomas-prolonge-deux-ans-chez-ineos-grenadiers","status":"publish","type":"post","link":"https:\/\/dicodusport.fr\/blog\/mercato-cyclisme-geraint-thomas-prolonge-deux-ans-chez-ineos-grenadiers\/","title":{"rendered":"Mercato Cyclisme : Geraint Thomas prolonge deux ans chez INEOS Grenadiers"},"content":{"rendered":"<p style=\"text-align: justify;\"><strong><em>MERCATO CYCLISME &#8211; INEOS Grenadiers a annonc\u00e9 sur ses r\u00e9seaux sociaux la prolongation, pour deux ans, du Gallois Geraint Thomas.<\/em><\/strong><\/p>\n<ul>\n<li style=\"text-align: justify;\"><strong>\u00c0 lire aussi &#8211; <a href=\"https:\/\/dicodusport.fr\/blog\/mercato-cyclisme-2023-2024-tableau-des-transferts\/\">Cyclisme : Le tableau du mercato 2023-2024<\/a><\/strong><\/li>\n<\/ul>\n<p style=\"text-align: justify;\"><strong>INEOS Grenadiers<\/strong> et <strong>Geraint Thomas<\/strong>, une histoire d&rsquo;amour qui dure. Et qui va encore durer deux ans. La formation britannique vient de l&rsquo;annoncer sur ses r\u00e9seaux sociaux. Le Gallois prolonge l&rsquo;aventure. Pr\u00e9sent depuis les d\u00e9buts en 2010, \u00e0 l&rsquo;\u00e9poque o\u00f9 l&rsquo;\u00e9quipe s&rsquo;appelait Sky, il a tout connu avec cette \u00e9quipe. D&rsquo;abord co\u00e9quipier mod\u00e8le lors des sacres de <strong>Bradley Wiggins<\/strong> (2012) et <strong>Chris Froome<\/strong> (2013, 2015-17), il a jou\u00e9 sa carte sur les classiques flandriennes, en redoutable classicman. Avant de s&rsquo;\u00e9toffer sur les courses \u00e0 \u00e9tapes, avec une victoire sur Paris-Nice en 2016. Surtout, il a remport\u00e9 le Tour de France 2018.<\/p>\n<p style=\"text-align: justify;\">Malgr\u00e9 ses 37 ans, il a montr\u00e9 qu&rsquo;il \u00e9tait encore un coureur comp\u00e9titif, puisque troisi\u00e8me du Tour de France 2022 derri\u00e8re les intouchables <strong>Jonas Vingegaard<\/strong> et <strong>Tadej Pogacar<\/strong>. Surtout, au printemps, il est pass\u00e9 tout pr\u00e8s d&rsquo;une victoire sur le <a href=\"https:\/\/dicodusport.fr\/blog\/tour-d-italie-2023-classement-general-maillot-rose\/\">Tour d&rsquo;Italie 2023<\/a>, s&rsquo;\u00e9croulant dans le dernier kilom\u00e8tre du chrono du Monte Lussari, alors que la victoire finale semblait lui tendre les bras, face \u00e0 <strong>Primoz Roglic<\/strong>. Coureur complet, leader discret, capable de se muer en \u00e9quipier quand il est moins bien, <strong>Geraint Thomas<\/strong> aura sans doute un r\u00f4le pour accompagner les jeunes pousses au sein d&rsquo;une \u00e9quipe INEOS Grenadiers en pleine reconstruction et qui a \u00e9chou\u00e9 \u00e0 faire venir un grand leader, apr\u00e8s avoir approch\u00e9 <strong>Tadej Pogacar<\/strong> ou encore <strong>Remco Evenepoel.<\/strong><\/p>\n<blockquote class=\"twitter-tweet\">\n<p dir=\"ltr\" lang=\"en\">The OG \ud83d\ude4c<\/p>\n<p>We&rsquo;re thrilled to announce that <a href=\"https:\/\/twitter.com\/GeraintThomas86?ref_src=twsrc%5Etfw\">@GeraintThomas86<\/a> has signed a contract extension until the end of 2025. <a href=\"https:\/\/t.co\/5KQYBRSTF8\">pic.twitter.com\/5KQYBRSTF8<\/a><\/p>\n<p>\u2014 INEOS Grenadiers (@INEOSGrenadiers) <a href=\"https:\/\/twitter.com\/INEOSGrenadiers\/status\/1716409136051544305?ref_src=twsrc%5Etfw\">October 23, 2023<\/a><\/p><\/blockquote>\n<p><script async src=\"https:\/\/platform.twitter.com\/widgets.js\" charset=\"utf-8\"><\/script><\/p>\n<p style=\"text-align: justify;\">\n","protected":false},"excerpt":{"rendered":"<p>MERCATO CYCLISME &#8211; INEOS Grenadiers a annonc\u00e9 sur ses r\u00e9seaux sociaux la prolongation, pour deux ans, du Gallois Geraint Thomas.<\/p>\n","protected":false},"author":83,"featured_media":431594,"comment_status":"open","ping_status":"closed","sticky":false,"template":"","format":"standard","meta":{"_acf_changed":false,"_daextam_enable_autolinks":"1","footnotes":""},"categories":[46994],"tags":[16878,574,5623,11397,8386],"class_list":["post-431589","post","type-post","status-publish","format-standard","has-post-thumbnail","hentry","category-cyclisme-sur-route","tag-breve","tag-cyclisme","tag-geraint-thomas","tag-ineos-grenadiers","tag-mercato-cyclisme"],"acf":[],"yoast_head":"<!-- This site is optimized with the Yoast SEO Premium plugin v26.7 (Yoast SEO v26.7) - https:\/\/yoast.com\/wordpress\/plugins\/seo\/ -->\n<title>Mercato Cyclisme : Geraint Thomas prolonge deux ans chez INEOS Grenadiers<\/title>\n<meta name=\"description\" content=\"MERCATO CYCLISME - INEOS Grenadiers a annonc\u00e9 sur ses r\u00e9seaux sociaux la prolongation, pour deux ans, du Gallois Geraint Thomas.\" \/>\n<meta name=\"robots\" content=\"index, follow, max-snippet:-1, max-image-preview:large, max-video-preview:-1\" \/>\n<link rel=\"canonical\" href=\"https:\/\/dicodusport.fr\/blog\/mercato-cyclisme-geraint-thomas-prolonge-deux-ans-chez-ineos-grenadiers\/\" \/>\n<meta property=\"og:locale\" content=\"fr_FR\" \/>\n<meta property=\"og:type\" content=\"article\" \/>\n<meta property=\"og:title\" content=\"Mercato Cyclisme : Geraint Thomas scelle son avenir\" \/>\n<meta property=\"og:description\" content=\"MERCATO CYCLISME - INEOS Grenadiers a annonc\u00e9 sur ses r\u00e9seaux sociaux la prolongation, pour deux ans, du Gallois Geraint Thomas.\" \/>\n<meta property=\"og:url\" content=\"https:\/\/dicodusport.fr\/blog\/mercato-cyclisme-geraint-thomas-prolonge-deux-ans-chez-ineos-grenadiers\/\" \/>\n<meta property=\"og:site_name\" content=\"Dicodusport\" \/>\n<meta property=\"article:publisher\" content=\"https:\/\/www.facebook.com\/dicodusport\" \/>\n<meta property=\"article:published_time\" content=\"2023-10-23T11:35:42+00:00\" \/>\n<meta property=\"article:modified_time\" content=\"2023-10-23T11:40:07+00:00\" \/>\n<meta property=\"og:image\" content=\"https:\/\/dicodusport.fr\/blog\/wp-content\/uploads\/2023\/10\/Mercato-Cyclisme-Geraint-Thomas-prolonge-deux-ans-chez-INEOS-Grenadiers.png\" \/>\n\t<meta property=\"og:image:width\" content=\"800\" \/>\n\t<meta property=\"og:image:height\" content=\"445\" \/>\n\t<meta property=\"og:image:type\" content=\"image\/png\" \/>\n<meta name=\"author\" content=\"Etienne Goursaud\" \/>\n<meta name=\"twitter:card\" content=\"summary_large_image\" \/>\n<meta name=\"twitter:title\" content=\"Mercato Cyclisme : Geraint Thomas scelle son avenir\" \/>\n<meta name=\"twitter:creator\" content=\"@dicodusport\" \/>\n<meta name=\"twitter:site\" content=\"@dicodusport\" \/>\n<script type=\"application\/ld+json\" class=\"yoast-schema-graph\">{\"@context\":\"https:\/\/schema.org\",\"@graph\":[{\"@type\":\"NewsArticle\",\"@id\":\"https:\/\/dicodusport.fr\/blog\/mercato-cyclisme-geraint-thomas-prolonge-deux-ans-chez-ineos-grenadiers\/#article\",\"isPartOf\":{\"@id\":\"https:\/\/dicodusport.fr\/blog\/mercato-cyclisme-geraint-thomas-prolonge-deux-ans-chez-ineos-grenadiers\/\"},\"author\":{\"name\":\"Etienne Goursaud\",\"@id\":\"https:\/\/dicodusport.fr\/blog\/#\/schema\/person\/d603dd7da31fb2b46c82b9835a77ec13\"},\"headline\":\"Mercato Cyclisme : Geraint Thomas prolonge deux ans chez INEOS Grenadiers\",\"datePublished\":\"2023-10-23T11:35:42+00:00\",\"dateModified\":\"2023-10-23T11:40:07+00:00\",\"mainEntityOfPage\":{\"@id\":\"https:\/\/dicodusport.fr\/blog\/mercato-cyclisme-geraint-thomas-prolonge-deux-ans-chez-ineos-grenadiers\/\"},\"wordCount\":302,\"commentCount\":0,\"publisher\":{\"@id\":\"https:\/\/dicodusport.fr\/blog\/#organization\"},\"image\":{\"@id\":\"https:\/\/dicodusport.fr\/blog\/mercato-cyclisme-geraint-thomas-prolonge-deux-ans-chez-ineos-grenadiers\/#primaryimage\"},\"thumbnailUrl\":\"https:\/\/dicodusport.fr\/blog\/wp-content\/uploads\/2023\/10\/Mercato-Cyclisme-Geraint-Thomas-prolonge-deux-ans-chez-INEOS-Grenadiers.png\",\"keywords\":[\"br\u00e8ve\",\"Cyclisme\",\"Geraint Thomas\",\"INEOS Grenadiers\",\"Mercato Cyclisme\"],\"articleSection\":[\"Cyclisme sur route\"],\"inLanguage\":\"fr-FR\",\"potentialAction\":[{\"@type\":\"CommentAction\",\"name\":\"Comment\",\"target\":[\"https:\/\/dicodusport.fr\/blog\/mercato-cyclisme-geraint-thomas-prolonge-deux-ans-chez-ineos-grenadiers\/#respond\"]}],\"copyrightYear\":\"2023\",\"copyrightHolder\":{\"@id\":\"https:\/\/dicodusport.fr\/blog\/#organization\"}},{\"@type\":\"WebPage\",\"@id\":\"https:\/\/dicodusport.fr\/blog\/mercato-cyclisme-geraint-thomas-prolonge-deux-ans-chez-ineos-grenadiers\/\",\"url\":\"https:\/\/dicodusport.fr\/blog\/mercato-cyclisme-geraint-thomas-prolonge-deux-ans-chez-ineos-grenadiers\/\",\"name\":\"Mercato Cyclisme : Geraint Thomas prolonge deux ans chez INEOS Grenadiers\",\"isPartOf\":{\"@id\":\"https:\/\/dicodusport.fr\/blog\/#website\"},\"primaryImageOfPage\":{\"@id\":\"https:\/\/dicodusport.fr\/blog\/mercato-cyclisme-geraint-thomas-prolonge-deux-ans-chez-ineos-grenadiers\/#primaryimage\"},\"image\":{\"@id\":\"https:\/\/dicodusport.fr\/blog\/mercato-cyclisme-geraint-thomas-prolonge-deux-ans-chez-ineos-grenadiers\/#primaryimage\"},\"thumbnailUrl\":\"https:\/\/dicodusport.fr\/blog\/wp-content\/uploads\/2023\/10\/Mercato-Cyclisme-Geraint-Thomas-prolonge-deux-ans-chez-INEOS-Grenadiers.png\",\"datePublished\":\"2023-10-23T11:35:42+00:00\",\"dateModified\":\"2023-10-23T11:40:07+00:00\",\"description\":\"MERCATO CYCLISME - INEOS Grenadiers a annonc\u00e9 sur ses r\u00e9seaux sociaux la prolongation, pour deux ans, du Gallois Geraint Thomas.\",\"breadcrumb\":{\"@id\":\"https:\/\/dicodusport.fr\/blog\/mercato-cyclisme-geraint-thomas-prolonge-deux-ans-chez-ineos-grenadiers\/#breadcrumb\"},\"inLanguage\":\"fr-FR\",\"potentialAction\":[{\"@type\":\"ReadAction\",\"target\":[\"https:\/\/dicodusport.fr\/blog\/mercato-cyclisme-geraint-thomas-prolonge-deux-ans-chez-ineos-grenadiers\/\"]}]},{\"@type\":\"ImageObject\",\"inLanguage\":\"fr-FR\",\"@id\":\"https:\/\/dicodusport.fr\/blog\/mercato-cyclisme-geraint-thomas-prolonge-deux-ans-chez-ineos-grenadiers\/#primaryimage\",\"url\":\"https:\/\/dicodusport.fr\/blog\/wp-content\/uploads\/2023\/10\/Mercato-Cyclisme-Geraint-Thomas-prolonge-deux-ans-chez-INEOS-Grenadiers.png\",\"contentUrl\":\"https:\/\/dicodusport.fr\/blog\/wp-content\/uploads\/2023\/10\/Mercato-Cyclisme-Geraint-Thomas-prolonge-deux-ans-chez-INEOS-Grenadiers.png\",\"width\":800,\"height\":445,\"caption\":\"Mercato Cyclisme Geraint Thomas prolonge deux ans chez INEOS Grenadiers\"},{\"@type\":\"BreadcrumbList\",\"@id\":\"https:\/\/dicodusport.fr\/blog\/mercato-cyclisme-geraint-thomas-prolonge-deux-ans-chez-ineos-grenadiers\/#breadcrumb\",\"itemListElement\":[{\"@type\":\"ListItem\",\"position\":1,\"name\":\"Accueil\",\"item\":\"https:\/\/dicodusport.fr\/blog\/\"},{\"@type\":\"ListItem\",\"position\":2,\"name\":\"Mercato Cyclisme : Geraint Thomas prolonge deux ans chez INEOS Grenadiers\"}]},{\"@type\":\"WebSite\",\"@id\":\"https:\/\/dicodusport.fr\/blog\/#website\",\"url\":\"https:\/\/dicodusport.fr\/blog\/\",\"name\":\"Dicodusport\",\"description\":\"L&#039;encyclop\u00e9die de l&#039;actualit\u00e9 sportive\",\"publisher\":{\"@id\":\"https:\/\/dicodusport.fr\/blog\/#organization\"},\"potentialAction\":[{\"@type\":\"SearchAction\",\"target\":{\"@type\":\"EntryPoint\",\"urlTemplate\":\"https:\/\/dicodusport.fr\/blog\/?s={search_term_string}\"},\"query-input\":{\"@type\":\"PropertyValueSpecification\",\"valueRequired\":true,\"valueName\":\"search_term_string\"}}],\"inLanguage\":\"fr-FR\"},{\"@type\":\"NewsMediaOrganization\",\"@id\":\"https:\/\/dicodusport.fr\/blog\/#organization\",\"name\":\"Dicodusport\",\"url\":\"https:\/\/dicodusport.fr\/blog\/\",\"logo\":{\"@type\":\"ImageObject\",\"inLanguage\":\"fr-FR\",\"@id\":\"https:\/\/dicodusport.fr\/blog\/#\/schema\/logo\/image\/\",\"url\":\"https:\/\/dicodusport.fr\/blog\/wp-content\/uploads\/2020\/06\/cropped-LOGO-DICODUSPORT-2020-SANS-FOND-SANS-TEXTE.png\",\"contentUrl\":\"https:\/\/dicodusport.fr\/blog\/wp-content\/uploads\/2020\/06\/cropped-LOGO-DICODUSPORT-2020-SANS-FOND-SANS-TEXTE.png\",\"width\":512,\"height\":512,\"caption\":\"Dicodusport\"},\"image\":{\"@id\":\"https:\/\/dicodusport.fr\/blog\/#\/schema\/logo\/image\/\"},\"sameAs\":[\"https:\/\/www.facebook.com\/dicodusport\",\"https:\/\/x.com\/dicodusport\",\"https:\/\/www.instagram.com\/dicodusport\/\",\"https:\/\/www.youtube.com\/channel\/UC7V2KZ5sd3htJivAbA4ZG3w\"],\"description\":\"Dicodusport est l'encyclop\u00e9die de l'actualit\u00e9 sportive.\",\"email\":\"bonjour@dicodusport.fr\",\"legalName\":\"DICODUSPORT\",\"foundingDate\":\"2018-01-14\",\"vatID\":\"FR71834470973\",\"taxID\":\"83447097300043\",\"numberOfEmployees\":{\"@type\":\"QuantitativeValue\",\"minValue\":\"1\",\"maxValue\":\"10\"}},{\"@type\":\"Person\",\"@id\":\"https:\/\/dicodusport.fr\/blog\/#\/schema\/person\/d603dd7da31fb2b46c82b9835a77ec13\",\"name\":\"Etienne Goursaud\",\"image\":{\"@type\":\"ImageObject\",\"inLanguage\":\"fr-FR\",\"@id\":\"https:\/\/dicodusport.fr\/blog\/#\/schema\/person\/image\/\",\"url\":\"https:\/\/dicodusport.fr\/blog\/wp-content\/uploads\/2023\/12\/410122264_10231602061736049_5565839791558026645_n-150x150.jpg\",\"contentUrl\":\"https:\/\/dicodusport.fr\/blog\/wp-content\/uploads\/2023\/12\/410122264_10231602061736049_5565839791558026645_n-150x150.jpg\",\"caption\":\"Etienne Goursaud\"},\"description\":\"Journaliste et amoureux de sport. Ancien footballeur reconverti athl\u00e8te quand ses muscles le laissent tranquille. \u00c9lev\u00e9 \u00e0 la sauce des exploits de Thomas Voeckler en 2004, du dernier essai de l\u00e9gende de Eunice Barber \u00e0 la longueur lors des championnats du monde d'athl\u00e9tisme de 2003 mais aussi Zidane, Omeyer et Titou Lamaison.\",\"url\":\"https:\/\/dicodusport.fr\/blog\/author\/etienne-goursaud\/\"}]}<\/script>\n<!-- \/ Yoast SEO Premium plugin. -->","yoast_head_json":{"title":"Mercato Cyclisme : Geraint Thomas prolonge deux ans chez INEOS Grenadiers","description":"MERCATO CYCLISME - INEOS Grenadiers a annonc\u00e9 sur ses r\u00e9seaux sociaux la prolongation, pour deux ans, du Gallois Geraint Thomas.","robots":{"index":"index","follow":"follow","max-snippet":"max-snippet:-1","max-image-preview":"max-image-preview:large","max-video-preview":"max-video-preview:-1"},"canonical":"https:\/\/dicodusport.fr\/blog\/mercato-cyclisme-geraint-thomas-prolonge-deux-ans-chez-ineos-grenadiers\/","og_locale":"fr_FR","og_type":"article","og_title":"Mercato Cyclisme : Geraint Thomas scelle son avenir","og_description":"MERCATO CYCLISME - INEOS Grenadiers a annonc\u00e9 sur ses r\u00e9seaux sociaux la prolongation, pour deux ans, du Gallois Geraint Thomas.","og_url":"https:\/\/dicodusport.fr\/blog\/mercato-cyclisme-geraint-thomas-prolonge-deux-ans-chez-ineos-grenadiers\/","og_site_name":"Dicodusport","article_publisher":"https:\/\/www.facebook.com\/dicodusport","article_published_time":"2023-10-23T11:35:42+00:00","article_modified_time":"2023-10-23T11:40:07+00:00","og_image":[{"width":800,"height":445,"url":"https:\/\/dicodusport.fr\/blog\/wp-content\/uploads\/2023\/10\/Mercato-Cyclisme-Geraint-Thomas-prolonge-deux-ans-chez-INEOS-Grenadiers.png","type":"image\/png"}],"author":"Etienne Goursaud","twitter_card":"summary_large_image","twitter_title":"Mercato Cyclisme : Geraint Thomas scelle son avenir","twitter_creator":"@dicodusport","twitter_site":"@dicodusport","schema":{"@context":"https:\/\/schema.org","@graph":[{"@type":"NewsArticle","@id":"https:\/\/dicodusport.fr\/blog\/mercato-cyclisme-geraint-thomas-prolonge-deux-ans-chez-ineos-grenadiers\/#article","isPartOf":{"@id":"https:\/\/dicodusport.fr\/blog\/mercato-cyclisme-geraint-thomas-prolonge-deux-ans-chez-ineos-grenadiers\/"},"author":{"name":"Etienne Goursaud","@id":"https:\/\/dicodusport.fr\/blog\/#\/schema\/person\/d603dd7da31fb2b46c82b9835a77ec13"},"headline":"Mercato Cyclisme : Geraint Thomas prolonge deux ans chez INEOS Grenadiers","datePublished":"2023-10-23T11:35:42+00:00","dateModified":"2023-10-23T11:40:07+00:00","mainEntityOfPage":{"@id":"https:\/\/dicodusport.fr\/blog\/mercato-cyclisme-geraint-thomas-prolonge-deux-ans-chez-ineos-grenadiers\/"},"wordCount":302,"commentCount":0,"publisher":{"@id":"https:\/\/dicodusport.fr\/blog\/#organization"},"image":{"@id":"https:\/\/dicodusport.fr\/blog\/mercato-cyclisme-geraint-thomas-prolonge-deux-ans-chez-ineos-grenadiers\/#primaryimage"},"thumbnailUrl":"https:\/\/dicodusport.fr\/blog\/wp-content\/uploads\/2023\/10\/Mercato-Cyclisme-Geraint-Thomas-prolonge-deux-ans-chez-INEOS-Grenadiers.png","keywords":["br\u00e8ve","Cyclisme","Geraint Thomas","INEOS Grenadiers","Mercato Cyclisme"],"articleSection":["Cyclisme sur route"],"inLanguage":"fr-FR","potentialAction":[{"@type":"CommentAction","name":"Comment","target":["https:\/\/dicodusport.fr\/blog\/mercato-cyclisme-geraint-thomas-prolonge-deux-ans-chez-ineos-grenadiers\/#respond"]}],"copyrightYear":"2023","copyrightHolder":{"@id":"https:\/\/dicodusport.fr\/blog\/#organization"}},{"@type":"WebPage","@id":"https:\/\/dicodusport.fr\/blog\/mercato-cyclisme-geraint-thomas-prolonge-deux-ans-chez-ineos-grenadiers\/","url":"https:\/\/dicodusport.fr\/blog\/mercato-cyclisme-geraint-thomas-prolonge-deux-ans-chez-ineos-grenadiers\/","name":"Mercato Cyclisme : Geraint Thomas prolonge deux ans chez INEOS Grenadiers","isPartOf":{"@id":"https:\/\/dicodusport.fr\/blog\/#website"},"primaryImageOfPage":{"@id":"https:\/\/dicodusport.fr\/blog\/mercato-cyclisme-geraint-thomas-prolonge-deux-ans-chez-ineos-grenadiers\/#primaryimage"},"image":{"@id":"https:\/\/dicodusport.fr\/blog\/mercato-cyclisme-geraint-thomas-prolonge-deux-ans-chez-ineos-grenadiers\/#primaryimage"},"thumbnailUrl":"https:\/\/dicodusport.fr\/blog\/wp-content\/uploads\/2023\/10\/Mercato-Cyclisme-Geraint-Thomas-prolonge-deux-ans-chez-INEOS-Grenadiers.png","datePublished":"2023-10-23T11:35:42+00:00","dateModified":"2023-10-23T11:40:07+00:00","description":"MERCATO CYCLISME - INEOS Grenadiers a annonc\u00e9 sur ses r\u00e9seaux sociaux la prolongation, pour deux ans, du Gallois Geraint Thomas.","breadcrumb":{"@id":"https:\/\/dicodusport.fr\/blog\/mercato-cyclisme-geraint-thomas-prolonge-deux-ans-chez-ineos-grenadiers\/#breadcrumb"},"inLanguage":"fr-FR","potentialAction":[{"@type":"ReadAction","target":["https:\/\/dicodusport.fr\/blog\/mercato-cyclisme-geraint-thomas-prolonge-deux-ans-chez-ineos-grenadiers\/"]}]},{"@type":"ImageObject","inLanguage":"fr-FR","@id":"https:\/\/dicodusport.fr\/blog\/mercato-cyclisme-geraint-thomas-prolonge-deux-ans-chez-ineos-grenadiers\/#primaryimage","url":"https:\/\/dicodusport.fr\/blog\/wp-content\/uploads\/2023\/10\/Mercato-Cyclisme-Geraint-Thomas-prolonge-deux-ans-chez-INEOS-Grenadiers.png","contentUrl":"https:\/\/dicodusport.fr\/blog\/wp-content\/uploads\/2023\/10\/Mercato-Cyclisme-Geraint-Thomas-prolonge-deux-ans-chez-INEOS-Grenadiers.png","width":800,"height":445,"caption":"Mercato Cyclisme Geraint Thomas prolonge deux ans chez INEOS Grenadiers"},{"@type":"BreadcrumbList","@id":"https:\/\/dicodusport.fr\/blog\/mercato-cyclisme-geraint-thomas-prolonge-deux-ans-chez-ineos-grenadiers\/#breadcrumb","itemListElement":[{"@type":"ListItem","position":1,"name":"Accueil","item":"https:\/\/dicodusport.fr\/blog\/"},{"@type":"ListItem","position":2,"name":"Mercato Cyclisme : Geraint Thomas prolonge deux ans chez INEOS Grenadiers"}]},{"@type":"WebSite","@id":"https:\/\/dicodusport.fr\/blog\/#website","url":"https:\/\/dicodusport.fr\/blog\/","name":"Dicodusport","description":"L&#039;encyclop\u00e9die de l&#039;actualit\u00e9 sportive","publisher":{"@id":"https:\/\/dicodusport.fr\/blog\/#organization"},"potentialAction":[{"@type":"SearchAction","target":{"@type":"EntryPoint","urlTemplate":"https:\/\/dicodusport.fr\/blog\/?s={search_term_string}"},"query-input":{"@type":"PropertyValueSpecification","valueRequired":true,"valueName":"search_term_string"}}],"inLanguage":"fr-FR"},{"@type":"NewsMediaOrganization","@id":"https:\/\/dicodusport.fr\/blog\/#organization","name":"Dicodusport","url":"https:\/\/dicodusport.fr\/blog\/","logo":{"@type":"ImageObject","inLanguage":"fr-FR","@id":"https:\/\/dicodusport.fr\/blog\/#\/schema\/logo\/image\/","url":"https:\/\/dicodusport.fr\/blog\/wp-content\/uploads\/2020\/06\/cropped-LOGO-DICODUSPORT-2020-SANS-FOND-SANS-TEXTE.png","contentUrl":"https:\/\/dicodusport.fr\/blog\/wp-content\/uploads\/2020\/06\/cropped-LOGO-DICODUSPORT-2020-SANS-FOND-SANS-TEXTE.png","width":512,"height":512,"caption":"Dicodusport"},"image":{"@id":"https:\/\/dicodusport.fr\/blog\/#\/schema\/logo\/image\/"},"sameAs":["https:\/\/www.facebook.com\/dicodusport","https:\/\/x.com\/dicodusport","https:\/\/www.instagram.com\/dicodusport\/","https:\/\/www.youtube.com\/channel\/UC7V2KZ5sd3htJivAbA4ZG3w"],"description":"Dicodusport est l'encyclop\u00e9die de l'actualit\u00e9 sportive.","email":"bonjour@dicodusport.fr","legalName":"DICODUSPORT","foundingDate":"2018-01-14","vatID":"FR71834470973","taxID":"83447097300043","numberOfEmployees":{"@type":"QuantitativeValue","minValue":"1","maxValue":"10"}},{"@type":"Person","@id":"https:\/\/dicodusport.fr\/blog\/#\/schema\/person\/d603dd7da31fb2b46c82b9835a77ec13","name":"Etienne Goursaud","image":{"@type":"ImageObject","inLanguage":"fr-FR","@id":"https:\/\/dicodusport.fr\/blog\/#\/schema\/person\/image\/","url":"https:\/\/dicodusport.fr\/blog\/wp-content\/uploads\/2023\/12\/410122264_10231602061736049_5565839791558026645_n-150x150.jpg","contentUrl":"https:\/\/dicodusport.fr\/blog\/wp-content\/uploads\/2023\/12\/410122264_10231602061736049_5565839791558026645_n-150x150.jpg","caption":"Etienne Goursaud"},"description":"Journaliste et amoureux de sport. Ancien footballeur reconverti athl\u00e8te quand ses muscles le laissent tranquille. \u00c9lev\u00e9 \u00e0 la sauce des exploits de Thomas Voeckler en 2004, du dernier essai de l\u00e9gende de Eunice Barber \u00e0 la longueur lors des championnats du monde d'athl\u00e9tisme de 2003 mais aussi Zidane, Omeyer et Titou Lamaison.","url":"https:\/\/dicodusport.fr\/blog\/author\/etienne-goursaud\/"}]}},"_links":{"self":[{"href":"https:\/\/dicodusport.fr\/blog\/wp-json\/wp\/v2\/posts\/431589","targetHints":{"allow":["GET"]}}],"collection":[{"href":"https:\/\/dicodusport.fr\/blog\/wp-json\/wp\/v2\/posts"}],"about":[{"href":"https:\/\/dicodusport.fr\/blog\/wp-json\/wp\/v2\/types\/post"}],"author":[{"embeddable":true,"href":"https:\/\/dicodusport.fr\/blog\/wp-json\/wp\/v2\/users\/83"}],"replies":[{"embeddable":true,"href":"https:\/\/dicodusport.fr\/blog\/wp-json\/wp\/v2\/comments?post=431589"}],"version-history":[{"count":0,"href":"https:\/\/dicodusport.fr\/blog\/wp-json\/wp\/v2\/posts\/431589\/revisions"}],"wp:featuredmedia":[{"embeddable":true,"href":"https:\/\/dicodusport.fr\/blog\/wp-json\/wp\/v2\/media\/431594"}],"wp:attachment":[{"href":"https:\/\/dicodusport.fr\/blog\/wp-json\/wp\/v2\/media?parent=431589"}],"wp:term":[{"taxonomy":"category","embeddable":true,"href":"https:\/\/dicodusport.fr\/blog\/wp-json\/wp\/v2\/categories?post=431589"},{"taxonomy":"post_tag","embeddable":true,"href":"https:\/\/dicodusport.fr\/blog\/wp-json\/wp\/v2\/tags?post=431589"}],"curies":[{"name":"wp","href":"https:\/\/api.w.org\/{rel}","templated":true}]}}