{"id":432044,"date":"2023-10-25T16:49:07","date_gmt":"2023-10-25T14:49:07","guid":{"rendered":"https:\/\/dicodusport.fr\/blog\/?p=432044&#038;preview=true&#038;preview_id=432044"},"modified":"2024-01-18T14:34:06","modified_gmt":"2024-01-18T13:34:06","slug":"tour-de-france-2024-les-12-etapes-qui-vont-dessiner-le-classement-general","status":"publish","type":"post","link":"https:\/\/dicodusport.fr\/blog\/tour-de-france-2024-les-12-etapes-qui-vont-dessiner-le-classement-general\/","title":{"rendered":"Tour de France 2024 : Les 12 \u00e9tapes qui vont dessiner le classement g\u00e9n\u00e9ral"},"content":{"rendered":"<p align=\"justify\"><em><a style=\"font-weight: bold;\" href=\"https:\/\/dicodusport.fr\/blog\/actualites\/cyclisme\/tour-de-france-2024\/\">TOUR DE FRANCE 2024<\/a><b> &#8211; Ce mercredi, ASO a d\u00e9voil\u00e9, au Palais des Congr\u00e8s de Paris, le parcours de la 111e \u00e9dition du Tour de France qui s&rsquo;\u00e9lancera de Florence en Italie le 29 juin 2024, et se terminera exceptionnellement sur la Promenade des Anglais \u00e0 Nice, le dimanche 21 juillet 2024, en raison des Jeux Olympiques de Paris. 21 \u00e9tapes seront au programme, l&rsquo;\u00e9t\u00e9 prochain, dont 12 pour bouleverser ou \u00e9tablir le classement g\u00e9n\u00e9ral final.\u00a0<\/b><\/em><\/p>\n<ul>\n<li style=\"text-align: justify;\"><strong>\u00c0 lire aussi \u2013\u00a0<a href=\"https:\/\/dicodusport.fr\/blog\/tour-de-france-2024-ce-quil-faut-retenir-du-parcours-de-la-111e-edition\/\">Le parcours du Tour de France 2024<\/a><\/strong><\/li>\n<\/ul>\n<p align=\"justify\">Pour le premier Grand D\u00e9part en Italie et le onzi\u00e8me depuis l&rsquo;\u00e9tranger, apr\u00e8s une arriv\u00e9e \u00e0 <strong>Rimini <\/strong>et une \u00e9tape escarp\u00e9e dans les Apennins, la deuxi\u00e8me \u00e9tape sera destin\u00e9e pour les puncheurs et les grimpeurs entre <strong>Cesenatico<\/strong>, la ville de naissance de Pantani, et <strong>Bologne<\/strong>. Il va falloir gravir \u00e0 deux reprises la difficile mont\u00e9e du Sanctuaire de San Luca (1,9 km \u00e0 10,6 %), lieu d&rsquo;arriv\u00e9e de la classique du Tour d&rsquo;\u00c9milie. L&rsquo;arriv\u00e9e sera jug\u00e9e 12 kilom\u00e8tres plus loin.<\/p>\n<p align=\"justify\">D\u00e8s le quatri\u00e8me jour, les coureurs feront face aux Alpes entre <strong>Pinerolo<\/strong> et <strong>Valloire\u00a0<\/strong>avec d\u00e9j\u00e0, la longue mont\u00e9e de Sestri\u00e8res (39,9 km \u00e0 3,7 %), l&rsquo;ascension de Montgen\u00e8vre (8,3 km \u00e0 5,9 %) pour p\u00e9n\u00e9trer en France, en point de mire, le Galibier (23 km \u00e0 5,1 % pour atteindre 2642 m\u00e8tres d&rsquo;altitude). Finalement, les 19 derniers kilom\u00e8tres seront en descente.<\/p>\n<p align=\"justify\">Ensuite, lors de la premi\u00e8re des trois journ\u00e9es en <span class=\"corrected-phrase ng-star-inserted\" data-end=\"47\" data-originaltext=\"C\u00f4te d'Or\" data-start=\"39\" data-text=\"C\u00f4te-d'Or\"><span class=\"corrected-phrase__displayed-text corrected-phrase__displayed-text_bubbled\" data-group=\"AutoCorrected\" data-suggestions=\"1\" data-type=\"Punctuation\">C\u00f4te-d&rsquo;Or<\/span><\/span>, la septi\u00e8me \u00e9tape proposera un contre-la-montre individuel de 25 kilom\u00e8tres pour sp\u00e9cialistes entre <strong><span class=\"corrected-phrase ng-star-inserted\" data-end=\"162\" data-originaltext=\"Nuit-Saint-Georges\" data-start=\"145\" data-text=\"Nuits-Saint-Georges\"><span class=\"corrected-phrase__displayed-text corrected-phrase__displayed-text_bubbled\" data-group=\"AutoCorrected\" data-suggestions=\"1\" data-type=\"Spelling\">Nuits-Saint-Georges<\/span><\/span>\u00a0<\/strong>et <strong>Gevrey-Chambertin<\/strong> avec n\u00e9anmoins une petite c\u00f4te de 1,5 km \u00e0 6 %. Cette \u00e9tape permettra de redistribuer les cartes et de cr\u00e9er quelques \u00e9carts entre les pr\u00e9tendants au classement g\u00e9n\u00e9ral.<\/p>\n<ul>\n<li style=\"text-align: justify;\"><strong>\u00c0 lire aussi \u2013\u00a0<a href=\"https:\/\/dicodusport.fr\/blog\/tour-de-france-2024-le-parcours-en-chiffres\/\">Les chiffres du Tour de France 2024<\/a><\/strong><\/li>\n<\/ul>\n<h2 align=\"justify\">Les Strade Bianche en Champagne<\/h2>\n<p align=\"justify\">La premi\u00e8re semaine se conclura par une neuvi\u00e8me \u00e9tape autour de <strong>Troyes<\/strong> avec 14 chemins blancs, pour un total de 32 kilom\u00e8tres de chemins, avec de nombreuses c\u00f4tes, pour un d\u00e9nivel\u00e9 total de 2 000 m\u00e8tres. Une journ\u00e9e qui permettra de mettre \u00e0 mal les coureurs les moins adroits.<\/p>\n<blockquote class=\"twitter-tweet\">\n<p dir=\"ltr\" lang=\"fr\">Etape 9 \/ Stage 9 &#8211; <a href=\"https:\/\/twitter.com\/hashtag\/TDF2024?src=hash&amp;ref_src=twsrc%5Etfw\">#TDF2024<\/a><\/p>\n<p>\ud83d\udea9 <a href=\"https:\/\/twitter.com\/VilledeTroyes?ref_src=twsrc%5Etfw\">@VilledeTroyes<\/a> &#8211; <a href=\"https:\/\/twitter.com\/VilledeTroyes?ref_src=twsrc%5Etfw\">@VilledeTroyes<\/a> \ud83c\udfc1 199 km<\/p>\n<p>\ud83e\udd29\u200d 14 sectors of white roads, 32 km in total onto the gravel and into the dust.<\/p>\n<p>\ud83e\udd2914 secteurs de chemins blancs pour un total de 32 km dans la poussi\u00e8re et les cailloux. <a href=\"https:\/\/t.co\/FDToSSiLIG\">pic.twitter.com\/FDToSSiLIG<\/a><\/p>\n<p>\u2014 Tour de France\u2122 (@LeTour) <a href=\"https:\/\/twitter.com\/LeTour\/status\/1717136645906923707?ref_src=twsrc%5Etfw\">October 25, 2023<\/a><\/p><\/blockquote>\n<p><script async src=\"https:\/\/platform.twitter.com\/widgets.js\" charset=\"utf-8\"><\/script><\/p>\n<p align=\"justify\">La deuxi\u00e8me semaine de course pourrait d\u00e9buter par une \u00e9tape pi\u00e9geuse en direction de <strong>Saint-Amand-Montrond<\/strong> avec des possibilit\u00e9s de bordure.\u00a0 La onzi\u00e8me \u00e9tape proposera 4 350 m\u00e8tres de d\u00e9nivel\u00e9 pour rejoindre <strong>Le Lioran<\/strong>. La seconde moiti\u00e9 de l&rsquo;\u00e9tape sera tr\u00e8s vallonn\u00e9e \u00e0 travers le Cantal avec les ascensions du Col de N\u00e9ronne (3,8 km \u00e0 9,1 %), le Puy Mary Pas de Peyrol (5,4 km \u00e0 8,1 %), le Col de Pertus (4,4 km \u00e0 7,9 %) et le Font de C\u00e8re (3,3 km \u00e0 5,8 %). Le sommet de ce dernier sera situ\u00e9 \u00e0 moins de 3 kilom\u00e8tres e la ligne d&rsquo;arriv\u00e9e.<\/p>\n<ul>\n<li style=\"text-align: justify;\"><strong>\u00c0 ce sujet &#8211; <a href=\"https:\/\/dicodusport.fr\/blog\/tour-de-france-2024-les-equipes-totalenergies-et-uno-x-invitees\/\">Tour de France 2024 : Les \u00e9quipes TotalEnergies et Uno-X invit\u00e9es<\/a><\/strong><\/li>\n<\/ul>\n<h2 align=\"justify\">Les Pyr\u00e9n\u00e9es en fin de deuxi\u00e8me semaine<\/h2>\n<p align=\"justify\">Le samedi 12 juillet, place \u00e0 la premi\u00e8re \u00e9tape pyr\u00e9n\u00e9enne avec 3 900 m\u00e8tres de d\u00e9nivel\u00e9 sur 152 km, vers le <strong>Pla d&rsquo;Adet<\/strong>, avec les ascensions du Tourmalet (19 km \u00e0 7,4 %), de l&rsquo;Hourquette d&rsquo;Ancizan (8,2 km \u00e0 5,1 %) et la mont\u00e9e finale de 10,6 km \u00e0 7,9 %.<\/p>\n<p align=\"justify\">Le lendemain, la seconde \u00e9tape des Pyr\u00e9n\u00e9es traversera le Col de Peyresourde (6,9 km \u00e0 7,8 %) d\u00e8s le d\u00e9part, de Ment\u00e9 (9,3 km \u00e0 9,1 %), du Portet d&rsquo;Aspet (4,3 km \u00e0 9,7 %), d&rsquo;Agn\u00e8s (10 km \u00e0 8,2 %) et l&rsquo;ascension finale du <strong>Plateau de Beille (15,8 km \u00e0 7,9 %) <\/strong>pour 4 850 m\u00e8tres de d\u00e9nivel\u00e9 au total. Malheureusement, il y aura trois grosses portions de vall\u00e9e sur cette 15\u1d49 \u00e9tape, ce qui pourrait compromettre une course de mouvement chez les leaders.<\/p>\n<blockquote class=\"twitter-tweet\">\n<p dir=\"ltr\" lang=\"fr\">\ud83d\udd0e Etape 15 \/ Stage 15 <a href=\"https:\/\/twitter.com\/hashtag\/TDF2024?src=hash&amp;ref_src=twsrc%5Etfw\">#TDF2024<\/a><\/p>\n<p>\u26f0 Col d&rsquo;Agnes<br \/>\n\ud83d\udcc8 10 km, 8,2%<\/p>\n<p>\u26f0 Plateau de Beille<br \/>\n\ud83d\udcc8 15,8 km, 7,9%<\/p>\n<p>\ud83c\udf86 The stage is set, we can expect some fireworks on Bastille Day!<\/p>\n<p>\ud83c\udf86 On attendra un feu d&rsquo;artifice en ce jour de f\u00eate nationale ! <a href=\"https:\/\/t.co\/49wbQTLXH2\">pic.twitter.com\/49wbQTLXH2<\/a><\/p>\n<p>\u2014 Tour de France\u2122 (@LeTour) <a href=\"https:\/\/twitter.com\/LeTour\/status\/1717138429274685764?ref_src=twsrc%5Etfw\">October 25, 2023<\/a><\/p><\/blockquote>\n<p><script async src=\"https:\/\/platform.twitter.com\/widgets.js\" charset=\"utf-8\"><\/script><\/p>\n<p align=\"justify\">Apr\u00e8s une \u00e9tape pour les sprinteurs \u00e0 N\u00eemes, la 17e \u00e9tape sera difficile dans ses 40 derniers kilom\u00e8tres, vers <strong>Superd\u00e9voluy<\/strong>, pour une nouvelle arriv\u00e9e au sommet. Il va falloir grimper le Col de Bayard (6,8 km \u00e0 7,3 %) et du Noyer (7,5 km, 8,4%) avant la mont\u00e9e finale de 3,8 km, 5,9%.<\/p>\n<h2 style=\"text-align: justify;\" align=\"justify\">Un final difficile dans les Alpes du Sud<\/h2>\n<p align=\"justify\">Ensuite, la dix-neuvi\u00e8me \u00e9tape sera un grand rendez-vous en haute montagne avec le Col de Vars (18,8 km \u00e0 5,7 %), la Cime de la Bonette (22,9 km \u00e0 6,9 %, le plus haut col fran\u00e7ais \u00e0 2802 m\u00e8tres d&rsquo;altitude) et la mont\u00e9e finale d&rsquo;<strong>Isola 2000<\/strong> (16,1 km \u00e0 7,1 %) en\u00a0 145 kilom\u00e8tres.<\/p>\n<blockquote class=\"twitter-tweet\">\n<p dir=\"ltr\" lang=\"fr\">\ud83d\udd0e Etape 19 \/ Stage 19 <a href=\"https:\/\/twitter.com\/hashtag\/TDF2024?src=hash&amp;ref_src=twsrc%5Etfw\">#TDF2024<\/a><\/p>\n<p>\u26f0 Col de Vars \ud83d\udcc8 18,8 km, 5,7%<br \/>\n\u26f0 Cime de la Bonette \ud83d\udcc8 22,9 km, 6,9%<br \/>\n\u26f0 Isola 2000 \ud83d\udcc8 16,1 km, 7,1%<\/p>\n<p>\ud83d\ude31 3 climbs above 2.000 m and a total of \ud835\udfd2.\ud835\udfd4\ud835\udfce\ud835\udfce m of vertical gain!<br \/>\n\ud83d\ude31 3 ascensions au del\u00e0 des 2.000 m et un total de \ud835\udfd2.\ud835\udfd4\ud835\udfce\ud835\udfce m de D+! <a href=\"https:\/\/t.co\/rn6ybNZkwd\">pic.twitter.com\/rn6ybNZkwd<\/a><\/p>\n<p>\u2014 Tour de France\u2122 (@LeTour) <a href=\"https:\/\/twitter.com\/LeTour\/status\/1717139557655658996?ref_src=twsrc%5Etfw\">October 25, 2023<\/a><\/p><\/blockquote>\n<p><script async src=\"https:\/\/platform.twitter.com\/widgets.js\" charset=\"utf-8\"><\/script><\/p>\n<p align=\"justify\">La 20\u00e8me et avant-derni\u00e8re \u00e9tape sera courte et montagneuse dans le massif des Alpes-Maritimes, avec 133 km et 4 300 m\u00e8tres de d\u00e9nivel\u00e9, avec les ascensions des <strong>Cols de Braus<\/strong> (10 km \u00e0 6,6 % avec ses lacets), de <strong>Turini<\/strong> (20,7 km \u00e0 5,7 % par son versant est), de la<strong> Colmiane<\/strong> (7,5 km \u00e0 7,1 %) et de la <strong>Couillole<\/strong> (15,7 km \u00e0 7,1%) pour un dernier effort pour les pr\u00e9tendants au classement g\u00e9n\u00e9ral, avec une arriv\u00e9e au sommet. Paris-Nice, autre course organis\u00e9e par ASO, est arriv\u00e9 au sommet de ce col des Alpes du Sud en 2017 et en 2023.<\/p>\n<p align=\"justify\">Enfin, l&rsquo;\u00e9preuve se terminera par un contre-la-montre individuel de 35 kilom\u00e8tres, sur un trac\u00e9 accident\u00e9 entre la Principaut\u00e9 de<strong> Monaco <\/strong>et <strong>Nice<\/strong>, avec les mont\u00e9es de<strong>\u00a0La Turbie<\/strong> (8,1 km \u00e0 5,6 %) et du c\u00e9l\u00e8bre <strong>Col d\u2019\u00c8ze<\/strong> par son versant le plus difficile (1,6 km \u00e0 8,1 %), avec de nombreux passages \u00e0 plus de 10 %. Avant un final via la Promenade des Anglais sur le bord de mer. Ce chrono permettra de figer d\u00e9finitivement le classement g\u00e9n\u00e9ral.<\/p>\n<blockquote class=\"twitter-tweet\">\n<p dir=\"ltr\" lang=\"fr\">Etape 21 \/ Stage 21 &#8211; <a href=\"https:\/\/twitter.com\/hashtag\/TDF2024?src=hash&amp;ref_src=twsrc%5Etfw\">#TDF2024<\/a><\/p>\n<p>\ud83d\udea9 <a href=\"https:\/\/twitter.com\/GvtMonaco?ref_src=twsrc%5Etfw\">@GvtMonaco<\/a> &#8211; <a href=\"https:\/\/twitter.com\/VilledeNice?ref_src=twsrc%5Etfw\">@VilledeNice<\/a> \ud83c\udfc1 34 km \u23f1<\/p>\n<p>\ud83d\udc9b The final ITT, the final battle, 35 years after the last time trial finish on the Tour de France.<\/p>\n<p>\ud83d\udc9b Un dernier chrono, la derni\u00e8re bataille, 35 ans apr\u00e8s le dernier chrono en cl\u00f4ture du Tour. <a href=\"https:\/\/t.co\/dpBA90rQFE\">pic.twitter.com\/dpBA90rQFE<\/a><\/p>\n<p>\u2014 Tour de France\u2122 (@LeTour) <a href=\"https:\/\/twitter.com\/LeTour\/status\/1717140405370675395?ref_src=twsrc%5Etfw\">October 25, 2023<\/a><\/p><\/blockquote>\n<p><script async src=\"https:\/\/platform.twitter.com\/widgets.js\" charset=\"utf-8\"><\/script><\/p>\n<p style=\"text-align: justify;\">\n","protected":false},"excerpt":{"rendered":"<p>TOUR DE FRANCE 2024 &#8211; D\u00e9couvrez les 12 \u00e9tapes qui vont dessiner le classement g\u00e9n\u00e9ral de la 111\u00e8me \u00e9dition du Tour de France.<\/p>\n","protected":false},"author":48,"featured_media":432200,"comment_status":"open","ping_status":"closed","sticky":false,"template":"","format":"standard","meta":{"_acf_changed":false,"_daextam_enable_autolinks":"1","footnotes":""},"categories":[46995],"tags":[16878,24,1262],"class_list":["post-432044","post","type-post","status-publish","format-standard","has-post-thumbnail","hentry","category-tour-de-france","tag-breve","tag-sport","tag-tour-de-france"],"acf":[],"yoast_head":"<!-- This site is optimized with the Yoast SEO Premium plugin v26.7 (Yoast SEO v26.7) - https:\/\/yoast.com\/wordpress\/plugins\/seo\/ -->\n<title>Tour de France 2024 : Les 12 \u00e9tapes qui vont dessiner le classement g\u00e9n\u00e9ral<\/title>\n<meta name=\"description\" content=\"TOUR DE FRANCE 2024 - D\u00e9couvrez les 12 \u00e9tapes qui vont dessiner le classement g\u00e9n\u00e9ral de la 111\u00e8me \u00e9dition du Tour de France.\" \/>\n<meta name=\"robots\" content=\"index, follow, max-snippet:-1, max-image-preview:large, max-video-preview:-1\" \/>\n<link rel=\"canonical\" href=\"https:\/\/dicodusport.fr\/blog\/tour-de-france-2024-les-12-etapes-qui-vont-dessiner-le-classement-general\/\" \/>\n<meta property=\"og:locale\" content=\"fr_FR\" \/>\n<meta property=\"og:type\" content=\"article\" \/>\n<meta property=\"og:title\" content=\"Tour de France 2024 : Les 12 \u00e9tapes qui vont dessiner le classement g\u00e9n\u00e9ral\" \/>\n<meta property=\"og:description\" content=\"TOUR DE FRANCE 2024 - D\u00e9couvrez les 12 \u00e9tapes qui vont dessiner le classement g\u00e9n\u00e9ral de la 111\u00e8me \u00e9dition du Tour de France.\" \/>\n<meta property=\"og:url\" content=\"https:\/\/dicodusport.fr\/blog\/tour-de-france-2024-les-12-etapes-qui-vont-dessiner-le-classement-general\/\" \/>\n<meta property=\"og:site_name\" content=\"Dicodusport\" \/>\n<meta property=\"article:publisher\" content=\"https:\/\/www.facebook.com\/dicodusport\" \/>\n<meta property=\"article:author\" content=\"https:\/\/www.facebook.com\/groups\/LesRoisDuPeloton\" \/>\n<meta property=\"article:published_time\" content=\"2023-10-25T14:49:07+00:00\" \/>\n<meta property=\"article:modified_time\" content=\"2024-01-18T13:34:06+00:00\" \/>\n<meta property=\"og:image\" content=\"https:\/\/dicodusport.fr\/blog\/wp-content\/uploads\/2023\/10\/Tour-de-France-2024-Les-12-etapes-qui-vont-dessiner-le-classement-general.png\" \/>\n\t<meta property=\"og:image:width\" content=\"800\" \/>\n\t<meta property=\"og:image:height\" content=\"445\" \/>\n\t<meta property=\"og:image:type\" content=\"image\/png\" \/>\n<meta name=\"author\" content=\"Emilien Descampiaux\" \/>\n<meta name=\"twitter:card\" content=\"summary_large_image\" \/>\n<meta name=\"twitter:title\" content=\"Tour de France 2024 : Les 12 \u00e9tapes qui vont dessiner le classement g\u00e9n\u00e9ral\" \/>\n<meta name=\"twitter:creator\" content=\"@https:\/\/twitter.com\/LRoisDuPeloton\" \/>\n<meta name=\"twitter:site\" content=\"@dicodusport\" \/>\n<script type=\"application\/ld+json\" class=\"yoast-schema-graph\">{\"@context\":\"https:\/\/schema.org\",\"@graph\":[{\"@type\":\"NewsArticle\",\"@id\":\"https:\/\/dicodusport.fr\/blog\/tour-de-france-2024-les-12-etapes-qui-vont-dessiner-le-classement-general\/#article\",\"isPartOf\":{\"@id\":\"https:\/\/dicodusport.fr\/blog\/tour-de-france-2024-les-12-etapes-qui-vont-dessiner-le-classement-general\/\"},\"author\":{\"name\":\"Emilien Descampiaux\",\"@id\":\"https:\/\/dicodusport.fr\/blog\/#\/schema\/person\/6db4bae06b171592211be385b32876a7\"},\"headline\":\"Tour de France 2024 : Les 12 \u00e9tapes qui vont dessiner le classement g\u00e9n\u00e9ral\",\"datePublished\":\"2023-10-25T14:49:07+00:00\",\"dateModified\":\"2024-01-18T13:34:06+00:00\",\"mainEntityOfPage\":{\"@id\":\"https:\/\/dicodusport.fr\/blog\/tour-de-france-2024-les-12-etapes-qui-vont-dessiner-le-classement-general\/\"},\"wordCount\":1069,\"commentCount\":0,\"publisher\":{\"@id\":\"https:\/\/dicodusport.fr\/blog\/#organization\"},\"image\":{\"@id\":\"https:\/\/dicodusport.fr\/blog\/tour-de-france-2024-les-12-etapes-qui-vont-dessiner-le-classement-general\/#primaryimage\"},\"thumbnailUrl\":\"https:\/\/dicodusport.fr\/blog\/wp-content\/uploads\/2023\/10\/Tour-de-France-2024-Les-12-etapes-qui-vont-dessiner-le-classement-general.png\",\"keywords\":[\"br\u00e8ve\",\"sport\",\"Tour de France\"],\"articleSection\":[\"Tour de France\"],\"inLanguage\":\"fr-FR\",\"potentialAction\":[{\"@type\":\"CommentAction\",\"name\":\"Comment\",\"target\":[\"https:\/\/dicodusport.fr\/blog\/tour-de-france-2024-les-12-etapes-qui-vont-dessiner-le-classement-general\/#respond\"]}],\"copyrightYear\":\"2023\",\"copyrightHolder\":{\"@id\":\"https:\/\/dicodusport.fr\/blog\/#organization\"}},{\"@type\":\"WebPage\",\"@id\":\"https:\/\/dicodusport.fr\/blog\/tour-de-france-2024-les-12-etapes-qui-vont-dessiner-le-classement-general\/\",\"url\":\"https:\/\/dicodusport.fr\/blog\/tour-de-france-2024-les-12-etapes-qui-vont-dessiner-le-classement-general\/\",\"name\":\"Tour de France 2024 : Les 12 \u00e9tapes qui vont dessiner le classement g\u00e9n\u00e9ral\",\"isPartOf\":{\"@id\":\"https:\/\/dicodusport.fr\/blog\/#website\"},\"primaryImageOfPage\":{\"@id\":\"https:\/\/dicodusport.fr\/blog\/tour-de-france-2024-les-12-etapes-qui-vont-dessiner-le-classement-general\/#primaryimage\"},\"image\":{\"@id\":\"https:\/\/dicodusport.fr\/blog\/tour-de-france-2024-les-12-etapes-qui-vont-dessiner-le-classement-general\/#primaryimage\"},\"thumbnailUrl\":\"https:\/\/dicodusport.fr\/blog\/wp-content\/uploads\/2023\/10\/Tour-de-France-2024-Les-12-etapes-qui-vont-dessiner-le-classement-general.png\",\"datePublished\":\"2023-10-25T14:49:07+00:00\",\"dateModified\":\"2024-01-18T13:34:06+00:00\",\"description\":\"TOUR DE FRANCE 2024 - D\u00e9couvrez les 12 \u00e9tapes qui vont dessiner le classement g\u00e9n\u00e9ral de la 111\u00e8me \u00e9dition du Tour de France.\",\"breadcrumb\":{\"@id\":\"https:\/\/dicodusport.fr\/blog\/tour-de-france-2024-les-12-etapes-qui-vont-dessiner-le-classement-general\/#breadcrumb\"},\"inLanguage\":\"fr-FR\",\"potentialAction\":[{\"@type\":\"ReadAction\",\"target\":[\"https:\/\/dicodusport.fr\/blog\/tour-de-france-2024-les-12-etapes-qui-vont-dessiner-le-classement-general\/\"]}]},{\"@type\":\"ImageObject\",\"inLanguage\":\"fr-FR\",\"@id\":\"https:\/\/dicodusport.fr\/blog\/tour-de-france-2024-les-12-etapes-qui-vont-dessiner-le-classement-general\/#primaryimage\",\"url\":\"https:\/\/dicodusport.fr\/blog\/wp-content\/uploads\/2023\/10\/Tour-de-France-2024-Les-12-etapes-qui-vont-dessiner-le-classement-general.png\",\"contentUrl\":\"https:\/\/dicodusport.fr\/blog\/wp-content\/uploads\/2023\/10\/Tour-de-France-2024-Les-12-etapes-qui-vont-dessiner-le-classement-general.png\",\"width\":800,\"height\":445,\"caption\":\"Tour de France 2024 Les 12 \u00e9tapes qui vont dessiner le classement g\u00e9n\u00e9ral\"},{\"@type\":\"BreadcrumbList\",\"@id\":\"https:\/\/dicodusport.fr\/blog\/tour-de-france-2024-les-12-etapes-qui-vont-dessiner-le-classement-general\/#breadcrumb\",\"itemListElement\":[{\"@type\":\"ListItem\",\"position\":1,\"name\":\"Accueil\",\"item\":\"https:\/\/dicodusport.fr\/blog\/\"},{\"@type\":\"ListItem\",\"position\":2,\"name\":\"Tour de France 2024 : Les 12 \u00e9tapes qui vont dessiner le classement g\u00e9n\u00e9ral\"}]},{\"@type\":\"WebSite\",\"@id\":\"https:\/\/dicodusport.fr\/blog\/#website\",\"url\":\"https:\/\/dicodusport.fr\/blog\/\",\"name\":\"Dicodusport\",\"description\":\"L&#039;encyclop\u00e9die de l&#039;actualit\u00e9 sportive\",\"publisher\":{\"@id\":\"https:\/\/dicodusport.fr\/blog\/#organization\"},\"potentialAction\":[{\"@type\":\"SearchAction\",\"target\":{\"@type\":\"EntryPoint\",\"urlTemplate\":\"https:\/\/dicodusport.fr\/blog\/?s={search_term_string}\"},\"query-input\":{\"@type\":\"PropertyValueSpecification\",\"valueRequired\":true,\"valueName\":\"search_term_string\"}}],\"inLanguage\":\"fr-FR\"},{\"@type\":\"NewsMediaOrganization\",\"@id\":\"https:\/\/dicodusport.fr\/blog\/#organization\",\"name\":\"Dicodusport\",\"url\":\"https:\/\/dicodusport.fr\/blog\/\",\"logo\":{\"@type\":\"ImageObject\",\"inLanguage\":\"fr-FR\",\"@id\":\"https:\/\/dicodusport.fr\/blog\/#\/schema\/logo\/image\/\",\"url\":\"https:\/\/dicodusport.fr\/blog\/wp-content\/uploads\/2020\/06\/cropped-LOGO-DICODUSPORT-2020-SANS-FOND-SANS-TEXTE.png\",\"contentUrl\":\"https:\/\/dicodusport.fr\/blog\/wp-content\/uploads\/2020\/06\/cropped-LOGO-DICODUSPORT-2020-SANS-FOND-SANS-TEXTE.png\",\"width\":512,\"height\":512,\"caption\":\"Dicodusport\"},\"image\":{\"@id\":\"https:\/\/dicodusport.fr\/blog\/#\/schema\/logo\/image\/\"},\"sameAs\":[\"https:\/\/www.facebook.com\/dicodusport\",\"https:\/\/x.com\/dicodusport\",\"https:\/\/www.instagram.com\/dicodusport\/\",\"https:\/\/www.youtube.com\/channel\/UC7V2KZ5sd3htJivAbA4ZG3w\"],\"description\":\"Dicodusport est l'encyclop\u00e9die de l'actualit\u00e9 sportive.\",\"email\":\"bonjour@dicodusport.fr\",\"legalName\":\"DICODUSPORT\",\"foundingDate\":\"2018-01-14\",\"vatID\":\"FR71834470973\",\"taxID\":\"83447097300043\",\"numberOfEmployees\":{\"@type\":\"QuantitativeValue\",\"minValue\":\"1\",\"maxValue\":\"10\"}},{\"@type\":\"Person\",\"@id\":\"https:\/\/dicodusport.fr\/blog\/#\/schema\/person\/6db4bae06b171592211be385b32876a7\",\"name\":\"Emilien Descampiaux\",\"image\":{\"@type\":\"ImageObject\",\"inLanguage\":\"fr-FR\",\"@id\":\"https:\/\/dicodusport.fr\/blog\/#\/schema\/person\/image\/\",\"url\":\"https:\/\/dicodusport.fr\/blog\/wp-content\/uploads\/2021\/05\/Emilien-Descampiaux-150x150.jpg\",\"contentUrl\":\"https:\/\/dicodusport.fr\/blog\/wp-content\/uploads\/2021\/05\/Emilien-Descampiaux-150x150.jpg\",\"caption\":\"Emilien Descampiaux\"},\"description\":\"Journaliste\/r\u00e9dacteur depuis 2014 - Fan de la classe de Frank Vandenbroucke, je vis cyclisme (et de ses paysages) depuis plus de 20 ans. Je suis tr\u00e8s impliqu\u00e9 sur mes diff\u00e9rents r\u00e9seaux sociaux pour partager ma passion sur le monde et l'Histoire de la bicyclette avec ma voix sur les images en noir et blanc du succ\u00e8s de Rik Van Steenbergen lors du Ronde sur le V\u00e9lodrome de Gand.\",\"sameAs\":[\"https:\/\/www.facebook.com\/groups\/LesRoisDuPeloton\",\"https:\/\/x.com\/https:\/\/twitter.com\/LRoisDuPeloton\"],\"url\":\"https:\/\/dicodusport.fr\/blog\/author\/emiliend\/\"}]}<\/script>\n<!-- \/ Yoast SEO Premium plugin. -->","yoast_head_json":{"title":"Tour de France 2024 : Les 12 \u00e9tapes qui vont dessiner le classement g\u00e9n\u00e9ral","description":"TOUR DE FRANCE 2024 - D\u00e9couvrez les 12 \u00e9tapes qui vont dessiner le classement g\u00e9n\u00e9ral de la 111\u00e8me \u00e9dition du Tour de France.","robots":{"index":"index","follow":"follow","max-snippet":"max-snippet:-1","max-image-preview":"max-image-preview:large","max-video-preview":"max-video-preview:-1"},"canonical":"https:\/\/dicodusport.fr\/blog\/tour-de-france-2024-les-12-etapes-qui-vont-dessiner-le-classement-general\/","og_locale":"fr_FR","og_type":"article","og_title":"Tour de France 2024 : Les 12 \u00e9tapes qui vont dessiner le classement g\u00e9n\u00e9ral","og_description":"TOUR DE FRANCE 2024 - D\u00e9couvrez les 12 \u00e9tapes qui vont dessiner le classement g\u00e9n\u00e9ral de la 111\u00e8me \u00e9dition du Tour de France.","og_url":"https:\/\/dicodusport.fr\/blog\/tour-de-france-2024-les-12-etapes-qui-vont-dessiner-le-classement-general\/","og_site_name":"Dicodusport","article_publisher":"https:\/\/www.facebook.com\/dicodusport","article_author":"https:\/\/www.facebook.com\/groups\/LesRoisDuPeloton","article_published_time":"2023-10-25T14:49:07+00:00","article_modified_time":"2024-01-18T13:34:06+00:00","og_image":[{"width":800,"height":445,"url":"https:\/\/dicodusport.fr\/blog\/wp-content\/uploads\/2023\/10\/Tour-de-France-2024-Les-12-etapes-qui-vont-dessiner-le-classement-general.png","type":"image\/png"}],"author":"Emilien Descampiaux","twitter_card":"summary_large_image","twitter_title":"Tour de France 2024 : Les 12 \u00e9tapes qui vont dessiner le classement g\u00e9n\u00e9ral","twitter_creator":"@https:\/\/twitter.com\/LRoisDuPeloton","twitter_site":"@dicodusport","schema":{"@context":"https:\/\/schema.org","@graph":[{"@type":"NewsArticle","@id":"https:\/\/dicodusport.fr\/blog\/tour-de-france-2024-les-12-etapes-qui-vont-dessiner-le-classement-general\/#article","isPartOf":{"@id":"https:\/\/dicodusport.fr\/blog\/tour-de-france-2024-les-12-etapes-qui-vont-dessiner-le-classement-general\/"},"author":{"name":"Emilien Descampiaux","@id":"https:\/\/dicodusport.fr\/blog\/#\/schema\/person\/6db4bae06b171592211be385b32876a7"},"headline":"Tour de France 2024 : Les 12 \u00e9tapes qui vont dessiner le classement g\u00e9n\u00e9ral","datePublished":"2023-10-25T14:49:07+00:00","dateModified":"2024-01-18T13:34:06+00:00","mainEntityOfPage":{"@id":"https:\/\/dicodusport.fr\/blog\/tour-de-france-2024-les-12-etapes-qui-vont-dessiner-le-classement-general\/"},"wordCount":1069,"commentCount":0,"publisher":{"@id":"https:\/\/dicodusport.fr\/blog\/#organization"},"image":{"@id":"https:\/\/dicodusport.fr\/blog\/tour-de-france-2024-les-12-etapes-qui-vont-dessiner-le-classement-general\/#primaryimage"},"thumbnailUrl":"https:\/\/dicodusport.fr\/blog\/wp-content\/uploads\/2023\/10\/Tour-de-France-2024-Les-12-etapes-qui-vont-dessiner-le-classement-general.png","keywords":["br\u00e8ve","sport","Tour de France"],"articleSection":["Tour de France"],"inLanguage":"fr-FR","potentialAction":[{"@type":"CommentAction","name":"Comment","target":["https:\/\/dicodusport.fr\/blog\/tour-de-france-2024-les-12-etapes-qui-vont-dessiner-le-classement-general\/#respond"]}],"copyrightYear":"2023","copyrightHolder":{"@id":"https:\/\/dicodusport.fr\/blog\/#organization"}},{"@type":"WebPage","@id":"https:\/\/dicodusport.fr\/blog\/tour-de-france-2024-les-12-etapes-qui-vont-dessiner-le-classement-general\/","url":"https:\/\/dicodusport.fr\/blog\/tour-de-france-2024-les-12-etapes-qui-vont-dessiner-le-classement-general\/","name":"Tour de France 2024 : Les 12 \u00e9tapes qui vont dessiner le classement g\u00e9n\u00e9ral","isPartOf":{"@id":"https:\/\/dicodusport.fr\/blog\/#website"},"primaryImageOfPage":{"@id":"https:\/\/dicodusport.fr\/blog\/tour-de-france-2024-les-12-etapes-qui-vont-dessiner-le-classement-general\/#primaryimage"},"image":{"@id":"https:\/\/dicodusport.fr\/blog\/tour-de-france-2024-les-12-etapes-qui-vont-dessiner-le-classement-general\/#primaryimage"},"thumbnailUrl":"https:\/\/dicodusport.fr\/blog\/wp-content\/uploads\/2023\/10\/Tour-de-France-2024-Les-12-etapes-qui-vont-dessiner-le-classement-general.png","datePublished":"2023-10-25T14:49:07+00:00","dateModified":"2024-01-18T13:34:06+00:00","description":"TOUR DE FRANCE 2024 - D\u00e9couvrez les 12 \u00e9tapes qui vont dessiner le classement g\u00e9n\u00e9ral de la 111\u00e8me \u00e9dition du Tour de France.","breadcrumb":{"@id":"https:\/\/dicodusport.fr\/blog\/tour-de-france-2024-les-12-etapes-qui-vont-dessiner-le-classement-general\/#breadcrumb"},"inLanguage":"fr-FR","potentialAction":[{"@type":"ReadAction","target":["https:\/\/dicodusport.fr\/blog\/tour-de-france-2024-les-12-etapes-qui-vont-dessiner-le-classement-general\/"]}]},{"@type":"ImageObject","inLanguage":"fr-FR","@id":"https:\/\/dicodusport.fr\/blog\/tour-de-france-2024-les-12-etapes-qui-vont-dessiner-le-classement-general\/#primaryimage","url":"https:\/\/dicodusport.fr\/blog\/wp-content\/uploads\/2023\/10\/Tour-de-France-2024-Les-12-etapes-qui-vont-dessiner-le-classement-general.png","contentUrl":"https:\/\/dicodusport.fr\/blog\/wp-content\/uploads\/2023\/10\/Tour-de-France-2024-Les-12-etapes-qui-vont-dessiner-le-classement-general.png","width":800,"height":445,"caption":"Tour de France 2024 Les 12 \u00e9tapes qui vont dessiner le classement g\u00e9n\u00e9ral"},{"@type":"BreadcrumbList","@id":"https:\/\/dicodusport.fr\/blog\/tour-de-france-2024-les-12-etapes-qui-vont-dessiner-le-classement-general\/#breadcrumb","itemListElement":[{"@type":"ListItem","position":1,"name":"Accueil","item":"https:\/\/dicodusport.fr\/blog\/"},{"@type":"ListItem","position":2,"name":"Tour de France 2024 : Les 12 \u00e9tapes qui vont dessiner le classement g\u00e9n\u00e9ral"}]},{"@type":"WebSite","@id":"https:\/\/dicodusport.fr\/blog\/#website","url":"https:\/\/dicodusport.fr\/blog\/","name":"Dicodusport","description":"L&#039;encyclop\u00e9die de l&#039;actualit\u00e9 sportive","publisher":{"@id":"https:\/\/dicodusport.fr\/blog\/#organization"},"potentialAction":[{"@type":"SearchAction","target":{"@type":"EntryPoint","urlTemplate":"https:\/\/dicodusport.fr\/blog\/?s={search_term_string}"},"query-input":{"@type":"PropertyValueSpecification","valueRequired":true,"valueName":"search_term_string"}}],"inLanguage":"fr-FR"},{"@type":"NewsMediaOrganization","@id":"https:\/\/dicodusport.fr\/blog\/#organization","name":"Dicodusport","url":"https:\/\/dicodusport.fr\/blog\/","logo":{"@type":"ImageObject","inLanguage":"fr-FR","@id":"https:\/\/dicodusport.fr\/blog\/#\/schema\/logo\/image\/","url":"https:\/\/dicodusport.fr\/blog\/wp-content\/uploads\/2020\/06\/cropped-LOGO-DICODUSPORT-2020-SANS-FOND-SANS-TEXTE.png","contentUrl":"https:\/\/dicodusport.fr\/blog\/wp-content\/uploads\/2020\/06\/cropped-LOGO-DICODUSPORT-2020-SANS-FOND-SANS-TEXTE.png","width":512,"height":512,"caption":"Dicodusport"},"image":{"@id":"https:\/\/dicodusport.fr\/blog\/#\/schema\/logo\/image\/"},"sameAs":["https:\/\/www.facebook.com\/dicodusport","https:\/\/x.com\/dicodusport","https:\/\/www.instagram.com\/dicodusport\/","https:\/\/www.youtube.com\/channel\/UC7V2KZ5sd3htJivAbA4ZG3w"],"description":"Dicodusport est l'encyclop\u00e9die de l'actualit\u00e9 sportive.","email":"bonjour@dicodusport.fr","legalName":"DICODUSPORT","foundingDate":"2018-01-14","vatID":"FR71834470973","taxID":"83447097300043","numberOfEmployees":{"@type":"QuantitativeValue","minValue":"1","maxValue":"10"}},{"@type":"Person","@id":"https:\/\/dicodusport.fr\/blog\/#\/schema\/person\/6db4bae06b171592211be385b32876a7","name":"Emilien Descampiaux","image":{"@type":"ImageObject","inLanguage":"fr-FR","@id":"https:\/\/dicodusport.fr\/blog\/#\/schema\/person\/image\/","url":"https:\/\/dicodusport.fr\/blog\/wp-content\/uploads\/2021\/05\/Emilien-Descampiaux-150x150.jpg","contentUrl":"https:\/\/dicodusport.fr\/blog\/wp-content\/uploads\/2021\/05\/Emilien-Descampiaux-150x150.jpg","caption":"Emilien Descampiaux"},"description":"Journaliste\/r\u00e9dacteur depuis 2014 - Fan de la classe de Frank Vandenbroucke, je vis cyclisme (et de ses paysages) depuis plus de 20 ans. Je suis tr\u00e8s impliqu\u00e9 sur mes diff\u00e9rents r\u00e9seaux sociaux pour partager ma passion sur le monde et l'Histoire de la bicyclette avec ma voix sur les images en noir et blanc du succ\u00e8s de Rik Van Steenbergen lors du Ronde sur le V\u00e9lodrome de Gand.","sameAs":["https:\/\/www.facebook.com\/groups\/LesRoisDuPeloton","https:\/\/x.com\/https:\/\/twitter.com\/LRoisDuPeloton"],"url":"https:\/\/dicodusport.fr\/blog\/author\/emiliend\/"}]}},"_links":{"self":[{"href":"https:\/\/dicodusport.fr\/blog\/wp-json\/wp\/v2\/posts\/432044","targetHints":{"allow":["GET"]}}],"collection":[{"href":"https:\/\/dicodusport.fr\/blog\/wp-json\/wp\/v2\/posts"}],"about":[{"href":"https:\/\/dicodusport.fr\/blog\/wp-json\/wp\/v2\/types\/post"}],"author":[{"embeddable":true,"href":"https:\/\/dicodusport.fr\/blog\/wp-json\/wp\/v2\/users\/48"}],"replies":[{"embeddable":true,"href":"https:\/\/dicodusport.fr\/blog\/wp-json\/wp\/v2\/comments?post=432044"}],"version-history":[{"count":1,"href":"https:\/\/dicodusport.fr\/blog\/wp-json\/wp\/v2\/posts\/432044\/revisions"}],"predecessor-version":[{"id":453933,"href":"https:\/\/dicodusport.fr\/blog\/wp-json\/wp\/v2\/posts\/432044\/revisions\/453933"}],"wp:featuredmedia":[{"embeddable":true,"href":"https:\/\/dicodusport.fr\/blog\/wp-json\/wp\/v2\/media\/432200"}],"wp:attachment":[{"href":"https:\/\/dicodusport.fr\/blog\/wp-json\/wp\/v2\/media?parent=432044"}],"wp:term":[{"taxonomy":"category","embeddable":true,"href":"https:\/\/dicodusport.fr\/blog\/wp-json\/wp\/v2\/categories?post=432044"},{"taxonomy":"post_tag","embeddable":true,"href":"https:\/\/dicodusport.fr\/blog\/wp-json\/wp\/v2\/tags?post=432044"}],"curies":[{"name":"wp","href":"https:\/\/api.w.org\/{rel}","templated":true}]}}