{"id":432324,"date":"2023-10-26T09:02:37","date_gmt":"2023-10-26T07:02:37","guid":{"rendered":"https:\/\/dicodusport.fr\/blog\/?p=432324&#038;preview=true&#038;preview_id=432324"},"modified":"2023-10-26T10:55:49","modified_gmt":"2023-10-26T08:55:49","slug":"om-la-composition-probable-de-marseille-pour-la-reception-de-laek-athenes","status":"publish","type":"post","link":"https:\/\/dicodusport.fr\/blog\/om-la-composition-probable-de-marseille-pour-la-reception-de-laek-athenes\/","title":{"rendered":"OM : La composition probable de Marseille pour la r\u00e9ception de l&rsquo;AEK Ath\u00e8nes"},"content":{"rendered":"<p style=\"text-align: justify;\" align=\"justify\"><em><strong>LIGUE EUROPA 2023-2024<b>\u00a0\u2013<\/b> Selon L&rsquo;\u00c9quipe, l&rsquo;Olympique de Marseille va de nouveau \u00e9voluer en 4-3-3 pour la r\u00e9ception de l&rsquo;AEK Ath\u00e8nes.<\/strong><\/em><\/p>\n<ul style=\"text-align: justify;\">\n<li style=\"text-align: justify;\"><strong>\u00c0 lire aussi &#8211; <a href=\"https:\/\/dicodusport.fr\/blog\/marseille-aek-athenes-chaine-tv-et-heure-du-match\/\" target=\"_blank\" rel=\"noopener\">Marseille \u2013 AEK Ath\u00e8nes : Cha\u00eene TV et Heure du match<\/a><\/strong><\/li>\n<\/ul>\n<p style=\"text-align: justify;\">Apr\u00e8s deux matchs nuls en <strong>Ligue<\/strong> <strong>Europa<\/strong>, l&rsquo;<strong>OM<\/strong> veut aller chercher une premi\u00e8re victoire avec la r\u00e9ception de l&rsquo;AEK Ath\u00e8nes ce jeudi. <strong>Gennaro<\/strong> <strong>Gattuso<\/strong> sera priv\u00e9 de son gardien <strong>Pau<\/strong> <strong>Lopez<\/strong> et c&rsquo;est donc <strong>Ruben<\/strong> <strong>Blanco<\/strong> qui sera titulaire pour la premi\u00e8re fois de la saison.<\/p>\n<p style=\"text-align: justify;\">En d\u00e9fense, <strong>Renan<\/strong> <strong>Lodi<\/strong> et <strong>Jonathan<\/strong> <strong>Clauss<\/strong> devraient de nouveau \u00eatre dans les couloirs alors que\u00a0<strong>Chancel<\/strong> <strong>Mbemba<\/strong> et <strong>L\u00e9onardo<\/strong> <strong>Balerdi<\/strong> sont attendus dans l&rsquo;axe. Le milieu de terrain \u00e0 trois devrait \u00eatre plus d\u00e9fensif que d&rsquo;habitude, sans num\u00e9ro 10. Geoffrey Kondogbia devrait \u00eatre en sentinelle avec <strong>Valentin<\/strong> <strong>Rongier<\/strong> et <strong>Jordan<\/strong> <strong>Veretout<\/strong> un peu plus haut.<\/p>\n<ul style=\"text-align: justify;\">\n<li style=\"text-align: justify;\"><strong>\u00c0 lire aussi &#8211; <a href=\"https:\/\/dicodusport.fr\/blog\/pronostic-marseille-aek-athenes-cotes-analyse-et-conseil\/\" target=\"_blank\" rel=\"noopener\">Pronostic Marseille \u2013 AEK Ath\u00e8nes : Cotes, analyse et conseil<\/a><\/strong><\/li>\n<\/ul>\n<p style=\"text-align: justify;\">En pointe, <strong>Pierre-Emerick Aubameyang <\/strong>garderait la confiance de son entra\u00eeneur malgr\u00e9 des prestations moyennes et un manque d&rsquo;efficacit\u00e9 devant le but.\u00a0<strong>Iliman<\/strong> <strong>Ndiaye<\/strong> devrait \u00eatre dans le couloir gauche avec <strong>Amine<\/strong> <strong>Harit<\/strong> dans le couloir droit.<\/p>\n<h2 style=\"text-align: justify;\" align=\"justify\">La composition probable de l&rsquo;OM face \u00e0 Brighton<\/h2>\n<p style=\"text-align: justify;\" align=\"justify\">Blanco &#8211; Clauss, Balerdi, Mbemba, Lodi &#8211; Veretout, Rongier, Kondogbia &#8211; NDiaye, Aubameyang, Harit<\/p>\n<p style=\"text-align: justify;\">\n","protected":false},"excerpt":{"rendered":"<p>LIGUE EUROPA 2023-2024\u00a0\u2013 Selon L&rsquo;\u00c9quipe, l&rsquo;Olympique de Marseille va de nouveau \u00e9voluer en 4-3-3 pour la r\u00e9ception de l&rsquo;AEK Ath\u00e8nes.<\/p>\n","protected":false},"author":1,"featured_media":432325,"comment_status":"open","ping_status":"closed","sticky":false,"template":"","format":"standard","meta":{"_acf_changed":false,"_daextam_enable_autolinks":"1","footnotes":""},"categories":[2301],"tags":[35470,16878,75,446,1889],"class_list":["post-432324","post","type-post","status-publish","format-standard","has-post-thumbnail","hentry","category-football","tag-aek-athenes","tag-breve","tag-football","tag-marseille","tag-om"],"acf":[],"yoast_head":"<!-- This site is optimized with the Yoast SEO Premium plugin v26.7 (Yoast SEO v26.7) - https:\/\/yoast.com\/wordpress\/plugins\/seo\/ -->\n<title>OM : La composition probable de Marseille pour la r\u00e9ception de l&#039;AEK Ath\u00e8nes<\/title>\n<meta name=\"description\" content=\"LIGUE EUROPA 2023-2024\u00a0\u2013 Selon L&#039;\u00c9quipe, l&#039;Olympique de Marseille va de nouveau \u00e9voluer en 4-3-3 pour la r\u00e9ception de l&#039;AEK Ath\u00e8nes.\" \/>\n<meta name=\"robots\" content=\"index, follow, max-snippet:-1, max-image-preview:large, max-video-preview:-1\" \/>\n<link rel=\"canonical\" href=\"https:\/\/dicodusport.fr\/blog\/om-la-composition-probable-de-marseille-pour-la-reception-de-laek-athenes\/\" \/>\n<meta property=\"og:locale\" content=\"fr_FR\" \/>\n<meta property=\"og:type\" content=\"article\" \/>\n<meta property=\"og:title\" content=\"OM : La composition probable de Marseille pour la r\u00e9ception de l&#039;AEK Ath\u00e8nes\" \/>\n<meta property=\"og:description\" content=\"LIGUE EUROPA 2023-2024\u00a0\u2013 Selon L&#039;\u00c9quipe, l&#039;Olympique de Marseille va de nouveau \u00e9voluer en 4-3-3 pour la r\u00e9ception de l&#039;AEK Ath\u00e8nes.\" \/>\n<meta property=\"og:url\" content=\"https:\/\/dicodusport.fr\/blog\/om-la-composition-probable-de-marseille-pour-la-reception-de-laek-athenes\/\" \/>\n<meta property=\"og:site_name\" content=\"Dicodusport\" \/>\n<meta property=\"article:publisher\" content=\"https:\/\/www.facebook.com\/dicodusport\" \/>\n<meta property=\"article:author\" content=\"https:\/\/www.facebook.com\/dicodusport\" \/>\n<meta property=\"article:published_time\" content=\"2023-10-26T07:02:37+00:00\" \/>\n<meta property=\"article:modified_time\" content=\"2023-10-26T08:55:49+00:00\" \/>\n<meta property=\"og:image\" content=\"https:\/\/dicodusport.fr\/blog\/wp-content\/uploads\/2023\/10\/OM-La-composition-probable-de-Marseille-pour-la-reception-de-lAEK-Athenes.png\" \/>\n\t<meta property=\"og:image:width\" content=\"800\" \/>\n\t<meta property=\"og:image:height\" content=\"445\" \/>\n\t<meta property=\"og:image:type\" content=\"image\/png\" \/>\n<meta name=\"author\" content=\"Nicolas Jacquemard\" \/>\n<meta name=\"twitter:card\" content=\"summary_large_image\" \/>\n<meta name=\"twitter:title\" content=\"OM : La composition probable de Marseille pour la r\u00e9ception de l&#039;AEK Ath\u00e8nes\" \/>\n<meta name=\"twitter:creator\" content=\"@https:\/\/twitter.com\/Nico_Jacquemard\" \/>\n<meta name=\"twitter:site\" content=\"@dicodusport\" \/>\n<script type=\"application\/ld+json\" class=\"yoast-schema-graph\">{\"@context\":\"https:\/\/schema.org\",\"@graph\":[{\"@type\":\"NewsArticle\",\"@id\":\"https:\/\/dicodusport.fr\/blog\/om-la-composition-probable-de-marseille-pour-la-reception-de-laek-athenes\/#article\",\"isPartOf\":{\"@id\":\"https:\/\/dicodusport.fr\/blog\/om-la-composition-probable-de-marseille-pour-la-reception-de-laek-athenes\/\"},\"author\":{\"name\":\"Nicolas Jacquemard\",\"@id\":\"https:\/\/dicodusport.fr\/blog\/#\/schema\/person\/55dcb50ad410894e431ed812bbb70191\"},\"headline\":\"OM : La composition probable de Marseille pour la r\u00e9ception de l&rsquo;AEK Ath\u00e8nes\",\"datePublished\":\"2023-10-26T07:02:37+00:00\",\"dateModified\":\"2023-10-26T08:55:49+00:00\",\"mainEntityOfPage\":{\"@id\":\"https:\/\/dicodusport.fr\/blog\/om-la-composition-probable-de-marseille-pour-la-reception-de-laek-athenes\/\"},\"wordCount\":241,\"commentCount\":0,\"publisher\":{\"@id\":\"https:\/\/dicodusport.fr\/blog\/#organization\"},\"image\":{\"@id\":\"https:\/\/dicodusport.fr\/blog\/om-la-composition-probable-de-marseille-pour-la-reception-de-laek-athenes\/#primaryimage\"},\"thumbnailUrl\":\"https:\/\/dicodusport.fr\/blog\/wp-content\/uploads\/2023\/10\/OM-La-composition-probable-de-Marseille-pour-la-reception-de-lAEK-Athenes.png\",\"keywords\":[\"AEK Ath\u00e8nes\",\"br\u00e8ve\",\"Football\",\"Marseille\",\"OM\"],\"articleSection\":[\"Football\"],\"inLanguage\":\"fr-FR\",\"potentialAction\":[{\"@type\":\"CommentAction\",\"name\":\"Comment\",\"target\":[\"https:\/\/dicodusport.fr\/blog\/om-la-composition-probable-de-marseille-pour-la-reception-de-laek-athenes\/#respond\"]}],\"copyrightYear\":\"2023\",\"copyrightHolder\":{\"@id\":\"https:\/\/dicodusport.fr\/blog\/#organization\"}},{\"@type\":\"WebPage\",\"@id\":\"https:\/\/dicodusport.fr\/blog\/om-la-composition-probable-de-marseille-pour-la-reception-de-laek-athenes\/\",\"url\":\"https:\/\/dicodusport.fr\/blog\/om-la-composition-probable-de-marseille-pour-la-reception-de-laek-athenes\/\",\"name\":\"OM : La composition probable de Marseille pour la r\u00e9ception de l'AEK Ath\u00e8nes\",\"isPartOf\":{\"@id\":\"https:\/\/dicodusport.fr\/blog\/#website\"},\"primaryImageOfPage\":{\"@id\":\"https:\/\/dicodusport.fr\/blog\/om-la-composition-probable-de-marseille-pour-la-reception-de-laek-athenes\/#primaryimage\"},\"image\":{\"@id\":\"https:\/\/dicodusport.fr\/blog\/om-la-composition-probable-de-marseille-pour-la-reception-de-laek-athenes\/#primaryimage\"},\"thumbnailUrl\":\"https:\/\/dicodusport.fr\/blog\/wp-content\/uploads\/2023\/10\/OM-La-composition-probable-de-Marseille-pour-la-reception-de-lAEK-Athenes.png\",\"datePublished\":\"2023-10-26T07:02:37+00:00\",\"dateModified\":\"2023-10-26T08:55:49+00:00\",\"description\":\"LIGUE EUROPA 2023-2024\u00a0\u2013 Selon L'\u00c9quipe, l'Olympique de Marseille va de nouveau \u00e9voluer en 4-3-3 pour la r\u00e9ception de l'AEK Ath\u00e8nes.\",\"breadcrumb\":{\"@id\":\"https:\/\/dicodusport.fr\/blog\/om-la-composition-probable-de-marseille-pour-la-reception-de-laek-athenes\/#breadcrumb\"},\"inLanguage\":\"fr-FR\",\"potentialAction\":[{\"@type\":\"ReadAction\",\"target\":[\"https:\/\/dicodusport.fr\/blog\/om-la-composition-probable-de-marseille-pour-la-reception-de-laek-athenes\/\"]}]},{\"@type\":\"ImageObject\",\"inLanguage\":\"fr-FR\",\"@id\":\"https:\/\/dicodusport.fr\/blog\/om-la-composition-probable-de-marseille-pour-la-reception-de-laek-athenes\/#primaryimage\",\"url\":\"https:\/\/dicodusport.fr\/blog\/wp-content\/uploads\/2023\/10\/OM-La-composition-probable-de-Marseille-pour-la-reception-de-lAEK-Athenes.png\",\"contentUrl\":\"https:\/\/dicodusport.fr\/blog\/wp-content\/uploads\/2023\/10\/OM-La-composition-probable-de-Marseille-pour-la-reception-de-lAEK-Athenes.png\",\"width\":800,\"height\":445},{\"@type\":\"BreadcrumbList\",\"@id\":\"https:\/\/dicodusport.fr\/blog\/om-la-composition-probable-de-marseille-pour-la-reception-de-laek-athenes\/#breadcrumb\",\"itemListElement\":[{\"@type\":\"ListItem\",\"position\":1,\"name\":\"Accueil\",\"item\":\"https:\/\/dicodusport.fr\/blog\/\"},{\"@type\":\"ListItem\",\"position\":2,\"name\":\"OM : La composition probable de Marseille pour la r\u00e9ception de l&rsquo;AEK Ath\u00e8nes\"}]},{\"@type\":\"WebSite\",\"@id\":\"https:\/\/dicodusport.fr\/blog\/#website\",\"url\":\"https:\/\/dicodusport.fr\/blog\/\",\"name\":\"Dicodusport\",\"description\":\"L&#039;encyclop\u00e9die de l&#039;actualit\u00e9 sportive\",\"publisher\":{\"@id\":\"https:\/\/dicodusport.fr\/blog\/#organization\"},\"potentialAction\":[{\"@type\":\"SearchAction\",\"target\":{\"@type\":\"EntryPoint\",\"urlTemplate\":\"https:\/\/dicodusport.fr\/blog\/?s={search_term_string}\"},\"query-input\":{\"@type\":\"PropertyValueSpecification\",\"valueRequired\":true,\"valueName\":\"search_term_string\"}}],\"inLanguage\":\"fr-FR\"},{\"@type\":\"NewsMediaOrganization\",\"@id\":\"https:\/\/dicodusport.fr\/blog\/#organization\",\"name\":\"Dicodusport\",\"url\":\"https:\/\/dicodusport.fr\/blog\/\",\"logo\":{\"@type\":\"ImageObject\",\"inLanguage\":\"fr-FR\",\"@id\":\"https:\/\/dicodusport.fr\/blog\/#\/schema\/logo\/image\/\",\"url\":\"https:\/\/dicodusport.fr\/blog\/wp-content\/uploads\/2020\/06\/cropped-LOGO-DICODUSPORT-2020-SANS-FOND-SANS-TEXTE.png\",\"contentUrl\":\"https:\/\/dicodusport.fr\/blog\/wp-content\/uploads\/2020\/06\/cropped-LOGO-DICODUSPORT-2020-SANS-FOND-SANS-TEXTE.png\",\"width\":512,\"height\":512,\"caption\":\"Dicodusport\"},\"image\":{\"@id\":\"https:\/\/dicodusport.fr\/blog\/#\/schema\/logo\/image\/\"},\"sameAs\":[\"https:\/\/www.facebook.com\/dicodusport\",\"https:\/\/x.com\/dicodusport\",\"https:\/\/www.instagram.com\/dicodusport\/\",\"https:\/\/www.youtube.com\/channel\/UC7V2KZ5sd3htJivAbA4ZG3w\"],\"description\":\"Dicodusport est l'encyclop\u00e9die de l'actualit\u00e9 sportive.\",\"email\":\"bonjour@dicodusport.fr\",\"legalName\":\"DICODUSPORT\",\"foundingDate\":\"2018-01-14\",\"vatID\":\"FR71834470973\",\"taxID\":\"83447097300043\",\"numberOfEmployees\":{\"@type\":\"QuantitativeValue\",\"minValue\":\"1\",\"maxValue\":\"10\"}},{\"@type\":\"Person\",\"@id\":\"https:\/\/dicodusport.fr\/blog\/#\/schema\/person\/55dcb50ad410894e431ed812bbb70191\",\"name\":\"Nicolas Jacquemard\",\"image\":{\"@type\":\"ImageObject\",\"inLanguage\":\"fr-FR\",\"@id\":\"https:\/\/dicodusport.fr\/blog\/#\/schema\/person\/image\/\",\"url\":\"https:\/\/dicodusport.fr\/blog\/wp-content\/uploads\/2021\/05\/Nicolas-Jacquemard-150x150.jpeg\",\"contentUrl\":\"https:\/\/dicodusport.fr\/blog\/wp-content\/uploads\/2021\/05\/Nicolas-Jacquemard-150x150.jpeg\",\"caption\":\"Nicolas Jacquemard\"},\"description\":\"Passionn\u00e9 de sport et entrepreneur depuis mes 18 ans, la cr\u00e9ation de Dicodusport m'a sembl\u00e9 \u00e9vidente pour participer \u00e0 la m\u00e9diatisation d'un plus grand nombre de sports. Le chemin est long mais avec une \u00e9quipe des plus motiv\u00e9es et les Jeux Olympiques de Paris 2024 en point de mire, nous y arriverons ! Journaliste dans le monde du sport depuis plus de 5 ans, je traite aussi bien de football, de rugby, de biathlon que de cyclisme.\",\"sameAs\":[\"https:\/\/www.facebook.com\/dicodusport\",\"https:\/\/x.com\/https:\/\/twitter.com\/Nico_Jacquemard\"],\"url\":\"https:\/\/dicodusport.fr\/blog\/author\/dicodusport\/\"}]}<\/script>\n<!-- \/ Yoast SEO Premium plugin. -->","yoast_head_json":{"title":"OM : La composition probable de Marseille pour la r\u00e9ception de l'AEK Ath\u00e8nes","description":"LIGUE EUROPA 2023-2024\u00a0\u2013 Selon L'\u00c9quipe, l'Olympique de Marseille va de nouveau \u00e9voluer en 4-3-3 pour la r\u00e9ception de l'AEK Ath\u00e8nes.","robots":{"index":"index","follow":"follow","max-snippet":"max-snippet:-1","max-image-preview":"max-image-preview:large","max-video-preview":"max-video-preview:-1"},"canonical":"https:\/\/dicodusport.fr\/blog\/om-la-composition-probable-de-marseille-pour-la-reception-de-laek-athenes\/","og_locale":"fr_FR","og_type":"article","og_title":"OM : La composition probable de Marseille pour la r\u00e9ception de l'AEK Ath\u00e8nes","og_description":"LIGUE EUROPA 2023-2024\u00a0\u2013 Selon L'\u00c9quipe, l'Olympique de Marseille va de nouveau \u00e9voluer en 4-3-3 pour la r\u00e9ception de l'AEK Ath\u00e8nes.","og_url":"https:\/\/dicodusport.fr\/blog\/om-la-composition-probable-de-marseille-pour-la-reception-de-laek-athenes\/","og_site_name":"Dicodusport","article_publisher":"https:\/\/www.facebook.com\/dicodusport","article_author":"https:\/\/www.facebook.com\/dicodusport","article_published_time":"2023-10-26T07:02:37+00:00","article_modified_time":"2023-10-26T08:55:49+00:00","og_image":[{"width":800,"height":445,"url":"https:\/\/dicodusport.fr\/blog\/wp-content\/uploads\/2023\/10\/OM-La-composition-probable-de-Marseille-pour-la-reception-de-lAEK-Athenes.png","type":"image\/png"}],"author":"Nicolas Jacquemard","twitter_card":"summary_large_image","twitter_title":"OM : La composition probable de Marseille pour la r\u00e9ception de l'AEK Ath\u00e8nes","twitter_creator":"@https:\/\/twitter.com\/Nico_Jacquemard","twitter_site":"@dicodusport","schema":{"@context":"https:\/\/schema.org","@graph":[{"@type":"NewsArticle","@id":"https:\/\/dicodusport.fr\/blog\/om-la-composition-probable-de-marseille-pour-la-reception-de-laek-athenes\/#article","isPartOf":{"@id":"https:\/\/dicodusport.fr\/blog\/om-la-composition-probable-de-marseille-pour-la-reception-de-laek-athenes\/"},"author":{"name":"Nicolas Jacquemard","@id":"https:\/\/dicodusport.fr\/blog\/#\/schema\/person\/55dcb50ad410894e431ed812bbb70191"},"headline":"OM : La composition probable de Marseille pour la r\u00e9ception de l&rsquo;AEK Ath\u00e8nes","datePublished":"2023-10-26T07:02:37+00:00","dateModified":"2023-10-26T08:55:49+00:00","mainEntityOfPage":{"@id":"https:\/\/dicodusport.fr\/blog\/om-la-composition-probable-de-marseille-pour-la-reception-de-laek-athenes\/"},"wordCount":241,"commentCount":0,"publisher":{"@id":"https:\/\/dicodusport.fr\/blog\/#organization"},"image":{"@id":"https:\/\/dicodusport.fr\/blog\/om-la-composition-probable-de-marseille-pour-la-reception-de-laek-athenes\/#primaryimage"},"thumbnailUrl":"https:\/\/dicodusport.fr\/blog\/wp-content\/uploads\/2023\/10\/OM-La-composition-probable-de-Marseille-pour-la-reception-de-lAEK-Athenes.png","keywords":["AEK Ath\u00e8nes","br\u00e8ve","Football","Marseille","OM"],"articleSection":["Football"],"inLanguage":"fr-FR","potentialAction":[{"@type":"CommentAction","name":"Comment","target":["https:\/\/dicodusport.fr\/blog\/om-la-composition-probable-de-marseille-pour-la-reception-de-laek-athenes\/#respond"]}],"copyrightYear":"2023","copyrightHolder":{"@id":"https:\/\/dicodusport.fr\/blog\/#organization"}},{"@type":"WebPage","@id":"https:\/\/dicodusport.fr\/blog\/om-la-composition-probable-de-marseille-pour-la-reception-de-laek-athenes\/","url":"https:\/\/dicodusport.fr\/blog\/om-la-composition-probable-de-marseille-pour-la-reception-de-laek-athenes\/","name":"OM : La composition probable de Marseille pour la r\u00e9ception de l'AEK Ath\u00e8nes","isPartOf":{"@id":"https:\/\/dicodusport.fr\/blog\/#website"},"primaryImageOfPage":{"@id":"https:\/\/dicodusport.fr\/blog\/om-la-composition-probable-de-marseille-pour-la-reception-de-laek-athenes\/#primaryimage"},"image":{"@id":"https:\/\/dicodusport.fr\/blog\/om-la-composition-probable-de-marseille-pour-la-reception-de-laek-athenes\/#primaryimage"},"thumbnailUrl":"https:\/\/dicodusport.fr\/blog\/wp-content\/uploads\/2023\/10\/OM-La-composition-probable-de-Marseille-pour-la-reception-de-lAEK-Athenes.png","datePublished":"2023-10-26T07:02:37+00:00","dateModified":"2023-10-26T08:55:49+00:00","description":"LIGUE EUROPA 2023-2024\u00a0\u2013 Selon L'\u00c9quipe, l'Olympique de Marseille va de nouveau \u00e9voluer en 4-3-3 pour la r\u00e9ception de l'AEK Ath\u00e8nes.","breadcrumb":{"@id":"https:\/\/dicodusport.fr\/blog\/om-la-composition-probable-de-marseille-pour-la-reception-de-laek-athenes\/#breadcrumb"},"inLanguage":"fr-FR","potentialAction":[{"@type":"ReadAction","target":["https:\/\/dicodusport.fr\/blog\/om-la-composition-probable-de-marseille-pour-la-reception-de-laek-athenes\/"]}]},{"@type":"ImageObject","inLanguage":"fr-FR","@id":"https:\/\/dicodusport.fr\/blog\/om-la-composition-probable-de-marseille-pour-la-reception-de-laek-athenes\/#primaryimage","url":"https:\/\/dicodusport.fr\/blog\/wp-content\/uploads\/2023\/10\/OM-La-composition-probable-de-Marseille-pour-la-reception-de-lAEK-Athenes.png","contentUrl":"https:\/\/dicodusport.fr\/blog\/wp-content\/uploads\/2023\/10\/OM-La-composition-probable-de-Marseille-pour-la-reception-de-lAEK-Athenes.png","width":800,"height":445},{"@type":"BreadcrumbList","@id":"https:\/\/dicodusport.fr\/blog\/om-la-composition-probable-de-marseille-pour-la-reception-de-laek-athenes\/#breadcrumb","itemListElement":[{"@type":"ListItem","position":1,"name":"Accueil","item":"https:\/\/dicodusport.fr\/blog\/"},{"@type":"ListItem","position":2,"name":"OM : La composition probable de Marseille pour la r\u00e9ception de l&rsquo;AEK Ath\u00e8nes"}]},{"@type":"WebSite","@id":"https:\/\/dicodusport.fr\/blog\/#website","url":"https:\/\/dicodusport.fr\/blog\/","name":"Dicodusport","description":"L&#039;encyclop\u00e9die de l&#039;actualit\u00e9 sportive","publisher":{"@id":"https:\/\/dicodusport.fr\/blog\/#organization"},"potentialAction":[{"@type":"SearchAction","target":{"@type":"EntryPoint","urlTemplate":"https:\/\/dicodusport.fr\/blog\/?s={search_term_string}"},"query-input":{"@type":"PropertyValueSpecification","valueRequired":true,"valueName":"search_term_string"}}],"inLanguage":"fr-FR"},{"@type":"NewsMediaOrganization","@id":"https:\/\/dicodusport.fr\/blog\/#organization","name":"Dicodusport","url":"https:\/\/dicodusport.fr\/blog\/","logo":{"@type":"ImageObject","inLanguage":"fr-FR","@id":"https:\/\/dicodusport.fr\/blog\/#\/schema\/logo\/image\/","url":"https:\/\/dicodusport.fr\/blog\/wp-content\/uploads\/2020\/06\/cropped-LOGO-DICODUSPORT-2020-SANS-FOND-SANS-TEXTE.png","contentUrl":"https:\/\/dicodusport.fr\/blog\/wp-content\/uploads\/2020\/06\/cropped-LOGO-DICODUSPORT-2020-SANS-FOND-SANS-TEXTE.png","width":512,"height":512,"caption":"Dicodusport"},"image":{"@id":"https:\/\/dicodusport.fr\/blog\/#\/schema\/logo\/image\/"},"sameAs":["https:\/\/www.facebook.com\/dicodusport","https:\/\/x.com\/dicodusport","https:\/\/www.instagram.com\/dicodusport\/","https:\/\/www.youtube.com\/channel\/UC7V2KZ5sd3htJivAbA4ZG3w"],"description":"Dicodusport est l'encyclop\u00e9die de l'actualit\u00e9 sportive.","email":"bonjour@dicodusport.fr","legalName":"DICODUSPORT","foundingDate":"2018-01-14","vatID":"FR71834470973","taxID":"83447097300043","numberOfEmployees":{"@type":"QuantitativeValue","minValue":"1","maxValue":"10"}},{"@type":"Person","@id":"https:\/\/dicodusport.fr\/blog\/#\/schema\/person\/55dcb50ad410894e431ed812bbb70191","name":"Nicolas Jacquemard","image":{"@type":"ImageObject","inLanguage":"fr-FR","@id":"https:\/\/dicodusport.fr\/blog\/#\/schema\/person\/image\/","url":"https:\/\/dicodusport.fr\/blog\/wp-content\/uploads\/2021\/05\/Nicolas-Jacquemard-150x150.jpeg","contentUrl":"https:\/\/dicodusport.fr\/blog\/wp-content\/uploads\/2021\/05\/Nicolas-Jacquemard-150x150.jpeg","caption":"Nicolas Jacquemard"},"description":"Passionn\u00e9 de sport et entrepreneur depuis mes 18 ans, la cr\u00e9ation de Dicodusport m'a sembl\u00e9 \u00e9vidente pour participer \u00e0 la m\u00e9diatisation d'un plus grand nombre de sports. Le chemin est long mais avec une \u00e9quipe des plus motiv\u00e9es et les Jeux Olympiques de Paris 2024 en point de mire, nous y arriverons ! Journaliste dans le monde du sport depuis plus de 5 ans, je traite aussi bien de football, de rugby, de biathlon que de cyclisme.","sameAs":["https:\/\/www.facebook.com\/dicodusport","https:\/\/x.com\/https:\/\/twitter.com\/Nico_Jacquemard"],"url":"https:\/\/dicodusport.fr\/blog\/author\/dicodusport\/"}]}},"_links":{"self":[{"href":"https:\/\/dicodusport.fr\/blog\/wp-json\/wp\/v2\/posts\/432324","targetHints":{"allow":["GET"]}}],"collection":[{"href":"https:\/\/dicodusport.fr\/blog\/wp-json\/wp\/v2\/posts"}],"about":[{"href":"https:\/\/dicodusport.fr\/blog\/wp-json\/wp\/v2\/types\/post"}],"author":[{"embeddable":true,"href":"https:\/\/dicodusport.fr\/blog\/wp-json\/wp\/v2\/users\/1"}],"replies":[{"embeddable":true,"href":"https:\/\/dicodusport.fr\/blog\/wp-json\/wp\/v2\/comments?post=432324"}],"version-history":[{"count":0,"href":"https:\/\/dicodusport.fr\/blog\/wp-json\/wp\/v2\/posts\/432324\/revisions"}],"wp:featuredmedia":[{"embeddable":true,"href":"https:\/\/dicodusport.fr\/blog\/wp-json\/wp\/v2\/media\/432325"}],"wp:attachment":[{"href":"https:\/\/dicodusport.fr\/blog\/wp-json\/wp\/v2\/media?parent=432324"}],"wp:term":[{"taxonomy":"category","embeddable":true,"href":"https:\/\/dicodusport.fr\/blog\/wp-json\/wp\/v2\/categories?post=432324"},{"taxonomy":"post_tag","embeddable":true,"href":"https:\/\/dicodusport.fr\/blog\/wp-json\/wp\/v2\/tags?post=432324"}],"curies":[{"name":"wp","href":"https:\/\/api.w.org\/{rel}","templated":true}]}}