{"id":43234,"date":"2019-07-16T16:22:51","date_gmt":"2019-07-16T14:22:51","guid":{"rendered":"http:\/\/dicodusport.fr\/blog\/?p=43234"},"modified":"2019-07-20T03:43:14","modified_gmt":"2019-07-20T01:43:14","slug":"tour-de-france-2019-les-tops-et-flops-de-la-1ere-semaine","status":"publish","type":"post","link":"https:\/\/dicodusport.fr\/blog\/tour-de-france-2019-les-tops-et-flops-de-la-1ere-semaine\/","title":{"rendered":"Tour de France 2019 : les tops et flops de la 1\u00e8re semaine"},"content":{"rendered":"<p style=\"text-align: justify;\"><strong><em><a href=\"https:\/\/dicodusport.fr\/blog\/tour-de-france-2019-le-profil-des-etapes\/\" target=\"_blank\" rel=\"noopener\">Tour de France<\/a> &#8211; Apr\u00e8s une premi\u00e8re (grosse) semaine de course d\u00e9cousue, le peloton est au repos ce mardi. L&rsquo;occasion de vous donner nos tops et flops des dix \u00e9tapes d\u00e9j\u00e0 disput\u00e9es.<br \/>\n<\/em><\/strong><\/p>\n<p>&nbsp;<\/p>\n<h1 style=\"text-align: justify;\">&#x1f44d; Les Tops<\/h1>\n<h2 style=\"text-align: justify;\">Julian Alaphilippe<\/h2>\n<p style=\"text-align: justify;\">Comment ne pas citer le num\u00e9ro un mondial ? Apr\u00e8s son coup double \u00e0 \u00c9pernay au terme d&rsquo;un final fou et un \u00e9norme num\u00e9ro avec <a href=\"https:\/\/dicodusport.fr\/blog\/tag\/thibaut-pinot\/\" target=\"_blank\" rel=\"noopener\"><strong>Thibaut Pinot<\/strong><\/a> vers Saint-\u00c9tienne, <a href=\"https:\/\/dicodusport.fr\/blog\/tag\/julian-alaphilippe\/\" target=\"_blank\" rel=\"noopener\"><strong>Julian Alaphilippe<\/strong><\/a> est toujours en jaune \u00e0 la veille de l&rsquo;entame de la deuxi\u00e8me semaine de ce Tour de France. Et avec 1&rsquo;12 d&rsquo;avance sur son dauphin, le vainqueur sortant <a href=\"https:\/\/dicodusport.fr\/blog\/tag\/geraint-thomas\/\" target=\"_blank\" rel=\"noopener\"><strong>Geraint Thomas<\/strong><\/a>, le Fran\u00e7ais peut esp\u00e9rer garder sa tunique quelques jours encore, voire plus. En tout cas, le peloton se m\u00e9fie grandement de l&rsquo;Auvergnat, comme en atteste <strong>Thibaut Pinot<\/strong> : <em>\u00ab Nous, les coureurs, on le prend tr\u00e8s au s\u00e9rieux Julian. ll peut passer des cols, c\u2019est un candidat au classement g\u00e9n\u00e9ral. \u00bb <\/em>a-t-il gliss\u00e9 ce mardi en conf\u00e9rence de presse.<\/p>\n<h2 style=\"text-align: justify;\">Le parcours<\/h2>\n<p style=\"text-align: justify;\">Il faut l&rsquo;avouer, le trac\u00e9 de ce d\u00e9but de Grande Boucle est attractif, et aura d\u00e9bouch\u00e9 sur du spectacle. Malgr\u00e9 quelques temps morts, comme la 7\u00e8me \u00e9tape arrivant \u00e0 Chalon-sur-Sa\u00f4ne, la course aura donn\u00e9 lieu \u00e0 des sc\u00e9narios que l&rsquo;on n&rsquo;attendait pas forc\u00e9ment, \u00e0 l&rsquo;image du one-man-show de <strong>Julian Alaphilippe<\/strong> \u00e0 \u00c9pernay ou encore du final \u00e0 couper le souffle vers le Forez. Sans parler des bonifications plac\u00e9es en haut des derni\u00e8res difficult\u00e9s, qui ont tendance \u00e0 rendre un peloton plus nerveux qu&rsquo;\u00e0 l&rsquo;accoutum\u00e9e. On attend d\u00e9j\u00e0 la suite avec impatience.<\/p>\n<h2 style=\"text-align: justify;\">Jumbo-Visma<\/h2>\n<p style=\"text-align: justify;\">Quatre victoires en 10 \u00e9tapes. Voici le bilan assez fou de la formation n\u00e9erlandaise <strong>Jumbo-Visma<\/strong> lors de ce premier tiers de course. <strong>Mike Teunissen<\/strong> lors de la premi\u00e8re \u00e9tape \u00e0 Bruxelles, <strong>le chrono par \u00e9quipes<\/strong> le lendemain, <strong>Dylan Groenewegen<\/strong> pour le compte de la 7\u00e8me \u00e9tape \u00e0 Chalon-sur-Sa\u00f4ne et enfin, le prodige belge <strong>Wout Van Aert<\/strong> ce dimanche, \u00e0 Albi. Surtout, on attend d\u00e9sormais le leader <strong>Steven Kruijswijk<\/strong> \u00e0 l\u2019\u0153uvre en montagne pour la course au podium. Quelque chose nous dit que nous n&rsquo;avons pas fini d&rsquo;entendre parler de la Jumbo-Visma jusqu&rsquo;\u00e0 Paris.<\/p>\n<p style=\"text-align: center;\"><a href=\"http:\/\/dicodusport.fr\/blog\/tour-de-france-2019-les-tops-et-flops-de-la-1ere-semaine\/2\/#lesflops\" class=\"su-button su-button-style-flat\" style=\"color:#FFFFFF;background-color:#005f9b;border-color:#004c7c;border-radius:4px\" target=\"_self\"><span style=\"color:#FFFFFF;padding:0px 20px;font-size:16px;line-height:32px;border-color:#4d8fb9;border-radius:4px;text-shadow:none\"> Les flops<\/span><\/a>\n<p style=\"text-align: justify;\"><!--nextpage--><\/p>\n<h1 style=\"text-align: justify;\"><a id=\"lesflops\"><\/a>&#x1f44e; Les Flops<\/h1>\n<h2 style=\"text-align: justify;\">Romain Bardet et AG2R La Mondiale<\/h2>\n<p style=\"text-align: justify;\">Le d\u00e9but de Tour de France de la formation <em>terre et ciel<\/em> ne restera pas dans les annales, tr\u00e8s loin de l\u00e0. Un d\u00e9bours de 1&rsquo;19 sur la Jumbo-Visma lors du contre-la-montre par \u00e9quipes, avant de voir <a href=\"https:\/\/dicodusport.fr\/blog\/tag\/romain-bardet\/\" target=\"_blank\" rel=\"noopener\"><strong>Romain Bardet<\/strong><\/a> caler dans la Planche des Belles Filles, coupant la ligne en 27\u00e8me position, \u00e0 1&rsquo;09 de <strong>Geraint Thomas<\/strong>. Au soir de la 10\u00e8me \u00e9tape, et ce malgr\u00e9 un l\u00e9ger mieux vers Albi en ne se faisant pas pi\u00e9ger dans les bordures, le natif de Brioude pointe \u00e0 la 15\u00e8me place du classement g\u00e9n\u00e9ral, \u00e0 3&rsquo;20 de <strong>Julian Alaphilippe<\/strong>, et 2&rsquo;08 de <strong>Geraint Thomas<\/strong>. Loin des esp\u00e9rances d&rsquo;un potentiel pr\u00e9tendant au podium, voire mieux. La montagne r\u00e9veillera-t-elle le Fran\u00e7ais ? On ne demande qu&rsquo;\u00e0 voir.<\/p>\n<h2 style=\"text-align: justify;\">Michael Matthews<\/h2>\n<p style=\"text-align: justify;\">Frustr\u00e9 apr\u00e8s le forfait de <strong>Tom Dumoulin<\/strong> \u00e0 quelques jours du d\u00e9part \u00e0 Bruxelles, <strong>Michael Matthews<\/strong> peine \u00e0 exister dans les sprints, massifs et r\u00e9duits. Lui qui avait fourni un \u00e9norme travail en altitude pour \u00e9pauler le <em>Papillon de Maastricht<\/em> se retrouve aujourd&rsquo;hui dans la peau de leader de rechange, et son manque d&rsquo;entra\u00eenement sur les sprints est visible. S&rsquo;il a r\u00e9gl\u00e9 le peloton restreint \u00e0 \u00c9pernay et Saint-\u00c9tienne, il ne parvient pas \u00e0 faire la diff\u00e9rence pour la gagne, et ce m\u00eame lorsque son train le d\u00e9pose parfaitement. Les prochaines \u00e9tapes ne risquent pas d&rsquo;arranger les affaires de l&rsquo;Australien, qui pourrait bien traverser cette Grande Boucle sans le moindre bouquet.<\/p>\n<h2 style=\"text-align: justify;\">Astana<\/h2>\n<p style=\"text-align: justify;\">\u00c0 quoi joue Astana ? La formation kazakh m\u00e8ne une strat\u00e9gie assez difficile \u00e0 d\u00e9crypter, elle qui a pris pour habitude de d\u00e9rouler sur les courses \u00e0 \u00e9tapes d&rsquo;une semaine. L&rsquo;\u00e9quipe qui a pour leader <strong>Jakob Fuglsang <\/strong>(16\u00e8me \u00e0 3&rsquo;22 d&rsquo;Alaphilippe) a roul\u00e9 pour rien vers Saint-\u00c9tienne, avant de sombrer \u00e0 Albi, prise dans les bordures alors qu&rsquo;elle pointait le bout de son nez en d\u00e9but de journ\u00e9e. La Grande Boucle est encore longue, mais pour le moment, Astana n&rsquo;est que l&rsquo;ombre d&rsquo;elle-m\u00eame.<\/p>\n<p style=\"text-align: center;\"><a href=\"http:\/\/dicodusport.fr\/blog\/tour-de-france-2019-les-tops-et-flops-de-la-1ere-semaine\/\" class=\"su-button su-button-style-flat\" style=\"color:#FFFFFF;background-color:#005f9b;border-color:#004c7c;border-radius:4px\" target=\"_self\"><span style=\"color:#FFFFFF;padding:0px 20px;font-size:16px;line-height:32px;border-color:#4d8fb9;border-radius:4px;text-shadow:none\"> Les tops<\/span><\/a>\n<p><strong><em>Dicodusport<br \/>\n<a href=\"https:\/\/www.facebook.com\/dicodusport\/\" target=\"_blank\" rel=\"noopener\"><img loading=\"lazy\" decoding=\"async\" class=\"alignnone wp-image-2909\" src=\"http:\/\/dicodusport.fr\/blog\/wp-content\/uploads\/2017\/07\/logo-facebook-150x150.png\" sizes=\"auto, (max-width: 40px) 100vw, 40px\" srcset=\"https:\/\/dicodusport.fr\/blog\/wp-content\/uploads\/2017\/07\/logo-facebook-150x150.png 150w, https:\/\/dicodusport.fr\/blog\/wp-content\/uploads\/2017\/07\/logo-facebook-300x300.png 300w, https:\/\/dicodusport.fr\/blog\/wp-content\/uploads\/2017\/07\/logo-facebook.png 400w\" alt=\"\" width=\"40\" height=\"40\" \/><\/a><a href=\"https:\/\/twitter.com\/dicodusport\" target=\"_blank\" rel=\"noopener\"><img loading=\"lazy\" decoding=\"async\" class=\"alignnone wp-image-2908\" src=\"http:\/\/dicodusport.fr\/blog\/wp-content\/uploads\/2017\/07\/logo-twitter-150x150.png\" alt=\"\" width=\"39\" height=\"39\" \/><\/a><\/em><\/strong><\/p>\n","protected":false},"excerpt":{"rendered":"<p>Tour de France &#8211; Apr\u00e8s une premi\u00e8re (grosse) semaine de course d\u00e9cousue, le peloton est au repos ce mardi. L&rsquo;occasion de vous donner nos tops et flops des dix \u00e9tapes d\u00e9j\u00e0 disput\u00e9es.<\/p>\n","protected":false},"author":4,"featured_media":43245,"comment_status":"open","ping_status":"closed","sticky":false,"template":"","format":"standard","meta":{"_acf_changed":false,"_daextam_enable_autolinks":"","footnotes":""},"categories":[2,2307,46995],"tags":[574,7842,1262],"class_list":["post-43234","post","type-post","status-publish","format-standard","has-post-thumbnail","hentry","category-actualites","category-cyclisme","category-tour-de-france","tag-cyclisme","tag-tops-et-flops","tag-tour-de-france"],"acf":[],"yoast_head":"<!-- This site is optimized with the Yoast SEO Premium plugin v26.7 (Yoast SEO v26.7) - https:\/\/yoast.com\/wordpress\/plugins\/seo\/ -->\n<title>Tour de France 2019 : les tops et flops de la 1\u00e8re semaine<\/title>\n<meta name=\"description\" content=\"Tour de France - Apr\u00e8s une premi\u00e8re (grosse) semaine de course d\u00e9cousue, le peloton est au repos ce mardi. L&#039;occasion de vous donner nos tops et flops.\" \/>\n<meta name=\"robots\" content=\"index, follow, max-snippet:-1, max-image-preview:large, max-video-preview:-1\" \/>\n<link rel=\"canonical\" href=\"https:\/\/dicodusport.fr\/blog\/tour-de-france-2019-les-tops-et-flops-de-la-1ere-semaine\/\" \/>\n<link rel=\"next\" href=\"https:\/\/dicodusport.fr\/blog\/tour-de-france-2019-les-tops-et-flops-de-la-1ere-semaine\/2\/\" \/>\n<meta property=\"og:locale\" content=\"fr_FR\" \/>\n<meta property=\"og:type\" content=\"article\" \/>\n<meta property=\"og:title\" content=\"Tour de France 2019 : les tops et flops de la 1\u00e8re semaine\" \/>\n<meta property=\"og:description\" content=\"Tour de France - Apr\u00e8s une premi\u00e8re (grosse) semaine de course d\u00e9cousue, le peloton est au repos ce mardi. L&#039;occasion de vous donner nos tops et flops.\" \/>\n<meta property=\"og:url\" content=\"https:\/\/dicodusport.fr\/blog\/tour-de-france-2019-les-tops-et-flops-de-la-1ere-semaine\/\" \/>\n<meta property=\"og:site_name\" content=\"Dicodusport\" \/>\n<meta property=\"article:publisher\" content=\"https:\/\/www.facebook.com\/dicodusport\" \/>\n<meta property=\"article:author\" content=\"https:\/\/www.facebook.com\/florent.ostermann\" \/>\n<meta property=\"article:published_time\" content=\"2019-07-16T14:22:51+00:00\" \/>\n<meta property=\"article:modified_time\" content=\"2019-07-20T01:43:14+00:00\" \/>\n<meta property=\"og:image\" content=\"https:\/\/dicodusport.fr\/blog\/wp-content\/uploads\/2019\/07\/Tops-et-flops-1\u00e8re-semaine-Tour-de-France-2019.png\" \/>\n\t<meta property=\"og:image:width\" content=\"800\" \/>\n\t<meta property=\"og:image:height\" content=\"445\" \/>\n\t<meta property=\"og:image:type\" content=\"image\/png\" \/>\n<meta name=\"author\" content=\"Flo Ostermann\" \/>\n<meta name=\"twitter:card\" content=\"summary_large_image\" \/>\n<meta name=\"twitter:title\" content=\"Tour de France 2019 : les tops et flops de la 1\u00e8re semaine\" \/>\n<meta name=\"twitter:creator\" content=\"@https:\/\/twitter.com\/FlOstermann\" \/>\n<meta name=\"twitter:site\" content=\"@dicodusport\" \/>\n<script type=\"application\/ld+json\" class=\"yoast-schema-graph\">{\"@context\":\"https:\/\/schema.org\",\"@graph\":[{\"@type\":\"NewsArticle\",\"@id\":\"https:\/\/dicodusport.fr\/blog\/tour-de-france-2019-les-tops-et-flops-de-la-1ere-semaine\/#article\",\"isPartOf\":{\"@id\":\"https:\/\/dicodusport.fr\/blog\/tour-de-france-2019-les-tops-et-flops-de-la-1ere-semaine\/\"},\"author\":{\"name\":\"Flo Ostermann\",\"@id\":\"https:\/\/dicodusport.fr\/blog\/#\/schema\/person\/cb02af4c173ce4a653b55e9baf388d4a\"},\"headline\":\"Tour de France 2019 : les tops et flops de la 1\u00e8re semaine\",\"datePublished\":\"2019-07-16T14:22:51+00:00\",\"dateModified\":\"2019-07-20T01:43:14+00:00\",\"mainEntityOfPage\":{\"@id\":\"https:\/\/dicodusport.fr\/blog\/tour-de-france-2019-les-tops-et-flops-de-la-1ere-semaine\/\"},\"wordCount\":783,\"commentCount\":0,\"publisher\":{\"@id\":\"https:\/\/dicodusport.fr\/blog\/#organization\"},\"image\":{\"@id\":\"https:\/\/dicodusport.fr\/blog\/tour-de-france-2019-les-tops-et-flops-de-la-1ere-semaine\/#primaryimage\"},\"thumbnailUrl\":\"https:\/\/dicodusport.fr\/blog\/wp-content\/uploads\/2019\/07\/Tops-et-flops-1\u00e8re-semaine-Tour-de-France-2019.png\",\"keywords\":[\"Cyclisme\",\"Tops et flops\",\"Tour de France\"],\"articleSection\":[\"Actualit\u00e9s\",\"Cyclisme\",\"Tour de France\"],\"inLanguage\":\"fr-FR\",\"potentialAction\":[{\"@type\":\"CommentAction\",\"name\":\"Comment\",\"target\":[\"https:\/\/dicodusport.fr\/blog\/tour-de-france-2019-les-tops-et-flops-de-la-1ere-semaine\/#respond\"]}],\"copyrightYear\":\"2019\",\"copyrightHolder\":{\"@id\":\"https:\/\/dicodusport.fr\/blog\/#organization\"}},{\"@type\":\"WebPage\",\"@id\":\"https:\/\/dicodusport.fr\/blog\/tour-de-france-2019-les-tops-et-flops-de-la-1ere-semaine\/\",\"url\":\"https:\/\/dicodusport.fr\/blog\/tour-de-france-2019-les-tops-et-flops-de-la-1ere-semaine\/\",\"name\":\"Tour de France 2019 : les tops et flops de la 1\u00e8re semaine\",\"isPartOf\":{\"@id\":\"https:\/\/dicodusport.fr\/blog\/#website\"},\"primaryImageOfPage\":{\"@id\":\"https:\/\/dicodusport.fr\/blog\/tour-de-france-2019-les-tops-et-flops-de-la-1ere-semaine\/#primaryimage\"},\"image\":{\"@id\":\"https:\/\/dicodusport.fr\/blog\/tour-de-france-2019-les-tops-et-flops-de-la-1ere-semaine\/#primaryimage\"},\"thumbnailUrl\":\"https:\/\/dicodusport.fr\/blog\/wp-content\/uploads\/2019\/07\/Tops-et-flops-1\u00e8re-semaine-Tour-de-France-2019.png\",\"datePublished\":\"2019-07-16T14:22:51+00:00\",\"dateModified\":\"2019-07-20T01:43:14+00:00\",\"description\":\"Tour de France - Apr\u00e8s une premi\u00e8re (grosse) semaine de course d\u00e9cousue, le peloton est au repos ce mardi. L'occasion de vous donner nos tops et flops.\",\"inLanguage\":\"fr-FR\",\"potentialAction\":[{\"@type\":\"ReadAction\",\"target\":[\"https:\/\/dicodusport.fr\/blog\/tour-de-france-2019-les-tops-et-flops-de-la-1ere-semaine\/\"]}]},{\"@type\":\"ImageObject\",\"inLanguage\":\"fr-FR\",\"@id\":\"https:\/\/dicodusport.fr\/blog\/tour-de-france-2019-les-tops-et-flops-de-la-1ere-semaine\/#primaryimage\",\"url\":\"https:\/\/dicodusport.fr\/blog\/wp-content\/uploads\/2019\/07\/Tops-et-flops-1\u00e8re-semaine-Tour-de-France-2019.png\",\"contentUrl\":\"https:\/\/dicodusport.fr\/blog\/wp-content\/uploads\/2019\/07\/Tops-et-flops-1\u00e8re-semaine-Tour-de-France-2019.png\",\"width\":800,\"height\":445},{\"@type\":\"WebSite\",\"@id\":\"https:\/\/dicodusport.fr\/blog\/#website\",\"url\":\"https:\/\/dicodusport.fr\/blog\/\",\"name\":\"Dicodusport\",\"description\":\"L&#039;encyclop\u00e9die de l&#039;actualit\u00e9 sportive\",\"publisher\":{\"@id\":\"https:\/\/dicodusport.fr\/blog\/#organization\"},\"potentialAction\":[{\"@type\":\"SearchAction\",\"target\":{\"@type\":\"EntryPoint\",\"urlTemplate\":\"https:\/\/dicodusport.fr\/blog\/?s={search_term_string}\"},\"query-input\":{\"@type\":\"PropertyValueSpecification\",\"valueRequired\":true,\"valueName\":\"search_term_string\"}}],\"inLanguage\":\"fr-FR\"},{\"@type\":\"NewsMediaOrganization\",\"@id\":\"https:\/\/dicodusport.fr\/blog\/#organization\",\"name\":\"Dicodusport\",\"url\":\"https:\/\/dicodusport.fr\/blog\/\",\"logo\":{\"@type\":\"ImageObject\",\"inLanguage\":\"fr-FR\",\"@id\":\"https:\/\/dicodusport.fr\/blog\/#\/schema\/logo\/image\/\",\"url\":\"https:\/\/dicodusport.fr\/blog\/wp-content\/uploads\/2020\/06\/cropped-LOGO-DICODUSPORT-2020-SANS-FOND-SANS-TEXTE.png\",\"contentUrl\":\"https:\/\/dicodusport.fr\/blog\/wp-content\/uploads\/2020\/06\/cropped-LOGO-DICODUSPORT-2020-SANS-FOND-SANS-TEXTE.png\",\"width\":512,\"height\":512,\"caption\":\"Dicodusport\"},\"image\":{\"@id\":\"https:\/\/dicodusport.fr\/blog\/#\/schema\/logo\/image\/\"},\"sameAs\":[\"https:\/\/www.facebook.com\/dicodusport\",\"https:\/\/x.com\/dicodusport\",\"https:\/\/www.instagram.com\/dicodusport\/\",\"https:\/\/www.youtube.com\/channel\/UC7V2KZ5sd3htJivAbA4ZG3w\"],\"description\":\"Dicodusport est l'encyclop\u00e9die de l'actualit\u00e9 sportive.\",\"email\":\"bonjour@dicodusport.fr\",\"legalName\":\"DICODUSPORT\",\"foundingDate\":\"2018-01-14\",\"vatID\":\"FR71834470973\",\"taxID\":\"83447097300043\",\"numberOfEmployees\":{\"@type\":\"QuantitativeValue\",\"minValue\":\"1\",\"maxValue\":\"10\"}},{\"@type\":\"Person\",\"@id\":\"https:\/\/dicodusport.fr\/blog\/#\/schema\/person\/cb02af4c173ce4a653b55e9baf388d4a\",\"name\":\"Flo Ostermann\",\"image\":{\"@type\":\"ImageObject\",\"inLanguage\":\"fr-FR\",\"@id\":\"https:\/\/dicodusport.fr\/blog\/#\/schema\/person\/image\/\",\"url\":\"https:\/\/dicodusport.fr\/blog\/wp-content\/uploads\/2021\/05\/Flo-Ostermann-150x150.jpg\",\"contentUrl\":\"https:\/\/dicodusport.fr\/blog\/wp-content\/uploads\/2021\/05\/Flo-Ostermann-150x150.jpg\",\"caption\":\"Flo Ostermann\"},\"description\":\"Journaliste\/R\u00e9dacteur depuis septembre 2015 - Mes premiers souvenirs dans le sport ? Les envol\u00e9es du Stade Toulousain et les duels Villeneuve-Schumacher et H\u00e4kkinen-Schumacher \u00e0 la fin des ann\u00e9es 90, la Coupe du monde de football en 1998, l\u2019exploit du XV de France face aux All Blacks en 1999, mais aussi Richard C\u0153ur de Lion qui vole sur les montagnes du Tour de France. Bien parti pour devenir professeur d\u2019EPS, les \u00e9v\u00e9nements de la vie (et la flemme d\u2019animer des s\u00e9ances de 3x500 m\u00e8tres toute ma vie) m\u2019ont conduit \u00e0 revoir mes plans. Me voil\u00e0 depuis fin 2017 sur Dicodusport, m\u00e9dia gr\u00e2ce (et pour) lequel je partage ma passion : le sport dans tous ses \u00e9tats. Le tout accompagn\u00e9 par les fous furieux et folles furieuses cit\u00e9s sur cette page !\",\"sameAs\":[\"https:\/\/www.facebook.com\/florent.ostermann\",\"https:\/\/x.com\/https:\/\/twitter.com\/FlOstermann\",\"admin\"],\"url\":\"https:\/\/dicodusport.fr\/blog\/author\/flo\/\"}]}<\/script>\n<!-- \/ Yoast SEO Premium plugin. -->","yoast_head_json":{"title":"Tour de France 2019 : les tops et flops de la 1\u00e8re semaine","description":"Tour de France - Apr\u00e8s une premi\u00e8re (grosse) semaine de course d\u00e9cousue, le peloton est au repos ce mardi. L'occasion de vous donner nos tops et flops.","robots":{"index":"index","follow":"follow","max-snippet":"max-snippet:-1","max-image-preview":"max-image-preview:large","max-video-preview":"max-video-preview:-1"},"canonical":"https:\/\/dicodusport.fr\/blog\/tour-de-france-2019-les-tops-et-flops-de-la-1ere-semaine\/","next":"https:\/\/dicodusport.fr\/blog\/tour-de-france-2019-les-tops-et-flops-de-la-1ere-semaine\/2\/","og_locale":"fr_FR","og_type":"article","og_title":"Tour de France 2019 : les tops et flops de la 1\u00e8re semaine","og_description":"Tour de France - Apr\u00e8s une premi\u00e8re (grosse) semaine de course d\u00e9cousue, le peloton est au repos ce mardi. L'occasion de vous donner nos tops et flops.","og_url":"https:\/\/dicodusport.fr\/blog\/tour-de-france-2019-les-tops-et-flops-de-la-1ere-semaine\/","og_site_name":"Dicodusport","article_publisher":"https:\/\/www.facebook.com\/dicodusport","article_author":"https:\/\/www.facebook.com\/florent.ostermann","article_published_time":"2019-07-16T14:22:51+00:00","article_modified_time":"2019-07-20T01:43:14+00:00","og_image":[{"width":800,"height":445,"url":"https:\/\/dicodusport.fr\/blog\/wp-content\/uploads\/2019\/07\/Tops-et-flops-1\u00e8re-semaine-Tour-de-France-2019.png","type":"image\/png"}],"author":"Flo Ostermann","twitter_card":"summary_large_image","twitter_title":"Tour de France 2019 : les tops et flops de la 1\u00e8re semaine","twitter_creator":"@https:\/\/twitter.com\/FlOstermann","twitter_site":"@dicodusport","schema":{"@context":"https:\/\/schema.org","@graph":[{"@type":"NewsArticle","@id":"https:\/\/dicodusport.fr\/blog\/tour-de-france-2019-les-tops-et-flops-de-la-1ere-semaine\/#article","isPartOf":{"@id":"https:\/\/dicodusport.fr\/blog\/tour-de-france-2019-les-tops-et-flops-de-la-1ere-semaine\/"},"author":{"name":"Flo Ostermann","@id":"https:\/\/dicodusport.fr\/blog\/#\/schema\/person\/cb02af4c173ce4a653b55e9baf388d4a"},"headline":"Tour de France 2019 : les tops et flops de la 1\u00e8re semaine","datePublished":"2019-07-16T14:22:51+00:00","dateModified":"2019-07-20T01:43:14+00:00","mainEntityOfPage":{"@id":"https:\/\/dicodusport.fr\/blog\/tour-de-france-2019-les-tops-et-flops-de-la-1ere-semaine\/"},"wordCount":783,"commentCount":0,"publisher":{"@id":"https:\/\/dicodusport.fr\/blog\/#organization"},"image":{"@id":"https:\/\/dicodusport.fr\/blog\/tour-de-france-2019-les-tops-et-flops-de-la-1ere-semaine\/#primaryimage"},"thumbnailUrl":"https:\/\/dicodusport.fr\/blog\/wp-content\/uploads\/2019\/07\/Tops-et-flops-1\u00e8re-semaine-Tour-de-France-2019.png","keywords":["Cyclisme","Tops et flops","Tour de France"],"articleSection":["Actualit\u00e9s","Cyclisme","Tour de France"],"inLanguage":"fr-FR","potentialAction":[{"@type":"CommentAction","name":"Comment","target":["https:\/\/dicodusport.fr\/blog\/tour-de-france-2019-les-tops-et-flops-de-la-1ere-semaine\/#respond"]}],"copyrightYear":"2019","copyrightHolder":{"@id":"https:\/\/dicodusport.fr\/blog\/#organization"}},{"@type":"WebPage","@id":"https:\/\/dicodusport.fr\/blog\/tour-de-france-2019-les-tops-et-flops-de-la-1ere-semaine\/","url":"https:\/\/dicodusport.fr\/blog\/tour-de-france-2019-les-tops-et-flops-de-la-1ere-semaine\/","name":"Tour de France 2019 : les tops et flops de la 1\u00e8re semaine","isPartOf":{"@id":"https:\/\/dicodusport.fr\/blog\/#website"},"primaryImageOfPage":{"@id":"https:\/\/dicodusport.fr\/blog\/tour-de-france-2019-les-tops-et-flops-de-la-1ere-semaine\/#primaryimage"},"image":{"@id":"https:\/\/dicodusport.fr\/blog\/tour-de-france-2019-les-tops-et-flops-de-la-1ere-semaine\/#primaryimage"},"thumbnailUrl":"https:\/\/dicodusport.fr\/blog\/wp-content\/uploads\/2019\/07\/Tops-et-flops-1\u00e8re-semaine-Tour-de-France-2019.png","datePublished":"2019-07-16T14:22:51+00:00","dateModified":"2019-07-20T01:43:14+00:00","description":"Tour de France - Apr\u00e8s une premi\u00e8re (grosse) semaine de course d\u00e9cousue, le peloton est au repos ce mardi. L'occasion de vous donner nos tops et flops.","inLanguage":"fr-FR","potentialAction":[{"@type":"ReadAction","target":["https:\/\/dicodusport.fr\/blog\/tour-de-france-2019-les-tops-et-flops-de-la-1ere-semaine\/"]}]},{"@type":"ImageObject","inLanguage":"fr-FR","@id":"https:\/\/dicodusport.fr\/blog\/tour-de-france-2019-les-tops-et-flops-de-la-1ere-semaine\/#primaryimage","url":"https:\/\/dicodusport.fr\/blog\/wp-content\/uploads\/2019\/07\/Tops-et-flops-1\u00e8re-semaine-Tour-de-France-2019.png","contentUrl":"https:\/\/dicodusport.fr\/blog\/wp-content\/uploads\/2019\/07\/Tops-et-flops-1\u00e8re-semaine-Tour-de-France-2019.png","width":800,"height":445},{"@type":"WebSite","@id":"https:\/\/dicodusport.fr\/blog\/#website","url":"https:\/\/dicodusport.fr\/blog\/","name":"Dicodusport","description":"L&#039;encyclop\u00e9die de l&#039;actualit\u00e9 sportive","publisher":{"@id":"https:\/\/dicodusport.fr\/blog\/#organization"},"potentialAction":[{"@type":"SearchAction","target":{"@type":"EntryPoint","urlTemplate":"https:\/\/dicodusport.fr\/blog\/?s={search_term_string}"},"query-input":{"@type":"PropertyValueSpecification","valueRequired":true,"valueName":"search_term_string"}}],"inLanguage":"fr-FR"},{"@type":"NewsMediaOrganization","@id":"https:\/\/dicodusport.fr\/blog\/#organization","name":"Dicodusport","url":"https:\/\/dicodusport.fr\/blog\/","logo":{"@type":"ImageObject","inLanguage":"fr-FR","@id":"https:\/\/dicodusport.fr\/blog\/#\/schema\/logo\/image\/","url":"https:\/\/dicodusport.fr\/blog\/wp-content\/uploads\/2020\/06\/cropped-LOGO-DICODUSPORT-2020-SANS-FOND-SANS-TEXTE.png","contentUrl":"https:\/\/dicodusport.fr\/blog\/wp-content\/uploads\/2020\/06\/cropped-LOGO-DICODUSPORT-2020-SANS-FOND-SANS-TEXTE.png","width":512,"height":512,"caption":"Dicodusport"},"image":{"@id":"https:\/\/dicodusport.fr\/blog\/#\/schema\/logo\/image\/"},"sameAs":["https:\/\/www.facebook.com\/dicodusport","https:\/\/x.com\/dicodusport","https:\/\/www.instagram.com\/dicodusport\/","https:\/\/www.youtube.com\/channel\/UC7V2KZ5sd3htJivAbA4ZG3w"],"description":"Dicodusport est l'encyclop\u00e9die de l'actualit\u00e9 sportive.","email":"bonjour@dicodusport.fr","legalName":"DICODUSPORT","foundingDate":"2018-01-14","vatID":"FR71834470973","taxID":"83447097300043","numberOfEmployees":{"@type":"QuantitativeValue","minValue":"1","maxValue":"10"}},{"@type":"Person","@id":"https:\/\/dicodusport.fr\/blog\/#\/schema\/person\/cb02af4c173ce4a653b55e9baf388d4a","name":"Flo Ostermann","image":{"@type":"ImageObject","inLanguage":"fr-FR","@id":"https:\/\/dicodusport.fr\/blog\/#\/schema\/person\/image\/","url":"https:\/\/dicodusport.fr\/blog\/wp-content\/uploads\/2021\/05\/Flo-Ostermann-150x150.jpg","contentUrl":"https:\/\/dicodusport.fr\/blog\/wp-content\/uploads\/2021\/05\/Flo-Ostermann-150x150.jpg","caption":"Flo Ostermann"},"description":"Journaliste\/R\u00e9dacteur depuis septembre 2015 - Mes premiers souvenirs dans le sport ? Les envol\u00e9es du Stade Toulousain et les duels Villeneuve-Schumacher et H\u00e4kkinen-Schumacher \u00e0 la fin des ann\u00e9es 90, la Coupe du monde de football en 1998, l\u2019exploit du XV de France face aux All Blacks en 1999, mais aussi Richard C\u0153ur de Lion qui vole sur les montagnes du Tour de France. Bien parti pour devenir professeur d\u2019EPS, les \u00e9v\u00e9nements de la vie (et la flemme d\u2019animer des s\u00e9ances de 3x500 m\u00e8tres toute ma vie) m\u2019ont conduit \u00e0 revoir mes plans. Me voil\u00e0 depuis fin 2017 sur Dicodusport, m\u00e9dia gr\u00e2ce (et pour) lequel je partage ma passion : le sport dans tous ses \u00e9tats. Le tout accompagn\u00e9 par les fous furieux et folles furieuses cit\u00e9s sur cette page !","sameAs":["https:\/\/www.facebook.com\/florent.ostermann","https:\/\/x.com\/https:\/\/twitter.com\/FlOstermann","admin"],"url":"https:\/\/dicodusport.fr\/blog\/author\/flo\/"}]}},"_links":{"self":[{"href":"https:\/\/dicodusport.fr\/blog\/wp-json\/wp\/v2\/posts\/43234","targetHints":{"allow":["GET"]}}],"collection":[{"href":"https:\/\/dicodusport.fr\/blog\/wp-json\/wp\/v2\/posts"}],"about":[{"href":"https:\/\/dicodusport.fr\/blog\/wp-json\/wp\/v2\/types\/post"}],"author":[{"embeddable":true,"href":"https:\/\/dicodusport.fr\/blog\/wp-json\/wp\/v2\/users\/4"}],"replies":[{"embeddable":true,"href":"https:\/\/dicodusport.fr\/blog\/wp-json\/wp\/v2\/comments?post=43234"}],"version-history":[{"count":0,"href":"https:\/\/dicodusport.fr\/blog\/wp-json\/wp\/v2\/posts\/43234\/revisions"}],"wp:featuredmedia":[{"embeddable":true,"href":"https:\/\/dicodusport.fr\/blog\/wp-json\/wp\/v2\/media\/43245"}],"wp:attachment":[{"href":"https:\/\/dicodusport.fr\/blog\/wp-json\/wp\/v2\/media?parent=43234"}],"wp:term":[{"taxonomy":"category","embeddable":true,"href":"https:\/\/dicodusport.fr\/blog\/wp-json\/wp\/v2\/categories?post=43234"},{"taxonomy":"post_tag","embeddable":true,"href":"https:\/\/dicodusport.fr\/blog\/wp-json\/wp\/v2\/tags?post=43234"}],"curies":[{"name":"wp","href":"https:\/\/api.w.org\/{rel}","templated":true}]}}