{"id":432380,"date":"2024-08-15T09:44:43","date_gmt":"2024-08-15T07:44:43","guid":{"rendered":"https:\/\/dicodusport.fr\/blog\/?p=432380&#038;preview=true&#038;preview_id=432380"},"modified":"2024-08-15T12:35:26","modified_gmt":"2024-08-15T10:35:26","slug":"tour-de-france-femmes-2024-parcours-et-profil-de-la-5eme-etape","status":"publish","type":"post","link":"https:\/\/dicodusport.fr\/blog\/tour-de-france-femmes-2024-parcours-et-profil-de-la-5eme-etape\/","title":{"rendered":"Tour de France Femmes 2024 : Parcours et profil de la 5\u00e8me \u00e9tape"},"content":{"rendered":"<p style=\"text-align: justify;\"><em><b>TOUR DE FRANCE FEMMES 2024 &#8211; La 5\u00e8me \u00e9tape du Tour de France Femmes permettra aux coureurs d&rsquo;entrer en France. Cette \u00e9tape se d\u00e9roulera sur 152,5 kilom\u00e8tres entre Bastogne et Amn\u00e9ville.<\/b><\/em><\/p>\n<ul>\n<li class=\"mvp-post-title left entry-title\" style=\"text-align: justify;\"><strong>\u00c0 ce sujet \u2013\u00a0<a href=\"https:\/\/dicodusport.fr\/blog\/tour-de-france-femmes-2024-classement-general\/\">Tour de France Femmes 2024 \u2013 Classement g\u00e9n\u00e9ral<\/a><\/strong><\/li>\n<\/ul>\n<h2 style=\"text-align: justify;\">Parcours et profil de la 5\u00e8me \u00e9tape du Tour de France Femmes 2024<\/h2>\n<p style=\"text-align: justify;\">D&rsquo;abord, le d\u00e9part sera donn\u00e9 \u00e0 11h55 \u00e0 <b>Bastogne<\/b>, \u00e0 l&rsquo;est de la province du Luxembourg, \u00e0 12 km de la fronti\u00e8re luxembourgeoise, sur la ligne de cr\u00eate qui s\u00e9pare les bassins versants du Rhin et de la Meuse. Les coureuses iront vers le sud en direction de la fronti\u00e8re fran\u00e7aise sur un faux plat descendant de 13 kilom\u00e8tres jusqu&rsquo;au pied de la <strong>C\u00f4te de Hotte<\/strong> (1,2 km \u00e0 7,9 %) avec sa descente sur <strong>Fauvillers<\/strong>.<\/p>\n<p style=\"text-align: justify;\">Ensuite, ce sera un long faux plat descendant de plus de 40 kilom\u00e8tres par<strong> Saint-L\u00e9ger<\/strong> jusqu&rsquo;\u00e0 <strong>Ville-Houdl\u00e9mont<\/strong> sur la fronti\u00e8re franco-belge. Une fois entr\u00e9es en France, elles grimperont la C\u00f4te de Saint-Pancr\u00e9 (1,5 km \u00e0 3,9 %). Apr\u00e8s une portion l\u00e9g\u00e8rement descendante de 8 kilom\u00e8tres, place \u00e0 la<strong> C\u00f4te de Fermont<\/strong> (1,5 km \u00e0 4,6 %).<\/p>\n<div class=\"vlp-link-container vlp-layout-article\"><a href=\"https:\/\/dicodusport.fr\/blog\/tour-de-france-femmes-2024-ce-quil-faut-retenir-du-parcours-de-la-3e-edition\/\" class=\"vlp-link\" title=\"Tour de France Femmes 2024 : Ce qu&#039;il faut retenir du parcours de la 3e \u00e9dition\"><\/a><div class=\"vlp-layout-zone-side\"><div class=\"vlp-block-4 vlp-link-image\"><img loading=\"lazy\" decoding=\"async\" style=\"max-width: 800px;\" width=\"800\" height=\"445\" src=\"https:\/\/dicodusport.fr\/blog\/wp-content\/uploads\/2023\/10\/Tour-de-France-Femmes-2024-Ce-quil-faut-retenir-du-parcours-de-la-3e-edition.png\" class=\"attachment-800x445 size-800x445\" alt=\"Tour de France Femmes 2024 Ce qu&#039;il faut retenir du parcours de la 3e \u00e9dition\" srcset=\"https:\/\/dicodusport.fr\/blog\/wp-content\/uploads\/2023\/10\/Tour-de-France-Femmes-2024-Ce-quil-faut-retenir-du-parcours-de-la-3e-edition.png 800w, https:\/\/dicodusport.fr\/blog\/wp-content\/uploads\/2023\/10\/Tour-de-France-Femmes-2024-Ce-quil-faut-retenir-du-parcours-de-la-3e-edition-300x167.png 300w, https:\/\/dicodusport.fr\/blog\/wp-content\/uploads\/2023\/10\/Tour-de-France-Femmes-2024-Ce-quil-faut-retenir-du-parcours-de-la-3e-edition-768x427.png 768w\" sizes=\"auto, (max-width: 800px) 100vw, 800px\" \/><\/div><\/div><div class=\"vlp-layout-zone-main\"><div class=\"vlp-block-0 vlp-link-title\">Tour de France Femmes 2024 : Ce qu'il faut retenir du parcours de la 3e \u00e9dition<\/div><div class=\"vlp-block-1 vlp-link-summary\">TOUR DE FRANCE FEMMES 2024 - D\u00e9couvrez le parcours d\u00e9taill\u00e9 de la 3e \u00e9dition. Qui voit l'apparition des Alpes pour la premi\u00e8re fois. Et une arriv\u00e9e au sommet de la mythique mont\u00e9e de l'Alpe d'Huez pour la derni\u00e8re \u00e9tape. Mais aussi pr\u00e8s de la moiti\u00e9 de l'\u00e9preuve qui se disputera \u00e0 l'\u00e9tranger.<\/div><div class=\"vlp-block-2 vlp-link-button\">Lire l'article<\/div><div class=\"vlp-block-3 vlp-link-url\">dicodusport.fr<\/div><\/div><\/div>\n<h2>Un final vallonn\u00e9<\/h2>\n<p style=\"text-align: justify;\">Puis, la route restera vallonn\u00e9e pendant plus de 45 kilom\u00e8tres via <strong>Baslieux<\/strong> et <strong>Mercy-le-Haut<\/strong> pour atteindre la quatri\u00e8me c\u00f4te du jour ; la <strong>C\u00f4te de Briey<\/strong> (1,1 km \u00e0 4,4 %). Apr\u00e8s 14 kilom\u00e8tres un peu accident\u00e9s, ce sera la derni\u00e8re mont\u00e9e du jour : la <strong>C\u00f4te de Montois-la-Montagne<\/strong> (1,7 km \u00e0 6 %). Le sommet de cette ascension se trouvera \u00e0 15 kilom\u00e8tres de l&rsquo;arriv\u00e9e.<\/p>\n<p style=\"text-align: justify;\">Enfin, apr\u00e8s avoir travers\u00e9 <strong>Rombas<\/strong>, elles arriveront autour de 15h45 sur l&rsquo;Avenue de l&rsquo;Europe \u00e0 <strong>Amn\u00e9ville<\/strong>.<\/p>\n<div id=\"attachment_512412\" style=\"width: 970px\" class=\"wp-caption aligncenter\"><a href=\"https:\/\/dicodusport.fr\/blog\/wp-content\/uploads\/2024\/08\/Profil-5eme-etape-Tour-de-France-Femmes-2024.jpg\"><img loading=\"lazy\" decoding=\"async\" aria-describedby=\"caption-attachment-512412\" class=\"wp-image-512412 size-full\" src=\"https:\/\/dicodusport.fr\/blog\/wp-content\/uploads\/2024\/08\/Profil-5eme-etape-Tour-de-France-Femmes-2024.jpg\" alt=\"Profil 5\u00e8me \u00e9tape Tour de France Femmes 2024\" width=\"960\" height=\"576\" srcset=\"https:\/\/dicodusport.fr\/blog\/wp-content\/uploads\/2024\/08\/Profil-5eme-etape-Tour-de-France-Femmes-2024.jpg 960w, https:\/\/dicodusport.fr\/blog\/wp-content\/uploads\/2024\/08\/Profil-5eme-etape-Tour-de-France-Femmes-2024-300x180.jpg 300w, https:\/\/dicodusport.fr\/blog\/wp-content\/uploads\/2024\/08\/Profil-5eme-etape-Tour-de-France-Femmes-2024-768x461.jpg 768w, https:\/\/dicodusport.fr\/blog\/wp-content\/uploads\/2024\/08\/Profil-5eme-etape-Tour-de-France-Femmes-2024-590x354.jpg 590w, https:\/\/dicodusport.fr\/blog\/wp-content\/uploads\/2024\/08\/Profil-5eme-etape-Tour-de-France-Femmes-2024-400x240.jpg 400w\" sizes=\"auto, (max-width: 960px) 100vw, 960px\" \/><\/a><p id=\"caption-attachment-512412\" class=\"wp-caption-text\">Profil 5\u00e8me \u00e9tape Tour de France Femmes 2024 &#8211; Via ASO<\/p><\/div>\n","protected":false},"excerpt":{"rendered":"<p>TOUR DE FRANCE FEMMES 2024 &#8211; La 5\u00e8me \u00e9tape du Tour de France Femmes permettra aux coureurs d&rsquo;entrer en France. Cette \u00e9tape se d\u00e9roulera sur 152,5 kilom\u00e8tres entre Bastogne et Amn\u00e9ville.<\/p>\n","protected":false},"author":48,"featured_media":512416,"comment_status":"open","ping_status":"closed","sticky":false,"template":"","format":"standard","meta":{"_acf_changed":false,"_daextam_enable_autolinks":"1","footnotes":""},"categories":[46995],"tags":[16878,2875,19848],"class_list":["post-432380","post","type-post","status-publish","format-standard","has-post-thumbnail","hentry","category-tour-de-france","tag-breve","tag-cyclisme-feminin","tag-tour-de-france-femmes"],"acf":[],"yoast_head":"<!-- This site is optimized with the Yoast SEO Premium plugin v26.7 (Yoast SEO v26.7) - https:\/\/yoast.com\/wordpress\/plugins\/seo\/ -->\n<title>Tour de France Femmes 2024 : Parcours et profil de la 5\u00e8me \u00e9tape<\/title>\n<meta name=\"description\" content=\"TOUR DE FRANCE FEMMES 2024 - Parcours et profil de la 5\u00e8me \u00e9tape du Tour de France Femmes 2024, qui se d\u00e9roule ce 15 ao\u00fbt 2024.\" \/>\n<meta name=\"robots\" content=\"index, follow, max-snippet:-1, max-image-preview:large, max-video-preview:-1\" \/>\n<link rel=\"canonical\" href=\"https:\/\/dicodusport.fr\/blog\/tour-de-france-femmes-2024-parcours-et-profil-de-la-5eme-etape\/\" \/>\n<meta property=\"og:locale\" content=\"fr_FR\" \/>\n<meta property=\"og:type\" content=\"article\" \/>\n<meta property=\"og:title\" content=\"Tour de France Femmes 2024 : Parcours et profil de la 5\u00e8me \u00e9tape\" \/>\n<meta property=\"og:description\" content=\"TOUR DE FRANCE FEMMES 2024 - Parcours et profil de la 5\u00e8me \u00e9tape du Tour de France Femmes 2024, qui se d\u00e9roule ce 15 ao\u00fbt 2024.\" \/>\n<meta property=\"og:url\" content=\"https:\/\/dicodusport.fr\/blog\/tour-de-france-femmes-2024-parcours-et-profil-de-la-5eme-etape\/\" \/>\n<meta property=\"og:site_name\" content=\"Dicodusport\" \/>\n<meta property=\"article:publisher\" content=\"https:\/\/www.facebook.com\/dicodusport\" \/>\n<meta property=\"article:author\" content=\"https:\/\/www.facebook.com\/groups\/LesRoisDuPeloton\" \/>\n<meta property=\"article:published_time\" content=\"2024-08-15T07:44:43+00:00\" \/>\n<meta property=\"article:modified_time\" content=\"2024-08-15T10:35:26+00:00\" \/>\n<meta property=\"og:image\" content=\"https:\/\/dicodusport.fr\/blog\/wp-content\/uploads\/2024\/08\/Tour-de-France-Femmes-2024-Parcours-et-profil-de-la-5eme-etape.png\" \/>\n\t<meta property=\"og:image:width\" content=\"1200\" \/>\n\t<meta property=\"og:image:height\" content=\"674\" \/>\n\t<meta property=\"og:image:type\" content=\"image\/png\" \/>\n<meta name=\"author\" content=\"Emilien Descampiaux\" \/>\n<meta name=\"twitter:card\" content=\"summary_large_image\" \/>\n<meta name=\"twitter:title\" content=\"Tour de France Femmes 2024 : Parcours et profil de la 5\u00e8me \u00e9tape\" \/>\n<meta name=\"twitter:creator\" content=\"@https:\/\/twitter.com\/LRoisDuPeloton\" \/>\n<meta name=\"twitter:site\" content=\"@dicodusport\" \/>\n<script type=\"application\/ld+json\" class=\"yoast-schema-graph\">{\"@context\":\"https:\/\/schema.org\",\"@graph\":[{\"@type\":\"NewsArticle\",\"@id\":\"https:\/\/dicodusport.fr\/blog\/tour-de-france-femmes-2024-parcours-et-profil-de-la-5eme-etape\/#article\",\"isPartOf\":{\"@id\":\"https:\/\/dicodusport.fr\/blog\/tour-de-france-femmes-2024-parcours-et-profil-de-la-5eme-etape\/\"},\"author\":{\"name\":\"Emilien Descampiaux\",\"@id\":\"https:\/\/dicodusport.fr\/blog\/#\/schema\/person\/6db4bae06b171592211be385b32876a7\"},\"headline\":\"Tour de France Femmes 2024 : Parcours et profil de la 5\u00e8me \u00e9tape\",\"datePublished\":\"2024-08-15T07:44:43+00:00\",\"dateModified\":\"2024-08-15T10:35:26+00:00\",\"mainEntityOfPage\":{\"@id\":\"https:\/\/dicodusport.fr\/blog\/tour-de-france-femmes-2024-parcours-et-profil-de-la-5eme-etape\/\"},\"wordCount\":390,\"commentCount\":0,\"publisher\":{\"@id\":\"https:\/\/dicodusport.fr\/blog\/#organization\"},\"image\":{\"@id\":\"https:\/\/dicodusport.fr\/blog\/tour-de-france-femmes-2024-parcours-et-profil-de-la-5eme-etape\/#primaryimage\"},\"thumbnailUrl\":\"https:\/\/dicodusport.fr\/blog\/wp-content\/uploads\/2024\/08\/Tour-de-France-Femmes-2024-Parcours-et-profil-de-la-5eme-etape.png\",\"keywords\":[\"br\u00e8ve\",\"cyclisme f\u00e9minin\",\"Tour de France Femmes\"],\"articleSection\":[\"Tour de France\"],\"inLanguage\":\"fr-FR\",\"potentialAction\":[{\"@type\":\"CommentAction\",\"name\":\"Comment\",\"target\":[\"https:\/\/dicodusport.fr\/blog\/tour-de-france-femmes-2024-parcours-et-profil-de-la-5eme-etape\/#respond\"]}],\"copyrightYear\":\"2024\",\"copyrightHolder\":{\"@id\":\"https:\/\/dicodusport.fr\/blog\/#organization\"}},{\"@type\":\"WebPage\",\"@id\":\"https:\/\/dicodusport.fr\/blog\/tour-de-france-femmes-2024-parcours-et-profil-de-la-5eme-etape\/\",\"url\":\"https:\/\/dicodusport.fr\/blog\/tour-de-france-femmes-2024-parcours-et-profil-de-la-5eme-etape\/\",\"name\":\"Tour de France Femmes 2024 : Parcours et profil de la 5\u00e8me \u00e9tape\",\"isPartOf\":{\"@id\":\"https:\/\/dicodusport.fr\/blog\/#website\"},\"primaryImageOfPage\":{\"@id\":\"https:\/\/dicodusport.fr\/blog\/tour-de-france-femmes-2024-parcours-et-profil-de-la-5eme-etape\/#primaryimage\"},\"image\":{\"@id\":\"https:\/\/dicodusport.fr\/blog\/tour-de-france-femmes-2024-parcours-et-profil-de-la-5eme-etape\/#primaryimage\"},\"thumbnailUrl\":\"https:\/\/dicodusport.fr\/blog\/wp-content\/uploads\/2024\/08\/Tour-de-France-Femmes-2024-Parcours-et-profil-de-la-5eme-etape.png\",\"datePublished\":\"2024-08-15T07:44:43+00:00\",\"dateModified\":\"2024-08-15T10:35:26+00:00\",\"description\":\"TOUR DE FRANCE FEMMES 2024 - Parcours et profil de la 5\u00e8me \u00e9tape du Tour de France Femmes 2024, qui se d\u00e9roule ce 15 ao\u00fbt 2024.\",\"breadcrumb\":{\"@id\":\"https:\/\/dicodusport.fr\/blog\/tour-de-france-femmes-2024-parcours-et-profil-de-la-5eme-etape\/#breadcrumb\"},\"inLanguage\":\"fr-FR\",\"potentialAction\":[{\"@type\":\"ReadAction\",\"target\":[\"https:\/\/dicodusport.fr\/blog\/tour-de-france-femmes-2024-parcours-et-profil-de-la-5eme-etape\/\"]}]},{\"@type\":\"ImageObject\",\"inLanguage\":\"fr-FR\",\"@id\":\"https:\/\/dicodusport.fr\/blog\/tour-de-france-femmes-2024-parcours-et-profil-de-la-5eme-etape\/#primaryimage\",\"url\":\"https:\/\/dicodusport.fr\/blog\/wp-content\/uploads\/2024\/08\/Tour-de-France-Femmes-2024-Parcours-et-profil-de-la-5eme-etape.png\",\"contentUrl\":\"https:\/\/dicodusport.fr\/blog\/wp-content\/uploads\/2024\/08\/Tour-de-France-Femmes-2024-Parcours-et-profil-de-la-5eme-etape.png\",\"width\":1200,\"height\":674,\"caption\":\"Tour de France Femmes 2024 Parcours et profil de la 5\u00e8me \u00e9tape\"},{\"@type\":\"BreadcrumbList\",\"@id\":\"https:\/\/dicodusport.fr\/blog\/tour-de-france-femmes-2024-parcours-et-profil-de-la-5eme-etape\/#breadcrumb\",\"itemListElement\":[{\"@type\":\"ListItem\",\"position\":1,\"name\":\"Accueil\",\"item\":\"https:\/\/dicodusport.fr\/blog\/\"},{\"@type\":\"ListItem\",\"position\":2,\"name\":\"Tour de France Femmes 2024 : Parcours et profil de la 5\u00e8me \u00e9tape\"}]},{\"@type\":\"WebSite\",\"@id\":\"https:\/\/dicodusport.fr\/blog\/#website\",\"url\":\"https:\/\/dicodusport.fr\/blog\/\",\"name\":\"Dicodusport\",\"description\":\"L&#039;encyclop\u00e9die de l&#039;actualit\u00e9 sportive\",\"publisher\":{\"@id\":\"https:\/\/dicodusport.fr\/blog\/#organization\"},\"potentialAction\":[{\"@type\":\"SearchAction\",\"target\":{\"@type\":\"EntryPoint\",\"urlTemplate\":\"https:\/\/dicodusport.fr\/blog\/?s={search_term_string}\"},\"query-input\":{\"@type\":\"PropertyValueSpecification\",\"valueRequired\":true,\"valueName\":\"search_term_string\"}}],\"inLanguage\":\"fr-FR\"},{\"@type\":\"NewsMediaOrganization\",\"@id\":\"https:\/\/dicodusport.fr\/blog\/#organization\",\"name\":\"Dicodusport\",\"url\":\"https:\/\/dicodusport.fr\/blog\/\",\"logo\":{\"@type\":\"ImageObject\",\"inLanguage\":\"fr-FR\",\"@id\":\"https:\/\/dicodusport.fr\/blog\/#\/schema\/logo\/image\/\",\"url\":\"https:\/\/dicodusport.fr\/blog\/wp-content\/uploads\/2020\/06\/cropped-LOGO-DICODUSPORT-2020-SANS-FOND-SANS-TEXTE.png\",\"contentUrl\":\"https:\/\/dicodusport.fr\/blog\/wp-content\/uploads\/2020\/06\/cropped-LOGO-DICODUSPORT-2020-SANS-FOND-SANS-TEXTE.png\",\"width\":512,\"height\":512,\"caption\":\"Dicodusport\"},\"image\":{\"@id\":\"https:\/\/dicodusport.fr\/blog\/#\/schema\/logo\/image\/\"},\"sameAs\":[\"https:\/\/www.facebook.com\/dicodusport\",\"https:\/\/x.com\/dicodusport\",\"https:\/\/www.instagram.com\/dicodusport\/\",\"https:\/\/www.youtube.com\/channel\/UC7V2KZ5sd3htJivAbA4ZG3w\"],\"description\":\"Dicodusport est l'encyclop\u00e9die de l'actualit\u00e9 sportive.\",\"email\":\"bonjour@dicodusport.fr\",\"legalName\":\"DICODUSPORT\",\"foundingDate\":\"2018-01-14\",\"vatID\":\"FR71834470973\",\"taxID\":\"83447097300043\",\"numberOfEmployees\":{\"@type\":\"QuantitativeValue\",\"minValue\":\"1\",\"maxValue\":\"10\"}},{\"@type\":\"Person\",\"@id\":\"https:\/\/dicodusport.fr\/blog\/#\/schema\/person\/6db4bae06b171592211be385b32876a7\",\"name\":\"Emilien Descampiaux\",\"image\":{\"@type\":\"ImageObject\",\"inLanguage\":\"fr-FR\",\"@id\":\"https:\/\/dicodusport.fr\/blog\/#\/schema\/person\/image\/\",\"url\":\"https:\/\/dicodusport.fr\/blog\/wp-content\/uploads\/2021\/05\/Emilien-Descampiaux-150x150.jpg\",\"contentUrl\":\"https:\/\/dicodusport.fr\/blog\/wp-content\/uploads\/2021\/05\/Emilien-Descampiaux-150x150.jpg\",\"caption\":\"Emilien Descampiaux\"},\"description\":\"Journaliste\/r\u00e9dacteur depuis 2014 - Fan de la classe de Frank Vandenbroucke, je vis cyclisme (et de ses paysages) depuis plus de 20 ans. Je suis tr\u00e8s impliqu\u00e9 sur mes diff\u00e9rents r\u00e9seaux sociaux pour partager ma passion sur le monde et l'Histoire de la bicyclette avec ma voix sur les images en noir et blanc du succ\u00e8s de Rik Van Steenbergen lors du Ronde sur le V\u00e9lodrome de Gand.\",\"sameAs\":[\"https:\/\/www.facebook.com\/groups\/LesRoisDuPeloton\",\"https:\/\/x.com\/https:\/\/twitter.com\/LRoisDuPeloton\"],\"url\":\"https:\/\/dicodusport.fr\/blog\/author\/emiliend\/\"}]}<\/script>\n<!-- \/ Yoast SEO Premium plugin. -->","yoast_head_json":{"title":"Tour de France Femmes 2024 : Parcours et profil de la 5\u00e8me \u00e9tape","description":"TOUR DE FRANCE FEMMES 2024 - Parcours et profil de la 5\u00e8me \u00e9tape du Tour de France Femmes 2024, qui se d\u00e9roule ce 15 ao\u00fbt 2024.","robots":{"index":"index","follow":"follow","max-snippet":"max-snippet:-1","max-image-preview":"max-image-preview:large","max-video-preview":"max-video-preview:-1"},"canonical":"https:\/\/dicodusport.fr\/blog\/tour-de-france-femmes-2024-parcours-et-profil-de-la-5eme-etape\/","og_locale":"fr_FR","og_type":"article","og_title":"Tour de France Femmes 2024 : Parcours et profil de la 5\u00e8me \u00e9tape","og_description":"TOUR DE FRANCE FEMMES 2024 - Parcours et profil de la 5\u00e8me \u00e9tape du Tour de France Femmes 2024, qui se d\u00e9roule ce 15 ao\u00fbt 2024.","og_url":"https:\/\/dicodusport.fr\/blog\/tour-de-france-femmes-2024-parcours-et-profil-de-la-5eme-etape\/","og_site_name":"Dicodusport","article_publisher":"https:\/\/www.facebook.com\/dicodusport","article_author":"https:\/\/www.facebook.com\/groups\/LesRoisDuPeloton","article_published_time":"2024-08-15T07:44:43+00:00","article_modified_time":"2024-08-15T10:35:26+00:00","og_image":[{"width":1200,"height":674,"url":"https:\/\/dicodusport.fr\/blog\/wp-content\/uploads\/2024\/08\/Tour-de-France-Femmes-2024-Parcours-et-profil-de-la-5eme-etape.png","type":"image\/png"}],"author":"Emilien Descampiaux","twitter_card":"summary_large_image","twitter_title":"Tour de France Femmes 2024 : Parcours et profil de la 5\u00e8me \u00e9tape","twitter_creator":"@https:\/\/twitter.com\/LRoisDuPeloton","twitter_site":"@dicodusport","schema":{"@context":"https:\/\/schema.org","@graph":[{"@type":"NewsArticle","@id":"https:\/\/dicodusport.fr\/blog\/tour-de-france-femmes-2024-parcours-et-profil-de-la-5eme-etape\/#article","isPartOf":{"@id":"https:\/\/dicodusport.fr\/blog\/tour-de-france-femmes-2024-parcours-et-profil-de-la-5eme-etape\/"},"author":{"name":"Emilien Descampiaux","@id":"https:\/\/dicodusport.fr\/blog\/#\/schema\/person\/6db4bae06b171592211be385b32876a7"},"headline":"Tour de France Femmes 2024 : Parcours et profil de la 5\u00e8me \u00e9tape","datePublished":"2024-08-15T07:44:43+00:00","dateModified":"2024-08-15T10:35:26+00:00","mainEntityOfPage":{"@id":"https:\/\/dicodusport.fr\/blog\/tour-de-france-femmes-2024-parcours-et-profil-de-la-5eme-etape\/"},"wordCount":390,"commentCount":0,"publisher":{"@id":"https:\/\/dicodusport.fr\/blog\/#organization"},"image":{"@id":"https:\/\/dicodusport.fr\/blog\/tour-de-france-femmes-2024-parcours-et-profil-de-la-5eme-etape\/#primaryimage"},"thumbnailUrl":"https:\/\/dicodusport.fr\/blog\/wp-content\/uploads\/2024\/08\/Tour-de-France-Femmes-2024-Parcours-et-profil-de-la-5eme-etape.png","keywords":["br\u00e8ve","cyclisme f\u00e9minin","Tour de France Femmes"],"articleSection":["Tour de France"],"inLanguage":"fr-FR","potentialAction":[{"@type":"CommentAction","name":"Comment","target":["https:\/\/dicodusport.fr\/blog\/tour-de-france-femmes-2024-parcours-et-profil-de-la-5eme-etape\/#respond"]}],"copyrightYear":"2024","copyrightHolder":{"@id":"https:\/\/dicodusport.fr\/blog\/#organization"}},{"@type":"WebPage","@id":"https:\/\/dicodusport.fr\/blog\/tour-de-france-femmes-2024-parcours-et-profil-de-la-5eme-etape\/","url":"https:\/\/dicodusport.fr\/blog\/tour-de-france-femmes-2024-parcours-et-profil-de-la-5eme-etape\/","name":"Tour de France Femmes 2024 : Parcours et profil de la 5\u00e8me \u00e9tape","isPartOf":{"@id":"https:\/\/dicodusport.fr\/blog\/#website"},"primaryImageOfPage":{"@id":"https:\/\/dicodusport.fr\/blog\/tour-de-france-femmes-2024-parcours-et-profil-de-la-5eme-etape\/#primaryimage"},"image":{"@id":"https:\/\/dicodusport.fr\/blog\/tour-de-france-femmes-2024-parcours-et-profil-de-la-5eme-etape\/#primaryimage"},"thumbnailUrl":"https:\/\/dicodusport.fr\/blog\/wp-content\/uploads\/2024\/08\/Tour-de-France-Femmes-2024-Parcours-et-profil-de-la-5eme-etape.png","datePublished":"2024-08-15T07:44:43+00:00","dateModified":"2024-08-15T10:35:26+00:00","description":"TOUR DE FRANCE FEMMES 2024 - Parcours et profil de la 5\u00e8me \u00e9tape du Tour de France Femmes 2024, qui se d\u00e9roule ce 15 ao\u00fbt 2024.","breadcrumb":{"@id":"https:\/\/dicodusport.fr\/blog\/tour-de-france-femmes-2024-parcours-et-profil-de-la-5eme-etape\/#breadcrumb"},"inLanguage":"fr-FR","potentialAction":[{"@type":"ReadAction","target":["https:\/\/dicodusport.fr\/blog\/tour-de-france-femmes-2024-parcours-et-profil-de-la-5eme-etape\/"]}]},{"@type":"ImageObject","inLanguage":"fr-FR","@id":"https:\/\/dicodusport.fr\/blog\/tour-de-france-femmes-2024-parcours-et-profil-de-la-5eme-etape\/#primaryimage","url":"https:\/\/dicodusport.fr\/blog\/wp-content\/uploads\/2024\/08\/Tour-de-France-Femmes-2024-Parcours-et-profil-de-la-5eme-etape.png","contentUrl":"https:\/\/dicodusport.fr\/blog\/wp-content\/uploads\/2024\/08\/Tour-de-France-Femmes-2024-Parcours-et-profil-de-la-5eme-etape.png","width":1200,"height":674,"caption":"Tour de France Femmes 2024 Parcours et profil de la 5\u00e8me \u00e9tape"},{"@type":"BreadcrumbList","@id":"https:\/\/dicodusport.fr\/blog\/tour-de-france-femmes-2024-parcours-et-profil-de-la-5eme-etape\/#breadcrumb","itemListElement":[{"@type":"ListItem","position":1,"name":"Accueil","item":"https:\/\/dicodusport.fr\/blog\/"},{"@type":"ListItem","position":2,"name":"Tour de France Femmes 2024 : Parcours et profil de la 5\u00e8me \u00e9tape"}]},{"@type":"WebSite","@id":"https:\/\/dicodusport.fr\/blog\/#website","url":"https:\/\/dicodusport.fr\/blog\/","name":"Dicodusport","description":"L&#039;encyclop\u00e9die de l&#039;actualit\u00e9 sportive","publisher":{"@id":"https:\/\/dicodusport.fr\/blog\/#organization"},"potentialAction":[{"@type":"SearchAction","target":{"@type":"EntryPoint","urlTemplate":"https:\/\/dicodusport.fr\/blog\/?s={search_term_string}"},"query-input":{"@type":"PropertyValueSpecification","valueRequired":true,"valueName":"search_term_string"}}],"inLanguage":"fr-FR"},{"@type":"NewsMediaOrganization","@id":"https:\/\/dicodusport.fr\/blog\/#organization","name":"Dicodusport","url":"https:\/\/dicodusport.fr\/blog\/","logo":{"@type":"ImageObject","inLanguage":"fr-FR","@id":"https:\/\/dicodusport.fr\/blog\/#\/schema\/logo\/image\/","url":"https:\/\/dicodusport.fr\/blog\/wp-content\/uploads\/2020\/06\/cropped-LOGO-DICODUSPORT-2020-SANS-FOND-SANS-TEXTE.png","contentUrl":"https:\/\/dicodusport.fr\/blog\/wp-content\/uploads\/2020\/06\/cropped-LOGO-DICODUSPORT-2020-SANS-FOND-SANS-TEXTE.png","width":512,"height":512,"caption":"Dicodusport"},"image":{"@id":"https:\/\/dicodusport.fr\/blog\/#\/schema\/logo\/image\/"},"sameAs":["https:\/\/www.facebook.com\/dicodusport","https:\/\/x.com\/dicodusport","https:\/\/www.instagram.com\/dicodusport\/","https:\/\/www.youtube.com\/channel\/UC7V2KZ5sd3htJivAbA4ZG3w"],"description":"Dicodusport est l'encyclop\u00e9die de l'actualit\u00e9 sportive.","email":"bonjour@dicodusport.fr","legalName":"DICODUSPORT","foundingDate":"2018-01-14","vatID":"FR71834470973","taxID":"83447097300043","numberOfEmployees":{"@type":"QuantitativeValue","minValue":"1","maxValue":"10"}},{"@type":"Person","@id":"https:\/\/dicodusport.fr\/blog\/#\/schema\/person\/6db4bae06b171592211be385b32876a7","name":"Emilien Descampiaux","image":{"@type":"ImageObject","inLanguage":"fr-FR","@id":"https:\/\/dicodusport.fr\/blog\/#\/schema\/person\/image\/","url":"https:\/\/dicodusport.fr\/blog\/wp-content\/uploads\/2021\/05\/Emilien-Descampiaux-150x150.jpg","contentUrl":"https:\/\/dicodusport.fr\/blog\/wp-content\/uploads\/2021\/05\/Emilien-Descampiaux-150x150.jpg","caption":"Emilien Descampiaux"},"description":"Journaliste\/r\u00e9dacteur depuis 2014 - Fan de la classe de Frank Vandenbroucke, je vis cyclisme (et de ses paysages) depuis plus de 20 ans. Je suis tr\u00e8s impliqu\u00e9 sur mes diff\u00e9rents r\u00e9seaux sociaux pour partager ma passion sur le monde et l'Histoire de la bicyclette avec ma voix sur les images en noir et blanc du succ\u00e8s de Rik Van Steenbergen lors du Ronde sur le V\u00e9lodrome de Gand.","sameAs":["https:\/\/www.facebook.com\/groups\/LesRoisDuPeloton","https:\/\/x.com\/https:\/\/twitter.com\/LRoisDuPeloton"],"url":"https:\/\/dicodusport.fr\/blog\/author\/emiliend\/"}]}},"_links":{"self":[{"href":"https:\/\/dicodusport.fr\/blog\/wp-json\/wp\/v2\/posts\/432380","targetHints":{"allow":["GET"]}}],"collection":[{"href":"https:\/\/dicodusport.fr\/blog\/wp-json\/wp\/v2\/posts"}],"about":[{"href":"https:\/\/dicodusport.fr\/blog\/wp-json\/wp\/v2\/types\/post"}],"author":[{"embeddable":true,"href":"https:\/\/dicodusport.fr\/blog\/wp-json\/wp\/v2\/users\/48"}],"replies":[{"embeddable":true,"href":"https:\/\/dicodusport.fr\/blog\/wp-json\/wp\/v2\/comments?post=432380"}],"version-history":[{"count":5,"href":"https:\/\/dicodusport.fr\/blog\/wp-json\/wp\/v2\/posts\/432380\/revisions"}],"predecessor-version":[{"id":512661,"href":"https:\/\/dicodusport.fr\/blog\/wp-json\/wp\/v2\/posts\/432380\/revisions\/512661"}],"wp:featuredmedia":[{"embeddable":true,"href":"https:\/\/dicodusport.fr\/blog\/wp-json\/wp\/v2\/media\/512416"}],"wp:attachment":[{"href":"https:\/\/dicodusport.fr\/blog\/wp-json\/wp\/v2\/media?parent=432380"}],"wp:term":[{"taxonomy":"category","embeddable":true,"href":"https:\/\/dicodusport.fr\/blog\/wp-json\/wp\/v2\/categories?post=432380"},{"taxonomy":"post_tag","embeddable":true,"href":"https:\/\/dicodusport.fr\/blog\/wp-json\/wp\/v2\/tags?post=432380"}],"curies":[{"name":"wp","href":"https:\/\/api.w.org\/{rel}","templated":true}]}}