{"id":432482,"date":"2023-10-26T20:44:02","date_gmt":"2023-10-26T18:44:02","guid":{"rendered":"https:\/\/dicodusport.fr\/blog\/?p=432482&#038;preview=true&#038;preview_id=432482"},"modified":"2023-10-27T10:35:59","modified_gmt":"2023-10-27T08:35:59","slug":"ligue-europa-j3-premier-succes-europeen-de-la-saison-pour-lom","status":"publish","type":"post","link":"https:\/\/dicodusport.fr\/blog\/ligue-europa-j3-premier-succes-europeen-de-la-saison-pour-lom\/","title":{"rendered":"Ligue Europa (J3) : Premier succ\u00e8s europ\u00e9en de la saison pour l&rsquo;OM"},"content":{"rendered":"<p style=\"font-weight: 400; text-align: justify;\"><em><strong>LIGUE EUROPA &#8211; L&rsquo;OM d\u00e9croche sa premi\u00e8re victoire europ\u00e9enne de la saison en dominant l&rsquo;AEK Ath\u00e8nes (3-1). Apr\u00e8s un premier acte ma\u00eetris\u00e9 et un but de Vitinha (28\u1d49), le match s&rsquo;est emball\u00e9 dans le second acte, avec l&rsquo;\u00e9galisation grecque. Mais les Marseillais ont b\u00e9n\u00e9fici\u00e9 de deux p\u00e9naltys plus que logiques en dix minutes. Amine Harit (60\u1d49) et Jordan Veretout (69\u1d49) les ont transform\u00e9s.<\/strong><\/em><\/p>\n<ul>\n<li style=\"text-align: justify;\"><strong>\u00c0 lire aussi &#8211; <a href=\"https:\/\/dicodusport.fr\/blog\/actualites\/football\/\">L&rsquo;actualit\u00e9 du football<\/a><\/strong><\/li>\n<\/ul>\n<h2>Domination de l&rsquo;OM dans le premier acte<\/h2>\n<p style=\"text-align: justify;\">Autant, le d\u00e9but de match a \u00e9t\u00e9 tr\u00e8s timide (0 tir de chaque c\u00f4t\u00e9, apr\u00e8s 15 minutes), autant l&rsquo;OM aura \u00e9t\u00e9 tr\u00e8s dangereux dans la suite de ce premier acte. Par deux fois, <strong>Iliman Ndiaye<\/strong> trouve les gants de <strong>Cican Stankovic<\/strong> (20\u1d49 et 23\u1d49). Grosse parade du gardien de l&rsquo;<a href=\"https:\/\/dicodusport.fr\/blog\/pronostic-marseille-aek-athenes-cotes-analyse-et-conseil\/\">AEK Ath\u00e8nes<\/a> sur la seconde frappe. \u00c0 force de pousser et d&rsquo;\u00eatre dangereux, l&rsquo;OM finit par trouver la faille. Avec un <strong>Jonathan Clauss<\/strong> lanc\u00e9 \u00e0 la limite du hors-jeu. Qui fait une offrande \u00e0 Vitinha. En mal de confiance, le buteur marseillais ne tremble pas (1-0, 28\u1d49).<\/p>\n<p style=\"text-align: justify;\">Les Marseillais sont bien install\u00e9s dans ce premier acte et auraient pu doubler la mise, sur un cafouillage, \u00e0 la suite d&rsquo;un coup franc de <strong>Jonathan Clauss<\/strong>. Mais <strong>Chancel Mbemba<\/strong> ne trouve pas le cadre (36\u1d49). Bien install\u00e9s dans la partie, les Marseillais sont pourtant tout proches de se faire rejoindre. Mais le but de <strong>Steven Zuber<\/strong> est annul\u00e9 par la VAR, pour un hors-jeu. Mais ce sont bien les Olympiens qui ont eu la ma\u00eetrise, avec pr\u00e8s de 60 % de possession de balle.<\/p>\n<blockquote class=\"twitter-tweet\">\n<p dir=\"ltr\" lang=\"fr\">Jonathan Clauss trouve VITINHA dans la surface et c&rsquo;est l&rsquo;ouverture du score pour les Phoc\u00e9ens ! \ud83d\udd35\u26aa\ufe0f<a href=\"https:\/\/twitter.com\/hashtag\/OMAEK?src=hash&amp;ref_src=twsrc%5Etfw\">#OMAEK<\/a> : 1\ufe0f\u20e3-0\ufe0f\u20e3 | <a href=\"https:\/\/twitter.com\/hashtag\/UEL?src=hash&amp;ref_src=twsrc%5Etfw\">#UEL<\/a> <a href=\"https:\/\/t.co\/ZAGUTTYTZI\">pic.twitter.com\/ZAGUTTYTZI<\/a><\/p>\n<p>\u2014 CANAL+ Foot (@CanalplusFoot) <a href=\"https:\/\/twitter.com\/CanalplusFoot\/status\/1717592499382804496?ref_src=twsrc%5Etfw\">October 26, 2023<\/a><\/p><\/blockquote>\n<p><script async src=\"https:\/\/platform.twitter.com\/widgets.js\" charset=\"utf-8\"><\/script><\/p>\n<h2>Deux penaltys en 10 minutes pour les Marseillais<\/h2>\n<p style=\"text-align: justify;\">Si la premi\u00e8re mi-temps fut classique, la seconde a \u00e9t\u00e9 totalement dingue. Cependant, elle d\u00e9bute de la pire des mani\u00e8res pour l&rsquo;OM. Sur un centre de la gauche, le ballon revient \u00e0 <strong>Orbelin Pineda<\/strong>. Qui se reprend \u00e0 deux fois, avec de la r\u00e9ussite, pour tromper Ruben Blanco (1-1, 53\u1d49). On pense alors les Marseillais de nouveau dans le trou. Eux en proie aux doutes depuis de longues semaines et \u00ab\u00a0friands\u00a0\u00bb de sc\u00e9narios terribles en coupe d&rsquo;Europe, depuis le mois d&rsquo;ao\u00fbt.<\/p>\n<p style=\"text-align: justify;\">Mais ce jeudi soir \u00e0 l&rsquo;Orange V\u00e9lodrome, la pi\u00e8ce a choisi de retomber du bon c\u00f4t\u00e9. Bien aid\u00e9 par les errances grecques. La premi\u00e8re de son gardien <strong>Cican Stankovic<\/strong>. Qui rate compl\u00e8tement sa relance. Vitinha r\u00e9cup\u00e8re le ballon et efface le portier adverse. Qui le plaque. Apr\u00e8s consultation de la VAR, c&rsquo;est un penalty et un carton rouge. <strong>Amine Harit<\/strong> ne se fait pas prier pour redonner l&rsquo;avantage aux siens (2-1, 60\u1d49). Et, dix minutes apr\u00e8s, c&rsquo;est <strong>Renan Lodi<\/strong> qui devance d&rsquo;un beau contr\u00f4le de la poitrine <strong>Nordin Amrabat<\/strong>. Qui le fauche dans la surface. Cette fois-ci, c&rsquo;est <strong>Jordan Veretout<\/strong> qui trouve la cible (3-1, 69\u1d49).<\/p>\n<p style=\"text-align: justify;\"><strong>Ismaila Sarr<\/strong> (80\u1d49), Pierre-<strong>Emerick Aubameyang<\/strong> (81\u1d49), manquent le KO, et se heurtent \u00e0 une belle parade de <strong>Ge\u00f3rgios Athanasi\u00e1dis<\/strong>.<strong> Ismaila Sarr<\/strong> croit offrir le 4\u1d49 but aux siens, mais son but est annul\u00e9 pour hors-jeu. Malgr\u00e9 tout, l&rsquo;OM s&rsquo;offre cette victoire pr\u00e9cieuse. Avec cinq points, ils basculent \u00e0 mi-course en position tout \u00e0 fait correcte pour r\u00eaver plus loin.<\/p>\n<h2 style=\"text-align: justify;\">Le joueur : Vitinha<\/h2>\n<p style=\"text-align: justify;\">Il \u00e9tait en pleine crise de confiance, apr\u00e8s un gros d\u00e9but de championnat. Il avait marqu\u00e9 lors de la premi\u00e8re et la deuxi\u00e8me journ\u00e9e et depuis, plus rien. <strong>Vitinha<\/strong> avait plus ou moins perdu sa place. Relanc\u00e9 et titularis\u00e9 ce soir, il n&rsquo;a pas d\u00e9\u00e7u <strong>Gennaro Gattuso<\/strong>, son entra\u00eeneur. C&rsquo;est lui qui ouvre la marque, parfaitement \u00e0 l&rsquo;affut du centre de Jonathan Clauss. Surtout, il va provoquer directement le penalty, en r\u00e9cup\u00e9rant le ballon sur le mauvais d\u00e9gagement du portier adverse. Avant de l&rsquo;\u00e9liminer et provoquer un penalty et un carton rouge.\u00a0 Il n&rsquo;a pas touch\u00e9 beaucoup de ballons (20), mais a pes\u00e9 dans la d\u00e9fense adverse, avec trois fautes obtenues.<\/p>\n<blockquote class=\"twitter-tweet\">\n<p dir=\"ltr\" lang=\"fr\">\u23f1 90\u2019+8\u23aa<a href=\"https:\/\/twitter.com\/hashtag\/OMAEK?src=hash&amp;ref_src=twsrc%5Etfw\">#OMAEK<\/a> 3\ufe0f\u20e3-1\ufe0f\u20e3<\/p>\n<p>\ud835\udc0c\ud835\udc22\ud835\udc2c\ud835\udc2c\ud835\udc22\ud835\udc28\ud835\udc27 \ud835\udc1a\ud835\udc1c\ud835\udc1c\ud835\udc28\ud835\udc26\ud835\udc29\ud835\udc25\ud835\udc22\ud835\udc1e +\ud835\udfd1 \ud835\udc29\ud835\udc28\ud835\udc22\ud835\udc27\ud835\udc2d\ud835\udc2c !!! \ud83e\udd1d\ud83d\udd35\u26aa\ufe0f<\/p>\n<p>27\u2019 &#8211; 59\u2019 &#8211; 69&prime; : <a href=\"https:\/\/twitter.com\/9Vitinha?ref_src=twsrc%5Etfw\">@9Vitinha<\/a> \ud83c\uddf5\ud83c\uddf9, <a href=\"https:\/\/twitter.com\/Amine_000?ref_src=twsrc%5Etfw\">@Amine_000<\/a> \ud83c\uddf2\ud83c\udde6 et <a href=\"https:\/\/twitter.com\/JordanVeretout?ref_src=twsrc%5Etfw\">@JordanVeretout<\/a> \ud83c\uddeb\ud83c\uddf7 renversent le score, cet OM embrase l\u2019<a href=\"https:\/\/twitter.com\/orangevelodrome?ref_src=twsrc%5Etfw\">@orangevelodrome<\/a> ! \ud83c\udf0b<\/p>\n<p>\ud83d\uddd3\ufe0f Rendez-vous dimanche soir face \u00e0 Lyon \u00e0 l&rsquo;<a href=\"https:\/\/twitter.com\/orangevelodrome?ref_src=twsrc%5Etfw\">@orangevelodrome<\/a>\u2026 <a href=\"https:\/\/t.co\/X6W5OJwCMV\">pic.twitter.com\/X6W5OJwCMV<\/a><\/p>\n<p>\u2014 Olympique de Marseille (@OM_Officiel) <a href=\"https:\/\/twitter.com\/OM_Officiel\/status\/1717613851699511347?ref_src=twsrc%5Etfw\">October 26, 2023<\/a><\/p><\/blockquote>\n<p><script async src=\"https:\/\/platform.twitter.com\/widgets.js\" charset=\"utf-8\"><\/script><\/p>\n","protected":false},"excerpt":{"rendered":"<p>LIGUE EUROPA &#8211; L&rsquo;OM d\u00e9croche sa premi\u00e8re victoire europ\u00e9enne de la saison en dominant l&rsquo;AEK Ath\u00e8nes (3-1). Apr\u00e8s un premier acte ma\u00eetris\u00e9 et un but de Vitinha (28\u1d49), le match s&rsquo;est emball\u00e9 dans le second acte, avec l&rsquo;\u00e9galisation grecque. Mais les Marseillais ont b\u00e9n\u00e9fici\u00e9 de deux p\u00e9naltys plus que logiques en dix minutes. Amine Harit (60\u1d49) et Jordan Veretout (69\u1d49) les ont transform\u00e9s.<\/p>\n","protected":false},"author":83,"featured_media":432509,"comment_status":"open","ping_status":"closed","sticky":false,"template":"","format":"standard","meta":{"_acf_changed":false,"_daextam_enable_autolinks":"1","footnotes":""},"categories":[2301],"tags":[35470,16878,3829,75,4437,2924,1889,24],"class_list":["post-432482","post","type-post","status-publish","format-standard","has-post-thumbnail","hentry","category-football","tag-aek-athenes","tag-breve","tag-europa-league","tag-football","tag-ligue-europa","tag-olympique-de-marseille","tag-om","tag-sport"],"acf":[],"yoast_head":"<!-- This site is optimized with the Yoast SEO Premium plugin v26.7 (Yoast SEO v26.7) - https:\/\/yoast.com\/wordpress\/plugins\/seo\/ -->\n<title>Ligue Europa (J3) : Premier succ\u00e8s europ\u00e9en de la saison pour l&#039;OM<\/title>\n<meta name=\"description\" content=\"LIGUE EUROPA - L&#039;OM d\u00e9croche sa premi\u00e8re victoire europ\u00e9enne de la saison en dominant l&#039;AEK Ath\u00e8nes (3-1).\" \/>\n<meta name=\"robots\" content=\"index, follow, max-snippet:-1, max-image-preview:large, max-video-preview:-1\" \/>\n<link rel=\"canonical\" href=\"https:\/\/dicodusport.fr\/blog\/ligue-europa-j3-premier-succes-europeen-de-la-saison-pour-lom\/\" \/>\n<meta property=\"og:locale\" content=\"fr_FR\" \/>\n<meta property=\"og:type\" content=\"article\" \/>\n<meta property=\"og:title\" content=\"Ligue Europa (J3) : Premier succ\u00e8s europ\u00e9en de la saison pour l&#039;OM\" \/>\n<meta property=\"og:description\" content=\"LIGUE EUROPA - L&#039;OM d\u00e9croche sa premi\u00e8re victoire europ\u00e9enne de la saison en dominant l&#039;AEK Ath\u00e8nes (3-1).\" \/>\n<meta property=\"og:url\" content=\"https:\/\/dicodusport.fr\/blog\/ligue-europa-j3-premier-succes-europeen-de-la-saison-pour-lom\/\" \/>\n<meta property=\"og:site_name\" content=\"Dicodusport\" \/>\n<meta property=\"article:publisher\" content=\"https:\/\/www.facebook.com\/dicodusport\" \/>\n<meta property=\"article:published_time\" content=\"2023-10-26T18:44:02+00:00\" \/>\n<meta property=\"article:modified_time\" content=\"2023-10-27T08:35:59+00:00\" \/>\n<meta property=\"og:image\" content=\"https:\/\/dicodusport.fr\/blog\/wp-content\/uploads\/2023\/10\/Ligue-Europa-J3-Premier-succes-europeen-de-la-saison-pour-lOM.png\" \/>\n\t<meta property=\"og:image:width\" content=\"800\" \/>\n\t<meta property=\"og:image:height\" content=\"445\" \/>\n\t<meta property=\"og:image:type\" content=\"image\/png\" \/>\n<meta name=\"author\" content=\"Etienne Goursaud\" \/>\n<meta name=\"twitter:card\" content=\"summary_large_image\" \/>\n<meta name=\"twitter:title\" content=\"Ligue Europa (J3) : Premier succ\u00e8s europ\u00e9en de la saison pour l&#039;OM\" \/>\n<meta name=\"twitter:creator\" content=\"@dicodusport\" \/>\n<meta name=\"twitter:site\" content=\"@dicodusport\" \/>\n<script type=\"application\/ld+json\" class=\"yoast-schema-graph\">{\"@context\":\"https:\/\/schema.org\",\"@graph\":[{\"@type\":\"NewsArticle\",\"@id\":\"https:\/\/dicodusport.fr\/blog\/ligue-europa-j3-premier-succes-europeen-de-la-saison-pour-lom\/#article\",\"isPartOf\":{\"@id\":\"https:\/\/dicodusport.fr\/blog\/ligue-europa-j3-premier-succes-europeen-de-la-saison-pour-lom\/\"},\"author\":{\"name\":\"Etienne Goursaud\",\"@id\":\"https:\/\/dicodusport.fr\/blog\/#\/schema\/person\/d603dd7da31fb2b46c82b9835a77ec13\"},\"headline\":\"Ligue Europa (J3) : Premier succ\u00e8s europ\u00e9en de la saison pour l&rsquo;OM\",\"datePublished\":\"2023-10-26T18:44:02+00:00\",\"dateModified\":\"2023-10-27T08:35:59+00:00\",\"mainEntityOfPage\":{\"@id\":\"https:\/\/dicodusport.fr\/blog\/ligue-europa-j3-premier-succes-europeen-de-la-saison-pour-lom\/\"},\"wordCount\":751,\"commentCount\":0,\"publisher\":{\"@id\":\"https:\/\/dicodusport.fr\/blog\/#organization\"},\"image\":{\"@id\":\"https:\/\/dicodusport.fr\/blog\/ligue-europa-j3-premier-succes-europeen-de-la-saison-pour-lom\/#primaryimage\"},\"thumbnailUrl\":\"https:\/\/dicodusport.fr\/blog\/wp-content\/uploads\/2023\/10\/Ligue-Europa-J3-Premier-succes-europeen-de-la-saison-pour-lOM.png\",\"keywords\":[\"AEK Ath\u00e8nes\",\"br\u00e8ve\",\"Europa League\",\"Football\",\"Ligue Europa\",\"Olympique de Marseille\",\"OM\",\"sport\"],\"articleSection\":[\"Football\"],\"inLanguage\":\"fr-FR\",\"potentialAction\":[{\"@type\":\"CommentAction\",\"name\":\"Comment\",\"target\":[\"https:\/\/dicodusport.fr\/blog\/ligue-europa-j3-premier-succes-europeen-de-la-saison-pour-lom\/#respond\"]}],\"copyrightYear\":\"2023\",\"copyrightHolder\":{\"@id\":\"https:\/\/dicodusport.fr\/blog\/#organization\"}},{\"@type\":\"WebPage\",\"@id\":\"https:\/\/dicodusport.fr\/blog\/ligue-europa-j3-premier-succes-europeen-de-la-saison-pour-lom\/\",\"url\":\"https:\/\/dicodusport.fr\/blog\/ligue-europa-j3-premier-succes-europeen-de-la-saison-pour-lom\/\",\"name\":\"Ligue Europa (J3) : Premier succ\u00e8s europ\u00e9en de la saison pour l'OM\",\"isPartOf\":{\"@id\":\"https:\/\/dicodusport.fr\/blog\/#website\"},\"primaryImageOfPage\":{\"@id\":\"https:\/\/dicodusport.fr\/blog\/ligue-europa-j3-premier-succes-europeen-de-la-saison-pour-lom\/#primaryimage\"},\"image\":{\"@id\":\"https:\/\/dicodusport.fr\/blog\/ligue-europa-j3-premier-succes-europeen-de-la-saison-pour-lom\/#primaryimage\"},\"thumbnailUrl\":\"https:\/\/dicodusport.fr\/blog\/wp-content\/uploads\/2023\/10\/Ligue-Europa-J3-Premier-succes-europeen-de-la-saison-pour-lOM.png\",\"datePublished\":\"2023-10-26T18:44:02+00:00\",\"dateModified\":\"2023-10-27T08:35:59+00:00\",\"description\":\"LIGUE EUROPA - L'OM d\u00e9croche sa premi\u00e8re victoire europ\u00e9enne de la saison en dominant l'AEK Ath\u00e8nes (3-1).\",\"breadcrumb\":{\"@id\":\"https:\/\/dicodusport.fr\/blog\/ligue-europa-j3-premier-succes-europeen-de-la-saison-pour-lom\/#breadcrumb\"},\"inLanguage\":\"fr-FR\",\"potentialAction\":[{\"@type\":\"ReadAction\",\"target\":[\"https:\/\/dicodusport.fr\/blog\/ligue-europa-j3-premier-succes-europeen-de-la-saison-pour-lom\/\"]}]},{\"@type\":\"ImageObject\",\"inLanguage\":\"fr-FR\",\"@id\":\"https:\/\/dicodusport.fr\/blog\/ligue-europa-j3-premier-succes-europeen-de-la-saison-pour-lom\/#primaryimage\",\"url\":\"https:\/\/dicodusport.fr\/blog\/wp-content\/uploads\/2023\/10\/Ligue-Europa-J3-Premier-succes-europeen-de-la-saison-pour-lOM.png\",\"contentUrl\":\"https:\/\/dicodusport.fr\/blog\/wp-content\/uploads\/2023\/10\/Ligue-Europa-J3-Premier-succes-europeen-de-la-saison-pour-lOM.png\",\"width\":800,\"height\":445,\"caption\":\"Premier succ\u00e8s europ\u00e9en de la saison pour l'OM face \u00e0 l'AEK Ath\u00e8nes - Photo Icon Sport\"},{\"@type\":\"BreadcrumbList\",\"@id\":\"https:\/\/dicodusport.fr\/blog\/ligue-europa-j3-premier-succes-europeen-de-la-saison-pour-lom\/#breadcrumb\",\"itemListElement\":[{\"@type\":\"ListItem\",\"position\":1,\"name\":\"Accueil\",\"item\":\"https:\/\/dicodusport.fr\/blog\/\"},{\"@type\":\"ListItem\",\"position\":2,\"name\":\"Ligue Europa (J3) : Premier succ\u00e8s europ\u00e9en de la saison pour l&rsquo;OM\"}]},{\"@type\":\"WebSite\",\"@id\":\"https:\/\/dicodusport.fr\/blog\/#website\",\"url\":\"https:\/\/dicodusport.fr\/blog\/\",\"name\":\"Dicodusport\",\"description\":\"L&#039;encyclop\u00e9die de l&#039;actualit\u00e9 sportive\",\"publisher\":{\"@id\":\"https:\/\/dicodusport.fr\/blog\/#organization\"},\"potentialAction\":[{\"@type\":\"SearchAction\",\"target\":{\"@type\":\"EntryPoint\",\"urlTemplate\":\"https:\/\/dicodusport.fr\/blog\/?s={search_term_string}\"},\"query-input\":{\"@type\":\"PropertyValueSpecification\",\"valueRequired\":true,\"valueName\":\"search_term_string\"}}],\"inLanguage\":\"fr-FR\"},{\"@type\":\"NewsMediaOrganization\",\"@id\":\"https:\/\/dicodusport.fr\/blog\/#organization\",\"name\":\"Dicodusport\",\"url\":\"https:\/\/dicodusport.fr\/blog\/\",\"logo\":{\"@type\":\"ImageObject\",\"inLanguage\":\"fr-FR\",\"@id\":\"https:\/\/dicodusport.fr\/blog\/#\/schema\/logo\/image\/\",\"url\":\"https:\/\/dicodusport.fr\/blog\/wp-content\/uploads\/2020\/06\/cropped-LOGO-DICODUSPORT-2020-SANS-FOND-SANS-TEXTE.png\",\"contentUrl\":\"https:\/\/dicodusport.fr\/blog\/wp-content\/uploads\/2020\/06\/cropped-LOGO-DICODUSPORT-2020-SANS-FOND-SANS-TEXTE.png\",\"width\":512,\"height\":512,\"caption\":\"Dicodusport\"},\"image\":{\"@id\":\"https:\/\/dicodusport.fr\/blog\/#\/schema\/logo\/image\/\"},\"sameAs\":[\"https:\/\/www.facebook.com\/dicodusport\",\"https:\/\/x.com\/dicodusport\",\"https:\/\/www.instagram.com\/dicodusport\/\",\"https:\/\/www.youtube.com\/channel\/UC7V2KZ5sd3htJivAbA4ZG3w\"],\"description\":\"Dicodusport est l'encyclop\u00e9die de l'actualit\u00e9 sportive.\",\"email\":\"bonjour@dicodusport.fr\",\"legalName\":\"DICODUSPORT\",\"foundingDate\":\"2018-01-14\",\"vatID\":\"FR71834470973\",\"taxID\":\"83447097300043\",\"numberOfEmployees\":{\"@type\":\"QuantitativeValue\",\"minValue\":\"1\",\"maxValue\":\"10\"}},{\"@type\":\"Person\",\"@id\":\"https:\/\/dicodusport.fr\/blog\/#\/schema\/person\/d603dd7da31fb2b46c82b9835a77ec13\",\"name\":\"Etienne Goursaud\",\"image\":{\"@type\":\"ImageObject\",\"inLanguage\":\"fr-FR\",\"@id\":\"https:\/\/dicodusport.fr\/blog\/#\/schema\/person\/image\/\",\"url\":\"https:\/\/dicodusport.fr\/blog\/wp-content\/uploads\/2023\/12\/410122264_10231602061736049_5565839791558026645_n-150x150.jpg\",\"contentUrl\":\"https:\/\/dicodusport.fr\/blog\/wp-content\/uploads\/2023\/12\/410122264_10231602061736049_5565839791558026645_n-150x150.jpg\",\"caption\":\"Etienne Goursaud\"},\"description\":\"Journaliste et amoureux de sport. Ancien footballeur reconverti athl\u00e8te quand ses muscles le laissent tranquille. \u00c9lev\u00e9 \u00e0 la sauce des exploits de Thomas Voeckler en 2004, du dernier essai de l\u00e9gende de Eunice Barber \u00e0 la longueur lors des championnats du monde d'athl\u00e9tisme de 2003 mais aussi Zidane, Omeyer et Titou Lamaison.\",\"url\":\"https:\/\/dicodusport.fr\/blog\/author\/etienne-goursaud\/\"}]}<\/script>\n<!-- \/ Yoast SEO Premium plugin. -->","yoast_head_json":{"title":"Ligue Europa (J3) : Premier succ\u00e8s europ\u00e9en de la saison pour l'OM","description":"LIGUE EUROPA - L'OM d\u00e9croche sa premi\u00e8re victoire europ\u00e9enne de la saison en dominant l'AEK Ath\u00e8nes (3-1).","robots":{"index":"index","follow":"follow","max-snippet":"max-snippet:-1","max-image-preview":"max-image-preview:large","max-video-preview":"max-video-preview:-1"},"canonical":"https:\/\/dicodusport.fr\/blog\/ligue-europa-j3-premier-succes-europeen-de-la-saison-pour-lom\/","og_locale":"fr_FR","og_type":"article","og_title":"Ligue Europa (J3) : Premier succ\u00e8s europ\u00e9en de la saison pour l'OM","og_description":"LIGUE EUROPA - L'OM d\u00e9croche sa premi\u00e8re victoire europ\u00e9enne de la saison en dominant l'AEK Ath\u00e8nes (3-1).","og_url":"https:\/\/dicodusport.fr\/blog\/ligue-europa-j3-premier-succes-europeen-de-la-saison-pour-lom\/","og_site_name":"Dicodusport","article_publisher":"https:\/\/www.facebook.com\/dicodusport","article_published_time":"2023-10-26T18:44:02+00:00","article_modified_time":"2023-10-27T08:35:59+00:00","og_image":[{"width":800,"height":445,"url":"https:\/\/dicodusport.fr\/blog\/wp-content\/uploads\/2023\/10\/Ligue-Europa-J3-Premier-succes-europeen-de-la-saison-pour-lOM.png","type":"image\/png"}],"author":"Etienne Goursaud","twitter_card":"summary_large_image","twitter_title":"Ligue Europa (J3) : Premier succ\u00e8s europ\u00e9en de la saison pour l'OM","twitter_creator":"@dicodusport","twitter_site":"@dicodusport","schema":{"@context":"https:\/\/schema.org","@graph":[{"@type":"NewsArticle","@id":"https:\/\/dicodusport.fr\/blog\/ligue-europa-j3-premier-succes-europeen-de-la-saison-pour-lom\/#article","isPartOf":{"@id":"https:\/\/dicodusport.fr\/blog\/ligue-europa-j3-premier-succes-europeen-de-la-saison-pour-lom\/"},"author":{"name":"Etienne Goursaud","@id":"https:\/\/dicodusport.fr\/blog\/#\/schema\/person\/d603dd7da31fb2b46c82b9835a77ec13"},"headline":"Ligue Europa (J3) : Premier succ\u00e8s europ\u00e9en de la saison pour l&rsquo;OM","datePublished":"2023-10-26T18:44:02+00:00","dateModified":"2023-10-27T08:35:59+00:00","mainEntityOfPage":{"@id":"https:\/\/dicodusport.fr\/blog\/ligue-europa-j3-premier-succes-europeen-de-la-saison-pour-lom\/"},"wordCount":751,"commentCount":0,"publisher":{"@id":"https:\/\/dicodusport.fr\/blog\/#organization"},"image":{"@id":"https:\/\/dicodusport.fr\/blog\/ligue-europa-j3-premier-succes-europeen-de-la-saison-pour-lom\/#primaryimage"},"thumbnailUrl":"https:\/\/dicodusport.fr\/blog\/wp-content\/uploads\/2023\/10\/Ligue-Europa-J3-Premier-succes-europeen-de-la-saison-pour-lOM.png","keywords":["AEK Ath\u00e8nes","br\u00e8ve","Europa League","Football","Ligue Europa","Olympique de Marseille","OM","sport"],"articleSection":["Football"],"inLanguage":"fr-FR","potentialAction":[{"@type":"CommentAction","name":"Comment","target":["https:\/\/dicodusport.fr\/blog\/ligue-europa-j3-premier-succes-europeen-de-la-saison-pour-lom\/#respond"]}],"copyrightYear":"2023","copyrightHolder":{"@id":"https:\/\/dicodusport.fr\/blog\/#organization"}},{"@type":"WebPage","@id":"https:\/\/dicodusport.fr\/blog\/ligue-europa-j3-premier-succes-europeen-de-la-saison-pour-lom\/","url":"https:\/\/dicodusport.fr\/blog\/ligue-europa-j3-premier-succes-europeen-de-la-saison-pour-lom\/","name":"Ligue Europa (J3) : Premier succ\u00e8s europ\u00e9en de la saison pour l'OM","isPartOf":{"@id":"https:\/\/dicodusport.fr\/blog\/#website"},"primaryImageOfPage":{"@id":"https:\/\/dicodusport.fr\/blog\/ligue-europa-j3-premier-succes-europeen-de-la-saison-pour-lom\/#primaryimage"},"image":{"@id":"https:\/\/dicodusport.fr\/blog\/ligue-europa-j3-premier-succes-europeen-de-la-saison-pour-lom\/#primaryimage"},"thumbnailUrl":"https:\/\/dicodusport.fr\/blog\/wp-content\/uploads\/2023\/10\/Ligue-Europa-J3-Premier-succes-europeen-de-la-saison-pour-lOM.png","datePublished":"2023-10-26T18:44:02+00:00","dateModified":"2023-10-27T08:35:59+00:00","description":"LIGUE EUROPA - L'OM d\u00e9croche sa premi\u00e8re victoire europ\u00e9enne de la saison en dominant l'AEK Ath\u00e8nes (3-1).","breadcrumb":{"@id":"https:\/\/dicodusport.fr\/blog\/ligue-europa-j3-premier-succes-europeen-de-la-saison-pour-lom\/#breadcrumb"},"inLanguage":"fr-FR","potentialAction":[{"@type":"ReadAction","target":["https:\/\/dicodusport.fr\/blog\/ligue-europa-j3-premier-succes-europeen-de-la-saison-pour-lom\/"]}]},{"@type":"ImageObject","inLanguage":"fr-FR","@id":"https:\/\/dicodusport.fr\/blog\/ligue-europa-j3-premier-succes-europeen-de-la-saison-pour-lom\/#primaryimage","url":"https:\/\/dicodusport.fr\/blog\/wp-content\/uploads\/2023\/10\/Ligue-Europa-J3-Premier-succes-europeen-de-la-saison-pour-lOM.png","contentUrl":"https:\/\/dicodusport.fr\/blog\/wp-content\/uploads\/2023\/10\/Ligue-Europa-J3-Premier-succes-europeen-de-la-saison-pour-lOM.png","width":800,"height":445,"caption":"Premier succ\u00e8s europ\u00e9en de la saison pour l'OM face \u00e0 l'AEK Ath\u00e8nes - Photo Icon Sport"},{"@type":"BreadcrumbList","@id":"https:\/\/dicodusport.fr\/blog\/ligue-europa-j3-premier-succes-europeen-de-la-saison-pour-lom\/#breadcrumb","itemListElement":[{"@type":"ListItem","position":1,"name":"Accueil","item":"https:\/\/dicodusport.fr\/blog\/"},{"@type":"ListItem","position":2,"name":"Ligue Europa (J3) : Premier succ\u00e8s europ\u00e9en de la saison pour l&rsquo;OM"}]},{"@type":"WebSite","@id":"https:\/\/dicodusport.fr\/blog\/#website","url":"https:\/\/dicodusport.fr\/blog\/","name":"Dicodusport","description":"L&#039;encyclop\u00e9die de l&#039;actualit\u00e9 sportive","publisher":{"@id":"https:\/\/dicodusport.fr\/blog\/#organization"},"potentialAction":[{"@type":"SearchAction","target":{"@type":"EntryPoint","urlTemplate":"https:\/\/dicodusport.fr\/blog\/?s={search_term_string}"},"query-input":{"@type":"PropertyValueSpecification","valueRequired":true,"valueName":"search_term_string"}}],"inLanguage":"fr-FR"},{"@type":"NewsMediaOrganization","@id":"https:\/\/dicodusport.fr\/blog\/#organization","name":"Dicodusport","url":"https:\/\/dicodusport.fr\/blog\/","logo":{"@type":"ImageObject","inLanguage":"fr-FR","@id":"https:\/\/dicodusport.fr\/blog\/#\/schema\/logo\/image\/","url":"https:\/\/dicodusport.fr\/blog\/wp-content\/uploads\/2020\/06\/cropped-LOGO-DICODUSPORT-2020-SANS-FOND-SANS-TEXTE.png","contentUrl":"https:\/\/dicodusport.fr\/blog\/wp-content\/uploads\/2020\/06\/cropped-LOGO-DICODUSPORT-2020-SANS-FOND-SANS-TEXTE.png","width":512,"height":512,"caption":"Dicodusport"},"image":{"@id":"https:\/\/dicodusport.fr\/blog\/#\/schema\/logo\/image\/"},"sameAs":["https:\/\/www.facebook.com\/dicodusport","https:\/\/x.com\/dicodusport","https:\/\/www.instagram.com\/dicodusport\/","https:\/\/www.youtube.com\/channel\/UC7V2KZ5sd3htJivAbA4ZG3w"],"description":"Dicodusport est l'encyclop\u00e9die de l'actualit\u00e9 sportive.","email":"bonjour@dicodusport.fr","legalName":"DICODUSPORT","foundingDate":"2018-01-14","vatID":"FR71834470973","taxID":"83447097300043","numberOfEmployees":{"@type":"QuantitativeValue","minValue":"1","maxValue":"10"}},{"@type":"Person","@id":"https:\/\/dicodusport.fr\/blog\/#\/schema\/person\/d603dd7da31fb2b46c82b9835a77ec13","name":"Etienne Goursaud","image":{"@type":"ImageObject","inLanguage":"fr-FR","@id":"https:\/\/dicodusport.fr\/blog\/#\/schema\/person\/image\/","url":"https:\/\/dicodusport.fr\/blog\/wp-content\/uploads\/2023\/12\/410122264_10231602061736049_5565839791558026645_n-150x150.jpg","contentUrl":"https:\/\/dicodusport.fr\/blog\/wp-content\/uploads\/2023\/12\/410122264_10231602061736049_5565839791558026645_n-150x150.jpg","caption":"Etienne Goursaud"},"description":"Journaliste et amoureux de sport. Ancien footballeur reconverti athl\u00e8te quand ses muscles le laissent tranquille. \u00c9lev\u00e9 \u00e0 la sauce des exploits de Thomas Voeckler en 2004, du dernier essai de l\u00e9gende de Eunice Barber \u00e0 la longueur lors des championnats du monde d'athl\u00e9tisme de 2003 mais aussi Zidane, Omeyer et Titou Lamaison.","url":"https:\/\/dicodusport.fr\/blog\/author\/etienne-goursaud\/"}]}},"_links":{"self":[{"href":"https:\/\/dicodusport.fr\/blog\/wp-json\/wp\/v2\/posts\/432482","targetHints":{"allow":["GET"]}}],"collection":[{"href":"https:\/\/dicodusport.fr\/blog\/wp-json\/wp\/v2\/posts"}],"about":[{"href":"https:\/\/dicodusport.fr\/blog\/wp-json\/wp\/v2\/types\/post"}],"author":[{"embeddable":true,"href":"https:\/\/dicodusport.fr\/blog\/wp-json\/wp\/v2\/users\/83"}],"replies":[{"embeddable":true,"href":"https:\/\/dicodusport.fr\/blog\/wp-json\/wp\/v2\/comments?post=432482"}],"version-history":[{"count":0,"href":"https:\/\/dicodusport.fr\/blog\/wp-json\/wp\/v2\/posts\/432482\/revisions"}],"wp:featuredmedia":[{"embeddable":true,"href":"https:\/\/dicodusport.fr\/blog\/wp-json\/wp\/v2\/media\/432509"}],"wp:attachment":[{"href":"https:\/\/dicodusport.fr\/blog\/wp-json\/wp\/v2\/media?parent=432482"}],"wp:term":[{"taxonomy":"category","embeddable":true,"href":"https:\/\/dicodusport.fr\/blog\/wp-json\/wp\/v2\/categories?post=432482"},{"taxonomy":"post_tag","embeddable":true,"href":"https:\/\/dicodusport.fr\/blog\/wp-json\/wp\/v2\/tags?post=432482"}],"curies":[{"name":"wp","href":"https:\/\/api.w.org\/{rel}","templated":true}]}}