{"id":432589,"date":"2023-10-27T07:43:51","date_gmt":"2023-10-27T05:43:51","guid":{"rendered":"https:\/\/dicodusport.fr\/blog\/?p=432589&#038;preview=true&#038;preview_id=432589"},"modified":"2023-10-27T08:16:14","modified_gmt":"2023-10-27T06:16:14","slug":"carnet-noir-guy-camberabero-est-decede","status":"publish","type":"post","link":"https:\/\/dicodusport.fr\/blog\/carnet-noir-guy-camberabero-est-decede\/","title":{"rendered":"Carnet noir : Guy Camb\u00e9rab\u00e9ro est d\u00e9c\u00e9d\u00e9"},"content":{"rendered":"<p style=\"text-align: justify;\"><strong><em>RUGBY \u00c0 XV FRAN\u00c7AIS &#8211; Un ancien grand international fran\u00e7ais nous a quitt\u00e9 ce jeudi, en la personne de Guy Camb\u00e9rab\u00e9ro.<\/em><\/strong><\/p>\n<p style=\"text-align: justify;\"><strong>Guy Camb\u00e9rab\u00e9ro<\/strong>, un nom qui fleurait bon le rugby fran\u00e7ais du XXe si\u00e8cle. \u00c0 87 ans, l&rsquo;ancien international fran\u00e7ais s&rsquo;est \u00e9teint hier \u00e0 Valence. Un patronyme inoubliable pour celui qui ne comptait que 14 s\u00e9lections avec le XV de France, mais qui a fait partie d&rsquo;une \u00e9quipe inoubliable, celle qui a r\u00e9alis\u00e9 le premier Grand Chelem de l&rsquo;histoire du rugby fran\u00e7ais dans feu le Tournoi des 5 Nations.<\/p>\n<blockquote class=\"twitter-tweet\">\n<p dir=\"ltr\" lang=\"fr\">Rugby : l&rsquo;ancien international ard\u00e9chois Guy Camb\u00e9rab\u00e9ro est d\u00e9c\u00e9d\u00e9<br \/>\n\u27a1\ufe0f <a href=\"https:\/\/t.co\/EU7zYNLYod\">https:\/\/t.co\/EU7zYNLYod<\/a> <a href=\"https:\/\/t.co\/70W9LPvyJc\">pic.twitter.com\/70W9LPvyJc<\/a><\/p>\n<p>\u2014 France Bleu Dr\u00f4me Ard\u00e8che (@francebleuDA) <a href=\"https:\/\/twitter.com\/francebleuDA\/status\/1717654750387147075?ref_src=twsrc%5Etfw\">October 26, 2023<\/a><\/p><\/blockquote>\n<p style=\"text-align: justify;\"><script async src=\"https:\/\/platform.twitter.com\/widgets.js\" charset=\"utf-8\"><\/script><br \/>\nEn club, il aura \u00e9t\u00e9 une fois champion de France avec La Voulte, en 1970. En 1967, il avait re\u00e7u l&rsquo;oscar Midi Olympique du meilleur joueur du Championnat de France. Buteur \u00e9m\u00e9rite (110 points en 14 s\u00e9lections), il \u00e9tait indissociable de son fr\u00e8re <strong>Lilian<\/strong> (d\u00e9c\u00e9d\u00e9 voil\u00e0 presque 8 ans), avec qui il aura pass\u00e9 la majeure partie de sa carri\u00e8re en club. Dicodusport pr\u00e9sente \u00e0 sa famille et ses amis ses condol\u00e9ances.<\/p>\n","protected":false},"excerpt":{"rendered":"<p>RUGBY \u00c0 XV FRAN\u00c7AIS &#8211; Un ancien grand international fran\u00e7ais nous a quitt\u00e9 ce jeudi, en la personne de Guy Camb\u00e9rab\u00e9ro.<\/p>\n","protected":false},"author":59,"featured_media":432594,"comment_status":"open","ping_status":"closed","sticky":false,"template":"","format":"standard","meta":{"_acf_changed":false,"_daextam_enable_autolinks":"1","footnotes":""},"categories":[12712,9129],"tags":[16878,8716,10725],"class_list":["post-432589","post","type-post","status-publish","format-standard","has-post-thumbnail","hentry","category-carnet-noir","category-rugby-a-xv","tag-breve","tag-carnet-noir","tag-rugby-francais"],"acf":[],"yoast_head":"<!-- This site is optimized with the Yoast SEO Premium plugin v26.7 (Yoast SEO v26.7) - https:\/\/yoast.com\/wordpress\/plugins\/seo\/ -->\n<title>Carnet noir : Guy Camb\u00e9rab\u00e9ro est d\u00e9c\u00e9d\u00e9<\/title>\n<meta name=\"description\" content=\"RUGBY \u00c0 XV FRAN\u00c7AIS - Un ancien grand international fran\u00e7ais nous a quitt\u00e9 ce jeudi, en la personne de Guy Camb\u00e9rab\u00e9ro.\" \/>\n<meta name=\"robots\" content=\"index, follow, max-snippet:-1, max-image-preview:large, max-video-preview:-1\" \/>\n<link rel=\"canonical\" href=\"https:\/\/dicodusport.fr\/blog\/carnet-noir-guy-camberabero-est-decede\/\" \/>\n<meta property=\"og:locale\" content=\"fr_FR\" \/>\n<meta property=\"og:type\" content=\"article\" \/>\n<meta property=\"og:title\" content=\"Carnet noir : Guy Camb\u00e9rab\u00e9ro est d\u00e9c\u00e9d\u00e9\" \/>\n<meta property=\"og:description\" content=\"RUGBY \u00c0 XV FRAN\u00c7AIS - Un ancien grand international fran\u00e7ais nous a quitt\u00e9 ce jeudi, en la personne de Guy Camb\u00e9rab\u00e9ro.\" \/>\n<meta property=\"og:url\" content=\"https:\/\/dicodusport.fr\/blog\/carnet-noir-guy-camberabero-est-decede\/\" \/>\n<meta property=\"og:site_name\" content=\"Dicodusport\" \/>\n<meta property=\"article:publisher\" content=\"https:\/\/www.facebook.com\/dicodusport\" \/>\n<meta property=\"article:author\" content=\"https:\/\/www.facebook.com\/sebastien.gente\/\" \/>\n<meta property=\"article:published_time\" content=\"2023-10-27T05:43:51+00:00\" \/>\n<meta property=\"article:modified_time\" content=\"2023-10-27T06:16:14+00:00\" \/>\n<meta property=\"og:image\" content=\"https:\/\/dicodusport.fr\/blog\/wp-content\/uploads\/2023\/10\/Carnet-noir-Guy-Camberabero-est-decede-1.png\" \/>\n\t<meta property=\"og:image:width\" content=\"800\" \/>\n\t<meta property=\"og:image:height\" content=\"445\" \/>\n\t<meta property=\"og:image:type\" content=\"image\/png\" \/>\n<meta name=\"author\" content=\"S\u00e9bastien Gente\" \/>\n<meta name=\"twitter:card\" content=\"summary_large_image\" \/>\n<meta name=\"twitter:title\" content=\"Carnet noir : Guy Camb\u00e9rab\u00e9ro est d\u00e9c\u00e9d\u00e9\" \/>\n<meta name=\"twitter:creator\" content=\"@https:\/\/twitter.com\/globulo24\" \/>\n<meta name=\"twitter:site\" content=\"@dicodusport\" \/>\n<script type=\"application\/ld+json\" class=\"yoast-schema-graph\">{\"@context\":\"https:\/\/schema.org\",\"@graph\":[{\"@type\":\"NewsArticle\",\"@id\":\"https:\/\/dicodusport.fr\/blog\/carnet-noir-guy-camberabero-est-decede\/#article\",\"isPartOf\":{\"@id\":\"https:\/\/dicodusport.fr\/blog\/carnet-noir-guy-camberabero-est-decede\/\"},\"author\":{\"name\":\"S\u00e9bastien Gente\",\"@id\":\"https:\/\/dicodusport.fr\/blog\/#\/schema\/person\/627966a6cde45dbd8c5e36ac85d783da\"},\"headline\":\"Carnet noir : Guy Camb\u00e9rab\u00e9ro est d\u00e9c\u00e9d\u00e9\",\"datePublished\":\"2023-10-27T05:43:51+00:00\",\"dateModified\":\"2023-10-27T06:16:14+00:00\",\"mainEntityOfPage\":{\"@id\":\"https:\/\/dicodusport.fr\/blog\/carnet-noir-guy-camberabero-est-decede\/\"},\"wordCount\":217,\"commentCount\":0,\"publisher\":{\"@id\":\"https:\/\/dicodusport.fr\/blog\/#organization\"},\"image\":{\"@id\":\"https:\/\/dicodusport.fr\/blog\/carnet-noir-guy-camberabero-est-decede\/#primaryimage\"},\"thumbnailUrl\":\"https:\/\/dicodusport.fr\/blog\/wp-content\/uploads\/2023\/10\/Carnet-noir-Guy-Camberabero-est-decede-1.png\",\"keywords\":[\"br\u00e8ve\",\"Carnet noir\",\"Rugby fran\u00e7ais\"],\"articleSection\":[\"Carnet noir\",\"Rugby \u00e0 XV\"],\"inLanguage\":\"fr-FR\",\"potentialAction\":[{\"@type\":\"CommentAction\",\"name\":\"Comment\",\"target\":[\"https:\/\/dicodusport.fr\/blog\/carnet-noir-guy-camberabero-est-decede\/#respond\"]}],\"copyrightYear\":\"2023\",\"copyrightHolder\":{\"@id\":\"https:\/\/dicodusport.fr\/blog\/#organization\"}},{\"@type\":\"WebPage\",\"@id\":\"https:\/\/dicodusport.fr\/blog\/carnet-noir-guy-camberabero-est-decede\/\",\"url\":\"https:\/\/dicodusport.fr\/blog\/carnet-noir-guy-camberabero-est-decede\/\",\"name\":\"Carnet noir : Guy Camb\u00e9rab\u00e9ro est d\u00e9c\u00e9d\u00e9\",\"isPartOf\":{\"@id\":\"https:\/\/dicodusport.fr\/blog\/#website\"},\"primaryImageOfPage\":{\"@id\":\"https:\/\/dicodusport.fr\/blog\/carnet-noir-guy-camberabero-est-decede\/#primaryimage\"},\"image\":{\"@id\":\"https:\/\/dicodusport.fr\/blog\/carnet-noir-guy-camberabero-est-decede\/#primaryimage\"},\"thumbnailUrl\":\"https:\/\/dicodusport.fr\/blog\/wp-content\/uploads\/2023\/10\/Carnet-noir-Guy-Camberabero-est-decede-1.png\",\"datePublished\":\"2023-10-27T05:43:51+00:00\",\"dateModified\":\"2023-10-27T06:16:14+00:00\",\"description\":\"RUGBY \u00c0 XV FRAN\u00c7AIS - Un ancien grand international fran\u00e7ais nous a quitt\u00e9 ce jeudi, en la personne de Guy Camb\u00e9rab\u00e9ro.\",\"breadcrumb\":{\"@id\":\"https:\/\/dicodusport.fr\/blog\/carnet-noir-guy-camberabero-est-decede\/#breadcrumb\"},\"inLanguage\":\"fr-FR\",\"potentialAction\":[{\"@type\":\"ReadAction\",\"target\":[\"https:\/\/dicodusport.fr\/blog\/carnet-noir-guy-camberabero-est-decede\/\"]}]},{\"@type\":\"ImageObject\",\"inLanguage\":\"fr-FR\",\"@id\":\"https:\/\/dicodusport.fr\/blog\/carnet-noir-guy-camberabero-est-decede\/#primaryimage\",\"url\":\"https:\/\/dicodusport.fr\/blog\/wp-content\/uploads\/2023\/10\/Carnet-noir-Guy-Camberabero-est-decede-1.png\",\"contentUrl\":\"https:\/\/dicodusport.fr\/blog\/wp-content\/uploads\/2023\/10\/Carnet-noir-Guy-Camberabero-est-decede-1.png\",\"width\":800,\"height\":445,\"caption\":\"Carnet noir Guy Camb\u00e9rab\u00e9ro est d\u00e9c\u00e9d\u00e9\"},{\"@type\":\"BreadcrumbList\",\"@id\":\"https:\/\/dicodusport.fr\/blog\/carnet-noir-guy-camberabero-est-decede\/#breadcrumb\",\"itemListElement\":[{\"@type\":\"ListItem\",\"position\":1,\"name\":\"Accueil\",\"item\":\"https:\/\/dicodusport.fr\/blog\/\"},{\"@type\":\"ListItem\",\"position\":2,\"name\":\"Carnet noir : Guy Camb\u00e9rab\u00e9ro est d\u00e9c\u00e9d\u00e9\"}]},{\"@type\":\"WebSite\",\"@id\":\"https:\/\/dicodusport.fr\/blog\/#website\",\"url\":\"https:\/\/dicodusport.fr\/blog\/\",\"name\":\"Dicodusport\",\"description\":\"L&#039;encyclop\u00e9die de l&#039;actualit\u00e9 sportive\",\"publisher\":{\"@id\":\"https:\/\/dicodusport.fr\/blog\/#organization\"},\"potentialAction\":[{\"@type\":\"SearchAction\",\"target\":{\"@type\":\"EntryPoint\",\"urlTemplate\":\"https:\/\/dicodusport.fr\/blog\/?s={search_term_string}\"},\"query-input\":{\"@type\":\"PropertyValueSpecification\",\"valueRequired\":true,\"valueName\":\"search_term_string\"}}],\"inLanguage\":\"fr-FR\"},{\"@type\":\"NewsMediaOrganization\",\"@id\":\"https:\/\/dicodusport.fr\/blog\/#organization\",\"name\":\"Dicodusport\",\"url\":\"https:\/\/dicodusport.fr\/blog\/\",\"logo\":{\"@type\":\"ImageObject\",\"inLanguage\":\"fr-FR\",\"@id\":\"https:\/\/dicodusport.fr\/blog\/#\/schema\/logo\/image\/\",\"url\":\"https:\/\/dicodusport.fr\/blog\/wp-content\/uploads\/2020\/06\/cropped-LOGO-DICODUSPORT-2020-SANS-FOND-SANS-TEXTE.png\",\"contentUrl\":\"https:\/\/dicodusport.fr\/blog\/wp-content\/uploads\/2020\/06\/cropped-LOGO-DICODUSPORT-2020-SANS-FOND-SANS-TEXTE.png\",\"width\":512,\"height\":512,\"caption\":\"Dicodusport\"},\"image\":{\"@id\":\"https:\/\/dicodusport.fr\/blog\/#\/schema\/logo\/image\/\"},\"sameAs\":[\"https:\/\/www.facebook.com\/dicodusport\",\"https:\/\/x.com\/dicodusport\",\"https:\/\/www.instagram.com\/dicodusport\/\",\"https:\/\/www.youtube.com\/channel\/UC7V2KZ5sd3htJivAbA4ZG3w\"],\"description\":\"Dicodusport est l'encyclop\u00e9die de l'actualit\u00e9 sportive.\",\"email\":\"bonjour@dicodusport.fr\",\"legalName\":\"DICODUSPORT\",\"foundingDate\":\"2018-01-14\",\"vatID\":\"FR71834470973\",\"taxID\":\"83447097300043\",\"numberOfEmployees\":{\"@type\":\"QuantitativeValue\",\"minValue\":\"1\",\"maxValue\":\"10\"}},{\"@type\":\"Person\",\"@id\":\"https:\/\/dicodusport.fr\/blog\/#\/schema\/person\/627966a6cde45dbd8c5e36ac85d783da\",\"name\":\"S\u00e9bastien Gente\",\"image\":{\"@type\":\"ImageObject\",\"inLanguage\":\"fr-FR\",\"@id\":\"https:\/\/dicodusport.fr\/blog\/#\/schema\/person\/image\/\",\"url\":\"https:\/\/dicodusport.fr\/blog\/wp-content\/uploads\/2021\/09\/1510990_10205810251400683_4124423575079401707_n-150x150.jpg\",\"contentUrl\":\"https:\/\/dicodusport.fr\/blog\/wp-content\/uploads\/2021\/09\/1510990_10205810251400683_4124423575079401707_n-150x150.jpg\",\"caption\":\"S\u00e9bastien Gente\"},\"description\":\"John Stockton, Gianni Bugno, Zinedine Zidane, Steffi Graf, Frode Andresen, St\u00e9phane Stoecklin, Davis Kamoga, Primoz Peterka, Werner Schlager et Aur\u00e9lien Rougerie. Point commun entre ces sportifs? Ils m'ont fait r\u00eaver et ont berc\u00e9 mon adolescence. Je suis un fondu de sports et j'essaie de retranscrire ma passion \u00e0 travers mes articles. Originaire du P\u00e9rigord, ma passion pour les Girondins, les Jaunards et les Jazzmen transpire dans mes \u00e9crits. \u00c0 Dicodusport depuis 2021, je d\u00e9niche les sports m\u00e9connus dans lesquels la France brille, et il y en a !\",\"sameAs\":[\"https:\/\/www.facebook.com\/sebastien.gente\/\",\"https:\/\/www.instagram.com\/sebgente\/\",\"https:\/\/www.linkedin.com\/in\/sbastien-gente-a29583169\/\",\"https:\/\/x.com\/https:\/\/twitter.com\/globulo24\",\"SebastienGente\"],\"worksFor\":\"S\u00e9bastien GENTE\",\"url\":\"https:\/\/dicodusport.fr\/blog\/author\/sebastiengente\/\"}]}<\/script>\n<!-- \/ Yoast SEO Premium plugin. -->","yoast_head_json":{"title":"Carnet noir : Guy Camb\u00e9rab\u00e9ro est d\u00e9c\u00e9d\u00e9","description":"RUGBY \u00c0 XV FRAN\u00c7AIS - Un ancien grand international fran\u00e7ais nous a quitt\u00e9 ce jeudi, en la personne de Guy Camb\u00e9rab\u00e9ro.","robots":{"index":"index","follow":"follow","max-snippet":"max-snippet:-1","max-image-preview":"max-image-preview:large","max-video-preview":"max-video-preview:-1"},"canonical":"https:\/\/dicodusport.fr\/blog\/carnet-noir-guy-camberabero-est-decede\/","og_locale":"fr_FR","og_type":"article","og_title":"Carnet noir : Guy Camb\u00e9rab\u00e9ro est d\u00e9c\u00e9d\u00e9","og_description":"RUGBY \u00c0 XV FRAN\u00c7AIS - Un ancien grand international fran\u00e7ais nous a quitt\u00e9 ce jeudi, en la personne de Guy Camb\u00e9rab\u00e9ro.","og_url":"https:\/\/dicodusport.fr\/blog\/carnet-noir-guy-camberabero-est-decede\/","og_site_name":"Dicodusport","article_publisher":"https:\/\/www.facebook.com\/dicodusport","article_author":"https:\/\/www.facebook.com\/sebastien.gente\/","article_published_time":"2023-10-27T05:43:51+00:00","article_modified_time":"2023-10-27T06:16:14+00:00","og_image":[{"width":800,"height":445,"url":"https:\/\/dicodusport.fr\/blog\/wp-content\/uploads\/2023\/10\/Carnet-noir-Guy-Camberabero-est-decede-1.png","type":"image\/png"}],"author":"S\u00e9bastien Gente","twitter_card":"summary_large_image","twitter_title":"Carnet noir : Guy Camb\u00e9rab\u00e9ro est d\u00e9c\u00e9d\u00e9","twitter_creator":"@https:\/\/twitter.com\/globulo24","twitter_site":"@dicodusport","schema":{"@context":"https:\/\/schema.org","@graph":[{"@type":"NewsArticle","@id":"https:\/\/dicodusport.fr\/blog\/carnet-noir-guy-camberabero-est-decede\/#article","isPartOf":{"@id":"https:\/\/dicodusport.fr\/blog\/carnet-noir-guy-camberabero-est-decede\/"},"author":{"name":"S\u00e9bastien Gente","@id":"https:\/\/dicodusport.fr\/blog\/#\/schema\/person\/627966a6cde45dbd8c5e36ac85d783da"},"headline":"Carnet noir : Guy Camb\u00e9rab\u00e9ro est d\u00e9c\u00e9d\u00e9","datePublished":"2023-10-27T05:43:51+00:00","dateModified":"2023-10-27T06:16:14+00:00","mainEntityOfPage":{"@id":"https:\/\/dicodusport.fr\/blog\/carnet-noir-guy-camberabero-est-decede\/"},"wordCount":217,"commentCount":0,"publisher":{"@id":"https:\/\/dicodusport.fr\/blog\/#organization"},"image":{"@id":"https:\/\/dicodusport.fr\/blog\/carnet-noir-guy-camberabero-est-decede\/#primaryimage"},"thumbnailUrl":"https:\/\/dicodusport.fr\/blog\/wp-content\/uploads\/2023\/10\/Carnet-noir-Guy-Camberabero-est-decede-1.png","keywords":["br\u00e8ve","Carnet noir","Rugby fran\u00e7ais"],"articleSection":["Carnet noir","Rugby \u00e0 XV"],"inLanguage":"fr-FR","potentialAction":[{"@type":"CommentAction","name":"Comment","target":["https:\/\/dicodusport.fr\/blog\/carnet-noir-guy-camberabero-est-decede\/#respond"]}],"copyrightYear":"2023","copyrightHolder":{"@id":"https:\/\/dicodusport.fr\/blog\/#organization"}},{"@type":"WebPage","@id":"https:\/\/dicodusport.fr\/blog\/carnet-noir-guy-camberabero-est-decede\/","url":"https:\/\/dicodusport.fr\/blog\/carnet-noir-guy-camberabero-est-decede\/","name":"Carnet noir : Guy Camb\u00e9rab\u00e9ro est d\u00e9c\u00e9d\u00e9","isPartOf":{"@id":"https:\/\/dicodusport.fr\/blog\/#website"},"primaryImageOfPage":{"@id":"https:\/\/dicodusport.fr\/blog\/carnet-noir-guy-camberabero-est-decede\/#primaryimage"},"image":{"@id":"https:\/\/dicodusport.fr\/blog\/carnet-noir-guy-camberabero-est-decede\/#primaryimage"},"thumbnailUrl":"https:\/\/dicodusport.fr\/blog\/wp-content\/uploads\/2023\/10\/Carnet-noir-Guy-Camberabero-est-decede-1.png","datePublished":"2023-10-27T05:43:51+00:00","dateModified":"2023-10-27T06:16:14+00:00","description":"RUGBY \u00c0 XV FRAN\u00c7AIS - Un ancien grand international fran\u00e7ais nous a quitt\u00e9 ce jeudi, en la personne de Guy Camb\u00e9rab\u00e9ro.","breadcrumb":{"@id":"https:\/\/dicodusport.fr\/blog\/carnet-noir-guy-camberabero-est-decede\/#breadcrumb"},"inLanguage":"fr-FR","potentialAction":[{"@type":"ReadAction","target":["https:\/\/dicodusport.fr\/blog\/carnet-noir-guy-camberabero-est-decede\/"]}]},{"@type":"ImageObject","inLanguage":"fr-FR","@id":"https:\/\/dicodusport.fr\/blog\/carnet-noir-guy-camberabero-est-decede\/#primaryimage","url":"https:\/\/dicodusport.fr\/blog\/wp-content\/uploads\/2023\/10\/Carnet-noir-Guy-Camberabero-est-decede-1.png","contentUrl":"https:\/\/dicodusport.fr\/blog\/wp-content\/uploads\/2023\/10\/Carnet-noir-Guy-Camberabero-est-decede-1.png","width":800,"height":445,"caption":"Carnet noir Guy Camb\u00e9rab\u00e9ro est d\u00e9c\u00e9d\u00e9"},{"@type":"BreadcrumbList","@id":"https:\/\/dicodusport.fr\/blog\/carnet-noir-guy-camberabero-est-decede\/#breadcrumb","itemListElement":[{"@type":"ListItem","position":1,"name":"Accueil","item":"https:\/\/dicodusport.fr\/blog\/"},{"@type":"ListItem","position":2,"name":"Carnet noir : Guy Camb\u00e9rab\u00e9ro est d\u00e9c\u00e9d\u00e9"}]},{"@type":"WebSite","@id":"https:\/\/dicodusport.fr\/blog\/#website","url":"https:\/\/dicodusport.fr\/blog\/","name":"Dicodusport","description":"L&#039;encyclop\u00e9die de l&#039;actualit\u00e9 sportive","publisher":{"@id":"https:\/\/dicodusport.fr\/blog\/#organization"},"potentialAction":[{"@type":"SearchAction","target":{"@type":"EntryPoint","urlTemplate":"https:\/\/dicodusport.fr\/blog\/?s={search_term_string}"},"query-input":{"@type":"PropertyValueSpecification","valueRequired":true,"valueName":"search_term_string"}}],"inLanguage":"fr-FR"},{"@type":"NewsMediaOrganization","@id":"https:\/\/dicodusport.fr\/blog\/#organization","name":"Dicodusport","url":"https:\/\/dicodusport.fr\/blog\/","logo":{"@type":"ImageObject","inLanguage":"fr-FR","@id":"https:\/\/dicodusport.fr\/blog\/#\/schema\/logo\/image\/","url":"https:\/\/dicodusport.fr\/blog\/wp-content\/uploads\/2020\/06\/cropped-LOGO-DICODUSPORT-2020-SANS-FOND-SANS-TEXTE.png","contentUrl":"https:\/\/dicodusport.fr\/blog\/wp-content\/uploads\/2020\/06\/cropped-LOGO-DICODUSPORT-2020-SANS-FOND-SANS-TEXTE.png","width":512,"height":512,"caption":"Dicodusport"},"image":{"@id":"https:\/\/dicodusport.fr\/blog\/#\/schema\/logo\/image\/"},"sameAs":["https:\/\/www.facebook.com\/dicodusport","https:\/\/x.com\/dicodusport","https:\/\/www.instagram.com\/dicodusport\/","https:\/\/www.youtube.com\/channel\/UC7V2KZ5sd3htJivAbA4ZG3w"],"description":"Dicodusport est l'encyclop\u00e9die de l'actualit\u00e9 sportive.","email":"bonjour@dicodusport.fr","legalName":"DICODUSPORT","foundingDate":"2018-01-14","vatID":"FR71834470973","taxID":"83447097300043","numberOfEmployees":{"@type":"QuantitativeValue","minValue":"1","maxValue":"10"}},{"@type":"Person","@id":"https:\/\/dicodusport.fr\/blog\/#\/schema\/person\/627966a6cde45dbd8c5e36ac85d783da","name":"S\u00e9bastien Gente","image":{"@type":"ImageObject","inLanguage":"fr-FR","@id":"https:\/\/dicodusport.fr\/blog\/#\/schema\/person\/image\/","url":"https:\/\/dicodusport.fr\/blog\/wp-content\/uploads\/2021\/09\/1510990_10205810251400683_4124423575079401707_n-150x150.jpg","contentUrl":"https:\/\/dicodusport.fr\/blog\/wp-content\/uploads\/2021\/09\/1510990_10205810251400683_4124423575079401707_n-150x150.jpg","caption":"S\u00e9bastien Gente"},"description":"John Stockton, Gianni Bugno, Zinedine Zidane, Steffi Graf, Frode Andresen, St\u00e9phane Stoecklin, Davis Kamoga, Primoz Peterka, Werner Schlager et Aur\u00e9lien Rougerie. Point commun entre ces sportifs? Ils m'ont fait r\u00eaver et ont berc\u00e9 mon adolescence. Je suis un fondu de sports et j'essaie de retranscrire ma passion \u00e0 travers mes articles. Originaire du P\u00e9rigord, ma passion pour les Girondins, les Jaunards et les Jazzmen transpire dans mes \u00e9crits. \u00c0 Dicodusport depuis 2021, je d\u00e9niche les sports m\u00e9connus dans lesquels la France brille, et il y en a !","sameAs":["https:\/\/www.facebook.com\/sebastien.gente\/","https:\/\/www.instagram.com\/sebgente\/","https:\/\/www.linkedin.com\/in\/sbastien-gente-a29583169\/","https:\/\/x.com\/https:\/\/twitter.com\/globulo24","SebastienGente"],"worksFor":"S\u00e9bastien GENTE","url":"https:\/\/dicodusport.fr\/blog\/author\/sebastiengente\/"}]}},"_links":{"self":[{"href":"https:\/\/dicodusport.fr\/blog\/wp-json\/wp\/v2\/posts\/432589","targetHints":{"allow":["GET"]}}],"collection":[{"href":"https:\/\/dicodusport.fr\/blog\/wp-json\/wp\/v2\/posts"}],"about":[{"href":"https:\/\/dicodusport.fr\/blog\/wp-json\/wp\/v2\/types\/post"}],"author":[{"embeddable":true,"href":"https:\/\/dicodusport.fr\/blog\/wp-json\/wp\/v2\/users\/59"}],"replies":[{"embeddable":true,"href":"https:\/\/dicodusport.fr\/blog\/wp-json\/wp\/v2\/comments?post=432589"}],"version-history":[{"count":0,"href":"https:\/\/dicodusport.fr\/blog\/wp-json\/wp\/v2\/posts\/432589\/revisions"}],"wp:featuredmedia":[{"embeddable":true,"href":"https:\/\/dicodusport.fr\/blog\/wp-json\/wp\/v2\/media\/432594"}],"wp:attachment":[{"href":"https:\/\/dicodusport.fr\/blog\/wp-json\/wp\/v2\/media?parent=432589"}],"wp:term":[{"taxonomy":"category","embeddable":true,"href":"https:\/\/dicodusport.fr\/blog\/wp-json\/wp\/v2\/categories?post=432589"},{"taxonomy":"post_tag","embeddable":true,"href":"https:\/\/dicodusport.fr\/blog\/wp-json\/wp\/v2\/tags?post=432589"}],"curies":[{"name":"wp","href":"https:\/\/api.w.org\/{rel}","templated":true}]}}