{"id":432689,"date":"2023-10-27T14:36:09","date_gmt":"2023-10-27T12:36:09","guid":{"rendered":"https:\/\/dicodusport.fr\/blog\/?p=432689&#038;preview=true&#038;preview_id=432689"},"modified":"2023-10-27T14:56:34","modified_gmt":"2023-10-27T12:56:34","slug":"peter-sagan-devrait-rejoindre-une-equipe-continentale-pour-la-saison-2024","status":"publish","type":"post","link":"https:\/\/dicodusport.fr\/blog\/peter-sagan-devrait-rejoindre-une-equipe-continentale-pour-la-saison-2024\/","title":{"rendered":"Peter Sagan devrait rejoindre une \u00e9quipe continentale pour la saison 2024"},"content":{"rendered":"<p style=\"text-align: justify;\"><strong><em>CYCLISME SUR ROUTE 2024 &#8211; M\u00eame s&rsquo;il a annonc\u00e9 sa retraite sur route, Peter Sagan devrait bien faire quelques courses mineures en 2024.\u00a0<\/em><\/strong><\/p>\n<ul style=\"text-align: justify;\">\n<li><strong>\u00c0 lire aussi &#8211; <a href=\"https:\/\/dicodusport.fr\/blog\/peter-sagan-memorable-carriere-et-sortie-par-la-petite-porte\/\" target=\"_blank\" rel=\"noopener\">Peter Sagan, m\u00e9morable carri\u00e8re et sortie par la petite porte<\/a><\/strong><\/li>\n<\/ul>\n<p style=\"text-align: justify;\">\u00c0 l&rsquo;occasion du <a href=\"https:\/\/dicodusport.fr\/blog\/classement-tour-de-vendee-2023\/\"><strong>Tour de Vend\u00e9e 2023<\/strong><\/a>, <strong>Peter<\/strong> <strong>Sagan<\/strong> a pris sa retraite sur route apr\u00e8s une carri\u00e8re exceptionnelle. Si la fin aura \u00e9t\u00e9 compliqu\u00e9e au niveau des r\u00e9sultats sportifs, le champion slovaque a reboost\u00e9 l&rsquo;image du cyclisme qui se cherchait depuis longtemps une rockstar. Ses victoires et sa personnalit\u00e9 auront marqu\u00e9 une \u00e9poque.<\/p>\n<p style=\"text-align: justify;\">Mais avant de quitter compl\u00e8tement le haut niveau, <strong>Peter<\/strong> <strong>Sagan<\/strong> s&rsquo;est lanc\u00e9 un dernier objectif : participer aux <strong>Jeux<\/strong> <strong>Olympiques<\/strong> de <strong>Paris<\/strong> en <strong>VTT<\/strong>. Il s&rsquo;entra\u00eene d\u00e9j\u00e0 depuis plusieurs mois pour cela et a d\u00e9j\u00e0 particip\u00e9 \u00e0 des courses, m\u00eame s&rsquo;il n&rsquo;a pas brill\u00e9 en termes de r\u00e9sultats. Et pour atteindre son objectif, il devrait faire quelques courses sur route d\u00e9but 2024 avec une \u00e9quipe continentale, comme il l&rsquo;a expliqu\u00e9 \u00e0 <em>Sport.sk<\/em>.<\/p>\n<blockquote>\n<p style=\"text-align: justify;\">Je suis en discussion avec mon sponsor et j&rsquo;explore la possibilit\u00e9 de participer \u00e0 deux ou trois courses sur route afin de compl\u00e9ter et diversifier ma pr\u00e9paration et ma forme physique en vue du VTT. Ce ne sera certainement pas en WorldTour, mais \u00e0 un niveau inf\u00e9rieur, et ce sera sans doute des \u00e9preuves par \u00e9tapes.<\/p>\n<\/blockquote>\n<p style=\"text-align: justify;\">Si pour le moment, il ne sait pas avec quelle \u00e9quipe et ni sur quelles courses il sera align\u00e9, Peter Sagan devrait donc faire une petite entorse \u00e0 sa retraite sur route. L&rsquo;une des possibilit\u00e9s est qu&rsquo;il rejoigne l&rsquo;\u00e9quipe slovaque <strong>RRK Group-Pierre Baguette-Benzinol<\/strong>, dont son fr\u00e8re Juraj est membre en tant que directeur sportif.<\/p>\n<blockquote class=\"twitter-tweet\">\n<p dir=\"ltr\" lang=\"en\">Therefore, I would like to thank Jean-Ren\u00e9 Bernaudeau from the bottom of my heart for always being there for me. He never criticized me and never asked for anything beyond what I was able to achieve in the race. (end of the thread)<\/p>\n<p>Source: <a href=\"https:\/\/t.co\/psLQOBBfHx\">https:\/\/t.co\/psLQOBBfHx<\/a><\/p>\n<p>\u2014 Luk\u00e1\u0161 Ronald Luk\u00e1cs (@lucasaganronald) <a href=\"https:\/\/twitter.com\/lucasaganronald\/status\/1717547679872328031?ref_src=twsrc%5Etfw\">October 26, 2023<\/a><\/p><\/blockquote>\n<p style=\"text-align: justify;\"><script async src=\"https:\/\/platform.twitter.com\/widgets.js\" charset=\"utf-8\"><\/script><\/p>\n","protected":false},"excerpt":{"rendered":"<p>CYCLISME SUR ROUTE 2024 &#8211; M\u00eame s&rsquo;il a annonc\u00e9 sa retraite sur route, Peter Sagan devrait bien faire quelques courses mineures en 2024.\u00a0<\/p>\n","protected":false},"author":1,"featured_media":432695,"comment_status":"open","ping_status":"closed","sticky":false,"template":"","format":"standard","meta":{"_acf_changed":false,"_daextam_enable_autolinks":"1","footnotes":""},"categories":[46994],"tags":[16878,4284,4373],"class_list":["post-432689","post","type-post","status-publish","format-standard","has-post-thumbnail","hentry","category-cyclisme-sur-route","tag-breve","tag-peter-sagan","tag-sagan"],"acf":[],"yoast_head":"<!-- This site is optimized with the Yoast SEO Premium plugin v26.7 (Yoast SEO v26.7) - https:\/\/yoast.com\/wordpress\/plugins\/seo\/ -->\n<title>Peter Sagan devrait rejoindre une \u00e9quipe continentale pour la saison 2024<\/title>\n<meta name=\"description\" content=\"CYCLISME SUR ROUTE 2024 - M\u00eame s&#039;il a annonc\u00e9 sa retraite sur route, Peter Sagan devrait bien faire quelques courses mineures en 2024.\u00a0\" \/>\n<meta name=\"robots\" content=\"index, follow, max-snippet:-1, max-image-preview:large, max-video-preview:-1\" \/>\n<link rel=\"canonical\" href=\"https:\/\/dicodusport.fr\/blog\/peter-sagan-devrait-rejoindre-une-equipe-continentale-pour-la-saison-2024\/\" \/>\n<meta property=\"og:locale\" content=\"fr_FR\" \/>\n<meta property=\"og:type\" content=\"article\" \/>\n<meta property=\"og:title\" content=\"Peter Sagan devrait rejoindre une \u00e9quipe continentale pour la saison 2024\" \/>\n<meta property=\"og:description\" content=\"CYCLISME SUR ROUTE 2024 - M\u00eame s&#039;il a annonc\u00e9 sa retraite sur route, Peter Sagan devrait bien faire quelques courses mineures en 2024.\u00a0\" \/>\n<meta property=\"og:url\" content=\"https:\/\/dicodusport.fr\/blog\/peter-sagan-devrait-rejoindre-une-equipe-continentale-pour-la-saison-2024\/\" \/>\n<meta property=\"og:site_name\" content=\"Dicodusport\" \/>\n<meta property=\"article:publisher\" content=\"https:\/\/www.facebook.com\/dicodusport\" \/>\n<meta property=\"article:author\" content=\"https:\/\/www.facebook.com\/dicodusport\" \/>\n<meta property=\"article:published_time\" content=\"2023-10-27T12:36:09+00:00\" \/>\n<meta property=\"article:modified_time\" content=\"2023-10-27T12:56:34+00:00\" \/>\n<meta property=\"og:image\" content=\"https:\/\/dicodusport.fr\/blog\/wp-content\/uploads\/2023\/10\/Peter-Sagan-devrait-rejoindre-une-equipe-continentale-pour-la-saison-2024.png\" \/>\n\t<meta property=\"og:image:width\" content=\"800\" \/>\n\t<meta property=\"og:image:height\" content=\"445\" \/>\n\t<meta property=\"og:image:type\" content=\"image\/png\" \/>\n<meta name=\"author\" content=\"Nicolas Jacquemard\" \/>\n<meta name=\"twitter:card\" content=\"summary_large_image\" \/>\n<meta name=\"twitter:title\" content=\"Peter Sagan devrait rejoindre une \u00e9quipe continentale pour la saison 2024\" \/>\n<meta name=\"twitter:creator\" content=\"@https:\/\/twitter.com\/Nico_Jacquemard\" \/>\n<meta name=\"twitter:site\" content=\"@dicodusport\" \/>\n<script type=\"application\/ld+json\" class=\"yoast-schema-graph\">{\"@context\":\"https:\/\/schema.org\",\"@graph\":[{\"@type\":\"NewsArticle\",\"@id\":\"https:\/\/dicodusport.fr\/blog\/peter-sagan-devrait-rejoindre-une-equipe-continentale-pour-la-saison-2024\/#article\",\"isPartOf\":{\"@id\":\"https:\/\/dicodusport.fr\/blog\/peter-sagan-devrait-rejoindre-une-equipe-continentale-pour-la-saison-2024\/\"},\"author\":{\"name\":\"Nicolas Jacquemard\",\"@id\":\"https:\/\/dicodusport.fr\/blog\/#\/schema\/person\/55dcb50ad410894e431ed812bbb70191\"},\"headline\":\"Peter Sagan devrait rejoindre une \u00e9quipe continentale pour la saison 2024\",\"datePublished\":\"2023-10-27T12:36:09+00:00\",\"dateModified\":\"2023-10-27T12:56:34+00:00\",\"mainEntityOfPage\":{\"@id\":\"https:\/\/dicodusport.fr\/blog\/peter-sagan-devrait-rejoindre-une-equipe-continentale-pour-la-saison-2024\/\"},\"wordCount\":358,\"commentCount\":0,\"publisher\":{\"@id\":\"https:\/\/dicodusport.fr\/blog\/#organization\"},\"image\":{\"@id\":\"https:\/\/dicodusport.fr\/blog\/peter-sagan-devrait-rejoindre-une-equipe-continentale-pour-la-saison-2024\/#primaryimage\"},\"thumbnailUrl\":\"https:\/\/dicodusport.fr\/blog\/wp-content\/uploads\/2023\/10\/Peter-Sagan-devrait-rejoindre-une-equipe-continentale-pour-la-saison-2024.png\",\"keywords\":[\"br\u00e8ve\",\"Peter Sagan\",\"Sagan\"],\"articleSection\":[\"Cyclisme sur route\"],\"inLanguage\":\"fr-FR\",\"potentialAction\":[{\"@type\":\"CommentAction\",\"name\":\"Comment\",\"target\":[\"https:\/\/dicodusport.fr\/blog\/peter-sagan-devrait-rejoindre-une-equipe-continentale-pour-la-saison-2024\/#respond\"]}],\"copyrightYear\":\"2023\",\"copyrightHolder\":{\"@id\":\"https:\/\/dicodusport.fr\/blog\/#organization\"}},{\"@type\":\"WebPage\",\"@id\":\"https:\/\/dicodusport.fr\/blog\/peter-sagan-devrait-rejoindre-une-equipe-continentale-pour-la-saison-2024\/\",\"url\":\"https:\/\/dicodusport.fr\/blog\/peter-sagan-devrait-rejoindre-une-equipe-continentale-pour-la-saison-2024\/\",\"name\":\"Peter Sagan devrait rejoindre une \u00e9quipe continentale pour la saison 2024\",\"isPartOf\":{\"@id\":\"https:\/\/dicodusport.fr\/blog\/#website\"},\"primaryImageOfPage\":{\"@id\":\"https:\/\/dicodusport.fr\/blog\/peter-sagan-devrait-rejoindre-une-equipe-continentale-pour-la-saison-2024\/#primaryimage\"},\"image\":{\"@id\":\"https:\/\/dicodusport.fr\/blog\/peter-sagan-devrait-rejoindre-une-equipe-continentale-pour-la-saison-2024\/#primaryimage\"},\"thumbnailUrl\":\"https:\/\/dicodusport.fr\/blog\/wp-content\/uploads\/2023\/10\/Peter-Sagan-devrait-rejoindre-une-equipe-continentale-pour-la-saison-2024.png\",\"datePublished\":\"2023-10-27T12:36:09+00:00\",\"dateModified\":\"2023-10-27T12:56:34+00:00\",\"description\":\"CYCLISME SUR ROUTE 2024 - M\u00eame s'il a annonc\u00e9 sa retraite sur route, Peter Sagan devrait bien faire quelques courses mineures en 2024.\u00a0\",\"breadcrumb\":{\"@id\":\"https:\/\/dicodusport.fr\/blog\/peter-sagan-devrait-rejoindre-une-equipe-continentale-pour-la-saison-2024\/#breadcrumb\"},\"inLanguage\":\"fr-FR\",\"potentialAction\":[{\"@type\":\"ReadAction\",\"target\":[\"https:\/\/dicodusport.fr\/blog\/peter-sagan-devrait-rejoindre-une-equipe-continentale-pour-la-saison-2024\/\"]}]},{\"@type\":\"ImageObject\",\"inLanguage\":\"fr-FR\",\"@id\":\"https:\/\/dicodusport.fr\/blog\/peter-sagan-devrait-rejoindre-une-equipe-continentale-pour-la-saison-2024\/#primaryimage\",\"url\":\"https:\/\/dicodusport.fr\/blog\/wp-content\/uploads\/2023\/10\/Peter-Sagan-devrait-rejoindre-une-equipe-continentale-pour-la-saison-2024.png\",\"contentUrl\":\"https:\/\/dicodusport.fr\/blog\/wp-content\/uploads\/2023\/10\/Peter-Sagan-devrait-rejoindre-une-equipe-continentale-pour-la-saison-2024.png\",\"width\":800,\"height\":445},{\"@type\":\"BreadcrumbList\",\"@id\":\"https:\/\/dicodusport.fr\/blog\/peter-sagan-devrait-rejoindre-une-equipe-continentale-pour-la-saison-2024\/#breadcrumb\",\"itemListElement\":[{\"@type\":\"ListItem\",\"position\":1,\"name\":\"Accueil\",\"item\":\"https:\/\/dicodusport.fr\/blog\/\"},{\"@type\":\"ListItem\",\"position\":2,\"name\":\"Peter Sagan devrait rejoindre une \u00e9quipe continentale pour la saison 2024\"}]},{\"@type\":\"WebSite\",\"@id\":\"https:\/\/dicodusport.fr\/blog\/#website\",\"url\":\"https:\/\/dicodusport.fr\/blog\/\",\"name\":\"Dicodusport\",\"description\":\"L&#039;encyclop\u00e9die de l&#039;actualit\u00e9 sportive\",\"publisher\":{\"@id\":\"https:\/\/dicodusport.fr\/blog\/#organization\"},\"potentialAction\":[{\"@type\":\"SearchAction\",\"target\":{\"@type\":\"EntryPoint\",\"urlTemplate\":\"https:\/\/dicodusport.fr\/blog\/?s={search_term_string}\"},\"query-input\":{\"@type\":\"PropertyValueSpecification\",\"valueRequired\":true,\"valueName\":\"search_term_string\"}}],\"inLanguage\":\"fr-FR\"},{\"@type\":\"NewsMediaOrganization\",\"@id\":\"https:\/\/dicodusport.fr\/blog\/#organization\",\"name\":\"Dicodusport\",\"url\":\"https:\/\/dicodusport.fr\/blog\/\",\"logo\":{\"@type\":\"ImageObject\",\"inLanguage\":\"fr-FR\",\"@id\":\"https:\/\/dicodusport.fr\/blog\/#\/schema\/logo\/image\/\",\"url\":\"https:\/\/dicodusport.fr\/blog\/wp-content\/uploads\/2020\/06\/cropped-LOGO-DICODUSPORT-2020-SANS-FOND-SANS-TEXTE.png\",\"contentUrl\":\"https:\/\/dicodusport.fr\/blog\/wp-content\/uploads\/2020\/06\/cropped-LOGO-DICODUSPORT-2020-SANS-FOND-SANS-TEXTE.png\",\"width\":512,\"height\":512,\"caption\":\"Dicodusport\"},\"image\":{\"@id\":\"https:\/\/dicodusport.fr\/blog\/#\/schema\/logo\/image\/\"},\"sameAs\":[\"https:\/\/www.facebook.com\/dicodusport\",\"https:\/\/x.com\/dicodusport\",\"https:\/\/www.instagram.com\/dicodusport\/\",\"https:\/\/www.youtube.com\/channel\/UC7V2KZ5sd3htJivAbA4ZG3w\"],\"description\":\"Dicodusport est l'encyclop\u00e9die de l'actualit\u00e9 sportive.\",\"email\":\"bonjour@dicodusport.fr\",\"legalName\":\"DICODUSPORT\",\"foundingDate\":\"2018-01-14\",\"vatID\":\"FR71834470973\",\"taxID\":\"83447097300043\",\"numberOfEmployees\":{\"@type\":\"QuantitativeValue\",\"minValue\":\"1\",\"maxValue\":\"10\"}},{\"@type\":\"Person\",\"@id\":\"https:\/\/dicodusport.fr\/blog\/#\/schema\/person\/55dcb50ad410894e431ed812bbb70191\",\"name\":\"Nicolas Jacquemard\",\"image\":{\"@type\":\"ImageObject\",\"inLanguage\":\"fr-FR\",\"@id\":\"https:\/\/dicodusport.fr\/blog\/#\/schema\/person\/image\/\",\"url\":\"https:\/\/dicodusport.fr\/blog\/wp-content\/uploads\/2021\/05\/Nicolas-Jacquemard-150x150.jpeg\",\"contentUrl\":\"https:\/\/dicodusport.fr\/blog\/wp-content\/uploads\/2021\/05\/Nicolas-Jacquemard-150x150.jpeg\",\"caption\":\"Nicolas Jacquemard\"},\"description\":\"Passionn\u00e9 de sport et entrepreneur depuis mes 18 ans, la cr\u00e9ation de Dicodusport m'a sembl\u00e9 \u00e9vidente pour participer \u00e0 la m\u00e9diatisation d'un plus grand nombre de sports. Le chemin est long mais avec une \u00e9quipe des plus motiv\u00e9es et les Jeux Olympiques de Paris 2024 en point de mire, nous y arriverons ! Journaliste dans le monde du sport depuis plus de 5 ans, je traite aussi bien de football, de rugby, de biathlon que de cyclisme.\",\"sameAs\":[\"https:\/\/www.facebook.com\/dicodusport\",\"https:\/\/x.com\/https:\/\/twitter.com\/Nico_Jacquemard\"],\"url\":\"https:\/\/dicodusport.fr\/blog\/author\/dicodusport\/\"}]}<\/script>\n<!-- \/ Yoast SEO Premium plugin. -->","yoast_head_json":{"title":"Peter Sagan devrait rejoindre une \u00e9quipe continentale pour la saison 2024","description":"CYCLISME SUR ROUTE 2024 - M\u00eame s'il a annonc\u00e9 sa retraite sur route, Peter Sagan devrait bien faire quelques courses mineures en 2024.\u00a0","robots":{"index":"index","follow":"follow","max-snippet":"max-snippet:-1","max-image-preview":"max-image-preview:large","max-video-preview":"max-video-preview:-1"},"canonical":"https:\/\/dicodusport.fr\/blog\/peter-sagan-devrait-rejoindre-une-equipe-continentale-pour-la-saison-2024\/","og_locale":"fr_FR","og_type":"article","og_title":"Peter Sagan devrait rejoindre une \u00e9quipe continentale pour la saison 2024","og_description":"CYCLISME SUR ROUTE 2024 - M\u00eame s'il a annonc\u00e9 sa retraite sur route, Peter Sagan devrait bien faire quelques courses mineures en 2024.\u00a0","og_url":"https:\/\/dicodusport.fr\/blog\/peter-sagan-devrait-rejoindre-une-equipe-continentale-pour-la-saison-2024\/","og_site_name":"Dicodusport","article_publisher":"https:\/\/www.facebook.com\/dicodusport","article_author":"https:\/\/www.facebook.com\/dicodusport","article_published_time":"2023-10-27T12:36:09+00:00","article_modified_time":"2023-10-27T12:56:34+00:00","og_image":[{"width":800,"height":445,"url":"https:\/\/dicodusport.fr\/blog\/wp-content\/uploads\/2023\/10\/Peter-Sagan-devrait-rejoindre-une-equipe-continentale-pour-la-saison-2024.png","type":"image\/png"}],"author":"Nicolas Jacquemard","twitter_card":"summary_large_image","twitter_title":"Peter Sagan devrait rejoindre une \u00e9quipe continentale pour la saison 2024","twitter_creator":"@https:\/\/twitter.com\/Nico_Jacquemard","twitter_site":"@dicodusport","schema":{"@context":"https:\/\/schema.org","@graph":[{"@type":"NewsArticle","@id":"https:\/\/dicodusport.fr\/blog\/peter-sagan-devrait-rejoindre-une-equipe-continentale-pour-la-saison-2024\/#article","isPartOf":{"@id":"https:\/\/dicodusport.fr\/blog\/peter-sagan-devrait-rejoindre-une-equipe-continentale-pour-la-saison-2024\/"},"author":{"name":"Nicolas Jacquemard","@id":"https:\/\/dicodusport.fr\/blog\/#\/schema\/person\/55dcb50ad410894e431ed812bbb70191"},"headline":"Peter Sagan devrait rejoindre une \u00e9quipe continentale pour la saison 2024","datePublished":"2023-10-27T12:36:09+00:00","dateModified":"2023-10-27T12:56:34+00:00","mainEntityOfPage":{"@id":"https:\/\/dicodusport.fr\/blog\/peter-sagan-devrait-rejoindre-une-equipe-continentale-pour-la-saison-2024\/"},"wordCount":358,"commentCount":0,"publisher":{"@id":"https:\/\/dicodusport.fr\/blog\/#organization"},"image":{"@id":"https:\/\/dicodusport.fr\/blog\/peter-sagan-devrait-rejoindre-une-equipe-continentale-pour-la-saison-2024\/#primaryimage"},"thumbnailUrl":"https:\/\/dicodusport.fr\/blog\/wp-content\/uploads\/2023\/10\/Peter-Sagan-devrait-rejoindre-une-equipe-continentale-pour-la-saison-2024.png","keywords":["br\u00e8ve","Peter Sagan","Sagan"],"articleSection":["Cyclisme sur route"],"inLanguage":"fr-FR","potentialAction":[{"@type":"CommentAction","name":"Comment","target":["https:\/\/dicodusport.fr\/blog\/peter-sagan-devrait-rejoindre-une-equipe-continentale-pour-la-saison-2024\/#respond"]}],"copyrightYear":"2023","copyrightHolder":{"@id":"https:\/\/dicodusport.fr\/blog\/#organization"}},{"@type":"WebPage","@id":"https:\/\/dicodusport.fr\/blog\/peter-sagan-devrait-rejoindre-une-equipe-continentale-pour-la-saison-2024\/","url":"https:\/\/dicodusport.fr\/blog\/peter-sagan-devrait-rejoindre-une-equipe-continentale-pour-la-saison-2024\/","name":"Peter Sagan devrait rejoindre une \u00e9quipe continentale pour la saison 2024","isPartOf":{"@id":"https:\/\/dicodusport.fr\/blog\/#website"},"primaryImageOfPage":{"@id":"https:\/\/dicodusport.fr\/blog\/peter-sagan-devrait-rejoindre-une-equipe-continentale-pour-la-saison-2024\/#primaryimage"},"image":{"@id":"https:\/\/dicodusport.fr\/blog\/peter-sagan-devrait-rejoindre-une-equipe-continentale-pour-la-saison-2024\/#primaryimage"},"thumbnailUrl":"https:\/\/dicodusport.fr\/blog\/wp-content\/uploads\/2023\/10\/Peter-Sagan-devrait-rejoindre-une-equipe-continentale-pour-la-saison-2024.png","datePublished":"2023-10-27T12:36:09+00:00","dateModified":"2023-10-27T12:56:34+00:00","description":"CYCLISME SUR ROUTE 2024 - M\u00eame s'il a annonc\u00e9 sa retraite sur route, Peter Sagan devrait bien faire quelques courses mineures en 2024.\u00a0","breadcrumb":{"@id":"https:\/\/dicodusport.fr\/blog\/peter-sagan-devrait-rejoindre-une-equipe-continentale-pour-la-saison-2024\/#breadcrumb"},"inLanguage":"fr-FR","potentialAction":[{"@type":"ReadAction","target":["https:\/\/dicodusport.fr\/blog\/peter-sagan-devrait-rejoindre-une-equipe-continentale-pour-la-saison-2024\/"]}]},{"@type":"ImageObject","inLanguage":"fr-FR","@id":"https:\/\/dicodusport.fr\/blog\/peter-sagan-devrait-rejoindre-une-equipe-continentale-pour-la-saison-2024\/#primaryimage","url":"https:\/\/dicodusport.fr\/blog\/wp-content\/uploads\/2023\/10\/Peter-Sagan-devrait-rejoindre-une-equipe-continentale-pour-la-saison-2024.png","contentUrl":"https:\/\/dicodusport.fr\/blog\/wp-content\/uploads\/2023\/10\/Peter-Sagan-devrait-rejoindre-une-equipe-continentale-pour-la-saison-2024.png","width":800,"height":445},{"@type":"BreadcrumbList","@id":"https:\/\/dicodusport.fr\/blog\/peter-sagan-devrait-rejoindre-une-equipe-continentale-pour-la-saison-2024\/#breadcrumb","itemListElement":[{"@type":"ListItem","position":1,"name":"Accueil","item":"https:\/\/dicodusport.fr\/blog\/"},{"@type":"ListItem","position":2,"name":"Peter Sagan devrait rejoindre une \u00e9quipe continentale pour la saison 2024"}]},{"@type":"WebSite","@id":"https:\/\/dicodusport.fr\/blog\/#website","url":"https:\/\/dicodusport.fr\/blog\/","name":"Dicodusport","description":"L&#039;encyclop\u00e9die de l&#039;actualit\u00e9 sportive","publisher":{"@id":"https:\/\/dicodusport.fr\/blog\/#organization"},"potentialAction":[{"@type":"SearchAction","target":{"@type":"EntryPoint","urlTemplate":"https:\/\/dicodusport.fr\/blog\/?s={search_term_string}"},"query-input":{"@type":"PropertyValueSpecification","valueRequired":true,"valueName":"search_term_string"}}],"inLanguage":"fr-FR"},{"@type":"NewsMediaOrganization","@id":"https:\/\/dicodusport.fr\/blog\/#organization","name":"Dicodusport","url":"https:\/\/dicodusport.fr\/blog\/","logo":{"@type":"ImageObject","inLanguage":"fr-FR","@id":"https:\/\/dicodusport.fr\/blog\/#\/schema\/logo\/image\/","url":"https:\/\/dicodusport.fr\/blog\/wp-content\/uploads\/2020\/06\/cropped-LOGO-DICODUSPORT-2020-SANS-FOND-SANS-TEXTE.png","contentUrl":"https:\/\/dicodusport.fr\/blog\/wp-content\/uploads\/2020\/06\/cropped-LOGO-DICODUSPORT-2020-SANS-FOND-SANS-TEXTE.png","width":512,"height":512,"caption":"Dicodusport"},"image":{"@id":"https:\/\/dicodusport.fr\/blog\/#\/schema\/logo\/image\/"},"sameAs":["https:\/\/www.facebook.com\/dicodusport","https:\/\/x.com\/dicodusport","https:\/\/www.instagram.com\/dicodusport\/","https:\/\/www.youtube.com\/channel\/UC7V2KZ5sd3htJivAbA4ZG3w"],"description":"Dicodusport est l'encyclop\u00e9die de l'actualit\u00e9 sportive.","email":"bonjour@dicodusport.fr","legalName":"DICODUSPORT","foundingDate":"2018-01-14","vatID":"FR71834470973","taxID":"83447097300043","numberOfEmployees":{"@type":"QuantitativeValue","minValue":"1","maxValue":"10"}},{"@type":"Person","@id":"https:\/\/dicodusport.fr\/blog\/#\/schema\/person\/55dcb50ad410894e431ed812bbb70191","name":"Nicolas Jacquemard","image":{"@type":"ImageObject","inLanguage":"fr-FR","@id":"https:\/\/dicodusport.fr\/blog\/#\/schema\/person\/image\/","url":"https:\/\/dicodusport.fr\/blog\/wp-content\/uploads\/2021\/05\/Nicolas-Jacquemard-150x150.jpeg","contentUrl":"https:\/\/dicodusport.fr\/blog\/wp-content\/uploads\/2021\/05\/Nicolas-Jacquemard-150x150.jpeg","caption":"Nicolas Jacquemard"},"description":"Passionn\u00e9 de sport et entrepreneur depuis mes 18 ans, la cr\u00e9ation de Dicodusport m'a sembl\u00e9 \u00e9vidente pour participer \u00e0 la m\u00e9diatisation d'un plus grand nombre de sports. Le chemin est long mais avec une \u00e9quipe des plus motiv\u00e9es et les Jeux Olympiques de Paris 2024 en point de mire, nous y arriverons ! Journaliste dans le monde du sport depuis plus de 5 ans, je traite aussi bien de football, de rugby, de biathlon que de cyclisme.","sameAs":["https:\/\/www.facebook.com\/dicodusport","https:\/\/x.com\/https:\/\/twitter.com\/Nico_Jacquemard"],"url":"https:\/\/dicodusport.fr\/blog\/author\/dicodusport\/"}]}},"_links":{"self":[{"href":"https:\/\/dicodusport.fr\/blog\/wp-json\/wp\/v2\/posts\/432689","targetHints":{"allow":["GET"]}}],"collection":[{"href":"https:\/\/dicodusport.fr\/blog\/wp-json\/wp\/v2\/posts"}],"about":[{"href":"https:\/\/dicodusport.fr\/blog\/wp-json\/wp\/v2\/types\/post"}],"author":[{"embeddable":true,"href":"https:\/\/dicodusport.fr\/blog\/wp-json\/wp\/v2\/users\/1"}],"replies":[{"embeddable":true,"href":"https:\/\/dicodusport.fr\/blog\/wp-json\/wp\/v2\/comments?post=432689"}],"version-history":[{"count":0,"href":"https:\/\/dicodusport.fr\/blog\/wp-json\/wp\/v2\/posts\/432689\/revisions"}],"wp:featuredmedia":[{"embeddable":true,"href":"https:\/\/dicodusport.fr\/blog\/wp-json\/wp\/v2\/media\/432695"}],"wp:attachment":[{"href":"https:\/\/dicodusport.fr\/blog\/wp-json\/wp\/v2\/media?parent=432689"}],"wp:term":[{"taxonomy":"category","embeddable":true,"href":"https:\/\/dicodusport.fr\/blog\/wp-json\/wp\/v2\/categories?post=432689"},{"taxonomy":"post_tag","embeddable":true,"href":"https:\/\/dicodusport.fr\/blog\/wp-json\/wp\/v2\/tags?post=432689"}],"curies":[{"name":"wp","href":"https:\/\/api.w.org\/{rel}","templated":true}]}}