{"id":432690,"date":"2023-10-27T17:25:14","date_gmt":"2023-10-27T15:25:14","guid":{"rendered":"https:\/\/dicodusport.fr\/blog\/?p=432690&#038;preview=true&#038;preview_id=432690"},"modified":"2023-10-27T19:42:11","modified_gmt":"2023-10-27T17:42:11","slug":"foot-le-carnet-de-notes-des-clubs-francais-en-coupes-deurope-a-mi-parcours","status":"publish","type":"post","link":"https:\/\/dicodusport.fr\/blog\/foot-le-carnet-de-notes-des-clubs-francais-en-coupes-deurope-a-mi-parcours\/","title":{"rendered":"Foot : Le carnet de notes des clubs fran\u00e7ais en Coupes d&rsquo;Europe \u00e0 mi-parcours"},"content":{"rendered":"<p style=\"text-align: justify;\"><strong><em>FOOTBALL &#8211; Ligue des Champions, Ligue Europa, Ligue Europa Conf\u00e9rence : on fait le bilan des clubs fran\u00e7ais engag\u00e9s en Coupes d&rsquo;Europe, \u00e0 la mi-parcours de la phase de poules des diff\u00e9rentes comp\u00e9titions.<\/em><\/strong><\/p>\n<h2>Racing Club de Lens :\u00a0 16\/20<\/h2>\n<p style=\"text-align: justify;\"><strong>Ce qu&rsquo;on attendait d&rsquo;eux<\/strong> : Pour son grand retour en Ligue des Champions, apr\u00e8s 21 ans, le <strong>RC Lens<\/strong> a h\u00e9rit\u00e9 d&rsquo;un groupe dense, mais assez ouvert, avec <strong>Arsenal<\/strong>, le <strong>PSV Eindhoven<\/strong> et le <strong>FC S\u00e9ville<\/strong>. Mais, mine de rien, les Lensois sont tomb\u00e9s sur le vice-champion d&rsquo;Angleterre, actuel co-leader de Premier League, du vainqueur de l&rsquo;Europa League et le champion des Pays-Bas. Autant dire que rien n&rsquo;est simple. Terminer \u00e0 la 3\u1d49 place, au moment du tirage, aurait d\u00e9j\u00e0 \u00e9t\u00e9 vu comme une performance. Et on leur demandait surtout d&rsquo;\u00eatre s\u00e9rieux et valeureux.<\/p>\n<p style=\"text-align: justify;\"><strong>Leur bilan \u00e0 mi-parcours<\/strong> : Le RC Lens boucle cette premi\u00e8re moiti\u00e9 de phase de poules avec cinq points et une deuxi\u00e8me place. Avec, mine de rien, trois points d&rsquo;avance sur le FC S\u00e9ville et le PSV Eindhoven. Les hommes de <strong>Franck Haise<\/strong> sont encore invaincus. Une sacr\u00e9e performance pour des joueurs avec une exp\u00e9rience europ\u00e9enne plus que minime. On leur adresse un 16\/20 car, \u00e0 chaque match, les Lensois ont \u00e9t\u00e9 men\u00e9s 1-0. Mais \u00e0 chaque fois, ils sont revenus dans la partie. <a href=\"https:\/\/dicodusport.fr\/blog\/rc-lens-arsenal-les-notes-des-lensois\/\">Jusqu&rsquo;\u00e0 renverser Arsenal (2-1)<\/a>. Alors oui, les Gunners n&rsquo;ont pas fait le match du si\u00e8cle, mais ils ont su gagner leurs deux autres matchs.<\/p>\n<div id=\"attachment_425398\" style=\"width: 810px\" class=\"wp-caption aligncenter\"><img loading=\"lazy\" decoding=\"async\" aria-describedby=\"caption-attachment-425398\" class=\"size-full wp-image-425398\" src=\"https:\/\/dicodusport.fr\/blog\/wp-content\/uploads\/2023\/10\/RC-Lens-Arsenal-Les-notes-des-Lensois-1.png\" alt=\"RC Lens - Arsenal Les notes des Lensois\" width=\"800\" height=\"445\" srcset=\"https:\/\/dicodusport.fr\/blog\/wp-content\/uploads\/2023\/10\/RC-Lens-Arsenal-Les-notes-des-Lensois-1.png 800w, https:\/\/dicodusport.fr\/blog\/wp-content\/uploads\/2023\/10\/RC-Lens-Arsenal-Les-notes-des-Lensois-1-300x167.png 300w, https:\/\/dicodusport.fr\/blog\/wp-content\/uploads\/2023\/10\/RC-Lens-Arsenal-Les-notes-des-Lensois-1-768x427.png 768w\" sizes=\"auto, (max-width: 800px) 100vw, 800px\" \/><p id=\"caption-attachment-425398\" class=\"wp-caption-text\">Wahi, symbole d&rsquo;un RC Lens qui n&rsquo;a pas froid aux yeux pour son retour en Ligue des Champions &#8211; Photo Icon Sport<\/p><\/div>\n<p style=\"text-align: justify;\">Surtout, sur leurs trois matchs, les Lensois ont su proposer de tr\u00e8s belles s\u00e9quences par moment. Maintenant, m\u00eame s&rsquo;ils ont un peu d&rsquo;avance et qu&rsquo;ils peuvent d\u00e9sormais viser les 8e de finale, le chemin est encore long. Mais, un r\u00e9sultat positif \u00e0 Eindhoven, conjugu\u00e9 \u00e0 une nouvelle d\u00e9faite de S\u00e9ville, et cela commencerait \u00e0 sentir vraiment bon pour les Lensois. Et on ne s&rsquo;en plaindrait pas.<\/p>\n<hr \/>\n<h2>Stade Rennais 14,5\/20 :<\/h2>\n<p style=\"text-align: justify;\"><strong>Ce qu&rsquo;on attendait d&rsquo;eux<\/strong> : Les Rennais ont h\u00e9rit\u00e9 d&rsquo;un groupe assez costaud, avec Villarreal, vainqueur de la Ligue Europa il y a trois saisons et en demi-finales de la Ligue des Champions il y a deux saisons. Mais aussi le <strong>Panathina\u00efkos<\/strong> et le <strong>Maccabi Ha\u00effa<\/strong>. Malgr\u00e9 tout, les hommes de <strong>Bruno Genesio<\/strong> se doivent, par leur exp\u00e9rience r\u00e9cente en Coupe d&rsquo;Europe, de se qualifier a minima pour les barrages. Voire prendre la premi\u00e8re place directement qualificative en 8\u1d49 de finale. On attend m\u00eame de cette \u00e9quipe qu&rsquo;elle continue de franchir des paliers en Europe, avec une belle \u00e9pop\u00e9e.<\/p>\n<p style=\"text-align: justify;\"><strong>Leur bilan \u00e0 mi-parcours<\/strong> : Comme les Parisiens, les Rennais basculent en t\u00eate avec 6 points. Avec deux victoires et une d\u00e9faite. Ils sont tomb\u00e9s face \u00e0 Villarreal en Espagne (1-0), mais ont fait le travail \u00e0 domicile. Surtout, ils sortent <a href=\"https:\/\/dicodusport.fr\/blog\/ligue-europa-rennes-se-rejouit-toulouse-beaucoup-moins\/\">d&rsquo;une victoire importance en Gr\u00e8ce (1-2)<\/a>. Avec deux matchs \u00e0 l&rsquo;ext\u00e9rieur, les Rennais semblent avoir fait une bonne partie du chemin, pour terminer a minima aux deux premi\u00e8res places. Une victoire contre les Grecs leur ouvrira quasiment les portes de la qualification.<\/p>\n<div id=\"attachment_432560\" style=\"width: 810px\" class=\"wp-caption aligncenter\"><img loading=\"lazy\" decoding=\"async\" aria-describedby=\"caption-attachment-432560\" class=\"size-full wp-image-432560\" src=\"https:\/\/dicodusport.fr\/blog\/wp-content\/uploads\/2023\/10\/Ligue-Europa-J3-Rennes-se-rejouit-Toulouse-beaucoup-moins.png\" alt=\"Ligue Europa (J3) Rennes se r\u00e9jouit, Toulouse beaucoup moins\" width=\"800\" height=\"445\" srcset=\"https:\/\/dicodusport.fr\/blog\/wp-content\/uploads\/2023\/10\/Ligue-Europa-J3-Rennes-se-rejouit-Toulouse-beaucoup-moins.png 800w, https:\/\/dicodusport.fr\/blog\/wp-content\/uploads\/2023\/10\/Ligue-Europa-J3-Rennes-se-rejouit-Toulouse-beaucoup-moins-300x167.png 300w, https:\/\/dicodusport.fr\/blog\/wp-content\/uploads\/2023\/10\/Ligue-Europa-J3-Rennes-se-rejouit-Toulouse-beaucoup-moins-768x427.png 768w\" sizes=\"auto, (max-width: 800px) 100vw, 800px\" \/><p id=\"caption-attachment-432560\" class=\"wp-caption-text\">Rennes tout sourire sur la pelouse du Panathina\u00efkos &#8211; Photo Icon Sport<\/p><\/div>\n<hr \/>\n<h2>Paris Saint-Germain 14\/20<\/h2>\n<p style=\"text-align: justify;\"><strong>Ce qu&rsquo;on attendait d&rsquo;eux<\/strong> : Malgr\u00e9 un groupe pas si facile, tout autre r\u00e9sultat qu&rsquo;une non-qualification en 8\u1d49 de finale, sera vu comme une immense contre-performance pour les Parisiens. Avec l&rsquo;<strong>AC Milan<\/strong>, <strong>Newcastle<\/strong> et le <strong>Borussia Dortmund<\/strong>, les Parisiens n&rsquo;ont pas \u00e9t\u00e9 vernis. Mais ce n&rsquo;est pas non plus les meilleurs clubs europ\u00e9ens du moment et aucun n&rsquo;a fait une vraie performance notable en Europe, ces derni\u00e8res ann\u00e9es.<\/p>\n<p style=\"text-align: justify;\"><strong>Leur bilan \u00e0 mi-parcours<\/strong> : Les Parisiens sont dans le tempo, leaders de leur groupe avec six points. Avec deux victoires contre Dortmund (2-0) et le <a href=\"https:\/\/dicodusport.fr\/blog\/paris-milan-ac-les-notes-du-psg\/\">Milan AC (3-0)<\/a>. Mais, au milieu de ces deux succ\u00e8s, ils ont sombr\u00e9 \u00e0 Newcastle (1-4). Compl\u00e8tement \u00e9touff\u00e9s par le pressing des Anglais. Du coup, m\u00eame s&rsquo;il ne faut pas cracher sur le bilan comptable, on est un peu dans le flou concernant le v\u00e9ritable niveau de cette \u00e9quipe, quand elle est en situation d&rsquo;\u00eatre boug\u00e9e. Et, les Parisiens ont disput\u00e9 deux de leurs matchs \u00e0 domicile. La phase retour s&rsquo;annonce cruciale et il ne faudra pas se rater \u00e0 San Siro.<\/p>\n<div id=\"attachment_432297\" style=\"width: 810px\" class=\"wp-caption aligncenter\"><img loading=\"lazy\" decoding=\"async\" aria-describedby=\"caption-attachment-432297\" class=\"size-full wp-image-432297\" src=\"https:\/\/dicodusport.fr\/blog\/wp-content\/uploads\/2023\/10\/Ligue-des-Champions-J3-Le-Paris-Saint-Germain-punit-lAC-Milan-au-Parc.png\" alt=\"Ligue des Champions (J3) Le Paris Saint-Germain punit l'AC Milan au Parc\" width=\"800\" height=\"445\" srcset=\"https:\/\/dicodusport.fr\/blog\/wp-content\/uploads\/2023\/10\/Ligue-des-Champions-J3-Le-Paris-Saint-Germain-punit-lAC-Milan-au-Parc.png 800w, https:\/\/dicodusport.fr\/blog\/wp-content\/uploads\/2023\/10\/Ligue-des-Champions-J3-Le-Paris-Saint-Germain-punit-lAC-Milan-au-Parc-300x167.png 300w, https:\/\/dicodusport.fr\/blog\/wp-content\/uploads\/2023\/10\/Ligue-des-Champions-J3-Le-Paris-Saint-Germain-punit-lAC-Milan-au-Parc-768x427.png 768w\" sizes=\"auto, (max-width: 800px) 100vw, 800px\" \/><p id=\"caption-attachment-432297\" class=\"wp-caption-text\">Le Paris Saint-Germain a puni l&rsquo;AC Milan au Parc &#8211; Photo Icon Sport<\/p><\/div>\n<hr \/>\n<h2>Olympique de Marseille 13\/20 :<\/h2>\n<p style=\"text-align: justify;\"><strong>Ce qu&rsquo;on attendait d&rsquo;eux<\/strong> : Apr\u00e8s une \u00e9limination hom\u00e9rique et cruelle, en Ligue des Champions, contre le Pana, les Marseillais ont h\u00e9rit\u00e9 d&rsquo;un groupe ouvert, avec l&rsquo;<strong>AEK Ath\u00e8nes<\/strong>, <strong>Brighton<\/strong> et l&rsquo;<strong>Ajax Amsterdam<\/strong>. Cette derni\u00e8re est en grande difficult\u00e9 en championnat. Les Marseillais ont l&rsquo;effectif pour se qualifier a minima en barrages, avec la 2\u1d49 place.<\/p>\n<p style=\"text-align: justify;\"><strong>Leur bilan \u00e0 mi-parcours<\/strong> : Miracul\u00e9s face \u00e0 l&rsquo;Ajax Amsterdam, apr\u00e8s un 3-3 arrach\u00e9 aux Pays-Bas, apr\u00e8s avoir \u00e9t\u00e9 men\u00e9s 2-0, les Marseillais ont ensuite encha\u00een\u00e9 un match nul tr\u00e8s frustrant \u00e0 domicile contre Brighton. Avec un 2-2, alors qu&rsquo;ils menaient 2-0. N\u00e9anmoins, les hommes de Gennaro Gattuso ont acc\u00e9l\u00e9r\u00e9 ce jeudi, avec <a href=\"https:\/\/dicodusport.fr\/blog\/ligue-europa-j3-premier-succes-europeen-de-la-saison-pour-lom\/\">un succ\u00e8s assez probant contre l&rsquo;AEK Ath\u00e8nes (3-1)<\/a>. Un succ\u00e8s qui leur permet, avec cinq points, d&rsquo;\u00eatre en t\u00eate. Mais tout reste encore \u00e0 faire, avec les Grecs et Brighton qui ont quatre points. Lors de la phase retour, l&rsquo;OM devra se d\u00e9placer deux fois, et chez ses concurrents les plus directs \u00e0 cette premi\u00e8re phase. Il faudra \u00eatre tr\u00e8s solide pour continuer l&rsquo;aventure europ\u00e9enne.<\/p>\n<div id=\"attachment_432509\" style=\"width: 810px\" class=\"wp-caption aligncenter\"><img loading=\"lazy\" decoding=\"async\" aria-describedby=\"caption-attachment-432509\" class=\"size-full wp-image-432509\" src=\"https:\/\/dicodusport.fr\/blog\/wp-content\/uploads\/2023\/10\/Ligue-Europa-J3-Premier-succes-europeen-de-la-saison-pour-lOM.png\" alt=\"Ligue Europa (J3) : Premier succ\u00e8s europ\u00e9en de la saison pour l'OM\" width=\"800\" height=\"445\" srcset=\"https:\/\/dicodusport.fr\/blog\/wp-content\/uploads\/2023\/10\/Ligue-Europa-J3-Premier-succes-europeen-de-la-saison-pour-lOM.png 800w, https:\/\/dicodusport.fr\/blog\/wp-content\/uploads\/2023\/10\/Ligue-Europa-J3-Premier-succes-europeen-de-la-saison-pour-lOM-300x167.png 300w, https:\/\/dicodusport.fr\/blog\/wp-content\/uploads\/2023\/10\/Ligue-Europa-J3-Premier-succes-europeen-de-la-saison-pour-lOM-768x427.png 768w\" sizes=\"auto, (max-width: 800px) 100vw, 800px\" \/><p id=\"caption-attachment-432509\" class=\"wp-caption-text\">Premier succ\u00e8s europ\u00e9en de la saison pour l&rsquo;OM face \u00e0 l&rsquo;AEK Ath\u00e8nes &#8211; Photo Icon Sport<\/p><\/div>\n<hr \/>\n<h2>Lille Olympique Sporting Club 12\/20 :<\/h2>\n<p style=\"text-align: justify;\"><strong>Ce qu&rsquo;on attendait d&rsquo;eux<\/strong> : Au vu de la faiblesse de leur groupe, la moindre des choses pour les Lillois, c&rsquo;est de se qualifier et de terminer premiers de la poule. Avec notamment<strong> Klaksvik<\/strong>, le premier club des Iles F\u00e9ro\u00e9 \u00e0 participer \u00e0 une Coupe d&rsquo;Europe (qui a d&rsquo;ailleurs remport\u00e9 un match). On aimerait voir les Nordistes aller au moins en quart de finale de la comp\u00e9tition.<\/p>\n<p style=\"text-align: justify;\"><strong>Leur bilan \u00e0 mi-parcours<\/strong> : On se souviendra du LOSC comme la premi\u00e8re \u00e9quipe contre qui une \u00e9quipe des Iles F\u00e9ro\u00e9 a pris un point, avec ce match nul. Mais le parcours lillois est tr\u00e8s propre, avec sept points en trois matchs. Ils sont l\u00e0 o\u00f9 on les attendait, ni plus ni moins. Mais c&rsquo;est sans \u00e9clats, \u00e0 l&rsquo;image des deux succ\u00e8s, <a href=\"https:\/\/dicodusport.fr\/blog\/ligue-europe-conference-j3-lille-domine-le-slovan-bratislava\/\">2-1 ce jeudi contre le Slovan Bratislava r\u00e9duit \u00e0 10<\/a>, et 2-0 sans grand relief contre l&rsquo;Olimpija Ljubljana. Deux victoires \u00e0 domicile. Donc m\u00e9fiance pour cette phase retour, o\u00f9 les Lillois vont se d\u00e9placer par deux fois.<\/p>\n<div id=\"attachment_432507\" style=\"width: 810px\" class=\"wp-caption aligncenter\"><img loading=\"lazy\" decoding=\"async\" aria-describedby=\"caption-attachment-432507\" class=\"size-full wp-image-432507\" src=\"https:\/\/dicodusport.fr\/blog\/wp-content\/uploads\/2023\/10\/Ligue-Europe-Conference-J3-Lille-domine-le-Slovan-Bratislava.png\" alt=\"Ligue Europe Conf\u00e9rence (J3) Lille domine le Slovan Bratislava\" width=\"800\" height=\"445\" srcset=\"https:\/\/dicodusport.fr\/blog\/wp-content\/uploads\/2023\/10\/Ligue-Europe-Conference-J3-Lille-domine-le-Slovan-Bratislava.png 800w, https:\/\/dicodusport.fr\/blog\/wp-content\/uploads\/2023\/10\/Ligue-Europe-Conference-J3-Lille-domine-le-Slovan-Bratislava-300x167.png 300w, https:\/\/dicodusport.fr\/blog\/wp-content\/uploads\/2023\/10\/Ligue-Europe-Conference-J3-Lille-domine-le-Slovan-Bratislava-768x427.png 768w\" sizes=\"auto, (max-width: 800px) 100vw, 800px\" \/><p id=\"caption-attachment-432507\" class=\"wp-caption-text\">Lille domine le Slovan Bratislava &#8211; Photo Icon Sport<\/p><\/div>\n<hr \/>\n<h2>Toulouse Football Club 12\/20 :<\/h2>\n<p style=\"text-align: justify;\"><strong>Ce qu&rsquo;on attendait d&rsquo;eux<\/strong> : Ils ont h\u00e9rit\u00e9 d&rsquo;un g\u00e9ant d&rsquo;Europe, avec <strong>Liverpool<\/strong>. Mais aussi d&rsquo;une \u00e9quipe tr\u00e8s sous-cot\u00e9e, avec les Belges de l&rsquo;<strong>Union Saint-Gilloise<\/strong> et une \u00e9quipe plus faible de <strong>Linz<\/strong>. Les Toulousains, pour leur retour en Coupe d&rsquo;Europe, apr\u00e8s leur derni\u00e8re participation lors de la saison 2009-2010, sont un peu dans la position du RC Lens en Ligue des Champions. Avec l&rsquo;esprit de d\u00e9couvrir et de tenter de continuer leur parcours<\/p>\n<p style=\"text-align: justify;\"><strong>Leur bilan \u00e0 mi-parcours<\/strong> : Une troisi\u00e8me place et quatre points. Le bilan du TFC est honn\u00eate. Les Haut-Garonnais sont toujours en course pour une 2\u1d49 place. Car Liverpool, avec ses 9 points, semble intouchable. Le TFC vient de subir la loi des Anglais (5-1), sans faire pour autant un match affreux. Ils ont fait le job contre Linz au deuxi\u00e8me match (1-0), mais peuvent nourrir quelques regrets face \u00e0 Saint-Gilles, avec un match nul 1-1, apr\u00e8s avoir men\u00e9 au score.<\/p>\n","protected":false},"excerpt":{"rendered":"<p>FOOTBALL &#8211; On fait le bilan des clubs fran\u00e7ais engag\u00e9s en Coupe d&rsquo;Europe, \u00e0 la mi-parcours des diff\u00e9rentes comp\u00e9titions.<\/p>\n","protected":false},"author":83,"featured_media":432732,"comment_status":"open","ping_status":"closed","sticky":false,"template":"","format":"standard","meta":{"_acf_changed":false,"_daextam_enable_autolinks":"1","footnotes":""},"categories":[2301],"tags":[16878,74,75,2391,1889,910,3709,1865,5777],"class_list":["post-432690","post","type-post","status-publish","format-standard","has-post-thumbnail","hentry","category-football","tag-breve","tag-foot","tag-football","tag-losc","tag-om","tag-psg","tag-rc-lens","tag-stade-rennais","tag-toulouse-fc"],"acf":[],"yoast_head":"<!-- This site is optimized with the Yoast SEO Premium plugin v26.7 (Yoast SEO v26.7) - https:\/\/yoast.com\/wordpress\/plugins\/seo\/ -->\n<title>Foot : Le carnet de notes des clubs fran\u00e7ais en Coupes d&#039;Europe \u00e0 mi-parcours<\/title>\n<meta name=\"description\" content=\"FOOTBALL - On fait le bilan des clubs fran\u00e7ais engag\u00e9s en Coupe d&#039;Europe, \u00e0 la mi-parcours des diff\u00e9rentes comp\u00e9titions.\" \/>\n<meta name=\"robots\" content=\"index, follow, max-snippet:-1, max-image-preview:large, max-video-preview:-1\" \/>\n<link rel=\"canonical\" href=\"https:\/\/dicodusport.fr\/blog\/foot-le-carnet-de-notes-des-clubs-francais-en-coupes-deurope-a-mi-parcours\/\" \/>\n<meta property=\"og:locale\" content=\"fr_FR\" \/>\n<meta property=\"og:type\" content=\"article\" \/>\n<meta property=\"og:title\" content=\"Foot : Le carnet de notes des clubs fran\u00e7ais en Coupes d&#039;Europe \u00e0 mi-parcours\" \/>\n<meta property=\"og:description\" content=\"FOOTBALL - On fait le bilan des clubs fran\u00e7ais engag\u00e9s en Coupe d&#039;Europe, \u00e0 la mi-parcours des diff\u00e9rentes comp\u00e9titions.\" \/>\n<meta property=\"og:url\" content=\"https:\/\/dicodusport.fr\/blog\/foot-le-carnet-de-notes-des-clubs-francais-en-coupes-deurope-a-mi-parcours\/\" \/>\n<meta property=\"og:site_name\" content=\"Dicodusport\" \/>\n<meta property=\"article:publisher\" content=\"https:\/\/www.facebook.com\/dicodusport\" \/>\n<meta property=\"article:published_time\" content=\"2023-10-27T15:25:14+00:00\" \/>\n<meta property=\"article:modified_time\" content=\"2023-10-27T17:42:11+00:00\" \/>\n<meta property=\"og:image\" content=\"https:\/\/dicodusport.fr\/blog\/wp-content\/uploads\/2023\/10\/Foot-Le-carnet-de-notes-des-clubs-francais-en-Coupes-dEurope-a-mi-parcours.png\" \/>\n\t<meta property=\"og:image:width\" content=\"800\" \/>\n\t<meta property=\"og:image:height\" content=\"445\" \/>\n\t<meta property=\"og:image:type\" content=\"image\/png\" \/>\n<meta name=\"author\" content=\"Etienne Goursaud\" \/>\n<meta name=\"twitter:card\" content=\"summary_large_image\" \/>\n<meta name=\"twitter:title\" content=\"Foot : Le carnet de notes des clubs fran\u00e7ais en Coupes d&#039;Europe \u00e0 mi-parcours\" \/>\n<meta name=\"twitter:creator\" content=\"@dicodusport\" \/>\n<meta name=\"twitter:site\" content=\"@dicodusport\" \/>\n<script type=\"application\/ld+json\" class=\"yoast-schema-graph\">{\"@context\":\"https:\/\/schema.org\",\"@graph\":[{\"@type\":\"NewsArticle\",\"@id\":\"https:\/\/dicodusport.fr\/blog\/foot-le-carnet-de-notes-des-clubs-francais-en-coupes-deurope-a-mi-parcours\/#article\",\"isPartOf\":{\"@id\":\"https:\/\/dicodusport.fr\/blog\/foot-le-carnet-de-notes-des-clubs-francais-en-coupes-deurope-a-mi-parcours\/\"},\"author\":{\"name\":\"Etienne Goursaud\",\"@id\":\"https:\/\/dicodusport.fr\/blog\/#\/schema\/person\/d603dd7da31fb2b46c82b9835a77ec13\"},\"headline\":\"Foot : Le carnet de notes des clubs fran\u00e7ais en Coupes d&rsquo;Europe \u00e0 mi-parcours\",\"datePublished\":\"2023-10-27T15:25:14+00:00\",\"dateModified\":\"2023-10-27T17:42:11+00:00\",\"mainEntityOfPage\":{\"@id\":\"https:\/\/dicodusport.fr\/blog\/foot-le-carnet-de-notes-des-clubs-francais-en-coupes-deurope-a-mi-parcours\/\"},\"wordCount\":1398,\"commentCount\":0,\"publisher\":{\"@id\":\"https:\/\/dicodusport.fr\/blog\/#organization\"},\"image\":{\"@id\":\"https:\/\/dicodusport.fr\/blog\/foot-le-carnet-de-notes-des-clubs-francais-en-coupes-deurope-a-mi-parcours\/#primaryimage\"},\"thumbnailUrl\":\"https:\/\/dicodusport.fr\/blog\/wp-content\/uploads\/2023\/10\/Foot-Le-carnet-de-notes-des-clubs-francais-en-Coupes-dEurope-a-mi-parcours.png\",\"keywords\":[\"br\u00e8ve\",\"foot\",\"Football\",\"LOSC\",\"OM\",\"PSG\",\"RC Lens\",\"Stade rennais\",\"Toulouse FC\"],\"articleSection\":[\"Football\"],\"inLanguage\":\"fr-FR\",\"potentialAction\":[{\"@type\":\"CommentAction\",\"name\":\"Comment\",\"target\":[\"https:\/\/dicodusport.fr\/blog\/foot-le-carnet-de-notes-des-clubs-francais-en-coupes-deurope-a-mi-parcours\/#respond\"]}],\"copyrightYear\":\"2023\",\"copyrightHolder\":{\"@id\":\"https:\/\/dicodusport.fr\/blog\/#organization\"}},{\"@type\":\"WebPage\",\"@id\":\"https:\/\/dicodusport.fr\/blog\/foot-le-carnet-de-notes-des-clubs-francais-en-coupes-deurope-a-mi-parcours\/\",\"url\":\"https:\/\/dicodusport.fr\/blog\/foot-le-carnet-de-notes-des-clubs-francais-en-coupes-deurope-a-mi-parcours\/\",\"name\":\"Foot : Le carnet de notes des clubs fran\u00e7ais en Coupes d'Europe \u00e0 mi-parcours\",\"isPartOf\":{\"@id\":\"https:\/\/dicodusport.fr\/blog\/#website\"},\"primaryImageOfPage\":{\"@id\":\"https:\/\/dicodusport.fr\/blog\/foot-le-carnet-de-notes-des-clubs-francais-en-coupes-deurope-a-mi-parcours\/#primaryimage\"},\"image\":{\"@id\":\"https:\/\/dicodusport.fr\/blog\/foot-le-carnet-de-notes-des-clubs-francais-en-coupes-deurope-a-mi-parcours\/#primaryimage\"},\"thumbnailUrl\":\"https:\/\/dicodusport.fr\/blog\/wp-content\/uploads\/2023\/10\/Foot-Le-carnet-de-notes-des-clubs-francais-en-Coupes-dEurope-a-mi-parcours.png\",\"datePublished\":\"2023-10-27T15:25:14+00:00\",\"dateModified\":\"2023-10-27T17:42:11+00:00\",\"description\":\"FOOTBALL - On fait le bilan des clubs fran\u00e7ais engag\u00e9s en Coupe d'Europe, \u00e0 la mi-parcours des diff\u00e9rentes comp\u00e9titions.\",\"breadcrumb\":{\"@id\":\"https:\/\/dicodusport.fr\/blog\/foot-le-carnet-de-notes-des-clubs-francais-en-coupes-deurope-a-mi-parcours\/#breadcrumb\"},\"inLanguage\":\"fr-FR\",\"potentialAction\":[{\"@type\":\"ReadAction\",\"target\":[\"https:\/\/dicodusport.fr\/blog\/foot-le-carnet-de-notes-des-clubs-francais-en-coupes-deurope-a-mi-parcours\/\"]}]},{\"@type\":\"ImageObject\",\"inLanguage\":\"fr-FR\",\"@id\":\"https:\/\/dicodusport.fr\/blog\/foot-le-carnet-de-notes-des-clubs-francais-en-coupes-deurope-a-mi-parcours\/#primaryimage\",\"url\":\"https:\/\/dicodusport.fr\/blog\/wp-content\/uploads\/2023\/10\/Foot-Le-carnet-de-notes-des-clubs-francais-en-Coupes-dEurope-a-mi-parcours.png\",\"contentUrl\":\"https:\/\/dicodusport.fr\/blog\/wp-content\/uploads\/2023\/10\/Foot-Le-carnet-de-notes-des-clubs-francais-en-Coupes-dEurope-a-mi-parcours.png\",\"width\":800,\"height\":445,\"caption\":\"Foot Le carnet de notes des clubs fran\u00e7ais en Coupes d'Europe \u00e0 mi-parcours\"},{\"@type\":\"BreadcrumbList\",\"@id\":\"https:\/\/dicodusport.fr\/blog\/foot-le-carnet-de-notes-des-clubs-francais-en-coupes-deurope-a-mi-parcours\/#breadcrumb\",\"itemListElement\":[{\"@type\":\"ListItem\",\"position\":1,\"name\":\"Accueil\",\"item\":\"https:\/\/dicodusport.fr\/blog\/\"},{\"@type\":\"ListItem\",\"position\":2,\"name\":\"Foot : Le carnet de notes des clubs fran\u00e7ais en Coupes d&rsquo;Europe \u00e0 mi-parcours\"}]},{\"@type\":\"WebSite\",\"@id\":\"https:\/\/dicodusport.fr\/blog\/#website\",\"url\":\"https:\/\/dicodusport.fr\/blog\/\",\"name\":\"Dicodusport\",\"description\":\"L&#039;encyclop\u00e9die de l&#039;actualit\u00e9 sportive\",\"publisher\":{\"@id\":\"https:\/\/dicodusport.fr\/blog\/#organization\"},\"potentialAction\":[{\"@type\":\"SearchAction\",\"target\":{\"@type\":\"EntryPoint\",\"urlTemplate\":\"https:\/\/dicodusport.fr\/blog\/?s={search_term_string}\"},\"query-input\":{\"@type\":\"PropertyValueSpecification\",\"valueRequired\":true,\"valueName\":\"search_term_string\"}}],\"inLanguage\":\"fr-FR\"},{\"@type\":\"NewsMediaOrganization\",\"@id\":\"https:\/\/dicodusport.fr\/blog\/#organization\",\"name\":\"Dicodusport\",\"url\":\"https:\/\/dicodusport.fr\/blog\/\",\"logo\":{\"@type\":\"ImageObject\",\"inLanguage\":\"fr-FR\",\"@id\":\"https:\/\/dicodusport.fr\/blog\/#\/schema\/logo\/image\/\",\"url\":\"https:\/\/dicodusport.fr\/blog\/wp-content\/uploads\/2020\/06\/cropped-LOGO-DICODUSPORT-2020-SANS-FOND-SANS-TEXTE.png\",\"contentUrl\":\"https:\/\/dicodusport.fr\/blog\/wp-content\/uploads\/2020\/06\/cropped-LOGO-DICODUSPORT-2020-SANS-FOND-SANS-TEXTE.png\",\"width\":512,\"height\":512,\"caption\":\"Dicodusport\"},\"image\":{\"@id\":\"https:\/\/dicodusport.fr\/blog\/#\/schema\/logo\/image\/\"},\"sameAs\":[\"https:\/\/www.facebook.com\/dicodusport\",\"https:\/\/x.com\/dicodusport\",\"https:\/\/www.instagram.com\/dicodusport\/\",\"https:\/\/www.youtube.com\/channel\/UC7V2KZ5sd3htJivAbA4ZG3w\"],\"description\":\"Dicodusport est l'encyclop\u00e9die de l'actualit\u00e9 sportive.\",\"email\":\"bonjour@dicodusport.fr\",\"legalName\":\"DICODUSPORT\",\"foundingDate\":\"2018-01-14\",\"vatID\":\"FR71834470973\",\"taxID\":\"83447097300043\",\"numberOfEmployees\":{\"@type\":\"QuantitativeValue\",\"minValue\":\"1\",\"maxValue\":\"10\"}},{\"@type\":\"Person\",\"@id\":\"https:\/\/dicodusport.fr\/blog\/#\/schema\/person\/d603dd7da31fb2b46c82b9835a77ec13\",\"name\":\"Etienne Goursaud\",\"image\":{\"@type\":\"ImageObject\",\"inLanguage\":\"fr-FR\",\"@id\":\"https:\/\/dicodusport.fr\/blog\/#\/schema\/person\/image\/\",\"url\":\"https:\/\/dicodusport.fr\/blog\/wp-content\/uploads\/2023\/12\/410122264_10231602061736049_5565839791558026645_n-150x150.jpg\",\"contentUrl\":\"https:\/\/dicodusport.fr\/blog\/wp-content\/uploads\/2023\/12\/410122264_10231602061736049_5565839791558026645_n-150x150.jpg\",\"caption\":\"Etienne Goursaud\"},\"description\":\"Journaliste et amoureux de sport. Ancien footballeur reconverti athl\u00e8te quand ses muscles le laissent tranquille. \u00c9lev\u00e9 \u00e0 la sauce des exploits de Thomas Voeckler en 2004, du dernier essai de l\u00e9gende de Eunice Barber \u00e0 la longueur lors des championnats du monde d'athl\u00e9tisme de 2003 mais aussi Zidane, Omeyer et Titou Lamaison.\",\"url\":\"https:\/\/dicodusport.fr\/blog\/author\/etienne-goursaud\/\"}]}<\/script>\n<!-- \/ Yoast SEO Premium plugin. -->","yoast_head_json":{"title":"Foot : Le carnet de notes des clubs fran\u00e7ais en Coupes d'Europe \u00e0 mi-parcours","description":"FOOTBALL - On fait le bilan des clubs fran\u00e7ais engag\u00e9s en Coupe d'Europe, \u00e0 la mi-parcours des diff\u00e9rentes comp\u00e9titions.","robots":{"index":"index","follow":"follow","max-snippet":"max-snippet:-1","max-image-preview":"max-image-preview:large","max-video-preview":"max-video-preview:-1"},"canonical":"https:\/\/dicodusport.fr\/blog\/foot-le-carnet-de-notes-des-clubs-francais-en-coupes-deurope-a-mi-parcours\/","og_locale":"fr_FR","og_type":"article","og_title":"Foot : Le carnet de notes des clubs fran\u00e7ais en Coupes d'Europe \u00e0 mi-parcours","og_description":"FOOTBALL - On fait le bilan des clubs fran\u00e7ais engag\u00e9s en Coupe d'Europe, \u00e0 la mi-parcours des diff\u00e9rentes comp\u00e9titions.","og_url":"https:\/\/dicodusport.fr\/blog\/foot-le-carnet-de-notes-des-clubs-francais-en-coupes-deurope-a-mi-parcours\/","og_site_name":"Dicodusport","article_publisher":"https:\/\/www.facebook.com\/dicodusport","article_published_time":"2023-10-27T15:25:14+00:00","article_modified_time":"2023-10-27T17:42:11+00:00","og_image":[{"width":800,"height":445,"url":"https:\/\/dicodusport.fr\/blog\/wp-content\/uploads\/2023\/10\/Foot-Le-carnet-de-notes-des-clubs-francais-en-Coupes-dEurope-a-mi-parcours.png","type":"image\/png"}],"author":"Etienne Goursaud","twitter_card":"summary_large_image","twitter_title":"Foot : Le carnet de notes des clubs fran\u00e7ais en Coupes d'Europe \u00e0 mi-parcours","twitter_creator":"@dicodusport","twitter_site":"@dicodusport","schema":{"@context":"https:\/\/schema.org","@graph":[{"@type":"NewsArticle","@id":"https:\/\/dicodusport.fr\/blog\/foot-le-carnet-de-notes-des-clubs-francais-en-coupes-deurope-a-mi-parcours\/#article","isPartOf":{"@id":"https:\/\/dicodusport.fr\/blog\/foot-le-carnet-de-notes-des-clubs-francais-en-coupes-deurope-a-mi-parcours\/"},"author":{"name":"Etienne Goursaud","@id":"https:\/\/dicodusport.fr\/blog\/#\/schema\/person\/d603dd7da31fb2b46c82b9835a77ec13"},"headline":"Foot : Le carnet de notes des clubs fran\u00e7ais en Coupes d&rsquo;Europe \u00e0 mi-parcours","datePublished":"2023-10-27T15:25:14+00:00","dateModified":"2023-10-27T17:42:11+00:00","mainEntityOfPage":{"@id":"https:\/\/dicodusport.fr\/blog\/foot-le-carnet-de-notes-des-clubs-francais-en-coupes-deurope-a-mi-parcours\/"},"wordCount":1398,"commentCount":0,"publisher":{"@id":"https:\/\/dicodusport.fr\/blog\/#organization"},"image":{"@id":"https:\/\/dicodusport.fr\/blog\/foot-le-carnet-de-notes-des-clubs-francais-en-coupes-deurope-a-mi-parcours\/#primaryimage"},"thumbnailUrl":"https:\/\/dicodusport.fr\/blog\/wp-content\/uploads\/2023\/10\/Foot-Le-carnet-de-notes-des-clubs-francais-en-Coupes-dEurope-a-mi-parcours.png","keywords":["br\u00e8ve","foot","Football","LOSC","OM","PSG","RC Lens","Stade rennais","Toulouse FC"],"articleSection":["Football"],"inLanguage":"fr-FR","potentialAction":[{"@type":"CommentAction","name":"Comment","target":["https:\/\/dicodusport.fr\/blog\/foot-le-carnet-de-notes-des-clubs-francais-en-coupes-deurope-a-mi-parcours\/#respond"]}],"copyrightYear":"2023","copyrightHolder":{"@id":"https:\/\/dicodusport.fr\/blog\/#organization"}},{"@type":"WebPage","@id":"https:\/\/dicodusport.fr\/blog\/foot-le-carnet-de-notes-des-clubs-francais-en-coupes-deurope-a-mi-parcours\/","url":"https:\/\/dicodusport.fr\/blog\/foot-le-carnet-de-notes-des-clubs-francais-en-coupes-deurope-a-mi-parcours\/","name":"Foot : Le carnet de notes des clubs fran\u00e7ais en Coupes d'Europe \u00e0 mi-parcours","isPartOf":{"@id":"https:\/\/dicodusport.fr\/blog\/#website"},"primaryImageOfPage":{"@id":"https:\/\/dicodusport.fr\/blog\/foot-le-carnet-de-notes-des-clubs-francais-en-coupes-deurope-a-mi-parcours\/#primaryimage"},"image":{"@id":"https:\/\/dicodusport.fr\/blog\/foot-le-carnet-de-notes-des-clubs-francais-en-coupes-deurope-a-mi-parcours\/#primaryimage"},"thumbnailUrl":"https:\/\/dicodusport.fr\/blog\/wp-content\/uploads\/2023\/10\/Foot-Le-carnet-de-notes-des-clubs-francais-en-Coupes-dEurope-a-mi-parcours.png","datePublished":"2023-10-27T15:25:14+00:00","dateModified":"2023-10-27T17:42:11+00:00","description":"FOOTBALL - On fait le bilan des clubs fran\u00e7ais engag\u00e9s en Coupe d'Europe, \u00e0 la mi-parcours des diff\u00e9rentes comp\u00e9titions.","breadcrumb":{"@id":"https:\/\/dicodusport.fr\/blog\/foot-le-carnet-de-notes-des-clubs-francais-en-coupes-deurope-a-mi-parcours\/#breadcrumb"},"inLanguage":"fr-FR","potentialAction":[{"@type":"ReadAction","target":["https:\/\/dicodusport.fr\/blog\/foot-le-carnet-de-notes-des-clubs-francais-en-coupes-deurope-a-mi-parcours\/"]}]},{"@type":"ImageObject","inLanguage":"fr-FR","@id":"https:\/\/dicodusport.fr\/blog\/foot-le-carnet-de-notes-des-clubs-francais-en-coupes-deurope-a-mi-parcours\/#primaryimage","url":"https:\/\/dicodusport.fr\/blog\/wp-content\/uploads\/2023\/10\/Foot-Le-carnet-de-notes-des-clubs-francais-en-Coupes-dEurope-a-mi-parcours.png","contentUrl":"https:\/\/dicodusport.fr\/blog\/wp-content\/uploads\/2023\/10\/Foot-Le-carnet-de-notes-des-clubs-francais-en-Coupes-dEurope-a-mi-parcours.png","width":800,"height":445,"caption":"Foot Le carnet de notes des clubs fran\u00e7ais en Coupes d'Europe \u00e0 mi-parcours"},{"@type":"BreadcrumbList","@id":"https:\/\/dicodusport.fr\/blog\/foot-le-carnet-de-notes-des-clubs-francais-en-coupes-deurope-a-mi-parcours\/#breadcrumb","itemListElement":[{"@type":"ListItem","position":1,"name":"Accueil","item":"https:\/\/dicodusport.fr\/blog\/"},{"@type":"ListItem","position":2,"name":"Foot : Le carnet de notes des clubs fran\u00e7ais en Coupes d&rsquo;Europe \u00e0 mi-parcours"}]},{"@type":"WebSite","@id":"https:\/\/dicodusport.fr\/blog\/#website","url":"https:\/\/dicodusport.fr\/blog\/","name":"Dicodusport","description":"L&#039;encyclop\u00e9die de l&#039;actualit\u00e9 sportive","publisher":{"@id":"https:\/\/dicodusport.fr\/blog\/#organization"},"potentialAction":[{"@type":"SearchAction","target":{"@type":"EntryPoint","urlTemplate":"https:\/\/dicodusport.fr\/blog\/?s={search_term_string}"},"query-input":{"@type":"PropertyValueSpecification","valueRequired":true,"valueName":"search_term_string"}}],"inLanguage":"fr-FR"},{"@type":"NewsMediaOrganization","@id":"https:\/\/dicodusport.fr\/blog\/#organization","name":"Dicodusport","url":"https:\/\/dicodusport.fr\/blog\/","logo":{"@type":"ImageObject","inLanguage":"fr-FR","@id":"https:\/\/dicodusport.fr\/blog\/#\/schema\/logo\/image\/","url":"https:\/\/dicodusport.fr\/blog\/wp-content\/uploads\/2020\/06\/cropped-LOGO-DICODUSPORT-2020-SANS-FOND-SANS-TEXTE.png","contentUrl":"https:\/\/dicodusport.fr\/blog\/wp-content\/uploads\/2020\/06\/cropped-LOGO-DICODUSPORT-2020-SANS-FOND-SANS-TEXTE.png","width":512,"height":512,"caption":"Dicodusport"},"image":{"@id":"https:\/\/dicodusport.fr\/blog\/#\/schema\/logo\/image\/"},"sameAs":["https:\/\/www.facebook.com\/dicodusport","https:\/\/x.com\/dicodusport","https:\/\/www.instagram.com\/dicodusport\/","https:\/\/www.youtube.com\/channel\/UC7V2KZ5sd3htJivAbA4ZG3w"],"description":"Dicodusport est l'encyclop\u00e9die de l'actualit\u00e9 sportive.","email":"bonjour@dicodusport.fr","legalName":"DICODUSPORT","foundingDate":"2018-01-14","vatID":"FR71834470973","taxID":"83447097300043","numberOfEmployees":{"@type":"QuantitativeValue","minValue":"1","maxValue":"10"}},{"@type":"Person","@id":"https:\/\/dicodusport.fr\/blog\/#\/schema\/person\/d603dd7da31fb2b46c82b9835a77ec13","name":"Etienne Goursaud","image":{"@type":"ImageObject","inLanguage":"fr-FR","@id":"https:\/\/dicodusport.fr\/blog\/#\/schema\/person\/image\/","url":"https:\/\/dicodusport.fr\/blog\/wp-content\/uploads\/2023\/12\/410122264_10231602061736049_5565839791558026645_n-150x150.jpg","contentUrl":"https:\/\/dicodusport.fr\/blog\/wp-content\/uploads\/2023\/12\/410122264_10231602061736049_5565839791558026645_n-150x150.jpg","caption":"Etienne Goursaud"},"description":"Journaliste et amoureux de sport. Ancien footballeur reconverti athl\u00e8te quand ses muscles le laissent tranquille. \u00c9lev\u00e9 \u00e0 la sauce des exploits de Thomas Voeckler en 2004, du dernier essai de l\u00e9gende de Eunice Barber \u00e0 la longueur lors des championnats du monde d'athl\u00e9tisme de 2003 mais aussi Zidane, Omeyer et Titou Lamaison.","url":"https:\/\/dicodusport.fr\/blog\/author\/etienne-goursaud\/"}]}},"_links":{"self":[{"href":"https:\/\/dicodusport.fr\/blog\/wp-json\/wp\/v2\/posts\/432690","targetHints":{"allow":["GET"]}}],"collection":[{"href":"https:\/\/dicodusport.fr\/blog\/wp-json\/wp\/v2\/posts"}],"about":[{"href":"https:\/\/dicodusport.fr\/blog\/wp-json\/wp\/v2\/types\/post"}],"author":[{"embeddable":true,"href":"https:\/\/dicodusport.fr\/blog\/wp-json\/wp\/v2\/users\/83"}],"replies":[{"embeddable":true,"href":"https:\/\/dicodusport.fr\/blog\/wp-json\/wp\/v2\/comments?post=432690"}],"version-history":[{"count":0,"href":"https:\/\/dicodusport.fr\/blog\/wp-json\/wp\/v2\/posts\/432690\/revisions"}],"wp:featuredmedia":[{"embeddable":true,"href":"https:\/\/dicodusport.fr\/blog\/wp-json\/wp\/v2\/media\/432732"}],"wp:attachment":[{"href":"https:\/\/dicodusport.fr\/blog\/wp-json\/wp\/v2\/media?parent=432690"}],"wp:term":[{"taxonomy":"category","embeddable":true,"href":"https:\/\/dicodusport.fr\/blog\/wp-json\/wp\/v2\/categories?post=432690"},{"taxonomy":"post_tag","embeddable":true,"href":"https:\/\/dicodusport.fr\/blog\/wp-json\/wp\/v2\/tags?post=432690"}],"curies":[{"name":"wp","href":"https:\/\/api.w.org\/{rel}","templated":true}]}}