{"id":432920,"date":"2023-10-28T07:43:34","date_gmt":"2023-10-28T05:43:34","guid":{"rendered":"https:\/\/dicodusport.fr\/blog\/?p=432920&#038;preview=true&#038;preview_id=432920"},"modified":"2023-10-28T07:43:34","modified_gmt":"2023-10-28T05:43:34","slug":"motogp-thailande-2023-jorge-martin-remet-les-gaz-et-sera-en-pole","status":"publish","type":"post","link":"https:\/\/dicodusport.fr\/blog\/motogp-thailande-2023-jorge-martin-remet-les-gaz-et-sera-en-pole\/","title":{"rendered":"MotoGP Tha\u00eflande 2023 : Jorge Martin remet les gaz et sera en pole"},"content":{"rendered":"<p style=\"text-align: justify;\"><strong><em><a href=\"https:\/\/dicodusport.fr\/blog\/motogp-gp-de-thailande-programme-chaine-tv-et-resultats\/\">MOTOGP &#8211; GRAND PRIX DE THA\u00cfLANDE 2023<\/a> &#8211; Apr\u00e8s ses r\u00e9cents d\u00e9boires, Jorge Martin n&rsquo;a pas abdiqu\u00e9 et s&rsquo;\u00e9lancera en pole des deux courses du weekend. Les Bleus, eux, n&rsquo;ont pas trouv\u00e9 la cl\u00e9.<\/em><\/strong><\/p>\n<p style=\"text-align: justify;\">Pour la Q1, il y avait du beau monde, mais un homme en forme. <strong>Fabio Di Giannantonio\u00a0<\/strong>(Gresini Racing MotoGP), auteur de son premier podium le weekend dernier, a longtemps cru arracher la qualification, mais Marc Marquez (Repsol Honda) \u00e9tait devant, et en toute fin de s\u00e9ance, le co\u00e9quipier de l&rsquo;Italien, Alex Marquez, a rafl\u00e9 la mise en remportant la Q1. Les fr\u00e8res Marquez \u00e9taient donc qualifi\u00e9s en Q2, laissant <strong>Di Giannantonio<\/strong> mais aussi <strong>Jack Miller<\/strong> (RedBull KTM Factory Racing) sur le carreau.<\/p>\n<blockquote class=\"twitter-tweet\">\n<p dir=\"ltr\" lang=\"en\">\ud83d\udd25 <a href=\"https:\/\/twitter.com\/alexmarquez73?ref_src=twsrc%5Etfw\">@alexmarquez73<\/a> comes up clutch!<\/p>\n<p>It comes at the expense of his teammate though! \u2694\ufe0f<a href=\"https:\/\/twitter.com\/hashtag\/ThaiGP?src=hash&amp;ref_src=twsrc%5Etfw\">#ThaiGP<\/a> \ud83c\uddf9\ud83c\udded <a href=\"https:\/\/t.co\/iDuXJT4Dcm\">pic.twitter.com\/iDuXJT4Dcm<\/a><\/p>\n<p>\u2014 MotoGP\u2122\ud83c\udfc1 (@MotoGP) <a href=\"https:\/\/twitter.com\/MotoGP\/status\/1718117352565305636?ref_src=twsrc%5Etfw\">October 28, 2023<\/a><\/p><\/blockquote>\n<p style=\"text-align: justify;\"><script async src=\"https:\/\/platform.twitter.com\/widgets.js\" charset=\"utf-8\"><\/script><\/p>\n<p style=\"text-align: justify;\">Place \u00e0 la Q2, l&rsquo;occasion pour les deux Fran\u00e7ais de briller, ce qui ne sera malheureusement pas le cas. <strong>Fabio Quartararo<\/strong> (Monster Energy Yamaha MotoGP) et <strong>Johann Zarco<\/strong> (Prima Pramac Racing) vont terminer 10e et 11e, jamais vraiment dans la bataille pour une grosse perf&rsquo;. D\u00e8s le premier essai, <strong>Jorge Martin<\/strong> (Prima Pramac Racing) va signer le chrono de r\u00e9f\u00e9rence et ne sera jamais repris. Il devance <strong>Luca Marini<\/strong> (Mooney VR46 Racing Team) et <strong>Aleix Espargaro<\/strong> (Aprilia Racing) alors que <strong>Francesco Bagnaia<\/strong> (Ducati Lenovo Team) n&rsquo;est que 6e. Voil\u00e0 qui promet une belle bataille ce weekend alors que 27 points manquent \u00e0 <strong>Martin<\/strong> au classement des pilotes.<\/p>\n<blockquote class=\"twitter-tweet\">\n<p dir=\"ltr\" lang=\"en\">POLE for <a href=\"https:\/\/twitter.com\/88jorgemartin?ref_src=twsrc%5Etfw\">@88jorgemartin<\/a>! \ud83d\udd25<\/p>\n<p>The Martinator is unmatched on one lap pace at the moment! \ud83d\udc4f<a href=\"https:\/\/twitter.com\/hashtag\/ThaiGP?src=hash&amp;ref_src=twsrc%5Etfw\">#ThaiGP<\/a> \ud83c\uddf9\ud83c\udded <a href=\"https:\/\/t.co\/wyk89ddnzn\">pic.twitter.com\/wyk89ddnzn<\/a><\/p>\n<p>\u2014 MotoGP\u2122\ud83c\udfc1 (@MotoGP) <a href=\"https:\/\/twitter.com\/MotoGP\/status\/1718123711675383930?ref_src=twsrc%5Etfw\">October 28, 2023<\/a><\/p><\/blockquote>\n<p style=\"text-align: justify;\"><script async src=\"https:\/\/platform.twitter.com\/widgets.js\" charset=\"utf-8\"><\/script><\/p>\n<h2 style=\"text-align: justify;\">\u00c0 lire aussi<\/h2>\n<ul style=\"text-align: justify;\">\n<li><a href=\"https:\/\/dicodusport.fr\/blog\/motogp-grille-de-depart-grand-prix-de-thailande-2023\/\"><strong>MotoGP 2023 : La grille de d\u00e9part en Tha\u00eflande<\/strong><\/a><\/li>\n<li style=\"text-align: justify;\"><a href=\"https:\/\/dicodusport.fr\/blog\/motogp-2023-calendrier-et-resultats\/\"><strong>MotoGP 2023 : Calendrier et r\u00e9sultats<\/strong><\/a><\/li>\n<li style=\"text-align: justify;\"><a href=\"https:\/\/dicodusport.fr\/blog\/motogp-2023-classement-du-championnat-du-monde-des-pilotes\/\"><strong>MotoGP 2023 : Classement du championnat du monde des pilotes<\/strong><\/a><\/li>\n<\/ul>\n<div class=\"vlp-link-container vlp-layout-article\"><a href=\"https:\/\/dicodusport.fr\/blog\/salaires-motogp-2023-qui-sont-les-pilotes-les-mieux-payes\/\" class=\"vlp-link\" title=\"Salaires MotoGP 2023 : Qui sont les pilotes les mieux pay\u00e9s ?\"><\/a><div class=\"vlp-layout-zone-side\"><div class=\"vlp-block-4 vlp-link-image\"><img loading=\"lazy\" decoding=\"async\" style=\"max-width: 800px;\" width=\"800\" height=\"445\" src=\"https:\/\/dicodusport.fr\/blog\/wp-content\/uploads\/2023\/03\/Salaires-MotoGP-2023-Qui-sont-les-pilotes-les-mieux-payes-.png\" class=\"attachment-800x445 size-800x445\" alt=\"Salaires MotoGP 2023 Qui sont les pilotes les mieux pay\u00e9s\" srcset=\"https:\/\/dicodusport.fr\/blog\/wp-content\/uploads\/2023\/03\/Salaires-MotoGP-2023-Qui-sont-les-pilotes-les-mieux-payes-.png 800w, https:\/\/dicodusport.fr\/blog\/wp-content\/uploads\/2023\/03\/Salaires-MotoGP-2023-Qui-sont-les-pilotes-les-mieux-payes--300x167.png 300w, https:\/\/dicodusport.fr\/blog\/wp-content\/uploads\/2023\/03\/Salaires-MotoGP-2023-Qui-sont-les-pilotes-les-mieux-payes--768x427.png 768w\" sizes=\"auto, (max-width: 800px) 100vw, 800px\" \/><\/div><\/div><div class=\"vlp-layout-zone-main\"><div class=\"vlp-block-0 vlp-link-title\">Salaires MotoGP 2023 : Qui sont les pilotes les mieux pay\u00e9s ?<\/div><div class=\"vlp-block-1 vlp-link-summary\">SALAIRES MOTOGP 2023 - Sports Data ID, sur les informations, entre autres, de la Gazzetta dello Sport, a d\u00e9voil\u00e9 les salaires des 22 pilotes MotoGP pour la saison 2023.<\/div><div class=\"vlp-block-2 vlp-link-button\">Lire l'article<\/div><div class=\"vlp-block-3 vlp-link-url\">dicodusport.fr<\/div><\/div><\/div>\n","protected":false},"excerpt":{"rendered":"<p>MOTOGP &#8211; GRAND PRIX DE THA\u00cfLANDE 2023 &#8211; Apr\u00e8s ses r\u00e9cents d\u00e9boires, Jorge Martin n&rsquo;a pas abdiqu\u00e9 et s&rsquo;\u00e9lancera en pole des deux courses du weekend. Les Bleus, eux, n&rsquo;ont pas trouv\u00e9 la cl\u00e9.<\/p>\n","protected":false},"author":59,"featured_media":432921,"comment_status":"open","ping_status":"closed","sticky":false,"template":"","format":"standard","meta":{"_acf_changed":false,"_daextam_enable_autolinks":"1","footnotes":""},"categories":[47087],"tags":[16878,26930,10938,27004],"class_list":["post-432920","post","type-post","status-publish","format-standard","has-post-thumbnail","hentry","category-motogp","tag-breve","tag-grand-prix-de-thailande-motogp","tag-motogp","tag-motogp-thailande"],"acf":[],"yoast_head":"<!-- This site is optimized with the Yoast SEO Premium plugin v26.7 (Yoast SEO v26.7) - https:\/\/yoast.com\/wordpress\/plugins\/seo\/ -->\n<title>MotoGP Tha\u00eflande 2023 : Jorge Martin remet les gaz et sera en pole - Dicodusport<\/title>\n<meta name=\"description\" content=\"MOTOGP - GRAND PRIX DE THA\u00cfLANDE 2023 - Jorge Martin n&#039;a pas abdiqu\u00e9 et s&#039;\u00e9lancera en pole des deux courses du weekend.\" \/>\n<meta name=\"robots\" content=\"index, follow, max-snippet:-1, max-image-preview:large, max-video-preview:-1\" \/>\n<link rel=\"canonical\" href=\"https:\/\/dicodusport.fr\/blog\/motogp-thailande-2023-jorge-martin-remet-les-gaz-et-sera-en-pole\/\" \/>\n<meta property=\"og:locale\" content=\"fr_FR\" \/>\n<meta property=\"og:type\" content=\"article\" \/>\n<meta property=\"og:title\" content=\"MotoGP Tha\u00eflande 2023 : Jorge Martin remet les gaz et sera en pole\" \/>\n<meta property=\"og:description\" content=\"MOTOGP - GRAND PRIX DE THA\u00cfLANDE 2023 - Jorge Martin n&#039;a pas abdiqu\u00e9 et s&#039;\u00e9lancera en pole des deux courses du weekend.\" \/>\n<meta property=\"og:url\" content=\"https:\/\/dicodusport.fr\/blog\/motogp-thailande-2023-jorge-martin-remet-les-gaz-et-sera-en-pole\/\" \/>\n<meta property=\"og:site_name\" content=\"Dicodusport\" \/>\n<meta property=\"article:publisher\" content=\"https:\/\/www.facebook.com\/dicodusport\" \/>\n<meta property=\"article:author\" content=\"https:\/\/www.facebook.com\/sebastien.gente\/\" \/>\n<meta property=\"article:published_time\" content=\"2023-10-28T05:43:34+00:00\" \/>\n<meta property=\"og:image\" content=\"https:\/\/dicodusport.fr\/blog\/wp-content\/uploads\/2023\/10\/MotoGP-Thailande-2023-Jorge-Martin-remet-les-gaz-et-sera-en-pole.png\" \/>\n\t<meta property=\"og:image:width\" content=\"800\" \/>\n\t<meta property=\"og:image:height\" content=\"445\" \/>\n\t<meta property=\"og:image:type\" content=\"image\/png\" \/>\n<meta name=\"author\" content=\"S\u00e9bastien Gente\" \/>\n<meta name=\"twitter:card\" content=\"summary_large_image\" \/>\n<meta name=\"twitter:title\" content=\"MotoGP Tha\u00eflande 2023 : Jorge Martin remet les gaz et sera en pole\" \/>\n<meta name=\"twitter:creator\" content=\"@https:\/\/twitter.com\/globulo24\" \/>\n<meta name=\"twitter:site\" content=\"@dicodusport\" \/>\n<script type=\"application\/ld+json\" class=\"yoast-schema-graph\">{\"@context\":\"https:\/\/schema.org\",\"@graph\":[{\"@type\":\"NewsArticle\",\"@id\":\"https:\/\/dicodusport.fr\/blog\/motogp-thailande-2023-jorge-martin-remet-les-gaz-et-sera-en-pole\/#article\",\"isPartOf\":{\"@id\":\"https:\/\/dicodusport.fr\/blog\/motogp-thailande-2023-jorge-martin-remet-les-gaz-et-sera-en-pole\/\"},\"author\":{\"name\":\"S\u00e9bastien Gente\",\"@id\":\"https:\/\/dicodusport.fr\/blog\/#\/schema\/person\/627966a6cde45dbd8c5e36ac85d783da\"},\"headline\":\"MotoGP Tha\u00eflande 2023 : Jorge Martin remet les gaz et sera en pole\",\"datePublished\":\"2023-10-28T05:43:34+00:00\",\"mainEntityOfPage\":{\"@id\":\"https:\/\/dicodusport.fr\/blog\/motogp-thailande-2023-jorge-martin-remet-les-gaz-et-sera-en-pole\/\"},\"wordCount\":398,\"commentCount\":0,\"publisher\":{\"@id\":\"https:\/\/dicodusport.fr\/blog\/#organization\"},\"image\":{\"@id\":\"https:\/\/dicodusport.fr\/blog\/motogp-thailande-2023-jorge-martin-remet-les-gaz-et-sera-en-pole\/#primaryimage\"},\"thumbnailUrl\":\"https:\/\/dicodusport.fr\/blog\/wp-content\/uploads\/2023\/10\/MotoGP-Thailande-2023-Jorge-Martin-remet-les-gaz-et-sera-en-pole.png\",\"keywords\":[\"br\u00e8ve\",\"Grand Prix de Tha\u00eflande MotoGP\",\"MotoGP\",\"MotoGP Tha\u00eflande\"],\"articleSection\":[\"MotoGP\"],\"inLanguage\":\"fr-FR\",\"potentialAction\":[{\"@type\":\"CommentAction\",\"name\":\"Comment\",\"target\":[\"https:\/\/dicodusport.fr\/blog\/motogp-thailande-2023-jorge-martin-remet-les-gaz-et-sera-en-pole\/#respond\"]}],\"copyrightYear\":\"2023\",\"copyrightHolder\":{\"@id\":\"https:\/\/dicodusport.fr\/blog\/#organization\"}},{\"@type\":\"WebPage\",\"@id\":\"https:\/\/dicodusport.fr\/blog\/motogp-thailande-2023-jorge-martin-remet-les-gaz-et-sera-en-pole\/\",\"url\":\"https:\/\/dicodusport.fr\/blog\/motogp-thailande-2023-jorge-martin-remet-les-gaz-et-sera-en-pole\/\",\"name\":\"MotoGP Tha\u00eflande 2023 : Jorge Martin remet les gaz et sera en pole - Dicodusport\",\"isPartOf\":{\"@id\":\"https:\/\/dicodusport.fr\/blog\/#website\"},\"primaryImageOfPage\":{\"@id\":\"https:\/\/dicodusport.fr\/blog\/motogp-thailande-2023-jorge-martin-remet-les-gaz-et-sera-en-pole\/#primaryimage\"},\"image\":{\"@id\":\"https:\/\/dicodusport.fr\/blog\/motogp-thailande-2023-jorge-martin-remet-les-gaz-et-sera-en-pole\/#primaryimage\"},\"thumbnailUrl\":\"https:\/\/dicodusport.fr\/blog\/wp-content\/uploads\/2023\/10\/MotoGP-Thailande-2023-Jorge-Martin-remet-les-gaz-et-sera-en-pole.png\",\"datePublished\":\"2023-10-28T05:43:34+00:00\",\"description\":\"MOTOGP - GRAND PRIX DE THA\u00cfLANDE 2023 - Jorge Martin n'a pas abdiqu\u00e9 et s'\u00e9lancera en pole des deux courses du weekend.\",\"breadcrumb\":{\"@id\":\"https:\/\/dicodusport.fr\/blog\/motogp-thailande-2023-jorge-martin-remet-les-gaz-et-sera-en-pole\/#breadcrumb\"},\"inLanguage\":\"fr-FR\",\"potentialAction\":[{\"@type\":\"ReadAction\",\"target\":[\"https:\/\/dicodusport.fr\/blog\/motogp-thailande-2023-jorge-martin-remet-les-gaz-et-sera-en-pole\/\"]}]},{\"@type\":\"ImageObject\",\"inLanguage\":\"fr-FR\",\"@id\":\"https:\/\/dicodusport.fr\/blog\/motogp-thailande-2023-jorge-martin-remet-les-gaz-et-sera-en-pole\/#primaryimage\",\"url\":\"https:\/\/dicodusport.fr\/blog\/wp-content\/uploads\/2023\/10\/MotoGP-Thailande-2023-Jorge-Martin-remet-les-gaz-et-sera-en-pole.png\",\"contentUrl\":\"https:\/\/dicodusport.fr\/blog\/wp-content\/uploads\/2023\/10\/MotoGP-Thailande-2023-Jorge-Martin-remet-les-gaz-et-sera-en-pole.png\",\"width\":800,\"height\":445,\"caption\":\"MotoGP Tha\u00eflande 2023 Jorge Martin remet les gaz et sera en pole\"},{\"@type\":\"BreadcrumbList\",\"@id\":\"https:\/\/dicodusport.fr\/blog\/motogp-thailande-2023-jorge-martin-remet-les-gaz-et-sera-en-pole\/#breadcrumb\",\"itemListElement\":[{\"@type\":\"ListItem\",\"position\":1,\"name\":\"Accueil\",\"item\":\"https:\/\/dicodusport.fr\/blog\/\"},{\"@type\":\"ListItem\",\"position\":2,\"name\":\"MotoGP Tha\u00eflande 2023 : Jorge Martin remet les gaz et sera en pole\"}]},{\"@type\":\"WebSite\",\"@id\":\"https:\/\/dicodusport.fr\/blog\/#website\",\"url\":\"https:\/\/dicodusport.fr\/blog\/\",\"name\":\"Dicodusport\",\"description\":\"L&#039;encyclop\u00e9die de l&#039;actualit\u00e9 sportive\",\"publisher\":{\"@id\":\"https:\/\/dicodusport.fr\/blog\/#organization\"},\"potentialAction\":[{\"@type\":\"SearchAction\",\"target\":{\"@type\":\"EntryPoint\",\"urlTemplate\":\"https:\/\/dicodusport.fr\/blog\/?s={search_term_string}\"},\"query-input\":{\"@type\":\"PropertyValueSpecification\",\"valueRequired\":true,\"valueName\":\"search_term_string\"}}],\"inLanguage\":\"fr-FR\"},{\"@type\":\"NewsMediaOrganization\",\"@id\":\"https:\/\/dicodusport.fr\/blog\/#organization\",\"name\":\"Dicodusport\",\"url\":\"https:\/\/dicodusport.fr\/blog\/\",\"logo\":{\"@type\":\"ImageObject\",\"inLanguage\":\"fr-FR\",\"@id\":\"https:\/\/dicodusport.fr\/blog\/#\/schema\/logo\/image\/\",\"url\":\"https:\/\/dicodusport.fr\/blog\/wp-content\/uploads\/2020\/06\/cropped-LOGO-DICODUSPORT-2020-SANS-FOND-SANS-TEXTE.png\",\"contentUrl\":\"https:\/\/dicodusport.fr\/blog\/wp-content\/uploads\/2020\/06\/cropped-LOGO-DICODUSPORT-2020-SANS-FOND-SANS-TEXTE.png\",\"width\":512,\"height\":512,\"caption\":\"Dicodusport\"},\"image\":{\"@id\":\"https:\/\/dicodusport.fr\/blog\/#\/schema\/logo\/image\/\"},\"sameAs\":[\"https:\/\/www.facebook.com\/dicodusport\",\"https:\/\/x.com\/dicodusport\",\"https:\/\/www.instagram.com\/dicodusport\/\",\"https:\/\/www.youtube.com\/channel\/UC7V2KZ5sd3htJivAbA4ZG3w\"],\"description\":\"Dicodusport est l'encyclop\u00e9die de l'actualit\u00e9 sportive.\",\"email\":\"bonjour@dicodusport.fr\",\"legalName\":\"DICODUSPORT\",\"foundingDate\":\"2018-01-14\",\"vatID\":\"FR71834470973\",\"taxID\":\"83447097300043\",\"numberOfEmployees\":{\"@type\":\"QuantitativeValue\",\"minValue\":\"1\",\"maxValue\":\"10\"}},{\"@type\":\"Person\",\"@id\":\"https:\/\/dicodusport.fr\/blog\/#\/schema\/person\/627966a6cde45dbd8c5e36ac85d783da\",\"name\":\"S\u00e9bastien Gente\",\"image\":{\"@type\":\"ImageObject\",\"inLanguage\":\"fr-FR\",\"@id\":\"https:\/\/dicodusport.fr\/blog\/#\/schema\/person\/image\/\",\"url\":\"https:\/\/dicodusport.fr\/blog\/wp-content\/uploads\/2021\/09\/1510990_10205810251400683_4124423575079401707_n-150x150.jpg\",\"contentUrl\":\"https:\/\/dicodusport.fr\/blog\/wp-content\/uploads\/2021\/09\/1510990_10205810251400683_4124423575079401707_n-150x150.jpg\",\"caption\":\"S\u00e9bastien Gente\"},\"description\":\"John Stockton, Gianni Bugno, Zinedine Zidane, Steffi Graf, Frode Andresen, St\u00e9phane Stoecklin, Davis Kamoga, Primoz Peterka, Werner Schlager et Aur\u00e9lien Rougerie. Point commun entre ces sportifs? Ils m'ont fait r\u00eaver et ont berc\u00e9 mon adolescence. Je suis un fondu de sports et j'essaie de retranscrire ma passion \u00e0 travers mes articles. Originaire du P\u00e9rigord, ma passion pour les Girondins, les Jaunards et les Jazzmen transpire dans mes \u00e9crits. \u00c0 Dicodusport depuis 2021, je d\u00e9niche les sports m\u00e9connus dans lesquels la France brille, et il y en a !\",\"sameAs\":[\"https:\/\/www.facebook.com\/sebastien.gente\/\",\"https:\/\/www.instagram.com\/sebgente\/\",\"https:\/\/www.linkedin.com\/in\/sbastien-gente-a29583169\/\",\"https:\/\/x.com\/https:\/\/twitter.com\/globulo24\",\"SebastienGente\"],\"worksFor\":\"S\u00e9bastien GENTE\",\"url\":\"https:\/\/dicodusport.fr\/blog\/author\/sebastiengente\/\"}]}<\/script>\n<!-- \/ Yoast SEO Premium plugin. -->","yoast_head_json":{"title":"MotoGP Tha\u00eflande 2023 : Jorge Martin remet les gaz et sera en pole - Dicodusport","description":"MOTOGP - GRAND PRIX DE THA\u00cfLANDE 2023 - Jorge Martin n'a pas abdiqu\u00e9 et s'\u00e9lancera en pole des deux courses du weekend.","robots":{"index":"index","follow":"follow","max-snippet":"max-snippet:-1","max-image-preview":"max-image-preview:large","max-video-preview":"max-video-preview:-1"},"canonical":"https:\/\/dicodusport.fr\/blog\/motogp-thailande-2023-jorge-martin-remet-les-gaz-et-sera-en-pole\/","og_locale":"fr_FR","og_type":"article","og_title":"MotoGP Tha\u00eflande 2023 : Jorge Martin remet les gaz et sera en pole","og_description":"MOTOGP - GRAND PRIX DE THA\u00cfLANDE 2023 - Jorge Martin n'a pas abdiqu\u00e9 et s'\u00e9lancera en pole des deux courses du weekend.","og_url":"https:\/\/dicodusport.fr\/blog\/motogp-thailande-2023-jorge-martin-remet-les-gaz-et-sera-en-pole\/","og_site_name":"Dicodusport","article_publisher":"https:\/\/www.facebook.com\/dicodusport","article_author":"https:\/\/www.facebook.com\/sebastien.gente\/","article_published_time":"2023-10-28T05:43:34+00:00","og_image":[{"width":800,"height":445,"url":"https:\/\/dicodusport.fr\/blog\/wp-content\/uploads\/2023\/10\/MotoGP-Thailande-2023-Jorge-Martin-remet-les-gaz-et-sera-en-pole.png","type":"image\/png"}],"author":"S\u00e9bastien Gente","twitter_card":"summary_large_image","twitter_title":"MotoGP Tha\u00eflande 2023 : Jorge Martin remet les gaz et sera en pole","twitter_creator":"@https:\/\/twitter.com\/globulo24","twitter_site":"@dicodusport","schema":{"@context":"https:\/\/schema.org","@graph":[{"@type":"NewsArticle","@id":"https:\/\/dicodusport.fr\/blog\/motogp-thailande-2023-jorge-martin-remet-les-gaz-et-sera-en-pole\/#article","isPartOf":{"@id":"https:\/\/dicodusport.fr\/blog\/motogp-thailande-2023-jorge-martin-remet-les-gaz-et-sera-en-pole\/"},"author":{"name":"S\u00e9bastien Gente","@id":"https:\/\/dicodusport.fr\/blog\/#\/schema\/person\/627966a6cde45dbd8c5e36ac85d783da"},"headline":"MotoGP Tha\u00eflande 2023 : Jorge Martin remet les gaz et sera en pole","datePublished":"2023-10-28T05:43:34+00:00","mainEntityOfPage":{"@id":"https:\/\/dicodusport.fr\/blog\/motogp-thailande-2023-jorge-martin-remet-les-gaz-et-sera-en-pole\/"},"wordCount":398,"commentCount":0,"publisher":{"@id":"https:\/\/dicodusport.fr\/blog\/#organization"},"image":{"@id":"https:\/\/dicodusport.fr\/blog\/motogp-thailande-2023-jorge-martin-remet-les-gaz-et-sera-en-pole\/#primaryimage"},"thumbnailUrl":"https:\/\/dicodusport.fr\/blog\/wp-content\/uploads\/2023\/10\/MotoGP-Thailande-2023-Jorge-Martin-remet-les-gaz-et-sera-en-pole.png","keywords":["br\u00e8ve","Grand Prix de Tha\u00eflande MotoGP","MotoGP","MotoGP Tha\u00eflande"],"articleSection":["MotoGP"],"inLanguage":"fr-FR","potentialAction":[{"@type":"CommentAction","name":"Comment","target":["https:\/\/dicodusport.fr\/blog\/motogp-thailande-2023-jorge-martin-remet-les-gaz-et-sera-en-pole\/#respond"]}],"copyrightYear":"2023","copyrightHolder":{"@id":"https:\/\/dicodusport.fr\/blog\/#organization"}},{"@type":"WebPage","@id":"https:\/\/dicodusport.fr\/blog\/motogp-thailande-2023-jorge-martin-remet-les-gaz-et-sera-en-pole\/","url":"https:\/\/dicodusport.fr\/blog\/motogp-thailande-2023-jorge-martin-remet-les-gaz-et-sera-en-pole\/","name":"MotoGP Tha\u00eflande 2023 : Jorge Martin remet les gaz et sera en pole - Dicodusport","isPartOf":{"@id":"https:\/\/dicodusport.fr\/blog\/#website"},"primaryImageOfPage":{"@id":"https:\/\/dicodusport.fr\/blog\/motogp-thailande-2023-jorge-martin-remet-les-gaz-et-sera-en-pole\/#primaryimage"},"image":{"@id":"https:\/\/dicodusport.fr\/blog\/motogp-thailande-2023-jorge-martin-remet-les-gaz-et-sera-en-pole\/#primaryimage"},"thumbnailUrl":"https:\/\/dicodusport.fr\/blog\/wp-content\/uploads\/2023\/10\/MotoGP-Thailande-2023-Jorge-Martin-remet-les-gaz-et-sera-en-pole.png","datePublished":"2023-10-28T05:43:34+00:00","description":"MOTOGP - GRAND PRIX DE THA\u00cfLANDE 2023 - Jorge Martin n'a pas abdiqu\u00e9 et s'\u00e9lancera en pole des deux courses du weekend.","breadcrumb":{"@id":"https:\/\/dicodusport.fr\/blog\/motogp-thailande-2023-jorge-martin-remet-les-gaz-et-sera-en-pole\/#breadcrumb"},"inLanguage":"fr-FR","potentialAction":[{"@type":"ReadAction","target":["https:\/\/dicodusport.fr\/blog\/motogp-thailande-2023-jorge-martin-remet-les-gaz-et-sera-en-pole\/"]}]},{"@type":"ImageObject","inLanguage":"fr-FR","@id":"https:\/\/dicodusport.fr\/blog\/motogp-thailande-2023-jorge-martin-remet-les-gaz-et-sera-en-pole\/#primaryimage","url":"https:\/\/dicodusport.fr\/blog\/wp-content\/uploads\/2023\/10\/MotoGP-Thailande-2023-Jorge-Martin-remet-les-gaz-et-sera-en-pole.png","contentUrl":"https:\/\/dicodusport.fr\/blog\/wp-content\/uploads\/2023\/10\/MotoGP-Thailande-2023-Jorge-Martin-remet-les-gaz-et-sera-en-pole.png","width":800,"height":445,"caption":"MotoGP Tha\u00eflande 2023 Jorge Martin remet les gaz et sera en pole"},{"@type":"BreadcrumbList","@id":"https:\/\/dicodusport.fr\/blog\/motogp-thailande-2023-jorge-martin-remet-les-gaz-et-sera-en-pole\/#breadcrumb","itemListElement":[{"@type":"ListItem","position":1,"name":"Accueil","item":"https:\/\/dicodusport.fr\/blog\/"},{"@type":"ListItem","position":2,"name":"MotoGP Tha\u00eflande 2023 : Jorge Martin remet les gaz et sera en pole"}]},{"@type":"WebSite","@id":"https:\/\/dicodusport.fr\/blog\/#website","url":"https:\/\/dicodusport.fr\/blog\/","name":"Dicodusport","description":"L&#039;encyclop\u00e9die de l&#039;actualit\u00e9 sportive","publisher":{"@id":"https:\/\/dicodusport.fr\/blog\/#organization"},"potentialAction":[{"@type":"SearchAction","target":{"@type":"EntryPoint","urlTemplate":"https:\/\/dicodusport.fr\/blog\/?s={search_term_string}"},"query-input":{"@type":"PropertyValueSpecification","valueRequired":true,"valueName":"search_term_string"}}],"inLanguage":"fr-FR"},{"@type":"NewsMediaOrganization","@id":"https:\/\/dicodusport.fr\/blog\/#organization","name":"Dicodusport","url":"https:\/\/dicodusport.fr\/blog\/","logo":{"@type":"ImageObject","inLanguage":"fr-FR","@id":"https:\/\/dicodusport.fr\/blog\/#\/schema\/logo\/image\/","url":"https:\/\/dicodusport.fr\/blog\/wp-content\/uploads\/2020\/06\/cropped-LOGO-DICODUSPORT-2020-SANS-FOND-SANS-TEXTE.png","contentUrl":"https:\/\/dicodusport.fr\/blog\/wp-content\/uploads\/2020\/06\/cropped-LOGO-DICODUSPORT-2020-SANS-FOND-SANS-TEXTE.png","width":512,"height":512,"caption":"Dicodusport"},"image":{"@id":"https:\/\/dicodusport.fr\/blog\/#\/schema\/logo\/image\/"},"sameAs":["https:\/\/www.facebook.com\/dicodusport","https:\/\/x.com\/dicodusport","https:\/\/www.instagram.com\/dicodusport\/","https:\/\/www.youtube.com\/channel\/UC7V2KZ5sd3htJivAbA4ZG3w"],"description":"Dicodusport est l'encyclop\u00e9die de l'actualit\u00e9 sportive.","email":"bonjour@dicodusport.fr","legalName":"DICODUSPORT","foundingDate":"2018-01-14","vatID":"FR71834470973","taxID":"83447097300043","numberOfEmployees":{"@type":"QuantitativeValue","minValue":"1","maxValue":"10"}},{"@type":"Person","@id":"https:\/\/dicodusport.fr\/blog\/#\/schema\/person\/627966a6cde45dbd8c5e36ac85d783da","name":"S\u00e9bastien Gente","image":{"@type":"ImageObject","inLanguage":"fr-FR","@id":"https:\/\/dicodusport.fr\/blog\/#\/schema\/person\/image\/","url":"https:\/\/dicodusport.fr\/blog\/wp-content\/uploads\/2021\/09\/1510990_10205810251400683_4124423575079401707_n-150x150.jpg","contentUrl":"https:\/\/dicodusport.fr\/blog\/wp-content\/uploads\/2021\/09\/1510990_10205810251400683_4124423575079401707_n-150x150.jpg","caption":"S\u00e9bastien Gente"},"description":"John Stockton, Gianni Bugno, Zinedine Zidane, Steffi Graf, Frode Andresen, St\u00e9phane Stoecklin, Davis Kamoga, Primoz Peterka, Werner Schlager et Aur\u00e9lien Rougerie. Point commun entre ces sportifs? Ils m'ont fait r\u00eaver et ont berc\u00e9 mon adolescence. Je suis un fondu de sports et j'essaie de retranscrire ma passion \u00e0 travers mes articles. Originaire du P\u00e9rigord, ma passion pour les Girondins, les Jaunards et les Jazzmen transpire dans mes \u00e9crits. \u00c0 Dicodusport depuis 2021, je d\u00e9niche les sports m\u00e9connus dans lesquels la France brille, et il y en a !","sameAs":["https:\/\/www.facebook.com\/sebastien.gente\/","https:\/\/www.instagram.com\/sebgente\/","https:\/\/www.linkedin.com\/in\/sbastien-gente-a29583169\/","https:\/\/x.com\/https:\/\/twitter.com\/globulo24","SebastienGente"],"worksFor":"S\u00e9bastien GENTE","url":"https:\/\/dicodusport.fr\/blog\/author\/sebastiengente\/"}]}},"_links":{"self":[{"href":"https:\/\/dicodusport.fr\/blog\/wp-json\/wp\/v2\/posts\/432920","targetHints":{"allow":["GET"]}}],"collection":[{"href":"https:\/\/dicodusport.fr\/blog\/wp-json\/wp\/v2\/posts"}],"about":[{"href":"https:\/\/dicodusport.fr\/blog\/wp-json\/wp\/v2\/types\/post"}],"author":[{"embeddable":true,"href":"https:\/\/dicodusport.fr\/blog\/wp-json\/wp\/v2\/users\/59"}],"replies":[{"embeddable":true,"href":"https:\/\/dicodusport.fr\/blog\/wp-json\/wp\/v2\/comments?post=432920"}],"version-history":[{"count":0,"href":"https:\/\/dicodusport.fr\/blog\/wp-json\/wp\/v2\/posts\/432920\/revisions"}],"wp:featuredmedia":[{"embeddable":true,"href":"https:\/\/dicodusport.fr\/blog\/wp-json\/wp\/v2\/media\/432921"}],"wp:attachment":[{"href":"https:\/\/dicodusport.fr\/blog\/wp-json\/wp\/v2\/media?parent=432920"}],"wp:term":[{"taxonomy":"category","embeddable":true,"href":"https:\/\/dicodusport.fr\/blog\/wp-json\/wp\/v2\/categories?post=432920"},{"taxonomy":"post_tag","embeddable":true,"href":"https:\/\/dicodusport.fr\/blog\/wp-json\/wp\/v2\/tags?post=432920"}],"curies":[{"name":"wp","href":"https:\/\/api.w.org\/{rel}","templated":true}]}}