{"id":432944,"date":"2023-10-28T14:01:50","date_gmt":"2023-10-28T12:01:50","guid":{"rendered":"https:\/\/dicodusport.fr\/blog\/?p=432944&#038;preview=true&#038;preview_id=432944"},"modified":"2023-10-28T21:26:11","modified_gmt":"2023-10-28T19:26:11","slug":"geant-solden-femmes-2023-lara-gut-behrami-coiffe-federica-brignone-et-rafle-la-mise","status":"publish","type":"post","link":"https:\/\/dicodusport.fr\/blog\/geant-solden-femmes-2023-lara-gut-behrami-coiffe-federica-brignone-et-rafle-la-mise\/","title":{"rendered":"G\u00e9ant S\u00f6lden femmes 2023 : Lara Gut-Behrami coiffe Federica Brignone et rafle la mise"},"content":{"rendered":"<p style=\"text-align: justify;\"><strong><em><a href=\"https:\/\/dicodusport.fr\/blog\/actualites\/sports-dhiver\/ski\/coupe-du-monde-ski-alpin-2023-2024\/\">COUPE DU MONDE DE SKI ALPIN 2023 &#8211; 2024<\/a> &#8211; Troisi\u00e8me succ\u00e8s \u00e0 S\u00f6lden pour Lara Gut-Behrami, qui a livr\u00e9 une deuxi\u00e8me manche incroyable pour souffler la victoire \u00e0 Federica Brignone pour deux centi\u00e8mes !\u00a0<\/em><\/strong><\/p>\n<p style=\"text-align: justify;\">Enfin ! Le grand cirque blanc reprenait ses droits ce weekend, comme il est de coutume, dans la station autrichienne de S\u00f6lden. Premier rendez-vous, le G\u00e9ant dames, avec bien \u00e9videmment <strong>Mikaela Shiffrin<\/strong> en figure de proue et grande favorite de la course. C\u00f4t\u00e9 fran\u00e7ais, seule<strong> Clara Direz<\/strong> \u00e9tait au d\u00e9part ce matin.<\/p>\n<h2 style=\"text-align: justify;\">Brignone supersonique<\/h2>\n<p style=\"text-align: justify;\">Mais la reine am\u00e9ricaine, sans passer \u00e0 c\u00f4t\u00e9 de son sujet, ne va pas impacter une premi\u00e8re manche survol\u00e9e par <strong>F\u00e9d\u00e9rica Brignone<\/strong>. A\u00e9rienne, pr\u00e9cise et sur un superbe rythme, la double vice-championne du monde de la sp\u00e9cialit\u00e9, partie avec le dossard 6, va coller une demi-seconde \u00e0 sa plus proche poursuivante, la championne olympique <strong>Sara Hector<\/strong>.<\/p>\n<blockquote class=\"twitter-tweet\">\n<p dir=\"ltr\" lang=\"it\">\ud835\ude41\ud835\ude40\ud835\ude3f\ud835\ude40\ud835\ude40\ud835\ude40\ud835\ude40 \u26a1\ud83c\udfbf<br \/>\nChi ben comincia, \u00e8 a met\u00e0 dell\u2019opera: che prima manche super per Federica Brignone nel gigante di Soelden! L&rsquo;azzurra \u00e8 in testa nella prima di Coppa del Mondo! <a href=\"https:\/\/twitter.com\/hashtag\/EurosportSCI?src=hash&amp;ref_src=twsrc%5Etfw\">#EurosportSCI<\/a> <a href=\"https:\/\/t.co\/nuz7w6X0aX\">pic.twitter.com\/nuz7w6X0aX<\/a><\/p>\n<p>\u2014 Eurosport IT (@Eurosport_IT) <a href=\"https:\/\/twitter.com\/Eurosport_IT\/status\/1718186737346691360?ref_src=twsrc%5Etfw\">October 28, 2023<\/a><\/p><\/blockquote>\n<p style=\"text-align: justify;\"><script async src=\"https:\/\/platform.twitter.com\/widgets.js\" charset=\"utf-8\"><\/script><br \/>\nLa Su\u00e9doise devan\u00e7ait <strong>Petra Vlhova, Lara Gut-Behrami<\/strong> et donc <strong>Mikaela Shiffrin<\/strong>, les quatre skieuses se tenant en 25 centi\u00e8mes. Derri\u00e8re, la b\u00e9r\u00e9zina, avec en tout neuf skieuses seulement \u00e0 moins de deux secondes de la t\u00eate. <strong>Clara Direz<\/strong>, elle, va livrer une performance honorable avec un dossard \u00e9lev\u00e9, mais se retrouvera au final \u00e0 la pire place, la 31e. Le sort va pour une fois tourner en sa faveur, puisque la disqualification de <strong>Ragnhild Mowinckel<\/strong> (pour utilisation du fameux fart fluor\u00e9) lui ouvrira l&rsquo;acc\u00e8s \u00e0 la deuxi\u00e8me manche.<\/p>\n<h2 style=\"text-align: justify;\">Direz encourageante, Gut-Behrami incroyable<\/h2>\n<p style=\"text-align: justify;\"><strong>Clara Direz<\/strong> \u00e9tait donc la premi\u00e8re \u00e0 s&rsquo;\u00e9lancer \u00e0 13h00 pour la deuxi\u00e8me manche. Elle a profit\u00e9 d&rsquo;une piste neuve, et livr\u00e9 une deuxi\u00e8me manche tr\u00e8s solide (4e chrono au final) en profitant de la faillite de certaines rivales, pour une encourageante 20e place finale. La grosse remont\u00e9e a \u00e9t\u00e9 sign\u00e9e par l&rsquo;Am\u00e9ricaine <strong>Paula Moltzan<\/strong> pass\u00e9e \u00e0 c\u00f4t\u00e9 sur le premier trac\u00e9 (28e), mais superbe de ma\u00eetrise sur cette seconde manche, ce qui lui a offert la 11e place.<\/p>\n<p style=\"text-align: justify;\">C&rsquo;est <strong>Alice Robinson<\/strong>, laur\u00e9ate ici voil\u00e0 quelques ann\u00e9es, qui a finalement d\u00e9log\u00e9 l&rsquo;Am\u00e9ricaine de la premi\u00e8re place. La N\u00e9o-Z\u00e9landaise, en difficult\u00e9 ces derni\u00e8res saisons, signait un Top 10 prometteur. Puis <strong>Val\u00e9rie Grenier<\/strong>,8e du premier run a sign\u00e9 un chrono canon, mais a \u00e9t\u00e9 imm\u00e9diatement d\u00e9log\u00e9e par <strong>Marta Bassino<\/strong>. L&rsquo;heure de <strong>Mikaela Shiffrin<\/strong> \u00e9tait alors venue, mais l&rsquo;Am\u00e9ricaine, pas aussi flamboyante qu&rsquo;\u00e0 l&rsquo;accoutum\u00e9e, n&rsquo;a pu effacer le chrono transalpin.<\/p>\n<p style=\"text-align: justify;\">Il en restait 4, et<strong> Lara Gut-Behrami<\/strong> a alors sorti de son chapeau magique une manche monumentale, avec le meilleur temps et <strong>1:19<\/strong> d&rsquo;avance sur <strong>Bassino<\/strong> \u00e0 l&rsquo;arriv\u00e9e ! Une belle option sur la victoire, m\u00eame si <strong>Petra Vlhova<\/strong> a menac\u00e9 son chrono. La Slovaque assurait cependant le podium, car <strong>Sara Hector<\/strong> ne r\u00e9ussissait pas \u00e0 hausser le ton. Restait<strong> Federica Brignone<\/strong>, nantie d&rsquo;une belle avance qui fondait petit \u00e0 petit, pour finalement \u00e9chouer \u00e0 deux centi\u00e8mes. Voil\u00e0 qui donne le ton d&rsquo;une superbe lutte sur le circuit f\u00e9minin cette saison.<\/p>\n<blockquote class=\"twitter-tweet\">\n<p dir=\"ltr\" lang=\"fr\">\ud835\udddf\ud835\uddd4 \ud835\udde6\ud835\uddd4\ud835\udddc\ud835\udde6\ud835\udde2\ud835\udde1 \ud835\udde6&rsquo;\ud835\uddd4\ud835\udde1\ud835\udde1\ud835\udde2\ud835\udde1\ud835\uddd6\ud835\uddd8 \ud835\udddc\ud835\udde1\ud835\uddd6\ud835\udde5\ud835\udde2\ud835\uddec\ud835\uddd4\ud835\uddd5\ud835\udddf\ud835\uddd8. Lara Gut-Behrami \ud83c\udde8\ud83c\udded remporte le g\u00e9ant de S\u00f6lden avec deux petits centi\u00e8mes d&rsquo;avance sur Federica Brignone \ud83c\uddee\ud83c\uddf9, quelle course les amis ! <a href=\"https:\/\/t.co\/TX6LojYkG1\">pic.twitter.com\/TX6LojYkG1<\/a><\/p>\n<p>\u2014 Eurosport France (@Eurosport_FR) <a href=\"https:\/\/twitter.com\/Eurosport_FR\/status\/1718237488295129422?ref_src=twsrc%5Etfw\">October 28, 2023<\/a><\/p><\/blockquote>\n<p style=\"text-align: justify;\"><script async src=\"https:\/\/platform.twitter.com\/widgets.js\" charset=\"utf-8\"><\/script><\/p>\n<h2 style=\"text-align: justify;\">\u00c0 lire aussi<\/h2>\n<ul>\n<li style=\"text-align: justify;\"><a href=\"https:\/\/dicodusport.fr\/blog\/classement-geant-solden-femmes-2023\/\"><strong>Classement du g\u00e9ant femmes de S\u00f6lden<\/strong><\/a><\/li>\n<li style=\"text-align: justify;\"><span style=\"font-size: 16px;\"><strong><a href=\"https:\/\/dicodusport.fr\/blog\/calendrier-et-resultats-ski-alpin-coupe-du-monde-femmes-2023-2024\/\">Calendrier et r\u00e9sultats de la Coupe du monde de ski alpin 2023-2024<\/a><\/strong><\/span><\/li>\n<\/ul>\n","protected":false},"excerpt":{"rendered":"<p>COUPE DU MONDE DE SKI ALPIN 2023 &#8211; 2024 &#8211; Troisi\u00e8me succ\u00e8s \u00e0 S\u00f6lden pour Lara Gut-Behrami, qui a livr\u00e9 une deuxi\u00e8me manche incroyable pour souffler la victoire \u00e0 Federica Brignone pour deux centi\u00e8mes !\u00a0<\/p>\n","protected":false},"author":59,"featured_media":433048,"comment_status":"open","ping_status":"closed","sticky":false,"template":"","format":"standard","meta":{"_acf_changed":false,"_daextam_enable_autolinks":"1","footnotes":""},"categories":[47084],"tags":[16878,20034,2233],"class_list":["post-432944","post","type-post","status-publish","format-standard","has-post-thumbnail","hentry","category-coupe-du-monde-ski-alpin","tag-breve","tag-geant-de-solden","tag-ski-alpin"],"acf":[],"yoast_head":"<!-- This site is optimized with the Yoast SEO Premium plugin v26.7 (Yoast SEO v26.7) - https:\/\/yoast.com\/wordpress\/plugins\/seo\/ -->\n<title>G\u00e9ant S\u00f6lden femmes 2023 : Lara Gut-Behrami coiffe Federica Brignone et rafle la mise<\/title>\n<meta name=\"description\" content=\"COUPE DU MONDE DE SKI ALPIN 2023 - 2024 - Troisi\u00e8me succ\u00e8s \u00e0 S\u00f6lden pour Lara Gut-Behrami, qui a livr\u00e9 une deuxi\u00e8me manche incroyable.\" \/>\n<meta name=\"robots\" content=\"index, follow, max-snippet:-1, max-image-preview:large, max-video-preview:-1\" \/>\n<link rel=\"canonical\" href=\"https:\/\/dicodusport.fr\/blog\/geant-solden-femmes-2023-lara-gut-behrami-coiffe-federica-brignone-et-rafle-la-mise\/\" \/>\n<meta property=\"og:locale\" content=\"fr_FR\" \/>\n<meta property=\"og:type\" content=\"article\" \/>\n<meta property=\"og:title\" content=\"G\u00e9ant S\u00f6lden femmes 2023 : Lara Gut-Behrami coiffe Federica Brignone et rafle la mise\" \/>\n<meta property=\"og:description\" content=\"COUPE DU MONDE DE SKI ALPIN 2023 - 2024 - Troisi\u00e8me succ\u00e8s \u00e0 S\u00f6lden pour Lara Gut-Behrami, qui a livr\u00e9 une deuxi\u00e8me manche incroyable.\" \/>\n<meta property=\"og:url\" content=\"https:\/\/dicodusport.fr\/blog\/geant-solden-femmes-2023-lara-gut-behrami-coiffe-federica-brignone-et-rafle-la-mise\/\" \/>\n<meta property=\"og:site_name\" content=\"Dicodusport\" \/>\n<meta property=\"article:publisher\" content=\"https:\/\/www.facebook.com\/dicodusport\" \/>\n<meta property=\"article:author\" content=\"https:\/\/www.facebook.com\/sebastien.gente\/\" \/>\n<meta property=\"article:published_time\" content=\"2023-10-28T12:01:50+00:00\" \/>\n<meta property=\"article:modified_time\" content=\"2023-10-28T19:26:11+00:00\" \/>\n<meta property=\"og:image\" content=\"https:\/\/dicodusport.fr\/blog\/wp-content\/uploads\/2023\/10\/Geant-Solden-femmes-2023-Lara-Gut-Behrami-coiffe-Federica-Brignone-et-rafle-la-mise.png\" \/>\n\t<meta property=\"og:image:width\" content=\"800\" \/>\n\t<meta property=\"og:image:height\" content=\"445\" \/>\n\t<meta property=\"og:image:type\" content=\"image\/png\" \/>\n<meta name=\"author\" content=\"S\u00e9bastien Gente\" \/>\n<meta name=\"twitter:card\" content=\"summary_large_image\" \/>\n<meta name=\"twitter:title\" content=\"G\u00e9ant S\u00f6lden femmes 2023 : Lara Gut-Behrami coiffe Federica Brignone et rafle la mise\" \/>\n<meta name=\"twitter:creator\" content=\"@https:\/\/twitter.com\/globulo24\" \/>\n<meta name=\"twitter:site\" content=\"@dicodusport\" \/>\n<script type=\"application\/ld+json\" class=\"yoast-schema-graph\">{\"@context\":\"https:\/\/schema.org\",\"@graph\":[{\"@type\":\"NewsArticle\",\"@id\":\"https:\/\/dicodusport.fr\/blog\/geant-solden-femmes-2023-lara-gut-behrami-coiffe-federica-brignone-et-rafle-la-mise\/#article\",\"isPartOf\":{\"@id\":\"https:\/\/dicodusport.fr\/blog\/geant-solden-femmes-2023-lara-gut-behrami-coiffe-federica-brignone-et-rafle-la-mise\/\"},\"author\":{\"name\":\"S\u00e9bastien Gente\",\"@id\":\"https:\/\/dicodusport.fr\/blog\/#\/schema\/person\/627966a6cde45dbd8c5e36ac85d783da\"},\"headline\":\"G\u00e9ant S\u00f6lden femmes 2023 : Lara Gut-Behrami coiffe Federica Brignone et rafle la mise\",\"datePublished\":\"2023-10-28T12:01:50+00:00\",\"dateModified\":\"2023-10-28T19:26:11+00:00\",\"mainEntityOfPage\":{\"@id\":\"https:\/\/dicodusport.fr\/blog\/geant-solden-femmes-2023-lara-gut-behrami-coiffe-federica-brignone-et-rafle-la-mise\/\"},\"wordCount\":634,\"commentCount\":0,\"publisher\":{\"@id\":\"https:\/\/dicodusport.fr\/blog\/#organization\"},\"image\":{\"@id\":\"https:\/\/dicodusport.fr\/blog\/geant-solden-femmes-2023-lara-gut-behrami-coiffe-federica-brignone-et-rafle-la-mise\/#primaryimage\"},\"thumbnailUrl\":\"https:\/\/dicodusport.fr\/blog\/wp-content\/uploads\/2023\/10\/Geant-Solden-femmes-2023-Lara-Gut-Behrami-coiffe-Federica-Brignone-et-rafle-la-mise.png\",\"keywords\":[\"br\u00e8ve\",\"G\u00e9ant de S\u00f6lden\",\"Ski alpin\"],\"articleSection\":[\"Coupe du monde de ski alpin\"],\"inLanguage\":\"fr-FR\",\"potentialAction\":[{\"@type\":\"CommentAction\",\"name\":\"Comment\",\"target\":[\"https:\/\/dicodusport.fr\/blog\/geant-solden-femmes-2023-lara-gut-behrami-coiffe-federica-brignone-et-rafle-la-mise\/#respond\"]}],\"copyrightYear\":\"2023\",\"copyrightHolder\":{\"@id\":\"https:\/\/dicodusport.fr\/blog\/#organization\"}},{\"@type\":\"WebPage\",\"@id\":\"https:\/\/dicodusport.fr\/blog\/geant-solden-femmes-2023-lara-gut-behrami-coiffe-federica-brignone-et-rafle-la-mise\/\",\"url\":\"https:\/\/dicodusport.fr\/blog\/geant-solden-femmes-2023-lara-gut-behrami-coiffe-federica-brignone-et-rafle-la-mise\/\",\"name\":\"G\u00e9ant S\u00f6lden femmes 2023 : Lara Gut-Behrami coiffe Federica Brignone et rafle la mise\",\"isPartOf\":{\"@id\":\"https:\/\/dicodusport.fr\/blog\/#website\"},\"primaryImageOfPage\":{\"@id\":\"https:\/\/dicodusport.fr\/blog\/geant-solden-femmes-2023-lara-gut-behrami-coiffe-federica-brignone-et-rafle-la-mise\/#primaryimage\"},\"image\":{\"@id\":\"https:\/\/dicodusport.fr\/blog\/geant-solden-femmes-2023-lara-gut-behrami-coiffe-federica-brignone-et-rafle-la-mise\/#primaryimage\"},\"thumbnailUrl\":\"https:\/\/dicodusport.fr\/blog\/wp-content\/uploads\/2023\/10\/Geant-Solden-femmes-2023-Lara-Gut-Behrami-coiffe-Federica-Brignone-et-rafle-la-mise.png\",\"datePublished\":\"2023-10-28T12:01:50+00:00\",\"dateModified\":\"2023-10-28T19:26:11+00:00\",\"description\":\"COUPE DU MONDE DE SKI ALPIN 2023 - 2024 - Troisi\u00e8me succ\u00e8s \u00e0 S\u00f6lden pour Lara Gut-Behrami, qui a livr\u00e9 une deuxi\u00e8me manche incroyable.\",\"breadcrumb\":{\"@id\":\"https:\/\/dicodusport.fr\/blog\/geant-solden-femmes-2023-lara-gut-behrami-coiffe-federica-brignone-et-rafle-la-mise\/#breadcrumb\"},\"inLanguage\":\"fr-FR\",\"potentialAction\":[{\"@type\":\"ReadAction\",\"target\":[\"https:\/\/dicodusport.fr\/blog\/geant-solden-femmes-2023-lara-gut-behrami-coiffe-federica-brignone-et-rafle-la-mise\/\"]}]},{\"@type\":\"ImageObject\",\"inLanguage\":\"fr-FR\",\"@id\":\"https:\/\/dicodusport.fr\/blog\/geant-solden-femmes-2023-lara-gut-behrami-coiffe-federica-brignone-et-rafle-la-mise\/#primaryimage\",\"url\":\"https:\/\/dicodusport.fr\/blog\/wp-content\/uploads\/2023\/10\/Geant-Solden-femmes-2023-Lara-Gut-Behrami-coiffe-Federica-Brignone-et-rafle-la-mise.png\",\"contentUrl\":\"https:\/\/dicodusport.fr\/blog\/wp-content\/uploads\/2023\/10\/Geant-Solden-femmes-2023-Lara-Gut-Behrami-coiffe-Federica-Brignone-et-rafle-la-mise.png\",\"width\":800,\"height\":445,\"caption\":\"G\u00e9ant S\u00f6lden femmes 2023 Lara Gut-Behrami coiffe Federica Brignone et rafle la mise\"},{\"@type\":\"BreadcrumbList\",\"@id\":\"https:\/\/dicodusport.fr\/blog\/geant-solden-femmes-2023-lara-gut-behrami-coiffe-federica-brignone-et-rafle-la-mise\/#breadcrumb\",\"itemListElement\":[{\"@type\":\"ListItem\",\"position\":1,\"name\":\"Accueil\",\"item\":\"https:\/\/dicodusport.fr\/blog\/\"},{\"@type\":\"ListItem\",\"position\":2,\"name\":\"G\u00e9ant S\u00f6lden femmes 2023 : Lara Gut-Behrami coiffe Federica Brignone et rafle la mise\"}]},{\"@type\":\"WebSite\",\"@id\":\"https:\/\/dicodusport.fr\/blog\/#website\",\"url\":\"https:\/\/dicodusport.fr\/blog\/\",\"name\":\"Dicodusport\",\"description\":\"L&#039;encyclop\u00e9die de l&#039;actualit\u00e9 sportive\",\"publisher\":{\"@id\":\"https:\/\/dicodusport.fr\/blog\/#organization\"},\"potentialAction\":[{\"@type\":\"SearchAction\",\"target\":{\"@type\":\"EntryPoint\",\"urlTemplate\":\"https:\/\/dicodusport.fr\/blog\/?s={search_term_string}\"},\"query-input\":{\"@type\":\"PropertyValueSpecification\",\"valueRequired\":true,\"valueName\":\"search_term_string\"}}],\"inLanguage\":\"fr-FR\"},{\"@type\":\"NewsMediaOrganization\",\"@id\":\"https:\/\/dicodusport.fr\/blog\/#organization\",\"name\":\"Dicodusport\",\"url\":\"https:\/\/dicodusport.fr\/blog\/\",\"logo\":{\"@type\":\"ImageObject\",\"inLanguage\":\"fr-FR\",\"@id\":\"https:\/\/dicodusport.fr\/blog\/#\/schema\/logo\/image\/\",\"url\":\"https:\/\/dicodusport.fr\/blog\/wp-content\/uploads\/2020\/06\/cropped-LOGO-DICODUSPORT-2020-SANS-FOND-SANS-TEXTE.png\",\"contentUrl\":\"https:\/\/dicodusport.fr\/blog\/wp-content\/uploads\/2020\/06\/cropped-LOGO-DICODUSPORT-2020-SANS-FOND-SANS-TEXTE.png\",\"width\":512,\"height\":512,\"caption\":\"Dicodusport\"},\"image\":{\"@id\":\"https:\/\/dicodusport.fr\/blog\/#\/schema\/logo\/image\/\"},\"sameAs\":[\"https:\/\/www.facebook.com\/dicodusport\",\"https:\/\/x.com\/dicodusport\",\"https:\/\/www.instagram.com\/dicodusport\/\",\"https:\/\/www.youtube.com\/channel\/UC7V2KZ5sd3htJivAbA4ZG3w\"],\"description\":\"Dicodusport est l'encyclop\u00e9die de l'actualit\u00e9 sportive.\",\"email\":\"bonjour@dicodusport.fr\",\"legalName\":\"DICODUSPORT\",\"foundingDate\":\"2018-01-14\",\"vatID\":\"FR71834470973\",\"taxID\":\"83447097300043\",\"numberOfEmployees\":{\"@type\":\"QuantitativeValue\",\"minValue\":\"1\",\"maxValue\":\"10\"}},{\"@type\":\"Person\",\"@id\":\"https:\/\/dicodusport.fr\/blog\/#\/schema\/person\/627966a6cde45dbd8c5e36ac85d783da\",\"name\":\"S\u00e9bastien Gente\",\"image\":{\"@type\":\"ImageObject\",\"inLanguage\":\"fr-FR\",\"@id\":\"https:\/\/dicodusport.fr\/blog\/#\/schema\/person\/image\/\",\"url\":\"https:\/\/dicodusport.fr\/blog\/wp-content\/uploads\/2021\/09\/1510990_10205810251400683_4124423575079401707_n-150x150.jpg\",\"contentUrl\":\"https:\/\/dicodusport.fr\/blog\/wp-content\/uploads\/2021\/09\/1510990_10205810251400683_4124423575079401707_n-150x150.jpg\",\"caption\":\"S\u00e9bastien Gente\"},\"description\":\"John Stockton, Gianni Bugno, Zinedine Zidane, Steffi Graf, Frode Andresen, St\u00e9phane Stoecklin, Davis Kamoga, Primoz Peterka, Werner Schlager et Aur\u00e9lien Rougerie. Point commun entre ces sportifs? Ils m'ont fait r\u00eaver et ont berc\u00e9 mon adolescence. Je suis un fondu de sports et j'essaie de retranscrire ma passion \u00e0 travers mes articles. Originaire du P\u00e9rigord, ma passion pour les Girondins, les Jaunards et les Jazzmen transpire dans mes \u00e9crits. \u00c0 Dicodusport depuis 2021, je d\u00e9niche les sports m\u00e9connus dans lesquels la France brille, et il y en a !\",\"sameAs\":[\"https:\/\/www.facebook.com\/sebastien.gente\/\",\"https:\/\/www.instagram.com\/sebgente\/\",\"https:\/\/www.linkedin.com\/in\/sbastien-gente-a29583169\/\",\"https:\/\/x.com\/https:\/\/twitter.com\/globulo24\",\"SebastienGente\"],\"worksFor\":\"S\u00e9bastien GENTE\",\"url\":\"https:\/\/dicodusport.fr\/blog\/author\/sebastiengente\/\"}]}<\/script>\n<!-- \/ Yoast SEO Premium plugin. -->","yoast_head_json":{"title":"G\u00e9ant S\u00f6lden femmes 2023 : Lara Gut-Behrami coiffe Federica Brignone et rafle la mise","description":"COUPE DU MONDE DE SKI ALPIN 2023 - 2024 - Troisi\u00e8me succ\u00e8s \u00e0 S\u00f6lden pour Lara Gut-Behrami, qui a livr\u00e9 une deuxi\u00e8me manche incroyable.","robots":{"index":"index","follow":"follow","max-snippet":"max-snippet:-1","max-image-preview":"max-image-preview:large","max-video-preview":"max-video-preview:-1"},"canonical":"https:\/\/dicodusport.fr\/blog\/geant-solden-femmes-2023-lara-gut-behrami-coiffe-federica-brignone-et-rafle-la-mise\/","og_locale":"fr_FR","og_type":"article","og_title":"G\u00e9ant S\u00f6lden femmes 2023 : Lara Gut-Behrami coiffe Federica Brignone et rafle la mise","og_description":"COUPE DU MONDE DE SKI ALPIN 2023 - 2024 - Troisi\u00e8me succ\u00e8s \u00e0 S\u00f6lden pour Lara Gut-Behrami, qui a livr\u00e9 une deuxi\u00e8me manche incroyable.","og_url":"https:\/\/dicodusport.fr\/blog\/geant-solden-femmes-2023-lara-gut-behrami-coiffe-federica-brignone-et-rafle-la-mise\/","og_site_name":"Dicodusport","article_publisher":"https:\/\/www.facebook.com\/dicodusport","article_author":"https:\/\/www.facebook.com\/sebastien.gente\/","article_published_time":"2023-10-28T12:01:50+00:00","article_modified_time":"2023-10-28T19:26:11+00:00","og_image":[{"width":800,"height":445,"url":"https:\/\/dicodusport.fr\/blog\/wp-content\/uploads\/2023\/10\/Geant-Solden-femmes-2023-Lara-Gut-Behrami-coiffe-Federica-Brignone-et-rafle-la-mise.png","type":"image\/png"}],"author":"S\u00e9bastien Gente","twitter_card":"summary_large_image","twitter_title":"G\u00e9ant S\u00f6lden femmes 2023 : Lara Gut-Behrami coiffe Federica Brignone et rafle la mise","twitter_creator":"@https:\/\/twitter.com\/globulo24","twitter_site":"@dicodusport","schema":{"@context":"https:\/\/schema.org","@graph":[{"@type":"NewsArticle","@id":"https:\/\/dicodusport.fr\/blog\/geant-solden-femmes-2023-lara-gut-behrami-coiffe-federica-brignone-et-rafle-la-mise\/#article","isPartOf":{"@id":"https:\/\/dicodusport.fr\/blog\/geant-solden-femmes-2023-lara-gut-behrami-coiffe-federica-brignone-et-rafle-la-mise\/"},"author":{"name":"S\u00e9bastien Gente","@id":"https:\/\/dicodusport.fr\/blog\/#\/schema\/person\/627966a6cde45dbd8c5e36ac85d783da"},"headline":"G\u00e9ant S\u00f6lden femmes 2023 : Lara Gut-Behrami coiffe Federica Brignone et rafle la mise","datePublished":"2023-10-28T12:01:50+00:00","dateModified":"2023-10-28T19:26:11+00:00","mainEntityOfPage":{"@id":"https:\/\/dicodusport.fr\/blog\/geant-solden-femmes-2023-lara-gut-behrami-coiffe-federica-brignone-et-rafle-la-mise\/"},"wordCount":634,"commentCount":0,"publisher":{"@id":"https:\/\/dicodusport.fr\/blog\/#organization"},"image":{"@id":"https:\/\/dicodusport.fr\/blog\/geant-solden-femmes-2023-lara-gut-behrami-coiffe-federica-brignone-et-rafle-la-mise\/#primaryimage"},"thumbnailUrl":"https:\/\/dicodusport.fr\/blog\/wp-content\/uploads\/2023\/10\/Geant-Solden-femmes-2023-Lara-Gut-Behrami-coiffe-Federica-Brignone-et-rafle-la-mise.png","keywords":["br\u00e8ve","G\u00e9ant de S\u00f6lden","Ski alpin"],"articleSection":["Coupe du monde de ski alpin"],"inLanguage":"fr-FR","potentialAction":[{"@type":"CommentAction","name":"Comment","target":["https:\/\/dicodusport.fr\/blog\/geant-solden-femmes-2023-lara-gut-behrami-coiffe-federica-brignone-et-rafle-la-mise\/#respond"]}],"copyrightYear":"2023","copyrightHolder":{"@id":"https:\/\/dicodusport.fr\/blog\/#organization"}},{"@type":"WebPage","@id":"https:\/\/dicodusport.fr\/blog\/geant-solden-femmes-2023-lara-gut-behrami-coiffe-federica-brignone-et-rafle-la-mise\/","url":"https:\/\/dicodusport.fr\/blog\/geant-solden-femmes-2023-lara-gut-behrami-coiffe-federica-brignone-et-rafle-la-mise\/","name":"G\u00e9ant S\u00f6lden femmes 2023 : Lara Gut-Behrami coiffe Federica Brignone et rafle la mise","isPartOf":{"@id":"https:\/\/dicodusport.fr\/blog\/#website"},"primaryImageOfPage":{"@id":"https:\/\/dicodusport.fr\/blog\/geant-solden-femmes-2023-lara-gut-behrami-coiffe-federica-brignone-et-rafle-la-mise\/#primaryimage"},"image":{"@id":"https:\/\/dicodusport.fr\/blog\/geant-solden-femmes-2023-lara-gut-behrami-coiffe-federica-brignone-et-rafle-la-mise\/#primaryimage"},"thumbnailUrl":"https:\/\/dicodusport.fr\/blog\/wp-content\/uploads\/2023\/10\/Geant-Solden-femmes-2023-Lara-Gut-Behrami-coiffe-Federica-Brignone-et-rafle-la-mise.png","datePublished":"2023-10-28T12:01:50+00:00","dateModified":"2023-10-28T19:26:11+00:00","description":"COUPE DU MONDE DE SKI ALPIN 2023 - 2024 - Troisi\u00e8me succ\u00e8s \u00e0 S\u00f6lden pour Lara Gut-Behrami, qui a livr\u00e9 une deuxi\u00e8me manche incroyable.","breadcrumb":{"@id":"https:\/\/dicodusport.fr\/blog\/geant-solden-femmes-2023-lara-gut-behrami-coiffe-federica-brignone-et-rafle-la-mise\/#breadcrumb"},"inLanguage":"fr-FR","potentialAction":[{"@type":"ReadAction","target":["https:\/\/dicodusport.fr\/blog\/geant-solden-femmes-2023-lara-gut-behrami-coiffe-federica-brignone-et-rafle-la-mise\/"]}]},{"@type":"ImageObject","inLanguage":"fr-FR","@id":"https:\/\/dicodusport.fr\/blog\/geant-solden-femmes-2023-lara-gut-behrami-coiffe-federica-brignone-et-rafle-la-mise\/#primaryimage","url":"https:\/\/dicodusport.fr\/blog\/wp-content\/uploads\/2023\/10\/Geant-Solden-femmes-2023-Lara-Gut-Behrami-coiffe-Federica-Brignone-et-rafle-la-mise.png","contentUrl":"https:\/\/dicodusport.fr\/blog\/wp-content\/uploads\/2023\/10\/Geant-Solden-femmes-2023-Lara-Gut-Behrami-coiffe-Federica-Brignone-et-rafle-la-mise.png","width":800,"height":445,"caption":"G\u00e9ant S\u00f6lden femmes 2023 Lara Gut-Behrami coiffe Federica Brignone et rafle la mise"},{"@type":"BreadcrumbList","@id":"https:\/\/dicodusport.fr\/blog\/geant-solden-femmes-2023-lara-gut-behrami-coiffe-federica-brignone-et-rafle-la-mise\/#breadcrumb","itemListElement":[{"@type":"ListItem","position":1,"name":"Accueil","item":"https:\/\/dicodusport.fr\/blog\/"},{"@type":"ListItem","position":2,"name":"G\u00e9ant S\u00f6lden femmes 2023 : Lara Gut-Behrami coiffe Federica Brignone et rafle la mise"}]},{"@type":"WebSite","@id":"https:\/\/dicodusport.fr\/blog\/#website","url":"https:\/\/dicodusport.fr\/blog\/","name":"Dicodusport","description":"L&#039;encyclop\u00e9die de l&#039;actualit\u00e9 sportive","publisher":{"@id":"https:\/\/dicodusport.fr\/blog\/#organization"},"potentialAction":[{"@type":"SearchAction","target":{"@type":"EntryPoint","urlTemplate":"https:\/\/dicodusport.fr\/blog\/?s={search_term_string}"},"query-input":{"@type":"PropertyValueSpecification","valueRequired":true,"valueName":"search_term_string"}}],"inLanguage":"fr-FR"},{"@type":"NewsMediaOrganization","@id":"https:\/\/dicodusport.fr\/blog\/#organization","name":"Dicodusport","url":"https:\/\/dicodusport.fr\/blog\/","logo":{"@type":"ImageObject","inLanguage":"fr-FR","@id":"https:\/\/dicodusport.fr\/blog\/#\/schema\/logo\/image\/","url":"https:\/\/dicodusport.fr\/blog\/wp-content\/uploads\/2020\/06\/cropped-LOGO-DICODUSPORT-2020-SANS-FOND-SANS-TEXTE.png","contentUrl":"https:\/\/dicodusport.fr\/blog\/wp-content\/uploads\/2020\/06\/cropped-LOGO-DICODUSPORT-2020-SANS-FOND-SANS-TEXTE.png","width":512,"height":512,"caption":"Dicodusport"},"image":{"@id":"https:\/\/dicodusport.fr\/blog\/#\/schema\/logo\/image\/"},"sameAs":["https:\/\/www.facebook.com\/dicodusport","https:\/\/x.com\/dicodusport","https:\/\/www.instagram.com\/dicodusport\/","https:\/\/www.youtube.com\/channel\/UC7V2KZ5sd3htJivAbA4ZG3w"],"description":"Dicodusport est l'encyclop\u00e9die de l'actualit\u00e9 sportive.","email":"bonjour@dicodusport.fr","legalName":"DICODUSPORT","foundingDate":"2018-01-14","vatID":"FR71834470973","taxID":"83447097300043","numberOfEmployees":{"@type":"QuantitativeValue","minValue":"1","maxValue":"10"}},{"@type":"Person","@id":"https:\/\/dicodusport.fr\/blog\/#\/schema\/person\/627966a6cde45dbd8c5e36ac85d783da","name":"S\u00e9bastien Gente","image":{"@type":"ImageObject","inLanguage":"fr-FR","@id":"https:\/\/dicodusport.fr\/blog\/#\/schema\/person\/image\/","url":"https:\/\/dicodusport.fr\/blog\/wp-content\/uploads\/2021\/09\/1510990_10205810251400683_4124423575079401707_n-150x150.jpg","contentUrl":"https:\/\/dicodusport.fr\/blog\/wp-content\/uploads\/2021\/09\/1510990_10205810251400683_4124423575079401707_n-150x150.jpg","caption":"S\u00e9bastien Gente"},"description":"John Stockton, Gianni Bugno, Zinedine Zidane, Steffi Graf, Frode Andresen, St\u00e9phane Stoecklin, Davis Kamoga, Primoz Peterka, Werner Schlager et Aur\u00e9lien Rougerie. Point commun entre ces sportifs? Ils m'ont fait r\u00eaver et ont berc\u00e9 mon adolescence. Je suis un fondu de sports et j'essaie de retranscrire ma passion \u00e0 travers mes articles. Originaire du P\u00e9rigord, ma passion pour les Girondins, les Jaunards et les Jazzmen transpire dans mes \u00e9crits. \u00c0 Dicodusport depuis 2021, je d\u00e9niche les sports m\u00e9connus dans lesquels la France brille, et il y en a !","sameAs":["https:\/\/www.facebook.com\/sebastien.gente\/","https:\/\/www.instagram.com\/sebgente\/","https:\/\/www.linkedin.com\/in\/sbastien-gente-a29583169\/","https:\/\/x.com\/https:\/\/twitter.com\/globulo24","SebastienGente"],"worksFor":"S\u00e9bastien GENTE","url":"https:\/\/dicodusport.fr\/blog\/author\/sebastiengente\/"}]}},"_links":{"self":[{"href":"https:\/\/dicodusport.fr\/blog\/wp-json\/wp\/v2\/posts\/432944","targetHints":{"allow":["GET"]}}],"collection":[{"href":"https:\/\/dicodusport.fr\/blog\/wp-json\/wp\/v2\/posts"}],"about":[{"href":"https:\/\/dicodusport.fr\/blog\/wp-json\/wp\/v2\/types\/post"}],"author":[{"embeddable":true,"href":"https:\/\/dicodusport.fr\/blog\/wp-json\/wp\/v2\/users\/59"}],"replies":[{"embeddable":true,"href":"https:\/\/dicodusport.fr\/blog\/wp-json\/wp\/v2\/comments?post=432944"}],"version-history":[{"count":0,"href":"https:\/\/dicodusport.fr\/blog\/wp-json\/wp\/v2\/posts\/432944\/revisions"}],"wp:featuredmedia":[{"embeddable":true,"href":"https:\/\/dicodusport.fr\/blog\/wp-json\/wp\/v2\/media\/433048"}],"wp:attachment":[{"href":"https:\/\/dicodusport.fr\/blog\/wp-json\/wp\/v2\/media?parent=432944"}],"wp:term":[{"taxonomy":"category","embeddable":true,"href":"https:\/\/dicodusport.fr\/blog\/wp-json\/wp\/v2\/categories?post=432944"},{"taxonomy":"post_tag","embeddable":true,"href":"https:\/\/dicodusport.fr\/blog\/wp-json\/wp\/v2\/tags?post=432944"}],"curies":[{"name":"wp","href":"https:\/\/api.w.org\/{rel}","templated":true}]}}