{"id":433105,"date":"2023-10-28T18:57:08","date_gmt":"2023-10-28T16:57:08","guid":{"rendered":"https:\/\/dicodusport.fr\/blog\/?p=433105&#038;preview=true&#038;preview_id=433105"},"modified":"2023-10-28T20:43:08","modified_gmt":"2023-10-28T18:43:08","slug":"championnats-du-monde-karate-2023-steven-da-costa-arrache-une-troisieme-couronne-mondiale","status":"publish","type":"post","link":"https:\/\/dicodusport.fr\/blog\/championnats-du-monde-karate-2023-steven-da-costa-arrache-une-troisieme-couronne-mondiale\/","title":{"rendered":"Championnats du monde karat\u00e9 2023 : Steven Da Costa arrache une troisi\u00e8me couronne mondiale"},"content":{"rendered":"<p style=\"text-align: justify;\"><strong><em><a href=\"https:\/\/dicodusport.fr\/blog\/?s=championnats+du+monde+karat%C3%A9\">CHAMPIONNATS DU MONDE KARAT\u00c9 2023<\/a> &#8211; Qualifi\u00e9 en finale mercredi dernier, Steven Da Costa a souffert, mais est parvenu \u00e0 battre l&rsquo;inattendu Nenad Dulovic ce samedi. \u00c0 26 ans, le champion olympique devient le premier karat\u00e9ka tricolore \u00e0 d\u00e9crocher une troisi\u00e8me titre de champion du monde en carri\u00e8re.<\/em><\/strong><\/p>\n<ul style=\"text-align: justify;\">\n<li style=\"text-align: justify;\"><strong>\u00c0 lire aussi &#8211; <a href=\"https:\/\/dicodusport.fr\/blog\/programme-et-resultats-championnats-du-monde-de-karate-et-para-karate-2023\/\">Calendrier et r\u00e9sultats des championnats du monde de karat\u00e9 et para-karat\u00e9<\/a><\/strong><\/li>\n<\/ul>\n<p style=\"text-align: justify;\">Il a seulement 26 ans, mais il est en train de confirmer qu&rsquo;il est sans aucun doute le meilleur karat\u00e9ka fran\u00e7ais de l&rsquo;histoire. \u00c0 <strong>Budapest<\/strong>, <strong>Steven Da Costa<\/strong> s&rsquo;\u00e9lan\u00e7ait dans les championnats du monde avec l&rsquo;\u00e9tiquette de favori num\u00e9ro un. Champion olympique en 2021 et \u00e9galement double champion du monde en titre, il \u00e9tait attendu au sommet dans la cat\u00e9gorie -67kg.<\/p>\n<h2 style=\"text-align: justify;\">Steven Da Costa s&rsquo;en sort d&rsquo;une courte t\u00eate<\/h2>\n<p style=\"text-align: justify;\">Pourtant, le tournoi a failli tourner au vinaigre. D\u00e8s son entr\u00e9e en lice, le natif de Mont-Saint-Martin s&rsquo;est fait une \u00e9norme frayeur face au Tunisien <strong>Laith Haddaji<\/strong>. Men\u00e9 dans les derni\u00e8res secondes, il avait alors arrach\u00e9 la victoire gr\u00e2ce \u00e0 un ura mawashi. Ensuite, il avait d\u00e9roul\u00e9 sereinement jusqu&rsquo;en demi-finales o\u00f9 il parvint \u00e0 \u00e9carter le Kazakh <strong>Didar Amiral<\/strong> au forceps (1-0).<\/p>\n<p style=\"text-align: justify;\">Ce samedi, il faisait alors face au surprenant mont\u00e9n\u00e9grin <strong>Nenad Dulovic<\/strong>. Ce dernier a r\u00e9alis\u00e9 une journ\u00e9e historique pour atteindre la finale contre toutes attentes. Da Costa partait donc dans le combat avec un statut d&rsquo;\u00e9pouvantail absolu, qu&rsquo;il fallait toutefois confirmer. D&#8217;embl\u00e9e, les deux hommes mettent beaucoup de rythme. Le Tricolore est le premier \u00e0 inscrire un point, mais son adversaire parvient \u00e0 rapidement \u00e9galiser. Agressif, Dulovic montre qu&rsquo;il a du r\u00e9pondant. Da Costa reprend l&rsquo;avantage et le conserve avec toutes les peines du monde dans un combat hach\u00e9 par les arr\u00eats vid\u00e9o.<\/p>\n<p style=\"text-align: justify;\">\u00c0 l&rsquo;exp\u00e9rience, il va alors prendre deux touches d&rsquo;avance d\u00e9cisives dans le money time. Cependant, Dulovic va passer \u00e0 quelques centi\u00e8mes d&rsquo;un hold-up. Alors que les juges accordent trois points au buzzer au Mont\u00e9n\u00e9grin, une r\u00e9vision vid\u00e9o sauve le Tricolore. Malgr\u00e9 les emb\u00fbches, Steven Da Costa l&#8217;emporte 5-3, et accroche \u00e0 son gargantuesque palmar\u00e8s <strong>un troisi\u00e8me sacre mondial. Une premi\u00e8re dans l&rsquo;histoire du karat\u00e9 tricolore !<\/strong><\/p>\n<blockquote class=\"twitter-tweet\">\n<p dir=\"ltr\" lang=\"fr\">\ud83c\uddeb\ud83c\uddf7\ud83e\udd47\ud83e\udd47\ud83e\udd47 TRIPLE CHAMPION DU MONDE !!!\ud83d\ude0d<\/p>\n<p>Steven Da Costa remporte son troisi\u00e8me titre mondial de suite en karat\u00e9 dans la cat\u00e9gorie -67kg \ud83d\udc4f\ud83d\udc4f<a href=\"https:\/\/twitter.com\/ffkarate?ref_src=twsrc%5Etfw\">@ffkarate<\/a> <a href=\"https:\/\/twitter.com\/Steven_DaCosta?ref_src=twsrc%5Etfw\">@Steven_DaCosta<\/a> <a href=\"https:\/\/t.co\/WfVRPeszhN\">pic.twitter.com\/WfVRPeszhN<\/a><\/p>\n<p>\u2014 La France qui gagne (@lfqgagne) <a href=\"https:\/\/twitter.com\/lfqgagne\/status\/1718310085577814229?ref_src=twsrc%5Etfw\">October 28, 2023<\/a><\/p><\/blockquote>\n<p><script async src=\"https:\/\/platform.twitter.com\/widgets.js\" charset=\"utf-8\"><\/script><\/p>\n<h2>Une journ\u00e9e de gala pour le karat\u00e9 fran\u00e7ais<\/h2>\n<p style=\"text-align: justify;\">Le sacre historique boucle un samedi couronn\u00e9 de succ\u00e8s pour les karat\u00e9kas fran\u00e7ais avec un magnifique 4\/4. <strong>Steven Da Costa<\/strong> et <a href=\"https:\/\/dicodusport.fr\/blog\/championnats-du-monde-karate-2023-mehdi-filali-sur-le-toit-du-monde-en-kumite-84kg\/\"><strong>Mehdi Filali<\/strong><\/a> sont sacr\u00e9s champions du monde, <a href=\"https:\/\/dicodusport.fr\/blog\/championnats-du-monde-karate-2023-alizee-agier-accroche-le-bronze-avec-autorite-en-kumite-68kg\/\"><strong>Aliz\u00e9e Agier<\/strong><\/a> et <a href=\"https:\/\/dicodusport.fr\/blog\/championnats-du-monde-karate-2023-laura-sivert-sempare-du-bronze-en-kumite-61kg\/\"><strong>Laura Sivert<\/strong><\/a> ont, elles, accroch\u00e9 le bronze. En ajoutant les deux m\u00e9dailles de bronze r\u00e9colt\u00e9es par\u00a0<a href=\"https:\/\/dicodusport.fr\/blog\/championnats-du-monde-para-karate-2023-nohan-dudon-et-virginie-boyer-en-bronze\/\"><strong>Virginie Boyer<\/strong> et <strong>Nohan Dudon<\/strong><\/a>, l&rsquo;\u00c9quipe de France compte <strong>six breloques<\/strong> \u00e0 son actif avant la derni\u00e8re journ\u00e9e de dimanche. Les \u00e9quipes masculines de kata et de kumite seront alors les ultimes chances tricolores pour au moins \u00e9galer le bilan de la derni\u00e8re \u00e9dition des championnats du monde (sept m\u00e9dailles).<\/p>\n","protected":false},"excerpt":{"rendered":"<p>CHAMPIONNATS DU MONDE KARAT\u00c9 2023 &#8211; Qualifi\u00e9 en finale mercredi dernier, Steven Da Costa a souffert mais est parvenu \u00e0 battre l&rsquo;inattendu Nenad Dulovic ce samedi. A 26 ans, le champion olympique devient le premier karat\u00e9ka tricolore \u00e0 d\u00e9crocher une troisi\u00e8me couronne mondiale en carri\u00e8re.<\/p>\n","protected":false},"author":55,"featured_media":433152,"comment_status":"open","ping_status":"closed","sticky":false,"template":"","format":"standard","meta":{"_acf_changed":false,"_daextam_enable_autolinks":"1","footnotes":""},"categories":[9969],"tags":[16878,537,24,6651],"class_list":["post-433105","post","type-post","status-publish","format-standard","has-post-thumbnail","hentry","category-karate","tag-breve","tag-karate","tag-sport","tag-steven-da-costa"],"acf":[],"yoast_head":"<!-- This site is optimized with the Yoast SEO Premium plugin v26.7 (Yoast SEO v26.7) - https:\/\/yoast.com\/wordpress\/plugins\/seo\/ -->\n<title>Championnats du monde karat\u00e9 2023 : Steven Da Costa arrache une troisi\u00e8me couronne mondiale<\/title>\n<meta name=\"description\" content=\"CHAMPIONNATS DU MONDE KARAT\u00c9 2023 - Steven Da Costa est devenu le premier fran\u00e7ais triple champion du monde ce samedi.\" \/>\n<meta name=\"robots\" content=\"index, follow, max-snippet:-1, max-image-preview:large, max-video-preview:-1\" \/>\n<link rel=\"canonical\" href=\"https:\/\/dicodusport.fr\/blog\/championnats-du-monde-karate-2023-steven-da-costa-arrache-une-troisieme-couronne-mondiale\/\" \/>\n<meta property=\"og:locale\" content=\"fr_FR\" \/>\n<meta property=\"og:type\" content=\"article\" \/>\n<meta property=\"og:title\" content=\"Championnats du monde karat\u00e9 2023 : Steven Da Costa arrache une troisi\u00e8me couronne mondiale\" \/>\n<meta property=\"og:description\" content=\"CHAMPIONNATS DU MONDE KARAT\u00c9 2023 - Steven Da Costa est devenu le premier fran\u00e7ais triple champion du monde ce samedi.\" \/>\n<meta property=\"og:url\" content=\"https:\/\/dicodusport.fr\/blog\/championnats-du-monde-karate-2023-steven-da-costa-arrache-une-troisieme-couronne-mondiale\/\" \/>\n<meta property=\"og:site_name\" content=\"Dicodusport\" \/>\n<meta property=\"article:publisher\" content=\"https:\/\/www.facebook.com\/dicodusport\" \/>\n<meta property=\"article:published_time\" content=\"2023-10-28T16:57:08+00:00\" \/>\n<meta property=\"article:modified_time\" content=\"2023-10-28T18:43:08+00:00\" \/>\n<meta property=\"og:image\" content=\"https:\/\/dicodusport.fr\/blog\/wp-content\/uploads\/2023\/10\/Championnats-du-monde-karate-2023-Steven-Da-Costa-arrache-une-troisieme-couronne-mondiale.png\" \/>\n\t<meta property=\"og:image:width\" content=\"800\" \/>\n\t<meta property=\"og:image:height\" content=\"445\" \/>\n\t<meta property=\"og:image:type\" content=\"image\/png\" \/>\n<meta name=\"author\" content=\"Maxime Cazenave\" \/>\n<meta name=\"twitter:card\" content=\"summary_large_image\" \/>\n<meta name=\"twitter:creator\" content=\"@https:\/\/twitter.com\/Maxime_Caze\" \/>\n<meta name=\"twitter:site\" content=\"@dicodusport\" \/>\n<script type=\"application\/ld+json\" class=\"yoast-schema-graph\">{\"@context\":\"https:\/\/schema.org\",\"@graph\":[{\"@type\":\"NewsArticle\",\"@id\":\"https:\/\/dicodusport.fr\/blog\/championnats-du-monde-karate-2023-steven-da-costa-arrache-une-troisieme-couronne-mondiale\/#article\",\"isPartOf\":{\"@id\":\"https:\/\/dicodusport.fr\/blog\/championnats-du-monde-karate-2023-steven-da-costa-arrache-une-troisieme-couronne-mondiale\/\"},\"author\":{\"name\":\"Maxime Cazenave\",\"@id\":\"https:\/\/dicodusport.fr\/blog\/#\/schema\/person\/37def232098a7a5cbab3974a3690abb0\"},\"headline\":\"Championnats du monde karat\u00e9 2023 : Steven Da Costa arrache une troisi\u00e8me couronne mondiale\",\"datePublished\":\"2023-10-28T16:57:08+00:00\",\"dateModified\":\"2023-10-28T18:43:08+00:00\",\"mainEntityOfPage\":{\"@id\":\"https:\/\/dicodusport.fr\/blog\/championnats-du-monde-karate-2023-steven-da-costa-arrache-une-troisieme-couronne-mondiale\/\"},\"wordCount\":558,\"commentCount\":0,\"publisher\":{\"@id\":\"https:\/\/dicodusport.fr\/blog\/#organization\"},\"image\":{\"@id\":\"https:\/\/dicodusport.fr\/blog\/championnats-du-monde-karate-2023-steven-da-costa-arrache-une-troisieme-couronne-mondiale\/#primaryimage\"},\"thumbnailUrl\":\"https:\/\/dicodusport.fr\/blog\/wp-content\/uploads\/2023\/10\/Championnats-du-monde-karate-2023-Steven-Da-Costa-arrache-une-troisieme-couronne-mondiale.png\",\"keywords\":[\"br\u00e8ve\",\"Karat\u00e9\",\"sport\",\"Steven Da Costa\"],\"articleSection\":[\"Karat\u00e9\"],\"inLanguage\":\"fr-FR\",\"potentialAction\":[{\"@type\":\"CommentAction\",\"name\":\"Comment\",\"target\":[\"https:\/\/dicodusport.fr\/blog\/championnats-du-monde-karate-2023-steven-da-costa-arrache-une-troisieme-couronne-mondiale\/#respond\"]}],\"copyrightYear\":\"2023\",\"copyrightHolder\":{\"@id\":\"https:\/\/dicodusport.fr\/blog\/#organization\"}},{\"@type\":\"WebPage\",\"@id\":\"https:\/\/dicodusport.fr\/blog\/championnats-du-monde-karate-2023-steven-da-costa-arrache-une-troisieme-couronne-mondiale\/\",\"url\":\"https:\/\/dicodusport.fr\/blog\/championnats-du-monde-karate-2023-steven-da-costa-arrache-une-troisieme-couronne-mondiale\/\",\"name\":\"Championnats du monde karat\u00e9 2023 : Steven Da Costa arrache une troisi\u00e8me couronne mondiale\",\"isPartOf\":{\"@id\":\"https:\/\/dicodusport.fr\/blog\/#website\"},\"primaryImageOfPage\":{\"@id\":\"https:\/\/dicodusport.fr\/blog\/championnats-du-monde-karate-2023-steven-da-costa-arrache-une-troisieme-couronne-mondiale\/#primaryimage\"},\"image\":{\"@id\":\"https:\/\/dicodusport.fr\/blog\/championnats-du-monde-karate-2023-steven-da-costa-arrache-une-troisieme-couronne-mondiale\/#primaryimage\"},\"thumbnailUrl\":\"https:\/\/dicodusport.fr\/blog\/wp-content\/uploads\/2023\/10\/Championnats-du-monde-karate-2023-Steven-Da-Costa-arrache-une-troisieme-couronne-mondiale.png\",\"datePublished\":\"2023-10-28T16:57:08+00:00\",\"dateModified\":\"2023-10-28T18:43:08+00:00\",\"description\":\"CHAMPIONNATS DU MONDE KARAT\u00c9 2023 - Steven Da Costa est devenu le premier fran\u00e7ais triple champion du monde ce samedi.\",\"breadcrumb\":{\"@id\":\"https:\/\/dicodusport.fr\/blog\/championnats-du-monde-karate-2023-steven-da-costa-arrache-une-troisieme-couronne-mondiale\/#breadcrumb\"},\"inLanguage\":\"fr-FR\",\"potentialAction\":[{\"@type\":\"ReadAction\",\"target\":[\"https:\/\/dicodusport.fr\/blog\/championnats-du-monde-karate-2023-steven-da-costa-arrache-une-troisieme-couronne-mondiale\/\"]}]},{\"@type\":\"ImageObject\",\"inLanguage\":\"fr-FR\",\"@id\":\"https:\/\/dicodusport.fr\/blog\/championnats-du-monde-karate-2023-steven-da-costa-arrache-une-troisieme-couronne-mondiale\/#primaryimage\",\"url\":\"https:\/\/dicodusport.fr\/blog\/wp-content\/uploads\/2023\/10\/Championnats-du-monde-karate-2023-Steven-Da-Costa-arrache-une-troisieme-couronne-mondiale.png\",\"contentUrl\":\"https:\/\/dicodusport.fr\/blog\/wp-content\/uploads\/2023\/10\/Championnats-du-monde-karate-2023-Steven-Da-Costa-arrache-une-troisieme-couronne-mondiale.png\",\"width\":800,\"height\":445,\"caption\":\"Championnats du monde karat\u00e9 2023 - Steven Da Costa arrache une troisi\u00e8me couronne mondiale - Photo Icon Sport\"},{\"@type\":\"BreadcrumbList\",\"@id\":\"https:\/\/dicodusport.fr\/blog\/championnats-du-monde-karate-2023-steven-da-costa-arrache-une-troisieme-couronne-mondiale\/#breadcrumb\",\"itemListElement\":[{\"@type\":\"ListItem\",\"position\":1,\"name\":\"Accueil\",\"item\":\"https:\/\/dicodusport.fr\/blog\/\"},{\"@type\":\"ListItem\",\"position\":2,\"name\":\"Championnats du monde karat\u00e9 2023 : Steven Da Costa arrache une troisi\u00e8me couronne mondiale\"}]},{\"@type\":\"WebSite\",\"@id\":\"https:\/\/dicodusport.fr\/blog\/#website\",\"url\":\"https:\/\/dicodusport.fr\/blog\/\",\"name\":\"Dicodusport\",\"description\":\"L&#039;encyclop\u00e9die de l&#039;actualit\u00e9 sportive\",\"publisher\":{\"@id\":\"https:\/\/dicodusport.fr\/blog\/#organization\"},\"potentialAction\":[{\"@type\":\"SearchAction\",\"target\":{\"@type\":\"EntryPoint\",\"urlTemplate\":\"https:\/\/dicodusport.fr\/blog\/?s={search_term_string}\"},\"query-input\":{\"@type\":\"PropertyValueSpecification\",\"valueRequired\":true,\"valueName\":\"search_term_string\"}}],\"inLanguage\":\"fr-FR\"},{\"@type\":\"NewsMediaOrganization\",\"@id\":\"https:\/\/dicodusport.fr\/blog\/#organization\",\"name\":\"Dicodusport\",\"url\":\"https:\/\/dicodusport.fr\/blog\/\",\"logo\":{\"@type\":\"ImageObject\",\"inLanguage\":\"fr-FR\",\"@id\":\"https:\/\/dicodusport.fr\/blog\/#\/schema\/logo\/image\/\",\"url\":\"https:\/\/dicodusport.fr\/blog\/wp-content\/uploads\/2020\/06\/cropped-LOGO-DICODUSPORT-2020-SANS-FOND-SANS-TEXTE.png\",\"contentUrl\":\"https:\/\/dicodusport.fr\/blog\/wp-content\/uploads\/2020\/06\/cropped-LOGO-DICODUSPORT-2020-SANS-FOND-SANS-TEXTE.png\",\"width\":512,\"height\":512,\"caption\":\"Dicodusport\"},\"image\":{\"@id\":\"https:\/\/dicodusport.fr\/blog\/#\/schema\/logo\/image\/\"},\"sameAs\":[\"https:\/\/www.facebook.com\/dicodusport\",\"https:\/\/x.com\/dicodusport\",\"https:\/\/www.instagram.com\/dicodusport\/\",\"https:\/\/www.youtube.com\/channel\/UC7V2KZ5sd3htJivAbA4ZG3w\"],\"description\":\"Dicodusport est l'encyclop\u00e9die de l'actualit\u00e9 sportive.\",\"email\":\"bonjour@dicodusport.fr\",\"legalName\":\"DICODUSPORT\",\"foundingDate\":\"2018-01-14\",\"vatID\":\"FR71834470973\",\"taxID\":\"83447097300043\",\"numberOfEmployees\":{\"@type\":\"QuantitativeValue\",\"minValue\":\"1\",\"maxValue\":\"10\"}},{\"@type\":\"Person\",\"@id\":\"https:\/\/dicodusport.fr\/blog\/#\/schema\/person\/37def232098a7a5cbab3974a3690abb0\",\"name\":\"Maxime Cazenave\",\"image\":{\"@type\":\"ImageObject\",\"inLanguage\":\"fr-FR\",\"@id\":\"https:\/\/dicodusport.fr\/blog\/#\/schema\/person\/image\/\",\"url\":\"https:\/\/dicodusport.fr\/blog\/wp-content\/uploads\/2021\/05\/Maxime-Cazenave-150x150.jpg\",\"contentUrl\":\"https:\/\/dicodusport.fr\/blog\/wp-content\/uploads\/2021\/05\/Maxime-Cazenave-150x150.jpg\",\"caption\":\"Maxime Cazenave\"},\"description\":\"Journaliste\/R\u00e9dacteur depuis 2012 - Berc\u00e9 par l\u2019amour des Girondins de Bordeaux, les \u00e9checs de Christophe Moreau sur le Tour de France sous l'\u00e8re Lance Armstrong et le fade-away l\u00e9tal de Dirk Nowitzki, ma passion d\u00e9vorante pour le sport a toujours \u00e9t\u00e9 un pan incontournable de ma vie. Transmettre ma passion \u00e0 l\u2019\u00e9crit a \u00e9t\u00e9 une transition naturelle. Suiveur assidu de basket et de hockey sur glace, je garde toujours un peu de place pour suivre le cyclisme, le football et le maximum de performances fran\u00e7aises.\",\"sameAs\":[\"https:\/\/x.com\/https:\/\/twitter.com\/Maxime_Caze\"],\"url\":\"https:\/\/dicodusport.fr\/blog\/author\/maximec\/\"}]}<\/script>\n<!-- \/ Yoast SEO Premium plugin. -->","yoast_head_json":{"title":"Championnats du monde karat\u00e9 2023 : Steven Da Costa arrache une troisi\u00e8me couronne mondiale","description":"CHAMPIONNATS DU MONDE KARAT\u00c9 2023 - Steven Da Costa est devenu le premier fran\u00e7ais triple champion du monde ce samedi.","robots":{"index":"index","follow":"follow","max-snippet":"max-snippet:-1","max-image-preview":"max-image-preview:large","max-video-preview":"max-video-preview:-1"},"canonical":"https:\/\/dicodusport.fr\/blog\/championnats-du-monde-karate-2023-steven-da-costa-arrache-une-troisieme-couronne-mondiale\/","og_locale":"fr_FR","og_type":"article","og_title":"Championnats du monde karat\u00e9 2023 : Steven Da Costa arrache une troisi\u00e8me couronne mondiale","og_description":"CHAMPIONNATS DU MONDE KARAT\u00c9 2023 - Steven Da Costa est devenu le premier fran\u00e7ais triple champion du monde ce samedi.","og_url":"https:\/\/dicodusport.fr\/blog\/championnats-du-monde-karate-2023-steven-da-costa-arrache-une-troisieme-couronne-mondiale\/","og_site_name":"Dicodusport","article_publisher":"https:\/\/www.facebook.com\/dicodusport","article_published_time":"2023-10-28T16:57:08+00:00","article_modified_time":"2023-10-28T18:43:08+00:00","og_image":[{"width":800,"height":445,"url":"https:\/\/dicodusport.fr\/blog\/wp-content\/uploads\/2023\/10\/Championnats-du-monde-karate-2023-Steven-Da-Costa-arrache-une-troisieme-couronne-mondiale.png","type":"image\/png"}],"author":"Maxime Cazenave","twitter_card":"summary_large_image","twitter_creator":"@https:\/\/twitter.com\/Maxime_Caze","twitter_site":"@dicodusport","schema":{"@context":"https:\/\/schema.org","@graph":[{"@type":"NewsArticle","@id":"https:\/\/dicodusport.fr\/blog\/championnats-du-monde-karate-2023-steven-da-costa-arrache-une-troisieme-couronne-mondiale\/#article","isPartOf":{"@id":"https:\/\/dicodusport.fr\/blog\/championnats-du-monde-karate-2023-steven-da-costa-arrache-une-troisieme-couronne-mondiale\/"},"author":{"name":"Maxime Cazenave","@id":"https:\/\/dicodusport.fr\/blog\/#\/schema\/person\/37def232098a7a5cbab3974a3690abb0"},"headline":"Championnats du monde karat\u00e9 2023 : Steven Da Costa arrache une troisi\u00e8me couronne mondiale","datePublished":"2023-10-28T16:57:08+00:00","dateModified":"2023-10-28T18:43:08+00:00","mainEntityOfPage":{"@id":"https:\/\/dicodusport.fr\/blog\/championnats-du-monde-karate-2023-steven-da-costa-arrache-une-troisieme-couronne-mondiale\/"},"wordCount":558,"commentCount":0,"publisher":{"@id":"https:\/\/dicodusport.fr\/blog\/#organization"},"image":{"@id":"https:\/\/dicodusport.fr\/blog\/championnats-du-monde-karate-2023-steven-da-costa-arrache-une-troisieme-couronne-mondiale\/#primaryimage"},"thumbnailUrl":"https:\/\/dicodusport.fr\/blog\/wp-content\/uploads\/2023\/10\/Championnats-du-monde-karate-2023-Steven-Da-Costa-arrache-une-troisieme-couronne-mondiale.png","keywords":["br\u00e8ve","Karat\u00e9","sport","Steven Da Costa"],"articleSection":["Karat\u00e9"],"inLanguage":"fr-FR","potentialAction":[{"@type":"CommentAction","name":"Comment","target":["https:\/\/dicodusport.fr\/blog\/championnats-du-monde-karate-2023-steven-da-costa-arrache-une-troisieme-couronne-mondiale\/#respond"]}],"copyrightYear":"2023","copyrightHolder":{"@id":"https:\/\/dicodusport.fr\/blog\/#organization"}},{"@type":"WebPage","@id":"https:\/\/dicodusport.fr\/blog\/championnats-du-monde-karate-2023-steven-da-costa-arrache-une-troisieme-couronne-mondiale\/","url":"https:\/\/dicodusport.fr\/blog\/championnats-du-monde-karate-2023-steven-da-costa-arrache-une-troisieme-couronne-mondiale\/","name":"Championnats du monde karat\u00e9 2023 : Steven Da Costa arrache une troisi\u00e8me couronne mondiale","isPartOf":{"@id":"https:\/\/dicodusport.fr\/blog\/#website"},"primaryImageOfPage":{"@id":"https:\/\/dicodusport.fr\/blog\/championnats-du-monde-karate-2023-steven-da-costa-arrache-une-troisieme-couronne-mondiale\/#primaryimage"},"image":{"@id":"https:\/\/dicodusport.fr\/blog\/championnats-du-monde-karate-2023-steven-da-costa-arrache-une-troisieme-couronne-mondiale\/#primaryimage"},"thumbnailUrl":"https:\/\/dicodusport.fr\/blog\/wp-content\/uploads\/2023\/10\/Championnats-du-monde-karate-2023-Steven-Da-Costa-arrache-une-troisieme-couronne-mondiale.png","datePublished":"2023-10-28T16:57:08+00:00","dateModified":"2023-10-28T18:43:08+00:00","description":"CHAMPIONNATS DU MONDE KARAT\u00c9 2023 - Steven Da Costa est devenu le premier fran\u00e7ais triple champion du monde ce samedi.","breadcrumb":{"@id":"https:\/\/dicodusport.fr\/blog\/championnats-du-monde-karate-2023-steven-da-costa-arrache-une-troisieme-couronne-mondiale\/#breadcrumb"},"inLanguage":"fr-FR","potentialAction":[{"@type":"ReadAction","target":["https:\/\/dicodusport.fr\/blog\/championnats-du-monde-karate-2023-steven-da-costa-arrache-une-troisieme-couronne-mondiale\/"]}]},{"@type":"ImageObject","inLanguage":"fr-FR","@id":"https:\/\/dicodusport.fr\/blog\/championnats-du-monde-karate-2023-steven-da-costa-arrache-une-troisieme-couronne-mondiale\/#primaryimage","url":"https:\/\/dicodusport.fr\/blog\/wp-content\/uploads\/2023\/10\/Championnats-du-monde-karate-2023-Steven-Da-Costa-arrache-une-troisieme-couronne-mondiale.png","contentUrl":"https:\/\/dicodusport.fr\/blog\/wp-content\/uploads\/2023\/10\/Championnats-du-monde-karate-2023-Steven-Da-Costa-arrache-une-troisieme-couronne-mondiale.png","width":800,"height":445,"caption":"Championnats du monde karat\u00e9 2023 - Steven Da Costa arrache une troisi\u00e8me couronne mondiale - Photo Icon Sport"},{"@type":"BreadcrumbList","@id":"https:\/\/dicodusport.fr\/blog\/championnats-du-monde-karate-2023-steven-da-costa-arrache-une-troisieme-couronne-mondiale\/#breadcrumb","itemListElement":[{"@type":"ListItem","position":1,"name":"Accueil","item":"https:\/\/dicodusport.fr\/blog\/"},{"@type":"ListItem","position":2,"name":"Championnats du monde karat\u00e9 2023 : Steven Da Costa arrache une troisi\u00e8me couronne mondiale"}]},{"@type":"WebSite","@id":"https:\/\/dicodusport.fr\/blog\/#website","url":"https:\/\/dicodusport.fr\/blog\/","name":"Dicodusport","description":"L&#039;encyclop\u00e9die de l&#039;actualit\u00e9 sportive","publisher":{"@id":"https:\/\/dicodusport.fr\/blog\/#organization"},"potentialAction":[{"@type":"SearchAction","target":{"@type":"EntryPoint","urlTemplate":"https:\/\/dicodusport.fr\/blog\/?s={search_term_string}"},"query-input":{"@type":"PropertyValueSpecification","valueRequired":true,"valueName":"search_term_string"}}],"inLanguage":"fr-FR"},{"@type":"NewsMediaOrganization","@id":"https:\/\/dicodusport.fr\/blog\/#organization","name":"Dicodusport","url":"https:\/\/dicodusport.fr\/blog\/","logo":{"@type":"ImageObject","inLanguage":"fr-FR","@id":"https:\/\/dicodusport.fr\/blog\/#\/schema\/logo\/image\/","url":"https:\/\/dicodusport.fr\/blog\/wp-content\/uploads\/2020\/06\/cropped-LOGO-DICODUSPORT-2020-SANS-FOND-SANS-TEXTE.png","contentUrl":"https:\/\/dicodusport.fr\/blog\/wp-content\/uploads\/2020\/06\/cropped-LOGO-DICODUSPORT-2020-SANS-FOND-SANS-TEXTE.png","width":512,"height":512,"caption":"Dicodusport"},"image":{"@id":"https:\/\/dicodusport.fr\/blog\/#\/schema\/logo\/image\/"},"sameAs":["https:\/\/www.facebook.com\/dicodusport","https:\/\/x.com\/dicodusport","https:\/\/www.instagram.com\/dicodusport\/","https:\/\/www.youtube.com\/channel\/UC7V2KZ5sd3htJivAbA4ZG3w"],"description":"Dicodusport est l'encyclop\u00e9die de l'actualit\u00e9 sportive.","email":"bonjour@dicodusport.fr","legalName":"DICODUSPORT","foundingDate":"2018-01-14","vatID":"FR71834470973","taxID":"83447097300043","numberOfEmployees":{"@type":"QuantitativeValue","minValue":"1","maxValue":"10"}},{"@type":"Person","@id":"https:\/\/dicodusport.fr\/blog\/#\/schema\/person\/37def232098a7a5cbab3974a3690abb0","name":"Maxime Cazenave","image":{"@type":"ImageObject","inLanguage":"fr-FR","@id":"https:\/\/dicodusport.fr\/blog\/#\/schema\/person\/image\/","url":"https:\/\/dicodusport.fr\/blog\/wp-content\/uploads\/2021\/05\/Maxime-Cazenave-150x150.jpg","contentUrl":"https:\/\/dicodusport.fr\/blog\/wp-content\/uploads\/2021\/05\/Maxime-Cazenave-150x150.jpg","caption":"Maxime Cazenave"},"description":"Journaliste\/R\u00e9dacteur depuis 2012 - Berc\u00e9 par l\u2019amour des Girondins de Bordeaux, les \u00e9checs de Christophe Moreau sur le Tour de France sous l'\u00e8re Lance Armstrong et le fade-away l\u00e9tal de Dirk Nowitzki, ma passion d\u00e9vorante pour le sport a toujours \u00e9t\u00e9 un pan incontournable de ma vie. Transmettre ma passion \u00e0 l\u2019\u00e9crit a \u00e9t\u00e9 une transition naturelle. Suiveur assidu de basket et de hockey sur glace, je garde toujours un peu de place pour suivre le cyclisme, le football et le maximum de performances fran\u00e7aises.","sameAs":["https:\/\/x.com\/https:\/\/twitter.com\/Maxime_Caze"],"url":"https:\/\/dicodusport.fr\/blog\/author\/maximec\/"}]}},"_links":{"self":[{"href":"https:\/\/dicodusport.fr\/blog\/wp-json\/wp\/v2\/posts\/433105","targetHints":{"allow":["GET"]}}],"collection":[{"href":"https:\/\/dicodusport.fr\/blog\/wp-json\/wp\/v2\/posts"}],"about":[{"href":"https:\/\/dicodusport.fr\/blog\/wp-json\/wp\/v2\/types\/post"}],"author":[{"embeddable":true,"href":"https:\/\/dicodusport.fr\/blog\/wp-json\/wp\/v2\/users\/55"}],"replies":[{"embeddable":true,"href":"https:\/\/dicodusport.fr\/blog\/wp-json\/wp\/v2\/comments?post=433105"}],"version-history":[{"count":0,"href":"https:\/\/dicodusport.fr\/blog\/wp-json\/wp\/v2\/posts\/433105\/revisions"}],"wp:featuredmedia":[{"embeddable":true,"href":"https:\/\/dicodusport.fr\/blog\/wp-json\/wp\/v2\/media\/433152"}],"wp:attachment":[{"href":"https:\/\/dicodusport.fr\/blog\/wp-json\/wp\/v2\/media?parent=433105"}],"wp:term":[{"taxonomy":"category","embeddable":true,"href":"https:\/\/dicodusport.fr\/blog\/wp-json\/wp\/v2\/categories?post=433105"},{"taxonomy":"post_tag","embeddable":true,"href":"https:\/\/dicodusport.fr\/blog\/wp-json\/wp\/v2\/tags?post=433105"}],"curies":[{"name":"wp","href":"https:\/\/api.w.org\/{rel}","templated":true}]}}