{"id":433163,"date":"2023-10-28T21:25:51","date_gmt":"2023-10-28T19:25:51","guid":{"rendered":"https:\/\/dicodusport.fr\/blog\/?p=433163&#038;preview=true&#038;preview_id=433163"},"modified":"2023-10-29T02:14:52","modified_gmt":"2023-10-29T00:14:52","slug":"lyon-fabio-grosso-ecarte-rayan-cherki-pour-le-choc-om-ol","status":"publish","type":"post","link":"https:\/\/dicodusport.fr\/blog\/lyon-fabio-grosso-ecarte-rayan-cherki-pour-le-choc-om-ol\/","title":{"rendered":"Lyon : Fabio Grosso \u00e9carte Rayan Cherki pour le choc OM-OL"},"content":{"rendered":"<p style=\"text-align: justify;\"><strong><em>LIGUE 1 2023-2024 &#8211; Nouveau coup de tonnerre \u00e0 Lyon, puisque Fabio Grosso n&rsquo;a pas convoqu\u00e9 Rayan Cherki pour le choc face \u00e0 Marseille.\u00a0<\/em><\/strong><\/p>\n<ul style=\"text-align: justify;\">\n<li style=\"text-align: justify;\"><strong>\u00c0 lire aussi &#8211; <a href=\"https:\/\/dicodusport.fr\/blog\/marseille-lyon-chaine-tv-et-heure-du-match\/\" target=\"_blank\" rel=\"noopener\">Marseille \u2013 Lyon : Cha\u00eene TV et Heure du match<\/a><\/strong><\/li>\n<\/ul>\n<p style=\"text-align: justify;\">L&rsquo;entra\u00eeneur italien de l&rsquo;<strong>Olympique<\/strong> <strong>Lyonnais<\/strong> a annonc\u00e9 ce samedi en fin de journ\u00e9e le groupe pour affronter l&rsquo;<strong>Olympique de Marseille<\/strong>. Plusieurs joueurs manquent \u00e0 l&rsquo;appel. <strong>Duje<\/strong> <strong>Caleta-Car<\/strong>, <strong>Ainsley Maitland-Niles<\/strong> et surtout <strong>Rayan<\/strong> <strong>Cherki<\/strong> sont absents du groupe, sans qu&rsquo;ils soient a priori bless\u00e9s.<\/p>\n<p style=\"text-align: justify;\">Cette semaine, <strong>Fabio<\/strong> <strong>Grosso<\/strong> a annul\u00e9 un entra\u00eenement et s&rsquo;est mis en qu\u00eate d&rsquo;une taupe dans le vestiaire. La veille, <strong>J\u00e9r\u00f4me<\/strong> <strong>Rothen<\/strong> avait expliqu\u00e9 sur <em>RMC Sport<\/em> qu&rsquo;il avait eu des t\u00e9moignages de joueurs lyonnais et que l&rsquo;entra\u00eeneur transalpin avait d\u00e9j\u00e0 perdu son groupe. Pour le moment, on ne sait pas si la mise \u00e0 l&rsquo;\u00e9cart des trois joueurs et de <strong>Rayan<\/strong> <strong>Cherki<\/strong> donc est li\u00e9e \u00e0 cela, mais c&rsquo;est une option.<\/p>\n<p style=\"text-align: justify;\">Le meneur de jeu lyonnais a aussi un bilan sportif tr\u00e8s moyen avec son club, alors qu&rsquo;il brille avec la s\u00e9lection espoirs. S&rsquo;il a \u00e9t\u00e9 d\u00e9cisif lors de tous les matchs jou\u00e9s avec <strong>Thierry<\/strong> <strong>Henry<\/strong>, il n&rsquo;a toujours pas donn\u00e9 de passe d\u00e9cisive ou marqu\u00e9 de but avec <strong>Lyon<\/strong> cette saison. Alors que l&rsquo;<strong>OL<\/strong> est dernier du classement, c&rsquo;est un choix tr\u00e8s fort de <strong>Fabio<\/strong> <strong>Grosso<\/strong>.<\/p>\n<blockquote class=\"twitter-tweet\">\n<p dir=\"ltr\" lang=\"fr\">La liste des 2\ufe0f\u20e33\ufe0f\u20e3 joueurs convoqu\u00e9s par Fabio Grosso pour le d\u00e9placement \u00e0 Marseille \ud83d\udc4a\ud83d\udd34\ud83d\udd35<a href=\"https:\/\/twitter.com\/hashtag\/OMOL?src=hash&amp;ref_src=twsrc%5Etfw\">#OMOL<\/a> <a href=\"https:\/\/t.co\/FBA61jnDDh\">pic.twitter.com\/FBA61jnDDh<\/a><\/p>\n<p>\u2014 Olympique Lyonnais (@OL) <a href=\"https:\/\/twitter.com\/OL\/status\/1718326794305052799?ref_src=twsrc%5Etfw\">October 28, 2023<\/a><\/p><\/blockquote>\n<p style=\"text-align: justify;\"><script async src=\"https:\/\/platform.twitter.com\/widgets.js\" charset=\"utf-8\"><\/script><\/p>\n","protected":false},"excerpt":{"rendered":"<p>LIGUE 1 2023-2024 &#8211; Nouveau coup de tonnerre \u00e0 Lyon puisque Fabio Grosso n&rsquo;a pas convoqu\u00e9 Rayan Cherki pour le choc face \u00e0 Marseille.\u00a0<\/p>\n","protected":false},"author":1,"featured_media":433165,"comment_status":"open","ping_status":"closed","sticky":false,"template":"","format":"standard","meta":{"_acf_changed":false,"_daextam_enable_autolinks":"1","footnotes":""},"categories":[2301,47045],"tags":[16878,19897,75,1145,19771],"class_list":["post-433163","post","type-post","status-publish","format-standard","has-post-thumbnail","hentry","category-football","category-ligue-1","tag-breve","tag-cherki","tag-football","tag-ol","tag-rayan-cherki"],"acf":[],"yoast_head":"<!-- This site is optimized with the Yoast SEO Premium plugin v26.7 (Yoast SEO v26.7) - https:\/\/yoast.com\/wordpress\/plugins\/seo\/ -->\n<title>Lyon : Fabio Grosso \u00e9carte Rayan Cherki pour le choc OM-OL<\/title>\n<meta name=\"description\" content=\"LIGUE 1 2023-2024 - Nouveau coup de tonnerre \u00e0 Lyon puisque Fabio Grosso n&#039;a pas convoqu\u00e9 Rayan Cherki pour le choc face \u00e0 Marseille.\u00a0\" \/>\n<meta name=\"robots\" content=\"index, follow, max-snippet:-1, max-image-preview:large, max-video-preview:-1\" \/>\n<link rel=\"canonical\" href=\"https:\/\/dicodusport.fr\/blog\/lyon-fabio-grosso-ecarte-rayan-cherki-pour-le-choc-om-ol\/\" \/>\n<meta property=\"og:locale\" content=\"fr_FR\" \/>\n<meta property=\"og:type\" content=\"article\" \/>\n<meta property=\"og:title\" content=\"Lyon : Fabio Grosso \u00e9carte Rayan Cherki pour le choc OM-OL\" \/>\n<meta property=\"og:description\" content=\"LIGUE 1 2023-2024 - Nouveau coup de tonnerre \u00e0 Lyon puisque Fabio Grosso n&#039;a pas convoqu\u00e9 Rayan Cherki pour le choc face \u00e0 Marseille.\u00a0\" \/>\n<meta property=\"og:url\" content=\"https:\/\/dicodusport.fr\/blog\/lyon-fabio-grosso-ecarte-rayan-cherki-pour-le-choc-om-ol\/\" \/>\n<meta property=\"og:site_name\" content=\"Dicodusport\" \/>\n<meta property=\"article:publisher\" content=\"https:\/\/www.facebook.com\/dicodusport\" \/>\n<meta property=\"article:author\" content=\"https:\/\/www.facebook.com\/dicodusport\" \/>\n<meta property=\"article:published_time\" content=\"2023-10-28T19:25:51+00:00\" \/>\n<meta property=\"article:modified_time\" content=\"2023-10-29T00:14:52+00:00\" \/>\n<meta property=\"og:image\" content=\"https:\/\/dicodusport.fr\/blog\/wp-content\/uploads\/2023\/10\/Lyon-Fabio-Grosso-ecarte-Rayan-Cherki-pour-le-choc-OM-OL.png\" \/>\n\t<meta property=\"og:image:width\" content=\"800\" \/>\n\t<meta property=\"og:image:height\" content=\"445\" \/>\n\t<meta property=\"og:image:type\" content=\"image\/png\" \/>\n<meta name=\"author\" content=\"Nicolas Jacquemard\" \/>\n<meta name=\"twitter:card\" content=\"summary_large_image\" \/>\n<meta name=\"twitter:title\" content=\"Lyon : Fabio Grosso \u00e9carte Rayan Cherki pour le choc OM-OL\" \/>\n<meta name=\"twitter:creator\" content=\"@https:\/\/twitter.com\/Nico_Jacquemard\" \/>\n<meta name=\"twitter:site\" content=\"@dicodusport\" \/>\n<script type=\"application\/ld+json\" class=\"yoast-schema-graph\">{\"@context\":\"https:\/\/schema.org\",\"@graph\":[{\"@type\":\"NewsArticle\",\"@id\":\"https:\/\/dicodusport.fr\/blog\/lyon-fabio-grosso-ecarte-rayan-cherki-pour-le-choc-om-ol\/#article\",\"isPartOf\":{\"@id\":\"https:\/\/dicodusport.fr\/blog\/lyon-fabio-grosso-ecarte-rayan-cherki-pour-le-choc-om-ol\/\"},\"author\":{\"name\":\"Nicolas Jacquemard\",\"@id\":\"https:\/\/dicodusport.fr\/blog\/#\/schema\/person\/55dcb50ad410894e431ed812bbb70191\"},\"headline\":\"Lyon : Fabio Grosso \u00e9carte Rayan Cherki pour le choc OM-OL\",\"datePublished\":\"2023-10-28T19:25:51+00:00\",\"dateModified\":\"2023-10-29T00:14:52+00:00\",\"mainEntityOfPage\":{\"@id\":\"https:\/\/dicodusport.fr\/blog\/lyon-fabio-grosso-ecarte-rayan-cherki-pour-le-choc-om-ol\/\"},\"wordCount\":279,\"commentCount\":0,\"publisher\":{\"@id\":\"https:\/\/dicodusport.fr\/blog\/#organization\"},\"image\":{\"@id\":\"https:\/\/dicodusport.fr\/blog\/lyon-fabio-grosso-ecarte-rayan-cherki-pour-le-choc-om-ol\/#primaryimage\"},\"thumbnailUrl\":\"https:\/\/dicodusport.fr\/blog\/wp-content\/uploads\/2023\/10\/Lyon-Fabio-Grosso-ecarte-Rayan-Cherki-pour-le-choc-OM-OL.png\",\"keywords\":[\"br\u00e8ve\",\"Cherki\",\"Football\",\"OL\",\"Rayan Cherki\"],\"articleSection\":[\"Football\",\"Ligue 1\"],\"inLanguage\":\"fr-FR\",\"potentialAction\":[{\"@type\":\"CommentAction\",\"name\":\"Comment\",\"target\":[\"https:\/\/dicodusport.fr\/blog\/lyon-fabio-grosso-ecarte-rayan-cherki-pour-le-choc-om-ol\/#respond\"]}],\"copyrightYear\":\"2023\",\"copyrightHolder\":{\"@id\":\"https:\/\/dicodusport.fr\/blog\/#organization\"}},{\"@type\":\"WebPage\",\"@id\":\"https:\/\/dicodusport.fr\/blog\/lyon-fabio-grosso-ecarte-rayan-cherki-pour-le-choc-om-ol\/\",\"url\":\"https:\/\/dicodusport.fr\/blog\/lyon-fabio-grosso-ecarte-rayan-cherki-pour-le-choc-om-ol\/\",\"name\":\"Lyon : Fabio Grosso \u00e9carte Rayan Cherki pour le choc OM-OL\",\"isPartOf\":{\"@id\":\"https:\/\/dicodusport.fr\/blog\/#website\"},\"primaryImageOfPage\":{\"@id\":\"https:\/\/dicodusport.fr\/blog\/lyon-fabio-grosso-ecarte-rayan-cherki-pour-le-choc-om-ol\/#primaryimage\"},\"image\":{\"@id\":\"https:\/\/dicodusport.fr\/blog\/lyon-fabio-grosso-ecarte-rayan-cherki-pour-le-choc-om-ol\/#primaryimage\"},\"thumbnailUrl\":\"https:\/\/dicodusport.fr\/blog\/wp-content\/uploads\/2023\/10\/Lyon-Fabio-Grosso-ecarte-Rayan-Cherki-pour-le-choc-OM-OL.png\",\"datePublished\":\"2023-10-28T19:25:51+00:00\",\"dateModified\":\"2023-10-29T00:14:52+00:00\",\"description\":\"LIGUE 1 2023-2024 - Nouveau coup de tonnerre \u00e0 Lyon puisque Fabio Grosso n'a pas convoqu\u00e9 Rayan Cherki pour le choc face \u00e0 Marseille.\u00a0\",\"breadcrumb\":{\"@id\":\"https:\/\/dicodusport.fr\/blog\/lyon-fabio-grosso-ecarte-rayan-cherki-pour-le-choc-om-ol\/#breadcrumb\"},\"inLanguage\":\"fr-FR\",\"potentialAction\":[{\"@type\":\"ReadAction\",\"target\":[\"https:\/\/dicodusport.fr\/blog\/lyon-fabio-grosso-ecarte-rayan-cherki-pour-le-choc-om-ol\/\"]}]},{\"@type\":\"ImageObject\",\"inLanguage\":\"fr-FR\",\"@id\":\"https:\/\/dicodusport.fr\/blog\/lyon-fabio-grosso-ecarte-rayan-cherki-pour-le-choc-om-ol\/#primaryimage\",\"url\":\"https:\/\/dicodusport.fr\/blog\/wp-content\/uploads\/2023\/10\/Lyon-Fabio-Grosso-ecarte-Rayan-Cherki-pour-le-choc-OM-OL.png\",\"contentUrl\":\"https:\/\/dicodusport.fr\/blog\/wp-content\/uploads\/2023\/10\/Lyon-Fabio-Grosso-ecarte-Rayan-Cherki-pour-le-choc-OM-OL.png\",\"width\":800,\"height\":445},{\"@type\":\"BreadcrumbList\",\"@id\":\"https:\/\/dicodusport.fr\/blog\/lyon-fabio-grosso-ecarte-rayan-cherki-pour-le-choc-om-ol\/#breadcrumb\",\"itemListElement\":[{\"@type\":\"ListItem\",\"position\":1,\"name\":\"Accueil\",\"item\":\"https:\/\/dicodusport.fr\/blog\/\"},{\"@type\":\"ListItem\",\"position\":2,\"name\":\"Lyon : Fabio Grosso \u00e9carte Rayan Cherki pour le choc OM-OL\"}]},{\"@type\":\"WebSite\",\"@id\":\"https:\/\/dicodusport.fr\/blog\/#website\",\"url\":\"https:\/\/dicodusport.fr\/blog\/\",\"name\":\"Dicodusport\",\"description\":\"L&#039;encyclop\u00e9die de l&#039;actualit\u00e9 sportive\",\"publisher\":{\"@id\":\"https:\/\/dicodusport.fr\/blog\/#organization\"},\"potentialAction\":[{\"@type\":\"SearchAction\",\"target\":{\"@type\":\"EntryPoint\",\"urlTemplate\":\"https:\/\/dicodusport.fr\/blog\/?s={search_term_string}\"},\"query-input\":{\"@type\":\"PropertyValueSpecification\",\"valueRequired\":true,\"valueName\":\"search_term_string\"}}],\"inLanguage\":\"fr-FR\"},{\"@type\":\"NewsMediaOrganization\",\"@id\":\"https:\/\/dicodusport.fr\/blog\/#organization\",\"name\":\"Dicodusport\",\"url\":\"https:\/\/dicodusport.fr\/blog\/\",\"logo\":{\"@type\":\"ImageObject\",\"inLanguage\":\"fr-FR\",\"@id\":\"https:\/\/dicodusport.fr\/blog\/#\/schema\/logo\/image\/\",\"url\":\"https:\/\/dicodusport.fr\/blog\/wp-content\/uploads\/2020\/06\/cropped-LOGO-DICODUSPORT-2020-SANS-FOND-SANS-TEXTE.png\",\"contentUrl\":\"https:\/\/dicodusport.fr\/blog\/wp-content\/uploads\/2020\/06\/cropped-LOGO-DICODUSPORT-2020-SANS-FOND-SANS-TEXTE.png\",\"width\":512,\"height\":512,\"caption\":\"Dicodusport\"},\"image\":{\"@id\":\"https:\/\/dicodusport.fr\/blog\/#\/schema\/logo\/image\/\"},\"sameAs\":[\"https:\/\/www.facebook.com\/dicodusport\",\"https:\/\/x.com\/dicodusport\",\"https:\/\/www.instagram.com\/dicodusport\/\",\"https:\/\/www.youtube.com\/channel\/UC7V2KZ5sd3htJivAbA4ZG3w\"],\"description\":\"Dicodusport est l'encyclop\u00e9die de l'actualit\u00e9 sportive.\",\"email\":\"bonjour@dicodusport.fr\",\"legalName\":\"DICODUSPORT\",\"foundingDate\":\"2018-01-14\",\"vatID\":\"FR71834470973\",\"taxID\":\"83447097300043\",\"numberOfEmployees\":{\"@type\":\"QuantitativeValue\",\"minValue\":\"1\",\"maxValue\":\"10\"}},{\"@type\":\"Person\",\"@id\":\"https:\/\/dicodusport.fr\/blog\/#\/schema\/person\/55dcb50ad410894e431ed812bbb70191\",\"name\":\"Nicolas Jacquemard\",\"image\":{\"@type\":\"ImageObject\",\"inLanguage\":\"fr-FR\",\"@id\":\"https:\/\/dicodusport.fr\/blog\/#\/schema\/person\/image\/\",\"url\":\"https:\/\/dicodusport.fr\/blog\/wp-content\/uploads\/2021\/05\/Nicolas-Jacquemard-150x150.jpeg\",\"contentUrl\":\"https:\/\/dicodusport.fr\/blog\/wp-content\/uploads\/2021\/05\/Nicolas-Jacquemard-150x150.jpeg\",\"caption\":\"Nicolas Jacquemard\"},\"description\":\"Passionn\u00e9 de sport et entrepreneur depuis mes 18 ans, la cr\u00e9ation de Dicodusport m'a sembl\u00e9 \u00e9vidente pour participer \u00e0 la m\u00e9diatisation d'un plus grand nombre de sports. Le chemin est long mais avec une \u00e9quipe des plus motiv\u00e9es et les Jeux Olympiques de Paris 2024 en point de mire, nous y arriverons ! Journaliste dans le monde du sport depuis plus de 5 ans, je traite aussi bien de football, de rugby, de biathlon que de cyclisme.\",\"sameAs\":[\"https:\/\/www.facebook.com\/dicodusport\",\"https:\/\/x.com\/https:\/\/twitter.com\/Nico_Jacquemard\"],\"url\":\"https:\/\/dicodusport.fr\/blog\/author\/dicodusport\/\"}]}<\/script>\n<!-- \/ Yoast SEO Premium plugin. -->","yoast_head_json":{"title":"Lyon : Fabio Grosso \u00e9carte Rayan Cherki pour le choc OM-OL","description":"LIGUE 1 2023-2024 - Nouveau coup de tonnerre \u00e0 Lyon puisque Fabio Grosso n'a pas convoqu\u00e9 Rayan Cherki pour le choc face \u00e0 Marseille.\u00a0","robots":{"index":"index","follow":"follow","max-snippet":"max-snippet:-1","max-image-preview":"max-image-preview:large","max-video-preview":"max-video-preview:-1"},"canonical":"https:\/\/dicodusport.fr\/blog\/lyon-fabio-grosso-ecarte-rayan-cherki-pour-le-choc-om-ol\/","og_locale":"fr_FR","og_type":"article","og_title":"Lyon : Fabio Grosso \u00e9carte Rayan Cherki pour le choc OM-OL","og_description":"LIGUE 1 2023-2024 - Nouveau coup de tonnerre \u00e0 Lyon puisque Fabio Grosso n'a pas convoqu\u00e9 Rayan Cherki pour le choc face \u00e0 Marseille.\u00a0","og_url":"https:\/\/dicodusport.fr\/blog\/lyon-fabio-grosso-ecarte-rayan-cherki-pour-le-choc-om-ol\/","og_site_name":"Dicodusport","article_publisher":"https:\/\/www.facebook.com\/dicodusport","article_author":"https:\/\/www.facebook.com\/dicodusport","article_published_time":"2023-10-28T19:25:51+00:00","article_modified_time":"2023-10-29T00:14:52+00:00","og_image":[{"width":800,"height":445,"url":"https:\/\/dicodusport.fr\/blog\/wp-content\/uploads\/2023\/10\/Lyon-Fabio-Grosso-ecarte-Rayan-Cherki-pour-le-choc-OM-OL.png","type":"image\/png"}],"author":"Nicolas Jacquemard","twitter_card":"summary_large_image","twitter_title":"Lyon : Fabio Grosso \u00e9carte Rayan Cherki pour le choc OM-OL","twitter_creator":"@https:\/\/twitter.com\/Nico_Jacquemard","twitter_site":"@dicodusport","schema":{"@context":"https:\/\/schema.org","@graph":[{"@type":"NewsArticle","@id":"https:\/\/dicodusport.fr\/blog\/lyon-fabio-grosso-ecarte-rayan-cherki-pour-le-choc-om-ol\/#article","isPartOf":{"@id":"https:\/\/dicodusport.fr\/blog\/lyon-fabio-grosso-ecarte-rayan-cherki-pour-le-choc-om-ol\/"},"author":{"name":"Nicolas Jacquemard","@id":"https:\/\/dicodusport.fr\/blog\/#\/schema\/person\/55dcb50ad410894e431ed812bbb70191"},"headline":"Lyon : Fabio Grosso \u00e9carte Rayan Cherki pour le choc OM-OL","datePublished":"2023-10-28T19:25:51+00:00","dateModified":"2023-10-29T00:14:52+00:00","mainEntityOfPage":{"@id":"https:\/\/dicodusport.fr\/blog\/lyon-fabio-grosso-ecarte-rayan-cherki-pour-le-choc-om-ol\/"},"wordCount":279,"commentCount":0,"publisher":{"@id":"https:\/\/dicodusport.fr\/blog\/#organization"},"image":{"@id":"https:\/\/dicodusport.fr\/blog\/lyon-fabio-grosso-ecarte-rayan-cherki-pour-le-choc-om-ol\/#primaryimage"},"thumbnailUrl":"https:\/\/dicodusport.fr\/blog\/wp-content\/uploads\/2023\/10\/Lyon-Fabio-Grosso-ecarte-Rayan-Cherki-pour-le-choc-OM-OL.png","keywords":["br\u00e8ve","Cherki","Football","OL","Rayan Cherki"],"articleSection":["Football","Ligue 1"],"inLanguage":"fr-FR","potentialAction":[{"@type":"CommentAction","name":"Comment","target":["https:\/\/dicodusport.fr\/blog\/lyon-fabio-grosso-ecarte-rayan-cherki-pour-le-choc-om-ol\/#respond"]}],"copyrightYear":"2023","copyrightHolder":{"@id":"https:\/\/dicodusport.fr\/blog\/#organization"}},{"@type":"WebPage","@id":"https:\/\/dicodusport.fr\/blog\/lyon-fabio-grosso-ecarte-rayan-cherki-pour-le-choc-om-ol\/","url":"https:\/\/dicodusport.fr\/blog\/lyon-fabio-grosso-ecarte-rayan-cherki-pour-le-choc-om-ol\/","name":"Lyon : Fabio Grosso \u00e9carte Rayan Cherki pour le choc OM-OL","isPartOf":{"@id":"https:\/\/dicodusport.fr\/blog\/#website"},"primaryImageOfPage":{"@id":"https:\/\/dicodusport.fr\/blog\/lyon-fabio-grosso-ecarte-rayan-cherki-pour-le-choc-om-ol\/#primaryimage"},"image":{"@id":"https:\/\/dicodusport.fr\/blog\/lyon-fabio-grosso-ecarte-rayan-cherki-pour-le-choc-om-ol\/#primaryimage"},"thumbnailUrl":"https:\/\/dicodusport.fr\/blog\/wp-content\/uploads\/2023\/10\/Lyon-Fabio-Grosso-ecarte-Rayan-Cherki-pour-le-choc-OM-OL.png","datePublished":"2023-10-28T19:25:51+00:00","dateModified":"2023-10-29T00:14:52+00:00","description":"LIGUE 1 2023-2024 - Nouveau coup de tonnerre \u00e0 Lyon puisque Fabio Grosso n'a pas convoqu\u00e9 Rayan Cherki pour le choc face \u00e0 Marseille.\u00a0","breadcrumb":{"@id":"https:\/\/dicodusport.fr\/blog\/lyon-fabio-grosso-ecarte-rayan-cherki-pour-le-choc-om-ol\/#breadcrumb"},"inLanguage":"fr-FR","potentialAction":[{"@type":"ReadAction","target":["https:\/\/dicodusport.fr\/blog\/lyon-fabio-grosso-ecarte-rayan-cherki-pour-le-choc-om-ol\/"]}]},{"@type":"ImageObject","inLanguage":"fr-FR","@id":"https:\/\/dicodusport.fr\/blog\/lyon-fabio-grosso-ecarte-rayan-cherki-pour-le-choc-om-ol\/#primaryimage","url":"https:\/\/dicodusport.fr\/blog\/wp-content\/uploads\/2023\/10\/Lyon-Fabio-Grosso-ecarte-Rayan-Cherki-pour-le-choc-OM-OL.png","contentUrl":"https:\/\/dicodusport.fr\/blog\/wp-content\/uploads\/2023\/10\/Lyon-Fabio-Grosso-ecarte-Rayan-Cherki-pour-le-choc-OM-OL.png","width":800,"height":445},{"@type":"BreadcrumbList","@id":"https:\/\/dicodusport.fr\/blog\/lyon-fabio-grosso-ecarte-rayan-cherki-pour-le-choc-om-ol\/#breadcrumb","itemListElement":[{"@type":"ListItem","position":1,"name":"Accueil","item":"https:\/\/dicodusport.fr\/blog\/"},{"@type":"ListItem","position":2,"name":"Lyon : Fabio Grosso \u00e9carte Rayan Cherki pour le choc OM-OL"}]},{"@type":"WebSite","@id":"https:\/\/dicodusport.fr\/blog\/#website","url":"https:\/\/dicodusport.fr\/blog\/","name":"Dicodusport","description":"L&#039;encyclop\u00e9die de l&#039;actualit\u00e9 sportive","publisher":{"@id":"https:\/\/dicodusport.fr\/blog\/#organization"},"potentialAction":[{"@type":"SearchAction","target":{"@type":"EntryPoint","urlTemplate":"https:\/\/dicodusport.fr\/blog\/?s={search_term_string}"},"query-input":{"@type":"PropertyValueSpecification","valueRequired":true,"valueName":"search_term_string"}}],"inLanguage":"fr-FR"},{"@type":"NewsMediaOrganization","@id":"https:\/\/dicodusport.fr\/blog\/#organization","name":"Dicodusport","url":"https:\/\/dicodusport.fr\/blog\/","logo":{"@type":"ImageObject","inLanguage":"fr-FR","@id":"https:\/\/dicodusport.fr\/blog\/#\/schema\/logo\/image\/","url":"https:\/\/dicodusport.fr\/blog\/wp-content\/uploads\/2020\/06\/cropped-LOGO-DICODUSPORT-2020-SANS-FOND-SANS-TEXTE.png","contentUrl":"https:\/\/dicodusport.fr\/blog\/wp-content\/uploads\/2020\/06\/cropped-LOGO-DICODUSPORT-2020-SANS-FOND-SANS-TEXTE.png","width":512,"height":512,"caption":"Dicodusport"},"image":{"@id":"https:\/\/dicodusport.fr\/blog\/#\/schema\/logo\/image\/"},"sameAs":["https:\/\/www.facebook.com\/dicodusport","https:\/\/x.com\/dicodusport","https:\/\/www.instagram.com\/dicodusport\/","https:\/\/www.youtube.com\/channel\/UC7V2KZ5sd3htJivAbA4ZG3w"],"description":"Dicodusport est l'encyclop\u00e9die de l'actualit\u00e9 sportive.","email":"bonjour@dicodusport.fr","legalName":"DICODUSPORT","foundingDate":"2018-01-14","vatID":"FR71834470973","taxID":"83447097300043","numberOfEmployees":{"@type":"QuantitativeValue","minValue":"1","maxValue":"10"}},{"@type":"Person","@id":"https:\/\/dicodusport.fr\/blog\/#\/schema\/person\/55dcb50ad410894e431ed812bbb70191","name":"Nicolas Jacquemard","image":{"@type":"ImageObject","inLanguage":"fr-FR","@id":"https:\/\/dicodusport.fr\/blog\/#\/schema\/person\/image\/","url":"https:\/\/dicodusport.fr\/blog\/wp-content\/uploads\/2021\/05\/Nicolas-Jacquemard-150x150.jpeg","contentUrl":"https:\/\/dicodusport.fr\/blog\/wp-content\/uploads\/2021\/05\/Nicolas-Jacquemard-150x150.jpeg","caption":"Nicolas Jacquemard"},"description":"Passionn\u00e9 de sport et entrepreneur depuis mes 18 ans, la cr\u00e9ation de Dicodusport m'a sembl\u00e9 \u00e9vidente pour participer \u00e0 la m\u00e9diatisation d'un plus grand nombre de sports. Le chemin est long mais avec une \u00e9quipe des plus motiv\u00e9es et les Jeux Olympiques de Paris 2024 en point de mire, nous y arriverons ! Journaliste dans le monde du sport depuis plus de 5 ans, je traite aussi bien de football, de rugby, de biathlon que de cyclisme.","sameAs":["https:\/\/www.facebook.com\/dicodusport","https:\/\/x.com\/https:\/\/twitter.com\/Nico_Jacquemard"],"url":"https:\/\/dicodusport.fr\/blog\/author\/dicodusport\/"}]}},"_links":{"self":[{"href":"https:\/\/dicodusport.fr\/blog\/wp-json\/wp\/v2\/posts\/433163","targetHints":{"allow":["GET"]}}],"collection":[{"href":"https:\/\/dicodusport.fr\/blog\/wp-json\/wp\/v2\/posts"}],"about":[{"href":"https:\/\/dicodusport.fr\/blog\/wp-json\/wp\/v2\/types\/post"}],"author":[{"embeddable":true,"href":"https:\/\/dicodusport.fr\/blog\/wp-json\/wp\/v2\/users\/1"}],"replies":[{"embeddable":true,"href":"https:\/\/dicodusport.fr\/blog\/wp-json\/wp\/v2\/comments?post=433163"}],"version-history":[{"count":0,"href":"https:\/\/dicodusport.fr\/blog\/wp-json\/wp\/v2\/posts\/433163\/revisions"}],"wp:featuredmedia":[{"embeddable":true,"href":"https:\/\/dicodusport.fr\/blog\/wp-json\/wp\/v2\/media\/433165"}],"wp:attachment":[{"href":"https:\/\/dicodusport.fr\/blog\/wp-json\/wp\/v2\/media?parent=433163"}],"wp:term":[{"taxonomy":"category","embeddable":true,"href":"https:\/\/dicodusport.fr\/blog\/wp-json\/wp\/v2\/categories?post=433163"},{"taxonomy":"post_tag","embeddable":true,"href":"https:\/\/dicodusport.fr\/blog\/wp-json\/wp\/v2\/tags?post=433163"}],"curies":[{"name":"wp","href":"https:\/\/api.w.org\/{rel}","templated":true}]}}