{"id":433269,"date":"2023-10-29T12:08:41","date_gmt":"2023-10-29T11:08:41","guid":{"rendered":"https:\/\/dicodusport.fr\/blog\/?p=433269&#038;preview=true&#038;preview_id=433269"},"modified":"2023-10-29T12:32:35","modified_gmt":"2023-10-29T11:32:35","slug":"geant-solden-hommes-2023-la-course-annulee-en-raison-du-vent","status":"publish","type":"post","link":"https:\/\/dicodusport.fr\/blog\/geant-solden-hommes-2023-la-course-annulee-en-raison-du-vent\/","title":{"rendered":"G\u00e9ant S\u00f6lden hommes 2023 : La course annul\u00e9e en raison du vent"},"content":{"rendered":"<p style=\"text-align: justify;\"><strong><em><a href=\"https:\/\/dicodusport.fr\/blog\/actualites\/sports-dhiver\/ski\/coupe-du-monde-ski-alpin-2023-2024\/\">COUPE DU MONDE DE SKI ALPIN 2023-2024<\/a> &#8211; Alors que la saison masculine devait d\u00e9buter ce dimanche par un G\u00e9ant sur le glacier de S\u00f6lden, la course a \u00e9t\u00e9 annul\u00e9e alors que la premi\u00e8re manche n&rsquo;a pas pu aller \u00e0 son terme.<\/em><\/strong><\/p>\n<p style=\"text-align: justify;\">Au lendemain de <a href=\"https:\/\/dicodusport.fr\/blog\/geant-solden-femmes-2023-lara-gut-behrami-coiffe-federica-brignone-et-rafle-la-mise\/\">la victoire de Lara Gut-Behrami<\/a> en ouverture de la saison f\u00e9minine, les hommes avaient rendez-vous \u00e0 leur tour sur le glacier de S\u00f6lden afin de lancer leur saison. <strong>Henrik Kristoffersen<\/strong> \u00e9tait le premier \u00e0 s&rsquo;\u00e9lancer, sur une piste raccourcie en raison du brouillard et du vent, pour tenter de rivaliser avec <strong>Marco Odermatt<\/strong> qui visera cette saison un troisi\u00e8me gros globe cons\u00e9cutif.<\/p>\n<p style=\"text-align: justify;\">Finalement, le vent a eu raison de la tenue de l&rsquo;\u00e9preuve puisqu&rsquo;apr\u00e8s 44 dossards, la course a \u00e9t\u00e9 interrompue dans un premier temps pendant pr\u00e8s de 50 minutes avant d&rsquo;\u00eatre d\u00e9finitivement annul\u00e9e. Les conditions ne s&rsquo;am\u00e9liorant pas, la d\u00e9cision a \u00e9t\u00e9 prise d&rsquo;autant que le retard accumul\u00e9 n&rsquo;aurait pas permis de d\u00e9buter la seconde manche pendant les horaires de diffusion officiels, de m\u00eame que la luminosit\u00e9 devrait baisser rapidement au fil de l&rsquo;apr\u00e8s-midi.<\/p>\n<blockquote class=\"twitter-tweet\">\n<p dir=\"ltr\" lang=\"fr\">Mauvaise nouvelle \u00e0 S\u00f6lden (mais d\u00e9cision on ne peut plus logique) \ud83d\ude22 <a href=\"https:\/\/twitter.com\/hashtag\/ChaletClub?src=hash&amp;ref_src=twsrc%5Etfw\">#ChaletClub<\/a> <a href=\"https:\/\/t.co\/4PoRf4jwpI\">https:\/\/t.co\/4PoRf4jwpI<\/a> <a href=\"https:\/\/t.co\/y7z1dct88S\">pic.twitter.com\/y7z1dct88S<\/a><\/p>\n<p>\u2014 Eurosport France (@Eurosport_FR) <a href=\"https:\/\/twitter.com\/Eurosport_FR\/status\/1718581502118617557?ref_src=twsrc%5Etfw\">October 29, 2023<\/a><\/p><\/blockquote>\n<p><script async src=\"https:\/\/platform.twitter.com\/widgets.js\" charset=\"utf-8\"><\/script><\/p>\n<h2 style=\"text-align: justify;\">Marco Schwarz \u00e9tait bien parti<\/h2>\n<p style=\"text-align: justify;\"><strong>Marco Schwarz<\/strong>, auteur d&rsquo;une excellente manche, avait pourtant sign\u00e9 le temps de r\u00e9f\u00e9rence devant <strong>Odermatt<\/strong> (\u00e0 29 centi\u00e8mes). L&rsquo;Autrichien a d\u00e9cid\u00e9 de profiter de cette saison sans championnat afin de <a href=\"https:\/\/dicodusport.fr\/blog\/5-raisons-de-suivre-la-coupe-du-monde-masculine-de-ski-alpin\/\">disputer l&rsquo;int\u00e9gralit\u00e9 des courses de la saison pour peut \u00eatre rivaliser avec<strong> Odermatt<\/strong> pour le gros globe<\/a>. <strong>Alexis Pinturault<\/strong>, auteur d&rsquo;une manche propre, dossard 3, \u00e9tait quant \u00e0 lui en embuscade (3\u00e8me \u00e0 46 centi\u00e8mes). De retour de blessure, <strong>Thibaut Favrot<\/strong> a surpris en terminant 13\u00e8me (\u00e0 1 seconde 74) avec son dossard 29. <strong>Victor Muffat-Jeandet,<\/strong> \u00e9galement de retour de blessure et encore en qu\u00eate de rep\u00e8re \u00e9tait hors du coup (32\u00e8me). <strong>Matthieu Faivre<\/strong> a fini encore plus loin (36\u00e8me apr\u00e8s 44 passages).<\/p>\n<p style=\"text-align: justify;\">Il faudra d\u00e9sormais attendre le 11 et 12 novembre pour les prochaines \u00e9preuves masculines : deux descentes \u00e0 Zermatt\/Cervinia (Suisse\/Italie).<\/p>\n","protected":false},"excerpt":{"rendered":"<p>Coupe du monde de ski alpin 2023-2024 : le g\u00e9ant de S\u00f6lden n&rsquo;a pas pu aller \u00e0 son terme en raison du vent. Marco Schwarz \u00e9tait en t\u00eate.<\/p>\n","protected":false},"author":91,"featured_media":433314,"comment_status":"open","ping_status":"closed","sticky":false,"template":"","format":"standard","meta":{"_acf_changed":false,"_daextam_enable_autolinks":"1","footnotes":""},"categories":[47084],"tags":[16878,676,2233],"class_list":["post-433269","post","type-post","status-publish","format-standard","has-post-thumbnail","hentry","category-coupe-du-monde-ski-alpin","tag-breve","tag-ski","tag-ski-alpin"],"acf":[],"yoast_head":"<!-- This site is optimized with the Yoast SEO Premium plugin v26.7 (Yoast SEO v26.7) - https:\/\/yoast.com\/wordpress\/plugins\/seo\/ -->\n<title>G\u00e9ant S\u00f6lden hommes 2023 : La course annul\u00e9e en raison du vent<\/title>\n<meta name=\"description\" content=\"Coupe du monde de ski alpin 2023-2024 : le g\u00e9ant de S\u00f6lden n&#039;a pas pu aller \u00e0 son terme en raison du vent. Marco Schwarz \u00e9tait en t\u00eate.\" \/>\n<meta name=\"robots\" content=\"index, follow, max-snippet:-1, max-image-preview:large, max-video-preview:-1\" \/>\n<link rel=\"canonical\" href=\"https:\/\/dicodusport.fr\/blog\/geant-solden-hommes-2023-la-course-annulee-en-raison-du-vent\/\" \/>\n<meta property=\"og:locale\" content=\"fr_FR\" \/>\n<meta property=\"og:type\" content=\"article\" \/>\n<meta property=\"og:title\" content=\"G\u00e9ant S\u00f6lden hommes 2023 : La course annul\u00e9e en raison du vent\" \/>\n<meta property=\"og:description\" content=\"Coupe du monde de ski alpin 2023-2024 : le g\u00e9ant de S\u00f6lden n&#039;a pas pu aller \u00e0 son terme en raison du vent. Marco Schwarz \u00e9tait en t\u00eate.\" \/>\n<meta property=\"og:url\" content=\"https:\/\/dicodusport.fr\/blog\/geant-solden-hommes-2023-la-course-annulee-en-raison-du-vent\/\" \/>\n<meta property=\"og:site_name\" content=\"Dicodusport\" \/>\n<meta property=\"article:publisher\" content=\"https:\/\/www.facebook.com\/dicodusport\" \/>\n<meta property=\"article:published_time\" content=\"2023-10-29T11:08:41+00:00\" \/>\n<meta property=\"article:modified_time\" content=\"2023-10-29T11:32:35+00:00\" \/>\n<meta property=\"og:image\" content=\"https:\/\/dicodusport.fr\/blog\/wp-content\/uploads\/2023\/10\/Geant-Solden-hommes-2023-La-course-annulee-en-raison-du-vent.png\" \/>\n\t<meta property=\"og:image:width\" content=\"800\" \/>\n\t<meta property=\"og:image:height\" content=\"445\" \/>\n\t<meta property=\"og:image:type\" content=\"image\/png\" \/>\n<meta name=\"author\" content=\"Victor Clot-Amiot\" \/>\n<meta name=\"twitter:card\" content=\"summary_large_image\" \/>\n<meta name=\"twitter:title\" content=\"G\u00e9ant S\u00f6lden hommes 2023 : La course annul\u00e9e en raison du vent\" \/>\n<meta name=\"twitter:creator\" content=\"@https:\/\/x.com\/VictorClotAmiot\" \/>\n<meta name=\"twitter:site\" content=\"@dicodusport\" \/>\n<script type=\"application\/ld+json\" class=\"yoast-schema-graph\">{\"@context\":\"https:\/\/schema.org\",\"@graph\":[{\"@type\":\"NewsArticle\",\"@id\":\"https:\/\/dicodusport.fr\/blog\/geant-solden-hommes-2023-la-course-annulee-en-raison-du-vent\/#article\",\"isPartOf\":{\"@id\":\"https:\/\/dicodusport.fr\/blog\/geant-solden-hommes-2023-la-course-annulee-en-raison-du-vent\/\"},\"author\":{\"name\":\"Victor Clot-Amiot\",\"@id\":\"https:\/\/dicodusport.fr\/blog\/#\/schema\/person\/b623199cba9ba90fe84a3d16e9282360\"},\"headline\":\"G\u00e9ant S\u00f6lden hommes 2023 : La course annul\u00e9e en raison du vent\",\"datePublished\":\"2023-10-29T11:08:41+00:00\",\"dateModified\":\"2023-10-29T11:32:35+00:00\",\"mainEntityOfPage\":{\"@id\":\"https:\/\/dicodusport.fr\/blog\/geant-solden-hommes-2023-la-course-annulee-en-raison-du-vent\/\"},\"wordCount\":384,\"commentCount\":0,\"publisher\":{\"@id\":\"https:\/\/dicodusport.fr\/blog\/#organization\"},\"image\":{\"@id\":\"https:\/\/dicodusport.fr\/blog\/geant-solden-hommes-2023-la-course-annulee-en-raison-du-vent\/#primaryimage\"},\"thumbnailUrl\":\"https:\/\/dicodusport.fr\/blog\/wp-content\/uploads\/2023\/10\/Geant-Solden-hommes-2023-La-course-annulee-en-raison-du-vent.png\",\"keywords\":[\"br\u00e8ve\",\"ski\",\"Ski alpin\"],\"articleSection\":[\"Coupe du monde de ski alpin\"],\"inLanguage\":\"fr-FR\",\"potentialAction\":[{\"@type\":\"CommentAction\",\"name\":\"Comment\",\"target\":[\"https:\/\/dicodusport.fr\/blog\/geant-solden-hommes-2023-la-course-annulee-en-raison-du-vent\/#respond\"]}],\"copyrightYear\":\"2023\",\"copyrightHolder\":{\"@id\":\"https:\/\/dicodusport.fr\/blog\/#organization\"}},{\"@type\":\"WebPage\",\"@id\":\"https:\/\/dicodusport.fr\/blog\/geant-solden-hommes-2023-la-course-annulee-en-raison-du-vent\/\",\"url\":\"https:\/\/dicodusport.fr\/blog\/geant-solden-hommes-2023-la-course-annulee-en-raison-du-vent\/\",\"name\":\"G\u00e9ant S\u00f6lden hommes 2023 : La course annul\u00e9e en raison du vent\",\"isPartOf\":{\"@id\":\"https:\/\/dicodusport.fr\/blog\/#website\"},\"primaryImageOfPage\":{\"@id\":\"https:\/\/dicodusport.fr\/blog\/geant-solden-hommes-2023-la-course-annulee-en-raison-du-vent\/#primaryimage\"},\"image\":{\"@id\":\"https:\/\/dicodusport.fr\/blog\/geant-solden-hommes-2023-la-course-annulee-en-raison-du-vent\/#primaryimage\"},\"thumbnailUrl\":\"https:\/\/dicodusport.fr\/blog\/wp-content\/uploads\/2023\/10\/Geant-Solden-hommes-2023-La-course-annulee-en-raison-du-vent.png\",\"datePublished\":\"2023-10-29T11:08:41+00:00\",\"dateModified\":\"2023-10-29T11:32:35+00:00\",\"description\":\"Coupe du monde de ski alpin 2023-2024 : le g\u00e9ant de S\u00f6lden n'a pas pu aller \u00e0 son terme en raison du vent. Marco Schwarz \u00e9tait en t\u00eate.\",\"breadcrumb\":{\"@id\":\"https:\/\/dicodusport.fr\/blog\/geant-solden-hommes-2023-la-course-annulee-en-raison-du-vent\/#breadcrumb\"},\"inLanguage\":\"fr-FR\",\"potentialAction\":[{\"@type\":\"ReadAction\",\"target\":[\"https:\/\/dicodusport.fr\/blog\/geant-solden-hommes-2023-la-course-annulee-en-raison-du-vent\/\"]}]},{\"@type\":\"ImageObject\",\"inLanguage\":\"fr-FR\",\"@id\":\"https:\/\/dicodusport.fr\/blog\/geant-solden-hommes-2023-la-course-annulee-en-raison-du-vent\/#primaryimage\",\"url\":\"https:\/\/dicodusport.fr\/blog\/wp-content\/uploads\/2023\/10\/Geant-Solden-hommes-2023-La-course-annulee-en-raison-du-vent.png\",\"contentUrl\":\"https:\/\/dicodusport.fr\/blog\/wp-content\/uploads\/2023\/10\/Geant-Solden-hommes-2023-La-course-annulee-en-raison-du-vent.png\",\"width\":800,\"height\":445,\"caption\":\"G\u00e9ant S\u00f6lden hommes 2023 La course annul\u00e9e en raison du vent\"},{\"@type\":\"BreadcrumbList\",\"@id\":\"https:\/\/dicodusport.fr\/blog\/geant-solden-hommes-2023-la-course-annulee-en-raison-du-vent\/#breadcrumb\",\"itemListElement\":[{\"@type\":\"ListItem\",\"position\":1,\"name\":\"Accueil\",\"item\":\"https:\/\/dicodusport.fr\/blog\/\"},{\"@type\":\"ListItem\",\"position\":2,\"name\":\"G\u00e9ant S\u00f6lden hommes 2023 : La course annul\u00e9e en raison du vent\"}]},{\"@type\":\"WebSite\",\"@id\":\"https:\/\/dicodusport.fr\/blog\/#website\",\"url\":\"https:\/\/dicodusport.fr\/blog\/\",\"name\":\"Dicodusport\",\"description\":\"L&#039;encyclop\u00e9die de l&#039;actualit\u00e9 sportive\",\"publisher\":{\"@id\":\"https:\/\/dicodusport.fr\/blog\/#organization\"},\"potentialAction\":[{\"@type\":\"SearchAction\",\"target\":{\"@type\":\"EntryPoint\",\"urlTemplate\":\"https:\/\/dicodusport.fr\/blog\/?s={search_term_string}\"},\"query-input\":{\"@type\":\"PropertyValueSpecification\",\"valueRequired\":true,\"valueName\":\"search_term_string\"}}],\"inLanguage\":\"fr-FR\"},{\"@type\":\"NewsMediaOrganization\",\"@id\":\"https:\/\/dicodusport.fr\/blog\/#organization\",\"name\":\"Dicodusport\",\"url\":\"https:\/\/dicodusport.fr\/blog\/\",\"logo\":{\"@type\":\"ImageObject\",\"inLanguage\":\"fr-FR\",\"@id\":\"https:\/\/dicodusport.fr\/blog\/#\/schema\/logo\/image\/\",\"url\":\"https:\/\/dicodusport.fr\/blog\/wp-content\/uploads\/2020\/06\/cropped-LOGO-DICODUSPORT-2020-SANS-FOND-SANS-TEXTE.png\",\"contentUrl\":\"https:\/\/dicodusport.fr\/blog\/wp-content\/uploads\/2020\/06\/cropped-LOGO-DICODUSPORT-2020-SANS-FOND-SANS-TEXTE.png\",\"width\":512,\"height\":512,\"caption\":\"Dicodusport\"},\"image\":{\"@id\":\"https:\/\/dicodusport.fr\/blog\/#\/schema\/logo\/image\/\"},\"sameAs\":[\"https:\/\/www.facebook.com\/dicodusport\",\"https:\/\/x.com\/dicodusport\",\"https:\/\/www.instagram.com\/dicodusport\/\",\"https:\/\/www.youtube.com\/channel\/UC7V2KZ5sd3htJivAbA4ZG3w\"],\"description\":\"Dicodusport est l'encyclop\u00e9die de l'actualit\u00e9 sportive.\",\"email\":\"bonjour@dicodusport.fr\",\"legalName\":\"DICODUSPORT\",\"foundingDate\":\"2018-01-14\",\"vatID\":\"FR71834470973\",\"taxID\":\"83447097300043\",\"numberOfEmployees\":{\"@type\":\"QuantitativeValue\",\"minValue\":\"1\",\"maxValue\":\"10\"}},{\"@type\":\"Person\",\"@id\":\"https:\/\/dicodusport.fr\/blog\/#\/schema\/person\/b623199cba9ba90fe84a3d16e9282360\",\"name\":\"Victor Clot-Amiot\",\"image\":{\"@type\":\"ImageObject\",\"inLanguage\":\"fr-FR\",\"@id\":\"https:\/\/dicodusport.fr\/blog\/#\/schema\/person\/image\/\",\"url\":\"https:\/\/dicodusport.fr\/blog\/wp-content\/uploads\/2023\/09\/IMG_20190826_114722-150x150.jpg\",\"contentUrl\":\"https:\/\/dicodusport.fr\/blog\/wp-content\/uploads\/2023\/09\/IMG_20190826_114722-150x150.jpg\",\"caption\":\"Victor Clot-Amiot\"},\"description\":\"Passionn\u00e9 de sport depuis toujours, un jour \u00e0 l'adolescence mes parents m'ont dit : \\\"quitte \u00e0 passer ton temps \u00e0 regarder du sport, au moins va le voir en vrai\\\" ! Depuis, cette remarque ne m'a plus quitt\u00e9 et je passe une grande partie de mon temps libre \u00e0 assister \u00e0 des comp\u00e9titions de tous sports. Je m\u00eale d'ailleurs mes deux passions, le sport et les voyages afin de faire une pierre deux coups ! Outre l'US Open ou l'Euro 2021 par exemple, j'ai assist\u00e9 cet \u00e9t\u00e9 aux Mondiaux d'athl\u00e9tisme \u00e0 Budapest. Mon plus gros coup dur est et restera les JO 2020-2021 pour lesquels j'avais r\u00e9serv\u00e9 17 \u00e9preuves. La suite, vous la connaissez...\",\"sameAs\":[\"https:\/\/x.com\/https:\/\/x.com\/VictorClotAmiot\"],\"url\":\"https:\/\/dicodusport.fr\/blog\/author\/victor-clot-amiot\/\"}]}<\/script>\n<!-- \/ Yoast SEO Premium plugin. -->","yoast_head_json":{"title":"G\u00e9ant S\u00f6lden hommes 2023 : La course annul\u00e9e en raison du vent","description":"Coupe du monde de ski alpin 2023-2024 : le g\u00e9ant de S\u00f6lden n'a pas pu aller \u00e0 son terme en raison du vent. Marco Schwarz \u00e9tait en t\u00eate.","robots":{"index":"index","follow":"follow","max-snippet":"max-snippet:-1","max-image-preview":"max-image-preview:large","max-video-preview":"max-video-preview:-1"},"canonical":"https:\/\/dicodusport.fr\/blog\/geant-solden-hommes-2023-la-course-annulee-en-raison-du-vent\/","og_locale":"fr_FR","og_type":"article","og_title":"G\u00e9ant S\u00f6lden hommes 2023 : La course annul\u00e9e en raison du vent","og_description":"Coupe du monde de ski alpin 2023-2024 : le g\u00e9ant de S\u00f6lden n'a pas pu aller \u00e0 son terme en raison du vent. Marco Schwarz \u00e9tait en t\u00eate.","og_url":"https:\/\/dicodusport.fr\/blog\/geant-solden-hommes-2023-la-course-annulee-en-raison-du-vent\/","og_site_name":"Dicodusport","article_publisher":"https:\/\/www.facebook.com\/dicodusport","article_published_time":"2023-10-29T11:08:41+00:00","article_modified_time":"2023-10-29T11:32:35+00:00","og_image":[{"width":800,"height":445,"url":"https:\/\/dicodusport.fr\/blog\/wp-content\/uploads\/2023\/10\/Geant-Solden-hommes-2023-La-course-annulee-en-raison-du-vent.png","type":"image\/png"}],"author":"Victor Clot-Amiot","twitter_card":"summary_large_image","twitter_title":"G\u00e9ant S\u00f6lden hommes 2023 : La course annul\u00e9e en raison du vent","twitter_creator":"@https:\/\/x.com\/VictorClotAmiot","twitter_site":"@dicodusport","schema":{"@context":"https:\/\/schema.org","@graph":[{"@type":"NewsArticle","@id":"https:\/\/dicodusport.fr\/blog\/geant-solden-hommes-2023-la-course-annulee-en-raison-du-vent\/#article","isPartOf":{"@id":"https:\/\/dicodusport.fr\/blog\/geant-solden-hommes-2023-la-course-annulee-en-raison-du-vent\/"},"author":{"name":"Victor Clot-Amiot","@id":"https:\/\/dicodusport.fr\/blog\/#\/schema\/person\/b623199cba9ba90fe84a3d16e9282360"},"headline":"G\u00e9ant S\u00f6lden hommes 2023 : La course annul\u00e9e en raison du vent","datePublished":"2023-10-29T11:08:41+00:00","dateModified":"2023-10-29T11:32:35+00:00","mainEntityOfPage":{"@id":"https:\/\/dicodusport.fr\/blog\/geant-solden-hommes-2023-la-course-annulee-en-raison-du-vent\/"},"wordCount":384,"commentCount":0,"publisher":{"@id":"https:\/\/dicodusport.fr\/blog\/#organization"},"image":{"@id":"https:\/\/dicodusport.fr\/blog\/geant-solden-hommes-2023-la-course-annulee-en-raison-du-vent\/#primaryimage"},"thumbnailUrl":"https:\/\/dicodusport.fr\/blog\/wp-content\/uploads\/2023\/10\/Geant-Solden-hommes-2023-La-course-annulee-en-raison-du-vent.png","keywords":["br\u00e8ve","ski","Ski alpin"],"articleSection":["Coupe du monde de ski alpin"],"inLanguage":"fr-FR","potentialAction":[{"@type":"CommentAction","name":"Comment","target":["https:\/\/dicodusport.fr\/blog\/geant-solden-hommes-2023-la-course-annulee-en-raison-du-vent\/#respond"]}],"copyrightYear":"2023","copyrightHolder":{"@id":"https:\/\/dicodusport.fr\/blog\/#organization"}},{"@type":"WebPage","@id":"https:\/\/dicodusport.fr\/blog\/geant-solden-hommes-2023-la-course-annulee-en-raison-du-vent\/","url":"https:\/\/dicodusport.fr\/blog\/geant-solden-hommes-2023-la-course-annulee-en-raison-du-vent\/","name":"G\u00e9ant S\u00f6lden hommes 2023 : La course annul\u00e9e en raison du vent","isPartOf":{"@id":"https:\/\/dicodusport.fr\/blog\/#website"},"primaryImageOfPage":{"@id":"https:\/\/dicodusport.fr\/blog\/geant-solden-hommes-2023-la-course-annulee-en-raison-du-vent\/#primaryimage"},"image":{"@id":"https:\/\/dicodusport.fr\/blog\/geant-solden-hommes-2023-la-course-annulee-en-raison-du-vent\/#primaryimage"},"thumbnailUrl":"https:\/\/dicodusport.fr\/blog\/wp-content\/uploads\/2023\/10\/Geant-Solden-hommes-2023-La-course-annulee-en-raison-du-vent.png","datePublished":"2023-10-29T11:08:41+00:00","dateModified":"2023-10-29T11:32:35+00:00","description":"Coupe du monde de ski alpin 2023-2024 : le g\u00e9ant de S\u00f6lden n'a pas pu aller \u00e0 son terme en raison du vent. Marco Schwarz \u00e9tait en t\u00eate.","breadcrumb":{"@id":"https:\/\/dicodusport.fr\/blog\/geant-solden-hommes-2023-la-course-annulee-en-raison-du-vent\/#breadcrumb"},"inLanguage":"fr-FR","potentialAction":[{"@type":"ReadAction","target":["https:\/\/dicodusport.fr\/blog\/geant-solden-hommes-2023-la-course-annulee-en-raison-du-vent\/"]}]},{"@type":"ImageObject","inLanguage":"fr-FR","@id":"https:\/\/dicodusport.fr\/blog\/geant-solden-hommes-2023-la-course-annulee-en-raison-du-vent\/#primaryimage","url":"https:\/\/dicodusport.fr\/blog\/wp-content\/uploads\/2023\/10\/Geant-Solden-hommes-2023-La-course-annulee-en-raison-du-vent.png","contentUrl":"https:\/\/dicodusport.fr\/blog\/wp-content\/uploads\/2023\/10\/Geant-Solden-hommes-2023-La-course-annulee-en-raison-du-vent.png","width":800,"height":445,"caption":"G\u00e9ant S\u00f6lden hommes 2023 La course annul\u00e9e en raison du vent"},{"@type":"BreadcrumbList","@id":"https:\/\/dicodusport.fr\/blog\/geant-solden-hommes-2023-la-course-annulee-en-raison-du-vent\/#breadcrumb","itemListElement":[{"@type":"ListItem","position":1,"name":"Accueil","item":"https:\/\/dicodusport.fr\/blog\/"},{"@type":"ListItem","position":2,"name":"G\u00e9ant S\u00f6lden hommes 2023 : La course annul\u00e9e en raison du vent"}]},{"@type":"WebSite","@id":"https:\/\/dicodusport.fr\/blog\/#website","url":"https:\/\/dicodusport.fr\/blog\/","name":"Dicodusport","description":"L&#039;encyclop\u00e9die de l&#039;actualit\u00e9 sportive","publisher":{"@id":"https:\/\/dicodusport.fr\/blog\/#organization"},"potentialAction":[{"@type":"SearchAction","target":{"@type":"EntryPoint","urlTemplate":"https:\/\/dicodusport.fr\/blog\/?s={search_term_string}"},"query-input":{"@type":"PropertyValueSpecification","valueRequired":true,"valueName":"search_term_string"}}],"inLanguage":"fr-FR"},{"@type":"NewsMediaOrganization","@id":"https:\/\/dicodusport.fr\/blog\/#organization","name":"Dicodusport","url":"https:\/\/dicodusport.fr\/blog\/","logo":{"@type":"ImageObject","inLanguage":"fr-FR","@id":"https:\/\/dicodusport.fr\/blog\/#\/schema\/logo\/image\/","url":"https:\/\/dicodusport.fr\/blog\/wp-content\/uploads\/2020\/06\/cropped-LOGO-DICODUSPORT-2020-SANS-FOND-SANS-TEXTE.png","contentUrl":"https:\/\/dicodusport.fr\/blog\/wp-content\/uploads\/2020\/06\/cropped-LOGO-DICODUSPORT-2020-SANS-FOND-SANS-TEXTE.png","width":512,"height":512,"caption":"Dicodusport"},"image":{"@id":"https:\/\/dicodusport.fr\/blog\/#\/schema\/logo\/image\/"},"sameAs":["https:\/\/www.facebook.com\/dicodusport","https:\/\/x.com\/dicodusport","https:\/\/www.instagram.com\/dicodusport\/","https:\/\/www.youtube.com\/channel\/UC7V2KZ5sd3htJivAbA4ZG3w"],"description":"Dicodusport est l'encyclop\u00e9die de l'actualit\u00e9 sportive.","email":"bonjour@dicodusport.fr","legalName":"DICODUSPORT","foundingDate":"2018-01-14","vatID":"FR71834470973","taxID":"83447097300043","numberOfEmployees":{"@type":"QuantitativeValue","minValue":"1","maxValue":"10"}},{"@type":"Person","@id":"https:\/\/dicodusport.fr\/blog\/#\/schema\/person\/b623199cba9ba90fe84a3d16e9282360","name":"Victor Clot-Amiot","image":{"@type":"ImageObject","inLanguage":"fr-FR","@id":"https:\/\/dicodusport.fr\/blog\/#\/schema\/person\/image\/","url":"https:\/\/dicodusport.fr\/blog\/wp-content\/uploads\/2023\/09\/IMG_20190826_114722-150x150.jpg","contentUrl":"https:\/\/dicodusport.fr\/blog\/wp-content\/uploads\/2023\/09\/IMG_20190826_114722-150x150.jpg","caption":"Victor Clot-Amiot"},"description":"Passionn\u00e9 de sport depuis toujours, un jour \u00e0 l'adolescence mes parents m'ont dit : \"quitte \u00e0 passer ton temps \u00e0 regarder du sport, au moins va le voir en vrai\" ! Depuis, cette remarque ne m'a plus quitt\u00e9 et je passe une grande partie de mon temps libre \u00e0 assister \u00e0 des comp\u00e9titions de tous sports. Je m\u00eale d'ailleurs mes deux passions, le sport et les voyages afin de faire une pierre deux coups ! Outre l'US Open ou l'Euro 2021 par exemple, j'ai assist\u00e9 cet \u00e9t\u00e9 aux Mondiaux d'athl\u00e9tisme \u00e0 Budapest. Mon plus gros coup dur est et restera les JO 2020-2021 pour lesquels j'avais r\u00e9serv\u00e9 17 \u00e9preuves. La suite, vous la connaissez...","sameAs":["https:\/\/x.com\/https:\/\/x.com\/VictorClotAmiot"],"url":"https:\/\/dicodusport.fr\/blog\/author\/victor-clot-amiot\/"}]}},"_links":{"self":[{"href":"https:\/\/dicodusport.fr\/blog\/wp-json\/wp\/v2\/posts\/433269","targetHints":{"allow":["GET"]}}],"collection":[{"href":"https:\/\/dicodusport.fr\/blog\/wp-json\/wp\/v2\/posts"}],"about":[{"href":"https:\/\/dicodusport.fr\/blog\/wp-json\/wp\/v2\/types\/post"}],"author":[{"embeddable":true,"href":"https:\/\/dicodusport.fr\/blog\/wp-json\/wp\/v2\/users\/91"}],"replies":[{"embeddable":true,"href":"https:\/\/dicodusport.fr\/blog\/wp-json\/wp\/v2\/comments?post=433269"}],"version-history":[{"count":0,"href":"https:\/\/dicodusport.fr\/blog\/wp-json\/wp\/v2\/posts\/433269\/revisions"}],"wp:featuredmedia":[{"embeddable":true,"href":"https:\/\/dicodusport.fr\/blog\/wp-json\/wp\/v2\/media\/433314"}],"wp:attachment":[{"href":"https:\/\/dicodusport.fr\/blog\/wp-json\/wp\/v2\/media?parent=433269"}],"wp:term":[{"taxonomy":"category","embeddable":true,"href":"https:\/\/dicodusport.fr\/blog\/wp-json\/wp\/v2\/categories?post=433269"},{"taxonomy":"post_tag","embeddable":true,"href":"https:\/\/dicodusport.fr\/blog\/wp-json\/wp\/v2\/tags?post=433269"}],"curies":[{"name":"wp","href":"https:\/\/api.w.org\/{rel}","templated":true}]}}