{"id":433871,"date":"2023-10-31T15:20:17","date_gmt":"2023-10-31T14:20:17","guid":{"rendered":"https:\/\/dicodusport.fr\/blog\/?p=433871&#038;preview=true&#038;preview_id=433871"},"modified":"2023-10-31T15:55:03","modified_gmt":"2023-10-31T14:55:03","slug":"championnats-deurope-de-judo-quattendre-de-lequipe-de-france","status":"publish","type":"post","link":"https:\/\/dicodusport.fr\/blog\/championnats-deurope-de-judo-quattendre-de-lequipe-de-france\/","title":{"rendered":"Championnats d&rsquo;Europe de judo : Qu&rsquo;attendre de l&rsquo;\u00e9quipe de France ?"},"content":{"rendered":"<p style=\"text-align: justify;\"><strong><em>JUDO &#8211; Du 3 au 5 novembre va se d\u00e9rouler la 37\u00e8me \u00e9dition des Championnats d&rsquo;Europe de judo, \u00e0 la Sud de France Arena de Montpellier. L&rsquo;\u00e9quipe de France arrive sur ces championnats avec une s\u00e9lection qui laisse esp\u00e9rer de nombreux succ\u00e8s. L&rsquo;occasion pour nous de se pencher sur ces attentes \u00e9lev\u00e9es envers les Tricolores.\u00a0<\/em><\/strong><\/p>\n<ul>\n<li style=\"text-align: justify;\"><strong>\u00c0 lire aussi &#8211; <a href=\"https:\/\/dicodusport.fr\/blog\/programme-et-resultats-championnats-deurope-de-judo-2023\/\">Programme et r\u00e9sultats des championnats d&rsquo;Europe de judo 2023<\/a><\/strong><\/li>\n<\/ul>\n<h2 style=\"text-align: justify;\">Rester sur le toit de l&rsquo;Europe<\/h2>\n<p style=\"text-align: justify;\">En effet, lors de l&rsquo;\u00e9dition 2022 \u00e0 Sofia, la France avait atteint la 1\u02b3\u1d49 place au classement des m\u00e9dailles (trois en or, deux en argent et trois en bronze). Un exploit r\u00e9current pour les Bleus, puisque sur les 20 derni\u00e8res \u00e9ditions, ils ont termin\u00e9 \u00e0 neuf reprises au sommet du classement europ\u00e9en.<\/p>\n<p style=\"text-align: justify;\">Un objectif qu&rsquo;auront envie de reproduire les Bleus devant leur public, d&rsquo;autant plus que cela faisait neuf ans que les Championnats d&rsquo;Europe ne s&rsquo;\u00e9taient pas d\u00e9roul\u00e9s en France. Une \u00e9dition exceptionnelle lors de laquelle le judo fran\u00e7ais avait obtenu 13 m\u00e9dailles dont six en or, et logiquement la premi\u00e8re place au classement.<\/p>\n<h2 style=\"text-align: justify;\">Se montrer \u00e0 moins de 270 jours des Jeux Olympiques de Paris<\/h2>\n<p style=\"text-align: justify;\">\u00c0 moins d&rsquo;un an des <a href=\"https:\/\/dicodusport.fr\/blog\/jo-paris-2024\/\">JO de Paris 2024<\/a>, c&rsquo;est l&rsquo;occasion r\u00eav\u00e9e de s&rsquo;imposer encore un peu plus dans la hi\u00e9rarchie et de prouver que l&rsquo;\u00e9quipe de France fait bel et bien partie des meilleures nations mondiales.<\/p>\n<p style=\"text-align: justify;\">Car \u00e0 quelques mois des Jeux, toutes les comp\u00e9titions vont \u00eatre l&rsquo;occasion d&rsquo;envoyer un message fort \u00e0 la concurrence, notamment \u00e0 la s\u00e9lection nippone, qui regardera certainement du coin d&rsquo;\u0153il les r\u00e9sultats obtenus par l&rsquo;un de ses plus grands rivaux.<\/p>\n<p style=\"text-align: justify;\">C&rsquo;est aussi une r\u00e9p\u00e9tition g\u00e9n\u00e9rale qui aidera les s\u00e9lectionneurs \u00e0 faire leurs choix dans la course \u00e0 la qualification olympique.<\/p>\n<h2 style=\"text-align: justify;\">Un sursaut de l&rsquo;\u00e9quipe masculine ?<\/h2>\n<p style=\"text-align: justify;\">Si les judokates f\u00e9minines n&rsquo;ont quasiment jamais d\u00e9\u00e7u, avec toujours de nombreux podiums (7 podiums aux Europe 2022 dont 3 en or, 5 podiums aux Mondiaux 2023), ce n&rsquo;est pas la m\u00eame histoire c\u00f4t\u00e9 masculin.<\/p>\n<p style=\"text-align: justify;\">Effectivement, depuis plus de 10 ans d\u00e9j\u00e0, l&rsquo;\u00e9quipe masculine repose en grande partie sur les r\u00e9sultats d&rsquo;un seul homme : <strong>Teddy Riner<\/strong>. Sur les \u00e9ditions des Mondiaux de 2007 \u00e0 2017, il a remport\u00e9 l&rsquo;or, tout comme sur tous les championnats d&rsquo;Europe auxquels il a particip\u00e9.<\/p>\n<p style=\"text-align: justify;\">Pour le reste, c&rsquo;est beaucoup plus irr\u00e9gulier. Depuis 2015, les hommes r\u00e9alisent des Europe beaucoup moins fructueux. En chiffres, sur les 5 derni\u00e8res \u00e9ditions, ils n&rsquo;ont ramen\u00e9 \u00ab\u00a0que\u00a0\u00bb 6 m\u00e9dailles, quand les femmes en ont ramen\u00e9 27.<\/p>\n<p style=\"text-align: justify;\">Et pourtant, on ne manque pas de talents en France, et ils vont tenter de le prouver ce week-end. On pourra notamment compter sur <strong>Luka Mkheidze<\/strong> (bronz\u00e9 aux Jeux de Tokyo), <strong>Walide Khyar<\/strong> (deux fois champion d&rsquo;Europe), mais aussi sur la jeunesse avec <strong>Maxime Gobert<\/strong> ou <strong>Joan-Benjamin Gaba<\/strong>.<\/p>\n<div class=\"vlp-link-container vlp-layout-article\"><a href=\"https:\/\/dicodusport.fr\/blog\/judo-championnats-deurope-2023-la-selection-francaise\/\" class=\"vlp-link\" title=\"Judo Championnats d&#039;Europe 2023 : la s\u00e9lection fran\u00e7aise\"><\/a><div class=\"vlp-layout-zone-side\"><div class=\"vlp-block-4 vlp-link-image\"><img loading=\"lazy\" decoding=\"async\" style=\"max-width: 800px;\" width=\"800\" height=\"445\" src=\"https:\/\/dicodusport.fr\/blog\/wp-content\/uploads\/2023\/10\/Judo-Championnats-dEurope-2023-la-selection-francaise.png\" class=\"attachment-800x445 size-800x445\" alt=\"\" srcset=\"https:\/\/dicodusport.fr\/blog\/wp-content\/uploads\/2023\/10\/Judo-Championnats-dEurope-2023-la-selection-francaise.png 800w, https:\/\/dicodusport.fr\/blog\/wp-content\/uploads\/2023\/10\/Judo-Championnats-dEurope-2023-la-selection-francaise-300x167.png 300w, https:\/\/dicodusport.fr\/blog\/wp-content\/uploads\/2023\/10\/Judo-Championnats-dEurope-2023-la-selection-francaise-768x427.png 768w\" sizes=\"auto, (max-width: 800px) 100vw, 800px\" \/><\/div><\/div><div class=\"vlp-layout-zone-main\"><div class=\"vlp-block-0 vlp-link-title\">Judo Championnats d'Europe 2023 : la s\u00e9lection fran\u00e7aise<\/div><div class=\"vlp-block-1 vlp-link-summary\">JUDO - D\u00e9couvrez la s\u00e9lection tricolore pour les Championnats d'Europe qui se d\u00e9roulent du 3 au 5 novembre \u00e0 Montpellier.<\/div><div class=\"vlp-block-2 vlp-link-button\">Lire l'article<\/div><div class=\"vlp-block-3 vlp-link-url\">dicodusport.fr<\/div><\/div><\/div>\n<h2 style=\"text-align: justify;\">Clarisse Agbegnenou un peu plus dans la l\u00e9gende ?<\/h2>\n<p style=\"text-align: justify;\">Apr\u00e8s avoir remport\u00e9 deux m\u00e9dailles d&rsquo;or aux Jeux de Tokyo (individuel et par \u00e9quipes), et donn\u00e9 naissance \u00e0 une petite fille, <strong>Agbegnenou<\/strong> est revenue plus motiv\u00e9e que jamais, avec les Jeux Olympiques de Paris en ligne de mire.<\/p>\n<p style=\"text-align: justify;\">De retour de grossesse, elle revient aux Mondiaux en d\u00e9but d&rsquo;ann\u00e9e et rafle une sixi\u00e8me couronne mondiale. Samedi, elle aura l&rsquo;occasion d&rsquo;entrer davantage dans la l\u00e9gende de son sport, en allant chercher un 6\u00e8me titre europ\u00e9en devant ses fans.<\/p>\n<p style=\"text-align: justify;\">Ce serait la premi\u00e8re fran\u00e7aise, hommes et femmes confondus, \u00e0 devenir sextuple championne d&rsquo;Europe. Les attentes ne manquent pas, tant cette s\u00e9lection peut voir grand sur ces Championnats d&rsquo;Europe de Montpellier. La comp\u00e9tition sera \u00e0 suivre d\u00e8s vendredi \u00e0 partir de 10h30.<\/p>\n","protected":false},"excerpt":{"rendered":"<p>Judo &#8211; Du 3 au 5 Novembre va se d\u00e9rouler la 37\u00e8me \u00e9dition des Championnats d&rsquo;Europe de judo, \u00e0 la Sud de France Arena de Montpellier. L&rsquo;\u00e9quipe de France arrive sur ces championnats avec une s\u00e9lection qui laisse esp\u00e9rer de nombreux succ\u00e8s. L&rsquo;occasion pour nous de se pencher sur ces attentes \u00e9lev\u00e9es envers nos tricolores.\u00a0<\/p>\n","protected":false},"author":89,"featured_media":433925,"comment_status":"open","ping_status":"closed","sticky":false,"template":"","format":"standard","meta":{"_acf_changed":false,"_daextam_enable_autolinks":"1","footnotes":""},"categories":[8651],"tags":[16878,4799,68],"class_list":["post-433871","post","type-post","status-publish","format-standard","has-post-thumbnail","hentry","category-judo","tag-breve","tag-championnats-deurope","tag-judo"],"acf":[],"yoast_head":"<!-- This site is optimized with the Yoast SEO Premium plugin v26.7 (Yoast SEO v26.7) - https:\/\/yoast.com\/wordpress\/plugins\/seo\/ -->\n<title>Championnats d&#039;Europe de judo : Qu&#039;attendre de l&#039;\u00e9quipe de France ?<\/title>\n<meta name=\"description\" content=\"Du 3 au 5 Novembre va se d\u00e9rouler les Championnats d&#039;Europe de judo. L&#039;occasion de se pencher sur les attentes envers l&#039;\u00e9quipe de France.\" \/>\n<meta name=\"robots\" content=\"index, follow, max-snippet:-1, max-image-preview:large, max-video-preview:-1\" \/>\n<link rel=\"canonical\" href=\"https:\/\/dicodusport.fr\/blog\/championnats-deurope-de-judo-quattendre-de-lequipe-de-france\/\" \/>\n<meta property=\"og:locale\" content=\"fr_FR\" \/>\n<meta property=\"og:type\" content=\"article\" \/>\n<meta property=\"og:title\" content=\"Championnats d&#039;Europe de judo : Qu&#039;attendre de l&#039;\u00e9quipe de France ?\" \/>\n<meta property=\"og:description\" content=\"Du 3 au 5 Novembre va se d\u00e9rouler les Championnats d&#039;Europe de judo. L&#039;occasion de se pencher sur les attentes envers l&#039;\u00e9quipe de France.\" \/>\n<meta property=\"og:url\" content=\"https:\/\/dicodusport.fr\/blog\/championnats-deurope-de-judo-quattendre-de-lequipe-de-france\/\" \/>\n<meta property=\"og:site_name\" content=\"Dicodusport\" \/>\n<meta property=\"article:publisher\" content=\"https:\/\/www.facebook.com\/dicodusport\" \/>\n<meta property=\"article:published_time\" content=\"2023-10-31T14:20:17+00:00\" \/>\n<meta property=\"article:modified_time\" content=\"2023-10-31T14:55:03+00:00\" \/>\n<meta property=\"og:image\" content=\"https:\/\/dicodusport.fr\/blog\/wp-content\/uploads\/2023\/10\/Championnats-dEurope-de-judo-Quattendre-de-lequipe-de-France-.png\" \/>\n\t<meta property=\"og:image:width\" content=\"800\" \/>\n\t<meta property=\"og:image:height\" content=\"445\" \/>\n\t<meta property=\"og:image:type\" content=\"image\/png\" \/>\n<meta name=\"author\" content=\"Louka Lesueur\" \/>\n<meta name=\"twitter:card\" content=\"summary_large_image\" \/>\n<meta name=\"twitter:title\" content=\"Championnats d&#039;Europe de judo : Qu&#039;attendre de l&#039;\u00e9quipe de France ?\" \/>\n<meta name=\"twitter:creator\" content=\"@https:\/\/twitter.com\/LNewsSF\" \/>\n<meta name=\"twitter:site\" content=\"@dicodusport\" \/>\n<script type=\"application\/ld+json\" class=\"yoast-schema-graph\">{\"@context\":\"https:\/\/schema.org\",\"@graph\":[{\"@type\":\"NewsArticle\",\"@id\":\"https:\/\/dicodusport.fr\/blog\/championnats-deurope-de-judo-quattendre-de-lequipe-de-france\/#article\",\"isPartOf\":{\"@id\":\"https:\/\/dicodusport.fr\/blog\/championnats-deurope-de-judo-quattendre-de-lequipe-de-france\/\"},\"author\":{\"name\":\"Louka Lesueur\",\"@id\":\"https:\/\/dicodusport.fr\/blog\/#\/schema\/person\/54b6cdccebdfcd5a1036c594aecffc2a\"},\"headline\":\"Championnats d&rsquo;Europe de judo : Qu&rsquo;attendre de l&rsquo;\u00e9quipe de France ?\",\"datePublished\":\"2023-10-31T14:20:17+00:00\",\"dateModified\":\"2023-10-31T14:55:03+00:00\",\"mainEntityOfPage\":{\"@id\":\"https:\/\/dicodusport.fr\/blog\/championnats-deurope-de-judo-quattendre-de-lequipe-de-france\/\"},\"wordCount\":727,\"commentCount\":0,\"publisher\":{\"@id\":\"https:\/\/dicodusport.fr\/blog\/#organization\"},\"image\":{\"@id\":\"https:\/\/dicodusport.fr\/blog\/championnats-deurope-de-judo-quattendre-de-lequipe-de-france\/#primaryimage\"},\"thumbnailUrl\":\"https:\/\/dicodusport.fr\/blog\/wp-content\/uploads\/2023\/10\/Championnats-dEurope-de-judo-Quattendre-de-lequipe-de-France-.png\",\"keywords\":[\"br\u00e8ve\",\"Championnats d'Europe\",\"Judo\"],\"articleSection\":[\"Judo\"],\"inLanguage\":\"fr-FR\",\"potentialAction\":[{\"@type\":\"CommentAction\",\"name\":\"Comment\",\"target\":[\"https:\/\/dicodusport.fr\/blog\/championnats-deurope-de-judo-quattendre-de-lequipe-de-france\/#respond\"]}],\"copyrightYear\":\"2023\",\"copyrightHolder\":{\"@id\":\"https:\/\/dicodusport.fr\/blog\/#organization\"}},{\"@type\":\"WebPage\",\"@id\":\"https:\/\/dicodusport.fr\/blog\/championnats-deurope-de-judo-quattendre-de-lequipe-de-france\/\",\"url\":\"https:\/\/dicodusport.fr\/blog\/championnats-deurope-de-judo-quattendre-de-lequipe-de-france\/\",\"name\":\"Championnats d'Europe de judo : Qu'attendre de l'\u00e9quipe de France ?\",\"isPartOf\":{\"@id\":\"https:\/\/dicodusport.fr\/blog\/#website\"},\"primaryImageOfPage\":{\"@id\":\"https:\/\/dicodusport.fr\/blog\/championnats-deurope-de-judo-quattendre-de-lequipe-de-france\/#primaryimage\"},\"image\":{\"@id\":\"https:\/\/dicodusport.fr\/blog\/championnats-deurope-de-judo-quattendre-de-lequipe-de-france\/#primaryimage\"},\"thumbnailUrl\":\"https:\/\/dicodusport.fr\/blog\/wp-content\/uploads\/2023\/10\/Championnats-dEurope-de-judo-Quattendre-de-lequipe-de-France-.png\",\"datePublished\":\"2023-10-31T14:20:17+00:00\",\"dateModified\":\"2023-10-31T14:55:03+00:00\",\"description\":\"Du 3 au 5 Novembre va se d\u00e9rouler les Championnats d'Europe de judo. L'occasion de se pencher sur les attentes envers l'\u00e9quipe de France.\",\"breadcrumb\":{\"@id\":\"https:\/\/dicodusport.fr\/blog\/championnats-deurope-de-judo-quattendre-de-lequipe-de-france\/#breadcrumb\"},\"inLanguage\":\"fr-FR\",\"potentialAction\":[{\"@type\":\"ReadAction\",\"target\":[\"https:\/\/dicodusport.fr\/blog\/championnats-deurope-de-judo-quattendre-de-lequipe-de-france\/\"]}]},{\"@type\":\"ImageObject\",\"inLanguage\":\"fr-FR\",\"@id\":\"https:\/\/dicodusport.fr\/blog\/championnats-deurope-de-judo-quattendre-de-lequipe-de-france\/#primaryimage\",\"url\":\"https:\/\/dicodusport.fr\/blog\/wp-content\/uploads\/2023\/10\/Championnats-dEurope-de-judo-Quattendre-de-lequipe-de-France-.png\",\"contentUrl\":\"https:\/\/dicodusport.fr\/blog\/wp-content\/uploads\/2023\/10\/Championnats-dEurope-de-judo-Quattendre-de-lequipe-de-France-.png\",\"width\":800,\"height\":445,\"caption\":\"Championnats d'Europe de judo Qu'attendre de l'\u00e9quipe de France\"},{\"@type\":\"BreadcrumbList\",\"@id\":\"https:\/\/dicodusport.fr\/blog\/championnats-deurope-de-judo-quattendre-de-lequipe-de-france\/#breadcrumb\",\"itemListElement\":[{\"@type\":\"ListItem\",\"position\":1,\"name\":\"Accueil\",\"item\":\"https:\/\/dicodusport.fr\/blog\/\"},{\"@type\":\"ListItem\",\"position\":2,\"name\":\"Championnats d&rsquo;Europe de judo : Qu&rsquo;attendre de l&rsquo;\u00e9quipe de France ?\"}]},{\"@type\":\"WebSite\",\"@id\":\"https:\/\/dicodusport.fr\/blog\/#website\",\"url\":\"https:\/\/dicodusport.fr\/blog\/\",\"name\":\"Dicodusport\",\"description\":\"L&#039;encyclop\u00e9die de l&#039;actualit\u00e9 sportive\",\"publisher\":{\"@id\":\"https:\/\/dicodusport.fr\/blog\/#organization\"},\"potentialAction\":[{\"@type\":\"SearchAction\",\"target\":{\"@type\":\"EntryPoint\",\"urlTemplate\":\"https:\/\/dicodusport.fr\/blog\/?s={search_term_string}\"},\"query-input\":{\"@type\":\"PropertyValueSpecification\",\"valueRequired\":true,\"valueName\":\"search_term_string\"}}],\"inLanguage\":\"fr-FR\"},{\"@type\":\"NewsMediaOrganization\",\"@id\":\"https:\/\/dicodusport.fr\/blog\/#organization\",\"name\":\"Dicodusport\",\"url\":\"https:\/\/dicodusport.fr\/blog\/\",\"logo\":{\"@type\":\"ImageObject\",\"inLanguage\":\"fr-FR\",\"@id\":\"https:\/\/dicodusport.fr\/blog\/#\/schema\/logo\/image\/\",\"url\":\"https:\/\/dicodusport.fr\/blog\/wp-content\/uploads\/2020\/06\/cropped-LOGO-DICODUSPORT-2020-SANS-FOND-SANS-TEXTE.png\",\"contentUrl\":\"https:\/\/dicodusport.fr\/blog\/wp-content\/uploads\/2020\/06\/cropped-LOGO-DICODUSPORT-2020-SANS-FOND-SANS-TEXTE.png\",\"width\":512,\"height\":512,\"caption\":\"Dicodusport\"},\"image\":{\"@id\":\"https:\/\/dicodusport.fr\/blog\/#\/schema\/logo\/image\/\"},\"sameAs\":[\"https:\/\/www.facebook.com\/dicodusport\",\"https:\/\/x.com\/dicodusport\",\"https:\/\/www.instagram.com\/dicodusport\/\",\"https:\/\/www.youtube.com\/channel\/UC7V2KZ5sd3htJivAbA4ZG3w\"],\"description\":\"Dicodusport est l'encyclop\u00e9die de l'actualit\u00e9 sportive.\",\"email\":\"bonjour@dicodusport.fr\",\"legalName\":\"DICODUSPORT\",\"foundingDate\":\"2018-01-14\",\"vatID\":\"FR71834470973\",\"taxID\":\"83447097300043\",\"numberOfEmployees\":{\"@type\":\"QuantitativeValue\",\"minValue\":\"1\",\"maxValue\":\"10\"}},{\"@type\":\"Person\",\"@id\":\"https:\/\/dicodusport.fr\/blog\/#\/schema\/person\/54b6cdccebdfcd5a1036c594aecffc2a\",\"name\":\"Louka Lesueur\",\"image\":{\"@type\":\"ImageObject\",\"inLanguage\":\"fr-FR\",\"@id\":\"https:\/\/dicodusport.fr\/blog\/#\/schema\/person\/image\/\",\"url\":\"https:\/\/dicodusport.fr\/blog\/wp-content\/uploads\/2023\/09\/IMG_2783-150x150.jpeg\",\"contentUrl\":\"https:\/\/dicodusport.fr\/blog\/wp-content\/uploads\/2023\/09\/IMG_2783-150x150.jpeg\",\"caption\":\"Louka Lesueur\"},\"description\":\"Passionn\u00e9 depuis tout petit par les exploits de Bolt, Fourcade, Riner, Lavillenie, Wilkinson, Hirscher. Les \u00e9motions provoqu\u00e9es par le sport ont berc\u00e9 mon enfance et continuent de le faire aujourd'hui. C'est ainsi qu'il m'est arriv\u00e9 de pleurer devant la d\u00e9faite des Bleus face aux Blacks en 2011, ou encore devant le titre olympique de Florent Manaudou \u00e0 Londres. Bien loin de ce milieu professionnel, j'ai os\u00e9 tenter ma chance pour rejoindre l'\u00e9quipe de r\u00e9daction de Dicodusport, et depuis septembre 2023, je tente de retransmettre au mieux les exploits des athl\u00e8tes, tous sports confondus. Grand chauvin, c'est bel et bien sur les sportifs tricolores que je pr\u00e9f\u00e8re \u00e9crire.\",\"sameAs\":[\"https:\/\/x.com\/https:\/\/twitter.com\/LNewsSF\"],\"gender\":\"Homme\",\"worksFor\":\"Louka LESUEUR\",\"url\":\"https:\/\/dicodusport.fr\/blog\/author\/louka-lesueur\/\"}]}<\/script>\n<!-- \/ Yoast SEO Premium plugin. -->","yoast_head_json":{"title":"Championnats d'Europe de judo : Qu'attendre de l'\u00e9quipe de France ?","description":"Du 3 au 5 Novembre va se d\u00e9rouler les Championnats d'Europe de judo. L'occasion de se pencher sur les attentes envers l'\u00e9quipe de France.","robots":{"index":"index","follow":"follow","max-snippet":"max-snippet:-1","max-image-preview":"max-image-preview:large","max-video-preview":"max-video-preview:-1"},"canonical":"https:\/\/dicodusport.fr\/blog\/championnats-deurope-de-judo-quattendre-de-lequipe-de-france\/","og_locale":"fr_FR","og_type":"article","og_title":"Championnats d'Europe de judo : Qu'attendre de l'\u00e9quipe de France ?","og_description":"Du 3 au 5 Novembre va se d\u00e9rouler les Championnats d'Europe de judo. L'occasion de se pencher sur les attentes envers l'\u00e9quipe de France.","og_url":"https:\/\/dicodusport.fr\/blog\/championnats-deurope-de-judo-quattendre-de-lequipe-de-france\/","og_site_name":"Dicodusport","article_publisher":"https:\/\/www.facebook.com\/dicodusport","article_published_time":"2023-10-31T14:20:17+00:00","article_modified_time":"2023-10-31T14:55:03+00:00","og_image":[{"width":800,"height":445,"url":"https:\/\/dicodusport.fr\/blog\/wp-content\/uploads\/2023\/10\/Championnats-dEurope-de-judo-Quattendre-de-lequipe-de-France-.png","type":"image\/png"}],"author":"Louka Lesueur","twitter_card":"summary_large_image","twitter_title":"Championnats d'Europe de judo : Qu'attendre de l'\u00e9quipe de France ?","twitter_creator":"@https:\/\/twitter.com\/LNewsSF","twitter_site":"@dicodusport","schema":{"@context":"https:\/\/schema.org","@graph":[{"@type":"NewsArticle","@id":"https:\/\/dicodusport.fr\/blog\/championnats-deurope-de-judo-quattendre-de-lequipe-de-france\/#article","isPartOf":{"@id":"https:\/\/dicodusport.fr\/blog\/championnats-deurope-de-judo-quattendre-de-lequipe-de-france\/"},"author":{"name":"Louka Lesueur","@id":"https:\/\/dicodusport.fr\/blog\/#\/schema\/person\/54b6cdccebdfcd5a1036c594aecffc2a"},"headline":"Championnats d&rsquo;Europe de judo : Qu&rsquo;attendre de l&rsquo;\u00e9quipe de France ?","datePublished":"2023-10-31T14:20:17+00:00","dateModified":"2023-10-31T14:55:03+00:00","mainEntityOfPage":{"@id":"https:\/\/dicodusport.fr\/blog\/championnats-deurope-de-judo-quattendre-de-lequipe-de-france\/"},"wordCount":727,"commentCount":0,"publisher":{"@id":"https:\/\/dicodusport.fr\/blog\/#organization"},"image":{"@id":"https:\/\/dicodusport.fr\/blog\/championnats-deurope-de-judo-quattendre-de-lequipe-de-france\/#primaryimage"},"thumbnailUrl":"https:\/\/dicodusport.fr\/blog\/wp-content\/uploads\/2023\/10\/Championnats-dEurope-de-judo-Quattendre-de-lequipe-de-France-.png","keywords":["br\u00e8ve","Championnats d'Europe","Judo"],"articleSection":["Judo"],"inLanguage":"fr-FR","potentialAction":[{"@type":"CommentAction","name":"Comment","target":["https:\/\/dicodusport.fr\/blog\/championnats-deurope-de-judo-quattendre-de-lequipe-de-france\/#respond"]}],"copyrightYear":"2023","copyrightHolder":{"@id":"https:\/\/dicodusport.fr\/blog\/#organization"}},{"@type":"WebPage","@id":"https:\/\/dicodusport.fr\/blog\/championnats-deurope-de-judo-quattendre-de-lequipe-de-france\/","url":"https:\/\/dicodusport.fr\/blog\/championnats-deurope-de-judo-quattendre-de-lequipe-de-france\/","name":"Championnats d'Europe de judo : Qu'attendre de l'\u00e9quipe de France ?","isPartOf":{"@id":"https:\/\/dicodusport.fr\/blog\/#website"},"primaryImageOfPage":{"@id":"https:\/\/dicodusport.fr\/blog\/championnats-deurope-de-judo-quattendre-de-lequipe-de-france\/#primaryimage"},"image":{"@id":"https:\/\/dicodusport.fr\/blog\/championnats-deurope-de-judo-quattendre-de-lequipe-de-france\/#primaryimage"},"thumbnailUrl":"https:\/\/dicodusport.fr\/blog\/wp-content\/uploads\/2023\/10\/Championnats-dEurope-de-judo-Quattendre-de-lequipe-de-France-.png","datePublished":"2023-10-31T14:20:17+00:00","dateModified":"2023-10-31T14:55:03+00:00","description":"Du 3 au 5 Novembre va se d\u00e9rouler les Championnats d'Europe de judo. L'occasion de se pencher sur les attentes envers l'\u00e9quipe de France.","breadcrumb":{"@id":"https:\/\/dicodusport.fr\/blog\/championnats-deurope-de-judo-quattendre-de-lequipe-de-france\/#breadcrumb"},"inLanguage":"fr-FR","potentialAction":[{"@type":"ReadAction","target":["https:\/\/dicodusport.fr\/blog\/championnats-deurope-de-judo-quattendre-de-lequipe-de-france\/"]}]},{"@type":"ImageObject","inLanguage":"fr-FR","@id":"https:\/\/dicodusport.fr\/blog\/championnats-deurope-de-judo-quattendre-de-lequipe-de-france\/#primaryimage","url":"https:\/\/dicodusport.fr\/blog\/wp-content\/uploads\/2023\/10\/Championnats-dEurope-de-judo-Quattendre-de-lequipe-de-France-.png","contentUrl":"https:\/\/dicodusport.fr\/blog\/wp-content\/uploads\/2023\/10\/Championnats-dEurope-de-judo-Quattendre-de-lequipe-de-France-.png","width":800,"height":445,"caption":"Championnats d'Europe de judo Qu'attendre de l'\u00e9quipe de France"},{"@type":"BreadcrumbList","@id":"https:\/\/dicodusport.fr\/blog\/championnats-deurope-de-judo-quattendre-de-lequipe-de-france\/#breadcrumb","itemListElement":[{"@type":"ListItem","position":1,"name":"Accueil","item":"https:\/\/dicodusport.fr\/blog\/"},{"@type":"ListItem","position":2,"name":"Championnats d&rsquo;Europe de judo : Qu&rsquo;attendre de l&rsquo;\u00e9quipe de France ?"}]},{"@type":"WebSite","@id":"https:\/\/dicodusport.fr\/blog\/#website","url":"https:\/\/dicodusport.fr\/blog\/","name":"Dicodusport","description":"L&#039;encyclop\u00e9die de l&#039;actualit\u00e9 sportive","publisher":{"@id":"https:\/\/dicodusport.fr\/blog\/#organization"},"potentialAction":[{"@type":"SearchAction","target":{"@type":"EntryPoint","urlTemplate":"https:\/\/dicodusport.fr\/blog\/?s={search_term_string}"},"query-input":{"@type":"PropertyValueSpecification","valueRequired":true,"valueName":"search_term_string"}}],"inLanguage":"fr-FR"},{"@type":"NewsMediaOrganization","@id":"https:\/\/dicodusport.fr\/blog\/#organization","name":"Dicodusport","url":"https:\/\/dicodusport.fr\/blog\/","logo":{"@type":"ImageObject","inLanguage":"fr-FR","@id":"https:\/\/dicodusport.fr\/blog\/#\/schema\/logo\/image\/","url":"https:\/\/dicodusport.fr\/blog\/wp-content\/uploads\/2020\/06\/cropped-LOGO-DICODUSPORT-2020-SANS-FOND-SANS-TEXTE.png","contentUrl":"https:\/\/dicodusport.fr\/blog\/wp-content\/uploads\/2020\/06\/cropped-LOGO-DICODUSPORT-2020-SANS-FOND-SANS-TEXTE.png","width":512,"height":512,"caption":"Dicodusport"},"image":{"@id":"https:\/\/dicodusport.fr\/blog\/#\/schema\/logo\/image\/"},"sameAs":["https:\/\/www.facebook.com\/dicodusport","https:\/\/x.com\/dicodusport","https:\/\/www.instagram.com\/dicodusport\/","https:\/\/www.youtube.com\/channel\/UC7V2KZ5sd3htJivAbA4ZG3w"],"description":"Dicodusport est l'encyclop\u00e9die de l'actualit\u00e9 sportive.","email":"bonjour@dicodusport.fr","legalName":"DICODUSPORT","foundingDate":"2018-01-14","vatID":"FR71834470973","taxID":"83447097300043","numberOfEmployees":{"@type":"QuantitativeValue","minValue":"1","maxValue":"10"}},{"@type":"Person","@id":"https:\/\/dicodusport.fr\/blog\/#\/schema\/person\/54b6cdccebdfcd5a1036c594aecffc2a","name":"Louka Lesueur","image":{"@type":"ImageObject","inLanguage":"fr-FR","@id":"https:\/\/dicodusport.fr\/blog\/#\/schema\/person\/image\/","url":"https:\/\/dicodusport.fr\/blog\/wp-content\/uploads\/2023\/09\/IMG_2783-150x150.jpeg","contentUrl":"https:\/\/dicodusport.fr\/blog\/wp-content\/uploads\/2023\/09\/IMG_2783-150x150.jpeg","caption":"Louka Lesueur"},"description":"Passionn\u00e9 depuis tout petit par les exploits de Bolt, Fourcade, Riner, Lavillenie, Wilkinson, Hirscher. Les \u00e9motions provoqu\u00e9es par le sport ont berc\u00e9 mon enfance et continuent de le faire aujourd'hui. C'est ainsi qu'il m'est arriv\u00e9 de pleurer devant la d\u00e9faite des Bleus face aux Blacks en 2011, ou encore devant le titre olympique de Florent Manaudou \u00e0 Londres. Bien loin de ce milieu professionnel, j'ai os\u00e9 tenter ma chance pour rejoindre l'\u00e9quipe de r\u00e9daction de Dicodusport, et depuis septembre 2023, je tente de retransmettre au mieux les exploits des athl\u00e8tes, tous sports confondus. Grand chauvin, c'est bel et bien sur les sportifs tricolores que je pr\u00e9f\u00e8re \u00e9crire.","sameAs":["https:\/\/x.com\/https:\/\/twitter.com\/LNewsSF"],"gender":"Homme","worksFor":"Louka LESUEUR","url":"https:\/\/dicodusport.fr\/blog\/author\/louka-lesueur\/"}]}},"_links":{"self":[{"href":"https:\/\/dicodusport.fr\/blog\/wp-json\/wp\/v2\/posts\/433871","targetHints":{"allow":["GET"]}}],"collection":[{"href":"https:\/\/dicodusport.fr\/blog\/wp-json\/wp\/v2\/posts"}],"about":[{"href":"https:\/\/dicodusport.fr\/blog\/wp-json\/wp\/v2\/types\/post"}],"author":[{"embeddable":true,"href":"https:\/\/dicodusport.fr\/blog\/wp-json\/wp\/v2\/users\/89"}],"replies":[{"embeddable":true,"href":"https:\/\/dicodusport.fr\/blog\/wp-json\/wp\/v2\/comments?post=433871"}],"version-history":[{"count":0,"href":"https:\/\/dicodusport.fr\/blog\/wp-json\/wp\/v2\/posts\/433871\/revisions"}],"wp:featuredmedia":[{"embeddable":true,"href":"https:\/\/dicodusport.fr\/blog\/wp-json\/wp\/v2\/media\/433925"}],"wp:attachment":[{"href":"https:\/\/dicodusport.fr\/blog\/wp-json\/wp\/v2\/media?parent=433871"}],"wp:term":[{"taxonomy":"category","embeddable":true,"href":"https:\/\/dicodusport.fr\/blog\/wp-json\/wp\/v2\/categories?post=433871"},{"taxonomy":"post_tag","embeddable":true,"href":"https:\/\/dicodusport.fr\/blog\/wp-json\/wp\/v2\/tags?post=433871"}],"curies":[{"name":"wp","href":"https:\/\/api.w.org\/{rel}","templated":true}]}}