{"id":43394,"date":"2019-07-19T17:59:16","date_gmt":"2019-07-19T15:59:16","guid":{"rendered":"http:\/\/dicodusport.fr\/blog\/?p=43394"},"modified":"2019-07-20T11:38:01","modified_gmt":"2019-07-20T09:38:01","slug":"tour-de-france-2019-julian-alaphilippe-remporte-le-chrono-et-conforte-son-maillot-jaune","status":"publish","type":"post","link":"https:\/\/dicodusport.fr\/blog\/tour-de-france-2019-julian-alaphilippe-remporte-le-chrono-et-conforte-son-maillot-jaune\/","title":{"rendered":"Tour de France 2019 : Julian Alaphilippe remporte le chrono et conforte son maillot jaune"},"content":{"rendered":"<p style=\"text-align: justify;\"><i><a style=\"font-weight: bold;\" href=\"https:\/\/dicodusport.fr\/blog\/tour-de-france-2019-le-profil-des-etapes\/\" target=\"_blank\" rel=\"noopener\">Tour de France<\/a><b> &#8211; Incroyable ! Julian Alaphilippe (Deceuninck &#8211; Quick-Step) s&rsquo;est impos\u00e9 lors du contre-la-montre confortant son maillot jaune de leader. Le Fran\u00e7ais a m\u00eame creus\u00e9 l&rsquo;\u00e9cart sur Geraint Thomas, deuxi\u00e8me, en reprenant 14 secondes au Britannique. \u00c0 la veille du Tourmalet, Ineos va pouvoir commencer \u00e0 se poser des questions.<br \/>\n<\/b><\/i><\/p>\n<p style=\"text-align: justify;\">\u00c9poustouflant. <strong>Julian Alaphilippe<\/strong> avait d\u00e9j\u00e0 \u00e9clabouss\u00e9 de sa classe cette premi\u00e8re moiti\u00e9 de Tour de France, il a r\u00e9cidiv\u00e9 ce vendredi lors du contre-la-montre de Pau, et de quelle mani\u00e8re. Le Fran\u00e7ais, maillot jaune sur les \u00e9paules, a remport\u00e9 cette 13\u00e8me \u00e9tape chronom\u00e9tr\u00e9e. En t\u00eate aux trois interm\u00e9diaires, il a devanc\u00e9 de 14 secondes le vainqueur sortant, <strong>Geraint Thomas<\/strong> (Ineos), ni plus ni moins. Troisi\u00e8me, le Belge <strong>Thomas De Gendt<\/strong>, qui a \u00e9galement surpris, est repouss\u00e9 \u00e0 36 secondes.<\/p>\n<p style=\"text-align: justify;\"><strong>Julian Alaphilippe<\/strong>, avec cette deuxi\u00e8me victoire sur ce Tour 2019, son 12\u00e8me succ\u00e8s de la saison, devient le premier coureur tricolore \u00e0 triompher sur un contre-la-montre individuel (hors prologue) depuis <strong>Jean-Fran\u00e7ois Bernard<\/strong>, en 1987. Mieux encore, le dernier Fran\u00e7ais \u00e0 avoir remport\u00e9 une \u00e9tape sur un effort solitaire, avec le maillot jaune sur les \u00e9paules, \u00e9tait le regrett\u00e9 <strong>Laurent Fignon<\/strong>, en 1984.<\/p>\n<blockquote class=\"twitter-tweet\" data-lang=\"fr\">\n<p dir=\"ltr\" lang=\"fr\">Alaphilippe remporte l&rsquo;\u00e9tape et renforce son maillot jaune aux d\u00e9pens de Geraint Thomas ! Le Fran\u00e7ais est INCROYABLE <a href=\"https:\/\/twitter.com\/hashtag\/TDF2019?src=hash&amp;ref_src=twsrc%5Etfw\">#TDF2019<\/a> <a href=\"https:\/\/t.co\/U7p8qqUhtO\">pic.twitter.com\/U7p8qqUhtO<\/a><\/p>\n<p>\u2014 France tv sport (@francetvsport) <a href=\"https:\/\/twitter.com\/francetvsport\/status\/1152246814038548481?ref_src=twsrc%5Etfw\">19 juillet 2019<\/a><\/p><\/blockquote>\n<p><script async src=\"https:\/\/platform.twitter.com\/widgets.js\" charset=\"utf-8\"><\/script><\/p>\n<p>&nbsp;<\/p>\n<h1 style=\"text-align: justify;\">Bernal cale, Pinot grappille<\/h1>\n<p style=\"text-align: justify;\">Derri\u00e8re le duo Alaphilippe-Thomas, certains ont perdu des plumes, d&rsquo;autres ont repris des couleurs. <strong>Egan Bernal<\/strong> (Ineos), deuxi\u00e8me carte ma\u00eetresse de la formation britannique, a quelque peu cal\u00e9. 22\u00e8me de l&rsquo;\u00e9tape \u00e0 1&rsquo;36 du natif de Saint-Amand-Montrond, le Colombien recule \u00e0 la 5\u00e8me place, \u00e0 2&rsquo;52 du Fran\u00e7ais. En revanche, tr\u00e8s bonne op\u00e9ration pour <strong>Thibaut Pinot<\/strong>. Le Franc-Comtois, pi\u00e9g\u00e9 vers Albi avec un d\u00e9bours de 1&rsquo;40, a pris la 7\u00e8me place dans les rues de Pau. Au g\u00e9n\u00e9ral, il est ce soir au&#8230; 7\u00e8me rang, passant devant des coureurs comme <strong>Nairo Quintana<\/strong> <strong>et Adam Yates<\/strong>.<\/p>\n<blockquote class=\"twitter-tweet\" data-lang=\"fr\">\n<p dir=\"ltr\" lang=\"fr\">Le nouveau le classement g\u00e9n\u00e9ral. <a href=\"https:\/\/twitter.com\/hashtag\/TDF2019?src=hash&amp;ref_src=twsrc%5Etfw\">#TDF2019<\/a> <a href=\"https:\/\/t.co\/SypiBIOkSj\">pic.twitter.com\/SypiBIOkSj<\/a><\/p>\n<p>\u2014 Le Gruppetto (@LeGruppetto) <a href=\"https:\/\/twitter.com\/LeGruppetto\/status\/1152247424792092672?ref_src=twsrc%5Etfw\">19 juillet 2019<\/a><\/p><\/blockquote>\n<p><script async src=\"https:\/\/platform.twitter.com\/widgets.js\" charset=\"utf-8\"><\/script><\/p>\n<p>&nbsp;<\/p>\n<h1 style=\"text-align: justify;\">Van Aert et Schachmann au sol<\/h1>\n<p style=\"text-align: justify;\">On le savait pi\u00e9geux ce contre-la-montre, et certains l&rsquo;ont appris \u00e0 leurs d\u00e9pens. <strong>Wout Van Aert<\/strong> (Jumbo-Visma), vainqueur \u00e0 Albi et nouveau ph\u00e9nom\u00e8ne du cyclisme belge, figurait parmi les favoris du jour. Juste derri\u00e8re son compatriote Thomas De Gendt lors des trois points interm\u00e9diaires, le triple champion du monde de cyclo-cross a chut\u00e9 dans un virage \u00e0 2 km de l&rsquo;arriv\u00e9e. Le Belge a accroch\u00e9 la barri\u00e8re de s\u00e9curit\u00e9, provoquant une plaie importante de la hanche \u00e0 l&rsquo;int\u00e9rieur de la cuisse. Transport\u00e9 \u00e0 l&rsquo;h\u00f4pital, il sera op\u00e9r\u00e9 ce vendredi soir.<\/p>\n<blockquote class=\"twitter-tweet\" data-lang=\"fr\">\n<p dir=\"ltr\" lang=\"fr\">Wout Van Aert, l&rsquo;un des favoris \u00e0 la victoire cet apr\u00e8s-midi a chut\u00e9 lourdement apr\u00e8s avoir percut\u00e9 une barri\u00e8re et a d\u00fb \u00eatre \u00e9vacu\u00e9 <a href=\"https:\/\/twitter.com\/hashtag\/TDF2019?src=hash&amp;ref_src=twsrc%5Etfw\">#TDF2019<\/a> <a href=\"https:\/\/t.co\/18yu6IPHcb\">pic.twitter.com\/18yu6IPHcb<\/a><\/p>\n<p>\u2014 France tv sport (@francetvsport) <a href=\"https:\/\/twitter.com\/francetvsport\/status\/1152223198244720641?ref_src=twsrc%5Etfw\">19 juillet 2019<\/a><\/p><\/blockquote>\n<p><script async src=\"https:\/\/platform.twitter.com\/widgets.js\" charset=\"utf-8\"><\/script><\/p>\n<p style=\"text-align: justify;\">L&rsquo;Allemand <strong>Maximilian Schachmann<\/strong> a \u00e9galement go\u00fbt\u00e9 au bitume. Le champion d&rsquo;Allemagne a termin\u00e9 le contre-la-montre avec une fracture de la main. Le coureur de la Bora-Hansgrohe sera \u00e9galement op\u00e9r\u00e9 dans la soir\u00e9e. Tout comme Wout Van Aert, il ne prendra pas le d\u00e9part de la 14\u00e8me \u00e9tape ce samedi.<\/p>\n<p><strong><em>Dicodusport<br \/>\n<a href=\"https:\/\/www.facebook.com\/dicodusport\/\" target=\"_blank\" rel=\"noopener\"><img loading=\"lazy\" decoding=\"async\" class=\"alignnone wp-image-2909\" src=\"http:\/\/dicodusport.fr\/blog\/wp-content\/uploads\/2017\/07\/logo-facebook-150x150.png\" sizes=\"auto, (max-width: 40px) 100vw, 40px\" srcset=\"https:\/\/dicodusport.fr\/blog\/wp-content\/uploads\/2017\/07\/logo-facebook-150x150.png 150w, https:\/\/dicodusport.fr\/blog\/wp-content\/uploads\/2017\/07\/logo-facebook-300x300.png 300w, https:\/\/dicodusport.fr\/blog\/wp-content\/uploads\/2017\/07\/logo-facebook.png 400w\" alt=\"\" width=\"40\" height=\"40\" \/><\/a><a href=\"https:\/\/twitter.com\/dicodusport\" target=\"_blank\" rel=\"noopener\"><img loading=\"lazy\" decoding=\"async\" class=\"alignnone wp-image-2908\" src=\"http:\/\/dicodusport.fr\/blog\/wp-content\/uploads\/2017\/07\/logo-twitter-150x150.png\" alt=\"\" width=\"39\" height=\"39\" \/><\/a><\/em><\/strong><\/p>\n","protected":false},"excerpt":{"rendered":"<p>Tour de France &#8211; Incroyable ! Julian Alaphilippe (Deceuninck &#8211; Quick-Step) s&rsquo;est impos\u00e9 lors du contre-la-montre confortant son maillot jaune de leader.<\/p>\n","protected":false},"author":4,"featured_media":43403,"comment_status":"open","ping_status":"closed","sticky":false,"template":"","format":"standard","meta":{"_acf_changed":false,"_daextam_enable_autolinks":"","footnotes":""},"categories":[2307,46995],"tags":[5328,574,1093,24,1262],"class_list":["post-43394","post","type-post","status-publish","format-standard","has-post-thumbnail","hentry","category-cyclisme","category-tour-de-france","tag-contre-la-montre","tag-cyclisme","tag-pau","tag-sport","tag-tour-de-france"],"acf":[],"yoast_head":"<!-- This site is optimized with the Yoast SEO Premium plugin v26.7 (Yoast SEO v26.7) - https:\/\/yoast.com\/wordpress\/plugins\/seo\/ -->\n<title>Tour de France 2019 : Julian Alaphilippe remporte le chrono et conforte son maillot jaune<\/title>\n<meta name=\"description\" content=\"Tour de France - Incroyable ! Julian Alaphilippe (Deceuninck - Quick-Step) s&#039;est impos\u00e9 lors du contre-la-montre confortant son maillot jaune de leader.\" \/>\n<meta name=\"robots\" content=\"index, follow, max-snippet:-1, max-image-preview:large, max-video-preview:-1\" \/>\n<link rel=\"canonical\" href=\"https:\/\/dicodusport.fr\/blog\/tour-de-france-2019-julian-alaphilippe-remporte-le-chrono-et-conforte-son-maillot-jaune\/\" \/>\n<meta property=\"og:locale\" content=\"fr_FR\" \/>\n<meta property=\"og:type\" content=\"article\" \/>\n<meta property=\"og:title\" content=\"Tour de France : Julian Alaphilippe remporte le chrono et conforte son maillot jaune\" \/>\n<meta property=\"og:description\" content=\"Tour de France - Incroyable ! Julian Alaphilippe (Deceuninck - Quick-Step) s&#039;est impos\u00e9 lors du contre-la-montre confortant son maillot jaune de leader.\" \/>\n<meta property=\"og:url\" content=\"https:\/\/dicodusport.fr\/blog\/tour-de-france-2019-julian-alaphilippe-remporte-le-chrono-et-conforte-son-maillot-jaune\/\" \/>\n<meta property=\"og:site_name\" content=\"Dicodusport\" \/>\n<meta property=\"article:publisher\" content=\"https:\/\/www.facebook.com\/dicodusport\" \/>\n<meta property=\"article:author\" content=\"https:\/\/www.facebook.com\/florent.ostermann\" \/>\n<meta property=\"article:published_time\" content=\"2019-07-19T15:59:16+00:00\" \/>\n<meta property=\"article:modified_time\" content=\"2019-07-20T09:38:01+00:00\" \/>\n<meta property=\"og:image\" content=\"https:\/\/dicodusport.fr\/blog\/wp-content\/uploads\/2019\/07\/Julian-Alaphilippe-Chrono.png\" \/>\n\t<meta property=\"og:image:width\" content=\"800\" \/>\n\t<meta property=\"og:image:height\" content=\"445\" \/>\n\t<meta property=\"og:image:type\" content=\"image\/png\" \/>\n<meta name=\"author\" content=\"Flo Ostermann\" \/>\n<meta name=\"twitter:card\" content=\"summary_large_image\" \/>\n<meta name=\"twitter:title\" content=\"Tour de France : Julian Alaphilippe remporte le chrono et conforte son maillot jaune\" \/>\n<meta name=\"twitter:creator\" content=\"@https:\/\/twitter.com\/FlOstermann\" \/>\n<meta name=\"twitter:site\" content=\"@dicodusport\" \/>\n<script type=\"application\/ld+json\" class=\"yoast-schema-graph\">{\"@context\":\"https:\/\/schema.org\",\"@graph\":[{\"@type\":\"NewsArticle\",\"@id\":\"https:\/\/dicodusport.fr\/blog\/tour-de-france-2019-julian-alaphilippe-remporte-le-chrono-et-conforte-son-maillot-jaune\/#article\",\"isPartOf\":{\"@id\":\"https:\/\/dicodusport.fr\/blog\/tour-de-france-2019-julian-alaphilippe-remporte-le-chrono-et-conforte-son-maillot-jaune\/\"},\"author\":{\"name\":\"Flo Ostermann\",\"@id\":\"https:\/\/dicodusport.fr\/blog\/#\/schema\/person\/cb02af4c173ce4a653b55e9baf388d4a\"},\"headline\":\"Tour de France 2019 : Julian Alaphilippe remporte le chrono et conforte son maillot jaune\",\"datePublished\":\"2019-07-19T15:59:16+00:00\",\"dateModified\":\"2019-07-20T09:38:01+00:00\",\"mainEntityOfPage\":{\"@id\":\"https:\/\/dicodusport.fr\/blog\/tour-de-france-2019-julian-alaphilippe-remporte-le-chrono-et-conforte-son-maillot-jaune\/\"},\"wordCount\":568,\"commentCount\":0,\"publisher\":{\"@id\":\"https:\/\/dicodusport.fr\/blog\/#organization\"},\"image\":{\"@id\":\"https:\/\/dicodusport.fr\/blog\/tour-de-france-2019-julian-alaphilippe-remporte-le-chrono-et-conforte-son-maillot-jaune\/#primaryimage\"},\"thumbnailUrl\":\"https:\/\/dicodusport.fr\/blog\/wp-content\/uploads\/2019\/07\/Julian-Alaphilippe-Chrono.png\",\"keywords\":[\"contre-la-montre\",\"Cyclisme\",\"pau\",\"sport\",\"Tour de France\"],\"articleSection\":[\"Cyclisme\",\"Tour de France\"],\"inLanguage\":\"fr-FR\",\"potentialAction\":[{\"@type\":\"CommentAction\",\"name\":\"Comment\",\"target\":[\"https:\/\/dicodusport.fr\/blog\/tour-de-france-2019-julian-alaphilippe-remporte-le-chrono-et-conforte-son-maillot-jaune\/#respond\"]}],\"copyrightYear\":\"2019\",\"copyrightHolder\":{\"@id\":\"https:\/\/dicodusport.fr\/blog\/#organization\"}},{\"@type\":\"WebPage\",\"@id\":\"https:\/\/dicodusport.fr\/blog\/tour-de-france-2019-julian-alaphilippe-remporte-le-chrono-et-conforte-son-maillot-jaune\/\",\"url\":\"https:\/\/dicodusport.fr\/blog\/tour-de-france-2019-julian-alaphilippe-remporte-le-chrono-et-conforte-son-maillot-jaune\/\",\"name\":\"Tour de France 2019 : Julian Alaphilippe remporte le chrono et conforte son maillot jaune\",\"isPartOf\":{\"@id\":\"https:\/\/dicodusport.fr\/blog\/#website\"},\"primaryImageOfPage\":{\"@id\":\"https:\/\/dicodusport.fr\/blog\/tour-de-france-2019-julian-alaphilippe-remporte-le-chrono-et-conforte-son-maillot-jaune\/#primaryimage\"},\"image\":{\"@id\":\"https:\/\/dicodusport.fr\/blog\/tour-de-france-2019-julian-alaphilippe-remporte-le-chrono-et-conforte-son-maillot-jaune\/#primaryimage\"},\"thumbnailUrl\":\"https:\/\/dicodusport.fr\/blog\/wp-content\/uploads\/2019\/07\/Julian-Alaphilippe-Chrono.png\",\"datePublished\":\"2019-07-19T15:59:16+00:00\",\"dateModified\":\"2019-07-20T09:38:01+00:00\",\"description\":\"Tour de France - Incroyable ! Julian Alaphilippe (Deceuninck - Quick-Step) s'est impos\u00e9 lors du contre-la-montre confortant son maillot jaune de leader.\",\"breadcrumb\":{\"@id\":\"https:\/\/dicodusport.fr\/blog\/tour-de-france-2019-julian-alaphilippe-remporte-le-chrono-et-conforte-son-maillot-jaune\/#breadcrumb\"},\"inLanguage\":\"fr-FR\",\"potentialAction\":[{\"@type\":\"ReadAction\",\"target\":[\"https:\/\/dicodusport.fr\/blog\/tour-de-france-2019-julian-alaphilippe-remporte-le-chrono-et-conforte-son-maillot-jaune\/\"]}]},{\"@type\":\"ImageObject\",\"inLanguage\":\"fr-FR\",\"@id\":\"https:\/\/dicodusport.fr\/blog\/tour-de-france-2019-julian-alaphilippe-remporte-le-chrono-et-conforte-son-maillot-jaune\/#primaryimage\",\"url\":\"https:\/\/dicodusport.fr\/blog\/wp-content\/uploads\/2019\/07\/Julian-Alaphilippe-Chrono.png\",\"contentUrl\":\"https:\/\/dicodusport.fr\/blog\/wp-content\/uploads\/2019\/07\/Julian-Alaphilippe-Chrono.png\",\"width\":800,\"height\":445,\"caption\":\"Julian Alaphilippe intouchable lors du chrono de Pau\"},{\"@type\":\"BreadcrumbList\",\"@id\":\"https:\/\/dicodusport.fr\/blog\/tour-de-france-2019-julian-alaphilippe-remporte-le-chrono-et-conforte-son-maillot-jaune\/#breadcrumb\",\"itemListElement\":[{\"@type\":\"ListItem\",\"position\":1,\"name\":\"Accueil\",\"item\":\"https:\/\/dicodusport.fr\/blog\/\"},{\"@type\":\"ListItem\",\"position\":2,\"name\":\"Tour de France 2019 : Julian Alaphilippe remporte le chrono et conforte son maillot jaune\"}]},{\"@type\":\"WebSite\",\"@id\":\"https:\/\/dicodusport.fr\/blog\/#website\",\"url\":\"https:\/\/dicodusport.fr\/blog\/\",\"name\":\"Dicodusport\",\"description\":\"L&#039;encyclop\u00e9die de l&#039;actualit\u00e9 sportive\",\"publisher\":{\"@id\":\"https:\/\/dicodusport.fr\/blog\/#organization\"},\"potentialAction\":[{\"@type\":\"SearchAction\",\"target\":{\"@type\":\"EntryPoint\",\"urlTemplate\":\"https:\/\/dicodusport.fr\/blog\/?s={search_term_string}\"},\"query-input\":{\"@type\":\"PropertyValueSpecification\",\"valueRequired\":true,\"valueName\":\"search_term_string\"}}],\"inLanguage\":\"fr-FR\"},{\"@type\":\"NewsMediaOrganization\",\"@id\":\"https:\/\/dicodusport.fr\/blog\/#organization\",\"name\":\"Dicodusport\",\"url\":\"https:\/\/dicodusport.fr\/blog\/\",\"logo\":{\"@type\":\"ImageObject\",\"inLanguage\":\"fr-FR\",\"@id\":\"https:\/\/dicodusport.fr\/blog\/#\/schema\/logo\/image\/\",\"url\":\"https:\/\/dicodusport.fr\/blog\/wp-content\/uploads\/2020\/06\/cropped-LOGO-DICODUSPORT-2020-SANS-FOND-SANS-TEXTE.png\",\"contentUrl\":\"https:\/\/dicodusport.fr\/blog\/wp-content\/uploads\/2020\/06\/cropped-LOGO-DICODUSPORT-2020-SANS-FOND-SANS-TEXTE.png\",\"width\":512,\"height\":512,\"caption\":\"Dicodusport\"},\"image\":{\"@id\":\"https:\/\/dicodusport.fr\/blog\/#\/schema\/logo\/image\/\"},\"sameAs\":[\"https:\/\/www.facebook.com\/dicodusport\",\"https:\/\/x.com\/dicodusport\",\"https:\/\/www.instagram.com\/dicodusport\/\",\"https:\/\/www.youtube.com\/channel\/UC7V2KZ5sd3htJivAbA4ZG3w\"],\"description\":\"Dicodusport est l'encyclop\u00e9die de l'actualit\u00e9 sportive.\",\"email\":\"bonjour@dicodusport.fr\",\"legalName\":\"DICODUSPORT\",\"foundingDate\":\"2018-01-14\",\"vatID\":\"FR71834470973\",\"taxID\":\"83447097300043\",\"numberOfEmployees\":{\"@type\":\"QuantitativeValue\",\"minValue\":\"1\",\"maxValue\":\"10\"}},{\"@type\":\"Person\",\"@id\":\"https:\/\/dicodusport.fr\/blog\/#\/schema\/person\/cb02af4c173ce4a653b55e9baf388d4a\",\"name\":\"Flo Ostermann\",\"image\":{\"@type\":\"ImageObject\",\"inLanguage\":\"fr-FR\",\"@id\":\"https:\/\/dicodusport.fr\/blog\/#\/schema\/person\/image\/\",\"url\":\"https:\/\/dicodusport.fr\/blog\/wp-content\/uploads\/2021\/05\/Flo-Ostermann-150x150.jpg\",\"contentUrl\":\"https:\/\/dicodusport.fr\/blog\/wp-content\/uploads\/2021\/05\/Flo-Ostermann-150x150.jpg\",\"caption\":\"Flo Ostermann\"},\"description\":\"Journaliste\/R\u00e9dacteur depuis septembre 2015 - Mes premiers souvenirs dans le sport ? Les envol\u00e9es du Stade Toulousain et les duels Villeneuve-Schumacher et H\u00e4kkinen-Schumacher \u00e0 la fin des ann\u00e9es 90, la Coupe du monde de football en 1998, l\u2019exploit du XV de France face aux All Blacks en 1999, mais aussi Richard C\u0153ur de Lion qui vole sur les montagnes du Tour de France. Bien parti pour devenir professeur d\u2019EPS, les \u00e9v\u00e9nements de la vie (et la flemme d\u2019animer des s\u00e9ances de 3x500 m\u00e8tres toute ma vie) m\u2019ont conduit \u00e0 revoir mes plans. Me voil\u00e0 depuis fin 2017 sur Dicodusport, m\u00e9dia gr\u00e2ce (et pour) lequel je partage ma passion : le sport dans tous ses \u00e9tats. Le tout accompagn\u00e9 par les fous furieux et folles furieuses cit\u00e9s sur cette page !\",\"sameAs\":[\"https:\/\/www.facebook.com\/florent.ostermann\",\"https:\/\/x.com\/https:\/\/twitter.com\/FlOstermann\",\"admin\"],\"url\":\"https:\/\/dicodusport.fr\/blog\/author\/flo\/\"}]}<\/script>\n<!-- \/ Yoast SEO Premium plugin. -->","yoast_head_json":{"title":"Tour de France 2019 : Julian Alaphilippe remporte le chrono et conforte son maillot jaune","description":"Tour de France - Incroyable ! Julian Alaphilippe (Deceuninck - Quick-Step) s'est impos\u00e9 lors du contre-la-montre confortant son maillot jaune de leader.","robots":{"index":"index","follow":"follow","max-snippet":"max-snippet:-1","max-image-preview":"max-image-preview:large","max-video-preview":"max-video-preview:-1"},"canonical":"https:\/\/dicodusport.fr\/blog\/tour-de-france-2019-julian-alaphilippe-remporte-le-chrono-et-conforte-son-maillot-jaune\/","og_locale":"fr_FR","og_type":"article","og_title":"Tour de France : Julian Alaphilippe remporte le chrono et conforte son maillot jaune","og_description":"Tour de France - Incroyable ! Julian Alaphilippe (Deceuninck - Quick-Step) s'est impos\u00e9 lors du contre-la-montre confortant son maillot jaune de leader.","og_url":"https:\/\/dicodusport.fr\/blog\/tour-de-france-2019-julian-alaphilippe-remporte-le-chrono-et-conforte-son-maillot-jaune\/","og_site_name":"Dicodusport","article_publisher":"https:\/\/www.facebook.com\/dicodusport","article_author":"https:\/\/www.facebook.com\/florent.ostermann","article_published_time":"2019-07-19T15:59:16+00:00","article_modified_time":"2019-07-20T09:38:01+00:00","og_image":[{"width":800,"height":445,"url":"https:\/\/dicodusport.fr\/blog\/wp-content\/uploads\/2019\/07\/Julian-Alaphilippe-Chrono.png","type":"image\/png"}],"author":"Flo Ostermann","twitter_card":"summary_large_image","twitter_title":"Tour de France : Julian Alaphilippe remporte le chrono et conforte son maillot jaune","twitter_creator":"@https:\/\/twitter.com\/FlOstermann","twitter_site":"@dicodusport","schema":{"@context":"https:\/\/schema.org","@graph":[{"@type":"NewsArticle","@id":"https:\/\/dicodusport.fr\/blog\/tour-de-france-2019-julian-alaphilippe-remporte-le-chrono-et-conforte-son-maillot-jaune\/#article","isPartOf":{"@id":"https:\/\/dicodusport.fr\/blog\/tour-de-france-2019-julian-alaphilippe-remporte-le-chrono-et-conforte-son-maillot-jaune\/"},"author":{"name":"Flo Ostermann","@id":"https:\/\/dicodusport.fr\/blog\/#\/schema\/person\/cb02af4c173ce4a653b55e9baf388d4a"},"headline":"Tour de France 2019 : Julian Alaphilippe remporte le chrono et conforte son maillot jaune","datePublished":"2019-07-19T15:59:16+00:00","dateModified":"2019-07-20T09:38:01+00:00","mainEntityOfPage":{"@id":"https:\/\/dicodusport.fr\/blog\/tour-de-france-2019-julian-alaphilippe-remporte-le-chrono-et-conforte-son-maillot-jaune\/"},"wordCount":568,"commentCount":0,"publisher":{"@id":"https:\/\/dicodusport.fr\/blog\/#organization"},"image":{"@id":"https:\/\/dicodusport.fr\/blog\/tour-de-france-2019-julian-alaphilippe-remporte-le-chrono-et-conforte-son-maillot-jaune\/#primaryimage"},"thumbnailUrl":"https:\/\/dicodusport.fr\/blog\/wp-content\/uploads\/2019\/07\/Julian-Alaphilippe-Chrono.png","keywords":["contre-la-montre","Cyclisme","pau","sport","Tour de France"],"articleSection":["Cyclisme","Tour de France"],"inLanguage":"fr-FR","potentialAction":[{"@type":"CommentAction","name":"Comment","target":["https:\/\/dicodusport.fr\/blog\/tour-de-france-2019-julian-alaphilippe-remporte-le-chrono-et-conforte-son-maillot-jaune\/#respond"]}],"copyrightYear":"2019","copyrightHolder":{"@id":"https:\/\/dicodusport.fr\/blog\/#organization"}},{"@type":"WebPage","@id":"https:\/\/dicodusport.fr\/blog\/tour-de-france-2019-julian-alaphilippe-remporte-le-chrono-et-conforte-son-maillot-jaune\/","url":"https:\/\/dicodusport.fr\/blog\/tour-de-france-2019-julian-alaphilippe-remporte-le-chrono-et-conforte-son-maillot-jaune\/","name":"Tour de France 2019 : Julian Alaphilippe remporte le chrono et conforte son maillot jaune","isPartOf":{"@id":"https:\/\/dicodusport.fr\/blog\/#website"},"primaryImageOfPage":{"@id":"https:\/\/dicodusport.fr\/blog\/tour-de-france-2019-julian-alaphilippe-remporte-le-chrono-et-conforte-son-maillot-jaune\/#primaryimage"},"image":{"@id":"https:\/\/dicodusport.fr\/blog\/tour-de-france-2019-julian-alaphilippe-remporte-le-chrono-et-conforte-son-maillot-jaune\/#primaryimage"},"thumbnailUrl":"https:\/\/dicodusport.fr\/blog\/wp-content\/uploads\/2019\/07\/Julian-Alaphilippe-Chrono.png","datePublished":"2019-07-19T15:59:16+00:00","dateModified":"2019-07-20T09:38:01+00:00","description":"Tour de France - Incroyable ! Julian Alaphilippe (Deceuninck - Quick-Step) s'est impos\u00e9 lors du contre-la-montre confortant son maillot jaune de leader.","breadcrumb":{"@id":"https:\/\/dicodusport.fr\/blog\/tour-de-france-2019-julian-alaphilippe-remporte-le-chrono-et-conforte-son-maillot-jaune\/#breadcrumb"},"inLanguage":"fr-FR","potentialAction":[{"@type":"ReadAction","target":["https:\/\/dicodusport.fr\/blog\/tour-de-france-2019-julian-alaphilippe-remporte-le-chrono-et-conforte-son-maillot-jaune\/"]}]},{"@type":"ImageObject","inLanguage":"fr-FR","@id":"https:\/\/dicodusport.fr\/blog\/tour-de-france-2019-julian-alaphilippe-remporte-le-chrono-et-conforte-son-maillot-jaune\/#primaryimage","url":"https:\/\/dicodusport.fr\/blog\/wp-content\/uploads\/2019\/07\/Julian-Alaphilippe-Chrono.png","contentUrl":"https:\/\/dicodusport.fr\/blog\/wp-content\/uploads\/2019\/07\/Julian-Alaphilippe-Chrono.png","width":800,"height":445,"caption":"Julian Alaphilippe intouchable lors du chrono de Pau"},{"@type":"BreadcrumbList","@id":"https:\/\/dicodusport.fr\/blog\/tour-de-france-2019-julian-alaphilippe-remporte-le-chrono-et-conforte-son-maillot-jaune\/#breadcrumb","itemListElement":[{"@type":"ListItem","position":1,"name":"Accueil","item":"https:\/\/dicodusport.fr\/blog\/"},{"@type":"ListItem","position":2,"name":"Tour de France 2019 : Julian Alaphilippe remporte le chrono et conforte son maillot jaune"}]},{"@type":"WebSite","@id":"https:\/\/dicodusport.fr\/blog\/#website","url":"https:\/\/dicodusport.fr\/blog\/","name":"Dicodusport","description":"L&#039;encyclop\u00e9die de l&#039;actualit\u00e9 sportive","publisher":{"@id":"https:\/\/dicodusport.fr\/blog\/#organization"},"potentialAction":[{"@type":"SearchAction","target":{"@type":"EntryPoint","urlTemplate":"https:\/\/dicodusport.fr\/blog\/?s={search_term_string}"},"query-input":{"@type":"PropertyValueSpecification","valueRequired":true,"valueName":"search_term_string"}}],"inLanguage":"fr-FR"},{"@type":"NewsMediaOrganization","@id":"https:\/\/dicodusport.fr\/blog\/#organization","name":"Dicodusport","url":"https:\/\/dicodusport.fr\/blog\/","logo":{"@type":"ImageObject","inLanguage":"fr-FR","@id":"https:\/\/dicodusport.fr\/blog\/#\/schema\/logo\/image\/","url":"https:\/\/dicodusport.fr\/blog\/wp-content\/uploads\/2020\/06\/cropped-LOGO-DICODUSPORT-2020-SANS-FOND-SANS-TEXTE.png","contentUrl":"https:\/\/dicodusport.fr\/blog\/wp-content\/uploads\/2020\/06\/cropped-LOGO-DICODUSPORT-2020-SANS-FOND-SANS-TEXTE.png","width":512,"height":512,"caption":"Dicodusport"},"image":{"@id":"https:\/\/dicodusport.fr\/blog\/#\/schema\/logo\/image\/"},"sameAs":["https:\/\/www.facebook.com\/dicodusport","https:\/\/x.com\/dicodusport","https:\/\/www.instagram.com\/dicodusport\/","https:\/\/www.youtube.com\/channel\/UC7V2KZ5sd3htJivAbA4ZG3w"],"description":"Dicodusport est l'encyclop\u00e9die de l'actualit\u00e9 sportive.","email":"bonjour@dicodusport.fr","legalName":"DICODUSPORT","foundingDate":"2018-01-14","vatID":"FR71834470973","taxID":"83447097300043","numberOfEmployees":{"@type":"QuantitativeValue","minValue":"1","maxValue":"10"}},{"@type":"Person","@id":"https:\/\/dicodusport.fr\/blog\/#\/schema\/person\/cb02af4c173ce4a653b55e9baf388d4a","name":"Flo Ostermann","image":{"@type":"ImageObject","inLanguage":"fr-FR","@id":"https:\/\/dicodusport.fr\/blog\/#\/schema\/person\/image\/","url":"https:\/\/dicodusport.fr\/blog\/wp-content\/uploads\/2021\/05\/Flo-Ostermann-150x150.jpg","contentUrl":"https:\/\/dicodusport.fr\/blog\/wp-content\/uploads\/2021\/05\/Flo-Ostermann-150x150.jpg","caption":"Flo Ostermann"},"description":"Journaliste\/R\u00e9dacteur depuis septembre 2015 - Mes premiers souvenirs dans le sport ? Les envol\u00e9es du Stade Toulousain et les duels Villeneuve-Schumacher et H\u00e4kkinen-Schumacher \u00e0 la fin des ann\u00e9es 90, la Coupe du monde de football en 1998, l\u2019exploit du XV de France face aux All Blacks en 1999, mais aussi Richard C\u0153ur de Lion qui vole sur les montagnes du Tour de France. Bien parti pour devenir professeur d\u2019EPS, les \u00e9v\u00e9nements de la vie (et la flemme d\u2019animer des s\u00e9ances de 3x500 m\u00e8tres toute ma vie) m\u2019ont conduit \u00e0 revoir mes plans. Me voil\u00e0 depuis fin 2017 sur Dicodusport, m\u00e9dia gr\u00e2ce (et pour) lequel je partage ma passion : le sport dans tous ses \u00e9tats. Le tout accompagn\u00e9 par les fous furieux et folles furieuses cit\u00e9s sur cette page !","sameAs":["https:\/\/www.facebook.com\/florent.ostermann","https:\/\/x.com\/https:\/\/twitter.com\/FlOstermann","admin"],"url":"https:\/\/dicodusport.fr\/blog\/author\/flo\/"}]}},"_links":{"self":[{"href":"https:\/\/dicodusport.fr\/blog\/wp-json\/wp\/v2\/posts\/43394","targetHints":{"allow":["GET"]}}],"collection":[{"href":"https:\/\/dicodusport.fr\/blog\/wp-json\/wp\/v2\/posts"}],"about":[{"href":"https:\/\/dicodusport.fr\/blog\/wp-json\/wp\/v2\/types\/post"}],"author":[{"embeddable":true,"href":"https:\/\/dicodusport.fr\/blog\/wp-json\/wp\/v2\/users\/4"}],"replies":[{"embeddable":true,"href":"https:\/\/dicodusport.fr\/blog\/wp-json\/wp\/v2\/comments?post=43394"}],"version-history":[{"count":0,"href":"https:\/\/dicodusport.fr\/blog\/wp-json\/wp\/v2\/posts\/43394\/revisions"}],"wp:featuredmedia":[{"embeddable":true,"href":"https:\/\/dicodusport.fr\/blog\/wp-json\/wp\/v2\/media\/43403"}],"wp:attachment":[{"href":"https:\/\/dicodusport.fr\/blog\/wp-json\/wp\/v2\/media?parent=43394"}],"wp:term":[{"taxonomy":"category","embeddable":true,"href":"https:\/\/dicodusport.fr\/blog\/wp-json\/wp\/v2\/categories?post=43394"},{"taxonomy":"post_tag","embeddable":true,"href":"https:\/\/dicodusport.fr\/blog\/wp-json\/wp\/v2\/tags?post=43394"}],"curies":[{"name":"wp","href":"https:\/\/api.w.org\/{rel}","templated":true}]}}