{"id":434078,"date":"2023-11-01T15:26:01","date_gmt":"2023-11-01T14:26:01","guid":{"rendered":"https:\/\/dicodusport.fr\/blog\/?p=434078&#038;preview=true&#038;preview_id=434078"},"modified":"2023-11-01T21:02:57","modified_gmt":"2023-11-01T20:02:57","slug":"mehdi-filali-le-but-va-etre-daccumuler-les-titres","status":"publish","type":"post","link":"https:\/\/dicodusport.fr\/blog\/mehdi-filali-le-but-va-etre-daccumuler-les-titres\/","title":{"rendered":"Mehdi Filali : \u00ab\u00a0Le but va \u00eatre d&rsquo;accumuler les titres\u00a0\u00bb"},"content":{"rendered":"<p style=\"font-weight: 400; text-align: justify;\"><strong><em>KARAT\u00c9 &#8211; Mehdi Filali a \u00e9t\u00e9 sacr\u00e9 champion du monde de karat\u00e9 dans la cat\u00e9gorie des plus de 84 kg, ce week-end \u00e0 Budapest (Hongrie). \u00c9galement m\u00e9daill\u00e9 de bronze par \u00e9quipes, le karat\u00e9ka de 24 ans conclut cette ann\u00e9e 2023 en beaut\u00e9, lui qui avait d\u00e9j\u00e0 rafl\u00e9 le titre de champion d\u2019Europe en mars dernier.<\/em><\/strong><\/p>\n<h3 style=\"font-weight: 400; text-align: justify;\"><strong>Que repr\u00e9sente ce premier titre mondial ?<\/strong><\/h3>\n<p style=\"font-weight: 400; text-align: justify;\">C&rsquo;est la cons\u00e9cration de beaucoup de travail. Je suis en \u00e9quipe de France seniors depuis 2017 et c&rsquo;est un titre apr\u00e8s lequel je cours depuis. Aux Championnats du monde seniors 2018, je perds au deuxi\u00e8me tour. En 2021, \u00e0 Duba\u00ef, je n\u2019y \u00e9tais pas \u00e0 cause d\u2019une blessure. Et l\u00e0, c\u2019\u00e9tait le troisi\u00e8me Championnat du monde possible et j\u2019arrive \u00e0 revenir avec le titre de champion du monde.<\/p>\n<h3 style=\"font-weight: 400; text-align: justify;\"><strong>Aviez-vous une pression suppl\u00e9mentaire avec le titre de champion d\u2019Europe sur les \u00e9paules\u00a0?<\/strong><\/h3>\n<p style=\"font-weight: 400; text-align: justify;\">Non, pas du tout. Le fait d&rsquo;avoir gagn\u00e9 le <a href=\"https:\/\/dicodusport.fr\/blog\/championnats-deurope-de-karate-2023-mehdi-filali-et-steven-da-costa-titres\/\">titre de champion d&rsquo;Europe<\/a>, c&rsquo;\u00e9tait quelque chose de fou pour moi. \u00catre le meilleur d&rsquo;Europe, c&rsquo;est vraiment quelque chose d&rsquo;exceptionnel. Les Championnats du monde \u00e9taient un plus. J&rsquo;avais d\u00e9j\u00e0 accompli une belle ann\u00e9e et j&rsquo;allais aux Championnats du monde sans pression, sans me dire que j\u2019\u00e9tais champion d&rsquo;Europe en titre. J&rsquo;ai vraiment pass\u00e9 la comp\u00e9tition tour par tour, pour au final remporter le titre supr\u00eame.<span data-ccp-props=\"{&quot;201341983&quot;:0,&quot;335559739&quot;:160,&quot;335559740&quot;:259}\">\u00a0<\/span><\/p>\n<div class=\"vlp-link-container vlp-layout-article\"><a href=\"https:\/\/dicodusport.fr\/blog\/championnats-du-monde-karate-2023-mehdi-filali-sur-le-toit-du-monde-en-kumite-84kg\/\" class=\"vlp-link\" title=\"Championnats du monde karat\u00e9 2023 : Mehdi Filali sur le toit du monde en kumite +84kg !\"><\/a><div class=\"vlp-layout-zone-side\"><div class=\"vlp-block-4 vlp-link-image\"><img loading=\"lazy\" decoding=\"async\" style=\"max-width: 800px;\" width=\"800\" height=\"445\" src=\"https:\/\/dicodusport.fr\/blog\/wp-content\/uploads\/2023\/10\/Championnats-du-monde-karate-2023-Mehdi-Filali-sur-le-toit-du-monde-en-kumite-84kg-.png\" class=\"attachment-800x445 size-800x445\" alt=\"Championnats du monde karat\u00e9 2023 Mehdi Filali sur le toit du monde en kumite +84kg !\" srcset=\"https:\/\/dicodusport.fr\/blog\/wp-content\/uploads\/2023\/10\/Championnats-du-monde-karate-2023-Mehdi-Filali-sur-le-toit-du-monde-en-kumite-84kg-.png 800w, https:\/\/dicodusport.fr\/blog\/wp-content\/uploads\/2023\/10\/Championnats-du-monde-karate-2023-Mehdi-Filali-sur-le-toit-du-monde-en-kumite-84kg--300x167.png 300w, https:\/\/dicodusport.fr\/blog\/wp-content\/uploads\/2023\/10\/Championnats-du-monde-karate-2023-Mehdi-Filali-sur-le-toit-du-monde-en-kumite-84kg--768x427.png 768w\" sizes=\"auto, (max-width: 800px) 100vw, 800px\" \/><\/div><\/div><div class=\"vlp-layout-zone-main\"><div class=\"vlp-block-0 vlp-link-title\">Championnats du monde karat\u00e9 2023 : Mehdi Filali sur le toit du monde en kumite +84kg !<\/div><div class=\"vlp-block-1 vlp-link-summary\">CHAMPIONNATS DU MONDE KARAT\u00c9 2023 - Mehdi Filali est champion du monde ! Apr\u00e8s avoir \u00e9t\u00e9 sacr\u00e9 champion d'Europe plus t\u00f4t dans l'ann\u00e9e, le Marseillais a cette fois ravi la couronne mondiale \u00e0 Budapest au terme d'un parcours sans faute.<\/div><div class=\"vlp-block-2 vlp-link-button\">Lire l'article<\/div><div class=\"vlp-block-3 vlp-link-url\">dicodusport.fr<\/div><\/div><\/div>\n<h3 style=\"font-weight: 400; text-align: justify;\"><strong>Comment avez-vous v\u00e9cu votre comp\u00e9tition ?<\/strong><\/h3>\n<p style=\"font-weight: 400; text-align: justify;\">Je me suis focalis\u00e9 sur chaque combat. J&rsquo;ai eu un peu de mal \u00e0 rentrer dans ma comp\u00e9tition sur les deux premiers combats. Et puis \u00e0 partir du troisi\u00e8me combat, j&rsquo;avais des clients donc j&rsquo;ai pris \u00e7a comme des finales. Je me suis retrouv\u00e9 en demi-finale le mardi (ndlr\u00a0: face au champion olympique<span style=\"font-size: 16px;\">\u00a0<\/span><strong style=\"font-size: 16px;\">Sajah Ganjzadeh<\/strong><span style=\"font-size: 16px;\">) c&rsquo;\u00e9tait vraiment exceptionnel, puis j&rsquo;ai eu un petit peu de temps pour me reposer et faire le vide avant la finale de samedi (ndlr\u00a0: face \u00e0 l\u2019\u00c9gyptien <strong>Taha Tarek Mahmoud<\/strong>) o\u00f9 je n&rsquo;avais que le titre en t\u00eate.<\/span><span style=\"font-size: 16px;\" data-ccp-props=\"{&quot;201341983&quot;:0,&quot;335559739&quot;:160,&quot;335559740&quot;:259}\">\u00a0<\/span><\/p>\n<h3 style=\"font-weight: 400; text-align: justify;\"><strong>Et cette m\u00e9daille de bronze par \u00e9quipe lors de ces championnats du monde, comment est-elle ?<\/strong><\/h3>\n<p style=\"font-weight: 400; text-align: justify;\">Elle est tr\u00e8s jolie (il r\u00e9p\u00e8te cinq fois le mot tr\u00e8s), parce que l&rsquo;histoire derri\u00e8re elle est encore plus belle. Ce sont des mecs avec qui j\u2019\u00e9tais dans les \u00e9quipes de France jeunes. Donc la plupart, je les connais depuis 10 ans. On a grandi ensemble et on s&rsquo;est fait notre exp\u00e9rience du karat\u00e9 ensemble. On a r\u00e9ussi \u00e0 gagner un titre de champion d&rsquo;Europe en 2022. En 2023, on perd d&rsquo;un de rien la finale face aux Ukrainiens et on finit vice-champions d&rsquo;Europe. Arriver \u00e0 gagner une m\u00e9daille mondiale avec cette \u00e9quipe tr\u00e8s jeune, c&rsquo;est vraiment exceptionnel.<span data-ccp-props=\"{&quot;201341983&quot;:0,&quot;335559739&quot;:160,&quot;335559740&quot;:259}\">\u00a0<\/span><\/p>\n<div id=\"attachment_434111\" style=\"width: 810px\" class=\"wp-caption alignnone\"><img loading=\"lazy\" decoding=\"async\" aria-describedby=\"caption-attachment-434111\" class=\"wp-image-434111 size-full\" src=\"https:\/\/dicodusport.fr\/blog\/wp-content\/uploads\/2023\/11\/Mehdi-Filali-pouvait-exulter-pendant-sa-finale.png\" alt=\"Mehdi Filali pouvait exulter pendant sa finale\" width=\"800\" height=\"445\" srcset=\"https:\/\/dicodusport.fr\/blog\/wp-content\/uploads\/2023\/11\/Mehdi-Filali-pouvait-exulter-pendant-sa-finale.png 800w, https:\/\/dicodusport.fr\/blog\/wp-content\/uploads\/2023\/11\/Mehdi-Filali-pouvait-exulter-pendant-sa-finale-300x167.png 300w, https:\/\/dicodusport.fr\/blog\/wp-content\/uploads\/2023\/11\/Mehdi-Filali-pouvait-exulter-pendant-sa-finale-768x427.png 768w\" sizes=\"auto, (max-width: 800px) 100vw, 800px\" \/><p id=\"caption-attachment-434111\" class=\"wp-caption-text\">Mehdi Filali pouvait exulter pendant sa finale<\/p><\/div>\n<h3 style=\"font-weight: 400; text-align: justify;\"><strong>Steven Da Costa est la t\u00eate d\u2019affiche du karat\u00e9 fran\u00e7ais. Quelle est votre relation avec lui ?<\/strong><\/h3>\n<p style=\"font-weight: 400; text-align: justify;\"><strong>Steven<\/strong> est plus qu&rsquo;un co\u00e9quipier d&rsquo;\u00e9quipe de France. C&rsquo;est vraiment mon fr\u00e8re. En 2017, je suis mont\u00e9 au p\u00f4le France \u00e0 Ch\u00e2tenay-Malabry et j&rsquo;ai pass\u00e9 mes quatre ann\u00e9es parisiennes quasiment chez lui. J&rsquo;avais m\u00eame pris ma licence dans son club \u00e0 Mont-Saint-Martin, que j&rsquo;ai depuis chang\u00e9, pour ma structure. On faisait toutes nos comp\u00e9titions et on passait nos week-ends ensemble si je ne redescendais pas \u00e0 Marseille. C&rsquo;est vraiment plus qu&rsquo;un ami. Et puis du c\u00f4t\u00e9 karat\u00e9, c&rsquo;est un extraterrestre. Personne ne peut dire quelque chose sur sa carri\u00e8re parce qu&rsquo;il a vraiment accompli tout ce qu&rsquo;il \u00e9tait possible de faire.<\/p>\n<h3 style=\"text-align: justify;\">Maintenant que vous avez eu un titre mondial, et \u00e9tant donn\u00e9 que le karat\u00e9 ne sera pas aux Jeux Olympiques de Paris ni de Los Angeles, quels sont vos prochains objectifs ?<\/h3>\n<p style=\"font-weight: 400; text-align: justify;\">\u00catre \u00e0 Paris aurait \u00e9t\u00e9 magnifique pour essayer de gagner un titre \u00e0 Paris devant ma famille et mes amis, et en plus un titre de champion olympique, \u00e7a aurait \u00e9t\u00e9 vraiment exceptionnel. Mais derri\u00e8re, on a toujours nos comp\u00e9titions avec les championnats d&rsquo;Europe, et du monde. Donc le but va \u00eatre d&rsquo;accumuler les titres et pourquoi pas essayer de refaire champion d&rsquo;Europe et du monde en individuel, et puis le titre par \u00e9quipes aussi.<\/p>\n<p style=\"font-weight: 400; text-align: justify;\">Le Championnat du monde par \u00e9quipes l\u2019ann\u00e9e prochaine en novembre (du 20 au 24 novembre 2024, \u00e0 Pamplona, Espagne) sera la grosse comp\u00e9tition de l\u2019ann\u00e9e. Avant, je vais prendre un peu de vacances pour souffler apr\u00e8s cette tr\u00e8s longue semaine. Et puis doucement commencer \u00e0 pr\u00e9parer les championnats d&rsquo;Europe en mai (8 au 12 mai \u00e0 Zadar, Croatie) avant de faire une grosse pr\u00e9paration estivale pour essayer d&rsquo;aller gagner le titre au championnat du monde par \u00e9quipes.<span data-ccp-props=\"{&quot;201341983&quot;:0,&quot;335559739&quot;:160,&quot;335559740&quot;:259}\">\u00a0<\/span><\/p>\n","protected":false},"excerpt":{"rendered":"<p>KARAT\u00c9 &#8211; Mehdi Filali a \u00e9t\u00e9 sacr\u00e9 champion du monde de karat\u00e9 dans la cat\u00e9gorie des plus de 84 kg, ce week-end \u00e0 Budapest (Hongrie). \u00c9galement m\u00e9daill\u00e9 de bronze par \u00e9quipes, le karat\u00e9ka de 24 ans conclut cette ann\u00e9e 2023 en beaut\u00e9, lui qui avait d\u00e9j\u00e0 rafl\u00e9 le titre de champion d\u2019Europe en mars dernier.<\/p>\n","protected":false},"author":80,"featured_media":434119,"comment_status":"open","ping_status":"closed","sticky":false,"template":"","format":"standard","meta":{"_acf_changed":false,"_daextam_enable_autolinks":"1","footnotes":""},"categories":[9969],"tags":[16878,537,30605,24],"class_list":["post-434078","post","type-post","status-publish","format-standard","has-post-thumbnail","hentry","category-karate","tag-breve","tag-karate","tag-mehdi-filali","tag-sport"],"acf":[],"yoast_head":"<!-- This site is optimized with the Yoast SEO Premium plugin v26.7 (Yoast SEO v26.7) - https:\/\/yoast.com\/wordpress\/plugins\/seo\/ -->\n<title>Mehdi Filali : &quot;Le but va \u00eatre d&#039;accumuler les titres&quot;<\/title>\n<meta name=\"description\" content=\"KARAT\u00c9 - Mehdi Filali a \u00e9t\u00e9 sacr\u00e9 champion du monde de karat\u00e9 dans la cat\u00e9gorie des plus de 84 kg \u00e0 Budapest. Il revient sur cette ann\u00e9e 2023.\" \/>\n<meta name=\"robots\" content=\"index, follow, max-snippet:-1, max-image-preview:large, max-video-preview:-1\" \/>\n<link rel=\"canonical\" href=\"https:\/\/dicodusport.fr\/blog\/mehdi-filali-le-but-va-etre-daccumuler-les-titres\/\" \/>\n<meta property=\"og:locale\" content=\"fr_FR\" \/>\n<meta property=\"og:type\" content=\"article\" \/>\n<meta property=\"og:title\" content=\"Mehdi Filali : &quot;Le but va \u00eatre d&#039;accumuler les titres&quot;\" \/>\n<meta property=\"og:description\" content=\"KARAT\u00c9 - Mehdi Filali a \u00e9t\u00e9 sacr\u00e9 champion du monde de karat\u00e9 dans la cat\u00e9gorie des plus de 84 kg \u00e0 Budapest. Il revient sur cette ann\u00e9e 2023.\" \/>\n<meta property=\"og:url\" content=\"https:\/\/dicodusport.fr\/blog\/mehdi-filali-le-but-va-etre-daccumuler-les-titres\/\" \/>\n<meta property=\"og:site_name\" content=\"Dicodusport\" \/>\n<meta property=\"article:publisher\" content=\"https:\/\/www.facebook.com\/dicodusport\" \/>\n<meta property=\"article:author\" content=\"https:\/\/www.facebook.com\/profile.php?id=100009753662352\" \/>\n<meta property=\"article:published_time\" content=\"2023-11-01T14:26:01+00:00\" \/>\n<meta property=\"article:modified_time\" content=\"2023-11-01T20:02:57+00:00\" \/>\n<meta property=\"og:image\" content=\"https:\/\/dicodusport.fr\/blog\/wp-content\/uploads\/2023\/11\/Mehdi-Filali-Le-but-va-etre-daccumuler-les-titres.png\" \/>\n\t<meta property=\"og:image:width\" content=\"800\" \/>\n\t<meta property=\"og:image:height\" content=\"445\" \/>\n\t<meta property=\"og:image:type\" content=\"image\/png\" \/>\n<meta name=\"author\" content=\"Killian Tanguy\" \/>\n<meta name=\"twitter:card\" content=\"summary_large_image\" \/>\n<meta name=\"twitter:title\" content=\"Mehdi Filali : &quot;Le but va \u00eatre d&#039;accumuler les titres&quot;\" \/>\n<meta name=\"twitter:creator\" content=\"@https:\/\/twitter.com\/sport_ktanguy\" \/>\n<meta name=\"twitter:site\" content=\"@dicodusport\" \/>\n<script type=\"application\/ld+json\" class=\"yoast-schema-graph\">{\"@context\":\"https:\/\/schema.org\",\"@graph\":[{\"@type\":\"NewsArticle\",\"@id\":\"https:\/\/dicodusport.fr\/blog\/mehdi-filali-le-but-va-etre-daccumuler-les-titres\/#article\",\"isPartOf\":{\"@id\":\"https:\/\/dicodusport.fr\/blog\/mehdi-filali-le-but-va-etre-daccumuler-les-titres\/\"},\"author\":{\"name\":\"Killian Tanguy\",\"@id\":\"https:\/\/dicodusport.fr\/blog\/#\/schema\/person\/ff2feeb71ea78ad31eeb3390ffe96b46\"},\"headline\":\"Mehdi Filali : \u00ab\u00a0Le but va \u00eatre d&rsquo;accumuler les titres\u00a0\u00bb\",\"datePublished\":\"2023-11-01T14:26:01+00:00\",\"dateModified\":\"2023-11-01T20:02:57+00:00\",\"mainEntityOfPage\":{\"@id\":\"https:\/\/dicodusport.fr\/blog\/mehdi-filali-le-but-va-etre-daccumuler-les-titres\/\"},\"wordCount\":917,\"commentCount\":0,\"publisher\":{\"@id\":\"https:\/\/dicodusport.fr\/blog\/#organization\"},\"image\":{\"@id\":\"https:\/\/dicodusport.fr\/blog\/mehdi-filali-le-but-va-etre-daccumuler-les-titres\/#primaryimage\"},\"thumbnailUrl\":\"https:\/\/dicodusport.fr\/blog\/wp-content\/uploads\/2023\/11\/Mehdi-Filali-Le-but-va-etre-daccumuler-les-titres.png\",\"keywords\":[\"br\u00e8ve\",\"Karat\u00e9\",\"Mehdi Filali\",\"sport\"],\"articleSection\":[\"Karat\u00e9\"],\"inLanguage\":\"fr-FR\",\"potentialAction\":[{\"@type\":\"CommentAction\",\"name\":\"Comment\",\"target\":[\"https:\/\/dicodusport.fr\/blog\/mehdi-filali-le-but-va-etre-daccumuler-les-titres\/#respond\"]}],\"copyrightYear\":\"2023\",\"copyrightHolder\":{\"@id\":\"https:\/\/dicodusport.fr\/blog\/#organization\"}},{\"@type\":\"WebPage\",\"@id\":\"https:\/\/dicodusport.fr\/blog\/mehdi-filali-le-but-va-etre-daccumuler-les-titres\/\",\"url\":\"https:\/\/dicodusport.fr\/blog\/mehdi-filali-le-but-va-etre-daccumuler-les-titres\/\",\"name\":\"Mehdi Filali : \\\"Le but va \u00eatre d'accumuler les titres\\\"\",\"isPartOf\":{\"@id\":\"https:\/\/dicodusport.fr\/blog\/#website\"},\"primaryImageOfPage\":{\"@id\":\"https:\/\/dicodusport.fr\/blog\/mehdi-filali-le-but-va-etre-daccumuler-les-titres\/#primaryimage\"},\"image\":{\"@id\":\"https:\/\/dicodusport.fr\/blog\/mehdi-filali-le-but-va-etre-daccumuler-les-titres\/#primaryimage\"},\"thumbnailUrl\":\"https:\/\/dicodusport.fr\/blog\/wp-content\/uploads\/2023\/11\/Mehdi-Filali-Le-but-va-etre-daccumuler-les-titres.png\",\"datePublished\":\"2023-11-01T14:26:01+00:00\",\"dateModified\":\"2023-11-01T20:02:57+00:00\",\"description\":\"KARAT\u00c9 - Mehdi Filali a \u00e9t\u00e9 sacr\u00e9 champion du monde de karat\u00e9 dans la cat\u00e9gorie des plus de 84 kg \u00e0 Budapest. Il revient sur cette ann\u00e9e 2023.\",\"breadcrumb\":{\"@id\":\"https:\/\/dicodusport.fr\/blog\/mehdi-filali-le-but-va-etre-daccumuler-les-titres\/#breadcrumb\"},\"inLanguage\":\"fr-FR\",\"potentialAction\":[{\"@type\":\"ReadAction\",\"target\":[\"https:\/\/dicodusport.fr\/blog\/mehdi-filali-le-but-va-etre-daccumuler-les-titres\/\"]}]},{\"@type\":\"ImageObject\",\"inLanguage\":\"fr-FR\",\"@id\":\"https:\/\/dicodusport.fr\/blog\/mehdi-filali-le-but-va-etre-daccumuler-les-titres\/#primaryimage\",\"url\":\"https:\/\/dicodusport.fr\/blog\/wp-content\/uploads\/2023\/11\/Mehdi-Filali-Le-but-va-etre-daccumuler-les-titres.png\",\"contentUrl\":\"https:\/\/dicodusport.fr\/blog\/wp-content\/uploads\/2023\/11\/Mehdi-Filali-Le-but-va-etre-daccumuler-les-titres.png\",\"width\":800,\"height\":445,\"caption\":\"Mehdi Filali Le but va \u00eatre d'accumuler les titres\"},{\"@type\":\"BreadcrumbList\",\"@id\":\"https:\/\/dicodusport.fr\/blog\/mehdi-filali-le-but-va-etre-daccumuler-les-titres\/#breadcrumb\",\"itemListElement\":[{\"@type\":\"ListItem\",\"position\":1,\"name\":\"Accueil\",\"item\":\"https:\/\/dicodusport.fr\/blog\/\"},{\"@type\":\"ListItem\",\"position\":2,\"name\":\"Mehdi Filali : \u00ab\u00a0Le but va \u00eatre d&rsquo;accumuler les titres\u00a0\u00bb\"}]},{\"@type\":\"WebSite\",\"@id\":\"https:\/\/dicodusport.fr\/blog\/#website\",\"url\":\"https:\/\/dicodusport.fr\/blog\/\",\"name\":\"Dicodusport\",\"description\":\"L&#039;encyclop\u00e9die de l&#039;actualit\u00e9 sportive\",\"publisher\":{\"@id\":\"https:\/\/dicodusport.fr\/blog\/#organization\"},\"potentialAction\":[{\"@type\":\"SearchAction\",\"target\":{\"@type\":\"EntryPoint\",\"urlTemplate\":\"https:\/\/dicodusport.fr\/blog\/?s={search_term_string}\"},\"query-input\":{\"@type\":\"PropertyValueSpecification\",\"valueRequired\":true,\"valueName\":\"search_term_string\"}}],\"inLanguage\":\"fr-FR\"},{\"@type\":\"NewsMediaOrganization\",\"@id\":\"https:\/\/dicodusport.fr\/blog\/#organization\",\"name\":\"Dicodusport\",\"url\":\"https:\/\/dicodusport.fr\/blog\/\",\"logo\":{\"@type\":\"ImageObject\",\"inLanguage\":\"fr-FR\",\"@id\":\"https:\/\/dicodusport.fr\/blog\/#\/schema\/logo\/image\/\",\"url\":\"https:\/\/dicodusport.fr\/blog\/wp-content\/uploads\/2020\/06\/cropped-LOGO-DICODUSPORT-2020-SANS-FOND-SANS-TEXTE.png\",\"contentUrl\":\"https:\/\/dicodusport.fr\/blog\/wp-content\/uploads\/2020\/06\/cropped-LOGO-DICODUSPORT-2020-SANS-FOND-SANS-TEXTE.png\",\"width\":512,\"height\":512,\"caption\":\"Dicodusport\"},\"image\":{\"@id\":\"https:\/\/dicodusport.fr\/blog\/#\/schema\/logo\/image\/\"},\"sameAs\":[\"https:\/\/www.facebook.com\/dicodusport\",\"https:\/\/x.com\/dicodusport\",\"https:\/\/www.instagram.com\/dicodusport\/\",\"https:\/\/www.youtube.com\/channel\/UC7V2KZ5sd3htJivAbA4ZG3w\"],\"description\":\"Dicodusport est l'encyclop\u00e9die de l'actualit\u00e9 sportive.\",\"email\":\"bonjour@dicodusport.fr\",\"legalName\":\"DICODUSPORT\",\"foundingDate\":\"2018-01-14\",\"vatID\":\"FR71834470973\",\"taxID\":\"83447097300043\",\"numberOfEmployees\":{\"@type\":\"QuantitativeValue\",\"minValue\":\"1\",\"maxValue\":\"10\"}},{\"@type\":\"Person\",\"@id\":\"https:\/\/dicodusport.fr\/blog\/#\/schema\/person\/ff2feeb71ea78ad31eeb3390ffe96b46\",\"name\":\"Killian Tanguy\",\"image\":{\"@type\":\"ImageObject\",\"inLanguage\":\"fr-FR\",\"@id\":\"https:\/\/dicodusport.fr\/blog\/#\/schema\/person\/image\/\",\"url\":\"https:\/\/dicodusport.fr\/blog\/wp-content\/uploads\/2022\/12\/Killian-Tanguy-150x150.png\",\"contentUrl\":\"https:\/\/dicodusport.fr\/blog\/wp-content\/uploads\/2022\/12\/Killian-Tanguy-150x150.png\",\"caption\":\"Killian Tanguy\"},\"description\":\"Journaliste qui parle de tout et surtout de sport. Rugby, handball, sports d'hiver, football, cyclisme... Et ce que j'aime par-dessus tout : couvrir une discipline que je ne connais pas. Rien de mieux pour s'enrichir et apprendre.\",\"sameAs\":[\"https:\/\/killiantanguy.wixsite.com\/monsite\",\"https:\/\/www.facebook.com\/profile.php?id=100009753662352\",\"https:\/\/www.instagram.com\/sport.killiantanguy\/\",\"https:\/\/www.linkedin.com\/in\/killiantanguy\/\",\"https:\/\/x.com\/https:\/\/twitter.com\/sport_ktanguy\",\"https:\/\/www.youtube.com\/channel\/UCRfZkHKJL0wK7wvnJjCry-Q\"],\"url\":\"https:\/\/dicodusport.fr\/blog\/author\/killian-tanguy\/\"}]}<\/script>\n<!-- \/ Yoast SEO Premium plugin. -->","yoast_head_json":{"title":"Mehdi Filali : \"Le but va \u00eatre d'accumuler les titres\"","description":"KARAT\u00c9 - Mehdi Filali a \u00e9t\u00e9 sacr\u00e9 champion du monde de karat\u00e9 dans la cat\u00e9gorie des plus de 84 kg \u00e0 Budapest. Il revient sur cette ann\u00e9e 2023.","robots":{"index":"index","follow":"follow","max-snippet":"max-snippet:-1","max-image-preview":"max-image-preview:large","max-video-preview":"max-video-preview:-1"},"canonical":"https:\/\/dicodusport.fr\/blog\/mehdi-filali-le-but-va-etre-daccumuler-les-titres\/","og_locale":"fr_FR","og_type":"article","og_title":"Mehdi Filali : \"Le but va \u00eatre d'accumuler les titres\"","og_description":"KARAT\u00c9 - Mehdi Filali a \u00e9t\u00e9 sacr\u00e9 champion du monde de karat\u00e9 dans la cat\u00e9gorie des plus de 84 kg \u00e0 Budapest. Il revient sur cette ann\u00e9e 2023.","og_url":"https:\/\/dicodusport.fr\/blog\/mehdi-filali-le-but-va-etre-daccumuler-les-titres\/","og_site_name":"Dicodusport","article_publisher":"https:\/\/www.facebook.com\/dicodusport","article_author":"https:\/\/www.facebook.com\/profile.php?id=100009753662352","article_published_time":"2023-11-01T14:26:01+00:00","article_modified_time":"2023-11-01T20:02:57+00:00","og_image":[{"width":800,"height":445,"url":"https:\/\/dicodusport.fr\/blog\/wp-content\/uploads\/2023\/11\/Mehdi-Filali-Le-but-va-etre-daccumuler-les-titres.png","type":"image\/png"}],"author":"Killian Tanguy","twitter_card":"summary_large_image","twitter_title":"Mehdi Filali : \"Le but va \u00eatre d'accumuler les titres\"","twitter_creator":"@https:\/\/twitter.com\/sport_ktanguy","twitter_site":"@dicodusport","schema":{"@context":"https:\/\/schema.org","@graph":[{"@type":"NewsArticle","@id":"https:\/\/dicodusport.fr\/blog\/mehdi-filali-le-but-va-etre-daccumuler-les-titres\/#article","isPartOf":{"@id":"https:\/\/dicodusport.fr\/blog\/mehdi-filali-le-but-va-etre-daccumuler-les-titres\/"},"author":{"name":"Killian Tanguy","@id":"https:\/\/dicodusport.fr\/blog\/#\/schema\/person\/ff2feeb71ea78ad31eeb3390ffe96b46"},"headline":"Mehdi Filali : \u00ab\u00a0Le but va \u00eatre d&rsquo;accumuler les titres\u00a0\u00bb","datePublished":"2023-11-01T14:26:01+00:00","dateModified":"2023-11-01T20:02:57+00:00","mainEntityOfPage":{"@id":"https:\/\/dicodusport.fr\/blog\/mehdi-filali-le-but-va-etre-daccumuler-les-titres\/"},"wordCount":917,"commentCount":0,"publisher":{"@id":"https:\/\/dicodusport.fr\/blog\/#organization"},"image":{"@id":"https:\/\/dicodusport.fr\/blog\/mehdi-filali-le-but-va-etre-daccumuler-les-titres\/#primaryimage"},"thumbnailUrl":"https:\/\/dicodusport.fr\/blog\/wp-content\/uploads\/2023\/11\/Mehdi-Filali-Le-but-va-etre-daccumuler-les-titres.png","keywords":["br\u00e8ve","Karat\u00e9","Mehdi Filali","sport"],"articleSection":["Karat\u00e9"],"inLanguage":"fr-FR","potentialAction":[{"@type":"CommentAction","name":"Comment","target":["https:\/\/dicodusport.fr\/blog\/mehdi-filali-le-but-va-etre-daccumuler-les-titres\/#respond"]}],"copyrightYear":"2023","copyrightHolder":{"@id":"https:\/\/dicodusport.fr\/blog\/#organization"}},{"@type":"WebPage","@id":"https:\/\/dicodusport.fr\/blog\/mehdi-filali-le-but-va-etre-daccumuler-les-titres\/","url":"https:\/\/dicodusport.fr\/blog\/mehdi-filali-le-but-va-etre-daccumuler-les-titres\/","name":"Mehdi Filali : \"Le but va \u00eatre d'accumuler les titres\"","isPartOf":{"@id":"https:\/\/dicodusport.fr\/blog\/#website"},"primaryImageOfPage":{"@id":"https:\/\/dicodusport.fr\/blog\/mehdi-filali-le-but-va-etre-daccumuler-les-titres\/#primaryimage"},"image":{"@id":"https:\/\/dicodusport.fr\/blog\/mehdi-filali-le-but-va-etre-daccumuler-les-titres\/#primaryimage"},"thumbnailUrl":"https:\/\/dicodusport.fr\/blog\/wp-content\/uploads\/2023\/11\/Mehdi-Filali-Le-but-va-etre-daccumuler-les-titres.png","datePublished":"2023-11-01T14:26:01+00:00","dateModified":"2023-11-01T20:02:57+00:00","description":"KARAT\u00c9 - Mehdi Filali a \u00e9t\u00e9 sacr\u00e9 champion du monde de karat\u00e9 dans la cat\u00e9gorie des plus de 84 kg \u00e0 Budapest. Il revient sur cette ann\u00e9e 2023.","breadcrumb":{"@id":"https:\/\/dicodusport.fr\/blog\/mehdi-filali-le-but-va-etre-daccumuler-les-titres\/#breadcrumb"},"inLanguage":"fr-FR","potentialAction":[{"@type":"ReadAction","target":["https:\/\/dicodusport.fr\/blog\/mehdi-filali-le-but-va-etre-daccumuler-les-titres\/"]}]},{"@type":"ImageObject","inLanguage":"fr-FR","@id":"https:\/\/dicodusport.fr\/blog\/mehdi-filali-le-but-va-etre-daccumuler-les-titres\/#primaryimage","url":"https:\/\/dicodusport.fr\/blog\/wp-content\/uploads\/2023\/11\/Mehdi-Filali-Le-but-va-etre-daccumuler-les-titres.png","contentUrl":"https:\/\/dicodusport.fr\/blog\/wp-content\/uploads\/2023\/11\/Mehdi-Filali-Le-but-va-etre-daccumuler-les-titres.png","width":800,"height":445,"caption":"Mehdi Filali Le but va \u00eatre d'accumuler les titres"},{"@type":"BreadcrumbList","@id":"https:\/\/dicodusport.fr\/blog\/mehdi-filali-le-but-va-etre-daccumuler-les-titres\/#breadcrumb","itemListElement":[{"@type":"ListItem","position":1,"name":"Accueil","item":"https:\/\/dicodusport.fr\/blog\/"},{"@type":"ListItem","position":2,"name":"Mehdi Filali : \u00ab\u00a0Le but va \u00eatre d&rsquo;accumuler les titres\u00a0\u00bb"}]},{"@type":"WebSite","@id":"https:\/\/dicodusport.fr\/blog\/#website","url":"https:\/\/dicodusport.fr\/blog\/","name":"Dicodusport","description":"L&#039;encyclop\u00e9die de l&#039;actualit\u00e9 sportive","publisher":{"@id":"https:\/\/dicodusport.fr\/blog\/#organization"},"potentialAction":[{"@type":"SearchAction","target":{"@type":"EntryPoint","urlTemplate":"https:\/\/dicodusport.fr\/blog\/?s={search_term_string}"},"query-input":{"@type":"PropertyValueSpecification","valueRequired":true,"valueName":"search_term_string"}}],"inLanguage":"fr-FR"},{"@type":"NewsMediaOrganization","@id":"https:\/\/dicodusport.fr\/blog\/#organization","name":"Dicodusport","url":"https:\/\/dicodusport.fr\/blog\/","logo":{"@type":"ImageObject","inLanguage":"fr-FR","@id":"https:\/\/dicodusport.fr\/blog\/#\/schema\/logo\/image\/","url":"https:\/\/dicodusport.fr\/blog\/wp-content\/uploads\/2020\/06\/cropped-LOGO-DICODUSPORT-2020-SANS-FOND-SANS-TEXTE.png","contentUrl":"https:\/\/dicodusport.fr\/blog\/wp-content\/uploads\/2020\/06\/cropped-LOGO-DICODUSPORT-2020-SANS-FOND-SANS-TEXTE.png","width":512,"height":512,"caption":"Dicodusport"},"image":{"@id":"https:\/\/dicodusport.fr\/blog\/#\/schema\/logo\/image\/"},"sameAs":["https:\/\/www.facebook.com\/dicodusport","https:\/\/x.com\/dicodusport","https:\/\/www.instagram.com\/dicodusport\/","https:\/\/www.youtube.com\/channel\/UC7V2KZ5sd3htJivAbA4ZG3w"],"description":"Dicodusport est l'encyclop\u00e9die de l'actualit\u00e9 sportive.","email":"bonjour@dicodusport.fr","legalName":"DICODUSPORT","foundingDate":"2018-01-14","vatID":"FR71834470973","taxID":"83447097300043","numberOfEmployees":{"@type":"QuantitativeValue","minValue":"1","maxValue":"10"}},{"@type":"Person","@id":"https:\/\/dicodusport.fr\/blog\/#\/schema\/person\/ff2feeb71ea78ad31eeb3390ffe96b46","name":"Killian Tanguy","image":{"@type":"ImageObject","inLanguage":"fr-FR","@id":"https:\/\/dicodusport.fr\/blog\/#\/schema\/person\/image\/","url":"https:\/\/dicodusport.fr\/blog\/wp-content\/uploads\/2022\/12\/Killian-Tanguy-150x150.png","contentUrl":"https:\/\/dicodusport.fr\/blog\/wp-content\/uploads\/2022\/12\/Killian-Tanguy-150x150.png","caption":"Killian Tanguy"},"description":"Journaliste qui parle de tout et surtout de sport. Rugby, handball, sports d'hiver, football, cyclisme... Et ce que j'aime par-dessus tout : couvrir une discipline que je ne connais pas. Rien de mieux pour s'enrichir et apprendre.","sameAs":["https:\/\/killiantanguy.wixsite.com\/monsite","https:\/\/www.facebook.com\/profile.php?id=100009753662352","https:\/\/www.instagram.com\/sport.killiantanguy\/","https:\/\/www.linkedin.com\/in\/killiantanguy\/","https:\/\/x.com\/https:\/\/twitter.com\/sport_ktanguy","https:\/\/www.youtube.com\/channel\/UCRfZkHKJL0wK7wvnJjCry-Q"],"url":"https:\/\/dicodusport.fr\/blog\/author\/killian-tanguy\/"}]}},"_links":{"self":[{"href":"https:\/\/dicodusport.fr\/blog\/wp-json\/wp\/v2\/posts\/434078","targetHints":{"allow":["GET"]}}],"collection":[{"href":"https:\/\/dicodusport.fr\/blog\/wp-json\/wp\/v2\/posts"}],"about":[{"href":"https:\/\/dicodusport.fr\/blog\/wp-json\/wp\/v2\/types\/post"}],"author":[{"embeddable":true,"href":"https:\/\/dicodusport.fr\/blog\/wp-json\/wp\/v2\/users\/80"}],"replies":[{"embeddable":true,"href":"https:\/\/dicodusport.fr\/blog\/wp-json\/wp\/v2\/comments?post=434078"}],"version-history":[{"count":0,"href":"https:\/\/dicodusport.fr\/blog\/wp-json\/wp\/v2\/posts\/434078\/revisions"}],"wp:featuredmedia":[{"embeddable":true,"href":"https:\/\/dicodusport.fr\/blog\/wp-json\/wp\/v2\/media\/434119"}],"wp:attachment":[{"href":"https:\/\/dicodusport.fr\/blog\/wp-json\/wp\/v2\/media?parent=434078"}],"wp:term":[{"taxonomy":"category","embeddable":true,"href":"https:\/\/dicodusport.fr\/blog\/wp-json\/wp\/v2\/categories?post=434078"},{"taxonomy":"post_tag","embeddable":true,"href":"https:\/\/dicodusport.fr\/blog\/wp-json\/wp\/v2\/tags?post=434078"}],"curies":[{"name":"wp","href":"https:\/\/api.w.org\/{rel}","templated":true}]}}