{"id":43413,"date":"2019-07-19T20:27:59","date_gmt":"2019-07-19T18:27:59","guid":{"rendered":"http:\/\/dicodusport.fr\/blog\/?p=43413"},"modified":"2019-07-20T03:44:33","modified_gmt":"2019-07-20T01:44:33","slug":"la-victoire-de-julian-alaphilippe-yoann-offredo-l-avait-annoncee","status":"publish","type":"post","link":"https:\/\/dicodusport.fr\/blog\/la-victoire-de-julian-alaphilippe-yoann-offredo-l-avait-annoncee\/","title":{"rendered":"La victoire de Julian Alaphilippe ? Yoann Offredo l&rsquo;avait annonc\u00e9e !"},"content":{"rendered":"<p style=\"text-align: justify;\"><strong><em>Lanterne rouge du Tour de France, le Fran\u00e7ais Yoann Offredo (Wanty-Gobert) a pris le d\u00e9part du contre-la-montre de Pau en premier. Et avant de s&rsquo;installer sur la rampe de lancement, il avait annonc\u00e9 <a href=\"https:\/\/dicodusport.fr\/blog\/tour-de-france-2019-julian-alaphilippe-remporte-le-chrono-et-conforte-son-maillot-jaune\/\" target=\"_blank\" rel=\"noopener\">la victoire d&rsquo;un certain Julian Alaphilippe<\/a>, et avec assurance.<\/em><\/strong><\/p>\n<blockquote class=\"twitter-tweet\" data-lang=\"fr\">\n<p dir=\"ltr\" lang=\"fr\">\u00ab\u00a0Julian Alaphilippe sera en jaune \u00e0 l&rsquo;issue du contre-la-montre mais en plus il va claquer le chrono !\u00a0\u00bb Yoann Offredo est rest\u00e9 fid\u00e8le \u00e0 lui m\u00eame ! <a href=\"https:\/\/twitter.com\/hashtag\/TDF2019?src=hash&amp;ref_src=twsrc%5Etfw\">#TDF2019<\/a> <a href=\"https:\/\/twitter.com\/hashtag\/CLM?src=hash&amp;ref_src=twsrc%5Etfw\">#CLM<\/a> <a href=\"https:\/\/t.co\/wA41stSOEF\">pic.twitter.com\/wA41stSOEF<\/a><\/p>\n<p>\u2014 France tv sport (@francetvsport) <a href=\"https:\/\/twitter.com\/francetvsport\/status\/1152186380228804609?ref_src=twsrc%5Etfw\">19 juillet 2019<\/a><\/p><\/blockquote>\n<p><script async src=\"https:\/\/platform.twitter.com\/widgets.js\" charset=\"utf-8\"><\/script><\/p>\n<p><strong><em>Dicodusport<br \/>\n<a href=\"https:\/\/www.facebook.com\/dicodusport\/\" target=\"_blank\" rel=\"noopener\"><img loading=\"lazy\" decoding=\"async\" class=\"alignnone wp-image-2909\" src=\"http:\/\/dicodusport.fr\/blog\/wp-content\/uploads\/2017\/07\/logo-facebook-150x150.png\" sizes=\"auto, (max-width: 40px) 100vw, 40px\" srcset=\"https:\/\/dicodusport.fr\/blog\/wp-content\/uploads\/2017\/07\/logo-facebook-150x150.png 150w, https:\/\/dicodusport.fr\/blog\/wp-content\/uploads\/2017\/07\/logo-facebook-300x300.png 300w, https:\/\/dicodusport.fr\/blog\/wp-content\/uploads\/2017\/07\/logo-facebook.png 400w\" alt=\"\" width=\"40\" height=\"40\" \/><\/a><a href=\"https:\/\/twitter.com\/dicodusport\" target=\"_blank\" rel=\"noopener\"><img loading=\"lazy\" decoding=\"async\" class=\"alignnone wp-image-2908\" src=\"http:\/\/dicodusport.fr\/blog\/wp-content\/uploads\/2017\/07\/logo-twitter-150x150.png\" alt=\"\" width=\"39\" height=\"39\" \/><\/a><\/em><\/strong><\/p>\n","protected":false},"excerpt":{"rendered":"<p>Lanterne rouge du Tour de France, le Fran\u00e7ais Yoann Offredo (Wanty-Gobert) a pris le d\u00e9part du contre-la-montre de Pau en premier. Et avant de s&rsquo;installer sur la rampe de lancement, il avait annonc\u00e9 la victoire d&rsquo;un certain Julian Alaphilippe, et avec assurance.<\/p>\n","protected":false},"author":4,"featured_media":43414,"comment_status":"open","ping_status":"closed","sticky":false,"template":"","format":"standard","meta":{"_acf_changed":false,"_daextam_enable_autolinks":"","footnotes":""},"categories":[2307,46995],"tags":[574,1719,1262],"class_list":["post-43413","post","type-post","status-publish","format-standard","has-post-thumbnail","hentry","category-cyclisme","category-tour-de-france","tag-cyclisme","tag-julian-alaphilippe","tag-tour-de-france"],"acf":[],"yoast_head":"<!-- This site is optimized with the Yoast SEO Premium plugin v26.7 (Yoast SEO v26.7) - https:\/\/yoast.com\/wordpress\/plugins\/seo\/ -->\n<title>La victoire de Julian Alaphilippe ? Yoann Offredo l&#039;avait annonc\u00e9e !<\/title>\n<meta name=\"description\" content=\"Lanterne rouge du Tour de France, le Fran\u00e7ais Yoann Offredo (Wanty-Gobert) avait annonc\u00e9 le victoire d&#039;un certain Julian Alaphilippe, et avec assurance.\" \/>\n<meta name=\"robots\" content=\"index, follow, max-snippet:-1, max-image-preview:large, max-video-preview:-1\" \/>\n<link rel=\"canonical\" href=\"https:\/\/dicodusport.fr\/blog\/la-victoire-de-julian-alaphilippe-yoann-offredo-l-avait-annoncee\/\" \/>\n<meta property=\"og:locale\" content=\"fr_FR\" \/>\n<meta property=\"og:type\" content=\"article\" \/>\n<meta property=\"og:title\" content=\"La victoire de Julian Alaphilippe ? Yoann Offredo l&#039;avait annonc\u00e9e !\" \/>\n<meta property=\"og:description\" content=\"Lanterne rouge du Tour de France, le Fran\u00e7ais Yoann Offredo (Wanty-Gobert) avait annonc\u00e9 le victoire d&#039;un certain Julian Alaphilippe, et avec assurance.\" \/>\n<meta property=\"og:url\" content=\"https:\/\/dicodusport.fr\/blog\/la-victoire-de-julian-alaphilippe-yoann-offredo-l-avait-annoncee\/\" \/>\n<meta property=\"og:site_name\" content=\"Dicodusport\" \/>\n<meta property=\"article:publisher\" content=\"https:\/\/www.facebook.com\/dicodusport\" \/>\n<meta property=\"article:author\" content=\"https:\/\/www.facebook.com\/florent.ostermann\" \/>\n<meta property=\"article:published_time\" content=\"2019-07-19T18:27:59+00:00\" \/>\n<meta property=\"article:modified_time\" content=\"2019-07-20T01:44:33+00:00\" \/>\n<meta property=\"og:image\" content=\"https:\/\/dicodusport.fr\/blog\/wp-content\/uploads\/2019\/07\/Yoann-Offredo-Julian-Alaphilippe.png\" \/>\n\t<meta property=\"og:image:width\" content=\"800\" \/>\n\t<meta property=\"og:image:height\" content=\"445\" \/>\n\t<meta property=\"og:image:type\" content=\"image\/png\" \/>\n<meta name=\"author\" content=\"Flo Ostermann\" \/>\n<meta name=\"twitter:card\" content=\"summary_large_image\" \/>\n<meta name=\"twitter:title\" content=\"La victoire de Julian Alaphilippe ? Yoann Offredo l&#039;avait annonc\u00e9e !\" \/>\n<meta name=\"twitter:creator\" content=\"@https:\/\/twitter.com\/FlOstermann\" \/>\n<meta name=\"twitter:site\" content=\"@dicodusport\" \/>\n<script type=\"application\/ld+json\" class=\"yoast-schema-graph\">{\"@context\":\"https:\/\/schema.org\",\"@graph\":[{\"@type\":\"NewsArticle\",\"@id\":\"https:\/\/dicodusport.fr\/blog\/la-victoire-de-julian-alaphilippe-yoann-offredo-l-avait-annoncee\/#article\",\"isPartOf\":{\"@id\":\"https:\/\/dicodusport.fr\/blog\/la-victoire-de-julian-alaphilippe-yoann-offredo-l-avait-annoncee\/\"},\"author\":{\"name\":\"Flo Ostermann\",\"@id\":\"https:\/\/dicodusport.fr\/blog\/#\/schema\/person\/cb02af4c173ce4a653b55e9baf388d4a\"},\"headline\":\"La victoire de Julian Alaphilippe ? Yoann Offredo l&rsquo;avait annonc\u00e9e !\",\"datePublished\":\"2019-07-19T18:27:59+00:00\",\"dateModified\":\"2019-07-20T01:44:33+00:00\",\"mainEntityOfPage\":{\"@id\":\"https:\/\/dicodusport.fr\/blog\/la-victoire-de-julian-alaphilippe-yoann-offredo-l-avait-annoncee\/\"},\"wordCount\":96,\"commentCount\":0,\"publisher\":{\"@id\":\"https:\/\/dicodusport.fr\/blog\/#organization\"},\"image\":{\"@id\":\"https:\/\/dicodusport.fr\/blog\/la-victoire-de-julian-alaphilippe-yoann-offredo-l-avait-annoncee\/#primaryimage\"},\"thumbnailUrl\":\"https:\/\/dicodusport.fr\/blog\/wp-content\/uploads\/2019\/07\/Yoann-Offredo-Julian-Alaphilippe.png\",\"keywords\":[\"Cyclisme\",\"Julian Alaphilippe\",\"Tour de France\"],\"articleSection\":[\"Cyclisme\",\"Tour de France\"],\"inLanguage\":\"fr-FR\",\"potentialAction\":[{\"@type\":\"CommentAction\",\"name\":\"Comment\",\"target\":[\"https:\/\/dicodusport.fr\/blog\/la-victoire-de-julian-alaphilippe-yoann-offredo-l-avait-annoncee\/#respond\"]}],\"copyrightYear\":\"2019\",\"copyrightHolder\":{\"@id\":\"https:\/\/dicodusport.fr\/blog\/#organization\"}},{\"@type\":\"WebPage\",\"@id\":\"https:\/\/dicodusport.fr\/blog\/la-victoire-de-julian-alaphilippe-yoann-offredo-l-avait-annoncee\/\",\"url\":\"https:\/\/dicodusport.fr\/blog\/la-victoire-de-julian-alaphilippe-yoann-offredo-l-avait-annoncee\/\",\"name\":\"La victoire de Julian Alaphilippe ? Yoann Offredo l'avait annonc\u00e9e !\",\"isPartOf\":{\"@id\":\"https:\/\/dicodusport.fr\/blog\/#website\"},\"primaryImageOfPage\":{\"@id\":\"https:\/\/dicodusport.fr\/blog\/la-victoire-de-julian-alaphilippe-yoann-offredo-l-avait-annoncee\/#primaryimage\"},\"image\":{\"@id\":\"https:\/\/dicodusport.fr\/blog\/la-victoire-de-julian-alaphilippe-yoann-offredo-l-avait-annoncee\/#primaryimage\"},\"thumbnailUrl\":\"https:\/\/dicodusport.fr\/blog\/wp-content\/uploads\/2019\/07\/Yoann-Offredo-Julian-Alaphilippe.png\",\"datePublished\":\"2019-07-19T18:27:59+00:00\",\"dateModified\":\"2019-07-20T01:44:33+00:00\",\"description\":\"Lanterne rouge du Tour de France, le Fran\u00e7ais Yoann Offredo (Wanty-Gobert) avait annonc\u00e9 le victoire d'un certain Julian Alaphilippe, et avec assurance.\",\"breadcrumb\":{\"@id\":\"https:\/\/dicodusport.fr\/blog\/la-victoire-de-julian-alaphilippe-yoann-offredo-l-avait-annoncee\/#breadcrumb\"},\"inLanguage\":\"fr-FR\",\"potentialAction\":[{\"@type\":\"ReadAction\",\"target\":[\"https:\/\/dicodusport.fr\/blog\/la-victoire-de-julian-alaphilippe-yoann-offredo-l-avait-annoncee\/\"]}]},{\"@type\":\"ImageObject\",\"inLanguage\":\"fr-FR\",\"@id\":\"https:\/\/dicodusport.fr\/blog\/la-victoire-de-julian-alaphilippe-yoann-offredo-l-avait-annoncee\/#primaryimage\",\"url\":\"https:\/\/dicodusport.fr\/blog\/wp-content\/uploads\/2019\/07\/Yoann-Offredo-Julian-Alaphilippe.png\",\"contentUrl\":\"https:\/\/dicodusport.fr\/blog\/wp-content\/uploads\/2019\/07\/Yoann-Offredo-Julian-Alaphilippe.png\",\"width\":800,\"height\":445},{\"@type\":\"BreadcrumbList\",\"@id\":\"https:\/\/dicodusport.fr\/blog\/la-victoire-de-julian-alaphilippe-yoann-offredo-l-avait-annoncee\/#breadcrumb\",\"itemListElement\":[{\"@type\":\"ListItem\",\"position\":1,\"name\":\"Accueil\",\"item\":\"https:\/\/dicodusport.fr\/blog\/\"},{\"@type\":\"ListItem\",\"position\":2,\"name\":\"La victoire de Julian Alaphilippe ? Yoann Offredo l&rsquo;avait annonc\u00e9e !\"}]},{\"@type\":\"WebSite\",\"@id\":\"https:\/\/dicodusport.fr\/blog\/#website\",\"url\":\"https:\/\/dicodusport.fr\/blog\/\",\"name\":\"Dicodusport\",\"description\":\"L&#039;encyclop\u00e9die de l&#039;actualit\u00e9 sportive\",\"publisher\":{\"@id\":\"https:\/\/dicodusport.fr\/blog\/#organization\"},\"potentialAction\":[{\"@type\":\"SearchAction\",\"target\":{\"@type\":\"EntryPoint\",\"urlTemplate\":\"https:\/\/dicodusport.fr\/blog\/?s={search_term_string}\"},\"query-input\":{\"@type\":\"PropertyValueSpecification\",\"valueRequired\":true,\"valueName\":\"search_term_string\"}}],\"inLanguage\":\"fr-FR\"},{\"@type\":\"NewsMediaOrganization\",\"@id\":\"https:\/\/dicodusport.fr\/blog\/#organization\",\"name\":\"Dicodusport\",\"url\":\"https:\/\/dicodusport.fr\/blog\/\",\"logo\":{\"@type\":\"ImageObject\",\"inLanguage\":\"fr-FR\",\"@id\":\"https:\/\/dicodusport.fr\/blog\/#\/schema\/logo\/image\/\",\"url\":\"https:\/\/dicodusport.fr\/blog\/wp-content\/uploads\/2020\/06\/cropped-LOGO-DICODUSPORT-2020-SANS-FOND-SANS-TEXTE.png\",\"contentUrl\":\"https:\/\/dicodusport.fr\/blog\/wp-content\/uploads\/2020\/06\/cropped-LOGO-DICODUSPORT-2020-SANS-FOND-SANS-TEXTE.png\",\"width\":512,\"height\":512,\"caption\":\"Dicodusport\"},\"image\":{\"@id\":\"https:\/\/dicodusport.fr\/blog\/#\/schema\/logo\/image\/\"},\"sameAs\":[\"https:\/\/www.facebook.com\/dicodusport\",\"https:\/\/x.com\/dicodusport\",\"https:\/\/www.instagram.com\/dicodusport\/\",\"https:\/\/www.youtube.com\/channel\/UC7V2KZ5sd3htJivAbA4ZG3w\"],\"description\":\"Dicodusport est l'encyclop\u00e9die de l'actualit\u00e9 sportive.\",\"email\":\"bonjour@dicodusport.fr\",\"legalName\":\"DICODUSPORT\",\"foundingDate\":\"2018-01-14\",\"vatID\":\"FR71834470973\",\"taxID\":\"83447097300043\",\"numberOfEmployees\":{\"@type\":\"QuantitativeValue\",\"minValue\":\"1\",\"maxValue\":\"10\"}},{\"@type\":\"Person\",\"@id\":\"https:\/\/dicodusport.fr\/blog\/#\/schema\/person\/cb02af4c173ce4a653b55e9baf388d4a\",\"name\":\"Flo Ostermann\",\"image\":{\"@type\":\"ImageObject\",\"inLanguage\":\"fr-FR\",\"@id\":\"https:\/\/dicodusport.fr\/blog\/#\/schema\/person\/image\/\",\"url\":\"https:\/\/dicodusport.fr\/blog\/wp-content\/uploads\/2021\/05\/Flo-Ostermann-150x150.jpg\",\"contentUrl\":\"https:\/\/dicodusport.fr\/blog\/wp-content\/uploads\/2021\/05\/Flo-Ostermann-150x150.jpg\",\"caption\":\"Flo Ostermann\"},\"description\":\"Journaliste\/R\u00e9dacteur depuis septembre 2015 - Mes premiers souvenirs dans le sport ? Les envol\u00e9es du Stade Toulousain et les duels Villeneuve-Schumacher et H\u00e4kkinen-Schumacher \u00e0 la fin des ann\u00e9es 90, la Coupe du monde de football en 1998, l\u2019exploit du XV de France face aux All Blacks en 1999, mais aussi Richard C\u0153ur de Lion qui vole sur les montagnes du Tour de France. Bien parti pour devenir professeur d\u2019EPS, les \u00e9v\u00e9nements de la vie (et la flemme d\u2019animer des s\u00e9ances de 3x500 m\u00e8tres toute ma vie) m\u2019ont conduit \u00e0 revoir mes plans. Me voil\u00e0 depuis fin 2017 sur Dicodusport, m\u00e9dia gr\u00e2ce (et pour) lequel je partage ma passion : le sport dans tous ses \u00e9tats. Le tout accompagn\u00e9 par les fous furieux et folles furieuses cit\u00e9s sur cette page !\",\"sameAs\":[\"https:\/\/www.facebook.com\/florent.ostermann\",\"https:\/\/x.com\/https:\/\/twitter.com\/FlOstermann\",\"admin\"],\"url\":\"https:\/\/dicodusport.fr\/blog\/author\/flo\/\"}]}<\/script>\n<!-- \/ Yoast SEO Premium plugin. -->","yoast_head_json":{"title":"La victoire de Julian Alaphilippe ? Yoann Offredo l'avait annonc\u00e9e !","description":"Lanterne rouge du Tour de France, le Fran\u00e7ais Yoann Offredo (Wanty-Gobert) avait annonc\u00e9 le victoire d'un certain Julian Alaphilippe, et avec assurance.","robots":{"index":"index","follow":"follow","max-snippet":"max-snippet:-1","max-image-preview":"max-image-preview:large","max-video-preview":"max-video-preview:-1"},"canonical":"https:\/\/dicodusport.fr\/blog\/la-victoire-de-julian-alaphilippe-yoann-offredo-l-avait-annoncee\/","og_locale":"fr_FR","og_type":"article","og_title":"La victoire de Julian Alaphilippe ? Yoann Offredo l'avait annonc\u00e9e !","og_description":"Lanterne rouge du Tour de France, le Fran\u00e7ais Yoann Offredo (Wanty-Gobert) avait annonc\u00e9 le victoire d'un certain Julian Alaphilippe, et avec assurance.","og_url":"https:\/\/dicodusport.fr\/blog\/la-victoire-de-julian-alaphilippe-yoann-offredo-l-avait-annoncee\/","og_site_name":"Dicodusport","article_publisher":"https:\/\/www.facebook.com\/dicodusport","article_author":"https:\/\/www.facebook.com\/florent.ostermann","article_published_time":"2019-07-19T18:27:59+00:00","article_modified_time":"2019-07-20T01:44:33+00:00","og_image":[{"width":800,"height":445,"url":"https:\/\/dicodusport.fr\/blog\/wp-content\/uploads\/2019\/07\/Yoann-Offredo-Julian-Alaphilippe.png","type":"image\/png"}],"author":"Flo Ostermann","twitter_card":"summary_large_image","twitter_title":"La victoire de Julian Alaphilippe ? Yoann Offredo l'avait annonc\u00e9e !","twitter_creator":"@https:\/\/twitter.com\/FlOstermann","twitter_site":"@dicodusport","schema":{"@context":"https:\/\/schema.org","@graph":[{"@type":"NewsArticle","@id":"https:\/\/dicodusport.fr\/blog\/la-victoire-de-julian-alaphilippe-yoann-offredo-l-avait-annoncee\/#article","isPartOf":{"@id":"https:\/\/dicodusport.fr\/blog\/la-victoire-de-julian-alaphilippe-yoann-offredo-l-avait-annoncee\/"},"author":{"name":"Flo Ostermann","@id":"https:\/\/dicodusport.fr\/blog\/#\/schema\/person\/cb02af4c173ce4a653b55e9baf388d4a"},"headline":"La victoire de Julian Alaphilippe ? Yoann Offredo l&rsquo;avait annonc\u00e9e !","datePublished":"2019-07-19T18:27:59+00:00","dateModified":"2019-07-20T01:44:33+00:00","mainEntityOfPage":{"@id":"https:\/\/dicodusport.fr\/blog\/la-victoire-de-julian-alaphilippe-yoann-offredo-l-avait-annoncee\/"},"wordCount":96,"commentCount":0,"publisher":{"@id":"https:\/\/dicodusport.fr\/blog\/#organization"},"image":{"@id":"https:\/\/dicodusport.fr\/blog\/la-victoire-de-julian-alaphilippe-yoann-offredo-l-avait-annoncee\/#primaryimage"},"thumbnailUrl":"https:\/\/dicodusport.fr\/blog\/wp-content\/uploads\/2019\/07\/Yoann-Offredo-Julian-Alaphilippe.png","keywords":["Cyclisme","Julian Alaphilippe","Tour de France"],"articleSection":["Cyclisme","Tour de France"],"inLanguage":"fr-FR","potentialAction":[{"@type":"CommentAction","name":"Comment","target":["https:\/\/dicodusport.fr\/blog\/la-victoire-de-julian-alaphilippe-yoann-offredo-l-avait-annoncee\/#respond"]}],"copyrightYear":"2019","copyrightHolder":{"@id":"https:\/\/dicodusport.fr\/blog\/#organization"}},{"@type":"WebPage","@id":"https:\/\/dicodusport.fr\/blog\/la-victoire-de-julian-alaphilippe-yoann-offredo-l-avait-annoncee\/","url":"https:\/\/dicodusport.fr\/blog\/la-victoire-de-julian-alaphilippe-yoann-offredo-l-avait-annoncee\/","name":"La victoire de Julian Alaphilippe ? Yoann Offredo l'avait annonc\u00e9e !","isPartOf":{"@id":"https:\/\/dicodusport.fr\/blog\/#website"},"primaryImageOfPage":{"@id":"https:\/\/dicodusport.fr\/blog\/la-victoire-de-julian-alaphilippe-yoann-offredo-l-avait-annoncee\/#primaryimage"},"image":{"@id":"https:\/\/dicodusport.fr\/blog\/la-victoire-de-julian-alaphilippe-yoann-offredo-l-avait-annoncee\/#primaryimage"},"thumbnailUrl":"https:\/\/dicodusport.fr\/blog\/wp-content\/uploads\/2019\/07\/Yoann-Offredo-Julian-Alaphilippe.png","datePublished":"2019-07-19T18:27:59+00:00","dateModified":"2019-07-20T01:44:33+00:00","description":"Lanterne rouge du Tour de France, le Fran\u00e7ais Yoann Offredo (Wanty-Gobert) avait annonc\u00e9 le victoire d'un certain Julian Alaphilippe, et avec assurance.","breadcrumb":{"@id":"https:\/\/dicodusport.fr\/blog\/la-victoire-de-julian-alaphilippe-yoann-offredo-l-avait-annoncee\/#breadcrumb"},"inLanguage":"fr-FR","potentialAction":[{"@type":"ReadAction","target":["https:\/\/dicodusport.fr\/blog\/la-victoire-de-julian-alaphilippe-yoann-offredo-l-avait-annoncee\/"]}]},{"@type":"ImageObject","inLanguage":"fr-FR","@id":"https:\/\/dicodusport.fr\/blog\/la-victoire-de-julian-alaphilippe-yoann-offredo-l-avait-annoncee\/#primaryimage","url":"https:\/\/dicodusport.fr\/blog\/wp-content\/uploads\/2019\/07\/Yoann-Offredo-Julian-Alaphilippe.png","contentUrl":"https:\/\/dicodusport.fr\/blog\/wp-content\/uploads\/2019\/07\/Yoann-Offredo-Julian-Alaphilippe.png","width":800,"height":445},{"@type":"BreadcrumbList","@id":"https:\/\/dicodusport.fr\/blog\/la-victoire-de-julian-alaphilippe-yoann-offredo-l-avait-annoncee\/#breadcrumb","itemListElement":[{"@type":"ListItem","position":1,"name":"Accueil","item":"https:\/\/dicodusport.fr\/blog\/"},{"@type":"ListItem","position":2,"name":"La victoire de Julian Alaphilippe ? Yoann Offredo l&rsquo;avait annonc\u00e9e !"}]},{"@type":"WebSite","@id":"https:\/\/dicodusport.fr\/blog\/#website","url":"https:\/\/dicodusport.fr\/blog\/","name":"Dicodusport","description":"L&#039;encyclop\u00e9die de l&#039;actualit\u00e9 sportive","publisher":{"@id":"https:\/\/dicodusport.fr\/blog\/#organization"},"potentialAction":[{"@type":"SearchAction","target":{"@type":"EntryPoint","urlTemplate":"https:\/\/dicodusport.fr\/blog\/?s={search_term_string}"},"query-input":{"@type":"PropertyValueSpecification","valueRequired":true,"valueName":"search_term_string"}}],"inLanguage":"fr-FR"},{"@type":"NewsMediaOrganization","@id":"https:\/\/dicodusport.fr\/blog\/#organization","name":"Dicodusport","url":"https:\/\/dicodusport.fr\/blog\/","logo":{"@type":"ImageObject","inLanguage":"fr-FR","@id":"https:\/\/dicodusport.fr\/blog\/#\/schema\/logo\/image\/","url":"https:\/\/dicodusport.fr\/blog\/wp-content\/uploads\/2020\/06\/cropped-LOGO-DICODUSPORT-2020-SANS-FOND-SANS-TEXTE.png","contentUrl":"https:\/\/dicodusport.fr\/blog\/wp-content\/uploads\/2020\/06\/cropped-LOGO-DICODUSPORT-2020-SANS-FOND-SANS-TEXTE.png","width":512,"height":512,"caption":"Dicodusport"},"image":{"@id":"https:\/\/dicodusport.fr\/blog\/#\/schema\/logo\/image\/"},"sameAs":["https:\/\/www.facebook.com\/dicodusport","https:\/\/x.com\/dicodusport","https:\/\/www.instagram.com\/dicodusport\/","https:\/\/www.youtube.com\/channel\/UC7V2KZ5sd3htJivAbA4ZG3w"],"description":"Dicodusport est l'encyclop\u00e9die de l'actualit\u00e9 sportive.","email":"bonjour@dicodusport.fr","legalName":"DICODUSPORT","foundingDate":"2018-01-14","vatID":"FR71834470973","taxID":"83447097300043","numberOfEmployees":{"@type":"QuantitativeValue","minValue":"1","maxValue":"10"}},{"@type":"Person","@id":"https:\/\/dicodusport.fr\/blog\/#\/schema\/person\/cb02af4c173ce4a653b55e9baf388d4a","name":"Flo Ostermann","image":{"@type":"ImageObject","inLanguage":"fr-FR","@id":"https:\/\/dicodusport.fr\/blog\/#\/schema\/person\/image\/","url":"https:\/\/dicodusport.fr\/blog\/wp-content\/uploads\/2021\/05\/Flo-Ostermann-150x150.jpg","contentUrl":"https:\/\/dicodusport.fr\/blog\/wp-content\/uploads\/2021\/05\/Flo-Ostermann-150x150.jpg","caption":"Flo Ostermann"},"description":"Journaliste\/R\u00e9dacteur depuis septembre 2015 - Mes premiers souvenirs dans le sport ? Les envol\u00e9es du Stade Toulousain et les duels Villeneuve-Schumacher et H\u00e4kkinen-Schumacher \u00e0 la fin des ann\u00e9es 90, la Coupe du monde de football en 1998, l\u2019exploit du XV de France face aux All Blacks en 1999, mais aussi Richard C\u0153ur de Lion qui vole sur les montagnes du Tour de France. Bien parti pour devenir professeur d\u2019EPS, les \u00e9v\u00e9nements de la vie (et la flemme d\u2019animer des s\u00e9ances de 3x500 m\u00e8tres toute ma vie) m\u2019ont conduit \u00e0 revoir mes plans. Me voil\u00e0 depuis fin 2017 sur Dicodusport, m\u00e9dia gr\u00e2ce (et pour) lequel je partage ma passion : le sport dans tous ses \u00e9tats. Le tout accompagn\u00e9 par les fous furieux et folles furieuses cit\u00e9s sur cette page !","sameAs":["https:\/\/www.facebook.com\/florent.ostermann","https:\/\/x.com\/https:\/\/twitter.com\/FlOstermann","admin"],"url":"https:\/\/dicodusport.fr\/blog\/author\/flo\/"}]}},"_links":{"self":[{"href":"https:\/\/dicodusport.fr\/blog\/wp-json\/wp\/v2\/posts\/43413","targetHints":{"allow":["GET"]}}],"collection":[{"href":"https:\/\/dicodusport.fr\/blog\/wp-json\/wp\/v2\/posts"}],"about":[{"href":"https:\/\/dicodusport.fr\/blog\/wp-json\/wp\/v2\/types\/post"}],"author":[{"embeddable":true,"href":"https:\/\/dicodusport.fr\/blog\/wp-json\/wp\/v2\/users\/4"}],"replies":[{"embeddable":true,"href":"https:\/\/dicodusport.fr\/blog\/wp-json\/wp\/v2\/comments?post=43413"}],"version-history":[{"count":0,"href":"https:\/\/dicodusport.fr\/blog\/wp-json\/wp\/v2\/posts\/43413\/revisions"}],"wp:featuredmedia":[{"embeddable":true,"href":"https:\/\/dicodusport.fr\/blog\/wp-json\/wp\/v2\/media\/43414"}],"wp:attachment":[{"href":"https:\/\/dicodusport.fr\/blog\/wp-json\/wp\/v2\/media?parent=43413"}],"wp:term":[{"taxonomy":"category","embeddable":true,"href":"https:\/\/dicodusport.fr\/blog\/wp-json\/wp\/v2\/categories?post=43413"},{"taxonomy":"post_tag","embeddable":true,"href":"https:\/\/dicodusport.fr\/blog\/wp-json\/wp\/v2\/tags?post=43413"}],"curies":[{"name":"wp","href":"https:\/\/api.w.org\/{rel}","templated":true}]}}