{"id":434223,"date":"2023-11-02T09:55:00","date_gmt":"2023-11-02T08:55:00","guid":{"rendered":"https:\/\/dicodusport.fr\/blog\/?p=434223&#038;preview=true&#038;preview_id=434223"},"modified":"2023-11-02T11:09:29","modified_gmt":"2023-11-02T10:09:29","slug":"memorial-arthur-gander-melanie-de-jesus-dos-santos-sempare-de-largent","status":"publish","type":"post","link":"https:\/\/dicodusport.fr\/blog\/memorial-arthur-gander-melanie-de-jesus-dos-santos-sempare-de-largent\/","title":{"rendered":"M\u00e9morial Arthur Gander : M\u00e9lanie De Jesus Dos Santos s&#8217;empare de l&rsquo;argent"},"content":{"rendered":"<p style=\"text-align: justify;\"><b><i>GYMNASTIQUE\u00a0 &#8211; \u00c0 l&rsquo;occasion de la 40e \u00e9dition du M\u00e9morial Arthur Gander, M\u00e9lanie De Jesus Dos Santos a obtenu la m\u00e9daille d&rsquo;argent en \u00e9chouant de peu derri\u00e8re la Br\u00e9silienne Julia Soares. C\u00f4t\u00e9 masculin, Jim Zona a termin\u00e9 5\u1d49.<\/i><\/b><\/p>\n<p style=\"text-align: justify;\">Il y a moins d&rsquo;un mois, <strong>M\u00e9lanie Jesus Dos Santos<\/strong> avait quitt\u00e9 les championnats du monde d&rsquo;Anvers avec amertume. P\u00e9nalis\u00e9e par une chute, elle avait alors seulement pris la 10\u1d49 place du concours. Une d\u00e9ception pour la quadruple championne d&rsquo;Europe, qui visait un podium mondial.<\/p>\n<h2 style=\"text-align: justify;\">Une chute qui prive de victoire De Jesus Dos Santos<\/h2>\n<p style=\"text-align: justify;\">Ce mardi, la Tricolore a repris du poil de la b\u00eate \u00e0 l&rsquo;occasion du <strong>M\u00e9morial Arthur Gander<\/strong>. Disput\u00e9 \u00e0 <strong>Morges<\/strong> en Suisse, ce tournoi a \u00e9t\u00e9 cr\u00e9\u00e9 en hommage \u00e0 l&rsquo;ancien pr\u00e9sident de la f\u00e9d\u00e9ration internationale de gymnastique, Arthur Gander, et en \u00e9tait \u00e0 sa 40\u1d49 \u00e9dition. Le principe est simple : les athl\u00e8tes ont le choix de pr\u00e9parer trois des quatre agr\u00e8s de leur choix qui comptent ensuite pour former le classement d\u00e9finitif. <strong>M\u00e9lanie De Jesus Dos Santos<\/strong> a alors pris le parti d&rsquo;encha\u00eener saut, barres et poutre.<\/p>\n<p style=\"text-align: justify;\">Sur la premi\u00e8re \u00e9preuve de saut, elle a litt\u00e9ralement \u00e9cras\u00e9 ses concurrentes en obtenant une excellente note de 14.400, soit 1.200 de plus que sa plus proche rivale. Malheureusement, <strong>une chute aux barres va lui co\u00fbter la victoire finale<\/strong>, puisque son dernier passage en poutre aura \u00e9t\u00e9 de qualit\u00e9. Malgr\u00e9 son erreur, elle parvient \u00e0 s&#8217;emparer de la <strong>2\u1d49 place<\/strong>, \u00e0 seulement 0.200 points de la Br\u00e9silienne <strong>Julia Soares<\/strong>, gagnante du tournoi. En troisi\u00e8me position, l&rsquo;Alg\u00e9rienne <strong>Kaylia Nemour<\/strong> compl\u00e8te le podium.<\/p>\n<p style=\"text-align: justify;\">C\u00f4t\u00e9 masculin, <strong>Jim Zona<\/strong> n&rsquo;a pas connu la m\u00eame r\u00e9ussite. Faisant face \u00e0 un plateau relev\u00e9, le Tricolore \u00e9choue en<strong> 5e position<\/strong> derri\u00e8re quatre m\u00e9daill\u00e9s mondiaux.<\/p>\n<p style=\"text-align: justify;\">Ce dimanche, les deux gymnastes fran\u00e7ais seront de nouveau en piste, en \u00e9quipe cette fois, dans le cadre de la <strong>Swiss Cup \u00e0 Zurich<\/strong>.<\/p>\n<blockquote class=\"twitter-tweet\">\n<p dir=\"ltr\" lang=\"fr\">[MEMORIAL ARTHUR GANDER \ud83c\udde8\ud83c\udded]\n<p>M\u00e9lanie De Jesus Dos Santos remporte l&rsquo;argent \ud83e\udd48et Jim Zona termine 5e ! \ud83d\udc4f\ud83c\uddeb\ud83c\uddf7<\/p>\n<p>\u2795 d&rsquo;infos &gt; <a href=\"https:\/\/t.co\/VyYDQwiyel\">https:\/\/t.co\/VyYDQwiyel<\/a> <a href=\"https:\/\/t.co\/ZrQxwdJr1l\">pic.twitter.com\/ZrQxwdJr1l<\/a><\/p>\n<p>\u2014 F\u00e9d\u00e9ration Fran\u00e7aise de Gymnastique (@ffgymnastique) <a href=\"https:\/\/twitter.com\/ffgymnastique\/status\/1719843486617292983?ref_src=twsrc%5Etfw\">November 1, 2023<\/a><\/p><\/blockquote>\n<p><script async src=\"https:\/\/platform.twitter.com\/widgets.js\" charset=\"utf-8\"><\/script><\/p>\n","protected":false},"excerpt":{"rendered":"<p>GYMNASTIQUE\u00a0 &#8211; \u00c0 l&rsquo;occasion de la 40e \u00e9dition du M\u00e9morial Arthur Gander, M\u00e9lanie De Jesus Dos Santos a obtenu la m\u00e9daille d&rsquo;argent en \u00e9chouant de peu derri\u00e8re la Br\u00e9silienne Julia Soares. C\u00f4t\u00e9 masculin, Jim Zona a termin\u00e9 5\u1d49.<\/p>\n","protected":false},"author":55,"featured_media":434227,"comment_status":"open","ping_status":"closed","sticky":false,"template":"","format":"standard","meta":{"_acf_changed":false,"_daextam_enable_autolinks":"1","footnotes":""},"categories":[10429],"tags":[16878,391,5696],"class_list":["post-434223","post","type-post","status-publish","format-standard","has-post-thumbnail","hentry","category-gymnastique","tag-breve","tag-gymnastique","tag-melanie-de-jesus-dos-santos"],"acf":[],"yoast_head":"<!-- This site is optimized with the Yoast SEO Premium plugin v26.7 (Yoast SEO v26.7) - https:\/\/yoast.com\/wordpress\/plugins\/seo\/ -->\n<title>M\u00e9morial Arthur Gander : M\u00e9lanie De Jesus Dos Santos s&#039;empare de l&#039;argent<\/title>\n<meta name=\"description\" content=\"GYMNASTIQUE - M\u00e9lanie De Jesus Dos Santos a accroch\u00e9 la 2e place lors de la 40e \u00e9dition du M\u00e9morial Arthur Gander.\" \/>\n<meta name=\"robots\" content=\"index, follow, max-snippet:-1, max-image-preview:large, max-video-preview:-1\" \/>\n<link rel=\"canonical\" href=\"https:\/\/dicodusport.fr\/blog\/memorial-arthur-gander-melanie-de-jesus-dos-santos-sempare-de-largent\/\" \/>\n<meta property=\"og:locale\" content=\"fr_FR\" \/>\n<meta property=\"og:type\" content=\"article\" \/>\n<meta property=\"og:title\" content=\"M\u00e9morial Arthur Gander : M\u00e9lanie De Jesus Dos Santos s&#039;empare de l&#039;argent\" \/>\n<meta property=\"og:description\" content=\"GYMNASTIQUE - M\u00e9lanie De Jesus Dos Santos a accroch\u00e9 la 2e place lors de la 40e \u00e9dition du M\u00e9morial Arthur Gander.\" \/>\n<meta property=\"og:url\" content=\"https:\/\/dicodusport.fr\/blog\/memorial-arthur-gander-melanie-de-jesus-dos-santos-sempare-de-largent\/\" \/>\n<meta property=\"og:site_name\" content=\"Dicodusport\" \/>\n<meta property=\"article:publisher\" content=\"https:\/\/www.facebook.com\/dicodusport\" \/>\n<meta property=\"article:published_time\" content=\"2023-11-02T08:55:00+00:00\" \/>\n<meta property=\"article:modified_time\" content=\"2023-11-02T10:09:29+00:00\" \/>\n<meta property=\"og:image\" content=\"https:\/\/dicodusport.fr\/blog\/wp-content\/uploads\/2023\/11\/Memorial-Arthur-Gander-Melanie-De-Jesus-Dos-Santos-sempare-de-largent.png\" \/>\n\t<meta property=\"og:image:width\" content=\"800\" \/>\n\t<meta property=\"og:image:height\" content=\"445\" \/>\n\t<meta property=\"og:image:type\" content=\"image\/png\" \/>\n<meta name=\"author\" content=\"Maxime Cazenave\" \/>\n<meta name=\"twitter:card\" content=\"summary_large_image\" \/>\n<meta name=\"twitter:title\" content=\"M\u00e9morial Arthur Gander : M\u00e9lanie De Jesus Dos Santos s&#039;empare de l&#039;argent\" \/>\n<meta name=\"twitter:creator\" content=\"@https:\/\/twitter.com\/Maxime_Caze\" \/>\n<meta name=\"twitter:site\" content=\"@dicodusport\" \/>\n<script type=\"application\/ld+json\" class=\"yoast-schema-graph\">{\"@context\":\"https:\/\/schema.org\",\"@graph\":[{\"@type\":\"NewsArticle\",\"@id\":\"https:\/\/dicodusport.fr\/blog\/memorial-arthur-gander-melanie-de-jesus-dos-santos-sempare-de-largent\/#article\",\"isPartOf\":{\"@id\":\"https:\/\/dicodusport.fr\/blog\/memorial-arthur-gander-melanie-de-jesus-dos-santos-sempare-de-largent\/\"},\"author\":{\"name\":\"Maxime Cazenave\",\"@id\":\"https:\/\/dicodusport.fr\/blog\/#\/schema\/person\/37def232098a7a5cbab3974a3690abb0\"},\"headline\":\"M\u00e9morial Arthur Gander : M\u00e9lanie De Jesus Dos Santos s&#8217;empare de l&rsquo;argent\",\"datePublished\":\"2023-11-02T08:55:00+00:00\",\"dateModified\":\"2023-11-02T10:09:29+00:00\",\"mainEntityOfPage\":{\"@id\":\"https:\/\/dicodusport.fr\/blog\/memorial-arthur-gander-melanie-de-jesus-dos-santos-sempare-de-largent\/\"},\"wordCount\":395,\"commentCount\":0,\"publisher\":{\"@id\":\"https:\/\/dicodusport.fr\/blog\/#organization\"},\"image\":{\"@id\":\"https:\/\/dicodusport.fr\/blog\/memorial-arthur-gander-melanie-de-jesus-dos-santos-sempare-de-largent\/#primaryimage\"},\"thumbnailUrl\":\"https:\/\/dicodusport.fr\/blog\/wp-content\/uploads\/2023\/11\/Memorial-Arthur-Gander-Melanie-De-Jesus-Dos-Santos-sempare-de-largent.png\",\"keywords\":[\"br\u00e8ve\",\"gymnastique\",\"M\u00e9lanie De Jesus Dos Santos\"],\"articleSection\":[\"Gymnastique\"],\"inLanguage\":\"fr-FR\",\"potentialAction\":[{\"@type\":\"CommentAction\",\"name\":\"Comment\",\"target\":[\"https:\/\/dicodusport.fr\/blog\/memorial-arthur-gander-melanie-de-jesus-dos-santos-sempare-de-largent\/#respond\"]}],\"copyrightYear\":\"2023\",\"copyrightHolder\":{\"@id\":\"https:\/\/dicodusport.fr\/blog\/#organization\"}},{\"@type\":\"WebPage\",\"@id\":\"https:\/\/dicodusport.fr\/blog\/memorial-arthur-gander-melanie-de-jesus-dos-santos-sempare-de-largent\/\",\"url\":\"https:\/\/dicodusport.fr\/blog\/memorial-arthur-gander-melanie-de-jesus-dos-santos-sempare-de-largent\/\",\"name\":\"M\u00e9morial Arthur Gander : M\u00e9lanie De Jesus Dos Santos s'empare de l'argent\",\"isPartOf\":{\"@id\":\"https:\/\/dicodusport.fr\/blog\/#website\"},\"primaryImageOfPage\":{\"@id\":\"https:\/\/dicodusport.fr\/blog\/memorial-arthur-gander-melanie-de-jesus-dos-santos-sempare-de-largent\/#primaryimage\"},\"image\":{\"@id\":\"https:\/\/dicodusport.fr\/blog\/memorial-arthur-gander-melanie-de-jesus-dos-santos-sempare-de-largent\/#primaryimage\"},\"thumbnailUrl\":\"https:\/\/dicodusport.fr\/blog\/wp-content\/uploads\/2023\/11\/Memorial-Arthur-Gander-Melanie-De-Jesus-Dos-Santos-sempare-de-largent.png\",\"datePublished\":\"2023-11-02T08:55:00+00:00\",\"dateModified\":\"2023-11-02T10:09:29+00:00\",\"description\":\"GYMNASTIQUE - M\u00e9lanie De Jesus Dos Santos a accroch\u00e9 la 2e place lors de la 40e \u00e9dition du M\u00e9morial Arthur Gander.\",\"breadcrumb\":{\"@id\":\"https:\/\/dicodusport.fr\/blog\/memorial-arthur-gander-melanie-de-jesus-dos-santos-sempare-de-largent\/#breadcrumb\"},\"inLanguage\":\"fr-FR\",\"potentialAction\":[{\"@type\":\"ReadAction\",\"target\":[\"https:\/\/dicodusport.fr\/blog\/memorial-arthur-gander-melanie-de-jesus-dos-santos-sempare-de-largent\/\"]}]},{\"@type\":\"ImageObject\",\"inLanguage\":\"fr-FR\",\"@id\":\"https:\/\/dicodusport.fr\/blog\/memorial-arthur-gander-melanie-de-jesus-dos-santos-sempare-de-largent\/#primaryimage\",\"url\":\"https:\/\/dicodusport.fr\/blog\/wp-content\/uploads\/2023\/11\/Memorial-Arthur-Gander-Melanie-De-Jesus-Dos-Santos-sempare-de-largent.png\",\"contentUrl\":\"https:\/\/dicodusport.fr\/blog\/wp-content\/uploads\/2023\/11\/Memorial-Arthur-Gander-Melanie-De-Jesus-Dos-Santos-sempare-de-largent.png\",\"width\":800,\"height\":445,\"caption\":\"M\u00e9morial Arthur Gander : M\u00e9lanie De Jesus Dos Santos s'empare de l'argent\"},{\"@type\":\"BreadcrumbList\",\"@id\":\"https:\/\/dicodusport.fr\/blog\/memorial-arthur-gander-melanie-de-jesus-dos-santos-sempare-de-largent\/#breadcrumb\",\"itemListElement\":[{\"@type\":\"ListItem\",\"position\":1,\"name\":\"Accueil\",\"item\":\"https:\/\/dicodusport.fr\/blog\/\"},{\"@type\":\"ListItem\",\"position\":2,\"name\":\"M\u00e9morial Arthur Gander : M\u00e9lanie De Jesus Dos Santos s&#8217;empare de l&rsquo;argent\"}]},{\"@type\":\"WebSite\",\"@id\":\"https:\/\/dicodusport.fr\/blog\/#website\",\"url\":\"https:\/\/dicodusport.fr\/blog\/\",\"name\":\"Dicodusport\",\"description\":\"L&#039;encyclop\u00e9die de l&#039;actualit\u00e9 sportive\",\"publisher\":{\"@id\":\"https:\/\/dicodusport.fr\/blog\/#organization\"},\"potentialAction\":[{\"@type\":\"SearchAction\",\"target\":{\"@type\":\"EntryPoint\",\"urlTemplate\":\"https:\/\/dicodusport.fr\/blog\/?s={search_term_string}\"},\"query-input\":{\"@type\":\"PropertyValueSpecification\",\"valueRequired\":true,\"valueName\":\"search_term_string\"}}],\"inLanguage\":\"fr-FR\"},{\"@type\":\"NewsMediaOrganization\",\"@id\":\"https:\/\/dicodusport.fr\/blog\/#organization\",\"name\":\"Dicodusport\",\"url\":\"https:\/\/dicodusport.fr\/blog\/\",\"logo\":{\"@type\":\"ImageObject\",\"inLanguage\":\"fr-FR\",\"@id\":\"https:\/\/dicodusport.fr\/blog\/#\/schema\/logo\/image\/\",\"url\":\"https:\/\/dicodusport.fr\/blog\/wp-content\/uploads\/2020\/06\/cropped-LOGO-DICODUSPORT-2020-SANS-FOND-SANS-TEXTE.png\",\"contentUrl\":\"https:\/\/dicodusport.fr\/blog\/wp-content\/uploads\/2020\/06\/cropped-LOGO-DICODUSPORT-2020-SANS-FOND-SANS-TEXTE.png\",\"width\":512,\"height\":512,\"caption\":\"Dicodusport\"},\"image\":{\"@id\":\"https:\/\/dicodusport.fr\/blog\/#\/schema\/logo\/image\/\"},\"sameAs\":[\"https:\/\/www.facebook.com\/dicodusport\",\"https:\/\/x.com\/dicodusport\",\"https:\/\/www.instagram.com\/dicodusport\/\",\"https:\/\/www.youtube.com\/channel\/UC7V2KZ5sd3htJivAbA4ZG3w\"],\"description\":\"Dicodusport est l'encyclop\u00e9die de l'actualit\u00e9 sportive.\",\"email\":\"bonjour@dicodusport.fr\",\"legalName\":\"DICODUSPORT\",\"foundingDate\":\"2018-01-14\",\"vatID\":\"FR71834470973\",\"taxID\":\"83447097300043\",\"numberOfEmployees\":{\"@type\":\"QuantitativeValue\",\"minValue\":\"1\",\"maxValue\":\"10\"}},{\"@type\":\"Person\",\"@id\":\"https:\/\/dicodusport.fr\/blog\/#\/schema\/person\/37def232098a7a5cbab3974a3690abb0\",\"name\":\"Maxime Cazenave\",\"image\":{\"@type\":\"ImageObject\",\"inLanguage\":\"fr-FR\",\"@id\":\"https:\/\/dicodusport.fr\/blog\/#\/schema\/person\/image\/\",\"url\":\"https:\/\/dicodusport.fr\/blog\/wp-content\/uploads\/2021\/05\/Maxime-Cazenave-150x150.jpg\",\"contentUrl\":\"https:\/\/dicodusport.fr\/blog\/wp-content\/uploads\/2021\/05\/Maxime-Cazenave-150x150.jpg\",\"caption\":\"Maxime Cazenave\"},\"description\":\"Journaliste\/R\u00e9dacteur depuis 2012 - Berc\u00e9 par l\u2019amour des Girondins de Bordeaux, les \u00e9checs de Christophe Moreau sur le Tour de France sous l'\u00e8re Lance Armstrong et le fade-away l\u00e9tal de Dirk Nowitzki, ma passion d\u00e9vorante pour le sport a toujours \u00e9t\u00e9 un pan incontournable de ma vie. Transmettre ma passion \u00e0 l\u2019\u00e9crit a \u00e9t\u00e9 une transition naturelle. Suiveur assidu de basket et de hockey sur glace, je garde toujours un peu de place pour suivre le cyclisme, le football et le maximum de performances fran\u00e7aises.\",\"sameAs\":[\"https:\/\/x.com\/https:\/\/twitter.com\/Maxime_Caze\"],\"url\":\"https:\/\/dicodusport.fr\/blog\/author\/maximec\/\"}]}<\/script>\n<!-- \/ Yoast SEO Premium plugin. -->","yoast_head_json":{"title":"M\u00e9morial Arthur Gander : M\u00e9lanie De Jesus Dos Santos s'empare de l'argent","description":"GYMNASTIQUE - M\u00e9lanie De Jesus Dos Santos a accroch\u00e9 la 2e place lors de la 40e \u00e9dition du M\u00e9morial Arthur Gander.","robots":{"index":"index","follow":"follow","max-snippet":"max-snippet:-1","max-image-preview":"max-image-preview:large","max-video-preview":"max-video-preview:-1"},"canonical":"https:\/\/dicodusport.fr\/blog\/memorial-arthur-gander-melanie-de-jesus-dos-santos-sempare-de-largent\/","og_locale":"fr_FR","og_type":"article","og_title":"M\u00e9morial Arthur Gander : M\u00e9lanie De Jesus Dos Santos s'empare de l'argent","og_description":"GYMNASTIQUE - M\u00e9lanie De Jesus Dos Santos a accroch\u00e9 la 2e place lors de la 40e \u00e9dition du M\u00e9morial Arthur Gander.","og_url":"https:\/\/dicodusport.fr\/blog\/memorial-arthur-gander-melanie-de-jesus-dos-santos-sempare-de-largent\/","og_site_name":"Dicodusport","article_publisher":"https:\/\/www.facebook.com\/dicodusport","article_published_time":"2023-11-02T08:55:00+00:00","article_modified_time":"2023-11-02T10:09:29+00:00","og_image":[{"width":800,"height":445,"url":"https:\/\/dicodusport.fr\/blog\/wp-content\/uploads\/2023\/11\/Memorial-Arthur-Gander-Melanie-De-Jesus-Dos-Santos-sempare-de-largent.png","type":"image\/png"}],"author":"Maxime Cazenave","twitter_card":"summary_large_image","twitter_title":"M\u00e9morial Arthur Gander : M\u00e9lanie De Jesus Dos Santos s'empare de l'argent","twitter_creator":"@https:\/\/twitter.com\/Maxime_Caze","twitter_site":"@dicodusport","schema":{"@context":"https:\/\/schema.org","@graph":[{"@type":"NewsArticle","@id":"https:\/\/dicodusport.fr\/blog\/memorial-arthur-gander-melanie-de-jesus-dos-santos-sempare-de-largent\/#article","isPartOf":{"@id":"https:\/\/dicodusport.fr\/blog\/memorial-arthur-gander-melanie-de-jesus-dos-santos-sempare-de-largent\/"},"author":{"name":"Maxime Cazenave","@id":"https:\/\/dicodusport.fr\/blog\/#\/schema\/person\/37def232098a7a5cbab3974a3690abb0"},"headline":"M\u00e9morial Arthur Gander : M\u00e9lanie De Jesus Dos Santos s&#8217;empare de l&rsquo;argent","datePublished":"2023-11-02T08:55:00+00:00","dateModified":"2023-11-02T10:09:29+00:00","mainEntityOfPage":{"@id":"https:\/\/dicodusport.fr\/blog\/memorial-arthur-gander-melanie-de-jesus-dos-santos-sempare-de-largent\/"},"wordCount":395,"commentCount":0,"publisher":{"@id":"https:\/\/dicodusport.fr\/blog\/#organization"},"image":{"@id":"https:\/\/dicodusport.fr\/blog\/memorial-arthur-gander-melanie-de-jesus-dos-santos-sempare-de-largent\/#primaryimage"},"thumbnailUrl":"https:\/\/dicodusport.fr\/blog\/wp-content\/uploads\/2023\/11\/Memorial-Arthur-Gander-Melanie-De-Jesus-Dos-Santos-sempare-de-largent.png","keywords":["br\u00e8ve","gymnastique","M\u00e9lanie De Jesus Dos Santos"],"articleSection":["Gymnastique"],"inLanguage":"fr-FR","potentialAction":[{"@type":"CommentAction","name":"Comment","target":["https:\/\/dicodusport.fr\/blog\/memorial-arthur-gander-melanie-de-jesus-dos-santos-sempare-de-largent\/#respond"]}],"copyrightYear":"2023","copyrightHolder":{"@id":"https:\/\/dicodusport.fr\/blog\/#organization"}},{"@type":"WebPage","@id":"https:\/\/dicodusport.fr\/blog\/memorial-arthur-gander-melanie-de-jesus-dos-santos-sempare-de-largent\/","url":"https:\/\/dicodusport.fr\/blog\/memorial-arthur-gander-melanie-de-jesus-dos-santos-sempare-de-largent\/","name":"M\u00e9morial Arthur Gander : M\u00e9lanie De Jesus Dos Santos s'empare de l'argent","isPartOf":{"@id":"https:\/\/dicodusport.fr\/blog\/#website"},"primaryImageOfPage":{"@id":"https:\/\/dicodusport.fr\/blog\/memorial-arthur-gander-melanie-de-jesus-dos-santos-sempare-de-largent\/#primaryimage"},"image":{"@id":"https:\/\/dicodusport.fr\/blog\/memorial-arthur-gander-melanie-de-jesus-dos-santos-sempare-de-largent\/#primaryimage"},"thumbnailUrl":"https:\/\/dicodusport.fr\/blog\/wp-content\/uploads\/2023\/11\/Memorial-Arthur-Gander-Melanie-De-Jesus-Dos-Santos-sempare-de-largent.png","datePublished":"2023-11-02T08:55:00+00:00","dateModified":"2023-11-02T10:09:29+00:00","description":"GYMNASTIQUE - M\u00e9lanie De Jesus Dos Santos a accroch\u00e9 la 2e place lors de la 40e \u00e9dition du M\u00e9morial Arthur Gander.","breadcrumb":{"@id":"https:\/\/dicodusport.fr\/blog\/memorial-arthur-gander-melanie-de-jesus-dos-santos-sempare-de-largent\/#breadcrumb"},"inLanguage":"fr-FR","potentialAction":[{"@type":"ReadAction","target":["https:\/\/dicodusport.fr\/blog\/memorial-arthur-gander-melanie-de-jesus-dos-santos-sempare-de-largent\/"]}]},{"@type":"ImageObject","inLanguage":"fr-FR","@id":"https:\/\/dicodusport.fr\/blog\/memorial-arthur-gander-melanie-de-jesus-dos-santos-sempare-de-largent\/#primaryimage","url":"https:\/\/dicodusport.fr\/blog\/wp-content\/uploads\/2023\/11\/Memorial-Arthur-Gander-Melanie-De-Jesus-Dos-Santos-sempare-de-largent.png","contentUrl":"https:\/\/dicodusport.fr\/blog\/wp-content\/uploads\/2023\/11\/Memorial-Arthur-Gander-Melanie-De-Jesus-Dos-Santos-sempare-de-largent.png","width":800,"height":445,"caption":"M\u00e9morial Arthur Gander : M\u00e9lanie De Jesus Dos Santos s'empare de l'argent"},{"@type":"BreadcrumbList","@id":"https:\/\/dicodusport.fr\/blog\/memorial-arthur-gander-melanie-de-jesus-dos-santos-sempare-de-largent\/#breadcrumb","itemListElement":[{"@type":"ListItem","position":1,"name":"Accueil","item":"https:\/\/dicodusport.fr\/blog\/"},{"@type":"ListItem","position":2,"name":"M\u00e9morial Arthur Gander : M\u00e9lanie De Jesus Dos Santos s&#8217;empare de l&rsquo;argent"}]},{"@type":"WebSite","@id":"https:\/\/dicodusport.fr\/blog\/#website","url":"https:\/\/dicodusport.fr\/blog\/","name":"Dicodusport","description":"L&#039;encyclop\u00e9die de l&#039;actualit\u00e9 sportive","publisher":{"@id":"https:\/\/dicodusport.fr\/blog\/#organization"},"potentialAction":[{"@type":"SearchAction","target":{"@type":"EntryPoint","urlTemplate":"https:\/\/dicodusport.fr\/blog\/?s={search_term_string}"},"query-input":{"@type":"PropertyValueSpecification","valueRequired":true,"valueName":"search_term_string"}}],"inLanguage":"fr-FR"},{"@type":"NewsMediaOrganization","@id":"https:\/\/dicodusport.fr\/blog\/#organization","name":"Dicodusport","url":"https:\/\/dicodusport.fr\/blog\/","logo":{"@type":"ImageObject","inLanguage":"fr-FR","@id":"https:\/\/dicodusport.fr\/blog\/#\/schema\/logo\/image\/","url":"https:\/\/dicodusport.fr\/blog\/wp-content\/uploads\/2020\/06\/cropped-LOGO-DICODUSPORT-2020-SANS-FOND-SANS-TEXTE.png","contentUrl":"https:\/\/dicodusport.fr\/blog\/wp-content\/uploads\/2020\/06\/cropped-LOGO-DICODUSPORT-2020-SANS-FOND-SANS-TEXTE.png","width":512,"height":512,"caption":"Dicodusport"},"image":{"@id":"https:\/\/dicodusport.fr\/blog\/#\/schema\/logo\/image\/"},"sameAs":["https:\/\/www.facebook.com\/dicodusport","https:\/\/x.com\/dicodusport","https:\/\/www.instagram.com\/dicodusport\/","https:\/\/www.youtube.com\/channel\/UC7V2KZ5sd3htJivAbA4ZG3w"],"description":"Dicodusport est l'encyclop\u00e9die de l'actualit\u00e9 sportive.","email":"bonjour@dicodusport.fr","legalName":"DICODUSPORT","foundingDate":"2018-01-14","vatID":"FR71834470973","taxID":"83447097300043","numberOfEmployees":{"@type":"QuantitativeValue","minValue":"1","maxValue":"10"}},{"@type":"Person","@id":"https:\/\/dicodusport.fr\/blog\/#\/schema\/person\/37def232098a7a5cbab3974a3690abb0","name":"Maxime Cazenave","image":{"@type":"ImageObject","inLanguage":"fr-FR","@id":"https:\/\/dicodusport.fr\/blog\/#\/schema\/person\/image\/","url":"https:\/\/dicodusport.fr\/blog\/wp-content\/uploads\/2021\/05\/Maxime-Cazenave-150x150.jpg","contentUrl":"https:\/\/dicodusport.fr\/blog\/wp-content\/uploads\/2021\/05\/Maxime-Cazenave-150x150.jpg","caption":"Maxime Cazenave"},"description":"Journaliste\/R\u00e9dacteur depuis 2012 - Berc\u00e9 par l\u2019amour des Girondins de Bordeaux, les \u00e9checs de Christophe Moreau sur le Tour de France sous l'\u00e8re Lance Armstrong et le fade-away l\u00e9tal de Dirk Nowitzki, ma passion d\u00e9vorante pour le sport a toujours \u00e9t\u00e9 un pan incontournable de ma vie. Transmettre ma passion \u00e0 l\u2019\u00e9crit a \u00e9t\u00e9 une transition naturelle. Suiveur assidu de basket et de hockey sur glace, je garde toujours un peu de place pour suivre le cyclisme, le football et le maximum de performances fran\u00e7aises.","sameAs":["https:\/\/x.com\/https:\/\/twitter.com\/Maxime_Caze"],"url":"https:\/\/dicodusport.fr\/blog\/author\/maximec\/"}]}},"_links":{"self":[{"href":"https:\/\/dicodusport.fr\/blog\/wp-json\/wp\/v2\/posts\/434223","targetHints":{"allow":["GET"]}}],"collection":[{"href":"https:\/\/dicodusport.fr\/blog\/wp-json\/wp\/v2\/posts"}],"about":[{"href":"https:\/\/dicodusport.fr\/blog\/wp-json\/wp\/v2\/types\/post"}],"author":[{"embeddable":true,"href":"https:\/\/dicodusport.fr\/blog\/wp-json\/wp\/v2\/users\/55"}],"replies":[{"embeddable":true,"href":"https:\/\/dicodusport.fr\/blog\/wp-json\/wp\/v2\/comments?post=434223"}],"version-history":[{"count":0,"href":"https:\/\/dicodusport.fr\/blog\/wp-json\/wp\/v2\/posts\/434223\/revisions"}],"wp:featuredmedia":[{"embeddable":true,"href":"https:\/\/dicodusport.fr\/blog\/wp-json\/wp\/v2\/media\/434227"}],"wp:attachment":[{"href":"https:\/\/dicodusport.fr\/blog\/wp-json\/wp\/v2\/media?parent=434223"}],"wp:term":[{"taxonomy":"category","embeddable":true,"href":"https:\/\/dicodusport.fr\/blog\/wp-json\/wp\/v2\/categories?post=434223"},{"taxonomy":"post_tag","embeddable":true,"href":"https:\/\/dicodusport.fr\/blog\/wp-json\/wp\/v2\/tags?post=434223"}],"curies":[{"name":"wp","href":"https:\/\/api.w.org\/{rel}","templated":true}]}}