{"id":434509,"date":"2023-11-03T17:40:55","date_gmt":"2023-11-03T16:40:55","guid":{"rendered":"https:\/\/dicodusport.fr\/blog\/?p=434509&#038;preview=true&#038;preview_id=434509"},"modified":"2023-11-03T17:40:55","modified_gmt":"2023-11-03T16:40:55","slug":"echantillon-b-positif-pour-michel-hessmann-jumbo-visma","status":"publish","type":"post","link":"https:\/\/dicodusport.fr\/blog\/echantillon-b-positif-pour-michel-hessmann-jumbo-visma\/","title":{"rendered":"\u00c9chantillon B positif pour Michel Hessmann (Jumbo-Visma)"},"content":{"rendered":"<p style=\"text-align: justify;\"><strong><em>Contr\u00f4l\u00e9 positif \u00e0 un diur\u00e9tique le 14 juin dernier, le coureur allemand de la Jumbo-Visma, Michel Hessmann, a vu son contr\u00f4le positif confirm\u00e9 par l&rsquo;\u00e9chantillon B.<\/em><\/strong><\/p>\n<p style=\"text-align: justify;\">Test\u00e9 hors-comp\u00e9tition en juin, suite \u00e0 un contr\u00f4le inopin\u00e9, <strong>Michel Hessmann<\/strong>, 23 ans, avait \u00e9t\u00e9 test\u00e9 positif \u00e0 un diur\u00e9tique. On a appris aujourd&rsquo;hui que l&rsquo;<strong>\u00e9chantillon B<\/strong> de l&rsquo;analyse a bien confirm\u00e9 les r\u00e9sultats de l&rsquo;\u00e9chantillon A. Il s&rsquo;agirait de la pr\u00e9sence d&rsquo;un produit masquant selon l&rsquo;Agence nationale antidopage allemande.<\/p>\n<blockquote class=\"twitter-tweet\">\n<p dir=\"ltr\" lang=\"fr\">L&rsquo;\u00e9chantillon B de Michel Hessmann (Jumbo-Visma), contr\u00f4l\u00e9 positif \u00e0 un diur\u00e9tique en juin dernier, s&rsquo;est av\u00e9r\u00e9 \u00e9galement positif. L&rsquo;\u00e9quipe n\u00e9erlandaise avait suspendu provisoirement le coureur allemand (22 ans), qui risque d\u00e9sormais une suspension des instances. <a href=\"https:\/\/t.co\/u6sLqnjYG6\">pic.twitter.com\/u6sLqnjYG6<\/a><\/p>\n<p>\u2014 Le Gruppetto (@LeGruppetto) <a href=\"https:\/\/twitter.com\/LeGruppetto\/status\/1720392257365319766?ref_src=twsrc%5Etfw\">November 3, 2023<\/a><\/p><\/blockquote>\n<p><script async src=\"https:\/\/platform.twitter.com\/widgets.js\" charset=\"utf-8\"><\/script><\/p>\n<h2 style=\"text-align: justify;\">Coup dur pour la Jumbo-Visma<\/h2>\n<p style=\"text-align: justify;\">Le coureur de la <strong>Jumbo-Visma<\/strong>, d\u00e9j\u00e0 suspendu \u00e0 titre provisoire par son \u00e9quipe, devrait logiquement \u00e9coper d&rsquo;une suspension s\u00e9v\u00e8re et risque le licenciement par son \u00e9quipe.<\/p>\n<p style=\"text-align: justify;\">Pass\u00e9 par l&rsquo;\u00e9quipe de d\u00e9veloppement de l&rsquo;\u00e9quipe n\u00e9erlandaise, <strong>Michel Hessmann<\/strong> est dans les rangs de la <strong>Jumbo-Visma<\/strong> depuis 2019. Son contr\u00f4le positif vient ternir un peu plus l&rsquo;image de l&rsquo;\u00e9quipe, autour de laquelle il y a d\u00e9j\u00e0 quelques suspicions. Et \u00e9galement un \u00e9ni\u00e8me coup dur pour le cyclisme.<\/p>\n","protected":false},"excerpt":{"rendered":"<p>Contr\u00f4l\u00e9 positif \u00e0 un diur\u00e9tique le 14 juin dernier, le coureur allemand de la Jumbo-Visma, Michel Hessmann, a vu son contr\u00f4le positif confirm\u00e9 par l&rsquo;\u00e9chantillon B.<\/p>\n","protected":false},"author":92,"featured_media":434572,"comment_status":"open","ping_status":"closed","sticky":false,"template":"","format":"standard","meta":{"_acf_changed":false,"_daextam_enable_autolinks":"1","footnotes":""},"categories":[46994],"tags":[16878,8551],"class_list":["post-434509","post","type-post","status-publish","format-standard","has-post-thumbnail","hentry","category-cyclisme-sur-route","tag-breve","tag-jumbo-visma"],"acf":[],"yoast_head":"<!-- This site is optimized with the Yoast SEO Premium plugin v26.7 (Yoast SEO v26.7) - https:\/\/yoast.com\/wordpress\/plugins\/seo\/ -->\n<title>\u00c9chantillon B positif pour Michel Hessmann (Jumbo-Visma)<\/title>\n<meta name=\"description\" content=\"Contr\u00f4l\u00e9 positif \u00e0 un diur\u00e9tique en juin, Michel Hessmann (Jumbo-Visma)\u00a0a vu son contr\u00f4le positif confirm\u00e9 par l&#039;\u00e9chantillon B.\" \/>\n<meta name=\"robots\" content=\"index, follow, max-snippet:-1, max-image-preview:large, max-video-preview:-1\" \/>\n<link rel=\"canonical\" href=\"https:\/\/dicodusport.fr\/blog\/echantillon-b-positif-pour-michel-hessmann-jumbo-visma\/\" \/>\n<meta property=\"og:locale\" content=\"fr_FR\" \/>\n<meta property=\"og:type\" content=\"article\" \/>\n<meta property=\"og:title\" content=\"\u00c9chantillon B positif pour Michel Hessmann (Jumbo-Visma)\" \/>\n<meta property=\"og:description\" content=\"Contr\u00f4l\u00e9 positif \u00e0 un diur\u00e9tique en juin, Michel Hessmann (Jumbo-Visma)\u00a0a vu son contr\u00f4le positif confirm\u00e9 par l&#039;\u00e9chantillon B.\" \/>\n<meta property=\"og:url\" content=\"https:\/\/dicodusport.fr\/blog\/echantillon-b-positif-pour-michel-hessmann-jumbo-visma\/\" \/>\n<meta property=\"og:site_name\" content=\"Dicodusport\" \/>\n<meta property=\"article:publisher\" content=\"https:\/\/www.facebook.com\/dicodusport\" \/>\n<meta property=\"article:published_time\" content=\"2023-11-03T16:40:55+00:00\" \/>\n<meta property=\"og:image\" content=\"https:\/\/dicodusport.fr\/blog\/wp-content\/uploads\/2023\/11\/Echantillon-B-positif-pour-Michel-Hessmann-Jumbo-Visma.png\" \/>\n\t<meta property=\"og:image:width\" content=\"800\" \/>\n\t<meta property=\"og:image:height\" content=\"445\" \/>\n\t<meta property=\"og:image:type\" content=\"image\/png\" \/>\n<meta name=\"author\" content=\"Olivier Dobiezynski\" \/>\n<meta name=\"twitter:card\" content=\"summary_large_image\" \/>\n<meta name=\"twitter:title\" content=\"\u00c9chantillon B positif pour Michel Hessmann (Jumbo-Visma)\" \/>\n<meta name=\"twitter:creator\" content=\"@https:\/\/x.com\/Olivier_Matros\" \/>\n<meta name=\"twitter:site\" content=\"@dicodusport\" \/>\n<script type=\"application\/ld+json\" class=\"yoast-schema-graph\">{\"@context\":\"https:\/\/schema.org\",\"@graph\":[{\"@type\":\"NewsArticle\",\"@id\":\"https:\/\/dicodusport.fr\/blog\/echantillon-b-positif-pour-michel-hessmann-jumbo-visma\/#article\",\"isPartOf\":{\"@id\":\"https:\/\/dicodusport.fr\/blog\/echantillon-b-positif-pour-michel-hessmann-jumbo-visma\/\"},\"author\":{\"name\":\"Olivier Dobiezynski\",\"@id\":\"https:\/\/dicodusport.fr\/blog\/#\/schema\/person\/fe500246414ca17ddf0c0312d7a792cc\"},\"headline\":\"\u00c9chantillon B positif pour Michel Hessmann (Jumbo-Visma)\",\"datePublished\":\"2023-11-03T16:40:55+00:00\",\"mainEntityOfPage\":{\"@id\":\"https:\/\/dicodusport.fr\/blog\/echantillon-b-positif-pour-michel-hessmann-jumbo-visma\/\"},\"wordCount\":234,\"commentCount\":0,\"publisher\":{\"@id\":\"https:\/\/dicodusport.fr\/blog\/#organization\"},\"image\":{\"@id\":\"https:\/\/dicodusport.fr\/blog\/echantillon-b-positif-pour-michel-hessmann-jumbo-visma\/#primaryimage\"},\"thumbnailUrl\":\"https:\/\/dicodusport.fr\/blog\/wp-content\/uploads\/2023\/11\/Echantillon-B-positif-pour-Michel-Hessmann-Jumbo-Visma.png\",\"keywords\":[\"br\u00e8ve\",\"Jumbo-Visma\"],\"articleSection\":[\"Cyclisme sur route\"],\"inLanguage\":\"fr-FR\",\"potentialAction\":[{\"@type\":\"CommentAction\",\"name\":\"Comment\",\"target\":[\"https:\/\/dicodusport.fr\/blog\/echantillon-b-positif-pour-michel-hessmann-jumbo-visma\/#respond\"]}],\"copyrightYear\":\"2023\",\"copyrightHolder\":{\"@id\":\"https:\/\/dicodusport.fr\/blog\/#organization\"}},{\"@type\":\"WebPage\",\"@id\":\"https:\/\/dicodusport.fr\/blog\/echantillon-b-positif-pour-michel-hessmann-jumbo-visma\/\",\"url\":\"https:\/\/dicodusport.fr\/blog\/echantillon-b-positif-pour-michel-hessmann-jumbo-visma\/\",\"name\":\"\u00c9chantillon B positif pour Michel Hessmann (Jumbo-Visma)\",\"isPartOf\":{\"@id\":\"https:\/\/dicodusport.fr\/blog\/#website\"},\"primaryImageOfPage\":{\"@id\":\"https:\/\/dicodusport.fr\/blog\/echantillon-b-positif-pour-michel-hessmann-jumbo-visma\/#primaryimage\"},\"image\":{\"@id\":\"https:\/\/dicodusport.fr\/blog\/echantillon-b-positif-pour-michel-hessmann-jumbo-visma\/#primaryimage\"},\"thumbnailUrl\":\"https:\/\/dicodusport.fr\/blog\/wp-content\/uploads\/2023\/11\/Echantillon-B-positif-pour-Michel-Hessmann-Jumbo-Visma.png\",\"datePublished\":\"2023-11-03T16:40:55+00:00\",\"description\":\"Contr\u00f4l\u00e9 positif \u00e0 un diur\u00e9tique en juin, Michel Hessmann (Jumbo-Visma)\u00a0a vu son contr\u00f4le positif confirm\u00e9 par l'\u00e9chantillon B.\",\"breadcrumb\":{\"@id\":\"https:\/\/dicodusport.fr\/blog\/echantillon-b-positif-pour-michel-hessmann-jumbo-visma\/#breadcrumb\"},\"inLanguage\":\"fr-FR\",\"potentialAction\":[{\"@type\":\"ReadAction\",\"target\":[\"https:\/\/dicodusport.fr\/blog\/echantillon-b-positif-pour-michel-hessmann-jumbo-visma\/\"]}]},{\"@type\":\"ImageObject\",\"inLanguage\":\"fr-FR\",\"@id\":\"https:\/\/dicodusport.fr\/blog\/echantillon-b-positif-pour-michel-hessmann-jumbo-visma\/#primaryimage\",\"url\":\"https:\/\/dicodusport.fr\/blog\/wp-content\/uploads\/2023\/11\/Echantillon-B-positif-pour-Michel-Hessmann-Jumbo-Visma.png\",\"contentUrl\":\"https:\/\/dicodusport.fr\/blog\/wp-content\/uploads\/2023\/11\/Echantillon-B-positif-pour-Michel-Hessmann-Jumbo-Visma.png\",\"width\":800,\"height\":445,\"caption\":\"\u00c9chantillon B positif pour Michel Hessmann (Jumbo-Visma)\"},{\"@type\":\"BreadcrumbList\",\"@id\":\"https:\/\/dicodusport.fr\/blog\/echantillon-b-positif-pour-michel-hessmann-jumbo-visma\/#breadcrumb\",\"itemListElement\":[{\"@type\":\"ListItem\",\"position\":1,\"name\":\"Accueil\",\"item\":\"https:\/\/dicodusport.fr\/blog\/\"},{\"@type\":\"ListItem\",\"position\":2,\"name\":\"\u00c9chantillon B positif pour Michel Hessmann (Jumbo-Visma)\"}]},{\"@type\":\"WebSite\",\"@id\":\"https:\/\/dicodusport.fr\/blog\/#website\",\"url\":\"https:\/\/dicodusport.fr\/blog\/\",\"name\":\"Dicodusport\",\"description\":\"L&#039;encyclop\u00e9die de l&#039;actualit\u00e9 sportive\",\"publisher\":{\"@id\":\"https:\/\/dicodusport.fr\/blog\/#organization\"},\"potentialAction\":[{\"@type\":\"SearchAction\",\"target\":{\"@type\":\"EntryPoint\",\"urlTemplate\":\"https:\/\/dicodusport.fr\/blog\/?s={search_term_string}\"},\"query-input\":{\"@type\":\"PropertyValueSpecification\",\"valueRequired\":true,\"valueName\":\"search_term_string\"}}],\"inLanguage\":\"fr-FR\"},{\"@type\":\"NewsMediaOrganization\",\"@id\":\"https:\/\/dicodusport.fr\/blog\/#organization\",\"name\":\"Dicodusport\",\"url\":\"https:\/\/dicodusport.fr\/blog\/\",\"logo\":{\"@type\":\"ImageObject\",\"inLanguage\":\"fr-FR\",\"@id\":\"https:\/\/dicodusport.fr\/blog\/#\/schema\/logo\/image\/\",\"url\":\"https:\/\/dicodusport.fr\/blog\/wp-content\/uploads\/2020\/06\/cropped-LOGO-DICODUSPORT-2020-SANS-FOND-SANS-TEXTE.png\",\"contentUrl\":\"https:\/\/dicodusport.fr\/blog\/wp-content\/uploads\/2020\/06\/cropped-LOGO-DICODUSPORT-2020-SANS-FOND-SANS-TEXTE.png\",\"width\":512,\"height\":512,\"caption\":\"Dicodusport\"},\"image\":{\"@id\":\"https:\/\/dicodusport.fr\/blog\/#\/schema\/logo\/image\/\"},\"sameAs\":[\"https:\/\/www.facebook.com\/dicodusport\",\"https:\/\/x.com\/dicodusport\",\"https:\/\/www.instagram.com\/dicodusport\/\",\"https:\/\/www.youtube.com\/channel\/UC7V2KZ5sd3htJivAbA4ZG3w\"],\"description\":\"Dicodusport est l'encyclop\u00e9die de l'actualit\u00e9 sportive.\",\"email\":\"bonjour@dicodusport.fr\",\"legalName\":\"DICODUSPORT\",\"foundingDate\":\"2018-01-14\",\"vatID\":\"FR71834470973\",\"taxID\":\"83447097300043\",\"numberOfEmployees\":{\"@type\":\"QuantitativeValue\",\"minValue\":\"1\",\"maxValue\":\"10\"}},{\"@type\":\"Person\",\"@id\":\"https:\/\/dicodusport.fr\/blog\/#\/schema\/person\/fe500246414ca17ddf0c0312d7a792cc\",\"name\":\"Olivier Dobiezynski\",\"image\":{\"@type\":\"ImageObject\",\"inLanguage\":\"fr-FR\",\"@id\":\"https:\/\/dicodusport.fr\/blog\/#\/schema\/person\/image\/\",\"url\":\"https:\/\/dicodusport.fr\/blog\/wp-content\/uploads\/2024\/09\/5be8fe8d-9962-4f1e-ad06-d6f9dee30e6d-150x150.jpg\",\"contentUrl\":\"https:\/\/dicodusport.fr\/blog\/wp-content\/uploads\/2024\/09\/5be8fe8d-9962-4f1e-ad06-d6f9dee30e6d-150x150.jpg\",\"caption\":\"Olivier Dobiezynski\"},\"description\":\"Depuis le milieu des ann\u00e9es 90, la passion du cyclisme m'anime. Mes h\u00e9ros s'appellent Luc Leblanc, Piotr Ugrumov, Paolo Savoldelli, Peter Sagan et bien \u00e9videmment Romain Bardet. R\u00e9dacteur depuis 2023, je suis ici pour partager cet amour de la Petite Reine. Vous pourrez me lire \u00e9galement sur du trail, du ski de fond et tout autre sujet susceptible d'\u00e9veiller ma curiosit\u00e9 sportive.\",\"sameAs\":[\"https:\/\/x.com\/https:\/\/x.com\/Olivier_Matros\"],\"url\":\"https:\/\/dicodusport.fr\/blog\/author\/olivier-gh\/\"}]}<\/script>\n<!-- \/ Yoast SEO Premium plugin. -->","yoast_head_json":{"title":"\u00c9chantillon B positif pour Michel Hessmann (Jumbo-Visma)","description":"Contr\u00f4l\u00e9 positif \u00e0 un diur\u00e9tique en juin, Michel Hessmann (Jumbo-Visma)\u00a0a vu son contr\u00f4le positif confirm\u00e9 par l'\u00e9chantillon B.","robots":{"index":"index","follow":"follow","max-snippet":"max-snippet:-1","max-image-preview":"max-image-preview:large","max-video-preview":"max-video-preview:-1"},"canonical":"https:\/\/dicodusport.fr\/blog\/echantillon-b-positif-pour-michel-hessmann-jumbo-visma\/","og_locale":"fr_FR","og_type":"article","og_title":"\u00c9chantillon B positif pour Michel Hessmann (Jumbo-Visma)","og_description":"Contr\u00f4l\u00e9 positif \u00e0 un diur\u00e9tique en juin, Michel Hessmann (Jumbo-Visma)\u00a0a vu son contr\u00f4le positif confirm\u00e9 par l'\u00e9chantillon B.","og_url":"https:\/\/dicodusport.fr\/blog\/echantillon-b-positif-pour-michel-hessmann-jumbo-visma\/","og_site_name":"Dicodusport","article_publisher":"https:\/\/www.facebook.com\/dicodusport","article_published_time":"2023-11-03T16:40:55+00:00","og_image":[{"width":800,"height":445,"url":"https:\/\/dicodusport.fr\/blog\/wp-content\/uploads\/2023\/11\/Echantillon-B-positif-pour-Michel-Hessmann-Jumbo-Visma.png","type":"image\/png"}],"author":"Olivier Dobiezynski","twitter_card":"summary_large_image","twitter_title":"\u00c9chantillon B positif pour Michel Hessmann (Jumbo-Visma)","twitter_creator":"@https:\/\/x.com\/Olivier_Matros","twitter_site":"@dicodusport","schema":{"@context":"https:\/\/schema.org","@graph":[{"@type":"NewsArticle","@id":"https:\/\/dicodusport.fr\/blog\/echantillon-b-positif-pour-michel-hessmann-jumbo-visma\/#article","isPartOf":{"@id":"https:\/\/dicodusport.fr\/blog\/echantillon-b-positif-pour-michel-hessmann-jumbo-visma\/"},"author":{"name":"Olivier Dobiezynski","@id":"https:\/\/dicodusport.fr\/blog\/#\/schema\/person\/fe500246414ca17ddf0c0312d7a792cc"},"headline":"\u00c9chantillon B positif pour Michel Hessmann (Jumbo-Visma)","datePublished":"2023-11-03T16:40:55+00:00","mainEntityOfPage":{"@id":"https:\/\/dicodusport.fr\/blog\/echantillon-b-positif-pour-michel-hessmann-jumbo-visma\/"},"wordCount":234,"commentCount":0,"publisher":{"@id":"https:\/\/dicodusport.fr\/blog\/#organization"},"image":{"@id":"https:\/\/dicodusport.fr\/blog\/echantillon-b-positif-pour-michel-hessmann-jumbo-visma\/#primaryimage"},"thumbnailUrl":"https:\/\/dicodusport.fr\/blog\/wp-content\/uploads\/2023\/11\/Echantillon-B-positif-pour-Michel-Hessmann-Jumbo-Visma.png","keywords":["br\u00e8ve","Jumbo-Visma"],"articleSection":["Cyclisme sur route"],"inLanguage":"fr-FR","potentialAction":[{"@type":"CommentAction","name":"Comment","target":["https:\/\/dicodusport.fr\/blog\/echantillon-b-positif-pour-michel-hessmann-jumbo-visma\/#respond"]}],"copyrightYear":"2023","copyrightHolder":{"@id":"https:\/\/dicodusport.fr\/blog\/#organization"}},{"@type":"WebPage","@id":"https:\/\/dicodusport.fr\/blog\/echantillon-b-positif-pour-michel-hessmann-jumbo-visma\/","url":"https:\/\/dicodusport.fr\/blog\/echantillon-b-positif-pour-michel-hessmann-jumbo-visma\/","name":"\u00c9chantillon B positif pour Michel Hessmann (Jumbo-Visma)","isPartOf":{"@id":"https:\/\/dicodusport.fr\/blog\/#website"},"primaryImageOfPage":{"@id":"https:\/\/dicodusport.fr\/blog\/echantillon-b-positif-pour-michel-hessmann-jumbo-visma\/#primaryimage"},"image":{"@id":"https:\/\/dicodusport.fr\/blog\/echantillon-b-positif-pour-michel-hessmann-jumbo-visma\/#primaryimage"},"thumbnailUrl":"https:\/\/dicodusport.fr\/blog\/wp-content\/uploads\/2023\/11\/Echantillon-B-positif-pour-Michel-Hessmann-Jumbo-Visma.png","datePublished":"2023-11-03T16:40:55+00:00","description":"Contr\u00f4l\u00e9 positif \u00e0 un diur\u00e9tique en juin, Michel Hessmann (Jumbo-Visma)\u00a0a vu son contr\u00f4le positif confirm\u00e9 par l'\u00e9chantillon B.","breadcrumb":{"@id":"https:\/\/dicodusport.fr\/blog\/echantillon-b-positif-pour-michel-hessmann-jumbo-visma\/#breadcrumb"},"inLanguage":"fr-FR","potentialAction":[{"@type":"ReadAction","target":["https:\/\/dicodusport.fr\/blog\/echantillon-b-positif-pour-michel-hessmann-jumbo-visma\/"]}]},{"@type":"ImageObject","inLanguage":"fr-FR","@id":"https:\/\/dicodusport.fr\/blog\/echantillon-b-positif-pour-michel-hessmann-jumbo-visma\/#primaryimage","url":"https:\/\/dicodusport.fr\/blog\/wp-content\/uploads\/2023\/11\/Echantillon-B-positif-pour-Michel-Hessmann-Jumbo-Visma.png","contentUrl":"https:\/\/dicodusport.fr\/blog\/wp-content\/uploads\/2023\/11\/Echantillon-B-positif-pour-Michel-Hessmann-Jumbo-Visma.png","width":800,"height":445,"caption":"\u00c9chantillon B positif pour Michel Hessmann (Jumbo-Visma)"},{"@type":"BreadcrumbList","@id":"https:\/\/dicodusport.fr\/blog\/echantillon-b-positif-pour-michel-hessmann-jumbo-visma\/#breadcrumb","itemListElement":[{"@type":"ListItem","position":1,"name":"Accueil","item":"https:\/\/dicodusport.fr\/blog\/"},{"@type":"ListItem","position":2,"name":"\u00c9chantillon B positif pour Michel Hessmann (Jumbo-Visma)"}]},{"@type":"WebSite","@id":"https:\/\/dicodusport.fr\/blog\/#website","url":"https:\/\/dicodusport.fr\/blog\/","name":"Dicodusport","description":"L&#039;encyclop\u00e9die de l&#039;actualit\u00e9 sportive","publisher":{"@id":"https:\/\/dicodusport.fr\/blog\/#organization"},"potentialAction":[{"@type":"SearchAction","target":{"@type":"EntryPoint","urlTemplate":"https:\/\/dicodusport.fr\/blog\/?s={search_term_string}"},"query-input":{"@type":"PropertyValueSpecification","valueRequired":true,"valueName":"search_term_string"}}],"inLanguage":"fr-FR"},{"@type":"NewsMediaOrganization","@id":"https:\/\/dicodusport.fr\/blog\/#organization","name":"Dicodusport","url":"https:\/\/dicodusport.fr\/blog\/","logo":{"@type":"ImageObject","inLanguage":"fr-FR","@id":"https:\/\/dicodusport.fr\/blog\/#\/schema\/logo\/image\/","url":"https:\/\/dicodusport.fr\/blog\/wp-content\/uploads\/2020\/06\/cropped-LOGO-DICODUSPORT-2020-SANS-FOND-SANS-TEXTE.png","contentUrl":"https:\/\/dicodusport.fr\/blog\/wp-content\/uploads\/2020\/06\/cropped-LOGO-DICODUSPORT-2020-SANS-FOND-SANS-TEXTE.png","width":512,"height":512,"caption":"Dicodusport"},"image":{"@id":"https:\/\/dicodusport.fr\/blog\/#\/schema\/logo\/image\/"},"sameAs":["https:\/\/www.facebook.com\/dicodusport","https:\/\/x.com\/dicodusport","https:\/\/www.instagram.com\/dicodusport\/","https:\/\/www.youtube.com\/channel\/UC7V2KZ5sd3htJivAbA4ZG3w"],"description":"Dicodusport est l'encyclop\u00e9die de l'actualit\u00e9 sportive.","email":"bonjour@dicodusport.fr","legalName":"DICODUSPORT","foundingDate":"2018-01-14","vatID":"FR71834470973","taxID":"83447097300043","numberOfEmployees":{"@type":"QuantitativeValue","minValue":"1","maxValue":"10"}},{"@type":"Person","@id":"https:\/\/dicodusport.fr\/blog\/#\/schema\/person\/fe500246414ca17ddf0c0312d7a792cc","name":"Olivier Dobiezynski","image":{"@type":"ImageObject","inLanguage":"fr-FR","@id":"https:\/\/dicodusport.fr\/blog\/#\/schema\/person\/image\/","url":"https:\/\/dicodusport.fr\/blog\/wp-content\/uploads\/2024\/09\/5be8fe8d-9962-4f1e-ad06-d6f9dee30e6d-150x150.jpg","contentUrl":"https:\/\/dicodusport.fr\/blog\/wp-content\/uploads\/2024\/09\/5be8fe8d-9962-4f1e-ad06-d6f9dee30e6d-150x150.jpg","caption":"Olivier Dobiezynski"},"description":"Depuis le milieu des ann\u00e9es 90, la passion du cyclisme m'anime. Mes h\u00e9ros s'appellent Luc Leblanc, Piotr Ugrumov, Paolo Savoldelli, Peter Sagan et bien \u00e9videmment Romain Bardet. R\u00e9dacteur depuis 2023, je suis ici pour partager cet amour de la Petite Reine. Vous pourrez me lire \u00e9galement sur du trail, du ski de fond et tout autre sujet susceptible d'\u00e9veiller ma curiosit\u00e9 sportive.","sameAs":["https:\/\/x.com\/https:\/\/x.com\/Olivier_Matros"],"url":"https:\/\/dicodusport.fr\/blog\/author\/olivier-gh\/"}]}},"_links":{"self":[{"href":"https:\/\/dicodusport.fr\/blog\/wp-json\/wp\/v2\/posts\/434509","targetHints":{"allow":["GET"]}}],"collection":[{"href":"https:\/\/dicodusport.fr\/blog\/wp-json\/wp\/v2\/posts"}],"about":[{"href":"https:\/\/dicodusport.fr\/blog\/wp-json\/wp\/v2\/types\/post"}],"author":[{"embeddable":true,"href":"https:\/\/dicodusport.fr\/blog\/wp-json\/wp\/v2\/users\/92"}],"replies":[{"embeddable":true,"href":"https:\/\/dicodusport.fr\/blog\/wp-json\/wp\/v2\/comments?post=434509"}],"version-history":[{"count":0,"href":"https:\/\/dicodusport.fr\/blog\/wp-json\/wp\/v2\/posts\/434509\/revisions"}],"wp:featuredmedia":[{"embeddable":true,"href":"https:\/\/dicodusport.fr\/blog\/wp-json\/wp\/v2\/media\/434572"}],"wp:attachment":[{"href":"https:\/\/dicodusport.fr\/blog\/wp-json\/wp\/v2\/media?parent=434509"}],"wp:term":[{"taxonomy":"category","embeddable":true,"href":"https:\/\/dicodusport.fr\/blog\/wp-json\/wp\/v2\/categories?post=434509"},{"taxonomy":"post_tag","embeddable":true,"href":"https:\/\/dicodusport.fr\/blog\/wp-json\/wp\/v2\/tags?post=434509"}],"curies":[{"name":"wp","href":"https:\/\/api.w.org\/{rel}","templated":true}]}}