{"id":434515,"date":"2023-11-03T16:34:05","date_gmt":"2023-11-03T15:34:05","guid":{"rendered":"https:\/\/dicodusport.fr\/blog\/?p=434515&#038;preview=true&#038;preview_id=434515"},"modified":"2023-11-04T13:29:36","modified_gmt":"2023-11-04T12:29:36","slug":"judo-championnats-deurope-le-titre-europeen-pour-shirine-boukli","status":"publish","type":"post","link":"https:\/\/dicodusport.fr\/blog\/judo-championnats-deurope-le-titre-europeen-pour-shirine-boukli\/","title":{"rendered":"Judo Championnats d&rsquo;Europe : Le titre europ\u00e9en pour Shirine Boukli !"},"content":{"rendered":"<p style=\"text-align: justify;\"><strong><em>CHAMPIONNATS D&rsquo;EUROPE DE JUDO 2023 &#8211; Premi\u00e8re journ\u00e9e de ces championnats d&rsquo;Europe \u00e0 Montpellier et premi\u00e8re m\u00e9daille d&rsquo;or pour Shirine Boukli en -48kg.\u00a0<\/em><\/strong><\/p>\n<ul>\n<li class=\"mvp-post-title left entry-title\" style=\"text-align: justify;\"><strong>\u00c0 lire aussi &#8211; <a href=\"https:\/\/dicodusport.fr\/blog\/programme-et-resultats-championnats-deurope-de-judo-2023\/\">Programme et r\u00e9sultats Championnats d\u2019Europe de judo 2023<\/a><\/strong><\/li>\n<\/ul>\n<h2 style=\"text-align: justify;\">Une journ\u00e9e parfaite<\/h2>\n<p style=\"text-align: justify;\">T\u00eate de s\u00e9rie et donc exempt\u00e9e de premier tour, <strong>Shirine Boukli<\/strong> s\u2019est d\u2019abord magnifiquement impos\u00e9e par ippon face \u00e0 l\u2019Isra\u00e9lienne Malca. En quarts, elle s\u2019est d\u00e9faite de la Russe, sous banni\u00e8re neutre, <strong>Giliazova<\/strong>.<\/p>\n<p style=\"text-align: justify;\">La t\u00e2che a \u00e9t\u00e9 plus compliqu\u00e9e en demies, puisque <strong>Shirine Boukli<\/strong> aura eu besoin de plus de 2 minutes 20 dans le golden score pour s\u2019imposer contre l\u2019Espagnole <strong>Lapuerta Comas<\/strong>.<\/p>\n<p style=\"text-align: justify;\">La Fran\u00e7aise s\u2019est alors retrouv\u00e9e en finale oppos\u00e9e \u00e0 <strong>Costa<\/strong> la Portugaise, soit le remake de la finale de l&rsquo;\u00e9dition 2022.<\/p>\n<ul>\n<li style=\"text-align: justify;\"><strong>\u00c0 lire aussi \u2013\u00a0<a href=\"https:\/\/dicodusport.fr\/blog\/tableau-des-medailles-championnats-deurope-judo-2023\/\">Le tableau des m\u00e9dailles des championnats d\u2019Europe<\/a><\/strong><\/li>\n<\/ul>\n<p style=\"text-align: justify;\">Tr\u00e8s bien entr\u00e9e dans son combat, la Tricolore va marquer waza-ari d\u00e8s la premi\u00e8re action. Derri\u00e8re, elle va se faire surprendre et la Portugaise va recoller au score.<\/p>\n<p style=\"text-align: justify;\">Les deux combattantes vont se retrouver au golden score, et au bout d&rsquo;1 minute 30 suppl\u00e9mentaire, c&rsquo;est bien la Fran\u00e7aise qui va faire tomber son adversaire en premi\u00e8re, pour s&rsquo;offrir un magnifique 3\u00e8me titre de championne d&rsquo;Europe. Une belle histoire \u00e0 Montpellier, pour celle qui \u00e9tait b\u00e9n\u00e9vole dans cette salle des ann\u00e9es auparavant !<\/p>\n<blockquote class=\"twitter-tweet\">\n<p dir=\"ltr\" lang=\"fr\">Une v\u00e9ritable championne !<\/p>\n<p>Troisi\u00e8me titre europ\u00e9en pour Shirine Boukli en -48 kilos, devant son public \u00e0 Montpellier <a href=\"https:\/\/twitter.com\/hashtag\/lequipeJUDO?src=hash&amp;ref_src=twsrc%5Etfw\">#lequipeJUDO<\/a> <a href=\"https:\/\/t.co\/ILmWpQX7Sd\">pic.twitter.com\/ILmWpQX7Sd<\/a><\/p>\n<p>\u2014 la chaine L&rsquo;\u00c9quipe (@lachainelequipe) <a href=\"https:\/\/twitter.com\/lachainelequipe\/status\/1720463956010054125?ref_src=twsrc%5Etfw\">November 3, 2023<\/a><\/p><\/blockquote>\n<p><script async src=\"https:\/\/platform.twitter.com\/widgets.js\" charset=\"utf-8\"><\/script><\/p>\n<p>&nbsp;<\/p>\n","protected":false},"excerpt":{"rendered":"<p>CHAMPIONNATS D&rsquo;EUROPE DE JUDO 2023 &#8211; Premi\u00e8re journ\u00e9e de ces championnats d&rsquo;Europe \u00e0 Montpellier et premi\u00e8re m\u00e9daille d&rsquo;or pour Shirine Boukli en -48kg.\u00a0<\/p>\n","protected":false},"author":89,"featured_media":434731,"comment_status":"open","ping_status":"closed","sticky":false,"template":"","format":"standard","meta":{"_acf_changed":false,"_daextam_enable_autolinks":"1","footnotes":""},"categories":[8651],"tags":[16878,68,24],"class_list":["post-434515","post","type-post","status-publish","format-standard","has-post-thumbnail","hentry","category-judo","tag-breve","tag-judo","tag-sport"],"acf":[],"yoast_head":"<!-- This site is optimized with the Yoast SEO Premium plugin v26.7 (Yoast SEO v26.7) - https:\/\/yoast.com\/wordpress\/plugins\/seo\/ -->\n<title>Judo Championnats d&#039;Europe : Le titre europ\u00e9en pour Shirine Boukli !<\/title>\n<meta name=\"description\" content=\"CHAMPIONNATS D&#039;EUROPE DE JUDO 2023 - Premi\u00e8re journ\u00e9e de ces championnats d&#039;Europe \u00e0 Montpellier et premi\u00e8re m\u00e9daille d&#039;or pour Shirine Boukli en -48kg.\u00a0\" \/>\n<meta name=\"robots\" content=\"index, follow, max-snippet:-1, max-image-preview:large, max-video-preview:-1\" \/>\n<link rel=\"canonical\" href=\"https:\/\/dicodusport.fr\/blog\/judo-championnats-deurope-le-titre-europeen-pour-shirine-boukli\/\" \/>\n<meta property=\"og:locale\" content=\"fr_FR\" \/>\n<meta property=\"og:type\" content=\"article\" \/>\n<meta property=\"og:title\" content=\"Judo Championnats d&#039;Europe : Le titre europ\u00e9en pour Shirine Boukli !\" \/>\n<meta property=\"og:description\" content=\"CHAMPIONNATS D&#039;EUROPE DE JUDO 2023 - Premi\u00e8re journ\u00e9e de ces championnats d&#039;Europe \u00e0 Montpellier et premi\u00e8re m\u00e9daille d&#039;or pour Shirine Boukli en -48kg.\u00a0\" \/>\n<meta property=\"og:url\" content=\"https:\/\/dicodusport.fr\/blog\/judo-championnats-deurope-le-titre-europeen-pour-shirine-boukli\/\" \/>\n<meta property=\"og:site_name\" content=\"Dicodusport\" \/>\n<meta property=\"article:publisher\" content=\"https:\/\/www.facebook.com\/dicodusport\" \/>\n<meta property=\"article:published_time\" content=\"2023-11-03T15:34:05+00:00\" \/>\n<meta property=\"article:modified_time\" content=\"2023-11-04T12:29:36+00:00\" \/>\n<meta property=\"og:image\" content=\"https:\/\/dicodusport.fr\/blog\/wp-content\/uploads\/2023\/11\/Judo-Championnats-dEurope-Le-titre-europeen-pour-Shirine-Boukli-1-1.png\" \/>\n\t<meta property=\"og:image:width\" content=\"800\" \/>\n\t<meta property=\"og:image:height\" content=\"445\" \/>\n\t<meta property=\"og:image:type\" content=\"image\/png\" \/>\n<meta name=\"author\" content=\"Louka Lesueur\" \/>\n<meta name=\"twitter:card\" content=\"summary_large_image\" \/>\n<meta name=\"twitter:title\" content=\"Judo Championnats d&#039;Europe : Le titre europ\u00e9en pour Shirine Boukli !\" \/>\n<meta name=\"twitter:creator\" content=\"@https:\/\/twitter.com\/LNewsSF\" \/>\n<meta name=\"twitter:site\" content=\"@dicodusport\" \/>\n<script type=\"application\/ld+json\" class=\"yoast-schema-graph\">{\"@context\":\"https:\/\/schema.org\",\"@graph\":[{\"@type\":\"NewsArticle\",\"@id\":\"https:\/\/dicodusport.fr\/blog\/judo-championnats-deurope-le-titre-europeen-pour-shirine-boukli\/#article\",\"isPartOf\":{\"@id\":\"https:\/\/dicodusport.fr\/blog\/judo-championnats-deurope-le-titre-europeen-pour-shirine-boukli\/\"},\"author\":{\"name\":\"Louka Lesueur\",\"@id\":\"https:\/\/dicodusport.fr\/blog\/#\/schema\/person\/54b6cdccebdfcd5a1036c594aecffc2a\"},\"headline\":\"Judo Championnats d&rsquo;Europe : Le titre europ\u00e9en pour Shirine Boukli !\",\"datePublished\":\"2023-11-03T15:34:05+00:00\",\"dateModified\":\"2023-11-04T12:29:36+00:00\",\"mainEntityOfPage\":{\"@id\":\"https:\/\/dicodusport.fr\/blog\/judo-championnats-deurope-le-titre-europeen-pour-shirine-boukli\/\"},\"wordCount\":291,\"commentCount\":0,\"publisher\":{\"@id\":\"https:\/\/dicodusport.fr\/blog\/#organization\"},\"image\":{\"@id\":\"https:\/\/dicodusport.fr\/blog\/judo-championnats-deurope-le-titre-europeen-pour-shirine-boukli\/#primaryimage\"},\"thumbnailUrl\":\"https:\/\/dicodusport.fr\/blog\/wp-content\/uploads\/2023\/11\/Judo-Championnats-dEurope-Le-titre-europeen-pour-Shirine-Boukli-1-1.png\",\"keywords\":[\"br\u00e8ve\",\"Judo\",\"sport\"],\"articleSection\":[\"Judo\"],\"inLanguage\":\"fr-FR\",\"potentialAction\":[{\"@type\":\"CommentAction\",\"name\":\"Comment\",\"target\":[\"https:\/\/dicodusport.fr\/blog\/judo-championnats-deurope-le-titre-europeen-pour-shirine-boukli\/#respond\"]}],\"copyrightYear\":\"2023\",\"copyrightHolder\":{\"@id\":\"https:\/\/dicodusport.fr\/blog\/#organization\"}},{\"@type\":\"WebPage\",\"@id\":\"https:\/\/dicodusport.fr\/blog\/judo-championnats-deurope-le-titre-europeen-pour-shirine-boukli\/\",\"url\":\"https:\/\/dicodusport.fr\/blog\/judo-championnats-deurope-le-titre-europeen-pour-shirine-boukli\/\",\"name\":\"Judo Championnats d'Europe : Le titre europ\u00e9en pour Shirine Boukli !\",\"isPartOf\":{\"@id\":\"https:\/\/dicodusport.fr\/blog\/#website\"},\"primaryImageOfPage\":{\"@id\":\"https:\/\/dicodusport.fr\/blog\/judo-championnats-deurope-le-titre-europeen-pour-shirine-boukli\/#primaryimage\"},\"image\":{\"@id\":\"https:\/\/dicodusport.fr\/blog\/judo-championnats-deurope-le-titre-europeen-pour-shirine-boukli\/#primaryimage\"},\"thumbnailUrl\":\"https:\/\/dicodusport.fr\/blog\/wp-content\/uploads\/2023\/11\/Judo-Championnats-dEurope-Le-titre-europeen-pour-Shirine-Boukli-1-1.png\",\"datePublished\":\"2023-11-03T15:34:05+00:00\",\"dateModified\":\"2023-11-04T12:29:36+00:00\",\"description\":\"CHAMPIONNATS D'EUROPE DE JUDO 2023 - Premi\u00e8re journ\u00e9e de ces championnats d'Europe \u00e0 Montpellier et premi\u00e8re m\u00e9daille d'or pour Shirine Boukli en -48kg.\u00a0\",\"breadcrumb\":{\"@id\":\"https:\/\/dicodusport.fr\/blog\/judo-championnats-deurope-le-titre-europeen-pour-shirine-boukli\/#breadcrumb\"},\"inLanguage\":\"fr-FR\",\"potentialAction\":[{\"@type\":\"ReadAction\",\"target\":[\"https:\/\/dicodusport.fr\/blog\/judo-championnats-deurope-le-titre-europeen-pour-shirine-boukli\/\"]}]},{\"@type\":\"ImageObject\",\"inLanguage\":\"fr-FR\",\"@id\":\"https:\/\/dicodusport.fr\/blog\/judo-championnats-deurope-le-titre-europeen-pour-shirine-boukli\/#primaryimage\",\"url\":\"https:\/\/dicodusport.fr\/blog\/wp-content\/uploads\/2023\/11\/Judo-Championnats-dEurope-Le-titre-europeen-pour-Shirine-Boukli-1-1.png\",\"contentUrl\":\"https:\/\/dicodusport.fr\/blog\/wp-content\/uploads\/2023\/11\/Judo-Championnats-dEurope-Le-titre-europeen-pour-Shirine-Boukli-1-1.png\",\"width\":800,\"height\":445,\"caption\":\"Judo - Championnats d'Europe - Le titre europ\u00e9en pour Shirine Boukli ! - Photo Carlos Ferreira \/ EJU\"},{\"@type\":\"BreadcrumbList\",\"@id\":\"https:\/\/dicodusport.fr\/blog\/judo-championnats-deurope-le-titre-europeen-pour-shirine-boukli\/#breadcrumb\",\"itemListElement\":[{\"@type\":\"ListItem\",\"position\":1,\"name\":\"Accueil\",\"item\":\"https:\/\/dicodusport.fr\/blog\/\"},{\"@type\":\"ListItem\",\"position\":2,\"name\":\"Judo Championnats d&rsquo;Europe : Le titre europ\u00e9en pour Shirine Boukli !\"}]},{\"@type\":\"WebSite\",\"@id\":\"https:\/\/dicodusport.fr\/blog\/#website\",\"url\":\"https:\/\/dicodusport.fr\/blog\/\",\"name\":\"Dicodusport\",\"description\":\"L&#039;encyclop\u00e9die de l&#039;actualit\u00e9 sportive\",\"publisher\":{\"@id\":\"https:\/\/dicodusport.fr\/blog\/#organization\"},\"potentialAction\":[{\"@type\":\"SearchAction\",\"target\":{\"@type\":\"EntryPoint\",\"urlTemplate\":\"https:\/\/dicodusport.fr\/blog\/?s={search_term_string}\"},\"query-input\":{\"@type\":\"PropertyValueSpecification\",\"valueRequired\":true,\"valueName\":\"search_term_string\"}}],\"inLanguage\":\"fr-FR\"},{\"@type\":\"NewsMediaOrganization\",\"@id\":\"https:\/\/dicodusport.fr\/blog\/#organization\",\"name\":\"Dicodusport\",\"url\":\"https:\/\/dicodusport.fr\/blog\/\",\"logo\":{\"@type\":\"ImageObject\",\"inLanguage\":\"fr-FR\",\"@id\":\"https:\/\/dicodusport.fr\/blog\/#\/schema\/logo\/image\/\",\"url\":\"https:\/\/dicodusport.fr\/blog\/wp-content\/uploads\/2020\/06\/cropped-LOGO-DICODUSPORT-2020-SANS-FOND-SANS-TEXTE.png\",\"contentUrl\":\"https:\/\/dicodusport.fr\/blog\/wp-content\/uploads\/2020\/06\/cropped-LOGO-DICODUSPORT-2020-SANS-FOND-SANS-TEXTE.png\",\"width\":512,\"height\":512,\"caption\":\"Dicodusport\"},\"image\":{\"@id\":\"https:\/\/dicodusport.fr\/blog\/#\/schema\/logo\/image\/\"},\"sameAs\":[\"https:\/\/www.facebook.com\/dicodusport\",\"https:\/\/x.com\/dicodusport\",\"https:\/\/www.instagram.com\/dicodusport\/\",\"https:\/\/www.youtube.com\/channel\/UC7V2KZ5sd3htJivAbA4ZG3w\"],\"description\":\"Dicodusport est l'encyclop\u00e9die de l'actualit\u00e9 sportive.\",\"email\":\"bonjour@dicodusport.fr\",\"legalName\":\"DICODUSPORT\",\"foundingDate\":\"2018-01-14\",\"vatID\":\"FR71834470973\",\"taxID\":\"83447097300043\",\"numberOfEmployees\":{\"@type\":\"QuantitativeValue\",\"minValue\":\"1\",\"maxValue\":\"10\"}},{\"@type\":\"Person\",\"@id\":\"https:\/\/dicodusport.fr\/blog\/#\/schema\/person\/54b6cdccebdfcd5a1036c594aecffc2a\",\"name\":\"Louka Lesueur\",\"image\":{\"@type\":\"ImageObject\",\"inLanguage\":\"fr-FR\",\"@id\":\"https:\/\/dicodusport.fr\/blog\/#\/schema\/person\/image\/\",\"url\":\"https:\/\/dicodusport.fr\/blog\/wp-content\/uploads\/2023\/09\/IMG_2783-150x150.jpeg\",\"contentUrl\":\"https:\/\/dicodusport.fr\/blog\/wp-content\/uploads\/2023\/09\/IMG_2783-150x150.jpeg\",\"caption\":\"Louka Lesueur\"},\"description\":\"Passionn\u00e9 depuis tout petit par les exploits de Bolt, Fourcade, Riner, Lavillenie, Wilkinson, Hirscher. Les \u00e9motions provoqu\u00e9es par le sport ont berc\u00e9 mon enfance et continuent de le faire aujourd'hui. C'est ainsi qu'il m'est arriv\u00e9 de pleurer devant la d\u00e9faite des Bleus face aux Blacks en 2011, ou encore devant le titre olympique de Florent Manaudou \u00e0 Londres. Bien loin de ce milieu professionnel, j'ai os\u00e9 tenter ma chance pour rejoindre l'\u00e9quipe de r\u00e9daction de Dicodusport, et depuis septembre 2023, je tente de retransmettre au mieux les exploits des athl\u00e8tes, tous sports confondus. Grand chauvin, c'est bel et bien sur les sportifs tricolores que je pr\u00e9f\u00e8re \u00e9crire.\",\"sameAs\":[\"https:\/\/x.com\/https:\/\/twitter.com\/LNewsSF\"],\"gender\":\"Homme\",\"worksFor\":\"Louka LESUEUR\",\"url\":\"https:\/\/dicodusport.fr\/blog\/author\/louka-lesueur\/\"}]}<\/script>\n<!-- \/ Yoast SEO Premium plugin. -->","yoast_head_json":{"title":"Judo Championnats d'Europe : Le titre europ\u00e9en pour Shirine Boukli !","description":"CHAMPIONNATS D'EUROPE DE JUDO 2023 - Premi\u00e8re journ\u00e9e de ces championnats d'Europe \u00e0 Montpellier et premi\u00e8re m\u00e9daille d'or pour Shirine Boukli en -48kg.\u00a0","robots":{"index":"index","follow":"follow","max-snippet":"max-snippet:-1","max-image-preview":"max-image-preview:large","max-video-preview":"max-video-preview:-1"},"canonical":"https:\/\/dicodusport.fr\/blog\/judo-championnats-deurope-le-titre-europeen-pour-shirine-boukli\/","og_locale":"fr_FR","og_type":"article","og_title":"Judo Championnats d'Europe : Le titre europ\u00e9en pour Shirine Boukli !","og_description":"CHAMPIONNATS D'EUROPE DE JUDO 2023 - Premi\u00e8re journ\u00e9e de ces championnats d'Europe \u00e0 Montpellier et premi\u00e8re m\u00e9daille d'or pour Shirine Boukli en -48kg.\u00a0","og_url":"https:\/\/dicodusport.fr\/blog\/judo-championnats-deurope-le-titre-europeen-pour-shirine-boukli\/","og_site_name":"Dicodusport","article_publisher":"https:\/\/www.facebook.com\/dicodusport","article_published_time":"2023-11-03T15:34:05+00:00","article_modified_time":"2023-11-04T12:29:36+00:00","og_image":[{"width":800,"height":445,"url":"https:\/\/dicodusport.fr\/blog\/wp-content\/uploads\/2023\/11\/Judo-Championnats-dEurope-Le-titre-europeen-pour-Shirine-Boukli-1-1.png","type":"image\/png"}],"author":"Louka Lesueur","twitter_card":"summary_large_image","twitter_title":"Judo Championnats d'Europe : Le titre europ\u00e9en pour Shirine Boukli !","twitter_creator":"@https:\/\/twitter.com\/LNewsSF","twitter_site":"@dicodusport","schema":{"@context":"https:\/\/schema.org","@graph":[{"@type":"NewsArticle","@id":"https:\/\/dicodusport.fr\/blog\/judo-championnats-deurope-le-titre-europeen-pour-shirine-boukli\/#article","isPartOf":{"@id":"https:\/\/dicodusport.fr\/blog\/judo-championnats-deurope-le-titre-europeen-pour-shirine-boukli\/"},"author":{"name":"Louka Lesueur","@id":"https:\/\/dicodusport.fr\/blog\/#\/schema\/person\/54b6cdccebdfcd5a1036c594aecffc2a"},"headline":"Judo Championnats d&rsquo;Europe : Le titre europ\u00e9en pour Shirine Boukli !","datePublished":"2023-11-03T15:34:05+00:00","dateModified":"2023-11-04T12:29:36+00:00","mainEntityOfPage":{"@id":"https:\/\/dicodusport.fr\/blog\/judo-championnats-deurope-le-titre-europeen-pour-shirine-boukli\/"},"wordCount":291,"commentCount":0,"publisher":{"@id":"https:\/\/dicodusport.fr\/blog\/#organization"},"image":{"@id":"https:\/\/dicodusport.fr\/blog\/judo-championnats-deurope-le-titre-europeen-pour-shirine-boukli\/#primaryimage"},"thumbnailUrl":"https:\/\/dicodusport.fr\/blog\/wp-content\/uploads\/2023\/11\/Judo-Championnats-dEurope-Le-titre-europeen-pour-Shirine-Boukli-1-1.png","keywords":["br\u00e8ve","Judo","sport"],"articleSection":["Judo"],"inLanguage":"fr-FR","potentialAction":[{"@type":"CommentAction","name":"Comment","target":["https:\/\/dicodusport.fr\/blog\/judo-championnats-deurope-le-titre-europeen-pour-shirine-boukli\/#respond"]}],"copyrightYear":"2023","copyrightHolder":{"@id":"https:\/\/dicodusport.fr\/blog\/#organization"}},{"@type":"WebPage","@id":"https:\/\/dicodusport.fr\/blog\/judo-championnats-deurope-le-titre-europeen-pour-shirine-boukli\/","url":"https:\/\/dicodusport.fr\/blog\/judo-championnats-deurope-le-titre-europeen-pour-shirine-boukli\/","name":"Judo Championnats d'Europe : Le titre europ\u00e9en pour Shirine Boukli !","isPartOf":{"@id":"https:\/\/dicodusport.fr\/blog\/#website"},"primaryImageOfPage":{"@id":"https:\/\/dicodusport.fr\/blog\/judo-championnats-deurope-le-titre-europeen-pour-shirine-boukli\/#primaryimage"},"image":{"@id":"https:\/\/dicodusport.fr\/blog\/judo-championnats-deurope-le-titre-europeen-pour-shirine-boukli\/#primaryimage"},"thumbnailUrl":"https:\/\/dicodusport.fr\/blog\/wp-content\/uploads\/2023\/11\/Judo-Championnats-dEurope-Le-titre-europeen-pour-Shirine-Boukli-1-1.png","datePublished":"2023-11-03T15:34:05+00:00","dateModified":"2023-11-04T12:29:36+00:00","description":"CHAMPIONNATS D'EUROPE DE JUDO 2023 - Premi\u00e8re journ\u00e9e de ces championnats d'Europe \u00e0 Montpellier et premi\u00e8re m\u00e9daille d'or pour Shirine Boukli en -48kg.\u00a0","breadcrumb":{"@id":"https:\/\/dicodusport.fr\/blog\/judo-championnats-deurope-le-titre-europeen-pour-shirine-boukli\/#breadcrumb"},"inLanguage":"fr-FR","potentialAction":[{"@type":"ReadAction","target":["https:\/\/dicodusport.fr\/blog\/judo-championnats-deurope-le-titre-europeen-pour-shirine-boukli\/"]}]},{"@type":"ImageObject","inLanguage":"fr-FR","@id":"https:\/\/dicodusport.fr\/blog\/judo-championnats-deurope-le-titre-europeen-pour-shirine-boukli\/#primaryimage","url":"https:\/\/dicodusport.fr\/blog\/wp-content\/uploads\/2023\/11\/Judo-Championnats-dEurope-Le-titre-europeen-pour-Shirine-Boukli-1-1.png","contentUrl":"https:\/\/dicodusport.fr\/blog\/wp-content\/uploads\/2023\/11\/Judo-Championnats-dEurope-Le-titre-europeen-pour-Shirine-Boukli-1-1.png","width":800,"height":445,"caption":"Judo - Championnats d'Europe - Le titre europ\u00e9en pour Shirine Boukli ! - Photo Carlos Ferreira \/ EJU"},{"@type":"BreadcrumbList","@id":"https:\/\/dicodusport.fr\/blog\/judo-championnats-deurope-le-titre-europeen-pour-shirine-boukli\/#breadcrumb","itemListElement":[{"@type":"ListItem","position":1,"name":"Accueil","item":"https:\/\/dicodusport.fr\/blog\/"},{"@type":"ListItem","position":2,"name":"Judo Championnats d&rsquo;Europe : Le titre europ\u00e9en pour Shirine Boukli !"}]},{"@type":"WebSite","@id":"https:\/\/dicodusport.fr\/blog\/#website","url":"https:\/\/dicodusport.fr\/blog\/","name":"Dicodusport","description":"L&#039;encyclop\u00e9die de l&#039;actualit\u00e9 sportive","publisher":{"@id":"https:\/\/dicodusport.fr\/blog\/#organization"},"potentialAction":[{"@type":"SearchAction","target":{"@type":"EntryPoint","urlTemplate":"https:\/\/dicodusport.fr\/blog\/?s={search_term_string}"},"query-input":{"@type":"PropertyValueSpecification","valueRequired":true,"valueName":"search_term_string"}}],"inLanguage":"fr-FR"},{"@type":"NewsMediaOrganization","@id":"https:\/\/dicodusport.fr\/blog\/#organization","name":"Dicodusport","url":"https:\/\/dicodusport.fr\/blog\/","logo":{"@type":"ImageObject","inLanguage":"fr-FR","@id":"https:\/\/dicodusport.fr\/blog\/#\/schema\/logo\/image\/","url":"https:\/\/dicodusport.fr\/blog\/wp-content\/uploads\/2020\/06\/cropped-LOGO-DICODUSPORT-2020-SANS-FOND-SANS-TEXTE.png","contentUrl":"https:\/\/dicodusport.fr\/blog\/wp-content\/uploads\/2020\/06\/cropped-LOGO-DICODUSPORT-2020-SANS-FOND-SANS-TEXTE.png","width":512,"height":512,"caption":"Dicodusport"},"image":{"@id":"https:\/\/dicodusport.fr\/blog\/#\/schema\/logo\/image\/"},"sameAs":["https:\/\/www.facebook.com\/dicodusport","https:\/\/x.com\/dicodusport","https:\/\/www.instagram.com\/dicodusport\/","https:\/\/www.youtube.com\/channel\/UC7V2KZ5sd3htJivAbA4ZG3w"],"description":"Dicodusport est l'encyclop\u00e9die de l'actualit\u00e9 sportive.","email":"bonjour@dicodusport.fr","legalName":"DICODUSPORT","foundingDate":"2018-01-14","vatID":"FR71834470973","taxID":"83447097300043","numberOfEmployees":{"@type":"QuantitativeValue","minValue":"1","maxValue":"10"}},{"@type":"Person","@id":"https:\/\/dicodusport.fr\/blog\/#\/schema\/person\/54b6cdccebdfcd5a1036c594aecffc2a","name":"Louka Lesueur","image":{"@type":"ImageObject","inLanguage":"fr-FR","@id":"https:\/\/dicodusport.fr\/blog\/#\/schema\/person\/image\/","url":"https:\/\/dicodusport.fr\/blog\/wp-content\/uploads\/2023\/09\/IMG_2783-150x150.jpeg","contentUrl":"https:\/\/dicodusport.fr\/blog\/wp-content\/uploads\/2023\/09\/IMG_2783-150x150.jpeg","caption":"Louka Lesueur"},"description":"Passionn\u00e9 depuis tout petit par les exploits de Bolt, Fourcade, Riner, Lavillenie, Wilkinson, Hirscher. Les \u00e9motions provoqu\u00e9es par le sport ont berc\u00e9 mon enfance et continuent de le faire aujourd'hui. C'est ainsi qu'il m'est arriv\u00e9 de pleurer devant la d\u00e9faite des Bleus face aux Blacks en 2011, ou encore devant le titre olympique de Florent Manaudou \u00e0 Londres. Bien loin de ce milieu professionnel, j'ai os\u00e9 tenter ma chance pour rejoindre l'\u00e9quipe de r\u00e9daction de Dicodusport, et depuis septembre 2023, je tente de retransmettre au mieux les exploits des athl\u00e8tes, tous sports confondus. Grand chauvin, c'est bel et bien sur les sportifs tricolores que je pr\u00e9f\u00e8re \u00e9crire.","sameAs":["https:\/\/x.com\/https:\/\/twitter.com\/LNewsSF"],"gender":"Homme","worksFor":"Louka LESUEUR","url":"https:\/\/dicodusport.fr\/blog\/author\/louka-lesueur\/"}]}},"_links":{"self":[{"href":"https:\/\/dicodusport.fr\/blog\/wp-json\/wp\/v2\/posts\/434515","targetHints":{"allow":["GET"]}}],"collection":[{"href":"https:\/\/dicodusport.fr\/blog\/wp-json\/wp\/v2\/posts"}],"about":[{"href":"https:\/\/dicodusport.fr\/blog\/wp-json\/wp\/v2\/types\/post"}],"author":[{"embeddable":true,"href":"https:\/\/dicodusport.fr\/blog\/wp-json\/wp\/v2\/users\/89"}],"replies":[{"embeddable":true,"href":"https:\/\/dicodusport.fr\/blog\/wp-json\/wp\/v2\/comments?post=434515"}],"version-history":[{"count":0,"href":"https:\/\/dicodusport.fr\/blog\/wp-json\/wp\/v2\/posts\/434515\/revisions"}],"wp:featuredmedia":[{"embeddable":true,"href":"https:\/\/dicodusport.fr\/blog\/wp-json\/wp\/v2\/media\/434731"}],"wp:attachment":[{"href":"https:\/\/dicodusport.fr\/blog\/wp-json\/wp\/v2\/media?parent=434515"}],"wp:term":[{"taxonomy":"category","embeddable":true,"href":"https:\/\/dicodusport.fr\/blog\/wp-json\/wp\/v2\/categories?post=434515"},{"taxonomy":"post_tag","embeddable":true,"href":"https:\/\/dicodusport.fr\/blog\/wp-json\/wp\/v2\/tags?post=434515"}],"curies":[{"name":"wp","href":"https:\/\/api.w.org\/{rel}","templated":true}]}}