{"id":434550,"date":"2023-11-03T17:31:42","date_gmt":"2023-11-03T16:31:42","guid":{"rendered":"https:\/\/dicodusport.fr\/blog\/?p=434550&#038;preview=true&#038;preview_id=434550"},"modified":"2023-11-03T18:22:08","modified_gmt":"2023-11-03T17:22:08","slug":"cyclo-cross-europe-2023-lequipe-de-france-titree-en-relais-mixte","status":"publish","type":"post","link":"https:\/\/dicodusport.fr\/blog\/cyclo-cross-europe-2023-lequipe-de-france-titree-en-relais-mixte\/","title":{"rendered":"Cyclo-cross Europe 2023 : L&rsquo;\u00e9quipe de France titr\u00e9e en relais-mixte"},"content":{"rendered":"<p style=\"text-align: justify;\"><strong style=\"font-style: italic;\">CHAMPIONNATS D&rsquo;EUROPE DE CYCLO-CROSS 2023 &#8211; \u00c0 domicile \u00e0 Pont-Ch\u00e2teau, l&rsquo;\u00e9quipe de France a remport\u00e9 la premi\u00e8re m\u00e9daille d&rsquo;or en jeu ! Le relais-mixte a en effet pris le dessus sur ses (quelques) adversaires pour ouvrir de la plus belle des mani\u00e8res la comp\u00e9tition.<\/strong><\/p>\n<p style=\"text-align: justify;\">Ce vendredi, les <strong>championnats d&rsquo;Europe de cyclo-cross<\/strong> ont d\u00e9but\u00e9 en France, \u00e0 <strong>Pont-Ch\u00e2teau<\/strong>. Pour l&rsquo;occasion, c&rsquo;est une toute nouvelle \u00e9preuve qui a ouvert le bal : le <strong>relais-mixte<\/strong>. Chaque nation partante devait donc aligner deux repr\u00e9sentants aux niveaux Juniors, Espoirs et \u00c9lite pour un total de six coureurs, trois masculins et trois f\u00e9minines. Toutefois, cette \u00e9preuve avait un parfum particulier et n&rsquo;a surtout pas fait mouche aupr\u00e8s des diff\u00e9rentes nations. Sur la ligne de d\u00e9part, <strong>seuls cinq pays \u00e9taient en concurrence <\/strong>! Cadors de la discipline, les Pays-Bas notamment, ont pass\u00e9 leur tour.<\/p>\n<p style=\"text-align: justify;\">Mais cela ne doit rien enlever \u00e0 la performance r\u00e9alis\u00e9e par le clan tricolore. Avec une \u00e9quipe solide, les Bleus avaient clairement l&rsquo;intention de se hisser au sommet, et cela est chose faite. D&#8217;embl\u00e9e, les deux premiers relayeurs, <strong>Aubin Sparfel<\/strong> et <strong>R\u00e9mi Lelandais<\/strong> ont mis sur orbite leur \u00e9quipe avant que <strong>C\u00e9lia Gery<\/strong>, <strong>Electa Gallezot<\/strong>, <strong>H\u00e9l\u00e8ne Clauzel<\/strong> et enfin <strong>Joshua Dubau<\/strong> ne se succ\u00e8dent avec r\u00e9ussite pour emp\u00eacher tout retour adverse. Avec 33 secondes d&rsquo;avance sur la <strong>Grande-Bretagne<\/strong>, les Bleus se hissent donc sur la plus haute marche du podium, et apportent <strong>une premi\u00e8re m\u00e9daille d&rsquo;or \u00e0 l&rsquo;\u00c9quipe de France<\/strong>. La <strong>Belgique<\/strong> compl\u00e8te, elle, le podium avec une \u00e9quipe largement remani\u00e9e.<\/p>\n<p style=\"text-align: justify;\">La suite des championnats d&rsquo;Europe se d\u00e9roulera \u00e0 partir de dimanche, et non ce samedi, comme pr\u00e9vu, en raison des conditions climatiques dantesques attendues dans la r\u00e9gion.<\/p>\n<blockquote class=\"twitter-tweet\">\n<p dir=\"ltr\" lang=\"fr\">Les championnats d&rsquo;Europe de cyclo-cross d\u00e9butent par un titre de la France, \u00e0 domicile, en relais mixte (seulement 5 nations), devant la Grande-Bretagne et la Belgique.<\/p>\n<p>Les courses pr\u00e9vues samedi ont \u00e9t\u00e9 report\u00e9es ce dimanche en raison du fort vent annonc\u00e9. <a href=\"https:\/\/twitter.com\/hashtag\/EuroCross23?src=hash&amp;ref_src=twsrc%5Etfw\">#EuroCross23<\/a> <a href=\"https:\/\/t.co\/GSrbMkbE2m\">pic.twitter.com\/GSrbMkbE2m<\/a><\/p>\n<p>\u2014 Le Gruppetto (@LeGruppetto) <a href=\"https:\/\/twitter.com\/LeGruppetto\/status\/1720460964775051742?ref_src=twsrc%5Etfw\">November 3, 2023<\/a><\/p><\/blockquote>\n<p><script async src=\"https:\/\/platform.twitter.com\/widgets.js\" charset=\"utf-8\"><\/script><\/p>\n","protected":false},"excerpt":{"rendered":"<p>CHAMPIONNATS D&rsquo;EUROPE DE CYCLO-CROSS 2023 &#8211; \u00c0 domicile \u00e0 Pont-Ch\u00e2teau, l&rsquo;\u00e9quipe de France a remport\u00e9 la premi\u00e8re m\u00e9daille d&rsquo;or en jeu ! Le relais-mixte a en effet pris le dessus sur ses (quelques) adversaires pour ouvrir de la plus belle des mani\u00e8res la comp\u00e9tition.<\/p>\n","protected":false},"author":55,"featured_media":434559,"comment_status":"open","ping_status":"closed","sticky":false,"template":"","format":"standard","meta":{"_acf_changed":false,"_daextam_enable_autolinks":"1","footnotes":""},"categories":[9611],"tags":[16878,12436,6666,35622,3877],"class_list":["post-434550","post","type-post","status-publish","format-standard","has-post-thumbnail","hentry","category-cyclo-cross","tag-breve","tag-championnats-deurope-de-cyclo-cross","tag-cyclo-cross","tag-pont-chateau","tag-relais-mixte"],"acf":[],"yoast_head":"<!-- This site is optimized with the Yoast SEO Premium plugin v26.7 (Yoast SEO v26.7) - https:\/\/yoast.com\/wordpress\/plugins\/seo\/ -->\n<title>Cyclo-cross Europe 2023 : L&#039;\u00e9quipe de France titr\u00e9e en relais-mixte<\/title>\n<meta name=\"description\" content=\"CHAMPIONNATS D&#039;EUROPE DE CYCLO-CROSS 2023 : L&#039;\u00e9quipe de France a d\u00e9croch\u00e9 l&#039;or \u00e0 domicile sur l&#039;\u00e9preuve in\u00e9dite du relais-mixte.\" \/>\n<meta name=\"robots\" content=\"index, follow, max-snippet:-1, max-image-preview:large, max-video-preview:-1\" \/>\n<link rel=\"canonical\" href=\"https:\/\/dicodusport.fr\/blog\/cyclo-cross-europe-2023-lequipe-de-france-titree-en-relais-mixte\/\" \/>\n<meta property=\"og:locale\" content=\"fr_FR\" \/>\n<meta property=\"og:type\" content=\"article\" \/>\n<meta property=\"og:title\" content=\"Cyclo-cross Europe 2023 : L&#039;\u00e9quipe de France titr\u00e9e en relais-mixte\" \/>\n<meta property=\"og:description\" content=\"CHAMPIONNATS D&#039;EUROPE DE CYCLO-CROSS 2023 : L&#039;\u00e9quipe de France a d\u00e9croch\u00e9 l&#039;or \u00e0 domicile sur l&#039;\u00e9preuve in\u00e9dite du relais-mixte.\" \/>\n<meta property=\"og:url\" content=\"https:\/\/dicodusport.fr\/blog\/cyclo-cross-europe-2023-lequipe-de-france-titree-en-relais-mixte\/\" \/>\n<meta property=\"og:site_name\" content=\"Dicodusport\" \/>\n<meta property=\"article:publisher\" content=\"https:\/\/www.facebook.com\/dicodusport\" \/>\n<meta property=\"article:published_time\" content=\"2023-11-03T16:31:42+00:00\" \/>\n<meta property=\"article:modified_time\" content=\"2023-11-03T17:22:08+00:00\" \/>\n<meta property=\"og:image\" content=\"https:\/\/dicodusport.fr\/blog\/wp-content\/uploads\/2023\/11\/Cyclo-cross-Europe-2023-LEquipe-de-France-titree-en-relais-mixte.png\" \/>\n\t<meta property=\"og:image:width\" content=\"800\" \/>\n\t<meta property=\"og:image:height\" content=\"445\" \/>\n\t<meta property=\"og:image:type\" content=\"image\/png\" \/>\n<meta name=\"author\" content=\"Maxime Cazenave\" \/>\n<meta name=\"twitter:card\" content=\"summary_large_image\" \/>\n<meta name=\"twitter:title\" content=\"Cyclo-cross Europe 2023 : L&#039;\u00e9quipe de France titr\u00e9e en relais-mixte\" \/>\n<meta name=\"twitter:creator\" content=\"@https:\/\/twitter.com\/Maxime_Caze\" \/>\n<meta name=\"twitter:site\" content=\"@dicodusport\" \/>\n<script type=\"application\/ld+json\" class=\"yoast-schema-graph\">{\"@context\":\"https:\/\/schema.org\",\"@graph\":[{\"@type\":\"NewsArticle\",\"@id\":\"https:\/\/dicodusport.fr\/blog\/cyclo-cross-europe-2023-lequipe-de-france-titree-en-relais-mixte\/#article\",\"isPartOf\":{\"@id\":\"https:\/\/dicodusport.fr\/blog\/cyclo-cross-europe-2023-lequipe-de-france-titree-en-relais-mixte\/\"},\"author\":{\"name\":\"Maxime Cazenave\",\"@id\":\"https:\/\/dicodusport.fr\/blog\/#\/schema\/person\/37def232098a7a5cbab3974a3690abb0\"},\"headline\":\"Cyclo-cross Europe 2023 : L&rsquo;\u00e9quipe de France titr\u00e9e en relais-mixte\",\"datePublished\":\"2023-11-03T16:31:42+00:00\",\"dateModified\":\"2023-11-03T17:22:08+00:00\",\"mainEntityOfPage\":{\"@id\":\"https:\/\/dicodusport.fr\/blog\/cyclo-cross-europe-2023-lequipe-de-france-titree-en-relais-mixte\/\"},\"wordCount\":369,\"commentCount\":0,\"publisher\":{\"@id\":\"https:\/\/dicodusport.fr\/blog\/#organization\"},\"image\":{\"@id\":\"https:\/\/dicodusport.fr\/blog\/cyclo-cross-europe-2023-lequipe-de-france-titree-en-relais-mixte\/#primaryimage\"},\"thumbnailUrl\":\"https:\/\/dicodusport.fr\/blog\/wp-content\/uploads\/2023\/11\/Cyclo-cross-Europe-2023-LEquipe-de-France-titree-en-relais-mixte.png\",\"keywords\":[\"br\u00e8ve\",\"Championnats d'Europe de cyclo-cross\",\"Cyclo-cross\",\"Pont-Ch\u00e2teau\",\"Relais Mixte\"],\"articleSection\":[\"Cyclo-cross\"],\"inLanguage\":\"fr-FR\",\"potentialAction\":[{\"@type\":\"CommentAction\",\"name\":\"Comment\",\"target\":[\"https:\/\/dicodusport.fr\/blog\/cyclo-cross-europe-2023-lequipe-de-france-titree-en-relais-mixte\/#respond\"]}],\"copyrightYear\":\"2023\",\"copyrightHolder\":{\"@id\":\"https:\/\/dicodusport.fr\/blog\/#organization\"}},{\"@type\":\"WebPage\",\"@id\":\"https:\/\/dicodusport.fr\/blog\/cyclo-cross-europe-2023-lequipe-de-france-titree-en-relais-mixte\/\",\"url\":\"https:\/\/dicodusport.fr\/blog\/cyclo-cross-europe-2023-lequipe-de-france-titree-en-relais-mixte\/\",\"name\":\"Cyclo-cross Europe 2023 : L'\u00e9quipe de France titr\u00e9e en relais-mixte\",\"isPartOf\":{\"@id\":\"https:\/\/dicodusport.fr\/blog\/#website\"},\"primaryImageOfPage\":{\"@id\":\"https:\/\/dicodusport.fr\/blog\/cyclo-cross-europe-2023-lequipe-de-france-titree-en-relais-mixte\/#primaryimage\"},\"image\":{\"@id\":\"https:\/\/dicodusport.fr\/blog\/cyclo-cross-europe-2023-lequipe-de-france-titree-en-relais-mixte\/#primaryimage\"},\"thumbnailUrl\":\"https:\/\/dicodusport.fr\/blog\/wp-content\/uploads\/2023\/11\/Cyclo-cross-Europe-2023-LEquipe-de-France-titree-en-relais-mixte.png\",\"datePublished\":\"2023-11-03T16:31:42+00:00\",\"dateModified\":\"2023-11-03T17:22:08+00:00\",\"description\":\"CHAMPIONNATS D'EUROPE DE CYCLO-CROSS 2023 : L'\u00e9quipe de France a d\u00e9croch\u00e9 l'or \u00e0 domicile sur l'\u00e9preuve in\u00e9dite du relais-mixte.\",\"breadcrumb\":{\"@id\":\"https:\/\/dicodusport.fr\/blog\/cyclo-cross-europe-2023-lequipe-de-france-titree-en-relais-mixte\/#breadcrumb\"},\"inLanguage\":\"fr-FR\",\"potentialAction\":[{\"@type\":\"ReadAction\",\"target\":[\"https:\/\/dicodusport.fr\/blog\/cyclo-cross-europe-2023-lequipe-de-france-titree-en-relais-mixte\/\"]}]},{\"@type\":\"ImageObject\",\"inLanguage\":\"fr-FR\",\"@id\":\"https:\/\/dicodusport.fr\/blog\/cyclo-cross-europe-2023-lequipe-de-france-titree-en-relais-mixte\/#primaryimage\",\"url\":\"https:\/\/dicodusport.fr\/blog\/wp-content\/uploads\/2023\/11\/Cyclo-cross-Europe-2023-LEquipe-de-France-titree-en-relais-mixte.png\",\"contentUrl\":\"https:\/\/dicodusport.fr\/blog\/wp-content\/uploads\/2023\/11\/Cyclo-cross-Europe-2023-LEquipe-de-France-titree-en-relais-mixte.png\",\"width\":800,\"height\":445,\"caption\":\"Cyclo-cross Europe 2023 : L'\u00c9quipe de France titr\u00e9e en relais-mixte\"},{\"@type\":\"BreadcrumbList\",\"@id\":\"https:\/\/dicodusport.fr\/blog\/cyclo-cross-europe-2023-lequipe-de-france-titree-en-relais-mixte\/#breadcrumb\",\"itemListElement\":[{\"@type\":\"ListItem\",\"position\":1,\"name\":\"Accueil\",\"item\":\"https:\/\/dicodusport.fr\/blog\/\"},{\"@type\":\"ListItem\",\"position\":2,\"name\":\"Cyclo-cross Europe 2023 : L&rsquo;\u00e9quipe de France titr\u00e9e en relais-mixte\"}]},{\"@type\":\"WebSite\",\"@id\":\"https:\/\/dicodusport.fr\/blog\/#website\",\"url\":\"https:\/\/dicodusport.fr\/blog\/\",\"name\":\"Dicodusport\",\"description\":\"L&#039;encyclop\u00e9die de l&#039;actualit\u00e9 sportive\",\"publisher\":{\"@id\":\"https:\/\/dicodusport.fr\/blog\/#organization\"},\"potentialAction\":[{\"@type\":\"SearchAction\",\"target\":{\"@type\":\"EntryPoint\",\"urlTemplate\":\"https:\/\/dicodusport.fr\/blog\/?s={search_term_string}\"},\"query-input\":{\"@type\":\"PropertyValueSpecification\",\"valueRequired\":true,\"valueName\":\"search_term_string\"}}],\"inLanguage\":\"fr-FR\"},{\"@type\":\"NewsMediaOrganization\",\"@id\":\"https:\/\/dicodusport.fr\/blog\/#organization\",\"name\":\"Dicodusport\",\"url\":\"https:\/\/dicodusport.fr\/blog\/\",\"logo\":{\"@type\":\"ImageObject\",\"inLanguage\":\"fr-FR\",\"@id\":\"https:\/\/dicodusport.fr\/blog\/#\/schema\/logo\/image\/\",\"url\":\"https:\/\/dicodusport.fr\/blog\/wp-content\/uploads\/2020\/06\/cropped-LOGO-DICODUSPORT-2020-SANS-FOND-SANS-TEXTE.png\",\"contentUrl\":\"https:\/\/dicodusport.fr\/blog\/wp-content\/uploads\/2020\/06\/cropped-LOGO-DICODUSPORT-2020-SANS-FOND-SANS-TEXTE.png\",\"width\":512,\"height\":512,\"caption\":\"Dicodusport\"},\"image\":{\"@id\":\"https:\/\/dicodusport.fr\/blog\/#\/schema\/logo\/image\/\"},\"sameAs\":[\"https:\/\/www.facebook.com\/dicodusport\",\"https:\/\/x.com\/dicodusport\",\"https:\/\/www.instagram.com\/dicodusport\/\",\"https:\/\/www.youtube.com\/channel\/UC7V2KZ5sd3htJivAbA4ZG3w\"],\"description\":\"Dicodusport est l'encyclop\u00e9die de l'actualit\u00e9 sportive.\",\"email\":\"bonjour@dicodusport.fr\",\"legalName\":\"DICODUSPORT\",\"foundingDate\":\"2018-01-14\",\"vatID\":\"FR71834470973\",\"taxID\":\"83447097300043\",\"numberOfEmployees\":{\"@type\":\"QuantitativeValue\",\"minValue\":\"1\",\"maxValue\":\"10\"}},{\"@type\":\"Person\",\"@id\":\"https:\/\/dicodusport.fr\/blog\/#\/schema\/person\/37def232098a7a5cbab3974a3690abb0\",\"name\":\"Maxime Cazenave\",\"image\":{\"@type\":\"ImageObject\",\"inLanguage\":\"fr-FR\",\"@id\":\"https:\/\/dicodusport.fr\/blog\/#\/schema\/person\/image\/\",\"url\":\"https:\/\/dicodusport.fr\/blog\/wp-content\/uploads\/2021\/05\/Maxime-Cazenave-150x150.jpg\",\"contentUrl\":\"https:\/\/dicodusport.fr\/blog\/wp-content\/uploads\/2021\/05\/Maxime-Cazenave-150x150.jpg\",\"caption\":\"Maxime Cazenave\"},\"description\":\"Journaliste\/R\u00e9dacteur depuis 2012 - Berc\u00e9 par l\u2019amour des Girondins de Bordeaux, les \u00e9checs de Christophe Moreau sur le Tour de France sous l'\u00e8re Lance Armstrong et le fade-away l\u00e9tal de Dirk Nowitzki, ma passion d\u00e9vorante pour le sport a toujours \u00e9t\u00e9 un pan incontournable de ma vie. Transmettre ma passion \u00e0 l\u2019\u00e9crit a \u00e9t\u00e9 une transition naturelle. Suiveur assidu de basket et de hockey sur glace, je garde toujours un peu de place pour suivre le cyclisme, le football et le maximum de performances fran\u00e7aises.\",\"sameAs\":[\"https:\/\/x.com\/https:\/\/twitter.com\/Maxime_Caze\"],\"url\":\"https:\/\/dicodusport.fr\/blog\/author\/maximec\/\"}]}<\/script>\n<!-- \/ Yoast SEO Premium plugin. -->","yoast_head_json":{"title":"Cyclo-cross Europe 2023 : L'\u00e9quipe de France titr\u00e9e en relais-mixte","description":"CHAMPIONNATS D'EUROPE DE CYCLO-CROSS 2023 : L'\u00e9quipe de France a d\u00e9croch\u00e9 l'or \u00e0 domicile sur l'\u00e9preuve in\u00e9dite du relais-mixte.","robots":{"index":"index","follow":"follow","max-snippet":"max-snippet:-1","max-image-preview":"max-image-preview:large","max-video-preview":"max-video-preview:-1"},"canonical":"https:\/\/dicodusport.fr\/blog\/cyclo-cross-europe-2023-lequipe-de-france-titree-en-relais-mixte\/","og_locale":"fr_FR","og_type":"article","og_title":"Cyclo-cross Europe 2023 : L'\u00e9quipe de France titr\u00e9e en relais-mixte","og_description":"CHAMPIONNATS D'EUROPE DE CYCLO-CROSS 2023 : L'\u00e9quipe de France a d\u00e9croch\u00e9 l'or \u00e0 domicile sur l'\u00e9preuve in\u00e9dite du relais-mixte.","og_url":"https:\/\/dicodusport.fr\/blog\/cyclo-cross-europe-2023-lequipe-de-france-titree-en-relais-mixte\/","og_site_name":"Dicodusport","article_publisher":"https:\/\/www.facebook.com\/dicodusport","article_published_time":"2023-11-03T16:31:42+00:00","article_modified_time":"2023-11-03T17:22:08+00:00","og_image":[{"width":800,"height":445,"url":"https:\/\/dicodusport.fr\/blog\/wp-content\/uploads\/2023\/11\/Cyclo-cross-Europe-2023-LEquipe-de-France-titree-en-relais-mixte.png","type":"image\/png"}],"author":"Maxime Cazenave","twitter_card":"summary_large_image","twitter_title":"Cyclo-cross Europe 2023 : L'\u00e9quipe de France titr\u00e9e en relais-mixte","twitter_creator":"@https:\/\/twitter.com\/Maxime_Caze","twitter_site":"@dicodusport","schema":{"@context":"https:\/\/schema.org","@graph":[{"@type":"NewsArticle","@id":"https:\/\/dicodusport.fr\/blog\/cyclo-cross-europe-2023-lequipe-de-france-titree-en-relais-mixte\/#article","isPartOf":{"@id":"https:\/\/dicodusport.fr\/blog\/cyclo-cross-europe-2023-lequipe-de-france-titree-en-relais-mixte\/"},"author":{"name":"Maxime Cazenave","@id":"https:\/\/dicodusport.fr\/blog\/#\/schema\/person\/37def232098a7a5cbab3974a3690abb0"},"headline":"Cyclo-cross Europe 2023 : L&rsquo;\u00e9quipe de France titr\u00e9e en relais-mixte","datePublished":"2023-11-03T16:31:42+00:00","dateModified":"2023-11-03T17:22:08+00:00","mainEntityOfPage":{"@id":"https:\/\/dicodusport.fr\/blog\/cyclo-cross-europe-2023-lequipe-de-france-titree-en-relais-mixte\/"},"wordCount":369,"commentCount":0,"publisher":{"@id":"https:\/\/dicodusport.fr\/blog\/#organization"},"image":{"@id":"https:\/\/dicodusport.fr\/blog\/cyclo-cross-europe-2023-lequipe-de-france-titree-en-relais-mixte\/#primaryimage"},"thumbnailUrl":"https:\/\/dicodusport.fr\/blog\/wp-content\/uploads\/2023\/11\/Cyclo-cross-Europe-2023-LEquipe-de-France-titree-en-relais-mixte.png","keywords":["br\u00e8ve","Championnats d'Europe de cyclo-cross","Cyclo-cross","Pont-Ch\u00e2teau","Relais Mixte"],"articleSection":["Cyclo-cross"],"inLanguage":"fr-FR","potentialAction":[{"@type":"CommentAction","name":"Comment","target":["https:\/\/dicodusport.fr\/blog\/cyclo-cross-europe-2023-lequipe-de-france-titree-en-relais-mixte\/#respond"]}],"copyrightYear":"2023","copyrightHolder":{"@id":"https:\/\/dicodusport.fr\/blog\/#organization"}},{"@type":"WebPage","@id":"https:\/\/dicodusport.fr\/blog\/cyclo-cross-europe-2023-lequipe-de-france-titree-en-relais-mixte\/","url":"https:\/\/dicodusport.fr\/blog\/cyclo-cross-europe-2023-lequipe-de-france-titree-en-relais-mixte\/","name":"Cyclo-cross Europe 2023 : L'\u00e9quipe de France titr\u00e9e en relais-mixte","isPartOf":{"@id":"https:\/\/dicodusport.fr\/blog\/#website"},"primaryImageOfPage":{"@id":"https:\/\/dicodusport.fr\/blog\/cyclo-cross-europe-2023-lequipe-de-france-titree-en-relais-mixte\/#primaryimage"},"image":{"@id":"https:\/\/dicodusport.fr\/blog\/cyclo-cross-europe-2023-lequipe-de-france-titree-en-relais-mixte\/#primaryimage"},"thumbnailUrl":"https:\/\/dicodusport.fr\/blog\/wp-content\/uploads\/2023\/11\/Cyclo-cross-Europe-2023-LEquipe-de-France-titree-en-relais-mixte.png","datePublished":"2023-11-03T16:31:42+00:00","dateModified":"2023-11-03T17:22:08+00:00","description":"CHAMPIONNATS D'EUROPE DE CYCLO-CROSS 2023 : L'\u00e9quipe de France a d\u00e9croch\u00e9 l'or \u00e0 domicile sur l'\u00e9preuve in\u00e9dite du relais-mixte.","breadcrumb":{"@id":"https:\/\/dicodusport.fr\/blog\/cyclo-cross-europe-2023-lequipe-de-france-titree-en-relais-mixte\/#breadcrumb"},"inLanguage":"fr-FR","potentialAction":[{"@type":"ReadAction","target":["https:\/\/dicodusport.fr\/blog\/cyclo-cross-europe-2023-lequipe-de-france-titree-en-relais-mixte\/"]}]},{"@type":"ImageObject","inLanguage":"fr-FR","@id":"https:\/\/dicodusport.fr\/blog\/cyclo-cross-europe-2023-lequipe-de-france-titree-en-relais-mixte\/#primaryimage","url":"https:\/\/dicodusport.fr\/blog\/wp-content\/uploads\/2023\/11\/Cyclo-cross-Europe-2023-LEquipe-de-France-titree-en-relais-mixte.png","contentUrl":"https:\/\/dicodusport.fr\/blog\/wp-content\/uploads\/2023\/11\/Cyclo-cross-Europe-2023-LEquipe-de-France-titree-en-relais-mixte.png","width":800,"height":445,"caption":"Cyclo-cross Europe 2023 : L'\u00c9quipe de France titr\u00e9e en relais-mixte"},{"@type":"BreadcrumbList","@id":"https:\/\/dicodusport.fr\/blog\/cyclo-cross-europe-2023-lequipe-de-france-titree-en-relais-mixte\/#breadcrumb","itemListElement":[{"@type":"ListItem","position":1,"name":"Accueil","item":"https:\/\/dicodusport.fr\/blog\/"},{"@type":"ListItem","position":2,"name":"Cyclo-cross Europe 2023 : L&rsquo;\u00e9quipe de France titr\u00e9e en relais-mixte"}]},{"@type":"WebSite","@id":"https:\/\/dicodusport.fr\/blog\/#website","url":"https:\/\/dicodusport.fr\/blog\/","name":"Dicodusport","description":"L&#039;encyclop\u00e9die de l&#039;actualit\u00e9 sportive","publisher":{"@id":"https:\/\/dicodusport.fr\/blog\/#organization"},"potentialAction":[{"@type":"SearchAction","target":{"@type":"EntryPoint","urlTemplate":"https:\/\/dicodusport.fr\/blog\/?s={search_term_string}"},"query-input":{"@type":"PropertyValueSpecification","valueRequired":true,"valueName":"search_term_string"}}],"inLanguage":"fr-FR"},{"@type":"NewsMediaOrganization","@id":"https:\/\/dicodusport.fr\/blog\/#organization","name":"Dicodusport","url":"https:\/\/dicodusport.fr\/blog\/","logo":{"@type":"ImageObject","inLanguage":"fr-FR","@id":"https:\/\/dicodusport.fr\/blog\/#\/schema\/logo\/image\/","url":"https:\/\/dicodusport.fr\/blog\/wp-content\/uploads\/2020\/06\/cropped-LOGO-DICODUSPORT-2020-SANS-FOND-SANS-TEXTE.png","contentUrl":"https:\/\/dicodusport.fr\/blog\/wp-content\/uploads\/2020\/06\/cropped-LOGO-DICODUSPORT-2020-SANS-FOND-SANS-TEXTE.png","width":512,"height":512,"caption":"Dicodusport"},"image":{"@id":"https:\/\/dicodusport.fr\/blog\/#\/schema\/logo\/image\/"},"sameAs":["https:\/\/www.facebook.com\/dicodusport","https:\/\/x.com\/dicodusport","https:\/\/www.instagram.com\/dicodusport\/","https:\/\/www.youtube.com\/channel\/UC7V2KZ5sd3htJivAbA4ZG3w"],"description":"Dicodusport est l'encyclop\u00e9die de l'actualit\u00e9 sportive.","email":"bonjour@dicodusport.fr","legalName":"DICODUSPORT","foundingDate":"2018-01-14","vatID":"FR71834470973","taxID":"83447097300043","numberOfEmployees":{"@type":"QuantitativeValue","minValue":"1","maxValue":"10"}},{"@type":"Person","@id":"https:\/\/dicodusport.fr\/blog\/#\/schema\/person\/37def232098a7a5cbab3974a3690abb0","name":"Maxime Cazenave","image":{"@type":"ImageObject","inLanguage":"fr-FR","@id":"https:\/\/dicodusport.fr\/blog\/#\/schema\/person\/image\/","url":"https:\/\/dicodusport.fr\/blog\/wp-content\/uploads\/2021\/05\/Maxime-Cazenave-150x150.jpg","contentUrl":"https:\/\/dicodusport.fr\/blog\/wp-content\/uploads\/2021\/05\/Maxime-Cazenave-150x150.jpg","caption":"Maxime Cazenave"},"description":"Journaliste\/R\u00e9dacteur depuis 2012 - Berc\u00e9 par l\u2019amour des Girondins de Bordeaux, les \u00e9checs de Christophe Moreau sur le Tour de France sous l'\u00e8re Lance Armstrong et le fade-away l\u00e9tal de Dirk Nowitzki, ma passion d\u00e9vorante pour le sport a toujours \u00e9t\u00e9 un pan incontournable de ma vie. Transmettre ma passion \u00e0 l\u2019\u00e9crit a \u00e9t\u00e9 une transition naturelle. Suiveur assidu de basket et de hockey sur glace, je garde toujours un peu de place pour suivre le cyclisme, le football et le maximum de performances fran\u00e7aises.","sameAs":["https:\/\/x.com\/https:\/\/twitter.com\/Maxime_Caze"],"url":"https:\/\/dicodusport.fr\/blog\/author\/maximec\/"}]}},"_links":{"self":[{"href":"https:\/\/dicodusport.fr\/blog\/wp-json\/wp\/v2\/posts\/434550","targetHints":{"allow":["GET"]}}],"collection":[{"href":"https:\/\/dicodusport.fr\/blog\/wp-json\/wp\/v2\/posts"}],"about":[{"href":"https:\/\/dicodusport.fr\/blog\/wp-json\/wp\/v2\/types\/post"}],"author":[{"embeddable":true,"href":"https:\/\/dicodusport.fr\/blog\/wp-json\/wp\/v2\/users\/55"}],"replies":[{"embeddable":true,"href":"https:\/\/dicodusport.fr\/blog\/wp-json\/wp\/v2\/comments?post=434550"}],"version-history":[{"count":0,"href":"https:\/\/dicodusport.fr\/blog\/wp-json\/wp\/v2\/posts\/434550\/revisions"}],"wp:featuredmedia":[{"embeddable":true,"href":"https:\/\/dicodusport.fr\/blog\/wp-json\/wp\/v2\/media\/434559"}],"wp:attachment":[{"href":"https:\/\/dicodusport.fr\/blog\/wp-json\/wp\/v2\/media?parent=434550"}],"wp:term":[{"taxonomy":"category","embeddable":true,"href":"https:\/\/dicodusport.fr\/blog\/wp-json\/wp\/v2\/categories?post=434550"},{"taxonomy":"post_tag","embeddable":true,"href":"https:\/\/dicodusport.fr\/blog\/wp-json\/wp\/v2\/tags?post=434550"}],"curies":[{"name":"wp","href":"https:\/\/api.w.org\/{rel}","templated":true}]}}