{"id":434558,"date":"2023-11-03T18:03:26","date_gmt":"2023-11-03T17:03:26","guid":{"rendered":"https:\/\/dicodusport.fr\/blog\/?p=434558&#038;preview=true&#038;preview_id=434558"},"modified":"2023-11-04T13:27:52","modified_gmt":"2023-11-04T12:27:52","slug":"judo-championnats-deurope-amandine-buchard-en-or-52-kg","status":"publish","type":"post","link":"https:\/\/dicodusport.fr\/blog\/judo-championnats-deurope-amandine-buchard-en-or-52-kg\/","title":{"rendered":"Judo Championnats d&rsquo;Europe : Amandine Buchard en or (-52 kg)"},"content":{"rendered":"<p style=\"text-align: justify;\"><strong><em>CHAMPIONNATS D&rsquo;EUROPE DE JUDO 2023 &#8211; Et \u00e7a continue ! Apr\u00e8s l&rsquo;or de Boukli et Mkheidze, le troisi\u00e8me titre est pour Amandine Buchard.\u00a0<\/em><\/strong><\/p>\n<ul>\n<li style=\"text-align: justify;\"><strong>\u00c0 lire aussi &#8211; <a href=\"https:\/\/dicodusport.fr\/blog\/programme-et-resultats-championnats-deurope-de-judo-2023\/\">Programme et r\u00e9sultats Championnats d\u2019Europe de judo 2023<\/a><\/strong><\/li>\n<\/ul>\n<h2>Une journ\u00e9e sans encombres<\/h2>\n<p style=\"text-align: justify;\"><strong>Amandine Buchard<\/strong> a parfaitement lanc\u00e9 sa qu\u00eate d\u2019or, en remportant ses deux premiers combats par waza-ari. En quarts, elle a d\u00fb s\u2019employer face \u00e0 la Britannique <strong>Giles<\/strong>, championne d\u2019Europe en titre. Au golden score, et deux p\u00e9nalit\u00e9s chacune, les judokates se sont livr\u00e9es une rude bataille. Et \u00e0 ce jeu, la Tricolore a \u00e9t\u00e9 la plus forte, et a fait tomber son adversaire la premi\u00e8re.<\/p>\n<ul>\n<li style=\"text-align: justify;\"><strong>\u00c0 lire aussi \u2013\u00a0<a href=\"https:\/\/dicodusport.fr\/blog\/tableau-des-medailles-championnats-deurope-judo-2023\/\">Le tableau des m\u00e9dailles des championnats d\u2019Europe<\/a><\/strong><\/li>\n<\/ul>\n<p style=\"text-align: justify;\">Elle s\u2019avan\u00e7ait alors dans un dernier match difficile face \u00e0 la puissante Kosovare <strong>Krasniqi<\/strong>, championne olympique et d\u2019Europe en 2021 (en -48 kg).<\/p>\n<p style=\"text-align: justify;\">Men\u00e9e 2 Shido \u00e0 0 et en difficult\u00e9 sur le kumi kata, la Fran\u00e7aise a su trouver les ressources n\u00e9cessaires pour aller immobiliser au sol son adversaire et remporter son second titre europ\u00e9en. Elle vient offrir une 3\u00e8me couronne europ\u00e9enne au clan tricolore sur cette premi\u00e8re journ\u00e9e des Championnats d\u2019Europe.<\/p>\n<blockquote class=\"twitter-tweet\">\n<p dir=\"ltr\" lang=\"fr\">\ud835\udc00\ud835\udc0c\ud835\udc00\ud835\udc0d\ud835\udc03\ud835\udc08\ud835\udc0d\ud835\udc04 \ud835\udc01\ud835\udc14\ud835\udc02\ud835\udc07&rsquo;\ud835\udc0e\ud835\udc11 \ud83c\udf1f<\/p>\n<p>Apr\u00e8s avoir \u00e9t\u00e9 vice-championne d&rsquo;Europe en 2014, Amandine Buchard (-52kg) s&rsquo;adjuge 9\ufe0f\u20e3 ans apr\u00e8s le titre de championne d&rsquo;Europe \u00e0 Montpellier ! \ud83c\udfc6\ud83e\udd79<\/p>\n<p>Au top Bubuche ! \ud83d\udc4f<a href=\"https:\/\/twitter.com\/hashtag\/EuropeMontpellier2023?src=hash&amp;ref_src=twsrc%5Etfw\">#EuropeMontpellier2023<\/a> <a href=\"https:\/\/twitter.com\/hashtag\/FierdEtreJudoka?src=hash&amp;ref_src=twsrc%5Etfw\">#FierdEtreJudoka<\/a> <a href=\"https:\/\/t.co\/NPAK6dQAix\">pic.twitter.com\/NPAK6dQAix<\/a><\/p>\n<p>\u2014 France Judo (@francejudo) <a href=\"https:\/\/twitter.com\/francejudo\/status\/1720484655915294953?ref_src=twsrc%5Etfw\">November 3, 2023<\/a><\/p><\/blockquote>\n<p><script async src=\"https:\/\/platform.twitter.com\/widgets.js\" charset=\"utf-8\"><\/script><\/p>\n","protected":false},"excerpt":{"rendered":"<p>CHAMPIONNATS D&rsquo;EUROPE DE JUDO 2023 &#8211; Et \u00e7a continue ! Apr\u00e8s l&rsquo;or de Boukli et Mkheidze, le troisi\u00e8me titre est pour Amandine Buchard.\u00a0\u00a0<\/p>\n","protected":false},"author":89,"featured_media":434729,"comment_status":"open","ping_status":"closed","sticky":false,"template":"","format":"standard","meta":{"_acf_changed":false,"_daextam_enable_autolinks":"1","footnotes":""},"categories":[8651],"tags":[6032,16878,4799,68,24],"class_list":["post-434558","post","type-post","status-publish","format-standard","has-post-thumbnail","hentry","category-judo","tag-amandine-buchard","tag-breve","tag-championnats-deurope","tag-judo","tag-sport"],"acf":[],"yoast_head":"<!-- This site is optimized with the Yoast SEO Premium plugin v26.7 (Yoast SEO v26.7) - https:\/\/yoast.com\/wordpress\/plugins\/seo\/ -->\n<title>Judo Championnats d&#039;Europe : Amandine Buchard en or (-52 kg)<\/title>\n<meta name=\"description\" content=\"Championnats d&#039;Europe de judo 2023 - Et \u00e7a continue ! Apr\u00e8s l&#039;or de Boukli et Mkheidze, le troisi\u00e8me titre est pour Amandine Buchard.\u00a0\" \/>\n<meta name=\"robots\" content=\"index, follow, max-snippet:-1, max-image-preview:large, max-video-preview:-1\" \/>\n<link rel=\"canonical\" href=\"https:\/\/dicodusport.fr\/blog\/judo-championnats-deurope-amandine-buchard-en-or-52-kg\/\" \/>\n<meta property=\"og:locale\" content=\"fr_FR\" \/>\n<meta property=\"og:type\" content=\"article\" \/>\n<meta property=\"og:title\" content=\"Judo Championnats d&#039;Europe : Amandine Buchard en or (-52 kg)\" \/>\n<meta property=\"og:description\" content=\"Championnats d&#039;Europe de judo 2023 - Et \u00e7a continue ! Apr\u00e8s l&#039;or de Boukli et Mkheidze, le troisi\u00e8me titre est pour Amandine Buchard.\u00a0\" \/>\n<meta property=\"og:url\" content=\"https:\/\/dicodusport.fr\/blog\/judo-championnats-deurope-amandine-buchard-en-or-52-kg\/\" \/>\n<meta property=\"og:site_name\" content=\"Dicodusport\" \/>\n<meta property=\"article:publisher\" content=\"https:\/\/www.facebook.com\/dicodusport\" \/>\n<meta property=\"article:published_time\" content=\"2023-11-03T17:03:26+00:00\" \/>\n<meta property=\"article:modified_time\" content=\"2023-11-04T12:27:52+00:00\" \/>\n<meta property=\"og:image\" content=\"https:\/\/dicodusport.fr\/blog\/wp-content\/uploads\/2023\/11\/Judo-Championnats-dEurope-Amandine-Buchard-en-or-52-kg-1.png\" \/>\n\t<meta property=\"og:image:width\" content=\"800\" \/>\n\t<meta property=\"og:image:height\" content=\"445\" \/>\n\t<meta property=\"og:image:type\" content=\"image\/png\" \/>\n<meta name=\"author\" content=\"Louka Lesueur\" \/>\n<meta name=\"twitter:card\" content=\"summary_large_image\" \/>\n<meta name=\"twitter:title\" content=\"Judo Championnats d&#039;Europe : Amandine Buchard en or (-52 kg)\" \/>\n<meta name=\"twitter:creator\" content=\"@https:\/\/twitter.com\/LNewsSF\" \/>\n<meta name=\"twitter:site\" content=\"@dicodusport\" \/>\n<script type=\"application\/ld+json\" class=\"yoast-schema-graph\">{\"@context\":\"https:\/\/schema.org\",\"@graph\":[{\"@type\":\"NewsArticle\",\"@id\":\"https:\/\/dicodusport.fr\/blog\/judo-championnats-deurope-amandine-buchard-en-or-52-kg\/#article\",\"isPartOf\":{\"@id\":\"https:\/\/dicodusport.fr\/blog\/judo-championnats-deurope-amandine-buchard-en-or-52-kg\/\"},\"author\":{\"name\":\"Louka Lesueur\",\"@id\":\"https:\/\/dicodusport.fr\/blog\/#\/schema\/person\/54b6cdccebdfcd5a1036c594aecffc2a\"},\"headline\":\"Judo Championnats d&rsquo;Europe : Amandine Buchard en or (-52 kg)\",\"datePublished\":\"2023-11-03T17:03:26+00:00\",\"dateModified\":\"2023-11-04T12:27:52+00:00\",\"mainEntityOfPage\":{\"@id\":\"https:\/\/dicodusport.fr\/blog\/judo-championnats-deurope-amandine-buchard-en-or-52-kg\/\"},\"wordCount\":251,\"commentCount\":0,\"publisher\":{\"@id\":\"https:\/\/dicodusport.fr\/blog\/#organization\"},\"image\":{\"@id\":\"https:\/\/dicodusport.fr\/blog\/judo-championnats-deurope-amandine-buchard-en-or-52-kg\/#primaryimage\"},\"thumbnailUrl\":\"https:\/\/dicodusport.fr\/blog\/wp-content\/uploads\/2023\/11\/Judo-Championnats-dEurope-Amandine-Buchard-en-or-52-kg-1.png\",\"keywords\":[\"Amandine Buchard\",\"br\u00e8ve\",\"Championnats d'Europe\",\"Judo\",\"sport\"],\"articleSection\":[\"Judo\"],\"inLanguage\":\"fr-FR\",\"potentialAction\":[{\"@type\":\"CommentAction\",\"name\":\"Comment\",\"target\":[\"https:\/\/dicodusport.fr\/blog\/judo-championnats-deurope-amandine-buchard-en-or-52-kg\/#respond\"]}],\"copyrightYear\":\"2023\",\"copyrightHolder\":{\"@id\":\"https:\/\/dicodusport.fr\/blog\/#organization\"}},{\"@type\":\"WebPage\",\"@id\":\"https:\/\/dicodusport.fr\/blog\/judo-championnats-deurope-amandine-buchard-en-or-52-kg\/\",\"url\":\"https:\/\/dicodusport.fr\/blog\/judo-championnats-deurope-amandine-buchard-en-or-52-kg\/\",\"name\":\"Judo Championnats d'Europe : Amandine Buchard en or (-52 kg)\",\"isPartOf\":{\"@id\":\"https:\/\/dicodusport.fr\/blog\/#website\"},\"primaryImageOfPage\":{\"@id\":\"https:\/\/dicodusport.fr\/blog\/judo-championnats-deurope-amandine-buchard-en-or-52-kg\/#primaryimage\"},\"image\":{\"@id\":\"https:\/\/dicodusport.fr\/blog\/judo-championnats-deurope-amandine-buchard-en-or-52-kg\/#primaryimage\"},\"thumbnailUrl\":\"https:\/\/dicodusport.fr\/blog\/wp-content\/uploads\/2023\/11\/Judo-Championnats-dEurope-Amandine-Buchard-en-or-52-kg-1.png\",\"datePublished\":\"2023-11-03T17:03:26+00:00\",\"dateModified\":\"2023-11-04T12:27:52+00:00\",\"description\":\"Championnats d'Europe de judo 2023 - Et \u00e7a continue ! Apr\u00e8s l'or de Boukli et Mkheidze, le troisi\u00e8me titre est pour Amandine Buchard.\u00a0\",\"breadcrumb\":{\"@id\":\"https:\/\/dicodusport.fr\/blog\/judo-championnats-deurope-amandine-buchard-en-or-52-kg\/#breadcrumb\"},\"inLanguage\":\"fr-FR\",\"potentialAction\":[{\"@type\":\"ReadAction\",\"target\":[\"https:\/\/dicodusport.fr\/blog\/judo-championnats-deurope-amandine-buchard-en-or-52-kg\/\"]}]},{\"@type\":\"ImageObject\",\"inLanguage\":\"fr-FR\",\"@id\":\"https:\/\/dicodusport.fr\/blog\/judo-championnats-deurope-amandine-buchard-en-or-52-kg\/#primaryimage\",\"url\":\"https:\/\/dicodusport.fr\/blog\/wp-content\/uploads\/2023\/11\/Judo-Championnats-dEurope-Amandine-Buchard-en-or-52-kg-1.png\",\"contentUrl\":\"https:\/\/dicodusport.fr\/blog\/wp-content\/uploads\/2023\/11\/Judo-Championnats-dEurope-Amandine-Buchard-en-or-52-kg-1.png\",\"width\":800,\"height\":445,\"caption\":\"Judo Championnats d'Europe Amandine Buchard en or (-52 kg)\"},{\"@type\":\"BreadcrumbList\",\"@id\":\"https:\/\/dicodusport.fr\/blog\/judo-championnats-deurope-amandine-buchard-en-or-52-kg\/#breadcrumb\",\"itemListElement\":[{\"@type\":\"ListItem\",\"position\":1,\"name\":\"Accueil\",\"item\":\"https:\/\/dicodusport.fr\/blog\/\"},{\"@type\":\"ListItem\",\"position\":2,\"name\":\"Judo Championnats d&rsquo;Europe : Amandine Buchard en or (-52 kg)\"}]},{\"@type\":\"WebSite\",\"@id\":\"https:\/\/dicodusport.fr\/blog\/#website\",\"url\":\"https:\/\/dicodusport.fr\/blog\/\",\"name\":\"Dicodusport\",\"description\":\"L&#039;encyclop\u00e9die de l&#039;actualit\u00e9 sportive\",\"publisher\":{\"@id\":\"https:\/\/dicodusport.fr\/blog\/#organization\"},\"potentialAction\":[{\"@type\":\"SearchAction\",\"target\":{\"@type\":\"EntryPoint\",\"urlTemplate\":\"https:\/\/dicodusport.fr\/blog\/?s={search_term_string}\"},\"query-input\":{\"@type\":\"PropertyValueSpecification\",\"valueRequired\":true,\"valueName\":\"search_term_string\"}}],\"inLanguage\":\"fr-FR\"},{\"@type\":\"NewsMediaOrganization\",\"@id\":\"https:\/\/dicodusport.fr\/blog\/#organization\",\"name\":\"Dicodusport\",\"url\":\"https:\/\/dicodusport.fr\/blog\/\",\"logo\":{\"@type\":\"ImageObject\",\"inLanguage\":\"fr-FR\",\"@id\":\"https:\/\/dicodusport.fr\/blog\/#\/schema\/logo\/image\/\",\"url\":\"https:\/\/dicodusport.fr\/blog\/wp-content\/uploads\/2020\/06\/cropped-LOGO-DICODUSPORT-2020-SANS-FOND-SANS-TEXTE.png\",\"contentUrl\":\"https:\/\/dicodusport.fr\/blog\/wp-content\/uploads\/2020\/06\/cropped-LOGO-DICODUSPORT-2020-SANS-FOND-SANS-TEXTE.png\",\"width\":512,\"height\":512,\"caption\":\"Dicodusport\"},\"image\":{\"@id\":\"https:\/\/dicodusport.fr\/blog\/#\/schema\/logo\/image\/\"},\"sameAs\":[\"https:\/\/www.facebook.com\/dicodusport\",\"https:\/\/x.com\/dicodusport\",\"https:\/\/www.instagram.com\/dicodusport\/\",\"https:\/\/www.youtube.com\/channel\/UC7V2KZ5sd3htJivAbA4ZG3w\"],\"description\":\"Dicodusport est l'encyclop\u00e9die de l'actualit\u00e9 sportive.\",\"email\":\"bonjour@dicodusport.fr\",\"legalName\":\"DICODUSPORT\",\"foundingDate\":\"2018-01-14\",\"vatID\":\"FR71834470973\",\"taxID\":\"83447097300043\",\"numberOfEmployees\":{\"@type\":\"QuantitativeValue\",\"minValue\":\"1\",\"maxValue\":\"10\"}},{\"@type\":\"Person\",\"@id\":\"https:\/\/dicodusport.fr\/blog\/#\/schema\/person\/54b6cdccebdfcd5a1036c594aecffc2a\",\"name\":\"Louka Lesueur\",\"image\":{\"@type\":\"ImageObject\",\"inLanguage\":\"fr-FR\",\"@id\":\"https:\/\/dicodusport.fr\/blog\/#\/schema\/person\/image\/\",\"url\":\"https:\/\/dicodusport.fr\/blog\/wp-content\/uploads\/2023\/09\/IMG_2783-150x150.jpeg\",\"contentUrl\":\"https:\/\/dicodusport.fr\/blog\/wp-content\/uploads\/2023\/09\/IMG_2783-150x150.jpeg\",\"caption\":\"Louka Lesueur\"},\"description\":\"Passionn\u00e9 depuis tout petit par les exploits de Bolt, Fourcade, Riner, Lavillenie, Wilkinson, Hirscher. Les \u00e9motions provoqu\u00e9es par le sport ont berc\u00e9 mon enfance et continuent de le faire aujourd'hui. C'est ainsi qu'il m'est arriv\u00e9 de pleurer devant la d\u00e9faite des Bleus face aux Blacks en 2011, ou encore devant le titre olympique de Florent Manaudou \u00e0 Londres. Bien loin de ce milieu professionnel, j'ai os\u00e9 tenter ma chance pour rejoindre l'\u00e9quipe de r\u00e9daction de Dicodusport, et depuis septembre 2023, je tente de retransmettre au mieux les exploits des athl\u00e8tes, tous sports confondus. Grand chauvin, c'est bel et bien sur les sportifs tricolores que je pr\u00e9f\u00e8re \u00e9crire.\",\"sameAs\":[\"https:\/\/x.com\/https:\/\/twitter.com\/LNewsSF\"],\"gender\":\"Homme\",\"worksFor\":\"Louka LESUEUR\",\"url\":\"https:\/\/dicodusport.fr\/blog\/author\/louka-lesueur\/\"}]}<\/script>\n<!-- \/ Yoast SEO Premium plugin. -->","yoast_head_json":{"title":"Judo Championnats d'Europe : Amandine Buchard en or (-52 kg)","description":"Championnats d'Europe de judo 2023 - Et \u00e7a continue ! Apr\u00e8s l'or de Boukli et Mkheidze, le troisi\u00e8me titre est pour Amandine Buchard.\u00a0","robots":{"index":"index","follow":"follow","max-snippet":"max-snippet:-1","max-image-preview":"max-image-preview:large","max-video-preview":"max-video-preview:-1"},"canonical":"https:\/\/dicodusport.fr\/blog\/judo-championnats-deurope-amandine-buchard-en-or-52-kg\/","og_locale":"fr_FR","og_type":"article","og_title":"Judo Championnats d'Europe : Amandine Buchard en or (-52 kg)","og_description":"Championnats d'Europe de judo 2023 - Et \u00e7a continue ! Apr\u00e8s l'or de Boukli et Mkheidze, le troisi\u00e8me titre est pour Amandine Buchard.\u00a0","og_url":"https:\/\/dicodusport.fr\/blog\/judo-championnats-deurope-amandine-buchard-en-or-52-kg\/","og_site_name":"Dicodusport","article_publisher":"https:\/\/www.facebook.com\/dicodusport","article_published_time":"2023-11-03T17:03:26+00:00","article_modified_time":"2023-11-04T12:27:52+00:00","og_image":[{"width":800,"height":445,"url":"https:\/\/dicodusport.fr\/blog\/wp-content\/uploads\/2023\/11\/Judo-Championnats-dEurope-Amandine-Buchard-en-or-52-kg-1.png","type":"image\/png"}],"author":"Louka Lesueur","twitter_card":"summary_large_image","twitter_title":"Judo Championnats d'Europe : Amandine Buchard en or (-52 kg)","twitter_creator":"@https:\/\/twitter.com\/LNewsSF","twitter_site":"@dicodusport","schema":{"@context":"https:\/\/schema.org","@graph":[{"@type":"NewsArticle","@id":"https:\/\/dicodusport.fr\/blog\/judo-championnats-deurope-amandine-buchard-en-or-52-kg\/#article","isPartOf":{"@id":"https:\/\/dicodusport.fr\/blog\/judo-championnats-deurope-amandine-buchard-en-or-52-kg\/"},"author":{"name":"Louka Lesueur","@id":"https:\/\/dicodusport.fr\/blog\/#\/schema\/person\/54b6cdccebdfcd5a1036c594aecffc2a"},"headline":"Judo Championnats d&rsquo;Europe : Amandine Buchard en or (-52 kg)","datePublished":"2023-11-03T17:03:26+00:00","dateModified":"2023-11-04T12:27:52+00:00","mainEntityOfPage":{"@id":"https:\/\/dicodusport.fr\/blog\/judo-championnats-deurope-amandine-buchard-en-or-52-kg\/"},"wordCount":251,"commentCount":0,"publisher":{"@id":"https:\/\/dicodusport.fr\/blog\/#organization"},"image":{"@id":"https:\/\/dicodusport.fr\/blog\/judo-championnats-deurope-amandine-buchard-en-or-52-kg\/#primaryimage"},"thumbnailUrl":"https:\/\/dicodusport.fr\/blog\/wp-content\/uploads\/2023\/11\/Judo-Championnats-dEurope-Amandine-Buchard-en-or-52-kg-1.png","keywords":["Amandine Buchard","br\u00e8ve","Championnats d'Europe","Judo","sport"],"articleSection":["Judo"],"inLanguage":"fr-FR","potentialAction":[{"@type":"CommentAction","name":"Comment","target":["https:\/\/dicodusport.fr\/blog\/judo-championnats-deurope-amandine-buchard-en-or-52-kg\/#respond"]}],"copyrightYear":"2023","copyrightHolder":{"@id":"https:\/\/dicodusport.fr\/blog\/#organization"}},{"@type":"WebPage","@id":"https:\/\/dicodusport.fr\/blog\/judo-championnats-deurope-amandine-buchard-en-or-52-kg\/","url":"https:\/\/dicodusport.fr\/blog\/judo-championnats-deurope-amandine-buchard-en-or-52-kg\/","name":"Judo Championnats d'Europe : Amandine Buchard en or (-52 kg)","isPartOf":{"@id":"https:\/\/dicodusport.fr\/blog\/#website"},"primaryImageOfPage":{"@id":"https:\/\/dicodusport.fr\/blog\/judo-championnats-deurope-amandine-buchard-en-or-52-kg\/#primaryimage"},"image":{"@id":"https:\/\/dicodusport.fr\/blog\/judo-championnats-deurope-amandine-buchard-en-or-52-kg\/#primaryimage"},"thumbnailUrl":"https:\/\/dicodusport.fr\/blog\/wp-content\/uploads\/2023\/11\/Judo-Championnats-dEurope-Amandine-Buchard-en-or-52-kg-1.png","datePublished":"2023-11-03T17:03:26+00:00","dateModified":"2023-11-04T12:27:52+00:00","description":"Championnats d'Europe de judo 2023 - Et \u00e7a continue ! Apr\u00e8s l'or de Boukli et Mkheidze, le troisi\u00e8me titre est pour Amandine Buchard.\u00a0","breadcrumb":{"@id":"https:\/\/dicodusport.fr\/blog\/judo-championnats-deurope-amandine-buchard-en-or-52-kg\/#breadcrumb"},"inLanguage":"fr-FR","potentialAction":[{"@type":"ReadAction","target":["https:\/\/dicodusport.fr\/blog\/judo-championnats-deurope-amandine-buchard-en-or-52-kg\/"]}]},{"@type":"ImageObject","inLanguage":"fr-FR","@id":"https:\/\/dicodusport.fr\/blog\/judo-championnats-deurope-amandine-buchard-en-or-52-kg\/#primaryimage","url":"https:\/\/dicodusport.fr\/blog\/wp-content\/uploads\/2023\/11\/Judo-Championnats-dEurope-Amandine-Buchard-en-or-52-kg-1.png","contentUrl":"https:\/\/dicodusport.fr\/blog\/wp-content\/uploads\/2023\/11\/Judo-Championnats-dEurope-Amandine-Buchard-en-or-52-kg-1.png","width":800,"height":445,"caption":"Judo Championnats d'Europe Amandine Buchard en or (-52 kg)"},{"@type":"BreadcrumbList","@id":"https:\/\/dicodusport.fr\/blog\/judo-championnats-deurope-amandine-buchard-en-or-52-kg\/#breadcrumb","itemListElement":[{"@type":"ListItem","position":1,"name":"Accueil","item":"https:\/\/dicodusport.fr\/blog\/"},{"@type":"ListItem","position":2,"name":"Judo Championnats d&rsquo;Europe : Amandine Buchard en or (-52 kg)"}]},{"@type":"WebSite","@id":"https:\/\/dicodusport.fr\/blog\/#website","url":"https:\/\/dicodusport.fr\/blog\/","name":"Dicodusport","description":"L&#039;encyclop\u00e9die de l&#039;actualit\u00e9 sportive","publisher":{"@id":"https:\/\/dicodusport.fr\/blog\/#organization"},"potentialAction":[{"@type":"SearchAction","target":{"@type":"EntryPoint","urlTemplate":"https:\/\/dicodusport.fr\/blog\/?s={search_term_string}"},"query-input":{"@type":"PropertyValueSpecification","valueRequired":true,"valueName":"search_term_string"}}],"inLanguage":"fr-FR"},{"@type":"NewsMediaOrganization","@id":"https:\/\/dicodusport.fr\/blog\/#organization","name":"Dicodusport","url":"https:\/\/dicodusport.fr\/blog\/","logo":{"@type":"ImageObject","inLanguage":"fr-FR","@id":"https:\/\/dicodusport.fr\/blog\/#\/schema\/logo\/image\/","url":"https:\/\/dicodusport.fr\/blog\/wp-content\/uploads\/2020\/06\/cropped-LOGO-DICODUSPORT-2020-SANS-FOND-SANS-TEXTE.png","contentUrl":"https:\/\/dicodusport.fr\/blog\/wp-content\/uploads\/2020\/06\/cropped-LOGO-DICODUSPORT-2020-SANS-FOND-SANS-TEXTE.png","width":512,"height":512,"caption":"Dicodusport"},"image":{"@id":"https:\/\/dicodusport.fr\/blog\/#\/schema\/logo\/image\/"},"sameAs":["https:\/\/www.facebook.com\/dicodusport","https:\/\/x.com\/dicodusport","https:\/\/www.instagram.com\/dicodusport\/","https:\/\/www.youtube.com\/channel\/UC7V2KZ5sd3htJivAbA4ZG3w"],"description":"Dicodusport est l'encyclop\u00e9die de l'actualit\u00e9 sportive.","email":"bonjour@dicodusport.fr","legalName":"DICODUSPORT","foundingDate":"2018-01-14","vatID":"FR71834470973","taxID":"83447097300043","numberOfEmployees":{"@type":"QuantitativeValue","minValue":"1","maxValue":"10"}},{"@type":"Person","@id":"https:\/\/dicodusport.fr\/blog\/#\/schema\/person\/54b6cdccebdfcd5a1036c594aecffc2a","name":"Louka Lesueur","image":{"@type":"ImageObject","inLanguage":"fr-FR","@id":"https:\/\/dicodusport.fr\/blog\/#\/schema\/person\/image\/","url":"https:\/\/dicodusport.fr\/blog\/wp-content\/uploads\/2023\/09\/IMG_2783-150x150.jpeg","contentUrl":"https:\/\/dicodusport.fr\/blog\/wp-content\/uploads\/2023\/09\/IMG_2783-150x150.jpeg","caption":"Louka Lesueur"},"description":"Passionn\u00e9 depuis tout petit par les exploits de Bolt, Fourcade, Riner, Lavillenie, Wilkinson, Hirscher. Les \u00e9motions provoqu\u00e9es par le sport ont berc\u00e9 mon enfance et continuent de le faire aujourd'hui. C'est ainsi qu'il m'est arriv\u00e9 de pleurer devant la d\u00e9faite des Bleus face aux Blacks en 2011, ou encore devant le titre olympique de Florent Manaudou \u00e0 Londres. Bien loin de ce milieu professionnel, j'ai os\u00e9 tenter ma chance pour rejoindre l'\u00e9quipe de r\u00e9daction de Dicodusport, et depuis septembre 2023, je tente de retransmettre au mieux les exploits des athl\u00e8tes, tous sports confondus. Grand chauvin, c'est bel et bien sur les sportifs tricolores que je pr\u00e9f\u00e8re \u00e9crire.","sameAs":["https:\/\/x.com\/https:\/\/twitter.com\/LNewsSF"],"gender":"Homme","worksFor":"Louka LESUEUR","url":"https:\/\/dicodusport.fr\/blog\/author\/louka-lesueur\/"}]}},"_links":{"self":[{"href":"https:\/\/dicodusport.fr\/blog\/wp-json\/wp\/v2\/posts\/434558","targetHints":{"allow":["GET"]}}],"collection":[{"href":"https:\/\/dicodusport.fr\/blog\/wp-json\/wp\/v2\/posts"}],"about":[{"href":"https:\/\/dicodusport.fr\/blog\/wp-json\/wp\/v2\/types\/post"}],"author":[{"embeddable":true,"href":"https:\/\/dicodusport.fr\/blog\/wp-json\/wp\/v2\/users\/89"}],"replies":[{"embeddable":true,"href":"https:\/\/dicodusport.fr\/blog\/wp-json\/wp\/v2\/comments?post=434558"}],"version-history":[{"count":0,"href":"https:\/\/dicodusport.fr\/blog\/wp-json\/wp\/v2\/posts\/434558\/revisions"}],"wp:featuredmedia":[{"embeddable":true,"href":"https:\/\/dicodusport.fr\/blog\/wp-json\/wp\/v2\/media\/434729"}],"wp:attachment":[{"href":"https:\/\/dicodusport.fr\/blog\/wp-json\/wp\/v2\/media?parent=434558"}],"wp:term":[{"taxonomy":"category","embeddable":true,"href":"https:\/\/dicodusport.fr\/blog\/wp-json\/wp\/v2\/categories?post=434558"},{"taxonomy":"post_tag","embeddable":true,"href":"https:\/\/dicodusport.fr\/blog\/wp-json\/wp\/v2\/tags?post=434558"}],"curies":[{"name":"wp","href":"https:\/\/api.w.org\/{rel}","templated":true}]}}