{"id":434581,"date":"2023-11-03T19:38:44","date_gmt":"2023-11-03T18:38:44","guid":{"rendered":"https:\/\/dicodusport.fr\/blog\/?p=434581&#038;preview=true&#038;preview_id=434581"},"modified":"2023-11-04T13:27:15","modified_gmt":"2023-11-04T12:27:15","slug":"judo-championnats-deurope-le-bronze-pour-walide-khyar-66-kg-et-sarah-leonie-cysique-57-kg","status":"publish","type":"post","link":"https:\/\/dicodusport.fr\/blog\/judo-championnats-deurope-le-bronze-pour-walide-khyar-66-kg-et-sarah-leonie-cysique-57-kg\/","title":{"rendered":"Judo Championnats d&rsquo;Europe : Le bronze pour Walide Khyar (-66 kg) et Sarah-L\u00e9onie Cysique (-57 kg)"},"content":{"rendered":"<p style=\"text-align: justify;\"><strong><em><a title=\"Programme et r\u00e9sultats Championnats d\u2019Europe de judo 2023\" href=\"https:\/\/dicodusport.fr\/blog\/programme-et-resultats-championnats-deurope-de-judo-2023\/\" target=\"_blank\" rel=\"noopener\">CHAMPIONNATS D&rsquo;EUROPE DE JUDO 2023<\/a> &#8211; Walide Khyar et Sarah-L\u00e9onie Cysique finissent en beaut\u00e9 la r\u00e9colte tricolore avec deux nouvelles m\u00e9dailles de bronze.\u00a0<\/em><\/strong><\/p>\n<h2 style=\"text-align: justify;\">Une breloque de plus au palmar\u00e8s pour Walide Khyar<\/h2>\n<p style=\"text-align: justify;\">La journ\u00e9e fut mouvement\u00e9e pour <strong>Walide Khyar<\/strong>. D\u2019abord bien lanc\u00e9 avec deux victoires face au Britannique <strong>Hall<\/strong> et au Chypriote <strong>Balarjishvili<\/strong>, le judoka fran\u00e7ais s\u2019est inclin\u00e9 en quarts contre l\u2019Az\u00e9ri <strong>Najafov<\/strong>.<\/p>\n<p style=\"text-align: justify;\">Une d\u00e9faite que<strong> Walide Khyar<\/strong> a eu du mal \u00e0 accepter, lui qui \u00e9tait souvent le seul sur l\u2019attaque et qui pensait voir son adversaire \u00eatre p\u00e9nalis\u00e9.<\/p>\n<p style=\"text-align: justify;\">Mais le Tricolore s\u2019est remobilis\u00e9 en rep\u00eachage pour se d\u00e9faire du Finlandais <strong>Saha<\/strong>. Un combat compliqu\u00e9 qui s\u2019est termin\u00e9 sur des <em>Shido<\/em>.<\/p>\n<p style=\"text-align: justify;\">En place de 3, le combat fut tr\u00e8s disput\u00e9 contre <strong>Chopanov<\/strong>. Mais c\u2019est bel et bien le Fran\u00e7ais qui remporte une nouvelle m\u00e9daille internationale cette ann\u00e9e, apr\u00e8s le bronze mondial, gr\u00e2ce \u00e0 un superbe<em> sumi gaeshi<\/em>.<\/p>\n<blockquote class=\"twitter-tweet\">\n<p dir=\"ltr\" lang=\"fr\">C&rsquo;est un sans-faute pour les combattants du <a href=\"https:\/\/twitter.com\/PSG_Judo?ref_src=twsrc%5Etfw\">@PSG_Judo<\/a> ce vendredi puisque <a href=\"https:\/\/twitter.com\/WalideKhyar?ref_src=twsrc%5Etfw\">@WalideKhyar<\/a> se pare de bronze, au d\u00e9triment du Russe Murad Chopanov, chez les -66kg! Bravo Walide! \ud83d\udd34\ud83d\udd35 <a href=\"https:\/\/twitter.com\/hashtag\/allezparis?src=hash&amp;ref_src=twsrc%5Etfw\">#allezparis<\/a> <a href=\"https:\/\/twitter.com\/hashtag\/icicestparis?src=hash&amp;ref_src=twsrc%5Etfw\">#icicestparis<\/a> <a href=\"https:\/\/twitter.com\/hashtag\/parissaintgermain?src=hash&amp;ref_src=twsrc%5Etfw\">#parissaintgermain<\/a> <a href=\"https:\/\/twitter.com\/hashtag\/europemontpellier2023?src=hash&amp;ref_src=twsrc%5Etfw\">#europemontpellier2023<\/a> <a href=\"https:\/\/t.co\/ap5Xks9oCo\">pic.twitter.com\/ap5Xks9oCo<\/a><\/p>\n<p>\u2014 PSG Judo (@PSG_Judo) <a href=\"https:\/\/twitter.com\/PSG_Judo\/status\/1720488698624520451?ref_src=twsrc%5Etfw\">November 3, 2023<\/a><\/p><\/blockquote>\n<p><script async src=\"https:\/\/platform.twitter.com\/widgets.js\" charset=\"utf-8\"><\/script><\/p>\n<p style=\"text-align: justify;\"><strong>Walide Khyar<\/strong> marque beaucoup de points dans la course \u00e0 la qualification olympique, lui qui n&rsquo;avait pas \u00e9t\u00e9 retenu pour Tokyo.<\/p>\n<h2 style=\"text-align: justify;\">Sixi\u00e8me m\u00e9daille pour l\u2019\u00e9quipe de France<\/h2>\n<p style=\"text-align: justify;\">Si tout avait bien commenc\u00e9 pour <strong>Sarah-L\u00e9onie Cysique<\/strong>, avec une belle victoire par waza-ari contre <strong>Beurskens<\/strong>, la d\u00e9faite est arriv\u00e9e tr\u00e8s vite. En effet, d\u00e8s son second combat (en quarts), la jeune Fran\u00e7aise s\u2019est inclin\u00e9e face \u00e0 <strong>Perisic<\/strong>, championne d\u2019Europe junior en 2020.<\/p>\n<p style=\"text-align: justify;\">En rep\u00eachage, la Tricolore s\u2019est bien relanc\u00e9e en battant la G\u00e9orgienne <strong>Liparteliani<\/strong>, s\u2019offrant la chance de participer \u00e0 la chasse aux m\u00e9dailles fran\u00e7aises.<\/p>\n<p style=\"text-align: justify;\">Ce qu\u2019elle a brillamment fait, face \u00e0 l\u2019Allemande <strong>Pauline Starke<\/strong>. Un waza-ari d\u00e8s 30 secondes de combat, et un autre 30 secondes plus tard pour s\u2019offrir le bronze europ\u00e9en.<\/p>\n<blockquote class=\"twitter-tweet\">\n<p dir=\"ltr\" lang=\"fr\">Sarah-L\u00e9onie en \ud835\udc1b\ud835\udc2b\ud835\udc28\ud835\udc27\ud835\udc33\ud835\udc1e \ud83d\udcaa<\/p>\n<p>En s&rsquo;imposant par ippon dans son combat pour la place de 3\ufe0f\u20e3, notre Fran\u00e7aise finit ces championnats d&rsquo;Europe avec la m\u00e9daille de bronze ! \ud83e\udd49<\/p>\n<p>Bravo Sarah-L\u00e9onie ! \ud83d\udc4f<a href=\"https:\/\/twitter.com\/hashtag\/EuropeMontpellier2023?src=hash&amp;ref_src=twsrc%5Etfw\">#EuropeMontpellier2023<\/a> <a href=\"https:\/\/twitter.com\/hashtag\/FierdEtreJudoka?src=hash&amp;ref_src=twsrc%5Etfw\">#FierdEtreJudoka<\/a> <a href=\"https:\/\/t.co\/wy5ZK0a6YL\">pic.twitter.com\/wy5ZK0a6YL<\/a><\/p>\n<p>\u2014 France Judo (@francejudo) <a href=\"https:\/\/twitter.com\/francejudo\/status\/1720497296826122488?ref_src=twsrc%5Etfw\">November 3, 2023<\/a><\/p><\/blockquote>\n<p><script async src=\"https:\/\/platform.twitter.com\/widgets.js\" charset=\"utf-8\"><\/script><\/p>\n<h2 style=\"text-align: justify;\">Gobert hors du coup<\/h2>\n<p style=\"text-align: justify;\">Septi\u00e8me et dernier Fran\u00e7ais engag\u00e9, <strong>Maxime Gobert<\/strong> (-66 kg) n&rsquo;a pas exist\u00e9 dans ce championnat. En effet, le tricolore s&rsquo;est inclin\u00e9 tr\u00e8s rapidement sur ippon face \u00e0 <strong>Abuladze<\/strong>.<\/p>\n<p style=\"text-align: justify;\">La premi\u00e8re journ\u00e9e de ces championnats d&rsquo;Europe est excellente pour le clan bleu, avec trois titres et trois m\u00e9dailles de bronze.<\/p>\n","protected":false},"excerpt":{"rendered":"<p>CHAMPIONNATS D&rsquo;EUROPE DE JUDO 2023 &#8211; Walide Khyar et Sarah-L\u00e9onie Cysique finissent en beaut\u00e9 la r\u00e9colte tricolore avec deux nouvelles m\u00e9dailles de bronze.<\/p>\n","protected":false},"author":89,"featured_media":434728,"comment_status":"open","ping_status":"closed","sticky":false,"template":"","format":"standard","meta":{"_acf_changed":false,"_daextam_enable_autolinks":"1","footnotes":""},"categories":[8651],"tags":[16878,4799,68],"class_list":["post-434581","post","type-post","status-publish","format-standard","has-post-thumbnail","hentry","category-judo","tag-breve","tag-championnats-deurope","tag-judo"],"acf":[],"yoast_head":"<!-- This site is optimized with the Yoast SEO Premium plugin v26.7 (Yoast SEO v26.7) - https:\/\/yoast.com\/wordpress\/plugins\/seo\/ -->\n<title>Judo Championnats d&#039;Europe : Le bronze pour Walide Khyar (-66 kg) et Sarah-L\u00e9onie Cysique (-57 kg)<\/title>\n<meta name=\"description\" content=\"CHAMPIONNATS D&#039;EUROPE DE JUDO 2023 - Walide Khyar et Sarah-L\u00e9onie Cysique finissent en beaut\u00e9 la r\u00e9colte tricolore avec deux nouvelles m\u00e9dailles de bronze.\" \/>\n<meta name=\"robots\" content=\"index, follow, max-snippet:-1, max-image-preview:large, max-video-preview:-1\" \/>\n<link rel=\"canonical\" href=\"https:\/\/dicodusport.fr\/blog\/judo-championnats-deurope-le-bronze-pour-walide-khyar-66-kg-et-sarah-leonie-cysique-57-kg\/\" \/>\n<meta property=\"og:locale\" content=\"fr_FR\" \/>\n<meta property=\"og:type\" content=\"article\" \/>\n<meta property=\"og:title\" content=\"Judo Championnats d&#039;Europe : Le bronze pour Walide Khyar (-66 kg) et Sarah-L\u00e9onie Cysique (-57 kg)\" \/>\n<meta property=\"og:description\" content=\"CHAMPIONNATS D&#039;EUROPE DE JUDO 2023 - Walide Khyar et Sarah-L\u00e9onie Cysique finissent en beaut\u00e9 la r\u00e9colte tricolore avec deux nouvelles m\u00e9dailles de bronze.\" \/>\n<meta property=\"og:url\" content=\"https:\/\/dicodusport.fr\/blog\/judo-championnats-deurope-le-bronze-pour-walide-khyar-66-kg-et-sarah-leonie-cysique-57-kg\/\" \/>\n<meta property=\"og:site_name\" content=\"Dicodusport\" \/>\n<meta property=\"article:publisher\" content=\"https:\/\/www.facebook.com\/dicodusport\" \/>\n<meta property=\"article:published_time\" content=\"2023-11-03T18:38:44+00:00\" \/>\n<meta property=\"article:modified_time\" content=\"2023-11-04T12:27:15+00:00\" \/>\n<meta property=\"og:image\" content=\"https:\/\/dicodusport.fr\/blog\/wp-content\/uploads\/2023\/11\/Judo-Championnats-dEurope-Le-bronze-pour-Walide-Khyar-66-kg-et-Sarah-Leonie-Cysique-57-kg-1.png\" \/>\n\t<meta property=\"og:image:width\" content=\"800\" \/>\n\t<meta property=\"og:image:height\" content=\"445\" \/>\n\t<meta property=\"og:image:type\" content=\"image\/png\" \/>\n<meta name=\"author\" content=\"Louka Lesueur\" \/>\n<meta name=\"twitter:card\" content=\"summary_large_image\" \/>\n<meta name=\"twitter:title\" content=\"Judo Championnats d&#039;Europe : Le bronze pour Walide Khyar (-66 kg) et Sarah-L\u00e9onie Cysique (-57 kg)\" \/>\n<meta name=\"twitter:creator\" content=\"@https:\/\/twitter.com\/LNewsSF\" \/>\n<meta name=\"twitter:site\" content=\"@dicodusport\" \/>\n<script type=\"application\/ld+json\" class=\"yoast-schema-graph\">{\"@context\":\"https:\/\/schema.org\",\"@graph\":[{\"@type\":\"NewsArticle\",\"@id\":\"https:\/\/dicodusport.fr\/blog\/judo-championnats-deurope-le-bronze-pour-walide-khyar-66-kg-et-sarah-leonie-cysique-57-kg\/#article\",\"isPartOf\":{\"@id\":\"https:\/\/dicodusport.fr\/blog\/judo-championnats-deurope-le-bronze-pour-walide-khyar-66-kg-et-sarah-leonie-cysique-57-kg\/\"},\"author\":{\"name\":\"Louka Lesueur\",\"@id\":\"https:\/\/dicodusport.fr\/blog\/#\/schema\/person\/54b6cdccebdfcd5a1036c594aecffc2a\"},\"headline\":\"Judo Championnats d&rsquo;Europe : Le bronze pour Walide Khyar (-66 kg) et Sarah-L\u00e9onie Cysique (-57 kg)\",\"datePublished\":\"2023-11-03T18:38:44+00:00\",\"dateModified\":\"2023-11-04T12:27:15+00:00\",\"mainEntityOfPage\":{\"@id\":\"https:\/\/dicodusport.fr\/blog\/judo-championnats-deurope-le-bronze-pour-walide-khyar-66-kg-et-sarah-leonie-cysique-57-kg\/\"},\"wordCount\":479,\"commentCount\":0,\"publisher\":{\"@id\":\"https:\/\/dicodusport.fr\/blog\/#organization\"},\"image\":{\"@id\":\"https:\/\/dicodusport.fr\/blog\/judo-championnats-deurope-le-bronze-pour-walide-khyar-66-kg-et-sarah-leonie-cysique-57-kg\/#primaryimage\"},\"thumbnailUrl\":\"https:\/\/dicodusport.fr\/blog\/wp-content\/uploads\/2023\/11\/Judo-Championnats-dEurope-Le-bronze-pour-Walide-Khyar-66-kg-et-Sarah-Leonie-Cysique-57-kg-1.png\",\"keywords\":[\"br\u00e8ve\",\"Championnats d'Europe\",\"Judo\"],\"articleSection\":[\"Judo\"],\"inLanguage\":\"fr-FR\",\"potentialAction\":[{\"@type\":\"CommentAction\",\"name\":\"Comment\",\"target\":[\"https:\/\/dicodusport.fr\/blog\/judo-championnats-deurope-le-bronze-pour-walide-khyar-66-kg-et-sarah-leonie-cysique-57-kg\/#respond\"]}],\"copyrightYear\":\"2023\",\"copyrightHolder\":{\"@id\":\"https:\/\/dicodusport.fr\/blog\/#organization\"}},{\"@type\":\"WebPage\",\"@id\":\"https:\/\/dicodusport.fr\/blog\/judo-championnats-deurope-le-bronze-pour-walide-khyar-66-kg-et-sarah-leonie-cysique-57-kg\/\",\"url\":\"https:\/\/dicodusport.fr\/blog\/judo-championnats-deurope-le-bronze-pour-walide-khyar-66-kg-et-sarah-leonie-cysique-57-kg\/\",\"name\":\"Judo Championnats d'Europe : Le bronze pour Walide Khyar (-66 kg) et Sarah-L\u00e9onie Cysique (-57 kg)\",\"isPartOf\":{\"@id\":\"https:\/\/dicodusport.fr\/blog\/#website\"},\"primaryImageOfPage\":{\"@id\":\"https:\/\/dicodusport.fr\/blog\/judo-championnats-deurope-le-bronze-pour-walide-khyar-66-kg-et-sarah-leonie-cysique-57-kg\/#primaryimage\"},\"image\":{\"@id\":\"https:\/\/dicodusport.fr\/blog\/judo-championnats-deurope-le-bronze-pour-walide-khyar-66-kg-et-sarah-leonie-cysique-57-kg\/#primaryimage\"},\"thumbnailUrl\":\"https:\/\/dicodusport.fr\/blog\/wp-content\/uploads\/2023\/11\/Judo-Championnats-dEurope-Le-bronze-pour-Walide-Khyar-66-kg-et-Sarah-Leonie-Cysique-57-kg-1.png\",\"datePublished\":\"2023-11-03T18:38:44+00:00\",\"dateModified\":\"2023-11-04T12:27:15+00:00\",\"description\":\"CHAMPIONNATS D'EUROPE DE JUDO 2023 - Walide Khyar et Sarah-L\u00e9onie Cysique finissent en beaut\u00e9 la r\u00e9colte tricolore avec deux nouvelles m\u00e9dailles de bronze.\",\"breadcrumb\":{\"@id\":\"https:\/\/dicodusport.fr\/blog\/judo-championnats-deurope-le-bronze-pour-walide-khyar-66-kg-et-sarah-leonie-cysique-57-kg\/#breadcrumb\"},\"inLanguage\":\"fr-FR\",\"potentialAction\":[{\"@type\":\"ReadAction\",\"target\":[\"https:\/\/dicodusport.fr\/blog\/judo-championnats-deurope-le-bronze-pour-walide-khyar-66-kg-et-sarah-leonie-cysique-57-kg\/\"]}]},{\"@type\":\"ImageObject\",\"inLanguage\":\"fr-FR\",\"@id\":\"https:\/\/dicodusport.fr\/blog\/judo-championnats-deurope-le-bronze-pour-walide-khyar-66-kg-et-sarah-leonie-cysique-57-kg\/#primaryimage\",\"url\":\"https:\/\/dicodusport.fr\/blog\/wp-content\/uploads\/2023\/11\/Judo-Championnats-dEurope-Le-bronze-pour-Walide-Khyar-66-kg-et-Sarah-Leonie-Cysique-57-kg-1.png\",\"contentUrl\":\"https:\/\/dicodusport.fr\/blog\/wp-content\/uploads\/2023\/11\/Judo-Championnats-dEurope-Le-bronze-pour-Walide-Khyar-66-kg-et-Sarah-Leonie-Cysique-57-kg-1.png\",\"width\":800,\"height\":445,\"caption\":\"Judo Championnats d'Europe Le bronze pour Walide Khyar (-66 kg) et Sarah-L\u00e9onie Cysique (-57 kg)\"},{\"@type\":\"BreadcrumbList\",\"@id\":\"https:\/\/dicodusport.fr\/blog\/judo-championnats-deurope-le-bronze-pour-walide-khyar-66-kg-et-sarah-leonie-cysique-57-kg\/#breadcrumb\",\"itemListElement\":[{\"@type\":\"ListItem\",\"position\":1,\"name\":\"Accueil\",\"item\":\"https:\/\/dicodusport.fr\/blog\/\"},{\"@type\":\"ListItem\",\"position\":2,\"name\":\"Judo Championnats d&rsquo;Europe : Le bronze pour Walide Khyar (-66 kg) et Sarah-L\u00e9onie Cysique (-57 kg)\"}]},{\"@type\":\"WebSite\",\"@id\":\"https:\/\/dicodusport.fr\/blog\/#website\",\"url\":\"https:\/\/dicodusport.fr\/blog\/\",\"name\":\"Dicodusport\",\"description\":\"L&#039;encyclop\u00e9die de l&#039;actualit\u00e9 sportive\",\"publisher\":{\"@id\":\"https:\/\/dicodusport.fr\/blog\/#organization\"},\"potentialAction\":[{\"@type\":\"SearchAction\",\"target\":{\"@type\":\"EntryPoint\",\"urlTemplate\":\"https:\/\/dicodusport.fr\/blog\/?s={search_term_string}\"},\"query-input\":{\"@type\":\"PropertyValueSpecification\",\"valueRequired\":true,\"valueName\":\"search_term_string\"}}],\"inLanguage\":\"fr-FR\"},{\"@type\":\"NewsMediaOrganization\",\"@id\":\"https:\/\/dicodusport.fr\/blog\/#organization\",\"name\":\"Dicodusport\",\"url\":\"https:\/\/dicodusport.fr\/blog\/\",\"logo\":{\"@type\":\"ImageObject\",\"inLanguage\":\"fr-FR\",\"@id\":\"https:\/\/dicodusport.fr\/blog\/#\/schema\/logo\/image\/\",\"url\":\"https:\/\/dicodusport.fr\/blog\/wp-content\/uploads\/2020\/06\/cropped-LOGO-DICODUSPORT-2020-SANS-FOND-SANS-TEXTE.png\",\"contentUrl\":\"https:\/\/dicodusport.fr\/blog\/wp-content\/uploads\/2020\/06\/cropped-LOGO-DICODUSPORT-2020-SANS-FOND-SANS-TEXTE.png\",\"width\":512,\"height\":512,\"caption\":\"Dicodusport\"},\"image\":{\"@id\":\"https:\/\/dicodusport.fr\/blog\/#\/schema\/logo\/image\/\"},\"sameAs\":[\"https:\/\/www.facebook.com\/dicodusport\",\"https:\/\/x.com\/dicodusport\",\"https:\/\/www.instagram.com\/dicodusport\/\",\"https:\/\/www.youtube.com\/channel\/UC7V2KZ5sd3htJivAbA4ZG3w\"],\"description\":\"Dicodusport est l'encyclop\u00e9die de l'actualit\u00e9 sportive.\",\"email\":\"bonjour@dicodusport.fr\",\"legalName\":\"DICODUSPORT\",\"foundingDate\":\"2018-01-14\",\"vatID\":\"FR71834470973\",\"taxID\":\"83447097300043\",\"numberOfEmployees\":{\"@type\":\"QuantitativeValue\",\"minValue\":\"1\",\"maxValue\":\"10\"}},{\"@type\":\"Person\",\"@id\":\"https:\/\/dicodusport.fr\/blog\/#\/schema\/person\/54b6cdccebdfcd5a1036c594aecffc2a\",\"name\":\"Louka Lesueur\",\"image\":{\"@type\":\"ImageObject\",\"inLanguage\":\"fr-FR\",\"@id\":\"https:\/\/dicodusport.fr\/blog\/#\/schema\/person\/image\/\",\"url\":\"https:\/\/dicodusport.fr\/blog\/wp-content\/uploads\/2023\/09\/IMG_2783-150x150.jpeg\",\"contentUrl\":\"https:\/\/dicodusport.fr\/blog\/wp-content\/uploads\/2023\/09\/IMG_2783-150x150.jpeg\",\"caption\":\"Louka Lesueur\"},\"description\":\"Passionn\u00e9 depuis tout petit par les exploits de Bolt, Fourcade, Riner, Lavillenie, Wilkinson, Hirscher. Les \u00e9motions provoqu\u00e9es par le sport ont berc\u00e9 mon enfance et continuent de le faire aujourd'hui. C'est ainsi qu'il m'est arriv\u00e9 de pleurer devant la d\u00e9faite des Bleus face aux Blacks en 2011, ou encore devant le titre olympique de Florent Manaudou \u00e0 Londres. Bien loin de ce milieu professionnel, j'ai os\u00e9 tenter ma chance pour rejoindre l'\u00e9quipe de r\u00e9daction de Dicodusport, et depuis septembre 2023, je tente de retransmettre au mieux les exploits des athl\u00e8tes, tous sports confondus. Grand chauvin, c'est bel et bien sur les sportifs tricolores que je pr\u00e9f\u00e8re \u00e9crire.\",\"sameAs\":[\"https:\/\/x.com\/https:\/\/twitter.com\/LNewsSF\"],\"gender\":\"Homme\",\"worksFor\":\"Louka LESUEUR\",\"url\":\"https:\/\/dicodusport.fr\/blog\/author\/louka-lesueur\/\"}]}<\/script>\n<!-- \/ Yoast SEO Premium plugin. -->","yoast_head_json":{"title":"Judo Championnats d'Europe : Le bronze pour Walide Khyar (-66 kg) et Sarah-L\u00e9onie Cysique (-57 kg)","description":"CHAMPIONNATS D'EUROPE DE JUDO 2023 - Walide Khyar et Sarah-L\u00e9onie Cysique finissent en beaut\u00e9 la r\u00e9colte tricolore avec deux nouvelles m\u00e9dailles de bronze.","robots":{"index":"index","follow":"follow","max-snippet":"max-snippet:-1","max-image-preview":"max-image-preview:large","max-video-preview":"max-video-preview:-1"},"canonical":"https:\/\/dicodusport.fr\/blog\/judo-championnats-deurope-le-bronze-pour-walide-khyar-66-kg-et-sarah-leonie-cysique-57-kg\/","og_locale":"fr_FR","og_type":"article","og_title":"Judo Championnats d'Europe : Le bronze pour Walide Khyar (-66 kg) et Sarah-L\u00e9onie Cysique (-57 kg)","og_description":"CHAMPIONNATS D'EUROPE DE JUDO 2023 - Walide Khyar et Sarah-L\u00e9onie Cysique finissent en beaut\u00e9 la r\u00e9colte tricolore avec deux nouvelles m\u00e9dailles de bronze.","og_url":"https:\/\/dicodusport.fr\/blog\/judo-championnats-deurope-le-bronze-pour-walide-khyar-66-kg-et-sarah-leonie-cysique-57-kg\/","og_site_name":"Dicodusport","article_publisher":"https:\/\/www.facebook.com\/dicodusport","article_published_time":"2023-11-03T18:38:44+00:00","article_modified_time":"2023-11-04T12:27:15+00:00","og_image":[{"width":800,"height":445,"url":"https:\/\/dicodusport.fr\/blog\/wp-content\/uploads\/2023\/11\/Judo-Championnats-dEurope-Le-bronze-pour-Walide-Khyar-66-kg-et-Sarah-Leonie-Cysique-57-kg-1.png","type":"image\/png"}],"author":"Louka Lesueur","twitter_card":"summary_large_image","twitter_title":"Judo Championnats d'Europe : Le bronze pour Walide Khyar (-66 kg) et Sarah-L\u00e9onie Cysique (-57 kg)","twitter_creator":"@https:\/\/twitter.com\/LNewsSF","twitter_site":"@dicodusport","schema":{"@context":"https:\/\/schema.org","@graph":[{"@type":"NewsArticle","@id":"https:\/\/dicodusport.fr\/blog\/judo-championnats-deurope-le-bronze-pour-walide-khyar-66-kg-et-sarah-leonie-cysique-57-kg\/#article","isPartOf":{"@id":"https:\/\/dicodusport.fr\/blog\/judo-championnats-deurope-le-bronze-pour-walide-khyar-66-kg-et-sarah-leonie-cysique-57-kg\/"},"author":{"name":"Louka Lesueur","@id":"https:\/\/dicodusport.fr\/blog\/#\/schema\/person\/54b6cdccebdfcd5a1036c594aecffc2a"},"headline":"Judo Championnats d&rsquo;Europe : Le bronze pour Walide Khyar (-66 kg) et Sarah-L\u00e9onie Cysique (-57 kg)","datePublished":"2023-11-03T18:38:44+00:00","dateModified":"2023-11-04T12:27:15+00:00","mainEntityOfPage":{"@id":"https:\/\/dicodusport.fr\/blog\/judo-championnats-deurope-le-bronze-pour-walide-khyar-66-kg-et-sarah-leonie-cysique-57-kg\/"},"wordCount":479,"commentCount":0,"publisher":{"@id":"https:\/\/dicodusport.fr\/blog\/#organization"},"image":{"@id":"https:\/\/dicodusport.fr\/blog\/judo-championnats-deurope-le-bronze-pour-walide-khyar-66-kg-et-sarah-leonie-cysique-57-kg\/#primaryimage"},"thumbnailUrl":"https:\/\/dicodusport.fr\/blog\/wp-content\/uploads\/2023\/11\/Judo-Championnats-dEurope-Le-bronze-pour-Walide-Khyar-66-kg-et-Sarah-Leonie-Cysique-57-kg-1.png","keywords":["br\u00e8ve","Championnats d'Europe","Judo"],"articleSection":["Judo"],"inLanguage":"fr-FR","potentialAction":[{"@type":"CommentAction","name":"Comment","target":["https:\/\/dicodusport.fr\/blog\/judo-championnats-deurope-le-bronze-pour-walide-khyar-66-kg-et-sarah-leonie-cysique-57-kg\/#respond"]}],"copyrightYear":"2023","copyrightHolder":{"@id":"https:\/\/dicodusport.fr\/blog\/#organization"}},{"@type":"WebPage","@id":"https:\/\/dicodusport.fr\/blog\/judo-championnats-deurope-le-bronze-pour-walide-khyar-66-kg-et-sarah-leonie-cysique-57-kg\/","url":"https:\/\/dicodusport.fr\/blog\/judo-championnats-deurope-le-bronze-pour-walide-khyar-66-kg-et-sarah-leonie-cysique-57-kg\/","name":"Judo Championnats d'Europe : Le bronze pour Walide Khyar (-66 kg) et Sarah-L\u00e9onie Cysique (-57 kg)","isPartOf":{"@id":"https:\/\/dicodusport.fr\/blog\/#website"},"primaryImageOfPage":{"@id":"https:\/\/dicodusport.fr\/blog\/judo-championnats-deurope-le-bronze-pour-walide-khyar-66-kg-et-sarah-leonie-cysique-57-kg\/#primaryimage"},"image":{"@id":"https:\/\/dicodusport.fr\/blog\/judo-championnats-deurope-le-bronze-pour-walide-khyar-66-kg-et-sarah-leonie-cysique-57-kg\/#primaryimage"},"thumbnailUrl":"https:\/\/dicodusport.fr\/blog\/wp-content\/uploads\/2023\/11\/Judo-Championnats-dEurope-Le-bronze-pour-Walide-Khyar-66-kg-et-Sarah-Leonie-Cysique-57-kg-1.png","datePublished":"2023-11-03T18:38:44+00:00","dateModified":"2023-11-04T12:27:15+00:00","description":"CHAMPIONNATS D'EUROPE DE JUDO 2023 - Walide Khyar et Sarah-L\u00e9onie Cysique finissent en beaut\u00e9 la r\u00e9colte tricolore avec deux nouvelles m\u00e9dailles de bronze.","breadcrumb":{"@id":"https:\/\/dicodusport.fr\/blog\/judo-championnats-deurope-le-bronze-pour-walide-khyar-66-kg-et-sarah-leonie-cysique-57-kg\/#breadcrumb"},"inLanguage":"fr-FR","potentialAction":[{"@type":"ReadAction","target":["https:\/\/dicodusport.fr\/blog\/judo-championnats-deurope-le-bronze-pour-walide-khyar-66-kg-et-sarah-leonie-cysique-57-kg\/"]}]},{"@type":"ImageObject","inLanguage":"fr-FR","@id":"https:\/\/dicodusport.fr\/blog\/judo-championnats-deurope-le-bronze-pour-walide-khyar-66-kg-et-sarah-leonie-cysique-57-kg\/#primaryimage","url":"https:\/\/dicodusport.fr\/blog\/wp-content\/uploads\/2023\/11\/Judo-Championnats-dEurope-Le-bronze-pour-Walide-Khyar-66-kg-et-Sarah-Leonie-Cysique-57-kg-1.png","contentUrl":"https:\/\/dicodusport.fr\/blog\/wp-content\/uploads\/2023\/11\/Judo-Championnats-dEurope-Le-bronze-pour-Walide-Khyar-66-kg-et-Sarah-Leonie-Cysique-57-kg-1.png","width":800,"height":445,"caption":"Judo Championnats d'Europe Le bronze pour Walide Khyar (-66 kg) et Sarah-L\u00e9onie Cysique (-57 kg)"},{"@type":"BreadcrumbList","@id":"https:\/\/dicodusport.fr\/blog\/judo-championnats-deurope-le-bronze-pour-walide-khyar-66-kg-et-sarah-leonie-cysique-57-kg\/#breadcrumb","itemListElement":[{"@type":"ListItem","position":1,"name":"Accueil","item":"https:\/\/dicodusport.fr\/blog\/"},{"@type":"ListItem","position":2,"name":"Judo Championnats d&rsquo;Europe : Le bronze pour Walide Khyar (-66 kg) et Sarah-L\u00e9onie Cysique (-57 kg)"}]},{"@type":"WebSite","@id":"https:\/\/dicodusport.fr\/blog\/#website","url":"https:\/\/dicodusport.fr\/blog\/","name":"Dicodusport","description":"L&#039;encyclop\u00e9die de l&#039;actualit\u00e9 sportive","publisher":{"@id":"https:\/\/dicodusport.fr\/blog\/#organization"},"potentialAction":[{"@type":"SearchAction","target":{"@type":"EntryPoint","urlTemplate":"https:\/\/dicodusport.fr\/blog\/?s={search_term_string}"},"query-input":{"@type":"PropertyValueSpecification","valueRequired":true,"valueName":"search_term_string"}}],"inLanguage":"fr-FR"},{"@type":"NewsMediaOrganization","@id":"https:\/\/dicodusport.fr\/blog\/#organization","name":"Dicodusport","url":"https:\/\/dicodusport.fr\/blog\/","logo":{"@type":"ImageObject","inLanguage":"fr-FR","@id":"https:\/\/dicodusport.fr\/blog\/#\/schema\/logo\/image\/","url":"https:\/\/dicodusport.fr\/blog\/wp-content\/uploads\/2020\/06\/cropped-LOGO-DICODUSPORT-2020-SANS-FOND-SANS-TEXTE.png","contentUrl":"https:\/\/dicodusport.fr\/blog\/wp-content\/uploads\/2020\/06\/cropped-LOGO-DICODUSPORT-2020-SANS-FOND-SANS-TEXTE.png","width":512,"height":512,"caption":"Dicodusport"},"image":{"@id":"https:\/\/dicodusport.fr\/blog\/#\/schema\/logo\/image\/"},"sameAs":["https:\/\/www.facebook.com\/dicodusport","https:\/\/x.com\/dicodusport","https:\/\/www.instagram.com\/dicodusport\/","https:\/\/www.youtube.com\/channel\/UC7V2KZ5sd3htJivAbA4ZG3w"],"description":"Dicodusport est l'encyclop\u00e9die de l'actualit\u00e9 sportive.","email":"bonjour@dicodusport.fr","legalName":"DICODUSPORT","foundingDate":"2018-01-14","vatID":"FR71834470973","taxID":"83447097300043","numberOfEmployees":{"@type":"QuantitativeValue","minValue":"1","maxValue":"10"}},{"@type":"Person","@id":"https:\/\/dicodusport.fr\/blog\/#\/schema\/person\/54b6cdccebdfcd5a1036c594aecffc2a","name":"Louka Lesueur","image":{"@type":"ImageObject","inLanguage":"fr-FR","@id":"https:\/\/dicodusport.fr\/blog\/#\/schema\/person\/image\/","url":"https:\/\/dicodusport.fr\/blog\/wp-content\/uploads\/2023\/09\/IMG_2783-150x150.jpeg","contentUrl":"https:\/\/dicodusport.fr\/blog\/wp-content\/uploads\/2023\/09\/IMG_2783-150x150.jpeg","caption":"Louka Lesueur"},"description":"Passionn\u00e9 depuis tout petit par les exploits de Bolt, Fourcade, Riner, Lavillenie, Wilkinson, Hirscher. Les \u00e9motions provoqu\u00e9es par le sport ont berc\u00e9 mon enfance et continuent de le faire aujourd'hui. C'est ainsi qu'il m'est arriv\u00e9 de pleurer devant la d\u00e9faite des Bleus face aux Blacks en 2011, ou encore devant le titre olympique de Florent Manaudou \u00e0 Londres. Bien loin de ce milieu professionnel, j'ai os\u00e9 tenter ma chance pour rejoindre l'\u00e9quipe de r\u00e9daction de Dicodusport, et depuis septembre 2023, je tente de retransmettre au mieux les exploits des athl\u00e8tes, tous sports confondus. Grand chauvin, c'est bel et bien sur les sportifs tricolores que je pr\u00e9f\u00e8re \u00e9crire.","sameAs":["https:\/\/x.com\/https:\/\/twitter.com\/LNewsSF"],"gender":"Homme","worksFor":"Louka LESUEUR","url":"https:\/\/dicodusport.fr\/blog\/author\/louka-lesueur\/"}]}},"_links":{"self":[{"href":"https:\/\/dicodusport.fr\/blog\/wp-json\/wp\/v2\/posts\/434581","targetHints":{"allow":["GET"]}}],"collection":[{"href":"https:\/\/dicodusport.fr\/blog\/wp-json\/wp\/v2\/posts"}],"about":[{"href":"https:\/\/dicodusport.fr\/blog\/wp-json\/wp\/v2\/types\/post"}],"author":[{"embeddable":true,"href":"https:\/\/dicodusport.fr\/blog\/wp-json\/wp\/v2\/users\/89"}],"replies":[{"embeddable":true,"href":"https:\/\/dicodusport.fr\/blog\/wp-json\/wp\/v2\/comments?post=434581"}],"version-history":[{"count":0,"href":"https:\/\/dicodusport.fr\/blog\/wp-json\/wp\/v2\/posts\/434581\/revisions"}],"wp:featuredmedia":[{"embeddable":true,"href":"https:\/\/dicodusport.fr\/blog\/wp-json\/wp\/v2\/media\/434728"}],"wp:attachment":[{"href":"https:\/\/dicodusport.fr\/blog\/wp-json\/wp\/v2\/media?parent=434581"}],"wp:term":[{"taxonomy":"category","embeddable":true,"href":"https:\/\/dicodusport.fr\/blog\/wp-json\/wp\/v2\/categories?post=434581"},{"taxonomy":"post_tag","embeddable":true,"href":"https:\/\/dicodusport.fr\/blog\/wp-json\/wp\/v2\/tags?post=434581"}],"curies":[{"name":"wp","href":"https:\/\/api.w.org\/{rel}","templated":true}]}}