{"id":434954,"date":"2023-11-05T10:21:27","date_gmt":"2023-11-05T09:21:27","guid":{"rendered":"https:\/\/dicodusport.fr\/blog\/?p=434954&#038;preview=true&#038;preview_id=434954"},"modified":"2023-11-05T16:30:44","modified_gmt":"2023-11-05T15:30:44","slug":"cyclo-cross-europe-2023-celia-gery-soffre-le-titre-europeen-chez-les-juniors","status":"publish","type":"post","link":"https:\/\/dicodusport.fr\/blog\/cyclo-cross-europe-2023-celia-gery-soffre-le-titre-europeen-chez-les-juniors\/","title":{"rendered":"Cyclo-cross Europe 2023 : C\u00e9lia G\u00e9ry s&rsquo;offre le titre europ\u00e9en chez les juniors"},"content":{"rendered":"<p style=\"text-align: justify;\"><strong style=\"font-style: italic;\">CHAMPIONNATS D&rsquo;EUROPE DE CYCLO-CROSS 2023 &#8211; \u00c0 Pontch\u00e2teau (Loire-Atlantique), la Fran\u00e7aise C\u00e9lia G\u00e9ry, 17 ans, est devenue championne d&rsquo;Europe juniors de cyclo-cross. Au terme des quatre tours, elle devance la Britannique Cat Ferguson et la Slovaque Viktoria Chladonova.<\/strong><\/p>\n<ul>\n<li style=\"text-align: justify;\"><strong>\u00c0 lire aussi &#8211; <a href=\"https:\/\/dicodusport.fr\/blog\/actualites\/cyclisme\/cyclo-cross\/\">L&rsquo;actualit\u00e9 du cyclo-cross<\/a><\/strong><\/li>\n<\/ul>\n<p style=\"text-align: justify;\">Elle n&rsquo;a laiss\u00e9 aucune chance \u00e0 ses adversaires. Ce dimanche, \u00e0 <strong>Pontch\u00e2teau<\/strong>, <strong>C\u00e9lia G\u00e9ry<\/strong> a rafl\u00e9 le titre continental de cyclo-cross, dans la cat\u00e9gorie juniors. En bronze aux Mondiaux en f\u00e9vrier dernier \u00e0 Hoogerheide (Pays-Bas) en f\u00e9vrier dernier, la Fran\u00e7aise faisait cette fois partie des favorites au titre. Laur\u00e9ate des deux premi\u00e8res \u00e9tapes de Coupe de France \u00e0 <strong>Quelneuc<\/strong> (Morbihan), elle a r\u00e9alis\u00e9 un d\u00e9part canon ce dimanche, sur le trac\u00e9 de Loire-Atlantique. Faisant la diff\u00e9rence dans les deuxi\u00e8me, troisi\u00e8me et quatri\u00e8me boucles du circuit boueux de <strong>Pontch\u00e2teau<\/strong>.<\/p>\n<ul>\n<li class=\"mvp-post-title left entry-title\" style=\"text-align: justify;\"><strong>\u00c0 lire aussi &#8211; <a href=\"https:\/\/dicodusport.fr\/blog\/cyclo-cross-europe-2023-aubin-sparfel-sadjuge-le-titre-europeen-chez-les-juniors\/\">Cyclo-cross Europe 2023 : Aubin Sparfel s\u2019adjuge le titre europ\u00e9en chez les juniors<\/a><\/strong><\/li>\n<\/ul>\n<p style=\"text-align: justify;\">Puissante et propre sur les parties techniques, <strong>C\u00e9lia G\u00e9ry<\/strong> s&rsquo;est largement impos\u00e9e, devan\u00e7ant de 26 secondes la Britannique <strong>Cat Ferguson<\/strong> et de 31 secondes la Slovaque <strong>Viktoria Chladonova<\/strong>. <b>Amandine Muller<\/b> termine quant \u00e0 elle au pied du podium, \u00e0 2:12 de sa compatriote. D\u00e9j\u00e0 titr\u00e9e vendredi <a href=\"https:\/\/dicodusport.fr\/blog\/cyclo-cross-europe-2023-lequipe-de-france-titree-en-relais-mixte\/\">sur le relais mixte<\/a>, <b>G\u00e9ry <\/b>confirme sa progression dans la cat\u00e9gorie juniors.<\/p>\n<blockquote class=\"twitter-tweet\">\n<p dir=\"ltr\" lang=\"fr\">D\u00e9j\u00e0 titr\u00e9e vendredi lors du relais mixte, la Fran\u00e7aise C\u00e9lia Gery (17 ans) devient cette fois championne d&rsquo;Europe juniors de cyclo-cross !<\/p>\n<p>5 courses vont suivre \u00e0 Pontch\u00e2teau, dont celles des \u00c9lites (14h, 15h10). \ud83d\udcfa L&rsquo;\u00c9quipe et Eurosport 2. <a href=\"https:\/\/twitter.com\/hashtag\/EuroCross23?src=hash&amp;ref_src=twsrc%5Etfw\">#EuroCross23<\/a> <a href=\"https:\/\/t.co\/N8TIwWexV8\">pic.twitter.com\/N8TIwWexV8<\/a><\/p>\n<p>\u2014 Le Gruppetto (@LeGruppetto) <a href=\"https:\/\/twitter.com\/LeGruppetto\/status\/1721087077343691239?ref_src=twsrc%5Etfw\">November 5, 2023<\/a><\/p><\/blockquote>\n<p><script async src=\"https:\/\/platform.twitter.com\/widgets.js\" charset=\"utf-8\"><\/script><\/p>\n","protected":false},"excerpt":{"rendered":"<p>CHAMPIONNATS D&rsquo;EUROPE DE CYCLO-CROSS 2023 &#8211; \u00c0 Pontch\u00e2teau (Loire-Atlantique), la Fran\u00e7aise C\u00e9lia G\u00e9ry, 17 ans, est devenue championne d&rsquo;Europe juniors de cyclo-cross. Au terme des quatre tours, elle devance la Britannique Cat Ferguson et la Slovaque Viktoria Chladonova.<\/p>\n","protected":false},"author":4,"featured_media":434984,"comment_status":"open","ping_status":"closed","sticky":false,"template":"","format":"standard","meta":{"_acf_changed":false,"_daextam_enable_autolinks":"1","footnotes":""},"categories":[9611],"tags":[16878,12436,6666,35622,3877],"class_list":["post-434954","post","type-post","status-publish","format-standard","has-post-thumbnail","hentry","category-cyclo-cross","tag-breve","tag-championnats-deurope-de-cyclo-cross","tag-cyclo-cross","tag-pont-chateau","tag-relais-mixte"],"acf":[],"yoast_head":"<!-- This site is optimized with the Yoast SEO Premium plugin v26.7 (Yoast SEO v26.7) - https:\/\/yoast.com\/wordpress\/plugins\/seo\/ -->\n<title>Cyclo-cross Europe 2023 : C\u00e9lia G\u00e9ry s&#039;offre le titre europ\u00e9en chez les juniors<\/title>\n<meta name=\"description\" content=\"CHAMPIONNATS D&#039;EUROPE DE CYCLO-CROSS 2023 - \u00c0 Pontch\u00e2teau, la Fran\u00e7aise C\u00e9lia G\u00e9ry, 17 ans, est devenue championne d&#039;Europe juniors de cyclo-cross.\" \/>\n<meta name=\"robots\" content=\"index, follow, max-snippet:-1, max-image-preview:large, max-video-preview:-1\" \/>\n<link rel=\"canonical\" href=\"https:\/\/dicodusport.fr\/blog\/cyclo-cross-europe-2023-celia-gery-soffre-le-titre-europeen-chez-les-juniors\/\" \/>\n<meta property=\"og:locale\" content=\"fr_FR\" \/>\n<meta property=\"og:type\" content=\"article\" \/>\n<meta property=\"og:title\" content=\"Cyclo-cross Europe 2023 : C\u00e9lia G\u00e9ry s&#039;offre le titre europ\u00e9en chez les juniors\" \/>\n<meta property=\"og:description\" content=\"CHAMPIONNATS D&#039;EUROPE DE CYCLO-CROSS 2023 - \u00c0 Pontch\u00e2teau, la Fran\u00e7aise C\u00e9lia G\u00e9ry, 17 ans, est devenue championne d&#039;Europe juniors de cyclo-cross.\" \/>\n<meta property=\"og:url\" content=\"https:\/\/dicodusport.fr\/blog\/cyclo-cross-europe-2023-celia-gery-soffre-le-titre-europeen-chez-les-juniors\/\" \/>\n<meta property=\"og:site_name\" content=\"Dicodusport\" \/>\n<meta property=\"article:publisher\" content=\"https:\/\/www.facebook.com\/dicodusport\" \/>\n<meta property=\"article:author\" content=\"https:\/\/www.facebook.com\/florent.ostermann\" \/>\n<meta property=\"article:published_time\" content=\"2023-11-05T09:21:27+00:00\" \/>\n<meta property=\"article:modified_time\" content=\"2023-11-05T15:30:44+00:00\" \/>\n<meta property=\"og:image\" content=\"https:\/\/dicodusport.fr\/blog\/wp-content\/uploads\/2023\/11\/Cyclo-cross-Europe-2023-Celia-Gery-soffre-le-titre-europeen-chez-les-juniors-1.png\" \/>\n\t<meta property=\"og:image:width\" content=\"800\" \/>\n\t<meta property=\"og:image:height\" content=\"445\" \/>\n\t<meta property=\"og:image:type\" content=\"image\/png\" \/>\n<meta name=\"author\" content=\"Flo Ostermann\" \/>\n<meta name=\"twitter:card\" content=\"summary_large_image\" \/>\n<meta name=\"twitter:title\" content=\"Cyclo-cross Europe 2023 : C\u00e9lia G\u00e9ry s&#039;offre le titre europ\u00e9en chez les juniors\" \/>\n<meta name=\"twitter:creator\" content=\"@https:\/\/twitter.com\/FlOstermann\" \/>\n<meta name=\"twitter:site\" content=\"@dicodusport\" \/>\n<script type=\"application\/ld+json\" class=\"yoast-schema-graph\">{\"@context\":\"https:\/\/schema.org\",\"@graph\":[{\"@type\":\"NewsArticle\",\"@id\":\"https:\/\/dicodusport.fr\/blog\/cyclo-cross-europe-2023-celia-gery-soffre-le-titre-europeen-chez-les-juniors\/#article\",\"isPartOf\":{\"@id\":\"https:\/\/dicodusport.fr\/blog\/cyclo-cross-europe-2023-celia-gery-soffre-le-titre-europeen-chez-les-juniors\/\"},\"author\":{\"name\":\"Flo Ostermann\",\"@id\":\"https:\/\/dicodusport.fr\/blog\/#\/schema\/person\/cb02af4c173ce4a653b55e9baf388d4a\"},\"headline\":\"Cyclo-cross Europe 2023 : C\u00e9lia G\u00e9ry s&rsquo;offre le titre europ\u00e9en chez les juniors\",\"datePublished\":\"2023-11-05T09:21:27+00:00\",\"dateModified\":\"2023-11-05T15:30:44+00:00\",\"mainEntityOfPage\":{\"@id\":\"https:\/\/dicodusport.fr\/blog\/cyclo-cross-europe-2023-celia-gery-soffre-le-titre-europeen-chez-les-juniors\/\"},\"wordCount\":292,\"commentCount\":0,\"publisher\":{\"@id\":\"https:\/\/dicodusport.fr\/blog\/#organization\"},\"image\":{\"@id\":\"https:\/\/dicodusport.fr\/blog\/cyclo-cross-europe-2023-celia-gery-soffre-le-titre-europeen-chez-les-juniors\/#primaryimage\"},\"thumbnailUrl\":\"https:\/\/dicodusport.fr\/blog\/wp-content\/uploads\/2023\/11\/Cyclo-cross-Europe-2023-Celia-Gery-soffre-le-titre-europeen-chez-les-juniors-1.png\",\"keywords\":[\"br\u00e8ve\",\"Championnats d'Europe de cyclo-cross\",\"Cyclo-cross\",\"Pont-Ch\u00e2teau\",\"Relais Mixte\"],\"articleSection\":[\"Cyclo-cross\"],\"inLanguage\":\"fr-FR\",\"potentialAction\":[{\"@type\":\"CommentAction\",\"name\":\"Comment\",\"target\":[\"https:\/\/dicodusport.fr\/blog\/cyclo-cross-europe-2023-celia-gery-soffre-le-titre-europeen-chez-les-juniors\/#respond\"]}],\"copyrightYear\":\"2023\",\"copyrightHolder\":{\"@id\":\"https:\/\/dicodusport.fr\/blog\/#organization\"}},{\"@type\":\"WebPage\",\"@id\":\"https:\/\/dicodusport.fr\/blog\/cyclo-cross-europe-2023-celia-gery-soffre-le-titre-europeen-chez-les-juniors\/\",\"url\":\"https:\/\/dicodusport.fr\/blog\/cyclo-cross-europe-2023-celia-gery-soffre-le-titre-europeen-chez-les-juniors\/\",\"name\":\"Cyclo-cross Europe 2023 : C\u00e9lia G\u00e9ry s'offre le titre europ\u00e9en chez les juniors\",\"isPartOf\":{\"@id\":\"https:\/\/dicodusport.fr\/blog\/#website\"},\"primaryImageOfPage\":{\"@id\":\"https:\/\/dicodusport.fr\/blog\/cyclo-cross-europe-2023-celia-gery-soffre-le-titre-europeen-chez-les-juniors\/#primaryimage\"},\"image\":{\"@id\":\"https:\/\/dicodusport.fr\/blog\/cyclo-cross-europe-2023-celia-gery-soffre-le-titre-europeen-chez-les-juniors\/#primaryimage\"},\"thumbnailUrl\":\"https:\/\/dicodusport.fr\/blog\/wp-content\/uploads\/2023\/11\/Cyclo-cross-Europe-2023-Celia-Gery-soffre-le-titre-europeen-chez-les-juniors-1.png\",\"datePublished\":\"2023-11-05T09:21:27+00:00\",\"dateModified\":\"2023-11-05T15:30:44+00:00\",\"description\":\"CHAMPIONNATS D'EUROPE DE CYCLO-CROSS 2023 - \u00c0 Pontch\u00e2teau, la Fran\u00e7aise C\u00e9lia G\u00e9ry, 17 ans, est devenue championne d'Europe juniors de cyclo-cross.\",\"breadcrumb\":{\"@id\":\"https:\/\/dicodusport.fr\/blog\/cyclo-cross-europe-2023-celia-gery-soffre-le-titre-europeen-chez-les-juniors\/#breadcrumb\"},\"inLanguage\":\"fr-FR\",\"potentialAction\":[{\"@type\":\"ReadAction\",\"target\":[\"https:\/\/dicodusport.fr\/blog\/cyclo-cross-europe-2023-celia-gery-soffre-le-titre-europeen-chez-les-juniors\/\"]}]},{\"@type\":\"ImageObject\",\"inLanguage\":\"fr-FR\",\"@id\":\"https:\/\/dicodusport.fr\/blog\/cyclo-cross-europe-2023-celia-gery-soffre-le-titre-europeen-chez-les-juniors\/#primaryimage\",\"url\":\"https:\/\/dicodusport.fr\/blog\/wp-content\/uploads\/2023\/11\/Cyclo-cross-Europe-2023-Celia-Gery-soffre-le-titre-europeen-chez-les-juniors-1.png\",\"contentUrl\":\"https:\/\/dicodusport.fr\/blog\/wp-content\/uploads\/2023\/11\/Cyclo-cross-Europe-2023-Celia-Gery-soffre-le-titre-europeen-chez-les-juniors-1.png\",\"width\":800,\"height\":445,\"caption\":\"Cyclo-cross Europe 2023 C\u00e9lia G\u00e9ry s'offre le titre europ\u00e9en chez les juniors (1)\"},{\"@type\":\"BreadcrumbList\",\"@id\":\"https:\/\/dicodusport.fr\/blog\/cyclo-cross-europe-2023-celia-gery-soffre-le-titre-europeen-chez-les-juniors\/#breadcrumb\",\"itemListElement\":[{\"@type\":\"ListItem\",\"position\":1,\"name\":\"Accueil\",\"item\":\"https:\/\/dicodusport.fr\/blog\/\"},{\"@type\":\"ListItem\",\"position\":2,\"name\":\"Cyclo-cross Europe 2023 : C\u00e9lia G\u00e9ry s&rsquo;offre le titre europ\u00e9en chez les juniors\"}]},{\"@type\":\"WebSite\",\"@id\":\"https:\/\/dicodusport.fr\/blog\/#website\",\"url\":\"https:\/\/dicodusport.fr\/blog\/\",\"name\":\"Dicodusport\",\"description\":\"L&#039;encyclop\u00e9die de l&#039;actualit\u00e9 sportive\",\"publisher\":{\"@id\":\"https:\/\/dicodusport.fr\/blog\/#organization\"},\"potentialAction\":[{\"@type\":\"SearchAction\",\"target\":{\"@type\":\"EntryPoint\",\"urlTemplate\":\"https:\/\/dicodusport.fr\/blog\/?s={search_term_string}\"},\"query-input\":{\"@type\":\"PropertyValueSpecification\",\"valueRequired\":true,\"valueName\":\"search_term_string\"}}],\"inLanguage\":\"fr-FR\"},{\"@type\":\"NewsMediaOrganization\",\"@id\":\"https:\/\/dicodusport.fr\/blog\/#organization\",\"name\":\"Dicodusport\",\"url\":\"https:\/\/dicodusport.fr\/blog\/\",\"logo\":{\"@type\":\"ImageObject\",\"inLanguage\":\"fr-FR\",\"@id\":\"https:\/\/dicodusport.fr\/blog\/#\/schema\/logo\/image\/\",\"url\":\"https:\/\/dicodusport.fr\/blog\/wp-content\/uploads\/2020\/06\/cropped-LOGO-DICODUSPORT-2020-SANS-FOND-SANS-TEXTE.png\",\"contentUrl\":\"https:\/\/dicodusport.fr\/blog\/wp-content\/uploads\/2020\/06\/cropped-LOGO-DICODUSPORT-2020-SANS-FOND-SANS-TEXTE.png\",\"width\":512,\"height\":512,\"caption\":\"Dicodusport\"},\"image\":{\"@id\":\"https:\/\/dicodusport.fr\/blog\/#\/schema\/logo\/image\/\"},\"sameAs\":[\"https:\/\/www.facebook.com\/dicodusport\",\"https:\/\/x.com\/dicodusport\",\"https:\/\/www.instagram.com\/dicodusport\/\",\"https:\/\/www.youtube.com\/channel\/UC7V2KZ5sd3htJivAbA4ZG3w\"],\"description\":\"Dicodusport est l'encyclop\u00e9die de l'actualit\u00e9 sportive.\",\"email\":\"bonjour@dicodusport.fr\",\"legalName\":\"DICODUSPORT\",\"foundingDate\":\"2018-01-14\",\"vatID\":\"FR71834470973\",\"taxID\":\"83447097300043\",\"numberOfEmployees\":{\"@type\":\"QuantitativeValue\",\"minValue\":\"1\",\"maxValue\":\"10\"}},{\"@type\":\"Person\",\"@id\":\"https:\/\/dicodusport.fr\/blog\/#\/schema\/person\/cb02af4c173ce4a653b55e9baf388d4a\",\"name\":\"Flo Ostermann\",\"image\":{\"@type\":\"ImageObject\",\"inLanguage\":\"fr-FR\",\"@id\":\"https:\/\/dicodusport.fr\/blog\/#\/schema\/person\/image\/\",\"url\":\"https:\/\/dicodusport.fr\/blog\/wp-content\/uploads\/2021\/05\/Flo-Ostermann-150x150.jpg\",\"contentUrl\":\"https:\/\/dicodusport.fr\/blog\/wp-content\/uploads\/2021\/05\/Flo-Ostermann-150x150.jpg\",\"caption\":\"Flo Ostermann\"},\"description\":\"Journaliste\/R\u00e9dacteur depuis septembre 2015 - Mes premiers souvenirs dans le sport ? Les envol\u00e9es du Stade Toulousain et les duels Villeneuve-Schumacher et H\u00e4kkinen-Schumacher \u00e0 la fin des ann\u00e9es 90, la Coupe du monde de football en 1998, l\u2019exploit du XV de France face aux All Blacks en 1999, mais aussi Richard C\u0153ur de Lion qui vole sur les montagnes du Tour de France. Bien parti pour devenir professeur d\u2019EPS, les \u00e9v\u00e9nements de la vie (et la flemme d\u2019animer des s\u00e9ances de 3x500 m\u00e8tres toute ma vie) m\u2019ont conduit \u00e0 revoir mes plans. Me voil\u00e0 depuis fin 2017 sur Dicodusport, m\u00e9dia gr\u00e2ce (et pour) lequel je partage ma passion : le sport dans tous ses \u00e9tats. Le tout accompagn\u00e9 par les fous furieux et folles furieuses cit\u00e9s sur cette page !\",\"sameAs\":[\"https:\/\/www.facebook.com\/florent.ostermann\",\"https:\/\/x.com\/https:\/\/twitter.com\/FlOstermann\",\"admin\"],\"url\":\"https:\/\/dicodusport.fr\/blog\/author\/flo\/\"}]}<\/script>\n<!-- \/ Yoast SEO Premium plugin. -->","yoast_head_json":{"title":"Cyclo-cross Europe 2023 : C\u00e9lia G\u00e9ry s'offre le titre europ\u00e9en chez les juniors","description":"CHAMPIONNATS D'EUROPE DE CYCLO-CROSS 2023 - \u00c0 Pontch\u00e2teau, la Fran\u00e7aise C\u00e9lia G\u00e9ry, 17 ans, est devenue championne d'Europe juniors de cyclo-cross.","robots":{"index":"index","follow":"follow","max-snippet":"max-snippet:-1","max-image-preview":"max-image-preview:large","max-video-preview":"max-video-preview:-1"},"canonical":"https:\/\/dicodusport.fr\/blog\/cyclo-cross-europe-2023-celia-gery-soffre-le-titre-europeen-chez-les-juniors\/","og_locale":"fr_FR","og_type":"article","og_title":"Cyclo-cross Europe 2023 : C\u00e9lia G\u00e9ry s'offre le titre europ\u00e9en chez les juniors","og_description":"CHAMPIONNATS D'EUROPE DE CYCLO-CROSS 2023 - \u00c0 Pontch\u00e2teau, la Fran\u00e7aise C\u00e9lia G\u00e9ry, 17 ans, est devenue championne d'Europe juniors de cyclo-cross.","og_url":"https:\/\/dicodusport.fr\/blog\/cyclo-cross-europe-2023-celia-gery-soffre-le-titre-europeen-chez-les-juniors\/","og_site_name":"Dicodusport","article_publisher":"https:\/\/www.facebook.com\/dicodusport","article_author":"https:\/\/www.facebook.com\/florent.ostermann","article_published_time":"2023-11-05T09:21:27+00:00","article_modified_time":"2023-11-05T15:30:44+00:00","og_image":[{"width":800,"height":445,"url":"https:\/\/dicodusport.fr\/blog\/wp-content\/uploads\/2023\/11\/Cyclo-cross-Europe-2023-Celia-Gery-soffre-le-titre-europeen-chez-les-juniors-1.png","type":"image\/png"}],"author":"Flo Ostermann","twitter_card":"summary_large_image","twitter_title":"Cyclo-cross Europe 2023 : C\u00e9lia G\u00e9ry s'offre le titre europ\u00e9en chez les juniors","twitter_creator":"@https:\/\/twitter.com\/FlOstermann","twitter_site":"@dicodusport","schema":{"@context":"https:\/\/schema.org","@graph":[{"@type":"NewsArticle","@id":"https:\/\/dicodusport.fr\/blog\/cyclo-cross-europe-2023-celia-gery-soffre-le-titre-europeen-chez-les-juniors\/#article","isPartOf":{"@id":"https:\/\/dicodusport.fr\/blog\/cyclo-cross-europe-2023-celia-gery-soffre-le-titre-europeen-chez-les-juniors\/"},"author":{"name":"Flo Ostermann","@id":"https:\/\/dicodusport.fr\/blog\/#\/schema\/person\/cb02af4c173ce4a653b55e9baf388d4a"},"headline":"Cyclo-cross Europe 2023 : C\u00e9lia G\u00e9ry s&rsquo;offre le titre europ\u00e9en chez les juniors","datePublished":"2023-11-05T09:21:27+00:00","dateModified":"2023-11-05T15:30:44+00:00","mainEntityOfPage":{"@id":"https:\/\/dicodusport.fr\/blog\/cyclo-cross-europe-2023-celia-gery-soffre-le-titre-europeen-chez-les-juniors\/"},"wordCount":292,"commentCount":0,"publisher":{"@id":"https:\/\/dicodusport.fr\/blog\/#organization"},"image":{"@id":"https:\/\/dicodusport.fr\/blog\/cyclo-cross-europe-2023-celia-gery-soffre-le-titre-europeen-chez-les-juniors\/#primaryimage"},"thumbnailUrl":"https:\/\/dicodusport.fr\/blog\/wp-content\/uploads\/2023\/11\/Cyclo-cross-Europe-2023-Celia-Gery-soffre-le-titre-europeen-chez-les-juniors-1.png","keywords":["br\u00e8ve","Championnats d'Europe de cyclo-cross","Cyclo-cross","Pont-Ch\u00e2teau","Relais Mixte"],"articleSection":["Cyclo-cross"],"inLanguage":"fr-FR","potentialAction":[{"@type":"CommentAction","name":"Comment","target":["https:\/\/dicodusport.fr\/blog\/cyclo-cross-europe-2023-celia-gery-soffre-le-titre-europeen-chez-les-juniors\/#respond"]}],"copyrightYear":"2023","copyrightHolder":{"@id":"https:\/\/dicodusport.fr\/blog\/#organization"}},{"@type":"WebPage","@id":"https:\/\/dicodusport.fr\/blog\/cyclo-cross-europe-2023-celia-gery-soffre-le-titre-europeen-chez-les-juniors\/","url":"https:\/\/dicodusport.fr\/blog\/cyclo-cross-europe-2023-celia-gery-soffre-le-titre-europeen-chez-les-juniors\/","name":"Cyclo-cross Europe 2023 : C\u00e9lia G\u00e9ry s'offre le titre europ\u00e9en chez les juniors","isPartOf":{"@id":"https:\/\/dicodusport.fr\/blog\/#website"},"primaryImageOfPage":{"@id":"https:\/\/dicodusport.fr\/blog\/cyclo-cross-europe-2023-celia-gery-soffre-le-titre-europeen-chez-les-juniors\/#primaryimage"},"image":{"@id":"https:\/\/dicodusport.fr\/blog\/cyclo-cross-europe-2023-celia-gery-soffre-le-titre-europeen-chez-les-juniors\/#primaryimage"},"thumbnailUrl":"https:\/\/dicodusport.fr\/blog\/wp-content\/uploads\/2023\/11\/Cyclo-cross-Europe-2023-Celia-Gery-soffre-le-titre-europeen-chez-les-juniors-1.png","datePublished":"2023-11-05T09:21:27+00:00","dateModified":"2023-11-05T15:30:44+00:00","description":"CHAMPIONNATS D'EUROPE DE CYCLO-CROSS 2023 - \u00c0 Pontch\u00e2teau, la Fran\u00e7aise C\u00e9lia G\u00e9ry, 17 ans, est devenue championne d'Europe juniors de cyclo-cross.","breadcrumb":{"@id":"https:\/\/dicodusport.fr\/blog\/cyclo-cross-europe-2023-celia-gery-soffre-le-titre-europeen-chez-les-juniors\/#breadcrumb"},"inLanguage":"fr-FR","potentialAction":[{"@type":"ReadAction","target":["https:\/\/dicodusport.fr\/blog\/cyclo-cross-europe-2023-celia-gery-soffre-le-titre-europeen-chez-les-juniors\/"]}]},{"@type":"ImageObject","inLanguage":"fr-FR","@id":"https:\/\/dicodusport.fr\/blog\/cyclo-cross-europe-2023-celia-gery-soffre-le-titre-europeen-chez-les-juniors\/#primaryimage","url":"https:\/\/dicodusport.fr\/blog\/wp-content\/uploads\/2023\/11\/Cyclo-cross-Europe-2023-Celia-Gery-soffre-le-titre-europeen-chez-les-juniors-1.png","contentUrl":"https:\/\/dicodusport.fr\/blog\/wp-content\/uploads\/2023\/11\/Cyclo-cross-Europe-2023-Celia-Gery-soffre-le-titre-europeen-chez-les-juniors-1.png","width":800,"height":445,"caption":"Cyclo-cross Europe 2023 C\u00e9lia G\u00e9ry s'offre le titre europ\u00e9en chez les juniors (1)"},{"@type":"BreadcrumbList","@id":"https:\/\/dicodusport.fr\/blog\/cyclo-cross-europe-2023-celia-gery-soffre-le-titre-europeen-chez-les-juniors\/#breadcrumb","itemListElement":[{"@type":"ListItem","position":1,"name":"Accueil","item":"https:\/\/dicodusport.fr\/blog\/"},{"@type":"ListItem","position":2,"name":"Cyclo-cross Europe 2023 : C\u00e9lia G\u00e9ry s&rsquo;offre le titre europ\u00e9en chez les juniors"}]},{"@type":"WebSite","@id":"https:\/\/dicodusport.fr\/blog\/#website","url":"https:\/\/dicodusport.fr\/blog\/","name":"Dicodusport","description":"L&#039;encyclop\u00e9die de l&#039;actualit\u00e9 sportive","publisher":{"@id":"https:\/\/dicodusport.fr\/blog\/#organization"},"potentialAction":[{"@type":"SearchAction","target":{"@type":"EntryPoint","urlTemplate":"https:\/\/dicodusport.fr\/blog\/?s={search_term_string}"},"query-input":{"@type":"PropertyValueSpecification","valueRequired":true,"valueName":"search_term_string"}}],"inLanguage":"fr-FR"},{"@type":"NewsMediaOrganization","@id":"https:\/\/dicodusport.fr\/blog\/#organization","name":"Dicodusport","url":"https:\/\/dicodusport.fr\/blog\/","logo":{"@type":"ImageObject","inLanguage":"fr-FR","@id":"https:\/\/dicodusport.fr\/blog\/#\/schema\/logo\/image\/","url":"https:\/\/dicodusport.fr\/blog\/wp-content\/uploads\/2020\/06\/cropped-LOGO-DICODUSPORT-2020-SANS-FOND-SANS-TEXTE.png","contentUrl":"https:\/\/dicodusport.fr\/blog\/wp-content\/uploads\/2020\/06\/cropped-LOGO-DICODUSPORT-2020-SANS-FOND-SANS-TEXTE.png","width":512,"height":512,"caption":"Dicodusport"},"image":{"@id":"https:\/\/dicodusport.fr\/blog\/#\/schema\/logo\/image\/"},"sameAs":["https:\/\/www.facebook.com\/dicodusport","https:\/\/x.com\/dicodusport","https:\/\/www.instagram.com\/dicodusport\/","https:\/\/www.youtube.com\/channel\/UC7V2KZ5sd3htJivAbA4ZG3w"],"description":"Dicodusport est l'encyclop\u00e9die de l'actualit\u00e9 sportive.","email":"bonjour@dicodusport.fr","legalName":"DICODUSPORT","foundingDate":"2018-01-14","vatID":"FR71834470973","taxID":"83447097300043","numberOfEmployees":{"@type":"QuantitativeValue","minValue":"1","maxValue":"10"}},{"@type":"Person","@id":"https:\/\/dicodusport.fr\/blog\/#\/schema\/person\/cb02af4c173ce4a653b55e9baf388d4a","name":"Flo Ostermann","image":{"@type":"ImageObject","inLanguage":"fr-FR","@id":"https:\/\/dicodusport.fr\/blog\/#\/schema\/person\/image\/","url":"https:\/\/dicodusport.fr\/blog\/wp-content\/uploads\/2021\/05\/Flo-Ostermann-150x150.jpg","contentUrl":"https:\/\/dicodusport.fr\/blog\/wp-content\/uploads\/2021\/05\/Flo-Ostermann-150x150.jpg","caption":"Flo Ostermann"},"description":"Journaliste\/R\u00e9dacteur depuis septembre 2015 - Mes premiers souvenirs dans le sport ? Les envol\u00e9es du Stade Toulousain et les duels Villeneuve-Schumacher et H\u00e4kkinen-Schumacher \u00e0 la fin des ann\u00e9es 90, la Coupe du monde de football en 1998, l\u2019exploit du XV de France face aux All Blacks en 1999, mais aussi Richard C\u0153ur de Lion qui vole sur les montagnes du Tour de France. Bien parti pour devenir professeur d\u2019EPS, les \u00e9v\u00e9nements de la vie (et la flemme d\u2019animer des s\u00e9ances de 3x500 m\u00e8tres toute ma vie) m\u2019ont conduit \u00e0 revoir mes plans. Me voil\u00e0 depuis fin 2017 sur Dicodusport, m\u00e9dia gr\u00e2ce (et pour) lequel je partage ma passion : le sport dans tous ses \u00e9tats. Le tout accompagn\u00e9 par les fous furieux et folles furieuses cit\u00e9s sur cette page !","sameAs":["https:\/\/www.facebook.com\/florent.ostermann","https:\/\/x.com\/https:\/\/twitter.com\/FlOstermann","admin"],"url":"https:\/\/dicodusport.fr\/blog\/author\/flo\/"}]}},"_links":{"self":[{"href":"https:\/\/dicodusport.fr\/blog\/wp-json\/wp\/v2\/posts\/434954","targetHints":{"allow":["GET"]}}],"collection":[{"href":"https:\/\/dicodusport.fr\/blog\/wp-json\/wp\/v2\/posts"}],"about":[{"href":"https:\/\/dicodusport.fr\/blog\/wp-json\/wp\/v2\/types\/post"}],"author":[{"embeddable":true,"href":"https:\/\/dicodusport.fr\/blog\/wp-json\/wp\/v2\/users\/4"}],"replies":[{"embeddable":true,"href":"https:\/\/dicodusport.fr\/blog\/wp-json\/wp\/v2\/comments?post=434954"}],"version-history":[{"count":0,"href":"https:\/\/dicodusport.fr\/blog\/wp-json\/wp\/v2\/posts\/434954\/revisions"}],"wp:featuredmedia":[{"embeddable":true,"href":"https:\/\/dicodusport.fr\/blog\/wp-json\/wp\/v2\/media\/434984"}],"wp:attachment":[{"href":"https:\/\/dicodusport.fr\/blog\/wp-json\/wp\/v2\/media?parent=434954"}],"wp:term":[{"taxonomy":"category","embeddable":true,"href":"https:\/\/dicodusport.fr\/blog\/wp-json\/wp\/v2\/categories?post=434954"},{"taxonomy":"post_tag","embeddable":true,"href":"https:\/\/dicodusport.fr\/blog\/wp-json\/wp\/v2\/tags?post=434954"}],"curies":[{"name":"wp","href":"https:\/\/api.w.org\/{rel}","templated":true}]}}