{"id":435065,"date":"2023-11-05T18:05:26","date_gmt":"2023-11-05T17:05:26","guid":{"rendered":"https:\/\/dicodusport.fr\/blog\/?p=435065&#038;preview=true&#038;preview_id=435065"},"modified":"2023-11-05T20:07:52","modified_gmt":"2023-11-05T19:07:52","slug":"judo-4e-titre-europeen-pour-romane-dicko","status":"publish","type":"post","link":"https:\/\/dicodusport.fr\/blog\/judo-4e-titre-europeen-pour-romane-dicko\/","title":{"rendered":"Judo : 4e titre europ\u00e9en pour Romane Dicko !"},"content":{"rendered":"<p style=\"text-align: justify;\"><strong><em><a title=\"Programme et r\u00e9sultats Championnats d\u2019Europe de judo 2023\" href=\"https:\/\/dicodusport.fr\/blog\/programme-et-resultats-championnats-deurope-de-judo-2023\/\" target=\"_blank\" rel=\"noopener\">CHAMPIONNATS D&rsquo;EUROPE DE JUDO 2023<\/a> &#8211; Romane Dicko est incroyable et elle remporte un 4e titre europ\u00e9en chez les seniors, le 2e d&rsquo;affil\u00e9e.<br \/>\n<\/em><\/strong><\/p>\n<h2 style=\"text-align: justify;\">Dicko reine d&rsquo;Europe<\/h2>\n<p style=\"text-align: justify;\"><strong>Romane Dicko<\/strong> (+78 kg) a encha\u00een\u00e9 les immobilisations : rapidement au 2e tour face \u00e0 <strong>Maria Hoellwart<\/strong>, puis en quarts face \u00e0 <strong>Karen Stevenson<\/strong> et enfin en demi-finales face \u00e0 <strong>Marit Kamps<\/strong>.<\/p>\n<p style=\"text-align: justify;\">En finale, elle faisait face \u00e0 <strong>Raz Hershko<\/strong> pour la 4e fois de sa carri\u00e8re. Et elle n&rsquo;avait connu aucune d\u00e9faite. La num\u00e9ro 1 face \u00e0 la num\u00e9ro 2, que demander de plus ? Mais l&rsquo;Isra\u00e9lienne, 3e des mondiaux ne connaitra pas sa premi\u00e8re victoire face \u00e0 la Fran\u00e7aise. Car en moins de 30 secondes, c&rsquo;est un nouvel ippon pour Dicko qui n&rsquo;aura pas eu besoin d&rsquo;aller au sol.<\/p>\n<blockquote class=\"twitter-tweet\">\n<p dir=\"ltr\" lang=\"fr\">\ud83c\uddeb\ud83c\uddf7\ud83d\ude0d Victoire \u00e9clair pour Romane Dicko !! Elle conserve son titre ! La Fran\u00e7aise remporte son 4e titre europ\u00e9en<a href=\"https:\/\/twitter.com\/hashtag\/lequipeJUDO?src=hash&amp;ref_src=twsrc%5Etfw\">#lequipeJUDO<\/a> <a href=\"https:\/\/t.co\/FCePtRUtqU\">pic.twitter.com\/FCePtRUtqU<\/a><\/p>\n<p>\u2014 la chaine L&rsquo;\u00c9quipe (@lachainelequipe) <a href=\"https:\/\/twitter.com\/lachainelequipe\/status\/1721212271504880059?ref_src=twsrc%5Etfw\">November 5, 2023<\/a><\/p><\/blockquote>\n<p><script async src=\"https:\/\/platform.twitter.com\/widgets.js\" charset=\"utf-8\"><\/script><\/p>\n<p style=\"text-align: justify;\">Apr\u00e8s deux m\u00e9dailles de bronze en grand slam en d\u00e9but d&rsquo;ann\u00e9e, <strong>Romane Dicko<\/strong> avait \u00e9t\u00e9 \u00e9limin\u00e9e d\u00e8s son entr\u00e9e en lice au deuxi\u00e8me tour des Mondiaux. Cet accident de parcours pass\u00e9, elle avait conquis un <a title=\"Masters de judo 2023 : Romane Dicko d\u00e9croche l\u2019or en battant en finale sa compatriote Julia Tolofua\" href=\"https:\/\/dicodusport.fr\/blog\/masters-de-judo-2023-romane-dicko-decroche-lor-en-battant-en-finale-sa-compatriote-julia-tolofua\/\" target=\"_blank\" rel=\"noopener\">troisi\u00e8me titre d&rsquo;affil\u00e9e en Masters<\/a>. Pour son retour sur les tatamis, elle signe ainsi une nouvelle victoire europ\u00e9enne apr\u00e8s 2018, 2020 et 2022. Toujours vainqueur au niveau continental quand elle s&rsquo;est pr\u00e9sent\u00e9e. Et \u00e7a remonte d\u00e9j\u00e0 au niveau cadet (2016) et junior (2017).<\/p>\n<h2>Alexis Mathieu termine 7e<\/h2>\n<p style=\"text-align: justify;\"><strong>Alexis Mathieu<\/strong> (-90 kg) a r\u00e9pondu au waza-ari de Komelius Eilertsen par un ippon. Au 2e tour il affrontait Sami Chouchi, 3e l&rsquo;ann\u00e9e derni\u00e8re. Il s&rsquo;est impos\u00e9 sur en marquant un waza-ari puis un ippon. En quarts, il affrontait le champion olympique <strong>Lasha Bekauri<\/strong> vice-champion du monde et m\u00e9daill\u00e9 d&rsquo;argent au Masters. Il a longtemps r\u00e9sist\u00e9 mais a fini par s&rsquo;incliner sur ippon.<\/p>\n<p style=\"text-align: justify;\">Aux rep\u00eachages, il a c\u00e9d\u00e9 sur waza-ari face \u00e0 Mansur Lorsanov.<\/p>\n<p style=\"text-align: justify;\">Dans la m\u00eame cat\u00e9gorie, <strong>Axel Clerget<\/strong> a battu David Klammert apr\u00e8s s&rsquo;\u00eatre longtemps fait soigner pour mettre un bandage \u00e0 la t\u00eate. Lanc\u00e9 dans une immobilisation, le Tch\u00e8que a tap\u00e9 avant la fin du d\u00e9compte. Au 2e tour, il a \u00e9t\u00e9 \u00e9limin\u00e9 au golden score par Mihael Zgank.<\/p>\n<p style=\"text-align: justify;\">Autre homme engag\u00e9, <strong>Aur\u00e9lien Diesse<\/strong> (-100 kg) s&rsquo;est inclin\u00e9 au golden score sur hansoku-make face \u00e0 Michael Korrel.<\/p>\n<h2>Pas de m\u00e9daille chez les mi-lourdes<\/h2>\n<p style=\"text-align: justify;\"><strong>Audrey Tcheum\u00e9o<\/strong> (-78 kg) a battu Metka Lobnik au 2e tour sur hansoku-make avant de s&rsquo;incliner en quarts face \u00e0 Guusje Steenhuis sur waza-ari. La N\u00e9erlandaise a pris sa revanche sur la demi-finale perdue aux Mondiaux.<\/p>\n<p style=\"text-align: justify;\">En rep\u00eachages, la Fran\u00e7aise affrontait <strong>Inbar Lanir<\/strong> qui l&rsquo;avait battue en finale des Mondiaux. Et elle s&rsquo;est rapidement retrouv\u00e9e projet\u00e9e, abandonnant tout espoir de m\u00e9daille.<\/p>\n<p style=\"text-align: justify;\">Dans la m\u00eame cat\u00e9gorie, <strong>Madeleine Malonga<\/strong> a \u00e9t\u00e9 surprise par Yelyzaveta Lytvynenko au 2e tour. En d\u00e9but de golden score, elle partait pour un uchi-mata mais a \u00e9t\u00e9 contr\u00e9e par la jeune Ukrainienne de 19 ans contre qui elle n&rsquo;avait jamais perdu.<\/p>\n<p style=\"text-align: justify;\">La comp\u00e9tition n&rsquo;aura donc pas permis de donner une tendance pour la <strong>qualification olympique<\/strong>. M\u00eame si Audrey Tcheum\u00e9o qui vit une tr\u00e8s belle ann\u00e9e 2023 garde son avance au classement mondial (3e contre 5e).<\/p>\n","protected":false},"excerpt":{"rendered":"<p>CHAMPIONNATS D&rsquo;EUROPE DE JUDO 2023 &#8211; Romane Dicko est incroyable et elle remporte un 4e titre europ\u00e9en chez les seniors, le 2e d&rsquo;affil\u00e9e.<\/p>\n","protected":false},"author":12,"featured_media":435191,"comment_status":"open","ping_status":"closed","sticky":false,"template":"","format":"standard","meta":{"_acf_changed":false,"_daextam_enable_autolinks":"1","footnotes":""},"categories":[8651],"tags":[16041,3143,16878,4799,68,4687,2379,24],"class_list":["post-435065","post","type-post","status-publish","format-standard","has-post-thumbnail","hentry","category-judo","tag-alexis-mathieu","tag-audrey-tcheumeo","tag-breve","tag-championnats-deurope","tag-judo","tag-madeleine-malonga","tag-romane-dicko","tag-sport"],"acf":[],"yoast_head":"<!-- This site is optimized with the Yoast SEO Premium plugin v26.7 (Yoast SEO v26.7) - https:\/\/yoast.com\/wordpress\/plugins\/seo\/ -->\n<title>Judo : 4e titre europ\u00e9en pour Romane Dicko !<\/title>\n<meta name=\"description\" content=\"CHAMPIONNATS D&#039;EUROPE DE JUDO 2023 - Romane Dicko est incroyable et elle remporte un 4e titre europ\u00e9en chez les seniors, le 2e d&#039;affil\u00e9e.\" \/>\n<meta name=\"robots\" content=\"index, follow, max-snippet:-1, max-image-preview:large, max-video-preview:-1\" \/>\n<link rel=\"canonical\" href=\"https:\/\/dicodusport.fr\/blog\/judo-4e-titre-europeen-pour-romane-dicko\/\" \/>\n<meta property=\"og:locale\" content=\"fr_FR\" \/>\n<meta property=\"og:type\" content=\"article\" \/>\n<meta property=\"og:title\" content=\"Judo : 4e titre europ\u00e9en pour Romane Dicko !\" \/>\n<meta property=\"og:description\" content=\"CHAMPIONNATS D&#039;EUROPE DE JUDO 2023 - Romane Dicko est incroyable et elle remporte un 4e titre europ\u00e9en chez les seniors, le 2e d&#039;affil\u00e9e.\" \/>\n<meta property=\"og:url\" content=\"https:\/\/dicodusport.fr\/blog\/judo-4e-titre-europeen-pour-romane-dicko\/\" \/>\n<meta property=\"og:site_name\" content=\"Dicodusport\" \/>\n<meta property=\"article:publisher\" content=\"https:\/\/www.facebook.com\/dicodusport\" \/>\n<meta property=\"article:published_time\" content=\"2023-11-05T17:05:26+00:00\" \/>\n<meta property=\"article:modified_time\" content=\"2023-11-05T19:07:52+00:00\" \/>\n<meta property=\"og:image\" content=\"https:\/\/dicodusport.fr\/blog\/wp-content\/uploads\/2023\/11\/Judo-2023-4e-titre-europeen-pour-Romane-Dicko.png\" \/>\n\t<meta property=\"og:image:width\" content=\"800\" \/>\n\t<meta property=\"og:image:height\" content=\"445\" \/>\n\t<meta property=\"og:image:type\" content=\"image\/png\" \/>\n<meta name=\"author\" content=\"Arlette Yeye\" \/>\n<meta name=\"twitter:card\" content=\"summary_large_image\" \/>\n<meta name=\"twitter:title\" content=\"Judo : 4e titre europ\u00e9en pour Romane Dicko !\" \/>\n<meta name=\"twitter:creator\" content=\"@https:\/\/twitter.com\/Shiclette94\" \/>\n<meta name=\"twitter:site\" content=\"@dicodusport\" \/>\n<script type=\"application\/ld+json\" class=\"yoast-schema-graph\">{\"@context\":\"https:\/\/schema.org\",\"@graph\":[{\"@type\":\"NewsArticle\",\"@id\":\"https:\/\/dicodusport.fr\/blog\/judo-4e-titre-europeen-pour-romane-dicko\/#article\",\"isPartOf\":{\"@id\":\"https:\/\/dicodusport.fr\/blog\/judo-4e-titre-europeen-pour-romane-dicko\/\"},\"author\":{\"name\":\"Arlette Yeye\",\"@id\":\"https:\/\/dicodusport.fr\/blog\/#\/schema\/person\/cce96fa88785bd8573e3d43078ac8c79\"},\"headline\":\"Judo : 4e titre europ\u00e9en pour Romane Dicko !\",\"datePublished\":\"2023-11-05T17:05:26+00:00\",\"dateModified\":\"2023-11-05T19:07:52+00:00\",\"mainEntityOfPage\":{\"@id\":\"https:\/\/dicodusport.fr\/blog\/judo-4e-titre-europeen-pour-romane-dicko\/\"},\"wordCount\":583,\"commentCount\":0,\"publisher\":{\"@id\":\"https:\/\/dicodusport.fr\/blog\/#organization\"},\"image\":{\"@id\":\"https:\/\/dicodusport.fr\/blog\/judo-4e-titre-europeen-pour-romane-dicko\/#primaryimage\"},\"thumbnailUrl\":\"https:\/\/dicodusport.fr\/blog\/wp-content\/uploads\/2023\/11\/Judo-2023-4e-titre-europeen-pour-Romane-Dicko.png\",\"keywords\":[\"Alexis Mathieu\",\"Audrey Tcheum\u00e9o\",\"br\u00e8ve\",\"Championnats d'Europe\",\"Judo\",\"Madeleine Malonga\",\"Romane Dicko\",\"sport\"],\"articleSection\":[\"Judo\"],\"inLanguage\":\"fr-FR\",\"potentialAction\":[{\"@type\":\"CommentAction\",\"name\":\"Comment\",\"target\":[\"https:\/\/dicodusport.fr\/blog\/judo-4e-titre-europeen-pour-romane-dicko\/#respond\"]}],\"copyrightYear\":\"2023\",\"copyrightHolder\":{\"@id\":\"https:\/\/dicodusport.fr\/blog\/#organization\"}},{\"@type\":\"WebPage\",\"@id\":\"https:\/\/dicodusport.fr\/blog\/judo-4e-titre-europeen-pour-romane-dicko\/\",\"url\":\"https:\/\/dicodusport.fr\/blog\/judo-4e-titre-europeen-pour-romane-dicko\/\",\"name\":\"Judo : 4e titre europ\u00e9en pour Romane Dicko !\",\"isPartOf\":{\"@id\":\"https:\/\/dicodusport.fr\/blog\/#website\"},\"primaryImageOfPage\":{\"@id\":\"https:\/\/dicodusport.fr\/blog\/judo-4e-titre-europeen-pour-romane-dicko\/#primaryimage\"},\"image\":{\"@id\":\"https:\/\/dicodusport.fr\/blog\/judo-4e-titre-europeen-pour-romane-dicko\/#primaryimage\"},\"thumbnailUrl\":\"https:\/\/dicodusport.fr\/blog\/wp-content\/uploads\/2023\/11\/Judo-2023-4e-titre-europeen-pour-Romane-Dicko.png\",\"datePublished\":\"2023-11-05T17:05:26+00:00\",\"dateModified\":\"2023-11-05T19:07:52+00:00\",\"description\":\"CHAMPIONNATS D'EUROPE DE JUDO 2023 - Romane Dicko est incroyable et elle remporte un 4e titre europ\u00e9en chez les seniors, le 2e d'affil\u00e9e.\",\"breadcrumb\":{\"@id\":\"https:\/\/dicodusport.fr\/blog\/judo-4e-titre-europeen-pour-romane-dicko\/#breadcrumb\"},\"inLanguage\":\"fr-FR\",\"potentialAction\":[{\"@type\":\"ReadAction\",\"target\":[\"https:\/\/dicodusport.fr\/blog\/judo-4e-titre-europeen-pour-romane-dicko\/\"]}]},{\"@type\":\"ImageObject\",\"inLanguage\":\"fr-FR\",\"@id\":\"https:\/\/dicodusport.fr\/blog\/judo-4e-titre-europeen-pour-romane-dicko\/#primaryimage\",\"url\":\"https:\/\/dicodusport.fr\/blog\/wp-content\/uploads\/2023\/11\/Judo-2023-4e-titre-europeen-pour-Romane-Dicko.png\",\"contentUrl\":\"https:\/\/dicodusport.fr\/blog\/wp-content\/uploads\/2023\/11\/Judo-2023-4e-titre-europeen-pour-Romane-Dicko.png\",\"width\":800,\"height\":445,\"caption\":\"Judo 2023 4e titre europ\u00e9en pour Romane Dicko\"},{\"@type\":\"BreadcrumbList\",\"@id\":\"https:\/\/dicodusport.fr\/blog\/judo-4e-titre-europeen-pour-romane-dicko\/#breadcrumb\",\"itemListElement\":[{\"@type\":\"ListItem\",\"position\":1,\"name\":\"Accueil\",\"item\":\"https:\/\/dicodusport.fr\/blog\/\"},{\"@type\":\"ListItem\",\"position\":2,\"name\":\"Judo : 4e titre europ\u00e9en pour Romane Dicko !\"}]},{\"@type\":\"WebSite\",\"@id\":\"https:\/\/dicodusport.fr\/blog\/#website\",\"url\":\"https:\/\/dicodusport.fr\/blog\/\",\"name\":\"Dicodusport\",\"description\":\"L&#039;encyclop\u00e9die de l&#039;actualit\u00e9 sportive\",\"publisher\":{\"@id\":\"https:\/\/dicodusport.fr\/blog\/#organization\"},\"potentialAction\":[{\"@type\":\"SearchAction\",\"target\":{\"@type\":\"EntryPoint\",\"urlTemplate\":\"https:\/\/dicodusport.fr\/blog\/?s={search_term_string}\"},\"query-input\":{\"@type\":\"PropertyValueSpecification\",\"valueRequired\":true,\"valueName\":\"search_term_string\"}}],\"inLanguage\":\"fr-FR\"},{\"@type\":\"NewsMediaOrganization\",\"@id\":\"https:\/\/dicodusport.fr\/blog\/#organization\",\"name\":\"Dicodusport\",\"url\":\"https:\/\/dicodusport.fr\/blog\/\",\"logo\":{\"@type\":\"ImageObject\",\"inLanguage\":\"fr-FR\",\"@id\":\"https:\/\/dicodusport.fr\/blog\/#\/schema\/logo\/image\/\",\"url\":\"https:\/\/dicodusport.fr\/blog\/wp-content\/uploads\/2020\/06\/cropped-LOGO-DICODUSPORT-2020-SANS-FOND-SANS-TEXTE.png\",\"contentUrl\":\"https:\/\/dicodusport.fr\/blog\/wp-content\/uploads\/2020\/06\/cropped-LOGO-DICODUSPORT-2020-SANS-FOND-SANS-TEXTE.png\",\"width\":512,\"height\":512,\"caption\":\"Dicodusport\"},\"image\":{\"@id\":\"https:\/\/dicodusport.fr\/blog\/#\/schema\/logo\/image\/\"},\"sameAs\":[\"https:\/\/www.facebook.com\/dicodusport\",\"https:\/\/x.com\/dicodusport\",\"https:\/\/www.instagram.com\/dicodusport\/\",\"https:\/\/www.youtube.com\/channel\/UC7V2KZ5sd3htJivAbA4ZG3w\"],\"description\":\"Dicodusport est l'encyclop\u00e9die de l'actualit\u00e9 sportive.\",\"email\":\"bonjour@dicodusport.fr\",\"legalName\":\"DICODUSPORT\",\"foundingDate\":\"2018-01-14\",\"vatID\":\"FR71834470973\",\"taxID\":\"83447097300043\",\"numberOfEmployees\":{\"@type\":\"QuantitativeValue\",\"minValue\":\"1\",\"maxValue\":\"10\"}},{\"@type\":\"Person\",\"@id\":\"https:\/\/dicodusport.fr\/blog\/#\/schema\/person\/cce96fa88785bd8573e3d43078ac8c79\",\"name\":\"Arlette Yeye\",\"image\":{\"@type\":\"ImageObject\",\"inLanguage\":\"fr-FR\",\"@id\":\"https:\/\/dicodusport.fr\/blog\/#\/schema\/person\/image\/\",\"url\":\"https:\/\/secure.gravatar.com\/avatar\/dca4a6239e6d708e46c45d60e160de6c?s=96&d=wp_user_avatar&r=g\",\"contentUrl\":\"https:\/\/secure.gravatar.com\/avatar\/dca4a6239e6d708e46c45d60e160de6c?s=96&d=wp_user_avatar&r=g\",\"caption\":\"Arlette Yeye\"},\"description\":\"Journaliste\/r\u00e9dactrice depuis septembre 2015 - Supportrice de Chelsea, j'ai pour sports de pr\u00e9dilection le handball, l'athl\u00e9tisme et le tennis. Si je tweete plus vite que mon ombre, vous pouvez aussi me retrouver les week-ends sur les playgrounds de Bruxelles pour un petit foot ou basket entre potes. Parcourir la France, l'Europe et plus si affinit\u00e9s pour suivre mes sportifs pr\u00e9f\u00e9r\u00e9s ? Mon kif ! Et c'est avec plaisir que je partage les r\u00e9sultats des sports populaires mais \u00e9galement plus confidentiels pour Dicodusport.\",\"sameAs\":[\"https:\/\/x.com\/https:\/\/twitter.com\/Shiclette94\"],\"url\":\"https:\/\/dicodusport.fr\/blog\/author\/arlette\/\"}]}<\/script>\n<!-- \/ Yoast SEO Premium plugin. -->","yoast_head_json":{"title":"Judo : 4e titre europ\u00e9en pour Romane Dicko !","description":"CHAMPIONNATS D'EUROPE DE JUDO 2023 - Romane Dicko est incroyable et elle remporte un 4e titre europ\u00e9en chez les seniors, le 2e d'affil\u00e9e.","robots":{"index":"index","follow":"follow","max-snippet":"max-snippet:-1","max-image-preview":"max-image-preview:large","max-video-preview":"max-video-preview:-1"},"canonical":"https:\/\/dicodusport.fr\/blog\/judo-4e-titre-europeen-pour-romane-dicko\/","og_locale":"fr_FR","og_type":"article","og_title":"Judo : 4e titre europ\u00e9en pour Romane Dicko !","og_description":"CHAMPIONNATS D'EUROPE DE JUDO 2023 - Romane Dicko est incroyable et elle remporte un 4e titre europ\u00e9en chez les seniors, le 2e d'affil\u00e9e.","og_url":"https:\/\/dicodusport.fr\/blog\/judo-4e-titre-europeen-pour-romane-dicko\/","og_site_name":"Dicodusport","article_publisher":"https:\/\/www.facebook.com\/dicodusport","article_published_time":"2023-11-05T17:05:26+00:00","article_modified_time":"2023-11-05T19:07:52+00:00","og_image":[{"width":800,"height":445,"url":"https:\/\/dicodusport.fr\/blog\/wp-content\/uploads\/2023\/11\/Judo-2023-4e-titre-europeen-pour-Romane-Dicko.png","type":"image\/png"}],"author":"Arlette Yeye","twitter_card":"summary_large_image","twitter_title":"Judo : 4e titre europ\u00e9en pour Romane Dicko !","twitter_creator":"@https:\/\/twitter.com\/Shiclette94","twitter_site":"@dicodusport","schema":{"@context":"https:\/\/schema.org","@graph":[{"@type":"NewsArticle","@id":"https:\/\/dicodusport.fr\/blog\/judo-4e-titre-europeen-pour-romane-dicko\/#article","isPartOf":{"@id":"https:\/\/dicodusport.fr\/blog\/judo-4e-titre-europeen-pour-romane-dicko\/"},"author":{"name":"Arlette Yeye","@id":"https:\/\/dicodusport.fr\/blog\/#\/schema\/person\/cce96fa88785bd8573e3d43078ac8c79"},"headline":"Judo : 4e titre europ\u00e9en pour Romane Dicko !","datePublished":"2023-11-05T17:05:26+00:00","dateModified":"2023-11-05T19:07:52+00:00","mainEntityOfPage":{"@id":"https:\/\/dicodusport.fr\/blog\/judo-4e-titre-europeen-pour-romane-dicko\/"},"wordCount":583,"commentCount":0,"publisher":{"@id":"https:\/\/dicodusport.fr\/blog\/#organization"},"image":{"@id":"https:\/\/dicodusport.fr\/blog\/judo-4e-titre-europeen-pour-romane-dicko\/#primaryimage"},"thumbnailUrl":"https:\/\/dicodusport.fr\/blog\/wp-content\/uploads\/2023\/11\/Judo-2023-4e-titre-europeen-pour-Romane-Dicko.png","keywords":["Alexis Mathieu","Audrey Tcheum\u00e9o","br\u00e8ve","Championnats d'Europe","Judo","Madeleine Malonga","Romane Dicko","sport"],"articleSection":["Judo"],"inLanguage":"fr-FR","potentialAction":[{"@type":"CommentAction","name":"Comment","target":["https:\/\/dicodusport.fr\/blog\/judo-4e-titre-europeen-pour-romane-dicko\/#respond"]}],"copyrightYear":"2023","copyrightHolder":{"@id":"https:\/\/dicodusport.fr\/blog\/#organization"}},{"@type":"WebPage","@id":"https:\/\/dicodusport.fr\/blog\/judo-4e-titre-europeen-pour-romane-dicko\/","url":"https:\/\/dicodusport.fr\/blog\/judo-4e-titre-europeen-pour-romane-dicko\/","name":"Judo : 4e titre europ\u00e9en pour Romane Dicko !","isPartOf":{"@id":"https:\/\/dicodusport.fr\/blog\/#website"},"primaryImageOfPage":{"@id":"https:\/\/dicodusport.fr\/blog\/judo-4e-titre-europeen-pour-romane-dicko\/#primaryimage"},"image":{"@id":"https:\/\/dicodusport.fr\/blog\/judo-4e-titre-europeen-pour-romane-dicko\/#primaryimage"},"thumbnailUrl":"https:\/\/dicodusport.fr\/blog\/wp-content\/uploads\/2023\/11\/Judo-2023-4e-titre-europeen-pour-Romane-Dicko.png","datePublished":"2023-11-05T17:05:26+00:00","dateModified":"2023-11-05T19:07:52+00:00","description":"CHAMPIONNATS D'EUROPE DE JUDO 2023 - Romane Dicko est incroyable et elle remporte un 4e titre europ\u00e9en chez les seniors, le 2e d'affil\u00e9e.","breadcrumb":{"@id":"https:\/\/dicodusport.fr\/blog\/judo-4e-titre-europeen-pour-romane-dicko\/#breadcrumb"},"inLanguage":"fr-FR","potentialAction":[{"@type":"ReadAction","target":["https:\/\/dicodusport.fr\/blog\/judo-4e-titre-europeen-pour-romane-dicko\/"]}]},{"@type":"ImageObject","inLanguage":"fr-FR","@id":"https:\/\/dicodusport.fr\/blog\/judo-4e-titre-europeen-pour-romane-dicko\/#primaryimage","url":"https:\/\/dicodusport.fr\/blog\/wp-content\/uploads\/2023\/11\/Judo-2023-4e-titre-europeen-pour-Romane-Dicko.png","contentUrl":"https:\/\/dicodusport.fr\/blog\/wp-content\/uploads\/2023\/11\/Judo-2023-4e-titre-europeen-pour-Romane-Dicko.png","width":800,"height":445,"caption":"Judo 2023 4e titre europ\u00e9en pour Romane Dicko"},{"@type":"BreadcrumbList","@id":"https:\/\/dicodusport.fr\/blog\/judo-4e-titre-europeen-pour-romane-dicko\/#breadcrumb","itemListElement":[{"@type":"ListItem","position":1,"name":"Accueil","item":"https:\/\/dicodusport.fr\/blog\/"},{"@type":"ListItem","position":2,"name":"Judo : 4e titre europ\u00e9en pour Romane Dicko !"}]},{"@type":"WebSite","@id":"https:\/\/dicodusport.fr\/blog\/#website","url":"https:\/\/dicodusport.fr\/blog\/","name":"Dicodusport","description":"L&#039;encyclop\u00e9die de l&#039;actualit\u00e9 sportive","publisher":{"@id":"https:\/\/dicodusport.fr\/blog\/#organization"},"potentialAction":[{"@type":"SearchAction","target":{"@type":"EntryPoint","urlTemplate":"https:\/\/dicodusport.fr\/blog\/?s={search_term_string}"},"query-input":{"@type":"PropertyValueSpecification","valueRequired":true,"valueName":"search_term_string"}}],"inLanguage":"fr-FR"},{"@type":"NewsMediaOrganization","@id":"https:\/\/dicodusport.fr\/blog\/#organization","name":"Dicodusport","url":"https:\/\/dicodusport.fr\/blog\/","logo":{"@type":"ImageObject","inLanguage":"fr-FR","@id":"https:\/\/dicodusport.fr\/blog\/#\/schema\/logo\/image\/","url":"https:\/\/dicodusport.fr\/blog\/wp-content\/uploads\/2020\/06\/cropped-LOGO-DICODUSPORT-2020-SANS-FOND-SANS-TEXTE.png","contentUrl":"https:\/\/dicodusport.fr\/blog\/wp-content\/uploads\/2020\/06\/cropped-LOGO-DICODUSPORT-2020-SANS-FOND-SANS-TEXTE.png","width":512,"height":512,"caption":"Dicodusport"},"image":{"@id":"https:\/\/dicodusport.fr\/blog\/#\/schema\/logo\/image\/"},"sameAs":["https:\/\/www.facebook.com\/dicodusport","https:\/\/x.com\/dicodusport","https:\/\/www.instagram.com\/dicodusport\/","https:\/\/www.youtube.com\/channel\/UC7V2KZ5sd3htJivAbA4ZG3w"],"description":"Dicodusport est l'encyclop\u00e9die de l'actualit\u00e9 sportive.","email":"bonjour@dicodusport.fr","legalName":"DICODUSPORT","foundingDate":"2018-01-14","vatID":"FR71834470973","taxID":"83447097300043","numberOfEmployees":{"@type":"QuantitativeValue","minValue":"1","maxValue":"10"}},{"@type":"Person","@id":"https:\/\/dicodusport.fr\/blog\/#\/schema\/person\/cce96fa88785bd8573e3d43078ac8c79","name":"Arlette Yeye","image":{"@type":"ImageObject","inLanguage":"fr-FR","@id":"https:\/\/dicodusport.fr\/blog\/#\/schema\/person\/image\/","url":"https:\/\/secure.gravatar.com\/avatar\/dca4a6239e6d708e46c45d60e160de6c?s=96&d=wp_user_avatar&r=g","contentUrl":"https:\/\/secure.gravatar.com\/avatar\/dca4a6239e6d708e46c45d60e160de6c?s=96&d=wp_user_avatar&r=g","caption":"Arlette Yeye"},"description":"Journaliste\/r\u00e9dactrice depuis septembre 2015 - Supportrice de Chelsea, j'ai pour sports de pr\u00e9dilection le handball, l'athl\u00e9tisme et le tennis. Si je tweete plus vite que mon ombre, vous pouvez aussi me retrouver les week-ends sur les playgrounds de Bruxelles pour un petit foot ou basket entre potes. Parcourir la France, l'Europe et plus si affinit\u00e9s pour suivre mes sportifs pr\u00e9f\u00e9r\u00e9s ? Mon kif ! Et c'est avec plaisir que je partage les r\u00e9sultats des sports populaires mais \u00e9galement plus confidentiels pour Dicodusport.","sameAs":["https:\/\/x.com\/https:\/\/twitter.com\/Shiclette94"],"url":"https:\/\/dicodusport.fr\/blog\/author\/arlette\/"}]}},"_links":{"self":[{"href":"https:\/\/dicodusport.fr\/blog\/wp-json\/wp\/v2\/posts\/435065","targetHints":{"allow":["GET"]}}],"collection":[{"href":"https:\/\/dicodusport.fr\/blog\/wp-json\/wp\/v2\/posts"}],"about":[{"href":"https:\/\/dicodusport.fr\/blog\/wp-json\/wp\/v2\/types\/post"}],"author":[{"embeddable":true,"href":"https:\/\/dicodusport.fr\/blog\/wp-json\/wp\/v2\/users\/12"}],"replies":[{"embeddable":true,"href":"https:\/\/dicodusport.fr\/blog\/wp-json\/wp\/v2\/comments?post=435065"}],"version-history":[{"count":0,"href":"https:\/\/dicodusport.fr\/blog\/wp-json\/wp\/v2\/posts\/435065\/revisions"}],"wp:featuredmedia":[{"embeddable":true,"href":"https:\/\/dicodusport.fr\/blog\/wp-json\/wp\/v2\/media\/435191"}],"wp:attachment":[{"href":"https:\/\/dicodusport.fr\/blog\/wp-json\/wp\/v2\/media?parent=435065"}],"wp:term":[{"taxonomy":"category","embeddable":true,"href":"https:\/\/dicodusport.fr\/blog\/wp-json\/wp\/v2\/categories?post=435065"},{"taxonomy":"post_tag","embeddable":true,"href":"https:\/\/dicodusport.fr\/blog\/wp-json\/wp\/v2\/tags?post=435065"}],"curies":[{"name":"wp","href":"https:\/\/api.w.org\/{rel}","templated":true}]}}