{"id":435068,"date":"2023-11-05T16:19:51","date_gmt":"2023-11-05T15:19:51","guid":{"rendered":"https:\/\/dicodusport.fr\/blog\/?p=435068&#038;preview=true&#038;preview_id=435068"},"modified":"2023-11-05T17:47:59","modified_gmt":"2023-11-05T16:47:59","slug":"cyclo-cross-europe-2023-michael-vanthourenhout-reste-sur-le-trone-chez-les-elites","status":"publish","type":"post","link":"https:\/\/dicodusport.fr\/blog\/cyclo-cross-europe-2023-michael-vanthourenhout-reste-sur-le-trone-chez-les-elites\/","title":{"rendered":"Cyclo-cross Europe 2023 : Michael Vanthourenhout reste sur le tr\u00f4ne chez les \u00e9lites"},"content":{"rendered":"<p style=\"text-align: justify;\"><strong style=\"font-style: italic;\">CHAMPIONNATS D&rsquo;EUROPE DE CYCLO-CROSS 2023 &#8211; Dans des conditions climatiques dantesques \u00e0 Pontch\u00e2teau en Loire-Atlantique, Michael Vanthourenhout a conserv\u00e9 son titre de champion d&rsquo;Europe devant Cameron Mason et Lars van der Haar.\u00a0<\/strong><\/p>\n<ul style=\"text-align: justify;\">\n<li style=\"text-align: justify;\"><strong>\u00c0 lire aussi &#8211; <a href=\"https:\/\/dicodusport.fr\/blog\/actualites\/cyclisme\/cyclo-cross\/\">L&rsquo;actualit\u00e9 du cyclo-cross<\/a><\/strong><\/li>\n<\/ul>\n<p style=\"text-align: justify;\">D&rsquo;abord, <strong>Laurens Sweeck<\/strong> a pris un excellent d\u00e9part alors que <strong>Thibau Nys<\/strong> et <strong>Lars van der Haar<\/strong> sont partis plus prudemment autour de la dixi\u00e8me position. Malheureusement, <strong>Laurens Sweeck<\/strong> a perdu beaucoup de temps lors d&rsquo;un changement de v\u00e9lo. <strong>Joris Nieuwenhuis<\/strong> est rest\u00e9 attentif aux mouvements de course des Belges pour permettre le retour de Lars van der Haar dans le groupe de t\u00eate.<\/p>\n<p style=\"text-align: justify;\">Puis, le champion d&rsquo;Europe en titre <strong>Michael Vanthourenhout<\/strong> a pris une petite avance lors du deuxi\u00e8me tour avec plus de 20 secondes d&rsquo;avance. Excellent sur le Koppenbergcross, mercredi, Cameron Mason est parti en contre, mais <strong>Pim Ronhaar, Lars van der Haar<\/strong> et<strong> Eli Iserbyt<\/strong> ont rapidement r\u00e9agi. Parmi les favoris, <strong>Thibau Nys<\/strong> \u00e9tait hors du coup et a abandonn\u00e9.<\/p>\n<ul>\n<li style=\"text-align: justify;\"><strong>\u00c0 lire aussi &#8211; <a href=\"https:\/\/dicodusport.fr\/blog\/classement-course-hommes-cyclo-cross-championnats-deurope-2023\/\">Le classement de la course hommes des championnats d&rsquo;Europe<\/a><\/strong><\/li>\n<\/ul>\n<h2 style=\"text-align: justify;\">Michael Vanthourenhout en costaud<\/h2>\n<p style=\"text-align: justify;\">Ensuite, <strong>Lars van der Haar<\/strong> a hauss\u00e9 le rythme \u00e0 la mi-course au d\u00e9triment d&rsquo;<strong>Eli Iserbyt<\/strong>. Propre techniquement, <strong>Cameron Mason<\/strong> a men\u00e9 la poursuite, alors que Lars van der Haar a chut\u00e9 assez lourdement dans l&rsquo;avant-dernier tour. Le Britannique a pris une petite avance pour aller chercher la m\u00e9daille d&rsquo;argent alors que les deux Bataves ont tent\u00e9 de revenir sur lui.<\/p>\n<p style=\"text-align: justify;\">Au final, <strong>Michael Vanthourenhout<\/strong> a de nouveau d\u00e9montr\u00e9 qu&rsquo;il \u00e9tait un homme de championnat. En effet, en plus du titre europ\u00e9en remport\u00e9 deux ann\u00e9es cons\u00e9cutives, il a \u00e9galement remport\u00e9 le championnat de Belgique de cyclo-cross, la saison pass\u00e9e. Il a devanc\u00e9 de 7 secondes <strong>Cameron Mason<\/strong> et de 19 secondes<strong> Lars van der Haar<\/strong> qui a battu au sprint <strong>Pim Ronhaar<\/strong>. Le premier fran\u00e7ais <strong>David Menut<\/strong> a termin\u00e9 14e.<\/p>\n<blockquote class=\"twitter-tweet\">\n<p dir=\"ltr\" lang=\"fr\">Michael Vanthourenhout \u00e9tait le plus fort aujourd&rsquo;hui : seul en t\u00eate d\u00e8s le deuxi\u00e8me tour, le Belge conserve son titre de Champion d&rsquo;Europe du cyclo-cross ! <a href=\"https:\/\/twitter.com\/hashtag\/lequipeVELO?src=hash&amp;ref_src=twsrc%5Etfw\">#lequipeVELO<\/a> <a href=\"https:\/\/t.co\/jIqFAe7Kzi\">pic.twitter.com\/jIqFAe7Kzi<\/a><\/p>\n<p>\u2014 la chaine L&rsquo;\u00c9quipe (@lachainelequipe) <a href=\"https:\/\/twitter.com\/lachainelequipe\/status\/1721185170634494091?ref_src=twsrc%5Etfw\">November 5, 2023<\/a><\/p><\/blockquote>\n<p><script async src=\"https:\/\/platform.twitter.com\/widgets.js\" charset=\"utf-8\"><\/script><\/p>\n","protected":false},"excerpt":{"rendered":"<p>CHAMPIONNATS D&rsquo;EUROPE DE CYCLO-CROSS 2023 &#8211; Dans des conditions climatiques dantesques \u00e0 Pontch\u00e2teau en Loire-Atlantique, Michael Vanthourenhout a conserv\u00e9 son titre de champion d&rsquo;Europe devant Cameron Mason et Lars van der Haar.\u00a0<\/p>\n","protected":false},"author":48,"featured_media":435133,"comment_status":"open","ping_status":"closed","sticky":false,"template":"","format":"standard","meta":{"_acf_changed":false,"_daextam_enable_autolinks":"1","footnotes":""},"categories":[9611],"tags":[16878,12436,6666,35622],"class_list":["post-435068","post","type-post","status-publish","format-standard","has-post-thumbnail","hentry","category-cyclo-cross","tag-breve","tag-championnats-deurope-de-cyclo-cross","tag-cyclo-cross","tag-pont-chateau"],"acf":[],"yoast_head":"<!-- This site is optimized with the Yoast SEO Premium plugin v26.7 (Yoast SEO v26.7) - https:\/\/yoast.com\/wordpress\/plugins\/seo\/ -->\n<title>Cyclo-cross Europe 2023 : Michael Vanthourenhout reste sur le tr\u00f4ne chez les \u00e9lites<\/title>\n<meta name=\"description\" content=\"CHAMPIONNATS D&#039;EUROPE DE CYCLO-CROSS 2023 - \u00c0 Pontch\u00e2teau en Loire-Atlantique, Michael Vanthourenhout a conserv\u00e9 son titre de champion d&#039;Europe.\" \/>\n<meta name=\"robots\" content=\"index, follow, max-snippet:-1, max-image-preview:large, max-video-preview:-1\" \/>\n<link rel=\"canonical\" href=\"https:\/\/dicodusport.fr\/blog\/cyclo-cross-europe-2023-michael-vanthourenhout-reste-sur-le-trone-chez-les-elites\/\" \/>\n<meta property=\"og:locale\" content=\"fr_FR\" \/>\n<meta property=\"og:type\" content=\"article\" \/>\n<meta property=\"og:title\" content=\"Cyclo-cross Europe 2023 : Michael Vanthourenhout reste sur le tr\u00f4ne chez les \u00e9lites\" \/>\n<meta property=\"og:description\" content=\"CHAMPIONNATS D&#039;EUROPE DE CYCLO-CROSS 2023 - \u00c0 Pontch\u00e2teau en Loire-Atlantique, Michael Vanthourenhout a conserv\u00e9 son titre de champion d&#039;Europe.\" \/>\n<meta property=\"og:url\" content=\"https:\/\/dicodusport.fr\/blog\/cyclo-cross-europe-2023-michael-vanthourenhout-reste-sur-le-trone-chez-les-elites\/\" \/>\n<meta property=\"og:site_name\" content=\"Dicodusport\" \/>\n<meta property=\"article:publisher\" content=\"https:\/\/www.facebook.com\/dicodusport\" \/>\n<meta property=\"article:author\" content=\"https:\/\/www.facebook.com\/groups\/LesRoisDuPeloton\" \/>\n<meta property=\"article:published_time\" content=\"2023-11-05T15:19:51+00:00\" \/>\n<meta property=\"article:modified_time\" content=\"2023-11-05T16:47:59+00:00\" \/>\n<meta property=\"og:image\" content=\"https:\/\/dicodusport.fr\/blog\/wp-content\/uploads\/2023\/11\/Cyclo-cross-Europe-2023-Michael-Vanthourenhout-reste-sur-le-trone-chez-les-elites-1.png\" \/>\n\t<meta property=\"og:image:width\" content=\"800\" \/>\n\t<meta property=\"og:image:height\" content=\"445\" \/>\n\t<meta property=\"og:image:type\" content=\"image\/png\" \/>\n<meta name=\"author\" content=\"Emilien Descampiaux\" \/>\n<meta name=\"twitter:card\" content=\"summary_large_image\" \/>\n<meta name=\"twitter:title\" content=\"Cyclo-cross Europe 2023 : Michael Vanthourenhout reste sur le tr\u00f4ne chez les \u00e9lites\" \/>\n<meta name=\"twitter:creator\" content=\"@https:\/\/twitter.com\/LRoisDuPeloton\" \/>\n<meta name=\"twitter:site\" content=\"@dicodusport\" \/>\n<script type=\"application\/ld+json\" class=\"yoast-schema-graph\">{\"@context\":\"https:\/\/schema.org\",\"@graph\":[{\"@type\":\"NewsArticle\",\"@id\":\"https:\/\/dicodusport.fr\/blog\/cyclo-cross-europe-2023-michael-vanthourenhout-reste-sur-le-trone-chez-les-elites\/#article\",\"isPartOf\":{\"@id\":\"https:\/\/dicodusport.fr\/blog\/cyclo-cross-europe-2023-michael-vanthourenhout-reste-sur-le-trone-chez-les-elites\/\"},\"author\":{\"name\":\"Emilien Descampiaux\",\"@id\":\"https:\/\/dicodusport.fr\/blog\/#\/schema\/person\/6db4bae06b171592211be385b32876a7\"},\"headline\":\"Cyclo-cross Europe 2023 : Michael Vanthourenhout reste sur le tr\u00f4ne chez les \u00e9lites\",\"datePublished\":\"2023-11-05T15:19:51+00:00\",\"dateModified\":\"2023-11-05T16:47:59+00:00\",\"mainEntityOfPage\":{\"@id\":\"https:\/\/dicodusport.fr\/blog\/cyclo-cross-europe-2023-michael-vanthourenhout-reste-sur-le-trone-chez-les-elites\/\"},\"wordCount\":381,\"commentCount\":0,\"publisher\":{\"@id\":\"https:\/\/dicodusport.fr\/blog\/#organization\"},\"image\":{\"@id\":\"https:\/\/dicodusport.fr\/blog\/cyclo-cross-europe-2023-michael-vanthourenhout-reste-sur-le-trone-chez-les-elites\/#primaryimage\"},\"thumbnailUrl\":\"https:\/\/dicodusport.fr\/blog\/wp-content\/uploads\/2023\/11\/Cyclo-cross-Europe-2023-Michael-Vanthourenhout-reste-sur-le-trone-chez-les-elites-1.png\",\"keywords\":[\"br\u00e8ve\",\"Championnats d'Europe de cyclo-cross\",\"Cyclo-cross\",\"Pont-Ch\u00e2teau\"],\"articleSection\":[\"Cyclo-cross\"],\"inLanguage\":\"fr-FR\",\"potentialAction\":[{\"@type\":\"CommentAction\",\"name\":\"Comment\",\"target\":[\"https:\/\/dicodusport.fr\/blog\/cyclo-cross-europe-2023-michael-vanthourenhout-reste-sur-le-trone-chez-les-elites\/#respond\"]}],\"copyrightYear\":\"2023\",\"copyrightHolder\":{\"@id\":\"https:\/\/dicodusport.fr\/blog\/#organization\"}},{\"@type\":\"WebPage\",\"@id\":\"https:\/\/dicodusport.fr\/blog\/cyclo-cross-europe-2023-michael-vanthourenhout-reste-sur-le-trone-chez-les-elites\/\",\"url\":\"https:\/\/dicodusport.fr\/blog\/cyclo-cross-europe-2023-michael-vanthourenhout-reste-sur-le-trone-chez-les-elites\/\",\"name\":\"Cyclo-cross Europe 2023 : Michael Vanthourenhout reste sur le tr\u00f4ne chez les \u00e9lites\",\"isPartOf\":{\"@id\":\"https:\/\/dicodusport.fr\/blog\/#website\"},\"primaryImageOfPage\":{\"@id\":\"https:\/\/dicodusport.fr\/blog\/cyclo-cross-europe-2023-michael-vanthourenhout-reste-sur-le-trone-chez-les-elites\/#primaryimage\"},\"image\":{\"@id\":\"https:\/\/dicodusport.fr\/blog\/cyclo-cross-europe-2023-michael-vanthourenhout-reste-sur-le-trone-chez-les-elites\/#primaryimage\"},\"thumbnailUrl\":\"https:\/\/dicodusport.fr\/blog\/wp-content\/uploads\/2023\/11\/Cyclo-cross-Europe-2023-Michael-Vanthourenhout-reste-sur-le-trone-chez-les-elites-1.png\",\"datePublished\":\"2023-11-05T15:19:51+00:00\",\"dateModified\":\"2023-11-05T16:47:59+00:00\",\"description\":\"CHAMPIONNATS D'EUROPE DE CYCLO-CROSS 2023 - \u00c0 Pontch\u00e2teau en Loire-Atlantique, Michael Vanthourenhout a conserv\u00e9 son titre de champion d'Europe.\",\"breadcrumb\":{\"@id\":\"https:\/\/dicodusport.fr\/blog\/cyclo-cross-europe-2023-michael-vanthourenhout-reste-sur-le-trone-chez-les-elites\/#breadcrumb\"},\"inLanguage\":\"fr-FR\",\"potentialAction\":[{\"@type\":\"ReadAction\",\"target\":[\"https:\/\/dicodusport.fr\/blog\/cyclo-cross-europe-2023-michael-vanthourenhout-reste-sur-le-trone-chez-les-elites\/\"]}]},{\"@type\":\"ImageObject\",\"inLanguage\":\"fr-FR\",\"@id\":\"https:\/\/dicodusport.fr\/blog\/cyclo-cross-europe-2023-michael-vanthourenhout-reste-sur-le-trone-chez-les-elites\/#primaryimage\",\"url\":\"https:\/\/dicodusport.fr\/blog\/wp-content\/uploads\/2023\/11\/Cyclo-cross-Europe-2023-Michael-Vanthourenhout-reste-sur-le-trone-chez-les-elites-1.png\",\"contentUrl\":\"https:\/\/dicodusport.fr\/blog\/wp-content\/uploads\/2023\/11\/Cyclo-cross-Europe-2023-Michael-Vanthourenhout-reste-sur-le-trone-chez-les-elites-1.png\",\"width\":800,\"height\":445,\"caption\":\"Cyclo-cross Europe 2023 Michael Vanthourenhout reste sur le tr\u00f4ne chez les \u00e9lites (1)\"},{\"@type\":\"BreadcrumbList\",\"@id\":\"https:\/\/dicodusport.fr\/blog\/cyclo-cross-europe-2023-michael-vanthourenhout-reste-sur-le-trone-chez-les-elites\/#breadcrumb\",\"itemListElement\":[{\"@type\":\"ListItem\",\"position\":1,\"name\":\"Accueil\",\"item\":\"https:\/\/dicodusport.fr\/blog\/\"},{\"@type\":\"ListItem\",\"position\":2,\"name\":\"Cyclo-cross Europe 2023 : Michael Vanthourenhout reste sur le tr\u00f4ne chez les \u00e9lites\"}]},{\"@type\":\"WebSite\",\"@id\":\"https:\/\/dicodusport.fr\/blog\/#website\",\"url\":\"https:\/\/dicodusport.fr\/blog\/\",\"name\":\"Dicodusport\",\"description\":\"L&#039;encyclop\u00e9die de l&#039;actualit\u00e9 sportive\",\"publisher\":{\"@id\":\"https:\/\/dicodusport.fr\/blog\/#organization\"},\"potentialAction\":[{\"@type\":\"SearchAction\",\"target\":{\"@type\":\"EntryPoint\",\"urlTemplate\":\"https:\/\/dicodusport.fr\/blog\/?s={search_term_string}\"},\"query-input\":{\"@type\":\"PropertyValueSpecification\",\"valueRequired\":true,\"valueName\":\"search_term_string\"}}],\"inLanguage\":\"fr-FR\"},{\"@type\":\"NewsMediaOrganization\",\"@id\":\"https:\/\/dicodusport.fr\/blog\/#organization\",\"name\":\"Dicodusport\",\"url\":\"https:\/\/dicodusport.fr\/blog\/\",\"logo\":{\"@type\":\"ImageObject\",\"inLanguage\":\"fr-FR\",\"@id\":\"https:\/\/dicodusport.fr\/blog\/#\/schema\/logo\/image\/\",\"url\":\"https:\/\/dicodusport.fr\/blog\/wp-content\/uploads\/2020\/06\/cropped-LOGO-DICODUSPORT-2020-SANS-FOND-SANS-TEXTE.png\",\"contentUrl\":\"https:\/\/dicodusport.fr\/blog\/wp-content\/uploads\/2020\/06\/cropped-LOGO-DICODUSPORT-2020-SANS-FOND-SANS-TEXTE.png\",\"width\":512,\"height\":512,\"caption\":\"Dicodusport\"},\"image\":{\"@id\":\"https:\/\/dicodusport.fr\/blog\/#\/schema\/logo\/image\/\"},\"sameAs\":[\"https:\/\/www.facebook.com\/dicodusport\",\"https:\/\/x.com\/dicodusport\",\"https:\/\/www.instagram.com\/dicodusport\/\",\"https:\/\/www.youtube.com\/channel\/UC7V2KZ5sd3htJivAbA4ZG3w\"],\"description\":\"Dicodusport est l'encyclop\u00e9die de l'actualit\u00e9 sportive.\",\"email\":\"bonjour@dicodusport.fr\",\"legalName\":\"DICODUSPORT\",\"foundingDate\":\"2018-01-14\",\"vatID\":\"FR71834470973\",\"taxID\":\"83447097300043\",\"numberOfEmployees\":{\"@type\":\"QuantitativeValue\",\"minValue\":\"1\",\"maxValue\":\"10\"}},{\"@type\":\"Person\",\"@id\":\"https:\/\/dicodusport.fr\/blog\/#\/schema\/person\/6db4bae06b171592211be385b32876a7\",\"name\":\"Emilien Descampiaux\",\"image\":{\"@type\":\"ImageObject\",\"inLanguage\":\"fr-FR\",\"@id\":\"https:\/\/dicodusport.fr\/blog\/#\/schema\/person\/image\/\",\"url\":\"https:\/\/dicodusport.fr\/blog\/wp-content\/uploads\/2021\/05\/Emilien-Descampiaux-150x150.jpg\",\"contentUrl\":\"https:\/\/dicodusport.fr\/blog\/wp-content\/uploads\/2021\/05\/Emilien-Descampiaux-150x150.jpg\",\"caption\":\"Emilien Descampiaux\"},\"description\":\"Journaliste\/r\u00e9dacteur depuis 2014 - Fan de la classe de Frank Vandenbroucke, je vis cyclisme (et de ses paysages) depuis plus de 20 ans. Je suis tr\u00e8s impliqu\u00e9 sur mes diff\u00e9rents r\u00e9seaux sociaux pour partager ma passion sur le monde et l'Histoire de la bicyclette avec ma voix sur les images en noir et blanc du succ\u00e8s de Rik Van Steenbergen lors du Ronde sur le V\u00e9lodrome de Gand.\",\"sameAs\":[\"https:\/\/www.facebook.com\/groups\/LesRoisDuPeloton\",\"https:\/\/x.com\/https:\/\/twitter.com\/LRoisDuPeloton\"],\"url\":\"https:\/\/dicodusport.fr\/blog\/author\/emiliend\/\"}]}<\/script>\n<!-- \/ Yoast SEO Premium plugin. -->","yoast_head_json":{"title":"Cyclo-cross Europe 2023 : Michael Vanthourenhout reste sur le tr\u00f4ne chez les \u00e9lites","description":"CHAMPIONNATS D'EUROPE DE CYCLO-CROSS 2023 - \u00c0 Pontch\u00e2teau en Loire-Atlantique, Michael Vanthourenhout a conserv\u00e9 son titre de champion d'Europe.","robots":{"index":"index","follow":"follow","max-snippet":"max-snippet:-1","max-image-preview":"max-image-preview:large","max-video-preview":"max-video-preview:-1"},"canonical":"https:\/\/dicodusport.fr\/blog\/cyclo-cross-europe-2023-michael-vanthourenhout-reste-sur-le-trone-chez-les-elites\/","og_locale":"fr_FR","og_type":"article","og_title":"Cyclo-cross Europe 2023 : Michael Vanthourenhout reste sur le tr\u00f4ne chez les \u00e9lites","og_description":"CHAMPIONNATS D'EUROPE DE CYCLO-CROSS 2023 - \u00c0 Pontch\u00e2teau en Loire-Atlantique, Michael Vanthourenhout a conserv\u00e9 son titre de champion d'Europe.","og_url":"https:\/\/dicodusport.fr\/blog\/cyclo-cross-europe-2023-michael-vanthourenhout-reste-sur-le-trone-chez-les-elites\/","og_site_name":"Dicodusport","article_publisher":"https:\/\/www.facebook.com\/dicodusport","article_author":"https:\/\/www.facebook.com\/groups\/LesRoisDuPeloton","article_published_time":"2023-11-05T15:19:51+00:00","article_modified_time":"2023-11-05T16:47:59+00:00","og_image":[{"width":800,"height":445,"url":"https:\/\/dicodusport.fr\/blog\/wp-content\/uploads\/2023\/11\/Cyclo-cross-Europe-2023-Michael-Vanthourenhout-reste-sur-le-trone-chez-les-elites-1.png","type":"image\/png"}],"author":"Emilien Descampiaux","twitter_card":"summary_large_image","twitter_title":"Cyclo-cross Europe 2023 : Michael Vanthourenhout reste sur le tr\u00f4ne chez les \u00e9lites","twitter_creator":"@https:\/\/twitter.com\/LRoisDuPeloton","twitter_site":"@dicodusport","schema":{"@context":"https:\/\/schema.org","@graph":[{"@type":"NewsArticle","@id":"https:\/\/dicodusport.fr\/blog\/cyclo-cross-europe-2023-michael-vanthourenhout-reste-sur-le-trone-chez-les-elites\/#article","isPartOf":{"@id":"https:\/\/dicodusport.fr\/blog\/cyclo-cross-europe-2023-michael-vanthourenhout-reste-sur-le-trone-chez-les-elites\/"},"author":{"name":"Emilien Descampiaux","@id":"https:\/\/dicodusport.fr\/blog\/#\/schema\/person\/6db4bae06b171592211be385b32876a7"},"headline":"Cyclo-cross Europe 2023 : Michael Vanthourenhout reste sur le tr\u00f4ne chez les \u00e9lites","datePublished":"2023-11-05T15:19:51+00:00","dateModified":"2023-11-05T16:47:59+00:00","mainEntityOfPage":{"@id":"https:\/\/dicodusport.fr\/blog\/cyclo-cross-europe-2023-michael-vanthourenhout-reste-sur-le-trone-chez-les-elites\/"},"wordCount":381,"commentCount":0,"publisher":{"@id":"https:\/\/dicodusport.fr\/blog\/#organization"},"image":{"@id":"https:\/\/dicodusport.fr\/blog\/cyclo-cross-europe-2023-michael-vanthourenhout-reste-sur-le-trone-chez-les-elites\/#primaryimage"},"thumbnailUrl":"https:\/\/dicodusport.fr\/blog\/wp-content\/uploads\/2023\/11\/Cyclo-cross-Europe-2023-Michael-Vanthourenhout-reste-sur-le-trone-chez-les-elites-1.png","keywords":["br\u00e8ve","Championnats d'Europe de cyclo-cross","Cyclo-cross","Pont-Ch\u00e2teau"],"articleSection":["Cyclo-cross"],"inLanguage":"fr-FR","potentialAction":[{"@type":"CommentAction","name":"Comment","target":["https:\/\/dicodusport.fr\/blog\/cyclo-cross-europe-2023-michael-vanthourenhout-reste-sur-le-trone-chez-les-elites\/#respond"]}],"copyrightYear":"2023","copyrightHolder":{"@id":"https:\/\/dicodusport.fr\/blog\/#organization"}},{"@type":"WebPage","@id":"https:\/\/dicodusport.fr\/blog\/cyclo-cross-europe-2023-michael-vanthourenhout-reste-sur-le-trone-chez-les-elites\/","url":"https:\/\/dicodusport.fr\/blog\/cyclo-cross-europe-2023-michael-vanthourenhout-reste-sur-le-trone-chez-les-elites\/","name":"Cyclo-cross Europe 2023 : Michael Vanthourenhout reste sur le tr\u00f4ne chez les \u00e9lites","isPartOf":{"@id":"https:\/\/dicodusport.fr\/blog\/#website"},"primaryImageOfPage":{"@id":"https:\/\/dicodusport.fr\/blog\/cyclo-cross-europe-2023-michael-vanthourenhout-reste-sur-le-trone-chez-les-elites\/#primaryimage"},"image":{"@id":"https:\/\/dicodusport.fr\/blog\/cyclo-cross-europe-2023-michael-vanthourenhout-reste-sur-le-trone-chez-les-elites\/#primaryimage"},"thumbnailUrl":"https:\/\/dicodusport.fr\/blog\/wp-content\/uploads\/2023\/11\/Cyclo-cross-Europe-2023-Michael-Vanthourenhout-reste-sur-le-trone-chez-les-elites-1.png","datePublished":"2023-11-05T15:19:51+00:00","dateModified":"2023-11-05T16:47:59+00:00","description":"CHAMPIONNATS D'EUROPE DE CYCLO-CROSS 2023 - \u00c0 Pontch\u00e2teau en Loire-Atlantique, Michael Vanthourenhout a conserv\u00e9 son titre de champion d'Europe.","breadcrumb":{"@id":"https:\/\/dicodusport.fr\/blog\/cyclo-cross-europe-2023-michael-vanthourenhout-reste-sur-le-trone-chez-les-elites\/#breadcrumb"},"inLanguage":"fr-FR","potentialAction":[{"@type":"ReadAction","target":["https:\/\/dicodusport.fr\/blog\/cyclo-cross-europe-2023-michael-vanthourenhout-reste-sur-le-trone-chez-les-elites\/"]}]},{"@type":"ImageObject","inLanguage":"fr-FR","@id":"https:\/\/dicodusport.fr\/blog\/cyclo-cross-europe-2023-michael-vanthourenhout-reste-sur-le-trone-chez-les-elites\/#primaryimage","url":"https:\/\/dicodusport.fr\/blog\/wp-content\/uploads\/2023\/11\/Cyclo-cross-Europe-2023-Michael-Vanthourenhout-reste-sur-le-trone-chez-les-elites-1.png","contentUrl":"https:\/\/dicodusport.fr\/blog\/wp-content\/uploads\/2023\/11\/Cyclo-cross-Europe-2023-Michael-Vanthourenhout-reste-sur-le-trone-chez-les-elites-1.png","width":800,"height":445,"caption":"Cyclo-cross Europe 2023 Michael Vanthourenhout reste sur le tr\u00f4ne chez les \u00e9lites (1)"},{"@type":"BreadcrumbList","@id":"https:\/\/dicodusport.fr\/blog\/cyclo-cross-europe-2023-michael-vanthourenhout-reste-sur-le-trone-chez-les-elites\/#breadcrumb","itemListElement":[{"@type":"ListItem","position":1,"name":"Accueil","item":"https:\/\/dicodusport.fr\/blog\/"},{"@type":"ListItem","position":2,"name":"Cyclo-cross Europe 2023 : Michael Vanthourenhout reste sur le tr\u00f4ne chez les \u00e9lites"}]},{"@type":"WebSite","@id":"https:\/\/dicodusport.fr\/blog\/#website","url":"https:\/\/dicodusport.fr\/blog\/","name":"Dicodusport","description":"L&#039;encyclop\u00e9die de l&#039;actualit\u00e9 sportive","publisher":{"@id":"https:\/\/dicodusport.fr\/blog\/#organization"},"potentialAction":[{"@type":"SearchAction","target":{"@type":"EntryPoint","urlTemplate":"https:\/\/dicodusport.fr\/blog\/?s={search_term_string}"},"query-input":{"@type":"PropertyValueSpecification","valueRequired":true,"valueName":"search_term_string"}}],"inLanguage":"fr-FR"},{"@type":"NewsMediaOrganization","@id":"https:\/\/dicodusport.fr\/blog\/#organization","name":"Dicodusport","url":"https:\/\/dicodusport.fr\/blog\/","logo":{"@type":"ImageObject","inLanguage":"fr-FR","@id":"https:\/\/dicodusport.fr\/blog\/#\/schema\/logo\/image\/","url":"https:\/\/dicodusport.fr\/blog\/wp-content\/uploads\/2020\/06\/cropped-LOGO-DICODUSPORT-2020-SANS-FOND-SANS-TEXTE.png","contentUrl":"https:\/\/dicodusport.fr\/blog\/wp-content\/uploads\/2020\/06\/cropped-LOGO-DICODUSPORT-2020-SANS-FOND-SANS-TEXTE.png","width":512,"height":512,"caption":"Dicodusport"},"image":{"@id":"https:\/\/dicodusport.fr\/blog\/#\/schema\/logo\/image\/"},"sameAs":["https:\/\/www.facebook.com\/dicodusport","https:\/\/x.com\/dicodusport","https:\/\/www.instagram.com\/dicodusport\/","https:\/\/www.youtube.com\/channel\/UC7V2KZ5sd3htJivAbA4ZG3w"],"description":"Dicodusport est l'encyclop\u00e9die de l'actualit\u00e9 sportive.","email":"bonjour@dicodusport.fr","legalName":"DICODUSPORT","foundingDate":"2018-01-14","vatID":"FR71834470973","taxID":"83447097300043","numberOfEmployees":{"@type":"QuantitativeValue","minValue":"1","maxValue":"10"}},{"@type":"Person","@id":"https:\/\/dicodusport.fr\/blog\/#\/schema\/person\/6db4bae06b171592211be385b32876a7","name":"Emilien Descampiaux","image":{"@type":"ImageObject","inLanguage":"fr-FR","@id":"https:\/\/dicodusport.fr\/blog\/#\/schema\/person\/image\/","url":"https:\/\/dicodusport.fr\/blog\/wp-content\/uploads\/2021\/05\/Emilien-Descampiaux-150x150.jpg","contentUrl":"https:\/\/dicodusport.fr\/blog\/wp-content\/uploads\/2021\/05\/Emilien-Descampiaux-150x150.jpg","caption":"Emilien Descampiaux"},"description":"Journaliste\/r\u00e9dacteur depuis 2014 - Fan de la classe de Frank Vandenbroucke, je vis cyclisme (et de ses paysages) depuis plus de 20 ans. Je suis tr\u00e8s impliqu\u00e9 sur mes diff\u00e9rents r\u00e9seaux sociaux pour partager ma passion sur le monde et l'Histoire de la bicyclette avec ma voix sur les images en noir et blanc du succ\u00e8s de Rik Van Steenbergen lors du Ronde sur le V\u00e9lodrome de Gand.","sameAs":["https:\/\/www.facebook.com\/groups\/LesRoisDuPeloton","https:\/\/x.com\/https:\/\/twitter.com\/LRoisDuPeloton"],"url":"https:\/\/dicodusport.fr\/blog\/author\/emiliend\/"}]}},"_links":{"self":[{"href":"https:\/\/dicodusport.fr\/blog\/wp-json\/wp\/v2\/posts\/435068","targetHints":{"allow":["GET"]}}],"collection":[{"href":"https:\/\/dicodusport.fr\/blog\/wp-json\/wp\/v2\/posts"}],"about":[{"href":"https:\/\/dicodusport.fr\/blog\/wp-json\/wp\/v2\/types\/post"}],"author":[{"embeddable":true,"href":"https:\/\/dicodusport.fr\/blog\/wp-json\/wp\/v2\/users\/48"}],"replies":[{"embeddable":true,"href":"https:\/\/dicodusport.fr\/blog\/wp-json\/wp\/v2\/comments?post=435068"}],"version-history":[{"count":0,"href":"https:\/\/dicodusport.fr\/blog\/wp-json\/wp\/v2\/posts\/435068\/revisions"}],"wp:featuredmedia":[{"embeddable":true,"href":"https:\/\/dicodusport.fr\/blog\/wp-json\/wp\/v2\/media\/435133"}],"wp:attachment":[{"href":"https:\/\/dicodusport.fr\/blog\/wp-json\/wp\/v2\/media?parent=435068"}],"wp:term":[{"taxonomy":"category","embeddable":true,"href":"https:\/\/dicodusport.fr\/blog\/wp-json\/wp\/v2\/categories?post=435068"},{"taxonomy":"post_tag","embeddable":true,"href":"https:\/\/dicodusport.fr\/blog\/wp-json\/wp\/v2\/tags?post=435068"}],"curies":[{"name":"wp","href":"https:\/\/api.w.org\/{rel}","templated":true}]}}