{"id":435300,"date":"2024-07-17T08:50:15","date_gmt":"2024-07-17T06:50:15","guid":{"rendered":"https:\/\/dicodusport.fr\/blog\/?p=435300&#038;preview=true&#038;preview_id=435300"},"modified":"2024-07-17T08:51:01","modified_gmt":"2024-07-17T06:51:01","slug":"tour-de-france-2024-parcours-et-profil-de-la-17eme-etape","status":"publish","type":"post","link":"https:\/\/dicodusport.fr\/blog\/tour-de-france-2024-parcours-et-profil-de-la-17eme-etape\/","title":{"rendered":"Tour de France 2024 : Parcours et profil de la 17\u00e8me \u00e9tape"},"content":{"rendered":"<p align=\"justify\"><em><a style=\"font-weight: bold;\" href=\"https:\/\/dicodusport.fr\/blog\/actualites\/cyclisme\/tour-de-france-2024\/\">TOUR DE FRANCE 2024<\/a><b> &#8211; La 17<\/b><strong>\u00e8me \u00e9tape du Tour de France 2024<\/strong><b> pourrait \u00eatre une \u00e9tape pour les baroudeurs-grimpeurs entre Saint-Paul-Trois-Ch\u00e2teaux et Superd\u00e9voluy sur 178 kilom\u00e8tres<\/b><\/em><em><b>. Parcours et profil.<\/b><\/em><\/p>\n<ul>\n<li style=\"text-align: justify;\"><strong>\u00c0 ce sujet \u2013\u00a0<a href=\"https:\/\/dicodusport.fr\/blog\/tour-de-france-2024-classement-general-maillot-jaune\/\">Tour de France 2024 \u2013 Classement g\u00e9n\u00e9ral<\/a><\/strong><\/li>\n<\/ul>\n<h2 style=\"text-align: justify;\">Parcours et profil de la 17\u00e8me \u00e9tape du Tour de France 2024<\/h2>\n<p align=\"justify\">D&rsquo;abord, le d\u00e9part sera donn\u00e9 \u00e0 <strong>Saint-Paul-Trois-Ch\u00e2teaux <\/strong>dans le d\u00e9partement de la Dr\u00f4me. Les coureurs auront une longue portion en tr\u00e8s l\u00e9ger faux plat montant en direction de l&rsquo;est et du nord-est. Les 30 premiers kilom\u00e8tres seront sur des routes rectilignes jusqu&rsquo;\u00e0 <strong>Nyons<\/strong>. Puis, la route sera plus tortueuse par <strong>Sahune, Verclause<\/strong> (pour entrer dans les Hautes-Alpes),<strong> Montclues<\/strong> (avec une partie descendante), <strong>Serres<\/strong>, <strong>Veynes<\/strong> avec le sprint interm\u00e9diaire au km 114,8, et <strong>La Freissinouse<\/strong>.<\/p>\n<p align=\"justify\">Apr\u00e8s avoir travers\u00e9 <strong>Gap<\/strong>, les coureurs emprunteront la route Napol\u00e9on, en direction du nord, afin de gravir le <strong>Col Bayard<\/strong> (6,8 km \u00e0 7,3 %). Le Col Bayard a \u00e9t\u00e9 franchi au total \u00e0 26 reprises par le Tour de France dont la derni\u00e8re fois \u00e9tait en 2015 lors de la 18\u00e8me \u00e9tape. La pente se durcira progressivement avec 5 % au pied et pr\u00e8s de 9 % au sommet. Sa descente et le faux plat montant par <strong>Poligny<\/strong>, dans la Vall\u00e9e du Drac, s&rsquo;effectueront sur une ligne droite de pr\u00e8s de 14 kilom\u00e8tres.<\/p>\n<ul>\n<li style=\"text-align: justify;\"><strong>\u00c0 ce sujet \u2013\u00a0<a href=\"https:\/\/dicodusport.fr\/blog\/pronostic-tour-de-france-2024-nos-favoris-pour-la-17eme-etape\/\">Pronostic Tour de France 2024 : Nos favoris pour la 17\u00e8me \u00e9tape<\/a><\/strong><\/li>\n<\/ul>\n<h3 style=\"text-align: justify;\" align=\"justify\">Le Col du Noyer pour faire la diff\u00e9rence<\/h3>\n<p align=\"justify\">Ensuite, les coureurs grimperont le <strong>Col du Noyer<\/strong> (7,5 km \u00e0 8,4 %) sur une route sinueuse par le versant est dans le Massif du D\u00e9voluy. Le Col du Noyer a \u00e9t\u00e9 franchi \u00e0 4 reprises par le Tour de France en 1970, en 1971, en 1982 et en 2010. Ce col proposera 6 \u00e9pingles avec pr\u00e8s de 2 km \u00e0 10 % dans la seconde moiti\u00e9. Au sommet se trouvera le <strong>Refuge de Napol\u00e9on,<\/strong>\u00a0reconverti en bar-restaurant-souvenir. La descente m\u00e8nera les concurrents \u00e0 <strong>Saint-\u00c9tienne-en-D\u00e9voluy<\/strong>.<\/p>\n<p align=\"justify\">Enfin, l&rsquo;arriv\u00e9e sera jug\u00e9e \u00e0 <strong>Superd\u00e9voluy <\/strong>au sommet d&rsquo;une mont\u00e9e de 3,8 km \u00e0 5,9 % de moyenne.<\/p>\n<div id=\"attachment_500892\" style=\"width: 970px\" class=\"wp-caption aligncenter\"><img loading=\"lazy\" decoding=\"async\" aria-describedby=\"caption-attachment-500892\" class=\"wp-image-500892 size-full\" src=\"https:\/\/dicodusport.fr\/blog\/wp-content\/uploads\/2024\/07\/Profil-de-la-17eme-etape-du-Tour-de-France-2024.jpg\" alt=\"Profil de la 17\u00e8me \u00e9tape du Tour de France 2024\" width=\"960\" height=\"576\" srcset=\"https:\/\/dicodusport.fr\/blog\/wp-content\/uploads\/2024\/07\/Profil-de-la-17eme-etape-du-Tour-de-France-2024.jpg 960w, https:\/\/dicodusport.fr\/blog\/wp-content\/uploads\/2024\/07\/Profil-de-la-17eme-etape-du-Tour-de-France-2024-300x180.jpg 300w, https:\/\/dicodusport.fr\/blog\/wp-content\/uploads\/2024\/07\/Profil-de-la-17eme-etape-du-Tour-de-France-2024-768x461.jpg 768w, https:\/\/dicodusport.fr\/blog\/wp-content\/uploads\/2024\/07\/Profil-de-la-17eme-etape-du-Tour-de-France-2024-590x354.jpg 590w, https:\/\/dicodusport.fr\/blog\/wp-content\/uploads\/2024\/07\/Profil-de-la-17eme-etape-du-Tour-de-France-2024-400x240.jpg 400w\" sizes=\"auto, (max-width: 960px) 100vw, 960px\" \/><p id=\"caption-attachment-500892\" class=\"wp-caption-text\">Profil de la 17\u00e8me \u00e9tape du Tour de France 2024 &#8211; Via ASO<\/p><\/div>\n<ul>\n<li style=\"text-align: justify;\"><strong>\u00c0 ce sujet \u2013\u00a0<a href=\"https:\/\/dicodusport.fr\/blog\/actualites\/cyclisme\/\">Toute l\u2019actualit\u00e9 du cyclisme<\/a><\/strong><\/li>\n<\/ul>\n","protected":false},"excerpt":{"rendered":"<p>Parcours et profil de la 17\u00e8me \u00e9tape du Tour de France 2024.<\/p>\n","protected":false},"author":48,"featured_media":500893,"comment_status":"open","ping_status":"closed","sticky":false,"template":"","format":"standard","meta":{"_acf_changed":false,"_daextam_enable_autolinks":"1","footnotes":""},"categories":[46995],"tags":[16878,1262],"class_list":["post-435300","post","type-post","status-publish","format-standard","has-post-thumbnail","hentry","category-tour-de-france","tag-breve","tag-tour-de-france"],"acf":[],"yoast_head":"<!-- This site is optimized with the Yoast SEO Premium plugin v26.7 (Yoast SEO v26.7) - https:\/\/yoast.com\/wordpress\/plugins\/seo\/ -->\n<title>Tour de France 2024 : Parcours et profil de la 17\u00e8me \u00e9tape<\/title>\n<meta name=\"description\" content=\"La 17\u00e8me \u00e9tape du Tour de France 2024 pourrait \u00eatre une \u00e9tape pour les baroudeurs-grimpeurs entre Saint-Paul-Trois-Ch\u00e2teaux et Superd\u00e9voluy. Parcours et profil.\" \/>\n<meta name=\"robots\" content=\"index, follow, max-snippet:-1, max-image-preview:large, max-video-preview:-1\" \/>\n<link rel=\"canonical\" href=\"https:\/\/dicodusport.fr\/blog\/tour-de-france-2024-parcours-et-profil-de-la-17eme-etape\/\" \/>\n<meta property=\"og:locale\" content=\"fr_FR\" \/>\n<meta property=\"og:type\" content=\"article\" \/>\n<meta property=\"og:title\" content=\"Tour de France 2024 : Parcours et profil de la 17\u00e8me \u00e9tape\" \/>\n<meta property=\"og:description\" content=\"La 17\u00e8me \u00e9tape du Tour de France 2024 pourrait \u00eatre une \u00e9tape pour les baroudeurs-grimpeurs entre Saint-Paul-Trois-Ch\u00e2teaux et Superd\u00e9voluy. Parcours et profil.\" \/>\n<meta property=\"og:url\" content=\"https:\/\/dicodusport.fr\/blog\/tour-de-france-2024-parcours-et-profil-de-la-17eme-etape\/\" \/>\n<meta property=\"og:site_name\" content=\"Dicodusport\" \/>\n<meta property=\"article:publisher\" content=\"https:\/\/www.facebook.com\/dicodusport\" \/>\n<meta property=\"article:author\" content=\"https:\/\/www.facebook.com\/groups\/LesRoisDuPeloton\" \/>\n<meta property=\"article:published_time\" content=\"2024-07-17T06:50:15+00:00\" \/>\n<meta property=\"article:modified_time\" content=\"2024-07-17T06:51:01+00:00\" \/>\n<meta property=\"og:image\" content=\"https:\/\/dicodusport.fr\/blog\/wp-content\/uploads\/2024\/07\/Tour-de-France-2024-Parcours-et-profil-de-la-17eme-etape.png\" \/>\n\t<meta property=\"og:image:width\" content=\"1200\" \/>\n\t<meta property=\"og:image:height\" content=\"674\" \/>\n\t<meta property=\"og:image:type\" content=\"image\/png\" \/>\n<meta name=\"author\" content=\"Emilien Descampiaux\" \/>\n<meta name=\"twitter:card\" content=\"summary_large_image\" \/>\n<meta name=\"twitter:title\" content=\"Tour de France 2024 : Parcours et profil de la 17\u00e8me \u00e9tape\" \/>\n<meta name=\"twitter:creator\" content=\"@https:\/\/twitter.com\/LRoisDuPeloton\" \/>\n<meta name=\"twitter:site\" content=\"@dicodusport\" \/>\n<script type=\"application\/ld+json\" class=\"yoast-schema-graph\">{\"@context\":\"https:\/\/schema.org\",\"@graph\":[{\"@type\":\"NewsArticle\",\"@id\":\"https:\/\/dicodusport.fr\/blog\/tour-de-france-2024-parcours-et-profil-de-la-17eme-etape\/#article\",\"isPartOf\":{\"@id\":\"https:\/\/dicodusport.fr\/blog\/tour-de-france-2024-parcours-et-profil-de-la-17eme-etape\/\"},\"author\":{\"name\":\"Emilien Descampiaux\",\"@id\":\"https:\/\/dicodusport.fr\/blog\/#\/schema\/person\/6db4bae06b171592211be385b32876a7\"},\"headline\":\"Tour de France 2024 : Parcours et profil de la 17\u00e8me \u00e9tape\",\"datePublished\":\"2024-07-17T06:50:15+00:00\",\"dateModified\":\"2024-07-17T06:51:01+00:00\",\"mainEntityOfPage\":{\"@id\":\"https:\/\/dicodusport.fr\/blog\/tour-de-france-2024-parcours-et-profil-de-la-17eme-etape\/\"},\"wordCount\":372,\"commentCount\":0,\"publisher\":{\"@id\":\"https:\/\/dicodusport.fr\/blog\/#organization\"},\"image\":{\"@id\":\"https:\/\/dicodusport.fr\/blog\/tour-de-france-2024-parcours-et-profil-de-la-17eme-etape\/#primaryimage\"},\"thumbnailUrl\":\"https:\/\/dicodusport.fr\/blog\/wp-content\/uploads\/2024\/07\/Tour-de-France-2024-Parcours-et-profil-de-la-17eme-etape.png\",\"keywords\":[\"br\u00e8ve\",\"Tour de France\"],\"articleSection\":[\"Tour de France\"],\"inLanguage\":\"fr-FR\",\"potentialAction\":[{\"@type\":\"CommentAction\",\"name\":\"Comment\",\"target\":[\"https:\/\/dicodusport.fr\/blog\/tour-de-france-2024-parcours-et-profil-de-la-17eme-etape\/#respond\"]}],\"copyrightYear\":\"2024\",\"copyrightHolder\":{\"@id\":\"https:\/\/dicodusport.fr\/blog\/#organization\"}},{\"@type\":\"WebPage\",\"@id\":\"https:\/\/dicodusport.fr\/blog\/tour-de-france-2024-parcours-et-profil-de-la-17eme-etape\/\",\"url\":\"https:\/\/dicodusport.fr\/blog\/tour-de-france-2024-parcours-et-profil-de-la-17eme-etape\/\",\"name\":\"Tour de France 2024 : Parcours et profil de la 17\u00e8me \u00e9tape\",\"isPartOf\":{\"@id\":\"https:\/\/dicodusport.fr\/blog\/#website\"},\"primaryImageOfPage\":{\"@id\":\"https:\/\/dicodusport.fr\/blog\/tour-de-france-2024-parcours-et-profil-de-la-17eme-etape\/#primaryimage\"},\"image\":{\"@id\":\"https:\/\/dicodusport.fr\/blog\/tour-de-france-2024-parcours-et-profil-de-la-17eme-etape\/#primaryimage\"},\"thumbnailUrl\":\"https:\/\/dicodusport.fr\/blog\/wp-content\/uploads\/2024\/07\/Tour-de-France-2024-Parcours-et-profil-de-la-17eme-etape.png\",\"datePublished\":\"2024-07-17T06:50:15+00:00\",\"dateModified\":\"2024-07-17T06:51:01+00:00\",\"description\":\"La 17\u00e8me \u00e9tape du Tour de France 2024 pourrait \u00eatre une \u00e9tape pour les baroudeurs-grimpeurs entre Saint-Paul-Trois-Ch\u00e2teaux et Superd\u00e9voluy. Parcours et profil.\",\"breadcrumb\":{\"@id\":\"https:\/\/dicodusport.fr\/blog\/tour-de-france-2024-parcours-et-profil-de-la-17eme-etape\/#breadcrumb\"},\"inLanguage\":\"fr-FR\",\"potentialAction\":[{\"@type\":\"ReadAction\",\"target\":[\"https:\/\/dicodusport.fr\/blog\/tour-de-france-2024-parcours-et-profil-de-la-17eme-etape\/\"]}]},{\"@type\":\"ImageObject\",\"inLanguage\":\"fr-FR\",\"@id\":\"https:\/\/dicodusport.fr\/blog\/tour-de-france-2024-parcours-et-profil-de-la-17eme-etape\/#primaryimage\",\"url\":\"https:\/\/dicodusport.fr\/blog\/wp-content\/uploads\/2024\/07\/Tour-de-France-2024-Parcours-et-profil-de-la-17eme-etape.png\",\"contentUrl\":\"https:\/\/dicodusport.fr\/blog\/wp-content\/uploads\/2024\/07\/Tour-de-France-2024-Parcours-et-profil-de-la-17eme-etape.png\",\"width\":1200,\"height\":674,\"caption\":\"Tour de France 2024 Parcours et profil de la 17\u00e8me \u00e9tape\"},{\"@type\":\"BreadcrumbList\",\"@id\":\"https:\/\/dicodusport.fr\/blog\/tour-de-france-2024-parcours-et-profil-de-la-17eme-etape\/#breadcrumb\",\"itemListElement\":[{\"@type\":\"ListItem\",\"position\":1,\"name\":\"Accueil\",\"item\":\"https:\/\/dicodusport.fr\/blog\/\"},{\"@type\":\"ListItem\",\"position\":2,\"name\":\"Tour de France 2024 : Parcours et profil de la 17\u00e8me \u00e9tape\"}]},{\"@type\":\"WebSite\",\"@id\":\"https:\/\/dicodusport.fr\/blog\/#website\",\"url\":\"https:\/\/dicodusport.fr\/blog\/\",\"name\":\"Dicodusport\",\"description\":\"L&#039;encyclop\u00e9die de l&#039;actualit\u00e9 sportive\",\"publisher\":{\"@id\":\"https:\/\/dicodusport.fr\/blog\/#organization\"},\"potentialAction\":[{\"@type\":\"SearchAction\",\"target\":{\"@type\":\"EntryPoint\",\"urlTemplate\":\"https:\/\/dicodusport.fr\/blog\/?s={search_term_string}\"},\"query-input\":{\"@type\":\"PropertyValueSpecification\",\"valueRequired\":true,\"valueName\":\"search_term_string\"}}],\"inLanguage\":\"fr-FR\"},{\"@type\":\"NewsMediaOrganization\",\"@id\":\"https:\/\/dicodusport.fr\/blog\/#organization\",\"name\":\"Dicodusport\",\"url\":\"https:\/\/dicodusport.fr\/blog\/\",\"logo\":{\"@type\":\"ImageObject\",\"inLanguage\":\"fr-FR\",\"@id\":\"https:\/\/dicodusport.fr\/blog\/#\/schema\/logo\/image\/\",\"url\":\"https:\/\/dicodusport.fr\/blog\/wp-content\/uploads\/2020\/06\/cropped-LOGO-DICODUSPORT-2020-SANS-FOND-SANS-TEXTE.png\",\"contentUrl\":\"https:\/\/dicodusport.fr\/blog\/wp-content\/uploads\/2020\/06\/cropped-LOGO-DICODUSPORT-2020-SANS-FOND-SANS-TEXTE.png\",\"width\":512,\"height\":512,\"caption\":\"Dicodusport\"},\"image\":{\"@id\":\"https:\/\/dicodusport.fr\/blog\/#\/schema\/logo\/image\/\"},\"sameAs\":[\"https:\/\/www.facebook.com\/dicodusport\",\"https:\/\/x.com\/dicodusport\",\"https:\/\/www.instagram.com\/dicodusport\/\",\"https:\/\/www.youtube.com\/channel\/UC7V2KZ5sd3htJivAbA4ZG3w\"],\"description\":\"Dicodusport est l'encyclop\u00e9die de l'actualit\u00e9 sportive.\",\"email\":\"bonjour@dicodusport.fr\",\"legalName\":\"DICODUSPORT\",\"foundingDate\":\"2018-01-14\",\"vatID\":\"FR71834470973\",\"taxID\":\"83447097300043\",\"numberOfEmployees\":{\"@type\":\"QuantitativeValue\",\"minValue\":\"1\",\"maxValue\":\"10\"}},{\"@type\":\"Person\",\"@id\":\"https:\/\/dicodusport.fr\/blog\/#\/schema\/person\/6db4bae06b171592211be385b32876a7\",\"name\":\"Emilien Descampiaux\",\"image\":{\"@type\":\"ImageObject\",\"inLanguage\":\"fr-FR\",\"@id\":\"https:\/\/dicodusport.fr\/blog\/#\/schema\/person\/image\/\",\"url\":\"https:\/\/dicodusport.fr\/blog\/wp-content\/uploads\/2021\/05\/Emilien-Descampiaux-150x150.jpg\",\"contentUrl\":\"https:\/\/dicodusport.fr\/blog\/wp-content\/uploads\/2021\/05\/Emilien-Descampiaux-150x150.jpg\",\"caption\":\"Emilien Descampiaux\"},\"description\":\"Journaliste\/r\u00e9dacteur depuis 2014 - Fan de la classe de Frank Vandenbroucke, je vis cyclisme (et de ses paysages) depuis plus de 20 ans. Je suis tr\u00e8s impliqu\u00e9 sur mes diff\u00e9rents r\u00e9seaux sociaux pour partager ma passion sur le monde et l'Histoire de la bicyclette avec ma voix sur les images en noir et blanc du succ\u00e8s de Rik Van Steenbergen lors du Ronde sur le V\u00e9lodrome de Gand.\",\"sameAs\":[\"https:\/\/www.facebook.com\/groups\/LesRoisDuPeloton\",\"https:\/\/x.com\/https:\/\/twitter.com\/LRoisDuPeloton\"],\"url\":\"https:\/\/dicodusport.fr\/blog\/author\/emiliend\/\"}]}<\/script>\n<!-- \/ Yoast SEO Premium plugin. -->","yoast_head_json":{"title":"Tour de France 2024 : Parcours et profil de la 17\u00e8me \u00e9tape","description":"La 17\u00e8me \u00e9tape du Tour de France 2024 pourrait \u00eatre une \u00e9tape pour les baroudeurs-grimpeurs entre Saint-Paul-Trois-Ch\u00e2teaux et Superd\u00e9voluy. Parcours et profil.","robots":{"index":"index","follow":"follow","max-snippet":"max-snippet:-1","max-image-preview":"max-image-preview:large","max-video-preview":"max-video-preview:-1"},"canonical":"https:\/\/dicodusport.fr\/blog\/tour-de-france-2024-parcours-et-profil-de-la-17eme-etape\/","og_locale":"fr_FR","og_type":"article","og_title":"Tour de France 2024 : Parcours et profil de la 17\u00e8me \u00e9tape","og_description":"La 17\u00e8me \u00e9tape du Tour de France 2024 pourrait \u00eatre une \u00e9tape pour les baroudeurs-grimpeurs entre Saint-Paul-Trois-Ch\u00e2teaux et Superd\u00e9voluy. Parcours et profil.","og_url":"https:\/\/dicodusport.fr\/blog\/tour-de-france-2024-parcours-et-profil-de-la-17eme-etape\/","og_site_name":"Dicodusport","article_publisher":"https:\/\/www.facebook.com\/dicodusport","article_author":"https:\/\/www.facebook.com\/groups\/LesRoisDuPeloton","article_published_time":"2024-07-17T06:50:15+00:00","article_modified_time":"2024-07-17T06:51:01+00:00","og_image":[{"width":1200,"height":674,"url":"https:\/\/dicodusport.fr\/blog\/wp-content\/uploads\/2024\/07\/Tour-de-France-2024-Parcours-et-profil-de-la-17eme-etape.png","type":"image\/png"}],"author":"Emilien Descampiaux","twitter_card":"summary_large_image","twitter_title":"Tour de France 2024 : Parcours et profil de la 17\u00e8me \u00e9tape","twitter_creator":"@https:\/\/twitter.com\/LRoisDuPeloton","twitter_site":"@dicodusport","schema":{"@context":"https:\/\/schema.org","@graph":[{"@type":"NewsArticle","@id":"https:\/\/dicodusport.fr\/blog\/tour-de-france-2024-parcours-et-profil-de-la-17eme-etape\/#article","isPartOf":{"@id":"https:\/\/dicodusport.fr\/blog\/tour-de-france-2024-parcours-et-profil-de-la-17eme-etape\/"},"author":{"name":"Emilien Descampiaux","@id":"https:\/\/dicodusport.fr\/blog\/#\/schema\/person\/6db4bae06b171592211be385b32876a7"},"headline":"Tour de France 2024 : Parcours et profil de la 17\u00e8me \u00e9tape","datePublished":"2024-07-17T06:50:15+00:00","dateModified":"2024-07-17T06:51:01+00:00","mainEntityOfPage":{"@id":"https:\/\/dicodusport.fr\/blog\/tour-de-france-2024-parcours-et-profil-de-la-17eme-etape\/"},"wordCount":372,"commentCount":0,"publisher":{"@id":"https:\/\/dicodusport.fr\/blog\/#organization"},"image":{"@id":"https:\/\/dicodusport.fr\/blog\/tour-de-france-2024-parcours-et-profil-de-la-17eme-etape\/#primaryimage"},"thumbnailUrl":"https:\/\/dicodusport.fr\/blog\/wp-content\/uploads\/2024\/07\/Tour-de-France-2024-Parcours-et-profil-de-la-17eme-etape.png","keywords":["br\u00e8ve","Tour de France"],"articleSection":["Tour de France"],"inLanguage":"fr-FR","potentialAction":[{"@type":"CommentAction","name":"Comment","target":["https:\/\/dicodusport.fr\/blog\/tour-de-france-2024-parcours-et-profil-de-la-17eme-etape\/#respond"]}],"copyrightYear":"2024","copyrightHolder":{"@id":"https:\/\/dicodusport.fr\/blog\/#organization"}},{"@type":"WebPage","@id":"https:\/\/dicodusport.fr\/blog\/tour-de-france-2024-parcours-et-profil-de-la-17eme-etape\/","url":"https:\/\/dicodusport.fr\/blog\/tour-de-france-2024-parcours-et-profil-de-la-17eme-etape\/","name":"Tour de France 2024 : Parcours et profil de la 17\u00e8me \u00e9tape","isPartOf":{"@id":"https:\/\/dicodusport.fr\/blog\/#website"},"primaryImageOfPage":{"@id":"https:\/\/dicodusport.fr\/blog\/tour-de-france-2024-parcours-et-profil-de-la-17eme-etape\/#primaryimage"},"image":{"@id":"https:\/\/dicodusport.fr\/blog\/tour-de-france-2024-parcours-et-profil-de-la-17eme-etape\/#primaryimage"},"thumbnailUrl":"https:\/\/dicodusport.fr\/blog\/wp-content\/uploads\/2024\/07\/Tour-de-France-2024-Parcours-et-profil-de-la-17eme-etape.png","datePublished":"2024-07-17T06:50:15+00:00","dateModified":"2024-07-17T06:51:01+00:00","description":"La 17\u00e8me \u00e9tape du Tour de France 2024 pourrait \u00eatre une \u00e9tape pour les baroudeurs-grimpeurs entre Saint-Paul-Trois-Ch\u00e2teaux et Superd\u00e9voluy. Parcours et profil.","breadcrumb":{"@id":"https:\/\/dicodusport.fr\/blog\/tour-de-france-2024-parcours-et-profil-de-la-17eme-etape\/#breadcrumb"},"inLanguage":"fr-FR","potentialAction":[{"@type":"ReadAction","target":["https:\/\/dicodusport.fr\/blog\/tour-de-france-2024-parcours-et-profil-de-la-17eme-etape\/"]}]},{"@type":"ImageObject","inLanguage":"fr-FR","@id":"https:\/\/dicodusport.fr\/blog\/tour-de-france-2024-parcours-et-profil-de-la-17eme-etape\/#primaryimage","url":"https:\/\/dicodusport.fr\/blog\/wp-content\/uploads\/2024\/07\/Tour-de-France-2024-Parcours-et-profil-de-la-17eme-etape.png","contentUrl":"https:\/\/dicodusport.fr\/blog\/wp-content\/uploads\/2024\/07\/Tour-de-France-2024-Parcours-et-profil-de-la-17eme-etape.png","width":1200,"height":674,"caption":"Tour de France 2024 Parcours et profil de la 17\u00e8me \u00e9tape"},{"@type":"BreadcrumbList","@id":"https:\/\/dicodusport.fr\/blog\/tour-de-france-2024-parcours-et-profil-de-la-17eme-etape\/#breadcrumb","itemListElement":[{"@type":"ListItem","position":1,"name":"Accueil","item":"https:\/\/dicodusport.fr\/blog\/"},{"@type":"ListItem","position":2,"name":"Tour de France 2024 : Parcours et profil de la 17\u00e8me \u00e9tape"}]},{"@type":"WebSite","@id":"https:\/\/dicodusport.fr\/blog\/#website","url":"https:\/\/dicodusport.fr\/blog\/","name":"Dicodusport","description":"L&#039;encyclop\u00e9die de l&#039;actualit\u00e9 sportive","publisher":{"@id":"https:\/\/dicodusport.fr\/blog\/#organization"},"potentialAction":[{"@type":"SearchAction","target":{"@type":"EntryPoint","urlTemplate":"https:\/\/dicodusport.fr\/blog\/?s={search_term_string}"},"query-input":{"@type":"PropertyValueSpecification","valueRequired":true,"valueName":"search_term_string"}}],"inLanguage":"fr-FR"},{"@type":"NewsMediaOrganization","@id":"https:\/\/dicodusport.fr\/blog\/#organization","name":"Dicodusport","url":"https:\/\/dicodusport.fr\/blog\/","logo":{"@type":"ImageObject","inLanguage":"fr-FR","@id":"https:\/\/dicodusport.fr\/blog\/#\/schema\/logo\/image\/","url":"https:\/\/dicodusport.fr\/blog\/wp-content\/uploads\/2020\/06\/cropped-LOGO-DICODUSPORT-2020-SANS-FOND-SANS-TEXTE.png","contentUrl":"https:\/\/dicodusport.fr\/blog\/wp-content\/uploads\/2020\/06\/cropped-LOGO-DICODUSPORT-2020-SANS-FOND-SANS-TEXTE.png","width":512,"height":512,"caption":"Dicodusport"},"image":{"@id":"https:\/\/dicodusport.fr\/blog\/#\/schema\/logo\/image\/"},"sameAs":["https:\/\/www.facebook.com\/dicodusport","https:\/\/x.com\/dicodusport","https:\/\/www.instagram.com\/dicodusport\/","https:\/\/www.youtube.com\/channel\/UC7V2KZ5sd3htJivAbA4ZG3w"],"description":"Dicodusport est l'encyclop\u00e9die de l'actualit\u00e9 sportive.","email":"bonjour@dicodusport.fr","legalName":"DICODUSPORT","foundingDate":"2018-01-14","vatID":"FR71834470973","taxID":"83447097300043","numberOfEmployees":{"@type":"QuantitativeValue","minValue":"1","maxValue":"10"}},{"@type":"Person","@id":"https:\/\/dicodusport.fr\/blog\/#\/schema\/person\/6db4bae06b171592211be385b32876a7","name":"Emilien Descampiaux","image":{"@type":"ImageObject","inLanguage":"fr-FR","@id":"https:\/\/dicodusport.fr\/blog\/#\/schema\/person\/image\/","url":"https:\/\/dicodusport.fr\/blog\/wp-content\/uploads\/2021\/05\/Emilien-Descampiaux-150x150.jpg","contentUrl":"https:\/\/dicodusport.fr\/blog\/wp-content\/uploads\/2021\/05\/Emilien-Descampiaux-150x150.jpg","caption":"Emilien Descampiaux"},"description":"Journaliste\/r\u00e9dacteur depuis 2014 - Fan de la classe de Frank Vandenbroucke, je vis cyclisme (et de ses paysages) depuis plus de 20 ans. Je suis tr\u00e8s impliqu\u00e9 sur mes diff\u00e9rents r\u00e9seaux sociaux pour partager ma passion sur le monde et l'Histoire de la bicyclette avec ma voix sur les images en noir et blanc du succ\u00e8s de Rik Van Steenbergen lors du Ronde sur le V\u00e9lodrome de Gand.","sameAs":["https:\/\/www.facebook.com\/groups\/LesRoisDuPeloton","https:\/\/x.com\/https:\/\/twitter.com\/LRoisDuPeloton"],"url":"https:\/\/dicodusport.fr\/blog\/author\/emiliend\/"}]}},"_links":{"self":[{"href":"https:\/\/dicodusport.fr\/blog\/wp-json\/wp\/v2\/posts\/435300","targetHints":{"allow":["GET"]}}],"collection":[{"href":"https:\/\/dicodusport.fr\/blog\/wp-json\/wp\/v2\/posts"}],"about":[{"href":"https:\/\/dicodusport.fr\/blog\/wp-json\/wp\/v2\/types\/post"}],"author":[{"embeddable":true,"href":"https:\/\/dicodusport.fr\/blog\/wp-json\/wp\/v2\/users\/48"}],"replies":[{"embeddable":true,"href":"https:\/\/dicodusport.fr\/blog\/wp-json\/wp\/v2\/comments?post=435300"}],"version-history":[{"count":5,"href":"https:\/\/dicodusport.fr\/blog\/wp-json\/wp\/v2\/posts\/435300\/revisions"}],"predecessor-version":[{"id":500993,"href":"https:\/\/dicodusport.fr\/blog\/wp-json\/wp\/v2\/posts\/435300\/revisions\/500993"}],"wp:featuredmedia":[{"embeddable":true,"href":"https:\/\/dicodusport.fr\/blog\/wp-json\/wp\/v2\/media\/500893"}],"wp:attachment":[{"href":"https:\/\/dicodusport.fr\/blog\/wp-json\/wp\/v2\/media?parent=435300"}],"wp:term":[{"taxonomy":"category","embeddable":true,"href":"https:\/\/dicodusport.fr\/blog\/wp-json\/wp\/v2\/categories?post=435300"},{"taxonomy":"post_tag","embeddable":true,"href":"https:\/\/dicodusport.fr\/blog\/wp-json\/wp\/v2\/tags?post=435300"}],"curies":[{"name":"wp","href":"https:\/\/api.w.org\/{rel}","templated":true}]}}