{"id":435350,"date":"2023-11-06T15:42:07","date_gmt":"2023-11-06T14:42:07","guid":{"rendered":"https:\/\/dicodusport.fr\/blog\/?p=435350&#038;preview=true&#038;preview_id=435350"},"modified":"2023-11-06T16:58:23","modified_gmt":"2023-11-06T15:58:23","slug":"mercato-cyclisme-kenny-elissonde-revient-dans-une-equipe-francaise","status":"publish","type":"post","link":"https:\/\/dicodusport.fr\/blog\/mercato-cyclisme-kenny-elissonde-revient-dans-une-equipe-francaise\/","title":{"rendered":"Mercato cyclisme : Kenny Elissonde revient dans une \u00e9quipe fran\u00e7aise"},"content":{"rendered":"<p style=\"text-align: justify;\"><strong><em>MERCATO CYCLISME &#8211; Sept ans apr\u00e8s son d\u00e9part de la FDJ, Kenny Elissonde revient dans l&rsquo;Hexagone et rejoint la Cofidis, qui a \u00e9galement sign\u00e9 Ben Hermans.<\/em><\/strong><\/p>\n<p style=\"text-align: justify;\">\u00c0 32 ans, <strong>Kenny Elissonde<\/strong> n&rsquo;en a pas fini avec sa carri\u00e8re. R\u00e9v\u00e9l\u00e9 sous le maillot de la FDJ, l\u00e0 o\u00f9 il a gagn\u00e9 le plus grand succ\u00e8s de sa carri\u00e8re en 2013 &#8211; la 20e \u00e9tape de la Vuelta en haut du mythique Angliru &#8211; il a depuis men\u00e9 une carri\u00e8re d&rsquo;\u00e9quipier mod\u00e8le sous les couleurs de la Sky \/ INEOS, puis \u00e0 la Trek depuis 2020. Le voil\u00e0 en route vers un nouveau challenge, et ce sera sous les couleurs d&rsquo;une \u00e9quipe fran\u00e7aise, en l&rsquo;occurrence la Cofidis.<\/p>\n<blockquote class=\"twitter-tweet\">\n<p dir=\"ltr\" lang=\"fr\">\u2502 Effectif complet pour 2024 \u2502<a href=\"https:\/\/twitter.com\/KennyElissonde?ref_src=twsrc%5Etfw\">@KennyElissonde<\/a> et <a href=\"https:\/\/twitter.com\/hermansben?ref_src=twsrc%5Etfw\">@hermansben<\/a> viennent cl\u00f4turer l&rsquo;effectif pr\u00e9vu pour la saison 2024 et signent chacun pour 1 ann\u00e9e !<\/p>\n<p>Bienvenue \u00e0 vous \u2600\ufe0f<a href=\"https:\/\/twitter.com\/hashtag\/CofidisMyTeam?src=hash&amp;ref_src=twsrc%5Etfw\">#CofidisMyTeam<\/a><\/p>\n<p>Plus d&rsquo;informations\u2935\ufe0f<a href=\"https:\/\/t.co\/RkSEZDBx5R\">https:\/\/t.co\/RkSEZDBx5R<\/a> <a href=\"https:\/\/t.co\/dCdQd0RFR1\">pic.twitter.com\/dCdQd0RFR1<\/a><\/p>\n<p>\u2014 Team Cofidis (@TeamCOFIDIS) <a href=\"https:\/\/twitter.com\/TeamCOFIDIS\/status\/1721527864753795456?ref_src=twsrc%5Etfw\">November 6, 2023<\/a><\/p><\/blockquote>\n<p style=\"text-align: justify;\"><script async src=\"https:\/\/platform.twitter.com\/widgets.js\" charset=\"utf-8\"><\/script><\/p>\n<p style=\"text-align: justify;\">La formation nordiste a \u00e9t\u00e9 un des grands animateurs du mercato cyclisme. Car non seulement, elle a annonc\u00e9 l&rsquo;arriv\u00e9e pour un an de <strong>Kenny Elissonde<\/strong>, mais aussi celle de <strong>Ben Hermans<\/strong>. Le v\u00e9t\u00e9ran belge, \u00e2g\u00e9 de 37 ans et pass\u00e9 pro en 2009, s&rsquo;engage lui aussi pour une ann\u00e9e en provenance d&rsquo;Israel-Premier Tech. Deux signatures qui font 12 dans cette intersaison agit\u00e9e pour la Cofidis, qui renouvelle son effectif apr\u00e8s une saison 2023 r\u00e9ussie, notamment gr\u00e2ce aux deux victoires d&rsquo;\u00e9tape sur le dernier Tour de France.<\/p>\n<h2 style=\"text-align: justify;\">\u00c0 lire aussi<\/h2>\n<ul>\n<li style=\"text-align: justify;\"><a href=\"https:\/\/dicodusport.fr\/blog\/mercato-cyclisme-2023-2024-tableau-des-transferts\/\"><strong>Le tableau des transferts cyclisme 2023\u00a0<\/strong><\/a><\/li>\n<\/ul>\n","protected":false},"excerpt":{"rendered":"<p>MERCATO CYCLISME &#8211; Sept ans apr\u00e8s son d\u00e9part de la FDJ, Kenny Elissonde revient dans l&rsquo;Hexagone et rejoint la Cofidis, qui a \u00e9galement sign\u00e9 Ben Hermans.<\/p>\n","protected":false},"author":59,"featured_media":435357,"comment_status":"open","ping_status":"closed","sticky":false,"template":"","format":"standard","meta":{"_acf_changed":false,"_daextam_enable_autolinks":"1","footnotes":""},"categories":[46994],"tags":[16878,1186],"class_list":["post-435350","post","type-post","status-publish","format-standard","has-post-thumbnail","hentry","category-cyclisme-sur-route","tag-breve","tag-cofidis"],"acf":[],"yoast_head":"<!-- This site is optimized with the Yoast SEO Premium plugin v26.7 (Yoast SEO v26.7) - https:\/\/yoast.com\/wordpress\/plugins\/seo\/ -->\n<title>Mercato cyclisme : Kenny Elissonde revient dans une \u00e9quipe fran\u00e7aise<\/title>\n<meta name=\"description\" content=\"MERCATO CYCLISME - Sept ans apr\u00e8s son d\u00e9part de la FDJ, Kenny Elissonde revient dans l&#039;Hexagone et rejoint la Cofidis, qui a \u00e9galement sign\u00e9 Ben Hermans.\" \/>\n<meta name=\"robots\" content=\"index, follow, max-snippet:-1, max-image-preview:large, max-video-preview:-1\" \/>\n<link rel=\"canonical\" href=\"https:\/\/dicodusport.fr\/blog\/mercato-cyclisme-kenny-elissonde-revient-dans-une-equipe-francaise\/\" \/>\n<meta property=\"og:locale\" content=\"fr_FR\" \/>\n<meta property=\"og:type\" content=\"article\" \/>\n<meta property=\"og:title\" content=\"Mercato cyclisme : Kenny Elissonde revient dans une \u00e9quipe fran\u00e7aise\" \/>\n<meta property=\"og:description\" content=\"MERCATO CYCLISME - Sept ans apr\u00e8s son d\u00e9part de la FDJ, Kenny Elissonde revient dans l&#039;Hexagone et rejoint la Cofidis, qui a \u00e9galement sign\u00e9 Ben Hermans.\" \/>\n<meta property=\"og:url\" content=\"https:\/\/dicodusport.fr\/blog\/mercato-cyclisme-kenny-elissonde-revient-dans-une-equipe-francaise\/\" \/>\n<meta property=\"og:site_name\" content=\"Dicodusport\" \/>\n<meta property=\"article:publisher\" content=\"https:\/\/www.facebook.com\/dicodusport\" \/>\n<meta property=\"article:author\" content=\"https:\/\/www.facebook.com\/sebastien.gente\/\" \/>\n<meta property=\"article:published_time\" content=\"2023-11-06T14:42:07+00:00\" \/>\n<meta property=\"article:modified_time\" content=\"2023-11-06T15:58:23+00:00\" \/>\n<meta property=\"og:image\" content=\"https:\/\/dicodusport.fr\/blog\/wp-content\/uploads\/2023\/11\/Mercato-cyclisme-Kenny-Elissonde-revient-dans-une-equipe-francaise.png\" \/>\n\t<meta property=\"og:image:width\" content=\"800\" \/>\n\t<meta property=\"og:image:height\" content=\"445\" \/>\n\t<meta property=\"og:image:type\" content=\"image\/png\" \/>\n<meta name=\"author\" content=\"S\u00e9bastien Gente\" \/>\n<meta name=\"twitter:card\" content=\"summary_large_image\" \/>\n<meta name=\"twitter:title\" content=\"Mercato cyclisme : Kenny Elissonde revient dans une \u00e9quipe fran\u00e7aise\" \/>\n<meta name=\"twitter:creator\" content=\"@https:\/\/twitter.com\/globulo24\" \/>\n<meta name=\"twitter:site\" content=\"@dicodusport\" \/>\n<script type=\"application\/ld+json\" class=\"yoast-schema-graph\">{\"@context\":\"https:\/\/schema.org\",\"@graph\":[{\"@type\":\"NewsArticle\",\"@id\":\"https:\/\/dicodusport.fr\/blog\/mercato-cyclisme-kenny-elissonde-revient-dans-une-equipe-francaise\/#article\",\"isPartOf\":{\"@id\":\"https:\/\/dicodusport.fr\/blog\/mercato-cyclisme-kenny-elissonde-revient-dans-une-equipe-francaise\/\"},\"author\":{\"name\":\"S\u00e9bastien Gente\",\"@id\":\"https:\/\/dicodusport.fr\/blog\/#\/schema\/person\/627966a6cde45dbd8c5e36ac85d783da\"},\"headline\":\"Mercato cyclisme : Kenny Elissonde revient dans une \u00e9quipe fran\u00e7aise\",\"datePublished\":\"2023-11-06T14:42:07+00:00\",\"dateModified\":\"2023-11-06T15:58:23+00:00\",\"mainEntityOfPage\":{\"@id\":\"https:\/\/dicodusport.fr\/blog\/mercato-cyclisme-kenny-elissonde-revient-dans-une-equipe-francaise\/\"},\"wordCount\":277,\"commentCount\":0,\"publisher\":{\"@id\":\"https:\/\/dicodusport.fr\/blog\/#organization\"},\"image\":{\"@id\":\"https:\/\/dicodusport.fr\/blog\/mercato-cyclisme-kenny-elissonde-revient-dans-une-equipe-francaise\/#primaryimage\"},\"thumbnailUrl\":\"https:\/\/dicodusport.fr\/blog\/wp-content\/uploads\/2023\/11\/Mercato-cyclisme-Kenny-Elissonde-revient-dans-une-equipe-francaise.png\",\"keywords\":[\"br\u00e8ve\",\"cofidis\"],\"articleSection\":[\"Cyclisme sur route\"],\"inLanguage\":\"fr-FR\",\"potentialAction\":[{\"@type\":\"CommentAction\",\"name\":\"Comment\",\"target\":[\"https:\/\/dicodusport.fr\/blog\/mercato-cyclisme-kenny-elissonde-revient-dans-une-equipe-francaise\/#respond\"]}],\"copyrightYear\":\"2023\",\"copyrightHolder\":{\"@id\":\"https:\/\/dicodusport.fr\/blog\/#organization\"}},{\"@type\":\"WebPage\",\"@id\":\"https:\/\/dicodusport.fr\/blog\/mercato-cyclisme-kenny-elissonde-revient-dans-une-equipe-francaise\/\",\"url\":\"https:\/\/dicodusport.fr\/blog\/mercato-cyclisme-kenny-elissonde-revient-dans-une-equipe-francaise\/\",\"name\":\"Mercato cyclisme : Kenny Elissonde revient dans une \u00e9quipe fran\u00e7aise\",\"isPartOf\":{\"@id\":\"https:\/\/dicodusport.fr\/blog\/#website\"},\"primaryImageOfPage\":{\"@id\":\"https:\/\/dicodusport.fr\/blog\/mercato-cyclisme-kenny-elissonde-revient-dans-une-equipe-francaise\/#primaryimage\"},\"image\":{\"@id\":\"https:\/\/dicodusport.fr\/blog\/mercato-cyclisme-kenny-elissonde-revient-dans-une-equipe-francaise\/#primaryimage\"},\"thumbnailUrl\":\"https:\/\/dicodusport.fr\/blog\/wp-content\/uploads\/2023\/11\/Mercato-cyclisme-Kenny-Elissonde-revient-dans-une-equipe-francaise.png\",\"datePublished\":\"2023-11-06T14:42:07+00:00\",\"dateModified\":\"2023-11-06T15:58:23+00:00\",\"description\":\"MERCATO CYCLISME - Sept ans apr\u00e8s son d\u00e9part de la FDJ, Kenny Elissonde revient dans l'Hexagone et rejoint la Cofidis, qui a \u00e9galement sign\u00e9 Ben Hermans.\",\"breadcrumb\":{\"@id\":\"https:\/\/dicodusport.fr\/blog\/mercato-cyclisme-kenny-elissonde-revient-dans-une-equipe-francaise\/#breadcrumb\"},\"inLanguage\":\"fr-FR\",\"potentialAction\":[{\"@type\":\"ReadAction\",\"target\":[\"https:\/\/dicodusport.fr\/blog\/mercato-cyclisme-kenny-elissonde-revient-dans-une-equipe-francaise\/\"]}]},{\"@type\":\"ImageObject\",\"inLanguage\":\"fr-FR\",\"@id\":\"https:\/\/dicodusport.fr\/blog\/mercato-cyclisme-kenny-elissonde-revient-dans-une-equipe-francaise\/#primaryimage\",\"url\":\"https:\/\/dicodusport.fr\/blog\/wp-content\/uploads\/2023\/11\/Mercato-cyclisme-Kenny-Elissonde-revient-dans-une-equipe-francaise.png\",\"contentUrl\":\"https:\/\/dicodusport.fr\/blog\/wp-content\/uploads\/2023\/11\/Mercato-cyclisme-Kenny-Elissonde-revient-dans-une-equipe-francaise.png\",\"width\":800,\"height\":445,\"caption\":\"Mercato cyclisme Kenny Elissonde revient dans une \u00e9quipe fran\u00e7aise\"},{\"@type\":\"BreadcrumbList\",\"@id\":\"https:\/\/dicodusport.fr\/blog\/mercato-cyclisme-kenny-elissonde-revient-dans-une-equipe-francaise\/#breadcrumb\",\"itemListElement\":[{\"@type\":\"ListItem\",\"position\":1,\"name\":\"Accueil\",\"item\":\"https:\/\/dicodusport.fr\/blog\/\"},{\"@type\":\"ListItem\",\"position\":2,\"name\":\"Mercato cyclisme : Kenny Elissonde revient dans une \u00e9quipe fran\u00e7aise\"}]},{\"@type\":\"WebSite\",\"@id\":\"https:\/\/dicodusport.fr\/blog\/#website\",\"url\":\"https:\/\/dicodusport.fr\/blog\/\",\"name\":\"Dicodusport\",\"description\":\"L&#039;encyclop\u00e9die de l&#039;actualit\u00e9 sportive\",\"publisher\":{\"@id\":\"https:\/\/dicodusport.fr\/blog\/#organization\"},\"potentialAction\":[{\"@type\":\"SearchAction\",\"target\":{\"@type\":\"EntryPoint\",\"urlTemplate\":\"https:\/\/dicodusport.fr\/blog\/?s={search_term_string}\"},\"query-input\":{\"@type\":\"PropertyValueSpecification\",\"valueRequired\":true,\"valueName\":\"search_term_string\"}}],\"inLanguage\":\"fr-FR\"},{\"@type\":\"NewsMediaOrganization\",\"@id\":\"https:\/\/dicodusport.fr\/blog\/#organization\",\"name\":\"Dicodusport\",\"url\":\"https:\/\/dicodusport.fr\/blog\/\",\"logo\":{\"@type\":\"ImageObject\",\"inLanguage\":\"fr-FR\",\"@id\":\"https:\/\/dicodusport.fr\/blog\/#\/schema\/logo\/image\/\",\"url\":\"https:\/\/dicodusport.fr\/blog\/wp-content\/uploads\/2020\/06\/cropped-LOGO-DICODUSPORT-2020-SANS-FOND-SANS-TEXTE.png\",\"contentUrl\":\"https:\/\/dicodusport.fr\/blog\/wp-content\/uploads\/2020\/06\/cropped-LOGO-DICODUSPORT-2020-SANS-FOND-SANS-TEXTE.png\",\"width\":512,\"height\":512,\"caption\":\"Dicodusport\"},\"image\":{\"@id\":\"https:\/\/dicodusport.fr\/blog\/#\/schema\/logo\/image\/\"},\"sameAs\":[\"https:\/\/www.facebook.com\/dicodusport\",\"https:\/\/x.com\/dicodusport\",\"https:\/\/www.instagram.com\/dicodusport\/\",\"https:\/\/www.youtube.com\/channel\/UC7V2KZ5sd3htJivAbA4ZG3w\"],\"description\":\"Dicodusport est l'encyclop\u00e9die de l'actualit\u00e9 sportive.\",\"email\":\"bonjour@dicodusport.fr\",\"legalName\":\"DICODUSPORT\",\"foundingDate\":\"2018-01-14\",\"vatID\":\"FR71834470973\",\"taxID\":\"83447097300043\",\"numberOfEmployees\":{\"@type\":\"QuantitativeValue\",\"minValue\":\"1\",\"maxValue\":\"10\"}},{\"@type\":\"Person\",\"@id\":\"https:\/\/dicodusport.fr\/blog\/#\/schema\/person\/627966a6cde45dbd8c5e36ac85d783da\",\"name\":\"S\u00e9bastien Gente\",\"image\":{\"@type\":\"ImageObject\",\"inLanguage\":\"fr-FR\",\"@id\":\"https:\/\/dicodusport.fr\/blog\/#\/schema\/person\/image\/\",\"url\":\"https:\/\/dicodusport.fr\/blog\/wp-content\/uploads\/2021\/09\/1510990_10205810251400683_4124423575079401707_n-150x150.jpg\",\"contentUrl\":\"https:\/\/dicodusport.fr\/blog\/wp-content\/uploads\/2021\/09\/1510990_10205810251400683_4124423575079401707_n-150x150.jpg\",\"caption\":\"S\u00e9bastien Gente\"},\"description\":\"John Stockton, Gianni Bugno, Zinedine Zidane, Steffi Graf, Frode Andresen, St\u00e9phane Stoecklin, Davis Kamoga, Primoz Peterka, Werner Schlager et Aur\u00e9lien Rougerie. Point commun entre ces sportifs? Ils m'ont fait r\u00eaver et ont berc\u00e9 mon adolescence. Je suis un fondu de sports et j'essaie de retranscrire ma passion \u00e0 travers mes articles. Originaire du P\u00e9rigord, ma passion pour les Girondins, les Jaunards et les Jazzmen transpire dans mes \u00e9crits. \u00c0 Dicodusport depuis 2021, je d\u00e9niche les sports m\u00e9connus dans lesquels la France brille, et il y en a !\",\"sameAs\":[\"https:\/\/www.facebook.com\/sebastien.gente\/\",\"https:\/\/www.instagram.com\/sebgente\/\",\"https:\/\/www.linkedin.com\/in\/sbastien-gente-a29583169\/\",\"https:\/\/x.com\/https:\/\/twitter.com\/globulo24\",\"SebastienGente\"],\"worksFor\":\"S\u00e9bastien GENTE\",\"url\":\"https:\/\/dicodusport.fr\/blog\/author\/sebastiengente\/\"}]}<\/script>\n<!-- \/ Yoast SEO Premium plugin. -->","yoast_head_json":{"title":"Mercato cyclisme : Kenny Elissonde revient dans une \u00e9quipe fran\u00e7aise","description":"MERCATO CYCLISME - Sept ans apr\u00e8s son d\u00e9part de la FDJ, Kenny Elissonde revient dans l'Hexagone et rejoint la Cofidis, qui a \u00e9galement sign\u00e9 Ben Hermans.","robots":{"index":"index","follow":"follow","max-snippet":"max-snippet:-1","max-image-preview":"max-image-preview:large","max-video-preview":"max-video-preview:-1"},"canonical":"https:\/\/dicodusport.fr\/blog\/mercato-cyclisme-kenny-elissonde-revient-dans-une-equipe-francaise\/","og_locale":"fr_FR","og_type":"article","og_title":"Mercato cyclisme : Kenny Elissonde revient dans une \u00e9quipe fran\u00e7aise","og_description":"MERCATO CYCLISME - Sept ans apr\u00e8s son d\u00e9part de la FDJ, Kenny Elissonde revient dans l'Hexagone et rejoint la Cofidis, qui a \u00e9galement sign\u00e9 Ben Hermans.","og_url":"https:\/\/dicodusport.fr\/blog\/mercato-cyclisme-kenny-elissonde-revient-dans-une-equipe-francaise\/","og_site_name":"Dicodusport","article_publisher":"https:\/\/www.facebook.com\/dicodusport","article_author":"https:\/\/www.facebook.com\/sebastien.gente\/","article_published_time":"2023-11-06T14:42:07+00:00","article_modified_time":"2023-11-06T15:58:23+00:00","og_image":[{"width":800,"height":445,"url":"https:\/\/dicodusport.fr\/blog\/wp-content\/uploads\/2023\/11\/Mercato-cyclisme-Kenny-Elissonde-revient-dans-une-equipe-francaise.png","type":"image\/png"}],"author":"S\u00e9bastien Gente","twitter_card":"summary_large_image","twitter_title":"Mercato cyclisme : Kenny Elissonde revient dans une \u00e9quipe fran\u00e7aise","twitter_creator":"@https:\/\/twitter.com\/globulo24","twitter_site":"@dicodusport","schema":{"@context":"https:\/\/schema.org","@graph":[{"@type":"NewsArticle","@id":"https:\/\/dicodusport.fr\/blog\/mercato-cyclisme-kenny-elissonde-revient-dans-une-equipe-francaise\/#article","isPartOf":{"@id":"https:\/\/dicodusport.fr\/blog\/mercato-cyclisme-kenny-elissonde-revient-dans-une-equipe-francaise\/"},"author":{"name":"S\u00e9bastien Gente","@id":"https:\/\/dicodusport.fr\/blog\/#\/schema\/person\/627966a6cde45dbd8c5e36ac85d783da"},"headline":"Mercato cyclisme : Kenny Elissonde revient dans une \u00e9quipe fran\u00e7aise","datePublished":"2023-11-06T14:42:07+00:00","dateModified":"2023-11-06T15:58:23+00:00","mainEntityOfPage":{"@id":"https:\/\/dicodusport.fr\/blog\/mercato-cyclisme-kenny-elissonde-revient-dans-une-equipe-francaise\/"},"wordCount":277,"commentCount":0,"publisher":{"@id":"https:\/\/dicodusport.fr\/blog\/#organization"},"image":{"@id":"https:\/\/dicodusport.fr\/blog\/mercato-cyclisme-kenny-elissonde-revient-dans-une-equipe-francaise\/#primaryimage"},"thumbnailUrl":"https:\/\/dicodusport.fr\/blog\/wp-content\/uploads\/2023\/11\/Mercato-cyclisme-Kenny-Elissonde-revient-dans-une-equipe-francaise.png","keywords":["br\u00e8ve","cofidis"],"articleSection":["Cyclisme sur route"],"inLanguage":"fr-FR","potentialAction":[{"@type":"CommentAction","name":"Comment","target":["https:\/\/dicodusport.fr\/blog\/mercato-cyclisme-kenny-elissonde-revient-dans-une-equipe-francaise\/#respond"]}],"copyrightYear":"2023","copyrightHolder":{"@id":"https:\/\/dicodusport.fr\/blog\/#organization"}},{"@type":"WebPage","@id":"https:\/\/dicodusport.fr\/blog\/mercato-cyclisme-kenny-elissonde-revient-dans-une-equipe-francaise\/","url":"https:\/\/dicodusport.fr\/blog\/mercato-cyclisme-kenny-elissonde-revient-dans-une-equipe-francaise\/","name":"Mercato cyclisme : Kenny Elissonde revient dans une \u00e9quipe fran\u00e7aise","isPartOf":{"@id":"https:\/\/dicodusport.fr\/blog\/#website"},"primaryImageOfPage":{"@id":"https:\/\/dicodusport.fr\/blog\/mercato-cyclisme-kenny-elissonde-revient-dans-une-equipe-francaise\/#primaryimage"},"image":{"@id":"https:\/\/dicodusport.fr\/blog\/mercato-cyclisme-kenny-elissonde-revient-dans-une-equipe-francaise\/#primaryimage"},"thumbnailUrl":"https:\/\/dicodusport.fr\/blog\/wp-content\/uploads\/2023\/11\/Mercato-cyclisme-Kenny-Elissonde-revient-dans-une-equipe-francaise.png","datePublished":"2023-11-06T14:42:07+00:00","dateModified":"2023-11-06T15:58:23+00:00","description":"MERCATO CYCLISME - Sept ans apr\u00e8s son d\u00e9part de la FDJ, Kenny Elissonde revient dans l'Hexagone et rejoint la Cofidis, qui a \u00e9galement sign\u00e9 Ben Hermans.","breadcrumb":{"@id":"https:\/\/dicodusport.fr\/blog\/mercato-cyclisme-kenny-elissonde-revient-dans-une-equipe-francaise\/#breadcrumb"},"inLanguage":"fr-FR","potentialAction":[{"@type":"ReadAction","target":["https:\/\/dicodusport.fr\/blog\/mercato-cyclisme-kenny-elissonde-revient-dans-une-equipe-francaise\/"]}]},{"@type":"ImageObject","inLanguage":"fr-FR","@id":"https:\/\/dicodusport.fr\/blog\/mercato-cyclisme-kenny-elissonde-revient-dans-une-equipe-francaise\/#primaryimage","url":"https:\/\/dicodusport.fr\/blog\/wp-content\/uploads\/2023\/11\/Mercato-cyclisme-Kenny-Elissonde-revient-dans-une-equipe-francaise.png","contentUrl":"https:\/\/dicodusport.fr\/blog\/wp-content\/uploads\/2023\/11\/Mercato-cyclisme-Kenny-Elissonde-revient-dans-une-equipe-francaise.png","width":800,"height":445,"caption":"Mercato cyclisme Kenny Elissonde revient dans une \u00e9quipe fran\u00e7aise"},{"@type":"BreadcrumbList","@id":"https:\/\/dicodusport.fr\/blog\/mercato-cyclisme-kenny-elissonde-revient-dans-une-equipe-francaise\/#breadcrumb","itemListElement":[{"@type":"ListItem","position":1,"name":"Accueil","item":"https:\/\/dicodusport.fr\/blog\/"},{"@type":"ListItem","position":2,"name":"Mercato cyclisme : Kenny Elissonde revient dans une \u00e9quipe fran\u00e7aise"}]},{"@type":"WebSite","@id":"https:\/\/dicodusport.fr\/blog\/#website","url":"https:\/\/dicodusport.fr\/blog\/","name":"Dicodusport","description":"L&#039;encyclop\u00e9die de l&#039;actualit\u00e9 sportive","publisher":{"@id":"https:\/\/dicodusport.fr\/blog\/#organization"},"potentialAction":[{"@type":"SearchAction","target":{"@type":"EntryPoint","urlTemplate":"https:\/\/dicodusport.fr\/blog\/?s={search_term_string}"},"query-input":{"@type":"PropertyValueSpecification","valueRequired":true,"valueName":"search_term_string"}}],"inLanguage":"fr-FR"},{"@type":"NewsMediaOrganization","@id":"https:\/\/dicodusport.fr\/blog\/#organization","name":"Dicodusport","url":"https:\/\/dicodusport.fr\/blog\/","logo":{"@type":"ImageObject","inLanguage":"fr-FR","@id":"https:\/\/dicodusport.fr\/blog\/#\/schema\/logo\/image\/","url":"https:\/\/dicodusport.fr\/blog\/wp-content\/uploads\/2020\/06\/cropped-LOGO-DICODUSPORT-2020-SANS-FOND-SANS-TEXTE.png","contentUrl":"https:\/\/dicodusport.fr\/blog\/wp-content\/uploads\/2020\/06\/cropped-LOGO-DICODUSPORT-2020-SANS-FOND-SANS-TEXTE.png","width":512,"height":512,"caption":"Dicodusport"},"image":{"@id":"https:\/\/dicodusport.fr\/blog\/#\/schema\/logo\/image\/"},"sameAs":["https:\/\/www.facebook.com\/dicodusport","https:\/\/x.com\/dicodusport","https:\/\/www.instagram.com\/dicodusport\/","https:\/\/www.youtube.com\/channel\/UC7V2KZ5sd3htJivAbA4ZG3w"],"description":"Dicodusport est l'encyclop\u00e9die de l'actualit\u00e9 sportive.","email":"bonjour@dicodusport.fr","legalName":"DICODUSPORT","foundingDate":"2018-01-14","vatID":"FR71834470973","taxID":"83447097300043","numberOfEmployees":{"@type":"QuantitativeValue","minValue":"1","maxValue":"10"}},{"@type":"Person","@id":"https:\/\/dicodusport.fr\/blog\/#\/schema\/person\/627966a6cde45dbd8c5e36ac85d783da","name":"S\u00e9bastien Gente","image":{"@type":"ImageObject","inLanguage":"fr-FR","@id":"https:\/\/dicodusport.fr\/blog\/#\/schema\/person\/image\/","url":"https:\/\/dicodusport.fr\/blog\/wp-content\/uploads\/2021\/09\/1510990_10205810251400683_4124423575079401707_n-150x150.jpg","contentUrl":"https:\/\/dicodusport.fr\/blog\/wp-content\/uploads\/2021\/09\/1510990_10205810251400683_4124423575079401707_n-150x150.jpg","caption":"S\u00e9bastien Gente"},"description":"John Stockton, Gianni Bugno, Zinedine Zidane, Steffi Graf, Frode Andresen, St\u00e9phane Stoecklin, Davis Kamoga, Primoz Peterka, Werner Schlager et Aur\u00e9lien Rougerie. Point commun entre ces sportifs? Ils m'ont fait r\u00eaver et ont berc\u00e9 mon adolescence. Je suis un fondu de sports et j'essaie de retranscrire ma passion \u00e0 travers mes articles. Originaire du P\u00e9rigord, ma passion pour les Girondins, les Jaunards et les Jazzmen transpire dans mes \u00e9crits. \u00c0 Dicodusport depuis 2021, je d\u00e9niche les sports m\u00e9connus dans lesquels la France brille, et il y en a !","sameAs":["https:\/\/www.facebook.com\/sebastien.gente\/","https:\/\/www.instagram.com\/sebgente\/","https:\/\/www.linkedin.com\/in\/sbastien-gente-a29583169\/","https:\/\/x.com\/https:\/\/twitter.com\/globulo24","SebastienGente"],"worksFor":"S\u00e9bastien GENTE","url":"https:\/\/dicodusport.fr\/blog\/author\/sebastiengente\/"}]}},"_links":{"self":[{"href":"https:\/\/dicodusport.fr\/blog\/wp-json\/wp\/v2\/posts\/435350","targetHints":{"allow":["GET"]}}],"collection":[{"href":"https:\/\/dicodusport.fr\/blog\/wp-json\/wp\/v2\/posts"}],"about":[{"href":"https:\/\/dicodusport.fr\/blog\/wp-json\/wp\/v2\/types\/post"}],"author":[{"embeddable":true,"href":"https:\/\/dicodusport.fr\/blog\/wp-json\/wp\/v2\/users\/59"}],"replies":[{"embeddable":true,"href":"https:\/\/dicodusport.fr\/blog\/wp-json\/wp\/v2\/comments?post=435350"}],"version-history":[{"count":0,"href":"https:\/\/dicodusport.fr\/blog\/wp-json\/wp\/v2\/posts\/435350\/revisions"}],"wp:featuredmedia":[{"embeddable":true,"href":"https:\/\/dicodusport.fr\/blog\/wp-json\/wp\/v2\/media\/435357"}],"wp:attachment":[{"href":"https:\/\/dicodusport.fr\/blog\/wp-json\/wp\/v2\/media?parent=435350"}],"wp:term":[{"taxonomy":"category","embeddable":true,"href":"https:\/\/dicodusport.fr\/blog\/wp-json\/wp\/v2\/categories?post=435350"},{"taxonomy":"post_tag","embeddable":true,"href":"https:\/\/dicodusport.fr\/blog\/wp-json\/wp\/v2\/tags?post=435350"}],"curies":[{"name":"wp","href":"https:\/\/api.w.org\/{rel}","templated":true}]}}