{"id":435466,"date":"2023-11-07T14:15:51","date_gmt":"2023-11-07T13:15:51","guid":{"rendered":"https:\/\/dicodusport.fr\/blog\/?p=435466&#038;preview=true&#038;preview_id=435466"},"modified":"2024-03-08T09:33:34","modified_gmt":"2024-03-08T08:33:34","slug":"pfl-cedric-doumbe-et-baki-acceptent-de-saffronter","status":"publish","type":"post","link":"https:\/\/dicodusport.fr\/blog\/pfl-cedric-doumbe-et-baki-acceptent-de-saffronter\/","title":{"rendered":"PFL : C\u00e9dric Doumb\u00e9 et \u00ab\u00a0Baki\u00a0\u00bb acceptent de s&rsquo;affronter"},"content":{"rendered":"<p style=\"text-align: justify;\"><strong><em>PFL &#8211; Alors que tous les fans fran\u00e7ais de MMA r\u00e9clament ce combat depuis d\u00e9j\u00e0 de nombreux mois, C\u00e9dric \u00ab\u00a0The Best\u00a0\u00bb Doumb\u00e9 et Baysangur \u00ab\u00a0Baki\u00a0\u00bb Chamsoudinov sont pass\u00e9s \u00e0 la vitesse sup\u00e9rieure. Les deux combattants ont d\u00e9j\u00e0 accept\u00e9 verbalement de se retrouver lors d&rsquo;un \u00e9v\u00e9nement organis\u00e9 par le PFL, l&rsquo;organisation avec laquelle est sous contrat l&rsquo;ex-champion du Glory.<\/em><\/strong><\/p>\n<h2 style=\"text-align: justify;\">C\u00e9dric Doumb\u00e9 charge \u00ab\u00a0Baki\u00a0\u00bb dans une vid\u00e9o<\/h2>\n<p style=\"text-align: justify;\">Dans une interview post\u00e9e par <em><a href=\"https:\/\/twitter.com\/lequipe\/status\/1721589416886403191\">L&rsquo;\u00c9quipe<\/a><\/em>, le Franco-Camerounais r\u00e9pond \u00e0 toutes les personnes qui le \u00ab\u00a0harc\u00e8lent\u00a0\u00bb sur les r\u00e9seaux sociaux pour affronter l&rsquo;un des combattants fran\u00e7ais les plus prometteurs : <strong>Baysangur Chamsoudinov<\/strong>, aka <em>Baki<\/em>, en r\u00e9f\u00e9rence au manga de <em>Keisuke Itagaki<\/em>. Dans cette vid\u00e9o, <strong>C\u00e9dric Doumb\u00e9<\/strong> explique son ras-le-bol vis-\u00e0-vis de cette rivalit\u00e9 que les internautes lui inventent avec le jeune espoir de 22 ans. Pour lui, il n&rsquo;y a pas d\u00e9bat : il est nettement sup\u00e9rieur \u00e0 son adversaire. <em>\u00ab<\/em> <em>C&rsquo;est un petit jeune et il se permet de citer mon nom. Les aigles ne volent pas avec les pigeons. Alors, arr\u00eatez d&rsquo;associer mon nom \u00e0 celui de Baki. Je vous ai pr\u00e9venu avec Jordan. Je l&rsquo;ai pris en neuf secondes. L\u00e0, vous r\u00e9it\u00e9rez. \u00bb<\/em><\/p>\n<p style=\"text-align: justify;\">Dans un second temps, l&rsquo;ancien kickboxeur a annonc\u00e9 sa volont\u00e9 de combattre <strong>Baysangur<\/strong> au PFL : <em>\u00ab<\/em> Si<em> vous persistez, on va faire ce combat. J&rsquo;ai appel\u00e9 David (son manager), je lui ai dit : \u00ab\u00a0Fais-moi plaisir, booke Baki pour le prochain combat au PFL\u00a0\u00bb. Vous voulez que j&rsquo;abatte l&rsquo;avenir du MMA fran\u00e7ais, je vais l&rsquo;abattre. C&rsquo;est tout b\u00e9nef : combat facile, hype de malade et l&rsquo;oseille. Que demander de plus ? \u00bb.<\/em><\/p>\n<blockquote class=\"twitter-tweet\">\n<p dir=\"ltr\" lang=\"fr\">\ud83d\udcaa \u00ab Vous voulez que j\u2019abatte l&rsquo;avenir du MMA fran\u00e7ais ? Je vais l\u2019abattre \u00bb C\u00e9dric Doumb\u00e9 annonce un combat contre Baki !<br \/>\n\ud83d\uddde\ufe0fRetrouvez une longue interview du combattant le 18 novembre dans le magazine L&rsquo;\u00c9quipe <a href=\"https:\/\/t.co\/VhdtMOBe6M\">pic.twitter.com\/VhdtMOBe6M<\/a><\/p>\n<p>\u2014 L&rsquo;\u00c9QUIPE (@lequipe) <a href=\"https:\/\/twitter.com\/lequipe\/status\/1721589416886403191?ref_src=twsrc%5Etfw\">November 6, 2023<\/a><\/p><\/blockquote>\n<p><script async src=\"https:\/\/platform.twitter.com\/widgets.js\" charset=\"utf-8\"><\/script><\/p>\n<h2 style=\"text-align: justify;\">Baki r\u00e9pond<\/h2>\n<p style=\"text-align: justify;\">Le principal int\u00e9ress\u00e9 n&rsquo;a pas tard\u00e9 \u00e0 r\u00e9pondre \u00e0 l&rsquo;adepte du <em>trashtalk<\/em> sur X : <em>\u00ab<\/em> <em><span class=\"css-901oao css-16my406 r-poiln3 r-bcqeeo r-qvutc0\">Je combats dans 11 jours pour la ceinture d\u2019ARES. Apr\u00e8s \u00e7a, j\u2019attendrai le contrat de monsieur David avec impatience \u00bb<\/span><\/em><span class=\"css-901oao css-16my406 r-poiln3 r-bcqeeo r-qvutc0\">. En effet, le 17 novembre prochain, le Tricolore tentera de devenir le champion de la cat\u00e9gorie des -77kg. En cas de succ\u00e8s, le PFL devrait ais\u00e9ment accepter d&rsquo;organiser le combat entre lui et Doumb\u00e9, \u00e9tant donn\u00e9 le succ\u00e8s de l\u2019\u00e9v\u00e9nement qui avait \u00e9t\u00e9 organis\u00e9 en France, en septembre dernier, et qui avait vu <a href=\"https:\/\/dicodusport.fr\/blog\/pfl-paris-cedric-doumbe-simpose-en-dix-secondes-contre-jordan-zebo\/\">la victoire express de <em>The Best<\/em> sur Jordan Zebo<\/a>. Ce n&rsquo;est pas la premi\u00e8re fois que <em>Baki<\/em> et Doumb\u00e9 se \u00ab\u00a0clashent\u00a0\u00bb sur les r\u00e9seaux sociaux, mais aujourd&rsquo;hui, le choc tant attendu entre les deux hommes semble plus proche que jamais.<\/span><\/p>\n<blockquote class=\"twitter-tweet\">\n<p dir=\"ltr\" lang=\"fr\">Je combat dans 11 jours pour la ceinture d\u2019ARES. Apr\u00e8s \u00e7a, j\u2019attendrai le contrat de monsieur David avec impatience\ud83d\ude01<\/p>\n<p>\u2014 Baki Hanma (@BaysangurHanma) <a href=\"https:\/\/twitter.com\/BaysangurHanma\/status\/1721607176232337561?ref_src=twsrc%5Etfw\">November 6, 2023<\/a><\/p><\/blockquote>\n<p><script async src=\"https:\/\/platform.twitter.com\/widgets.js\" charset=\"utf-8\"><\/script><\/p>\n<p>&nbsp;<\/p>\n","protected":false},"excerpt":{"rendered":"<p>PFL &#8211; Alors que tous les fans fran\u00e7ais de MMA r\u00e9clament ce combat depuis d\u00e9j\u00e0 de nombreux mois, C\u00e9dric \u00ab\u00a0The Best\u00a0\u00bb Doumb\u00e9 et Baysangur \u00ab\u00a0Baki\u00a0\u00bb Chamsoudinov sont pass\u00e9s \u00e0 la vitesse sup\u00e9rieure. Les deux combattants ont d\u00e9j\u00e0 accept\u00e9 verbalement de se retrouver lors d&rsquo;un \u00e9v\u00e9nement organis\u00e9 par le PFL, l&rsquo;organisation avec laquelle est sous contrat l&rsquo;ex-champion du Glory.<\/p>\n","protected":false},"author":86,"featured_media":424434,"comment_status":"open","ping_status":"closed","sticky":false,"template":"","format":"standard","meta":{"_acf_changed":false,"_daextam_enable_autolinks":"1","footnotes":""},"categories":[10666],"tags":[35771,16878,30075,1222,31441],"class_list":["post-435466","post","type-post","status-publish","format-standard","has-post-thumbnail","hentry","category-mma","tag-baki","tag-breve","tag-cedric-doumbe","tag-mma","tag-pfl"],"acf":[],"yoast_head":"<!-- This site is optimized with the Yoast SEO Premium plugin v26.7 (Yoast SEO v26.7) - https:\/\/yoast.com\/wordpress\/plugins\/seo\/ -->\n<title>PFL : C\u00e9dric Doumb\u00e9 et &quot;Baki&quot; acceptent de s&#039;affronter<\/title>\n<meta name=\"description\" content=\"C\u00e9dric Doumb\u00e9 et &quot;Baki&quot; pourraient s&#039;affronter tr\u00e8s bient\u00f4t lors d&#039;un \u00e9v\u00e9nement organis\u00e9 par le PFL. Une vid\u00e9o publi\u00e9e par L\u2019\u00c9quipe a mis le feu aux poudres.\" \/>\n<meta name=\"robots\" content=\"index, follow, max-snippet:-1, max-image-preview:large, max-video-preview:-1\" \/>\n<link rel=\"canonical\" href=\"https:\/\/dicodusport.fr\/blog\/pfl-cedric-doumbe-et-baki-acceptent-de-saffronter\/\" \/>\n<meta property=\"og:locale\" content=\"fr_FR\" \/>\n<meta property=\"og:type\" content=\"article\" \/>\n<meta property=\"og:title\" content=\"PFL : C\u00e9dric Doumb\u00e9 et &quot;Baki&quot; acceptent de s&#039;affronter\" \/>\n<meta property=\"og:description\" content=\"C\u00e9dric Doumb\u00e9 et &quot;Baki&quot; pourraient s&#039;affronter tr\u00e8s bient\u00f4t lors d&#039;un \u00e9v\u00e9nement organis\u00e9 par le PFL. Une vid\u00e9o publi\u00e9e par L\u2019\u00c9quipe a mis le feu aux poudres.\" \/>\n<meta property=\"og:url\" content=\"https:\/\/dicodusport.fr\/blog\/pfl-cedric-doumbe-et-baki-acceptent-de-saffronter\/\" \/>\n<meta property=\"og:site_name\" content=\"Dicodusport\" \/>\n<meta property=\"article:publisher\" content=\"https:\/\/www.facebook.com\/dicodusport\" \/>\n<meta property=\"article:published_time\" content=\"2023-11-07T13:15:51+00:00\" \/>\n<meta property=\"article:modified_time\" content=\"2024-03-08T08:33:34+00:00\" \/>\n<meta property=\"og:image\" content=\"https:\/\/dicodusport.fr\/blog\/wp-content\/uploads\/2023\/09\/PFL-Paris-Cedric-Doumbe-simpose-en-moins-de-dix-secondes-contre-Jordan-Zebo.png\" \/>\n\t<meta property=\"og:image:width\" content=\"800\" \/>\n\t<meta property=\"og:image:height\" content=\"445\" \/>\n\t<meta property=\"og:image:type\" content=\"image\/png\" \/>\n<meta name=\"author\" content=\"Nicolas Parant\" \/>\n<meta name=\"twitter:card\" content=\"summary_large_image\" \/>\n<meta name=\"twitter:title\" content=\"PFL : C\u00e9dric Doumb\u00e9 et &quot;Baki&quot; acceptent de s&#039;affronter\" \/>\n<meta name=\"twitter:creator\" content=\"@dicodusport\" \/>\n<meta name=\"twitter:site\" content=\"@dicodusport\" \/>\n<script type=\"application\/ld+json\" class=\"yoast-schema-graph\">{\"@context\":\"https:\/\/schema.org\",\"@graph\":[{\"@type\":\"NewsArticle\",\"@id\":\"https:\/\/dicodusport.fr\/blog\/pfl-cedric-doumbe-et-baki-acceptent-de-saffronter\/#article\",\"isPartOf\":{\"@id\":\"https:\/\/dicodusport.fr\/blog\/pfl-cedric-doumbe-et-baki-acceptent-de-saffronter\/\"},\"author\":{\"name\":\"Nicolas Parant\",\"@id\":\"https:\/\/dicodusport.fr\/blog\/#\/schema\/person\/816f1c1bae6e11b6ef5b39687639be63\"},\"headline\":\"PFL : C\u00e9dric Doumb\u00e9 et \u00ab\u00a0Baki\u00a0\u00bb acceptent de s&rsquo;affronter\",\"datePublished\":\"2023-11-07T13:15:51+00:00\",\"dateModified\":\"2024-03-08T08:33:34+00:00\",\"mainEntityOfPage\":{\"@id\":\"https:\/\/dicodusport.fr\/blog\/pfl-cedric-doumbe-et-baki-acceptent-de-saffronter\/\"},\"wordCount\":518,\"commentCount\":0,\"publisher\":{\"@id\":\"https:\/\/dicodusport.fr\/blog\/#organization\"},\"image\":{\"@id\":\"https:\/\/dicodusport.fr\/blog\/pfl-cedric-doumbe-et-baki-acceptent-de-saffronter\/#primaryimage\"},\"thumbnailUrl\":\"https:\/\/dicodusport.fr\/blog\/wp-content\/uploads\/2023\/09\/PFL-Paris-Cedric-Doumbe-simpose-en-moins-de-dix-secondes-contre-Jordan-Zebo.png\",\"keywords\":[\"Baki\",\"br\u00e8ve\",\"C\u00e9dric Doumb\u00e9\",\"MMA\",\"PFL\"],\"articleSection\":[\"MMA\"],\"inLanguage\":\"fr-FR\",\"potentialAction\":[{\"@type\":\"CommentAction\",\"name\":\"Comment\",\"target\":[\"https:\/\/dicodusport.fr\/blog\/pfl-cedric-doumbe-et-baki-acceptent-de-saffronter\/#respond\"]}],\"copyrightYear\":\"2023\",\"copyrightHolder\":{\"@id\":\"https:\/\/dicodusport.fr\/blog\/#organization\"}},{\"@type\":\"WebPage\",\"@id\":\"https:\/\/dicodusport.fr\/blog\/pfl-cedric-doumbe-et-baki-acceptent-de-saffronter\/\",\"url\":\"https:\/\/dicodusport.fr\/blog\/pfl-cedric-doumbe-et-baki-acceptent-de-saffronter\/\",\"name\":\"PFL : C\u00e9dric Doumb\u00e9 et \\\"Baki\\\" acceptent de s'affronter\",\"isPartOf\":{\"@id\":\"https:\/\/dicodusport.fr\/blog\/#website\"},\"primaryImageOfPage\":{\"@id\":\"https:\/\/dicodusport.fr\/blog\/pfl-cedric-doumbe-et-baki-acceptent-de-saffronter\/#primaryimage\"},\"image\":{\"@id\":\"https:\/\/dicodusport.fr\/blog\/pfl-cedric-doumbe-et-baki-acceptent-de-saffronter\/#primaryimage\"},\"thumbnailUrl\":\"https:\/\/dicodusport.fr\/blog\/wp-content\/uploads\/2023\/09\/PFL-Paris-Cedric-Doumbe-simpose-en-moins-de-dix-secondes-contre-Jordan-Zebo.png\",\"datePublished\":\"2023-11-07T13:15:51+00:00\",\"dateModified\":\"2024-03-08T08:33:34+00:00\",\"description\":\"C\u00e9dric Doumb\u00e9 et \\\"Baki\\\" pourraient s'affronter tr\u00e8s bient\u00f4t lors d'un \u00e9v\u00e9nement organis\u00e9 par le PFL. Une vid\u00e9o publi\u00e9e par L\u2019\u00c9quipe a mis le feu aux poudres.\",\"breadcrumb\":{\"@id\":\"https:\/\/dicodusport.fr\/blog\/pfl-cedric-doumbe-et-baki-acceptent-de-saffronter\/#breadcrumb\"},\"inLanguage\":\"fr-FR\",\"potentialAction\":[{\"@type\":\"ReadAction\",\"target\":[\"https:\/\/dicodusport.fr\/blog\/pfl-cedric-doumbe-et-baki-acceptent-de-saffronter\/\"]}]},{\"@type\":\"ImageObject\",\"inLanguage\":\"fr-FR\",\"@id\":\"https:\/\/dicodusport.fr\/blog\/pfl-cedric-doumbe-et-baki-acceptent-de-saffronter\/#primaryimage\",\"url\":\"https:\/\/dicodusport.fr\/blog\/wp-content\/uploads\/2023\/09\/PFL-Paris-Cedric-Doumbe-simpose-en-moins-de-dix-secondes-contre-Jordan-Zebo.png\",\"contentUrl\":\"https:\/\/dicodusport.fr\/blog\/wp-content\/uploads\/2023\/09\/PFL-Paris-Cedric-Doumbe-simpose-en-moins-de-dix-secondes-contre-Jordan-Zebo.png\",\"width\":800,\"height\":445,\"caption\":\"PFL Paris C\u00e9dric Doumb\u00e9 s'impose en moins de dix secondes contre Jordan Z\u00e9bo\"},{\"@type\":\"BreadcrumbList\",\"@id\":\"https:\/\/dicodusport.fr\/blog\/pfl-cedric-doumbe-et-baki-acceptent-de-saffronter\/#breadcrumb\",\"itemListElement\":[{\"@type\":\"ListItem\",\"position\":1,\"name\":\"Accueil\",\"item\":\"https:\/\/dicodusport.fr\/blog\/\"},{\"@type\":\"ListItem\",\"position\":2,\"name\":\"PFL : C\u00e9dric Doumb\u00e9 et \u00ab\u00a0Baki\u00a0\u00bb acceptent de s&rsquo;affronter\"}]},{\"@type\":\"WebSite\",\"@id\":\"https:\/\/dicodusport.fr\/blog\/#website\",\"url\":\"https:\/\/dicodusport.fr\/blog\/\",\"name\":\"Dicodusport\",\"description\":\"L&#039;encyclop\u00e9die de l&#039;actualit\u00e9 sportive\",\"publisher\":{\"@id\":\"https:\/\/dicodusport.fr\/blog\/#organization\"},\"potentialAction\":[{\"@type\":\"SearchAction\",\"target\":{\"@type\":\"EntryPoint\",\"urlTemplate\":\"https:\/\/dicodusport.fr\/blog\/?s={search_term_string}\"},\"query-input\":{\"@type\":\"PropertyValueSpecification\",\"valueRequired\":true,\"valueName\":\"search_term_string\"}}],\"inLanguage\":\"fr-FR\"},{\"@type\":\"NewsMediaOrganization\",\"@id\":\"https:\/\/dicodusport.fr\/blog\/#organization\",\"name\":\"Dicodusport\",\"url\":\"https:\/\/dicodusport.fr\/blog\/\",\"logo\":{\"@type\":\"ImageObject\",\"inLanguage\":\"fr-FR\",\"@id\":\"https:\/\/dicodusport.fr\/blog\/#\/schema\/logo\/image\/\",\"url\":\"https:\/\/dicodusport.fr\/blog\/wp-content\/uploads\/2020\/06\/cropped-LOGO-DICODUSPORT-2020-SANS-FOND-SANS-TEXTE.png\",\"contentUrl\":\"https:\/\/dicodusport.fr\/blog\/wp-content\/uploads\/2020\/06\/cropped-LOGO-DICODUSPORT-2020-SANS-FOND-SANS-TEXTE.png\",\"width\":512,\"height\":512,\"caption\":\"Dicodusport\"},\"image\":{\"@id\":\"https:\/\/dicodusport.fr\/blog\/#\/schema\/logo\/image\/\"},\"sameAs\":[\"https:\/\/www.facebook.com\/dicodusport\",\"https:\/\/x.com\/dicodusport\",\"https:\/\/www.instagram.com\/dicodusport\/\",\"https:\/\/www.youtube.com\/channel\/UC7V2KZ5sd3htJivAbA4ZG3w\"],\"description\":\"Dicodusport est l'encyclop\u00e9die de l'actualit\u00e9 sportive.\",\"email\":\"bonjour@dicodusport.fr\",\"legalName\":\"DICODUSPORT\",\"foundingDate\":\"2018-01-14\",\"vatID\":\"FR71834470973\",\"taxID\":\"83447097300043\",\"numberOfEmployees\":{\"@type\":\"QuantitativeValue\",\"minValue\":\"1\",\"maxValue\":\"10\"}},{\"@type\":\"Person\",\"@id\":\"https:\/\/dicodusport.fr\/blog\/#\/schema\/person\/816f1c1bae6e11b6ef5b39687639be63\",\"name\":\"Nicolas Parant\",\"image\":{\"@type\":\"ImageObject\",\"inLanguage\":\"fr-FR\",\"@id\":\"https:\/\/dicodusport.fr\/blog\/#\/schema\/person\/image\/\",\"url\":\"https:\/\/dicodusport.fr\/blog\/wp-content\/uploads\/2023\/04\/1B6E3319-7CA3-49A2-A3FB-D53C46115743-150x150.jpeg\",\"contentUrl\":\"https:\/\/dicodusport.fr\/blog\/wp-content\/uploads\/2023\/04\/1B6E3319-7CA3-49A2-A3FB-D53C46115743-150x150.jpeg\",\"caption\":\"Nicolas Parant\"},\"description\":\"Passionn\u00e9 de sport et d\u2019\u00e9criture, r\u00e9diger des articles a \u00e9t\u00e9 une v\u00e9ritable r\u00e9v\u00e9lation quand j\u2019ai pris la plume num\u00e9rique pour la premi\u00e8re fois en 2021. Admiratif des exploits de Nadal \u00e0 Roland Garros et du charisme de Zlatan Ibrahimovi\u0107 \u00e0 son arriv\u00e9e dans la capitale, je m\u2019efforce de transmettre au mieux les \u00e9motions des athl\u00e8tes de la nouvelle g\u00e9n\u00e9ration. \u00c0 Dicodusport depuis 2023, je commente principalement les batailles qui se d\u00e9roulent dans l\u2019octogone de l\u2019UFC ou sur les pelouses de football et de rugby.\",\"url\":\"https:\/\/dicodusport.fr\/blog\/author\/nicolas-parant\/\"}]}<\/script>\n<!-- \/ Yoast SEO Premium plugin. -->","yoast_head_json":{"title":"PFL : C\u00e9dric Doumb\u00e9 et \"Baki\" acceptent de s'affronter","description":"C\u00e9dric Doumb\u00e9 et \"Baki\" pourraient s'affronter tr\u00e8s bient\u00f4t lors d'un \u00e9v\u00e9nement organis\u00e9 par le PFL. Une vid\u00e9o publi\u00e9e par L\u2019\u00c9quipe a mis le feu aux poudres.","robots":{"index":"index","follow":"follow","max-snippet":"max-snippet:-1","max-image-preview":"max-image-preview:large","max-video-preview":"max-video-preview:-1"},"canonical":"https:\/\/dicodusport.fr\/blog\/pfl-cedric-doumbe-et-baki-acceptent-de-saffronter\/","og_locale":"fr_FR","og_type":"article","og_title":"PFL : C\u00e9dric Doumb\u00e9 et \"Baki\" acceptent de s'affronter","og_description":"C\u00e9dric Doumb\u00e9 et \"Baki\" pourraient s'affronter tr\u00e8s bient\u00f4t lors d'un \u00e9v\u00e9nement organis\u00e9 par le PFL. Une vid\u00e9o publi\u00e9e par L\u2019\u00c9quipe a mis le feu aux poudres.","og_url":"https:\/\/dicodusport.fr\/blog\/pfl-cedric-doumbe-et-baki-acceptent-de-saffronter\/","og_site_name":"Dicodusport","article_publisher":"https:\/\/www.facebook.com\/dicodusport","article_published_time":"2023-11-07T13:15:51+00:00","article_modified_time":"2024-03-08T08:33:34+00:00","og_image":[{"width":800,"height":445,"url":"https:\/\/dicodusport.fr\/blog\/wp-content\/uploads\/2023\/09\/PFL-Paris-Cedric-Doumbe-simpose-en-moins-de-dix-secondes-contre-Jordan-Zebo.png","type":"image\/png"}],"author":"Nicolas Parant","twitter_card":"summary_large_image","twitter_title":"PFL : C\u00e9dric Doumb\u00e9 et \"Baki\" acceptent de s'affronter","twitter_creator":"@dicodusport","twitter_site":"@dicodusport","schema":{"@context":"https:\/\/schema.org","@graph":[{"@type":"NewsArticle","@id":"https:\/\/dicodusport.fr\/blog\/pfl-cedric-doumbe-et-baki-acceptent-de-saffronter\/#article","isPartOf":{"@id":"https:\/\/dicodusport.fr\/blog\/pfl-cedric-doumbe-et-baki-acceptent-de-saffronter\/"},"author":{"name":"Nicolas Parant","@id":"https:\/\/dicodusport.fr\/blog\/#\/schema\/person\/816f1c1bae6e11b6ef5b39687639be63"},"headline":"PFL : C\u00e9dric Doumb\u00e9 et \u00ab\u00a0Baki\u00a0\u00bb acceptent de s&rsquo;affronter","datePublished":"2023-11-07T13:15:51+00:00","dateModified":"2024-03-08T08:33:34+00:00","mainEntityOfPage":{"@id":"https:\/\/dicodusport.fr\/blog\/pfl-cedric-doumbe-et-baki-acceptent-de-saffronter\/"},"wordCount":518,"commentCount":0,"publisher":{"@id":"https:\/\/dicodusport.fr\/blog\/#organization"},"image":{"@id":"https:\/\/dicodusport.fr\/blog\/pfl-cedric-doumbe-et-baki-acceptent-de-saffronter\/#primaryimage"},"thumbnailUrl":"https:\/\/dicodusport.fr\/blog\/wp-content\/uploads\/2023\/09\/PFL-Paris-Cedric-Doumbe-simpose-en-moins-de-dix-secondes-contre-Jordan-Zebo.png","keywords":["Baki","br\u00e8ve","C\u00e9dric Doumb\u00e9","MMA","PFL"],"articleSection":["MMA"],"inLanguage":"fr-FR","potentialAction":[{"@type":"CommentAction","name":"Comment","target":["https:\/\/dicodusport.fr\/blog\/pfl-cedric-doumbe-et-baki-acceptent-de-saffronter\/#respond"]}],"copyrightYear":"2023","copyrightHolder":{"@id":"https:\/\/dicodusport.fr\/blog\/#organization"}},{"@type":"WebPage","@id":"https:\/\/dicodusport.fr\/blog\/pfl-cedric-doumbe-et-baki-acceptent-de-saffronter\/","url":"https:\/\/dicodusport.fr\/blog\/pfl-cedric-doumbe-et-baki-acceptent-de-saffronter\/","name":"PFL : C\u00e9dric Doumb\u00e9 et \"Baki\" acceptent de s'affronter","isPartOf":{"@id":"https:\/\/dicodusport.fr\/blog\/#website"},"primaryImageOfPage":{"@id":"https:\/\/dicodusport.fr\/blog\/pfl-cedric-doumbe-et-baki-acceptent-de-saffronter\/#primaryimage"},"image":{"@id":"https:\/\/dicodusport.fr\/blog\/pfl-cedric-doumbe-et-baki-acceptent-de-saffronter\/#primaryimage"},"thumbnailUrl":"https:\/\/dicodusport.fr\/blog\/wp-content\/uploads\/2023\/09\/PFL-Paris-Cedric-Doumbe-simpose-en-moins-de-dix-secondes-contre-Jordan-Zebo.png","datePublished":"2023-11-07T13:15:51+00:00","dateModified":"2024-03-08T08:33:34+00:00","description":"C\u00e9dric Doumb\u00e9 et \"Baki\" pourraient s'affronter tr\u00e8s bient\u00f4t lors d'un \u00e9v\u00e9nement organis\u00e9 par le PFL. Une vid\u00e9o publi\u00e9e par L\u2019\u00c9quipe a mis le feu aux poudres.","breadcrumb":{"@id":"https:\/\/dicodusport.fr\/blog\/pfl-cedric-doumbe-et-baki-acceptent-de-saffronter\/#breadcrumb"},"inLanguage":"fr-FR","potentialAction":[{"@type":"ReadAction","target":["https:\/\/dicodusport.fr\/blog\/pfl-cedric-doumbe-et-baki-acceptent-de-saffronter\/"]}]},{"@type":"ImageObject","inLanguage":"fr-FR","@id":"https:\/\/dicodusport.fr\/blog\/pfl-cedric-doumbe-et-baki-acceptent-de-saffronter\/#primaryimage","url":"https:\/\/dicodusport.fr\/blog\/wp-content\/uploads\/2023\/09\/PFL-Paris-Cedric-Doumbe-simpose-en-moins-de-dix-secondes-contre-Jordan-Zebo.png","contentUrl":"https:\/\/dicodusport.fr\/blog\/wp-content\/uploads\/2023\/09\/PFL-Paris-Cedric-Doumbe-simpose-en-moins-de-dix-secondes-contre-Jordan-Zebo.png","width":800,"height":445,"caption":"PFL Paris C\u00e9dric Doumb\u00e9 s'impose en moins de dix secondes contre Jordan Z\u00e9bo"},{"@type":"BreadcrumbList","@id":"https:\/\/dicodusport.fr\/blog\/pfl-cedric-doumbe-et-baki-acceptent-de-saffronter\/#breadcrumb","itemListElement":[{"@type":"ListItem","position":1,"name":"Accueil","item":"https:\/\/dicodusport.fr\/blog\/"},{"@type":"ListItem","position":2,"name":"PFL : C\u00e9dric Doumb\u00e9 et \u00ab\u00a0Baki\u00a0\u00bb acceptent de s&rsquo;affronter"}]},{"@type":"WebSite","@id":"https:\/\/dicodusport.fr\/blog\/#website","url":"https:\/\/dicodusport.fr\/blog\/","name":"Dicodusport","description":"L&#039;encyclop\u00e9die de l&#039;actualit\u00e9 sportive","publisher":{"@id":"https:\/\/dicodusport.fr\/blog\/#organization"},"potentialAction":[{"@type":"SearchAction","target":{"@type":"EntryPoint","urlTemplate":"https:\/\/dicodusport.fr\/blog\/?s={search_term_string}"},"query-input":{"@type":"PropertyValueSpecification","valueRequired":true,"valueName":"search_term_string"}}],"inLanguage":"fr-FR"},{"@type":"NewsMediaOrganization","@id":"https:\/\/dicodusport.fr\/blog\/#organization","name":"Dicodusport","url":"https:\/\/dicodusport.fr\/blog\/","logo":{"@type":"ImageObject","inLanguage":"fr-FR","@id":"https:\/\/dicodusport.fr\/blog\/#\/schema\/logo\/image\/","url":"https:\/\/dicodusport.fr\/blog\/wp-content\/uploads\/2020\/06\/cropped-LOGO-DICODUSPORT-2020-SANS-FOND-SANS-TEXTE.png","contentUrl":"https:\/\/dicodusport.fr\/blog\/wp-content\/uploads\/2020\/06\/cropped-LOGO-DICODUSPORT-2020-SANS-FOND-SANS-TEXTE.png","width":512,"height":512,"caption":"Dicodusport"},"image":{"@id":"https:\/\/dicodusport.fr\/blog\/#\/schema\/logo\/image\/"},"sameAs":["https:\/\/www.facebook.com\/dicodusport","https:\/\/x.com\/dicodusport","https:\/\/www.instagram.com\/dicodusport\/","https:\/\/www.youtube.com\/channel\/UC7V2KZ5sd3htJivAbA4ZG3w"],"description":"Dicodusport est l'encyclop\u00e9die de l'actualit\u00e9 sportive.","email":"bonjour@dicodusport.fr","legalName":"DICODUSPORT","foundingDate":"2018-01-14","vatID":"FR71834470973","taxID":"83447097300043","numberOfEmployees":{"@type":"QuantitativeValue","minValue":"1","maxValue":"10"}},{"@type":"Person","@id":"https:\/\/dicodusport.fr\/blog\/#\/schema\/person\/816f1c1bae6e11b6ef5b39687639be63","name":"Nicolas Parant","image":{"@type":"ImageObject","inLanguage":"fr-FR","@id":"https:\/\/dicodusport.fr\/blog\/#\/schema\/person\/image\/","url":"https:\/\/dicodusport.fr\/blog\/wp-content\/uploads\/2023\/04\/1B6E3319-7CA3-49A2-A3FB-D53C46115743-150x150.jpeg","contentUrl":"https:\/\/dicodusport.fr\/blog\/wp-content\/uploads\/2023\/04\/1B6E3319-7CA3-49A2-A3FB-D53C46115743-150x150.jpeg","caption":"Nicolas Parant"},"description":"Passionn\u00e9 de sport et d\u2019\u00e9criture, r\u00e9diger des articles a \u00e9t\u00e9 une v\u00e9ritable r\u00e9v\u00e9lation quand j\u2019ai pris la plume num\u00e9rique pour la premi\u00e8re fois en 2021. Admiratif des exploits de Nadal \u00e0 Roland Garros et du charisme de Zlatan Ibrahimovi\u0107 \u00e0 son arriv\u00e9e dans la capitale, je m\u2019efforce de transmettre au mieux les \u00e9motions des athl\u00e8tes de la nouvelle g\u00e9n\u00e9ration. \u00c0 Dicodusport depuis 2023, je commente principalement les batailles qui se d\u00e9roulent dans l\u2019octogone de l\u2019UFC ou sur les pelouses de football et de rugby.","url":"https:\/\/dicodusport.fr\/blog\/author\/nicolas-parant\/"}]}},"_links":{"self":[{"href":"https:\/\/dicodusport.fr\/blog\/wp-json\/wp\/v2\/posts\/435466","targetHints":{"allow":["GET"]}}],"collection":[{"href":"https:\/\/dicodusport.fr\/blog\/wp-json\/wp\/v2\/posts"}],"about":[{"href":"https:\/\/dicodusport.fr\/blog\/wp-json\/wp\/v2\/types\/post"}],"author":[{"embeddable":true,"href":"https:\/\/dicodusport.fr\/blog\/wp-json\/wp\/v2\/users\/86"}],"replies":[{"embeddable":true,"href":"https:\/\/dicodusport.fr\/blog\/wp-json\/wp\/v2\/comments?post=435466"}],"version-history":[{"count":1,"href":"https:\/\/dicodusport.fr\/blog\/wp-json\/wp\/v2\/posts\/435466\/revisions"}],"predecessor-version":[{"id":470167,"href":"https:\/\/dicodusport.fr\/blog\/wp-json\/wp\/v2\/posts\/435466\/revisions\/470167"}],"wp:featuredmedia":[{"embeddable":true,"href":"https:\/\/dicodusport.fr\/blog\/wp-json\/wp\/v2\/media\/424434"}],"wp:attachment":[{"href":"https:\/\/dicodusport.fr\/blog\/wp-json\/wp\/v2\/media?parent=435466"}],"wp:term":[{"taxonomy":"category","embeddable":true,"href":"https:\/\/dicodusport.fr\/blog\/wp-json\/wp\/v2\/categories?post=435466"},{"taxonomy":"post_tag","embeddable":true,"href":"https:\/\/dicodusport.fr\/blog\/wp-json\/wp\/v2\/tags?post=435466"}],"curies":[{"name":"wp","href":"https:\/\/api.w.org\/{rel}","templated":true}]}}