{"id":435522,"date":"2023-11-07T18:09:38","date_gmt":"2023-11-07T17:09:38","guid":{"rendered":"https:\/\/dicodusport.fr\/blog\/?p=435522&#038;preview=true&#038;preview_id=435522"},"modified":"2023-11-07T18:51:29","modified_gmt":"2023-11-07T17:51:29","slug":"transferts-jerome-garces-rejoint-un-club-de-top-14","status":"publish","type":"post","link":"https:\/\/dicodusport.fr\/blog\/transferts-jerome-garces-rejoint-un-club-de-top-14\/","title":{"rendered":"Transferts : J\u00e9r\u00f4me Garc\u00e8s rejoint un club de Top 14"},"content":{"rendered":"<p style=\"text-align: justify;\"><strong><em><a href=\"https:\/\/dicodusport.fr\/blog\/classement-top-14-2023-2024\/\">TOP 14 2023\/2024<\/a>\u00a0 &#8211; Ce mardi, la Section paloise a officialis\u00e9 l&rsquo;int\u00e9gration au sein de son staff de l&rsquo;ancien arbitre international, J\u00e9r\u00f4me Garc\u00e8s.\u00a0<\/em><\/strong><\/p>\n<p style=\"text-align: justify;\">La <strong>Section Paloise<\/strong> a renforc\u00e9 son staff ce mardi. Surprenant leader du <strong>Top 14<\/strong> apr\u00e8s 5 journ\u00e9es, le club b\u00e9arnais a en effet officialis\u00e9 l&rsquo;arriv\u00e9e de <strong>J\u00e9r\u00f4me Garc\u00e8s<\/strong>. L&rsquo;ancien arbitre international fran\u00e7ais interviendra aupr\u00e8s du club en qualit\u00e9 de consultant arbitrage. Depuis la fin de son immense carri\u00e8re sifflet en bouche, il avait d&rsquo;abord pris le r\u00f4le de manager technique des arbitres du secteur professionnel entre 2019 et 2021. Depuis, il officie au sein du staff de <strong>Fabien Galthi\u00e9<\/strong> avec le <strong>XV de France<\/strong>. La Section a par ailleurs confirm\u00e9 que Garc\u00e8s poursuivra sa mission avec les Bleus, et interviendra au club une fois par semaine, hors fen\u00eatres internationales.<\/p>\n<blockquote class=\"twitter-tweet\">\n<p dir=\"ltr\" lang=\"fr\">\ud835\udddd\ud835\uddf2\u0301\ud835\uddff\ud835\uddfc\u0302\ud835\uddfa\ud835\uddf2 \ud835\uddda\ud835\uddee\ud835\uddff\ud835\uddf0\ud835\uddf2\u0300\ud835\ude00, \ud835\uddf0\ud835\uddfc\ud835\uddfb\ud835\ude00\ud835\ude02\ud835\uddf9\ud835\ude01\ud835\uddee\ud835\uddfb\ud835\ude01 \ud835\uddee\ud835\uddff\ud835\uddef\ud835\uddf6\ud835\ude01\ud835\uddff\ud835\uddee\ud835\uddf4\ud835\uddf2 \ud835\uddf1\ud835\uddf2 \ud835\uddf9\ud835\uddee \ud835\udde6\ud835\uddf2\ud835\uddf0\ud835\ude01\ud835\uddf6\ud835\uddfc\ud835\uddfb<\/p>\n<p>\u2139\ufe0f Le communiqu\u00e9 du club \ud83d\udc49 <a href=\"https:\/\/t.co\/PTkus0MQoW\">https:\/\/t.co\/PTkus0MQoW<\/a><a href=\"https:\/\/twitter.com\/hashtag\/HonhaSection?src=hash&amp;ref_src=twsrc%5Etfw\">#HonhaSection<\/a> <a href=\"https:\/\/t.co\/7ZP9tA79WR\">pic.twitter.com\/7ZP9tA79WR<\/a><\/p>\n<p>\u2014 SectionPaloise (@SectionPaloise) <a href=\"https:\/\/twitter.com\/SectionPaloise\/status\/1721924840393748978?ref_src=twsrc%5Etfw\">November 7, 2023<\/a><\/p><\/blockquote>\n<p><script async src=\"https:\/\/platform.twitter.com\/widgets.js\" charset=\"utf-8\"><\/script><\/p>\n","protected":false},"excerpt":{"rendered":"<p>TOP 14 2023\/2024\u00a0 &#8211; Ce mardi, la Section paloise a officialis\u00e9 l&rsquo;int\u00e9gration au sein de son staff de l&rsquo;ancien arbitre international, J\u00e9r\u00f4me Garc\u00e8s. Ce dernier interviendra en tant que consultant arbitrage tout en poursuivant sa mission aupr\u00e8s du XV de France.<\/p>\n","protected":false},"author":55,"featured_media":435525,"comment_status":"open","ping_status":"closed","sticky":false,"template":"","format":"standard","meta":{"_acf_changed":false,"_daextam_enable_autolinks":"1","footnotes":""},"categories":[47050],"tags":[16878,1092,1638],"class_list":["post-435522","post","type-post","status-publish","format-standard","has-post-thumbnail","hentry","category-top-14","tag-breve","tag-section-paloise","tag-xv-de-france"],"acf":[],"yoast_head":"<!-- This site is optimized with the Yoast SEO Premium plugin v26.7 (Yoast SEO v26.7) - https:\/\/yoast.com\/wordpress\/plugins\/seo\/ -->\n<title>Transferts : J\u00e9r\u00f4me Garc\u00e8s rejoint un club de Top 14<\/title>\n<meta name=\"description\" content=\"TOP 14 2023\/2024\u00a0 - En parall\u00e8le \u00e0 sa mission avec le XV de France, J\u00e9r\u00f4me Garc\u00e8s va int\u00e9grer le staff de la Section Paloise.\" \/>\n<meta name=\"robots\" content=\"index, follow, max-snippet:-1, max-image-preview:large, max-video-preview:-1\" \/>\n<link rel=\"canonical\" href=\"https:\/\/dicodusport.fr\/blog\/transferts-jerome-garces-rejoint-un-club-de-top-14\/\" \/>\n<meta property=\"og:locale\" content=\"fr_FR\" \/>\n<meta property=\"og:type\" content=\"article\" \/>\n<meta property=\"og:title\" content=\"Transferts : J\u00e9r\u00f4me Garc\u00e8s rejoint un club de Top 14\" \/>\n<meta property=\"og:description\" content=\"TOP 14 2023\/2024\u00a0 - En parall\u00e8le \u00e0 sa mission avec le XV de France, J\u00e9r\u00f4me Garc\u00e8s va int\u00e9grer le staff de la Section Paloise.\" \/>\n<meta property=\"og:url\" content=\"https:\/\/dicodusport.fr\/blog\/transferts-jerome-garces-rejoint-un-club-de-top-14\/\" \/>\n<meta property=\"og:site_name\" content=\"Dicodusport\" \/>\n<meta property=\"article:publisher\" content=\"https:\/\/www.facebook.com\/dicodusport\" \/>\n<meta property=\"article:published_time\" content=\"2023-11-07T17:09:38+00:00\" \/>\n<meta property=\"article:modified_time\" content=\"2023-11-07T17:51:29+00:00\" \/>\n<meta property=\"og:image\" content=\"https:\/\/dicodusport.fr\/blog\/wp-content\/uploads\/2023\/11\/Transferts-Jerome-Garces-rejoint-un-club-de-Top-14.png\" \/>\n\t<meta property=\"og:image:width\" content=\"800\" \/>\n\t<meta property=\"og:image:height\" content=\"445\" \/>\n\t<meta property=\"og:image:type\" content=\"image\/png\" \/>\n<meta name=\"author\" content=\"Maxime Cazenave\" \/>\n<meta name=\"twitter:card\" content=\"summary_large_image\" \/>\n<meta name=\"twitter:title\" content=\"Transferts : J\u00e9r\u00f4me Garc\u00e8s rejoint un club de Top 14\" \/>\n<meta name=\"twitter:creator\" content=\"@https:\/\/twitter.com\/Maxime_Caze\" \/>\n<meta name=\"twitter:site\" content=\"@dicodusport\" \/>\n<script type=\"application\/ld+json\" class=\"yoast-schema-graph\">{\"@context\":\"https:\/\/schema.org\",\"@graph\":[{\"@type\":\"NewsArticle\",\"@id\":\"https:\/\/dicodusport.fr\/blog\/transferts-jerome-garces-rejoint-un-club-de-top-14\/#article\",\"isPartOf\":{\"@id\":\"https:\/\/dicodusport.fr\/blog\/transferts-jerome-garces-rejoint-un-club-de-top-14\/\"},\"author\":{\"name\":\"Maxime Cazenave\",\"@id\":\"https:\/\/dicodusport.fr\/blog\/#\/schema\/person\/37def232098a7a5cbab3974a3690abb0\"},\"headline\":\"Transferts : J\u00e9r\u00f4me Garc\u00e8s rejoint un club de Top 14\",\"datePublished\":\"2023-11-07T17:09:38+00:00\",\"dateModified\":\"2023-11-07T17:51:29+00:00\",\"mainEntityOfPage\":{\"@id\":\"https:\/\/dicodusport.fr\/blog\/transferts-jerome-garces-rejoint-un-club-de-top-14\/\"},\"wordCount\":178,\"commentCount\":0,\"publisher\":{\"@id\":\"https:\/\/dicodusport.fr\/blog\/#organization\"},\"image\":{\"@id\":\"https:\/\/dicodusport.fr\/blog\/transferts-jerome-garces-rejoint-un-club-de-top-14\/#primaryimage\"},\"thumbnailUrl\":\"https:\/\/dicodusport.fr\/blog\/wp-content\/uploads\/2023\/11\/Transferts-Jerome-Garces-rejoint-un-club-de-Top-14.png\",\"keywords\":[\"br\u00e8ve\",\"section paloise\",\"XV de France\"],\"articleSection\":[\"Top 14\"],\"inLanguage\":\"fr-FR\",\"potentialAction\":[{\"@type\":\"CommentAction\",\"name\":\"Comment\",\"target\":[\"https:\/\/dicodusport.fr\/blog\/transferts-jerome-garces-rejoint-un-club-de-top-14\/#respond\"]}],\"copyrightYear\":\"2023\",\"copyrightHolder\":{\"@id\":\"https:\/\/dicodusport.fr\/blog\/#organization\"}},{\"@type\":\"WebPage\",\"@id\":\"https:\/\/dicodusport.fr\/blog\/transferts-jerome-garces-rejoint-un-club-de-top-14\/\",\"url\":\"https:\/\/dicodusport.fr\/blog\/transferts-jerome-garces-rejoint-un-club-de-top-14\/\",\"name\":\"Transferts : J\u00e9r\u00f4me Garc\u00e8s rejoint un club de Top 14\",\"isPartOf\":{\"@id\":\"https:\/\/dicodusport.fr\/blog\/#website\"},\"primaryImageOfPage\":{\"@id\":\"https:\/\/dicodusport.fr\/blog\/transferts-jerome-garces-rejoint-un-club-de-top-14\/#primaryimage\"},\"image\":{\"@id\":\"https:\/\/dicodusport.fr\/blog\/transferts-jerome-garces-rejoint-un-club-de-top-14\/#primaryimage\"},\"thumbnailUrl\":\"https:\/\/dicodusport.fr\/blog\/wp-content\/uploads\/2023\/11\/Transferts-Jerome-Garces-rejoint-un-club-de-Top-14.png\",\"datePublished\":\"2023-11-07T17:09:38+00:00\",\"dateModified\":\"2023-11-07T17:51:29+00:00\",\"description\":\"TOP 14 2023\/2024\u00a0 - En parall\u00e8le \u00e0 sa mission avec le XV de France, J\u00e9r\u00f4me Garc\u00e8s va int\u00e9grer le staff de la Section Paloise.\",\"breadcrumb\":{\"@id\":\"https:\/\/dicodusport.fr\/blog\/transferts-jerome-garces-rejoint-un-club-de-top-14\/#breadcrumb\"},\"inLanguage\":\"fr-FR\",\"potentialAction\":[{\"@type\":\"ReadAction\",\"target\":[\"https:\/\/dicodusport.fr\/blog\/transferts-jerome-garces-rejoint-un-club-de-top-14\/\"]}]},{\"@type\":\"ImageObject\",\"inLanguage\":\"fr-FR\",\"@id\":\"https:\/\/dicodusport.fr\/blog\/transferts-jerome-garces-rejoint-un-club-de-top-14\/#primaryimage\",\"url\":\"https:\/\/dicodusport.fr\/blog\/wp-content\/uploads\/2023\/11\/Transferts-Jerome-Garces-rejoint-un-club-de-Top-14.png\",\"contentUrl\":\"https:\/\/dicodusport.fr\/blog\/wp-content\/uploads\/2023\/11\/Transferts-Jerome-Garces-rejoint-un-club-de-Top-14.png\",\"width\":800,\"height\":445,\"caption\":\"Transferts : J\u00e9r\u00f4me Garc\u00e8s rejoint un club de Top 14\"},{\"@type\":\"BreadcrumbList\",\"@id\":\"https:\/\/dicodusport.fr\/blog\/transferts-jerome-garces-rejoint-un-club-de-top-14\/#breadcrumb\",\"itemListElement\":[{\"@type\":\"ListItem\",\"position\":1,\"name\":\"Accueil\",\"item\":\"https:\/\/dicodusport.fr\/blog\/\"},{\"@type\":\"ListItem\",\"position\":2,\"name\":\"Transferts : J\u00e9r\u00f4me Garc\u00e8s rejoint un club de Top 14\"}]},{\"@type\":\"WebSite\",\"@id\":\"https:\/\/dicodusport.fr\/blog\/#website\",\"url\":\"https:\/\/dicodusport.fr\/blog\/\",\"name\":\"Dicodusport\",\"description\":\"L&#039;encyclop\u00e9die de l&#039;actualit\u00e9 sportive\",\"publisher\":{\"@id\":\"https:\/\/dicodusport.fr\/blog\/#organization\"},\"potentialAction\":[{\"@type\":\"SearchAction\",\"target\":{\"@type\":\"EntryPoint\",\"urlTemplate\":\"https:\/\/dicodusport.fr\/blog\/?s={search_term_string}\"},\"query-input\":{\"@type\":\"PropertyValueSpecification\",\"valueRequired\":true,\"valueName\":\"search_term_string\"}}],\"inLanguage\":\"fr-FR\"},{\"@type\":\"NewsMediaOrganization\",\"@id\":\"https:\/\/dicodusport.fr\/blog\/#organization\",\"name\":\"Dicodusport\",\"url\":\"https:\/\/dicodusport.fr\/blog\/\",\"logo\":{\"@type\":\"ImageObject\",\"inLanguage\":\"fr-FR\",\"@id\":\"https:\/\/dicodusport.fr\/blog\/#\/schema\/logo\/image\/\",\"url\":\"https:\/\/dicodusport.fr\/blog\/wp-content\/uploads\/2020\/06\/cropped-LOGO-DICODUSPORT-2020-SANS-FOND-SANS-TEXTE.png\",\"contentUrl\":\"https:\/\/dicodusport.fr\/blog\/wp-content\/uploads\/2020\/06\/cropped-LOGO-DICODUSPORT-2020-SANS-FOND-SANS-TEXTE.png\",\"width\":512,\"height\":512,\"caption\":\"Dicodusport\"},\"image\":{\"@id\":\"https:\/\/dicodusport.fr\/blog\/#\/schema\/logo\/image\/\"},\"sameAs\":[\"https:\/\/www.facebook.com\/dicodusport\",\"https:\/\/x.com\/dicodusport\",\"https:\/\/www.instagram.com\/dicodusport\/\",\"https:\/\/www.youtube.com\/channel\/UC7V2KZ5sd3htJivAbA4ZG3w\"],\"description\":\"Dicodusport est l'encyclop\u00e9die de l'actualit\u00e9 sportive.\",\"email\":\"bonjour@dicodusport.fr\",\"legalName\":\"DICODUSPORT\",\"foundingDate\":\"2018-01-14\",\"vatID\":\"FR71834470973\",\"taxID\":\"83447097300043\",\"numberOfEmployees\":{\"@type\":\"QuantitativeValue\",\"minValue\":\"1\",\"maxValue\":\"10\"}},{\"@type\":\"Person\",\"@id\":\"https:\/\/dicodusport.fr\/blog\/#\/schema\/person\/37def232098a7a5cbab3974a3690abb0\",\"name\":\"Maxime Cazenave\",\"image\":{\"@type\":\"ImageObject\",\"inLanguage\":\"fr-FR\",\"@id\":\"https:\/\/dicodusport.fr\/blog\/#\/schema\/person\/image\/\",\"url\":\"https:\/\/dicodusport.fr\/blog\/wp-content\/uploads\/2021\/05\/Maxime-Cazenave-150x150.jpg\",\"contentUrl\":\"https:\/\/dicodusport.fr\/blog\/wp-content\/uploads\/2021\/05\/Maxime-Cazenave-150x150.jpg\",\"caption\":\"Maxime Cazenave\"},\"description\":\"Journaliste\/R\u00e9dacteur depuis 2012 - Berc\u00e9 par l\u2019amour des Girondins de Bordeaux, les \u00e9checs de Christophe Moreau sur le Tour de France sous l'\u00e8re Lance Armstrong et le fade-away l\u00e9tal de Dirk Nowitzki, ma passion d\u00e9vorante pour le sport a toujours \u00e9t\u00e9 un pan incontournable de ma vie. Transmettre ma passion \u00e0 l\u2019\u00e9crit a \u00e9t\u00e9 une transition naturelle. Suiveur assidu de basket et de hockey sur glace, je garde toujours un peu de place pour suivre le cyclisme, le football et le maximum de performances fran\u00e7aises.\",\"sameAs\":[\"https:\/\/x.com\/https:\/\/twitter.com\/Maxime_Caze\"],\"url\":\"https:\/\/dicodusport.fr\/blog\/author\/maximec\/\"}]}<\/script>\n<!-- \/ Yoast SEO Premium plugin. -->","yoast_head_json":{"title":"Transferts : J\u00e9r\u00f4me Garc\u00e8s rejoint un club de Top 14","description":"TOP 14 2023\/2024\u00a0 - En parall\u00e8le \u00e0 sa mission avec le XV de France, J\u00e9r\u00f4me Garc\u00e8s va int\u00e9grer le staff de la Section Paloise.","robots":{"index":"index","follow":"follow","max-snippet":"max-snippet:-1","max-image-preview":"max-image-preview:large","max-video-preview":"max-video-preview:-1"},"canonical":"https:\/\/dicodusport.fr\/blog\/transferts-jerome-garces-rejoint-un-club-de-top-14\/","og_locale":"fr_FR","og_type":"article","og_title":"Transferts : J\u00e9r\u00f4me Garc\u00e8s rejoint un club de Top 14","og_description":"TOP 14 2023\/2024\u00a0 - En parall\u00e8le \u00e0 sa mission avec le XV de France, J\u00e9r\u00f4me Garc\u00e8s va int\u00e9grer le staff de la Section Paloise.","og_url":"https:\/\/dicodusport.fr\/blog\/transferts-jerome-garces-rejoint-un-club-de-top-14\/","og_site_name":"Dicodusport","article_publisher":"https:\/\/www.facebook.com\/dicodusport","article_published_time":"2023-11-07T17:09:38+00:00","article_modified_time":"2023-11-07T17:51:29+00:00","og_image":[{"width":800,"height":445,"url":"https:\/\/dicodusport.fr\/blog\/wp-content\/uploads\/2023\/11\/Transferts-Jerome-Garces-rejoint-un-club-de-Top-14.png","type":"image\/png"}],"author":"Maxime Cazenave","twitter_card":"summary_large_image","twitter_title":"Transferts : J\u00e9r\u00f4me Garc\u00e8s rejoint un club de Top 14","twitter_creator":"@https:\/\/twitter.com\/Maxime_Caze","twitter_site":"@dicodusport","schema":{"@context":"https:\/\/schema.org","@graph":[{"@type":"NewsArticle","@id":"https:\/\/dicodusport.fr\/blog\/transferts-jerome-garces-rejoint-un-club-de-top-14\/#article","isPartOf":{"@id":"https:\/\/dicodusport.fr\/blog\/transferts-jerome-garces-rejoint-un-club-de-top-14\/"},"author":{"name":"Maxime Cazenave","@id":"https:\/\/dicodusport.fr\/blog\/#\/schema\/person\/37def232098a7a5cbab3974a3690abb0"},"headline":"Transferts : J\u00e9r\u00f4me Garc\u00e8s rejoint un club de Top 14","datePublished":"2023-11-07T17:09:38+00:00","dateModified":"2023-11-07T17:51:29+00:00","mainEntityOfPage":{"@id":"https:\/\/dicodusport.fr\/blog\/transferts-jerome-garces-rejoint-un-club-de-top-14\/"},"wordCount":178,"commentCount":0,"publisher":{"@id":"https:\/\/dicodusport.fr\/blog\/#organization"},"image":{"@id":"https:\/\/dicodusport.fr\/blog\/transferts-jerome-garces-rejoint-un-club-de-top-14\/#primaryimage"},"thumbnailUrl":"https:\/\/dicodusport.fr\/blog\/wp-content\/uploads\/2023\/11\/Transferts-Jerome-Garces-rejoint-un-club-de-Top-14.png","keywords":["br\u00e8ve","section paloise","XV de France"],"articleSection":["Top 14"],"inLanguage":"fr-FR","potentialAction":[{"@type":"CommentAction","name":"Comment","target":["https:\/\/dicodusport.fr\/blog\/transferts-jerome-garces-rejoint-un-club-de-top-14\/#respond"]}],"copyrightYear":"2023","copyrightHolder":{"@id":"https:\/\/dicodusport.fr\/blog\/#organization"}},{"@type":"WebPage","@id":"https:\/\/dicodusport.fr\/blog\/transferts-jerome-garces-rejoint-un-club-de-top-14\/","url":"https:\/\/dicodusport.fr\/blog\/transferts-jerome-garces-rejoint-un-club-de-top-14\/","name":"Transferts : J\u00e9r\u00f4me Garc\u00e8s rejoint un club de Top 14","isPartOf":{"@id":"https:\/\/dicodusport.fr\/blog\/#website"},"primaryImageOfPage":{"@id":"https:\/\/dicodusport.fr\/blog\/transferts-jerome-garces-rejoint-un-club-de-top-14\/#primaryimage"},"image":{"@id":"https:\/\/dicodusport.fr\/blog\/transferts-jerome-garces-rejoint-un-club-de-top-14\/#primaryimage"},"thumbnailUrl":"https:\/\/dicodusport.fr\/blog\/wp-content\/uploads\/2023\/11\/Transferts-Jerome-Garces-rejoint-un-club-de-Top-14.png","datePublished":"2023-11-07T17:09:38+00:00","dateModified":"2023-11-07T17:51:29+00:00","description":"TOP 14 2023\/2024\u00a0 - En parall\u00e8le \u00e0 sa mission avec le XV de France, J\u00e9r\u00f4me Garc\u00e8s va int\u00e9grer le staff de la Section Paloise.","breadcrumb":{"@id":"https:\/\/dicodusport.fr\/blog\/transferts-jerome-garces-rejoint-un-club-de-top-14\/#breadcrumb"},"inLanguage":"fr-FR","potentialAction":[{"@type":"ReadAction","target":["https:\/\/dicodusport.fr\/blog\/transferts-jerome-garces-rejoint-un-club-de-top-14\/"]}]},{"@type":"ImageObject","inLanguage":"fr-FR","@id":"https:\/\/dicodusport.fr\/blog\/transferts-jerome-garces-rejoint-un-club-de-top-14\/#primaryimage","url":"https:\/\/dicodusport.fr\/blog\/wp-content\/uploads\/2023\/11\/Transferts-Jerome-Garces-rejoint-un-club-de-Top-14.png","contentUrl":"https:\/\/dicodusport.fr\/blog\/wp-content\/uploads\/2023\/11\/Transferts-Jerome-Garces-rejoint-un-club-de-Top-14.png","width":800,"height":445,"caption":"Transferts : J\u00e9r\u00f4me Garc\u00e8s rejoint un club de Top 14"},{"@type":"BreadcrumbList","@id":"https:\/\/dicodusport.fr\/blog\/transferts-jerome-garces-rejoint-un-club-de-top-14\/#breadcrumb","itemListElement":[{"@type":"ListItem","position":1,"name":"Accueil","item":"https:\/\/dicodusport.fr\/blog\/"},{"@type":"ListItem","position":2,"name":"Transferts : J\u00e9r\u00f4me Garc\u00e8s rejoint un club de Top 14"}]},{"@type":"WebSite","@id":"https:\/\/dicodusport.fr\/blog\/#website","url":"https:\/\/dicodusport.fr\/blog\/","name":"Dicodusport","description":"L&#039;encyclop\u00e9die de l&#039;actualit\u00e9 sportive","publisher":{"@id":"https:\/\/dicodusport.fr\/blog\/#organization"},"potentialAction":[{"@type":"SearchAction","target":{"@type":"EntryPoint","urlTemplate":"https:\/\/dicodusport.fr\/blog\/?s={search_term_string}"},"query-input":{"@type":"PropertyValueSpecification","valueRequired":true,"valueName":"search_term_string"}}],"inLanguage":"fr-FR"},{"@type":"NewsMediaOrganization","@id":"https:\/\/dicodusport.fr\/blog\/#organization","name":"Dicodusport","url":"https:\/\/dicodusport.fr\/blog\/","logo":{"@type":"ImageObject","inLanguage":"fr-FR","@id":"https:\/\/dicodusport.fr\/blog\/#\/schema\/logo\/image\/","url":"https:\/\/dicodusport.fr\/blog\/wp-content\/uploads\/2020\/06\/cropped-LOGO-DICODUSPORT-2020-SANS-FOND-SANS-TEXTE.png","contentUrl":"https:\/\/dicodusport.fr\/blog\/wp-content\/uploads\/2020\/06\/cropped-LOGO-DICODUSPORT-2020-SANS-FOND-SANS-TEXTE.png","width":512,"height":512,"caption":"Dicodusport"},"image":{"@id":"https:\/\/dicodusport.fr\/blog\/#\/schema\/logo\/image\/"},"sameAs":["https:\/\/www.facebook.com\/dicodusport","https:\/\/x.com\/dicodusport","https:\/\/www.instagram.com\/dicodusport\/","https:\/\/www.youtube.com\/channel\/UC7V2KZ5sd3htJivAbA4ZG3w"],"description":"Dicodusport est l'encyclop\u00e9die de l'actualit\u00e9 sportive.","email":"bonjour@dicodusport.fr","legalName":"DICODUSPORT","foundingDate":"2018-01-14","vatID":"FR71834470973","taxID":"83447097300043","numberOfEmployees":{"@type":"QuantitativeValue","minValue":"1","maxValue":"10"}},{"@type":"Person","@id":"https:\/\/dicodusport.fr\/blog\/#\/schema\/person\/37def232098a7a5cbab3974a3690abb0","name":"Maxime Cazenave","image":{"@type":"ImageObject","inLanguage":"fr-FR","@id":"https:\/\/dicodusport.fr\/blog\/#\/schema\/person\/image\/","url":"https:\/\/dicodusport.fr\/blog\/wp-content\/uploads\/2021\/05\/Maxime-Cazenave-150x150.jpg","contentUrl":"https:\/\/dicodusport.fr\/blog\/wp-content\/uploads\/2021\/05\/Maxime-Cazenave-150x150.jpg","caption":"Maxime Cazenave"},"description":"Journaliste\/R\u00e9dacteur depuis 2012 - Berc\u00e9 par l\u2019amour des Girondins de Bordeaux, les \u00e9checs de Christophe Moreau sur le Tour de France sous l'\u00e8re Lance Armstrong et le fade-away l\u00e9tal de Dirk Nowitzki, ma passion d\u00e9vorante pour le sport a toujours \u00e9t\u00e9 un pan incontournable de ma vie. Transmettre ma passion \u00e0 l\u2019\u00e9crit a \u00e9t\u00e9 une transition naturelle. Suiveur assidu de basket et de hockey sur glace, je garde toujours un peu de place pour suivre le cyclisme, le football et le maximum de performances fran\u00e7aises.","sameAs":["https:\/\/x.com\/https:\/\/twitter.com\/Maxime_Caze"],"url":"https:\/\/dicodusport.fr\/blog\/author\/maximec\/"}]}},"_links":{"self":[{"href":"https:\/\/dicodusport.fr\/blog\/wp-json\/wp\/v2\/posts\/435522","targetHints":{"allow":["GET"]}}],"collection":[{"href":"https:\/\/dicodusport.fr\/blog\/wp-json\/wp\/v2\/posts"}],"about":[{"href":"https:\/\/dicodusport.fr\/blog\/wp-json\/wp\/v2\/types\/post"}],"author":[{"embeddable":true,"href":"https:\/\/dicodusport.fr\/blog\/wp-json\/wp\/v2\/users\/55"}],"replies":[{"embeddable":true,"href":"https:\/\/dicodusport.fr\/blog\/wp-json\/wp\/v2\/comments?post=435522"}],"version-history":[{"count":0,"href":"https:\/\/dicodusport.fr\/blog\/wp-json\/wp\/v2\/posts\/435522\/revisions"}],"wp:featuredmedia":[{"embeddable":true,"href":"https:\/\/dicodusport.fr\/blog\/wp-json\/wp\/v2\/media\/435525"}],"wp:attachment":[{"href":"https:\/\/dicodusport.fr\/blog\/wp-json\/wp\/v2\/media?parent=435522"}],"wp:term":[{"taxonomy":"category","embeddable":true,"href":"https:\/\/dicodusport.fr\/blog\/wp-json\/wp\/v2\/categories?post=435522"},{"taxonomy":"post_tag","embeddable":true,"href":"https:\/\/dicodusport.fr\/blog\/wp-json\/wp\/v2\/tags?post=435522"}],"curies":[{"name":"wp","href":"https:\/\/api.w.org\/{rel}","templated":true}]}}