{"id":43558,"date":"2019-07-21T14:35:39","date_gmt":"2019-07-21T12:35:39","guid":{"rendered":"http:\/\/dicodusport.fr\/blog\/?p=43558"},"modified":"2020-05-15T19:01:08","modified_gmt":"2020-05-15T17:01:08","slug":"vtt-cross-country-sixieme-titre-national-pour-pauline-ferrand-prevot","status":"publish","type":"post","link":"https:\/\/dicodusport.fr\/blog\/vtt-cross-country-sixieme-titre-national-pour-pauline-ferrand-prevot\/","title":{"rendered":"VTT &#8211; Cross-country : sixi\u00e8me titre national pour Pauline Ferrand-Pr\u00e9vot"},"content":{"rendered":"<p style=\"text-align: justify;\"><strong><em>VTT &#8211; La R\u00e9moise Pauline Ferrand-Pr\u00e9vot a remport\u00e9 ce dimanche un sixi\u00e8me titre de championne de France en cross-country, \u00e0 l&rsquo;Alpe d&rsquo;Huez.<br \/>\n<\/em><\/strong><\/p>\n<p style=\"text-align: justify;\">Sans trembler, <strong>Pauline Ferrand-Pr\u00e9vot<\/strong>, championne du monde en 2015, a enlev\u00e9 un sixi\u00e8me titre national de cross-country cons\u00e9cutif, sur le trac\u00e9 difficile de l&rsquo;Alpe d&rsquo;Huez. La coureuse de 27 ans a devanc\u00e9 la Ni\u00e7oise <strong>Lucy Urruty<\/strong> (+2&rsquo;49) ainsi que la double championne du monde et championne olympique \u00e0 Londres, la Bretonne <strong>Julie Bresset<\/strong>.<\/p>\n<blockquote class=\"twitter-tweet\" data-lang=\"fr\">\n<p dir=\"ltr\" lang=\"fr\">&#x1f1eb;&#x1f1f7; Pauline <a href=\"https:\/\/twitter.com\/FERRANDPREVOT?ref_src=twsrc%5Etfw\">@FERRANDPREVOT<\/a> s&rsquo;impose et conserve son titre de Championne de France ! <a href=\"https:\/\/twitter.com\/hashtag\/Alpedhuez2019?src=hash&amp;ref_src=twsrc%5Etfw\">#Alpedhuez2019<\/a> <a href=\"https:\/\/twitter.com\/hashtag\/JeRouleAvecSKF?src=hash&amp;ref_src=twsrc%5Etfw\">#JeRouleAvecSKF<\/a><\/p>\n<p>Le podium XCO \u00c9lite Femmes &#x2b07;<\/p>\n<p>&#x1f947; Pauline <a href=\"https:\/\/twitter.com\/FERRANDPREVOT?ref_src=twsrc%5Etfw\">@FERRANDPREVOT<\/a><br \/>\n&#x1f948; <a href=\"https:\/\/twitter.com\/l_urruty?ref_src=twsrc%5Etfw\">@l_urruty<\/a><br \/>\n&#x1f949; <a href=\"https:\/\/twitter.com\/juliebresset1?ref_src=twsrc%5Etfw\">@juliebresset1<\/a> <a href=\"https:\/\/t.co\/nyrQl7bWFd\">pic.twitter.com\/nyrQl7bWFd<\/a><\/p>\n<p>\u2014 FFC (@FFCyclisme) <a href=\"https:\/\/twitter.com\/FFCyclisme\/status\/1152896792612212737?ref_src=twsrc%5Etfw\">21 juillet 2019<\/a><\/p><\/blockquote>\n<p><script async src=\"https:\/\/platform.twitter.com\/widgets.js\" charset=\"utf-8\"><\/script><\/p>\n<p><strong><em>Dicodusport<br \/>\n<a href=\"https:\/\/www.facebook.com\/dicodusport\/\" target=\"_blank\" rel=\"noopener noreferrer\"><img loading=\"lazy\" decoding=\"async\" class=\"alignnone wp-image-2909\" src=\"http:\/\/dicodusport.fr\/blog\/wp-content\/uploads\/2017\/07\/logo-facebook-150x150.png\" alt=\"\" width=\"40\" height=\"40\" \/><\/a><a href=\"https:\/\/twitter.com\/dicodusport\" target=\"_blank\" rel=\"noopener noreferrer\"><img loading=\"lazy\" decoding=\"async\" class=\"alignnone wp-image-2908\" src=\"http:\/\/dicodusport.fr\/blog\/wp-content\/uploads\/2017\/07\/logo-twitter-150x150.png\" alt=\"\" width=\"39\" height=\"39\" \/><\/a><\/em><\/strong><\/p>\n","protected":false},"excerpt":{"rendered":"<p>VTT &#8211; La R\u00e9moise Pauline Ferrand-Pr\u00e9vot a remport\u00e9 ce dimanche un sixi\u00e8me titre de championne de France en cross-country, \u00e0 l&rsquo;Alpe d&rsquo;Huez.<\/p>\n","protected":false},"author":4,"featured_media":43564,"comment_status":"open","ping_status":"closed","sticky":false,"template":"","format":"standard","meta":{"_acf_changed":false,"_daextam_enable_autolinks":"","footnotes":""},"categories":[2307,10279],"tags":[1340,692],"class_list":["post-43558","post","type-post","status-publish","format-standard","has-post-thumbnail","hentry","category-cyclisme","category-vtt","tag-pauline-ferrand-prevot","tag-vtt"],"acf":[],"yoast_head":"<!-- This site is optimized with the Yoast SEO Premium plugin v26.7 (Yoast SEO v26.7) - https:\/\/yoast.com\/wordpress\/plugins\/seo\/ -->\n<title>VTT - Cross-country : sixi\u00e8me titre national pour Pauline Ferrand-Pr\u00e9vot<\/title>\n<meta name=\"description\" content=\"VTT - La R\u00e9moise Pauline Ferrand-Pr\u00e9vot a remport\u00e9 ce dimanche un sixi\u00e8me titre de championne de France en cross-country, \u00e0 l&#039;Alpe d&#039;Huez.\" \/>\n<meta name=\"robots\" content=\"index, follow, max-snippet:-1, max-image-preview:large, max-video-preview:-1\" \/>\n<link rel=\"canonical\" href=\"https:\/\/dicodusport.fr\/blog\/vtt-cross-country-sixieme-titre-national-pour-pauline-ferrand-prevot\/\" \/>\n<meta property=\"og:locale\" content=\"fr_FR\" \/>\n<meta property=\"og:type\" content=\"article\" \/>\n<meta property=\"og:title\" content=\"VTT : Pauline Ferrand-Pr\u00e9vot championne de France de cross-country pour la 6\u00e8me fois\" \/>\n<meta property=\"og:description\" content=\"VTT - La R\u00e9moise Pauline Ferrand-Pr\u00e9vot a remport\u00e9 ce dimanche un sixi\u00e8me titre de championne de France en cross-country, \u00e0 l&#039;Alpe d&#039;Huez.\" \/>\n<meta property=\"og:url\" content=\"https:\/\/dicodusport.fr\/blog\/vtt-cross-country-sixieme-titre-national-pour-pauline-ferrand-prevot\/\" \/>\n<meta property=\"og:site_name\" content=\"Dicodusport\" \/>\n<meta property=\"article:publisher\" content=\"https:\/\/www.facebook.com\/dicodusport\" \/>\n<meta property=\"article:author\" content=\"https:\/\/www.facebook.com\/florent.ostermann\" \/>\n<meta property=\"article:published_time\" content=\"2019-07-21T12:35:39+00:00\" \/>\n<meta property=\"article:modified_time\" content=\"2020-05-15T17:01:08+00:00\" \/>\n<meta property=\"og:image\" content=\"https:\/\/dicodusport.fr\/blog\/wp-content\/uploads\/2019\/07\/Pauline-Ferrand-Pr\u00e9vot-VTT.png\" \/>\n\t<meta property=\"og:image:width\" content=\"800\" \/>\n\t<meta property=\"og:image:height\" content=\"445\" \/>\n\t<meta property=\"og:image:type\" content=\"image\/png\" \/>\n<meta name=\"author\" content=\"Flo Ostermann\" \/>\n<meta name=\"twitter:card\" content=\"summary_large_image\" \/>\n<meta name=\"twitter:title\" content=\"VTT : Pauline Ferrand-Pr\u00e9vot championne de France de cross-country pour la 6\u00e8me fois\" \/>\n<meta name=\"twitter:creator\" content=\"@https:\/\/twitter.com\/FlOstermann\" \/>\n<meta name=\"twitter:site\" content=\"@dicodusport\" \/>\n<script type=\"application\/ld+json\" class=\"yoast-schema-graph\">{\"@context\":\"https:\/\/schema.org\",\"@graph\":[{\"@type\":\"NewsArticle\",\"@id\":\"https:\/\/dicodusport.fr\/blog\/vtt-cross-country-sixieme-titre-national-pour-pauline-ferrand-prevot\/#article\",\"isPartOf\":{\"@id\":\"https:\/\/dicodusport.fr\/blog\/vtt-cross-country-sixieme-titre-national-pour-pauline-ferrand-prevot\/\"},\"author\":{\"name\":\"Flo Ostermann\",\"@id\":\"https:\/\/dicodusport.fr\/blog\/#\/schema\/person\/cb02af4c173ce4a653b55e9baf388d4a\"},\"headline\":\"VTT &#8211; Cross-country : sixi\u00e8me titre national pour Pauline Ferrand-Pr\u00e9vot\",\"datePublished\":\"2019-07-21T12:35:39+00:00\",\"dateModified\":\"2020-05-15T17:01:08+00:00\",\"mainEntityOfPage\":{\"@id\":\"https:\/\/dicodusport.fr\/blog\/vtt-cross-country-sixieme-titre-national-pour-pauline-ferrand-prevot\/\"},\"wordCount\":139,\"commentCount\":0,\"publisher\":{\"@id\":\"https:\/\/dicodusport.fr\/blog\/#organization\"},\"image\":{\"@id\":\"https:\/\/dicodusport.fr\/blog\/vtt-cross-country-sixieme-titre-national-pour-pauline-ferrand-prevot\/#primaryimage\"},\"thumbnailUrl\":\"https:\/\/dicodusport.fr\/blog\/wp-content\/uploads\/2019\/07\/Pauline-Ferrand-Pr\u00e9vot-VTT.png\",\"keywords\":[\"Pauline Ferrand-Pr\u00e9vot\",\"VTT\"],\"articleSection\":[\"Cyclisme\",\"VTT\"],\"inLanguage\":\"fr-FR\",\"potentialAction\":[{\"@type\":\"CommentAction\",\"name\":\"Comment\",\"target\":[\"https:\/\/dicodusport.fr\/blog\/vtt-cross-country-sixieme-titre-national-pour-pauline-ferrand-prevot\/#respond\"]}],\"copyrightYear\":\"2019\",\"copyrightHolder\":{\"@id\":\"https:\/\/dicodusport.fr\/blog\/#organization\"}},{\"@type\":\"WebPage\",\"@id\":\"https:\/\/dicodusport.fr\/blog\/vtt-cross-country-sixieme-titre-national-pour-pauline-ferrand-prevot\/\",\"url\":\"https:\/\/dicodusport.fr\/blog\/vtt-cross-country-sixieme-titre-national-pour-pauline-ferrand-prevot\/\",\"name\":\"VTT - Cross-country : sixi\u00e8me titre national pour Pauline Ferrand-Pr\u00e9vot\",\"isPartOf\":{\"@id\":\"https:\/\/dicodusport.fr\/blog\/#website\"},\"primaryImageOfPage\":{\"@id\":\"https:\/\/dicodusport.fr\/blog\/vtt-cross-country-sixieme-titre-national-pour-pauline-ferrand-prevot\/#primaryimage\"},\"image\":{\"@id\":\"https:\/\/dicodusport.fr\/blog\/vtt-cross-country-sixieme-titre-national-pour-pauline-ferrand-prevot\/#primaryimage\"},\"thumbnailUrl\":\"https:\/\/dicodusport.fr\/blog\/wp-content\/uploads\/2019\/07\/Pauline-Ferrand-Pr\u00e9vot-VTT.png\",\"datePublished\":\"2019-07-21T12:35:39+00:00\",\"dateModified\":\"2020-05-15T17:01:08+00:00\",\"description\":\"VTT - La R\u00e9moise Pauline Ferrand-Pr\u00e9vot a remport\u00e9 ce dimanche un sixi\u00e8me titre de championne de France en cross-country, \u00e0 l'Alpe d'Huez.\",\"breadcrumb\":{\"@id\":\"https:\/\/dicodusport.fr\/blog\/vtt-cross-country-sixieme-titre-national-pour-pauline-ferrand-prevot\/#breadcrumb\"},\"inLanguage\":\"fr-FR\",\"potentialAction\":[{\"@type\":\"ReadAction\",\"target\":[\"https:\/\/dicodusport.fr\/blog\/vtt-cross-country-sixieme-titre-national-pour-pauline-ferrand-prevot\/\"]}]},{\"@type\":\"ImageObject\",\"inLanguage\":\"fr-FR\",\"@id\":\"https:\/\/dicodusport.fr\/blog\/vtt-cross-country-sixieme-titre-national-pour-pauline-ferrand-prevot\/#primaryimage\",\"url\":\"https:\/\/dicodusport.fr\/blog\/wp-content\/uploads\/2019\/07\/Pauline-Ferrand-Pr\u00e9vot-VTT.png\",\"contentUrl\":\"https:\/\/dicodusport.fr\/blog\/wp-content\/uploads\/2019\/07\/Pauline-Ferrand-Pr\u00e9vot-VTT.png\",\"width\":800,\"height\":445},{\"@type\":\"BreadcrumbList\",\"@id\":\"https:\/\/dicodusport.fr\/blog\/vtt-cross-country-sixieme-titre-national-pour-pauline-ferrand-prevot\/#breadcrumb\",\"itemListElement\":[{\"@type\":\"ListItem\",\"position\":1,\"name\":\"Accueil\",\"item\":\"https:\/\/dicodusport.fr\/blog\/\"},{\"@type\":\"ListItem\",\"position\":2,\"name\":\"VTT &#8211; Cross-country : sixi\u00e8me titre national pour Pauline Ferrand-Pr\u00e9vot\"}]},{\"@type\":\"WebSite\",\"@id\":\"https:\/\/dicodusport.fr\/blog\/#website\",\"url\":\"https:\/\/dicodusport.fr\/blog\/\",\"name\":\"Dicodusport\",\"description\":\"L&#039;encyclop\u00e9die de l&#039;actualit\u00e9 sportive\",\"publisher\":{\"@id\":\"https:\/\/dicodusport.fr\/blog\/#organization\"},\"potentialAction\":[{\"@type\":\"SearchAction\",\"target\":{\"@type\":\"EntryPoint\",\"urlTemplate\":\"https:\/\/dicodusport.fr\/blog\/?s={search_term_string}\"},\"query-input\":{\"@type\":\"PropertyValueSpecification\",\"valueRequired\":true,\"valueName\":\"search_term_string\"}}],\"inLanguage\":\"fr-FR\"},{\"@type\":\"NewsMediaOrganization\",\"@id\":\"https:\/\/dicodusport.fr\/blog\/#organization\",\"name\":\"Dicodusport\",\"url\":\"https:\/\/dicodusport.fr\/blog\/\",\"logo\":{\"@type\":\"ImageObject\",\"inLanguage\":\"fr-FR\",\"@id\":\"https:\/\/dicodusport.fr\/blog\/#\/schema\/logo\/image\/\",\"url\":\"https:\/\/dicodusport.fr\/blog\/wp-content\/uploads\/2020\/06\/cropped-LOGO-DICODUSPORT-2020-SANS-FOND-SANS-TEXTE.png\",\"contentUrl\":\"https:\/\/dicodusport.fr\/blog\/wp-content\/uploads\/2020\/06\/cropped-LOGO-DICODUSPORT-2020-SANS-FOND-SANS-TEXTE.png\",\"width\":512,\"height\":512,\"caption\":\"Dicodusport\"},\"image\":{\"@id\":\"https:\/\/dicodusport.fr\/blog\/#\/schema\/logo\/image\/\"},\"sameAs\":[\"https:\/\/www.facebook.com\/dicodusport\",\"https:\/\/x.com\/dicodusport\",\"https:\/\/www.instagram.com\/dicodusport\/\",\"https:\/\/www.youtube.com\/channel\/UC7V2KZ5sd3htJivAbA4ZG3w\"],\"description\":\"Dicodusport est l'encyclop\u00e9die de l'actualit\u00e9 sportive.\",\"email\":\"bonjour@dicodusport.fr\",\"legalName\":\"DICODUSPORT\",\"foundingDate\":\"2018-01-14\",\"vatID\":\"FR71834470973\",\"taxID\":\"83447097300043\",\"numberOfEmployees\":{\"@type\":\"QuantitativeValue\",\"minValue\":\"1\",\"maxValue\":\"10\"}},{\"@type\":\"Person\",\"@id\":\"https:\/\/dicodusport.fr\/blog\/#\/schema\/person\/cb02af4c173ce4a653b55e9baf388d4a\",\"name\":\"Flo Ostermann\",\"image\":{\"@type\":\"ImageObject\",\"inLanguage\":\"fr-FR\",\"@id\":\"https:\/\/dicodusport.fr\/blog\/#\/schema\/person\/image\/\",\"url\":\"https:\/\/dicodusport.fr\/blog\/wp-content\/uploads\/2021\/05\/Flo-Ostermann-150x150.jpg\",\"contentUrl\":\"https:\/\/dicodusport.fr\/blog\/wp-content\/uploads\/2021\/05\/Flo-Ostermann-150x150.jpg\",\"caption\":\"Flo Ostermann\"},\"description\":\"Journaliste\/R\u00e9dacteur depuis septembre 2015 - Mes premiers souvenirs dans le sport ? Les envol\u00e9es du Stade Toulousain et les duels Villeneuve-Schumacher et H\u00e4kkinen-Schumacher \u00e0 la fin des ann\u00e9es 90, la Coupe du monde de football en 1998, l\u2019exploit du XV de France face aux All Blacks en 1999, mais aussi Richard C\u0153ur de Lion qui vole sur les montagnes du Tour de France. Bien parti pour devenir professeur d\u2019EPS, les \u00e9v\u00e9nements de la vie (et la flemme d\u2019animer des s\u00e9ances de 3x500 m\u00e8tres toute ma vie) m\u2019ont conduit \u00e0 revoir mes plans. Me voil\u00e0 depuis fin 2017 sur Dicodusport, m\u00e9dia gr\u00e2ce (et pour) lequel je partage ma passion : le sport dans tous ses \u00e9tats. Le tout accompagn\u00e9 par les fous furieux et folles furieuses cit\u00e9s sur cette page !\",\"sameAs\":[\"https:\/\/www.facebook.com\/florent.ostermann\",\"https:\/\/x.com\/https:\/\/twitter.com\/FlOstermann\",\"admin\"],\"url\":\"https:\/\/dicodusport.fr\/blog\/author\/flo\/\"}]}<\/script>\n<!-- \/ Yoast SEO Premium plugin. -->","yoast_head_json":{"title":"VTT - Cross-country : sixi\u00e8me titre national pour Pauline Ferrand-Pr\u00e9vot","description":"VTT - La R\u00e9moise Pauline Ferrand-Pr\u00e9vot a remport\u00e9 ce dimanche un sixi\u00e8me titre de championne de France en cross-country, \u00e0 l'Alpe d'Huez.","robots":{"index":"index","follow":"follow","max-snippet":"max-snippet:-1","max-image-preview":"max-image-preview:large","max-video-preview":"max-video-preview:-1"},"canonical":"https:\/\/dicodusport.fr\/blog\/vtt-cross-country-sixieme-titre-national-pour-pauline-ferrand-prevot\/","og_locale":"fr_FR","og_type":"article","og_title":"VTT : Pauline Ferrand-Pr\u00e9vot championne de France de cross-country pour la 6\u00e8me fois","og_description":"VTT - La R\u00e9moise Pauline Ferrand-Pr\u00e9vot a remport\u00e9 ce dimanche un sixi\u00e8me titre de championne de France en cross-country, \u00e0 l'Alpe d'Huez.","og_url":"https:\/\/dicodusport.fr\/blog\/vtt-cross-country-sixieme-titre-national-pour-pauline-ferrand-prevot\/","og_site_name":"Dicodusport","article_publisher":"https:\/\/www.facebook.com\/dicodusport","article_author":"https:\/\/www.facebook.com\/florent.ostermann","article_published_time":"2019-07-21T12:35:39+00:00","article_modified_time":"2020-05-15T17:01:08+00:00","og_image":[{"width":800,"height":445,"url":"https:\/\/dicodusport.fr\/blog\/wp-content\/uploads\/2019\/07\/Pauline-Ferrand-Pr\u00e9vot-VTT.png","type":"image\/png"}],"author":"Flo Ostermann","twitter_card":"summary_large_image","twitter_title":"VTT : Pauline Ferrand-Pr\u00e9vot championne de France de cross-country pour la 6\u00e8me fois","twitter_creator":"@https:\/\/twitter.com\/FlOstermann","twitter_site":"@dicodusport","schema":{"@context":"https:\/\/schema.org","@graph":[{"@type":"NewsArticle","@id":"https:\/\/dicodusport.fr\/blog\/vtt-cross-country-sixieme-titre-national-pour-pauline-ferrand-prevot\/#article","isPartOf":{"@id":"https:\/\/dicodusport.fr\/blog\/vtt-cross-country-sixieme-titre-national-pour-pauline-ferrand-prevot\/"},"author":{"name":"Flo Ostermann","@id":"https:\/\/dicodusport.fr\/blog\/#\/schema\/person\/cb02af4c173ce4a653b55e9baf388d4a"},"headline":"VTT &#8211; Cross-country : sixi\u00e8me titre national pour Pauline Ferrand-Pr\u00e9vot","datePublished":"2019-07-21T12:35:39+00:00","dateModified":"2020-05-15T17:01:08+00:00","mainEntityOfPage":{"@id":"https:\/\/dicodusport.fr\/blog\/vtt-cross-country-sixieme-titre-national-pour-pauline-ferrand-prevot\/"},"wordCount":139,"commentCount":0,"publisher":{"@id":"https:\/\/dicodusport.fr\/blog\/#organization"},"image":{"@id":"https:\/\/dicodusport.fr\/blog\/vtt-cross-country-sixieme-titre-national-pour-pauline-ferrand-prevot\/#primaryimage"},"thumbnailUrl":"https:\/\/dicodusport.fr\/blog\/wp-content\/uploads\/2019\/07\/Pauline-Ferrand-Pr\u00e9vot-VTT.png","keywords":["Pauline Ferrand-Pr\u00e9vot","VTT"],"articleSection":["Cyclisme","VTT"],"inLanguage":"fr-FR","potentialAction":[{"@type":"CommentAction","name":"Comment","target":["https:\/\/dicodusport.fr\/blog\/vtt-cross-country-sixieme-titre-national-pour-pauline-ferrand-prevot\/#respond"]}],"copyrightYear":"2019","copyrightHolder":{"@id":"https:\/\/dicodusport.fr\/blog\/#organization"}},{"@type":"WebPage","@id":"https:\/\/dicodusport.fr\/blog\/vtt-cross-country-sixieme-titre-national-pour-pauline-ferrand-prevot\/","url":"https:\/\/dicodusport.fr\/blog\/vtt-cross-country-sixieme-titre-national-pour-pauline-ferrand-prevot\/","name":"VTT - Cross-country : sixi\u00e8me titre national pour Pauline Ferrand-Pr\u00e9vot","isPartOf":{"@id":"https:\/\/dicodusport.fr\/blog\/#website"},"primaryImageOfPage":{"@id":"https:\/\/dicodusport.fr\/blog\/vtt-cross-country-sixieme-titre-national-pour-pauline-ferrand-prevot\/#primaryimage"},"image":{"@id":"https:\/\/dicodusport.fr\/blog\/vtt-cross-country-sixieme-titre-national-pour-pauline-ferrand-prevot\/#primaryimage"},"thumbnailUrl":"https:\/\/dicodusport.fr\/blog\/wp-content\/uploads\/2019\/07\/Pauline-Ferrand-Pr\u00e9vot-VTT.png","datePublished":"2019-07-21T12:35:39+00:00","dateModified":"2020-05-15T17:01:08+00:00","description":"VTT - La R\u00e9moise Pauline Ferrand-Pr\u00e9vot a remport\u00e9 ce dimanche un sixi\u00e8me titre de championne de France en cross-country, \u00e0 l'Alpe d'Huez.","breadcrumb":{"@id":"https:\/\/dicodusport.fr\/blog\/vtt-cross-country-sixieme-titre-national-pour-pauline-ferrand-prevot\/#breadcrumb"},"inLanguage":"fr-FR","potentialAction":[{"@type":"ReadAction","target":["https:\/\/dicodusport.fr\/blog\/vtt-cross-country-sixieme-titre-national-pour-pauline-ferrand-prevot\/"]}]},{"@type":"ImageObject","inLanguage":"fr-FR","@id":"https:\/\/dicodusport.fr\/blog\/vtt-cross-country-sixieme-titre-national-pour-pauline-ferrand-prevot\/#primaryimage","url":"https:\/\/dicodusport.fr\/blog\/wp-content\/uploads\/2019\/07\/Pauline-Ferrand-Pr\u00e9vot-VTT.png","contentUrl":"https:\/\/dicodusport.fr\/blog\/wp-content\/uploads\/2019\/07\/Pauline-Ferrand-Pr\u00e9vot-VTT.png","width":800,"height":445},{"@type":"BreadcrumbList","@id":"https:\/\/dicodusport.fr\/blog\/vtt-cross-country-sixieme-titre-national-pour-pauline-ferrand-prevot\/#breadcrumb","itemListElement":[{"@type":"ListItem","position":1,"name":"Accueil","item":"https:\/\/dicodusport.fr\/blog\/"},{"@type":"ListItem","position":2,"name":"VTT &#8211; Cross-country : sixi\u00e8me titre national pour Pauline Ferrand-Pr\u00e9vot"}]},{"@type":"WebSite","@id":"https:\/\/dicodusport.fr\/blog\/#website","url":"https:\/\/dicodusport.fr\/blog\/","name":"Dicodusport","description":"L&#039;encyclop\u00e9die de l&#039;actualit\u00e9 sportive","publisher":{"@id":"https:\/\/dicodusport.fr\/blog\/#organization"},"potentialAction":[{"@type":"SearchAction","target":{"@type":"EntryPoint","urlTemplate":"https:\/\/dicodusport.fr\/blog\/?s={search_term_string}"},"query-input":{"@type":"PropertyValueSpecification","valueRequired":true,"valueName":"search_term_string"}}],"inLanguage":"fr-FR"},{"@type":"NewsMediaOrganization","@id":"https:\/\/dicodusport.fr\/blog\/#organization","name":"Dicodusport","url":"https:\/\/dicodusport.fr\/blog\/","logo":{"@type":"ImageObject","inLanguage":"fr-FR","@id":"https:\/\/dicodusport.fr\/blog\/#\/schema\/logo\/image\/","url":"https:\/\/dicodusport.fr\/blog\/wp-content\/uploads\/2020\/06\/cropped-LOGO-DICODUSPORT-2020-SANS-FOND-SANS-TEXTE.png","contentUrl":"https:\/\/dicodusport.fr\/blog\/wp-content\/uploads\/2020\/06\/cropped-LOGO-DICODUSPORT-2020-SANS-FOND-SANS-TEXTE.png","width":512,"height":512,"caption":"Dicodusport"},"image":{"@id":"https:\/\/dicodusport.fr\/blog\/#\/schema\/logo\/image\/"},"sameAs":["https:\/\/www.facebook.com\/dicodusport","https:\/\/x.com\/dicodusport","https:\/\/www.instagram.com\/dicodusport\/","https:\/\/www.youtube.com\/channel\/UC7V2KZ5sd3htJivAbA4ZG3w"],"description":"Dicodusport est l'encyclop\u00e9die de l'actualit\u00e9 sportive.","email":"bonjour@dicodusport.fr","legalName":"DICODUSPORT","foundingDate":"2018-01-14","vatID":"FR71834470973","taxID":"83447097300043","numberOfEmployees":{"@type":"QuantitativeValue","minValue":"1","maxValue":"10"}},{"@type":"Person","@id":"https:\/\/dicodusport.fr\/blog\/#\/schema\/person\/cb02af4c173ce4a653b55e9baf388d4a","name":"Flo Ostermann","image":{"@type":"ImageObject","inLanguage":"fr-FR","@id":"https:\/\/dicodusport.fr\/blog\/#\/schema\/person\/image\/","url":"https:\/\/dicodusport.fr\/blog\/wp-content\/uploads\/2021\/05\/Flo-Ostermann-150x150.jpg","contentUrl":"https:\/\/dicodusport.fr\/blog\/wp-content\/uploads\/2021\/05\/Flo-Ostermann-150x150.jpg","caption":"Flo Ostermann"},"description":"Journaliste\/R\u00e9dacteur depuis septembre 2015 - Mes premiers souvenirs dans le sport ? Les envol\u00e9es du Stade Toulousain et les duels Villeneuve-Schumacher et H\u00e4kkinen-Schumacher \u00e0 la fin des ann\u00e9es 90, la Coupe du monde de football en 1998, l\u2019exploit du XV de France face aux All Blacks en 1999, mais aussi Richard C\u0153ur de Lion qui vole sur les montagnes du Tour de France. Bien parti pour devenir professeur d\u2019EPS, les \u00e9v\u00e9nements de la vie (et la flemme d\u2019animer des s\u00e9ances de 3x500 m\u00e8tres toute ma vie) m\u2019ont conduit \u00e0 revoir mes plans. Me voil\u00e0 depuis fin 2017 sur Dicodusport, m\u00e9dia gr\u00e2ce (et pour) lequel je partage ma passion : le sport dans tous ses \u00e9tats. Le tout accompagn\u00e9 par les fous furieux et folles furieuses cit\u00e9s sur cette page !","sameAs":["https:\/\/www.facebook.com\/florent.ostermann","https:\/\/x.com\/https:\/\/twitter.com\/FlOstermann","admin"],"url":"https:\/\/dicodusport.fr\/blog\/author\/flo\/"}]}},"_links":{"self":[{"href":"https:\/\/dicodusport.fr\/blog\/wp-json\/wp\/v2\/posts\/43558","targetHints":{"allow":["GET"]}}],"collection":[{"href":"https:\/\/dicodusport.fr\/blog\/wp-json\/wp\/v2\/posts"}],"about":[{"href":"https:\/\/dicodusport.fr\/blog\/wp-json\/wp\/v2\/types\/post"}],"author":[{"embeddable":true,"href":"https:\/\/dicodusport.fr\/blog\/wp-json\/wp\/v2\/users\/4"}],"replies":[{"embeddable":true,"href":"https:\/\/dicodusport.fr\/blog\/wp-json\/wp\/v2\/comments?post=43558"}],"version-history":[{"count":0,"href":"https:\/\/dicodusport.fr\/blog\/wp-json\/wp\/v2\/posts\/43558\/revisions"}],"wp:featuredmedia":[{"embeddable":true,"href":"https:\/\/dicodusport.fr\/blog\/wp-json\/wp\/v2\/media\/43564"}],"wp:attachment":[{"href":"https:\/\/dicodusport.fr\/blog\/wp-json\/wp\/v2\/media?parent=43558"}],"wp:term":[{"taxonomy":"category","embeddable":true,"href":"https:\/\/dicodusport.fr\/blog\/wp-json\/wp\/v2\/categories?post=43558"},{"taxonomy":"post_tag","embeddable":true,"href":"https:\/\/dicodusport.fr\/blog\/wp-json\/wp\/v2\/tags?post=43558"}],"curies":[{"name":"wp","href":"https:\/\/api.w.org\/{rel}","templated":true}]}}