{"id":435722,"date":"2023-11-08T15:19:54","date_gmt":"2023-11-08T14:19:54","guid":{"rendered":"https:\/\/dicodusport.fr\/blog\/?p=435722&#038;preview=true&#038;preview_id=435722"},"modified":"2023-11-08T15:19:54","modified_gmt":"2023-11-08T14:19:54","slug":"atp-le-tournoi-masculin-de-lyon-disparaitra-de-nouveau-du-calendrier-en-2025","status":"publish","type":"post","link":"https:\/\/dicodusport.fr\/blog\/atp-le-tournoi-masculin-de-lyon-disparaitra-de-nouveau-du-calendrier-en-2025\/","title":{"rendered":"ATP : Le tournoi masculin de Lyon disparaitra de nouveau du calendrier en 2025"},"content":{"rendered":"<p style=\"text-align: justify;\"><strong><em>CIRCUIT ATP &#8211; Le circuit masculin a annonc\u00e9 quelques ajustements pour le futur, dont la disparition d&rsquo;un tournoi fran\u00e7ais, l&rsquo;ATP 250 de Lyon, pour la deuxi\u00e8me fois.<\/em><\/strong><\/p>\n<p style=\"text-align: justify;\">Cette ann\u00e9e, la veille de l&rsquo;ouverture de Roland-Garros, <a href=\"https:\/\/dicodusport.fr\/blog\/atp-lyon-arthur-fils-remporte-son-premier-titre-sur-le-circuit-atp\/\"><strong>Arthur Fils<\/strong> avait remport\u00e9 son premier titre sur le circuit ATP lors de l&rsquo;<\/a><b>Open Parc Auvergne-Rh\u00f4ne-Alpes Lyon.\u00a0<\/b>Mais s&rsquo;il pourra d\u00e9fendre son titre en 2024, cela n&rsquo;ira pas plus loin. Le circuit ATP vient en effet d&rsquo;annoncer la promotion de trois tournois au statut ATP 250, et la disparition de trois autres, dont l&rsquo;ATP 250 lyonnais.<\/p>\n<blockquote class=\"twitter-tweet\">\n<p dir=\"ltr\" lang=\"en\">UPGRADED \ud83d\ude4c<\/p>\n<p>ATP Tour events in Dallas, Doha and Munich will be upgraded to ATP 500 status from 2025!<\/p>\n<p>Read more \ud83d\udc47<\/p>\n<p>\u2014 ATP Tour (@atptour) <a href=\"https:\/\/twitter.com\/atptour\/status\/1722250248326906163?ref_src=twsrc%5Etfw\">November 8, 2023<\/a><\/p><\/blockquote>\n<p style=\"text-align: justify;\"><script async src=\"https:\/\/platform.twitter.com\/widgets.js\" charset=\"utf-8\"><\/script><\/p>\n<p style=\"text-align: justify;\">Un tournoi qui avait d\u00e9j\u00e0 \u00e9t\u00e9 mis en sommeil entre 2010 et 2016, quand il s&rsquo;appelait encore Grand Prix de tennis de Lyon. Revenu en 2017, cr\u00e9\u00e9 en 1987, il a vu 9 Fran\u00e7ais inscrire leur nom au palmar\u00e8s, de <strong>Yannick Noah<\/strong> \u00e0 <strong>Arthur Fils<\/strong> donc. Un tournoi en moins pour la France, qui conserve cependant, outre Roland-Garros et le Rolex Paris Masters, trois tournois ATP 250 (Marseille, Montpellier et Metz).<\/p>\n","protected":false},"excerpt":{"rendered":"<p>CIRCUIT ATP &#8211; Le circuit masculin a annonc\u00e9 quelques ajustements pour le futur, dont la disparition d&rsquo;un tournoi fran\u00e7ais, l&rsquo;ATP 250 de Lyon, pour la deuxi\u00e8me fois.<\/p>\n","protected":false},"author":59,"featured_media":435723,"comment_status":"open","ping_status":"closed","sticky":false,"template":"","format":"standard","meta":{"_acf_changed":false,"_daextam_enable_autolinks":"1","footnotes":""},"categories":[2302],"tags":[16623,16878],"class_list":["post-435722","post","type-post","status-publish","format-standard","has-post-thumbnail","hentry","category-tennis","tag-atp-250-lyon","tag-breve"],"acf":[],"yoast_head":"<!-- This site is optimized with the Yoast SEO Premium plugin v26.7 (Yoast SEO v26.7) - https:\/\/yoast.com\/wordpress\/plugins\/seo\/ -->\n<title>ATP : Le tournoi masculin de Lyon disparaitra de nouveau du calendrier en 2025<\/title>\n<meta name=\"description\" content=\"CIRCUIT ATP - Le circuit masculin a annonc\u00e9 quelques ajustements pour le futur, dont la disparition d&#039;un tournoi fran\u00e7ais, l&#039;ATP 250 de Lyon, pour la deuxi\u00e8me fois.\" \/>\n<meta name=\"robots\" content=\"index, follow, max-snippet:-1, max-image-preview:large, max-video-preview:-1\" \/>\n<link rel=\"canonical\" href=\"https:\/\/dicodusport.fr\/blog\/atp-le-tournoi-masculin-de-lyon-disparaitra-de-nouveau-du-calendrier-en-2025\/\" \/>\n<meta property=\"og:locale\" content=\"fr_FR\" \/>\n<meta property=\"og:type\" content=\"article\" \/>\n<meta property=\"og:title\" content=\"ATP : Le tournoi masculin de Lyon disparaitra de nouveau du calendrier en 2025\" \/>\n<meta property=\"og:description\" content=\"CIRCUIT ATP - Le circuit masculin a annonc\u00e9 quelques ajustements pour le futur, dont la disparition d&#039;un tournoi fran\u00e7ais, l&#039;ATP 250 de Lyon, pour la deuxi\u00e8me fois.\" \/>\n<meta property=\"og:url\" content=\"https:\/\/dicodusport.fr\/blog\/atp-le-tournoi-masculin-de-lyon-disparaitra-de-nouveau-du-calendrier-en-2025\/\" \/>\n<meta property=\"og:site_name\" content=\"Dicodusport\" \/>\n<meta property=\"article:publisher\" content=\"https:\/\/www.facebook.com\/dicodusport\" \/>\n<meta property=\"article:author\" content=\"https:\/\/www.facebook.com\/sebastien.gente\/\" \/>\n<meta property=\"article:published_time\" content=\"2023-11-08T14:19:54+00:00\" \/>\n<meta property=\"og:image\" content=\"https:\/\/dicodusport.fr\/blog\/wp-content\/uploads\/2023\/11\/ATP-Le-tournoi-masculin-de-Lyon-disparaitra-de-nouveau-du-calendrier-en-2025.png\" \/>\n\t<meta property=\"og:image:width\" content=\"800\" \/>\n\t<meta property=\"og:image:height\" content=\"445\" \/>\n\t<meta property=\"og:image:type\" content=\"image\/png\" \/>\n<meta name=\"author\" content=\"S\u00e9bastien Gente\" \/>\n<meta name=\"twitter:card\" content=\"summary_large_image\" \/>\n<meta name=\"twitter:title\" content=\"ATP : Le tournoi masculin de Lyon disparaitra de nouveau du calendrier en 2025\" \/>\n<meta name=\"twitter:creator\" content=\"@https:\/\/twitter.com\/globulo24\" \/>\n<meta name=\"twitter:site\" content=\"@dicodusport\" \/>\n<script type=\"application\/ld+json\" class=\"yoast-schema-graph\">{\"@context\":\"https:\/\/schema.org\",\"@graph\":[{\"@type\":\"NewsArticle\",\"@id\":\"https:\/\/dicodusport.fr\/blog\/atp-le-tournoi-masculin-de-lyon-disparaitra-de-nouveau-du-calendrier-en-2025\/#article\",\"isPartOf\":{\"@id\":\"https:\/\/dicodusport.fr\/blog\/atp-le-tournoi-masculin-de-lyon-disparaitra-de-nouveau-du-calendrier-en-2025\/\"},\"author\":{\"name\":\"S\u00e9bastien Gente\",\"@id\":\"https:\/\/dicodusport.fr\/blog\/#\/schema\/person\/627966a6cde45dbd8c5e36ac85d783da\"},\"headline\":\"ATP : Le tournoi masculin de Lyon disparaitra de nouveau du calendrier en 2025\",\"datePublished\":\"2023-11-08T14:19:54+00:00\",\"mainEntityOfPage\":{\"@id\":\"https:\/\/dicodusport.fr\/blog\/atp-le-tournoi-masculin-de-lyon-disparaitra-de-nouveau-du-calendrier-en-2025\/\"},\"wordCount\":202,\"commentCount\":0,\"publisher\":{\"@id\":\"https:\/\/dicodusport.fr\/blog\/#organization\"},\"image\":{\"@id\":\"https:\/\/dicodusport.fr\/blog\/atp-le-tournoi-masculin-de-lyon-disparaitra-de-nouveau-du-calendrier-en-2025\/#primaryimage\"},\"thumbnailUrl\":\"https:\/\/dicodusport.fr\/blog\/wp-content\/uploads\/2023\/11\/ATP-Le-tournoi-masculin-de-Lyon-disparaitra-de-nouveau-du-calendrier-en-2025.png\",\"keywords\":[\"ATP 250 Lyon\",\"br\u00e8ve\"],\"articleSection\":[\"Tennis\"],\"inLanguage\":\"fr-FR\",\"potentialAction\":[{\"@type\":\"CommentAction\",\"name\":\"Comment\",\"target\":[\"https:\/\/dicodusport.fr\/blog\/atp-le-tournoi-masculin-de-lyon-disparaitra-de-nouveau-du-calendrier-en-2025\/#respond\"]}],\"copyrightYear\":\"2023\",\"copyrightHolder\":{\"@id\":\"https:\/\/dicodusport.fr\/blog\/#organization\"}},{\"@type\":\"WebPage\",\"@id\":\"https:\/\/dicodusport.fr\/blog\/atp-le-tournoi-masculin-de-lyon-disparaitra-de-nouveau-du-calendrier-en-2025\/\",\"url\":\"https:\/\/dicodusport.fr\/blog\/atp-le-tournoi-masculin-de-lyon-disparaitra-de-nouveau-du-calendrier-en-2025\/\",\"name\":\"ATP : Le tournoi masculin de Lyon disparaitra de nouveau du calendrier en 2025\",\"isPartOf\":{\"@id\":\"https:\/\/dicodusport.fr\/blog\/#website\"},\"primaryImageOfPage\":{\"@id\":\"https:\/\/dicodusport.fr\/blog\/atp-le-tournoi-masculin-de-lyon-disparaitra-de-nouveau-du-calendrier-en-2025\/#primaryimage\"},\"image\":{\"@id\":\"https:\/\/dicodusport.fr\/blog\/atp-le-tournoi-masculin-de-lyon-disparaitra-de-nouveau-du-calendrier-en-2025\/#primaryimage\"},\"thumbnailUrl\":\"https:\/\/dicodusport.fr\/blog\/wp-content\/uploads\/2023\/11\/ATP-Le-tournoi-masculin-de-Lyon-disparaitra-de-nouveau-du-calendrier-en-2025.png\",\"datePublished\":\"2023-11-08T14:19:54+00:00\",\"description\":\"CIRCUIT ATP - Le circuit masculin a annonc\u00e9 quelques ajustements pour le futur, dont la disparition d'un tournoi fran\u00e7ais, l'ATP 250 de Lyon, pour la deuxi\u00e8me fois.\",\"breadcrumb\":{\"@id\":\"https:\/\/dicodusport.fr\/blog\/atp-le-tournoi-masculin-de-lyon-disparaitra-de-nouveau-du-calendrier-en-2025\/#breadcrumb\"},\"inLanguage\":\"fr-FR\",\"potentialAction\":[{\"@type\":\"ReadAction\",\"target\":[\"https:\/\/dicodusport.fr\/blog\/atp-le-tournoi-masculin-de-lyon-disparaitra-de-nouveau-du-calendrier-en-2025\/\"]}]},{\"@type\":\"ImageObject\",\"inLanguage\":\"fr-FR\",\"@id\":\"https:\/\/dicodusport.fr\/blog\/atp-le-tournoi-masculin-de-lyon-disparaitra-de-nouveau-du-calendrier-en-2025\/#primaryimage\",\"url\":\"https:\/\/dicodusport.fr\/blog\/wp-content\/uploads\/2023\/11\/ATP-Le-tournoi-masculin-de-Lyon-disparaitra-de-nouveau-du-calendrier-en-2025.png\",\"contentUrl\":\"https:\/\/dicodusport.fr\/blog\/wp-content\/uploads\/2023\/11\/ATP-Le-tournoi-masculin-de-Lyon-disparaitra-de-nouveau-du-calendrier-en-2025.png\",\"width\":800,\"height\":445,\"caption\":\"ATP Le tournoi masculin de Lyon disparaitra de nouveau du calendrier en 2025\"},{\"@type\":\"BreadcrumbList\",\"@id\":\"https:\/\/dicodusport.fr\/blog\/atp-le-tournoi-masculin-de-lyon-disparaitra-de-nouveau-du-calendrier-en-2025\/#breadcrumb\",\"itemListElement\":[{\"@type\":\"ListItem\",\"position\":1,\"name\":\"Accueil\",\"item\":\"https:\/\/dicodusport.fr\/blog\/\"},{\"@type\":\"ListItem\",\"position\":2,\"name\":\"ATP : Le tournoi masculin de Lyon disparaitra de nouveau du calendrier en 2025\"}]},{\"@type\":\"WebSite\",\"@id\":\"https:\/\/dicodusport.fr\/blog\/#website\",\"url\":\"https:\/\/dicodusport.fr\/blog\/\",\"name\":\"Dicodusport\",\"description\":\"L&#039;encyclop\u00e9die de l&#039;actualit\u00e9 sportive\",\"publisher\":{\"@id\":\"https:\/\/dicodusport.fr\/blog\/#organization\"},\"potentialAction\":[{\"@type\":\"SearchAction\",\"target\":{\"@type\":\"EntryPoint\",\"urlTemplate\":\"https:\/\/dicodusport.fr\/blog\/?s={search_term_string}\"},\"query-input\":{\"@type\":\"PropertyValueSpecification\",\"valueRequired\":true,\"valueName\":\"search_term_string\"}}],\"inLanguage\":\"fr-FR\"},{\"@type\":\"NewsMediaOrganization\",\"@id\":\"https:\/\/dicodusport.fr\/blog\/#organization\",\"name\":\"Dicodusport\",\"url\":\"https:\/\/dicodusport.fr\/blog\/\",\"logo\":{\"@type\":\"ImageObject\",\"inLanguage\":\"fr-FR\",\"@id\":\"https:\/\/dicodusport.fr\/blog\/#\/schema\/logo\/image\/\",\"url\":\"https:\/\/dicodusport.fr\/blog\/wp-content\/uploads\/2020\/06\/cropped-LOGO-DICODUSPORT-2020-SANS-FOND-SANS-TEXTE.png\",\"contentUrl\":\"https:\/\/dicodusport.fr\/blog\/wp-content\/uploads\/2020\/06\/cropped-LOGO-DICODUSPORT-2020-SANS-FOND-SANS-TEXTE.png\",\"width\":512,\"height\":512,\"caption\":\"Dicodusport\"},\"image\":{\"@id\":\"https:\/\/dicodusport.fr\/blog\/#\/schema\/logo\/image\/\"},\"sameAs\":[\"https:\/\/www.facebook.com\/dicodusport\",\"https:\/\/x.com\/dicodusport\",\"https:\/\/www.instagram.com\/dicodusport\/\",\"https:\/\/www.youtube.com\/channel\/UC7V2KZ5sd3htJivAbA4ZG3w\"],\"description\":\"Dicodusport est l'encyclop\u00e9die de l'actualit\u00e9 sportive.\",\"email\":\"bonjour@dicodusport.fr\",\"legalName\":\"DICODUSPORT\",\"foundingDate\":\"2018-01-14\",\"vatID\":\"FR71834470973\",\"taxID\":\"83447097300043\",\"numberOfEmployees\":{\"@type\":\"QuantitativeValue\",\"minValue\":\"1\",\"maxValue\":\"10\"}},{\"@type\":\"Person\",\"@id\":\"https:\/\/dicodusport.fr\/blog\/#\/schema\/person\/627966a6cde45dbd8c5e36ac85d783da\",\"name\":\"S\u00e9bastien Gente\",\"image\":{\"@type\":\"ImageObject\",\"inLanguage\":\"fr-FR\",\"@id\":\"https:\/\/dicodusport.fr\/blog\/#\/schema\/person\/image\/\",\"url\":\"https:\/\/dicodusport.fr\/blog\/wp-content\/uploads\/2021\/09\/1510990_10205810251400683_4124423575079401707_n-150x150.jpg\",\"contentUrl\":\"https:\/\/dicodusport.fr\/blog\/wp-content\/uploads\/2021\/09\/1510990_10205810251400683_4124423575079401707_n-150x150.jpg\",\"caption\":\"S\u00e9bastien Gente\"},\"description\":\"John Stockton, Gianni Bugno, Zinedine Zidane, Steffi Graf, Frode Andresen, St\u00e9phane Stoecklin, Davis Kamoga, Primoz Peterka, Werner Schlager et Aur\u00e9lien Rougerie. Point commun entre ces sportifs? Ils m'ont fait r\u00eaver et ont berc\u00e9 mon adolescence. Je suis un fondu de sports et j'essaie de retranscrire ma passion \u00e0 travers mes articles. Originaire du P\u00e9rigord, ma passion pour les Girondins, les Jaunards et les Jazzmen transpire dans mes \u00e9crits. \u00c0 Dicodusport depuis 2021, je d\u00e9niche les sports m\u00e9connus dans lesquels la France brille, et il y en a !\",\"sameAs\":[\"https:\/\/www.facebook.com\/sebastien.gente\/\",\"https:\/\/www.instagram.com\/sebgente\/\",\"https:\/\/www.linkedin.com\/in\/sbastien-gente-a29583169\/\",\"https:\/\/x.com\/https:\/\/twitter.com\/globulo24\",\"SebastienGente\"],\"worksFor\":\"S\u00e9bastien GENTE\",\"url\":\"https:\/\/dicodusport.fr\/blog\/author\/sebastiengente\/\"}]}<\/script>\n<!-- \/ Yoast SEO Premium plugin. -->","yoast_head_json":{"title":"ATP : Le tournoi masculin de Lyon disparaitra de nouveau du calendrier en 2025","description":"CIRCUIT ATP - Le circuit masculin a annonc\u00e9 quelques ajustements pour le futur, dont la disparition d'un tournoi fran\u00e7ais, l'ATP 250 de Lyon, pour la deuxi\u00e8me fois.","robots":{"index":"index","follow":"follow","max-snippet":"max-snippet:-1","max-image-preview":"max-image-preview:large","max-video-preview":"max-video-preview:-1"},"canonical":"https:\/\/dicodusport.fr\/blog\/atp-le-tournoi-masculin-de-lyon-disparaitra-de-nouveau-du-calendrier-en-2025\/","og_locale":"fr_FR","og_type":"article","og_title":"ATP : Le tournoi masculin de Lyon disparaitra de nouveau du calendrier en 2025","og_description":"CIRCUIT ATP - Le circuit masculin a annonc\u00e9 quelques ajustements pour le futur, dont la disparition d'un tournoi fran\u00e7ais, l'ATP 250 de Lyon, pour la deuxi\u00e8me fois.","og_url":"https:\/\/dicodusport.fr\/blog\/atp-le-tournoi-masculin-de-lyon-disparaitra-de-nouveau-du-calendrier-en-2025\/","og_site_name":"Dicodusport","article_publisher":"https:\/\/www.facebook.com\/dicodusport","article_author":"https:\/\/www.facebook.com\/sebastien.gente\/","article_published_time":"2023-11-08T14:19:54+00:00","og_image":[{"width":800,"height":445,"url":"https:\/\/dicodusport.fr\/blog\/wp-content\/uploads\/2023\/11\/ATP-Le-tournoi-masculin-de-Lyon-disparaitra-de-nouveau-du-calendrier-en-2025.png","type":"image\/png"}],"author":"S\u00e9bastien Gente","twitter_card":"summary_large_image","twitter_title":"ATP : Le tournoi masculin de Lyon disparaitra de nouveau du calendrier en 2025","twitter_creator":"@https:\/\/twitter.com\/globulo24","twitter_site":"@dicodusport","schema":{"@context":"https:\/\/schema.org","@graph":[{"@type":"NewsArticle","@id":"https:\/\/dicodusport.fr\/blog\/atp-le-tournoi-masculin-de-lyon-disparaitra-de-nouveau-du-calendrier-en-2025\/#article","isPartOf":{"@id":"https:\/\/dicodusport.fr\/blog\/atp-le-tournoi-masculin-de-lyon-disparaitra-de-nouveau-du-calendrier-en-2025\/"},"author":{"name":"S\u00e9bastien Gente","@id":"https:\/\/dicodusport.fr\/blog\/#\/schema\/person\/627966a6cde45dbd8c5e36ac85d783da"},"headline":"ATP : Le tournoi masculin de Lyon disparaitra de nouveau du calendrier en 2025","datePublished":"2023-11-08T14:19:54+00:00","mainEntityOfPage":{"@id":"https:\/\/dicodusport.fr\/blog\/atp-le-tournoi-masculin-de-lyon-disparaitra-de-nouveau-du-calendrier-en-2025\/"},"wordCount":202,"commentCount":0,"publisher":{"@id":"https:\/\/dicodusport.fr\/blog\/#organization"},"image":{"@id":"https:\/\/dicodusport.fr\/blog\/atp-le-tournoi-masculin-de-lyon-disparaitra-de-nouveau-du-calendrier-en-2025\/#primaryimage"},"thumbnailUrl":"https:\/\/dicodusport.fr\/blog\/wp-content\/uploads\/2023\/11\/ATP-Le-tournoi-masculin-de-Lyon-disparaitra-de-nouveau-du-calendrier-en-2025.png","keywords":["ATP 250 Lyon","br\u00e8ve"],"articleSection":["Tennis"],"inLanguage":"fr-FR","potentialAction":[{"@type":"CommentAction","name":"Comment","target":["https:\/\/dicodusport.fr\/blog\/atp-le-tournoi-masculin-de-lyon-disparaitra-de-nouveau-du-calendrier-en-2025\/#respond"]}],"copyrightYear":"2023","copyrightHolder":{"@id":"https:\/\/dicodusport.fr\/blog\/#organization"}},{"@type":"WebPage","@id":"https:\/\/dicodusport.fr\/blog\/atp-le-tournoi-masculin-de-lyon-disparaitra-de-nouveau-du-calendrier-en-2025\/","url":"https:\/\/dicodusport.fr\/blog\/atp-le-tournoi-masculin-de-lyon-disparaitra-de-nouveau-du-calendrier-en-2025\/","name":"ATP : Le tournoi masculin de Lyon disparaitra de nouveau du calendrier en 2025","isPartOf":{"@id":"https:\/\/dicodusport.fr\/blog\/#website"},"primaryImageOfPage":{"@id":"https:\/\/dicodusport.fr\/blog\/atp-le-tournoi-masculin-de-lyon-disparaitra-de-nouveau-du-calendrier-en-2025\/#primaryimage"},"image":{"@id":"https:\/\/dicodusport.fr\/blog\/atp-le-tournoi-masculin-de-lyon-disparaitra-de-nouveau-du-calendrier-en-2025\/#primaryimage"},"thumbnailUrl":"https:\/\/dicodusport.fr\/blog\/wp-content\/uploads\/2023\/11\/ATP-Le-tournoi-masculin-de-Lyon-disparaitra-de-nouveau-du-calendrier-en-2025.png","datePublished":"2023-11-08T14:19:54+00:00","description":"CIRCUIT ATP - Le circuit masculin a annonc\u00e9 quelques ajustements pour le futur, dont la disparition d'un tournoi fran\u00e7ais, l'ATP 250 de Lyon, pour la deuxi\u00e8me fois.","breadcrumb":{"@id":"https:\/\/dicodusport.fr\/blog\/atp-le-tournoi-masculin-de-lyon-disparaitra-de-nouveau-du-calendrier-en-2025\/#breadcrumb"},"inLanguage":"fr-FR","potentialAction":[{"@type":"ReadAction","target":["https:\/\/dicodusport.fr\/blog\/atp-le-tournoi-masculin-de-lyon-disparaitra-de-nouveau-du-calendrier-en-2025\/"]}]},{"@type":"ImageObject","inLanguage":"fr-FR","@id":"https:\/\/dicodusport.fr\/blog\/atp-le-tournoi-masculin-de-lyon-disparaitra-de-nouveau-du-calendrier-en-2025\/#primaryimage","url":"https:\/\/dicodusport.fr\/blog\/wp-content\/uploads\/2023\/11\/ATP-Le-tournoi-masculin-de-Lyon-disparaitra-de-nouveau-du-calendrier-en-2025.png","contentUrl":"https:\/\/dicodusport.fr\/blog\/wp-content\/uploads\/2023\/11\/ATP-Le-tournoi-masculin-de-Lyon-disparaitra-de-nouveau-du-calendrier-en-2025.png","width":800,"height":445,"caption":"ATP Le tournoi masculin de Lyon disparaitra de nouveau du calendrier en 2025"},{"@type":"BreadcrumbList","@id":"https:\/\/dicodusport.fr\/blog\/atp-le-tournoi-masculin-de-lyon-disparaitra-de-nouveau-du-calendrier-en-2025\/#breadcrumb","itemListElement":[{"@type":"ListItem","position":1,"name":"Accueil","item":"https:\/\/dicodusport.fr\/blog\/"},{"@type":"ListItem","position":2,"name":"ATP : Le tournoi masculin de Lyon disparaitra de nouveau du calendrier en 2025"}]},{"@type":"WebSite","@id":"https:\/\/dicodusport.fr\/blog\/#website","url":"https:\/\/dicodusport.fr\/blog\/","name":"Dicodusport","description":"L&#039;encyclop\u00e9die de l&#039;actualit\u00e9 sportive","publisher":{"@id":"https:\/\/dicodusport.fr\/blog\/#organization"},"potentialAction":[{"@type":"SearchAction","target":{"@type":"EntryPoint","urlTemplate":"https:\/\/dicodusport.fr\/blog\/?s={search_term_string}"},"query-input":{"@type":"PropertyValueSpecification","valueRequired":true,"valueName":"search_term_string"}}],"inLanguage":"fr-FR"},{"@type":"NewsMediaOrganization","@id":"https:\/\/dicodusport.fr\/blog\/#organization","name":"Dicodusport","url":"https:\/\/dicodusport.fr\/blog\/","logo":{"@type":"ImageObject","inLanguage":"fr-FR","@id":"https:\/\/dicodusport.fr\/blog\/#\/schema\/logo\/image\/","url":"https:\/\/dicodusport.fr\/blog\/wp-content\/uploads\/2020\/06\/cropped-LOGO-DICODUSPORT-2020-SANS-FOND-SANS-TEXTE.png","contentUrl":"https:\/\/dicodusport.fr\/blog\/wp-content\/uploads\/2020\/06\/cropped-LOGO-DICODUSPORT-2020-SANS-FOND-SANS-TEXTE.png","width":512,"height":512,"caption":"Dicodusport"},"image":{"@id":"https:\/\/dicodusport.fr\/blog\/#\/schema\/logo\/image\/"},"sameAs":["https:\/\/www.facebook.com\/dicodusport","https:\/\/x.com\/dicodusport","https:\/\/www.instagram.com\/dicodusport\/","https:\/\/www.youtube.com\/channel\/UC7V2KZ5sd3htJivAbA4ZG3w"],"description":"Dicodusport est l'encyclop\u00e9die de l'actualit\u00e9 sportive.","email":"bonjour@dicodusport.fr","legalName":"DICODUSPORT","foundingDate":"2018-01-14","vatID":"FR71834470973","taxID":"83447097300043","numberOfEmployees":{"@type":"QuantitativeValue","minValue":"1","maxValue":"10"}},{"@type":"Person","@id":"https:\/\/dicodusport.fr\/blog\/#\/schema\/person\/627966a6cde45dbd8c5e36ac85d783da","name":"S\u00e9bastien Gente","image":{"@type":"ImageObject","inLanguage":"fr-FR","@id":"https:\/\/dicodusport.fr\/blog\/#\/schema\/person\/image\/","url":"https:\/\/dicodusport.fr\/blog\/wp-content\/uploads\/2021\/09\/1510990_10205810251400683_4124423575079401707_n-150x150.jpg","contentUrl":"https:\/\/dicodusport.fr\/blog\/wp-content\/uploads\/2021\/09\/1510990_10205810251400683_4124423575079401707_n-150x150.jpg","caption":"S\u00e9bastien Gente"},"description":"John Stockton, Gianni Bugno, Zinedine Zidane, Steffi Graf, Frode Andresen, St\u00e9phane Stoecklin, Davis Kamoga, Primoz Peterka, Werner Schlager et Aur\u00e9lien Rougerie. Point commun entre ces sportifs? Ils m'ont fait r\u00eaver et ont berc\u00e9 mon adolescence. Je suis un fondu de sports et j'essaie de retranscrire ma passion \u00e0 travers mes articles. Originaire du P\u00e9rigord, ma passion pour les Girondins, les Jaunards et les Jazzmen transpire dans mes \u00e9crits. \u00c0 Dicodusport depuis 2021, je d\u00e9niche les sports m\u00e9connus dans lesquels la France brille, et il y en a !","sameAs":["https:\/\/www.facebook.com\/sebastien.gente\/","https:\/\/www.instagram.com\/sebgente\/","https:\/\/www.linkedin.com\/in\/sbastien-gente-a29583169\/","https:\/\/x.com\/https:\/\/twitter.com\/globulo24","SebastienGente"],"worksFor":"S\u00e9bastien GENTE","url":"https:\/\/dicodusport.fr\/blog\/author\/sebastiengente\/"}]}},"_links":{"self":[{"href":"https:\/\/dicodusport.fr\/blog\/wp-json\/wp\/v2\/posts\/435722","targetHints":{"allow":["GET"]}}],"collection":[{"href":"https:\/\/dicodusport.fr\/blog\/wp-json\/wp\/v2\/posts"}],"about":[{"href":"https:\/\/dicodusport.fr\/blog\/wp-json\/wp\/v2\/types\/post"}],"author":[{"embeddable":true,"href":"https:\/\/dicodusport.fr\/blog\/wp-json\/wp\/v2\/users\/59"}],"replies":[{"embeddable":true,"href":"https:\/\/dicodusport.fr\/blog\/wp-json\/wp\/v2\/comments?post=435722"}],"version-history":[{"count":0,"href":"https:\/\/dicodusport.fr\/blog\/wp-json\/wp\/v2\/posts\/435722\/revisions"}],"wp:featuredmedia":[{"embeddable":true,"href":"https:\/\/dicodusport.fr\/blog\/wp-json\/wp\/v2\/media\/435723"}],"wp:attachment":[{"href":"https:\/\/dicodusport.fr\/blog\/wp-json\/wp\/v2\/media?parent=435722"}],"wp:term":[{"taxonomy":"category","embeddable":true,"href":"https:\/\/dicodusport.fr\/blog\/wp-json\/wp\/v2\/categories?post=435722"},{"taxonomy":"post_tag","embeddable":true,"href":"https:\/\/dicodusport.fr\/blog\/wp-json\/wp\/v2\/tags?post=435722"}],"curies":[{"name":"wp","href":"https:\/\/api.w.org\/{rel}","templated":true}]}}