{"id":43578,"date":"2019-07-21T16:02:07","date_gmt":"2019-07-21T14:02:07","guid":{"rendered":"http:\/\/dicodusport.fr\/blog\/?p=43578"},"modified":"2019-07-21T16:10:13","modified_gmt":"2019-07-21T14:10:13","slug":"wta-lausanne-fiona-ferro-s-impose-et-remporte-son-premier-titre","status":"publish","type":"post","link":"https:\/\/dicodusport.fr\/blog\/wta-lausanne-fiona-ferro-s-impose-et-remporte-son-premier-titre\/","title":{"rendered":"WTA Lausanne : Fiona Ferro s&rsquo;impose et remporte son premier titre"},"content":{"rendered":"<p style=\"text-align: justify;\"><strong><em>Tennis &#8211; Fiona Ferro, 22 ans, a remport\u00e9 son premier titre WTA ce dimanche, sur la terre battue de Lausanne. Elle a domin\u00e9 Aliz\u00e9e Cornet lors de la premi\u00e8re finale franco-fran\u00e7ais depuis 10 ans.<br \/>\n<\/em><\/strong><\/p>\n<p style=\"text-align: justify;\">Grande premi\u00e8re pour <strong>Fiona Ferro<\/strong>. La Fran\u00e7aise, n\u00e9e en Belgique, vient de s&rsquo;imposer pour la premi\u00e8re fois en finale d&rsquo;un tournoi WTA, en remportant le tournoi de Lausanne, en Suisse. Tombeuse de l&rsquo;Am\u00e9ricaine <strong>Bernarda Pera<\/strong> en demi-finale, <strong>Fiona Ferro<\/strong>, 98\u00e8me mondiale, a battu sa compatriote <strong>Aliz\u00e9e Cornet<\/strong> en finale en trois manches d\u00e9cousues (6-1, 2-6, 6-1) et 1h42 de jeu.<\/p>\n<blockquote class=\"twitter-tweet\">\n<p dir=\"ltr\" lang=\"fr\">1. <a href=\"https:\/\/twitter.com\/fioferro?ref_src=twsrc%5Etfw\">@fioferro<\/a> franchit les paliers semaines apr\u00e8s semaine. A Lausanne, dans une finale 100% fran\u00e7aise, Fiona Ferro a remport\u00e9 le premier titre de sa carri\u00e8re sur le circuit \u00ab\u00a0WTA. <a href=\"https:\/\/t.co\/WKm10lZWuR\">pic.twitter.com\/WKm10lZWuR<\/a><\/p>\n<p>\u2014 Jeu, Set et Maths (@JeuSetMaths) <a href=\"https:\/\/twitter.com\/JeuSetMaths\/status\/1152924889755652096?ref_src=twsrc%5Etfw\">July 21, 2019<\/a><\/p><\/blockquote>\n<p><script async src=\"https:\/\/platform.twitter.com\/widgets.js\" charset=\"utf-8\"><\/script><\/p>\n<p><strong><em>Dicodusport<br \/>\n<a href=\"https:\/\/www.facebook.com\/dicodusport\/\" target=\"_blank\" rel=\"noopener\"><img loading=\"lazy\" decoding=\"async\" class=\"alignnone wp-image-2909\" src=\"http:\/\/dicodusport.fr\/blog\/wp-content\/uploads\/2017\/07\/logo-facebook-150x150.png\" alt=\"\" width=\"40\" height=\"40\" \/><\/a><a href=\"https:\/\/twitter.com\/dicodusport\" target=\"_blank\" rel=\"noopener\"><img loading=\"lazy\" decoding=\"async\" class=\"alignnone wp-image-2908\" src=\"http:\/\/dicodusport.fr\/blog\/wp-content\/uploads\/2017\/07\/logo-twitter-150x150.png\" alt=\"\" width=\"39\" height=\"39\" \/><\/a><\/em><\/strong><\/p>\n","protected":false},"excerpt":{"rendered":"<p>Tennis &#8211; Fiona Ferro, 22 ans, a remport\u00e9 son premier titre WTA ce dimanche, sur la terre battue de Lausanne. Elle a domin\u00e9 Aliz\u00e9e Cornet lors de la premi\u00e8re finale franco-fran\u00e7ais depuis 10 ans.<\/p>\n","protected":false},"author":4,"featured_media":43579,"comment_status":"open","ping_status":"closed","sticky":false,"template":"","format":"standard","meta":{"_acf_changed":false,"_daextam_enable_autolinks":"","footnotes":""},"categories":[2302],"tags":[7937],"class_list":["post-43578","post","type-post","status-publish","format-standard","has-post-thumbnail","hentry","category-tennis","tag-fiona-ferro"],"acf":[],"yoast_head":"<!-- This site is optimized with the Yoast SEO Premium plugin v26.7 (Yoast SEO v26.7) - https:\/\/yoast.com\/wordpress\/plugins\/seo\/ -->\n<title>WTA Lausanne : Fiona Ferro s&#039;impose et remporte son premier titre<\/title>\n<meta name=\"description\" content=\"Tennis - Fiona Ferro, 22 ans, a remport\u00e9 son premier titre WTA ce dimanche, sur la terre battue de Lausanne. Elle a domin\u00e9 Aliz\u00e9e Cornet en finale.\" \/>\n<meta name=\"robots\" content=\"index, follow, max-snippet:-1, max-image-preview:large, max-video-preview:-1\" \/>\n<link rel=\"canonical\" href=\"https:\/\/dicodusport.fr\/blog\/wta-lausanne-fiona-ferro-s-impose-et-remporte-son-premier-titre\/\" \/>\n<meta property=\"og:locale\" content=\"fr_FR\" \/>\n<meta property=\"og:type\" content=\"article\" \/>\n<meta property=\"og:title\" content=\"WTA Lausanne : Fiona Ferro s&#039;impose et remporte son premier titre\" \/>\n<meta property=\"og:description\" content=\"Tennis - Fiona Ferro, 22 ans, a remport\u00e9 son premier titre WTA ce dimanche, sur la terre battue de Lausanne. Elle a domin\u00e9 Aliz\u00e9e Cornet en finale.\" \/>\n<meta property=\"og:url\" content=\"https:\/\/dicodusport.fr\/blog\/wta-lausanne-fiona-ferro-s-impose-et-remporte-son-premier-titre\/\" \/>\n<meta property=\"og:site_name\" content=\"Dicodusport\" \/>\n<meta property=\"article:publisher\" content=\"https:\/\/www.facebook.com\/dicodusport\" \/>\n<meta property=\"article:author\" content=\"https:\/\/www.facebook.com\/florent.ostermann\" \/>\n<meta property=\"article:published_time\" content=\"2019-07-21T14:02:07+00:00\" \/>\n<meta property=\"article:modified_time\" content=\"2019-07-21T14:10:13+00:00\" \/>\n<meta property=\"og:image\" content=\"https:\/\/dicodusport.fr\/blog\/wp-content\/uploads\/2019\/07\/Fiona-Ferro.png\" \/>\n\t<meta property=\"og:image:width\" content=\"800\" \/>\n\t<meta property=\"og:image:height\" content=\"445\" \/>\n\t<meta property=\"og:image:type\" content=\"image\/png\" \/>\n<meta name=\"author\" content=\"Flo Ostermann\" \/>\n<meta name=\"twitter:card\" content=\"summary_large_image\" \/>\n<meta name=\"twitter:title\" content=\"WTA Lausanne : Fiona Ferro s&#039;impose et remporte son premier titre\" \/>\n<meta name=\"twitter:creator\" content=\"@https:\/\/twitter.com\/FlOstermann\" \/>\n<meta name=\"twitter:site\" content=\"@dicodusport\" \/>\n<script type=\"application\/ld+json\" class=\"yoast-schema-graph\">{\"@context\":\"https:\/\/schema.org\",\"@graph\":[{\"@type\":\"NewsArticle\",\"@id\":\"https:\/\/dicodusport.fr\/blog\/wta-lausanne-fiona-ferro-s-impose-et-remporte-son-premier-titre\/#article\",\"isPartOf\":{\"@id\":\"https:\/\/dicodusport.fr\/blog\/wta-lausanne-fiona-ferro-s-impose-et-remporte-son-premier-titre\/\"},\"author\":{\"name\":\"Flo Ostermann\",\"@id\":\"https:\/\/dicodusport.fr\/blog\/#\/schema\/person\/cb02af4c173ce4a653b55e9baf388d4a\"},\"headline\":\"WTA Lausanne : Fiona Ferro s&rsquo;impose et remporte son premier titre\",\"datePublished\":\"2019-07-21T14:02:07+00:00\",\"dateModified\":\"2019-07-21T14:10:13+00:00\",\"mainEntityOfPage\":{\"@id\":\"https:\/\/dicodusport.fr\/blog\/wta-lausanne-fiona-ferro-s-impose-et-remporte-son-premier-titre\/\"},\"wordCount\":158,\"commentCount\":0,\"publisher\":{\"@id\":\"https:\/\/dicodusport.fr\/blog\/#organization\"},\"image\":{\"@id\":\"https:\/\/dicodusport.fr\/blog\/wta-lausanne-fiona-ferro-s-impose-et-remporte-son-premier-titre\/#primaryimage\"},\"thumbnailUrl\":\"https:\/\/dicodusport.fr\/blog\/wp-content\/uploads\/2019\/07\/Fiona-Ferro.png\",\"keywords\":[\"Fiona Ferro\"],\"articleSection\":[\"Tennis\"],\"inLanguage\":\"fr-FR\",\"potentialAction\":[{\"@type\":\"CommentAction\",\"name\":\"Comment\",\"target\":[\"https:\/\/dicodusport.fr\/blog\/wta-lausanne-fiona-ferro-s-impose-et-remporte-son-premier-titre\/#respond\"]}],\"copyrightYear\":\"2019\",\"copyrightHolder\":{\"@id\":\"https:\/\/dicodusport.fr\/blog\/#organization\"}},{\"@type\":\"WebPage\",\"@id\":\"https:\/\/dicodusport.fr\/blog\/wta-lausanne-fiona-ferro-s-impose-et-remporte-son-premier-titre\/\",\"url\":\"https:\/\/dicodusport.fr\/blog\/wta-lausanne-fiona-ferro-s-impose-et-remporte-son-premier-titre\/\",\"name\":\"WTA Lausanne : Fiona Ferro s'impose et remporte son premier titre\",\"isPartOf\":{\"@id\":\"https:\/\/dicodusport.fr\/blog\/#website\"},\"primaryImageOfPage\":{\"@id\":\"https:\/\/dicodusport.fr\/blog\/wta-lausanne-fiona-ferro-s-impose-et-remporte-son-premier-titre\/#primaryimage\"},\"image\":{\"@id\":\"https:\/\/dicodusport.fr\/blog\/wta-lausanne-fiona-ferro-s-impose-et-remporte-son-premier-titre\/#primaryimage\"},\"thumbnailUrl\":\"https:\/\/dicodusport.fr\/blog\/wp-content\/uploads\/2019\/07\/Fiona-Ferro.png\",\"datePublished\":\"2019-07-21T14:02:07+00:00\",\"dateModified\":\"2019-07-21T14:10:13+00:00\",\"description\":\"Tennis - Fiona Ferro, 22 ans, a remport\u00e9 son premier titre WTA ce dimanche, sur la terre battue de Lausanne. Elle a domin\u00e9 Aliz\u00e9e Cornet en finale.\",\"breadcrumb\":{\"@id\":\"https:\/\/dicodusport.fr\/blog\/wta-lausanne-fiona-ferro-s-impose-et-remporte-son-premier-titre\/#breadcrumb\"},\"inLanguage\":\"fr-FR\",\"potentialAction\":[{\"@type\":\"ReadAction\",\"target\":[\"https:\/\/dicodusport.fr\/blog\/wta-lausanne-fiona-ferro-s-impose-et-remporte-son-premier-titre\/\"]}]},{\"@type\":\"ImageObject\",\"inLanguage\":\"fr-FR\",\"@id\":\"https:\/\/dicodusport.fr\/blog\/wta-lausanne-fiona-ferro-s-impose-et-remporte-son-premier-titre\/#primaryimage\",\"url\":\"https:\/\/dicodusport.fr\/blog\/wp-content\/uploads\/2019\/07\/Fiona-Ferro.png\",\"contentUrl\":\"https:\/\/dicodusport.fr\/blog\/wp-content\/uploads\/2019\/07\/Fiona-Ferro.png\",\"width\":800,\"height\":445},{\"@type\":\"BreadcrumbList\",\"@id\":\"https:\/\/dicodusport.fr\/blog\/wta-lausanne-fiona-ferro-s-impose-et-remporte-son-premier-titre\/#breadcrumb\",\"itemListElement\":[{\"@type\":\"ListItem\",\"position\":1,\"name\":\"Accueil\",\"item\":\"https:\/\/dicodusport.fr\/blog\/\"},{\"@type\":\"ListItem\",\"position\":2,\"name\":\"WTA Lausanne : Fiona Ferro s&rsquo;impose et remporte son premier titre\"}]},{\"@type\":\"WebSite\",\"@id\":\"https:\/\/dicodusport.fr\/blog\/#website\",\"url\":\"https:\/\/dicodusport.fr\/blog\/\",\"name\":\"Dicodusport\",\"description\":\"L&#039;encyclop\u00e9die de l&#039;actualit\u00e9 sportive\",\"publisher\":{\"@id\":\"https:\/\/dicodusport.fr\/blog\/#organization\"},\"potentialAction\":[{\"@type\":\"SearchAction\",\"target\":{\"@type\":\"EntryPoint\",\"urlTemplate\":\"https:\/\/dicodusport.fr\/blog\/?s={search_term_string}\"},\"query-input\":{\"@type\":\"PropertyValueSpecification\",\"valueRequired\":true,\"valueName\":\"search_term_string\"}}],\"inLanguage\":\"fr-FR\"},{\"@type\":\"NewsMediaOrganization\",\"@id\":\"https:\/\/dicodusport.fr\/blog\/#organization\",\"name\":\"Dicodusport\",\"url\":\"https:\/\/dicodusport.fr\/blog\/\",\"logo\":{\"@type\":\"ImageObject\",\"inLanguage\":\"fr-FR\",\"@id\":\"https:\/\/dicodusport.fr\/blog\/#\/schema\/logo\/image\/\",\"url\":\"https:\/\/dicodusport.fr\/blog\/wp-content\/uploads\/2020\/06\/cropped-LOGO-DICODUSPORT-2020-SANS-FOND-SANS-TEXTE.png\",\"contentUrl\":\"https:\/\/dicodusport.fr\/blog\/wp-content\/uploads\/2020\/06\/cropped-LOGO-DICODUSPORT-2020-SANS-FOND-SANS-TEXTE.png\",\"width\":512,\"height\":512,\"caption\":\"Dicodusport\"},\"image\":{\"@id\":\"https:\/\/dicodusport.fr\/blog\/#\/schema\/logo\/image\/\"},\"sameAs\":[\"https:\/\/www.facebook.com\/dicodusport\",\"https:\/\/x.com\/dicodusport\",\"https:\/\/www.instagram.com\/dicodusport\/\",\"https:\/\/www.youtube.com\/channel\/UC7V2KZ5sd3htJivAbA4ZG3w\"],\"description\":\"Dicodusport est l'encyclop\u00e9die de l'actualit\u00e9 sportive.\",\"email\":\"bonjour@dicodusport.fr\",\"legalName\":\"DICODUSPORT\",\"foundingDate\":\"2018-01-14\",\"vatID\":\"FR71834470973\",\"taxID\":\"83447097300043\",\"numberOfEmployees\":{\"@type\":\"QuantitativeValue\",\"minValue\":\"1\",\"maxValue\":\"10\"}},{\"@type\":\"Person\",\"@id\":\"https:\/\/dicodusport.fr\/blog\/#\/schema\/person\/cb02af4c173ce4a653b55e9baf388d4a\",\"name\":\"Flo Ostermann\",\"image\":{\"@type\":\"ImageObject\",\"inLanguage\":\"fr-FR\",\"@id\":\"https:\/\/dicodusport.fr\/blog\/#\/schema\/person\/image\/\",\"url\":\"https:\/\/dicodusport.fr\/blog\/wp-content\/uploads\/2021\/05\/Flo-Ostermann-150x150.jpg\",\"contentUrl\":\"https:\/\/dicodusport.fr\/blog\/wp-content\/uploads\/2021\/05\/Flo-Ostermann-150x150.jpg\",\"caption\":\"Flo Ostermann\"},\"description\":\"Journaliste\/R\u00e9dacteur depuis septembre 2015 - Mes premiers souvenirs dans le sport ? Les envol\u00e9es du Stade Toulousain et les duels Villeneuve-Schumacher et H\u00e4kkinen-Schumacher \u00e0 la fin des ann\u00e9es 90, la Coupe du monde de football en 1998, l\u2019exploit du XV de France face aux All Blacks en 1999, mais aussi Richard C\u0153ur de Lion qui vole sur les montagnes du Tour de France. Bien parti pour devenir professeur d\u2019EPS, les \u00e9v\u00e9nements de la vie (et la flemme d\u2019animer des s\u00e9ances de 3x500 m\u00e8tres toute ma vie) m\u2019ont conduit \u00e0 revoir mes plans. Me voil\u00e0 depuis fin 2017 sur Dicodusport, m\u00e9dia gr\u00e2ce (et pour) lequel je partage ma passion : le sport dans tous ses \u00e9tats. Le tout accompagn\u00e9 par les fous furieux et folles furieuses cit\u00e9s sur cette page !\",\"sameAs\":[\"https:\/\/www.facebook.com\/florent.ostermann\",\"https:\/\/x.com\/https:\/\/twitter.com\/FlOstermann\",\"admin\"],\"url\":\"https:\/\/dicodusport.fr\/blog\/author\/flo\/\"}]}<\/script>\n<!-- \/ Yoast SEO Premium plugin. -->","yoast_head_json":{"title":"WTA Lausanne : Fiona Ferro s'impose et remporte son premier titre","description":"Tennis - Fiona Ferro, 22 ans, a remport\u00e9 son premier titre WTA ce dimanche, sur la terre battue de Lausanne. Elle a domin\u00e9 Aliz\u00e9e Cornet en finale.","robots":{"index":"index","follow":"follow","max-snippet":"max-snippet:-1","max-image-preview":"max-image-preview:large","max-video-preview":"max-video-preview:-1"},"canonical":"https:\/\/dicodusport.fr\/blog\/wta-lausanne-fiona-ferro-s-impose-et-remporte-son-premier-titre\/","og_locale":"fr_FR","og_type":"article","og_title":"WTA Lausanne : Fiona Ferro s'impose et remporte son premier titre","og_description":"Tennis - Fiona Ferro, 22 ans, a remport\u00e9 son premier titre WTA ce dimanche, sur la terre battue de Lausanne. Elle a domin\u00e9 Aliz\u00e9e Cornet en finale.","og_url":"https:\/\/dicodusport.fr\/blog\/wta-lausanne-fiona-ferro-s-impose-et-remporte-son-premier-titre\/","og_site_name":"Dicodusport","article_publisher":"https:\/\/www.facebook.com\/dicodusport","article_author":"https:\/\/www.facebook.com\/florent.ostermann","article_published_time":"2019-07-21T14:02:07+00:00","article_modified_time":"2019-07-21T14:10:13+00:00","og_image":[{"width":800,"height":445,"url":"https:\/\/dicodusport.fr\/blog\/wp-content\/uploads\/2019\/07\/Fiona-Ferro.png","type":"image\/png"}],"author":"Flo Ostermann","twitter_card":"summary_large_image","twitter_title":"WTA Lausanne : Fiona Ferro s'impose et remporte son premier titre","twitter_creator":"@https:\/\/twitter.com\/FlOstermann","twitter_site":"@dicodusport","schema":{"@context":"https:\/\/schema.org","@graph":[{"@type":"NewsArticle","@id":"https:\/\/dicodusport.fr\/blog\/wta-lausanne-fiona-ferro-s-impose-et-remporte-son-premier-titre\/#article","isPartOf":{"@id":"https:\/\/dicodusport.fr\/blog\/wta-lausanne-fiona-ferro-s-impose-et-remporte-son-premier-titre\/"},"author":{"name":"Flo Ostermann","@id":"https:\/\/dicodusport.fr\/blog\/#\/schema\/person\/cb02af4c173ce4a653b55e9baf388d4a"},"headline":"WTA Lausanne : Fiona Ferro s&rsquo;impose et remporte son premier titre","datePublished":"2019-07-21T14:02:07+00:00","dateModified":"2019-07-21T14:10:13+00:00","mainEntityOfPage":{"@id":"https:\/\/dicodusport.fr\/blog\/wta-lausanne-fiona-ferro-s-impose-et-remporte-son-premier-titre\/"},"wordCount":158,"commentCount":0,"publisher":{"@id":"https:\/\/dicodusport.fr\/blog\/#organization"},"image":{"@id":"https:\/\/dicodusport.fr\/blog\/wta-lausanne-fiona-ferro-s-impose-et-remporte-son-premier-titre\/#primaryimage"},"thumbnailUrl":"https:\/\/dicodusport.fr\/blog\/wp-content\/uploads\/2019\/07\/Fiona-Ferro.png","keywords":["Fiona Ferro"],"articleSection":["Tennis"],"inLanguage":"fr-FR","potentialAction":[{"@type":"CommentAction","name":"Comment","target":["https:\/\/dicodusport.fr\/blog\/wta-lausanne-fiona-ferro-s-impose-et-remporte-son-premier-titre\/#respond"]}],"copyrightYear":"2019","copyrightHolder":{"@id":"https:\/\/dicodusport.fr\/blog\/#organization"}},{"@type":"WebPage","@id":"https:\/\/dicodusport.fr\/blog\/wta-lausanne-fiona-ferro-s-impose-et-remporte-son-premier-titre\/","url":"https:\/\/dicodusport.fr\/blog\/wta-lausanne-fiona-ferro-s-impose-et-remporte-son-premier-titre\/","name":"WTA Lausanne : Fiona Ferro s'impose et remporte son premier titre","isPartOf":{"@id":"https:\/\/dicodusport.fr\/blog\/#website"},"primaryImageOfPage":{"@id":"https:\/\/dicodusport.fr\/blog\/wta-lausanne-fiona-ferro-s-impose-et-remporte-son-premier-titre\/#primaryimage"},"image":{"@id":"https:\/\/dicodusport.fr\/blog\/wta-lausanne-fiona-ferro-s-impose-et-remporte-son-premier-titre\/#primaryimage"},"thumbnailUrl":"https:\/\/dicodusport.fr\/blog\/wp-content\/uploads\/2019\/07\/Fiona-Ferro.png","datePublished":"2019-07-21T14:02:07+00:00","dateModified":"2019-07-21T14:10:13+00:00","description":"Tennis - Fiona Ferro, 22 ans, a remport\u00e9 son premier titre WTA ce dimanche, sur la terre battue de Lausanne. Elle a domin\u00e9 Aliz\u00e9e Cornet en finale.","breadcrumb":{"@id":"https:\/\/dicodusport.fr\/blog\/wta-lausanne-fiona-ferro-s-impose-et-remporte-son-premier-titre\/#breadcrumb"},"inLanguage":"fr-FR","potentialAction":[{"@type":"ReadAction","target":["https:\/\/dicodusport.fr\/blog\/wta-lausanne-fiona-ferro-s-impose-et-remporte-son-premier-titre\/"]}]},{"@type":"ImageObject","inLanguage":"fr-FR","@id":"https:\/\/dicodusport.fr\/blog\/wta-lausanne-fiona-ferro-s-impose-et-remporte-son-premier-titre\/#primaryimage","url":"https:\/\/dicodusport.fr\/blog\/wp-content\/uploads\/2019\/07\/Fiona-Ferro.png","contentUrl":"https:\/\/dicodusport.fr\/blog\/wp-content\/uploads\/2019\/07\/Fiona-Ferro.png","width":800,"height":445},{"@type":"BreadcrumbList","@id":"https:\/\/dicodusport.fr\/blog\/wta-lausanne-fiona-ferro-s-impose-et-remporte-son-premier-titre\/#breadcrumb","itemListElement":[{"@type":"ListItem","position":1,"name":"Accueil","item":"https:\/\/dicodusport.fr\/blog\/"},{"@type":"ListItem","position":2,"name":"WTA Lausanne : Fiona Ferro s&rsquo;impose et remporte son premier titre"}]},{"@type":"WebSite","@id":"https:\/\/dicodusport.fr\/blog\/#website","url":"https:\/\/dicodusport.fr\/blog\/","name":"Dicodusport","description":"L&#039;encyclop\u00e9die de l&#039;actualit\u00e9 sportive","publisher":{"@id":"https:\/\/dicodusport.fr\/blog\/#organization"},"potentialAction":[{"@type":"SearchAction","target":{"@type":"EntryPoint","urlTemplate":"https:\/\/dicodusport.fr\/blog\/?s={search_term_string}"},"query-input":{"@type":"PropertyValueSpecification","valueRequired":true,"valueName":"search_term_string"}}],"inLanguage":"fr-FR"},{"@type":"NewsMediaOrganization","@id":"https:\/\/dicodusport.fr\/blog\/#organization","name":"Dicodusport","url":"https:\/\/dicodusport.fr\/blog\/","logo":{"@type":"ImageObject","inLanguage":"fr-FR","@id":"https:\/\/dicodusport.fr\/blog\/#\/schema\/logo\/image\/","url":"https:\/\/dicodusport.fr\/blog\/wp-content\/uploads\/2020\/06\/cropped-LOGO-DICODUSPORT-2020-SANS-FOND-SANS-TEXTE.png","contentUrl":"https:\/\/dicodusport.fr\/blog\/wp-content\/uploads\/2020\/06\/cropped-LOGO-DICODUSPORT-2020-SANS-FOND-SANS-TEXTE.png","width":512,"height":512,"caption":"Dicodusport"},"image":{"@id":"https:\/\/dicodusport.fr\/blog\/#\/schema\/logo\/image\/"},"sameAs":["https:\/\/www.facebook.com\/dicodusport","https:\/\/x.com\/dicodusport","https:\/\/www.instagram.com\/dicodusport\/","https:\/\/www.youtube.com\/channel\/UC7V2KZ5sd3htJivAbA4ZG3w"],"description":"Dicodusport est l'encyclop\u00e9die de l'actualit\u00e9 sportive.","email":"bonjour@dicodusport.fr","legalName":"DICODUSPORT","foundingDate":"2018-01-14","vatID":"FR71834470973","taxID":"83447097300043","numberOfEmployees":{"@type":"QuantitativeValue","minValue":"1","maxValue":"10"}},{"@type":"Person","@id":"https:\/\/dicodusport.fr\/blog\/#\/schema\/person\/cb02af4c173ce4a653b55e9baf388d4a","name":"Flo Ostermann","image":{"@type":"ImageObject","inLanguage":"fr-FR","@id":"https:\/\/dicodusport.fr\/blog\/#\/schema\/person\/image\/","url":"https:\/\/dicodusport.fr\/blog\/wp-content\/uploads\/2021\/05\/Flo-Ostermann-150x150.jpg","contentUrl":"https:\/\/dicodusport.fr\/blog\/wp-content\/uploads\/2021\/05\/Flo-Ostermann-150x150.jpg","caption":"Flo Ostermann"},"description":"Journaliste\/R\u00e9dacteur depuis septembre 2015 - Mes premiers souvenirs dans le sport ? Les envol\u00e9es du Stade Toulousain et les duels Villeneuve-Schumacher et H\u00e4kkinen-Schumacher \u00e0 la fin des ann\u00e9es 90, la Coupe du monde de football en 1998, l\u2019exploit du XV de France face aux All Blacks en 1999, mais aussi Richard C\u0153ur de Lion qui vole sur les montagnes du Tour de France. Bien parti pour devenir professeur d\u2019EPS, les \u00e9v\u00e9nements de la vie (et la flemme d\u2019animer des s\u00e9ances de 3x500 m\u00e8tres toute ma vie) m\u2019ont conduit \u00e0 revoir mes plans. Me voil\u00e0 depuis fin 2017 sur Dicodusport, m\u00e9dia gr\u00e2ce (et pour) lequel je partage ma passion : le sport dans tous ses \u00e9tats. Le tout accompagn\u00e9 par les fous furieux et folles furieuses cit\u00e9s sur cette page !","sameAs":["https:\/\/www.facebook.com\/florent.ostermann","https:\/\/x.com\/https:\/\/twitter.com\/FlOstermann","admin"],"url":"https:\/\/dicodusport.fr\/blog\/author\/flo\/"}]}},"_links":{"self":[{"href":"https:\/\/dicodusport.fr\/blog\/wp-json\/wp\/v2\/posts\/43578","targetHints":{"allow":["GET"]}}],"collection":[{"href":"https:\/\/dicodusport.fr\/blog\/wp-json\/wp\/v2\/posts"}],"about":[{"href":"https:\/\/dicodusport.fr\/blog\/wp-json\/wp\/v2\/types\/post"}],"author":[{"embeddable":true,"href":"https:\/\/dicodusport.fr\/blog\/wp-json\/wp\/v2\/users\/4"}],"replies":[{"embeddable":true,"href":"https:\/\/dicodusport.fr\/blog\/wp-json\/wp\/v2\/comments?post=43578"}],"version-history":[{"count":0,"href":"https:\/\/dicodusport.fr\/blog\/wp-json\/wp\/v2\/posts\/43578\/revisions"}],"wp:featuredmedia":[{"embeddable":true,"href":"https:\/\/dicodusport.fr\/blog\/wp-json\/wp\/v2\/media\/43579"}],"wp:attachment":[{"href":"https:\/\/dicodusport.fr\/blog\/wp-json\/wp\/v2\/media?parent=43578"}],"wp:term":[{"taxonomy":"category","embeddable":true,"href":"https:\/\/dicodusport.fr\/blog\/wp-json\/wp\/v2\/categories?post=43578"},{"taxonomy":"post_tag","embeddable":true,"href":"https:\/\/dicodusport.fr\/blog\/wp-json\/wp\/v2\/tags?post=43578"}],"curies":[{"name":"wp","href":"https:\/\/api.w.org\/{rel}","templated":true}]}}